{"id":294966,"date":"2024-01-10T13:19:12","date_gmt":"2024-01-10T09:19:12","guid":{"rendered":"https:\/\/www.meydan.tv\/?p=294966"},"modified":"2024-01-10T13:19:16","modified_gmt":"2024-01-10T09:19:16","slug":"fransa-vetendasinin-derhal-azad-olunmasini-isteyir","status":"publish","type":"post","link":"https:\/\/www.meydan.tv\/az\/article\/fransa-vetendasinin-derhal-azad-olunmasini-isteyir\/","title":{"rendered":"Fransa v\u0259t\u0259nda\u015f\u0131n\u0131n d\u0259rhal azad olunmas\u0131n\u0131 ist\u0259yir"},"content":{"rendered":"\n<p><\/p>\n\n\n\n<p>\u201c<strong><em>Fransan\u0131n Bak\u0131dak\u0131 s\u0259firliyi konsulluq m\u00fchafiz\u0259si \u00e7\u0259r\u00e7iv\u0259sind\u0259 soyda\u015f\u0131m\u0131za iki d\u0259f\u0259 ba\u015f \u00e7\u0259k\u0259 bilib\u201d<\/em><\/strong><\/p>\n\n\n\n<p>R\u0259smi Paris Az\u0259rbaycan\u0131n Fransa v\u0259t\u0259nda\u015f\u0131n\u0131 qanunsuz v\u0259 \u00f6zba\u015f\u0131na saxlad\u0131\u011f\u0131n\u0131 deyib v\u0259 v\u0259t\u0259nda\u015f\u0131n\u0131n d\u0259rhal azad edilm\u0259sini t\u0259l\u0259b edib.<\/p>\n\n\n\n<p>S\u00f6hb\u0259t Fransa v\u0259t\u0259nda\u015f\u0131 Martin Rayan\u0131n Az\u0259rbaycanda casusluq ittiham\u0131 il\u0259 h\u0259bs edilm\u0259sind\u0259n gedir. Bu bar\u0259d\u0259 Az\u0259rbaycan\u0131n Fransadak\u0131 s\u0259firi Leyla Abdullayeva m\u0259lumat vermi\u015fdi.<\/p>\n\n\n\n<p>Bildirmi\u015fdi ki, Martin Rayan casusluqda \u015f\u00fcbh\u0259li bilin\u0259r\u0259k h\u0259bs edilib.<\/p>\n\n\n\n<p>\u201cReuters\u201d Fransa Xarici \u0130\u015fl\u0259r Nazirliyinin bu bar\u0259d\u0259ki <a href=\"https:\/\/www.reuters.com\/world\/french-national-held-azerbaijan-suspected-espionage-2024-01-09\/\">b\u0259yanat\u0131n\u0131<\/a> d\u0259rc edib.<\/p>\n\n\n<div class=\"wp-block-image\">\n<figure class=\"aligncenter size-full\"><img decoding=\"async\" width=\"1200\" height=\"770\" data-src=\"https:\/\/www.meydan.tv\/wp-content\/uploads\/shutterstock_725613790.jpg\" alt=\"\" class=\"wp-image-246172 lazyload\" src=\"data:image\/svg+xml;base64,PHN2ZyB3aWR0aD0iMSIgaGVpZ2h0PSIxIiB4bWxucz0iaHR0cDovL3d3dy53My5vcmcvMjAwMC9zdmciPjwvc3ZnPg==\" style=\"--smush-placeholder-width: 1200px; --smush-placeholder-aspect-ratio: 1200\/770;\" \/><figcaption class=\"wp-element-caption\">Fransa Xarici \u0130\u015fl\u0259r Nazirliyi. M\u0259nb\u0259: Petr Kovalenkov\/shutterstock<\/figcaption><\/figure>\n<\/div>\n\n\n<p>Sayt yaz\u0131r ki, iki \u00f6lk\u0259 aras\u0131nda \u0259laq\u0259l\u0259r son aylarda g\u0259rginl\u0259\u015fib v\u0259 sentyabrda Az\u0259rbaycan\u0131n Da\u011fl\u0131q Qaraba\u011f b\u00f6lg\u0259sin\u0259 n\u0259zar\u0259ti \u0259l\u0259 ke\u00e7irm\u0259sind\u0259n sonra daha da pisl\u0259\u015fib.<\/p>\n\n\n\n<p>Az\u0259rbaycan\u0131n Fransadak\u0131 s\u0259firi Leyla Abdullayeva yanvar\u0131n 9-da \u201cReuters\u201d agentliyin\u0259 bildirib ki, Fransa v\u0259t\u0259nda\u015f\u0131 Martin Rayan dekabr\u0131n 4-d\u0259 \u201ccasusluq h\u0259r\u0259k\u0259tl\u0259ri etm\u0259kd\u0259 \u015f\u00fcbh\u0259li bilin\u0259r\u0259k\u201d h\u0259bs edilib.<\/p>\n\n\n\n<p>Fransa Xarici \u0130\u015fl\u0259r Nazirliyi d\u0259 v\u0259t\u0259nda\u015f\u0131n\u0131n h\u0259bs olundu\u011funu t\u0259sdiql\u0259yib. Bildirib ki, onun ail\u0259si il\u0259 s\u0131x \u0259laq\u0259 saxlay\u0131rlar:<\/p>\n\n\n\n<p><em>\u201cFransan\u0131n Bak\u0131dak\u0131 s\u0259firliyi konsulluq m\u00fchafiz\u0259si \u00e7\u0259r\u00e7iv\u0259sind\u0259 soyda\u015f\u0131m\u0131za iki d\u0259f\u0259 ba\u015f \u00e7\u0259k\u0259 bilib\u201d, &#8211; <\/em>dey\u0259 nazirlik bildirib. \u018flav\u0259 edib ki, onunla yenid\u0259n g\u00f6r\u00fc\u015fm\u0259k \u00fc\u00e7\u00fcn m\u00fcraci\u0259t edildiyi bildirilib.<\/p>\n\n\n<div class=\"wp-block-image\">\n<figure class=\"alignleft size-full is-resized\"><img decoding=\"async\" width=\"1200\" height=\"600\" data-src=\"https:\/\/www.meydan.tv\/wp-content\/uploads\/leylajpg-1600692478-e1666008644519.jpg\" alt=\"\" class=\"wp-image-258459 lazyload\" style=\"--smush-placeholder-width: 1200px; --smush-placeholder-aspect-ratio: 1200\/600;width:451px;height:auto\" src=\"data:image\/svg+xml;base64,PHN2ZyB3aWR0aD0iMSIgaGVpZ2h0PSIxIiB4bWxucz0iaHR0cDovL3d3dy53My5vcmcvMjAwMC9zdmciPjwvc3ZnPg==\" \/><figcaption class=\"wp-element-caption\">Leyla Abdullayeva. Foto: X\u0130N<\/figcaption><\/figure>\n<\/div>\n\n\n<p><em>\u201cBu h\u0259bsi \u00f6zba\u015f\u0131nal\u0131q hesab edir v\u0259 h\u0259myerlimizin d\u0259rhal azad edilm\u0259sini t\u0259l\u0259b edirik\u201d.<\/em><\/p>\n\n\n\n<p>Leyla Abdullayeva is\u0259 <a href=\"https:\/\/storage.googleapis.com\/qurium\/www.meydan.tv\/az-article-sefir-fransa-vetendasinin-bakida-saxlanildigini-tesdiqleyib.html\">bildirib<\/a> ki, Az\u0259rbaycandak\u0131 h\u00fcquqi orqanlar Rayan\u0131n ilkin olaraq 4 ay h\u0259bsd\u0259 saxlanmas\u0131na g\u00f6st\u0259ri\u015f verib v\u0259 h\u0259bsl\u0259 ba\u011fl\u0131 Fransa s\u0259firliyin\u0259 m\u0259lumat verilib.<\/p>\n\n\n\n<p>Dekabr\u0131n 26-da Bak\u0131 iki fransal\u0131 diplomat\u0131 diplomatik statuslar\u0131na uy\u011fun olmayan h\u0259r\u0259k\u0259t etdikl\u0259rini bildir\u0259r\u0259k \u00f6lk\u0259d\u0259n \u00e7\u0131xar\u0131b.<\/p>\n\n\n\n<p>Az\u0259rbaycan\u0131n iddialar\u0131n\u0131 t\u0259kzib ed\u0259n Fransa Xarici \u0130\u015fl\u0259r Nazirliyi ert\u0259si g\u00fcn Leyla Abdullayevan\u0131 \u00e7a\u011f\u0131r\u0131b v\u0259 cavab olaraq iki az\u0259rbaycanl\u0131 diplomat\u0131 \u00f6lk\u0259d\u0259n \u00e7\u0131xaraca\u011f\u0131n\u0131 bildirib.<\/p>\n\n\n\n<p>Az\u0259rbaycan Xarici \u0130\u015fl\u0259r Nazirliyi 4 dekabrda h\u0259bs olunan Fransa v\u0259t\u0259nda\u015f\u0131 Martin Rayan\u0131n Cinay\u0259t M\u0259c\u0259ll\u0259sinin 276-c\u0131 madd\u0259si (casusluq) il\u0259 ittiham olundu\u011funu a\u00e7\u0131qlay\u0131b.<\/p>\n\n\n\n<p>Bu bar\u0259d\u0259 nazirliyin M\u0259tbuat \u0130dar\u0259sinin r\u0259isi Ayxan Hac\u0131zad\u0259 deyib ki, Martin Rayan n\u0259z\u0259rd\u0259 tutulmu\u015f \u0259m\u0259lin t\u00f6r\u0259dilm\u0259sind\u0259 \u015f\u00fcbh\u0259li bilin\u0259r\u0259k tutulub:<\/p>\n\n\n\n<p>&#8220;<em>Daha sonra, onun bar\u0259sind\u0259 m\u0259hk\u0259m\u0259 q\u0259rar\u0131 il\u0259 4 ay m\u00fcdd\u0259tin\u0259 h\u0259bs q\u0259timkan t\u0259dbiri se\u00e7ilib&#8221;.<\/em><\/p>\n\n\n\n<p>Ayxan Hac\u0131zad\u0259 Martin Rayan\u0131n \u0259sass\u0131z olaraq tutulmas\u0131 bar\u0259d\u0259 Fransan\u0131n Avropa v\u0259 Xarici \u0130\u015fl\u0259r Nazirliyinin iddialar\u0131n\u0131 \u0259sass\u0131z say\u0131r:<\/p>\n\n\n\n<p><em>&#8220;Bu \u0259sass\u0131z b\u0259yanat reall\u0131\u011f\u0131n t\u0259hrif olunmas\u0131, Az\u0259rbaycan\u0131n daxili i\u015fl\u0259rin\u0259 v\u0259 qanuni t\u0259hqiqat prosesin\u0259 n\u00f6vb\u0259ti m\u00fcdaxil\u0259 c\u0259hdidir&#8221;<\/em>.<\/p>\n\n\n<div class=\"wp-block-image\">\n<figure class=\"alignright size-full is-resized\"><img decoding=\"async\" width=\"923\" height=\"630\" data-src=\"https:\/\/www.meydan.tv\/wp-content\/uploads\/16743185206339931040_1200x630.jpg\" alt=\"\" class=\"wp-image-268568 lazyload\" style=\"--smush-placeholder-width: 923px; --smush-placeholder-aspect-ratio: 923\/630;width:371px;height:auto\" src=\"data:image\/svg+xml;base64,PHN2ZyB3aWR0aD0iMSIgaGVpZ2h0PSIxIiB4bWxucz0iaHR0cDovL3d3dy53My5vcmcvMjAwMC9zdmciPjwvc3ZnPg==\" \/><figcaption class=\"wp-element-caption\">Ayxan Hac\u0131zad\u0259. Foto: &#8220;azertag.az&#8221;<\/figcaption><\/figure>\n<\/div>\n\n\n<p>&#8220;<em>Az\u0259rbaycan Martin Rayan bar\u0259sind\u0259 t\u0259dbirl\u0259r g\u00f6r\u0259rk\u0259n milli qanunvericiliy\u0259 v\u0259 beyn\u0259lxalq \u00f6hd\u0259likl\u0259r\u0259 tam olaraq \u0259m\u0259l edib. \u015e\u00fcbh\u0259li bilin\u0259n \u015f\u0259xs tutulandan etibar\u0259n Fransa s\u0259firliyinin konsulluq \u0259m\u0259kda\u015flar\u0131 ona bir ne\u00e7\u0259 d\u0259f\u0259 ba\u015f \u00e7\u0259kib v\u0259 onlar cinay\u0259t i\u015find\u0259n tam m\u0259lumatl\u0131d\u0131rlar&#8221;,-<\/em> dey\u0259 Hac\u0131zad\u0259 \u0259lav\u0259 edib.<\/p>\n\n\n\n<p>X\u0130N r\u0259smisi qeyd edib ki, Fransa s\u0259firliyinin iki \u0259m\u0259kda\u015f\u0131 il\u0259 i\u015fbirliyi haqda m\u0259s\u0259l\u0259nin ara\u015fd\u0131r\u0131lmas\u0131 m\u0259qs\u0259dil\u0259 Fransan\u0131n Az\u0259rbaycandak\u0131 s\u0259firliyin\u0259 verbal nota \u00fcnvanlamas\u0131na baxmayaraq, qar\u015f\u0131 t\u0259r\u0259f h\u0259r hans\u0131 bir izahat verm\u0259kd\u0259n v\u0259 istintaqla \u0259m\u0259kda\u015fl\u0131qdan imtina edib:<\/p>\n\n\n\n<p>&#8220;<em>Bununla \u0259laq\u0259dar, s\u0259firliyin bu iki \u0259m\u0259kda\u015f\u0131 Az\u0259rbaycan t\u0259r\u0259find\u0259n arzuolunmaz \u015f\u0259xs elan edilibl\u0259r&#8221;.<\/em><\/p>\n\n\n\n<p>A.Hac\u0131zad\u0259 r\u0259smi Paris\u0259 \u00e7a\u011f\u0131r\u0131\u015f edib:<\/p>\n\n\n\n<p>&#8220;<em>Biz bir daha, Fransa t\u0259r\u0259fini Az\u0259rbaycan\u0131n daxili i\u015fl\u0259rin\u0259 v\u0259 qeyd olunan t\u0259hqiqat t\u0259dbirl\u0259rin\u0259 m\u00fcdaxil\u0259ni dayand\u0131rma\u011fa \u015fidd\u0259tl\u0259 <\/em><a href=\"https:\/\/mfa.gov.az\/az\/news\/no00124\"><em>\u00e7a\u011f\u0131r\u0131r\u0131q&#8221;<\/em><\/a>.<\/p>\n\n\n\n<p>Martin Rayan Bak\u0131da biznesl\u0259 m\u0259\u015f\u011ful olan Fransa v\u0259t\u0259nda\u015f\u0131d\u0131r, \u201cMercorama LC\u201dnin ba\u015f direktorudur. O, ona qar\u015f\u0131 ir\u0259li s\u00fcr\u00fcl\u0259n casusluq ittihamlar\u0131n\u0131 q\u0259ti \u015f\u0259kild\u0259 r\u0259dd edir.<\/p>\n\n\n\n<p>V\u0259kili Nizami \u018fliyev &#8220;Turan&#8221;a Martin Rayan\u0131n\u00a0 dekabr\u0131n 4-d\u0259 h\u0259bs olundu\u011funu deyib. <\/p>\n\n\n\n<p><em>&#8220;Martin Rayan \u00f6z\u00fcn\u00fc t\u0259qsirli bilmir. Sad\u0259c\u0259 olaraq, Fransa x\u00fcsusi xidm\u0259t orqanlar\u0131n\u0131n \u0259m\u0259kda\u015flar\u0131 t\u0259r\u0259find\u0259n aldad\u0131l\u0131b&#8221;<\/em>.<\/p>\n\n\n\n<p><\/p>\n","protected":false},"excerpt":{"rendered":"<p>\u201cFransan\u0131n Bak\u0131dak\u0131 s\u0259firliyi konsulluq m\u00fchafiz\u0259si \u00e7\u0259r\u00e7iv\u0259sind\u0259 soyda\u015f\u0131m\u0131za iki d\u0259f\u0259 ba\u015f &#8230; <\/p>\n<p class=\"read-more-container\"><a title=\"Fransa v\u0259t\u0259nda\u015f\u0131n\u0131n d\u0259rhal azad olunmas\u0131n\u0131 ist\u0259yir\" class=\"read-more button\" href=\"https:\/\/www.meydan.tv\/az\/article\/fransa-vetendasinin-derhal-azad-olunmasini-isteyir\/#more-294966\" aria-label=\"Read more about Fransa v\u0259t\u0259nda\u015f\u0131n\u0131n d\u0259rhal azad olunmas\u0131n\u0131 ist\u0259yir\">Davam\u0131<\/a><\/p>\n","protected":false},"author":8,"featured_media":261060,"comment_status":"closed","ping_status":"closed","sticky":false,"template":"","format":"standard","meta":{"_acf_changed":false,"_sitemap_exclude":false,"_sitemap_priority":"","_sitemap_frequency":"","footnotes":""},"categories":[59,79,56],"tags":[],"class_list":["post-294966","post","type-post","status-publish","format-standard","has-post-thumbnail","hentry","category-siyaset","category-featured","category-xeberler","infinite-scroll-item","generate-columns","tablet-grid-50","mobile-grid-100","grid-parent","grid-33","no-featured-image-padding"],"acf":[],"yoast_head":"<!-- This site is optimized with the Yoast SEO plugin v27.4 - https:\/\/yoast.com\/product\/yoast-seo-wordpress\/ -->\n<title>Fransa v\u0259t\u0259nda\u015f\u0131n\u0131n d\u0259rhal azad olunmas\u0131n\u0131 ist\u0259yir - MEYDAN.TV<\/title>\n<meta name=\"robots\" content=\"index, follow, max-snippet:-1, max-image-preview:large, max-video-preview:-1\" \/>\n<link rel=\"canonical\" href=\"https:\/\/www.meydan.tv\/az\/article\/fransa-vetendasinin-derhal-azad-olunmasini-isteyir\/\" \/>\n<meta property=\"og:locale\" content=\"az_AZ\" \/>\n<meta property=\"og:type\" content=\"article\" \/>\n<meta property=\"og:title\" content=\"Fransa v\u0259t\u0259nda\u015f\u0131n\u0131n d\u0259rhal azad olunmas\u0131n\u0131 ist\u0259yir - MEYDAN.TV\" \/>\n<meta property=\"og:description\" content=\"\u201cFransan\u0131n Bak\u0131dak\u0131 s\u0259firliyi konsulluq m\u00fchafiz\u0259si \u00e7\u0259r\u00e7iv\u0259sind\u0259 soyda\u015f\u0131m\u0131za iki d\u0259f\u0259 ba\u015f ... Davam\u0131\" \/>\n<meta property=\"og:url\" content=\"https:\/\/www.meydan.tv\/az\/article\/fransa-vetendasinin-derhal-azad-olunmasini-isteyir\/\" \/>\n<meta property=\"og:site_name\" content=\"MEYDAN.TV\" \/>\n<meta property=\"article:published_time\" content=\"2024-01-10T09:19:12+00:00\" \/>\n<meta property=\"article:modified_time\" content=\"2024-01-10T09:19:16+00:00\" \/>\n<meta property=\"og:image\" content=\"https:\/\/www.meydan.tv\/wp-content\/uploads\/shutterstock_1476399065.jpg\" \/>\n\t<meta property=\"og:image:width\" content=\"1200\" \/>\n\t<meta property=\"og:image:height\" content=\"399\" \/>\n\t<meta property=\"og:image:type\" content=\"image\/jpeg\" \/>\n<meta name=\"author\" content=\"elli\" \/>\n<meta name=\"twitter:card\" content=\"summary_large_image\" \/>\n<meta name=\"twitter:creator\" content=\"@elli\" \/>\n<script type=\"application\/ld+json\" class=\"yoast-schema-graph\">{\"@context\":\"https:\\\/\\\/schema.org\",\"@graph\":[{\"@type\":\"Article\",\"@id\":\"https:\\\/\\\/www.meydan.tv\\\/az\\\/article\\\/fransa-vetendasinin-derhal-azad-olunmasini-isteyir\\\/#article\",\"isPartOf\":{\"@id\":\"https:\\\/\\\/www.meydan.tv\\\/az\\\/article\\\/fransa-vetendasinin-derhal-azad-olunmasini-isteyir\\\/\"},\"author\":{\"name\":\"elli\",\"@id\":\"https:\\\/\\\/www.meydan.tv\\\/az\\\/#\\\/schema\\\/person\\\/9cdbecf90d17180ce1dfbd95b08dcf47\"},\"headline\":\"Fransa v\u0259t\u0259nda\u015f\u0131n\u0131n d\u0259rhal azad olunmas\u0131n\u0131 ist\u0259yir\",\"datePublished\":\"2024-01-10T09:19:12+00:00\",\"dateModified\":\"2024-01-10T09:19:16+00:00\",\"mainEntityOfPage\":{\"@id\":\"https:\\\/\\\/www.meydan.tv\\\/az\\\/article\\\/fransa-vetendasinin-derhal-azad-olunmasini-isteyir\\\/\"},\"wordCount\":839,\"publisher\":{\"@id\":\"https:\\\/\\\/www.meydan.tv\\\/az\\\/#organization\"},\"image\":{\"@id\":\"https:\\\/\\\/www.meydan.tv\\\/az\\\/article\\\/fransa-vetendasinin-derhal-azad-olunmasini-isteyir\\\/#primaryimage\"},\"thumbnailUrl\":\"https:\\\/\\\/www.meydan.tv\\\/wp-content\\\/uploads\\\/shutterstock_1476399065.jpg\",\"articleSection\":[\"Siyas\u0259t\",\"T\u00f6vsiy\u0259\",\"X\u0259b\u0259rl\u0259r\"],\"inLanguage\":\"az\"},{\"@type\":\"WebPage\",\"@id\":\"https:\\\/\\\/www.meydan.tv\\\/az\\\/article\\\/fransa-vetendasinin-derhal-azad-olunmasini-isteyir\\\/\",\"url\":\"https:\\\/\\\/www.meydan.tv\\\/az\\\/article\\\/fransa-vetendasinin-derhal-azad-olunmasini-isteyir\\\/\",\"name\":\"Fransa v\u0259t\u0259nda\u015f\u0131n\u0131n d\u0259rhal azad olunmas\u0131n\u0131 ist\u0259yir - MEYDAN.TV\",\"isPartOf\":{\"@id\":\"https:\\\/\\\/www.meydan.tv\\\/az\\\/#website\"},\"primaryImageOfPage\":{\"@id\":\"https:\\\/\\\/www.meydan.tv\\\/az\\\/article\\\/fransa-vetendasinin-derhal-azad-olunmasini-isteyir\\\/#primaryimage\"},\"image\":{\"@id\":\"https:\\\/\\\/www.meydan.tv\\\/az\\\/article\\\/fransa-vetendasinin-derhal-azad-olunmasini-isteyir\\\/#primaryimage\"},\"thumbnailUrl\":\"https:\\\/\\\/www.meydan.tv\\\/wp-content\\\/uploads\\\/shutterstock_1476399065.jpg\",\"datePublished\":\"2024-01-10T09:19:12+00:00\",\"dateModified\":\"2024-01-10T09:19:16+00:00\",\"breadcrumb\":{\"@id\":\"https:\\\/\\\/www.meydan.tv\\\/az\\\/article\\\/fransa-vetendasinin-derhal-azad-olunmasini-isteyir\\\/#breadcrumb\"},\"inLanguage\":\"az\",\"potentialAction\":[{\"@type\":\"ReadAction\",\"target\":[\"https:\\\/\\\/www.meydan.tv\\\/az\\\/article\\\/fransa-vetendasinin-derhal-azad-olunmasini-isteyir\\\/\"]}]},{\"@type\":\"ImageObject\",\"inLanguage\":\"az\",\"@id\":\"https:\\\/\\\/www.meydan.tv\\\/az\\\/article\\\/fransa-vetendasinin-derhal-azad-olunmasini-isteyir\\\/#primaryimage\",\"url\":\"https:\\\/\\\/www.meydan.tv\\\/wp-content\\\/uploads\\\/shutterstock_1476399065.jpg\",\"contentUrl\":\"https:\\\/\\\/www.meydan.tv\\\/wp-content\\\/uploads\\\/shutterstock_1476399065.jpg\",\"width\":1200,\"height\":399,\"caption\":\"Fransa-Az\u0259rbaycan. M\u0259nb\u0259: vladm\\\/shutterstock\"},{\"@type\":\"BreadcrumbList\",\"@id\":\"https:\\\/\\\/www.meydan.tv\\\/az\\\/article\\\/fransa-vetendasinin-derhal-azad-olunmasini-isteyir\\\/#breadcrumb\",\"itemListElement\":[{\"@type\":\"ListItem\",\"position\":1,\"name\":\"Ana s\u0259hif\u0259\",\"item\":\"https:\\\/\\\/www.meydan.tv\\\/az\\\/\"},{\"@type\":\"ListItem\",\"position\":2,\"name\":\"Siyas\u0259t\",\"item\":\"https:\\\/\\\/www.meydan.tv\\\/az\\\/section\\\/siyaset\\\/\"},{\"@type\":\"ListItem\",\"position\":3,\"name\":\"Fransa v\u0259t\u0259nda\u015f\u0131n\u0131n d\u0259rhal azad olunmas\u0131n\u0131 ist\u0259yir\"}]},{\"@type\":\"WebSite\",\"@id\":\"https:\\\/\\\/www.meydan.tv\\\/az\\\/#website\",\"url\":\"https:\\\/\\\/www.meydan.tv\\\/az\\\/\",\"name\":\"MEYDAN.TV\",\"description\":\"Meydan TV Az\u0259rbaycan\u0131n media m\u0259kan\u0131ndak\u0131 alternativ s\u0259sidir\",\"publisher\":{\"@id\":\"https:\\\/\\\/www.meydan.tv\\\/az\\\/#organization\"},\"potentialAction\":[{\"@type\":\"SearchAction\",\"target\":{\"@type\":\"EntryPoint\",\"urlTemplate\":\"https:\\\/\\\/www.meydan.tv\\\/az\\\/?s={search_term_string}\"},\"query-input\":{\"@type\":\"PropertyValueSpecification\",\"valueRequired\":true,\"valueName\":\"search_term_string\"}}],\"inLanguage\":\"az\"},{\"@type\":\"Organization\",\"@id\":\"https:\\\/\\\/www.meydan.tv\\\/az\\\/#organization\",\"name\":\"Meydan TV\",\"url\":\"https:\\\/\\\/www.meydan.tv\\\/az\\\/\",\"logo\":{\"@type\":\"ImageObject\",\"inLanguage\":\"az\",\"@id\":\"https:\\\/\\\/www.meydan.tv\\\/az\\\/#\\\/schema\\\/logo\\\/image\\\/\",\"url\":\"https:\\\/\\\/www.meydan.tv\\\/wp-content\\\/uploads\\\/2021\\\/07\\\/meydan-logo.svg\",\"contentUrl\":\"https:\\\/\\\/www.meydan.tv\\\/wp-content\\\/uploads\\\/2021\\\/07\\\/meydan-logo.svg\",\"width\":195,\"height\":46,\"caption\":\"Meydan TV\"},\"image\":{\"@id\":\"https:\\\/\\\/www.meydan.tv\\\/az\\\/#\\\/schema\\\/logo\\\/image\\\/\"}},{\"@type\":\"Person\",\"@id\":\"https:\\\/\\\/www.meydan.tv\\\/az\\\/#\\\/schema\\\/person\\\/9cdbecf90d17180ce1dfbd95b08dcf47\",\"name\":\"elli\",\"sameAs\":[\"https:\\\/\\\/x.com\\\/elli\"]}]}<\/script>\n<!-- \/ Yoast SEO plugin. -->","yoast_head_json":{"title":"Fransa v\u0259t\u0259nda\u015f\u0131n\u0131n d\u0259rhal azad olunmas\u0131n\u0131 ist\u0259yir - MEYDAN.TV","robots":{"index":"index","follow":"follow","max-snippet":"max-snippet:-1","max-image-preview":"max-image-preview:large","max-video-preview":"max-video-preview:-1"},"canonical":"https:\/\/www.meydan.tv\/az\/article\/fransa-vetendasinin-derhal-azad-olunmasini-isteyir\/","og_locale":"az_AZ","og_type":"article","og_title":"Fransa v\u0259t\u0259nda\u015f\u0131n\u0131n d\u0259rhal azad olunmas\u0131n\u0131 ist\u0259yir - MEYDAN.TV","og_description":"\u201cFransan\u0131n Bak\u0131dak\u0131 s\u0259firliyi konsulluq m\u00fchafiz\u0259si \u00e7\u0259r\u00e7iv\u0259sind\u0259 soyda\u015f\u0131m\u0131za iki d\u0259f\u0259 ba\u015f ... Davam\u0131","og_url":"https:\/\/www.meydan.tv\/az\/article\/fransa-vetendasinin-derhal-azad-olunmasini-isteyir\/","og_site_name":"MEYDAN.TV","article_published_time":"2024-01-10T09:19:12+00:00","article_modified_time":"2024-01-10T09:19:16+00:00","og_image":[{"width":1200,"height":399,"url":"https:\/\/www.meydan.tv\/wp-content\/uploads\/shutterstock_1476399065.jpg","type":"image\/jpeg"}],"author":"elli","twitter_card":"summary_large_image","twitter_creator":"@elli","schema":{"@context":"https:\/\/schema.org","@graph":[{"@type":"Article","@id":"https:\/\/www.meydan.tv\/az\/article\/fransa-vetendasinin-derhal-azad-olunmasini-isteyir\/#article","isPartOf":{"@id":"https:\/\/www.meydan.tv\/az\/article\/fransa-vetendasinin-derhal-azad-olunmasini-isteyir\/"},"author":{"name":"elli","@id":"https:\/\/www.meydan.tv\/az\/#\/schema\/person\/9cdbecf90d17180ce1dfbd95b08dcf47"},"headline":"Fransa v\u0259t\u0259nda\u015f\u0131n\u0131n d\u0259rhal azad olunmas\u0131n\u0131 ist\u0259yir","datePublished":"2024-01-10T09:19:12+00:00","dateModified":"2024-01-10T09:19:16+00:00","mainEntityOfPage":{"@id":"https:\/\/www.meydan.tv\/az\/article\/fransa-vetendasinin-derhal-azad-olunmasini-isteyir\/"},"wordCount":839,"publisher":{"@id":"https:\/\/www.meydan.tv\/az\/#organization"},"image":{"@id":"https:\/\/www.meydan.tv\/az\/article\/fransa-vetendasinin-derhal-azad-olunmasini-isteyir\/#primaryimage"},"thumbnailUrl":"https:\/\/www.meydan.tv\/wp-content\/uploads\/shutterstock_1476399065.jpg","articleSection":["Siyas\u0259t","T\u00f6vsiy\u0259","X\u0259b\u0259rl\u0259r"],"inLanguage":"az"},{"@type":"WebPage","@id":"https:\/\/www.meydan.tv\/az\/article\/fransa-vetendasinin-derhal-azad-olunmasini-isteyir\/","url":"https:\/\/www.meydan.tv\/az\/article\/fransa-vetendasinin-derhal-azad-olunmasini-isteyir\/","name":"Fransa v\u0259t\u0259nda\u015f\u0131n\u0131n d\u0259rhal azad olunmas\u0131n\u0131 ist\u0259yir - MEYDAN.TV","isPartOf":{"@id":"https:\/\/www.meydan.tv\/az\/#website"},"primaryImageOfPage":{"@id":"https:\/\/www.meydan.tv\/az\/article\/fransa-vetendasinin-derhal-azad-olunmasini-isteyir\/#primaryimage"},"image":{"@id":"https:\/\/www.meydan.tv\/az\/article\/fransa-vetendasinin-derhal-azad-olunmasini-isteyir\/#primaryimage"},"thumbnailUrl":"https:\/\/www.meydan.tv\/wp-content\/uploads\/shutterstock_1476399065.jpg","datePublished":"2024-01-10T09:19:12+00:00","dateModified":"2024-01-10T09:19:16+00:00","breadcrumb":{"@id":"https:\/\/www.meydan.tv\/az\/article\/fransa-vetendasinin-derhal-azad-olunmasini-isteyir\/#breadcrumb"},"inLanguage":"az","potentialAction":[{"@type":"ReadAction","target":["https:\/\/www.meydan.tv\/az\/article\/fransa-vetendasinin-derhal-azad-olunmasini-isteyir\/"]}]},{"@type":"ImageObject","inLanguage":"az","@id":"https:\/\/www.meydan.tv\/az\/article\/fransa-vetendasinin-derhal-azad-olunmasini-isteyir\/#primaryimage","url":"https:\/\/www.meydan.tv\/wp-content\/uploads\/shutterstock_1476399065.jpg","contentUrl":"https:\/\/www.meydan.tv\/wp-content\/uploads\/shutterstock_1476399065.jpg","width":1200,"height":399,"caption":"Fransa-Az\u0259rbaycan. M\u0259nb\u0259: vladm\/shutterstock"},{"@type":"BreadcrumbList","@id":"https:\/\/www.meydan.tv\/az\/article\/fransa-vetendasinin-derhal-azad-olunmasini-isteyir\/#breadcrumb","itemListElement":[{"@type":"ListItem","position":1,"name":"Ana s\u0259hif\u0259","item":"https:\/\/www.meydan.tv\/az\/"},{"@type":"ListItem","position":2,"name":"Siyas\u0259t","item":"https:\/\/www.meydan.tv\/az\/section\/siyaset\/"},{"@type":"ListItem","position":3,"name":"Fransa v\u0259t\u0259nda\u015f\u0131n\u0131n d\u0259rhal azad olunmas\u0131n\u0131 ist\u0259yir"}]},{"@type":"WebSite","@id":"https:\/\/www.meydan.tv\/az\/#website","url":"https:\/\/www.meydan.tv\/az\/","name":"MEYDAN.TV","description":"Meydan TV Az\u0259rbaycan\u0131n media m\u0259kan\u0131ndak\u0131 alternativ s\u0259sidir","publisher":{"@id":"https:\/\/www.meydan.tv\/az\/#organization"},"potentialAction":[{"@type":"SearchAction","target":{"@type":"EntryPoint","urlTemplate":"https:\/\/www.meydan.tv\/az\/?s={search_term_string}"},"query-input":{"@type":"PropertyValueSpecification","valueRequired":true,"valueName":"search_term_string"}}],"inLanguage":"az"},{"@type":"Organization","@id":"https:\/\/www.meydan.tv\/az\/#organization","name":"Meydan TV","url":"https:\/\/www.meydan.tv\/az\/","logo":{"@type":"ImageObject","inLanguage":"az","@id":"https:\/\/www.meydan.tv\/az\/#\/schema\/logo\/image\/","url":"https:\/\/www.meydan.tv\/wp-content\/uploads\/2021\/07\/meydan-logo.svg","contentUrl":"https:\/\/www.meydan.tv\/wp-content\/uploads\/2021\/07\/meydan-logo.svg","width":195,"height":46,"caption":"Meydan TV"},"image":{"@id":"https:\/\/www.meydan.tv\/az\/#\/schema\/logo\/image\/"}},{"@type":"Person","@id":"https:\/\/www.meydan.tv\/az\/#\/schema\/person\/9cdbecf90d17180ce1dfbd95b08dcf47","name":"elli","sameAs":["https:\/\/x.com\/elli"]}]}},"_links":{"self":[{"href":"https:\/\/www.meydan.tv\/az\/wp-json\/wp\/v2\/posts\/294966","targetHints":{"allow":["GET"]}}],"collection":[{"href":"https:\/\/www.meydan.tv\/az\/wp-json\/wp\/v2\/posts"}],"about":[{"href":"https:\/\/www.meydan.tv\/az\/wp-json\/wp\/v2\/types\/post"}],"author":[{"embeddable":true,"href":"https:\/\/www.meydan.tv\/az\/wp-json\/wp\/v2\/users\/8"}],"replies":[{"embeddable":true,"href":"https:\/\/www.meydan.tv\/az\/wp-json\/wp\/v2\/comments?post=294966"}],"version-history":[{"count":3,"href":"https:\/\/www.meydan.tv\/az\/wp-json\/wp\/v2\/posts\/294966\/revisions"}],"predecessor-version":[{"id":294970,"href":"https:\/\/www.meydan.tv\/az\/wp-json\/wp\/v2\/posts\/294966\/revisions\/294970"}],"wp:featuredmedia":[{"embeddable":true,"href":"https:\/\/www.meydan.tv\/az\/wp-json\/wp\/v2\/media\/261060"}],"wp:attachment":[{"href":"https:\/\/www.meydan.tv\/az\/wp-json\/wp\/v2\/media?parent=294966"}],"wp:term":[{"taxonomy":"category","embeddable":true,"href":"https:\/\/www.meydan.tv\/az\/wp-json\/wp\/v2\/categories?post=294966"},{"taxonomy":"post_tag","embeddable":true,"href":"https:\/\/www.meydan.tv\/az\/wp-json\/wp\/v2\/tags?post=294966"}],"curies":[{"name":"wp","href":"https:\/\/api.w.org\/{rel}","templated":true}]}}