{"id":294941,"date":"2024-01-09T22:50:14","date_gmt":"2024-01-09T18:50:14","guid":{"rendered":"https:\/\/www.meydan.tv\/?p=294941"},"modified":"2024-01-09T22:50:17","modified_gmt":"2024-01-09T18:50:17","slug":"greencard-azerbaijan-sirketinin-direktoru-tutulub","status":"publish","type":"post","link":"https:\/\/www.meydan.tv\/az\/article\/greencard-azerbaijan-sirketinin-direktoru-tutulub\/","title":{"rendered":"\u201cGreencard Azerbaijan\u201d \u015firk\u0259tinin direktoru tutulub"},"content":{"rendered":"\n<p><\/p>\n\n\n\n<p>\u00a0<em><strong>O, xarici \u00f6lk\u0259l\u0259r\u0259 viza d\u00fcz\u0259ltm\u0259k ad\u0131yla \u00e7oxsayl\u0131 adamlar\u0131n pulunu al\u0131b aldatmaqda ittiham olunur<\/strong><\/em><\/p>\n\n\n\n<p>\u201cAbroad\u201d MMC-nin r\u0259hb\u0259ri v\u0259 \u201cGreencard Azerbaijan\u201d \u015firk\u0259tinin direktoru R\u00fcf\u0259t Piriyev yanvar\u0131n 9-da tutulub. O, xarici \u00f6lk\u0259l\u0259r\u0259 viza d\u00fcz\u0259ltm\u0259k ad\u0131yla \u00e7oxsayl\u0131 adamlar\u0131n pulunu al\u0131b aldadaraq, d\u0259l\u0259duzluq etm\u0259kd\u0259 \u015f\u00fcbh\u0259li bilinir. <\/p>\n\n\n\n<p>Bu bar\u0259d\u0259 Daxili \u0130\u015fl\u0259r Nazirliyinin (D\u0130N) m\u0259tbuat xidm\u0259tinin r\u0259hb\u0259ri El\u015fad Hac\u0131yev m\u0259lumat verib.<\/p>\n\n\n\n<p>D\u0130N r\u0259smisinin s\u00f6zl\u0259rin\u0259 g\u00f6r\u0259, Cinay\u0259t M\u0259c\u0259ll\u0259sinin 178-ci (d\u0259l\u0259duzluq) madd\u0259sil\u0259 cinay\u0259t i\u015fi ba\u015flan\u0131b v\u0259 istintaq h\u0259r\u0259k\u0259tl\u0259ri davam etdirilir.<\/p>\n\n\n\n<p>Xeyli vaxtd\u0131r ki, sosial \u015f\u0259b\u0259k\u0259l\u0259rd\u0259ki m\u00fcxt\u0259lif s\u0259hif\u0259l\u0259rd\u0259 R\u00fcf\u0259t Piriyevl\u0259 ba\u011fl\u0131 \u015fikay\u0259tl\u0259r yaz\u0131l\u0131rd\u0131. \u015eikay\u0259t\u00e7il\u0259r iddia edirl\u0259r ki, R\u00fcf\u0259t Piriyev Amerikaya, Kanadaya k\u00f6\u00e7m\u0259k, orada \u015firk\u0259t qurmaq v\u0259 ba\u015fqa v\u0259dl\u0259rl\u0259 onlardan pul al\u0131b, lakin s\u00f6z\u00fcn\u0259 \u0259m\u0259l etm\u0259yib. Baxmayaraq ki, v\u0259dl\u0259r yerin\u0259 yetirilm\u0259yib, pullar da qaytar\u0131lmay\u0131b. \u015eikay\u0259t\u00e7il\u0259rin s\u00f6zl\u0259rin\u0259 g\u00f6r\u0259, t\u0259xmin\u0259n 200 n\u0259f\u0259r bu halla \u00fczl\u0259\u015fib v\u0259 ziyan \u00e7\u0259kib.<\/p>\n\n\n\n<p>Onlar vur\u011fulay\u0131b ki, d\u0259l\u0259duzlu\u011fa m\u0259ruz qald\u0131qlar\u0131n\u0131 t\u0259sdiql\u0259y\u0259n yet\u0259rinc\u0259 s\u00fcbutlar\u0131 var v\u0259 onlar\u0131 h\u00fcquq-m\u00fchafiz\u0259 orqanlar\u0131na t\u0259qdim edibl\u0259r.<\/p>\n\n\n\n<p>\u201cGreencard Azerbaijan\u201d\u0131n \u015firk\u0259t olaraq \u201cAbroad\u201d MMC-y\u0259 m\u0259xsus oldu\u011fu bildirilir. Bu bar\u0259d\u0259 greencard.az\u00a0sayt\u0131nda m\u0259lumat verilib. \u015eirk\u0259tin r\u0259smi d\u00f6vl\u0259t qeydiyyat\u0131ndan ke\u00e7diyi vur\u011fulan\u0131b.<\/p>\n\n\n\n<p>R\u00fcf\u0259t Piriyevin \u00fcnvan\u0131na s\u0259sl\u0259n\u0259n ittihamlara m\u00fcnasib\u0259ti m\u0259lum deyil.<\/p>\n","protected":false},"excerpt":{"rendered":"<p>\u00a0O, xarici \u00f6lk\u0259l\u0259r\u0259 viza d\u00fcz\u0259ltm\u0259k ad\u0131yla \u00e7oxsayl\u0131 adamlar\u0131n pulunu al\u0131b &#8230; <\/p>\n<p class=\"read-more-container\"><a title=\"\u201cGreencard Azerbaijan\u201d \u015firk\u0259tinin direktoru tutulub\" class=\"read-more button\" href=\"https:\/\/www.meydan.tv\/az\/article\/greencard-azerbaijan-sirketinin-direktoru-tutulub\/#more-294941\" aria-label=\"Read more about \u201cGreencard Azerbaijan\u201d \u015firk\u0259tinin direktoru tutulub\">Davam\u0131<\/a><\/p>\n","protected":false},"author":8,"featured_media":294942,"comment_status":"closed","ping_status":"closed","sticky":false,"template":"","format":"standard","meta":{"_acf_changed":false,"_sitemap_exclude":false,"_sitemap_priority":"","_sitemap_frequency":"","footnotes":""},"categories":[62,56],"tags":[],"class_list":["post-294941","post","type-post","status-publish","format-standard","has-post-thumbnail","hentry","category-sosial","category-xeberler","infinite-scroll-item","generate-columns","tablet-grid-50","mobile-grid-100","grid-parent","grid-33","no-featured-image-padding"],"acf":[],"yoast_head":"<!-- This site is optimized with the Yoast SEO plugin v27.5 - https:\/\/yoast.com\/product\/yoast-seo-wordpress\/ -->\n<title>\u201cGreencard Azerbaijan\u201d \u015firk\u0259tinin direktoru tutulub - MEYDAN.TV<\/title>\n<meta name=\"robots\" content=\"index, follow, max-snippet:-1, max-image-preview:large, max-video-preview:-1\" \/>\n<link rel=\"canonical\" href=\"https:\/\/www.meydan.tv\/az\/article\/greencard-azerbaijan-sirketinin-direktoru-tutulub\/\" \/>\n<meta property=\"og:locale\" content=\"az_AZ\" \/>\n<meta property=\"og:type\" content=\"article\" \/>\n<meta property=\"og:title\" content=\"\u201cGreencard Azerbaijan\u201d \u015firk\u0259tinin direktoru tutulub - MEYDAN.TV\" \/>\n<meta property=\"og:description\" content=\"\u00a0O, xarici \u00f6lk\u0259l\u0259r\u0259 viza d\u00fcz\u0259ltm\u0259k ad\u0131yla \u00e7oxsayl\u0131 adamlar\u0131n pulunu al\u0131b ... Davam\u0131\" \/>\n<meta property=\"og:url\" content=\"https:\/\/www.meydan.tv\/az\/article\/greencard-azerbaijan-sirketinin-direktoru-tutulub\/\" \/>\n<meta property=\"og:site_name\" content=\"MEYDAN.TV\" \/>\n<meta property=\"article:published_time\" content=\"2024-01-09T18:50:14+00:00\" \/>\n<meta property=\"article:modified_time\" content=\"2024-01-09T18:50:17+00:00\" \/>\n<meta property=\"og:image\" content=\"https:\/\/www.meydan.tv\/wp-content\/uploads\/rufet-piriyev-e1704826204384.jpg\" \/>\n\t<meta property=\"og:image:width\" content=\"1200\" \/>\n\t<meta property=\"og:image:height\" content=\"510\" \/>\n\t<meta property=\"og:image:type\" content=\"image\/jpeg\" \/>\n<meta name=\"author\" content=\"elli\" \/>\n<meta name=\"twitter:card\" content=\"summary_large_image\" \/>\n<meta name=\"twitter:creator\" content=\"@elli\" \/>\n<script type=\"application\/ld+json\" class=\"yoast-schema-graph\">{\"@context\":\"https:\\\/\\\/schema.org\",\"@graph\":[{\"@type\":\"Article\",\"@id\":\"https:\\\/\\\/www.meydan.tv\\\/az\\\/article\\\/greencard-azerbaijan-sirketinin-direktoru-tutulub\\\/#article\",\"isPartOf\":{\"@id\":\"https:\\\/\\\/www.meydan.tv\\\/az\\\/article\\\/greencard-azerbaijan-sirketinin-direktoru-tutulub\\\/\"},\"author\":{\"name\":\"elli\",\"@id\":\"https:\\\/\\\/www.meydan.tv\\\/az\\\/#\\\/schema\\\/person\\\/9cdbecf90d17180ce1dfbd95b08dcf47\"},\"headline\":\"\u201cGreencard Azerbaijan\u201d \u015firk\u0259tinin direktoru tutulub\",\"datePublished\":\"2024-01-09T18:50:14+00:00\",\"dateModified\":\"2024-01-09T18:50:17+00:00\",\"mainEntityOfPage\":{\"@id\":\"https:\\\/\\\/www.meydan.tv\\\/az\\\/article\\\/greencard-azerbaijan-sirketinin-direktoru-tutulub\\\/\"},\"wordCount\":324,\"publisher\":{\"@id\":\"https:\\\/\\\/www.meydan.tv\\\/az\\\/#organization\"},\"image\":{\"@id\":\"https:\\\/\\\/www.meydan.tv\\\/az\\\/article\\\/greencard-azerbaijan-sirketinin-direktoru-tutulub\\\/#primaryimage\"},\"thumbnailUrl\":\"https:\\\/\\\/www.meydan.tv\\\/wp-content\\\/uploads\\\/rufet-piriyev-e1704826204384.jpg\",\"articleSection\":[\"Sosial\",\"X\u0259b\u0259rl\u0259r\"],\"inLanguage\":\"az\"},{\"@type\":\"WebPage\",\"@id\":\"https:\\\/\\\/www.meydan.tv\\\/az\\\/article\\\/greencard-azerbaijan-sirketinin-direktoru-tutulub\\\/\",\"url\":\"https:\\\/\\\/www.meydan.tv\\\/az\\\/article\\\/greencard-azerbaijan-sirketinin-direktoru-tutulub\\\/\",\"name\":\"\u201cGreencard Azerbaijan\u201d \u015firk\u0259tinin direktoru tutulub - MEYDAN.TV\",\"isPartOf\":{\"@id\":\"https:\\\/\\\/www.meydan.tv\\\/az\\\/#website\"},\"primaryImageOfPage\":{\"@id\":\"https:\\\/\\\/www.meydan.tv\\\/az\\\/article\\\/greencard-azerbaijan-sirketinin-direktoru-tutulub\\\/#primaryimage\"},\"image\":{\"@id\":\"https:\\\/\\\/www.meydan.tv\\\/az\\\/article\\\/greencard-azerbaijan-sirketinin-direktoru-tutulub\\\/#primaryimage\"},\"thumbnailUrl\":\"https:\\\/\\\/www.meydan.tv\\\/wp-content\\\/uploads\\\/rufet-piriyev-e1704826204384.jpg\",\"datePublished\":\"2024-01-09T18:50:14+00:00\",\"dateModified\":\"2024-01-09T18:50:17+00:00\",\"breadcrumb\":{\"@id\":\"https:\\\/\\\/www.meydan.tv\\\/az\\\/article\\\/greencard-azerbaijan-sirketinin-direktoru-tutulub\\\/#breadcrumb\"},\"inLanguage\":\"az\",\"potentialAction\":[{\"@type\":\"ReadAction\",\"target\":[\"https:\\\/\\\/www.meydan.tv\\\/az\\\/article\\\/greencard-azerbaijan-sirketinin-direktoru-tutulub\\\/\"]}]},{\"@type\":\"ImageObject\",\"inLanguage\":\"az\",\"@id\":\"https:\\\/\\\/www.meydan.tv\\\/az\\\/article\\\/greencard-azerbaijan-sirketinin-direktoru-tutulub\\\/#primaryimage\",\"url\":\"https:\\\/\\\/www.meydan.tv\\\/wp-content\\\/uploads\\\/rufet-piriyev-e1704826204384.jpg\",\"contentUrl\":\"https:\\\/\\\/www.meydan.tv\\\/wp-content\\\/uploads\\\/rufet-piriyev-e1704826204384.jpg\",\"width\":1200,\"height\":510,\"caption\":\"R\u00fcf\u0259t Piriyev. Foto: sosial \u015f\u0259b\u0259k\u0259\"},{\"@type\":\"BreadcrumbList\",\"@id\":\"https:\\\/\\\/www.meydan.tv\\\/az\\\/article\\\/greencard-azerbaijan-sirketinin-direktoru-tutulub\\\/#breadcrumb\",\"itemListElement\":[{\"@type\":\"ListItem\",\"position\":1,\"name\":\"Ana s\u0259hif\u0259\",\"item\":\"https:\\\/\\\/www.meydan.tv\\\/az\\\/\"},{\"@type\":\"ListItem\",\"position\":2,\"name\":\"Sosial\",\"item\":\"https:\\\/\\\/www.meydan.tv\\\/az\\\/section\\\/sosial\\\/\"},{\"@type\":\"ListItem\",\"position\":3,\"name\":\"\u201cGreencard Azerbaijan\u201d \u015firk\u0259tinin direktoru tutulub\"}]},{\"@type\":\"WebSite\",\"@id\":\"https:\\\/\\\/www.meydan.tv\\\/az\\\/#website\",\"url\":\"https:\\\/\\\/www.meydan.tv\\\/az\\\/\",\"name\":\"MEYDAN.TV\",\"description\":\"Meydan TV Az\u0259rbaycan\u0131n media m\u0259kan\u0131ndak\u0131 alternativ s\u0259sidir\",\"publisher\":{\"@id\":\"https:\\\/\\\/www.meydan.tv\\\/az\\\/#organization\"},\"potentialAction\":[{\"@type\":\"SearchAction\",\"target\":{\"@type\":\"EntryPoint\",\"urlTemplate\":\"https:\\\/\\\/www.meydan.tv\\\/az\\\/?s={search_term_string}\"},\"query-input\":{\"@type\":\"PropertyValueSpecification\",\"valueRequired\":true,\"valueName\":\"search_term_string\"}}],\"inLanguage\":\"az\"},{\"@type\":\"Organization\",\"@id\":\"https:\\\/\\\/www.meydan.tv\\\/az\\\/#organization\",\"name\":\"Meydan TV\",\"url\":\"https:\\\/\\\/www.meydan.tv\\\/az\\\/\",\"logo\":{\"@type\":\"ImageObject\",\"inLanguage\":\"az\",\"@id\":\"https:\\\/\\\/www.meydan.tv\\\/az\\\/#\\\/schema\\\/logo\\\/image\\\/\",\"url\":\"https:\\\/\\\/www.meydan.tv\\\/wp-content\\\/uploads\\\/2021\\\/07\\\/meydan-logo.svg\",\"contentUrl\":\"https:\\\/\\\/www.meydan.tv\\\/wp-content\\\/uploads\\\/2021\\\/07\\\/meydan-logo.svg\",\"width\":195,\"height\":46,\"caption\":\"Meydan TV\"},\"image\":{\"@id\":\"https:\\\/\\\/www.meydan.tv\\\/az\\\/#\\\/schema\\\/logo\\\/image\\\/\"}},{\"@type\":\"Person\",\"@id\":\"https:\\\/\\\/www.meydan.tv\\\/az\\\/#\\\/schema\\\/person\\\/9cdbecf90d17180ce1dfbd95b08dcf47\",\"name\":\"elli\",\"sameAs\":[\"https:\\\/\\\/x.com\\\/elli\"]}]}<\/script>\n<!-- \/ Yoast SEO plugin. -->","yoast_head_json":{"title":"\u201cGreencard Azerbaijan\u201d \u015firk\u0259tinin direktoru tutulub - MEYDAN.TV","robots":{"index":"index","follow":"follow","max-snippet":"max-snippet:-1","max-image-preview":"max-image-preview:large","max-video-preview":"max-video-preview:-1"},"canonical":"https:\/\/www.meydan.tv\/az\/article\/greencard-azerbaijan-sirketinin-direktoru-tutulub\/","og_locale":"az_AZ","og_type":"article","og_title":"\u201cGreencard Azerbaijan\u201d \u015firk\u0259tinin direktoru tutulub - MEYDAN.TV","og_description":"\u00a0O, xarici \u00f6lk\u0259l\u0259r\u0259 viza d\u00fcz\u0259ltm\u0259k ad\u0131yla \u00e7oxsayl\u0131 adamlar\u0131n pulunu al\u0131b ... Davam\u0131","og_url":"https:\/\/www.meydan.tv\/az\/article\/greencard-azerbaijan-sirketinin-direktoru-tutulub\/","og_site_name":"MEYDAN.TV","article_published_time":"2024-01-09T18:50:14+00:00","article_modified_time":"2024-01-09T18:50:17+00:00","og_image":[{"width":1200,"height":510,"url":"https:\/\/www.meydan.tv\/wp-content\/uploads\/rufet-piriyev-e1704826204384.jpg","type":"image\/jpeg"}],"author":"elli","twitter_card":"summary_large_image","twitter_creator":"@elli","schema":{"@context":"https:\/\/schema.org","@graph":[{"@type":"Article","@id":"https:\/\/www.meydan.tv\/az\/article\/greencard-azerbaijan-sirketinin-direktoru-tutulub\/#article","isPartOf":{"@id":"https:\/\/www.meydan.tv\/az\/article\/greencard-azerbaijan-sirketinin-direktoru-tutulub\/"},"author":{"name":"elli","@id":"https:\/\/www.meydan.tv\/az\/#\/schema\/person\/9cdbecf90d17180ce1dfbd95b08dcf47"},"headline":"\u201cGreencard Azerbaijan\u201d \u015firk\u0259tinin direktoru tutulub","datePublished":"2024-01-09T18:50:14+00:00","dateModified":"2024-01-09T18:50:17+00:00","mainEntityOfPage":{"@id":"https:\/\/www.meydan.tv\/az\/article\/greencard-azerbaijan-sirketinin-direktoru-tutulub\/"},"wordCount":324,"publisher":{"@id":"https:\/\/www.meydan.tv\/az\/#organization"},"image":{"@id":"https:\/\/www.meydan.tv\/az\/article\/greencard-azerbaijan-sirketinin-direktoru-tutulub\/#primaryimage"},"thumbnailUrl":"https:\/\/www.meydan.tv\/wp-content\/uploads\/rufet-piriyev-e1704826204384.jpg","articleSection":["Sosial","X\u0259b\u0259rl\u0259r"],"inLanguage":"az"},{"@type":"WebPage","@id":"https:\/\/www.meydan.tv\/az\/article\/greencard-azerbaijan-sirketinin-direktoru-tutulub\/","url":"https:\/\/www.meydan.tv\/az\/article\/greencard-azerbaijan-sirketinin-direktoru-tutulub\/","name":"\u201cGreencard Azerbaijan\u201d \u015firk\u0259tinin direktoru tutulub - MEYDAN.TV","isPartOf":{"@id":"https:\/\/www.meydan.tv\/az\/#website"},"primaryImageOfPage":{"@id":"https:\/\/www.meydan.tv\/az\/article\/greencard-azerbaijan-sirketinin-direktoru-tutulub\/#primaryimage"},"image":{"@id":"https:\/\/www.meydan.tv\/az\/article\/greencard-azerbaijan-sirketinin-direktoru-tutulub\/#primaryimage"},"thumbnailUrl":"https:\/\/www.meydan.tv\/wp-content\/uploads\/rufet-piriyev-e1704826204384.jpg","datePublished":"2024-01-09T18:50:14+00:00","dateModified":"2024-01-09T18:50:17+00:00","breadcrumb":{"@id":"https:\/\/www.meydan.tv\/az\/article\/greencard-azerbaijan-sirketinin-direktoru-tutulub\/#breadcrumb"},"inLanguage":"az","potentialAction":[{"@type":"ReadAction","target":["https:\/\/www.meydan.tv\/az\/article\/greencard-azerbaijan-sirketinin-direktoru-tutulub\/"]}]},{"@type":"ImageObject","inLanguage":"az","@id":"https:\/\/www.meydan.tv\/az\/article\/greencard-azerbaijan-sirketinin-direktoru-tutulub\/#primaryimage","url":"https:\/\/www.meydan.tv\/wp-content\/uploads\/rufet-piriyev-e1704826204384.jpg","contentUrl":"https:\/\/www.meydan.tv\/wp-content\/uploads\/rufet-piriyev-e1704826204384.jpg","width":1200,"height":510,"caption":"R\u00fcf\u0259t Piriyev. Foto: sosial \u015f\u0259b\u0259k\u0259"},{"@type":"BreadcrumbList","@id":"https:\/\/www.meydan.tv\/az\/article\/greencard-azerbaijan-sirketinin-direktoru-tutulub\/#breadcrumb","itemListElement":[{"@type":"ListItem","position":1,"name":"Ana s\u0259hif\u0259","item":"https:\/\/www.meydan.tv\/az\/"},{"@type":"ListItem","position":2,"name":"Sosial","item":"https:\/\/www.meydan.tv\/az\/section\/sosial\/"},{"@type":"ListItem","position":3,"name":"\u201cGreencard Azerbaijan\u201d \u015firk\u0259tinin direktoru tutulub"}]},{"@type":"WebSite","@id":"https:\/\/www.meydan.tv\/az\/#website","url":"https:\/\/www.meydan.tv\/az\/","name":"MEYDAN.TV","description":"Meydan TV Az\u0259rbaycan\u0131n media m\u0259kan\u0131ndak\u0131 alternativ s\u0259sidir","publisher":{"@id":"https:\/\/www.meydan.tv\/az\/#organization"},"potentialAction":[{"@type":"SearchAction","target":{"@type":"EntryPoint","urlTemplate":"https:\/\/www.meydan.tv\/az\/?s={search_term_string}"},"query-input":{"@type":"PropertyValueSpecification","valueRequired":true,"valueName":"search_term_string"}}],"inLanguage":"az"},{"@type":"Organization","@id":"https:\/\/www.meydan.tv\/az\/#organization","name":"Meydan TV","url":"https:\/\/www.meydan.tv\/az\/","logo":{"@type":"ImageObject","inLanguage":"az","@id":"https:\/\/www.meydan.tv\/az\/#\/schema\/logo\/image\/","url":"https:\/\/www.meydan.tv\/wp-content\/uploads\/2021\/07\/meydan-logo.svg","contentUrl":"https:\/\/www.meydan.tv\/wp-content\/uploads\/2021\/07\/meydan-logo.svg","width":195,"height":46,"caption":"Meydan TV"},"image":{"@id":"https:\/\/www.meydan.tv\/az\/#\/schema\/logo\/image\/"}},{"@type":"Person","@id":"https:\/\/www.meydan.tv\/az\/#\/schema\/person\/9cdbecf90d17180ce1dfbd95b08dcf47","name":"elli","sameAs":["https:\/\/x.com\/elli"]}]}},"_links":{"self":[{"href":"https:\/\/www.meydan.tv\/az\/wp-json\/wp\/v2\/posts\/294941","targetHints":{"allow":["GET"]}}],"collection":[{"href":"https:\/\/www.meydan.tv\/az\/wp-json\/wp\/v2\/posts"}],"about":[{"href":"https:\/\/www.meydan.tv\/az\/wp-json\/wp\/v2\/types\/post"}],"author":[{"embeddable":true,"href":"https:\/\/www.meydan.tv\/az\/wp-json\/wp\/v2\/users\/8"}],"replies":[{"embeddable":true,"href":"https:\/\/www.meydan.tv\/az\/wp-json\/wp\/v2\/comments?post=294941"}],"version-history":[{"count":1,"href":"https:\/\/www.meydan.tv\/az\/wp-json\/wp\/v2\/posts\/294941\/revisions"}],"predecessor-version":[{"id":294954,"href":"https:\/\/www.meydan.tv\/az\/wp-json\/wp\/v2\/posts\/294941\/revisions\/294954"}],"wp:featuredmedia":[{"embeddable":true,"href":"https:\/\/www.meydan.tv\/az\/wp-json\/wp\/v2\/media\/294942"}],"wp:attachment":[{"href":"https:\/\/www.meydan.tv\/az\/wp-json\/wp\/v2\/media?parent=294941"}],"wp:term":[{"taxonomy":"category","embeddable":true,"href":"https:\/\/www.meydan.tv\/az\/wp-json\/wp\/v2\/categories?post=294941"},{"taxonomy":"post_tag","embeddable":true,"href":"https:\/\/www.meydan.tv\/az\/wp-json\/wp\/v2\/tags?post=294941"}],"curies":[{"name":"wp","href":"https:\/\/api.w.org\/{rel}","templated":true}]}}