{"id":294936,"date":"2024-01-09T22:40:25","date_gmt":"2024-01-09T18:40:25","guid":{"rendered":"https:\/\/www.meydan.tv\/?p=294936"},"modified":"2024-01-09T22:40:28","modified_gmt":"2024-01-09T18:40:28","slug":"celal-eliyevin-vekili-olmus-cumbule-eliyeva-haqqinda-qiyabi-hebs-qerari-cixarilib","status":"publish","type":"post","link":"https:\/\/www.meydan.tv\/az\/article\/celal-eliyevin-vekili-olmus-cumbule-eliyeva-haqqinda-qiyabi-hebs-qerari-cixarilib\/","title":{"rendered":"C\u0259lal \u018fliyevin v\u0259kili olmu\u015f C\u00fcmb\u00fcl\u0259 \u018fliyeva haqq\u0131nda qiyabi h\u0259bs q\u0259rar\u0131 \u00e7\u0131xar\u0131l\u0131b"},"content":{"rendered":"\n<p><\/p>\n\n\n\n<p><em><strong>Ke\u00e7mi\u015f v\u0259kilin m\u0259hk\u0259m\u0259d\u0259n yay\u0131nd\u0131\u011f\u0131 bildirilir<\/strong><\/em><\/p>\n\n\n\n<p>V\u0259kill\u0259r Kollegiyas\u0131 R\u0259yas\u0259t Hey\u0259tinin ke\u00e7mi\u015f \u00fczv\u00fc, ictimai-siyasi f\u0259allar\u0131 m\u00fcdafi\u0259 ed\u0259n bir ne\u00e7\u0259 v\u0259kilin f\u0259aliyy\u0259tin\u0259 xitam verilm\u0259si \u00fc\u00e7\u00fcn s\u0259s ver\u0259n S\u00fcmb\u00fcl\u0259 \u018fliyevan\u0131n \u00f6z\u00fc haqq\u0131nda qiyabi h\u0259bs q\u0259rar\u0131 \u00e7\u0131xar\u0131l\u0131b. Bak\u0131 A\u011f\u0131r Cinay\u0259tl\u0259r M\u0259hk\u0259m\u0259sinin q\u0259rar\u0131yla onun haqq\u0131nda h\u0259bsli axtar\u0131\u015f elan olunub. S\u0259b\u0259b is\u0259 S\u00fcmb\u00fcl\u0259 \u018fliyevan\u0131n aylard\u0131r ki, m\u0259hk\u0259m\u0259y\u0259 g\u0259lm\u0259m\u0259si olub.<\/p>\n\n\n\n<p>S\u00fcmb\u00fcl\u0259 \u018fliyeva 3 il\u0259 yax\u0131nd\u0131r ki, Bak\u0131 A\u011f\u0131r Cinay\u0259tl\u0259r M\u0259hk\u0259m\u0259sind\u0259 m\u00fchakim\u0259 olunur. O, h\u0259tta bir d\u0259f\u0259 m\u0259hk\u0259m\u0259 zal\u0131nda h\u0259bs edilib, t\u0259xmin\u0259n 10 g\u00fcn sonra ev dustaql\u0131\u011f\u0131na burax\u0131l\u0131b. Bu hadis\u0259 2021-ci ilin iyununda ba\u015f verib. H\u0259min vaxt onun haqq\u0131nda cinay\u0259t i\u015fin\u0259 hakim Eldar Mikay\u0131lovun s\u0259drliyil\u0259 bax\u0131l\u0131rd\u0131. Bir m\u00fcdd\u0259t sonra Eldar Mikay\u0131lov ya\u015f h\u0259ddi il\u0259 \u0259laq\u0259dar t\u0259qa\u00fcd\u0259 g\u00f6nd\u0259rildiyin\u0259 g\u00f6r\u0259 S\u00fcmb\u00fcl\u0259 \u018fliyeva haqq\u0131nda cinay\u0259t i\u015finin m\u0259hk\u0259m\u0259 ara\u015fd\u0131rmas\u0131 Mahmud A\u011falarovun s\u0259drlik etdiyi hakiml\u0259r kollegiyas\u0131na h\u0259val\u0259 edildi.<\/p>\n\n\n\n<p>Ev dustaql\u0131\u011f\u0131nda olan S\u00fcmb\u00fcl\u0259 \u018fliyeva \u0259vv\u0259ll\u0259r m\u0259hk\u0259m\u0259 iclaslar\u0131nda i\u015ftirak ets\u0259 d\u0259, sonra bir il \u0259rzind\u0259 m\u0259hk\u0259m\u0259y\u0259 g\u0259lmirmi\u015f. O, s\u0259hh\u0259tind\u0259 probleml\u0259r olmas\u0131, x\u00fcsus\u0259n aya\u011f\u0131ndak\u0131 \u015fi\u015f s\u0259b\u0259bind\u0259n g\u0259l\u0259 bilm\u0259m\u0259si haqda m\u0259ktub g\u00f6nd\u0259rib.<\/p>\n\n\n\n<p>D\u0259f\u0259l\u0259rl\u0259 m\u0259hk\u0259m\u0259y\u0259 g\u0259lm\u0259diyin\u0259 g\u00f6r\u0259 bir ne\u00e7\u0259 ay \u00f6nc\u0259 onun haqq\u0131nda m\u0259cburi g\u0259tirilm\u0259 q\u0259rar\u0131 \u00e7\u0131xar\u0131lm\u0131\u015fd\u0131. O, mediaya a\u00e7\u0131qlamas\u0131nda sa\u011fl\u0131q durumunun a\u011f\u0131r oldu\u011funu bildirmi\u015fdi. Demi\u015fdi ki, bel\u0259 bir v\u0259ziyy\u0259td\u0259 bar\u0259sind\u0259 m\u0259cburi g\u0259tirilm\u0259 q\u0259rar\u0131 \u00e7\u0131xar\u0131lmas\u0131n\u0131 d\u00fczg\u00fcn saym\u0131r. Onun s\u00f6zl\u0259rin\u0259 g\u00f6r\u0259, son d\u00f6vrl\u0259rd\u0259 iki d\u0259f\u0259 a\u011f\u0131r \u0259m\u0259liyyat ke\u00e7irib, m\u0259hk\u0259m\u0259y\u0259 bu haqda bildiri\u015f d\u0259 g\u00f6nd\u0259rib:<\/p>\n\n\n\n<p><em>\u201c\u0130ki \u0259m\u0259liyyat ke\u00e7ir\u0259n adam m\u0259hk\u0259m\u0259d\u0259 nec\u0259 i\u015ftirak ed\u0259 bil\u0259r?!\u201d.<\/em><\/p>\n\n\n\n<p>Bunun \u00fcst\u00fcnd\u0259n aylar ke\u00e7s\u0259 d\u0259, S\u00fcmb\u00fcl\u0259 \u018fliyeva yen\u0259 m\u0259hk\u0259m\u0259y\u0259 g\u0259lm\u0259yib. Bu s\u0259b\u0259bd\u0259n dekabr\u0131n sonunda onun axtar\u0131\u015fa verilm\u0259si v\u0259 d\u0259rhal h\u0259bs edilm\u0259si haqda q\u0259rar q\u0259bul edib.<\/p>\n\n\n\n<p>S\u00fcmb\u00fcl\u0259 \u018fliyeva \u0259vv\u0259lki 1 sayl\u0131 h\u00fcquq m\u0259sl\u0259h\u0259txanas\u0131, indiki \u201cM\u0259rk\u0259z\u201d v\u0259kil b\u00fcrosuna r\u0259hb\u0259rlik etdiyi d\u00f6vrd\u0259 oran\u0131n \u00fczv\u00fc olan v\u0259kill\u0259rin 200 min manata yax\u0131n pulunu m\u0259nims\u0259m\u0259kd\u0259 ittiham olunur. \u0130ttihama \u0259sas\u0259n, h\u00fcquq m\u0259sl\u0259h\u0259txanas\u0131n\u0131n hesab\u0131na k\u00f6\u00e7\u00fcr\u00fcl\u0259n v\u0259 m\u0259nims\u0259nildiyi iddia olunan v\u0259saitl\u0259rin bir hiss\u0259si m\u00fcdafi\u0259\u00e7i kimi \u00e7\u0131xd\u0131qlar\u0131 i\u015f\u0259 g\u00f6r\u0259 v\u0259kill\u0259r\u0259 \u00f6d\u0259nil\u0259n qonararlar olub. Bir hiss\u0259si d\u0259 v\u0259kill\u0259rd\u0259n tutulan vergi v\u0259 sosial s\u0131\u011forta haqlar\u0131 olub. Bu \u00fczd\u0259n S\u00fcmb\u00fcl\u0259 \u018fliyeva haqq\u0131nda cinay\u0259t i\u015find\u0259 V\u0259kill\u0259r Kollegiyas\u0131n\u0131n R\u0259yas\u0259t Hey\u0259til\u0259 yana\u015f\u0131, D\u00f6vl\u0259t Sosial M\u00fcdafi\u0259 Fondu v\u0259 D\u00f6vl\u0259t Vergi Xidm\u0259ti d\u0259 z\u0259r\u0259r\u00e7\u0259kmi\u015f qismind\u0259 tan\u0131n\u0131b.<\/p>\n\n\n\n<p>S\u00fcmb\u00fcl\u0259 \u018fliyeva Cinay\u0259t M\u0259c\u0259ll\u0259sinin 179.3.2 (k\u00fclli miqdarda m\u0259nims\u0259m\u0259 v\u0259 ya israfetm\u0259), 213-c\u00fc (vergil\u0259ri, m\u0259cburi d\u00f6vl\u0259t sosial s\u0131\u011forta haqlar\u0131n\u0131 \u00f6d\u0259m\u0259kd\u0259n yay\u0131nma) madd\u0259l\u0259ril\u0259 ittiham olunur.<\/p>\n\n\n\n<p>M\u0259hk\u0259m\u0259d\u0259 dindiril\u0259n v\u0259kill\u0259r S\u00fcmb\u00fcl\u0259 \u018fliyevan\u0131 ittiham edib, ondan pullar\u0131n\u0131 t\u0259l\u0259b edibl\u0259r.<br>Lakin S\u00fcmb\u00fcl\u0259 \u018fliyeva \u00f6z\u00fcn\u00fc t\u0259qsirli bilmir, ona qar\u015f\u0131 ir\u0259li s\u00fcr\u00fcl\u0259n ittihamlar\u0131n \u0259sass\u0131z oldu\u011funu deyir.<\/p>\n\n\n\n<p>S\u00fcmb\u00fcl\u0259 \u018fliyeva uzun m\u00fcdd\u0259t Prezident \u0130lham \u018fliyevin m\u0259rhum \u0259misi C\u0259lal \u018fliyevin v\u0259kili olub. M\u0259rhum akademikin jurnalistl\u0259r\u0259 qar\u015f\u0131 x\u00fcsusi ittiham qaydas\u0131nda qald\u0131rd\u0131\u011f\u0131 i\u015fl\u0259rd\u0259 d\u0259 onu S\u00fcmb\u00fcl\u0259 \u018fliyeva t\u0259msil edirdi. H\u0259min m\u0259hk\u0259m\u0259 prosesl\u0259rinin sonunda bir ne\u00e7\u0259 jurnalist h\u0259bs edilib.<\/p>\n","protected":false},"excerpt":{"rendered":"<p>Ke\u00e7mi\u015f v\u0259kilin m\u0259hk\u0259m\u0259d\u0259n yay\u0131nd\u0131\u011f\u0131 bildirilir V\u0259kill\u0259r Kollegiyas\u0131 R\u0259yas\u0259t Hey\u0259tinin ke\u00e7mi\u015f &#8230; <\/p>\n<p class=\"read-more-container\"><a title=\"C\u0259lal \u018fliyevin v\u0259kili olmu\u015f C\u00fcmb\u00fcl\u0259 \u018fliyeva haqq\u0131nda qiyabi h\u0259bs q\u0259rar\u0131 \u00e7\u0131xar\u0131l\u0131b\" class=\"read-more button\" href=\"https:\/\/www.meydan.tv\/az\/article\/celal-eliyevin-vekili-olmus-cumbule-eliyeva-haqqinda-qiyabi-hebs-qerari-cixarilib\/#more-294936\" aria-label=\"Read more about C\u0259lal \u018fliyevin v\u0259kili olmu\u015f C\u00fcmb\u00fcl\u0259 \u018fliyeva haqq\u0131nda qiyabi h\u0259bs q\u0259rar\u0131 \u00e7\u0131xar\u0131l\u0131b\">Davam\u0131<\/a><\/p>\n","protected":false},"author":8,"featured_media":294937,"comment_status":"closed","ping_status":"closed","sticky":false,"template":"","format":"standard","meta":{"_acf_changed":false,"_sitemap_exclude":false,"_sitemap_priority":"","_sitemap_frequency":"","footnotes":""},"categories":[62,56],"tags":[],"class_list":["post-294936","post","type-post","status-publish","format-standard","has-post-thumbnail","hentry","category-sosial","category-xeberler","infinite-scroll-item","generate-columns","tablet-grid-50","mobile-grid-100","grid-parent","grid-33","no-featured-image-padding"],"acf":[],"yoast_head":"<!-- This site is optimized with the Yoast SEO plugin v27.5 - https:\/\/yoast.com\/product\/yoast-seo-wordpress\/ -->\n<title>C\u0259lal \u018fliyevin v\u0259kili olmu\u015f C\u00fcmb\u00fcl\u0259 \u018fliyeva haqq\u0131nda qiyabi h\u0259bs q\u0259rar\u0131 \u00e7\u0131xar\u0131l\u0131b - MEYDAN.TV<\/title>\n<meta name=\"robots\" content=\"index, follow, max-snippet:-1, max-image-preview:large, max-video-preview:-1\" \/>\n<link rel=\"canonical\" href=\"https:\/\/www.meydan.tv\/az\/article\/celal-eliyevin-vekili-olmus-cumbule-eliyeva-haqqinda-qiyabi-hebs-qerari-cixarilib\/\" \/>\n<meta property=\"og:locale\" content=\"az_AZ\" \/>\n<meta property=\"og:type\" content=\"article\" \/>\n<meta property=\"og:title\" content=\"C\u0259lal \u018fliyevin v\u0259kili olmu\u015f C\u00fcmb\u00fcl\u0259 \u018fliyeva haqq\u0131nda qiyabi h\u0259bs q\u0259rar\u0131 \u00e7\u0131xar\u0131l\u0131b - MEYDAN.TV\" \/>\n<meta property=\"og:description\" content=\"Ke\u00e7mi\u015f v\u0259kilin m\u0259hk\u0259m\u0259d\u0259n yay\u0131nd\u0131\u011f\u0131 bildirilir V\u0259kill\u0259r Kollegiyas\u0131 R\u0259yas\u0259t Hey\u0259tinin ke\u00e7mi\u015f ... Davam\u0131\" \/>\n<meta property=\"og:url\" content=\"https:\/\/www.meydan.tv\/az\/article\/celal-eliyevin-vekili-olmus-cumbule-eliyeva-haqqinda-qiyabi-hebs-qerari-cixarilib\/\" \/>\n<meta property=\"og:site_name\" content=\"MEYDAN.TV\" \/>\n<meta property=\"article:published_time\" content=\"2024-01-09T18:40:25+00:00\" \/>\n<meta property=\"article:modified_time\" content=\"2024-01-09T18:40:28+00:00\" \/>\n<meta property=\"og:image\" content=\"https:\/\/www.meydan.tv\/wp-content\/uploads\/sumbule-eliyeva.jpg\" \/>\n\t<meta property=\"og:image:width\" content=\"1200\" \/>\n\t<meta property=\"og:image:height\" content=\"675\" \/>\n\t<meta property=\"og:image:type\" content=\"image\/jpeg\" \/>\n<meta name=\"author\" content=\"elli\" \/>\n<meta name=\"twitter:card\" content=\"summary_large_image\" \/>\n<meta name=\"twitter:creator\" content=\"@elli\" \/>\n<script type=\"application\/ld+json\" class=\"yoast-schema-graph\">{\"@context\":\"https:\\\/\\\/schema.org\",\"@graph\":[{\"@type\":\"Article\",\"@id\":\"https:\\\/\\\/www.meydan.tv\\\/az\\\/article\\\/celal-eliyevin-vekili-olmus-cumbule-eliyeva-haqqinda-qiyabi-hebs-qerari-cixarilib\\\/#article\",\"isPartOf\":{\"@id\":\"https:\\\/\\\/www.meydan.tv\\\/az\\\/article\\\/celal-eliyevin-vekili-olmus-cumbule-eliyeva-haqqinda-qiyabi-hebs-qerari-cixarilib\\\/\"},\"author\":{\"name\":\"elli\",\"@id\":\"https:\\\/\\\/www.meydan.tv\\\/az\\\/#\\\/schema\\\/person\\\/9cdbecf90d17180ce1dfbd95b08dcf47\"},\"headline\":\"C\u0259lal \u018fliyevin v\u0259kili olmu\u015f C\u00fcmb\u00fcl\u0259 \u018fliyeva haqq\u0131nda qiyabi h\u0259bs q\u0259rar\u0131 \u00e7\u0131xar\u0131l\u0131b\",\"datePublished\":\"2024-01-09T18:40:25+00:00\",\"dateModified\":\"2024-01-09T18:40:28+00:00\",\"mainEntityOfPage\":{\"@id\":\"https:\\\/\\\/www.meydan.tv\\\/az\\\/article\\\/celal-eliyevin-vekili-olmus-cumbule-eliyeva-haqqinda-qiyabi-hebs-qerari-cixarilib\\\/\"},\"wordCount\":773,\"publisher\":{\"@id\":\"https:\\\/\\\/www.meydan.tv\\\/az\\\/#organization\"},\"image\":{\"@id\":\"https:\\\/\\\/www.meydan.tv\\\/az\\\/article\\\/celal-eliyevin-vekili-olmus-cumbule-eliyeva-haqqinda-qiyabi-hebs-qerari-cixarilib\\\/#primaryimage\"},\"thumbnailUrl\":\"https:\\\/\\\/www.meydan.tv\\\/wp-content\\\/uploads\\\/sumbule-eliyeva-e1711380212349.jpg\",\"articleSection\":[\"Sosial\",\"X\u0259b\u0259rl\u0259r\"],\"inLanguage\":\"az\"},{\"@type\":\"WebPage\",\"@id\":\"https:\\\/\\\/www.meydan.tv\\\/az\\\/article\\\/celal-eliyevin-vekili-olmus-cumbule-eliyeva-haqqinda-qiyabi-hebs-qerari-cixarilib\\\/\",\"url\":\"https:\\\/\\\/www.meydan.tv\\\/az\\\/article\\\/celal-eliyevin-vekili-olmus-cumbule-eliyeva-haqqinda-qiyabi-hebs-qerari-cixarilib\\\/\",\"name\":\"C\u0259lal \u018fliyevin v\u0259kili olmu\u015f C\u00fcmb\u00fcl\u0259 \u018fliyeva haqq\u0131nda qiyabi h\u0259bs q\u0259rar\u0131 \u00e7\u0131xar\u0131l\u0131b - MEYDAN.TV\",\"isPartOf\":{\"@id\":\"https:\\\/\\\/www.meydan.tv\\\/az\\\/#website\"},\"primaryImageOfPage\":{\"@id\":\"https:\\\/\\\/www.meydan.tv\\\/az\\\/article\\\/celal-eliyevin-vekili-olmus-cumbule-eliyeva-haqqinda-qiyabi-hebs-qerari-cixarilib\\\/#primaryimage\"},\"image\":{\"@id\":\"https:\\\/\\\/www.meydan.tv\\\/az\\\/article\\\/celal-eliyevin-vekili-olmus-cumbule-eliyeva-haqqinda-qiyabi-hebs-qerari-cixarilib\\\/#primaryimage\"},\"thumbnailUrl\":\"https:\\\/\\\/www.meydan.tv\\\/wp-content\\\/uploads\\\/sumbule-eliyeva-e1711380212349.jpg\",\"datePublished\":\"2024-01-09T18:40:25+00:00\",\"dateModified\":\"2024-01-09T18:40:28+00:00\",\"breadcrumb\":{\"@id\":\"https:\\\/\\\/www.meydan.tv\\\/az\\\/article\\\/celal-eliyevin-vekili-olmus-cumbule-eliyeva-haqqinda-qiyabi-hebs-qerari-cixarilib\\\/#breadcrumb\"},\"inLanguage\":\"az\",\"potentialAction\":[{\"@type\":\"ReadAction\",\"target\":[\"https:\\\/\\\/www.meydan.tv\\\/az\\\/article\\\/celal-eliyevin-vekili-olmus-cumbule-eliyeva-haqqinda-qiyabi-hebs-qerari-cixarilib\\\/\"]}]},{\"@type\":\"ImageObject\",\"inLanguage\":\"az\",\"@id\":\"https:\\\/\\\/www.meydan.tv\\\/az\\\/article\\\/celal-eliyevin-vekili-olmus-cumbule-eliyeva-haqqinda-qiyabi-hebs-qerari-cixarilib\\\/#primaryimage\",\"url\":\"https:\\\/\\\/www.meydan.tv\\\/wp-content\\\/uploads\\\/sumbule-eliyeva-e1711380212349.jpg\",\"contentUrl\":\"https:\\\/\\\/www.meydan.tv\\\/wp-content\\\/uploads\\\/sumbule-eliyeva-e1711380212349.jpg\",\"width\":1200,\"height\":519,\"caption\":\"S\u00fcmb\u00fcl\u0259 \u018fliyeva. Foto: \u015f\u0259xsi arxivind\u0259n\"},{\"@type\":\"BreadcrumbList\",\"@id\":\"https:\\\/\\\/www.meydan.tv\\\/az\\\/article\\\/celal-eliyevin-vekili-olmus-cumbule-eliyeva-haqqinda-qiyabi-hebs-qerari-cixarilib\\\/#breadcrumb\",\"itemListElement\":[{\"@type\":\"ListItem\",\"position\":1,\"name\":\"Ana s\u0259hif\u0259\",\"item\":\"https:\\\/\\\/www.meydan.tv\\\/az\\\/\"},{\"@type\":\"ListItem\",\"position\":2,\"name\":\"Sosial\",\"item\":\"https:\\\/\\\/www.meydan.tv\\\/az\\\/section\\\/sosial\\\/\"},{\"@type\":\"ListItem\",\"position\":3,\"name\":\"C\u0259lal \u018fliyevin v\u0259kili olmu\u015f C\u00fcmb\u00fcl\u0259 \u018fliyeva haqq\u0131nda qiyabi h\u0259bs q\u0259rar\u0131 \u00e7\u0131xar\u0131l\u0131b\"}]},{\"@type\":\"WebSite\",\"@id\":\"https:\\\/\\\/www.meydan.tv\\\/az\\\/#website\",\"url\":\"https:\\\/\\\/www.meydan.tv\\\/az\\\/\",\"name\":\"MEYDAN.TV\",\"description\":\"Meydan TV Az\u0259rbaycan\u0131n media m\u0259kan\u0131ndak\u0131 alternativ s\u0259sidir\",\"publisher\":{\"@id\":\"https:\\\/\\\/www.meydan.tv\\\/az\\\/#organization\"},\"potentialAction\":[{\"@type\":\"SearchAction\",\"target\":{\"@type\":\"EntryPoint\",\"urlTemplate\":\"https:\\\/\\\/www.meydan.tv\\\/az\\\/?s={search_term_string}\"},\"query-input\":{\"@type\":\"PropertyValueSpecification\",\"valueRequired\":true,\"valueName\":\"search_term_string\"}}],\"inLanguage\":\"az\"},{\"@type\":\"Organization\",\"@id\":\"https:\\\/\\\/www.meydan.tv\\\/az\\\/#organization\",\"name\":\"Meydan TV\",\"url\":\"https:\\\/\\\/www.meydan.tv\\\/az\\\/\",\"logo\":{\"@type\":\"ImageObject\",\"inLanguage\":\"az\",\"@id\":\"https:\\\/\\\/www.meydan.tv\\\/az\\\/#\\\/schema\\\/logo\\\/image\\\/\",\"url\":\"https:\\\/\\\/www.meydan.tv\\\/wp-content\\\/uploads\\\/2021\\\/07\\\/meydan-logo.svg\",\"contentUrl\":\"https:\\\/\\\/www.meydan.tv\\\/wp-content\\\/uploads\\\/2021\\\/07\\\/meydan-logo.svg\",\"width\":195,\"height\":46,\"caption\":\"Meydan TV\"},\"image\":{\"@id\":\"https:\\\/\\\/www.meydan.tv\\\/az\\\/#\\\/schema\\\/logo\\\/image\\\/\"}},{\"@type\":\"Person\",\"@id\":\"https:\\\/\\\/www.meydan.tv\\\/az\\\/#\\\/schema\\\/person\\\/9cdbecf90d17180ce1dfbd95b08dcf47\",\"name\":\"elli\",\"sameAs\":[\"https:\\\/\\\/x.com\\\/elli\"]}]}<\/script>\n<!-- \/ Yoast SEO plugin. -->","yoast_head_json":{"title":"C\u0259lal \u018fliyevin v\u0259kili olmu\u015f C\u00fcmb\u00fcl\u0259 \u018fliyeva haqq\u0131nda qiyabi h\u0259bs q\u0259rar\u0131 \u00e7\u0131xar\u0131l\u0131b - MEYDAN.TV","robots":{"index":"index","follow":"follow","max-snippet":"max-snippet:-1","max-image-preview":"max-image-preview:large","max-video-preview":"max-video-preview:-1"},"canonical":"https:\/\/www.meydan.tv\/az\/article\/celal-eliyevin-vekili-olmus-cumbule-eliyeva-haqqinda-qiyabi-hebs-qerari-cixarilib\/","og_locale":"az_AZ","og_type":"article","og_title":"C\u0259lal \u018fliyevin v\u0259kili olmu\u015f C\u00fcmb\u00fcl\u0259 \u018fliyeva haqq\u0131nda qiyabi h\u0259bs q\u0259rar\u0131 \u00e7\u0131xar\u0131l\u0131b - MEYDAN.TV","og_description":"Ke\u00e7mi\u015f v\u0259kilin m\u0259hk\u0259m\u0259d\u0259n yay\u0131nd\u0131\u011f\u0131 bildirilir V\u0259kill\u0259r Kollegiyas\u0131 R\u0259yas\u0259t Hey\u0259tinin ke\u00e7mi\u015f ... Davam\u0131","og_url":"https:\/\/www.meydan.tv\/az\/article\/celal-eliyevin-vekili-olmus-cumbule-eliyeva-haqqinda-qiyabi-hebs-qerari-cixarilib\/","og_site_name":"MEYDAN.TV","article_published_time":"2024-01-09T18:40:25+00:00","article_modified_time":"2024-01-09T18:40:28+00:00","og_image":[{"width":1200,"height":675,"url":"https:\/\/www.meydan.tv\/wp-content\/uploads\/sumbule-eliyeva.jpg","type":"image\/jpeg"}],"author":"elli","twitter_card":"summary_large_image","twitter_creator":"@elli","schema":{"@context":"https:\/\/schema.org","@graph":[{"@type":"Article","@id":"https:\/\/www.meydan.tv\/az\/article\/celal-eliyevin-vekili-olmus-cumbule-eliyeva-haqqinda-qiyabi-hebs-qerari-cixarilib\/#article","isPartOf":{"@id":"https:\/\/www.meydan.tv\/az\/article\/celal-eliyevin-vekili-olmus-cumbule-eliyeva-haqqinda-qiyabi-hebs-qerari-cixarilib\/"},"author":{"name":"elli","@id":"https:\/\/www.meydan.tv\/az\/#\/schema\/person\/9cdbecf90d17180ce1dfbd95b08dcf47"},"headline":"C\u0259lal \u018fliyevin v\u0259kili olmu\u015f C\u00fcmb\u00fcl\u0259 \u018fliyeva haqq\u0131nda qiyabi h\u0259bs q\u0259rar\u0131 \u00e7\u0131xar\u0131l\u0131b","datePublished":"2024-01-09T18:40:25+00:00","dateModified":"2024-01-09T18:40:28+00:00","mainEntityOfPage":{"@id":"https:\/\/www.meydan.tv\/az\/article\/celal-eliyevin-vekili-olmus-cumbule-eliyeva-haqqinda-qiyabi-hebs-qerari-cixarilib\/"},"wordCount":773,"publisher":{"@id":"https:\/\/www.meydan.tv\/az\/#organization"},"image":{"@id":"https:\/\/www.meydan.tv\/az\/article\/celal-eliyevin-vekili-olmus-cumbule-eliyeva-haqqinda-qiyabi-hebs-qerari-cixarilib\/#primaryimage"},"thumbnailUrl":"https:\/\/www.meydan.tv\/wp-content\/uploads\/sumbule-eliyeva-e1711380212349.jpg","articleSection":["Sosial","X\u0259b\u0259rl\u0259r"],"inLanguage":"az"},{"@type":"WebPage","@id":"https:\/\/www.meydan.tv\/az\/article\/celal-eliyevin-vekili-olmus-cumbule-eliyeva-haqqinda-qiyabi-hebs-qerari-cixarilib\/","url":"https:\/\/www.meydan.tv\/az\/article\/celal-eliyevin-vekili-olmus-cumbule-eliyeva-haqqinda-qiyabi-hebs-qerari-cixarilib\/","name":"C\u0259lal \u018fliyevin v\u0259kili olmu\u015f C\u00fcmb\u00fcl\u0259 \u018fliyeva haqq\u0131nda qiyabi h\u0259bs q\u0259rar\u0131 \u00e7\u0131xar\u0131l\u0131b - MEYDAN.TV","isPartOf":{"@id":"https:\/\/www.meydan.tv\/az\/#website"},"primaryImageOfPage":{"@id":"https:\/\/www.meydan.tv\/az\/article\/celal-eliyevin-vekili-olmus-cumbule-eliyeva-haqqinda-qiyabi-hebs-qerari-cixarilib\/#primaryimage"},"image":{"@id":"https:\/\/www.meydan.tv\/az\/article\/celal-eliyevin-vekili-olmus-cumbule-eliyeva-haqqinda-qiyabi-hebs-qerari-cixarilib\/#primaryimage"},"thumbnailUrl":"https:\/\/www.meydan.tv\/wp-content\/uploads\/sumbule-eliyeva-e1711380212349.jpg","datePublished":"2024-01-09T18:40:25+00:00","dateModified":"2024-01-09T18:40:28+00:00","breadcrumb":{"@id":"https:\/\/www.meydan.tv\/az\/article\/celal-eliyevin-vekili-olmus-cumbule-eliyeva-haqqinda-qiyabi-hebs-qerari-cixarilib\/#breadcrumb"},"inLanguage":"az","potentialAction":[{"@type":"ReadAction","target":["https:\/\/www.meydan.tv\/az\/article\/celal-eliyevin-vekili-olmus-cumbule-eliyeva-haqqinda-qiyabi-hebs-qerari-cixarilib\/"]}]},{"@type":"ImageObject","inLanguage":"az","@id":"https:\/\/www.meydan.tv\/az\/article\/celal-eliyevin-vekili-olmus-cumbule-eliyeva-haqqinda-qiyabi-hebs-qerari-cixarilib\/#primaryimage","url":"https:\/\/www.meydan.tv\/wp-content\/uploads\/sumbule-eliyeva-e1711380212349.jpg","contentUrl":"https:\/\/www.meydan.tv\/wp-content\/uploads\/sumbule-eliyeva-e1711380212349.jpg","width":1200,"height":519,"caption":"S\u00fcmb\u00fcl\u0259 \u018fliyeva. Foto: \u015f\u0259xsi arxivind\u0259n"},{"@type":"BreadcrumbList","@id":"https:\/\/www.meydan.tv\/az\/article\/celal-eliyevin-vekili-olmus-cumbule-eliyeva-haqqinda-qiyabi-hebs-qerari-cixarilib\/#breadcrumb","itemListElement":[{"@type":"ListItem","position":1,"name":"Ana s\u0259hif\u0259","item":"https:\/\/www.meydan.tv\/az\/"},{"@type":"ListItem","position":2,"name":"Sosial","item":"https:\/\/www.meydan.tv\/az\/section\/sosial\/"},{"@type":"ListItem","position":3,"name":"C\u0259lal \u018fliyevin v\u0259kili olmu\u015f C\u00fcmb\u00fcl\u0259 \u018fliyeva haqq\u0131nda qiyabi h\u0259bs q\u0259rar\u0131 \u00e7\u0131xar\u0131l\u0131b"}]},{"@type":"WebSite","@id":"https:\/\/www.meydan.tv\/az\/#website","url":"https:\/\/www.meydan.tv\/az\/","name":"MEYDAN.TV","description":"Meydan TV Az\u0259rbaycan\u0131n media m\u0259kan\u0131ndak\u0131 alternativ s\u0259sidir","publisher":{"@id":"https:\/\/www.meydan.tv\/az\/#organization"},"potentialAction":[{"@type":"SearchAction","target":{"@type":"EntryPoint","urlTemplate":"https:\/\/www.meydan.tv\/az\/?s={search_term_string}"},"query-input":{"@type":"PropertyValueSpecification","valueRequired":true,"valueName":"search_term_string"}}],"inLanguage":"az"},{"@type":"Organization","@id":"https:\/\/www.meydan.tv\/az\/#organization","name":"Meydan TV","url":"https:\/\/www.meydan.tv\/az\/","logo":{"@type":"ImageObject","inLanguage":"az","@id":"https:\/\/www.meydan.tv\/az\/#\/schema\/logo\/image\/","url":"https:\/\/www.meydan.tv\/wp-content\/uploads\/2021\/07\/meydan-logo.svg","contentUrl":"https:\/\/www.meydan.tv\/wp-content\/uploads\/2021\/07\/meydan-logo.svg","width":195,"height":46,"caption":"Meydan TV"},"image":{"@id":"https:\/\/www.meydan.tv\/az\/#\/schema\/logo\/image\/"}},{"@type":"Person","@id":"https:\/\/www.meydan.tv\/az\/#\/schema\/person\/9cdbecf90d17180ce1dfbd95b08dcf47","name":"elli","sameAs":["https:\/\/x.com\/elli"]}]}},"_links":{"self":[{"href":"https:\/\/www.meydan.tv\/az\/wp-json\/wp\/v2\/posts\/294936","targetHints":{"allow":["GET"]}}],"collection":[{"href":"https:\/\/www.meydan.tv\/az\/wp-json\/wp\/v2\/posts"}],"about":[{"href":"https:\/\/www.meydan.tv\/az\/wp-json\/wp\/v2\/types\/post"}],"author":[{"embeddable":true,"href":"https:\/\/www.meydan.tv\/az\/wp-json\/wp\/v2\/users\/8"}],"replies":[{"embeddable":true,"href":"https:\/\/www.meydan.tv\/az\/wp-json\/wp\/v2\/comments?post=294936"}],"version-history":[{"count":1,"href":"https:\/\/www.meydan.tv\/az\/wp-json\/wp\/v2\/posts\/294936\/revisions"}],"predecessor-version":[{"id":294940,"href":"https:\/\/www.meydan.tv\/az\/wp-json\/wp\/v2\/posts\/294936\/revisions\/294940"}],"wp:featuredmedia":[{"embeddable":true,"href":"https:\/\/www.meydan.tv\/az\/wp-json\/wp\/v2\/media\/294937"}],"wp:attachment":[{"href":"https:\/\/www.meydan.tv\/az\/wp-json\/wp\/v2\/media?parent=294936"}],"wp:term":[{"taxonomy":"category","embeddable":true,"href":"https:\/\/www.meydan.tv\/az\/wp-json\/wp\/v2\/categories?post=294936"},{"taxonomy":"post_tag","embeddable":true,"href":"https:\/\/www.meydan.tv\/az\/wp-json\/wp\/v2\/tags?post=294936"}],"curies":[{"name":"wp","href":"https:\/\/api.w.org\/{rel}","templated":true}]}}