{"id":294878,"date":"2024-01-09T14:04:12","date_gmt":"2024-01-09T10:04:12","guid":{"rendered":"https:\/\/www.meydan.tv\/?p=294878"},"modified":"2024-01-09T14:04:17","modified_gmt":"2024-01-09T10:04:17","slug":"iqtisadci-bas-planda-nezerde-tutulmus-isler-ucun-vesaiti-haradan-alacaqlar","status":"publish","type":"post","link":"https:\/\/www.meydan.tv\/az\/article\/iqtisadci-bas-planda-nezerde-tutulmus-isler-ucun-vesaiti-haradan-alacaqlar\/","title":{"rendered":"\u0130qtisad\u00e7\u0131: Ba\u015f planda n\u0259z\u0259rd\u0259 tutulmu\u015f i\u015fl\u0259r \u00fc\u00e7\u00fcn v\u0259saiti haradan alacaqlar?"},"content":{"rendered":"\n<p><\/p>\n\n\n\n<p><strong><em>\u201cQaraba\u011fla b\u0259rab\u0259r yenid\u0259nqurmaya ild\u0259 t\u0259xmin\u0259n 11 milyard laz\u0131m olacaq\u201d<\/em><\/strong><\/p>\n\n\n\n<p>\u00d6t\u0259n ilin sonu D\u00f6vl\u0259t \u015e\u0259h\u0259rsalma v\u0259 Arxitektura Komit\u0259si Bak\u0131 \u015f\u0259h\u0259rinin Ba\u015f plan\u0131n\u0131 t\u0259sdiql\u0259di. Bundan sonra i\u015fl\u0259rin 2040-c\u0131 il\u0259d\u0259k yekunla\u015faca\u011f\u0131 v\u0259 plan ard\u0131c\u0131ll\u0131\u011f\u0131 il\u0259 ba\u011fl\u0131 m\u0259lumat payla\u015f\u0131ld\u0131.<\/p>\n\n\n\n<p>Komit\u0259 bildirir ki, \u015f\u0259h\u0259rin Ba\u015f plan layih\u0259si onlar\u0131n sifari\u015fi il\u0259 Almaniyan\u0131n beyn\u0259lxalq \u015f\u0259h\u0259rsalma \u015firk\u0259ti olan &#8220;AS+P Albert Speer + Partner GmbH\u201d t\u0259r\u0259find\u0259n haz\u0131rlan\u0131b.<br>Ba\u015f plan\u0131n haz\u0131rlanmas\u0131na yerli layih\u0259 t\u0259\u015fkilat\u0131 qismind\u0259 Bak\u0131 D\u00f6vl\u0259t Layih\u0259 \u0130nstitutu, h\u0259m\u00e7inin m\u00fch\u0259ndis-kommunikasiya sisteml\u0259ri, n\u0259qliyyat v\u0259 iqtisadi aspektl\u0259rin i\u015fl\u0259nm\u0259si m\u0259qs\u0259dil\u0259 \u201cEY\u201d konsaltinq v\u0259 \u201cRamboll UK\u201d \u015firk\u0259tl\u0259ri c\u0259lb edilib.<\/p>\n\n\n\n<p>Ba\u015f plan paytaxt\u0131n 212,3 min hektarl\u0131q b\u00fct\u00fcn inzibati \u0259razisini \u0259hat\u0259 edir. \u018fsas h\u0259d\u0259fl\u0259r is\u0259 d\u00f6rdd\u00fcr: \u015f\u0259h\u0259rin dayan\u0131ql\u0131 inki\u015faf\u0131, \u0259traf m\u00fchitin regenerasiyas\u0131, memarl\u0131q simas\u0131 v\u0259 tarixi irs\u0259 qay\u011f\u0131, yeni \u015f\u0259h\u0259r iqtisadiyyat\u0131.<\/p>\n\n\n\n<p>Ba\u015f plan n\u0259qliyyat t\u0259dbirl\u0259rinin h\u0259yata ke\u00e7irilm\u0259sini d\u0259 n\u0259z\u0259rd\u0259 tutur. Bura metro, d\u0259mir yol inki\u015faf\u0131, k\u00fc\u00e7\u0259-yol, ictimai n\u0259qliyyat \u015f\u0259b\u0259k\u0259sinin t\u0259kmill\u0259\u015fdirilm\u0259si v\u0259 geni\u015fl\u0259ndirilm\u0259si, velosiped \u015f\u0259b\u0259k\u0259si, m\u00fcbadil\u0259 qov\u015faqlar\u0131n\u0131n t\u0259tbiqi v\u0259 inki\u015faf\u0131 daxildir.<\/p>\n\n\n<div class=\"wp-block-image\">\n<figure class=\"aligncenter size-full\"><img decoding=\"async\" width=\"1200\" height=\"754\" data-src=\"https:\/\/www.meydan.tv\/wp-content\/uploads\/sehersalma.jpg\" alt=\"\" class=\"wp-image-294888 lazyload\" src=\"data:image\/svg+xml;base64,PHN2ZyB3aWR0aD0iMSIgaGVpZ2h0PSIxIiB4bWxucz0iaHR0cDovL3d3dy53My5vcmcvMjAwMC9zdmciPjwvc3ZnPg==\" style=\"--smush-placeholder-width: 1200px; --smush-placeholder-aspect-ratio: 1200\/754;\" \/><figcaption class=\"wp-element-caption\">D\u00f6vl\u0259t \u015e\u0259h\u0259rsalma v\u0259 Arxitektura Komit\u0259si<\/figcaption><\/figure>\n<\/div>\n\n\n<p>\u018fmlak m\u0259s\u0259l\u0259l\u0259ri \u00fczr\u0259 ekspert Ramil Osmanl\u0131 \u00f6z\u00fcn\u00fcn \u201cFacebook\u201d hesab\u0131nda yaz\u0131r ki, haz\u0131rda Bak\u0131 \u015f\u0259h\u0259rind\u0259 illik m\u0259nzil tikintisi h\u0259cmi 1,6-1,7 milyon kvadrat metrdir. S\u00f6k\u00fcnt\u00fc v\u0259 insan art\u0131m\u0131 n\u0259z\u0259r\u0259 al\u0131nsa, h\u0259r onillik d\u00f6vr \u00fc\u00e7\u00fcn orta art\u0131m tempi adamba\u015f\u0131na 5 kvadratdan y\u00fcks\u0259k olmal\u0131d\u0131r.<\/p>\n\n\n\n<p>Onun s\u00f6zl\u0259rin\u0259 g\u00f6r\u0259, son ill\u0259rd\u0259 m\u0259nzil tikintisind\u0259 qaydalar s\u0259rtl\u0259\u015fib, yeni q\u0259rarlar q\u0259bul olunub.<br>Ekspert d\u00fc\u015f\u00fcn\u00fcr ki, bunlar h\u0259min sah\u0259y\u0259 inzibati t\u0259sirdir v\u0259 art\u0131m\u0131n qar\u015f\u0131s\u0131n\u0131 al\u0131r.<\/p>\n\n\n\n<p>Ekspert bildirir ki, yeni plan Bak\u0131 \u015f\u0259h\u0259rinin 2040-c\u0131 il\u0259 q\u0259d\u0259r inki\u015faf\u0131n\u0131 n\u0259z\u0259rd\u0259 tutan 2020-2027-ci v\u0259 2028-2040-c\u0131 ill\u0259ri \u0259hat\u0259 ed\u0259c\u0259k 2 m\u0259rh\u0259l\u0259ni n\u0259z\u0259rd\u0259 tutur. Qeyd olunacaq m\u00fcdd\u0259t \u0259rzind\u0259 paytaxt\u0131n m\u00fcxt\u0259lif istiqam\u0259tli inki\u015faf-\u015f\u0259h\u0259rsalma konsepsiyas\u0131 \u00fc\u00e7\u00fcn n\u0259z\u0259rd\u0259 tutulan maliyy\u0259 v\u0259saitinin m\u0259bl\u0259\u011fi 93,5 milyard manatdan bir q\u0259d\u0259r art\u0131qd\u0131r. H\u0259min m\u0259bl\u0259\u011fin 33 milyard manatdan \u00e7oxu bilavasit\u0259 \u00f6z\u0259l investisiya m\u0259nb\u0259l\u0259ri hesab\u0131na, qalan 60,5 milyard manat\u0131 is\u0259 d\u00f6vl\u0259t (b\u00fcdc\u0259 v\u0259 s.) v\u0259 d\u00f6vl\u0259t+\u00f6z\u0259l maliyy\u0259 m\u0259nb\u0259l\u0259ri hesab\u0131na qar\u015f\u0131lanacaq.<\/p>\n\n\n<div class=\"wp-block-image\">\n<figure class=\"alignleft size-full is-resized\"><img decoding=\"async\" width=\"1200\" height=\"799\" data-src=\"https:\/\/www.meydan.tv\/wp-content\/uploads\/44187739_349911248911674_2584600860763881472_n-1-1.jpg\" alt=\"\" class=\"wp-image-294882 lazyload\" style=\"--smush-placeholder-width: 1200px; --smush-placeholder-aspect-ratio: 1200\/799;width:438px;height:auto\" src=\"data:image\/svg+xml;base64,PHN2ZyB3aWR0aD0iMSIgaGVpZ2h0PSIxIiB4bWxucz0iaHR0cDovL3d3dy53My5vcmcvMjAwMC9zdmciPjwvc3ZnPg==\" \/><figcaption class=\"wp-element-caption\">Foto: Ramil Osmanl\u0131n\u0131n s\u0259hif\u0259sind\u0259n<\/figcaption><\/figure>\n<\/div>\n\n\n<p>\u201c<em>S\u0259n\u0259dd\u0259 deyilir ki, layih\u0259nin icras\u0131na iki qurum n\u0259zar\u0259t ed\u0259c\u0259k. Burada \u0259sas arbitr \u015e\u0259h\u0259rsalma Komit\u0259sidir. \u018fsas oyun\u00e7ular\u0131n v\u0259 bir s\u0131ra icra\u00e7\u0131 qurumlar\u0131n proqramdan s\u0131x\u0131\u015fd\u0131r\u0131l\u0131b \u00e7\u0131xar\u0131lmas\u0131n\u0131 s\u00fcrpriz hesab etm\u0259k olar. Diqq\u0259ti \u00e7\u0259k\u0259n ikinci m\u0259s\u0259l\u0259 \u0130nvestisiya Holdinqinin n\u0259zdind\u0259 yarad\u0131lmas\u0131 n\u0259z\u0259rd\u0259 tutulan Az\u0259rbaycan \u0130nki\u015faf Korporasiyas\u0131 adl\u0131 yeni qurumdur. M\u0259n\u0259 tam ayd\u0131n olmayan Bak\u0131n\u0131n Ba\u015f plan\u0131n\u0131n icras\u0131 il\u0259 ba\u011fl\u0131 n\u0259z\u0259rd\u0259 tutulan ikinci d\u0259r\u0259c\u0259li qurumun b\u00fct\u00fcn \u00f6lk\u0259 co\u011frafiyas\u0131na hesablanmas\u0131 il\u0259 ba\u011fl\u0131 olan m\u0259qamd\u0131r\u201d.<\/em><\/p>\n\n\n\n<p>Ramil Osmanl\u0131 deyir ki, n\u0259hay\u0259t, burada bir istiqam\u0259t d\u0259 \u018fmlak M\u0259s\u0259l\u0259l\u0259ri D\u00f6vl\u0259t Xidm\u0259ti t\u0259r\u0259find\u0259n t\u0259qdim olunmal\u0131 olan vacib bir s\u0259n\u0259din \u2013 C\u0130S-in (Co\u011frafi \u0130nformasiya Sistemi) h\u0259l\u0259 ki, haz\u0131r olmamas\u0131d\u0131r:<\/p>\n\n\n\n<p><em>\u201cArzu ed\u0259k ki, Xidm\u0259t bu s\u0259n\u0259di tez bir zamanda ortaya qoysun, \u00e7\u00fcnki bu, layih\u0259nin \u0259razi f\u0259aliyy\u0259t planlamas\u0131 v\u0259 rayonlar v\u0259 f\u0259rdi torpaq sah\u0259l\u0259rinin m\u00fc\u0259yy\u0259n olunmas\u0131 \u00fc\u00e7\u00fcn \u00e7ox vacibdir\u201d.<\/em><\/p>\n\n\n\n<p>Ramil Osmanl\u0131 vur\u011fulay\u0131b ki, layih\u0259d\u0259 \u0259n diqq\u0259t \u00e7\u0259k\u0259n m\u0259qamlardan biri d\u0259 D\u00d6\u018f-nin (d\u00f6vl\u0259t-\u00f6z\u0259l \u0259m\u0259kda\u015fl\u0131\u011f\u0131) qurulmas\u0131 m\u0259qs\u0259di il\u0259 K\u00f6m\u0259k\u00e7i Korporasiyalar\u0131n yarad\u0131lmas\u0131 m\u0259s\u0259l\u0259sidir:<\/p>\n\n\n\n<p><em>\u201cA\u00e7\u0131\u011f\u0131 bu layih\u0259ni \u0259vv\u0259lki kimi Asiya \u00f6lk\u0259l\u0259rind\u0259n birind\u0259 f\u0259aliyy\u0259t g\u00f6st\u0259r\u0259n bir \u015firk\u0259t haz\u0131rlam\u0131\u015f olsayd\u0131, bu m\u0259s\u0259l\u0259nin \u00fcz\u0259rind\u0259n sakit ke\u00e7m\u0259k olard\u0131. Amma Almaniyada f\u0259aliyy\u0259t g\u00f6st\u0259r\u0259n bir \u015firk\u0259tin h\u0259r f\u00fcrs\u0259td\u0259 \u0259lini d\u00f6vl\u0259t\u0259 t\u0259r\u0259f, b\u00fcdc\u0259 v\u0259saitl\u0259rin\u0259 uzatmas\u0131 maraql\u0131 g\u00f6r\u00fcn\u00fcr\u201d<\/em>.<br>Onun s\u00f6zl\u0259rin\u0259 g\u00f6r\u0259, Ba\u015f planda infrastrukturla ba\u011fl\u0131 geni\u015f proqramlar\u0131n n\u0259z\u0259rd\u0259 tutulmas\u0131, ictimai n\u0259qliyyat\u0131n inki\u015faf\u0131, alternativ enerjiy\u0259 diqq\u0259tin art\u0131r\u0131lmas\u0131, ya\u015f\u0131l v\u0259 sa\u011flam \u0259traf m\u00fchitin inki\u015faf etdirilm\u0259si t\u0259qdir\u0259layiqdir v\u0259 qeyd olunan m\u0259s\u0259l\u0259l\u0259r realla\u015farsa, 2040-c\u0131 ilin Bak\u0131s\u0131 tamamil\u0259 f\u0259rqli bir \u015f\u0259h\u0259r olacaq:<\/p>\n\n\n<div class=\"wp-block-image\">\n<figure class=\"aligncenter size-full\"><img decoding=\"async\" width=\"1200\" height=\"799\" data-src=\"https:\/\/www.meydan.tv\/wp-content\/uploads\/85a08efc-41ee-4281-84fc-3d0400bd264c.jpg\" alt=\"\" class=\"wp-image-294885 lazyload\" src=\"data:image\/svg+xml;base64,PHN2ZyB3aWR0aD0iMSIgaGVpZ2h0PSIxIiB4bWxucz0iaHR0cDovL3d3dy53My5vcmcvMjAwMC9zdmciPjwvc3ZnPg==\" style=\"--smush-placeholder-width: 1200px; --smush-placeholder-aspect-ratio: 1200\/799;\" \/><figcaption class=\"wp-element-caption\">Foto: D\u00f6vl\u0259t \u015e\u0259h\u0259rsalma v\u0259 Arxitektura Komit\u0259si<\/figcaption><\/figure>\n<\/div>\n\n\n<p>\u201c<em>Amma ekosistemin \u0259sas sah\u0259l\u0259rind\u0259n biri olan tikinti sektoru, x\u00fcsusil\u0259 m\u0259nzil tikintisi, dey\u0259s\u0259n, priorotetl\u0259rd\u0259n uzaqla\u015f\u0131b, ya da ba\u015fqa \u015f\u0259h\u0259rl\u0259r\u0259 do\u011fru uzan\u0131b. Bel\u0259 olmasayd\u0131, 2027-ci ild\u0259 adamba\u015f\u0131na d\u00fc\u015f\u0259n m\u0259nzil sah\u0259si 23,6 kv.m-d\u0259n c\u0259mi 1,2 kv.m art\u0131mla 2040-c\u0131 ild\u0259 24,8-d\u0259 dayanmazd\u0131\u2026\u201d.<\/em><\/p>\n\n\n\n<p>Ekspert bildirir ki, \u0259n maraql\u0131 v\u0259 layih\u0259nin ilkin m\u0259rh\u0259l\u0259si \u00fc\u00e7\u00fcn n\u0259z\u0259rd\u0259 tutulan \u201cUlduz\u201d metrostansiyas\u0131 \u0259traf\u0131ndak\u0131 100 hektarl\u0131q s\u0259naye \u0259razisinin yenid\u0259n qurulmas\u0131 v\u0259 Heyd\u0259r \u018fliyev Beyn\u0259lxalq Hava Liman\u0131 yax\u0131nl\u0131\u011f\u0131nda yeni xidm\u0259t sah\u0259l\u0259rinin inki\u015faf\u0131 il\u0259 ba\u011fl\u0131 prioritetl\u0259rdir.<\/p>\n\n\n\n<p>Onun s\u00f6zl\u0259rin\u0259 g\u00f6r\u0259, x\u00fcsusil\u0259 \u201cUlduz\u201d metrosu t\u0259r\u0259fd\u0259ki s\u0259naye istiqam\u0259tinin i\u00e7\u0259risind\u0259 \u00f6lk\u0259nin in\u015faat materiallar\u0131 idxal\u0131n\u0131n azald\u0131lmas\u0131 s\u0259n\u0259dd\u0259 x\u00fcsusi olaraq qabard\u0131l\u0131r, amma bunun t\u0259qrib\u0259n 3-4 kilometr \u0259razid\u0259 yarad\u0131lacaq 60 ha-l\u0131q B\u00f6y\u00fck\u015for ekoloji park\u0131na uy\u011fun olub-olmamas\u0131 yaddan \u00e7\u0131xar\u0131l\u0131r.<\/p>\n\n\n\n<p>\u0130qtisad\u00e7\u0131 Natiq C\u0259f\u0259rli is\u0259 Ba\u015f plan\u0131n maliyy\u0259 y\u00fck\u00fc v\u0259 probleml\u0259rin h\u0259lli yolundan dan\u0131\u015f\u0131b. Deyir, plan qurark\u0259n r\u0259q\u0259ml\u0259rin, m\u0259lumatlar\u0131n d\u0259qiqliyi \u00e7ox \u00f6n\u0259mlidir, amma plan \u0259vv\u0259ld\u0259n yanl\u0131\u015f r\u0259q\u0259ml\u0259rl\u0259 ba\u015flay\u0131r, deyirl\u0259r ki, guya, Bak\u0131da c\u0259mi 2,6 mln. \u0259hali ya\u015fay\u0131r, 2040-da bu r\u0259q\u0259m 3,2 mln. olacaq:<\/p>\n\n\n<div class=\"wp-block-image\">\n<figure class=\"alignright size-large is-resized\"><img decoding=\"async\" data-src=\"https:\/\/www.meydan.tv\/wp-content\/uploads\/natiq_cafarli-1200x800.jpg\" alt=\"Natiq C\u0259f\u0259rli\" class=\"wp-image-209935 lazyload\" style=\"--smush-placeholder-width: 1200px; --smush-placeholder-aspect-ratio: 1200\/800;width:412px;height:auto\" src=\"data:image\/svg+xml;base64,PHN2ZyB3aWR0aD0iMSIgaGVpZ2h0PSIxIiB4bWxucz0iaHR0cDovL3d3dy53My5vcmcvMjAwMC9zdmciPjwvc3ZnPg==\" \/><figcaption class=\"wp-element-caption\">Foto: Meydan.TV<\/figcaption><\/figure>\n<\/div>\n\n\n<p><\/p>\n\n\n\n<p><\/p>\n\n\n\n<p>\u201c<em>M\u0259nc\u0259, Bak\u0131da bu g\u00fcn art\u0131q 3,5 mln. n\u0259f\u0259r\u0259 yax\u0131n insan ya\u015fay\u0131r, qeydiyyat\u0131 regionlara, \u00f6z\u00fc is\u0259 Bak\u0131da ya\u015fayan y\u00fczminl\u0259rl\u0259 v\u0259t\u0259nda\u015f var, se\u00e7ki d\u00f6n\u0259ml\u0259rind\u0259, imza toplayanda bunu ayd\u0131n g\u00f6rm\u0259k m\u00fcmk\u00fcnd\u00fcr. Dem\u0259li, r\u0259q\u0259ml\u0259r art\u0131q yanl\u0131\u015f varsay\u0131mlar \u00fcz\u0259rind\u0259 qurulub\u201d.<\/em><\/p>\n\n\n\n<p>\u0130qtisad\u00e7\u0131 bildirir ki, planda 2040-c\u0131 il\u0259 q\u0259d\u0259r Bak\u0131ya 93,5 mlrd. manat investisiya qoyulaca\u011f\u0131 bildirilir, lakin h\u0259min v\u0259saitin haradan \u0259ld\u0259 olunaca\u011f\u0131 deyilmir:<\/p>\n\n\n\n<p>\u201c<em>Haradan alacaqlar o q\u0259d\u0259r pulu? Bu, il\u0259 6 mlrd. manata yax\u0131n v\u0259sait dem\u0259kdir. H\u0259l\u0259 Qaraba\u011f\u0131n b\u0259rpas\u0131na da ild\u0259, ortalama, 5 mlrd. manat laz\u0131m olacaq, y\u0259ni, 2040-c\u0131 il\u0259 q\u0259d\u0259r ild\u0259 t\u0259k bu iki istiqam\u0259t \u00fc\u00e7\u00fcn ild\u0259 11 mlrd. manat laz\u0131md\u0131r. Bu v\u0259saiti \u0259ld\u0259 etm\u0259k \u00fc\u00e7\u00fcn is\u0259 azad v\u0259 \u0259dal\u0259tli investisiya m\u00fchitin\u0259, b\u00f6y\u00fck iqtisadi art\u0131m tempin\u0259 ehtiyac var. Az\u0259rbaycan iqtisadiyyat\u0131 2023-d\u0259 MDB-d\u0259 \u0259n z\u0259if iqtisadi art\u0131m g\u00f6st\u0259r\u0259n \u00f6lk\u0259 oldu. \u00dcDM c\u0259mi 0,8% artd\u0131, D\u00fcnya Bank\u0131 v\u0259 BVF-nun proqnozlar\u0131na g\u00f6r\u0259, 2024-2025-ci ill\u0259rd\u0259 Az\u0259rbaycanda \u00dcDM 2,5 faiz civar\u0131nda artacaq. El\u0259 h\u0259min qurumlar\u0131n meyarlar\u0131na g\u00f6r\u0259 2,8 faizd\u0259n a\u015fa\u011f\u0131 \u00dcDM art\u0131m\u0131 ist\u0259nil\u0259n \u00f6lk\u0259d\u0259 iqtisadiyyat\u0131n t\u0259n\u0259zz\u00fcl t\u0259hl\u00fck\u0259sin\u0259 i\u015far\u0259dir\u201d.<\/em><\/p>\n\n\n\n<p>\u0130qtisad\u00e7\u0131 deyir ki, h\u00f6kum\u0259tin 16 il\u0259 Bak\u0131 v\u0259 Qaraba\u011fa, i\u015f\u011faldan azad edilmi\u015f torpaqlara 150-170 mlrd. manat\u0131 nec\u0259 \u0259ld\u0259 ed\u0259c\u0259yi sual alt\u0131ndad\u0131r:&nbsp;<\/p>\n\n\n\n<p>&#8220;<em>B\u0259s ba\u015fqa rayonlar, regionlar da var ax\u0131, onlara da ild\u0259 1-1,5 mlrd. manat laz\u0131md\u0131r, dem\u0259li, 16 il\u0259 bu x\u0259rcl\u0259r 200 mlrd. manata \u00e7atacaq. \u0130qtisadiyyat\u0131 bu g\u00fcn\u0259 qoyub nec\u0259 \u0259ld\u0259 ed\u0259c\u0259kl\u0259r o v\u0259saiti? Mikrosahibkarlara vergini 5 faizd\u0259n 20 faiz\u0259 qald\u0131r\u0131b, onlar\u0131 \u00e7\u00f6kd\u00fcrm\u0259kl\u0259mi?\u201d.<\/em><\/p>\n\n\n\n<p>\u0130qtisad\u00e7\u0131 d\u00fc\u015f\u00fcn\u00fcr ki, plan yax\u015f\u0131 ola bil\u0259r, lakin deyil\u0259n v\u0259saitin haradan \u0259ld\u0259 olunaca\u011f\u0131 m\u0259lum deyil.<\/p>\n\n\n\n<p>Bak\u0131n\u0131n ilk Ba\u015f plan\u0131 1898-ci ild\u0259 t\u0259rtib olunub. O vaxtdan b\u0259ri paytaxt\u0131n daha d\u00f6rd ba\u015f plan\u0131 haz\u0131rlan\u0131b. Sonuncu is\u0259 1986-c\u0131 ild\u0259 Az\u0259rbaycan SSR Nazirl\u0259r Sovetinin q\u0259rar\u0131 il\u0259 t\u0259sdiq olunub. Bu s\u0259n\u0259d 2005-ci il\u0259d\u0259k olan d\u00f6vr\u00fc \u0259hat\u0259 edib.<\/p>\n\n\n\n<p>2007-ci ild\u0259n is\u0259 &#8220;B\u00f6y\u00fck Bak\u0131n\u0131n regional inki\u015faf plan\u0131&#8221;n\u0131n haz\u0131rlanmas\u0131na ba\u015flan\u0131b. H\u0259min layih\u0259y\u0259 D\u00fcnya Bank\u0131 4 milyon, Az\u0259rbaycan h\u00f6kum\u0259ti d\u0259 1 milyon dollar kredit ay\u0131r\u0131b, lakin layih\u0259 realla\u015fmay\u0131b.<\/p>\n\n\n\n<p>N\u0259hay\u0259t, Ba\u015f nazir \u018fli \u018fs\u0259dov dekabr\u0131n 30-da Bak\u0131 \u015f\u0259h\u0259rinin Ba\u015f plan\u0131n\u0131 t\u0259sdiql\u0259y\u0259n q\u0259rar\u0131 imzalay\u0131b.<br>Q\u0259rara \u0259sas\u0259n, Bak\u0131n\u0131n inki\u015faf\u0131na dair bu plan 2040-c\u0131 il\u0259d\u0259k olan d\u00f6vr\u00fc \u0259hat\u0259 etm\u0259lidir.\u00a0<\/p>\n","protected":false},"excerpt":{"rendered":"<p>\u201cQaraba\u011fla b\u0259rab\u0259r yenid\u0259nqurmaya ild\u0259 t\u0259xmin\u0259n 11 milyard laz\u0131m olacaq\u201d \u00d6t\u0259n &#8230; <\/p>\n<p class=\"read-more-container\"><a title=\"\u0130qtisad\u00e7\u0131: Ba\u015f planda n\u0259z\u0259rd\u0259 tutulmu\u015f i\u015fl\u0259r \u00fc\u00e7\u00fcn v\u0259saiti haradan alacaqlar?\" class=\"read-more button\" href=\"https:\/\/www.meydan.tv\/az\/article\/iqtisadci-bas-planda-nezerde-tutulmus-isler-ucun-vesaiti-haradan-alacaqlar\/#more-294878\" aria-label=\"Read more about \u0130qtisad\u00e7\u0131: Ba\u015f planda n\u0259z\u0259rd\u0259 tutulmu\u015f i\u015fl\u0259r \u00fc\u00e7\u00fcn v\u0259saiti haradan alacaqlar?\">Davam\u0131<\/a><\/p>\n","protected":false},"author":8,"featured_media":225040,"comment_status":"closed","ping_status":"closed","sticky":false,"template":"","format":"standard","meta":{"_acf_changed":false,"_sitemap_exclude":false,"_sitemap_priority":"","_sitemap_frequency":"","footnotes":""},"categories":[62,79,56],"tags":[],"class_list":["post-294878","post","type-post","status-publish","format-standard","has-post-thumbnail","hentry","category-sosial","category-featured","category-xeberler","infinite-scroll-item","generate-columns","tablet-grid-50","mobile-grid-100","grid-parent","grid-33","no-featured-image-padding"],"acf":[],"yoast_head":"<!-- This site is optimized with the Yoast SEO plugin v27.5 - https:\/\/yoast.com\/product\/yoast-seo-wordpress\/ -->\n<title>\u0130qtisad\u00e7\u0131: Ba\u015f planda n\u0259z\u0259rd\u0259 tutulmu\u015f i\u015fl\u0259r \u00fc\u00e7\u00fcn v\u0259saiti haradan alacaqlar? - MEYDAN.TV<\/title>\n<meta name=\"robots\" content=\"index, follow, max-snippet:-1, max-image-preview:large, max-video-preview:-1\" \/>\n<link rel=\"canonical\" href=\"https:\/\/www.meydan.tv\/az\/article\/iqtisadci-bas-planda-nezerde-tutulmus-isler-ucun-vesaiti-haradan-alacaqlar\/\" \/>\n<meta property=\"og:locale\" content=\"az_AZ\" \/>\n<meta property=\"og:type\" content=\"article\" \/>\n<meta property=\"og:title\" content=\"\u0130qtisad\u00e7\u0131: Ba\u015f planda n\u0259z\u0259rd\u0259 tutulmu\u015f i\u015fl\u0259r \u00fc\u00e7\u00fcn v\u0259saiti haradan alacaqlar? - MEYDAN.TV\" \/>\n<meta property=\"og:description\" content=\"\u201cQaraba\u011fla b\u0259rab\u0259r yenid\u0259nqurmaya ild\u0259 t\u0259xmin\u0259n 11 milyard laz\u0131m olacaq\u201d \u00d6t\u0259n ... Davam\u0131\" \/>\n<meta property=\"og:url\" content=\"https:\/\/www.meydan.tv\/az\/article\/iqtisadci-bas-planda-nezerde-tutulmus-isler-ucun-vesaiti-haradan-alacaqlar\/\" \/>\n<meta property=\"og:site_name\" content=\"MEYDAN.TV\" \/>\n<meta property=\"article:published_time\" content=\"2024-01-09T10:04:12+00:00\" \/>\n<meta property=\"article:modified_time\" content=\"2024-01-09T10:04:17+00:00\" \/>\n<meta property=\"og:image\" content=\"https:\/\/www.meydan.tv\/wp-content\/uploads\/baki-1.jpg\" \/>\n\t<meta property=\"og:image:width\" content=\"1475\" \/>\n\t<meta property=\"og:image:height\" content=\"900\" \/>\n\t<meta property=\"og:image:type\" content=\"image\/jpeg\" \/>\n<meta name=\"author\" content=\"elli\" \/>\n<meta name=\"twitter:card\" content=\"summary_large_image\" \/>\n<meta name=\"twitter:creator\" content=\"@elli\" \/>\n<script type=\"application\/ld+json\" class=\"yoast-schema-graph\">{\"@context\":\"https:\\\/\\\/schema.org\",\"@graph\":[{\"@type\":\"Article\",\"@id\":\"https:\\\/\\\/www.meydan.tv\\\/az\\\/article\\\/iqtisadci-bas-planda-nezerde-tutulmus-isler-ucun-vesaiti-haradan-alacaqlar\\\/#article\",\"isPartOf\":{\"@id\":\"https:\\\/\\\/www.meydan.tv\\\/az\\\/article\\\/iqtisadci-bas-planda-nezerde-tutulmus-isler-ucun-vesaiti-haradan-alacaqlar\\\/\"},\"author\":{\"name\":\"elli\",\"@id\":\"https:\\\/\\\/www.meydan.tv\\\/az\\\/#\\\/schema\\\/person\\\/9cdbecf90d17180ce1dfbd95b08dcf47\"},\"headline\":\"\u0130qtisad\u00e7\u0131: Ba\u015f planda n\u0259z\u0259rd\u0259 tutulmu\u015f i\u015fl\u0259r \u00fc\u00e7\u00fcn v\u0259saiti haradan alacaqlar?\",\"datePublished\":\"2024-01-09T10:04:12+00:00\",\"dateModified\":\"2024-01-09T10:04:17+00:00\",\"mainEntityOfPage\":{\"@id\":\"https:\\\/\\\/www.meydan.tv\\\/az\\\/article\\\/iqtisadci-bas-planda-nezerde-tutulmus-isler-ucun-vesaiti-haradan-alacaqlar\\\/\"},\"wordCount\":1661,\"publisher\":{\"@id\":\"https:\\\/\\\/www.meydan.tv\\\/az\\\/#organization\"},\"image\":{\"@id\":\"https:\\\/\\\/www.meydan.tv\\\/az\\\/article\\\/iqtisadci-bas-planda-nezerde-tutulmus-isler-ucun-vesaiti-haradan-alacaqlar\\\/#primaryimage\"},\"thumbnailUrl\":\"https:\\\/\\\/www.meydan.tv\\\/wp-content\\\/uploads\\\/baki-1.jpg\",\"articleSection\":[\"Sosial\",\"T\u00f6vsiy\u0259\",\"X\u0259b\u0259rl\u0259r\"],\"inLanguage\":\"az\"},{\"@type\":\"WebPage\",\"@id\":\"https:\\\/\\\/www.meydan.tv\\\/az\\\/article\\\/iqtisadci-bas-planda-nezerde-tutulmus-isler-ucun-vesaiti-haradan-alacaqlar\\\/\",\"url\":\"https:\\\/\\\/www.meydan.tv\\\/az\\\/article\\\/iqtisadci-bas-planda-nezerde-tutulmus-isler-ucun-vesaiti-haradan-alacaqlar\\\/\",\"name\":\"\u0130qtisad\u00e7\u0131: Ba\u015f planda n\u0259z\u0259rd\u0259 tutulmu\u015f i\u015fl\u0259r \u00fc\u00e7\u00fcn v\u0259saiti haradan alacaqlar? - MEYDAN.TV\",\"isPartOf\":{\"@id\":\"https:\\\/\\\/www.meydan.tv\\\/az\\\/#website\"},\"primaryImageOfPage\":{\"@id\":\"https:\\\/\\\/www.meydan.tv\\\/az\\\/article\\\/iqtisadci-bas-planda-nezerde-tutulmus-isler-ucun-vesaiti-haradan-alacaqlar\\\/#primaryimage\"},\"image\":{\"@id\":\"https:\\\/\\\/www.meydan.tv\\\/az\\\/article\\\/iqtisadci-bas-planda-nezerde-tutulmus-isler-ucun-vesaiti-haradan-alacaqlar\\\/#primaryimage\"},\"thumbnailUrl\":\"https:\\\/\\\/www.meydan.tv\\\/wp-content\\\/uploads\\\/baki-1.jpg\",\"datePublished\":\"2024-01-09T10:04:12+00:00\",\"dateModified\":\"2024-01-09T10:04:17+00:00\",\"breadcrumb\":{\"@id\":\"https:\\\/\\\/www.meydan.tv\\\/az\\\/article\\\/iqtisadci-bas-planda-nezerde-tutulmus-isler-ucun-vesaiti-haradan-alacaqlar\\\/#breadcrumb\"},\"inLanguage\":\"az\",\"potentialAction\":[{\"@type\":\"ReadAction\",\"target\":[\"https:\\\/\\\/www.meydan.tv\\\/az\\\/article\\\/iqtisadci-bas-planda-nezerde-tutulmus-isler-ucun-vesaiti-haradan-alacaqlar\\\/\"]}]},{\"@type\":\"ImageObject\",\"inLanguage\":\"az\",\"@id\":\"https:\\\/\\\/www.meydan.tv\\\/az\\\/article\\\/iqtisadci-bas-planda-nezerde-tutulmus-isler-ucun-vesaiti-haradan-alacaqlar\\\/#primaryimage\",\"url\":\"https:\\\/\\\/www.meydan.tv\\\/wp-content\\\/uploads\\\/baki-1.jpg\",\"contentUrl\":\"https:\\\/\\\/www.meydan.tv\\\/wp-content\\\/uploads\\\/baki-1.jpg\",\"width\":1475,\"height\":900,\"caption\":\"Foto: Az\u0259rtac\"},{\"@type\":\"BreadcrumbList\",\"@id\":\"https:\\\/\\\/www.meydan.tv\\\/az\\\/article\\\/iqtisadci-bas-planda-nezerde-tutulmus-isler-ucun-vesaiti-haradan-alacaqlar\\\/#breadcrumb\",\"itemListElement\":[{\"@type\":\"ListItem\",\"position\":1,\"name\":\"Ana s\u0259hif\u0259\",\"item\":\"https:\\\/\\\/www.meydan.tv\\\/az\\\/\"},{\"@type\":\"ListItem\",\"position\":2,\"name\":\"X\u0259b\u0259rl\u0259r\",\"item\":\"https:\\\/\\\/www.meydan.tv\\\/az\\\/section\\\/xeberler\\\/\"},{\"@type\":\"ListItem\",\"position\":3,\"name\":\"\u0130qtisad\u00e7\u0131: Ba\u015f planda n\u0259z\u0259rd\u0259 tutulmu\u015f i\u015fl\u0259r \u00fc\u00e7\u00fcn v\u0259saiti haradan alacaqlar?\"}]},{\"@type\":\"WebSite\",\"@id\":\"https:\\\/\\\/www.meydan.tv\\\/az\\\/#website\",\"url\":\"https:\\\/\\\/www.meydan.tv\\\/az\\\/\",\"name\":\"MEYDAN.TV\",\"description\":\"Meydan TV Az\u0259rbaycan\u0131n media m\u0259kan\u0131ndak\u0131 alternativ s\u0259sidir\",\"publisher\":{\"@id\":\"https:\\\/\\\/www.meydan.tv\\\/az\\\/#organization\"},\"potentialAction\":[{\"@type\":\"SearchAction\",\"target\":{\"@type\":\"EntryPoint\",\"urlTemplate\":\"https:\\\/\\\/www.meydan.tv\\\/az\\\/?s={search_term_string}\"},\"query-input\":{\"@type\":\"PropertyValueSpecification\",\"valueRequired\":true,\"valueName\":\"search_term_string\"}}],\"inLanguage\":\"az\"},{\"@type\":\"Organization\",\"@id\":\"https:\\\/\\\/www.meydan.tv\\\/az\\\/#organization\",\"name\":\"Meydan TV\",\"url\":\"https:\\\/\\\/www.meydan.tv\\\/az\\\/\",\"logo\":{\"@type\":\"ImageObject\",\"inLanguage\":\"az\",\"@id\":\"https:\\\/\\\/www.meydan.tv\\\/az\\\/#\\\/schema\\\/logo\\\/image\\\/\",\"url\":\"https:\\\/\\\/www.meydan.tv\\\/wp-content\\\/uploads\\\/2021\\\/07\\\/meydan-logo.svg\",\"contentUrl\":\"https:\\\/\\\/www.meydan.tv\\\/wp-content\\\/uploads\\\/2021\\\/07\\\/meydan-logo.svg\",\"width\":195,\"height\":46,\"caption\":\"Meydan TV\"},\"image\":{\"@id\":\"https:\\\/\\\/www.meydan.tv\\\/az\\\/#\\\/schema\\\/logo\\\/image\\\/\"}},{\"@type\":\"Person\",\"@id\":\"https:\\\/\\\/www.meydan.tv\\\/az\\\/#\\\/schema\\\/person\\\/9cdbecf90d17180ce1dfbd95b08dcf47\",\"name\":\"elli\",\"sameAs\":[\"https:\\\/\\\/x.com\\\/elli\"]}]}<\/script>\n<!-- \/ Yoast SEO plugin. -->","yoast_head_json":{"title":"\u0130qtisad\u00e7\u0131: Ba\u015f planda n\u0259z\u0259rd\u0259 tutulmu\u015f i\u015fl\u0259r \u00fc\u00e7\u00fcn v\u0259saiti haradan alacaqlar? - MEYDAN.TV","robots":{"index":"index","follow":"follow","max-snippet":"max-snippet:-1","max-image-preview":"max-image-preview:large","max-video-preview":"max-video-preview:-1"},"canonical":"https:\/\/www.meydan.tv\/az\/article\/iqtisadci-bas-planda-nezerde-tutulmus-isler-ucun-vesaiti-haradan-alacaqlar\/","og_locale":"az_AZ","og_type":"article","og_title":"\u0130qtisad\u00e7\u0131: Ba\u015f planda n\u0259z\u0259rd\u0259 tutulmu\u015f i\u015fl\u0259r \u00fc\u00e7\u00fcn v\u0259saiti haradan alacaqlar? - MEYDAN.TV","og_description":"\u201cQaraba\u011fla b\u0259rab\u0259r yenid\u0259nqurmaya ild\u0259 t\u0259xmin\u0259n 11 milyard laz\u0131m olacaq\u201d \u00d6t\u0259n ... Davam\u0131","og_url":"https:\/\/www.meydan.tv\/az\/article\/iqtisadci-bas-planda-nezerde-tutulmus-isler-ucun-vesaiti-haradan-alacaqlar\/","og_site_name":"MEYDAN.TV","article_published_time":"2024-01-09T10:04:12+00:00","article_modified_time":"2024-01-09T10:04:17+00:00","og_image":[{"width":1475,"height":900,"url":"https:\/\/www.meydan.tv\/wp-content\/uploads\/baki-1.jpg","type":"image\/jpeg"}],"author":"elli","twitter_card":"summary_large_image","twitter_creator":"@elli","schema":{"@context":"https:\/\/schema.org","@graph":[{"@type":"Article","@id":"https:\/\/www.meydan.tv\/az\/article\/iqtisadci-bas-planda-nezerde-tutulmus-isler-ucun-vesaiti-haradan-alacaqlar\/#article","isPartOf":{"@id":"https:\/\/www.meydan.tv\/az\/article\/iqtisadci-bas-planda-nezerde-tutulmus-isler-ucun-vesaiti-haradan-alacaqlar\/"},"author":{"name":"elli","@id":"https:\/\/www.meydan.tv\/az\/#\/schema\/person\/9cdbecf90d17180ce1dfbd95b08dcf47"},"headline":"\u0130qtisad\u00e7\u0131: Ba\u015f planda n\u0259z\u0259rd\u0259 tutulmu\u015f i\u015fl\u0259r \u00fc\u00e7\u00fcn v\u0259saiti haradan alacaqlar?","datePublished":"2024-01-09T10:04:12+00:00","dateModified":"2024-01-09T10:04:17+00:00","mainEntityOfPage":{"@id":"https:\/\/www.meydan.tv\/az\/article\/iqtisadci-bas-planda-nezerde-tutulmus-isler-ucun-vesaiti-haradan-alacaqlar\/"},"wordCount":1661,"publisher":{"@id":"https:\/\/www.meydan.tv\/az\/#organization"},"image":{"@id":"https:\/\/www.meydan.tv\/az\/article\/iqtisadci-bas-planda-nezerde-tutulmus-isler-ucun-vesaiti-haradan-alacaqlar\/#primaryimage"},"thumbnailUrl":"https:\/\/www.meydan.tv\/wp-content\/uploads\/baki-1.jpg","articleSection":["Sosial","T\u00f6vsiy\u0259","X\u0259b\u0259rl\u0259r"],"inLanguage":"az"},{"@type":"WebPage","@id":"https:\/\/www.meydan.tv\/az\/article\/iqtisadci-bas-planda-nezerde-tutulmus-isler-ucun-vesaiti-haradan-alacaqlar\/","url":"https:\/\/www.meydan.tv\/az\/article\/iqtisadci-bas-planda-nezerde-tutulmus-isler-ucun-vesaiti-haradan-alacaqlar\/","name":"\u0130qtisad\u00e7\u0131: Ba\u015f planda n\u0259z\u0259rd\u0259 tutulmu\u015f i\u015fl\u0259r \u00fc\u00e7\u00fcn v\u0259saiti haradan alacaqlar? - MEYDAN.TV","isPartOf":{"@id":"https:\/\/www.meydan.tv\/az\/#website"},"primaryImageOfPage":{"@id":"https:\/\/www.meydan.tv\/az\/article\/iqtisadci-bas-planda-nezerde-tutulmus-isler-ucun-vesaiti-haradan-alacaqlar\/#primaryimage"},"image":{"@id":"https:\/\/www.meydan.tv\/az\/article\/iqtisadci-bas-planda-nezerde-tutulmus-isler-ucun-vesaiti-haradan-alacaqlar\/#primaryimage"},"thumbnailUrl":"https:\/\/www.meydan.tv\/wp-content\/uploads\/baki-1.jpg","datePublished":"2024-01-09T10:04:12+00:00","dateModified":"2024-01-09T10:04:17+00:00","breadcrumb":{"@id":"https:\/\/www.meydan.tv\/az\/article\/iqtisadci-bas-planda-nezerde-tutulmus-isler-ucun-vesaiti-haradan-alacaqlar\/#breadcrumb"},"inLanguage":"az","potentialAction":[{"@type":"ReadAction","target":["https:\/\/www.meydan.tv\/az\/article\/iqtisadci-bas-planda-nezerde-tutulmus-isler-ucun-vesaiti-haradan-alacaqlar\/"]}]},{"@type":"ImageObject","inLanguage":"az","@id":"https:\/\/www.meydan.tv\/az\/article\/iqtisadci-bas-planda-nezerde-tutulmus-isler-ucun-vesaiti-haradan-alacaqlar\/#primaryimage","url":"https:\/\/www.meydan.tv\/wp-content\/uploads\/baki-1.jpg","contentUrl":"https:\/\/www.meydan.tv\/wp-content\/uploads\/baki-1.jpg","width":1475,"height":900,"caption":"Foto: Az\u0259rtac"},{"@type":"BreadcrumbList","@id":"https:\/\/www.meydan.tv\/az\/article\/iqtisadci-bas-planda-nezerde-tutulmus-isler-ucun-vesaiti-haradan-alacaqlar\/#breadcrumb","itemListElement":[{"@type":"ListItem","position":1,"name":"Ana s\u0259hif\u0259","item":"https:\/\/www.meydan.tv\/az\/"},{"@type":"ListItem","position":2,"name":"X\u0259b\u0259rl\u0259r","item":"https:\/\/www.meydan.tv\/az\/section\/xeberler\/"},{"@type":"ListItem","position":3,"name":"\u0130qtisad\u00e7\u0131: Ba\u015f planda n\u0259z\u0259rd\u0259 tutulmu\u015f i\u015fl\u0259r \u00fc\u00e7\u00fcn v\u0259saiti haradan alacaqlar?"}]},{"@type":"WebSite","@id":"https:\/\/www.meydan.tv\/az\/#website","url":"https:\/\/www.meydan.tv\/az\/","name":"MEYDAN.TV","description":"Meydan TV Az\u0259rbaycan\u0131n media m\u0259kan\u0131ndak\u0131 alternativ s\u0259sidir","publisher":{"@id":"https:\/\/www.meydan.tv\/az\/#organization"},"potentialAction":[{"@type":"SearchAction","target":{"@type":"EntryPoint","urlTemplate":"https:\/\/www.meydan.tv\/az\/?s={search_term_string}"},"query-input":{"@type":"PropertyValueSpecification","valueRequired":true,"valueName":"search_term_string"}}],"inLanguage":"az"},{"@type":"Organization","@id":"https:\/\/www.meydan.tv\/az\/#organization","name":"Meydan TV","url":"https:\/\/www.meydan.tv\/az\/","logo":{"@type":"ImageObject","inLanguage":"az","@id":"https:\/\/www.meydan.tv\/az\/#\/schema\/logo\/image\/","url":"https:\/\/www.meydan.tv\/wp-content\/uploads\/2021\/07\/meydan-logo.svg","contentUrl":"https:\/\/www.meydan.tv\/wp-content\/uploads\/2021\/07\/meydan-logo.svg","width":195,"height":46,"caption":"Meydan TV"},"image":{"@id":"https:\/\/www.meydan.tv\/az\/#\/schema\/logo\/image\/"}},{"@type":"Person","@id":"https:\/\/www.meydan.tv\/az\/#\/schema\/person\/9cdbecf90d17180ce1dfbd95b08dcf47","name":"elli","sameAs":["https:\/\/x.com\/elli"]}]}},"_links":{"self":[{"href":"https:\/\/www.meydan.tv\/az\/wp-json\/wp\/v2\/posts\/294878","targetHints":{"allow":["GET"]}}],"collection":[{"href":"https:\/\/www.meydan.tv\/az\/wp-json\/wp\/v2\/posts"}],"about":[{"href":"https:\/\/www.meydan.tv\/az\/wp-json\/wp\/v2\/types\/post"}],"author":[{"embeddable":true,"href":"https:\/\/www.meydan.tv\/az\/wp-json\/wp\/v2\/users\/8"}],"replies":[{"embeddable":true,"href":"https:\/\/www.meydan.tv\/az\/wp-json\/wp\/v2\/comments?post=294878"}],"version-history":[{"count":3,"href":"https:\/\/www.meydan.tv\/az\/wp-json\/wp\/v2\/posts\/294878\/revisions"}],"predecessor-version":[{"id":294893,"href":"https:\/\/www.meydan.tv\/az\/wp-json\/wp\/v2\/posts\/294878\/revisions\/294893"}],"wp:featuredmedia":[{"embeddable":true,"href":"https:\/\/www.meydan.tv\/az\/wp-json\/wp\/v2\/media\/225040"}],"wp:attachment":[{"href":"https:\/\/www.meydan.tv\/az\/wp-json\/wp\/v2\/media?parent=294878"}],"wp:term":[{"taxonomy":"category","embeddable":true,"href":"https:\/\/www.meydan.tv\/az\/wp-json\/wp\/v2\/categories?post=294878"},{"taxonomy":"post_tag","embeddable":true,"href":"https:\/\/www.meydan.tv\/az\/wp-json\/wp\/v2\/tags?post=294878"}],"curies":[{"name":"wp","href":"https:\/\/api.w.org\/{rel}","templated":true}]}}