{"id":294794,"date":"2024-01-08T12:28:15","date_gmt":"2024-01-08T08:28:15","guid":{"rendered":"https:\/\/www.meydan.tv\/?p=294794"},"modified":"2024-01-08T12:28:20","modified_gmt":"2024-01-08T08:28:20","slug":"rejissor-kino-istehsalina-vergi-guzestlerini-sou-adlandirdi","status":"publish","type":"post","link":"https:\/\/www.meydan.tv\/az\/article\/rejissor-kino-istehsalina-vergi-guzestlerini-sou-adlandirdi\/","title":{"rendered":"Rejissor kino istehsal\u0131na vergi g\u00fcz\u0259\u015ftl\u0259rini \u201c\u015fou\u201d adland\u0131rd\u0131"},"content":{"rendered":"\n<p><\/p>\n\n\n\n<p><em><strong>\u201cAz\u0259rbaycanda kino istehsal\u0131ndan he\u00e7 bir g\u0259lir \u0259ld\u0259 edilmir\u201d<\/strong><\/em><\/p>\n\n\n\n<p>Az\u0259rbaycanda film istehsal\u0131 \u00fc\u00e7\u00fcn vergi g\u00fcz\u0259\u015ftl\u0259rinin t\u0259tbiqin\u0259 ba\u015flan\u0131l\u0131b.<\/p>\n\n\n\n<p>\u201cVergi M\u0259c\u0259ll\u0259si\u201dn\u0259 edil\u0259n d\u0259yi\u015fiklikl\u0259r\u0259 \u0259sas\u0259n, Az\u0259rbaycanda qeydiyyatdan ke\u00e7\u0259n v\u0259 filmin istehsal\u0131n\u0131, habel\u0259 dublyaj\u0131n\u0131 h\u0259yata ke\u00e7ir\u0259n kinematoqrafiya m\u00fc\u0259ssis\u0259sinin sahibkarl\u0131q f\u0259aliyy\u0259tind\u0259n \u0259ld\u0259 etdikl\u0259ri m\u0259nf\u0259\u0259tin 75 faizi bu il yanvar\u0131n 1-d\u0259n etibar\u0259n 3 illik vergid\u0259n azad olunub.<\/p>\n\n\n\n<p>Milli M\u0259clisin \u0130qtisadi siyas\u0259t, s\u0259naye v\u0259 sahibkarl\u0131q komit\u0259sinin \u00fczv\u00fc V\u00fcqar Bayramov deyir ki, g\u00fcz\u0259\u015ftl\u0259r mikro sahibkarl\u0131q subyekti olmayan m\u00fc\u0259ssis\u0259l\u0259r\u0259 \u015famil olunmaqla yana\u015f\u0131, n\u00f6vb\u0259ti 3 ild\u0259 q\u00fcvv\u0259d\u0259<a href=\"https:\/\/www.facebook.com\/photo?fbid=10233014634046069&amp;set=a.1929840403728\"> olacaq.<\/a><\/p>\n\n\n<div class=\"wp-block-image\">\n<figure class=\"alignright size-large is-resized\"><img decoding=\"async\" width=\"1200\" height=\"764\" data-src=\"https:\/\/www.meydan.tv\/wp-content\/uploads\/412185379-1200x764.jpg\" alt=\"V\u00fcqar Bayramov\" class=\"wp-image-121126 lazyload\" style=\"--smush-placeholder-width: 1200px; --smush-placeholder-aspect-ratio: 1200\/764;width:385px;height:auto\" src=\"data:image\/svg+xml;base64,PHN2ZyB3aWR0aD0iMSIgaGVpZ2h0PSIxIiB4bWxucz0iaHR0cDovL3d3dy53My5vcmcvMjAwMC9zdmciPjwvc3ZnPg==\" \/><figcaption class=\"wp-element-caption\">Foto: Meydan TV<\/figcaption><\/figure>\n<\/div>\n\n\n<p>\u201c<em>Bu g\u00fcz\u0259\u015ftl\u0259rin t\u0259tbiqi yerli film istehsal\u0131n\u0131n d\u0259st\u0259kl\u0259nm\u0259si bax\u0131m\u0131ndan vacib idi. Son ill\u0259r bu sektorda m\u00fc\u0259yy\u0259n aktivlik m\u00fc\u015fahid\u0259 olunsa da, h\u0259l\u0259 d\u0259 fundamental m\u0259hsullar\u0131n t\u0259qdimat\u0131nda \u00e7\u0259tinlikl\u0259r m\u00fc\u015fahid\u0259 olunur. Yeni g\u00fcz\u0259\u015ftl\u0259r kinematoqrafiya m\u00fc\u0259ssis\u0259l\u0259rinin g\u0259lirl\u0259rini art\u0131rmaqla yana\u015f\u0131, onlara re-investisiya imkanlar\u0131 da yaradacaq. Bunun is\u0259 film s\u0259nayesinin inki\u015faf\u0131na m\u00fcsb\u0259t t\u0259sir ed\u0259c\u0259yi g\u00f6zl\u0259nilir\u201d, &#8211;<\/em> V\u00fcqar Bayramov bildirib.<\/p>\n\n\n\n<p>Deputat film sektorunda vergi g\u00fcz\u0259\u015ftl\u0259rinin dair\u0259sinin daha da geni\u015fl\u0259ndirilm\u0259sini m\u0259qs\u0259d\u0259uy\u011fun say\u0131r:<\/p>\n\n\n\n<p><em>\u201cX\u00fcsus\u0259n d\u0259 kinematoqrafiya m\u00fc\u0259ssis\u0259l\u0259rinin x\u0259rcl\u0259rinin minimumla\u015fd\u0131ran g\u00fcz\u0259\u015ftl\u0259rin t\u0259tbiqin\u0259 ehtiyac var. Bu istiqam\u0259td\u0259 m\u00fczakir\u0259l\u0259r davam etdiril\u0259c\u0259k\u201d.<\/em><\/p>\n\n\n\n<p>Rejissor Elvin Ad\u0131g\u00f6z\u0259l Meydan TV-y\u0259 bildirib ki, Az\u0259rbaycanda kino istehsal\u0131ndan he\u00e7 bir g\u0259lir \u0259ld\u0259 edilmir.<\/p>\n\n\n<div class=\"wp-block-image\">\n<figure class=\"alignleft size-large is-resized\"><img decoding=\"async\" width=\"859\" height=\"821\" data-src=\"https:\/\/www.meydan.tv\/wp-content\/uploads\/126169066_3587604237969038_4608204005760211673_n-859x821.jpg\" alt=\"\" class=\"wp-image-289585 lazyload\" style=\"--smush-placeholder-width: 859px; --smush-placeholder-aspect-ratio: 859\/821;width:337px;height:auto\" src=\"data:image\/svg+xml;base64,PHN2ZyB3aWR0aD0iMSIgaGVpZ2h0PSIxIiB4bWxucz0iaHR0cDovL3d3dy53My5vcmcvMjAwMC9zdmciPjwvc3ZnPg==\" \/><figcaption class=\"wp-element-caption\">Elvin Ad\u0131g\u00f6z\u0259l, Foto: Facebook<\/figcaption><\/figure>\n<\/div>\n\n\n<p>Onun s\u00f6zl\u0259rin\u0259 g\u00f6r\u0259, edil\u0259n g\u00fcz\u0259\u015ft d\u0259 kinematoqrafiyada d\u0259yi\u015fiklik etm\u0259y\u0259c\u0259k:<\/p>\n\n\n\n<p>\u201c<em>Bu, sad\u0259c\u0259, g\u00fclm\u0259lidir. G\u0259lir o vaxt olar ki, Az\u0259rbaycanda kinoteatrlar olsun. G\u0259lir \u0259ld\u0259 ed\u0259 bilm\u0259y\u0259nd\u0259n sonra 75 faizd\u0259n azad olduq, ya olmad\u0131q \u2013 bu, he\u00e7 n\u0259yi d\u0259yi\u015fm\u0259y\u0259c\u0259k. Bir \u00f6lk\u0259d\u0259 ki kinoteatrlar yoxdur, kinoya pul ay\u0131rma mexanizmi formala\u015fmay\u0131b, kino qanunu yoxdursa, kinodan nec\u0259 g\u0259lir \u0259ld\u0259 etm\u0259k olar? Kino s\u0259nayesi olmayan yerd\u0259 kinodan g\u0259lir \u0259ld\u0259 edilm\u0259y\u0259n yerd\u0259, vergi g\u00fcz\u0259\u015ftinin olmas\u0131, absurddur. Olmayan \u015feyd\u0259n \u015fou yarad\u0131rlar\u201d<\/em>, \u2013 rejissor deyib.<\/p>\n","protected":false},"excerpt":{"rendered":"<p>\u201cAz\u0259rbaycanda kino istehsal\u0131ndan he\u00e7 bir g\u0259lir \u0259ld\u0259 edilmir\u201d Az\u0259rbaycanda film &#8230; <\/p>\n<p class=\"read-more-container\"><a title=\"Rejissor kino istehsal\u0131na vergi g\u00fcz\u0259\u015ftl\u0259rini \u201c\u015fou\u201d adland\u0131rd\u0131\" class=\"read-more button\" href=\"https:\/\/www.meydan.tv\/az\/article\/rejissor-kino-istehsalina-vergi-guzestlerini-sou-adlandirdi\/#more-294794\" aria-label=\"Read more about Rejissor kino istehsal\u0131na vergi g\u00fcz\u0259\u015ftl\u0259rini \u201c\u015fou\u201d adland\u0131rd\u0131\">Davam\u0131<\/a><\/p>\n","protected":false},"author":8,"featured_media":132020,"comment_status":"closed","ping_status":"closed","sticky":false,"template":"","format":"standard","meta":{"_acf_changed":false,"_sitemap_exclude":false,"_sitemap_priority":"","_sitemap_frequency":"","footnotes":""},"categories":[52,56],"tags":[],"class_list":["post-294794","post","type-post","status-publish","format-standard","has-post-thumbnail","hentry","category-medeniyyet","category-xeberler","infinite-scroll-item","generate-columns","tablet-grid-50","mobile-grid-100","grid-parent","grid-33","no-featured-image-padding"],"acf":[],"yoast_head":"<!-- This site is optimized with the Yoast SEO plugin v27.4 - https:\/\/yoast.com\/product\/yoast-seo-wordpress\/ -->\n<title>Rejissor kino istehsal\u0131na vergi g\u00fcz\u0259\u015ftl\u0259rini \u201c\u015fou\u201d adland\u0131rd\u0131 - MEYDAN.TV<\/title>\n<meta name=\"robots\" content=\"index, follow, max-snippet:-1, max-image-preview:large, max-video-preview:-1\" \/>\n<link rel=\"canonical\" href=\"https:\/\/www.meydan.tv\/az\/article\/rejissor-kino-istehsalina-vergi-guzestlerini-sou-adlandirdi\/\" \/>\n<meta property=\"og:locale\" content=\"az_AZ\" \/>\n<meta property=\"og:type\" content=\"article\" \/>\n<meta property=\"og:title\" content=\"Rejissor kino istehsal\u0131na vergi g\u00fcz\u0259\u015ftl\u0259rini \u201c\u015fou\u201d adland\u0131rd\u0131 - MEYDAN.TV\" \/>\n<meta property=\"og:description\" content=\"\u201cAz\u0259rbaycanda kino istehsal\u0131ndan he\u00e7 bir g\u0259lir \u0259ld\u0259 edilmir\u201d Az\u0259rbaycanda film ... Davam\u0131\" \/>\n<meta property=\"og:url\" content=\"https:\/\/www.meydan.tv\/az\/article\/rejissor-kino-istehsalina-vergi-guzestlerini-sou-adlandirdi\/\" \/>\n<meta property=\"og:site_name\" content=\"MEYDAN.TV\" \/>\n<meta property=\"article:published_time\" content=\"2024-01-08T08:28:15+00:00\" \/>\n<meta property=\"article:modified_time\" content=\"2024-01-08T08:28:20+00:00\" \/>\n<meta property=\"og:image\" content=\"https:\/\/www.meydan.tv\/wp-content\/uploads\/verrrgo.jpg\" \/>\n\t<meta property=\"og:image:width\" content=\"1120\" \/>\n\t<meta property=\"og:image:height\" content=\"630\" \/>\n\t<meta property=\"og:image:type\" content=\"image\/jpeg\" \/>\n<meta name=\"author\" content=\"elli\" \/>\n<meta name=\"twitter:card\" content=\"summary_large_image\" \/>\n<meta name=\"twitter:creator\" content=\"@elli\" \/>\n<script type=\"application\/ld+json\" class=\"yoast-schema-graph\">{\"@context\":\"https:\\\/\\\/schema.org\",\"@graph\":[{\"@type\":\"Article\",\"@id\":\"https:\\\/\\\/www.meydan.tv\\\/az\\\/article\\\/rejissor-kino-istehsalina-vergi-guzestlerini-sou-adlandirdi\\\/#article\",\"isPartOf\":{\"@id\":\"https:\\\/\\\/www.meydan.tv\\\/az\\\/article\\\/rejissor-kino-istehsalina-vergi-guzestlerini-sou-adlandirdi\\\/\"},\"author\":{\"name\":\"elli\",\"@id\":\"https:\\\/\\\/www.meydan.tv\\\/az\\\/#\\\/schema\\\/person\\\/9cdbecf90d17180ce1dfbd95b08dcf47\"},\"headline\":\"Rejissor kino istehsal\u0131na vergi g\u00fcz\u0259\u015ftl\u0259rini \u201c\u015fou\u201d adland\u0131rd\u0131\",\"datePublished\":\"2024-01-08T08:28:15+00:00\",\"dateModified\":\"2024-01-08T08:28:20+00:00\",\"mainEntityOfPage\":{\"@id\":\"https:\\\/\\\/www.meydan.tv\\\/az\\\/article\\\/rejissor-kino-istehsalina-vergi-guzestlerini-sou-adlandirdi\\\/\"},\"wordCount\":440,\"publisher\":{\"@id\":\"https:\\\/\\\/www.meydan.tv\\\/az\\\/#organization\"},\"image\":{\"@id\":\"https:\\\/\\\/www.meydan.tv\\\/az\\\/article\\\/rejissor-kino-istehsalina-vergi-guzestlerini-sou-adlandirdi\\\/#primaryimage\"},\"thumbnailUrl\":\"https:\\\/\\\/www.meydan.tv\\\/wp-content\\\/uploads\\\/verrrgo.jpg\",\"articleSection\":[\"M\u0259d\u0259niyy\u0259t\",\"X\u0259b\u0259rl\u0259r\"],\"inLanguage\":\"az\"},{\"@type\":\"WebPage\",\"@id\":\"https:\\\/\\\/www.meydan.tv\\\/az\\\/article\\\/rejissor-kino-istehsalina-vergi-guzestlerini-sou-adlandirdi\\\/\",\"url\":\"https:\\\/\\\/www.meydan.tv\\\/az\\\/article\\\/rejissor-kino-istehsalina-vergi-guzestlerini-sou-adlandirdi\\\/\",\"name\":\"Rejissor kino istehsal\u0131na vergi g\u00fcz\u0259\u015ftl\u0259rini \u201c\u015fou\u201d adland\u0131rd\u0131 - MEYDAN.TV\",\"isPartOf\":{\"@id\":\"https:\\\/\\\/www.meydan.tv\\\/az\\\/#website\"},\"primaryImageOfPage\":{\"@id\":\"https:\\\/\\\/www.meydan.tv\\\/az\\\/article\\\/rejissor-kino-istehsalina-vergi-guzestlerini-sou-adlandirdi\\\/#primaryimage\"},\"image\":{\"@id\":\"https:\\\/\\\/www.meydan.tv\\\/az\\\/article\\\/rejissor-kino-istehsalina-vergi-guzestlerini-sou-adlandirdi\\\/#primaryimage\"},\"thumbnailUrl\":\"https:\\\/\\\/www.meydan.tv\\\/wp-content\\\/uploads\\\/verrrgo.jpg\",\"datePublished\":\"2024-01-08T08:28:15+00:00\",\"dateModified\":\"2024-01-08T08:28:20+00:00\",\"breadcrumb\":{\"@id\":\"https:\\\/\\\/www.meydan.tv\\\/az\\\/article\\\/rejissor-kino-istehsalina-vergi-guzestlerini-sou-adlandirdi\\\/#breadcrumb\"},\"inLanguage\":\"az\",\"potentialAction\":[{\"@type\":\"ReadAction\",\"target\":[\"https:\\\/\\\/www.meydan.tv\\\/az\\\/article\\\/rejissor-kino-istehsalina-vergi-guzestlerini-sou-adlandirdi\\\/\"]}]},{\"@type\":\"ImageObject\",\"inLanguage\":\"az\",\"@id\":\"https:\\\/\\\/www.meydan.tv\\\/az\\\/article\\\/rejissor-kino-istehsalina-vergi-guzestlerini-sou-adlandirdi\\\/#primaryimage\",\"url\":\"https:\\\/\\\/www.meydan.tv\\\/wp-content\\\/uploads\\\/verrrgo.jpg\",\"contentUrl\":\"https:\\\/\\\/www.meydan.tv\\\/wp-content\\\/uploads\\\/verrrgo.jpg\",\"width\":1120,\"height\":630,\"caption\":\"Foto: Meydan TV\"},{\"@type\":\"BreadcrumbList\",\"@id\":\"https:\\\/\\\/www.meydan.tv\\\/az\\\/article\\\/rejissor-kino-istehsalina-vergi-guzestlerini-sou-adlandirdi\\\/#breadcrumb\",\"itemListElement\":[{\"@type\":\"ListItem\",\"position\":1,\"name\":\"Ana s\u0259hif\u0259\",\"item\":\"https:\\\/\\\/www.meydan.tv\\\/az\\\/\"},{\"@type\":\"ListItem\",\"position\":2,\"name\":\"M\u0259d\u0259niyy\u0259t\",\"item\":\"https:\\\/\\\/www.meydan.tv\\\/az\\\/section\\\/medeniyyet\\\/\"},{\"@type\":\"ListItem\",\"position\":3,\"name\":\"Rejissor kino istehsal\u0131na vergi g\u00fcz\u0259\u015ftl\u0259rini \u201c\u015fou\u201d adland\u0131rd\u0131\"}]},{\"@type\":\"WebSite\",\"@id\":\"https:\\\/\\\/www.meydan.tv\\\/az\\\/#website\",\"url\":\"https:\\\/\\\/www.meydan.tv\\\/az\\\/\",\"name\":\"MEYDAN.TV\",\"description\":\"Meydan TV Az\u0259rbaycan\u0131n media m\u0259kan\u0131ndak\u0131 alternativ s\u0259sidir\",\"publisher\":{\"@id\":\"https:\\\/\\\/www.meydan.tv\\\/az\\\/#organization\"},\"potentialAction\":[{\"@type\":\"SearchAction\",\"target\":{\"@type\":\"EntryPoint\",\"urlTemplate\":\"https:\\\/\\\/www.meydan.tv\\\/az\\\/?s={search_term_string}\"},\"query-input\":{\"@type\":\"PropertyValueSpecification\",\"valueRequired\":true,\"valueName\":\"search_term_string\"}}],\"inLanguage\":\"az\"},{\"@type\":\"Organization\",\"@id\":\"https:\\\/\\\/www.meydan.tv\\\/az\\\/#organization\",\"name\":\"Meydan TV\",\"url\":\"https:\\\/\\\/www.meydan.tv\\\/az\\\/\",\"logo\":{\"@type\":\"ImageObject\",\"inLanguage\":\"az\",\"@id\":\"https:\\\/\\\/www.meydan.tv\\\/az\\\/#\\\/schema\\\/logo\\\/image\\\/\",\"url\":\"https:\\\/\\\/www.meydan.tv\\\/wp-content\\\/uploads\\\/2021\\\/07\\\/meydan-logo.svg\",\"contentUrl\":\"https:\\\/\\\/www.meydan.tv\\\/wp-content\\\/uploads\\\/2021\\\/07\\\/meydan-logo.svg\",\"width\":195,\"height\":46,\"caption\":\"Meydan TV\"},\"image\":{\"@id\":\"https:\\\/\\\/www.meydan.tv\\\/az\\\/#\\\/schema\\\/logo\\\/image\\\/\"}},{\"@type\":\"Person\",\"@id\":\"https:\\\/\\\/www.meydan.tv\\\/az\\\/#\\\/schema\\\/person\\\/9cdbecf90d17180ce1dfbd95b08dcf47\",\"name\":\"elli\",\"sameAs\":[\"https:\\\/\\\/x.com\\\/elli\"]}]}<\/script>\n<!-- \/ Yoast SEO plugin. -->","yoast_head_json":{"title":"Rejissor kino istehsal\u0131na vergi g\u00fcz\u0259\u015ftl\u0259rini \u201c\u015fou\u201d adland\u0131rd\u0131 - MEYDAN.TV","robots":{"index":"index","follow":"follow","max-snippet":"max-snippet:-1","max-image-preview":"max-image-preview:large","max-video-preview":"max-video-preview:-1"},"canonical":"https:\/\/www.meydan.tv\/az\/article\/rejissor-kino-istehsalina-vergi-guzestlerini-sou-adlandirdi\/","og_locale":"az_AZ","og_type":"article","og_title":"Rejissor kino istehsal\u0131na vergi g\u00fcz\u0259\u015ftl\u0259rini \u201c\u015fou\u201d adland\u0131rd\u0131 - MEYDAN.TV","og_description":"\u201cAz\u0259rbaycanda kino istehsal\u0131ndan he\u00e7 bir g\u0259lir \u0259ld\u0259 edilmir\u201d Az\u0259rbaycanda film ... Davam\u0131","og_url":"https:\/\/www.meydan.tv\/az\/article\/rejissor-kino-istehsalina-vergi-guzestlerini-sou-adlandirdi\/","og_site_name":"MEYDAN.TV","article_published_time":"2024-01-08T08:28:15+00:00","article_modified_time":"2024-01-08T08:28:20+00:00","og_image":[{"width":1120,"height":630,"url":"https:\/\/www.meydan.tv\/wp-content\/uploads\/verrrgo.jpg","type":"image\/jpeg"}],"author":"elli","twitter_card":"summary_large_image","twitter_creator":"@elli","schema":{"@context":"https:\/\/schema.org","@graph":[{"@type":"Article","@id":"https:\/\/www.meydan.tv\/az\/article\/rejissor-kino-istehsalina-vergi-guzestlerini-sou-adlandirdi\/#article","isPartOf":{"@id":"https:\/\/www.meydan.tv\/az\/article\/rejissor-kino-istehsalina-vergi-guzestlerini-sou-adlandirdi\/"},"author":{"name":"elli","@id":"https:\/\/www.meydan.tv\/az\/#\/schema\/person\/9cdbecf90d17180ce1dfbd95b08dcf47"},"headline":"Rejissor kino istehsal\u0131na vergi g\u00fcz\u0259\u015ftl\u0259rini \u201c\u015fou\u201d adland\u0131rd\u0131","datePublished":"2024-01-08T08:28:15+00:00","dateModified":"2024-01-08T08:28:20+00:00","mainEntityOfPage":{"@id":"https:\/\/www.meydan.tv\/az\/article\/rejissor-kino-istehsalina-vergi-guzestlerini-sou-adlandirdi\/"},"wordCount":440,"publisher":{"@id":"https:\/\/www.meydan.tv\/az\/#organization"},"image":{"@id":"https:\/\/www.meydan.tv\/az\/article\/rejissor-kino-istehsalina-vergi-guzestlerini-sou-adlandirdi\/#primaryimage"},"thumbnailUrl":"https:\/\/www.meydan.tv\/wp-content\/uploads\/verrrgo.jpg","articleSection":["M\u0259d\u0259niyy\u0259t","X\u0259b\u0259rl\u0259r"],"inLanguage":"az"},{"@type":"WebPage","@id":"https:\/\/www.meydan.tv\/az\/article\/rejissor-kino-istehsalina-vergi-guzestlerini-sou-adlandirdi\/","url":"https:\/\/www.meydan.tv\/az\/article\/rejissor-kino-istehsalina-vergi-guzestlerini-sou-adlandirdi\/","name":"Rejissor kino istehsal\u0131na vergi g\u00fcz\u0259\u015ftl\u0259rini \u201c\u015fou\u201d adland\u0131rd\u0131 - MEYDAN.TV","isPartOf":{"@id":"https:\/\/www.meydan.tv\/az\/#website"},"primaryImageOfPage":{"@id":"https:\/\/www.meydan.tv\/az\/article\/rejissor-kino-istehsalina-vergi-guzestlerini-sou-adlandirdi\/#primaryimage"},"image":{"@id":"https:\/\/www.meydan.tv\/az\/article\/rejissor-kino-istehsalina-vergi-guzestlerini-sou-adlandirdi\/#primaryimage"},"thumbnailUrl":"https:\/\/www.meydan.tv\/wp-content\/uploads\/verrrgo.jpg","datePublished":"2024-01-08T08:28:15+00:00","dateModified":"2024-01-08T08:28:20+00:00","breadcrumb":{"@id":"https:\/\/www.meydan.tv\/az\/article\/rejissor-kino-istehsalina-vergi-guzestlerini-sou-adlandirdi\/#breadcrumb"},"inLanguage":"az","potentialAction":[{"@type":"ReadAction","target":["https:\/\/www.meydan.tv\/az\/article\/rejissor-kino-istehsalina-vergi-guzestlerini-sou-adlandirdi\/"]}]},{"@type":"ImageObject","inLanguage":"az","@id":"https:\/\/www.meydan.tv\/az\/article\/rejissor-kino-istehsalina-vergi-guzestlerini-sou-adlandirdi\/#primaryimage","url":"https:\/\/www.meydan.tv\/wp-content\/uploads\/verrrgo.jpg","contentUrl":"https:\/\/www.meydan.tv\/wp-content\/uploads\/verrrgo.jpg","width":1120,"height":630,"caption":"Foto: Meydan TV"},{"@type":"BreadcrumbList","@id":"https:\/\/www.meydan.tv\/az\/article\/rejissor-kino-istehsalina-vergi-guzestlerini-sou-adlandirdi\/#breadcrumb","itemListElement":[{"@type":"ListItem","position":1,"name":"Ana s\u0259hif\u0259","item":"https:\/\/www.meydan.tv\/az\/"},{"@type":"ListItem","position":2,"name":"M\u0259d\u0259niyy\u0259t","item":"https:\/\/www.meydan.tv\/az\/section\/medeniyyet\/"},{"@type":"ListItem","position":3,"name":"Rejissor kino istehsal\u0131na vergi g\u00fcz\u0259\u015ftl\u0259rini \u201c\u015fou\u201d adland\u0131rd\u0131"}]},{"@type":"WebSite","@id":"https:\/\/www.meydan.tv\/az\/#website","url":"https:\/\/www.meydan.tv\/az\/","name":"MEYDAN.TV","description":"Meydan TV Az\u0259rbaycan\u0131n media m\u0259kan\u0131ndak\u0131 alternativ s\u0259sidir","publisher":{"@id":"https:\/\/www.meydan.tv\/az\/#organization"},"potentialAction":[{"@type":"SearchAction","target":{"@type":"EntryPoint","urlTemplate":"https:\/\/www.meydan.tv\/az\/?s={search_term_string}"},"query-input":{"@type":"PropertyValueSpecification","valueRequired":true,"valueName":"search_term_string"}}],"inLanguage":"az"},{"@type":"Organization","@id":"https:\/\/www.meydan.tv\/az\/#organization","name":"Meydan TV","url":"https:\/\/www.meydan.tv\/az\/","logo":{"@type":"ImageObject","inLanguage":"az","@id":"https:\/\/www.meydan.tv\/az\/#\/schema\/logo\/image\/","url":"https:\/\/www.meydan.tv\/wp-content\/uploads\/2021\/07\/meydan-logo.svg","contentUrl":"https:\/\/www.meydan.tv\/wp-content\/uploads\/2021\/07\/meydan-logo.svg","width":195,"height":46,"caption":"Meydan TV"},"image":{"@id":"https:\/\/www.meydan.tv\/az\/#\/schema\/logo\/image\/"}},{"@type":"Person","@id":"https:\/\/www.meydan.tv\/az\/#\/schema\/person\/9cdbecf90d17180ce1dfbd95b08dcf47","name":"elli","sameAs":["https:\/\/x.com\/elli"]}]}},"_links":{"self":[{"href":"https:\/\/www.meydan.tv\/az\/wp-json\/wp\/v2\/posts\/294794","targetHints":{"allow":["GET"]}}],"collection":[{"href":"https:\/\/www.meydan.tv\/az\/wp-json\/wp\/v2\/posts"}],"about":[{"href":"https:\/\/www.meydan.tv\/az\/wp-json\/wp\/v2\/types\/post"}],"author":[{"embeddable":true,"href":"https:\/\/www.meydan.tv\/az\/wp-json\/wp\/v2\/users\/8"}],"replies":[{"embeddable":true,"href":"https:\/\/www.meydan.tv\/az\/wp-json\/wp\/v2\/comments?post=294794"}],"version-history":[{"count":3,"href":"https:\/\/www.meydan.tv\/az\/wp-json\/wp\/v2\/posts\/294794\/revisions"}],"predecessor-version":[{"id":294796,"href":"https:\/\/www.meydan.tv\/az\/wp-json\/wp\/v2\/posts\/294794\/revisions\/294796"}],"wp:featuredmedia":[{"embeddable":true,"href":"https:\/\/www.meydan.tv\/az\/wp-json\/wp\/v2\/media\/132020"}],"wp:attachment":[{"href":"https:\/\/www.meydan.tv\/az\/wp-json\/wp\/v2\/media?parent=294794"}],"wp:term":[{"taxonomy":"category","embeddable":true,"href":"https:\/\/www.meydan.tv\/az\/wp-json\/wp\/v2\/categories?post=294794"},{"taxonomy":"post_tag","embeddable":true,"href":"https:\/\/www.meydan.tv\/az\/wp-json\/wp\/v2\/tags?post=294794"}],"curies":[{"name":"wp","href":"https:\/\/api.w.org\/{rel}","templated":true}]}}