{"id":294771,"date":"2024-01-07T16:42:29","date_gmt":"2024-01-07T12:42:29","guid":{"rendered":"https:\/\/www.meydan.tv\/?p=294771"},"modified":"2024-01-07T16:42:32","modified_gmt":"2024-01-07T12:42:32","slug":"prorektorun-qetline-gore-mehkeme-qarsisina-cixarilanlar-institut-rehberi-polis-mayoru","status":"publish","type":"post","link":"https:\/\/www.meydan.tv\/az\/article\/prorektorun-qetline-gore-mehkeme-qarsisina-cixarilanlar-institut-rehberi-polis-mayoru\/","title":{"rendered":"Prorektorun q\u0259tlin\u0259 g\u00f6r\u0259 m\u0259hk\u0259m\u0259 qar\u015f\u0131s\u0131na \u00e7\u0131xar\u0131lanlar: institut r\u0259hb\u0259ri, polis mayoru&#8230;"},"content":{"rendered":"\n<p><\/p>\n\n\n\n<p><strong><em>T\u0259qsirl\u0259ndiril\u0259n \u015f\u0259xs bildiri\u015fi almad\u0131\u011f\u0131ndan proses t\u0259xir\u0259 sal\u0131n\u0131b<\/em><\/strong><\/p>\n\n\n\n<p>T\u0259f\u0259kk\u00fcr Universitetinin prorektoru Tariyel \u018fhm\u0259dovun 2011-ci ild\u0259 q\u0259tl\u0259 yetirilm\u0259si il\u0259 \u0259laq\u0259dar m\u0259hk\u0259m\u0259 prosesi ba\u015flay\u0131b. Q\u0259tld\u0259 ittiham olunan \u00fc\u00e7 n\u0259f\u0259rin \u2013 M\u00fc\u015ffiq Ataki\u015fiyev, D\u0259yan\u0259t Quliyev v\u0259 Samir Quliyevin i\u015fin\u0259 Bak\u0131 A\u011f\u0131r Cinay\u0259tl\u0259r M\u0259hk\u0259m\u0259sind\u0259 bax\u0131l\u0131r.<\/p>\n\n\n\n<p>Bu i\u015f Siyavu\u015f Hac\u0131yevin s\u0259drlik etdiyi, \u015e\u0259lal\u0259 H\u0259s\u0259nova v\u0259 V\u00fcqar Quliyevd\u0259n ibar\u0259t hakiml\u0259r kollegiyas\u0131n\u0131n icraat\u0131ndad\u0131r.<\/p>\n\n\n\n<p>Yanvar\u0131n 7-d\u0259 m\u0259hk\u0259m\u0259nin haz\u0131rl\u0131q iclas\u0131nda t\u0259qsirl\u0259ndiril\u0259n \u015f\u0259xsl\u0259rin anket m\u0259lumatlar\u0131 d\u0259qiql\u0259\u015fdirilib.<\/p>\n\n\n\n<p>M\u00fc\u015ffiq Ataki\u015fiyev ill\u0259r \u00f6nc\u0259 T\u0259f\u0259kk\u00fcr Universitetinin rektoru olub. O, 2023-c\u00fc ild\u0259 h\u0259bs olunanda Elm v\u0259 T\u0259hsil Nazirliyinin tabeliyind\u0259ki \u0130qtisadiyyat \u0130nstitutunun icra\u00e7\u0131 direktoru idi. M\u00fc\u015ffiq Ataki\u015fiyev eyni zamanda, \u0130qtisadiyyat \u0130nstitutunun n\u0259zdind\u0259 \u0130qtisad elml\u0259ri sah\u0259sind\u0259 doktorluq dissertasiyas\u0131 \u015furas\u0131n\u0131n s\u0259dri olub.<\/p>\n\n\n\n<p>1966-c\u0131 il t\u0259v\u0259ll\u00fcdl\u00fc M\u00fc\u015ffiq Ataki\u015fiyev rektor oldu\u011fu d\u00f6vrd\u0259 prorektorun q\u0259tlini sifari\u015f etm\u0259kd\u0259 ittiham olunur.<\/p>\n\n\n\n<p>Dig\u0259r t\u0259qsirl\u0259ndiril\u0259n \u015f\u0259xsl\u0259rd\u0259n D\u0259yan\u0259t Quliyev is\u0259 20 il (2000-2020) daxili i\u015fl\u0259r orqanlar\u0131nda \u00e7al\u0131\u015f\u0131b, polis zabiti olub. O, uzun ill\u0259r Bin\u0259q\u0259di Rayon Polis \u0130dar\u0259sinin 7-ci polis b\u00f6lm\u0259sind\u0259 mayor r\u00fctb\u0259sind\u0259 \u0259m\u0259liyyat m\u00fcv\u0259kkili i\u015fl\u0259yib. 2011-ci ild\u0259 Tariyel \u018fhm\u0259dov q\u0259tl\u0259 yetiril\u0259n vaxtda o, polis zabiti kimi, daxili i\u015fl\u0259r orqanlar\u0131nda xidm\u0259t edirmi\u015f.<br>\u00dc\u00e7\u00fcnc\u00fc t\u0259qsirl\u0259ndiril\u0259n Samir Quliyev is\u0259 taksi s\u00fcr\u00fcc\u00fcs\u00fc olub. O, D\u0259yan\u0259t Quliyevin h\u0259mk\u0259ndlisidir.<\/p>\n\n\n\n<p>M\u0259hk\u0259m\u0259nin haz\u0131rl\u0131q iclas\u0131nda bir s\u0131ra m\u0259lumatlar d\u0259qiql\u0259\u015fdiril\u0259nd\u0259 t\u0259qsirl\u0259ndiril\u0259n \u015f\u0259xsl\u0259r deyibl\u0259r ki, m\u0259hk\u0259m\u0259 bildiri\u015fl\u0259rini almay\u0131blar. H\u0259min bildiri\u015fl\u0259rd\u0259 t\u0259qsirl\u0259ndiril\u0259n \u015f\u0259xsl\u0259rin h\u00fcquq v\u0259 v\u0259zif\u0259l\u0259ri \u0259ks olunur.<\/p>\n\n\n\n<p>Qanuna g\u00f6r\u0259, t\u0259qsirl\u0259ndiril\u0259n \u015f\u0259xs bildiri\u015fi almadan m\u0259hk\u0259m\u0259 prosesi ba\u015flaya bilm\u0259z. Bu s\u0259b\u0259bd\u0259n proses yanvar\u0131n 17-n\u0259 t\u0259xir\u0259 sal\u0131n\u0131b.<\/p>\n\n\n\n<p>1942-ci il t\u0259v\u0259ll\u00fcdl\u00fc Tariyel \u018fhm\u0259dovun meyiti 2011-ci il sentyabr\u0131n 16-da ya\u015fad\u0131\u011f\u0131 binan\u0131n yax\u0131nl\u0131\u011f\u0131nda tap\u0131l\u0131b. Uzun m\u00fcdd\u0259t cinay\u0259tin \u00fcst\u00fc a\u00e7\u0131lmay\u0131b. 12 il sonra &#8211; 2023-c\u00fc ilin aprelind\u0259 1977-ci il t\u0259v\u0259ll\u00fcdl\u00fc D\u0259yan\u0259t Quliyev bu cinay\u0259ti t\u00f6r\u0259tm\u0259kd\u0259 t\u0259qsirl\u0259ndiril\u0259r\u0259k h\u0259bs olunub. \u0130ddia edilib ki, D\u0259yan\u0259t Quliyev prorektoru tamah m\u0259qs\u0259dil\u0259 \u00f6ld\u00fcr\u00fcb.<\/p>\n\n\n\n<p>\u0130ndi is\u0259 ittihamda g\u00f6st\u0259rilib ki, Tariyel \u018fhm\u0259dovu D\u0259yan\u0259t Quliyev yox, onun h\u0259mk\u0259ndlisi Samir Quliyev q\u0259tl\u0259 yetirib. Onun bu cinay\u0259ti sifari\u015fl\u0259 v\u0259 40 min dollar pul m\u00fcqabilind\u0259 h\u0259yata ke\u00e7irdiyi iddia olunur.<\/p>\n\n\n\n<p>\u0130ttihama g\u00f6r\u0259, sifari\u015f\u00e7i d\u0259 o d\u00f6vrd\u0259 T\u0259f\u0259kk\u00fcr Universitetinin rektoru olan M\u00fc\u015ffiq Ataki\u015fiyevdir. Daha d\u0259qiqi, o, sifari\u015fi qohumu D\u0259yan\u0259t Quliyev\u0259 verib. O is\u0259 h\u0259mk\u0259ndlisini bu i\u015f\u0259 c\u0259lb edib.<br>\u0130ddia olunur ki, M\u00fc\u015ffiq Ataki\u015fiyev Tariyel \u018fhm\u0259dovu i\u015fg\u00fczar n\u00fcfuzuna, rektor v\u0259zif\u0259sind\u0259 qalmas\u0131na mane\u0259 kimi q\u0259bul edib, buna g\u00f6r\u0259 d\u0259 onun q\u0259tlini sifari\u015f verib.<\/p>\n\n\n\n<p>\u00d6nc\u0259 D\u0259yan\u0259t Quliyev h\u0259bs olunub. H\u0259m M\u00fc\u015ffiq Ataki\u015fiyev, h\u0259m d\u0259 Samir Quliyev bir ne\u00e7\u0259 ay sonra h\u0259bs edilib.<\/p>\n\n\n\n<p>Onlara Cinay\u0259t M\u0259c\u0259ll\u0259sinin 120.2.5-ci (tamah m\u0259qs\u0259dil\u0259 q\u0259sd\u0259n adam \u00f6ld\u00fcrm\u0259) madd\u0259sil\u0259 ittiham verilib.<\/p>\n\n\n\n<p>Tariyel \u018fhm\u0259dovun q\u0259tlin\u0259 g\u00f6r\u0259 h\u0259bs olunan \u015f\u0259xsl\u0259rin onlara qar\u015f\u0131 ir\u0259li s\u00fcr\u00fcl\u0259n ittihama m\u00fcnasib\u0259ti, \u00f6zl\u0259rini t\u0259qsirli bilib-bilm\u0259dikl\u0259ri m\u0259lum deyil.<\/p>\n\n\n\n<p>M\u00fc\u015ffiq Ataki\u015fiyev Az\u0259rbaycan Neft v\u0259 Kimya \u0130nstitutunu (haz\u0131rda Az\u0259rbaycan D\u00f6vl\u0259t Neft v\u0259 S\u0259naye Universiteti) bitirib. 2005-ci ild\u0259 professor ad\u0131n\u0131 alan Ataki\u015fiyev 2008-2010-ci ill\u0259rd\u0259 Ali Attestasiya Komissiyas\u0131n\u0131n iqtisadiyyat \u00fczr\u0259 ekspert komissiyas\u0131n\u0131n s\u0259dri, eyni zamanda, 2000-2014-c\u00fc ill\u0259rd\u0259 Az\u0259rbaycan D\u00f6vl\u0259t Neft Akademiyas\u0131n\u0131n kafedra m\u00fcdiri olub. 2022-ci ild\u0259n is\u0259 \u0130qtisadiyyat \u0130nstitutunun icra\u00e7\u0131 direktoru idi.<\/p>\n","protected":false},"excerpt":{"rendered":"<p>T\u0259qsirl\u0259ndiril\u0259n \u015f\u0259xs bildiri\u015fi almad\u0131\u011f\u0131ndan proses t\u0259xir\u0259 sal\u0131n\u0131b T\u0259f\u0259kk\u00fcr Universitetinin prorektoru &#8230; <\/p>\n<p class=\"read-more-container\"><a title=\"Prorektorun q\u0259tlin\u0259 g\u00f6r\u0259 m\u0259hk\u0259m\u0259 qar\u015f\u0131s\u0131na \u00e7\u0131xar\u0131lanlar: institut r\u0259hb\u0259ri, polis mayoru&#8230;\" class=\"read-more button\" href=\"https:\/\/www.meydan.tv\/az\/article\/prorektorun-qetline-gore-mehkeme-qarsisina-cixarilanlar-institut-rehberi-polis-mayoru\/#more-294771\" aria-label=\"Read more about Prorektorun q\u0259tlin\u0259 g\u00f6r\u0259 m\u0259hk\u0259m\u0259 qar\u015f\u0131s\u0131na \u00e7\u0131xar\u0131lanlar: institut r\u0259hb\u0259ri, polis mayoru&#8230;\">Davam\u0131<\/a><\/p>\n","protected":false},"author":8,"featured_media":290523,"comment_status":"closed","ping_status":"closed","sticky":false,"template":"","format":"standard","meta":{"_acf_changed":false,"_sitemap_exclude":false,"_sitemap_priority":"","_sitemap_frequency":"","footnotes":""},"categories":[62,79,56],"tags":[],"class_list":["post-294771","post","type-post","status-publish","format-standard","has-post-thumbnail","hentry","category-sosial","category-featured","category-xeberler","infinite-scroll-item","generate-columns","tablet-grid-50","mobile-grid-100","grid-parent","grid-33","no-featured-image-padding"],"acf":[],"yoast_head":"<!-- This site is optimized with the Yoast SEO plugin v27.5 - https:\/\/yoast.com\/product\/yoast-seo-wordpress\/ -->\n<title>Prorektorun q\u0259tlin\u0259 g\u00f6r\u0259 m\u0259hk\u0259m\u0259 qar\u015f\u0131s\u0131na \u00e7\u0131xar\u0131lanlar: institut r\u0259hb\u0259ri, polis mayoru... - MEYDAN.TV<\/title>\n<meta name=\"robots\" content=\"index, follow, max-snippet:-1, max-image-preview:large, max-video-preview:-1\" \/>\n<link rel=\"canonical\" href=\"https:\/\/www.meydan.tv\/az\/article\/prorektorun-qetline-gore-mehkeme-qarsisina-cixarilanlar-institut-rehberi-polis-mayoru\/\" \/>\n<meta property=\"og:locale\" content=\"az_AZ\" \/>\n<meta property=\"og:type\" content=\"article\" \/>\n<meta property=\"og:title\" content=\"Prorektorun q\u0259tlin\u0259 g\u00f6r\u0259 m\u0259hk\u0259m\u0259 qar\u015f\u0131s\u0131na \u00e7\u0131xar\u0131lanlar: institut r\u0259hb\u0259ri, polis mayoru... - MEYDAN.TV\" \/>\n<meta property=\"og:description\" content=\"T\u0259qsirl\u0259ndiril\u0259n \u015f\u0259xs bildiri\u015fi almad\u0131\u011f\u0131ndan proses t\u0259xir\u0259 sal\u0131n\u0131b T\u0259f\u0259kk\u00fcr Universitetinin prorektoru ... Davam\u0131\" \/>\n<meta property=\"og:url\" content=\"https:\/\/www.meydan.tv\/az\/article\/prorektorun-qetline-gore-mehkeme-qarsisina-cixarilanlar-institut-rehberi-polis-mayoru\/\" \/>\n<meta property=\"og:site_name\" content=\"MEYDAN.TV\" \/>\n<meta property=\"article:published_time\" content=\"2024-01-07T12:42:29+00:00\" \/>\n<meta property=\"article:modified_time\" content=\"2024-01-07T12:42:32+00:00\" \/>\n<meta property=\"og:image\" content=\"https:\/\/www.meydan.tv\/wp-content\/uploads\/copy-of-untitled-design-1-e1700126006966.jpg\" \/>\n\t<meta property=\"og:image:width\" content=\"1920\" \/>\n\t<meta property=\"og:image:height\" content=\"828\" \/>\n\t<meta property=\"og:image:type\" content=\"image\/jpeg\" \/>\n<meta name=\"author\" content=\"elli\" \/>\n<meta name=\"twitter:card\" content=\"summary_large_image\" \/>\n<meta name=\"twitter:creator\" content=\"@elli\" \/>\n<script type=\"application\/ld+json\" class=\"yoast-schema-graph\">{\"@context\":\"https:\\\/\\\/schema.org\",\"@graph\":[{\"@type\":\"Article\",\"@id\":\"https:\\\/\\\/www.meydan.tv\\\/az\\\/article\\\/prorektorun-qetline-gore-mehkeme-qarsisina-cixarilanlar-institut-rehberi-polis-mayoru\\\/#article\",\"isPartOf\":{\"@id\":\"https:\\\/\\\/www.meydan.tv\\\/az\\\/article\\\/prorektorun-qetline-gore-mehkeme-qarsisina-cixarilanlar-institut-rehberi-polis-mayoru\\\/\"},\"author\":{\"name\":\"elli\",\"@id\":\"https:\\\/\\\/www.meydan.tv\\\/az\\\/#\\\/schema\\\/person\\\/9cdbecf90d17180ce1dfbd95b08dcf47\"},\"headline\":\"Prorektorun q\u0259tlin\u0259 g\u00f6r\u0259 m\u0259hk\u0259m\u0259 qar\u015f\u0131s\u0131na \u00e7\u0131xar\u0131lanlar: institut r\u0259hb\u0259ri, polis mayoru&#8230;\",\"datePublished\":\"2024-01-07T12:42:29+00:00\",\"dateModified\":\"2024-01-07T12:42:32+00:00\",\"mainEntityOfPage\":{\"@id\":\"https:\\\/\\\/www.meydan.tv\\\/az\\\/article\\\/prorektorun-qetline-gore-mehkeme-qarsisina-cixarilanlar-institut-rehberi-polis-mayoru\\\/\"},\"wordCount\":767,\"publisher\":{\"@id\":\"https:\\\/\\\/www.meydan.tv\\\/az\\\/#organization\"},\"image\":{\"@id\":\"https:\\\/\\\/www.meydan.tv\\\/az\\\/article\\\/prorektorun-qetline-gore-mehkeme-qarsisina-cixarilanlar-institut-rehberi-polis-mayoru\\\/#primaryimage\"},\"thumbnailUrl\":\"https:\\\/\\\/www.meydan.tv\\\/wp-content\\\/uploads\\\/copy-of-untitled-design-1-e1700126006966.jpg\",\"articleSection\":[\"Sosial\",\"T\u00f6vsiy\u0259\",\"X\u0259b\u0259rl\u0259r\"],\"inLanguage\":\"az\"},{\"@type\":\"WebPage\",\"@id\":\"https:\\\/\\\/www.meydan.tv\\\/az\\\/article\\\/prorektorun-qetline-gore-mehkeme-qarsisina-cixarilanlar-institut-rehberi-polis-mayoru\\\/\",\"url\":\"https:\\\/\\\/www.meydan.tv\\\/az\\\/article\\\/prorektorun-qetline-gore-mehkeme-qarsisina-cixarilanlar-institut-rehberi-polis-mayoru\\\/\",\"name\":\"Prorektorun q\u0259tlin\u0259 g\u00f6r\u0259 m\u0259hk\u0259m\u0259 qar\u015f\u0131s\u0131na \u00e7\u0131xar\u0131lanlar: institut r\u0259hb\u0259ri, polis mayoru... - MEYDAN.TV\",\"isPartOf\":{\"@id\":\"https:\\\/\\\/www.meydan.tv\\\/az\\\/#website\"},\"primaryImageOfPage\":{\"@id\":\"https:\\\/\\\/www.meydan.tv\\\/az\\\/article\\\/prorektorun-qetline-gore-mehkeme-qarsisina-cixarilanlar-institut-rehberi-polis-mayoru\\\/#primaryimage\"},\"image\":{\"@id\":\"https:\\\/\\\/www.meydan.tv\\\/az\\\/article\\\/prorektorun-qetline-gore-mehkeme-qarsisina-cixarilanlar-institut-rehberi-polis-mayoru\\\/#primaryimage\"},\"thumbnailUrl\":\"https:\\\/\\\/www.meydan.tv\\\/wp-content\\\/uploads\\\/copy-of-untitled-design-1-e1700126006966.jpg\",\"datePublished\":\"2024-01-07T12:42:29+00:00\",\"dateModified\":\"2024-01-07T12:42:32+00:00\",\"breadcrumb\":{\"@id\":\"https:\\\/\\\/www.meydan.tv\\\/az\\\/article\\\/prorektorun-qetline-gore-mehkeme-qarsisina-cixarilanlar-institut-rehberi-polis-mayoru\\\/#breadcrumb\"},\"inLanguage\":\"az\",\"potentialAction\":[{\"@type\":\"ReadAction\",\"target\":[\"https:\\\/\\\/www.meydan.tv\\\/az\\\/article\\\/prorektorun-qetline-gore-mehkeme-qarsisina-cixarilanlar-institut-rehberi-polis-mayoru\\\/\"]}]},{\"@type\":\"ImageObject\",\"inLanguage\":\"az\",\"@id\":\"https:\\\/\\\/www.meydan.tv\\\/az\\\/article\\\/prorektorun-qetline-gore-mehkeme-qarsisina-cixarilanlar-institut-rehberi-polis-mayoru\\\/#primaryimage\",\"url\":\"https:\\\/\\\/www.meydan.tv\\\/wp-content\\\/uploads\\\/copy-of-untitled-design-1-e1700126006966.jpg\",\"contentUrl\":\"https:\\\/\\\/www.meydan.tv\\\/wp-content\\\/uploads\\\/copy-of-untitled-design-1-e1700126006966.jpg\",\"width\":1920,\"height\":828,\"caption\":\"M\u00fc\u015fviq Ataki\u015fiyev v\u0259 Tariyel \u018fhm\u0259dov. Foto: Wiki\"},{\"@type\":\"BreadcrumbList\",\"@id\":\"https:\\\/\\\/www.meydan.tv\\\/az\\\/article\\\/prorektorun-qetline-gore-mehkeme-qarsisina-cixarilanlar-institut-rehberi-polis-mayoru\\\/#breadcrumb\",\"itemListElement\":[{\"@type\":\"ListItem\",\"position\":1,\"name\":\"Ana s\u0259hif\u0259\",\"item\":\"https:\\\/\\\/www.meydan.tv\\\/az\\\/\"},{\"@type\":\"ListItem\",\"position\":2,\"name\":\"Sosial\",\"item\":\"https:\\\/\\\/www.meydan.tv\\\/az\\\/section\\\/sosial\\\/\"},{\"@type\":\"ListItem\",\"position\":3,\"name\":\"Prorektorun q\u0259tlin\u0259 g\u00f6r\u0259 m\u0259hk\u0259m\u0259 qar\u015f\u0131s\u0131na \u00e7\u0131xar\u0131lanlar: institut r\u0259hb\u0259ri, polis mayoru&#8230;\"}]},{\"@type\":\"WebSite\",\"@id\":\"https:\\\/\\\/www.meydan.tv\\\/az\\\/#website\",\"url\":\"https:\\\/\\\/www.meydan.tv\\\/az\\\/\",\"name\":\"MEYDAN.TV\",\"description\":\"Meydan TV Az\u0259rbaycan\u0131n media m\u0259kan\u0131ndak\u0131 alternativ s\u0259sidir\",\"publisher\":{\"@id\":\"https:\\\/\\\/www.meydan.tv\\\/az\\\/#organization\"},\"potentialAction\":[{\"@type\":\"SearchAction\",\"target\":{\"@type\":\"EntryPoint\",\"urlTemplate\":\"https:\\\/\\\/www.meydan.tv\\\/az\\\/?s={search_term_string}\"},\"query-input\":{\"@type\":\"PropertyValueSpecification\",\"valueRequired\":true,\"valueName\":\"search_term_string\"}}],\"inLanguage\":\"az\"},{\"@type\":\"Organization\",\"@id\":\"https:\\\/\\\/www.meydan.tv\\\/az\\\/#organization\",\"name\":\"Meydan TV\",\"url\":\"https:\\\/\\\/www.meydan.tv\\\/az\\\/\",\"logo\":{\"@type\":\"ImageObject\",\"inLanguage\":\"az\",\"@id\":\"https:\\\/\\\/www.meydan.tv\\\/az\\\/#\\\/schema\\\/logo\\\/image\\\/\",\"url\":\"https:\\\/\\\/www.meydan.tv\\\/wp-content\\\/uploads\\\/2021\\\/07\\\/meydan-logo.svg\",\"contentUrl\":\"https:\\\/\\\/www.meydan.tv\\\/wp-content\\\/uploads\\\/2021\\\/07\\\/meydan-logo.svg\",\"width\":195,\"height\":46,\"caption\":\"Meydan TV\"},\"image\":{\"@id\":\"https:\\\/\\\/www.meydan.tv\\\/az\\\/#\\\/schema\\\/logo\\\/image\\\/\"}},{\"@type\":\"Person\",\"@id\":\"https:\\\/\\\/www.meydan.tv\\\/az\\\/#\\\/schema\\\/person\\\/9cdbecf90d17180ce1dfbd95b08dcf47\",\"name\":\"elli\",\"sameAs\":[\"https:\\\/\\\/x.com\\\/elli\"]}]}<\/script>\n<!-- \/ Yoast SEO plugin. -->","yoast_head_json":{"title":"Prorektorun q\u0259tlin\u0259 g\u00f6r\u0259 m\u0259hk\u0259m\u0259 qar\u015f\u0131s\u0131na \u00e7\u0131xar\u0131lanlar: institut r\u0259hb\u0259ri, polis mayoru... - MEYDAN.TV","robots":{"index":"index","follow":"follow","max-snippet":"max-snippet:-1","max-image-preview":"max-image-preview:large","max-video-preview":"max-video-preview:-1"},"canonical":"https:\/\/www.meydan.tv\/az\/article\/prorektorun-qetline-gore-mehkeme-qarsisina-cixarilanlar-institut-rehberi-polis-mayoru\/","og_locale":"az_AZ","og_type":"article","og_title":"Prorektorun q\u0259tlin\u0259 g\u00f6r\u0259 m\u0259hk\u0259m\u0259 qar\u015f\u0131s\u0131na \u00e7\u0131xar\u0131lanlar: institut r\u0259hb\u0259ri, polis mayoru... - MEYDAN.TV","og_description":"T\u0259qsirl\u0259ndiril\u0259n \u015f\u0259xs bildiri\u015fi almad\u0131\u011f\u0131ndan proses t\u0259xir\u0259 sal\u0131n\u0131b T\u0259f\u0259kk\u00fcr Universitetinin prorektoru ... Davam\u0131","og_url":"https:\/\/www.meydan.tv\/az\/article\/prorektorun-qetline-gore-mehkeme-qarsisina-cixarilanlar-institut-rehberi-polis-mayoru\/","og_site_name":"MEYDAN.TV","article_published_time":"2024-01-07T12:42:29+00:00","article_modified_time":"2024-01-07T12:42:32+00:00","og_image":[{"width":1920,"height":828,"url":"https:\/\/www.meydan.tv\/wp-content\/uploads\/copy-of-untitled-design-1-e1700126006966.jpg","type":"image\/jpeg"}],"author":"elli","twitter_card":"summary_large_image","twitter_creator":"@elli","schema":{"@context":"https:\/\/schema.org","@graph":[{"@type":"Article","@id":"https:\/\/www.meydan.tv\/az\/article\/prorektorun-qetline-gore-mehkeme-qarsisina-cixarilanlar-institut-rehberi-polis-mayoru\/#article","isPartOf":{"@id":"https:\/\/www.meydan.tv\/az\/article\/prorektorun-qetline-gore-mehkeme-qarsisina-cixarilanlar-institut-rehberi-polis-mayoru\/"},"author":{"name":"elli","@id":"https:\/\/www.meydan.tv\/az\/#\/schema\/person\/9cdbecf90d17180ce1dfbd95b08dcf47"},"headline":"Prorektorun q\u0259tlin\u0259 g\u00f6r\u0259 m\u0259hk\u0259m\u0259 qar\u015f\u0131s\u0131na \u00e7\u0131xar\u0131lanlar: institut r\u0259hb\u0259ri, polis mayoru&#8230;","datePublished":"2024-01-07T12:42:29+00:00","dateModified":"2024-01-07T12:42:32+00:00","mainEntityOfPage":{"@id":"https:\/\/www.meydan.tv\/az\/article\/prorektorun-qetline-gore-mehkeme-qarsisina-cixarilanlar-institut-rehberi-polis-mayoru\/"},"wordCount":767,"publisher":{"@id":"https:\/\/www.meydan.tv\/az\/#organization"},"image":{"@id":"https:\/\/www.meydan.tv\/az\/article\/prorektorun-qetline-gore-mehkeme-qarsisina-cixarilanlar-institut-rehberi-polis-mayoru\/#primaryimage"},"thumbnailUrl":"https:\/\/www.meydan.tv\/wp-content\/uploads\/copy-of-untitled-design-1-e1700126006966.jpg","articleSection":["Sosial","T\u00f6vsiy\u0259","X\u0259b\u0259rl\u0259r"],"inLanguage":"az"},{"@type":"WebPage","@id":"https:\/\/www.meydan.tv\/az\/article\/prorektorun-qetline-gore-mehkeme-qarsisina-cixarilanlar-institut-rehberi-polis-mayoru\/","url":"https:\/\/www.meydan.tv\/az\/article\/prorektorun-qetline-gore-mehkeme-qarsisina-cixarilanlar-institut-rehberi-polis-mayoru\/","name":"Prorektorun q\u0259tlin\u0259 g\u00f6r\u0259 m\u0259hk\u0259m\u0259 qar\u015f\u0131s\u0131na \u00e7\u0131xar\u0131lanlar: institut r\u0259hb\u0259ri, polis mayoru... - MEYDAN.TV","isPartOf":{"@id":"https:\/\/www.meydan.tv\/az\/#website"},"primaryImageOfPage":{"@id":"https:\/\/www.meydan.tv\/az\/article\/prorektorun-qetline-gore-mehkeme-qarsisina-cixarilanlar-institut-rehberi-polis-mayoru\/#primaryimage"},"image":{"@id":"https:\/\/www.meydan.tv\/az\/article\/prorektorun-qetline-gore-mehkeme-qarsisina-cixarilanlar-institut-rehberi-polis-mayoru\/#primaryimage"},"thumbnailUrl":"https:\/\/www.meydan.tv\/wp-content\/uploads\/copy-of-untitled-design-1-e1700126006966.jpg","datePublished":"2024-01-07T12:42:29+00:00","dateModified":"2024-01-07T12:42:32+00:00","breadcrumb":{"@id":"https:\/\/www.meydan.tv\/az\/article\/prorektorun-qetline-gore-mehkeme-qarsisina-cixarilanlar-institut-rehberi-polis-mayoru\/#breadcrumb"},"inLanguage":"az","potentialAction":[{"@type":"ReadAction","target":["https:\/\/www.meydan.tv\/az\/article\/prorektorun-qetline-gore-mehkeme-qarsisina-cixarilanlar-institut-rehberi-polis-mayoru\/"]}]},{"@type":"ImageObject","inLanguage":"az","@id":"https:\/\/www.meydan.tv\/az\/article\/prorektorun-qetline-gore-mehkeme-qarsisina-cixarilanlar-institut-rehberi-polis-mayoru\/#primaryimage","url":"https:\/\/www.meydan.tv\/wp-content\/uploads\/copy-of-untitled-design-1-e1700126006966.jpg","contentUrl":"https:\/\/www.meydan.tv\/wp-content\/uploads\/copy-of-untitled-design-1-e1700126006966.jpg","width":1920,"height":828,"caption":"M\u00fc\u015fviq Ataki\u015fiyev v\u0259 Tariyel \u018fhm\u0259dov. Foto: Wiki"},{"@type":"BreadcrumbList","@id":"https:\/\/www.meydan.tv\/az\/article\/prorektorun-qetline-gore-mehkeme-qarsisina-cixarilanlar-institut-rehberi-polis-mayoru\/#breadcrumb","itemListElement":[{"@type":"ListItem","position":1,"name":"Ana s\u0259hif\u0259","item":"https:\/\/www.meydan.tv\/az\/"},{"@type":"ListItem","position":2,"name":"Sosial","item":"https:\/\/www.meydan.tv\/az\/section\/sosial\/"},{"@type":"ListItem","position":3,"name":"Prorektorun q\u0259tlin\u0259 g\u00f6r\u0259 m\u0259hk\u0259m\u0259 qar\u015f\u0131s\u0131na \u00e7\u0131xar\u0131lanlar: institut r\u0259hb\u0259ri, polis mayoru&#8230;"}]},{"@type":"WebSite","@id":"https:\/\/www.meydan.tv\/az\/#website","url":"https:\/\/www.meydan.tv\/az\/","name":"MEYDAN.TV","description":"Meydan TV Az\u0259rbaycan\u0131n media m\u0259kan\u0131ndak\u0131 alternativ s\u0259sidir","publisher":{"@id":"https:\/\/www.meydan.tv\/az\/#organization"},"potentialAction":[{"@type":"SearchAction","target":{"@type":"EntryPoint","urlTemplate":"https:\/\/www.meydan.tv\/az\/?s={search_term_string}"},"query-input":{"@type":"PropertyValueSpecification","valueRequired":true,"valueName":"search_term_string"}}],"inLanguage":"az"},{"@type":"Organization","@id":"https:\/\/www.meydan.tv\/az\/#organization","name":"Meydan TV","url":"https:\/\/www.meydan.tv\/az\/","logo":{"@type":"ImageObject","inLanguage":"az","@id":"https:\/\/www.meydan.tv\/az\/#\/schema\/logo\/image\/","url":"https:\/\/www.meydan.tv\/wp-content\/uploads\/2021\/07\/meydan-logo.svg","contentUrl":"https:\/\/www.meydan.tv\/wp-content\/uploads\/2021\/07\/meydan-logo.svg","width":195,"height":46,"caption":"Meydan TV"},"image":{"@id":"https:\/\/www.meydan.tv\/az\/#\/schema\/logo\/image\/"}},{"@type":"Person","@id":"https:\/\/www.meydan.tv\/az\/#\/schema\/person\/9cdbecf90d17180ce1dfbd95b08dcf47","name":"elli","sameAs":["https:\/\/x.com\/elli"]}]}},"_links":{"self":[{"href":"https:\/\/www.meydan.tv\/az\/wp-json\/wp\/v2\/posts\/294771","targetHints":{"allow":["GET"]}}],"collection":[{"href":"https:\/\/www.meydan.tv\/az\/wp-json\/wp\/v2\/posts"}],"about":[{"href":"https:\/\/www.meydan.tv\/az\/wp-json\/wp\/v2\/types\/post"}],"author":[{"embeddable":true,"href":"https:\/\/www.meydan.tv\/az\/wp-json\/wp\/v2\/users\/8"}],"replies":[{"embeddable":true,"href":"https:\/\/www.meydan.tv\/az\/wp-json\/wp\/v2\/comments?post=294771"}],"version-history":[{"count":3,"href":"https:\/\/www.meydan.tv\/az\/wp-json\/wp\/v2\/posts\/294771\/revisions"}],"predecessor-version":[{"id":294774,"href":"https:\/\/www.meydan.tv\/az\/wp-json\/wp\/v2\/posts\/294771\/revisions\/294774"}],"wp:featuredmedia":[{"embeddable":true,"href":"https:\/\/www.meydan.tv\/az\/wp-json\/wp\/v2\/media\/290523"}],"wp:attachment":[{"href":"https:\/\/www.meydan.tv\/az\/wp-json\/wp\/v2\/media?parent=294771"}],"wp:term":[{"taxonomy":"category","embeddable":true,"href":"https:\/\/www.meydan.tv\/az\/wp-json\/wp\/v2\/categories?post=294771"},{"taxonomy":"post_tag","embeddable":true,"href":"https:\/\/www.meydan.tv\/az\/wp-json\/wp\/v2\/tags?post=294771"}],"curies":[{"name":"wp","href":"https:\/\/api.w.org\/{rel}","templated":true}]}}