{"id":294753,"date":"2024-01-07T14:21:08","date_gmt":"2024-01-07T10:21:08","guid":{"rendered":"https:\/\/www.meydan.tv\/?p=294753"},"modified":"2024-01-07T14:21:11","modified_gmt":"2024-01-07T10:21:11","slug":"prezidentliye-namizedliyini-ireli-suren-sexs-ilham-eliyevi-xilas-etmek-isteyirem-ancaq-o-el-vermir","status":"publish","type":"post","link":"https:\/\/www.meydan.tv\/az\/article\/prezidentliye-namizedliyini-ireli-suren-sexs-ilham-eliyevi-xilas-etmek-isteyirem-ancaq-o-el-vermir\/","title":{"rendered":"Prezidentliy\u0259 namiz\u0259dliyini ir\u0259li s\u00fcr\u0259n \u015f\u0259xs: &#8220;\u0130lham \u018fliyevi xilas etm\u0259k ist\u0259yir\u0259m, ancaq o, \u0259l vermir&#8221;"},"content":{"rendered":"\n<p><\/p>\n\n\n\n<p><strong><em>Sarvan K\u0259rimov deyir ki, \u0130lham \u018fliyevin qeydiyyat\u0131 l\u0259\u011fv olunmal\u0131d\u0131r<\/em><\/strong><\/p>\n\n\n\n<p>Yanvar\u0131n 7-d\u0259 Prezidentliy\u0259 namiz\u0259dliyini ir\u0259li s\u00fcr\u0259n 3 iddia\u00e7\u0131 M\u0259rk\u0259zi Se\u00e7ki Komissiyas\u0131n\u0131n (MSK) qar\u015f\u0131s\u0131nda aksiya ke\u00e7ir\u0259c\u0259k.<\/p>\n\n\n\n<p>Bu bar\u0259d\u0259 onlardan biri, h\u00fcquq\u015f\u00fcnas Namiz\u0259d S\u0259f\u0259rov Meydan TV-y\u0259 a\u00e7\u0131qlama verib.<\/p>\n\n\n\n<p>Namiz\u0259d S\u0259f\u0259rovun s\u00f6zl\u0259rin\u0259 g\u00f6r\u0259, o, M\u0259tl\u0259b M\u00fct\u0259llimli v\u0259 Sarvan K\u0259rimovla yanvar\u0131n 6-da MSK qar\u015f\u0131s\u0131nda aksiya ke\u00e7irs\u0259l\u0259r d\u0259, komissiya r\u0259smil\u0259rind\u0259n onlar\u0131 q\u0259bul ed\u0259n olmay\u0131b.<\/p>\n\n\n\n<p>Fevral\u0131n 7-d\u0259 Az\u0259rbaycanda n\u00f6vb\u0259d\u0259nk\u0259nar Prezident se\u00e7kil\u0259ri ke\u00e7iril\u0259c\u0259k.<\/p>\n\n\n\n<p>Bu g\u00fcn\u0259 q\u0259d\u0259r 3 n\u0259f\u0259rin &#8211; YAP s\u0259dri, haz\u0131rk\u0131 \u00f6lk\u0259 ba\u015f\u00e7\u0131s\u0131 \u0130lham \u018fliyevin v\u0259 deputatlar Zahid Orucla Razi Nurullayevin namiz\u0259dliyi qeyd\u0259 al\u0131n\u0131b.<\/p>\n\n\n\n<p>Bu g\u00fcn imza v\u0259r\u0259q\u0259l\u0259rinin MSK-ya t\u0259hvil verilm\u0259sinin son g\u00fcn\u00fcd\u00fcr.<\/p>\n\n\n\n<p>Namiz\u0259d S\u0259f\u0259rov imza toplamaq \u00fc\u00e7\u00fcn az vaxt\u0131n verilm\u0259sind\u0259n \u015fikay\u0259tl\u0259nir:<\/p>\n\n\n\n<p>&#8220;<em>M\u0259n dekabr\u0131n 25-d\u0259 imza v\u0259r\u0259q\u0259l\u0259ri almaq \u00fc\u00e7\u00fcn s\u0259n\u0259dl\u0259rimi MSK-ya t\u0259qdim ets\u0259m d\u0259, yaln\u0131z 31 dekabrda imza v\u0259r\u0259q\u0259l\u0259rini ala bilmi\u015f\u0259m. Halbuki dekabr\u0131n 21-d\u0259n komissiyaya m\u00fcraci\u0259t etmi\u015f\u0259m v\u0259 25 dekabra q\u0259d\u0259r h\u0259r g\u00fcn MSK-ya gets\u0259m d\u0259, qap\u0131dak\u0131 polis deyir ki, telefonla z\u0259ng edin, cavab ver\u0259c\u0259kl\u0259r. N\u0259hay\u0259t, 25 dekabrda s\u0259n\u0259dl\u0259ri g\u00f6t\u00fcr\u00fcbl\u0259r, buna g\u00f6r\u0259 aray\u0131\u015f\u0131 da t\u0259l\u0259b ed\u0259nd\u0259n sonra alm\u0131\u015fam, yoxsa onu da uzadacaqd\u0131lar&#8221;.<\/em><\/p>\n\n\n\n<p>&#8220;<em>Se\u00e7ki M\u0259c\u0259ll\u0259sind\u0259 yaz\u0131l\u0131b ki, 5 g\u00fcn \u0259rzind\u0259 s\u0259n\u0259dl\u0259ri yoxlay\u0131b cavab verm\u0259lidirl\u0259r, ancaq \u015f\u0259xsiyy\u0259t v\u0259siq\u0259si, diplom v\u0259 aray\u0131\u015f doldurmu\u015fam, v\u0259ssalam. Maksimum 1 saata yoxlay\u0131b imza v\u0259r\u0259q\u0259l\u0259rini verm\u0259k olar. Bel\u0259likl\u0259, 31 dekabrda imza v\u0259r\u0259q\u0259l\u0259rini ala bildim. Diqq\u0259t edin, n\u0259 q\u0259d\u0259r vaxt\u0131 uzad\u0131rlar&#8221;, <\/em>&#8211; dey\u0259 o bildirib.<\/p>\n\n\n\n<p>Onun s\u00f6zl\u0259rin\u0259 g\u00f6r\u0259, 31 dekabrdan sonrak\u0131 g\u00fcnl\u0259r bayram oldu\u011fundan problem daha da d\u0259rinl\u0259\u015fib:<\/p>\n\n\n\n<p>&#8220;<em>M\u0259c\u0259ll\u0259d\u0259 imza toplamaq \u00fc\u00e7\u00fcn t\u0259hsil m\u00fc\u0259ssis\u0259l\u0259ri d\u0259 g\u00f6st\u0259rilib, amma bizi ora buraxmay\u0131blar. A\u00e7\u0131q dedil\u0259r ki, onlara se\u00e7kiy\u0259 qar\u0131\u015fma\u011f\u0131 qada\u011fan edibl\u0259r. Biz bayram g\u00fcnl\u0259rind\u0259 yaln\u0131z evl\u0259r\u0259 gedib imza toplaya bilmi\u015fik. Bu v\u0259ziyy\u0259td\u0259 40 min imza toplamaq m\u00fcmk\u00fcns\u00fczd\u00fcr, MSK-ya gedib \u015fikay\u0259t etm\u0259k ist\u0259s\u0259m d\u0259, qap\u0131lar \u00fcz\u00fcm\u00fcz\u0259 ba\u011fl\u0131d\u0131r. Qap\u0131daki polis\u0259 \u015fikay\u0259timi dem\u0259y\u0259 n\u00fcmay\u0259nd\u0259yl\u0259 g\u00f6r\u00fc\u015fm\u0259k ist\u0259diyimi s\u00f6yl\u0259yir\u0259m, cavab verir ki, \u00e7\u00f6ld\u0259 telefon var, z\u0259ng el\u0259. Amma h\u0259min telefonla komissiyayla \u0259laq\u0259 saxlamaq olmur&#8221;.<\/em><\/p>\n\n\n\n<p>&#8220;<em>Q\u0259rib\u0259dir ki, bu g\u00fcnl\u0259rd\u0259 hakimiyy\u0259tin ist\u0259diyi namiz\u0259dl\u0259ri MSK qar\u015f\u0131s\u0131nda g\u00f6rm\u0259dim. G\u00f6r\u00fcn\u00fcr, onlar bel\u0259 probleml\u0259rl\u0259 qar\u015f\u0131la\u015fm\u0131rlar da&#8221;,<\/em> &#8211; dey\u0259 S\u0259f\u0259rov \u0259lav\u0259 edib.<\/p>\n\n\n\n<p>O, az vaxt \u0259rzind\u0259 yaln\u0131z 20 min imza toplad\u0131\u011f\u0131n\u0131 bildirib:<\/p>\n\n\n\n<p>&#8220;<em>Amma komissiya bu v\u0259ziyy\u0259ti biziml\u0259 m\u00fczakir\u0259 etm\u0259k xahi\u015fl\u0259rimiz\u0259 m\u0259h\u0259l qoymur. Ona g\u00f6r\u0259 indid\u0259n deyir\u0259m, imza toplama m\u0259rh\u0259l\u0259si tam pozuntuyla ke\u00e7ib, komissiyada \u015fikay\u0259tl\u0259rimizi d\u0259 dinl\u0259m\u0259yibl\u0259r&#8221;.<\/em><\/p>\n\n\n\n<p>Dig\u0259r iddia\u00e7\u0131 M\u0259tl\u0259b M\u00fct\u0259llimli bildirib ki, onlar dekabr\u0131n 21-\u0259 q\u0259d\u0259r m\u00fcxalif\u0259t d\u00fc\u015f\u0259rg\u0259sinin se\u00e7kil\u0259r\u0259 qat\u0131laca\u011f\u0131n\u0131 d\u00fc\u015f\u00fcn\u00fcbl\u0259r:<\/p>\n\n\n\n<p>&#8220;<em>Hesab edirdik ki, m\u00fcxalif\u0259tin d\u0259 namiz\u0259di qat\u0131lar v\u0259 biz d\u0259 h\u0259min namiz\u0259din m\u00fcdafi\u0259sin\u0259 d\u0259st\u0259k olar\u0131q. T\u0259\u0259ss\u00fcf ki, m\u00fcxalif\u0259t boykot q\u0259rar\u0131 il\u0259 \u0130lham \u018fliyev \u00fc\u00e7\u00fcn geni\u015f \u015f\u0259rait yaratd\u0131. Ona g\u00f6r\u0259 m\u0259cbur olub dekabr\u0131n 21-d\u0259n se\u00e7kil\u0259r\u0259 qat\u0131ld\u0131q, \u0259slind\u0259, bu, gec idi. \u00c7\u00fcnki 27 dekabrda imza v\u0259r\u0259q\u0259l\u0259rini ald\u0131m. T\u0259s\u0259vv\u00fcr edin, 11 g\u00fcnd\u0259 40 min imza toplamalayd\u0131m&#8221;<\/em>.<\/p>\n\n\n\n<p>&#8220;<em>Bu g\u00fcn hakimiyy\u0259tin t\u0259yin etdiyi namiz\u0259dl\u0259r \u00fc\u00e7\u00fcn b\u00fct\u00fcn \u015f\u0259raitl\u0259r yarad\u0131ld\u0131\u011f\u0131 halda bizim m\u00fcraci\u0259tl\u0259rimiz\u0259 baxan yoxdur. D\u0259f\u0259l\u0259rl\u0259 m\u0259nim d\u0259, Namiz\u0259d S\u0259f\u0259rovun da s\u0259lahiyy\u0259tli n\u00fcmay\u0259nd\u0259l\u0259rimiz M\u0259rk\u0259zi Se\u00e7ki Komisisyas\u0131na gedib, onlar\u0131 n\u0259inki qap\u0131dan i\u00e7\u0259ri d\u0259 buraxmay\u0131blar, bir n\u0259f\u0259r n\u00fcmay\u0259nd\u0259 bel\u0259 qar\u015f\u0131lar\u0131na \u00e7\u0131x\u0131b \u015fikay\u0259tl\u0259rini dinl\u0259m\u0259yib. Tam laqeyd m\u00fcnasib\u0259t g\u00f6st\u0259rilib&#8221;, <\/em>&#8211; dey\u0259 M\u00fct\u0259llimli \u0259lav\u0259 edib.<\/p>\n\n\n\n<p>Onun s\u00f6zl\u0259rin\u0259 g\u00f6r\u0259, imzatoplama prosesi zaman\u0131 \u0259halid\u0259 g\u00fccl\u00fc qorxu hiss edib:<\/p>\n\n\n\n<p>&#8220;<em>\u0130nsanlara ba\u015fqa namiz\u0259dl\u0259r\u0259 s\u0259s verm\u0259m\u0259k \u00fc\u00e7\u00fcn x\u0259b\u0259rdarl\u0131q edibl\u0259r. Konkret olaraq, m\u0259kt\u0259bl\u0259rd\u0259 valideynl\u0259r\u0259 deyibl\u0259r ki, m\u00fcst\u0259qil namiz\u0259dl\u0259r g\u0259l\u0259nd\u0259 imza verm\u0259yin. Bizim n\u00fcmay\u0259nd\u0259l\u0259rimizi \u00e7a\u011f\u0131r\u0131b h\u0259d\u0259-qorxu g\u0259libl\u0259r. B\u0259zi se\u00e7icil\u0259r\u0259 polis t\u0259r\u0259find\u0259n t\u0259zyiq edibl\u0259r, onlar da imzalar\u0131n\u0131 geri g\u00f6t\u00fcr\u00fcbl\u0259r. Bu c\u00fcr biab\u0131r\u00e7\u0131 faktlar var. \u015e\u0259xs\u0259n m\u0259n Bak\u0131 D\u00f6vl\u0259t, Memarl\u0131q, Texniki, Xarici Dill\u0259r v\u0259 Slavyan universitetl\u0259rin\u0259 gedib imza toplamaq ist\u0259s\u0259m d\u0259, yax\u0131n buraxmad\u0131lar. H\u0259tta Bak\u0131 D\u00f6vl\u0259t Universitetind\u0259n bildirdil\u0259r ki, se\u00e7ki siyasi m\u0259s\u0259l\u0259 oldu\u011fundan qar\u0131\u015fm\u0131rlar. Ancaq Se\u00e7ki M\u0259c\u0259ll\u0259sini onlara g\u00f6st\u0259rs\u0259k d\u0259, n\u0259z\u0259r\u0259 almad\u0131lar&#8221;.<\/em><\/p>\n\n\n\n<p>O, sadalad\u0131qlar\u0131 il\u0259 ba\u011fl\u0131 MSK-ya \u015fikay\u0259t etdikl\u0259rini, ancaq reaksiya verilm\u0259diyini vur\u011fulay\u0131b:<\/p>\n\n\n\n<p>&#8220;<em>M\u0259zahir P\u0259nahov 23 ild\u0259 se\u00e7kil\u0259ri nec\u0259 saxtala\u015fd\u0131r\u0131bsa, el\u0259 d\u0259 saxtala\u015fd\u0131racaq. Amma bir m\u0259qam\u0131 xat\u0131rlad\u0131m ki, f\u0259al insanlar imza v\u0259r\u0259q\u0259l\u0259rimizi apar\u0131b imza y\u0131\u011f\u0131rd\u0131lar. Bel\u0259 insanlar az da olsa, var. \u0130ndi \u00e7al\u0131\u015fmaq laz\u0131md\u0131r ki, se\u00e7ki saxtakarl\u0131\u011f\u0131n\u0131n qar\u015f\u0131s\u0131n\u0131 almaq \u00fc\u00e7\u00fcn bel\u0259 insanlar\u0131n say\u0131 arts\u0131n&#8221;.<\/em><\/p>\n\n\n\n<p>Ba\u015fqa bir namiz\u0259dliy\u0259 iddia\u00e7\u0131 Sarvan K\u0259rimov YAP s\u0259dri \u0130lham \u018fliyevin qeydiyyat\u0131n\u0131n l\u0259\u011fv olunmas\u0131yla ba\u011fl\u0131 m\u0259hk\u0259m\u0259y\u0259 m\u00fcraci\u0259t ed\u0259c\u0259yini bildirib:<\/p>\n\n\n\n<p>&#8220;<em>\u018fsas pozuntu ondad\u0131r ki, se\u00e7ki t\u0259bli\u011fat-t\u0259\u015fviqat m\u0259rh\u0259l\u0259si ba\u015flamad\u0131\u011f\u0131 halda \u00f6lk\u0259nin h\u0259r yerind\u0259 \u018fliyevin \u015f\u0259kill\u0259ri yay\u0131l\u0131b. O c\u00fcml\u0259d\u0259n, televiziyalarda h\u0259r g\u00fcn indiki \u00f6lk\u0259 ba\u015f\u00e7\u0131s\u0131 t\u0259bli\u011f edilir. B\u00fct\u00fcn bunlar Se\u00e7ki M\u0259c\u0259ll\u0259sinin 75.2 madd\u0259sinin pozulmas\u0131d\u0131r. Y\u0259ni t\u0259bli\u011fat-t\u0259\u015fviqat kampaniyas\u0131 se\u00e7ki g\u00fcn\u00fcn\u0259 23 g\u00fcn qalanda ba\u015flamal\u0131d\u0131r, amma Az\u0259rbaycan hakimiyy\u0259ti bu t\u0259l\u0259b\u0259 m\u0259h\u0259l qoymur&#8221;.<\/em><\/p>\n\n\n\n<p>Sarvan K\u0259rimovu daha \u00e7ox c\u0259miyy\u0259tin se\u00e7kiy\u0259 laqeydliyi qay\u011f\u0131land\u0131r\u0131r:<\/p>\n\n\n\n<p>&#8220;<em>C\u0259miyy\u0259timizin se\u00e7ki kimi m\u00fch\u00fcm hadis\u0259y\u0259 laqeyd m\u00fcnasib\u0259tind\u0259n naraz\u0131yam&#8221;.<\/em><\/p>\n\n\n\n<p>O, haz\u0131rki \u00f6lk\u0259 ba\u015f\u00e7\u0131s\u0131, prezidentliy\u0259 namiz\u0259d \u0130lham \u018fliyev\u0259 \u00e7a\u011f\u0131r\u0131\u015f da edib:<\/p>\n\n\n\n<p>\u201c<em>\u0130lham \u018fliyev\u0259 \u0259limi uzad\u0131b onu xilas etm\u0259k ist\u0259yir\u0259m, ancaq o, \u0259l vermir, xilas olmaq ist\u0259mir\u201d.<\/em><\/p>\n\n\n\n<p>Deyil\u0259n \u015fikay\u0259tl\u0259rl\u0259 ba\u011fl\u0131 MSK-\u0131n m\u0259tbuat xidm\u0259tinin r\u0259hb\u0259ri \u015eahin \u018fs\u0259dliyl\u0259 \u0259laq\u0259 saxlamaq m\u00fcmk\u00fcn olmay\u0131b.<\/p>\n\n\n\n<p><\/p>\n","protected":false},"excerpt":{"rendered":"<p>Sarvan K\u0259rimov deyir ki, \u0130lham \u018fliyevin qeydiyyat\u0131 l\u0259\u011fv olunmal\u0131d\u0131r Yanvar\u0131n &#8230; <\/p>\n<p class=\"read-more-container\"><a title=\"Prezidentliy\u0259 namiz\u0259dliyini ir\u0259li s\u00fcr\u0259n \u015f\u0259xs: &#8220;\u0130lham \u018fliyevi xilas etm\u0259k ist\u0259yir\u0259m, ancaq o, \u0259l vermir&#8221;\" class=\"read-more button\" href=\"https:\/\/www.meydan.tv\/az\/article\/prezidentliye-namizedliyini-ireli-suren-sexs-ilham-eliyevi-xilas-etmek-isteyirem-ancaq-o-el-vermir\/#more-294753\" aria-label=\"Read more about Prezidentliy\u0259 namiz\u0259dliyini ir\u0259li s\u00fcr\u0259n \u015f\u0259xs: &#8220;\u0130lham \u018fliyevi xilas etm\u0259k ist\u0259yir\u0259m, ancaq o, \u0259l vermir&#8221;\">Davam\u0131<\/a><\/p>\n","protected":false},"author":8,"featured_media":294750,"comment_status":"closed","ping_status":"closed","sticky":false,"template":"","format":"standard","meta":{"_acf_changed":false,"_sitemap_exclude":false,"_sitemap_priority":"","_sitemap_frequency":"","footnotes":""},"categories":[129,59,79,56],"tags":[],"class_list":["post-294753","post","type-post","status-publish","format-standard","has-post-thumbnail","hentry","category-sechki-2024","category-siyaset","category-featured","category-xeberler","infinite-scroll-item","generate-columns","tablet-grid-50","mobile-grid-100","grid-parent","grid-33","no-featured-image-padding"],"acf":[],"yoast_head":"<!-- This site is optimized with the Yoast SEO plugin v27.4 - https:\/\/yoast.com\/product\/yoast-seo-wordpress\/ -->\n<title>Prezidentliy\u0259 namiz\u0259dliyini ir\u0259li s\u00fcr\u0259n \u015f\u0259xs: &quot;\u0130lham \u018fliyevi xilas etm\u0259k ist\u0259yir\u0259m, ancaq o, \u0259l vermir&quot; - MEYDAN.TV<\/title>\n<meta name=\"robots\" content=\"index, follow, max-snippet:-1, max-image-preview:large, max-video-preview:-1\" \/>\n<link rel=\"canonical\" href=\"https:\/\/www.meydan.tv\/az\/article\/prezidentliye-namizedliyini-ireli-suren-sexs-ilham-eliyevi-xilas-etmek-isteyirem-ancaq-o-el-vermir\/\" \/>\n<meta property=\"og:locale\" content=\"az_AZ\" \/>\n<meta property=\"og:type\" content=\"article\" \/>\n<meta property=\"og:title\" content=\"Prezidentliy\u0259 namiz\u0259dliyini ir\u0259li s\u00fcr\u0259n \u015f\u0259xs: &quot;\u0130lham \u018fliyevi xilas etm\u0259k ist\u0259yir\u0259m, ancaq o, \u0259l vermir&quot; - MEYDAN.TV\" \/>\n<meta property=\"og:description\" content=\"Sarvan K\u0259rimov deyir ki, \u0130lham \u018fliyevin qeydiyyat\u0131 l\u0259\u011fv olunmal\u0131d\u0131r Yanvar\u0131n ... Davam\u0131\" \/>\n<meta property=\"og:url\" content=\"https:\/\/www.meydan.tv\/az\/article\/prezidentliye-namizedliyini-ireli-suren-sexs-ilham-eliyevi-xilas-etmek-isteyirem-ancaq-o-el-vermir\/\" \/>\n<meta property=\"og:site_name\" content=\"MEYDAN.TV\" \/>\n<meta property=\"article:published_time\" content=\"2024-01-07T10:21:08+00:00\" \/>\n<meta property=\"article:modified_time\" content=\"2024-01-07T10:21:11+00:00\" \/>\n<meta property=\"og:image\" content=\"https:\/\/www.meydan.tv\/wp-content\/uploads\/screenshot_1-33.png\" \/>\n\t<meta property=\"og:image:width\" content=\"1500\" \/>\n\t<meta property=\"og:image:height\" content=\"801\" \/>\n\t<meta property=\"og:image:type\" content=\"image\/png\" \/>\n<meta name=\"author\" content=\"elli\" \/>\n<meta name=\"twitter:card\" content=\"summary_large_image\" \/>\n<meta name=\"twitter:creator\" content=\"@elli\" \/>\n<script type=\"application\/ld+json\" class=\"yoast-schema-graph\">{\"@context\":\"https:\\\/\\\/schema.org\",\"@graph\":[{\"@type\":\"Article\",\"@id\":\"https:\\\/\\\/www.meydan.tv\\\/az\\\/article\\\/prezidentliye-namizedliyini-ireli-suren-sexs-ilham-eliyevi-xilas-etmek-isteyirem-ancaq-o-el-vermir\\\/#article\",\"isPartOf\":{\"@id\":\"https:\\\/\\\/www.meydan.tv\\\/az\\\/article\\\/prezidentliye-namizedliyini-ireli-suren-sexs-ilham-eliyevi-xilas-etmek-isteyirem-ancaq-o-el-vermir\\\/\"},\"author\":{\"name\":\"elli\",\"@id\":\"https:\\\/\\\/www.meydan.tv\\\/az\\\/#\\\/schema\\\/person\\\/9cdbecf90d17180ce1dfbd95b08dcf47\"},\"headline\":\"Prezidentliy\u0259 namiz\u0259dliyini ir\u0259li s\u00fcr\u0259n \u015f\u0259xs: &#8220;\u0130lham \u018fliyevi xilas etm\u0259k ist\u0259yir\u0259m, ancaq o, \u0259l vermir&#8221;\",\"datePublished\":\"2024-01-07T10:21:08+00:00\",\"dateModified\":\"2024-01-07T10:21:11+00:00\",\"mainEntityOfPage\":{\"@id\":\"https:\\\/\\\/www.meydan.tv\\\/az\\\/article\\\/prezidentliye-namizedliyini-ireli-suren-sexs-ilham-eliyevi-xilas-etmek-isteyirem-ancaq-o-el-vermir\\\/\"},\"wordCount\":1326,\"publisher\":{\"@id\":\"https:\\\/\\\/www.meydan.tv\\\/az\\\/#organization\"},\"image\":{\"@id\":\"https:\\\/\\\/www.meydan.tv\\\/az\\\/article\\\/prezidentliye-namizedliyini-ireli-suren-sexs-ilham-eliyevi-xilas-etmek-isteyirem-ancaq-o-el-vermir\\\/#primaryimage\"},\"thumbnailUrl\":\"https:\\\/\\\/www.meydan.tv\\\/wp-content\\\/uploads\\\/screenshot_1-33.png\",\"articleSection\":[\"Se\u00e7ki 2024\",\"Siyas\u0259t\",\"T\u00f6vsiy\u0259\",\"X\u0259b\u0259rl\u0259r\"],\"inLanguage\":\"az\"},{\"@type\":\"WebPage\",\"@id\":\"https:\\\/\\\/www.meydan.tv\\\/az\\\/article\\\/prezidentliye-namizedliyini-ireli-suren-sexs-ilham-eliyevi-xilas-etmek-isteyirem-ancaq-o-el-vermir\\\/\",\"url\":\"https:\\\/\\\/www.meydan.tv\\\/az\\\/article\\\/prezidentliye-namizedliyini-ireli-suren-sexs-ilham-eliyevi-xilas-etmek-isteyirem-ancaq-o-el-vermir\\\/\",\"name\":\"Prezidentliy\u0259 namiz\u0259dliyini ir\u0259li s\u00fcr\u0259n \u015f\u0259xs: \\\"\u0130lham \u018fliyevi xilas etm\u0259k ist\u0259yir\u0259m, ancaq o, \u0259l vermir\\\" - MEYDAN.TV\",\"isPartOf\":{\"@id\":\"https:\\\/\\\/www.meydan.tv\\\/az\\\/#website\"},\"primaryImageOfPage\":{\"@id\":\"https:\\\/\\\/www.meydan.tv\\\/az\\\/article\\\/prezidentliye-namizedliyini-ireli-suren-sexs-ilham-eliyevi-xilas-etmek-isteyirem-ancaq-o-el-vermir\\\/#primaryimage\"},\"image\":{\"@id\":\"https:\\\/\\\/www.meydan.tv\\\/az\\\/article\\\/prezidentliye-namizedliyini-ireli-suren-sexs-ilham-eliyevi-xilas-etmek-isteyirem-ancaq-o-el-vermir\\\/#primaryimage\"},\"thumbnailUrl\":\"https:\\\/\\\/www.meydan.tv\\\/wp-content\\\/uploads\\\/screenshot_1-33.png\",\"datePublished\":\"2024-01-07T10:21:08+00:00\",\"dateModified\":\"2024-01-07T10:21:11+00:00\",\"breadcrumb\":{\"@id\":\"https:\\\/\\\/www.meydan.tv\\\/az\\\/article\\\/prezidentliye-namizedliyini-ireli-suren-sexs-ilham-eliyevi-xilas-etmek-isteyirem-ancaq-o-el-vermir\\\/#breadcrumb\"},\"inLanguage\":\"az\",\"potentialAction\":[{\"@type\":\"ReadAction\",\"target\":[\"https:\\\/\\\/www.meydan.tv\\\/az\\\/article\\\/prezidentliye-namizedliyini-ireli-suren-sexs-ilham-eliyevi-xilas-etmek-isteyirem-ancaq-o-el-vermir\\\/\"]}]},{\"@type\":\"ImageObject\",\"inLanguage\":\"az\",\"@id\":\"https:\\\/\\\/www.meydan.tv\\\/az\\\/article\\\/prezidentliye-namizedliyini-ireli-suren-sexs-ilham-eliyevi-xilas-etmek-isteyirem-ancaq-o-el-vermir\\\/#primaryimage\",\"url\":\"https:\\\/\\\/www.meydan.tv\\\/wp-content\\\/uploads\\\/screenshot_1-33.png\",\"contentUrl\":\"https:\\\/\\\/www.meydan.tv\\\/wp-content\\\/uploads\\\/screenshot_1-33.png\",\"width\":1500,\"height\":801,\"caption\":\"Namiz\u0259d S\u0259f\u0259rov, M\u0259tl\u0259b M\u00fct\u0259llimli v\u0259 Sarvan K\u0259rimov. Foto: screenshot\"},{\"@type\":\"BreadcrumbList\",\"@id\":\"https:\\\/\\\/www.meydan.tv\\\/az\\\/article\\\/prezidentliye-namizedliyini-ireli-suren-sexs-ilham-eliyevi-xilas-etmek-isteyirem-ancaq-o-el-vermir\\\/#breadcrumb\",\"itemListElement\":[{\"@type\":\"ListItem\",\"position\":1,\"name\":\"Ana s\u0259hif\u0259\",\"item\":\"https:\\\/\\\/www.meydan.tv\\\/az\\\/\"},{\"@type\":\"ListItem\",\"position\":2,\"name\":\"Siyas\u0259t\",\"item\":\"https:\\\/\\\/www.meydan.tv\\\/az\\\/section\\\/siyaset\\\/\"},{\"@type\":\"ListItem\",\"position\":3,\"name\":\"Prezidentliy\u0259 namiz\u0259dliyini ir\u0259li s\u00fcr\u0259n \u015f\u0259xs: &#8220;\u0130lham \u018fliyevi xilas etm\u0259k ist\u0259yir\u0259m, ancaq o, \u0259l vermir&#8221;\"}]},{\"@type\":\"WebSite\",\"@id\":\"https:\\\/\\\/www.meydan.tv\\\/az\\\/#website\",\"url\":\"https:\\\/\\\/www.meydan.tv\\\/az\\\/\",\"name\":\"MEYDAN.TV\",\"description\":\"Meydan TV Az\u0259rbaycan\u0131n media m\u0259kan\u0131ndak\u0131 alternativ s\u0259sidir\",\"publisher\":{\"@id\":\"https:\\\/\\\/www.meydan.tv\\\/az\\\/#organization\"},\"potentialAction\":[{\"@type\":\"SearchAction\",\"target\":{\"@type\":\"EntryPoint\",\"urlTemplate\":\"https:\\\/\\\/www.meydan.tv\\\/az\\\/?s={search_term_string}\"},\"query-input\":{\"@type\":\"PropertyValueSpecification\",\"valueRequired\":true,\"valueName\":\"search_term_string\"}}],\"inLanguage\":\"az\"},{\"@type\":\"Organization\",\"@id\":\"https:\\\/\\\/www.meydan.tv\\\/az\\\/#organization\",\"name\":\"Meydan TV\",\"url\":\"https:\\\/\\\/www.meydan.tv\\\/az\\\/\",\"logo\":{\"@type\":\"ImageObject\",\"inLanguage\":\"az\",\"@id\":\"https:\\\/\\\/www.meydan.tv\\\/az\\\/#\\\/schema\\\/logo\\\/image\\\/\",\"url\":\"https:\\\/\\\/www.meydan.tv\\\/wp-content\\\/uploads\\\/2021\\\/07\\\/meydan-logo.svg\",\"contentUrl\":\"https:\\\/\\\/www.meydan.tv\\\/wp-content\\\/uploads\\\/2021\\\/07\\\/meydan-logo.svg\",\"width\":195,\"height\":46,\"caption\":\"Meydan TV\"},\"image\":{\"@id\":\"https:\\\/\\\/www.meydan.tv\\\/az\\\/#\\\/schema\\\/logo\\\/image\\\/\"}},{\"@type\":\"Person\",\"@id\":\"https:\\\/\\\/www.meydan.tv\\\/az\\\/#\\\/schema\\\/person\\\/9cdbecf90d17180ce1dfbd95b08dcf47\",\"name\":\"elli\",\"sameAs\":[\"https:\\\/\\\/x.com\\\/elli\"]}]}<\/script>\n<!-- \/ Yoast SEO plugin. -->","yoast_head_json":{"title":"Prezidentliy\u0259 namiz\u0259dliyini ir\u0259li s\u00fcr\u0259n \u015f\u0259xs: \"\u0130lham \u018fliyevi xilas etm\u0259k ist\u0259yir\u0259m, ancaq o, \u0259l vermir\" - MEYDAN.TV","robots":{"index":"index","follow":"follow","max-snippet":"max-snippet:-1","max-image-preview":"max-image-preview:large","max-video-preview":"max-video-preview:-1"},"canonical":"https:\/\/www.meydan.tv\/az\/article\/prezidentliye-namizedliyini-ireli-suren-sexs-ilham-eliyevi-xilas-etmek-isteyirem-ancaq-o-el-vermir\/","og_locale":"az_AZ","og_type":"article","og_title":"Prezidentliy\u0259 namiz\u0259dliyini ir\u0259li s\u00fcr\u0259n \u015f\u0259xs: \"\u0130lham \u018fliyevi xilas etm\u0259k ist\u0259yir\u0259m, ancaq o, \u0259l vermir\" - MEYDAN.TV","og_description":"Sarvan K\u0259rimov deyir ki, \u0130lham \u018fliyevin qeydiyyat\u0131 l\u0259\u011fv olunmal\u0131d\u0131r Yanvar\u0131n ... Davam\u0131","og_url":"https:\/\/www.meydan.tv\/az\/article\/prezidentliye-namizedliyini-ireli-suren-sexs-ilham-eliyevi-xilas-etmek-isteyirem-ancaq-o-el-vermir\/","og_site_name":"MEYDAN.TV","article_published_time":"2024-01-07T10:21:08+00:00","article_modified_time":"2024-01-07T10:21:11+00:00","og_image":[{"width":1500,"height":801,"url":"https:\/\/www.meydan.tv\/wp-content\/uploads\/screenshot_1-33.png","type":"image\/png"}],"author":"elli","twitter_card":"summary_large_image","twitter_creator":"@elli","schema":{"@context":"https:\/\/schema.org","@graph":[{"@type":"Article","@id":"https:\/\/www.meydan.tv\/az\/article\/prezidentliye-namizedliyini-ireli-suren-sexs-ilham-eliyevi-xilas-etmek-isteyirem-ancaq-o-el-vermir\/#article","isPartOf":{"@id":"https:\/\/www.meydan.tv\/az\/article\/prezidentliye-namizedliyini-ireli-suren-sexs-ilham-eliyevi-xilas-etmek-isteyirem-ancaq-o-el-vermir\/"},"author":{"name":"elli","@id":"https:\/\/www.meydan.tv\/az\/#\/schema\/person\/9cdbecf90d17180ce1dfbd95b08dcf47"},"headline":"Prezidentliy\u0259 namiz\u0259dliyini ir\u0259li s\u00fcr\u0259n \u015f\u0259xs: &#8220;\u0130lham \u018fliyevi xilas etm\u0259k ist\u0259yir\u0259m, ancaq o, \u0259l vermir&#8221;","datePublished":"2024-01-07T10:21:08+00:00","dateModified":"2024-01-07T10:21:11+00:00","mainEntityOfPage":{"@id":"https:\/\/www.meydan.tv\/az\/article\/prezidentliye-namizedliyini-ireli-suren-sexs-ilham-eliyevi-xilas-etmek-isteyirem-ancaq-o-el-vermir\/"},"wordCount":1326,"publisher":{"@id":"https:\/\/www.meydan.tv\/az\/#organization"},"image":{"@id":"https:\/\/www.meydan.tv\/az\/article\/prezidentliye-namizedliyini-ireli-suren-sexs-ilham-eliyevi-xilas-etmek-isteyirem-ancaq-o-el-vermir\/#primaryimage"},"thumbnailUrl":"https:\/\/www.meydan.tv\/wp-content\/uploads\/screenshot_1-33.png","articleSection":["Se\u00e7ki 2024","Siyas\u0259t","T\u00f6vsiy\u0259","X\u0259b\u0259rl\u0259r"],"inLanguage":"az"},{"@type":"WebPage","@id":"https:\/\/www.meydan.tv\/az\/article\/prezidentliye-namizedliyini-ireli-suren-sexs-ilham-eliyevi-xilas-etmek-isteyirem-ancaq-o-el-vermir\/","url":"https:\/\/www.meydan.tv\/az\/article\/prezidentliye-namizedliyini-ireli-suren-sexs-ilham-eliyevi-xilas-etmek-isteyirem-ancaq-o-el-vermir\/","name":"Prezidentliy\u0259 namiz\u0259dliyini ir\u0259li s\u00fcr\u0259n \u015f\u0259xs: \"\u0130lham \u018fliyevi xilas etm\u0259k ist\u0259yir\u0259m, ancaq o, \u0259l vermir\" - MEYDAN.TV","isPartOf":{"@id":"https:\/\/www.meydan.tv\/az\/#website"},"primaryImageOfPage":{"@id":"https:\/\/www.meydan.tv\/az\/article\/prezidentliye-namizedliyini-ireli-suren-sexs-ilham-eliyevi-xilas-etmek-isteyirem-ancaq-o-el-vermir\/#primaryimage"},"image":{"@id":"https:\/\/www.meydan.tv\/az\/article\/prezidentliye-namizedliyini-ireli-suren-sexs-ilham-eliyevi-xilas-etmek-isteyirem-ancaq-o-el-vermir\/#primaryimage"},"thumbnailUrl":"https:\/\/www.meydan.tv\/wp-content\/uploads\/screenshot_1-33.png","datePublished":"2024-01-07T10:21:08+00:00","dateModified":"2024-01-07T10:21:11+00:00","breadcrumb":{"@id":"https:\/\/www.meydan.tv\/az\/article\/prezidentliye-namizedliyini-ireli-suren-sexs-ilham-eliyevi-xilas-etmek-isteyirem-ancaq-o-el-vermir\/#breadcrumb"},"inLanguage":"az","potentialAction":[{"@type":"ReadAction","target":["https:\/\/www.meydan.tv\/az\/article\/prezidentliye-namizedliyini-ireli-suren-sexs-ilham-eliyevi-xilas-etmek-isteyirem-ancaq-o-el-vermir\/"]}]},{"@type":"ImageObject","inLanguage":"az","@id":"https:\/\/www.meydan.tv\/az\/article\/prezidentliye-namizedliyini-ireli-suren-sexs-ilham-eliyevi-xilas-etmek-isteyirem-ancaq-o-el-vermir\/#primaryimage","url":"https:\/\/www.meydan.tv\/wp-content\/uploads\/screenshot_1-33.png","contentUrl":"https:\/\/www.meydan.tv\/wp-content\/uploads\/screenshot_1-33.png","width":1500,"height":801,"caption":"Namiz\u0259d S\u0259f\u0259rov, M\u0259tl\u0259b M\u00fct\u0259llimli v\u0259 Sarvan K\u0259rimov. Foto: screenshot"},{"@type":"BreadcrumbList","@id":"https:\/\/www.meydan.tv\/az\/article\/prezidentliye-namizedliyini-ireli-suren-sexs-ilham-eliyevi-xilas-etmek-isteyirem-ancaq-o-el-vermir\/#breadcrumb","itemListElement":[{"@type":"ListItem","position":1,"name":"Ana s\u0259hif\u0259","item":"https:\/\/www.meydan.tv\/az\/"},{"@type":"ListItem","position":2,"name":"Siyas\u0259t","item":"https:\/\/www.meydan.tv\/az\/section\/siyaset\/"},{"@type":"ListItem","position":3,"name":"Prezidentliy\u0259 namiz\u0259dliyini ir\u0259li s\u00fcr\u0259n \u015f\u0259xs: &#8220;\u0130lham \u018fliyevi xilas etm\u0259k ist\u0259yir\u0259m, ancaq o, \u0259l vermir&#8221;"}]},{"@type":"WebSite","@id":"https:\/\/www.meydan.tv\/az\/#website","url":"https:\/\/www.meydan.tv\/az\/","name":"MEYDAN.TV","description":"Meydan TV Az\u0259rbaycan\u0131n media m\u0259kan\u0131ndak\u0131 alternativ s\u0259sidir","publisher":{"@id":"https:\/\/www.meydan.tv\/az\/#organization"},"potentialAction":[{"@type":"SearchAction","target":{"@type":"EntryPoint","urlTemplate":"https:\/\/www.meydan.tv\/az\/?s={search_term_string}"},"query-input":{"@type":"PropertyValueSpecification","valueRequired":true,"valueName":"search_term_string"}}],"inLanguage":"az"},{"@type":"Organization","@id":"https:\/\/www.meydan.tv\/az\/#organization","name":"Meydan TV","url":"https:\/\/www.meydan.tv\/az\/","logo":{"@type":"ImageObject","inLanguage":"az","@id":"https:\/\/www.meydan.tv\/az\/#\/schema\/logo\/image\/","url":"https:\/\/www.meydan.tv\/wp-content\/uploads\/2021\/07\/meydan-logo.svg","contentUrl":"https:\/\/www.meydan.tv\/wp-content\/uploads\/2021\/07\/meydan-logo.svg","width":195,"height":46,"caption":"Meydan TV"},"image":{"@id":"https:\/\/www.meydan.tv\/az\/#\/schema\/logo\/image\/"}},{"@type":"Person","@id":"https:\/\/www.meydan.tv\/az\/#\/schema\/person\/9cdbecf90d17180ce1dfbd95b08dcf47","name":"elli","sameAs":["https:\/\/x.com\/elli"]}]}},"_links":{"self":[{"href":"https:\/\/www.meydan.tv\/az\/wp-json\/wp\/v2\/posts\/294753","targetHints":{"allow":["GET"]}}],"collection":[{"href":"https:\/\/www.meydan.tv\/az\/wp-json\/wp\/v2\/posts"}],"about":[{"href":"https:\/\/www.meydan.tv\/az\/wp-json\/wp\/v2\/types\/post"}],"author":[{"embeddable":true,"href":"https:\/\/www.meydan.tv\/az\/wp-json\/wp\/v2\/users\/8"}],"replies":[{"embeddable":true,"href":"https:\/\/www.meydan.tv\/az\/wp-json\/wp\/v2\/comments?post=294753"}],"version-history":[{"count":3,"href":"https:\/\/www.meydan.tv\/az\/wp-json\/wp\/v2\/posts\/294753\/revisions"}],"predecessor-version":[{"id":294755,"href":"https:\/\/www.meydan.tv\/az\/wp-json\/wp\/v2\/posts\/294753\/revisions\/294755"}],"wp:featuredmedia":[{"embeddable":true,"href":"https:\/\/www.meydan.tv\/az\/wp-json\/wp\/v2\/media\/294750"}],"wp:attachment":[{"href":"https:\/\/www.meydan.tv\/az\/wp-json\/wp\/v2\/media?parent=294753"}],"wp:term":[{"taxonomy":"category","embeddable":true,"href":"https:\/\/www.meydan.tv\/az\/wp-json\/wp\/v2\/categories?post=294753"},{"taxonomy":"post_tag","embeddable":true,"href":"https:\/\/www.meydan.tv\/az\/wp-json\/wp\/v2\/tags?post=294753"}],"curies":[{"name":"wp","href":"https:\/\/api.w.org\/{rel}","templated":true}]}}