{"id":294720,"date":"2024-01-07T09:58:40","date_gmt":"2024-01-07T05:58:40","guid":{"rendered":"https:\/\/www.meydan.tv\/?p=294720"},"modified":"2024-01-07T12:46:46","modified_gmt":"2024-01-07T08:46:46","slug":"emekdar-artist-aygun-beyler-vefat-edib","status":"publish","type":"post","link":"https:\/\/www.meydan.tv\/az\/article\/emekdar-artist-aygun-beyler-vefat-edib\/","title":{"rendered":"\u018fm\u0259kdar artist Ayg\u00fcn B\u0259yl\u0259r v\u0259fat edib"},"content":{"rendered":"\n<p><\/p>\n\n\n\n<p><strong><em>M\u00fc\u011f\u0259nni x\u0259r\u00e7\u0259ng x\u0259st\u0259liyind\u0259n \u0259ziyy\u0259t \u00e7\u0259kirmi\u015f<\/em><\/strong><\/p>\n\n\n\n<p>Az\u0259rbaycan\u0131n \u018fm\u0259kdar artisti, xan\u0259nd\u0259 Ayg\u00fcn B\u0259yl\u0259rin (H\u00fcmb\u0259tova) v\u0259fat etdiyi bildirilir. <\/p>\n\n\n\n<p>M\u0259d\u0259niyy\u0259t Nazirliyinin yayd\u0131\u011f\u0131 m\u0259lumata g\u00f6r\u0259, x\u0259r\u00e7\u0259ng x\u0259st\u0259liyind\u0259n \u0259ziyy\u0259t \u00e7\u0259k\u0259n ifa\u00e7\u0131 m\u00fcalic\u0259sini T\u00fcrkiy\u0259d\u0259 davam <a href=\"https:\/\/www.facebook.com\/photo?fbid=705569851664119&amp;set=a.260882952799480\">etdirirmi\u015f.<\/a>&nbsp;<\/p>\n\n\n\n<p>Qeyd olunur ki, Ayg\u00fcn B\u0259yl\u0259r Ankarada m\u00fcalic\u0259 ald\u0131\u011f\u0131 x\u0259st\u0259xanada v\u0259fat edib.<\/p>\n\n\n\n<p>Ayg\u00fcn H\u00fcmb\u0259tova 1975-ci ild\u0259 Bak\u0131da do\u011fulub. \u0130lk musiqi t\u0259hsilini S\u0259ttar B\u0259hlulzad\u0259 ad\u0131na m\u0259d\u0259niyy\u0259t saray\u0131n\u0131n musiqi m\u0259kt\u0259bind\u0259 na\u011fara sinfi \u00fczr\u0259 al\u0131b. 1988-ci ild\u0259 yarad\u0131lan Az\u0259rbaycan D\u00f6vl\u0259t U\u015faq Filarmoniyas\u0131na q\u0259bul olunub. Pe\u015f\u0259kar s\u0259hn\u0259y\u0259 ilk g\u0259li\u015fi d\u0259 el\u0259 h\u0259min il olub. Filarmoniyan\u0131n u\u015faq musiqi kollektivl\u0259ri il\u0259 b\u00f6y\u00fck s\u0259hn\u0259l\u0259rd\u0259 ilk pe\u015f\u0259kar \u00e7\u0131x\u0131\u015flar, xarici \u00f6lk\u0259l\u0259r\u0259, m\u00fcxt\u0259lif \u015f\u0259h\u0259r v\u0259 regionlara qastrol s\u0259f\u0259rl\u0259ri bu zamandan ba\u015flay\u0131b. <\/p>\n\n\n\n<p>1995-ci ild\u0259 \u015e\u00f6vk\u0259t \u018fl\u0259kb\u0259rova ad\u0131na ilk pe\u015f\u0259kar musiqi kollektivini yaradaraq geni\u015f konsert f\u0259aliyy\u0259tin\u0259 ba\u015flay\u0131b \u2013 televiziya, radio, b\u00f6y\u00fck d\u00f6vl\u0259t t\u0259dbirl\u0259rind\u0259 i\u015ftirak edib v\u0259 ard\u0131c\u0131l \u015f\u0259kild\u0259 xaricd\u0259 Az\u0259rbaycan musiqi s\u0259n\u0259tini t\u0259msil edib. 2002-ci ild\u0259 \u018fm\u0259kdar artist f\u0259xri ad\u0131na layiq g\u00f6r\u00fcl\u00fcb.<\/p>\n\n\n\n<p>Ayg\u00fcn B\u0259yl\u0259r dig\u0259r qad\u0131n h\u0259mkarlar\u0131ndan geyim t\u0259rzi il\u0259 f\u0259rql\u0259nib. O, s\u0259hn\u0259y\u0259 ki\u015fi geyimind\u0259 v\u0259 papaqla \u00e7\u0131x\u0131b. Sonralar xan\u0259nd\u0259 bunu tan\u0131nmaq, yadda qalmaq \u00fc\u00e7\u00fcn etdiyini deyib.<\/p>\n\n\n\n<p>\u201c<em>\u00d6mr\u00fcm\u00fc-g\u00fcn\u00fcm\u00fc bu s\u0259n\u0259t\u0259 qurban verdim. Ki\u015fi kimi ba\u015f\u0131ma papaq qoydum, qad\u0131nl\u0131\u011f\u0131m yad\u0131mdan \u00e7\u0131xd\u0131. Bundan \u00f6nc\u0259ki vaxtda bu imic m\u0259nim \u00fc\u00e7\u00fcn \u00e7ox vacib idi. Yeni bir imic idi, amma sonra bu imic m\u0259nim h\u0259yat t\u0259rzim\u0259 d\u00f6nd\u00fc. Q\u0259rara ald\u0131m ki, \u0259g\u0259r xalq m\u0259ni bel\u0259 tan\u0131y\u0131b, sevirs\u0259, bel\u0259 d\u0259 qal\u0131m\u201d, &#8211; <\/em>ifa\u00e7\u0131 bildirmi\u015fdi.<\/p>\n","protected":false},"excerpt":{"rendered":"<p>M\u00fc\u011f\u0259nni x\u0259r\u00e7\u0259ng x\u0259st\u0259liyind\u0259n \u0259ziyy\u0259t \u00e7\u0259kirmi\u015f Az\u0259rbaycan\u0131n \u018fm\u0259kdar artisti, xan\u0259nd\u0259 Ayg\u00fcn &#8230; <\/p>\n<p class=\"read-more-container\"><a title=\"\u018fm\u0259kdar artist Ayg\u00fcn B\u0259yl\u0259r v\u0259fat edib\" class=\"read-more button\" href=\"https:\/\/www.meydan.tv\/az\/article\/emekdar-artist-aygun-beyler-vefat-edib\/#more-294720\" aria-label=\"Read more about \u018fm\u0259kdar artist Ayg\u00fcn B\u0259yl\u0259r v\u0259fat edib\">Davam\u0131<\/a><\/p>\n","protected":false},"author":8,"featured_media":294721,"comment_status":"closed","ping_status":"closed","sticky":false,"template":"","format":"standard","meta":{"_acf_changed":false,"_sitemap_exclude":false,"_sitemap_priority":"","_sitemap_frequency":"","footnotes":""},"categories":[52,56],"tags":[],"class_list":["post-294720","post","type-post","status-publish","format-standard","has-post-thumbnail","hentry","category-medeniyyet","category-xeberler","infinite-scroll-item","generate-columns","tablet-grid-50","mobile-grid-100","grid-parent","grid-33","no-featured-image-padding"],"acf":[],"yoast_head":"<!-- This site is optimized with the Yoast SEO plugin v27.4 - https:\/\/yoast.com\/product\/yoast-seo-wordpress\/ -->\n<title>\u018fm\u0259kdar artist Ayg\u00fcn B\u0259yl\u0259r v\u0259fat edib - MEYDAN.TV<\/title>\n<meta name=\"robots\" content=\"index, follow, max-snippet:-1, max-image-preview:large, max-video-preview:-1\" \/>\n<link rel=\"canonical\" href=\"https:\/\/www.meydan.tv\/az\/article\/emekdar-artist-aygun-beyler-vefat-edib\/\" \/>\n<meta property=\"og:locale\" content=\"az_AZ\" \/>\n<meta property=\"og:type\" content=\"article\" \/>\n<meta property=\"og:title\" content=\"\u018fm\u0259kdar artist Ayg\u00fcn B\u0259yl\u0259r v\u0259fat edib - MEYDAN.TV\" \/>\n<meta property=\"og:description\" content=\"M\u00fc\u011f\u0259nni x\u0259r\u00e7\u0259ng x\u0259st\u0259liyind\u0259n \u0259ziyy\u0259t \u00e7\u0259kirmi\u015f Az\u0259rbaycan\u0131n \u018fm\u0259kdar artisti, xan\u0259nd\u0259 Ayg\u00fcn ... Davam\u0131\" \/>\n<meta property=\"og:url\" content=\"https:\/\/www.meydan.tv\/az\/article\/emekdar-artist-aygun-beyler-vefat-edib\/\" \/>\n<meta property=\"og:site_name\" content=\"MEYDAN.TV\" \/>\n<meta property=\"article:published_time\" content=\"2024-01-07T05:58:40+00:00\" \/>\n<meta property=\"article:modified_time\" content=\"2024-01-07T08:46:46+00:00\" \/>\n<meta property=\"og:image\" content=\"https:\/\/www.meydan.tv\/wp-content\/uploads\/1704560847_413086622_0_0_1684_952_1920x0_80_0_0_842a1d3e9c3dc7d15813781a2dd68871-e1704607111842.jpg\" \/>\n\t<meta property=\"og:image:width\" content=\"1500\" \/>\n\t<meta property=\"og:image:height\" content=\"662\" \/>\n\t<meta property=\"og:image:type\" content=\"image\/jpeg\" \/>\n<meta name=\"author\" content=\"elli\" \/>\n<meta name=\"twitter:card\" content=\"summary_large_image\" \/>\n<meta name=\"twitter:creator\" content=\"@elli\" \/>\n<script type=\"application\/ld+json\" class=\"yoast-schema-graph\">{\"@context\":\"https:\\\/\\\/schema.org\",\"@graph\":[{\"@type\":\"Article\",\"@id\":\"https:\\\/\\\/www.meydan.tv\\\/az\\\/article\\\/emekdar-artist-aygun-beyler-vefat-edib\\\/#article\",\"isPartOf\":{\"@id\":\"https:\\\/\\\/www.meydan.tv\\\/az\\\/article\\\/emekdar-artist-aygun-beyler-vefat-edib\\\/\"},\"author\":{\"name\":\"elli\",\"@id\":\"https:\\\/\\\/www.meydan.tv\\\/az\\\/#\\\/schema\\\/person\\\/9cdbecf90d17180ce1dfbd95b08dcf47\"},\"headline\":\"\u018fm\u0259kdar artist Ayg\u00fcn B\u0259yl\u0259r v\u0259fat edib\",\"datePublished\":\"2024-01-07T05:58:40+00:00\",\"dateModified\":\"2024-01-07T08:46:46+00:00\",\"mainEntityOfPage\":{\"@id\":\"https:\\\/\\\/www.meydan.tv\\\/az\\\/article\\\/emekdar-artist-aygun-beyler-vefat-edib\\\/\"},\"wordCount\":384,\"publisher\":{\"@id\":\"https:\\\/\\\/www.meydan.tv\\\/az\\\/#organization\"},\"image\":{\"@id\":\"https:\\\/\\\/www.meydan.tv\\\/az\\\/article\\\/emekdar-artist-aygun-beyler-vefat-edib\\\/#primaryimage\"},\"thumbnailUrl\":\"https:\\\/\\\/www.meydan.tv\\\/wp-content\\\/uploads\\\/1704560847_413086622_0_0_1684_952_1920x0_80_0_0_842a1d3e9c3dc7d15813781a2dd68871-e1704607111842.jpg\",\"articleSection\":[\"M\u0259d\u0259niyy\u0259t\",\"X\u0259b\u0259rl\u0259r\"],\"inLanguage\":\"az\"},{\"@type\":\"WebPage\",\"@id\":\"https:\\\/\\\/www.meydan.tv\\\/az\\\/article\\\/emekdar-artist-aygun-beyler-vefat-edib\\\/\",\"url\":\"https:\\\/\\\/www.meydan.tv\\\/az\\\/article\\\/emekdar-artist-aygun-beyler-vefat-edib\\\/\",\"name\":\"\u018fm\u0259kdar artist Ayg\u00fcn B\u0259yl\u0259r v\u0259fat edib - MEYDAN.TV\",\"isPartOf\":{\"@id\":\"https:\\\/\\\/www.meydan.tv\\\/az\\\/#website\"},\"primaryImageOfPage\":{\"@id\":\"https:\\\/\\\/www.meydan.tv\\\/az\\\/article\\\/emekdar-artist-aygun-beyler-vefat-edib\\\/#primaryimage\"},\"image\":{\"@id\":\"https:\\\/\\\/www.meydan.tv\\\/az\\\/article\\\/emekdar-artist-aygun-beyler-vefat-edib\\\/#primaryimage\"},\"thumbnailUrl\":\"https:\\\/\\\/www.meydan.tv\\\/wp-content\\\/uploads\\\/1704560847_413086622_0_0_1684_952_1920x0_80_0_0_842a1d3e9c3dc7d15813781a2dd68871-e1704607111842.jpg\",\"datePublished\":\"2024-01-07T05:58:40+00:00\",\"dateModified\":\"2024-01-07T08:46:46+00:00\",\"breadcrumb\":{\"@id\":\"https:\\\/\\\/www.meydan.tv\\\/az\\\/article\\\/emekdar-artist-aygun-beyler-vefat-edib\\\/#breadcrumb\"},\"inLanguage\":\"az\",\"potentialAction\":[{\"@type\":\"ReadAction\",\"target\":[\"https:\\\/\\\/www.meydan.tv\\\/az\\\/article\\\/emekdar-artist-aygun-beyler-vefat-edib\\\/\"]}]},{\"@type\":\"ImageObject\",\"inLanguage\":\"az\",\"@id\":\"https:\\\/\\\/www.meydan.tv\\\/az\\\/article\\\/emekdar-artist-aygun-beyler-vefat-edib\\\/#primaryimage\",\"url\":\"https:\\\/\\\/www.meydan.tv\\\/wp-content\\\/uploads\\\/1704560847_413086622_0_0_1684_952_1920x0_80_0_0_842a1d3e9c3dc7d15813781a2dd68871-e1704607111842.jpg\",\"contentUrl\":\"https:\\\/\\\/www.meydan.tv\\\/wp-content\\\/uploads\\\/1704560847_413086622_0_0_1684_952_1920x0_80_0_0_842a1d3e9c3dc7d15813781a2dd68871-e1704607111842.jpg\",\"width\":1500,\"height\":662,\"caption\":\"Ayg\u00fcn B\u0259yl\u0259r. Foto: sosial \u015f\u0259b\u0259k\u0259\"},{\"@type\":\"BreadcrumbList\",\"@id\":\"https:\\\/\\\/www.meydan.tv\\\/az\\\/article\\\/emekdar-artist-aygun-beyler-vefat-edib\\\/#breadcrumb\",\"itemListElement\":[{\"@type\":\"ListItem\",\"position\":1,\"name\":\"Ana s\u0259hif\u0259\",\"item\":\"https:\\\/\\\/www.meydan.tv\\\/az\\\/\"},{\"@type\":\"ListItem\",\"position\":2,\"name\":\"M\u0259d\u0259niyy\u0259t\",\"item\":\"https:\\\/\\\/www.meydan.tv\\\/az\\\/section\\\/medeniyyet\\\/\"},{\"@type\":\"ListItem\",\"position\":3,\"name\":\"\u018fm\u0259kdar artist Ayg\u00fcn B\u0259yl\u0259r v\u0259fat edib\"}]},{\"@type\":\"WebSite\",\"@id\":\"https:\\\/\\\/www.meydan.tv\\\/az\\\/#website\",\"url\":\"https:\\\/\\\/www.meydan.tv\\\/az\\\/\",\"name\":\"MEYDAN.TV\",\"description\":\"Meydan TV Az\u0259rbaycan\u0131n media m\u0259kan\u0131ndak\u0131 alternativ s\u0259sidir\",\"publisher\":{\"@id\":\"https:\\\/\\\/www.meydan.tv\\\/az\\\/#organization\"},\"potentialAction\":[{\"@type\":\"SearchAction\",\"target\":{\"@type\":\"EntryPoint\",\"urlTemplate\":\"https:\\\/\\\/www.meydan.tv\\\/az\\\/?s={search_term_string}\"},\"query-input\":{\"@type\":\"PropertyValueSpecification\",\"valueRequired\":true,\"valueName\":\"search_term_string\"}}],\"inLanguage\":\"az\"},{\"@type\":\"Organization\",\"@id\":\"https:\\\/\\\/www.meydan.tv\\\/az\\\/#organization\",\"name\":\"Meydan TV\",\"url\":\"https:\\\/\\\/www.meydan.tv\\\/az\\\/\",\"logo\":{\"@type\":\"ImageObject\",\"inLanguage\":\"az\",\"@id\":\"https:\\\/\\\/www.meydan.tv\\\/az\\\/#\\\/schema\\\/logo\\\/image\\\/\",\"url\":\"https:\\\/\\\/www.meydan.tv\\\/wp-content\\\/uploads\\\/2021\\\/07\\\/meydan-logo.svg\",\"contentUrl\":\"https:\\\/\\\/www.meydan.tv\\\/wp-content\\\/uploads\\\/2021\\\/07\\\/meydan-logo.svg\",\"width\":195,\"height\":46,\"caption\":\"Meydan TV\"},\"image\":{\"@id\":\"https:\\\/\\\/www.meydan.tv\\\/az\\\/#\\\/schema\\\/logo\\\/image\\\/\"}},{\"@type\":\"Person\",\"@id\":\"https:\\\/\\\/www.meydan.tv\\\/az\\\/#\\\/schema\\\/person\\\/9cdbecf90d17180ce1dfbd95b08dcf47\",\"name\":\"elli\",\"sameAs\":[\"https:\\\/\\\/x.com\\\/elli\"]}]}<\/script>\n<!-- \/ Yoast SEO plugin. -->","yoast_head_json":{"title":"\u018fm\u0259kdar artist Ayg\u00fcn B\u0259yl\u0259r v\u0259fat edib - MEYDAN.TV","robots":{"index":"index","follow":"follow","max-snippet":"max-snippet:-1","max-image-preview":"max-image-preview:large","max-video-preview":"max-video-preview:-1"},"canonical":"https:\/\/www.meydan.tv\/az\/article\/emekdar-artist-aygun-beyler-vefat-edib\/","og_locale":"az_AZ","og_type":"article","og_title":"\u018fm\u0259kdar artist Ayg\u00fcn B\u0259yl\u0259r v\u0259fat edib - MEYDAN.TV","og_description":"M\u00fc\u011f\u0259nni x\u0259r\u00e7\u0259ng x\u0259st\u0259liyind\u0259n \u0259ziyy\u0259t \u00e7\u0259kirmi\u015f Az\u0259rbaycan\u0131n \u018fm\u0259kdar artisti, xan\u0259nd\u0259 Ayg\u00fcn ... Davam\u0131","og_url":"https:\/\/www.meydan.tv\/az\/article\/emekdar-artist-aygun-beyler-vefat-edib\/","og_site_name":"MEYDAN.TV","article_published_time":"2024-01-07T05:58:40+00:00","article_modified_time":"2024-01-07T08:46:46+00:00","og_image":[{"width":1500,"height":662,"url":"https:\/\/www.meydan.tv\/wp-content\/uploads\/1704560847_413086622_0_0_1684_952_1920x0_80_0_0_842a1d3e9c3dc7d15813781a2dd68871-e1704607111842.jpg","type":"image\/jpeg"}],"author":"elli","twitter_card":"summary_large_image","twitter_creator":"@elli","schema":{"@context":"https:\/\/schema.org","@graph":[{"@type":"Article","@id":"https:\/\/www.meydan.tv\/az\/article\/emekdar-artist-aygun-beyler-vefat-edib\/#article","isPartOf":{"@id":"https:\/\/www.meydan.tv\/az\/article\/emekdar-artist-aygun-beyler-vefat-edib\/"},"author":{"name":"elli","@id":"https:\/\/www.meydan.tv\/az\/#\/schema\/person\/9cdbecf90d17180ce1dfbd95b08dcf47"},"headline":"\u018fm\u0259kdar artist Ayg\u00fcn B\u0259yl\u0259r v\u0259fat edib","datePublished":"2024-01-07T05:58:40+00:00","dateModified":"2024-01-07T08:46:46+00:00","mainEntityOfPage":{"@id":"https:\/\/www.meydan.tv\/az\/article\/emekdar-artist-aygun-beyler-vefat-edib\/"},"wordCount":384,"publisher":{"@id":"https:\/\/www.meydan.tv\/az\/#organization"},"image":{"@id":"https:\/\/www.meydan.tv\/az\/article\/emekdar-artist-aygun-beyler-vefat-edib\/#primaryimage"},"thumbnailUrl":"https:\/\/www.meydan.tv\/wp-content\/uploads\/1704560847_413086622_0_0_1684_952_1920x0_80_0_0_842a1d3e9c3dc7d15813781a2dd68871-e1704607111842.jpg","articleSection":["M\u0259d\u0259niyy\u0259t","X\u0259b\u0259rl\u0259r"],"inLanguage":"az"},{"@type":"WebPage","@id":"https:\/\/www.meydan.tv\/az\/article\/emekdar-artist-aygun-beyler-vefat-edib\/","url":"https:\/\/www.meydan.tv\/az\/article\/emekdar-artist-aygun-beyler-vefat-edib\/","name":"\u018fm\u0259kdar artist Ayg\u00fcn B\u0259yl\u0259r v\u0259fat edib - MEYDAN.TV","isPartOf":{"@id":"https:\/\/www.meydan.tv\/az\/#website"},"primaryImageOfPage":{"@id":"https:\/\/www.meydan.tv\/az\/article\/emekdar-artist-aygun-beyler-vefat-edib\/#primaryimage"},"image":{"@id":"https:\/\/www.meydan.tv\/az\/article\/emekdar-artist-aygun-beyler-vefat-edib\/#primaryimage"},"thumbnailUrl":"https:\/\/www.meydan.tv\/wp-content\/uploads\/1704560847_413086622_0_0_1684_952_1920x0_80_0_0_842a1d3e9c3dc7d15813781a2dd68871-e1704607111842.jpg","datePublished":"2024-01-07T05:58:40+00:00","dateModified":"2024-01-07T08:46:46+00:00","breadcrumb":{"@id":"https:\/\/www.meydan.tv\/az\/article\/emekdar-artist-aygun-beyler-vefat-edib\/#breadcrumb"},"inLanguage":"az","potentialAction":[{"@type":"ReadAction","target":["https:\/\/www.meydan.tv\/az\/article\/emekdar-artist-aygun-beyler-vefat-edib\/"]}]},{"@type":"ImageObject","inLanguage":"az","@id":"https:\/\/www.meydan.tv\/az\/article\/emekdar-artist-aygun-beyler-vefat-edib\/#primaryimage","url":"https:\/\/www.meydan.tv\/wp-content\/uploads\/1704560847_413086622_0_0_1684_952_1920x0_80_0_0_842a1d3e9c3dc7d15813781a2dd68871-e1704607111842.jpg","contentUrl":"https:\/\/www.meydan.tv\/wp-content\/uploads\/1704560847_413086622_0_0_1684_952_1920x0_80_0_0_842a1d3e9c3dc7d15813781a2dd68871-e1704607111842.jpg","width":1500,"height":662,"caption":"Ayg\u00fcn B\u0259yl\u0259r. Foto: sosial \u015f\u0259b\u0259k\u0259"},{"@type":"BreadcrumbList","@id":"https:\/\/www.meydan.tv\/az\/article\/emekdar-artist-aygun-beyler-vefat-edib\/#breadcrumb","itemListElement":[{"@type":"ListItem","position":1,"name":"Ana s\u0259hif\u0259","item":"https:\/\/www.meydan.tv\/az\/"},{"@type":"ListItem","position":2,"name":"M\u0259d\u0259niyy\u0259t","item":"https:\/\/www.meydan.tv\/az\/section\/medeniyyet\/"},{"@type":"ListItem","position":3,"name":"\u018fm\u0259kdar artist Ayg\u00fcn B\u0259yl\u0259r v\u0259fat edib"}]},{"@type":"WebSite","@id":"https:\/\/www.meydan.tv\/az\/#website","url":"https:\/\/www.meydan.tv\/az\/","name":"MEYDAN.TV","description":"Meydan TV Az\u0259rbaycan\u0131n media m\u0259kan\u0131ndak\u0131 alternativ s\u0259sidir","publisher":{"@id":"https:\/\/www.meydan.tv\/az\/#organization"},"potentialAction":[{"@type":"SearchAction","target":{"@type":"EntryPoint","urlTemplate":"https:\/\/www.meydan.tv\/az\/?s={search_term_string}"},"query-input":{"@type":"PropertyValueSpecification","valueRequired":true,"valueName":"search_term_string"}}],"inLanguage":"az"},{"@type":"Organization","@id":"https:\/\/www.meydan.tv\/az\/#organization","name":"Meydan TV","url":"https:\/\/www.meydan.tv\/az\/","logo":{"@type":"ImageObject","inLanguage":"az","@id":"https:\/\/www.meydan.tv\/az\/#\/schema\/logo\/image\/","url":"https:\/\/www.meydan.tv\/wp-content\/uploads\/2021\/07\/meydan-logo.svg","contentUrl":"https:\/\/www.meydan.tv\/wp-content\/uploads\/2021\/07\/meydan-logo.svg","width":195,"height":46,"caption":"Meydan TV"},"image":{"@id":"https:\/\/www.meydan.tv\/az\/#\/schema\/logo\/image\/"}},{"@type":"Person","@id":"https:\/\/www.meydan.tv\/az\/#\/schema\/person\/9cdbecf90d17180ce1dfbd95b08dcf47","name":"elli","sameAs":["https:\/\/x.com\/elli"]}]}},"_links":{"self":[{"href":"https:\/\/www.meydan.tv\/az\/wp-json\/wp\/v2\/posts\/294720","targetHints":{"allow":["GET"]}}],"collection":[{"href":"https:\/\/www.meydan.tv\/az\/wp-json\/wp\/v2\/posts"}],"about":[{"href":"https:\/\/www.meydan.tv\/az\/wp-json\/wp\/v2\/types\/post"}],"author":[{"embeddable":true,"href":"https:\/\/www.meydan.tv\/az\/wp-json\/wp\/v2\/users\/8"}],"replies":[{"embeddable":true,"href":"https:\/\/www.meydan.tv\/az\/wp-json\/wp\/v2\/comments?post=294720"}],"version-history":[{"count":4,"href":"https:\/\/www.meydan.tv\/az\/wp-json\/wp\/v2\/posts\/294720\/revisions"}],"predecessor-version":[{"id":294739,"href":"https:\/\/www.meydan.tv\/az\/wp-json\/wp\/v2\/posts\/294720\/revisions\/294739"}],"wp:featuredmedia":[{"embeddable":true,"href":"https:\/\/www.meydan.tv\/az\/wp-json\/wp\/v2\/media\/294721"}],"wp:attachment":[{"href":"https:\/\/www.meydan.tv\/az\/wp-json\/wp\/v2\/media?parent=294720"}],"wp:term":[{"taxonomy":"category","embeddable":true,"href":"https:\/\/www.meydan.tv\/az\/wp-json\/wp\/v2\/categories?post=294720"},{"taxonomy":"post_tag","embeddable":true,"href":"https:\/\/www.meydan.tv\/az\/wp-json\/wp\/v2\/tags?post=294720"}],"curies":[{"name":"wp","href":"https:\/\/api.w.org\/{rel}","templated":true}]}}