{"id":294713,"date":"2024-01-06T23:06:54","date_gmt":"2024-01-06T19:06:54","guid":{"rendered":"https:\/\/www.meydan.tv\/?p=294713"},"modified":"2024-01-06T23:06:59","modified_gmt":"2024-01-06T19:06:59","slug":"sehidin-layiq-oldugu-munasibeti-gormuruk","status":"publish","type":"post","link":"https:\/\/www.meydan.tv\/az\/article\/sehidin-layiq-oldugu-munasibeti-gormuruk\/","title":{"rendered":"\u201c\u015e\u0259hidin layiq oldu\u011fu m\u00fcnasib\u0259ti g\u00f6rm\u00fcr\u00fck\u201d"},"content":{"rendered":"\n<p><\/p>\n\n\n\n<p><strong><em>Elza \u018fmirova: \u201cEhsan verm\u0259y\u0259 imkan\u0131m\u0131z yoxdur, icra hakimiyy\u0259tinin n\u00fcmay\u0259nd\u0259si deyir ki, bayrama g\u00f6r\u0259 x\u0259zin\u0259 ba\u011fl\u0131d\u0131r&#8230;\u201d<\/em><\/strong><\/p>\n\n\n\n<p>Yanvar\u0131n 4-d\u0259 La\u00e7\u0131n rayonunda da\u011fl\u0131q \u0259razid\u0259 ba\u015f vermi\u015f yol q\u0259zas\u0131nda h\u0259lak olan iki h\u0259rb\u00e7id\u0259n biri \u2013 H\u0259s\u0259n \u0130smay\u0131lovun ail\u0259 \u00fczvl\u0259ri bigan\u0259likd\u0259n gileyl\u0259nir. Deyirl\u0259r ki, ya\u015fad\u0131qlar\u0131 G\u0259nc\u0259 \u015f\u0259h\u0259rinin icra ba\u015f\u00e7\u0131s\u0131 Niyazi Bayramov v\u0259 dig\u0259r y\u00fcks\u0259k v\u0259zif\u0259li \u015f\u0259xsl\u0259r onlara layiq olduqlar\u0131 m\u00fcnasib\u0259ti g\u00f6st\u0259rmir.<\/p>\n\n\n\n<p><strong>&#8220;Allah\u0131n bir \u0259klilini o u\u015fa\u011f\u0131n m\u0259zar\u0131na qoymay\u0131blar&#8221;<\/strong><\/p>\n\n\n\n<p>H\u0259s\u0259n \u0130smay\u0131lovun bac\u0131s\u0131 Elza \u018fmirova Meydan TV-y\u0259 dan\u0131\u015f\u0131r ki, qarda\u015f\u0131na \u015f\u0259hid statusu verilib, G\u0259nc\u0259d\u0259 \u015e\u0259hidl\u0259r Xiyaban\u0131nda d\u0259fn olunub:<\/p>\n\n\n\n<p><em>\u201cAmma \u015f\u0259hidin layiq oldu\u011fu ehtiram\u0131, m\u00fcnasib\u0259ti g\u00f6rm\u00fcr\u00fck. \u0130cra ba\u015f\u00e7\u0131s\u0131 g\u00f6r\u00fcnt\u00fc xatirin\u0259 g\u0259tirib bayra\u011f\u0131 atama verib, \u00e7\u0131x\u0131b gedib. N\u0259 bir yas ma\u011far\u0131na g\u0259lib, n\u0259 ail\u0259 il\u0259 maraqlan\u0131blar. Allah\u0131n bir \u0259klilini d\u0259 o u\u015fa\u011f\u0131n m\u0259zar\u0131n\u0131n \u00fcst\u00fcn\u0259 qoymay\u0131blar. He\u00e7 m\u0259zar\u0131n\u0131n ba\u015f\u0131nda bayraq da yoxdur. \u00d6z hesab\u0131m\u0131za \u015f\u0259klini \u00e7\u0131xartd\u0131rm\u0131\u015fd\u0131q, m\u0259zar\u0131n\u0131n \u00fcst\u00fcn\u0259 d\u0259 onu qoyublar, v\u0259ssalam. Ad\u0259t\u0259n \u015f\u0259hidl\u0259ri kortejl\u0259 son m\u0259nzil\u0259 yola sal\u0131rlar. M\u0259nim qarda\u015f\u0131ma bunu da el\u0259m\u0259dil\u0259r. D\u0259fn m\u0259rasimind\u0259 4 bayraq vard\u0131. Onu da qazi Kamal al\u0131b aparm\u0131\u015fd\u0131&#8230;\u201d.<\/em><\/p>\n\n\n\n<p><strong>&#8220;G\u0259lib g\u00f6rs\u00fcnl\u0259r ki, \u015f\u0259hidin evi n\u0259 g\u00fcnd\u0259dir&#8221;<\/strong><\/p>\n\n\n\n<p>28 ya\u015fl\u0131 H\u0259s\u0259n \u0130smay\u0131lovun 5 bac\u0131n\u0131n t\u0259k qarda\u015f\u0131 oldu\u011funu dey\u0259n Elza \u018fmirovan\u0131n s\u00f6zl\u0259rin\u0259 g\u00f6r\u0259, qarda\u015f\u0131n\u0131n iki azya\u015fl\u0131 \u00f6vlad\u0131 qal\u0131b. U\u015faqlardan birinin 4, dig\u0259rinin 1 ya\u015f\u0131 var. Elza \u018fmirova deyir ki, ail\u0259nin maddi durumu a\u011f\u0131rd\u0131r, h\u0259tta ehsan verm\u0259kd\u0259 d\u0259 \u00e7\u0259tinlik \u00e7\u0259kirl\u0259r:<\/p>\n\n\n<div class=\"wp-block-image\">\n<figure class=\"aligncenter size-large\"><img decoding=\"async\" width=\"1200\" height=\"675\" data-src=\"https:\/\/www.meydan.tv\/wp-content\/uploads\/sehid-1200x675.jpg\" alt=\"\" class=\"wp-image-294710 lazyload\" src=\"data:image\/svg+xml;base64,PHN2ZyB3aWR0aD0iMSIgaGVpZ2h0PSIxIiB4bWxucz0iaHR0cDovL3d3dy53My5vcmcvMjAwMC9zdmciPjwvc3ZnPg==\" style=\"--smush-placeholder-width: 1200px; --smush-placeholder-aspect-ratio: 1200\/675;\" \/><figcaption class=\"wp-element-caption\">Foto: Meydan TV<\/figcaption><\/figure>\n<\/div>\n\n\n<p>\u201c<em>11 il idi ki, xidm\u0259t edirdi. H\u0259m 2020-ci ild\u0259 44 g\u00fcnl\u00fck m\u00fcharib\u0259nin, h\u0259m d\u0259 2023-c\u00fc ild\u0259 anti-terror \u0259m\u0259liyyatlar\u0131n\u0131n i\u015ftirak\u00e7\u0131s\u0131 olub. Qarda\u015f\u0131m k\u0259\u015ffiyyat\u00e7\u0131 idi. G\u0259lib g\u00f6rs\u00fcnl\u0259r ki, \u015f\u0259hidin evi n\u0259 g\u00fcnd\u0259dir. \u015e\u0259hid olub, yas yerin\u0259 g\u0259lib-ged\u0259n \u00e7oxdur. Ehsan verm\u0259y\u0259 imkan\u0131m\u0131z yoxdur. \u0130cra ba\u015f\u00e7\u0131s\u0131, onun \u0259traf\u0131ndak\u0131lar\u0131 maraqland\u0131rm\u0131r ki, bu ail\u0259 n\u0259 v\u0259ziyy\u0259td\u0259dir? D\u00f6vl\u0259t ba\u015f\u00e7\u0131s\u0131 b\u00fcdc\u0259 ay\u0131r\u0131b, amma \u0259h\u0259miyy\u0259t verilmir. D\u00f6vl\u0259t u\u011frunda ged\u0259n adama bel\u0259 m\u00fcnasib\u0259t yara\u015farm\u0131?!\u201d.<\/em><\/p>\n\n\n\n<p>Elza \u018fmirova bildirir ki, bununla ba\u011fl\u0131 iradlar\u0131n\u0131 G\u0259nc\u0259 \u015e\u0259h\u0259r \u0130cra Hakimiyy\u0259tinin n\u00fcmay\u0259nd\u0259l\u0259rin\u0259 d\u0259 \u00e7atd\u0131r\u0131blar. Cavab\u0131nda bildirilib ki, bayramla \u0259laq\u0259dar qeyri-i\u015f g\u00fcn\u00fcd\u00fcr, bu \u00fczd\u0259n he\u00e7 bir add\u0131m ata bilmirl\u0259r.<\/p>\n\n\n\n<p><em>\u201cDeyirl\u0259r ki, \u201cbayran g\u00fcnl\u0259ri oldu\u011funa g\u00f6r\u0259 x\u0259zin\u0259 ba\u011fl\u0131d\u0131r, he\u00e7 n\u0259 el\u0259y\u0259 bilm\u0259rik, bayram bit\u0259nd\u0259n sonra maraqlanaca\u011f\u0131q\u201d. \u015e\u0259hid\u0259 \u00e7atan bir ehsand\u0131r, onu da vaxt\u0131nda el\u0259mirsinizs\u0259, sonra maraqlanma\u011f\u0131 neynirik?! Bayram g\u00fcnl\u0259rind\u0259 g\u00fcl d\u00fckan\u0131 ba\u011fl\u0131 deyildi ki. Bir \u0259klil d\u0259 d\u00fcz\u0259ltdir\u0259 bilmirdiniz?\u201d, <\/em>&#8211; Elza \u018fmirova \u0259lav\u0259 edib.<\/p>\n\n\n\n<p>Az\u0259rbaycanda yanvar\u0131n 7-n\u0259 q\u0259d\u0259r qeyri-i\u015f g\u00fcnl\u0259ri oldu\u011funa g\u00f6r\u0259 H\u0259s\u0259n \u0130smay\u0131lovun ail\u0259 \u00fczvl\u0259rinin iddialar\u0131na G\u0259nc\u0259 \u015e\u0259h\u0259r \u0130cra Hakimiyy\u0259tind\u0259n m\u00fcnasib\u0259t \u00f6yr\u0259nm\u0259k m\u00fcmk\u00fcn olmay\u0131b.<\/p>\n\n\n\n<p>Yanvar\u0131n 4-d\u0259 La\u00e7\u0131n rayonunda \u00e7\u0259tin relyefli da\u011fl\u0131q \u0259razid\u0259 h\u0259rbi n\u0259qliyyat vasit\u0259sinin q\u0259zaya u\u011framas\u0131 n\u0259tic\u0259sind\u0259 Az\u0259rbaycan Ordusunun h\u0259rbi qulluq\u00e7ular\u0131 H\u0259s\u0259n \u0130smay\u0131lov v\u0259 S\u0259xav\u0259t Axundov h\u0259lak olub.<\/p>\n\n\n\n<p>Xa\u00e7maz rayonunun Sayad k\u0259ndind\u0259 do\u011fulub-b\u00f6y\u00fcy\u0259n S\u0259xav\u0259t Axundov 2022-ci ilin oktyabr\u0131nda h\u0259rbi xidm\u0259t\u0259 yollan\u0131b. Onun ilyar\u0131ml\u0131q h\u0259rbi xidm\u0259ti 2024-c\u00fc ilin aprelind\u0259 ba\u015fa \u00e7atacaqd\u0131.<\/p>\n","protected":false},"excerpt":{"rendered":"<p>Elza \u018fmirova: \u201cEhsan verm\u0259y\u0259 imkan\u0131m\u0131z yoxdur, icra hakimiyy\u0259tinin n\u00fcmay\u0259nd\u0259si deyir &#8230; <\/p>\n<p class=\"read-more-container\"><a title=\"\u201c\u015e\u0259hidin layiq oldu\u011fu m\u00fcnasib\u0259ti g\u00f6rm\u00fcr\u00fck\u201d\" class=\"read-more button\" href=\"https:\/\/www.meydan.tv\/az\/article\/sehidin-layiq-oldugu-munasibeti-gormuruk\/#more-294713\" aria-label=\"Read more about \u201c\u015e\u0259hidin layiq oldu\u011fu m\u00fcnasib\u0259ti g\u00f6rm\u00fcr\u00fck\u201d\">Davam\u0131<\/a><\/p>\n","protected":false},"author":8,"featured_media":294714,"comment_status":"closed","ping_status":"closed","sticky":false,"template":"","format":"standard","meta":{"_acf_changed":false,"_sitemap_exclude":false,"_sitemap_priority":"","_sitemap_frequency":"","footnotes":""},"categories":[60,79,56],"tags":[],"class_list":["post-294713","post","type-post","status-publish","format-standard","has-post-thumbnail","hentry","category-bolge","category-featured","category-xeberler","infinite-scroll-item","generate-columns","tablet-grid-50","mobile-grid-100","grid-parent","grid-33","no-featured-image-padding"],"acf":[],"yoast_head":"<!-- This site is optimized with the Yoast SEO plugin v27.4 - https:\/\/yoast.com\/product\/yoast-seo-wordpress\/ -->\n<title>\u201c\u015e\u0259hidin layiq oldu\u011fu m\u00fcnasib\u0259ti g\u00f6rm\u00fcr\u00fck\u201d - MEYDAN.TV<\/title>\n<meta name=\"robots\" content=\"index, follow, max-snippet:-1, max-image-preview:large, max-video-preview:-1\" \/>\n<link rel=\"canonical\" href=\"https:\/\/www.meydan.tv\/az\/article\/sehidin-layiq-oldugu-munasibeti-gormuruk\/\" \/>\n<meta property=\"og:locale\" content=\"az_AZ\" \/>\n<meta property=\"og:type\" content=\"article\" \/>\n<meta property=\"og:title\" content=\"\u201c\u015e\u0259hidin layiq oldu\u011fu m\u00fcnasib\u0259ti g\u00f6rm\u00fcr\u00fck\u201d - MEYDAN.TV\" \/>\n<meta property=\"og:description\" content=\"Elza \u018fmirova: \u201cEhsan verm\u0259y\u0259 imkan\u0131m\u0131z yoxdur, icra hakimiyy\u0259tinin n\u00fcmay\u0259nd\u0259si deyir ... Davam\u0131\" \/>\n<meta property=\"og:url\" content=\"https:\/\/www.meydan.tv\/az\/article\/sehidin-layiq-oldugu-munasibeti-gormuruk\/\" \/>\n<meta property=\"og:site_name\" content=\"MEYDAN.TV\" \/>\n<meta property=\"article:published_time\" content=\"2024-01-06T19:06:54+00:00\" \/>\n<meta property=\"article:modified_time\" content=\"2024-01-06T19:06:59+00:00\" \/>\n<meta property=\"og:image\" content=\"https:\/\/www.meydan.tv\/wp-content\/uploads\/17044514092339759907_1200x630.jpeg\" \/>\n\t<meta property=\"og:image:width\" content=\"1200\" \/>\n\t<meta property=\"og:image:height\" content=\"540\" \/>\n\t<meta property=\"og:image:type\" content=\"image\/jpeg\" \/>\n<meta name=\"author\" content=\"elli\" \/>\n<meta name=\"twitter:card\" content=\"summary_large_image\" \/>\n<meta name=\"twitter:creator\" content=\"@elli\" \/>\n<script type=\"application\/ld+json\" class=\"yoast-schema-graph\">{\"@context\":\"https:\\\/\\\/schema.org\",\"@graph\":[{\"@type\":\"Article\",\"@id\":\"https:\\\/\\\/www.meydan.tv\\\/az\\\/article\\\/sehidin-layiq-oldugu-munasibeti-gormuruk\\\/#article\",\"isPartOf\":{\"@id\":\"https:\\\/\\\/www.meydan.tv\\\/az\\\/article\\\/sehidin-layiq-oldugu-munasibeti-gormuruk\\\/\"},\"author\":{\"name\":\"elli\",\"@id\":\"https:\\\/\\\/www.meydan.tv\\\/az\\\/#\\\/schema\\\/person\\\/9cdbecf90d17180ce1dfbd95b08dcf47\"},\"headline\":\"\u201c\u015e\u0259hidin layiq oldu\u011fu m\u00fcnasib\u0259ti g\u00f6rm\u00fcr\u00fck\u201d\",\"datePublished\":\"2024-01-06T19:06:54+00:00\",\"dateModified\":\"2024-01-06T19:06:59+00:00\",\"mainEntityOfPage\":{\"@id\":\"https:\\\/\\\/www.meydan.tv\\\/az\\\/article\\\/sehidin-layiq-oldugu-munasibeti-gormuruk\\\/\"},\"wordCount\":708,\"publisher\":{\"@id\":\"https:\\\/\\\/www.meydan.tv\\\/az\\\/#organization\"},\"image\":{\"@id\":\"https:\\\/\\\/www.meydan.tv\\\/az\\\/article\\\/sehidin-layiq-oldugu-munasibeti-gormuruk\\\/#primaryimage\"},\"thumbnailUrl\":\"https:\\\/\\\/www.meydan.tv\\\/wp-content\\\/uploads\\\/17044514092339759907_1200x630.jpeg\",\"articleSection\":[\"B\u00f6lg\u0259\",\"T\u00f6vsiy\u0259\",\"X\u0259b\u0259rl\u0259r\"],\"inLanguage\":\"az\"},{\"@type\":\"WebPage\",\"@id\":\"https:\\\/\\\/www.meydan.tv\\\/az\\\/article\\\/sehidin-layiq-oldugu-munasibeti-gormuruk\\\/\",\"url\":\"https:\\\/\\\/www.meydan.tv\\\/az\\\/article\\\/sehidin-layiq-oldugu-munasibeti-gormuruk\\\/\",\"name\":\"\u201c\u015e\u0259hidin layiq oldu\u011fu m\u00fcnasib\u0259ti g\u00f6rm\u00fcr\u00fck\u201d - MEYDAN.TV\",\"isPartOf\":{\"@id\":\"https:\\\/\\\/www.meydan.tv\\\/az\\\/#website\"},\"primaryImageOfPage\":{\"@id\":\"https:\\\/\\\/www.meydan.tv\\\/az\\\/article\\\/sehidin-layiq-oldugu-munasibeti-gormuruk\\\/#primaryimage\"},\"image\":{\"@id\":\"https:\\\/\\\/www.meydan.tv\\\/az\\\/article\\\/sehidin-layiq-oldugu-munasibeti-gormuruk\\\/#primaryimage\"},\"thumbnailUrl\":\"https:\\\/\\\/www.meydan.tv\\\/wp-content\\\/uploads\\\/17044514092339759907_1200x630.jpeg\",\"datePublished\":\"2024-01-06T19:06:54+00:00\",\"dateModified\":\"2024-01-06T19:06:59+00:00\",\"breadcrumb\":{\"@id\":\"https:\\\/\\\/www.meydan.tv\\\/az\\\/article\\\/sehidin-layiq-oldugu-munasibeti-gormuruk\\\/#breadcrumb\"},\"inLanguage\":\"az\",\"potentialAction\":[{\"@type\":\"ReadAction\",\"target\":[\"https:\\\/\\\/www.meydan.tv\\\/az\\\/article\\\/sehidin-layiq-oldugu-munasibeti-gormuruk\\\/\"]}]},{\"@type\":\"ImageObject\",\"inLanguage\":\"az\",\"@id\":\"https:\\\/\\\/www.meydan.tv\\\/az\\\/article\\\/sehidin-layiq-oldugu-munasibeti-gormuruk\\\/#primaryimage\",\"url\":\"https:\\\/\\\/www.meydan.tv\\\/wp-content\\\/uploads\\\/17044514092339759907_1200x630.jpeg\",\"contentUrl\":\"https:\\\/\\\/www.meydan.tv\\\/wp-content\\\/uploads\\\/17044514092339759907_1200x630.jpeg\",\"width\":1200,\"height\":540,\"caption\":\"Foto: Az\u0259rtac\"},{\"@type\":\"BreadcrumbList\",\"@id\":\"https:\\\/\\\/www.meydan.tv\\\/az\\\/article\\\/sehidin-layiq-oldugu-munasibeti-gormuruk\\\/#breadcrumb\",\"itemListElement\":[{\"@type\":\"ListItem\",\"position\":1,\"name\":\"Ana s\u0259hif\u0259\",\"item\":\"https:\\\/\\\/www.meydan.tv\\\/az\\\/\"},{\"@type\":\"ListItem\",\"position\":2,\"name\":\"B\u00f6lg\u0259\",\"item\":\"https:\\\/\\\/www.meydan.tv\\\/az\\\/section\\\/bolge\\\/\"},{\"@type\":\"ListItem\",\"position\":3,\"name\":\"\u201c\u015e\u0259hidin layiq oldu\u011fu m\u00fcnasib\u0259ti g\u00f6rm\u00fcr\u00fck\u201d\"}]},{\"@type\":\"WebSite\",\"@id\":\"https:\\\/\\\/www.meydan.tv\\\/az\\\/#website\",\"url\":\"https:\\\/\\\/www.meydan.tv\\\/az\\\/\",\"name\":\"MEYDAN.TV\",\"description\":\"Meydan TV Az\u0259rbaycan\u0131n media m\u0259kan\u0131ndak\u0131 alternativ s\u0259sidir\",\"publisher\":{\"@id\":\"https:\\\/\\\/www.meydan.tv\\\/az\\\/#organization\"},\"potentialAction\":[{\"@type\":\"SearchAction\",\"target\":{\"@type\":\"EntryPoint\",\"urlTemplate\":\"https:\\\/\\\/www.meydan.tv\\\/az\\\/?s={search_term_string}\"},\"query-input\":{\"@type\":\"PropertyValueSpecification\",\"valueRequired\":true,\"valueName\":\"search_term_string\"}}],\"inLanguage\":\"az\"},{\"@type\":\"Organization\",\"@id\":\"https:\\\/\\\/www.meydan.tv\\\/az\\\/#organization\",\"name\":\"Meydan TV\",\"url\":\"https:\\\/\\\/www.meydan.tv\\\/az\\\/\",\"logo\":{\"@type\":\"ImageObject\",\"inLanguage\":\"az\",\"@id\":\"https:\\\/\\\/www.meydan.tv\\\/az\\\/#\\\/schema\\\/logo\\\/image\\\/\",\"url\":\"https:\\\/\\\/www.meydan.tv\\\/wp-content\\\/uploads\\\/2021\\\/07\\\/meydan-logo.svg\",\"contentUrl\":\"https:\\\/\\\/www.meydan.tv\\\/wp-content\\\/uploads\\\/2021\\\/07\\\/meydan-logo.svg\",\"width\":195,\"height\":46,\"caption\":\"Meydan TV\"},\"image\":{\"@id\":\"https:\\\/\\\/www.meydan.tv\\\/az\\\/#\\\/schema\\\/logo\\\/image\\\/\"}},{\"@type\":\"Person\",\"@id\":\"https:\\\/\\\/www.meydan.tv\\\/az\\\/#\\\/schema\\\/person\\\/9cdbecf90d17180ce1dfbd95b08dcf47\",\"name\":\"elli\",\"sameAs\":[\"https:\\\/\\\/x.com\\\/elli\"]}]}<\/script>\n<!-- \/ Yoast SEO plugin. -->","yoast_head_json":{"title":"\u201c\u015e\u0259hidin layiq oldu\u011fu m\u00fcnasib\u0259ti g\u00f6rm\u00fcr\u00fck\u201d - MEYDAN.TV","robots":{"index":"index","follow":"follow","max-snippet":"max-snippet:-1","max-image-preview":"max-image-preview:large","max-video-preview":"max-video-preview:-1"},"canonical":"https:\/\/www.meydan.tv\/az\/article\/sehidin-layiq-oldugu-munasibeti-gormuruk\/","og_locale":"az_AZ","og_type":"article","og_title":"\u201c\u015e\u0259hidin layiq oldu\u011fu m\u00fcnasib\u0259ti g\u00f6rm\u00fcr\u00fck\u201d - MEYDAN.TV","og_description":"Elza \u018fmirova: \u201cEhsan verm\u0259y\u0259 imkan\u0131m\u0131z yoxdur, icra hakimiyy\u0259tinin n\u00fcmay\u0259nd\u0259si deyir ... Davam\u0131","og_url":"https:\/\/www.meydan.tv\/az\/article\/sehidin-layiq-oldugu-munasibeti-gormuruk\/","og_site_name":"MEYDAN.TV","article_published_time":"2024-01-06T19:06:54+00:00","article_modified_time":"2024-01-06T19:06:59+00:00","og_image":[{"width":1200,"height":540,"url":"https:\/\/www.meydan.tv\/wp-content\/uploads\/17044514092339759907_1200x630.jpeg","type":"image\/jpeg"}],"author":"elli","twitter_card":"summary_large_image","twitter_creator":"@elli","schema":{"@context":"https:\/\/schema.org","@graph":[{"@type":"Article","@id":"https:\/\/www.meydan.tv\/az\/article\/sehidin-layiq-oldugu-munasibeti-gormuruk\/#article","isPartOf":{"@id":"https:\/\/www.meydan.tv\/az\/article\/sehidin-layiq-oldugu-munasibeti-gormuruk\/"},"author":{"name":"elli","@id":"https:\/\/www.meydan.tv\/az\/#\/schema\/person\/9cdbecf90d17180ce1dfbd95b08dcf47"},"headline":"\u201c\u015e\u0259hidin layiq oldu\u011fu m\u00fcnasib\u0259ti g\u00f6rm\u00fcr\u00fck\u201d","datePublished":"2024-01-06T19:06:54+00:00","dateModified":"2024-01-06T19:06:59+00:00","mainEntityOfPage":{"@id":"https:\/\/www.meydan.tv\/az\/article\/sehidin-layiq-oldugu-munasibeti-gormuruk\/"},"wordCount":708,"publisher":{"@id":"https:\/\/www.meydan.tv\/az\/#organization"},"image":{"@id":"https:\/\/www.meydan.tv\/az\/article\/sehidin-layiq-oldugu-munasibeti-gormuruk\/#primaryimage"},"thumbnailUrl":"https:\/\/www.meydan.tv\/wp-content\/uploads\/17044514092339759907_1200x630.jpeg","articleSection":["B\u00f6lg\u0259","T\u00f6vsiy\u0259","X\u0259b\u0259rl\u0259r"],"inLanguage":"az"},{"@type":"WebPage","@id":"https:\/\/www.meydan.tv\/az\/article\/sehidin-layiq-oldugu-munasibeti-gormuruk\/","url":"https:\/\/www.meydan.tv\/az\/article\/sehidin-layiq-oldugu-munasibeti-gormuruk\/","name":"\u201c\u015e\u0259hidin layiq oldu\u011fu m\u00fcnasib\u0259ti g\u00f6rm\u00fcr\u00fck\u201d - MEYDAN.TV","isPartOf":{"@id":"https:\/\/www.meydan.tv\/az\/#website"},"primaryImageOfPage":{"@id":"https:\/\/www.meydan.tv\/az\/article\/sehidin-layiq-oldugu-munasibeti-gormuruk\/#primaryimage"},"image":{"@id":"https:\/\/www.meydan.tv\/az\/article\/sehidin-layiq-oldugu-munasibeti-gormuruk\/#primaryimage"},"thumbnailUrl":"https:\/\/www.meydan.tv\/wp-content\/uploads\/17044514092339759907_1200x630.jpeg","datePublished":"2024-01-06T19:06:54+00:00","dateModified":"2024-01-06T19:06:59+00:00","breadcrumb":{"@id":"https:\/\/www.meydan.tv\/az\/article\/sehidin-layiq-oldugu-munasibeti-gormuruk\/#breadcrumb"},"inLanguage":"az","potentialAction":[{"@type":"ReadAction","target":["https:\/\/www.meydan.tv\/az\/article\/sehidin-layiq-oldugu-munasibeti-gormuruk\/"]}]},{"@type":"ImageObject","inLanguage":"az","@id":"https:\/\/www.meydan.tv\/az\/article\/sehidin-layiq-oldugu-munasibeti-gormuruk\/#primaryimage","url":"https:\/\/www.meydan.tv\/wp-content\/uploads\/17044514092339759907_1200x630.jpeg","contentUrl":"https:\/\/www.meydan.tv\/wp-content\/uploads\/17044514092339759907_1200x630.jpeg","width":1200,"height":540,"caption":"Foto: Az\u0259rtac"},{"@type":"BreadcrumbList","@id":"https:\/\/www.meydan.tv\/az\/article\/sehidin-layiq-oldugu-munasibeti-gormuruk\/#breadcrumb","itemListElement":[{"@type":"ListItem","position":1,"name":"Ana s\u0259hif\u0259","item":"https:\/\/www.meydan.tv\/az\/"},{"@type":"ListItem","position":2,"name":"B\u00f6lg\u0259","item":"https:\/\/www.meydan.tv\/az\/section\/bolge\/"},{"@type":"ListItem","position":3,"name":"\u201c\u015e\u0259hidin layiq oldu\u011fu m\u00fcnasib\u0259ti g\u00f6rm\u00fcr\u00fck\u201d"}]},{"@type":"WebSite","@id":"https:\/\/www.meydan.tv\/az\/#website","url":"https:\/\/www.meydan.tv\/az\/","name":"MEYDAN.TV","description":"Meydan TV Az\u0259rbaycan\u0131n media m\u0259kan\u0131ndak\u0131 alternativ s\u0259sidir","publisher":{"@id":"https:\/\/www.meydan.tv\/az\/#organization"},"potentialAction":[{"@type":"SearchAction","target":{"@type":"EntryPoint","urlTemplate":"https:\/\/www.meydan.tv\/az\/?s={search_term_string}"},"query-input":{"@type":"PropertyValueSpecification","valueRequired":true,"valueName":"search_term_string"}}],"inLanguage":"az"},{"@type":"Organization","@id":"https:\/\/www.meydan.tv\/az\/#organization","name":"Meydan TV","url":"https:\/\/www.meydan.tv\/az\/","logo":{"@type":"ImageObject","inLanguage":"az","@id":"https:\/\/www.meydan.tv\/az\/#\/schema\/logo\/image\/","url":"https:\/\/www.meydan.tv\/wp-content\/uploads\/2021\/07\/meydan-logo.svg","contentUrl":"https:\/\/www.meydan.tv\/wp-content\/uploads\/2021\/07\/meydan-logo.svg","width":195,"height":46,"caption":"Meydan TV"},"image":{"@id":"https:\/\/www.meydan.tv\/az\/#\/schema\/logo\/image\/"}},{"@type":"Person","@id":"https:\/\/www.meydan.tv\/az\/#\/schema\/person\/9cdbecf90d17180ce1dfbd95b08dcf47","name":"elli","sameAs":["https:\/\/x.com\/elli"]}]}},"_links":{"self":[{"href":"https:\/\/www.meydan.tv\/az\/wp-json\/wp\/v2\/posts\/294713","targetHints":{"allow":["GET"]}}],"collection":[{"href":"https:\/\/www.meydan.tv\/az\/wp-json\/wp\/v2\/posts"}],"about":[{"href":"https:\/\/www.meydan.tv\/az\/wp-json\/wp\/v2\/types\/post"}],"author":[{"embeddable":true,"href":"https:\/\/www.meydan.tv\/az\/wp-json\/wp\/v2\/users\/8"}],"replies":[{"embeddable":true,"href":"https:\/\/www.meydan.tv\/az\/wp-json\/wp\/v2\/comments?post=294713"}],"version-history":[{"count":1,"href":"https:\/\/www.meydan.tv\/az\/wp-json\/wp\/v2\/posts\/294713\/revisions"}],"predecessor-version":[{"id":294717,"href":"https:\/\/www.meydan.tv\/az\/wp-json\/wp\/v2\/posts\/294713\/revisions\/294717"}],"wp:featuredmedia":[{"embeddable":true,"href":"https:\/\/www.meydan.tv\/az\/wp-json\/wp\/v2\/media\/294714"}],"wp:attachment":[{"href":"https:\/\/www.meydan.tv\/az\/wp-json\/wp\/v2\/media?parent=294713"}],"wp:term":[{"taxonomy":"category","embeddable":true,"href":"https:\/\/www.meydan.tv\/az\/wp-json\/wp\/v2\/categories?post=294713"},{"taxonomy":"post_tag","embeddable":true,"href":"https:\/\/www.meydan.tv\/az\/wp-json\/wp\/v2\/tags?post=294713"}],"curies":[{"name":"wp","href":"https:\/\/api.w.org\/{rel}","templated":true}]}}