{"id":294619,"date":"2024-01-03T14:33:51","date_gmt":"2024-01-03T10:33:51","guid":{"rendered":"https:\/\/www.meydan.tv\/?p=294619"},"modified":"2024-01-03T14:33:54","modified_gmt":"2024-01-03T10:33:54","slug":"yararsiz-veziyyetde-olan-ev-zemineye-bayrami-coxdan-unutdurub","status":"publish","type":"post","link":"https:\/\/www.meydan.tv\/az\/article\/yararsiz-veziyyetde-olan-ev-zemineye-bayrami-coxdan-unutdurub\/","title":{"rendered":"Yarars\u0131z v\u0259ziyy\u0259td\u0259 olan ev Z\u0259min\u0259y\u0259 bayram\u0131 \u00e7oxdan unutdurub"},"content":{"rendered":"\n<figure class=\"wp-block-embed is-type-video is-provider-youtube wp-block-embed-youtube wp-embed-aspect-16-9 wp-has-aspect-ratio\"><div class=\"wp-block-embed__wrapper\">\n<iframe title=\"Yarars\u0131z v\u0259ziyy\u0259td\u0259 olan ev Z\u0259min\u0259y\u0259 bayram\u0131 \u00e7oxdan unutdurub\" width=\"1200\" height=\"675\" data-src=\"https:\/\/www.youtube.com\/embed\/aJtIvxhBaCo?feature=oembed\" frameborder=\"0\" allow=\"accelerometer; autoplay; clipboard-write; encrypted-media; gyroscope; picture-in-picture; web-share\" allowfullscreen src=\"data:image\/svg+xml;base64,PHN2ZyB3aWR0aD0iMSIgaGVpZ2h0PSIxIiB4bWxucz0iaHR0cDovL3d3dy53My5vcmcvMjAwMC9zdmciPjwvc3ZnPg==\" class=\"lazyload\" data-load-mode=\"1\"><\/iframe>\n<\/div><\/figure>\n\n\n\n<p>Z\u0259min\u0259 \u018fs\u0259dova evind\u0259 bayram ab-havas\u0131 olmayanlardand\u0131r. \u00c7\u00fcnki haz\u0131rda d\u0259rman alma\u011fa pulu yoxdur dey\u0259 \u015f\u0259k\u0259ri qalx\u0131b, dig\u0259r ota\u011fa ke\u00e7\u0259 bilm\u0259k \u00fc\u00e7\u00fcn p\u0259nc\u0259r\u0259nin yan\u0131nda oturub t\u0259k daya\u011f\u0131 olan o\u011flunu g\u00f6zl\u0259yir. Hava soyuq, bo\u015f soyuducu, yarars\u0131z v\u0259ziyy\u0259td\u0259 olan ev Z\u0259min\u0259y\u0259 bayram\u0131 \u00e7oxdan unutdurub. T\u0259k d\u0259rdi can\u0131n\u0131n a\u011fr\u0131mad\u0131\u011f\u0131, evinin isti oldu\u011fu bir g\u00fcn\u00fcn olmas\u0131d\u0131r. 47 ya\u015f\u0131 olsa da, a\u011fappaq sa\u00e7lar\u0131 Z\u0259min\u0259nin \u00e7\u0259kdiyi \u0259zablar\u0131n n\u0259tic\u0259sidir.  <\/p>\n\n\n\n<p>\u201c\u00dcmidim odur, bu ild\u0259n m\u0259n\u0259 bir k\u00f6m\u0259k olsun, bu ev-e\u015fik d\u00fcz\u0259lsin ki, m\u0259n d\u0259 bir rahat n\u0259f\u0259s al\u0131m, bir d\u0259f\u0259 bir yax\u015f\u0131 m\u00fcalic\u0259 al\u0131m ki, gec\u0259 yatanda rahat yat\u0131m, d\u0259rmanlarla yatmay\u0131m.  Yayda oradan q\u0131r \u0259riyir t\u00f6k\u00fcl\u00fcr ba\u015f\u0131ma, q\u0131\u015fda da ya\u011f\u0131\u015f ya\u011f\u0131r ba\u015f\u0131ma. G\u00f6rd\u00fcy\u00fcm h\u0259yat budur da, bala. \u0130ki d\u0259f\u0259 insult ke\u00e7irtmi\u015f\u0259m, he\u00e7 n\u0259 ed\u0259 bilmir\u0259m. O u\u015faq olmasa, n\u0259 bir aya\u011fa qalxa bilir\u0259m, n\u0259 yem\u0259k yey\u0259 bilir\u0259m. H\u0259r \u015feyimi o\u011flum edir. \u018fvv\u0259l anam bax\u0131rd\u0131, zibilliy\u0259 gedirdim gec\u0259l\u0259r. Alt\u0131-bazar rus bazar\u0131na gedirdim, y\u0259ni \u00f6z\u00fcm \u00f6z\u00fcm\u00fc doland\u0131r\u0131rd\u0131m, yada, ba\u015fqas\u0131na ehtiyac\u0131m yox idi. Anam bax\u0131rd\u0131, \u00f6z\u00fcm balalar\u0131mla \u00e7\u00f6r\u0259k qazan\u0131rd\u0131m. Sonra rus bazar\u0131nda \u0259s\u0259b ke\u00e7irtdim, g\u0259ldim evd\u0259 infarkt vurdu birinci d\u0259f\u0259. \u0130mkan olmad\u0131 ki, m\u00fcalic\u0259 el\u0259tdirim. 1 ild\u0259n sonra ikinci d\u0259f\u0259 vurdu\u201c. <\/p>\n\n\n\n<p>Z\u0259min\u0259 17 ildir \u015f\u0259k\u0259r x\u0259st\u0259sidir. Deyir ki, \u0259vv\u0259l polinlinika insulini iki d\u0259n\u0259 verib, indi is\u0259 bir d\u0259n\u0259 verir. Bu, onsuz da \u00e7\u0259tin olan dolan\u0131\u015f\u0131\u011f\u0131n\u0131 daha da a\u011f\u0131rla\u015fd\u0131r\u0131r. 350 manatl\u0131q pensiya il\u0259 d\u0259rman, kommunal, yem\u0259k ehtiyaclar\u0131n\u0131 \u00f6d\u0259y\u0259 bilm\u0259m\u0259yind\u0259n dan\u0131\u015f\u0131r. <\/p>\n\n\n\n<p>\u201cQabaqlar yen\u0259 iki d\u0259n\u0259-iki d\u0259n\u0259 verilirdi h\u0259r d\u0259rman\u0131mdan, rahatca istifad\u0259 ed\u0259 bilirdim. \u0130ndi onlar\u0131 da k\u0259sibl\u0259r, bir d\u0259n\u0259-bir d\u0259n\u0259 verirl\u0259r.  1 d\u0259n\u0259si 21 manat ne\u00e7\u0259s\u0259 q\u0259pikdir insulinin. Onun 2 d\u0259n\u0259si m\u0259nim \u00fc\u00e7\u00fcn 43 manat edir. 1 aya 4 d\u0259n\u0259si gedir onun. \u0130ndi 2 d\u0259n\u0259ni g\u00fccl\u0259 vururam, \u015f\u0259k\u0259rim qalx\u0131b bu d\u0259qiq\u0259. Yoxdur \u00e7\u00fcnki, n\u0259 edim? 60-70 manat 1 ayda h\u0259l\u0259 yar\u0131s\u0131na \u00e7\u0131x\u0131r, b\u00fct\u00f6v\u00fcn\u0259 \u00e7\u0131xm\u0131r. Ged\u0259nd\u0259 get \u015famax\u0131l\u0131lar\u0131n d\u00fckan\u0131na, 300 manat, ya da 250 manat borc var, bilmir\u0259m d\u0259qiq. Pensiyan\u0131 ald\u0131m, onu verdim, iyn\u0259-d\u0259rman qalacaq. \u0130\u015f\u0131\u011fa g\u0259lib n\u0259 q\u0259d\u0259r. Ne\u00e7\u0259 ayd\u0131r \u00f6d\u0259mir\u0259m, o qal\u0131b. 60-dan \u00e7ox da qaza g\u0259lib\u201c.  <\/p>\n\n\n\n<p>Z\u0259min\u0259 \u018fs\u0259dova deyir ki, aidiyyat\u0131 qurumlar onun evin\u0259 g\u0259lib, amma he\u00e7 bir k\u00f6m\u0259klik etm\u0259yibl\u0259r. <\/p>\n\n\n\n<p>\u201c\u0130cra hakimi g\u0259ldi, el\u0259 bir az f\u0131rland\u0131lar, \u00e7\u0131xd\u0131lar, getdil\u0259r. Kimin n\u0259yin\u0259 laz\u0131md\u0131r, qurban olum\u201c. <\/p>\n\n\n\n<p>Sabun\u00e7u Rayon \u0130cra Hakimiyy\u0259ti z\u0259ngl\u0259r\u0259 cavab verm\u0259di. T\u018fB\u0130B-d\u0259n Meydan TV-\u0259 bildirildi ki, qanunla \u015f\u0259k\u0259rli diabet x\u0259st\u0259l\u0259ri h\u0259r ay 40 vahid insulinl\u0259 t\u0259min edilir. Amma x\u0259st\u0259nin sa\u011flaml\u0131q v\u0259ziyy\u0259tind\u0259n as\u0131l\u0131 olaraq insulinin miqdar\u0131n\u0131n \u00e7oxald\u0131lmas\u0131na ehtiyac olur. T\u018fB\u0130B bu ehtiyac\u0131 n\u0259z\u0259r\u0259 alaraq m\u00f6vcud q\u0259rara d\u0259yi\u015fiklikl\u0259rl\u0259 ba\u011fl\u0131 m\u00fcvafiq t\u0259klifl\u0259r ir\u0259li s\u00fcr\u00fcb.<a href=\"https:\/\/www.youtube.com\/@MeydanTelevision\"><\/a><\/p>\n","protected":false},"excerpt":{"rendered":"<p>Z\u0259min\u0259 \u018fs\u0259dova evind\u0259 bayram ab-havas\u0131 olmayanlardand\u0131r. \u00c7\u00fcnki haz\u0131rda d\u0259rman alma\u011fa &#8230; <\/p>\n<p class=\"read-more-container\"><a title=\"Yarars\u0131z v\u0259ziyy\u0259td\u0259 olan ev Z\u0259min\u0259y\u0259 bayram\u0131 \u00e7oxdan unutdurub\" class=\"read-more button\" href=\"https:\/\/www.meydan.tv\/az\/article\/yararsiz-veziyyetde-olan-ev-zemineye-bayrami-coxdan-unutdurub\/#more-294619\" aria-label=\"Read more about Yarars\u0131z v\u0259ziyy\u0259td\u0259 olan ev Z\u0259min\u0259y\u0259 bayram\u0131 \u00e7oxdan unutdurub\">Davam\u0131<\/a><\/p>\n","protected":false},"author":12,"featured_media":294620,"comment_status":"closed","ping_status":"closed","sticky":false,"template":"","format":"standard","meta":{"_acf_changed":false,"_sitemap_exclude":false,"_sitemap_priority":"","_sitemap_frequency":"","footnotes":""},"categories":[62,63],"tags":[],"class_list":["post-294619","post","type-post","status-publish","format-standard","has-post-thumbnail","hentry","category-sosial","category-video-2","infinite-scroll-item","generate-columns","tablet-grid-50","mobile-grid-100","grid-parent","grid-33","no-featured-image-padding"],"acf":[],"yoast_head":"<!-- This site is optimized with the Yoast SEO plugin v27.4 - https:\/\/yoast.com\/product\/yoast-seo-wordpress\/ -->\n<title>Yarars\u0131z v\u0259ziyy\u0259td\u0259 olan ev Z\u0259min\u0259y\u0259 bayram\u0131 \u00e7oxdan unutdurub - MEYDAN.TV<\/title>\n<meta name=\"robots\" content=\"index, follow, max-snippet:-1, max-image-preview:large, max-video-preview:-1\" \/>\n<link rel=\"canonical\" href=\"https:\/\/www.meydan.tv\/az\/article\/yararsiz-veziyyetde-olan-ev-zemineye-bayrami-coxdan-unutdurub\/\" \/>\n<meta property=\"og:locale\" content=\"az_AZ\" \/>\n<meta property=\"og:type\" content=\"article\" \/>\n<meta property=\"og:title\" content=\"Yarars\u0131z v\u0259ziyy\u0259td\u0259 olan ev Z\u0259min\u0259y\u0259 bayram\u0131 \u00e7oxdan unutdurub - MEYDAN.TV\" \/>\n<meta property=\"og:description\" content=\"Z\u0259min\u0259 \u018fs\u0259dova evind\u0259 bayram ab-havas\u0131 olmayanlardand\u0131r. \u00c7\u00fcnki haz\u0131rda d\u0259rman alma\u011fa ... Davam\u0131\" \/>\n<meta property=\"og:url\" content=\"https:\/\/www.meydan.tv\/az\/article\/yararsiz-veziyyetde-olan-ev-zemineye-bayrami-coxdan-unutdurub\/\" \/>\n<meta property=\"og:site_name\" content=\"MEYDAN.TV\" \/>\n<meta property=\"article:published_time\" content=\"2024-01-03T10:33:51+00:00\" \/>\n<meta property=\"article:modified_time\" content=\"2024-01-03T10:33:54+00:00\" \/>\n<meta property=\"og:image\" content=\"https:\/\/www.meydan.tv\/wp-content\/uploads\/screenshot-2024-01-03-at-11.31.46-1200x599.png\" \/>\n\t<meta property=\"og:image:width\" content=\"1200\" \/>\n\t<meta property=\"og:image:height\" content=\"599\" \/>\n\t<meta property=\"og:image:type\" content=\"image\/png\" \/>\n<meta name=\"author\" content=\"aleks\" \/>\n<meta name=\"twitter:card\" content=\"summary_large_image\" \/>\n<script type=\"application\/ld+json\" class=\"yoast-schema-graph\">{\"@context\":\"https:\\\/\\\/schema.org\",\"@graph\":[{\"@type\":\"Article\",\"@id\":\"https:\\\/\\\/www.meydan.tv\\\/az\\\/article\\\/yararsiz-veziyyetde-olan-ev-zemineye-bayrami-coxdan-unutdurub\\\/#article\",\"isPartOf\":{\"@id\":\"https:\\\/\\\/www.meydan.tv\\\/az\\\/article\\\/yararsiz-veziyyetde-olan-ev-zemineye-bayrami-coxdan-unutdurub\\\/\"},\"author\":{\"name\":\"aleks\",\"@id\":\"https:\\\/\\\/www.meydan.tv\\\/az\\\/#\\\/schema\\\/person\\\/476e9360e593fa131d5d71d51866f8da\"},\"headline\":\"Yarars\u0131z v\u0259ziyy\u0259td\u0259 olan ev Z\u0259min\u0259y\u0259 bayram\u0131 \u00e7oxdan unutdurub\",\"datePublished\":\"2024-01-03T10:33:51+00:00\",\"dateModified\":\"2024-01-03T10:33:54+00:00\",\"mainEntityOfPage\":{\"@id\":\"https:\\\/\\\/www.meydan.tv\\\/az\\\/article\\\/yararsiz-veziyyetde-olan-ev-zemineye-bayrami-coxdan-unutdurub\\\/\"},\"wordCount\":637,\"publisher\":{\"@id\":\"https:\\\/\\\/www.meydan.tv\\\/az\\\/#organization\"},\"image\":{\"@id\":\"https:\\\/\\\/www.meydan.tv\\\/az\\\/article\\\/yararsiz-veziyyetde-olan-ev-zemineye-bayrami-coxdan-unutdurub\\\/#primaryimage\"},\"thumbnailUrl\":\"https:\\\/\\\/www.meydan.tv\\\/wp-content\\\/uploads\\\/screenshot-2024-01-03-at-11.31.46.png\",\"articleSection\":[\"Sosial\",\"Video\"],\"inLanguage\":\"az\"},{\"@type\":\"WebPage\",\"@id\":\"https:\\\/\\\/www.meydan.tv\\\/az\\\/article\\\/yararsiz-veziyyetde-olan-ev-zemineye-bayrami-coxdan-unutdurub\\\/\",\"url\":\"https:\\\/\\\/www.meydan.tv\\\/az\\\/article\\\/yararsiz-veziyyetde-olan-ev-zemineye-bayrami-coxdan-unutdurub\\\/\",\"name\":\"Yarars\u0131z v\u0259ziyy\u0259td\u0259 olan ev Z\u0259min\u0259y\u0259 bayram\u0131 \u00e7oxdan unutdurub - MEYDAN.TV\",\"isPartOf\":{\"@id\":\"https:\\\/\\\/www.meydan.tv\\\/az\\\/#website\"},\"primaryImageOfPage\":{\"@id\":\"https:\\\/\\\/www.meydan.tv\\\/az\\\/article\\\/yararsiz-veziyyetde-olan-ev-zemineye-bayrami-coxdan-unutdurub\\\/#primaryimage\"},\"image\":{\"@id\":\"https:\\\/\\\/www.meydan.tv\\\/az\\\/article\\\/yararsiz-veziyyetde-olan-ev-zemineye-bayrami-coxdan-unutdurub\\\/#primaryimage\"},\"thumbnailUrl\":\"https:\\\/\\\/www.meydan.tv\\\/wp-content\\\/uploads\\\/screenshot-2024-01-03-at-11.31.46.png\",\"datePublished\":\"2024-01-03T10:33:51+00:00\",\"dateModified\":\"2024-01-03T10:33:54+00:00\",\"breadcrumb\":{\"@id\":\"https:\\\/\\\/www.meydan.tv\\\/az\\\/article\\\/yararsiz-veziyyetde-olan-ev-zemineye-bayrami-coxdan-unutdurub\\\/#breadcrumb\"},\"inLanguage\":\"az\",\"potentialAction\":[{\"@type\":\"ReadAction\",\"target\":[\"https:\\\/\\\/www.meydan.tv\\\/az\\\/article\\\/yararsiz-veziyyetde-olan-ev-zemineye-bayrami-coxdan-unutdurub\\\/\"]}]},{\"@type\":\"ImageObject\",\"inLanguage\":\"az\",\"@id\":\"https:\\\/\\\/www.meydan.tv\\\/az\\\/article\\\/yararsiz-veziyyetde-olan-ev-zemineye-bayrami-coxdan-unutdurub\\\/#primaryimage\",\"url\":\"https:\\\/\\\/www.meydan.tv\\\/wp-content\\\/uploads\\\/screenshot-2024-01-03-at-11.31.46.png\",\"contentUrl\":\"https:\\\/\\\/www.meydan.tv\\\/wp-content\\\/uploads\\\/screenshot-2024-01-03-at-11.31.46.png\",\"width\":1844,\"height\":920},{\"@type\":\"BreadcrumbList\",\"@id\":\"https:\\\/\\\/www.meydan.tv\\\/az\\\/article\\\/yararsiz-veziyyetde-olan-ev-zemineye-bayrami-coxdan-unutdurub\\\/#breadcrumb\",\"itemListElement\":[{\"@type\":\"ListItem\",\"position\":1,\"name\":\"Ana s\u0259hif\u0259\",\"item\":\"https:\\\/\\\/www.meydan.tv\\\/az\\\/\"},{\"@type\":\"ListItem\",\"position\":2,\"name\":\"Video\",\"item\":\"https:\\\/\\\/www.meydan.tv\\\/az\\\/section\\\/video-2\\\/\"},{\"@type\":\"ListItem\",\"position\":3,\"name\":\"Yarars\u0131z v\u0259ziyy\u0259td\u0259 olan ev Z\u0259min\u0259y\u0259 bayram\u0131 \u00e7oxdan unutdurub\"}]},{\"@type\":\"WebSite\",\"@id\":\"https:\\\/\\\/www.meydan.tv\\\/az\\\/#website\",\"url\":\"https:\\\/\\\/www.meydan.tv\\\/az\\\/\",\"name\":\"MEYDAN.TV\",\"description\":\"Meydan TV Az\u0259rbaycan\u0131n media m\u0259kan\u0131ndak\u0131 alternativ s\u0259sidir\",\"publisher\":{\"@id\":\"https:\\\/\\\/www.meydan.tv\\\/az\\\/#organization\"},\"potentialAction\":[{\"@type\":\"SearchAction\",\"target\":{\"@type\":\"EntryPoint\",\"urlTemplate\":\"https:\\\/\\\/www.meydan.tv\\\/az\\\/?s={search_term_string}\"},\"query-input\":{\"@type\":\"PropertyValueSpecification\",\"valueRequired\":true,\"valueName\":\"search_term_string\"}}],\"inLanguage\":\"az\"},{\"@type\":\"Organization\",\"@id\":\"https:\\\/\\\/www.meydan.tv\\\/az\\\/#organization\",\"name\":\"Meydan TV\",\"url\":\"https:\\\/\\\/www.meydan.tv\\\/az\\\/\",\"logo\":{\"@type\":\"ImageObject\",\"inLanguage\":\"az\",\"@id\":\"https:\\\/\\\/www.meydan.tv\\\/az\\\/#\\\/schema\\\/logo\\\/image\\\/\",\"url\":\"https:\\\/\\\/www.meydan.tv\\\/wp-content\\\/uploads\\\/2021\\\/07\\\/meydan-logo.svg\",\"contentUrl\":\"https:\\\/\\\/www.meydan.tv\\\/wp-content\\\/uploads\\\/2021\\\/07\\\/meydan-logo.svg\",\"width\":195,\"height\":46,\"caption\":\"Meydan TV\"},\"image\":{\"@id\":\"https:\\\/\\\/www.meydan.tv\\\/az\\\/#\\\/schema\\\/logo\\\/image\\\/\"}},{\"@type\":\"Person\",\"@id\":\"https:\\\/\\\/www.meydan.tv\\\/az\\\/#\\\/schema\\\/person\\\/476e9360e593fa131d5d71d51866f8da\",\"name\":\"aleks\"}]}<\/script>\n<!-- \/ Yoast SEO plugin. -->","yoast_head_json":{"title":"Yarars\u0131z v\u0259ziyy\u0259td\u0259 olan ev Z\u0259min\u0259y\u0259 bayram\u0131 \u00e7oxdan unutdurub - MEYDAN.TV","robots":{"index":"index","follow":"follow","max-snippet":"max-snippet:-1","max-image-preview":"max-image-preview:large","max-video-preview":"max-video-preview:-1"},"canonical":"https:\/\/www.meydan.tv\/az\/article\/yararsiz-veziyyetde-olan-ev-zemineye-bayrami-coxdan-unutdurub\/","og_locale":"az_AZ","og_type":"article","og_title":"Yarars\u0131z v\u0259ziyy\u0259td\u0259 olan ev Z\u0259min\u0259y\u0259 bayram\u0131 \u00e7oxdan unutdurub - MEYDAN.TV","og_description":"Z\u0259min\u0259 \u018fs\u0259dova evind\u0259 bayram ab-havas\u0131 olmayanlardand\u0131r. \u00c7\u00fcnki haz\u0131rda d\u0259rman alma\u011fa ... Davam\u0131","og_url":"https:\/\/www.meydan.tv\/az\/article\/yararsiz-veziyyetde-olan-ev-zemineye-bayrami-coxdan-unutdurub\/","og_site_name":"MEYDAN.TV","article_published_time":"2024-01-03T10:33:51+00:00","article_modified_time":"2024-01-03T10:33:54+00:00","og_image":[{"width":1200,"height":599,"url":"https:\/\/www.meydan.tv\/wp-content\/uploads\/screenshot-2024-01-03-at-11.31.46-1200x599.png","type":"image\/png"}],"author":"aleks","twitter_card":"summary_large_image","schema":{"@context":"https:\/\/schema.org","@graph":[{"@type":"Article","@id":"https:\/\/www.meydan.tv\/az\/article\/yararsiz-veziyyetde-olan-ev-zemineye-bayrami-coxdan-unutdurub\/#article","isPartOf":{"@id":"https:\/\/www.meydan.tv\/az\/article\/yararsiz-veziyyetde-olan-ev-zemineye-bayrami-coxdan-unutdurub\/"},"author":{"name":"aleks","@id":"https:\/\/www.meydan.tv\/az\/#\/schema\/person\/476e9360e593fa131d5d71d51866f8da"},"headline":"Yarars\u0131z v\u0259ziyy\u0259td\u0259 olan ev Z\u0259min\u0259y\u0259 bayram\u0131 \u00e7oxdan unutdurub","datePublished":"2024-01-03T10:33:51+00:00","dateModified":"2024-01-03T10:33:54+00:00","mainEntityOfPage":{"@id":"https:\/\/www.meydan.tv\/az\/article\/yararsiz-veziyyetde-olan-ev-zemineye-bayrami-coxdan-unutdurub\/"},"wordCount":637,"publisher":{"@id":"https:\/\/www.meydan.tv\/az\/#organization"},"image":{"@id":"https:\/\/www.meydan.tv\/az\/article\/yararsiz-veziyyetde-olan-ev-zemineye-bayrami-coxdan-unutdurub\/#primaryimage"},"thumbnailUrl":"https:\/\/www.meydan.tv\/wp-content\/uploads\/screenshot-2024-01-03-at-11.31.46.png","articleSection":["Sosial","Video"],"inLanguage":"az"},{"@type":"WebPage","@id":"https:\/\/www.meydan.tv\/az\/article\/yararsiz-veziyyetde-olan-ev-zemineye-bayrami-coxdan-unutdurub\/","url":"https:\/\/www.meydan.tv\/az\/article\/yararsiz-veziyyetde-olan-ev-zemineye-bayrami-coxdan-unutdurub\/","name":"Yarars\u0131z v\u0259ziyy\u0259td\u0259 olan ev Z\u0259min\u0259y\u0259 bayram\u0131 \u00e7oxdan unutdurub - MEYDAN.TV","isPartOf":{"@id":"https:\/\/www.meydan.tv\/az\/#website"},"primaryImageOfPage":{"@id":"https:\/\/www.meydan.tv\/az\/article\/yararsiz-veziyyetde-olan-ev-zemineye-bayrami-coxdan-unutdurub\/#primaryimage"},"image":{"@id":"https:\/\/www.meydan.tv\/az\/article\/yararsiz-veziyyetde-olan-ev-zemineye-bayrami-coxdan-unutdurub\/#primaryimage"},"thumbnailUrl":"https:\/\/www.meydan.tv\/wp-content\/uploads\/screenshot-2024-01-03-at-11.31.46.png","datePublished":"2024-01-03T10:33:51+00:00","dateModified":"2024-01-03T10:33:54+00:00","breadcrumb":{"@id":"https:\/\/www.meydan.tv\/az\/article\/yararsiz-veziyyetde-olan-ev-zemineye-bayrami-coxdan-unutdurub\/#breadcrumb"},"inLanguage":"az","potentialAction":[{"@type":"ReadAction","target":["https:\/\/www.meydan.tv\/az\/article\/yararsiz-veziyyetde-olan-ev-zemineye-bayrami-coxdan-unutdurub\/"]}]},{"@type":"ImageObject","inLanguage":"az","@id":"https:\/\/www.meydan.tv\/az\/article\/yararsiz-veziyyetde-olan-ev-zemineye-bayrami-coxdan-unutdurub\/#primaryimage","url":"https:\/\/www.meydan.tv\/wp-content\/uploads\/screenshot-2024-01-03-at-11.31.46.png","contentUrl":"https:\/\/www.meydan.tv\/wp-content\/uploads\/screenshot-2024-01-03-at-11.31.46.png","width":1844,"height":920},{"@type":"BreadcrumbList","@id":"https:\/\/www.meydan.tv\/az\/article\/yararsiz-veziyyetde-olan-ev-zemineye-bayrami-coxdan-unutdurub\/#breadcrumb","itemListElement":[{"@type":"ListItem","position":1,"name":"Ana s\u0259hif\u0259","item":"https:\/\/www.meydan.tv\/az\/"},{"@type":"ListItem","position":2,"name":"Video","item":"https:\/\/www.meydan.tv\/az\/section\/video-2\/"},{"@type":"ListItem","position":3,"name":"Yarars\u0131z v\u0259ziyy\u0259td\u0259 olan ev Z\u0259min\u0259y\u0259 bayram\u0131 \u00e7oxdan unutdurub"}]},{"@type":"WebSite","@id":"https:\/\/www.meydan.tv\/az\/#website","url":"https:\/\/www.meydan.tv\/az\/","name":"MEYDAN.TV","description":"Meydan TV Az\u0259rbaycan\u0131n media m\u0259kan\u0131ndak\u0131 alternativ s\u0259sidir","publisher":{"@id":"https:\/\/www.meydan.tv\/az\/#organization"},"potentialAction":[{"@type":"SearchAction","target":{"@type":"EntryPoint","urlTemplate":"https:\/\/www.meydan.tv\/az\/?s={search_term_string}"},"query-input":{"@type":"PropertyValueSpecification","valueRequired":true,"valueName":"search_term_string"}}],"inLanguage":"az"},{"@type":"Organization","@id":"https:\/\/www.meydan.tv\/az\/#organization","name":"Meydan TV","url":"https:\/\/www.meydan.tv\/az\/","logo":{"@type":"ImageObject","inLanguage":"az","@id":"https:\/\/www.meydan.tv\/az\/#\/schema\/logo\/image\/","url":"https:\/\/www.meydan.tv\/wp-content\/uploads\/2021\/07\/meydan-logo.svg","contentUrl":"https:\/\/www.meydan.tv\/wp-content\/uploads\/2021\/07\/meydan-logo.svg","width":195,"height":46,"caption":"Meydan TV"},"image":{"@id":"https:\/\/www.meydan.tv\/az\/#\/schema\/logo\/image\/"}},{"@type":"Person","@id":"https:\/\/www.meydan.tv\/az\/#\/schema\/person\/476e9360e593fa131d5d71d51866f8da","name":"aleks"}]}},"_links":{"self":[{"href":"https:\/\/www.meydan.tv\/az\/wp-json\/wp\/v2\/posts\/294619","targetHints":{"allow":["GET"]}}],"collection":[{"href":"https:\/\/www.meydan.tv\/az\/wp-json\/wp\/v2\/posts"}],"about":[{"href":"https:\/\/www.meydan.tv\/az\/wp-json\/wp\/v2\/types\/post"}],"author":[{"embeddable":true,"href":"https:\/\/www.meydan.tv\/az\/wp-json\/wp\/v2\/users\/12"}],"replies":[{"embeddable":true,"href":"https:\/\/www.meydan.tv\/az\/wp-json\/wp\/v2\/comments?post=294619"}],"version-history":[{"count":1,"href":"https:\/\/www.meydan.tv\/az\/wp-json\/wp\/v2\/posts\/294619\/revisions"}],"predecessor-version":[{"id":294623,"href":"https:\/\/www.meydan.tv\/az\/wp-json\/wp\/v2\/posts\/294619\/revisions\/294623"}],"wp:featuredmedia":[{"embeddable":true,"href":"https:\/\/www.meydan.tv\/az\/wp-json\/wp\/v2\/media\/294620"}],"wp:attachment":[{"href":"https:\/\/www.meydan.tv\/az\/wp-json\/wp\/v2\/media?parent=294619"}],"wp:term":[{"taxonomy":"category","embeddable":true,"href":"https:\/\/www.meydan.tv\/az\/wp-json\/wp\/v2\/categories?post=294619"},{"taxonomy":"post_tag","embeddable":true,"href":"https:\/\/www.meydan.tv\/az\/wp-json\/wp\/v2\/tags?post=294619"}],"curies":[{"name":"wp","href":"https:\/\/api.w.org\/{rel}","templated":true}]}}