{"id":294600,"date":"2024-01-01T20:21:18","date_gmt":"2024-01-01T16:21:18","guid":{"rendered":"https:\/\/www.meydan.tv\/?p=294600"},"modified":"2024-01-02T00:00:14","modified_gmt":"2024-01-01T20:00:14","slug":"vekil-vekiller-kollegiyasinin-onunde-ozunu-yandirib","status":"publish","type":"post","link":"https:\/\/www.meydan.tv\/az\/article\/vekil-vekiller-kollegiyasinin-onunde-ozunu-yandirib\/","title":{"rendered":"V\u0259kil V\u0259kill\u0259r Kollegiyas\u0131n\u0131n \u00f6n\u00fcnd\u0259 \u00f6z\u00fcn\u00fc yand\u0131r\u0131b (Yenil\u0259nib)"},"content":{"rendered":"\n<p><em>V\u0259kil Zaur M\u0259mm\u0259dovun V\u0259kill\u0259r Kollegiyas\u0131n\u0131n binas\u0131 qar\u015f\u0131s\u0131nda intihar etm\u0259sil\u0259 \u0259laq\u0259dar Cinay\u0259t M\u0259c\u0259ll\u0259sinin 125-ci (\u00f6z\u00fcn\u00fc \u00f6ld\u00fcrm\u0259 h\u0259ddin\u0259 \u00e7atd\u0131rma) madd\u0259sil\u0259 cinay\u0259t i\u015fi ba\u015flan\u0131b. Bu bar\u0259d\u0259 Meydan TV-y\u0259 Ba\u015f Prokurorlu\u011fun m\u0259tbuat xidm\u0259tind\u0259n m\u0259lumat verilib.<\/em><\/p>\n\n\n\n<p>\u201cV\u0259kil Zaur M\u0259mm\u0259dovun yanvar\u0131n 1-d\u0259 saat 19.00 rad\u0259l\u0259rind\u0259 intihar etm\u0259si fakt\u0131 \u00fczr\u0259 N\u0259rimanov rayon Prokurorlu\u011funda Cinay\u0259t M\u0259c\u0259ll\u0259sinin 125-ci madd\u0259sil\u0259 cinay\u0259t i\u015fi ba\u015flan\u0131b. T\u0259xir\u0259sal\u0131nmaz istintaq t\u0259dbirl\u0259ri h\u0259yata ke\u00e7irilir\u201d, &#8211; Ba\u015f Prokurorluqdan bel\u0259 deyilib.<\/p>\n\n\n\n<p>M\u0259rhum Zaur M\u0259mm\u0259dovun dostu A\u015fur B\u0259d\u0259lsoy sosial media hesab\u0131nda v\u0259kilin \u00f6z\u00fcn\u0259 q\u0259sd etm\u0259sinin m\u00fcmk\u00fcn s\u0259b\u0259bl\u0259ri haqda yaz\u0131b. Onun s\u00f6zl\u0259rin\u0259 g\u00f6r\u0259, Bak\u0131da yerl\u0259\u015f\u0259n istintaq orqanlar\u0131ndan birinin m\u00fcst\u0259ntiqi onu \u00e7\u0259tin v\u0259ziyy\u0259td\u0259 qoymu\u015fdu.<\/p>\n\n\n\n<p>A\u015fur B\u0259d\u0259lsoy deyir ki, dostu il\u0259 sonuncu d\u0259f\u0259 dekabr\u0131n 29-da \u201cWhatsapp\u201d \u00fcz\u0259rind\u0259n dan\u0131\u015f\u0131b. Zaur M\u0259mm\u0259dov bildirib ki, h\u0259min m\u00fcst\u0259ntiql\u0259 g\u00f6r\u00fc\u015f\u0259c\u0259k, problem h\u0259llini tapmasa, \u00f6z\u00fcn\u00fc \u00f6ld\u00fcr\u0259c\u0259k.<\/p>\n\n\n\n<p>\u201cBak\u0131da yerl\u0259\u015f\u0259n istintaq orqanlar\u0131ndan birinin m\u00fcst\u0259ntiqin\u0259 bir ne\u00e7\u0259 h\u0259ft\u0259 qabaq 10 min manat pul verdiyini dedi. \u0130\u015fin h\u0259ll olunmad\u0131\u011f\u0131n\u0131, m\u00fcst\u0259ntiqin d\u0259 pulu qaytarmad\u0131\u011f\u0131n\u0131 bildirdi. \u0130\u015fin yiy\u0259sinin d\u0259 bunu tutdurmaq \u00fc\u00e7\u00fcn prokurorlu\u011fa \u015fikay\u0259t ed\u0259c\u0259yini dedi. Zaur m\u00fc\u0259llim d\u0259 \u00e7ar\u0259 tapmad\u0131\u011f\u0131n\u0131 v\u0259 \u00f6z\u00fcn\u00fc yand\u0131raca\u011f\u0131n\u0131 dedi. S\u0259h\u0259ri g\u00fcn d\u0259 m\u00fcst\u0259ntiql\u0259 g\u00f6r\u00fc\u015f\u0259c\u0259yini, olmasa, \u00f6z\u00fcn\u00fc \u00f6ld\u00fcr\u0259c\u0259yini dedi. Zarafat el\u0259diyini d\u00fc\u015f\u00fcnd\u00fcm. H\u0259ll olaca\u011f\u0131n\u0131 dedim. S\u0259brli olma\u011f\u0131n\u0131 dedim\u201d, &#8211; A\u015fur B\u0259d\u0259lsoyun s\u00f6zl\u0259ridir.<\/p>\n\n\n\n<p>***<br><\/p>\n\n\n\n<p><em><strong>O, ald\u0131\u011f\u0131 yan\u0131q x\u0259sar\u0259tl\u0259rind\u0259n \u00f6l\u00fcb<\/strong><\/em><\/p>\n\n\n\n<p>V\u0259kil Zaur M\u0259mm\u0259dov intihar edib. Hadis\u0259 yanvar\u0131n 1-d\u0259 ax\u015fam saat 19.00 rad\u0259l\u0259rind\u0259 paytaxt\u0131n Ceyhun Hac\u0131b\u0259yli k\u00fc\u00e7\u0259sind\u0259 &#8211; V\u0259kill\u0259r Kollegiyas\u0131n\u0131n binas\u0131 qar\u015f\u0131s\u0131nda ba\u015f verib.<\/p>\n\n\n\n<p>Salyan rayon V\u0259kil B\u00fcrosunun \u00fczv\u00fc olan Zaur M\u0259mm\u0259dov \u00fcst\u00fcn\u0259 benzin t\u00f6k\u0259r\u0259k, \u00f6z\u00fcn\u00fc yand\u0131r\u0131b. O, ald\u0131\u011f\u0131 yan\u0131q x\u0259sar\u0259tl\u0259rind\u0259n \u00f6l\u00fcb.<\/p>\n\n\n\n<p>Haz\u0131rda polis v\u0259 prokurorluq orqanlar\u0131n\u0131n \u0259m\u0259kda\u015flar\u0131 hadis\u0259 yerind\u0259dir.<\/p>\n\n\n\n<p>Zaur M\u0259mm\u0259dovun 5 ildir ki, v\u0259kil f\u0259aliyy\u0259til\u0259 m\u0259\u015f\u011ful oldu\u011fu bildirilir.<\/p>\n","protected":false},"excerpt":{"rendered":"<p>V\u0259kil Zaur M\u0259mm\u0259dovun V\u0259kill\u0259r Kollegiyas\u0131n\u0131n binas\u0131 qar\u015f\u0131s\u0131nda intihar etm\u0259sil\u0259 \u0259laq\u0259dar &#8230; <\/p>\n<p class=\"read-more-container\"><a title=\"V\u0259kil V\u0259kill\u0259r Kollegiyas\u0131n\u0131n \u00f6n\u00fcnd\u0259 \u00f6z\u00fcn\u00fc yand\u0131r\u0131b (Yenil\u0259nib)\" class=\"read-more button\" href=\"https:\/\/www.meydan.tv\/az\/article\/vekil-vekiller-kollegiyasinin-onunde-ozunu-yandirib\/#more-294600\" aria-label=\"Read more about V\u0259kil V\u0259kill\u0259r Kollegiyas\u0131n\u0131n \u00f6n\u00fcnd\u0259 \u00f6z\u00fcn\u00fc yand\u0131r\u0131b (Yenil\u0259nib)\">Davam\u0131<\/a><\/p>\n","protected":false},"author":8,"featured_media":294602,"comment_status":"closed","ping_status":"closed","sticky":false,"template":"","format":"standard","meta":{"_acf_changed":false,"_sitemap_exclude":false,"_sitemap_priority":"","_sitemap_frequency":"","footnotes":""},"categories":[62,79,56],"tags":[],"class_list":["post-294600","post","type-post","status-publish","format-standard","has-post-thumbnail","hentry","category-sosial","category-featured","category-xeberler","infinite-scroll-item","generate-columns","tablet-grid-50","mobile-grid-100","grid-parent","grid-33","no-featured-image-padding"],"acf":[],"yoast_head":"<!-- This site is optimized with the Yoast SEO plugin v27.5 - https:\/\/yoast.com\/product\/yoast-seo-wordpress\/ -->\n<title>V\u0259kil V\u0259kill\u0259r Kollegiyas\u0131n\u0131n \u00f6n\u00fcnd\u0259 \u00f6z\u00fcn\u00fc yand\u0131r\u0131b (Yenil\u0259nib) - MEYDAN.TV<\/title>\n<meta name=\"robots\" content=\"index, follow, max-snippet:-1, max-image-preview:large, max-video-preview:-1\" \/>\n<link rel=\"canonical\" href=\"https:\/\/www.meydan.tv\/az\/article\/vekil-vekiller-kollegiyasinin-onunde-ozunu-yandirib\/\" \/>\n<meta property=\"og:locale\" content=\"az_AZ\" \/>\n<meta property=\"og:type\" content=\"article\" \/>\n<meta property=\"og:title\" content=\"V\u0259kil V\u0259kill\u0259r Kollegiyas\u0131n\u0131n \u00f6n\u00fcnd\u0259 \u00f6z\u00fcn\u00fc yand\u0131r\u0131b (Yenil\u0259nib) - MEYDAN.TV\" \/>\n<meta property=\"og:description\" content=\"V\u0259kil Zaur M\u0259mm\u0259dovun V\u0259kill\u0259r Kollegiyas\u0131n\u0131n binas\u0131 qar\u015f\u0131s\u0131nda intihar etm\u0259sil\u0259 \u0259laq\u0259dar ... Davam\u0131\" \/>\n<meta property=\"og:url\" content=\"https:\/\/www.meydan.tv\/az\/article\/vekil-vekiller-kollegiyasinin-onunde-ozunu-yandirib\/\" \/>\n<meta property=\"og:site_name\" content=\"MEYDAN.TV\" \/>\n<meta property=\"article:published_time\" content=\"2024-01-01T16:21:18+00:00\" \/>\n<meta property=\"article:modified_time\" content=\"2024-01-01T20:00:14+00:00\" \/>\n<meta property=\"og:image\" content=\"https:\/\/www.meydan.tv\/wp-content\/uploads\/vekil-1-e1704126051177.jpg\" \/>\n\t<meta property=\"og:image:width\" content=\"1500\" \/>\n\t<meta property=\"og:image:height\" content=\"590\" \/>\n\t<meta property=\"og:image:type\" content=\"image\/jpeg\" \/>\n<meta name=\"author\" content=\"elli\" \/>\n<meta name=\"twitter:card\" content=\"summary_large_image\" \/>\n<meta name=\"twitter:creator\" content=\"@elli\" \/>\n<script type=\"application\/ld+json\" class=\"yoast-schema-graph\">{\"@context\":\"https:\\\/\\\/schema.org\",\"@graph\":[{\"@type\":\"Article\",\"@id\":\"https:\\\/\\\/www.meydan.tv\\\/az\\\/article\\\/vekil-vekiller-kollegiyasinin-onunde-ozunu-yandirib\\\/#article\",\"isPartOf\":{\"@id\":\"https:\\\/\\\/www.meydan.tv\\\/az\\\/article\\\/vekil-vekiller-kollegiyasinin-onunde-ozunu-yandirib\\\/\"},\"author\":{\"name\":\"elli\",\"@id\":\"https:\\\/\\\/www.meydan.tv\\\/az\\\/#\\\/schema\\\/person\\\/9cdbecf90d17180ce1dfbd95b08dcf47\"},\"headline\":\"V\u0259kil V\u0259kill\u0259r Kollegiyas\u0131n\u0131n \u00f6n\u00fcnd\u0259 \u00f6z\u00fcn\u00fc yand\u0131r\u0131b (Yenil\u0259nib)\",\"datePublished\":\"2024-01-01T16:21:18+00:00\",\"dateModified\":\"2024-01-01T20:00:14+00:00\",\"mainEntityOfPage\":{\"@id\":\"https:\\\/\\\/www.meydan.tv\\\/az\\\/article\\\/vekil-vekiller-kollegiyasinin-onunde-ozunu-yandirib\\\/\"},\"wordCount\":462,\"publisher\":{\"@id\":\"https:\\\/\\\/www.meydan.tv\\\/az\\\/#organization\"},\"image\":{\"@id\":\"https:\\\/\\\/www.meydan.tv\\\/az\\\/article\\\/vekil-vekiller-kollegiyasinin-onunde-ozunu-yandirib\\\/#primaryimage\"},\"thumbnailUrl\":\"https:\\\/\\\/www.meydan.tv\\\/wp-content\\\/uploads\\\/vekil-1-e1704126051177.jpg\",\"articleSection\":[\"Sosial\",\"T\u00f6vsiy\u0259\",\"X\u0259b\u0259rl\u0259r\"],\"inLanguage\":\"az\"},{\"@type\":\"WebPage\",\"@id\":\"https:\\\/\\\/www.meydan.tv\\\/az\\\/article\\\/vekil-vekiller-kollegiyasinin-onunde-ozunu-yandirib\\\/\",\"url\":\"https:\\\/\\\/www.meydan.tv\\\/az\\\/article\\\/vekil-vekiller-kollegiyasinin-onunde-ozunu-yandirib\\\/\",\"name\":\"V\u0259kil V\u0259kill\u0259r Kollegiyas\u0131n\u0131n \u00f6n\u00fcnd\u0259 \u00f6z\u00fcn\u00fc yand\u0131r\u0131b (Yenil\u0259nib) - MEYDAN.TV\",\"isPartOf\":{\"@id\":\"https:\\\/\\\/www.meydan.tv\\\/az\\\/#website\"},\"primaryImageOfPage\":{\"@id\":\"https:\\\/\\\/www.meydan.tv\\\/az\\\/article\\\/vekil-vekiller-kollegiyasinin-onunde-ozunu-yandirib\\\/#primaryimage\"},\"image\":{\"@id\":\"https:\\\/\\\/www.meydan.tv\\\/az\\\/article\\\/vekil-vekiller-kollegiyasinin-onunde-ozunu-yandirib\\\/#primaryimage\"},\"thumbnailUrl\":\"https:\\\/\\\/www.meydan.tv\\\/wp-content\\\/uploads\\\/vekil-1-e1704126051177.jpg\",\"datePublished\":\"2024-01-01T16:21:18+00:00\",\"dateModified\":\"2024-01-01T20:00:14+00:00\",\"breadcrumb\":{\"@id\":\"https:\\\/\\\/www.meydan.tv\\\/az\\\/article\\\/vekil-vekiller-kollegiyasinin-onunde-ozunu-yandirib\\\/#breadcrumb\"},\"inLanguage\":\"az\",\"potentialAction\":[{\"@type\":\"ReadAction\",\"target\":[\"https:\\\/\\\/www.meydan.tv\\\/az\\\/article\\\/vekil-vekiller-kollegiyasinin-onunde-ozunu-yandirib\\\/\"]}]},{\"@type\":\"ImageObject\",\"inLanguage\":\"az\",\"@id\":\"https:\\\/\\\/www.meydan.tv\\\/az\\\/article\\\/vekil-vekiller-kollegiyasinin-onunde-ozunu-yandirib\\\/#primaryimage\",\"url\":\"https:\\\/\\\/www.meydan.tv\\\/wp-content\\\/uploads\\\/vekil-1-e1704126051177.jpg\",\"contentUrl\":\"https:\\\/\\\/www.meydan.tv\\\/wp-content\\\/uploads\\\/vekil-1-e1704126051177.jpg\",\"width\":1500,\"height\":590,\"caption\":\"Foto: Zaur M\u0259mm\u0259dovun \u015f\u0259xsi arxivind\u0259n\"},{\"@type\":\"BreadcrumbList\",\"@id\":\"https:\\\/\\\/www.meydan.tv\\\/az\\\/article\\\/vekil-vekiller-kollegiyasinin-onunde-ozunu-yandirib\\\/#breadcrumb\",\"itemListElement\":[{\"@type\":\"ListItem\",\"position\":1,\"name\":\"Ana s\u0259hif\u0259\",\"item\":\"https:\\\/\\\/www.meydan.tv\\\/az\\\/\"},{\"@type\":\"ListItem\",\"position\":2,\"name\":\"Sosial\",\"item\":\"https:\\\/\\\/www.meydan.tv\\\/az\\\/section\\\/sosial\\\/\"},{\"@type\":\"ListItem\",\"position\":3,\"name\":\"V\u0259kil V\u0259kill\u0259r Kollegiyas\u0131n\u0131n \u00f6n\u00fcnd\u0259 \u00f6z\u00fcn\u00fc yand\u0131r\u0131b (Yenil\u0259nib)\"}]},{\"@type\":\"WebSite\",\"@id\":\"https:\\\/\\\/www.meydan.tv\\\/az\\\/#website\",\"url\":\"https:\\\/\\\/www.meydan.tv\\\/az\\\/\",\"name\":\"MEYDAN.TV\",\"description\":\"Meydan TV Az\u0259rbaycan\u0131n media m\u0259kan\u0131ndak\u0131 alternativ s\u0259sidir\",\"publisher\":{\"@id\":\"https:\\\/\\\/www.meydan.tv\\\/az\\\/#organization\"},\"potentialAction\":[{\"@type\":\"SearchAction\",\"target\":{\"@type\":\"EntryPoint\",\"urlTemplate\":\"https:\\\/\\\/www.meydan.tv\\\/az\\\/?s={search_term_string}\"},\"query-input\":{\"@type\":\"PropertyValueSpecification\",\"valueRequired\":true,\"valueName\":\"search_term_string\"}}],\"inLanguage\":\"az\"},{\"@type\":\"Organization\",\"@id\":\"https:\\\/\\\/www.meydan.tv\\\/az\\\/#organization\",\"name\":\"Meydan TV\",\"url\":\"https:\\\/\\\/www.meydan.tv\\\/az\\\/\",\"logo\":{\"@type\":\"ImageObject\",\"inLanguage\":\"az\",\"@id\":\"https:\\\/\\\/www.meydan.tv\\\/az\\\/#\\\/schema\\\/logo\\\/image\\\/\",\"url\":\"https:\\\/\\\/www.meydan.tv\\\/wp-content\\\/uploads\\\/2021\\\/07\\\/meydan-logo.svg\",\"contentUrl\":\"https:\\\/\\\/www.meydan.tv\\\/wp-content\\\/uploads\\\/2021\\\/07\\\/meydan-logo.svg\",\"width\":195,\"height\":46,\"caption\":\"Meydan TV\"},\"image\":{\"@id\":\"https:\\\/\\\/www.meydan.tv\\\/az\\\/#\\\/schema\\\/logo\\\/image\\\/\"}},{\"@type\":\"Person\",\"@id\":\"https:\\\/\\\/www.meydan.tv\\\/az\\\/#\\\/schema\\\/person\\\/9cdbecf90d17180ce1dfbd95b08dcf47\",\"name\":\"elli\",\"sameAs\":[\"https:\\\/\\\/x.com\\\/elli\"]}]}<\/script>\n<!-- \/ Yoast SEO plugin. -->","yoast_head_json":{"title":"V\u0259kil V\u0259kill\u0259r Kollegiyas\u0131n\u0131n \u00f6n\u00fcnd\u0259 \u00f6z\u00fcn\u00fc yand\u0131r\u0131b (Yenil\u0259nib) - MEYDAN.TV","robots":{"index":"index","follow":"follow","max-snippet":"max-snippet:-1","max-image-preview":"max-image-preview:large","max-video-preview":"max-video-preview:-1"},"canonical":"https:\/\/www.meydan.tv\/az\/article\/vekil-vekiller-kollegiyasinin-onunde-ozunu-yandirib\/","og_locale":"az_AZ","og_type":"article","og_title":"V\u0259kil V\u0259kill\u0259r Kollegiyas\u0131n\u0131n \u00f6n\u00fcnd\u0259 \u00f6z\u00fcn\u00fc yand\u0131r\u0131b (Yenil\u0259nib) - MEYDAN.TV","og_description":"V\u0259kil Zaur M\u0259mm\u0259dovun V\u0259kill\u0259r Kollegiyas\u0131n\u0131n binas\u0131 qar\u015f\u0131s\u0131nda intihar etm\u0259sil\u0259 \u0259laq\u0259dar ... Davam\u0131","og_url":"https:\/\/www.meydan.tv\/az\/article\/vekil-vekiller-kollegiyasinin-onunde-ozunu-yandirib\/","og_site_name":"MEYDAN.TV","article_published_time":"2024-01-01T16:21:18+00:00","article_modified_time":"2024-01-01T20:00:14+00:00","og_image":[{"width":1500,"height":590,"url":"https:\/\/www.meydan.tv\/wp-content\/uploads\/vekil-1-e1704126051177.jpg","type":"image\/jpeg"}],"author":"elli","twitter_card":"summary_large_image","twitter_creator":"@elli","schema":{"@context":"https:\/\/schema.org","@graph":[{"@type":"Article","@id":"https:\/\/www.meydan.tv\/az\/article\/vekil-vekiller-kollegiyasinin-onunde-ozunu-yandirib\/#article","isPartOf":{"@id":"https:\/\/www.meydan.tv\/az\/article\/vekil-vekiller-kollegiyasinin-onunde-ozunu-yandirib\/"},"author":{"name":"elli","@id":"https:\/\/www.meydan.tv\/az\/#\/schema\/person\/9cdbecf90d17180ce1dfbd95b08dcf47"},"headline":"V\u0259kil V\u0259kill\u0259r Kollegiyas\u0131n\u0131n \u00f6n\u00fcnd\u0259 \u00f6z\u00fcn\u00fc yand\u0131r\u0131b (Yenil\u0259nib)","datePublished":"2024-01-01T16:21:18+00:00","dateModified":"2024-01-01T20:00:14+00:00","mainEntityOfPage":{"@id":"https:\/\/www.meydan.tv\/az\/article\/vekil-vekiller-kollegiyasinin-onunde-ozunu-yandirib\/"},"wordCount":462,"publisher":{"@id":"https:\/\/www.meydan.tv\/az\/#organization"},"image":{"@id":"https:\/\/www.meydan.tv\/az\/article\/vekil-vekiller-kollegiyasinin-onunde-ozunu-yandirib\/#primaryimage"},"thumbnailUrl":"https:\/\/www.meydan.tv\/wp-content\/uploads\/vekil-1-e1704126051177.jpg","articleSection":["Sosial","T\u00f6vsiy\u0259","X\u0259b\u0259rl\u0259r"],"inLanguage":"az"},{"@type":"WebPage","@id":"https:\/\/www.meydan.tv\/az\/article\/vekil-vekiller-kollegiyasinin-onunde-ozunu-yandirib\/","url":"https:\/\/www.meydan.tv\/az\/article\/vekil-vekiller-kollegiyasinin-onunde-ozunu-yandirib\/","name":"V\u0259kil V\u0259kill\u0259r Kollegiyas\u0131n\u0131n \u00f6n\u00fcnd\u0259 \u00f6z\u00fcn\u00fc yand\u0131r\u0131b (Yenil\u0259nib) - MEYDAN.TV","isPartOf":{"@id":"https:\/\/www.meydan.tv\/az\/#website"},"primaryImageOfPage":{"@id":"https:\/\/www.meydan.tv\/az\/article\/vekil-vekiller-kollegiyasinin-onunde-ozunu-yandirib\/#primaryimage"},"image":{"@id":"https:\/\/www.meydan.tv\/az\/article\/vekil-vekiller-kollegiyasinin-onunde-ozunu-yandirib\/#primaryimage"},"thumbnailUrl":"https:\/\/www.meydan.tv\/wp-content\/uploads\/vekil-1-e1704126051177.jpg","datePublished":"2024-01-01T16:21:18+00:00","dateModified":"2024-01-01T20:00:14+00:00","breadcrumb":{"@id":"https:\/\/www.meydan.tv\/az\/article\/vekil-vekiller-kollegiyasinin-onunde-ozunu-yandirib\/#breadcrumb"},"inLanguage":"az","potentialAction":[{"@type":"ReadAction","target":["https:\/\/www.meydan.tv\/az\/article\/vekil-vekiller-kollegiyasinin-onunde-ozunu-yandirib\/"]}]},{"@type":"ImageObject","inLanguage":"az","@id":"https:\/\/www.meydan.tv\/az\/article\/vekil-vekiller-kollegiyasinin-onunde-ozunu-yandirib\/#primaryimage","url":"https:\/\/www.meydan.tv\/wp-content\/uploads\/vekil-1-e1704126051177.jpg","contentUrl":"https:\/\/www.meydan.tv\/wp-content\/uploads\/vekil-1-e1704126051177.jpg","width":1500,"height":590,"caption":"Foto: Zaur M\u0259mm\u0259dovun \u015f\u0259xsi arxivind\u0259n"},{"@type":"BreadcrumbList","@id":"https:\/\/www.meydan.tv\/az\/article\/vekil-vekiller-kollegiyasinin-onunde-ozunu-yandirib\/#breadcrumb","itemListElement":[{"@type":"ListItem","position":1,"name":"Ana s\u0259hif\u0259","item":"https:\/\/www.meydan.tv\/az\/"},{"@type":"ListItem","position":2,"name":"Sosial","item":"https:\/\/www.meydan.tv\/az\/section\/sosial\/"},{"@type":"ListItem","position":3,"name":"V\u0259kil V\u0259kill\u0259r Kollegiyas\u0131n\u0131n \u00f6n\u00fcnd\u0259 \u00f6z\u00fcn\u00fc yand\u0131r\u0131b (Yenil\u0259nib)"}]},{"@type":"WebSite","@id":"https:\/\/www.meydan.tv\/az\/#website","url":"https:\/\/www.meydan.tv\/az\/","name":"MEYDAN.TV","description":"Meydan TV Az\u0259rbaycan\u0131n media m\u0259kan\u0131ndak\u0131 alternativ s\u0259sidir","publisher":{"@id":"https:\/\/www.meydan.tv\/az\/#organization"},"potentialAction":[{"@type":"SearchAction","target":{"@type":"EntryPoint","urlTemplate":"https:\/\/www.meydan.tv\/az\/?s={search_term_string}"},"query-input":{"@type":"PropertyValueSpecification","valueRequired":true,"valueName":"search_term_string"}}],"inLanguage":"az"},{"@type":"Organization","@id":"https:\/\/www.meydan.tv\/az\/#organization","name":"Meydan TV","url":"https:\/\/www.meydan.tv\/az\/","logo":{"@type":"ImageObject","inLanguage":"az","@id":"https:\/\/www.meydan.tv\/az\/#\/schema\/logo\/image\/","url":"https:\/\/www.meydan.tv\/wp-content\/uploads\/2021\/07\/meydan-logo.svg","contentUrl":"https:\/\/www.meydan.tv\/wp-content\/uploads\/2021\/07\/meydan-logo.svg","width":195,"height":46,"caption":"Meydan TV"},"image":{"@id":"https:\/\/www.meydan.tv\/az\/#\/schema\/logo\/image\/"}},{"@type":"Person","@id":"https:\/\/www.meydan.tv\/az\/#\/schema\/person\/9cdbecf90d17180ce1dfbd95b08dcf47","name":"elli","sameAs":["https:\/\/x.com\/elli"]}]}},"_links":{"self":[{"href":"https:\/\/www.meydan.tv\/az\/wp-json\/wp\/v2\/posts\/294600","targetHints":{"allow":["GET"]}}],"collection":[{"href":"https:\/\/www.meydan.tv\/az\/wp-json\/wp\/v2\/posts"}],"about":[{"href":"https:\/\/www.meydan.tv\/az\/wp-json\/wp\/v2\/types\/post"}],"author":[{"embeddable":true,"href":"https:\/\/www.meydan.tv\/az\/wp-json\/wp\/v2\/users\/8"}],"replies":[{"embeddable":true,"href":"https:\/\/www.meydan.tv\/az\/wp-json\/wp\/v2\/comments?post=294600"}],"version-history":[{"count":3,"href":"https:\/\/www.meydan.tv\/az\/wp-json\/wp\/v2\/posts\/294600\/revisions"}],"predecessor-version":[{"id":294606,"href":"https:\/\/www.meydan.tv\/az\/wp-json\/wp\/v2\/posts\/294600\/revisions\/294606"}],"wp:featuredmedia":[{"embeddable":true,"href":"https:\/\/www.meydan.tv\/az\/wp-json\/wp\/v2\/media\/294602"}],"wp:attachment":[{"href":"https:\/\/www.meydan.tv\/az\/wp-json\/wp\/v2\/media?parent=294600"}],"wp:term":[{"taxonomy":"category","embeddable":true,"href":"https:\/\/www.meydan.tv\/az\/wp-json\/wp\/v2\/categories?post=294600"},{"taxonomy":"post_tag","embeddable":true,"href":"https:\/\/www.meydan.tv\/az\/wp-json\/wp\/v2\/tags?post=294600"}],"curies":[{"name":"wp","href":"https:\/\/api.w.org\/{rel}","templated":true}]}}