{"id":294590,"date":"2023-12-31T18:30:27","date_gmt":"2023-12-31T14:30:27","guid":{"rendered":"https:\/\/www.meydan.tv\/?p=294590"},"modified":"2023-12-31T18:30:32","modified_gmt":"2023-12-31T14:30:32","slug":"niye-gedib-kiminse-yerine-turmede-oturmaliyam","status":"publish","type":"post","link":"https:\/\/www.meydan.tv\/az\/article\/niye-gedib-kiminse-yerine-turmede-oturmaliyam\/","title":{"rendered":"\u201cNiy\u0259 gedib kimins\u0259 yerin\u0259 t\u00fcrm\u0259d\u0259 oturmal\u0131yam?\u201d"},"content":{"rendered":"\n<p><\/p>\n\n\n\n<p><em><strong>Polad \u0130smay\u0131lov: \u201c\u0130yn\u0259 ucu boyda g\u00fcnah\u0131m olsa, \u00f6m\u00fcrl\u00fck c\u0259zaya da raz\u0131 idim\u201d<\/strong><\/em><\/p>\n\n\n\n<p>Q\u0259tl t\u00f6r\u0259tm\u0259k ittiham\u0131yla 11 il azadl\u0131qdan m\u0259hrum edil\u0259n, 3 il 10 ay h\u0259bsd\u0259 qalandan sonra b\u0259ra\u0259t alan Polad \u0130smay\u0131lov \u015e\u0259ki Apelyasiya M\u0259hk\u0259m\u0259sinin q\u0259rar\u0131 il\u0259 azadl\u0131\u011fa \u00e7\u0131xandan sonra G\u0259nc\u0259y\u0259 yollan\u0131b. Orada evl\u0259rin\u0259 g\u00f6zayd\u0131nl\u0131\u011f\u0131na g\u0259l\u0259n qohum-\u0259qr\u0259ba, qon\u015fularla g\u00f6r\u00fc\u015f\u00fcb, yax\u0131nlar\u0131n\u0131n m\u0259zar\u0131n\u0131 ziyar\u0259t edib.<\/p>\n\n\n\n<p><strong>\u201c\u00d6z\u00fcm\u0259 d\u0259 yax\u0131nlar\u0131ma da z\u00fclm olundu\u201d<\/strong><\/p>\n\n\n\n<p>50 ya\u015fl\u0131 Polad \u0130smay\u0131lov 3 \u00f6vlad atas\u0131d\u0131r &#8211; iki o\u011flu, bir q\u0131z\u0131 var. O\u011fullar\u0131ndan biri haz\u0131rda h\u0259rbi xidm\u0259td\u0259dir, q\u0131z\u0131 m\u0259kt\u0259bd\u0259 t\u0259hsilini davam etdirir.<\/p>\n\n\n\n<p>O, Meydan TV-y\u0259 dan\u0131\u015f\u0131r ki, 4 il\u0259 yax\u0131n m\u00fcdd\u0259td\u0259 \u00f6z\u00fcyl\u0259 yana\u015f\u0131, ail\u0259si d\u0259 z\u00fclm \u00e7\u0259kib, h\u0259bsxana v\u0259 m\u0259hk\u0259m\u0259 yollar\u0131nda qal\u0131blar:<\/p>\n\n\n\n<p><em>\u201cBunun maddi t\u0259r\u0259fi bir c\u00fcr \u00e7\u0259tindir, fiziki t\u0259r\u0259fi d\u0259 ba\u015fqa c\u00fcr. O vaxt m\u0259nim i\u015fim\u0259 \u015e\u0259ki A\u011f\u0131r Cinay\u0259tl\u0259r M\u0259hk\u0259m\u0259sind\u0259 bax\u0131rd\u0131lar. M\u0259hk\u0259m\u0259 aylarla davam el\u0259di, ax\u0131rda da ittiham akt\u0131n\u0131 h\u00f6km\u0259 k\u00f6\u00e7\u00fcr\u00fcb, h\u00f6km verdil\u0259r \u2013 11 il. Bu h\u00f6km\u00fc e\u015fitm\u0259k bilirsiniz nec\u0259 a\u011f\u0131rd\u0131r? G\u00fcnah\u0131m olsayd\u0131, m\u0259ni yand\u0131rmazd\u0131. Dey\u0259rdim ki, cinay\u0259ti el\u0259mi\u015f\u0259m, c\u0259zas\u0131n\u0131 da \u00e7\u0259kir\u0259m. H\u0259mi\u015f\u0259 demi\u015f\u0259m, bu g\u00fcn d\u0259 deyir\u0259m ki, iyn\u0259 ucu boyda g\u00fcnah\u0131m olsa, \u00f6m\u00fcrl\u00fck h\u0259bs\u0259 d\u0259 raz\u0131yam. Amma he\u00e7 n\u0259 el\u0259m\u0259mi\u015f\u0259ms\u0259, niy\u0259 gedib kimins\u0259 yerin\u0259 t\u00fcrm\u0259d\u0259 oturmal\u0131yam? \u00d6z\u00fcm\u0259 d\u0259, yax\u0131nlar\u0131ma da z\u00fclm olundu\u201d.<\/em><\/p>\n\n\n\n<p><strong>\u201cCinay\u0259tkar\u0131 tapa bilmirdil\u0259r, m\u0259nim boynuma qoydular\u201d<\/strong><\/p>\n\n\n\n<p>Polad \u0130smay\u0131lov 2020-ci ilin fevral\u0131ndan h\u0259bsd\u0259dir. \u201cMega Trans\u201d MMC-d\u0259 s\u00fcr\u00fcc\u00fc i\u015fl\u0259y\u0259n, y\u00fck ma\u015f\u0131nlar\u0131 idar\u0259 ed\u0259n Polad \u0130smay\u0131lova \u201cQ\u0131rm\u0131z\u0131 k\u00f6rp\u00fc\u201d s\u0259rh\u0259d-burax\u0131l\u0131\u015f m\u0259nt\u0259q\u0259sind\u0259 deyibl\u0259r ki, \u00f6lk\u0259d\u0259n \u00e7\u0131x\u0131\u015f\u0131na \u201cstop\u201d qoyulub. Maraqlananda deyilib ki, pasportla ba\u011fl\u0131 m\u0259s\u0259l\u0259dir. Onu Zaqatala Rayon Polis \u015e\u00f6b\u0259sin\u0259 \u00e7a\u011f\u0131r\u0131blar. Gedib orada onu \u00e7a\u011f\u0131ran r\u0259is m\u00fcavinini g\u00f6zl\u0259y\u0259nd\u0259 \u015f\u00f6b\u0259nin qar\u015f\u0131s\u0131nda bir polis \u0259m\u0259kda\u015f\u0131 siqaret \u00e7\u0259km\u0259sin\u0259 irad bildirib. Ard\u0131nca onu i\u00e7\u0259ri apar\u0131b, \u0130nzibati X\u0259talar M\u0259c\u0259ll\u0259sinin 535.1 (polisin qanuni t\u0259l\u0259bin\u0259 tabe olmama) madd\u0259sil\u0259 protokol t\u0259rtib edibl\u0259r. Daha sonra m\u0259hk\u0259m\u0259y\u0259 apar\u0131b, onun haqq\u0131nda 10 g\u00fcnl\u00fck inzibati h\u0259bs q\u0259rar\u0131 al\u0131blar.<\/p>\n\n\n\n<p>Polad \u0130smay\u0131lov deyir ki, m\u0259hk\u0259m\u0259d\u0259n Zaqatala Rayon Polis \u015e\u00f6b\u0259sin\u0259 qaytar\u0131l\u0131b v\u0259 bundan sonra 9 il \u0259vv\u0259l ba\u015f vermi\u015f cinay\u0259t\u0259 &#8211; 2011-ci ilin fevral\u0131nda 61 ya\u015fl\u0131 Seyran Eyyubovan\u0131n q\u0259tl\u0259 yetirilm\u0259sin\u0259 g\u00f6r\u0259 i\u015fg\u0259nc\u0259l\u0259r ba\u015flay\u0131b.<\/p>\n\n\n\n<p>Seyran Eyyibova evini g\u00fcnl\u00fck kiray\u0259 verm\u0259kl\u0259 m\u0259\u015f\u011ful olub. M\u00fcxt\u0259lif yerl\u0259rd\u0259n g\u0259lib Zaqatala bazar\u0131nda i\u015fl\u0259y\u0259nl\u0259r, oradan ke\u00e7\u0259n y\u00fck ma\u015f\u0131nlar\u0131n\u0131n s\u00fcr\u00fcc\u00fcl\u0259ri v\u0259 s. adamlar onun evind\u0259 g\u00fcnd\u0259lik qal\u0131rm\u0131\u015f. El\u0259 g\u00fcn olurmu\u015f ki, h\u0259min evd\u0259 10-12 n\u0259f\u0259r adam kiray\u0259 qal\u0131rm\u0131\u015f. Polad \u0130smay\u0131lov da h\u0259min evd\u0259 qalanlardan biri olub.<\/p>\n\n\n<div class=\"wp-block-image\">\n<figure class=\"aligncenter size-full\"><img decoding=\"async\" width=\"1200\" height=\"799\" data-src=\"https:\/\/www.meydan.tv\/wp-content\/uploads\/img-20220808-wa0004.jpg\" alt=\"\" class=\"wp-image-252753 lazyload\" src=\"data:image\/svg+xml;base64,PHN2ZyB3aWR0aD0iMSIgaGVpZ2h0PSIxIiB4bWxucz0iaHR0cDovL3d3dy53My5vcmcvMjAwMC9zdmciPjwvc3ZnPg==\" style=\"--smush-placeholder-width: 1200px; --smush-placeholder-aspect-ratio: 1200\/799;\" \/><figcaption class=\"wp-element-caption\">Zaqatala Rayon Polis \u015e\u00f6b\u0259si. M\u0259nb\u0259: D\u0130N<\/figcaption><\/figure>\n<\/div>\n\n\n<p><em>\u201cM\u0259ni m\u0259hk\u0259m\u0259d\u0259n g\u0259tir\u0259nd\u0259 r\u0259is dedi ki, \u201cm\u0259n 9 sutka demi\u015fdim, hakim 10 sutka verdi\u201d. Bundan sonra ba\u015flad\u0131lar ki, \u201co vaxt arvad\u0131 s\u0259n \u00f6ld\u00fcrm\u00fcs\u0259n, boynuna al\u201d. Dedim, n\u0259 dan\u0131\u015f\u0131rs\u0131n\u0131z, o vaxt hadis\u0259d\u0259n sonra m\u0259ni v\u0259 h\u0259min gec\u0259 evd\u0259 qalanlar\u0131 apar\u0131blar, dindiribl\u0259r, ara\u015fd\u0131rma apar\u0131blar, ekspertizadan ke\u00e7iribl\u0259r. Dedil\u0259r ki, yox, boynuna almal\u0131san. G\u00f6rd\u00fcl\u0259r ki, yox, yen\u0259 d\u0259 \u201cyox\u201d deyir\u0259m, m\u0259ni balalar\u0131mla h\u0259d\u0259l\u0259m\u0259y\u0259 ba\u015flad\u0131lar. H\u0259tta ba\u015fqa murdar \u015feyl\u0259r d\u0259 deyirdil\u0259r. \u018fg\u0259r raz\u0131la\u015fmasam, boynuma qoyacaqlar ki, guya arvada qar\u015f\u0131 n\u0259s\u0259 el\u0259mi\u015f\u0259m. El\u0259 i\u015fg\u0259nc\u0259l\u0259r oldu, dan\u0131\u015fmaq ist\u0259mir\u0259m. Cinay\u0259tkar\u0131 tapa bilmirdil\u0259r, g\u00f6r\u00fcnt\u00fc yaratmal\u0131yd\u0131lar ki, ba\u011fl\u0131 qalm\u0131\u015f i\u015fi a\u00e7m\u0131\u015f\u0131q, ona g\u00f6r\u0259 m\u0259nim boynuma qoydular\u201d.<\/em><\/p>\n\n\n\n<p><strong>\u201cH\u0259r \u015feyin sonu oldu\u011fu kimi, m\u0259n\u0259 qar\u015f\u0131 \u0259dal\u0259tsizliyin d\u0259 sonu g\u0259ldi\u201d<\/strong><\/p>\n\n\n\n<p>\u0130nzibati h\u0259bs m\u00fcdd\u0259tind\u0259 Polad \u0130smay\u0131lova m\u0259ktub yazd\u0131r\u0131l\u0131b. Orada g\u00f6st\u0259rib ki, 9 il \u0259vv\u0259l t\u00f6r\u0259tdiyi cinay\u0259t\u0259 g\u00f6r\u0259 ill\u0259rdir vicdan \u0259zab\u0131 \u00e7\u0259kir, ona g\u00f6r\u0259 etiraf edib, bu y\u00fckd\u0259n qurtulmaq ist\u0259yir.<\/p>\n\n\n\n<p>\u015e\u0259ki A\u011f\u0131r Cinay\u0259tl\u0259r M\u0259hk\u0259m\u0259si Polad \u0130smay\u0131lovu Cinay\u0259t M\u0259c\u0259ll\u0259sinin 120.1 (q\u0259sd\u0259n adam \u00f6ld\u00fcrm\u0259) madd\u0259sil\u0259 t\u0259qsirli hesab edib v\u0259 onun 11 il azadl\u0131qdan m\u0259hrum edilm\u0259si bar\u0259d\u0259 h\u00f6km \u00e7\u0131xar\u0131l\u0131b. Bu h\u00f6km\u00fc \u015e\u0259ki Apelyasiya M\u0259hk\u0259m\u0259si d\u0259 q\u00fcvv\u0259d\u0259 saxlay\u0131b. M\u0259s\u0259l\u0259 g\u0259lib Ali M\u0259hk\u0259m\u0259y\u0259 \u00e7\u0131xanda orada hakiml\u0259r bu cinay\u0259t i\u015finin d\u00fczg\u00fcn ara\u015fd\u0131r\u0131lmad\u0131\u011f\u0131 q\u0259na\u0259tin\u0259 g\u0259lib v\u0259 a\u015fa\u011f\u0131 instansiyan\u0131n q\u0259rar\u0131 l\u0259\u011fv olunub. Ali M\u0259hk\u0259m\u0259 bu i\u015fi yenid\u0259n ara\u015fd\u0131r\u0131lmas\u0131 \u00fc\u00e7\u00fcn \u015e\u0259ki Apelyasiya M\u0259hk\u0259m\u0259sin\u0259 qaytar\u0131b. Burada sentyabrdan ba\u015flayan t\u0259krar ara\u015fd\u0131rmalar dekabr\u0131n 28-d\u0259 yekunla\u015f\u0131b v\u0259 b\u0259ra\u0259t h\u00f6km\u00fc \u00e7\u0131xar\u0131l\u0131b.<\/p>\n\n\n<div class=\"wp-block-image\">\n<figure class=\"aligncenter size-full\"><img decoding=\"async\" width=\"1000\" height=\"563\" data-src=\"https:\/\/www.meydan.tv\/wp-content\/uploads\/seki-1.jpg\" alt=\"\" class=\"wp-image-294591 lazyload\" src=\"data:image\/svg+xml;base64,PHN2ZyB3aWR0aD0iMSIgaGVpZ2h0PSIxIiB4bWxucz0iaHR0cDovL3d3dy53My5vcmcvMjAwMC9zdmciPjwvc3ZnPg==\" style=\"--smush-placeholder-width: 1000px; --smush-placeholder-aspect-ratio: 1000\/563;\" \/><figcaption class=\"wp-element-caption\">\u015e\u0259ki A\u011f\u0131r Cinay\u0259tl\u0259r M\u0259hk\u0259m\u0259si. Foto: Azadl\u0131q Radiosu<\/figcaption><\/figure>\n<\/div>\n\n\n<p>Polad \u0130smay\u0131lov deyir ki, ill\u0259rdir nahaqdan \u00e7\u0259za \u00e7\u0259km\u0259sin\u0259 baxmayaraq, g\u00fcn\u00fcn birind\u0259 b\u0259ra\u0259t alaca\u011f\u0131na inan\u0131rd\u0131:<\/p>\n\n\n\n<p><em>\u201c\u018fmin idim ki, g\u00fcnahs\u0131zam v\u0259 Allah da haqq\u0131 nahaqqa verm\u0259z. Tezi-geci var. H\u0259r \u015feyin bir sonu oldu\u011fu kimi, m\u0259n\u0259 qar\u015f\u0131 \u0259dal\u0259tsizliyin d\u0259 sonu g\u0259ldi. S\u00f6zs\u00fcz ki, haqq-\u0259dal\u0259tin b\u0259rpas\u0131nda v\u0259kilim Zabil Q\u0259hr\u0259manovun inan\u0131lmaz \u0259ziyy\u0259ti oldu. Bir \u00f6m\u00fcr ona borcluyam. Eyni zamanda, Ali M\u0259hk\u0259m\u0259d\u0259 m\u0259nim i\u015fiml\u0259 ba\u011fl\u0131 obyektiv q\u0259rar verib, i\u015fi geri qaytarm\u0131\u015f hakim R\u0259\u015fad Abdulova, haqq\u0131mda b\u0259ra\u0259t h\u00f6km\u00fc \u00e7\u0131xaran hakiml\u0259rin \u00fc\u00e7\u00fcn\u0259 d\u0259 (R\u00f6v\u015f\u0259n R\u0259fiyev, Xaqani S\u0259m\u0259dov v\u0259 El\u00e7in H\u00fcseynov) minn\u0259tdaram\u201d.<\/em><\/p>\n\n\n\n<p><strong>\u201c4 ilimi h\u0259d\u0259r el\u0259dil\u0259r\u201d<\/strong><\/p>\n\n\n\n<p>Polad \u0130smay\u0131lov t\u0259qsirsiz oldu\u011fu halda, h\u0259bsd\u0259 qald\u0131\u011f\u0131 3 il 10 ayl\u0131q m\u00fcdd\u0259t\u0259 g\u00f6r\u0259 t\u0259zminat almaq \u00fc\u00e7\u00fcn m\u0259hk\u0259m\u0259y\u0259 m\u00fcraci\u0259t etm\u0259k fikrind\u0259dir. Deyir ki, h\u0259m maddi, h\u0259m d\u0259 m\u0259n\u0259vi bax\u0131mdan ona \u00e7ox b\u00f6y\u00fck z\u0259rb\u0259 vurulub:<\/p>\n\n\n\n<p><em>\u201cD\u0259rin\u0259 ged\u0259nd\u0259 t\u00fcrm\u0259d\u0259 n\u0259inki 4 il, he\u00e7 4 g\u00fcn g\u00fcnahs\u0131z qalman\u0131n \u0259v\u0259zi he\u00e7 n\u0259 il\u0259 \u00f6d\u0259nil\u0259 bilm\u0259z. M\u0259nim 4 ilimi h\u0259d\u0259r el\u0259yibl\u0259r. Do\u011fmalar\u0131mdan uzaq qalm\u0131\u015fam, ail\u0259m \u0259ziyy\u0259t \u00e7\u0259kib. H\u0259bs olunanda m\u0259n y\u00fck ma\u015f\u0131n\u0131n\u0131n s\u00fcr\u00fcc\u00fcs\u00fc kimi, m\u00fcxt\u0259lif \u00f6lk\u0259l\u0259ri g\u0259zirdim, aya 2000 manata q\u0259d\u0259r maa\u015f al\u0131rd\u0131m. \u018flb\u0259tt\u0259, bunlar\u0131n \u0259v\u0259zinin qism\u0259n d\u0259 olsa, \u00f6d\u0259nilm\u0259si \u00fc\u00e7\u00fcn m\u00fctl\u0259q m\u00fcraci\u0259t ed\u0259c\u0259m\u201d.<\/em><\/p>\n\n\n\n<p><strong>\u201c\u018fvv\u0259l bu i\u015f\u0259 baxan hakiml\u0259r \u0259dal\u0259tli olsayd\u0131, bu m\u0259hrumiyy\u0259tl\u0259r ya\u015fanmazd\u0131\u201d<\/strong><\/p>\n\n\n\n<p>V\u0259kili Zabil Q\u0259hr\u0259manov da Meydan TV-y\u0259 bildirib ki, Cinay\u0259t-Prosessual M\u0259c\u0259ll\u0259sinin 56-c\u0131 madd\u0259sin\u0259 \u0259sas\u0259n, Polad \u0130smay\u0131lovun t\u0259zminat almaq h\u00fcququ var. Bu madd\u0259d\u0259 cinay\u0259t prosesini h\u0259yata ke\u00e7ir\u0259n orqan\u0131n s\u0259hvi v\u0259 ya sui-istifad\u0259si n\u0259tic\u0259sind\u0259 qanunsuz h\u0259bs olunmu\u015f \u015f\u0259xsl\u0259rd\u0259n b\u0259hs olunur. V\u0259kilin s\u00f6zl\u0259rin\u0259 g\u00f6r\u0259, t\u0259zminat m\u0259s\u0259l\u0259sind\u0259 bu m\u00fcdd\u0259td\u0259 onun ya\u015fad\u0131\u011f\u0131 m\u0259hrumiyy\u0259tl\u0259r, d\u0259ymi\u015f m\u0259n\u0259vi ziyanla yana\u015f\u0131, h\u0259m d\u0259 maddi m\u0259s\u0259l\u0259l\u0259r \u2013 h\u0259bsind\u0259n \u00f6nc\u0259 ald\u0131\u011f\u0131 \u0259m\u0259khaqq\u0131, v\u0259kil x\u0259rcl\u0259ri v\u0259 s. d\u0259 n\u0259z\u0259r\u0259 al\u0131nmal\u0131d\u0131r.<\/p>\n\n\n<div class=\"wp-block-image\">\n<figure class=\"alignright size-large is-resized\"><img decoding=\"async\" width=\"1095\" height=\"821\" data-src=\"https:\/\/www.meydan.tv\/wp-content\/uploads\/photo-2023-12-31-17-59-07-1095x821.jpg\" alt=\"\" class=\"wp-image-294587 lazyload\" style=\"--smush-placeholder-width: 1095px; --smush-placeholder-aspect-ratio: 1095\/821;width:353px;height:auto\" src=\"data:image\/svg+xml;base64,PHN2ZyB3aWR0aD0iMSIgaGVpZ2h0PSIxIiB4bWxucz0iaHR0cDovL3d3dy53My5vcmcvMjAwMC9zdmciPjwvc3ZnPg==\" \/><figcaption class=\"wp-element-caption\">Zabil Q\u0259hr\u0259manov. Foto: Meydan TV <\/figcaption><\/figure>\n<\/div>\n\n\n<p>Zabil Q\u0259hr\u0259manov \u0259lav\u0259 edib ki, \u0259vv\u0259l Polad \u0130smay\u0131lovun i\u015fin\u0259 baxm\u0131\u015f hakiml\u0259r \u0259dal\u0259tli olsayd\u0131, o, bu q\u0259d\u0259r m\u0259hrumiyy\u0259tl\u0259r ya\u015famayacaqd\u0131. V\u0259kil 11 illik azadl\u0131qdan m\u0259hrumetm\u0259 h\u00f6km\u00fcn\u00fcn yanl\u0131\u015f yana\u015fman\u0131n n\u0259tic\u0259si oldu\u011funu d\u00fc\u015f\u00fcnm\u00fcr. Deyir ki, Polad \u0130smay\u0131lovun t\u0259qsirsiz oldu\u011funu s\u00fcbut ed\u0259n \u00e7oxsayl\u0131 faktlar vard\u0131 v\u0259 onlar\u0131 g\u00f6rm\u0259k \u00e7\u0259tin deyildi. V\u0259kil Meydan TV-y\u0259 d\u0259 i\u015fd\u0259ki h\u0259min ziddiyy\u0259tl\u0259rd\u0259n bir ne\u00e7\u0259sini sadalay\u0131b:<\/p>\n\n\n\n<p><em>\u201c\u0130\u015fg\u0259nc\u0259l\u0259rd\u0259n sonra Polad \u0130smay\u0131lovu q\u0259tl ba\u015f vermi\u015f ev\u0259 g\u0259tiribl\u0259r, orada video\u00e7\u0259kili\u015fl\u0259 dan\u0131\u015fd\u0131r\u0131rlar. O, videoda deyir ki, m\u0259n qad\u0131n\u0131 bu otaqda \u00f6ld\u00fcrd\u00fcm, halbuki, hadis\u0259 ba\u015fqa otaqda olub. Bu adam deyir ki, m\u0259n b\u0131\u00e7aqla \u00f6ld\u00fcrd\u00fcm, \u00e7\u0131x\u0131b ged\u0259nd\u0259 b\u0131\u00e7a\u011f\u0131 yolda \u00e7aya atd\u0131m. \u0130\u015f materiallar\u0131nda da var ki, hadis\u0259d\u0259n sonra evd\u0259 kran\u0131n alt\u0131nda s\u0131nm\u0131\u015f b\u0131\u00e7aq tap\u0131l\u0131b. Ekspertiza da q\u0259tlin o b\u0131\u00e7aqla t\u00f6r\u0259dildiyini istisna etm\u0259yib. Evd\u0259 qad\u0131n\u0131n qan\u0131ndan \u0259lav\u0259 ba\u015fqa bir qan n\u00fcmun\u0259si d\u0259 tap\u0131l\u0131b. Ekspertizadan r\u0259y al\u0131blar ki, guya Polad \u0130smay\u0131lovun qan\u0131 il\u0259 eynidir. Ekspertizan\u0131n r\u0259yin\u0259 g\u00f6r\u0259, o, tap\u0131lan qan III qrupdur, Polad \u0130smay\u0131lovun qan\u0131 is\u0259 I qrupdur. Bu, nec\u0259 eyni oldu?\u201d<\/em>.<\/p>\n","protected":false},"excerpt":{"rendered":"<p>Polad \u0130smay\u0131lov: \u201c\u0130yn\u0259 ucu boyda g\u00fcnah\u0131m olsa, \u00f6m\u00fcrl\u00fck c\u0259zaya da &#8230; <\/p>\n<p class=\"read-more-container\"><a title=\"\u201cNiy\u0259 gedib kimins\u0259 yerin\u0259 t\u00fcrm\u0259d\u0259 oturmal\u0131yam?\u201d\" class=\"read-more button\" href=\"https:\/\/www.meydan.tv\/az\/article\/niye-gedib-kiminse-yerine-turmede-oturmaliyam\/#more-294590\" aria-label=\"Read more about \u201cNiy\u0259 gedib kimins\u0259 yerin\u0259 t\u00fcrm\u0259d\u0259 oturmal\u0131yam?\u201d\">Davam\u0131<\/a><\/p>\n","protected":false},"author":8,"featured_media":294584,"comment_status":"closed","ping_status":"closed","sticky":false,"template":"","format":"standard","meta":{"_acf_changed":false,"_sitemap_exclude":false,"_sitemap_priority":"","_sitemap_frequency":"","footnotes":""},"categories":[60,56],"tags":[],"class_list":["post-294590","post","type-post","status-publish","format-standard","has-post-thumbnail","hentry","category-bolge","category-xeberler","infinite-scroll-item","generate-columns","tablet-grid-50","mobile-grid-100","grid-parent","grid-33","no-featured-image-padding"],"acf":[],"yoast_head":"<!-- This site is optimized with the Yoast SEO plugin v27.4 - https:\/\/yoast.com\/product\/yoast-seo-wordpress\/ -->\n<title>\u201cNiy\u0259 gedib kimins\u0259 yerin\u0259 t\u00fcrm\u0259d\u0259 oturmal\u0131yam?\u201d - MEYDAN.TV<\/title>\n<meta name=\"robots\" content=\"index, follow, max-snippet:-1, max-image-preview:large, max-video-preview:-1\" \/>\n<link rel=\"canonical\" href=\"https:\/\/www.meydan.tv\/az\/article\/niye-gedib-kiminse-yerine-turmede-oturmaliyam\/\" \/>\n<meta property=\"og:locale\" content=\"az_AZ\" \/>\n<meta property=\"og:type\" content=\"article\" \/>\n<meta property=\"og:title\" content=\"\u201cNiy\u0259 gedib kimins\u0259 yerin\u0259 t\u00fcrm\u0259d\u0259 oturmal\u0131yam?\u201d - MEYDAN.TV\" \/>\n<meta property=\"og:description\" content=\"Polad \u0130smay\u0131lov: \u201c\u0130yn\u0259 ucu boyda g\u00fcnah\u0131m olsa, \u00f6m\u00fcrl\u00fck c\u0259zaya da ... Davam\u0131\" \/>\n<meta property=\"og:url\" content=\"https:\/\/www.meydan.tv\/az\/article\/niye-gedib-kiminse-yerine-turmede-oturmaliyam\/\" \/>\n<meta property=\"og:site_name\" content=\"MEYDAN.TV\" \/>\n<meta property=\"article:published_time\" content=\"2023-12-31T14:30:27+00:00\" \/>\n<meta property=\"article:modified_time\" content=\"2023-12-31T14:30:32+00:00\" \/>\n<meta property=\"og:image\" content=\"https:\/\/www.meydan.tv\/wp-content\/uploads\/polad-1-e1704033017801.jpg\" \/>\n\t<meta property=\"og:image:width\" content=\"1920\" \/>\n\t<meta property=\"og:image:height\" content=\"969\" \/>\n\t<meta property=\"og:image:type\" content=\"image\/jpeg\" \/>\n<meta name=\"author\" content=\"elli\" \/>\n<meta name=\"twitter:card\" content=\"summary_large_image\" \/>\n<meta name=\"twitter:creator\" content=\"@elli\" \/>\n<script type=\"application\/ld+json\" class=\"yoast-schema-graph\">{\"@context\":\"https:\\\/\\\/schema.org\",\"@graph\":[{\"@type\":\"Article\",\"@id\":\"https:\\\/\\\/www.meydan.tv\\\/az\\\/article\\\/niye-gedib-kiminse-yerine-turmede-oturmaliyam\\\/#article\",\"isPartOf\":{\"@id\":\"https:\\\/\\\/www.meydan.tv\\\/az\\\/article\\\/niye-gedib-kiminse-yerine-turmede-oturmaliyam\\\/\"},\"author\":{\"name\":\"elli\",\"@id\":\"https:\\\/\\\/www.meydan.tv\\\/az\\\/#\\\/schema\\\/person\\\/9cdbecf90d17180ce1dfbd95b08dcf47\"},\"headline\":\"\u201cNiy\u0259 gedib kimins\u0259 yerin\u0259 t\u00fcrm\u0259d\u0259 oturmal\u0131yam?\u201d\",\"datePublished\":\"2023-12-31T14:30:27+00:00\",\"dateModified\":\"2023-12-31T14:30:32+00:00\",\"mainEntityOfPage\":{\"@id\":\"https:\\\/\\\/www.meydan.tv\\\/az\\\/article\\\/niye-gedib-kiminse-yerine-turmede-oturmaliyam\\\/\"},\"wordCount\":1709,\"publisher\":{\"@id\":\"https:\\\/\\\/www.meydan.tv\\\/az\\\/#organization\"},\"image\":{\"@id\":\"https:\\\/\\\/www.meydan.tv\\\/az\\\/article\\\/niye-gedib-kiminse-yerine-turmede-oturmaliyam\\\/#primaryimage\"},\"thumbnailUrl\":\"https:\\\/\\\/www.meydan.tv\\\/wp-content\\\/uploads\\\/polad-1-e1704033017801.jpg\",\"articleSection\":[\"B\u00f6lg\u0259\",\"X\u0259b\u0259rl\u0259r\"],\"inLanguage\":\"az\"},{\"@type\":\"WebPage\",\"@id\":\"https:\\\/\\\/www.meydan.tv\\\/az\\\/article\\\/niye-gedib-kiminse-yerine-turmede-oturmaliyam\\\/\",\"url\":\"https:\\\/\\\/www.meydan.tv\\\/az\\\/article\\\/niye-gedib-kiminse-yerine-turmede-oturmaliyam\\\/\",\"name\":\"\u201cNiy\u0259 gedib kimins\u0259 yerin\u0259 t\u00fcrm\u0259d\u0259 oturmal\u0131yam?\u201d - MEYDAN.TV\",\"isPartOf\":{\"@id\":\"https:\\\/\\\/www.meydan.tv\\\/az\\\/#website\"},\"primaryImageOfPage\":{\"@id\":\"https:\\\/\\\/www.meydan.tv\\\/az\\\/article\\\/niye-gedib-kiminse-yerine-turmede-oturmaliyam\\\/#primaryimage\"},\"image\":{\"@id\":\"https:\\\/\\\/www.meydan.tv\\\/az\\\/article\\\/niye-gedib-kiminse-yerine-turmede-oturmaliyam\\\/#primaryimage\"},\"thumbnailUrl\":\"https:\\\/\\\/www.meydan.tv\\\/wp-content\\\/uploads\\\/polad-1-e1704033017801.jpg\",\"datePublished\":\"2023-12-31T14:30:27+00:00\",\"dateModified\":\"2023-12-31T14:30:32+00:00\",\"breadcrumb\":{\"@id\":\"https:\\\/\\\/www.meydan.tv\\\/az\\\/article\\\/niye-gedib-kiminse-yerine-turmede-oturmaliyam\\\/#breadcrumb\"},\"inLanguage\":\"az\",\"potentialAction\":[{\"@type\":\"ReadAction\",\"target\":[\"https:\\\/\\\/www.meydan.tv\\\/az\\\/article\\\/niye-gedib-kiminse-yerine-turmede-oturmaliyam\\\/\"]}]},{\"@type\":\"ImageObject\",\"inLanguage\":\"az\",\"@id\":\"https:\\\/\\\/www.meydan.tv\\\/az\\\/article\\\/niye-gedib-kiminse-yerine-turmede-oturmaliyam\\\/#primaryimage\",\"url\":\"https:\\\/\\\/www.meydan.tv\\\/wp-content\\\/uploads\\\/polad-1-e1704033017801.jpg\",\"contentUrl\":\"https:\\\/\\\/www.meydan.tv\\\/wp-content\\\/uploads\\\/polad-1-e1704033017801.jpg\",\"width\":1920,\"height\":969,\"caption\":\"Polad \u0130smay\u0131lov. Foto: Meydan TV\"},{\"@type\":\"BreadcrumbList\",\"@id\":\"https:\\\/\\\/www.meydan.tv\\\/az\\\/article\\\/niye-gedib-kiminse-yerine-turmede-oturmaliyam\\\/#breadcrumb\",\"itemListElement\":[{\"@type\":\"ListItem\",\"position\":1,\"name\":\"Ana s\u0259hif\u0259\",\"item\":\"https:\\\/\\\/www.meydan.tv\\\/az\\\/\"},{\"@type\":\"ListItem\",\"position\":2,\"name\":\"B\u00f6lg\u0259\",\"item\":\"https:\\\/\\\/www.meydan.tv\\\/az\\\/section\\\/bolge\\\/\"},{\"@type\":\"ListItem\",\"position\":3,\"name\":\"\u201cNiy\u0259 gedib kimins\u0259 yerin\u0259 t\u00fcrm\u0259d\u0259 oturmal\u0131yam?\u201d\"}]},{\"@type\":\"WebSite\",\"@id\":\"https:\\\/\\\/www.meydan.tv\\\/az\\\/#website\",\"url\":\"https:\\\/\\\/www.meydan.tv\\\/az\\\/\",\"name\":\"MEYDAN.TV\",\"description\":\"Meydan TV Az\u0259rbaycan\u0131n media m\u0259kan\u0131ndak\u0131 alternativ s\u0259sidir\",\"publisher\":{\"@id\":\"https:\\\/\\\/www.meydan.tv\\\/az\\\/#organization\"},\"potentialAction\":[{\"@type\":\"SearchAction\",\"target\":{\"@type\":\"EntryPoint\",\"urlTemplate\":\"https:\\\/\\\/www.meydan.tv\\\/az\\\/?s={search_term_string}\"},\"query-input\":{\"@type\":\"PropertyValueSpecification\",\"valueRequired\":true,\"valueName\":\"search_term_string\"}}],\"inLanguage\":\"az\"},{\"@type\":\"Organization\",\"@id\":\"https:\\\/\\\/www.meydan.tv\\\/az\\\/#organization\",\"name\":\"Meydan TV\",\"url\":\"https:\\\/\\\/www.meydan.tv\\\/az\\\/\",\"logo\":{\"@type\":\"ImageObject\",\"inLanguage\":\"az\",\"@id\":\"https:\\\/\\\/www.meydan.tv\\\/az\\\/#\\\/schema\\\/logo\\\/image\\\/\",\"url\":\"https:\\\/\\\/www.meydan.tv\\\/wp-content\\\/uploads\\\/2021\\\/07\\\/meydan-logo.svg\",\"contentUrl\":\"https:\\\/\\\/www.meydan.tv\\\/wp-content\\\/uploads\\\/2021\\\/07\\\/meydan-logo.svg\",\"width\":195,\"height\":46,\"caption\":\"Meydan TV\"},\"image\":{\"@id\":\"https:\\\/\\\/www.meydan.tv\\\/az\\\/#\\\/schema\\\/logo\\\/image\\\/\"}},{\"@type\":\"Person\",\"@id\":\"https:\\\/\\\/www.meydan.tv\\\/az\\\/#\\\/schema\\\/person\\\/9cdbecf90d17180ce1dfbd95b08dcf47\",\"name\":\"elli\",\"sameAs\":[\"https:\\\/\\\/x.com\\\/elli\"]}]}<\/script>\n<!-- \/ Yoast SEO plugin. -->","yoast_head_json":{"title":"\u201cNiy\u0259 gedib kimins\u0259 yerin\u0259 t\u00fcrm\u0259d\u0259 oturmal\u0131yam?\u201d - MEYDAN.TV","robots":{"index":"index","follow":"follow","max-snippet":"max-snippet:-1","max-image-preview":"max-image-preview:large","max-video-preview":"max-video-preview:-1"},"canonical":"https:\/\/www.meydan.tv\/az\/article\/niye-gedib-kiminse-yerine-turmede-oturmaliyam\/","og_locale":"az_AZ","og_type":"article","og_title":"\u201cNiy\u0259 gedib kimins\u0259 yerin\u0259 t\u00fcrm\u0259d\u0259 oturmal\u0131yam?\u201d - MEYDAN.TV","og_description":"Polad \u0130smay\u0131lov: \u201c\u0130yn\u0259 ucu boyda g\u00fcnah\u0131m olsa, \u00f6m\u00fcrl\u00fck c\u0259zaya da ... Davam\u0131","og_url":"https:\/\/www.meydan.tv\/az\/article\/niye-gedib-kiminse-yerine-turmede-oturmaliyam\/","og_site_name":"MEYDAN.TV","article_published_time":"2023-12-31T14:30:27+00:00","article_modified_time":"2023-12-31T14:30:32+00:00","og_image":[{"width":1920,"height":969,"url":"https:\/\/www.meydan.tv\/wp-content\/uploads\/polad-1-e1704033017801.jpg","type":"image\/jpeg"}],"author":"elli","twitter_card":"summary_large_image","twitter_creator":"@elli","schema":{"@context":"https:\/\/schema.org","@graph":[{"@type":"Article","@id":"https:\/\/www.meydan.tv\/az\/article\/niye-gedib-kiminse-yerine-turmede-oturmaliyam\/#article","isPartOf":{"@id":"https:\/\/www.meydan.tv\/az\/article\/niye-gedib-kiminse-yerine-turmede-oturmaliyam\/"},"author":{"name":"elli","@id":"https:\/\/www.meydan.tv\/az\/#\/schema\/person\/9cdbecf90d17180ce1dfbd95b08dcf47"},"headline":"\u201cNiy\u0259 gedib kimins\u0259 yerin\u0259 t\u00fcrm\u0259d\u0259 oturmal\u0131yam?\u201d","datePublished":"2023-12-31T14:30:27+00:00","dateModified":"2023-12-31T14:30:32+00:00","mainEntityOfPage":{"@id":"https:\/\/www.meydan.tv\/az\/article\/niye-gedib-kiminse-yerine-turmede-oturmaliyam\/"},"wordCount":1709,"publisher":{"@id":"https:\/\/www.meydan.tv\/az\/#organization"},"image":{"@id":"https:\/\/www.meydan.tv\/az\/article\/niye-gedib-kiminse-yerine-turmede-oturmaliyam\/#primaryimage"},"thumbnailUrl":"https:\/\/www.meydan.tv\/wp-content\/uploads\/polad-1-e1704033017801.jpg","articleSection":["B\u00f6lg\u0259","X\u0259b\u0259rl\u0259r"],"inLanguage":"az"},{"@type":"WebPage","@id":"https:\/\/www.meydan.tv\/az\/article\/niye-gedib-kiminse-yerine-turmede-oturmaliyam\/","url":"https:\/\/www.meydan.tv\/az\/article\/niye-gedib-kiminse-yerine-turmede-oturmaliyam\/","name":"\u201cNiy\u0259 gedib kimins\u0259 yerin\u0259 t\u00fcrm\u0259d\u0259 oturmal\u0131yam?\u201d - MEYDAN.TV","isPartOf":{"@id":"https:\/\/www.meydan.tv\/az\/#website"},"primaryImageOfPage":{"@id":"https:\/\/www.meydan.tv\/az\/article\/niye-gedib-kiminse-yerine-turmede-oturmaliyam\/#primaryimage"},"image":{"@id":"https:\/\/www.meydan.tv\/az\/article\/niye-gedib-kiminse-yerine-turmede-oturmaliyam\/#primaryimage"},"thumbnailUrl":"https:\/\/www.meydan.tv\/wp-content\/uploads\/polad-1-e1704033017801.jpg","datePublished":"2023-12-31T14:30:27+00:00","dateModified":"2023-12-31T14:30:32+00:00","breadcrumb":{"@id":"https:\/\/www.meydan.tv\/az\/article\/niye-gedib-kiminse-yerine-turmede-oturmaliyam\/#breadcrumb"},"inLanguage":"az","potentialAction":[{"@type":"ReadAction","target":["https:\/\/www.meydan.tv\/az\/article\/niye-gedib-kiminse-yerine-turmede-oturmaliyam\/"]}]},{"@type":"ImageObject","inLanguage":"az","@id":"https:\/\/www.meydan.tv\/az\/article\/niye-gedib-kiminse-yerine-turmede-oturmaliyam\/#primaryimage","url":"https:\/\/www.meydan.tv\/wp-content\/uploads\/polad-1-e1704033017801.jpg","contentUrl":"https:\/\/www.meydan.tv\/wp-content\/uploads\/polad-1-e1704033017801.jpg","width":1920,"height":969,"caption":"Polad \u0130smay\u0131lov. Foto: Meydan TV"},{"@type":"BreadcrumbList","@id":"https:\/\/www.meydan.tv\/az\/article\/niye-gedib-kiminse-yerine-turmede-oturmaliyam\/#breadcrumb","itemListElement":[{"@type":"ListItem","position":1,"name":"Ana s\u0259hif\u0259","item":"https:\/\/www.meydan.tv\/az\/"},{"@type":"ListItem","position":2,"name":"B\u00f6lg\u0259","item":"https:\/\/www.meydan.tv\/az\/section\/bolge\/"},{"@type":"ListItem","position":3,"name":"\u201cNiy\u0259 gedib kimins\u0259 yerin\u0259 t\u00fcrm\u0259d\u0259 oturmal\u0131yam?\u201d"}]},{"@type":"WebSite","@id":"https:\/\/www.meydan.tv\/az\/#website","url":"https:\/\/www.meydan.tv\/az\/","name":"MEYDAN.TV","description":"Meydan TV Az\u0259rbaycan\u0131n media m\u0259kan\u0131ndak\u0131 alternativ s\u0259sidir","publisher":{"@id":"https:\/\/www.meydan.tv\/az\/#organization"},"potentialAction":[{"@type":"SearchAction","target":{"@type":"EntryPoint","urlTemplate":"https:\/\/www.meydan.tv\/az\/?s={search_term_string}"},"query-input":{"@type":"PropertyValueSpecification","valueRequired":true,"valueName":"search_term_string"}}],"inLanguage":"az"},{"@type":"Organization","@id":"https:\/\/www.meydan.tv\/az\/#organization","name":"Meydan TV","url":"https:\/\/www.meydan.tv\/az\/","logo":{"@type":"ImageObject","inLanguage":"az","@id":"https:\/\/www.meydan.tv\/az\/#\/schema\/logo\/image\/","url":"https:\/\/www.meydan.tv\/wp-content\/uploads\/2021\/07\/meydan-logo.svg","contentUrl":"https:\/\/www.meydan.tv\/wp-content\/uploads\/2021\/07\/meydan-logo.svg","width":195,"height":46,"caption":"Meydan TV"},"image":{"@id":"https:\/\/www.meydan.tv\/az\/#\/schema\/logo\/image\/"}},{"@type":"Person","@id":"https:\/\/www.meydan.tv\/az\/#\/schema\/person\/9cdbecf90d17180ce1dfbd95b08dcf47","name":"elli","sameAs":["https:\/\/x.com\/elli"]}]}},"_links":{"self":[{"href":"https:\/\/www.meydan.tv\/az\/wp-json\/wp\/v2\/posts\/294590","targetHints":{"allow":["GET"]}}],"collection":[{"href":"https:\/\/www.meydan.tv\/az\/wp-json\/wp\/v2\/posts"}],"about":[{"href":"https:\/\/www.meydan.tv\/az\/wp-json\/wp\/v2\/types\/post"}],"author":[{"embeddable":true,"href":"https:\/\/www.meydan.tv\/az\/wp-json\/wp\/v2\/users\/8"}],"replies":[{"embeddable":true,"href":"https:\/\/www.meydan.tv\/az\/wp-json\/wp\/v2\/comments?post=294590"}],"version-history":[{"count":1,"href":"https:\/\/www.meydan.tv\/az\/wp-json\/wp\/v2\/posts\/294590\/revisions"}],"predecessor-version":[{"id":294594,"href":"https:\/\/www.meydan.tv\/az\/wp-json\/wp\/v2\/posts\/294590\/revisions\/294594"}],"wp:featuredmedia":[{"embeddable":true,"href":"https:\/\/www.meydan.tv\/az\/wp-json\/wp\/v2\/media\/294584"}],"wp:attachment":[{"href":"https:\/\/www.meydan.tv\/az\/wp-json\/wp\/v2\/media?parent=294590"}],"wp:term":[{"taxonomy":"category","embeddable":true,"href":"https:\/\/www.meydan.tv\/az\/wp-json\/wp\/v2\/categories?post=294590"},{"taxonomy":"post_tag","embeddable":true,"href":"https:\/\/www.meydan.tv\/az\/wp-json\/wp\/v2\/tags?post=294590"}],"curies":[{"name":"wp","href":"https:\/\/api.w.org\/{rel}","templated":true}]}}