{"id":294568,"date":"2023-12-31T15:00:14","date_gmt":"2023-12-31T11:00:14","guid":{"rendered":"https:\/\/www.meydan.tv\/?p=294568"},"modified":"2023-12-31T15:00:17","modified_gmt":"2023-12-31T11:00:17","slug":"subut-elediler-ki-onlar-ucun-mehkeme-qerari-menasiz-kagiz-parcasidir","status":"publish","type":"post","link":"https:\/\/www.meydan.tv\/az\/article\/subut-elediler-ki-onlar-ucun-mehkeme-qerari-menasiz-kagiz-parcasidir\/","title":{"rendered":"\u201cS\u00fcbut el\u0259dil\u0259r ki, onlar \u00fc\u00e7\u00fcn m\u0259hk\u0259m\u0259 q\u0259rar\u0131 m\u0259nas\u0131z ka\u011f\u0131z par\u00e7as\u0131d\u0131r\u201d"},"content":{"rendered":"\n<p><\/p>\n\n\n\n<p><strong><em>G\u0259nc\u0259d\u0259 hakim \u015f\u0259xsin m\u0259hk\u0259m\u0259 zal\u0131nda h\u0259bsd\u0259n burax\u0131lmas\u0131 haqda q\u0259rar \u00e7\u0131xarsa da, bu q\u0259rar\u0131n icras\u0131na imkan verilm\u0259yib<\/em><\/strong><\/p>\n\n\n\n<p>G\u0259nc\u0259 \u015f\u0259h\u0259r sakini Nicat Aslan\u0131n m\u0259hk\u0259m\u0259 zal\u0131nda h\u0259bsd\u0259n burax\u0131lmas\u0131na q\u0259rar verils\u0259 d\u0259, hakimin bu q\u0259rar\u0131 ka\u011f\u0131z \u00fcz\u0259rind\u0259 qal\u0131b. Onu he\u00e7 m\u0259hk\u0259m\u0259 binas\u0131ndan \u00e7\u0131xma\u011fa qoymay\u0131blar. Bu bar\u0259d\u0259 Meydan TV-y\u0259 dan\u0131\u015fan yax\u0131nlar\u0131 bildirib ki, hadis\u0259 G\u0259nc\u0259 \u015e\u0259h\u0259r M\u0259hk\u0259m\u0259sind\u0259 ya\u015fan\u0131b:<\/p>\n\n\n\n<p><em>\u201cNicat\u0131n ba\u015f\u0131na g\u0259l\u0259nl\u0259r g\u00f6st\u0259rdi ki, polisl\u0259r \u00fc\u00e7\u00fcn m\u0259hk\u0259m\u0259 q\u0259rar\u0131 m\u0259nas\u0131z ka\u011f\u0131z par\u00e7as\u0131d\u0131r. Bunu \u00f6zl\u0259ri s\u00fcbut el\u0259dil\u0259r. Yoxsa m\u0259hk\u0259m\u0259nin azad el\u0259diyi adam\u0131n ba\u015f\u0131na bu i\u015fl\u0259r g\u0259l\u0259 bilm\u0259zdi&#8230;\u201d.<\/em><\/p>\n\n\n\n<p><strong>M\u00fcst\u0259ntiq v\u0259 prokuror h\u0259bs q\u0259rar\u0131 ist\u0259yib, hakim t\u0259qdimat\u0131 r\u0259dd el\u0259yib<\/strong><\/p>\n\n\n\n<p>Yax\u0131nlar\u0131 deyir ki, Nicat Aslan\u0131n 28 ya\u015f\u0131 var, ali t\u0259hsillidir. Onu dekabr\u0131n 7-d\u0259 G\u0259nc\u0259 \u015e\u0259h\u0259r Ba\u015f Polis \u0130dar\u0259sinin \u0259m\u0259kda\u015flar\u0131 tutub. Ona Cinay\u0259t M\u0259c\u0259ll\u0259sinin 234.1-1 (sat\u0131\u015f m\u0259qs\u0259di olmadan k\u00fclli miqdarda narkotik \u0259ld\u0259 etm\u0259, da\u015f\u0131ma, saxlama) madd\u0259sil\u0259 ittiham verilib. M\u00fcst\u0259ntiq onun istintaq ged\u0259n m\u00fcdd\u0259td\u0259 h\u0259bsd\u0259 saxlanmas\u0131 \u00fc\u00e7\u00fcn v\u0259sat\u0259t verib. M\u00fcst\u0259ntiqin v\u0259sat\u0259ti v\u0259 prokurorun bu bar\u0259d\u0259 t\u0259qdimat\u0131na G\u0259nc\u0259 \u015e\u0259h\u0259r M\u0259hk\u0259m\u0259sind\u0259 bax\u0131l\u0131b.<\/p>\n\n\n<div class=\"wp-block-image\">\n<figure class=\"alignright size-full is-resized\"><img decoding=\"async\" width=\"450\" height=\"720\" data-src=\"https:\/\/www.meydan.tv\/wp-content\/uploads\/photo-2023-12-31-14-31-45_720.jpg\" alt=\"\" class=\"wp-image-294565 lazyload\" style=\"--smush-placeholder-width: 450px; --smush-placeholder-aspect-ratio: 450\/720;width:330px;height:auto\" src=\"data:image\/svg+xml;base64,PHN2ZyB3aWR0aD0iMSIgaGVpZ2h0PSIxIiB4bWxucz0iaHR0cDovL3d3dy53My5vcmcvMjAwMC9zdmciPjwvc3ZnPg==\" \/><\/figure>\n<\/div>\n\n\n<p>T\u0259qsirl\u0259ndiril\u0259n \u015f\u0259xsin \u00f6z\u00fcn\u00fc, v\u0259kilini, el\u0259c\u0259 d\u0259 m\u00fcst\u0259ntiqi dinl\u0259y\u0259nd\u0259n sonra hakim Liza Xanm\u0259mm\u0259dova q\u0259rar verib ki, istintaq orqan\u0131n\u0131n t\u0259qdimat\u0131 t\u0259min olunmas\u0131n \u2013 h\u0259bs q\u0259timkan t\u0259dbiri se\u00e7ilm\u0259sin.<\/p>\n\n\n\n<p>Hakimin q\u0259rar\u0131na \u0259sas\u0259n, Nicat Aslan bar\u0259sind\u0259 ilkin istintaq d\u00f6vr\u00fc \u00fc\u00e7\u00fcn 4 ayl\u0131q ev dustaql\u0131\u011f\u0131 q\u0259timkan t\u0259dbiri se\u00e7ilib. \u0130ki g\u00fcnd\u00fcr saxlan\u0131lan Nicat Aslan\u0131n el\u0259 m\u0259hk\u0259m\u0259 zal\u0131nda burax\u0131lmas\u0131na q\u0259rar verilib.<\/p>\n\n\n\n<p><strong>\u201cNicat\u0131 m\u0259hk\u0259m\u0259d\u0259n o\u011furlay\u0131b apard\u0131lar\u201d<\/strong><\/p>\n\n\n\n<p>Yax\u0131nlar\u0131n\u0131n s\u00f6zl\u0259rin\u0259 g\u00f6r\u0259, m\u0259hk\u0259m\u0259nin binas\u0131 qar\u015f\u0131s\u0131nda dayan\u0131b, Nicat\u0131n \u00e7\u0131xmas\u0131n\u0131 g\u00f6zl\u0259s\u0259l\u0259r d\u0259, onu buraxmay\u0131blar:<\/p>\n\n\n\n<p>\u201c<em>Onu polis idar\u0259sind\u0259ki saxlama yerind\u0259n g\u0259tir\u0259nl\u0259r m\u0259hk\u0259m\u0259 binas\u0131ndan \u00e7\u0131xma\u011fa qoymay\u0131blar. M\u0259hk\u0259m\u0259nin zirz\u0259misind\u0259 dustaqlar\u0131n saxland\u0131\u011f\u0131 yer\u0259 d\u00fc\u015f\u00fcr\u00fcbl\u0259r. N\u0259 q\u0259d\u0259r g\u00f6zl\u0259s\u0259k d\u0259, \u00e7\u0131xmad\u0131. Bir az sonra m\u0259hk\u0259m\u0259nin qar\u015f\u0131s\u0131na a\u011f r\u0259ngli bir \u201cMercedes\u201d ma\u015f\u0131n g\u0259ldi, n\u00f6mr\u0259si d\u0259 90-AP-424 idi. Onun i\u00e7ind\u0259n iki n\u0259f\u0259r d\u00fc\u015f\u00fcb, t\u0259l\u0259sik m\u0259hk\u0259m\u0259 binas\u0131na getdil\u0259r. Bu avtomobilin polis ma\u015f\u0131n\u0131 oldu\u011funu bildik. Amma i\u00e7ind\u0259n d\u00fc\u015f\u0259nl\u0259rin \u0259ynind\u0259 forma yox idi. Onlar\u0131n g\u0259li\u015find\u0259n bir az ke\u00e7\u0259nd\u0259n sonra dustaqlar\u0131 apar\u0131b-g\u0259tir\u0259n ma\u015f\u0131n \u00e7\u0131xd\u0131. O iki n\u0259f\u0259r d\u0259 qay\u0131d\u0131b, dustaq ma\u015f\u0131n\u0131n\u0131n arxas\u0131nca getdil\u0259r. Bel\u0259likl\u0259, Nicat\u0131 m\u0259hk\u0259m\u0259d\u0259n o\u011furlay\u0131b apard\u0131lar. Bunun ba\u015fqa ad\u0131 yoxdur\u201d.<\/em><\/p>\n\n\n\n<p><strong>Apelyasiya m\u0259hk\u0259m\u0259nin hakimi \u201ch\u0259\u201d deyib<\/strong><\/p>\n\n\n\n<p>Nicat Aslan\u0131n v\u0259kili onun yerini m\u00fc\u0259yy\u0259nl\u0259\u015fdirm\u0259k \u00fc\u00e7\u00fcn Daxili \u0130\u015fl\u0259r Nazirliyinin 102 xidm\u0259tin\u0259, Ombudsman Aparat\u0131na, Ba\u015f Prokurorlu\u011fa m\u00fcraci\u0259t edib, bu qurumlar\u0131 G\u0259nc\u0259 \u015e\u0259h\u0259r M\u0259hk\u0259m\u0259sind\u0259 ya\u015fananlar haqda m\u0259lumatland\u0131r\u0131b. Lakin iki g\u00fcn \u0259rzind\u0259 bu m\u00fcraci\u0259tl\u0259r n\u0259tic\u0259 verm\u0259yib.<\/p>\n\n\n\n<p>Nicat Aslan bir d\u0259 G\u0259nc\u0259 Apelyasiya M\u0259hk\u0259m\u0259sind\u0259 ortaya \u00e7\u0131xar\u0131l\u0131b. M\u0259lum olub ki, onun haqq\u0131nda ev dustaql\u0131\u011f\u0131 q\u0259rar\u0131ndan istintaq orqan\u0131 apelyasiya \u015fikay\u0259ti verib. Bu q\u0259rar\u0131n l\u0259\u011fvi, onun haqq\u0131nda h\u0259bs q\u0259timkan t\u0259dbiri se\u00e7ilm\u0259si ist\u0259nilib.<\/p>\n\n\n\n<figure class=\"wp-block-image size-full\"><img decoding=\"async\" width=\"1200\" height=\"723\" data-src=\"https:\/\/www.meydan.tv\/wp-content\/uploads\/g-nc-apellyasiya-m-hk-m-sin-milyon-cox-v-sait-ayrilib.jpg\" alt=\"\" class=\"wp-image-243500 lazyload\" src=\"data:image\/svg+xml;base64,PHN2ZyB3aWR0aD0iMSIgaGVpZ2h0PSIxIiB4bWxucz0iaHR0cDovL3d3dy53My5vcmcvMjAwMC9zdmciPjwvc3ZnPg==\" style=\"--smush-placeholder-width: 1200px; --smush-placeholder-aspect-ratio: 1200\/723;\" \/><figcaption class=\"wp-element-caption\">G\u0259nc\u0259 Apelyasiya M\u0259hk\u0259m\u0259si. Foto: &#8220;gancapost.info\/&#8221;<\/figcaption><\/figure>\n\n\n\n<p>Bu i\u015f\u0259 G\u0259nc\u0259 Apelyasiya M\u0259hk\u0259m\u0259sind\u0259 hakim Rafiq C\u0259f\u0259rov bax\u0131b. O, a\u015fa\u011f\u0131 instansiya m\u0259hk\u0259m\u0259sinin q\u0259rar\u0131n\u0131 l\u0259\u011fv edib, onun haqq\u0131nda ilkin istintaq d\u00f6vr\u00fc \u00fc\u00e7\u00fcn 4 ayl\u0131q h\u0259bs q\u0259timkan t\u0259dbiri se\u00e7ilib:<\/p>\n\n\n\n<p>\u201c<em>Apelyasiya m\u0259hk\u0259m\u0259sind\u0259 v\u0259kil ba\u015f ver\u0259n qanunsuzluqlar\u0131n ham\u0131s\u0131n\u0131 deyib. T\u0259\u0259ss\u00fcf ki, \u0259h\u0259miyy\u0259t verilm\u0259yib. Onlar\u0131n dedikl\u0259rin\u0259 \u0259m\u0259l edib, ist\u0259dikl\u0259ri q\u0259rar\u0131 verib\u201d<\/em>.<\/p>\n\n\n\n<p>Polisl\u0259rin m\u0259hk\u0259m\u0259 q\u0259rar\u0131n\u0131 icra etm\u0259m\u0259si, h\u0259bsd\u0259n burax\u0131lm\u0131\u015f \u015f\u0259xsin m\u0259hk\u0259m\u0259 binas\u0131ndan \u00e7\u0131xmas\u0131na imkan verilm\u0259m\u0259si, onun qanunsuz g\u00f6t\u00fcr\u00fcl\u00fcb apar\u0131lmas\u0131 haqda yax\u0131nlar\u0131n\u0131n iddialar\u0131yla \u0259laq\u0259dar Meydan TV Daxili \u0130\u015fl\u0259r Nazirliyinin m\u0259tbuat xidm\u0259tin\u0259 sor\u011fu g\u00f6nd\u0259rib. Lakin bu qurumdan iddialara m\u00fcnasib\u0259t \u00f6yr\u0259nm\u0259k m\u00fcmk\u00fcn olmay\u0131b.<\/p>\n","protected":false},"excerpt":{"rendered":"<p>G\u0259nc\u0259d\u0259 hakim \u015f\u0259xsin m\u0259hk\u0259m\u0259 zal\u0131nda h\u0259bsd\u0259n burax\u0131lmas\u0131 haqda q\u0259rar \u00e7\u0131xarsa &#8230; <\/p>\n<p class=\"read-more-container\"><a title=\"\u201cS\u00fcbut el\u0259dil\u0259r ki, onlar \u00fc\u00e7\u00fcn m\u0259hk\u0259m\u0259 q\u0259rar\u0131 m\u0259nas\u0131z ka\u011f\u0131z par\u00e7as\u0131d\u0131r\u201d\" class=\"read-more button\" href=\"https:\/\/www.meydan.tv\/az\/article\/subut-elediler-ki-onlar-ucun-mehkeme-qerari-menasiz-kagiz-parcasidir\/#more-294568\" aria-label=\"Read more about \u201cS\u00fcbut el\u0259dil\u0259r ki, onlar \u00fc\u00e7\u00fcn m\u0259hk\u0259m\u0259 q\u0259rar\u0131 m\u0259nas\u0131z ka\u011f\u0131z par\u00e7as\u0131d\u0131r\u201d\">Davam\u0131<\/a><\/p>\n","protected":false},"author":8,"featured_media":293215,"comment_status":"closed","ping_status":"closed","sticky":false,"template":"","format":"standard","meta":{"_acf_changed":false,"_sitemap_exclude":false,"_sitemap_priority":"","_sitemap_frequency":"","footnotes":""},"categories":[60,56],"tags":[],"class_list":["post-294568","post","type-post","status-publish","format-standard","has-post-thumbnail","hentry","category-bolge","category-xeberler","infinite-scroll-item","generate-columns","tablet-grid-50","mobile-grid-100","grid-parent","grid-33","no-featured-image-padding"],"acf":[],"yoast_head":"<!-- This site is optimized with the Yoast SEO plugin v27.4 - https:\/\/yoast.com\/product\/yoast-seo-wordpress\/ -->\n<title>\u201cS\u00fcbut el\u0259dil\u0259r ki, onlar \u00fc\u00e7\u00fcn m\u0259hk\u0259m\u0259 q\u0259rar\u0131 m\u0259nas\u0131z ka\u011f\u0131z par\u00e7as\u0131d\u0131r\u201d - MEYDAN.TV<\/title>\n<meta name=\"robots\" content=\"index, follow, max-snippet:-1, max-image-preview:large, max-video-preview:-1\" \/>\n<link rel=\"canonical\" href=\"https:\/\/www.meydan.tv\/az\/article\/subut-elediler-ki-onlar-ucun-mehkeme-qerari-menasiz-kagiz-parcasidir\/\" \/>\n<meta property=\"og:locale\" content=\"az_AZ\" \/>\n<meta property=\"og:type\" content=\"article\" \/>\n<meta property=\"og:title\" content=\"\u201cS\u00fcbut el\u0259dil\u0259r ki, onlar \u00fc\u00e7\u00fcn m\u0259hk\u0259m\u0259 q\u0259rar\u0131 m\u0259nas\u0131z ka\u011f\u0131z par\u00e7as\u0131d\u0131r\u201d - MEYDAN.TV\" \/>\n<meta property=\"og:description\" content=\"G\u0259nc\u0259d\u0259 hakim \u015f\u0259xsin m\u0259hk\u0259m\u0259 zal\u0131nda h\u0259bsd\u0259n burax\u0131lmas\u0131 haqda q\u0259rar \u00e7\u0131xarsa ... Davam\u0131\" \/>\n<meta property=\"og:url\" content=\"https:\/\/www.meydan.tv\/az\/article\/subut-elediler-ki-onlar-ucun-mehkeme-qerari-menasiz-kagiz-parcasidir\/\" \/>\n<meta property=\"og:site_name\" content=\"MEYDAN.TV\" \/>\n<meta property=\"article:published_time\" content=\"2023-12-31T11:00:14+00:00\" \/>\n<meta property=\"article:modified_time\" content=\"2023-12-31T11:00:17+00:00\" \/>\n<meta property=\"og:image\" content=\"https:\/\/www.meydan.tv\/wp-content\/uploads\/whatsapp-image-2023-12-16-at-06.09.11_f3e8b484.jpg\" \/>\n\t<meta property=\"og:image:width\" content=\"1280\" \/>\n\t<meta property=\"og:image:height\" content=\"720\" \/>\n\t<meta property=\"og:image:type\" content=\"image\/jpeg\" \/>\n<meta name=\"author\" content=\"elli\" \/>\n<meta name=\"twitter:card\" content=\"summary_large_image\" \/>\n<meta name=\"twitter:creator\" content=\"@elli\" \/>\n<script type=\"application\/ld+json\" class=\"yoast-schema-graph\">{\"@context\":\"https:\\\/\\\/schema.org\",\"@graph\":[{\"@type\":\"Article\",\"@id\":\"https:\\\/\\\/www.meydan.tv\\\/az\\\/article\\\/subut-elediler-ki-onlar-ucun-mehkeme-qerari-menasiz-kagiz-parcasidir\\\/#article\",\"isPartOf\":{\"@id\":\"https:\\\/\\\/www.meydan.tv\\\/az\\\/article\\\/subut-elediler-ki-onlar-ucun-mehkeme-qerari-menasiz-kagiz-parcasidir\\\/\"},\"author\":{\"name\":\"elli\",\"@id\":\"https:\\\/\\\/www.meydan.tv\\\/az\\\/#\\\/schema\\\/person\\\/9cdbecf90d17180ce1dfbd95b08dcf47\"},\"headline\":\"\u201cS\u00fcbut el\u0259dil\u0259r ki, onlar \u00fc\u00e7\u00fcn m\u0259hk\u0259m\u0259 q\u0259rar\u0131 m\u0259nas\u0131z ka\u011f\u0131z par\u00e7as\u0131d\u0131r\u201d\",\"datePublished\":\"2023-12-31T11:00:14+00:00\",\"dateModified\":\"2023-12-31T11:00:17+00:00\",\"mainEntityOfPage\":{\"@id\":\"https:\\\/\\\/www.meydan.tv\\\/az\\\/article\\\/subut-elediler-ki-onlar-ucun-mehkeme-qerari-menasiz-kagiz-parcasidir\\\/\"},\"wordCount\":886,\"publisher\":{\"@id\":\"https:\\\/\\\/www.meydan.tv\\\/az\\\/#organization\"},\"image\":{\"@id\":\"https:\\\/\\\/www.meydan.tv\\\/az\\\/article\\\/subut-elediler-ki-onlar-ucun-mehkeme-qerari-menasiz-kagiz-parcasidir\\\/#primaryimage\"},\"thumbnailUrl\":\"https:\\\/\\\/www.meydan.tv\\\/wp-content\\\/uploads\\\/whatsapp-image-2023-12-16-at-06.09.11_f3e8b484.jpg\",\"articleSection\":[\"B\u00f6lg\u0259\",\"X\u0259b\u0259rl\u0259r\"],\"inLanguage\":\"az\"},{\"@type\":\"WebPage\",\"@id\":\"https:\\\/\\\/www.meydan.tv\\\/az\\\/article\\\/subut-elediler-ki-onlar-ucun-mehkeme-qerari-menasiz-kagiz-parcasidir\\\/\",\"url\":\"https:\\\/\\\/www.meydan.tv\\\/az\\\/article\\\/subut-elediler-ki-onlar-ucun-mehkeme-qerari-menasiz-kagiz-parcasidir\\\/\",\"name\":\"\u201cS\u00fcbut el\u0259dil\u0259r ki, onlar \u00fc\u00e7\u00fcn m\u0259hk\u0259m\u0259 q\u0259rar\u0131 m\u0259nas\u0131z ka\u011f\u0131z par\u00e7as\u0131d\u0131r\u201d - MEYDAN.TV\",\"isPartOf\":{\"@id\":\"https:\\\/\\\/www.meydan.tv\\\/az\\\/#website\"},\"primaryImageOfPage\":{\"@id\":\"https:\\\/\\\/www.meydan.tv\\\/az\\\/article\\\/subut-elediler-ki-onlar-ucun-mehkeme-qerari-menasiz-kagiz-parcasidir\\\/#primaryimage\"},\"image\":{\"@id\":\"https:\\\/\\\/www.meydan.tv\\\/az\\\/article\\\/subut-elediler-ki-onlar-ucun-mehkeme-qerari-menasiz-kagiz-parcasidir\\\/#primaryimage\"},\"thumbnailUrl\":\"https:\\\/\\\/www.meydan.tv\\\/wp-content\\\/uploads\\\/whatsapp-image-2023-12-16-at-06.09.11_f3e8b484.jpg\",\"datePublished\":\"2023-12-31T11:00:14+00:00\",\"dateModified\":\"2023-12-31T11:00:17+00:00\",\"breadcrumb\":{\"@id\":\"https:\\\/\\\/www.meydan.tv\\\/az\\\/article\\\/subut-elediler-ki-onlar-ucun-mehkeme-qerari-menasiz-kagiz-parcasidir\\\/#breadcrumb\"},\"inLanguage\":\"az\",\"potentialAction\":[{\"@type\":\"ReadAction\",\"target\":[\"https:\\\/\\\/www.meydan.tv\\\/az\\\/article\\\/subut-elediler-ki-onlar-ucun-mehkeme-qerari-menasiz-kagiz-parcasidir\\\/\"]}]},{\"@type\":\"ImageObject\",\"inLanguage\":\"az\",\"@id\":\"https:\\\/\\\/www.meydan.tv\\\/az\\\/article\\\/subut-elediler-ki-onlar-ucun-mehkeme-qerari-menasiz-kagiz-parcasidir\\\/#primaryimage\",\"url\":\"https:\\\/\\\/www.meydan.tv\\\/wp-content\\\/uploads\\\/whatsapp-image-2023-12-16-at-06.09.11_f3e8b484.jpg\",\"contentUrl\":\"https:\\\/\\\/www.meydan.tv\\\/wp-content\\\/uploads\\\/whatsapp-image-2023-12-16-at-06.09.11_f3e8b484.jpg\",\"width\":1280,\"height\":720,\"caption\":\"G\u0259nc\u0259 \u015e\u0259h\u0259r Ba\u015f Polis \u0130dar\u0259si. Foto: D\u0130N\"},{\"@type\":\"BreadcrumbList\",\"@id\":\"https:\\\/\\\/www.meydan.tv\\\/az\\\/article\\\/subut-elediler-ki-onlar-ucun-mehkeme-qerari-menasiz-kagiz-parcasidir\\\/#breadcrumb\",\"itemListElement\":[{\"@type\":\"ListItem\",\"position\":1,\"name\":\"Ana s\u0259hif\u0259\",\"item\":\"https:\\\/\\\/www.meydan.tv\\\/az\\\/\"},{\"@type\":\"ListItem\",\"position\":2,\"name\":\"B\u00f6lg\u0259\",\"item\":\"https:\\\/\\\/www.meydan.tv\\\/az\\\/section\\\/bolge\\\/\"},{\"@type\":\"ListItem\",\"position\":3,\"name\":\"\u201cS\u00fcbut el\u0259dil\u0259r ki, onlar \u00fc\u00e7\u00fcn m\u0259hk\u0259m\u0259 q\u0259rar\u0131 m\u0259nas\u0131z ka\u011f\u0131z par\u00e7as\u0131d\u0131r\u201d\"}]},{\"@type\":\"WebSite\",\"@id\":\"https:\\\/\\\/www.meydan.tv\\\/az\\\/#website\",\"url\":\"https:\\\/\\\/www.meydan.tv\\\/az\\\/\",\"name\":\"MEYDAN.TV\",\"description\":\"Meydan TV Az\u0259rbaycan\u0131n media m\u0259kan\u0131ndak\u0131 alternativ s\u0259sidir\",\"publisher\":{\"@id\":\"https:\\\/\\\/www.meydan.tv\\\/az\\\/#organization\"},\"potentialAction\":[{\"@type\":\"SearchAction\",\"target\":{\"@type\":\"EntryPoint\",\"urlTemplate\":\"https:\\\/\\\/www.meydan.tv\\\/az\\\/?s={search_term_string}\"},\"query-input\":{\"@type\":\"PropertyValueSpecification\",\"valueRequired\":true,\"valueName\":\"search_term_string\"}}],\"inLanguage\":\"az\"},{\"@type\":\"Organization\",\"@id\":\"https:\\\/\\\/www.meydan.tv\\\/az\\\/#organization\",\"name\":\"Meydan TV\",\"url\":\"https:\\\/\\\/www.meydan.tv\\\/az\\\/\",\"logo\":{\"@type\":\"ImageObject\",\"inLanguage\":\"az\",\"@id\":\"https:\\\/\\\/www.meydan.tv\\\/az\\\/#\\\/schema\\\/logo\\\/image\\\/\",\"url\":\"https:\\\/\\\/www.meydan.tv\\\/wp-content\\\/uploads\\\/2021\\\/07\\\/meydan-logo.svg\",\"contentUrl\":\"https:\\\/\\\/www.meydan.tv\\\/wp-content\\\/uploads\\\/2021\\\/07\\\/meydan-logo.svg\",\"width\":195,\"height\":46,\"caption\":\"Meydan TV\"},\"image\":{\"@id\":\"https:\\\/\\\/www.meydan.tv\\\/az\\\/#\\\/schema\\\/logo\\\/image\\\/\"}},{\"@type\":\"Person\",\"@id\":\"https:\\\/\\\/www.meydan.tv\\\/az\\\/#\\\/schema\\\/person\\\/9cdbecf90d17180ce1dfbd95b08dcf47\",\"name\":\"elli\",\"sameAs\":[\"https:\\\/\\\/x.com\\\/elli\"]}]}<\/script>\n<!-- \/ Yoast SEO plugin. -->","yoast_head_json":{"title":"\u201cS\u00fcbut el\u0259dil\u0259r ki, onlar \u00fc\u00e7\u00fcn m\u0259hk\u0259m\u0259 q\u0259rar\u0131 m\u0259nas\u0131z ka\u011f\u0131z par\u00e7as\u0131d\u0131r\u201d - MEYDAN.TV","robots":{"index":"index","follow":"follow","max-snippet":"max-snippet:-1","max-image-preview":"max-image-preview:large","max-video-preview":"max-video-preview:-1"},"canonical":"https:\/\/www.meydan.tv\/az\/article\/subut-elediler-ki-onlar-ucun-mehkeme-qerari-menasiz-kagiz-parcasidir\/","og_locale":"az_AZ","og_type":"article","og_title":"\u201cS\u00fcbut el\u0259dil\u0259r ki, onlar \u00fc\u00e7\u00fcn m\u0259hk\u0259m\u0259 q\u0259rar\u0131 m\u0259nas\u0131z ka\u011f\u0131z par\u00e7as\u0131d\u0131r\u201d - MEYDAN.TV","og_description":"G\u0259nc\u0259d\u0259 hakim \u015f\u0259xsin m\u0259hk\u0259m\u0259 zal\u0131nda h\u0259bsd\u0259n burax\u0131lmas\u0131 haqda q\u0259rar \u00e7\u0131xarsa ... Davam\u0131","og_url":"https:\/\/www.meydan.tv\/az\/article\/subut-elediler-ki-onlar-ucun-mehkeme-qerari-menasiz-kagiz-parcasidir\/","og_site_name":"MEYDAN.TV","article_published_time":"2023-12-31T11:00:14+00:00","article_modified_time":"2023-12-31T11:00:17+00:00","og_image":[{"width":1280,"height":720,"url":"https:\/\/www.meydan.tv\/wp-content\/uploads\/whatsapp-image-2023-12-16-at-06.09.11_f3e8b484.jpg","type":"image\/jpeg"}],"author":"elli","twitter_card":"summary_large_image","twitter_creator":"@elli","schema":{"@context":"https:\/\/schema.org","@graph":[{"@type":"Article","@id":"https:\/\/www.meydan.tv\/az\/article\/subut-elediler-ki-onlar-ucun-mehkeme-qerari-menasiz-kagiz-parcasidir\/#article","isPartOf":{"@id":"https:\/\/www.meydan.tv\/az\/article\/subut-elediler-ki-onlar-ucun-mehkeme-qerari-menasiz-kagiz-parcasidir\/"},"author":{"name":"elli","@id":"https:\/\/www.meydan.tv\/az\/#\/schema\/person\/9cdbecf90d17180ce1dfbd95b08dcf47"},"headline":"\u201cS\u00fcbut el\u0259dil\u0259r ki, onlar \u00fc\u00e7\u00fcn m\u0259hk\u0259m\u0259 q\u0259rar\u0131 m\u0259nas\u0131z ka\u011f\u0131z par\u00e7as\u0131d\u0131r\u201d","datePublished":"2023-12-31T11:00:14+00:00","dateModified":"2023-12-31T11:00:17+00:00","mainEntityOfPage":{"@id":"https:\/\/www.meydan.tv\/az\/article\/subut-elediler-ki-onlar-ucun-mehkeme-qerari-menasiz-kagiz-parcasidir\/"},"wordCount":886,"publisher":{"@id":"https:\/\/www.meydan.tv\/az\/#organization"},"image":{"@id":"https:\/\/www.meydan.tv\/az\/article\/subut-elediler-ki-onlar-ucun-mehkeme-qerari-menasiz-kagiz-parcasidir\/#primaryimage"},"thumbnailUrl":"https:\/\/www.meydan.tv\/wp-content\/uploads\/whatsapp-image-2023-12-16-at-06.09.11_f3e8b484.jpg","articleSection":["B\u00f6lg\u0259","X\u0259b\u0259rl\u0259r"],"inLanguage":"az"},{"@type":"WebPage","@id":"https:\/\/www.meydan.tv\/az\/article\/subut-elediler-ki-onlar-ucun-mehkeme-qerari-menasiz-kagiz-parcasidir\/","url":"https:\/\/www.meydan.tv\/az\/article\/subut-elediler-ki-onlar-ucun-mehkeme-qerari-menasiz-kagiz-parcasidir\/","name":"\u201cS\u00fcbut el\u0259dil\u0259r ki, onlar \u00fc\u00e7\u00fcn m\u0259hk\u0259m\u0259 q\u0259rar\u0131 m\u0259nas\u0131z ka\u011f\u0131z par\u00e7as\u0131d\u0131r\u201d - MEYDAN.TV","isPartOf":{"@id":"https:\/\/www.meydan.tv\/az\/#website"},"primaryImageOfPage":{"@id":"https:\/\/www.meydan.tv\/az\/article\/subut-elediler-ki-onlar-ucun-mehkeme-qerari-menasiz-kagiz-parcasidir\/#primaryimage"},"image":{"@id":"https:\/\/www.meydan.tv\/az\/article\/subut-elediler-ki-onlar-ucun-mehkeme-qerari-menasiz-kagiz-parcasidir\/#primaryimage"},"thumbnailUrl":"https:\/\/www.meydan.tv\/wp-content\/uploads\/whatsapp-image-2023-12-16-at-06.09.11_f3e8b484.jpg","datePublished":"2023-12-31T11:00:14+00:00","dateModified":"2023-12-31T11:00:17+00:00","breadcrumb":{"@id":"https:\/\/www.meydan.tv\/az\/article\/subut-elediler-ki-onlar-ucun-mehkeme-qerari-menasiz-kagiz-parcasidir\/#breadcrumb"},"inLanguage":"az","potentialAction":[{"@type":"ReadAction","target":["https:\/\/www.meydan.tv\/az\/article\/subut-elediler-ki-onlar-ucun-mehkeme-qerari-menasiz-kagiz-parcasidir\/"]}]},{"@type":"ImageObject","inLanguage":"az","@id":"https:\/\/www.meydan.tv\/az\/article\/subut-elediler-ki-onlar-ucun-mehkeme-qerari-menasiz-kagiz-parcasidir\/#primaryimage","url":"https:\/\/www.meydan.tv\/wp-content\/uploads\/whatsapp-image-2023-12-16-at-06.09.11_f3e8b484.jpg","contentUrl":"https:\/\/www.meydan.tv\/wp-content\/uploads\/whatsapp-image-2023-12-16-at-06.09.11_f3e8b484.jpg","width":1280,"height":720,"caption":"G\u0259nc\u0259 \u015e\u0259h\u0259r Ba\u015f Polis \u0130dar\u0259si. Foto: D\u0130N"},{"@type":"BreadcrumbList","@id":"https:\/\/www.meydan.tv\/az\/article\/subut-elediler-ki-onlar-ucun-mehkeme-qerari-menasiz-kagiz-parcasidir\/#breadcrumb","itemListElement":[{"@type":"ListItem","position":1,"name":"Ana s\u0259hif\u0259","item":"https:\/\/www.meydan.tv\/az\/"},{"@type":"ListItem","position":2,"name":"B\u00f6lg\u0259","item":"https:\/\/www.meydan.tv\/az\/section\/bolge\/"},{"@type":"ListItem","position":3,"name":"\u201cS\u00fcbut el\u0259dil\u0259r ki, onlar \u00fc\u00e7\u00fcn m\u0259hk\u0259m\u0259 q\u0259rar\u0131 m\u0259nas\u0131z ka\u011f\u0131z par\u00e7as\u0131d\u0131r\u201d"}]},{"@type":"WebSite","@id":"https:\/\/www.meydan.tv\/az\/#website","url":"https:\/\/www.meydan.tv\/az\/","name":"MEYDAN.TV","description":"Meydan TV Az\u0259rbaycan\u0131n media m\u0259kan\u0131ndak\u0131 alternativ s\u0259sidir","publisher":{"@id":"https:\/\/www.meydan.tv\/az\/#organization"},"potentialAction":[{"@type":"SearchAction","target":{"@type":"EntryPoint","urlTemplate":"https:\/\/www.meydan.tv\/az\/?s={search_term_string}"},"query-input":{"@type":"PropertyValueSpecification","valueRequired":true,"valueName":"search_term_string"}}],"inLanguage":"az"},{"@type":"Organization","@id":"https:\/\/www.meydan.tv\/az\/#organization","name":"Meydan TV","url":"https:\/\/www.meydan.tv\/az\/","logo":{"@type":"ImageObject","inLanguage":"az","@id":"https:\/\/www.meydan.tv\/az\/#\/schema\/logo\/image\/","url":"https:\/\/www.meydan.tv\/wp-content\/uploads\/2021\/07\/meydan-logo.svg","contentUrl":"https:\/\/www.meydan.tv\/wp-content\/uploads\/2021\/07\/meydan-logo.svg","width":195,"height":46,"caption":"Meydan TV"},"image":{"@id":"https:\/\/www.meydan.tv\/az\/#\/schema\/logo\/image\/"}},{"@type":"Person","@id":"https:\/\/www.meydan.tv\/az\/#\/schema\/person\/9cdbecf90d17180ce1dfbd95b08dcf47","name":"elli","sameAs":["https:\/\/x.com\/elli"]}]}},"_links":{"self":[{"href":"https:\/\/www.meydan.tv\/az\/wp-json\/wp\/v2\/posts\/294568","targetHints":{"allow":["GET"]}}],"collection":[{"href":"https:\/\/www.meydan.tv\/az\/wp-json\/wp\/v2\/posts"}],"about":[{"href":"https:\/\/www.meydan.tv\/az\/wp-json\/wp\/v2\/types\/post"}],"author":[{"embeddable":true,"href":"https:\/\/www.meydan.tv\/az\/wp-json\/wp\/v2\/users\/8"}],"replies":[{"embeddable":true,"href":"https:\/\/www.meydan.tv\/az\/wp-json\/wp\/v2\/comments?post=294568"}],"version-history":[{"count":1,"href":"https:\/\/www.meydan.tv\/az\/wp-json\/wp\/v2\/posts\/294568\/revisions"}],"predecessor-version":[{"id":294575,"href":"https:\/\/www.meydan.tv\/az\/wp-json\/wp\/v2\/posts\/294568\/revisions\/294575"}],"wp:featuredmedia":[{"embeddable":true,"href":"https:\/\/www.meydan.tv\/az\/wp-json\/wp\/v2\/media\/293215"}],"wp:attachment":[{"href":"https:\/\/www.meydan.tv\/az\/wp-json\/wp\/v2\/media?parent=294568"}],"wp:term":[{"taxonomy":"category","embeddable":true,"href":"https:\/\/www.meydan.tv\/az\/wp-json\/wp\/v2\/categories?post=294568"},{"taxonomy":"post_tag","embeddable":true,"href":"https:\/\/www.meydan.tv\/az\/wp-json\/wp\/v2\/tags?post=294568"}],"curies":[{"name":"wp","href":"https:\/\/api.w.org\/{rel}","templated":true}]}}