{"id":294545,"date":"2023-12-31T13:27:53","date_gmt":"2023-12-31T09:27:53","guid":{"rendered":"https:\/\/www.meydan.tv\/?p=294545"},"modified":"2023-12-31T13:27:57","modified_gmt":"2023-12-31T09:27:57","slug":"muharibe-veterani-tenqidi-fikirlerime-gore-masinimi-elimden-aliblar","status":"publish","type":"post","link":"https:\/\/www.meydan.tv\/az\/article\/muharibe-veterani-tenqidi-fikirlerime-gore-masinimi-elimden-aliblar\/","title":{"rendered":"M\u00fcharib\u0259 veteran\u0131: &#8220;T\u0259nqidi fikirl\u0259rim\u0259 g\u00f6r\u0259 ma\u015f\u0131n\u0131m\u0131 \u0259limd\u0259n al\u0131blar&#8221;"},"content":{"rendered":"\n<p><\/p>\n\n\n\n<p><strong><em>\u0130smay\u0131lov deyir ki, m\u0259hk\u0259m\u0259 q\u0259rar\u0131 olsa da, polis ma\u015f\u0131n\u0131n\u0131 geri qaytarm\u0131r<\/em><\/strong><\/p>\n\n\n\n<p>Bak\u0131n\u0131n Qarada\u011f rayon sakini, 66 ya\u015fl\u0131 m\u00fcharib\u0259 veteran\u0131 \u0130smay\u0131l Y\u0259hya o\u011flu R\u0259sulov Ba\u015f D\u00f6vl\u0259t Yol Polisi \u0130dar\u0259sind\u0259n \u015fikay\u0259t\u00e7idir.<\/p>\n\n\n\n<p>O, Meydan TV-y\u0259 deyir ki, 2023-c\u00fc ilin yanvar\u0131n 1-d\u0259 Qubadan Bak\u0131ya qay\u0131dark\u0259n D\u00f6vl\u0259t Yol Polis \u0130dar\u0259sinin \u0259m\u0259kda\u015flar\u0131 t\u0259r\u0259find\u0259n saxlan\u0131l\u0131b.<\/p>\n\n\n\n<p>Dediyin\u0259 g\u00f6r\u0259, ona &#8220;yuxar\u0131dan \u0259mr g\u0259lib&#8221; dey\u0259r\u0259k &#8220;Opel Vectra B&#8221; avtomobilini \u0259lind\u0259n al\u0131blar.<br>S\u0259b\u0259b kimi v\u0259t\u0259nda\u015f\u0131n 2013-c\u00fc ild\u0259n etibar\u0259n 4 min\u0259 q\u0259d\u0259r yol h\u0259r\u0259k\u0259ti qayda pozuntusuna dair c\u0259rim\u0259sinin oldu\u011fu g\u00f6st\u0259rilib:<\/p>\n\n\n\n<p><em>&#8220;Dedil\u0259r ki, c\u0259rim\u0259l\u0259r\u0259 dair m\u0259hk\u0259m\u0259 q\u0259rar\u0131 var, amma n\u0259 c\u0259rim\u0259 s\u0259n\u0259dl\u0259rini t\u0259qdim edirl\u0259r, n\u0259 d\u0259 m\u0259hk\u0259m\u0259 q\u0259tnam\u0259sini. El\u0259 o vaxtdan indiy\u0259 q\u0259d\u0259r avtomobili qanunsuz olaraq Zarat duraca\u011f\u0131nda saxlay\u0131rlar. D\u00f6rd d\u0259f\u0259 m\u0259hk\u0259m\u0259y\u0259 v\u0259 Ba\u015f D\u00f6vl\u0259t Yol Polisi \u0130dar\u0259sin\u0259 m\u00fcraci\u0259t ets\u0259m d\u0259, n\u0259tic\u0259si olmad\u0131&#8221;.<\/em><\/p>\n\n\n<div class=\"wp-block-image\">\n<figure class=\"aligncenter size-large\"><img decoding=\"async\" width=\"1200\" height=\"675\" data-src=\"https:\/\/www.meydan.tv\/wp-content\/uploads\/masin-1-1200x675.jpg\" alt=\"\" class=\"wp-image-294555 lazyload\" src=\"data:image\/svg+xml;base64,PHN2ZyB3aWR0aD0iMSIgaGVpZ2h0PSIxIiB4bWxucz0iaHR0cDovL3d3dy53My5vcmcvMjAwMC9zdmciPjwvc3ZnPg==\" style=\"--smush-placeholder-width: 1200px; --smush-placeholder-aspect-ratio: 1200\/675;\" \/><figcaption class=\"wp-element-caption\">Foto: Meydan TV<\/figcaption><\/figure>\n<\/div>\n\n\n<p>M\u00fcharib\u0259 veteran\u0131 deyir ki, Ba\u015f D\u00f6vl\u0259t Yol Polisi \u0130dar\u0259sini 15 aprel 2023 il tarixind\u0259 onun \u015fikay\u0259t \u0259riz\u0259sin\u0259 cavab verib.<\/p>\n\n\n\n<p>H\u0259min cavabda bildirilir ki, qanunvericiliyin t\u0259l\u0259bin\u0259 \u0259sas\u0259n, c\u0259rim\u0259 il\u0259 ba\u011fl\u0131 q\u0259rarlar\u0131n icras\u0131na xitam verilib. Y\u0259ni v\u0259t\u0259nda\u015f\u0131n he\u00e7 bir c\u0259rim\u0259sinin olmad\u0131\u011f\u0131n\u0131 qurum \u00f6z\u00fc d\u0259 t\u0259sdiql\u0259yir.<\/p>\n\n\n<div class=\"wp-block-image\">\n<figure class=\"alignright size-large is-resized\"><img decoding=\"async\" width=\"616\" height=\"821\" data-src=\"https:\/\/www.meydan.tv\/wp-content\/uploads\/img-20231225-wa0090-1-616x821.jpg\" alt=\"\" class=\"wp-image-294561 lazyload\" style=\"--smush-placeholder-width: 616px; --smush-placeholder-aspect-ratio: 616\/821;width:368px;height:auto\" src=\"data:image\/svg+xml;base64,PHN2ZyB3aWR0aD0iMSIgaGVpZ2h0PSIxIiB4bWxucz0iaHR0cDovL3d3dy53My5vcmcvMjAwMC9zdmciPjwvc3ZnPg==\" \/><\/figure>\n<\/div>\n\n\n<p>Avtomobilinin qaytar\u0131lmamas\u0131n\u0131n \u0259sil s\u0259b\u0259bi \u0130smay\u0131l R\u0259sulova da ayd\u0131n deyil. Amma t\u0259xmin edir ki, s\u0259b\u0259b m\u00fcxalif fikirli, t\u0259nqidi yaz\u0131lar\u0131d\u0131r.<\/p>\n\n\n\n<p>Deyir ki, \u0130nzibati X\u0259talar M\u0259c\u0259ll\u0259sin\u0259 g\u00f6r\u0259, c\u0259rim\u0259l\u0259r\u0259 be\u015f ild\u0259n sonra xitam verildiyind\u0259n silinmi\u015f c\u0259rim\u0259nin t\u0259l\u0259bi d\u0259 qeyri-qanunidir.<\/p>\n\n\n\n<p><strong>&#8220;M\u0259nim c\u0259rim\u0259m yoxdur&#8221;<\/strong><\/p>\n\n\n\n<p>&#8220;<em>2013-c\u00fc ild\u0259n m\u0259hk\u0259m\u0259 t\u0259r\u0259find\u0259n l\u0259\u011fv edilmi\u015f b\u00fct\u00fcn \u00f6d\u0259diyim c\u0259rim\u0259l\u0259ri d\u0259 silm\u0259yibl\u0259r, sistemd\u0259 saxlay\u0131blar. Faktiki m\u0259nim c\u0259rim\u0259 borcum yoxdur. 2023-c\u00fc ilin yanvar\u0131n 1-d\u0259n ma\u015f\u0131n\u0131m\u0131 saxlay\u0131blar. Mart ay\u0131nda m\u0259n\u0259 c\u0259rim\u0259 yaz\u0131l\u0131b. Bu, nec\u0259 olur? Deyirl\u0259r ki, d\u00f6vl\u0259tin c\u0259rim\u0259l\u0259ri y\u0131\u011fmas\u0131na, x\u0259rcl\u0259nm\u0259sin\u0259 ehtiyac\u0131 yoxdur. B\u0259s onda niy\u0259 bu yola \u0259l at\u0131rlar? Bu suallara kims\u0259 cavab verm\u0259lidir&#8221;, &#8211;<\/em> o bel\u0259 deyir.<\/p>\n\n\n<div class=\"wp-block-image\">\n<figure class=\"alignleft size-large is-resized\"><img decoding=\"async\" width=\"616\" height=\"821\" data-src=\"https:\/\/www.meydan.tv\/wp-content\/uploads\/img-20231225-wa0068-616x821.jpg\" alt=\"\" class=\"wp-image-294558 lazyload\" style=\"--smush-placeholder-width: 616px; --smush-placeholder-aspect-ratio: 616\/821;width:413px;height:auto\" src=\"data:image\/svg+xml;base64,PHN2ZyB3aWR0aD0iMSIgaGVpZ2h0PSIxIiB4bWxucz0iaHR0cDovL3d3dy53My5vcmcvMjAwMC9zdmciPjwvc3ZnPg==\" \/><\/figure>\n<\/div>\n\n\n<p>V\u0259t\u0259nda\u015f qanuna istinad ets\u0259 d\u0259, onun t\u0259l\u0259bl\u0259ri yerin\u0259 yetirilmir:<\/p>\n\n\n\n<p><em>&#8220;Qanuna g\u00f6r\u0259, c\u0259rim\u0259 \u00fc\u00e7 aydan art\u0131q t\u0259l\u0259b edil\u0259 bilm\u0259z. \u018fg\u0259r be\u015f il \u00fcst\u00fcnd\u0259n ke\u00e7ibs\u0259, avtomatik silinir. Art\u0131q 2024-c\u00fc il\u0259 ke\u00e7irik. 2013-c\u00fc ild\u0259n \u0259leyhim\u0259 istifad etm\u0259k \u00fc\u00e7\u00fcn b\u00fct\u00fcn c\u0259rim\u0259l\u0259ri saxlay\u0131blar. Guya m\u00fcxt\u0259lif yol qaydalar\u0131n\u0131, k\u0259m\u0259rd\u0259n tutmu\u015f ma\u015f\u0131n s\u0131\u011fortas\u0131na q\u0259d\u0259r qaydalar\u0131 pozmu\u015fam. Halbuki he\u00e7 m\u0259n\u0259 \u00f6nc\u0259d\u0259n x\u0259b\u0259rdarl\u0131q m\u0259ktubu, bildiri\u015fi g\u0259lm\u0259yib. \u00d6t\u0259n il alt\u0131 ay s\u00fcr\u00fcc\u00fcl\u00fck h\u00fcququm m\u0259hdudla\u015fd\u0131r\u0131l\u0131b. H\u0259tta m\u0259n \u00f6d\u0259diyim c\u0259rim\u0259l\u0259ri bel\u0259 sistemd\u0259 saxlay\u0131blar, amma qanunla silinib&#8221;.<\/em><\/p>\n\n\n\n<p><strong>&#8220;Saxta c\u0259rim\u0259l\u0259ri ad\u0131ma kim yaz\u0131r?&#8221;<\/strong><\/p>\n\n\n\n<p><em>&#8220;M\u0259n d\u0259f\u0259l\u0259rl\u0259 soru\u015fmu\u015fam ki, saxta c\u0259rim\u0259l\u0259ri ad\u0131ma kim yaz\u0131r? Yax\u015f\u0131, bel\u0259 c\u0259rim\u0259 deyirl\u0259rs\u0259, onda m\u0259hk\u0259m\u0259y\u0259 versinl\u0259r, borcum n\u0259dirs\u0259 bilinsin. M\u0259hk\u0259m\u0259 q\u0259tnam\u0259 q\u0259bul etsin v\u0259 borcu m\u0259nd\u0259n tutsunlar. Aidiyy\u0259ti qurumlara m\u00fcraci\u0259t etmi\u015f\u0259m v\u0259 q\u0259tnam\u0259l\u0259r d\u0259 var ki, c\u0259rim\u0259 silinib. Sad\u0259c\u0259 t\u0259nqidl\u0259rim\u0259 g\u00f6r\u0259 yuxar\u0131dan g\u0259l\u0259n tap\u015f\u0131r\u0131q \u0259sas\u0131nda avtomobilim saxlan\u0131l\u0131b, geri verilmir. C\u0259rim\u0259 problemi deyil, sifari\u015fdir. Qaranl\u0131q budur ki, o g\u00f6st\u0259ri\u015f ver\u0259n kimdir? \u018fvv\u0259l dedi ki, pul g\u0259tir, ma\u015f\u0131n\u0131 buraxaq. Sonra getdim, dedil\u0259r ki, 1000 manat da vers\u0259n, xeyri yoxdur, yuxar\u0131dan siqnal g\u0259lib, saxlan\u0131lmal\u0131san. M\u0259ni m\u00fcxalif partiya \u00fczv\u00fc kimi q\u0259l\u0259m\u0259 verirl\u0259r. H\u0259tta t\u0259nqidi fikirl\u0259rim\u0259 g\u00f6r\u0259 sutkal\u0131q v\u0259 il yar\u0131m inzibati qaydada h\u0259bs olunmu\u015fam. Avtomobilin saxlan\u0131ld\u0131\u011f\u0131 g\u00fcn mobil operatorlar\u0131n yeyintisi v\u0259 \u00f6zba\u015f\u0131nal\u0131\u011f\u0131ndan yazm\u0131\u015fd\u0131m&#8221;, <\/em>&#8211; dey\u0259 o bildirir.<\/p>\n\n\n<div class=\"wp-block-image\">\n<figure class=\"alignright size-large is-resized\"><img decoding=\"async\" width=\"616\" height=\"821\" data-src=\"https:\/\/www.meydan.tv\/wp-content\/uploads\/img-20231225-wa00672-616x821.jpg\" alt=\"\" class=\"wp-image-294552 lazyload\" style=\"--smush-placeholder-width: 616px; --smush-placeholder-aspect-ratio: 616\/821;width:374px;height:auto\" src=\"data:image\/svg+xml;base64,PHN2ZyB3aWR0aD0iMSIgaGVpZ2h0PSIxIiB4bWxucz0iaHR0cDovL3d3dy53My5vcmcvMjAwMC9zdmciPjwvc3ZnPg==\" \/><\/figure>\n<\/div>\n\n\n<p>&#8220;<strong>M\u0259n\u0259 q\u0259tnam\u0259 g\u00f6nd\u0259rin, geri qaytarmay\u0131n&#8221;<\/strong><\/p>\n\n\n\n<p>M\u00fcharib\u0259 veteran\u0131n\u0131n dig\u0259r problemi m\u0259hk\u0259m\u0259 q\u0259rarlar\u0131n\u0131n icra olunmamas\u0131 il\u0259 ba\u011fl\u0131d\u0131r.<\/p>\n\n\n\n<p>Deyir ki, Bak\u0131 Apelyasi M\u0259hk\u0259m\u0259si 2 fevral 2023-c\u00fc ild\u0259 onun 6 ay s\u00fcr\u00fcc\u00fcl\u00fck h\u00fcququndan m\u0259hrum edilm\u0259si il\u0259 ba\u011fl\u0131 31 oktyabr 2022-ci il tarixli m\u0259hk\u0259m\u0259 q\u0259rar\u0131na xitam verib.<\/p>\n\n\n\n<p>Q\u0259rarda is\u0259 \u0259vv\u0259lki ill\u0259rin c\u0259rim\u0259l\u0259rind\u0259n b\u0259hs olunmur. Bu da c\u0259rim\u0259l\u0259rin l\u0259\u011fv olunmas\u0131na daha bir tutarl\u0131 s\u00fcbutdur:<\/p>\n\n\n\n<p><em>&#8220;Polis m\u0259ni m\u0259hk\u0259m\u0259y\u0259 verib. M\u0259hk\u0259m\u0259 q\u0259tnam\u0259sind\u0259 h\u0259min c\u0259rim\u0259 q\u0259rarlar\u0131n\u0131n silindiyini qeyd edilib. Q\u0259rar varsa, m\u0259n niy\u0259 silin\u0259n c\u0259rim\u0259l\u0259ri \u00f6d\u0259m\u0259liy\u0259m? M\u0259n avtomobiliml\u0259 ba\u011fl\u0131 yol polisini d\u0259f\u0259l\u0259rl\u0259 m\u0259hk\u0259m\u0259y\u0259 vermi\u015f\u0259m. \u00dc\u00e7 d\u0259f\u0259 geri qaytar\u0131blar, d\u00f6rd\u00fcnc\u00fc d\u0259f\u0259 Apelyasiya M\u0259hk\u0259m\u0259sin\u0259 m\u00fcraci\u0259t etmi\u015f\u0259m. \u00dc\u00e7 m\u0259hk\u0259m\u0259d\u0259 he\u00e7 bir q\u0259rar yoxdur, m\u0259hk\u0259m\u0259, sad\u0259c\u0259, c\u0259rim\u0259ni m\u00fcmk\u00fcn saym\u0131r. Qar\u015f\u0131 t\u0259r\u0259f d\u0259 q\u0259rar\u0131 n\u0259z\u0259r\u0259 alm\u0131r: &#8220;M\u0259hk\u0259m\u0259 kimdir ki, c\u0259rim\u0259 silir&#8221;, &#8211;<\/em> deyir. \u0130nzibati m\u0259hk\u0259m\u0259y\u0259 vermi\u015f\u0259m, o da Qarada\u011f Rayon M\u0259hk\u0259m\u0259sin\u0259 qaytar\u0131b ki, o baxs\u0131n&#8221;.<\/p>\n\n\n\n<p><strong>&#8220;Dedim ki, onda g\u00f6nd\u0259r\u0259k Pa\u015finyan baxs\u0131n&#8221;<\/strong><\/p>\n\n\n\n<p>Qarada\u011f Rayon M\u0259hk\u0259m\u0259si d\u0259 \u00fc\u00e7 d\u0259f\u0259 geri qaytar\u0131b ki, bax\u0131las\u0131 i\u015f deyil. Dedim ki, onda g\u00f6nd\u0259r\u0259k Pa\u015finyan baxs\u0131n. M\u0259n\u0259 q\u0259tnam\u0259 g\u00f6nd\u0259rin, geri qaytarmay\u0131n deyir\u0259m. Polis \u00f6z\u00fc m\u0259n\u0259 cavab g\u00f6nd\u0259rib ki, c\u0259rim\u0259l\u0259r\u0259 xitam verib. Getdim h\u0259min q\u0259rar\u0131 g\u00f6st\u0259rdim, dedil\u0259r s\u0259h\u0259ri g\u0259lib avtomobili g\u00f6t\u00fcr\u0259rs\u0259n. Getdim, dedil\u0259r ki, tap\u015f\u0131r\u0131q var, buraxa bilm\u0259rik&#8221;, &#8211; dey\u0259 v\u0259t\u0259nda\u015f qeyd edib.<\/p>\n\n\n\n<p>Ba\u015f D\u00f6vl\u0259t Yol Polisi \u0130dar\u0259sind\u0259n v\u0259t\u0259nda\u015f\u0131n \u015fikay\u0259ti il\u0259 ba\u011fl\u0131 sor\u011fuya v\u0259 edil\u0259n \u00e7oxsayl\u0131 z\u0259ngl\u0259r\u0259 cavab verilm\u0259yib.<\/p>\n\n\n\n<p><strong>Qanun n\u0259 deyir?<\/strong><\/p>\n\n\n\n<p>Ancaq polisin v\u0259t\u0259nda\u015fa g\u00f6nd\u0259rdiyi 22 mart 2023-c\u00fc il tarixli q\u0259rarda \u0130nzibati X\u0259talar M\u0259c\u0259ll\u0259sinin 96.1. 6-c\u0131 madd\u0259sin\u0259 istinad edilib.<\/p>\n\n\n\n<p>Y\u0259ni yol h\u0259r\u0259k\u0259ti qaydalar\u0131n\u0131n pozulmas\u0131, h\u0259m\u00e7inin inzibati x\u0259talar\u0131n t\u00f6r\u0259dilm\u0259sin\u0259 g\u00f6r\u0259 c\u0259rim\u0259 &#8211; inzibati t\u0259nbeh haqq\u0131nda q\u0259rar q\u00fcvv\u0259y\u0259 mindiyi g\u00fcnd\u0259n 2 ay m\u00fcdd\u0259tind\u0259 icra edilmirs\u0259, n\u0259qliyyat vasit\u0259l\u0259ri saxlan\u0131l\u0131r v\u0259 BDYB\u0130-n\u0131n m\u00fchafiz\u0259 duraca\u011f\u0131na yerl\u0259\u015fdirilir.<\/p>\n\n\n<div class=\"wp-block-image\">\n<figure class=\"aligncenter size-large\"><img decoding=\"async\" width=\"1200\" height=\"734\" data-src=\"https:\/\/www.meydan.tv\/wp-content\/uploads\/9e2dba18-3a81-4703-962e-362d720a5757-1200x734.png\" alt=\"DYP\" class=\"wp-image-129547 lazyload\" src=\"data:image\/svg+xml;base64,PHN2ZyB3aWR0aD0iMSIgaGVpZ2h0PSIxIiB4bWxucz0iaHR0cDovL3d3dy53My5vcmcvMjAwMC9zdmciPjwvc3ZnPg==\" style=\"--smush-placeholder-width: 1200px; --smush-placeholder-aspect-ratio: 1200\/734;\" \/><figcaption class=\"wp-element-caption\">Foto: arxiv<\/figcaption><\/figure>\n<\/div>\n\n\n<p>Ad\u0131n\u0131n \u00e7\u0259kilm\u0259sini ist\u0259m\u0259y\u0259n yol n\u0259qliyyat eksperti bildirir ki, c\u0259rim\u0259 yaz\u0131ld\u0131\u011f\u0131 g\u00fcnd\u0259n on g\u00fcn m\u00fcdd\u0259tin\u0259 \u00f6d\u0259nildiyini halda on faiz g\u00fcz\u0259\u015ft edilir, \u0259ks halda bir ay m\u00fcdd\u0259tind\u0259n sonra is\u0259 c\u0259rim\u0259nin \u00fcst\u00fcn\u0259 \u00f6d\u0259nilm\u0259y\u0259n h\u0259r g\u00fcn\u0259 bir faizd\u0259n d\u0259bb\u0259 pulu g\u0259lir. \u0130ki aydan sonra is\u0259 n\u0259qliyyata h\u0259bs verilir. Y\u0259ni saxlan\u0131laca\u011f\u0131na dair \u00f6nc\u0259 n\u0259qliyyat sahibin\u0259 x\u0259b\u0259rdarl\u0131q bildiri\u015fi g\u00f6nd\u0259rilir. \u018fks halda bu qeyri-qanunidir.<\/p>\n\n\n\n<p>&#8220;<em>N\u0259qliyyat inzibati c\u0259rim\u0259l\u0259rin \u00f6d\u0259nilm\u0259m\u0259si, avtomobild\u0259 \u015f\u00fcbh\u0259li \u015f\u0259xs v\u0259 \u015f\u0259xsl\u0259rin olmas\u0131, avtomobilin h\u0259r hans\u0131 bir cinay\u0259t i\u015find\u0259 i\u015ftirak etm\u0259si (iz v\u0259 s\u00fcbutlar \u00fc\u00e7\u00fcn) s\u0259b\u0259bind\u0259n saxlan\u0131la bil\u0259r.<\/em><\/p>\n\n\n<div class=\"wp-block-image\">\n<figure class=\"alignleft size-large is-resized\"><img decoding=\"async\" width=\"616\" height=\"821\" data-src=\"https:\/\/www.meydan.tv\/wp-content\/uploads\/img-20231225-wa0068-616x821.jpg\" alt=\"\" class=\"wp-image-294558 lazyload\" style=\"--smush-placeholder-width: 616px; --smush-placeholder-aspect-ratio: 616\/821;width:389px;height:auto\" src=\"data:image\/svg+xml;base64,PHN2ZyB3aWR0aD0iMSIgaGVpZ2h0PSIxIiB4bWxucz0iaHR0cDovL3d3dy53My5vcmcvMjAwMC9zdmciPjwvc3ZnPg==\" \/><\/figure>\n<\/div>\n\n\n<p><em>C\u0259rim\u0259l\u0259r\u0259 be\u015f ild\u0259n sonra m\u0259hk\u0259m\u0259 il\u0259 \u00f6d\u0259nilm\u0259sin\u0259 xitam veril\u0259 bil\u0259r. Ancaq \u00f6d\u0259nilm\u0259y\u0259n c\u0259rim\u0259l\u0259r on il ke\u00e7s\u0259 d\u0259, \u015f\u0259xsiyy\u0259t v\u0259siq\u0259si, xarici pasport yenil\u0259ns\u0259 bel\u0259 \u00fcz\u0259 \u00e7\u0131x\u0131r. C\u0259rim\u0259 \u00f6d\u0259nildiyini t\u0259qdird\u0259 n\u0259qliyyat geri g\u00f6t\u00fcr\u00fcl\u0259 bil\u0259r.<br>On ilin c\u0259rim\u0259si indiy\u0259 qala bilm\u0259z, prosesd\u0259n yay\u0131nmaq m\u00fcmk\u00fcn deyil, h\u0259r \u015fey sistemd\u0259 g\u00f6st\u0259rilir, yax\u0131n ill\u0259rin c\u0259rim\u0259si bel\u0259 uzana bilmir. C\u0259rim\u0259ni \u00f6d\u0259nilm\u0259y\u0259nd\u0259 bel\u0259 sms g\u0259lir ki, m\u00f6vcud c\u0259rim\u0259 \u00f6d\u0259nilm\u0259s\u0259, art\u0131q bu m\u00fcdd\u0259td\u0259n saxlan\u0131lacaq. \u018fn son c\u0259rim\u0259nin \u00f6d\u0259nilm\u0259si il\u0259 ba\u011fl\u0131 h\u0259tta Apelyasi M\u0259hk\u0259m\u0259sinin q\u0259rar\u0131 varsa, dem\u0259k c\u0259rim\u0259 yoxdur. Yerli m\u0259hk\u0259m\u0259 v\u0259 apelyasi m\u0259hk\u0259m\u0259si bu bar\u0259d\u0259 q\u0259tnam\u0259 q\u0259bul edir&#8221;.<\/em><\/p>\n\n\n\n<p><strong>&#8220;Bu m\u0259hk\u0259m\u0259 q\u0259rar\u0131 il\u0259 s\u00fcbut edilm\u0259lidir&#8221;<\/strong><\/p>\n\n\n\n<p>Saxta c\u0259rim\u0259 ittiham\u0131na g\u0259linc\u0259, ekspert bunu h\u0259m m\u00fcmk\u00fcn, h\u0259m d\u0259 qeyri-m\u00fcmk\u00fcn say\u0131r. \u00c7\u0131x\u0131\u015f yolunu is\u0259 m\u0259hk\u0259m\u0259d\u0259 g\u00f6r\u00fcr.<\/p>\n\n\n\n<p>&#8220;<em>N\u0259qliyyat h\u0259bsd\u0259 olark\u0259n v\u0259t\u0259nda\u015fa g\u0259l\u0259n c\u0259rim\u0259 onun h\u0259min n\u0259qliyyat deyil, bir dig\u0259r n\u0259qliyyat\u0131 idar\u0259 ed\u0259r\u0259k yol h\u0259r\u0259k\u0259ti qaydas\u0131n\u0131 pozmas\u0131 il\u0259 ba\u011fl\u0131 ola bil\u0259r. Ad, soyad eynidir sistemd\u0259 dey\u0259, dig\u0259r n\u0259qliyyat\u0131 idar\u0259 ets\u0259 d\u0259, c\u0259rim\u0259 sistem\u0259 oturur. Bu m\u0259hk\u0259m\u0259 q\u0259rar\u0131 il\u0259 s\u00fcbut edilm\u0259lidir. \u018fg\u0259r ondan ba\u015fqa n\u0259qliyyat\u0131 yoxdursa, c\u0259rim\u0259 g\u0259libs\u0259, bu, m\u00fcmk\u00fcn deyil. Burada art\u0131q ba\u015fqa problem var. M\u0259hk\u0259m\u0259 il\u0259 ara\u015fd\u0131r\u0131lmal\u0131d\u0131r&#8221; &#8211;<\/em> dey\u0259 ekspert \u0259lav\u0259 edir.<\/p>\n\n\n\n<p>&#8220;<strong>Avropa M\u0259hk\u0259m\u0259sin\u0259 q\u0259d\u0259r ged\u0259c\u0259y\u0259m&#8221;<\/strong><\/p>\n\n\n\n<p>M\u00fcharib\u0259 veteran\u0131, II qrup \u0259lil \u0130smay\u0131l R\u0259sulov is\u0259 son \u00fcmid yeri kimi Avropa M\u0259hk\u0259m\u0259sini g\u00f6r\u00fcr.<\/p>\n\n\n\n<p>Deyir ki, ona qar\u015f\u0131 olan haqs\u0131zl\u0131\u011fa g\u00f6r\u0259 sonad\u0259k m\u00fcbariz\u0259 aparacaq:<\/p>\n\n\n<div class=\"wp-block-image\">\n<figure class=\"alignright size-full is-resized\"><img decoding=\"async\" width=\"1200\" height=\"798\" data-src=\"https:\/\/www.meydan.tv\/wp-content\/uploads\/shutterstock_261407981.jpg\" alt=\"\" class=\"wp-image-227177 lazyload\" style=\"--smush-placeholder-width: 1200px; --smush-placeholder-aspect-ratio: 1200\/798;width:395px;height:auto\" src=\"data:image\/svg+xml;base64,PHN2ZyB3aWR0aD0iMSIgaGVpZ2h0PSIxIiB4bWxucz0iaHR0cDovL3d3dy53My5vcmcvMjAwMC9zdmciPjwvc3ZnPg==\" \/><figcaption class=\"wp-element-caption\">Avropa M\u0259hk\u0259m\u0259si, Foto: By symbiot\/Shutterstock<\/figcaption><\/figure>\n<\/div>\n\n\n<p><em>&#8220;He\u00e7 bir partiya \u00fczv\u00fc deyil\u0259m, olmam\u0131\u015fam da. B\u0259li, haqq-\u0259dal\u0259t t\u0259l\u0259b ed\u0259n yaz\u0131 v\u0259 fikirl\u0259rim var. M\u0259n 66 illik \u00f6mr\u00fcmd\u0259 qayda-qanunlara \u0259m\u0259l etmi\u015f\u0259m. \u0130ki ay \u00f6nc\u0259d\u0259n d\u0259 x\u0259b\u0259rdarl\u0131q almam\u0131\u015fam ki, ay v\u0259t\u0259nda\u015f, g\u0259l borcunu \u00f6d\u0259. Ancaq &#8220;yuxar\u0131dan sifari\u015f g\u0259lib&#8221;l\u0259 n\u0259qliyyat\u0131 \u0259limd\u0259n al\u0131blar. B\u00fct\u00fcn bu ba\u015f ver\u0259nl\u0259r \u00f6zba\u015f\u0131nal\u0131qd\u0131r, d\u0259r\u0259b\u0259ylikdir&#8221;.<\/em><\/p>\n\n\n\n<p><em>&#8220;Apelyasiya M\u0259hk\u0259m\u0259sin\u0259 \u015fikay\u0259t vermi\u015f\u0259m, bax\u0131ls\u0131n, al\u0131nmasa Avropa M\u0259hk\u0259m\u0259sin\u0259 q\u0259d\u0259r m\u00fcraci\u0259t ed\u0259c\u0259y\u0259m. \u00dcmid edir\u0259m ki, bir g\u00fcn haqq-\u0259dal\u0259t \u00f6z yerini tutar&#8221;,<\/em> &#8211; dey\u0259 v\u0259t\u0259nda\u015f bildirib.<\/p>\n","protected":false},"excerpt":{"rendered":"<p>\u0130smay\u0131lov deyir ki, m\u0259hk\u0259m\u0259 q\u0259rar\u0131 olsa da, polis ma\u015f\u0131n\u0131n\u0131 geri &#8230; <\/p>\n<p class=\"read-more-container\"><a title=\"M\u00fcharib\u0259 veteran\u0131: &#8220;T\u0259nqidi fikirl\u0259rim\u0259 g\u00f6r\u0259 ma\u015f\u0131n\u0131m\u0131 \u0259limd\u0259n al\u0131blar&#8221;\" class=\"read-more button\" href=\"https:\/\/www.meydan.tv\/az\/article\/muharibe-veterani-tenqidi-fikirlerime-gore-masinimi-elimden-aliblar\/#more-294545\" aria-label=\"Read more about M\u00fcharib\u0259 veteran\u0131: &#8220;T\u0259nqidi fikirl\u0259rim\u0259 g\u00f6r\u0259 ma\u015f\u0131n\u0131m\u0131 \u0259limd\u0259n al\u0131blar&#8221;\">Davam\u0131<\/a><\/p>\n","protected":false},"author":8,"featured_media":294546,"comment_status":"closed","ping_status":"closed","sticky":false,"template":"","format":"standard","meta":{"_acf_changed":false,"_sitemap_exclude":false,"_sitemap_priority":"","_sitemap_frequency":"","footnotes":""},"categories":[62,79,56],"tags":[],"class_list":["post-294545","post","type-post","status-publish","format-standard","has-post-thumbnail","hentry","category-sosial","category-featured","category-xeberler","infinite-scroll-item","generate-columns","tablet-grid-50","mobile-grid-100","grid-parent","grid-33","no-featured-image-padding"],"acf":[],"yoast_head":"<!-- This site is optimized with the Yoast SEO plugin v27.5 - https:\/\/yoast.com\/product\/yoast-seo-wordpress\/ -->\n<title>M\u00fcharib\u0259 veteran\u0131: &quot;T\u0259nqidi fikirl\u0259rim\u0259 g\u00f6r\u0259 ma\u015f\u0131n\u0131m\u0131 \u0259limd\u0259n al\u0131blar&quot; - MEYDAN.TV<\/title>\n<meta name=\"robots\" content=\"index, follow, max-snippet:-1, max-image-preview:large, max-video-preview:-1\" \/>\n<link rel=\"canonical\" href=\"https:\/\/www.meydan.tv\/az\/article\/muharibe-veterani-tenqidi-fikirlerime-gore-masinimi-elimden-aliblar\/\" \/>\n<meta property=\"og:locale\" content=\"az_AZ\" \/>\n<meta property=\"og:type\" content=\"article\" \/>\n<meta property=\"og:title\" content=\"M\u00fcharib\u0259 veteran\u0131: &quot;T\u0259nqidi fikirl\u0259rim\u0259 g\u00f6r\u0259 ma\u015f\u0131n\u0131m\u0131 \u0259limd\u0259n al\u0131blar&quot; - MEYDAN.TV\" \/>\n<meta property=\"og:description\" content=\"\u0130smay\u0131lov deyir ki, m\u0259hk\u0259m\u0259 q\u0259rar\u0131 olsa da, polis ma\u015f\u0131n\u0131n\u0131 geri ... Davam\u0131\" \/>\n<meta property=\"og:url\" content=\"https:\/\/www.meydan.tv\/az\/article\/muharibe-veterani-tenqidi-fikirlerime-gore-masinimi-elimden-aliblar\/\" \/>\n<meta property=\"og:site_name\" content=\"MEYDAN.TV\" \/>\n<meta property=\"article:published_time\" content=\"2023-12-31T09:27:53+00:00\" \/>\n<meta property=\"article:modified_time\" content=\"2023-12-31T09:27:57+00:00\" \/>\n<meta property=\"og:image\" content=\"https:\/\/www.meydan.tv\/wp-content\/uploads\/dup.jpg\" \/>\n\t<meta property=\"og:image:width\" content=\"1500\" \/>\n\t<meta property=\"og:image:height\" content=\"844\" \/>\n\t<meta property=\"og:image:type\" content=\"image\/jpeg\" \/>\n<meta name=\"author\" content=\"elli\" \/>\n<meta name=\"twitter:card\" content=\"summary_large_image\" \/>\n<meta name=\"twitter:creator\" content=\"@elli\" \/>\n<script type=\"application\/ld+json\" class=\"yoast-schema-graph\">{\"@context\":\"https:\\\/\\\/schema.org\",\"@graph\":[{\"@type\":\"Article\",\"@id\":\"https:\\\/\\\/www.meydan.tv\\\/az\\\/article\\\/muharibe-veterani-tenqidi-fikirlerime-gore-masinimi-elimden-aliblar\\\/#article\",\"isPartOf\":{\"@id\":\"https:\\\/\\\/www.meydan.tv\\\/az\\\/article\\\/muharibe-veterani-tenqidi-fikirlerime-gore-masinimi-elimden-aliblar\\\/\"},\"author\":{\"name\":\"elli\",\"@id\":\"https:\\\/\\\/www.meydan.tv\\\/az\\\/#\\\/schema\\\/person\\\/9cdbecf90d17180ce1dfbd95b08dcf47\"},\"headline\":\"M\u00fcharib\u0259 veteran\u0131: &#8220;T\u0259nqidi fikirl\u0259rim\u0259 g\u00f6r\u0259 ma\u015f\u0131n\u0131m\u0131 \u0259limd\u0259n al\u0131blar&#8221;\",\"datePublished\":\"2023-12-31T09:27:53+00:00\",\"dateModified\":\"2023-12-31T09:27:57+00:00\",\"mainEntityOfPage\":{\"@id\":\"https:\\\/\\\/www.meydan.tv\\\/az\\\/article\\\/muharibe-veterani-tenqidi-fikirlerime-gore-masinimi-elimden-aliblar\\\/\"},\"wordCount\":1935,\"publisher\":{\"@id\":\"https:\\\/\\\/www.meydan.tv\\\/az\\\/#organization\"},\"image\":{\"@id\":\"https:\\\/\\\/www.meydan.tv\\\/az\\\/article\\\/muharibe-veterani-tenqidi-fikirlerime-gore-masinimi-elimden-aliblar\\\/#primaryimage\"},\"thumbnailUrl\":\"https:\\\/\\\/www.meydan.tv\\\/wp-content\\\/uploads\\\/dup.jpg\",\"articleSection\":[\"Sosial\",\"T\u00f6vsiy\u0259\",\"X\u0259b\u0259rl\u0259r\"],\"inLanguage\":\"az\"},{\"@type\":\"WebPage\",\"@id\":\"https:\\\/\\\/www.meydan.tv\\\/az\\\/article\\\/muharibe-veterani-tenqidi-fikirlerime-gore-masinimi-elimden-aliblar\\\/\",\"url\":\"https:\\\/\\\/www.meydan.tv\\\/az\\\/article\\\/muharibe-veterani-tenqidi-fikirlerime-gore-masinimi-elimden-aliblar\\\/\",\"name\":\"M\u00fcharib\u0259 veteran\u0131: \\\"T\u0259nqidi fikirl\u0259rim\u0259 g\u00f6r\u0259 ma\u015f\u0131n\u0131m\u0131 \u0259limd\u0259n al\u0131blar\\\" - MEYDAN.TV\",\"isPartOf\":{\"@id\":\"https:\\\/\\\/www.meydan.tv\\\/az\\\/#website\"},\"primaryImageOfPage\":{\"@id\":\"https:\\\/\\\/www.meydan.tv\\\/az\\\/article\\\/muharibe-veterani-tenqidi-fikirlerime-gore-masinimi-elimden-aliblar\\\/#primaryimage\"},\"image\":{\"@id\":\"https:\\\/\\\/www.meydan.tv\\\/az\\\/article\\\/muharibe-veterani-tenqidi-fikirlerime-gore-masinimi-elimden-aliblar\\\/#primaryimage\"},\"thumbnailUrl\":\"https:\\\/\\\/www.meydan.tv\\\/wp-content\\\/uploads\\\/dup.jpg\",\"datePublished\":\"2023-12-31T09:27:53+00:00\",\"dateModified\":\"2023-12-31T09:27:57+00:00\",\"breadcrumb\":{\"@id\":\"https:\\\/\\\/www.meydan.tv\\\/az\\\/article\\\/muharibe-veterani-tenqidi-fikirlerime-gore-masinimi-elimden-aliblar\\\/#breadcrumb\"},\"inLanguage\":\"az\",\"potentialAction\":[{\"@type\":\"ReadAction\",\"target\":[\"https:\\\/\\\/www.meydan.tv\\\/az\\\/article\\\/muharibe-veterani-tenqidi-fikirlerime-gore-masinimi-elimden-aliblar\\\/\"]}]},{\"@type\":\"ImageObject\",\"inLanguage\":\"az\",\"@id\":\"https:\\\/\\\/www.meydan.tv\\\/az\\\/article\\\/muharibe-veterani-tenqidi-fikirlerime-gore-masinimi-elimden-aliblar\\\/#primaryimage\",\"url\":\"https:\\\/\\\/www.meydan.tv\\\/wp-content\\\/uploads\\\/dup.jpg\",\"contentUrl\":\"https:\\\/\\\/www.meydan.tv\\\/wp-content\\\/uploads\\\/dup.jpg\",\"width\":1500,\"height\":844,\"caption\":\"\u0130smay\u0131l R\u0259sulov. Foto: Meydan TV\"},{\"@type\":\"BreadcrumbList\",\"@id\":\"https:\\\/\\\/www.meydan.tv\\\/az\\\/article\\\/muharibe-veterani-tenqidi-fikirlerime-gore-masinimi-elimden-aliblar\\\/#breadcrumb\",\"itemListElement\":[{\"@type\":\"ListItem\",\"position\":1,\"name\":\"Ana s\u0259hif\u0259\",\"item\":\"https:\\\/\\\/www.meydan.tv\\\/az\\\/\"},{\"@type\":\"ListItem\",\"position\":2,\"name\":\"Sosial\",\"item\":\"https:\\\/\\\/www.meydan.tv\\\/az\\\/section\\\/sosial\\\/\"},{\"@type\":\"ListItem\",\"position\":3,\"name\":\"M\u00fcharib\u0259 veteran\u0131: &#8220;T\u0259nqidi fikirl\u0259rim\u0259 g\u00f6r\u0259 ma\u015f\u0131n\u0131m\u0131 \u0259limd\u0259n al\u0131blar&#8221;\"}]},{\"@type\":\"WebSite\",\"@id\":\"https:\\\/\\\/www.meydan.tv\\\/az\\\/#website\",\"url\":\"https:\\\/\\\/www.meydan.tv\\\/az\\\/\",\"name\":\"MEYDAN.TV\",\"description\":\"Meydan TV Az\u0259rbaycan\u0131n media m\u0259kan\u0131ndak\u0131 alternativ s\u0259sidir\",\"publisher\":{\"@id\":\"https:\\\/\\\/www.meydan.tv\\\/az\\\/#organization\"},\"potentialAction\":[{\"@type\":\"SearchAction\",\"target\":{\"@type\":\"EntryPoint\",\"urlTemplate\":\"https:\\\/\\\/www.meydan.tv\\\/az\\\/?s={search_term_string}\"},\"query-input\":{\"@type\":\"PropertyValueSpecification\",\"valueRequired\":true,\"valueName\":\"search_term_string\"}}],\"inLanguage\":\"az\"},{\"@type\":\"Organization\",\"@id\":\"https:\\\/\\\/www.meydan.tv\\\/az\\\/#organization\",\"name\":\"Meydan TV\",\"url\":\"https:\\\/\\\/www.meydan.tv\\\/az\\\/\",\"logo\":{\"@type\":\"ImageObject\",\"inLanguage\":\"az\",\"@id\":\"https:\\\/\\\/www.meydan.tv\\\/az\\\/#\\\/schema\\\/logo\\\/image\\\/\",\"url\":\"https:\\\/\\\/www.meydan.tv\\\/wp-content\\\/uploads\\\/2021\\\/07\\\/meydan-logo.svg\",\"contentUrl\":\"https:\\\/\\\/www.meydan.tv\\\/wp-content\\\/uploads\\\/2021\\\/07\\\/meydan-logo.svg\",\"width\":195,\"height\":46,\"caption\":\"Meydan TV\"},\"image\":{\"@id\":\"https:\\\/\\\/www.meydan.tv\\\/az\\\/#\\\/schema\\\/logo\\\/image\\\/\"}},{\"@type\":\"Person\",\"@id\":\"https:\\\/\\\/www.meydan.tv\\\/az\\\/#\\\/schema\\\/person\\\/9cdbecf90d17180ce1dfbd95b08dcf47\",\"name\":\"elli\",\"sameAs\":[\"https:\\\/\\\/x.com\\\/elli\"]}]}<\/script>\n<!-- \/ Yoast SEO plugin. -->","yoast_head_json":{"title":"M\u00fcharib\u0259 veteran\u0131: \"T\u0259nqidi fikirl\u0259rim\u0259 g\u00f6r\u0259 ma\u015f\u0131n\u0131m\u0131 \u0259limd\u0259n al\u0131blar\" - MEYDAN.TV","robots":{"index":"index","follow":"follow","max-snippet":"max-snippet:-1","max-image-preview":"max-image-preview:large","max-video-preview":"max-video-preview:-1"},"canonical":"https:\/\/www.meydan.tv\/az\/article\/muharibe-veterani-tenqidi-fikirlerime-gore-masinimi-elimden-aliblar\/","og_locale":"az_AZ","og_type":"article","og_title":"M\u00fcharib\u0259 veteran\u0131: \"T\u0259nqidi fikirl\u0259rim\u0259 g\u00f6r\u0259 ma\u015f\u0131n\u0131m\u0131 \u0259limd\u0259n al\u0131blar\" - MEYDAN.TV","og_description":"\u0130smay\u0131lov deyir ki, m\u0259hk\u0259m\u0259 q\u0259rar\u0131 olsa da, polis ma\u015f\u0131n\u0131n\u0131 geri ... Davam\u0131","og_url":"https:\/\/www.meydan.tv\/az\/article\/muharibe-veterani-tenqidi-fikirlerime-gore-masinimi-elimden-aliblar\/","og_site_name":"MEYDAN.TV","article_published_time":"2023-12-31T09:27:53+00:00","article_modified_time":"2023-12-31T09:27:57+00:00","og_image":[{"width":1500,"height":844,"url":"https:\/\/www.meydan.tv\/wp-content\/uploads\/dup.jpg","type":"image\/jpeg"}],"author":"elli","twitter_card":"summary_large_image","twitter_creator":"@elli","schema":{"@context":"https:\/\/schema.org","@graph":[{"@type":"Article","@id":"https:\/\/www.meydan.tv\/az\/article\/muharibe-veterani-tenqidi-fikirlerime-gore-masinimi-elimden-aliblar\/#article","isPartOf":{"@id":"https:\/\/www.meydan.tv\/az\/article\/muharibe-veterani-tenqidi-fikirlerime-gore-masinimi-elimden-aliblar\/"},"author":{"name":"elli","@id":"https:\/\/www.meydan.tv\/az\/#\/schema\/person\/9cdbecf90d17180ce1dfbd95b08dcf47"},"headline":"M\u00fcharib\u0259 veteran\u0131: &#8220;T\u0259nqidi fikirl\u0259rim\u0259 g\u00f6r\u0259 ma\u015f\u0131n\u0131m\u0131 \u0259limd\u0259n al\u0131blar&#8221;","datePublished":"2023-12-31T09:27:53+00:00","dateModified":"2023-12-31T09:27:57+00:00","mainEntityOfPage":{"@id":"https:\/\/www.meydan.tv\/az\/article\/muharibe-veterani-tenqidi-fikirlerime-gore-masinimi-elimden-aliblar\/"},"wordCount":1935,"publisher":{"@id":"https:\/\/www.meydan.tv\/az\/#organization"},"image":{"@id":"https:\/\/www.meydan.tv\/az\/article\/muharibe-veterani-tenqidi-fikirlerime-gore-masinimi-elimden-aliblar\/#primaryimage"},"thumbnailUrl":"https:\/\/www.meydan.tv\/wp-content\/uploads\/dup.jpg","articleSection":["Sosial","T\u00f6vsiy\u0259","X\u0259b\u0259rl\u0259r"],"inLanguage":"az"},{"@type":"WebPage","@id":"https:\/\/www.meydan.tv\/az\/article\/muharibe-veterani-tenqidi-fikirlerime-gore-masinimi-elimden-aliblar\/","url":"https:\/\/www.meydan.tv\/az\/article\/muharibe-veterani-tenqidi-fikirlerime-gore-masinimi-elimden-aliblar\/","name":"M\u00fcharib\u0259 veteran\u0131: \"T\u0259nqidi fikirl\u0259rim\u0259 g\u00f6r\u0259 ma\u015f\u0131n\u0131m\u0131 \u0259limd\u0259n al\u0131blar\" - MEYDAN.TV","isPartOf":{"@id":"https:\/\/www.meydan.tv\/az\/#website"},"primaryImageOfPage":{"@id":"https:\/\/www.meydan.tv\/az\/article\/muharibe-veterani-tenqidi-fikirlerime-gore-masinimi-elimden-aliblar\/#primaryimage"},"image":{"@id":"https:\/\/www.meydan.tv\/az\/article\/muharibe-veterani-tenqidi-fikirlerime-gore-masinimi-elimden-aliblar\/#primaryimage"},"thumbnailUrl":"https:\/\/www.meydan.tv\/wp-content\/uploads\/dup.jpg","datePublished":"2023-12-31T09:27:53+00:00","dateModified":"2023-12-31T09:27:57+00:00","breadcrumb":{"@id":"https:\/\/www.meydan.tv\/az\/article\/muharibe-veterani-tenqidi-fikirlerime-gore-masinimi-elimden-aliblar\/#breadcrumb"},"inLanguage":"az","potentialAction":[{"@type":"ReadAction","target":["https:\/\/www.meydan.tv\/az\/article\/muharibe-veterani-tenqidi-fikirlerime-gore-masinimi-elimden-aliblar\/"]}]},{"@type":"ImageObject","inLanguage":"az","@id":"https:\/\/www.meydan.tv\/az\/article\/muharibe-veterani-tenqidi-fikirlerime-gore-masinimi-elimden-aliblar\/#primaryimage","url":"https:\/\/www.meydan.tv\/wp-content\/uploads\/dup.jpg","contentUrl":"https:\/\/www.meydan.tv\/wp-content\/uploads\/dup.jpg","width":1500,"height":844,"caption":"\u0130smay\u0131l R\u0259sulov. Foto: Meydan TV"},{"@type":"BreadcrumbList","@id":"https:\/\/www.meydan.tv\/az\/article\/muharibe-veterani-tenqidi-fikirlerime-gore-masinimi-elimden-aliblar\/#breadcrumb","itemListElement":[{"@type":"ListItem","position":1,"name":"Ana s\u0259hif\u0259","item":"https:\/\/www.meydan.tv\/az\/"},{"@type":"ListItem","position":2,"name":"Sosial","item":"https:\/\/www.meydan.tv\/az\/section\/sosial\/"},{"@type":"ListItem","position":3,"name":"M\u00fcharib\u0259 veteran\u0131: &#8220;T\u0259nqidi fikirl\u0259rim\u0259 g\u00f6r\u0259 ma\u015f\u0131n\u0131m\u0131 \u0259limd\u0259n al\u0131blar&#8221;"}]},{"@type":"WebSite","@id":"https:\/\/www.meydan.tv\/az\/#website","url":"https:\/\/www.meydan.tv\/az\/","name":"MEYDAN.TV","description":"Meydan TV Az\u0259rbaycan\u0131n media m\u0259kan\u0131ndak\u0131 alternativ s\u0259sidir","publisher":{"@id":"https:\/\/www.meydan.tv\/az\/#organization"},"potentialAction":[{"@type":"SearchAction","target":{"@type":"EntryPoint","urlTemplate":"https:\/\/www.meydan.tv\/az\/?s={search_term_string}"},"query-input":{"@type":"PropertyValueSpecification","valueRequired":true,"valueName":"search_term_string"}}],"inLanguage":"az"},{"@type":"Organization","@id":"https:\/\/www.meydan.tv\/az\/#organization","name":"Meydan TV","url":"https:\/\/www.meydan.tv\/az\/","logo":{"@type":"ImageObject","inLanguage":"az","@id":"https:\/\/www.meydan.tv\/az\/#\/schema\/logo\/image\/","url":"https:\/\/www.meydan.tv\/wp-content\/uploads\/2021\/07\/meydan-logo.svg","contentUrl":"https:\/\/www.meydan.tv\/wp-content\/uploads\/2021\/07\/meydan-logo.svg","width":195,"height":46,"caption":"Meydan TV"},"image":{"@id":"https:\/\/www.meydan.tv\/az\/#\/schema\/logo\/image\/"}},{"@type":"Person","@id":"https:\/\/www.meydan.tv\/az\/#\/schema\/person\/9cdbecf90d17180ce1dfbd95b08dcf47","name":"elli","sameAs":["https:\/\/x.com\/elli"]}]}},"_links":{"self":[{"href":"https:\/\/www.meydan.tv\/az\/wp-json\/wp\/v2\/posts\/294545","targetHints":{"allow":["GET"]}}],"collection":[{"href":"https:\/\/www.meydan.tv\/az\/wp-json\/wp\/v2\/posts"}],"about":[{"href":"https:\/\/www.meydan.tv\/az\/wp-json\/wp\/v2\/types\/post"}],"author":[{"embeddable":true,"href":"https:\/\/www.meydan.tv\/az\/wp-json\/wp\/v2\/users\/8"}],"replies":[{"embeddable":true,"href":"https:\/\/www.meydan.tv\/az\/wp-json\/wp\/v2\/comments?post=294545"}],"version-history":[{"count":1,"href":"https:\/\/www.meydan.tv\/az\/wp-json\/wp\/v2\/posts\/294545\/revisions"}],"predecessor-version":[{"id":294564,"href":"https:\/\/www.meydan.tv\/az\/wp-json\/wp\/v2\/posts\/294545\/revisions\/294564"}],"wp:featuredmedia":[{"embeddable":true,"href":"https:\/\/www.meydan.tv\/az\/wp-json\/wp\/v2\/media\/294546"}],"wp:attachment":[{"href":"https:\/\/www.meydan.tv\/az\/wp-json\/wp\/v2\/media?parent=294545"}],"wp:term":[{"taxonomy":"category","embeddable":true,"href":"https:\/\/www.meydan.tv\/az\/wp-json\/wp\/v2\/categories?post=294545"},{"taxonomy":"post_tag","embeddable":true,"href":"https:\/\/www.meydan.tv\/az\/wp-json\/wp\/v2\/tags?post=294545"}],"curies":[{"name":"wp","href":"https:\/\/api.w.org\/{rel}","templated":true}]}}