{"id":294539,"date":"2023-12-30T23:14:42","date_gmt":"2023-12-30T19:14:42","guid":{"rendered":"https:\/\/www.meydan.tv\/?p=294539"},"modified":"2023-12-30T23:17:32","modified_gmt":"2023-12-30T19:17:32","slug":"azerbaycan-metbuati-148-yasini-nece-kecirib","status":"publish","type":"post","link":"https:\/\/www.meydan.tv\/az\/article\/azerbaycan-metbuati-148-yasini-nece-kecirib\/","title":{"rendered":"Az\u0259rbaycan m\u0259tbuat\u0131 148 ya\u015f\u0131n\u0131 nec\u0259 ke\u00e7irib?"},"content":{"rendered":"\n<p><\/p>\n\n\n\n<p><strong><em>H\u0259bsl\u0259r, polis basq\u0131s\u0131, yeni q\u0259bul edil\u0259n qanunun t\u0259tbiqi, media reyestrinin t\u0259l\u0259bl\u0259rinin i\u015f\u0259 d\u00fc\u015fm\u0259si, bloklamalar\u2026<\/em><\/strong><\/p>\n\n\n\n<p>\u00d6t\u0259n il media m\u0259kan\u0131 daha \u00e7ox m\u00fcst\u0259qil media t\u0259msil\u00e7il\u0259rinin h\u0259bsi, \u201cMedia haqq\u0131nda\u201d Qanunundan ir\u0259li g\u0259l\u0259n media reyestrinin t\u0259l\u0259bl\u0259rinin i\u015f\u0259 d\u00fc\u015fm\u0259si il\u0259 yadda qal\u0131b.<br>Do\u011frudur, Az\u0259rbaycan hakimiyy\u0259ti, r\u0259smil\u0259ri tez-tez \u00e7\u0131x\u0131\u015flar\u0131nda \u00f6lk\u0259d\u0259 media azadl\u0131\u011f\u0131n\u0131n t\u0259min olundu\u011funu, jurnalistl\u0259r\u0259 h\u0259r hans\u0131 basq\u0131 olmad\u0131\u011f\u0131n\u0131 des\u0259l\u0259r d\u0259, bir s\u0131ra m\u00fcst\u0259qil v\u0259 m\u00fcxalif media saytlar\u0131n\u0131n \u00f6lk\u0259d\u0259 bloklanmas\u0131, h\u0259bsl\u0259r \u0259ksini deyir.<\/p>\n\n\n\n<p>\u00dcmumiyy\u0259tl\u0259, 2023-c\u00fc il Az\u0259rbaycan medias\u0131n\u0131n, jurnalistl\u0259rinin h\u0259yat\u0131nda hans\u0131 hadis\u0259l\u0259rl\u0259 yadda qal\u0131b? N\u0259l\u0259r ya\u015fan\u0131b?<br>Ba\u015f ver\u0259nl\u0259rin ham\u0131s\u0131n\u0131 Meydan TV-nin illik hesabat\u0131ndan \u00f6yr\u0259n\u0259 bil\u0259rsiniz:<br><br><strong>Sevinc Vaqifq\u0131z\u0131 il\u0259 ba\u011fl\u0131 \u015fikay\u0259t\u0259 xitam verilib<\/strong><\/p>\n\n\n\n<p>Bu il Bak\u0131 Apelyasiya M\u0259hk\u0259m\u0259si m\u0259kt\u0259b direktorunun m\u00fcavininin jurnalist Sevinc Abbasova (Vaqifq\u0131z\u0131) bar\u0259sind\u0259 verdiyi \u015fikay\u0259t\u0259 xitam verib.<\/p>\n\n\n\n<p>Sevinc Vaqifq\u0131z\u0131 n\u00f6vb\u0259d\u0259nk\u0259nar prezident se\u00e7kisi zaman\u0131 251 sayl\u0131 m\u0259kt\u0259bd\u0259 \u00e7\u0259kdiyi video-materiala g\u00f6r\u0259 h\u0259min m\u0259kt\u0259bin direktor m\u00fcavini Elmira Alandarova v\u0259 (daha sonra i\u015fd\u0259n azad olunub) ail\u0259si t\u0259r\u0259find\u0259n m\u0259hk\u0259m\u0259y\u0259 verilmi\u015fdi.<\/p>\n\n\n<div class=\"wp-block-image\">\n<figure class=\"alignleft size-full is-resized\"><img decoding=\"async\" width=\"1200\" height=\"674\" data-src=\"https:\/\/www.meydan.tv\/wp-content\/uploads\/img_0616-e1700561730380.jpg\" alt=\"\" class=\"wp-image-290989 lazyload\" style=\"--smush-placeholder-width: 1200px; --smush-placeholder-aspect-ratio: 1200\/674;width:384px;height:auto\" src=\"data:image\/svg+xml;base64,PHN2ZyB3aWR0aD0iMSIgaGVpZ2h0PSIxIiB4bWxucz0iaHR0cDovL3d3dy53My5vcmcvMjAwMC9zdmciPjwvc3ZnPg==\" \/><figcaption class=\"wp-element-caption\">Sevinc Vaqifq\u0131z\u0131. Foto: Meydan TV<\/figcaption><\/figure>\n<\/div>\n\n\n<p>M\u0259hk\u0259m\u0259 \u00e7\u0259ki\u015fm\u0259si 5 il idi davam edirdi. Qar\u015f\u0131 t\u0259r\u0259f \u0259vv\u0259lc\u0259 video material\u0131n Meydan TV-nin, \u201cAzadl\u0131q\u201d q\u0259zetinin s\u0259hif\u0259sind\u0259n silinm\u0259si, sonra is\u0259 Sevinc Vaqifq\u0131z\u0131n\u0131n \u00f6lk\u0259d\u0259n \u00e7\u0131x\u0131\u015f\u0131na qada\u011fa qoyulmas\u0131, h\u0259bs edilm\u0259si il\u0259 ba\u011fl\u0131 Bin\u0259q\u0259di Rayon M\u0259hk\u0259m\u0259sin\u0259 m\u00fcraci\u0259t etmi\u015fdi. Bu t\u0259l\u0259bl\u0259rl\u0259 veril\u0259n \u015fikay\u0259t t\u0259min edilm\u0259di.<\/p>\n\n\n\n<p><\/p>\n\n\n\n<p><strong>Jurnalistin xan\u0131m\u0131 etiraz edib<\/strong><\/p>\n\n\n\n<p>Yanvar\u0131n 24-d\u0259 &#8220;Xural&#8221; sayt\u0131n\u0131n h\u0259bsd\u0259 olan r\u0259hb\u0259ri \u018fv\u0259z Zeynall\u0131n\u0131n h\u0259yat yolda\u015f\u0131 M\u0259lah\u0259t Zeynall\u0131 Ba\u015f Prokurorlu\u011fun \u0130stintaq \u0130dar\u0259sinin binas\u0131 qar\u015f\u0131s\u0131nda etiraz aksiyas\u0131 ke\u00e7irib. O, jurnalistin h\u0259bsd\u0259 oldu\u011fu m\u00fcdd\u0259td\u0259 ail\u0259si il\u0259 g\u00f6r\u00fc\u015f\u0259 v\u0259 z\u0259ngl\u0259rin\u0259 m\u0259hdudiyy\u0259t\u0259 etiraz etdiyini bildirib:<\/p>\n\n\n\n<p>&#8220;<em>\u018fv\u0259z Zeynall\u0131 d\u00f6vl\u0259ti cinay\u0259t t\u00f6r\u0259tm\u0259yib v\u0259 ail\u0259si il\u0259 g\u00f6r\u00fc\u015f\u00fcb \u0259laq\u0259 saxlamaq onun do\u011fal h\u00fcququdur&#8221;.<\/em><\/p>\n\n\n<div class=\"wp-block-image\">\n<figure class=\"alignright size-full is-resized\"><img decoding=\"async\" data-src=\"https:\/\/www.meydan.tv\/wp-content\/uploads\/img_9722.jpg\" alt=\"\" class=\"wp-image-272542 lazyload\" style=\"--smush-placeholder-width: 1200px; --smush-placeholder-aspect-ratio: 1200\/800;width:394px;height:auto\" src=\"data:image\/svg+xml;base64,PHN2ZyB3aWR0aD0iMSIgaGVpZ2h0PSIxIiB4bWxucz0iaHR0cDovL3d3dy53My5vcmcvMjAwMC9zdmciPjwvc3ZnPg==\" \/><figcaption class=\"wp-element-caption\">\u018fv\u0259z Zeynall\u0131. Foto: Meydan TV<\/figcaption><\/figure>\n<\/div>\n\n\n<p>M.Zeynall\u0131 b\u00fct\u00fcn sivil variantlara \u0259l atd\u0131\u011f\u0131n\u0131 qeyd edib: <\/p>\n\n\n\n<p>&#8220;<em>Prezident\u0259 m\u00fcraci\u0259t etdim, ondan sonra \u018fv\u0259z Zeynall\u0131, m\u0259n ombudsmana m\u00fcraci\u0259t etdik, dedil\u0259r ki, m\u00fcmk\u00fcn q\u0259d\u0259r k\u00f6m\u0259k ed\u0259c\u0259yik. D\u00fc\u015f\u00fcn\u00fcrd\u00fcm ki, prezident\u0259 m\u00fcraci\u0259td\u0259n sonra bu qada\u011falar aradan qalxacaq, \u00e7\u00fcnki \u018fv\u0259z Zeynall\u0131n\u0131n h\u0259bsi qanunsuzdur v\u0259 ail\u0259si il\u0259 g\u00f6r\u00fc\u015f\u00fcn\u00fcn qar\u015f\u0131s\u0131n\u0131n al\u0131nmas\u0131 t\u0259zyiq \u00fcsullardan biridir&#8221;.<\/em><\/p>\n\n\n\n<p>Haz\u0131rda h\u0259bsd\u0259 olan jurnalist C\u0259mil M\u0259mm\u0259dli \u00fc\u00e7\u00fcn il rahat ke\u00e7m\u0259yib. Xa\u00e7mazda ya\u015fayan v\u0259 t\u0259qsirl\u0259ndiril\u0259n \u015f\u0259xs qismind\u0259 istintaqa c\u0259lb edil\u0259n C\u0259mil M\u0259mm\u0259dli yanvar\u0131n 18-d\u0259 saxlan\u0131l\u0131b, sonra is\u0259 ax\u015fam saatlar\u0131nda polis n\u0259zar\u0259tin\u0259 verilib. <\/p>\n\n\n\n<p>Bir ne\u00e7\u0259 ay sonra is\u0259 t\u0259krar h\u0259bs olunub (Bu bar\u0259d\u0259 aylar \u00fczr\u0259 m\u0259lumatlarda qeyd olunub \u2013 red.) Jurnalist Cinay\u0259t M\u0259c\u0259ll\u0259sinin 221.2.2 (xuliqanl\u0131q \u2013 ictimai qaydan\u0131n qorunmas\u0131 \u00fczr\u0259 v\u0259zif\u0259ni yerin\u0259 yetir\u0259n, yaxud ictimai qaydan\u0131n pozulmas\u0131n\u0131n qar\u015f\u0131s\u0131n\u0131 alan hakimiyy\u0259t n\u00fcmay\u0259nd\u0259sin\u0259 v\u0259 ya dig\u0259r \u015f\u0259xs\u0259 m\u00fcqavim\u0259t g\u00f6st\u0259rm\u0259kl\u0259 t\u00f6r\u0259dildikd\u0259) madd\u0259sil\u0259 ittiham olunur. Haqq\u0131nda cinay\u0259t i\u015finin istintaq\u0131 Xa\u00e7maz Rayon Polis \u015e\u00f6b\u0259sind\u0259 apar\u0131l\u0131b.<br><\/p>\n\n\n\n<p><strong>\u201cYarad\u0131lacaq reyestr, mahiyy\u0259tc\u0259 lisenziya, icaz\u0259 rolunu oynayacaq, bu da Az\u0259rbaycan Konstitusiyas\u0131na ziddir\u201d<\/strong><\/p>\n\n\n\n<p>\u201c\u201c<em>Media haqq\u0131nda\u201d Qanunun q\u0259bulu, Media Reyestrinin yarad\u0131lmas\u0131 il\u0259 ba\u011fl\u0131 m\u00fcdd\u0259alar\u0131n t\u0259tbiqi ifad\u0259, media azadl\u0131\u011f\u0131na ziddir\u201d.<\/em><\/p>\n\n\n<div class=\"wp-block-image\">\n<figure class=\"aligncenter size-large\"><img decoding=\"async\" width=\"1200\" height=\"669\" data-src=\"https:\/\/www.meydan.tv\/wp-content\/uploads\/media-1200x669.png\" alt=\"\" class=\"wp-image-230239 lazyload\" src=\"data:image\/svg+xml;base64,PHN2ZyB3aWR0aD0iMSIgaGVpZ2h0PSIxIiB4bWxucz0iaHR0cDovL3d3dy53My5vcmcvMjAwMC9zdmciPjwvc3ZnPg==\" style=\"--smush-placeholder-width: 1200px; --smush-placeholder-aspect-ratio: 1200\/669;\" \/><figcaption class=\"wp-element-caption\">24 dekabr aksiyas\u0131, Foto: Meydan TV<\/figcaption><\/figure>\n<\/div>\n\n\n<p>Az\u0259rbaycan\u0131n m\u00fcst\u0259qil jurnalistl\u0259ri v\u0259 media m\u00fct\u0259x\u0259ssisl\u0259ri \u201cMedia haqq\u0131nda\u201d Az\u0259rbaycan Respublikas\u0131 Qanununun t\u0259tbiqi n\u0259tic\u0259sind\u0259 ortaya \u00e7\u0131xan probleml\u0259rl\u0259rl\u0259 ba\u011fl\u0131 m\u00f6vqe s\u0259n\u0259di imzalay\u0131b. \u018fsas etiraz is\u0259 vahid media reyestrinin yarad\u0131lmas\u0131nad\u0131r. <\/p>\n\n\n\n<p>Onlar reyestrin m\u0259qs\u0259dinin s\u0131rf media azadl\u0131\u011f\u0131n\u0131 buxovlamaq oldu\u011funu d\u00fc\u015f\u00fcn\u00fcrl\u0259r.<br><br><strong>\u201cAz\u0259rbaycan \u00fc\u00e7\u00fcn k\u0259d\u0259rli yubiley\u201d<\/strong><\/p>\n\n\n\n<p>\u201cS\u0259rh\u0259dsiz Reportyorlar\u201d T\u0259\u015fkilat\u0131 (RSF) yeni \u201cMedia Haqq\u0131nda\u201d Qanunun q\u0259bulunun ild\u00f6n\u00fcm\u00fcn\u00fc \u201cAz\u0259rbaycan \u00fc\u00e7\u00fcn k\u0259d\u0259rli yubiley\u201d adland\u0131r\u0131b. <\/p>\n\n\n<div class=\"wp-block-image\">\n<figure class=\"alignleft size-large is-resized\"><img decoding=\"async\" width=\"1026\" height=\"821\" data-src=\"https:\/\/www.meydan.tv\/wp-content\/uploads\/shutterstock_1170038254-1026x821.jpg\" alt=\"\" class=\"wp-image-229529 lazyload\" style=\"--smush-placeholder-width: 1026px; --smush-placeholder-aspect-ratio: 1026\/821;width:363px;height:auto\" src=\"data:image\/svg+xml;base64,PHN2ZyB3aWR0aD0iMSIgaGVpZ2h0PSIxIiB4bWxucz0iaHR0cDovL3d3dy53My5vcmcvMjAwMC9zdmciPjwvc3ZnPg==\" \/><figcaption class=\"wp-element-caption\">S\u0259rh\u0259dsiz Reportyorlar T\u0259\u015fkilat\u0131, Foto: By Casimiro PT\/Shutterstock<\/figcaption><\/figure>\n<\/div>\n\n\n<p>Bu bar\u0259d\u0259ki \u201cTwitter\u201d postunda bildirilib ki, media sektoruna n\u0259zar\u0259ti g\u00fccl\u0259ndir\u0259n v\u0259 jurnalistl\u0259r\u0259 qar\u015f\u0131 pozuntular\u0131 legitiml\u0259\u015fdir\u0259n yeni qanunun q\u0259bulundan bir il \u00f6t\u00fcr.<br>RSF Az\u0259rbaycan h\u00f6kum\u0259tind\u0259n qanuna yenid\u0259n bax\u0131lmas\u0131n\u0131 t\u0259l\u0259b edib.<\/p>\n\n\n\n<p><strong>S\u00f6y\u00fcdl\u00fc hadis\u0259l\u0259rini i\u015f\u0131qland\u0131rd\u0131qlar\u0131 \u00fc\u00e7\u00fcn<\/strong><\/p>\n\n\n\n<p>G\u0259d\u0259b\u0259yin S\u00f6y\u00fcdl\u00fc k\u0259ndind\u0259 \u00e7\u0259kili\u015f ed\u0259n \u201cAbzas Media\u201d-n\u0131n \u0259m\u0259kda\u015f\u0131 N\u0259rgiz Absalamova, \u201cAmerikan\u0131n S\u0259si\u201d-nin jurnalisti Nigar M\u00fcbariz v\u0259 bloger Elsev\u0259r Muradzad\u0259 polis zorak\u0131l\u0131\u011f\u0131 il\u0259 \u00fczl\u0259\u015fib.<\/p>\n\n\n\n<p>Bildirm\u0259l\u0259rin\u0259 g\u00f6r\u0259, polisl\u0259r onlar\u0131 zorak\u0131l\u0131qla saxlay\u0131b, N\u0259rgizin qolunu burub. O, buna etiraz etdiyind\u0259n a\u011fz\u0131n\u0131 b\u0259rk-b\u0259rk s\u0131x\u0131blar. S\u0259b\u0259b is\u0259 onlar\u0131n S\u00f6y\u00fcdl\u00fc sakinl\u0259rinin \u015fikay\u0259tl\u0259rini i\u015f\u0131qland\u0131rmas\u0131 olub.<\/p>\n\n\n<div class=\"wp-block-image\">\n<figure class=\"aligncenter size-full\"><img decoding=\"async\" width=\"1200\" height=\"800\" data-src=\"https:\/\/www.meydan.tv\/wp-content\/uploads\/untitled-design-4-80.jpg\" alt=\"\" class=\"wp-image-278100 lazyload\" src=\"data:image\/svg+xml;base64,PHN2ZyB3aWR0aD0iMSIgaGVpZ2h0PSIxIiB4bWxucz0iaHR0cDovL3d3dy53My5vcmcvMjAwMC9zdmciPjwvc3ZnPg==\" style=\"--smush-placeholder-width: 1200px; --smush-placeholder-aspect-ratio: 1200\/800;\" \/><figcaption class=\"wp-element-caption\">Foto: Elm\u0259ddin \u015eamilzad\u0259nin \u015f\u0259xsi arxivind\u0259n <\/figcaption><\/figure>\n<\/div>\n\n\n<p>Sonra reportyor Elm\u0259ddin \u015eamilzad\u0259 S\u0259f\u0259rb\u0259rlik v\u0259 H\u0259rbi Xidm\u0259t\u0259 \u00c7a\u011f\u0131r\u0131\u015f \u00fczr\u0259 D\u00f6vl\u0259t Xidm\u0259tinin L\u0259nk\u0259ran \u015f\u00f6b\u0259sin\u0259 \u00e7a\u011f\u0131r\u0131l\u0131b. S\u0259b\u0259b S\u00f6y\u00fcdl\u00fc sakinl\u0259rinin problemini i\u015f\u0131qland\u0131rmas\u0131 olub. Bundan sonra is\u0259 o, polis t\u0259r\u0259find\u0259n saxlan\u0131l\u0131b. Tezlikl\u0259 s\u0259rb\u0259st burax\u0131lan reportyor polis zorak\u0131l\u0131\u011f\u0131 il\u0259 \u00fczl\u0259\u015fdiyini bildirib.<\/p>\n\n\n\n<p><strong>Jurnalistin i\u015fin\u0259 m\u00fcdaxil\u0259<\/strong><\/p>\n\n\n\n<p>\u0130yunun 16-da Milli M\u0259clisin \u00f6n\u00fcnd\u0259 etiraz aksiyas\u0131n\u0131 i\u015f\u0131qland\u0131ran Toplum TV-nin \u0259m\u0259kda\u015f\u0131 Fatim\u0259 M\u00f6vlaml\u0131 polisin onun i\u015fin\u0259 mane oldu\u011funu bildirib. Deyib ki, polis ona \u00e7\u0259kili\u015fin qar\u015f\u0131s\u0131n\u0131 almaq \u00fc\u00e7\u00fcn x\u0259sar\u0259t yetirib.<\/p>\n\n\n\n<p>\u201c<em>Aksiyan\u0131 i\u015f\u0131qland\u0131ran zaman polis avtomobili aya\u011f\u0131m\u0131n \u00fcst\u00fcnd\u0259n ke\u00e7di. Onlar bunu q\u0259sd\u0259n etdil\u0259r, s\u0131rf \u00e7\u0259kili\u015fim\u0259 mane olmaq \u00fc\u00e7\u00fcn\u201d.<\/em><\/p>\n\n\n<div class=\"wp-block-image\">\n<figure class=\"aligncenter size-full\"><img decoding=\"async\" width=\"960\" height=\"458\" data-src=\"https:\/\/www.meydan.tv\/wp-content\/uploads\/40277-e1686927382369.jpg\" alt=\"Fatim\u0259 M\u00f6vlaml\u0131 31 mart mitinqind\u0259\" class=\"wp-image-101688 lazyload\" src=\"data:image\/svg+xml;base64,PHN2ZyB3aWR0aD0iMSIgaGVpZ2h0PSIxIiB4bWxucz0iaHR0cDovL3d3dy53My5vcmcvMjAwMC9zdmciPjwvc3ZnPg==\" style=\"--smush-placeholder-width: 960px; --smush-placeholder-aspect-ratio: 960\/458;\" \/><figcaption class=\"wp-element-caption\">Foto: Fatima M\u00f6vlaml\u0131n\u0131n \u015f\u0259xsi arxivind\u0259n<\/figcaption><\/figure>\n<\/div>\n\n\n<p>Fotobloger V\u0259li \u015e\u00fck\u00fcrzad\u0259 d\u0259 il \u0259rzind\u0259 30 g\u00fcnl\u00fck h\u0259bs\u0259 m\u0259hkum edilib. Ona qar\u015f\u0131 xuliqanl\u0131q v\u0259 polis\u0259 m\u00fcqavim\u0259t ittihamlar\u0131 verilib. \u00d6z\u00fc is\u0259 bunun yalan oldu\u011funu, s\u0131rf pe\u015f\u0259 f\u0259aliyy\u0259tin\u0259 g\u00f6r\u0259 h\u0259bs edildiyini bildirib.<\/p>\n\n\n\n<p>Reportyor Nurlan Q\u0259hr\u0259manl\u0131 da sentyabr\u0131n 21-d\u0259 \u0130nzibati X\u0259talar M\u0259c\u0259ll\u0259sinin 388-1.1.1 (informasiya-telekommunikasiya \u015f\u0259b\u0259k\u0259sind\u0259 yay\u0131lmas\u0131 qada\u011fan edil\u0259n informasiyan\u0131n yerl\u0259\u015fdirilm\u0259si) madd\u0259si il\u0259 c\u0259zaland\u0131r\u0131l\u0131b. <\/p>\n\n\n<div class=\"wp-block-image\">\n<figure class=\"aligncenter size-full\"><img decoding=\"async\" width=\"960\" height=\"531\" data-src=\"https:\/\/www.meydan.tv\/wp-content\/uploads\/361ae94d-6042-490f-8171-3b106a0b1faf-e1695287220450.jpeg\" alt=\"Nurlan Libre\" class=\"wp-image-207350 lazyload\" src=\"data:image\/svg+xml;base64,PHN2ZyB3aWR0aD0iMSIgaGVpZ2h0PSIxIiB4bWxucz0iaHR0cDovL3d3dy53My5vcmcvMjAwMC9zdmciPjwvc3ZnPg==\" style=\"--smush-placeholder-width: 960px; --smush-placeholder-aspect-ratio: 960\/531;\" \/><figcaption class=\"wp-element-caption\">Foto: Meydan TV<\/figcaption><\/figure>\n<\/div>\n\n\n<p>Eyni g\u00fcnd\u0259 Ba\u015f Prokurorlu\u011fun Cinay\u0259t T\u0259qibind\u0259n K\u0259nar \u0130\u015fl\u0259r \u0130dar\u0259sind\u0259 \u201cFacebook\u201d hesab\u0131ndak\u0131 payla\u015f\u0131mlar\u0131na g\u00f6r\u0259 onun haqq\u0131nda protokol haz\u0131rlan\u0131b. Ard\u0131nca da o, Yasamal rayon M\u0259hk\u0259m\u0259sind\u0259 hakim \u00f6n\u00fcn\u0259 \u00e7\u0131xar\u0131l\u0131b.<\/p>\n\n\n\n<p>Jurnalist deyir ki, ist\u0259r saxlan\u0131l\u0131b evind\u0259n apar\u0131landa, ist\u0259rs\u0259 sonradan zorak\u0131l\u0131\u011fa m\u0259ruz qal\u0131b. Bu bar\u0259d\u0259 o, sentyabr\u0131n 26-da Bak\u0131 Apelyasiya M\u0259hk\u0259m\u0259sind\u0259 dan\u0131\u015f\u0131b. H\u0259min m\u0259hk\u0259m\u0259d\u0259 onun haqq\u0131ndak\u0131 30 sutkal\u0131q inzibati h\u0259bs q\u0259rar\u0131ndan verilmi\u015f \u015fikay\u0259t\u0259 bax\u0131l\u0131b.<\/p>\n\n\n\n<p><strong><em>Ofisind\u0259n \u00e7\u0131xar\u0131lan kanal<\/em><\/strong><br><\/p>\n\n\n\n<p>RLC (Red Line Channel) kanal\u0131 f\u0259aliyy\u0259tini m\u00fcv\u0259qq\u0259ti dayand\u0131rmal\u0131 olub. S\u0259b\u0259b kanal\u0131n yerl\u0259\u015fdiyi ofisd\u0259n \u00e7\u0131xar\u0131lmas\u0131d\u0131r.<\/p>\n\n\n<div class=\"wp-block-image\">\n<figure class=\"aligncenter size-large\"><img decoding=\"async\" width=\"1200\" height=\"542\" data-src=\"https:\/\/www.meydan.tv\/wp-content\/uploads\/0665-e1683287516450-1200x542.png\" alt=\"\" class=\"wp-image-274447 lazyload\" src=\"data:image\/svg+xml;base64,PHN2ZyB3aWR0aD0iMSIgaGVpZ2h0PSIxIiB4bWxucz0iaHR0cDovL3d3dy53My5vcmcvMjAwMC9zdmciPjwvc3ZnPg==\" style=\"--smush-placeholder-width: 1200px; --smush-placeholder-aspect-ratio: 1200\/542;\" \/><figcaption class=\"wp-element-caption\">M\u0259nb\u0259: RLC Video Screenshot<\/figcaption><\/figure>\n<\/div>\n\n\n<p>Bu bar\u0259d\u0259 Meydan TV-y\u0259 dan\u0131\u015fan kanal\u0131n ba\u015f redaktoru Samir\u0259 Qas\u0131ml\u0131 deyib ki, RLC \u00f6lk\u0259d\u0259 t\u0259k-t\u00fck \u00f6z s\u00f6z\u00fcn\u00fc dey\u0259 bil\u0259n media kanal\u0131 idi:<\/p>\n\n\n\n<p><em>\u201cAz\u0259rbaycandak\u0131 m\u00f6vcud idar\u0259etm\u0259nin q\u0131rm\u0131z\u0131 x\u0259tl\u0259rin\u0259 toxunurdu, sistemin mahiyy\u0259tini a\u00e7ma\u011fa y\u00f6n\u0259lik f\u0259aliyy\u0259t g\u00f6st\u0259rirdi. Odur ki, i\u015fl\u0259m\u0259sin\u0259 mane olma\u011fa \u00e7al\u0131\u015f\u0131rlar\u201d.<\/em><\/p>\n\n\n\n<p><strong>Azadl\u0131q Radiosunun Bak\u0131 xidm\u0259tind\u0259n naraz\u0131 jurnalistl\u0259r<\/strong><\/p>\n\n\n\n<p>\u0130l \u0259rzind\u0259 sosial \u015f\u0259b\u0259k\u0259nin Az\u0259rbaycan seqmentind\u0259, el\u0259c\u0259 d\u0259 yerli v\u0259 beyn\u0259lxalq mediada \u201cAzadl\u0131q\u201d Radiosunun ke\u00e7mi\u015f \u0259m\u0259kda\u015flar\u0131n\u0131n naraz\u0131l\u0131qlar\u0131 m\u00fczakir\u0259 oldu.<\/p>\n\n\n\n<p>Naraz\u0131l\u0131qlar\u0131n\u0131 sosial \u015f\u0259b\u0259k\u0259l\u0259r vasit\u0259sil\u0259 ictimail\u0259\u015fdir\u0259n radionun ke\u00e7mi\u015f \u0259m\u0259kda\u015flar\u0131 is\u0259 i\u015f\u00e7il\u0259rin bu qurumun Az\u0259rbaycan b\u00f6l\u00fcm\u00fcn\u00fcn r\u0259hb\u0259rliyind\u0259 t\u0259msil olunan \u015f\u0259xsl\u0259r t\u0259r\u0259find\u0259n bulinq\u0259 m\u0259ruz qald\u0131qlar\u0131n\u0131 bildiribl\u0259r.<\/p>\n\n\n<div class=\"wp-block-image\">\n<figure class=\"aligncenter size-large\"><img decoding=\"async\" width=\"1200\" height=\"755\" data-src=\"https:\/\/www.meydan.tv\/wp-content\/uploads\/21russia-radioliberty-mobilemasterat3x-1200x755.jpg\" alt=\"\" class=\"wp-image-269100 lazyload\" src=\"data:image\/svg+xml;base64,PHN2ZyB3aWR0aD0iMSIgaGVpZ2h0PSIxIiB4bWxucz0iaHR0cDovL3d3dy53My5vcmcvMjAwMC9zdmciPjwvc3ZnPg==\" style=\"--smush-placeholder-width: 1200px; --smush-placeholder-aspect-ratio: 1200\/755;\" \/><figcaption class=\"wp-element-caption\">M\u0259nb\u0259: Reuters<\/figcaption><\/figure>\n<\/div>\n\n\n<p>Onlar bir ne\u00e7\u0259 iddia s\u0259sl\u0259ndiribl\u0259r. H\u0259m Praqa, h\u0259m Bak\u0131 b\u00fcrosunun \u0259m\u0259kda\u015flar\u0131 i\u015fd\u0259 s\u0131x\u0131\u015fd\u0131r\u0131ld\u0131qlar\u0131n\u0131, haqs\u0131z yer\u0259 t\u0259nqid olunduqlar\u0131n\u0131 v\u0259 son n\u0259tic\u0259d\u0259 qanunsuz \u015f\u0259kild\u0259, \u00f6nc\u0259d\u0259n he\u00e7 bir x\u0259b\u0259rdarl\u0131q edilm\u0259d\u0259n i\u015fd\u0259n uzaqla\u015fd\u0131r\u0131ld\u0131qlar\u0131n\u0131 deyibl\u0259r.<\/p>\n\n\n\n<p>\u018fm\u0259kda\u015flar\u0131n \u015fikay\u0259tl\u0259ri il\u0259 ba\u011fl\u0131 beyn\u0259lxalq jurnalist t\u0259\u015fkilatlar\u0131, el\u0259c\u0259 d\u0259 Az\u0259rbaycan\u0131n v\u0259t\u0259nda\u015f c\u0259miyy\u0259ti radionun Az\u0259rbaycan b\u00fcrosunda ara\u015fd\u0131rma t\u0259l\u0259bi il\u0259 \u00e7\u0131x\u0131\u015f edibl\u0259r.<br>RF\/RL ba\u015f ofisi uzun m\u00fcdd\u0259t sonra a\u00e7\u0131qlama ver\u0259r\u0259k, ara\u015fd\u0131rma apar\u0131ld\u0131\u011f\u0131n\u0131, deyil\u0259nl\u0259rin t\u0259sdiqini tapmad\u0131\u011f\u0131n\u0131 b\u0259yan edib.<\/p>\n\n\n\n<p><strong>H\u0259bsl\u0259r<\/strong><\/p>\n\n\n\n<p>Avqustun 24-d\u0259 Sumqay\u0131t \u015e\u0259h\u0259r A\u011f\u0131r Cinay\u0259tl\u0259r M\u0259hk\u0259m\u0259si jurnalist C\u0259mil M\u0259mm\u0259dli haqda h\u0259bs q\u0259rar\u0131 \u00e7\u0131xar\u0131b. Jurnalist m\u0259hk\u0259m\u0259 zal\u0131ndaca h\u0259bs edilib.<\/p>\n\n\n\n<p>V\u0259kili Fariz Namazl\u0131 bildirib ki, C\u0259mil M\u0259mm\u0259dli Cinay\u0259t M\u0259c\u0259ll\u0259sinin 178.2.4, 182.2.1, 182.2.2 v\u0259 221.2.2 madd\u0259l\u0259ri (h\u0259d\u0259-qorxu il\u0259 t\u0259l\u0259b etm\u0259, xuliqanl\u0131q, d\u0259l\u0259duzluq) il\u0259 ittiham olunur.<br>C\u0259mil M\u0259mm\u0259dli is\u0259 ittiham\u0131 q\u0259bul etmir.<\/p>\n\n\n<div class=\"wp-block-image\">\n<figure class=\"aligncenter size-full\"><img decoding=\"async\" width=\"1200\" height=\"708\" data-src=\"https:\/\/www.meydan.tv\/wp-content\/uploads\/untitled-design-2-26-e1652791597335.jpg\" alt=\"\" class=\"wp-image-245436 lazyload\" src=\"data:image\/svg+xml;base64,PHN2ZyB3aWR0aD0iMSIgaGVpZ2h0PSIxIiB4bWxucz0iaHR0cDovL3d3dy53My5vcmcvMjAwMC9zdmciPjwvc3ZnPg==\" style=\"--smush-placeholder-width: 1200px; --smush-placeholder-aspect-ratio: 1200\/708;\" \/><figcaption class=\"wp-element-caption\">C\u0259mil M\u0259mm\u0259dli. M\u0259nb\u0259: Media H\u00fcququ \u0130nstitutu<\/figcaption><\/figure>\n<\/div>\n\n\n<p>\u0130l \u0259rzind\u0259 \u201cH\u00fcrriyy\u0259t\u201d q\u0259zetinin ba\u015f redaktoru v\u0259 eyni adl\u0131 internet televiziyas\u0131n\u0131n r\u0259hb\u0259ri V\u00fcqar M\u0259mm\u0259dov da h\u0259bs olunub. Onun haqq\u0131nda \u0130nzibati X\u0259talar M\u0259c\u0259ll\u0259sinin 388-1.1.1 (internet informasiya ehtiyat\u0131nda yay\u0131lmas\u0131 qada\u011fan edil\u0259n informasiyan\u0131n yerl\u0259\u015fdirilm\u0259si, yaxud qar\u015f\u0131s\u0131n\u0131n al\u0131nmamas\u0131) madd\u0259sil\u0259 1 ayl\u0131q h\u0259bs q\u0259rar\u0131 verilib.<br>Onun r\u0259hb\u0259rlik etdiyi media orqan\u0131nda \u00e7\u0131x\u0131\u015f ed\u0259r\u0259k, m\u00fc\u0259yy\u0259n fikirl\u0259r s\u0259sl\u0259ndir\u0259n ke\u00e7mi\u015f h\u0259rb\u00e7i, polkovnik Elnur M\u0259mm\u0259dov da onunla birlikd\u0259 eyni \u015f\u0259kild\u0259 c\u0259zaland\u0131r\u0131l\u0131b.<br><br><strong>Avropa M\u0259hk\u0259m\u0259si q\u0259rar\u0131<\/strong><\/p>\n\n\n\n<p>Avropa \u0130nsan H\u00fcquqlar\u0131 M\u0259hk\u0259m\u0259si (A\u0130HM) mart\u0131n 2-d\u0259 Az\u0259rbaycandan g\u00f6nd\u0259ril\u0259n \u0259riz\u0259l\u0259r \u00fczr\u0259 d\u00f6rd yekun q\u0259rar v\u0259 q\u0259rardad\u0131n\u0131 elan edib. H\u0259min i\u015fl\u0259rd\u0259n biri haz\u0131rda m\u00fchacir\u0259td\u0259 olan jurnalist \u018ffqan Muxtarl\u0131n\u0131n \u015fikay\u0259ti il\u0259 ba\u011fl\u0131d\u0131r.<\/p>\n\n\n\n<p>O, polisd\u0259 saxlanmas\u0131 v\u0259 inzibati qaydada c\u0259rim\u0259 (50 manat) edilm\u0259sind\u0259n \u015fikay\u0259t verib.<br>A\u0130HM bu i\u015fd\u0259 ona m\u00fcnasib\u0259td\u0259 azadl\u0131q v\u0259 toxunulmazl\u0131q, habel\u0259 \u0259dal\u0259tli m\u0259hk\u0259m\u0259 ara\u015fd\u0131rmas\u0131 h\u00fcququnun pozuldu\u011funa q\u0259rar verib.<\/p>\n\n\n\n<p>Q\u0259rara \u0259sas\u0259n, h\u00f6kum\u0259t \u018ffqan Muxtarl\u0131ya m\u0259n\u0259vi z\u0259r\u0259r \u0259v\u0259zi 3 min, x\u0259rc v\u0259 m\u0259sr\u0259f \u0259v\u0259zi \u00fcmumilikd\u0259 1000 avro t\u0259zminat \u00f6d\u0259m\u0259lidir.<\/p>\n\n\n<div class=\"wp-block-image\">\n<figure class=\"aligncenter size-full\"><img decoding=\"async\" width=\"1156\" height=\"800\" data-src=\"https:\/\/www.meydan.tv\/wp-content\/uploads\/71380992_10219846383820268_9187187053350092800_o.jpg\" alt=\"Jurnalist \u018ffqan Muxtarl\u0131\" class=\"wp-image-130018 lazyload\" src=\"data:image\/svg+xml;base64,PHN2ZyB3aWR0aD0iMSIgaGVpZ2h0PSIxIiB4bWxucz0iaHR0cDovL3d3dy53My5vcmcvMjAwMC9zdmciPjwvc3ZnPg==\" style=\"--smush-placeholder-width: 1156px; --smush-placeholder-aspect-ratio: 1156\/800;\" \/><figcaption class=\"wp-element-caption\">Foto: Meydan.TV<\/figcaption><\/figure>\n<\/div>\n\n\n<p>A\u0130HM Az\u0259rbaycandan g\u00f6nd\u0259rilmi\u015f bir ne\u00e7\u0259 \u015fikay\u0259t \u00fczr\u0259 d\u0259 q\u0259rarlar\u0131n\u0131 elan edib.<br>M\u0259hk\u0259m\u0259 &#8220;Xural&#8221; q\u0259zetinin h\u0259bsd\u0259 olan ba\u015f redaktoru &#8220;\u018fv\u0259z Zeynall\u0131 Az\u0259rbaycana qar\u015f\u0131&#8221; i\u015find\u0259 \u0259riz\u0259\u00e7inin ifad\u0259 azadl\u0131\u011f\u0131 h\u00fcququna m\u00fcdaxil\u0259 olundu\u011fu q\u0259rar\u0131na g\u0259lib.<br>M\u0259hk\u0259m\u0259 i\u015fi 2010-cu ild\u0259 &#8220;Xural&#8221; q\u0259zetinin iki m\u0259qal\u0259y\u0259 g\u00f6r\u0259 m\u00fclki qaydada c\u0259rim\u0259 edilm\u0259sinin ifad\u0259 azadl\u0131\u011f\u0131 h\u00fcququna zidd olmas\u0131 iddias\u0131 il\u0259 ba\u011fl\u0131 idi.<\/p>\n\n\n\n<p>M\u00fcbahis\u0259li &#8220;\u0130lham \u018fliyev &#8220;Xural&#8221;\u0131n prezidenti deyil?!&#8221; v\u0259 &#8220;M\u0259tbu q\u0259ssab&#8221; m\u0259qal\u0259l\u0259rind\u0259 bir s\u0131ra m\u0259s\u0259l\u0259l\u0259rl\u0259 yana\u015f\u0131, K\u00fctl\u0259vi \u0130nformasiya Vasit\u0259l\u0259rin\u0259 D\u00f6vl\u0259t D\u0259st\u0259yi Fondunun haz\u0131rda m\u0259nims\u0259m\u0259 ittiham\u0131 il\u0259 h\u0259bsd\u0259 olan icra\u00e7\u0131 direktoru V\u00fcqar S\u0259f\u0259rli d\u0259 t\u0259nqid olunmu\u015fdu.<br>V\u00fcqar S\u0259f\u0259rli \u015f\u0259r\u0259f v\u0259 l\u0259yaq\u0259tinin a\u015fa\u011f\u0131lanmas\u0131 \u0259sas\u0131 il\u0259 m\u0259qal\u0259l\u0259rd\u0259n m\u0259hk\u0259m\u0259y\u0259 \u015fikay\u0259t etmi\u015f, m\u0259hk\u0259m\u0259l\u0259r &#8220;Xural&#8221; q\u0259zetini 5 min manat c\u0259rim\u0259l\u0259mi\u015fdil\u0259r.<br>Q\u0259rara \u0259sas\u0259n, h\u00f6kum\u0259t \u0259riz\u0259\u00e7iy\u0259 m\u0259n\u0259vi z\u0259r\u0259r v\u0259 x\u0259rc \u0259v\u0259zi 6 min avro \u00f6d\u0259m\u0259lidir.<\/p>\n\n\n<div class=\"wp-block-image\">\n<figure class=\"aligncenter size-full\"><img decoding=\"async\" width=\"960\" height=\"720\" data-src=\"https:\/\/www.meydan.tv\/wp-content\/uploads\/24492.jpg\" alt=\"Q\u0259nim\u0259t Zahid\" class=\"wp-image-64243 lazyload\" src=\"data:image\/svg+xml;base64,PHN2ZyB3aWR0aD0iMSIgaGVpZ2h0PSIxIiB4bWxucz0iaHR0cDovL3d3dy53My5vcmcvMjAwMC9zdmciPjwvc3ZnPg==\" style=\"--smush-placeholder-width: 960px; --smush-placeholder-aspect-ratio: 960\/720;\" \/><figcaption class=\"wp-element-caption\">Foto: Q\u0259nim\u0259t Zahidin \u015f\u0259xsi arxivnd\u0259n<\/figcaption><\/figure>\n<\/div>\n\n\n<p>Dig\u0259r q\u0259rar is\u0259 &#8220;Azadl\u0131q&#8221; q\u0259zetinin ba\u015f redaktoru &#8220;Q\u0259nim\u0259t Zahid Az\u0259rbaycana qar\u015f\u0131&#8221; i\u015fi il\u0259 ba\u011fl\u0131d\u0131r. M\u0259hk\u0259m\u0259 \u0259riz\u0259\u00e7inin \u0259dal\u0259tli m\u0259hk\u0259m\u0259 ara\u015fd\u0131rmas\u0131 h\u00fcququnun (madd\u0259 6.1) pozuldu\u011funa q\u0259rar verib.<\/p>\n\n\n\n<p>Bu m\u0259hk\u0259m\u0259 i\u015fi \u0259riz\u0259\u00e7inin 2007-ci ild\u0259 xuliqanl\u0131q ittiham\u0131 il\u0259 azadl\u0131qdan m\u0259hrum edilm\u0259si il\u0259 ba\u011fl\u0131d\u0131r. Yerli m\u0259hk\u0259m\u0259l\u0259r \u0259riz\u0259\u00e7ini t\u0259qsirli bilib, bar\u0259sind\u0259 4 il m\u00fcdd\u0259tin\u0259 azadl\u0131qdan m\u0259hrum etm\u0259 h\u00f6km\u00fc \u00e7\u0131xar\u0131blar. Bundan sonra, 2010-cu ild\u0259 Q\u0259nim\u0259t Zahidov Az\u0259rbaycan prezidenti t\u0259r\u0259find\u0259n \u0259fv edilib. Avropa M\u0259hk\u0259m\u0259si bu i\u015fd\u0259 \u0259riz\u0259\u00e7inin \u0259dal\u0259tli m\u0259hk\u0259m\u0259 ara\u015fd\u0131rmas\u0131 h\u00fcququnun (madd\u0259 6.1) pozuldu\u011funa q\u0259rar verdi. Q\u0259rara \u0259sas\u0259n, h\u00f6kum\u0259t \u0259riz\u0259\u00e7iy\u0259 m\u0259n\u0259vi z\u0259r\u0259r v\u0259 x\u0259rc \u0259v\u0259zi 6 min avro \u00f6d\u0259m\u0259lidir&#8221;.<br><br><strong>\u201cStop\u201dlara g\u00f6r\u0259 t\u0259zminatlar<\/strong><\/p>\n\n\n\n<p>\u201c\u015eahv\u0259l\u0259d Namazov Az\u0259rbaycana qar\u015f\u0131\u201d \u2013 m\u0259hk\u0259m\u0259 i\u015fi jurnalist olan \u0259riz\u0259\u00e7inin \u00f6lk\u0259d\u0259n \u00e7\u0131x\u0131\u015f\u0131na r\u0259smi qurumlar t\u0259r\u0259find\u0259n qada\u011fa qoyulmas\u0131 il\u0259 ba\u011fl\u0131d\u0131r.<br>\u018friz\u0259\u00e7i h\u0259m\u00e7inin A\u0130HM qar\u015f\u0131s\u0131nda Konvensiyan\u0131n 10 v\u0259 18-ci madd\u0259l\u0259rinin pozuntusundan da \u015fikay\u0259t edib.<br>O, A\u0130HM-\u0259 \u015fikay\u0259tind\u0259 bildirib ki, h\u0259r\u0259k\u0259t etm\u0259k azadl\u0131\u011f\u0131na qoyulan m\u0259hdudiyy\u0259t qanunauy\u011fun v\u0259 Konvensiyan\u0131n 4 sayl\u0131 Protokolunun 2-ci madd\u0259si bax\u0131m\u0131ndan z\u0259ruri olmay\u0131b.<\/p>\n\n\n<div class=\"wp-block-image\">\n<figure class=\"aligncenter size-large\"><img decoding=\"async\" width=\"1200\" height=\"675\" data-src=\"https:\/\/www.meydan.tv\/wp-content\/uploads\/copy_of_untitled_design_1-1200x675.png\" alt=\"Yazar \u015eahv\u0259l\u0259d \u00c7obano\u011flu\" class=\"wp-image-126874 lazyload\" src=\"data:image\/svg+xml;base64,PHN2ZyB3aWR0aD0iMSIgaGVpZ2h0PSIxIiB4bWxucz0iaHR0cDovL3d3dy53My5vcmcvMjAwMC9zdmciPjwvc3ZnPg==\" style=\"--smush-placeholder-width: 1200px; --smush-placeholder-aspect-ratio: 1200\/675;\" \/><figcaption class=\"wp-element-caption\">\u015eahv\u0259l\u0259d \u00c7obano\u011flu. Foto: Meydan TV<\/figcaption><\/figure>\n<\/div>\n\n\n<p>Bu i\u015fd\u0259 h\u00f6kum\u0259t A\u0130HM-\u0259 t\u0259kt\u0259r\u0259fli b\u0259yannam\u0259 t\u0259qdim edib. \u018friz\u0259\u00e7inin effektiv m\u00fcdafi\u0259 vasit\u0259l\u0259rin\u0259 malik olmaq v\u0259 h\u0259r\u0259k\u0259t azadl\u0131\u011f\u0131 h\u00fcququna m\u00fcdaxil\u0259nin ba\u015f verdiyini etiraf edib, \u0259riz\u0259\u00e7iy\u0259 \u00fcmumilikd\u0259 6 min avro t\u0259zminat\u0131n \u00f6d\u0259nilm\u0259sini v\u0259 i\u015fin bax\u0131lacaq \u0259riz\u0259l\u0259rin siyah\u0131s\u0131ndan \u00e7\u0131xar\u0131lmas\u0131n\u0131 t\u0259klif edib.<\/p>\n\n\n\n<p>Az\u0259rbaycan daha 16 min 500 avronu is\u0259 m\u00fcst\u0259qil jurnalistl\u0259rin \u00f6lk\u0259d\u0259n \u00e7\u0131x\u0131\u015f\u0131na qoyulan qanunsuz qada\u011fa il\u0259 ba\u011fl\u0131 \u00f6d\u0259y\u0259c\u0259k.<\/p>\n\n\n\n<p>\u201cAynur Q\u0259nb\u0259rova Az\u0259rbaycana qar\u015f\u0131\u201d q\u0259rarla h\u00f6kum\u0259t \u00fc\u00e7 \u015fikay\u0259t\u00e7iy\u0259 m\u0259n\u0259vi z\u0259r\u0259r\u0259 g\u00f6r\u0259 5 min, h\u00fcquqi m\u0259sr\u0259fl\u0259r\u0259 g\u00f6r\u0259 500 avro \u00f6d\u0259m\u0259lidir.<\/p>\n\n\n\n<p>\u015eikay\u0259t\u00e7il\u0259r m\u00fcst\u0259qil jurnalistl\u0259r Aynur Q\u0259nb\u0259rova (Elg\u00fcn\u0259\u015f), Natiq Cavadl\u0131 v\u0259 Aytac \u018fhm\u0259dovad\u0131r.<\/p>\n\n\n<div class=\"wp-block-image\">\n<figure class=\"aligncenter size-full\"><img decoding=\"async\" width=\"1200\" height=\"800\" data-src=\"https:\/\/www.meydan.tv\/wp-content\/uploads\/untitled-design-12.png\" alt=\"\" class=\"wp-image-225919 lazyload\" src=\"data:image\/svg+xml;base64,PHN2ZyB3aWR0aD0iMSIgaGVpZ2h0PSIxIiB4bWxucz0iaHR0cDovL3d3dy53My5vcmcvMjAwMC9zdmciPjwvc3ZnPg==\" style=\"--smush-placeholder-width: 1200px; --smush-placeholder-aspect-ratio: 1200\/800;\" \/><figcaption class=\"wp-element-caption\">Avropa M\u0259hk\u0259m\u0259si, Foto: By Maykova Galina\/Shutterstock<\/figcaption><\/figure>\n<\/div>\n\n\n<p>Onlar A\u0130HM qar\u015f\u0131s\u0131nda \u0259dal\u0259tli m\u0259hk\u0259m\u0259 ara\u015fd\u0131rmas\u0131, h\u0259r\u0259k\u0259t azadl\u0131\u011f\u0131, ifad\u0259 azadl\u0131\u011f\u0131 v\u0259 effektiv h\u00fcquqi m\u00fcdafi\u0259 imkanlar\u0131na sahib olmaq h\u00fcquqlar\u0131na m\u00fcdaxil\u0259 edildiyini iddia edibl\u0259r.<\/p>\n\n\n\n<p>A\u0130HM q\u0259rarda Konvensiyan\u0131n 4 sayl\u0131 Protokolunun 2-ci madd\u0259si v\u0259 Konvensiyan\u0131n 13-c\u00fc madd\u0259si il\u0259 ba\u011fl\u0131 \u015fikay\u0259tl\u0259ri m\u0259qbul hesab edib.<\/p>\n\n\n\n<p>M\u0259hk\u0259m\u0259 Konvensiyan\u0131n 4 sayl\u0131 Protokolunun 2-ci madd\u0259si v\u0259 Konvensiyan\u0131n 13-c\u00fc madd\u0259sinin pozuntusunu tan\u0131y\u0131b.<br>Q\u0259rara al\u0131b ki, cavabdeh d\u00f6vl\u0259t Konvensiyan\u0131n 34-c\u00fc madd\u0259si \u00fczr\u0259 \u00f6z \u00f6hd\u0259likl\u0259rini yerin\u0259 yetirm\u0259yib.<\/p>\n\n\n\n<p><strong>Bloklamalar<\/strong><\/p>\n\n\n\n<p>Daha sonra N\u0259rimanov Rayon M\u0259hk\u0259m\u0259sinin hakimi Ayt\u0259n Novruzova Ba\u015f Prokurorlu\u011fun m\u00fcraci\u0259ti \u0259sas\u0131nda \u201cH\u00fcrriyy\u0259t\u201d q\u0259zetinin \u201cYoutube\u201ddak\u0131 eyni adl\u0131 kanal\u0131na giri\u015fin m\u0259hdudla\u015fd\u0131r\u0131lmas\u0131 bar\u0259d\u0259 q\u0259rar \u00e7\u0131xar\u0131b.<\/p>\n\n\n\n<p>Ba\u015f Prokurorluq is\u0259 M\u00fcdafi\u0259 Nazirliyinin xahi\u015fil\u0259 \u201cHurriyyet TV\u201d kanal\u0131n\u0131 ba\u011flatd\u0131rmaq \u00fc\u00e7\u00fcn iddia\u00e7\u0131 qismind\u0259 \u00e7\u0131x\u0131\u015f etm\u0259y\u0259 raz\u0131l\u0131q verib.<\/p>\n\n\n\n<p>2023-c\u00fc il \u0259rzind\u0259 media reyestrind\u0259n qeydiyyatdan ke\u00e7m\u0259k \u00fc\u00e7\u00fcn m\u00fcraci\u0259t etm\u0259y\u0259n sayt dia.az-\u0131 Median\u0131n \u0130nki\u015faf\u0131 Agentliyi (MED\u0130A) m\u0259hk\u0259m\u0259y\u0259 verib.<br>Bu bar\u0259d\u0259 a\u00e7\u0131qlama ver\u0259n sayt r\u0259hb\u0259ri M\u0259h\u0259mm\u0259d Zamanov (\u018frsoy) deyib ki, internet resursu art\u0131q sayt yox, bloq kimi f\u0259aliyy\u0259t g\u00f6st\u0259rir.<\/p>\n\n\n<div class=\"wp-block-image\">\n<figure class=\"aligncenter size-large\"><img decoding=\"async\" width=\"1200\" height=\"669\" data-src=\"https:\/\/www.meydan.tv\/wp-content\/uploads\/blok-1-1200x669.png\" alt=\"\" class=\"wp-image-238602 lazyload\" src=\"data:image\/svg+xml;base64,PHN2ZyB3aWR0aD0iMSIgaGVpZ2h0PSIxIiB4bWxucz0iaHR0cDovL3d3dy53My5vcmcvMjAwMC9zdmciPjwvc3ZnPg==\" style=\"--smush-placeholder-width: 1200px; --smush-placeholder-aspect-ratio: 1200\/669;\" \/><figcaption class=\"wp-element-caption\">Foto: arxiv<\/figcaption><\/figure>\n<\/div>\n\n\n<p>M\u0259hk\u0259m\u0259y\u0259 g\u0259linc\u0259, \u018frsoy deyir ki, Median\u0131n \u0130nki\u015faf\u0131 Agentliyi \u201c<a href=\"http:\/\/dia.az\/\" target=\"_blank\" rel=\"noreferrer noopener\">dia.az<\/a>\u201d bloquna qar\u015f\u0131 \u201cMedia subyektinin v\u0259 onun redaksiyas\u0131n\u0131n f\u0259aliyy\u0259tin\u0259 xitam verilm\u0259si\u201d iddias\u0131 il\u0259 Bak\u0131 Apelyasiya M\u0259hk\u0259m\u0259sin\u0259 m\u00fcraci\u0259t edib:<\/p>\n\n\n\n<p>\u201c<em>M\u0259n\u0259 m\u0259hk\u0259m\u0259d\u0259n m\u0259ktub g\u0259lib. Orada bildirilir ki, noyabr\u0131n 14-d\u0259 m\u0259hk\u0259m\u0259dir. T\u0259l\u0259b reyestr \u00fc\u00e7\u00fcn m\u00fcraci\u0259t etm\u0259diyimiz \u00fc\u00e7\u00fcn m\u0259nim jurnalist, sayt\u0131n da media qurumu kimi f\u0259aliyy\u0259tin\u0259 icaz\u0259 verilm\u0259m\u0259sidir\u201d.<\/em><br>Daha sonra m\u0259hk\u0259m\u0259 q\u0259rar\u0131 il\u0259 sayta giri\u015f m\u0259hdudla\u015fd\u0131r\u0131l\u0131b.<br><\/p>\n\n\n\n<p><strong>Kiber h\u00fccumlar<\/strong><\/p>\n\n\n\n<p>Xaricd\u0259n f\u0259aliyy\u0259t g\u00f6st\u0259r\u0259n az\u0259rbaycandilli media orqan\u0131 \u201cMikroskop Media\u201dn\u0131n haker h\u00fccumuna m\u0259ruz qal\u0131b.<\/p>\n\n\n\n<p>Bu bar\u0259d\u0259 Meydan TV-y\u0259 dan\u0131\u015fan sayt\u0131n h\u0259mt\u0259sis\u00e7isi v\u0259 ba\u015f redaktoru Fatim\u0259 K\u0259rimova deyib ki, kibercinay\u0259t\u0259 g\u00f6r\u0259 Az\u0259rbaycan h\u00f6kum\u0259tind\u0259n \u015f\u00fcbh\u0259l\u0259nir:<\/p>\n\n\n<div class=\"wp-block-image\">\n<figure class=\"aligncenter size-full\"><img decoding=\"async\" width=\"1200\" height=\"606\" data-src=\"https:\/\/www.meydan.tv\/wp-content\/uploads\/shutterstock_2113527686-e1646123744696.jpg\" alt=\"\" class=\"wp-image-236531 lazyload\" src=\"data:image\/svg+xml;base64,PHN2ZyB3aWR0aD0iMSIgaGVpZ2h0PSIxIiB4bWxucz0iaHR0cDovL3d3dy53My5vcmcvMjAwMC9zdmciPjwvc3ZnPg==\" style=\"--smush-placeholder-width: 1200px; --smush-placeholder-aspect-ratio: 1200\/606;\" \/><figcaption class=\"wp-element-caption\"> Haker qruplar\u0131. Foto: Raland\/shutterstock<\/figcaption><\/figure>\n<\/div>\n\n\n<p><em>\u201c\u0130lin \u0259vv\u0259lind\u0259n etibar\u0259n Qaraba\u011fda ba\u015f ver\u0259nl\u0259rl\u0259 ba\u011fl\u0131 d\u0259rc etdiyimiz materiallar v\u0259 t\u0259nqidi m\u00f6vqeyimiz\u0259 g\u00f6r\u0259 ba\u015fqa n\u00f6v h\u00fccumlara, t\u0259hqir v\u0259 t\u0259hdid\u0259 m\u0259ruz qalm\u0131\u015f\u0131q. El\u0259c\u0259 d\u0259 h\u00f6kum\u0259ty\u00f6nl\u00fc sayt v\u0259 televiziyalar \u201cMikroskop Media\u201d il\u0259 ba\u011fl\u0131 reportajlar payla\u015f\u0131b, bizi \u201cv\u0259t\u0259n xainliyi\u201dnd\u0259 ittiham edibl\u0259r\u201d.<br><\/em><br><strong>\u201cAbzasMedia\u201d i\u015fi<\/strong><\/p>\n\n\n\n<p>\u201cAbzasMedia\u201dn\u0131n direktoru \u00dclvi H\u0259s\u0259nli noyabr\u0131n 20-d\u0259 saxlan\u0131b. Ona qar\u015f\u0131 qa\u00e7aqmal\u00e7\u0131l\u0131q ittiham\u0131 il\u0259 cinay\u0259t i\u015fi a\u00e7\u0131l\u0131b.<\/p>\n\n\n\n<p>Bir g\u00fcn sonra \u201cAbzasMedia\u201dn\u0131n ba\u015f redaktoru Sevinc Vaqifq\u0131z\u0131 da saxlan\u0131l\u0131b, ona qar\u015f\u0131 da eyni ittiham ir\u0259li s\u00fcr\u00fcl\u00fcb.<\/p>\n\n\n<div class=\"wp-block-image\">\n<figure class=\"alignleft size-full is-resized\"><img decoding=\"async\" width=\"720\" height=\"480\" data-src=\"https:\/\/www.meydan.tv\/wp-content\/uploads\/img_0641_720-2.jpg\" alt=\"\" class=\"wp-image-292231 lazyload\" style=\"--smush-placeholder-width: 720px; --smush-placeholder-aspect-ratio: 720\/480;width:395px;height:auto\" src=\"data:image\/svg+xml;base64,PHN2ZyB3aWR0aD0iMSIgaGVpZ2h0PSIxIiB4bWxucz0iaHR0cDovL3d3dy53My5vcmcvMjAwMC9zdmciPjwvc3ZnPg==\" \/><figcaption class=\"wp-element-caption\">\u0410\u0440\u0435\u0441\u0442\u043e\u0432\u0430\u043d\u043d\u044b\u0435 \u0434\u0438\u0440\u0435\u043a\u0442\u043e\u0440 \u0438 \u0448\u0435\u0444-\u0440\u0435\u0434\u0430\u043a\u0442\u043e\u0440 Abzas Media. \u0418\u043b\u043b\u044e\u0441\u0442\u0440\u0430\u0446\u0438\u044f \u041c\u0435\u0439\u0434\u0430\u043d \u0422\u0412<\/figcaption><\/figure>\n<\/div>\n\n\n<p>H\u0259m\u00e7inin media qurumun direktor m\u00fcavini, ictimai f\u0259al M\u0259h\u0259mm\u0259d Kekalova qar\u015f\u0131 da eyni ittihamla cinay\u0259t i\u015fi a\u00e7\u0131l\u0131b. H\u0259r \u00fc\u00e7\u00fc 4 aya yax\u0131n azadl\u0131qdan m\u0259hrum edilib.<br>\u0130\u015fl\u0259 ba\u011fl\u0131 \u015fahid qismind\u0259 istintaqa \u00e7a\u011f\u0131r\u0131lan jurnalist N\u0259rgiz Absalamova da eyni madd\u0259 il\u0259 ittiham edil\u0259r\u0259k, h\u0259bs edilib.<\/p>\n\n\n\n<p>Jurnalistl\u0259r ittihamlar\u0131 \u0259sass\u0131z say\u0131r, s\u0131rf \u201cAbzasMedia\u201dn\u0131n korrupsiya ara\u015fd\u0131rmalar\u0131na g\u00f6r\u0259 h\u0259bs edildikl\u0259rini bildirirl\u0259r.<\/p>\n\n\n\n<p>Noyabr\u0131n 21-d\u0259 X\u0259tai Rayon M\u0259hk\u0259m\u0259sinin qar\u015f\u0131s\u0131nda jurnalist \u0130slam \u015e\u0131x\u0259linin saxlan\u0131l\u0131b.<br>\u0130slam \u015e\u0131x\u0259li h\u0259mkar\u0131 Sevinc Vaqifq\u0131z\u0131n\u0131n m\u0259hk\u0259m\u0259 prosesind\u0259n reportaj haz\u0131rlamaq ist\u0259y\u0259rk\u0259n polisl\u0259r adamlar\u0131 it\u0259l\u0259y\u0259r\u0259k onlara yolu ba\u011flamaqda irad tutub.<br>Bu m\u0259qamda \u0130slam \u015e\u0131x\u0259linin polisl\u0259rin \u00f6zl\u0259rinin yolu ba\u011flad\u0131qlar\u0131 reaksiyas\u0131 onun saxlanmas\u0131 il\u0259 n\u0259tic\u0259l\u0259nib. Daha sonra journalist s\u0259rb\u0259s burax\u0131l\u0131b.<\/p>\n\n\n\n<p><strong>\u201cKanal 13\u201d-\u0259 qar\u015f\u0131 t\u0259zyiq<\/strong><\/p>\n\n\n\n<p>Dekabrda \u201cKanal 13\u201d internet televiziyas\u0131n\u0131n direktoru \u018fziz Orucov bar\u0259sind\u0259 CM-in 188.2-ci (Qanunla m\u00fc\u0259yy\u0259n edilmi\u015f m\u00fclkiyy\u0259t, istifad\u0259 v\u0259 ya icar\u0259 h\u00fcququ olmadan torpaq sah\u0259si \u00fcz\u0259rind\u0259 \u00f6zba\u015f\u0131na tikinti\u2026) madd\u0259si il\u0259 cinay\u0259t i\u015fi a\u00e7\u0131l\u0131b. \u018fziz Orucov bar\u0259sind\u0259 h\u0259bs q\u0259timkan t\u0259dbiri se\u00e7ilib.<\/p>\n\n\n<div class=\"wp-block-image\">\n<figure class=\"alignright size-full is-resized\"><img decoding=\"async\" width=\"980\" height=\"497\" data-src=\"https:\/\/www.meydan.tv\/wp-content\/uploads\/317401471_5619321894803215_6203863261861835799_n.jpg\" alt=\"\" class=\"wp-image-291924 lazyload\" style=\"--smush-placeholder-width: 980px; --smush-placeholder-aspect-ratio: 980\/497;width:400px;height:auto\" src=\"data:image\/svg+xml;base64,PHN2ZyB3aWR0aD0iMSIgaGVpZ2h0PSIxIiB4bWxucz0iaHR0cDovL3d3dy53My5vcmcvMjAwMC9zdmciPjwvc3ZnPg==\" \/><figcaption class=\"wp-element-caption\">R\u00fcf\u0259t Muradl\u0131. Foto: Facebook<\/figcaption><\/figure>\n<\/div>\n\n\n<p>&#8220;Kanal 13&#8243;\u00fcn apar\u0131c\u0131s\u0131 R\u00fcf\u0259t Muradl\u0131 is\u0259 dekabr\u0131n 2-d\u0259 ki\u00e7ik xuliqanl\u0131q v\u0259 polisin \u0259mrin\u0259 tabe olmamaq ittihamlar\u0131 il\u0259 saxlan\u0131l\u0131b, 30 sutkal\u0131q h\u0259bs\u0259 m\u0259hkum edilib. &#8220;Kanal 13&#8243;\u00fcn ba\u015f redaktoru Anar Orucov jurnalistin ittiham\u0131 r\u0259dd etdiyini deyir.<br>Orucov bu ittihamlar\u0131 &#8220;Kanal 13&#8221; v\u0259 dig\u0259r m\u00fcst\u0259qil mediaya davam ed\u0259n t\u0259zyiqin t\u0259rkib hiss\u0259si adland\u0131r\u0131b.<\/p>\n\n\n\n<p>Dekabr\u0131n 12-d\u0259 \u201cKanal 11\u201d internet televiziyas\u0131n\u0131n r\u0259hb\u0259ri Teymur K\u0259rimov bar\u0259sind\u0259 N\u0259rimanov Rayon M\u0259hk\u0259m\u0259sind\u0259 4 ayl\u0131q h\u0259bs q\u0259timkan t\u0259dbiri se\u00e7ilib.<br>Onun bar\u0259sind\u0259 h\u0259d\u0259-qorxu il\u0259 t\u0259l\u0259betm\u0259 madd\u0259si il\u0259 cinay\u0259t i\u015fi ba\u015flan\u0131b v\u0259 haz\u0131rda istintaq h\u0259r\u0259k\u0259tl\u0259ri apar\u0131l\u0131r.<br><br><strong>Ara\u015fd\u0131rma\u00e7\u0131 jurnalist d\u0259 \u201cAbzasMedia\u201d i\u015fin\u0259 g\u00f6r\u0259 saxlan\u0131l\u0131b<\/strong><\/p>\n\n\n\n<p>Dekabr\u0131n 13-d\u0259 ara\u015fd\u0131rma\u00e7\u0131 jurnalist Hafiz Babal\u0131 saxlan\u0131l\u0131b. Bu bar\u0259d\u0259 onun ail\u0259 \u00fczvl\u0259ri m\u0259lumat veribl\u0259r. Bildiribl\u0259r ki, bu g\u00fcn, dekabr\u0131n 13-d\u0259 Bak\u0131 \u015f\u0259h\u0259r Ba\u015f Polis \u0130dar\u0259sinin (B\u015eBP\u0130) \u0259m\u0259kda\u015flar\u0131 evind\u0259 axtar\u0131\u015f da apar\u0131blar. Daha sonra is\u0259 Hafiz Babal\u0131 B\u015eBP\u0130-n\u0259 apar\u0131l\u0131b.<\/p>\n\n\n<div class=\"wp-block-image\">\n<figure class=\"alignleft size-full is-resized\"><img decoding=\"async\" width=\"1200\" height=\"598\" data-src=\"https:\/\/www.meydan.tv\/wp-content\/uploads\/img_0714-e1702546447622.jpg\" alt=\"\" class=\"wp-image-292834 lazyload\" style=\"--smush-placeholder-width: 1200px; --smush-placeholder-aspect-ratio: 1200\/598;width:452px;height:auto\" src=\"data:image\/svg+xml;base64,PHN2ZyB3aWR0aD0iMSIgaGVpZ2h0PSIxIiB4bWxucz0iaHR0cDovL3d3dy53My5vcmcvMjAwMC9zdmciPjwvc3ZnPg==\" \/><figcaption class=\"wp-element-caption\">Hafiz Babal\u0131. Foto: Meydan TV<\/figcaption><\/figure>\n<\/div>\n\n\n<p>Dekabr\u0131n 14-d\u0259 is\u0259 X\u0259tai rayon M\u0259hk\u0259m\u0259sinin q\u0259rar\u0131 il\u0259 jurnalist bar\u0259sind\u0259 3 ayl\u0131q h\u0259bs q\u0259timkan t\u0259dbiri se\u00e7ilib. O da \u201cAbzasMedia\u201dn\u0131n dig\u0259r \u0259m\u0259kda\u015flar\u0131 kimi qa\u00e7aqmal\u00e7\u0131l\u0131qda ittiham edilir.<\/p>\n\n\n\n<p>Hafiz Babal\u0131 noyabr\u0131n 28-d\u0259 B\u015eBP\u0130-d\u0259 ifad\u0259y\u0259 \u00e7a\u011f\u0131r\u0131lm\u0131\u015fd\u0131. \u201cAbzasMedia\u201d i\u015fi il\u0259 ba\u011fl\u0131 \u015fahid qismind\u0259 dindirilmi\u015fdi. \u00d6z\u00fcn\u00fcn d\u0259 dem\u0259sin\u0259 g\u00f6r\u0259, o, \u201cAbzasMedia\u201dda d\u0259rc olunan \u00e7oxsayl\u0131 arasd\u0131rmalar\u0131n m\u00fc\u0259llifidir v\u0259 bunu he\u00e7 vaxt gizl\u0259tm\u0259yib.<\/p>\n\n\n\n<p><strong>Az\u0259rbaycan medias\u0131na \u201cbeyn\u0259lxalq bax\u0131\u015f\u201d<\/strong><\/p>\n\n\n\n<p>&#8220;Freedom House&#8221; insan haqlar\u0131 t\u0259\u015fkilat\u0131 bildirir ki, art\u0131q 13 ildir qlobal internet azadl\u0131\u011f\u0131n\u0131n v\u0259ziyy\u0259ti pisl\u0259\u015fir, ifad\u0259 azadl\u0131\u011f\u0131na h\u00fccumlar adil\u0259\u015fir.<\/p>\n\n\n\n<p>Qurumun yayd\u0131\u011f\u0131 &#8220;\u0130nternet Azadl\u0131\u011f\u0131 2023&#8221; adl\u0131 hesabat alt\u0131 regionda 70 \u00f6lk\u0259ni \u0259hat\u0259l\u0259yir, internet \u00fc\u00e7 qrupa b\u00f6l\u00fcn\u00fcr \u2013 &#8220;azad&#8221;, &#8220;qism\u0259n azad&#8221; v\u0259 &#8220;qeyri-azad&#8221;.<\/p>\n\n\n<div class=\"wp-block-image\">\n<figure class=\"alignright size-large is-resized\"><img decoding=\"async\" width=\"1200\" height=\"639\" data-src=\"https:\/\/www.meydan.tv\/wp-content\/uploads\/2461334-1200x639.jpg\" alt=\"Freedom House\" class=\"wp-image-129916 lazyload\" style=\"--smush-placeholder-width: 1200px; --smush-placeholder-aspect-ratio: 1200\/639;width:366px;height:auto\" src=\"data:image\/svg+xml;base64,PHN2ZyB3aWR0aD0iMSIgaGVpZ2h0PSIxIiB4bWxucz0iaHR0cDovL3d3dy53My5vcmcvMjAwMC9zdmciPjwvc3ZnPg==\" \/><figcaption class=\"wp-element-caption\">Foto: Meydan TV<\/figcaption><\/figure>\n<\/div>\n\n\n<p>Az\u0259rbaycan bu il d\u0259 interneti azad olmayan \u00f6lk\u0259l\u0259rin yan\u0131nda yer al\u0131b. M\u0259hdudla\u015fd\u0131rmalar s\u0131ras\u0131nda sosial media platformalar\u0131n\u0131n, siyasi, sosial v\u0259 dini kontentli vebsaytlar\u0131n bloklanmas\u0131, h\u00f6kum\u0259ty\u00f6nl\u00fc \u015f\u0259rh\u00e7il\u0259rin onlayn platformalarda diskussiyalar\u0131 manipulyasiya etm\u0259si g\u00f6st\u0259rilir.<\/p>\n\n\n\n<p>\u201cS\u0259rh\u0259dsiz Reportyorlar T\u0259\u015fkilat\u0131\u201d (RSF) 21-ci D\u00fcnya M\u0259tbuat Azadl\u0131\u011f\u0131 \u0130ndeksini yay\u0131b. May\u0131n 3-d\u0259 D\u00fcnya M\u0259tbuat Azadl\u0131\u011f\u0131 G\u00fcn\u00fcnd\u0259 a\u00e7\u0131qlanm\u0131\u015f indeks m\u0259tbuat azadl\u0131\u011f\u0131 sah\u0259sind\u0259 siyasi, sosial v\u0259 texnoloji \u00e7alxalanmalardan do\u011fan radikal d\u0259yi\u015fiklikl\u0259r\u0259 i\u015f\u0131q sal\u0131r.<\/p>\n\n\n\n<p>Az\u0259rbaycan indeksd\u0259 180 \u00f6lk\u0259 aras\u0131nda 151-ci yerd\u0259 q\u0259rarla\u015f\u0131b. Birinci yerd\u0259 Norve\u00e7, 180-ci yerd\u0259 \u015eimali Koreya yerl\u0259\u015fib.<br>Az\u0259rbaycan is\u0259 indeksd\u0259 Pakistan v\u0259 \u018ffqan\u0131stan aras\u0131nda q\u0259rarla\u015f\u0131b.<\/p>\n","protected":false},"excerpt":{"rendered":"<p>H\u0259bsl\u0259r, polis basq\u0131s\u0131, yeni q\u0259bul edil\u0259n qanunun t\u0259tbiqi, media reyestrinin &#8230; <\/p>\n<p class=\"read-more-container\"><a title=\"Az\u0259rbaycan m\u0259tbuat\u0131 148 ya\u015f\u0131n\u0131 nec\u0259 ke\u00e7irib?\" class=\"read-more button\" href=\"https:\/\/www.meydan.tv\/az\/article\/azerbaycan-metbuati-148-yasini-nece-kecirib\/#more-294539\" aria-label=\"Read more about Az\u0259rbaycan m\u0259tbuat\u0131 148 ya\u015f\u0131n\u0131 nec\u0259 ke\u00e7irib?\">Davam\u0131<\/a><\/p>\n","protected":false},"author":8,"featured_media":292764,"comment_status":"closed","ping_status":"closed","sticky":false,"template":"","format":"standard","meta":{"_acf_changed":false,"_sitemap_exclude":false,"_sitemap_priority":"","_sitemap_frequency":"","footnotes":""},"categories":[59,79,56],"tags":[],"class_list":["post-294539","post","type-post","status-publish","format-standard","has-post-thumbnail","hentry","category-siyaset","category-featured","category-xeberler","infinite-scroll-item","generate-columns","tablet-grid-50","mobile-grid-100","grid-parent","grid-33","no-featured-image-padding"],"acf":[],"yoast_head":"<!-- This site is optimized with the Yoast SEO plugin v27.4 - https:\/\/yoast.com\/product\/yoast-seo-wordpress\/ -->\n<title>Az\u0259rbaycan m\u0259tbuat\u0131 148 ya\u015f\u0131n\u0131 nec\u0259 ke\u00e7irib? - MEYDAN.TV<\/title>\n<meta name=\"robots\" content=\"index, follow, max-snippet:-1, max-image-preview:large, max-video-preview:-1\" \/>\n<link rel=\"canonical\" href=\"https:\/\/www.meydan.tv\/az\/article\/azerbaycan-metbuati-148-yasini-nece-kecirib\/\" \/>\n<meta property=\"og:locale\" content=\"az_AZ\" \/>\n<meta property=\"og:type\" content=\"article\" \/>\n<meta property=\"og:title\" content=\"Az\u0259rbaycan m\u0259tbuat\u0131 148 ya\u015f\u0131n\u0131 nec\u0259 ke\u00e7irib? - MEYDAN.TV\" \/>\n<meta property=\"og:description\" content=\"H\u0259bsl\u0259r, polis basq\u0131s\u0131, yeni q\u0259bul edil\u0259n qanunun t\u0259tbiqi, media reyestrinin ... Davam\u0131\" \/>\n<meta property=\"og:url\" content=\"https:\/\/www.meydan.tv\/az\/article\/azerbaycan-metbuati-148-yasini-nece-kecirib\/\" \/>\n<meta property=\"og:site_name\" content=\"MEYDAN.TV\" \/>\n<meta property=\"article:published_time\" content=\"2023-12-30T19:14:42+00:00\" \/>\n<meta property=\"article:modified_time\" content=\"2023-12-30T19:17:32+00:00\" \/>\n<meta property=\"og:image\" content=\"https:\/\/www.meydan.tv\/wp-content\/uploads\/img_9577__1_.jpg\" \/>\n\t<meta property=\"og:image:width\" content=\"1200\" \/>\n\t<meta property=\"og:image:height\" content=\"800\" \/>\n\t<meta property=\"og:image:type\" content=\"image\/jpeg\" \/>\n<meta name=\"author\" content=\"elli\" \/>\n<meta name=\"twitter:card\" content=\"summary_large_image\" \/>\n<meta name=\"twitter:creator\" content=\"@elli\" \/>\n<script type=\"application\/ld+json\" class=\"yoast-schema-graph\">{\"@context\":\"https:\\\/\\\/schema.org\",\"@graph\":[{\"@type\":\"Article\",\"@id\":\"https:\\\/\\\/www.meydan.tv\\\/az\\\/article\\\/azerbaycan-metbuati-148-yasini-nece-kecirib\\\/#article\",\"isPartOf\":{\"@id\":\"https:\\\/\\\/www.meydan.tv\\\/az\\\/article\\\/azerbaycan-metbuati-148-yasini-nece-kecirib\\\/\"},\"author\":{\"name\":\"elli\",\"@id\":\"https:\\\/\\\/www.meydan.tv\\\/az\\\/#\\\/schema\\\/person\\\/9cdbecf90d17180ce1dfbd95b08dcf47\"},\"headline\":\"Az\u0259rbaycan m\u0259tbuat\u0131 148 ya\u015f\u0131n\u0131 nec\u0259 ke\u00e7irib?\",\"datePublished\":\"2023-12-30T19:14:42+00:00\",\"dateModified\":\"2023-12-30T19:17:32+00:00\",\"mainEntityOfPage\":{\"@id\":\"https:\\\/\\\/www.meydan.tv\\\/az\\\/article\\\/azerbaycan-metbuati-148-yasini-nece-kecirib\\\/\"},\"wordCount\":4779,\"publisher\":{\"@id\":\"https:\\\/\\\/www.meydan.tv\\\/az\\\/#organization\"},\"image\":{\"@id\":\"https:\\\/\\\/www.meydan.tv\\\/az\\\/article\\\/azerbaycan-metbuati-148-yasini-nece-kecirib\\\/#primaryimage\"},\"thumbnailUrl\":\"https:\\\/\\\/www.meydan.tv\\\/wp-content\\\/uploads\\\/img_9577__1_.jpg\",\"articleSection\":[\"Siyas\u0259t\",\"T\u00f6vsiy\u0259\",\"X\u0259b\u0259rl\u0259r\"],\"inLanguage\":\"az\"},{\"@type\":\"WebPage\",\"@id\":\"https:\\\/\\\/www.meydan.tv\\\/az\\\/article\\\/azerbaycan-metbuati-148-yasini-nece-kecirib\\\/\",\"url\":\"https:\\\/\\\/www.meydan.tv\\\/az\\\/article\\\/azerbaycan-metbuati-148-yasini-nece-kecirib\\\/\",\"name\":\"Az\u0259rbaycan m\u0259tbuat\u0131 148 ya\u015f\u0131n\u0131 nec\u0259 ke\u00e7irib? - MEYDAN.TV\",\"isPartOf\":{\"@id\":\"https:\\\/\\\/www.meydan.tv\\\/az\\\/#website\"},\"primaryImageOfPage\":{\"@id\":\"https:\\\/\\\/www.meydan.tv\\\/az\\\/article\\\/azerbaycan-metbuati-148-yasini-nece-kecirib\\\/#primaryimage\"},\"image\":{\"@id\":\"https:\\\/\\\/www.meydan.tv\\\/az\\\/article\\\/azerbaycan-metbuati-148-yasini-nece-kecirib\\\/#primaryimage\"},\"thumbnailUrl\":\"https:\\\/\\\/www.meydan.tv\\\/wp-content\\\/uploads\\\/img_9577__1_.jpg\",\"datePublished\":\"2023-12-30T19:14:42+00:00\",\"dateModified\":\"2023-12-30T19:17:32+00:00\",\"breadcrumb\":{\"@id\":\"https:\\\/\\\/www.meydan.tv\\\/az\\\/article\\\/azerbaycan-metbuati-148-yasini-nece-kecirib\\\/#breadcrumb\"},\"inLanguage\":\"az\",\"potentialAction\":[{\"@type\":\"ReadAction\",\"target\":[\"https:\\\/\\\/www.meydan.tv\\\/az\\\/article\\\/azerbaycan-metbuati-148-yasini-nece-kecirib\\\/\"]}]},{\"@type\":\"ImageObject\",\"inLanguage\":\"az\",\"@id\":\"https:\\\/\\\/www.meydan.tv\\\/az\\\/article\\\/azerbaycan-metbuati-148-yasini-nece-kecirib\\\/#primaryimage\",\"url\":\"https:\\\/\\\/www.meydan.tv\\\/wp-content\\\/uploads\\\/img_9577__1_.jpg\",\"contentUrl\":\"https:\\\/\\\/www.meydan.tv\\\/wp-content\\\/uploads\\\/img_9577__1_.jpg\",\"width\":1200,\"height\":800,\"caption\":\"Media. Foto: \u00dclviyy\u0259 \u018fli.\"},{\"@type\":\"BreadcrumbList\",\"@id\":\"https:\\\/\\\/www.meydan.tv\\\/az\\\/article\\\/azerbaycan-metbuati-148-yasini-nece-kecirib\\\/#breadcrumb\",\"itemListElement\":[{\"@type\":\"ListItem\",\"position\":1,\"name\":\"Ana s\u0259hif\u0259\",\"item\":\"https:\\\/\\\/www.meydan.tv\\\/az\\\/\"},{\"@type\":\"ListItem\",\"position\":2,\"name\":\"Siyas\u0259t\",\"item\":\"https:\\\/\\\/www.meydan.tv\\\/az\\\/section\\\/siyaset\\\/\"},{\"@type\":\"ListItem\",\"position\":3,\"name\":\"Az\u0259rbaycan m\u0259tbuat\u0131 148 ya\u015f\u0131n\u0131 nec\u0259 ke\u00e7irib?\"}]},{\"@type\":\"WebSite\",\"@id\":\"https:\\\/\\\/www.meydan.tv\\\/az\\\/#website\",\"url\":\"https:\\\/\\\/www.meydan.tv\\\/az\\\/\",\"name\":\"MEYDAN.TV\",\"description\":\"Meydan TV Az\u0259rbaycan\u0131n media m\u0259kan\u0131ndak\u0131 alternativ s\u0259sidir\",\"publisher\":{\"@id\":\"https:\\\/\\\/www.meydan.tv\\\/az\\\/#organization\"},\"potentialAction\":[{\"@type\":\"SearchAction\",\"target\":{\"@type\":\"EntryPoint\",\"urlTemplate\":\"https:\\\/\\\/www.meydan.tv\\\/az\\\/?s={search_term_string}\"},\"query-input\":{\"@type\":\"PropertyValueSpecification\",\"valueRequired\":true,\"valueName\":\"search_term_string\"}}],\"inLanguage\":\"az\"},{\"@type\":\"Organization\",\"@id\":\"https:\\\/\\\/www.meydan.tv\\\/az\\\/#organization\",\"name\":\"Meydan TV\",\"url\":\"https:\\\/\\\/www.meydan.tv\\\/az\\\/\",\"logo\":{\"@type\":\"ImageObject\",\"inLanguage\":\"az\",\"@id\":\"https:\\\/\\\/www.meydan.tv\\\/az\\\/#\\\/schema\\\/logo\\\/image\\\/\",\"url\":\"https:\\\/\\\/www.meydan.tv\\\/wp-content\\\/uploads\\\/2021\\\/07\\\/meydan-logo.svg\",\"contentUrl\":\"https:\\\/\\\/www.meydan.tv\\\/wp-content\\\/uploads\\\/2021\\\/07\\\/meydan-logo.svg\",\"width\":195,\"height\":46,\"caption\":\"Meydan TV\"},\"image\":{\"@id\":\"https:\\\/\\\/www.meydan.tv\\\/az\\\/#\\\/schema\\\/logo\\\/image\\\/\"}},{\"@type\":\"Person\",\"@id\":\"https:\\\/\\\/www.meydan.tv\\\/az\\\/#\\\/schema\\\/person\\\/9cdbecf90d17180ce1dfbd95b08dcf47\",\"name\":\"elli\",\"sameAs\":[\"https:\\\/\\\/x.com\\\/elli\"]}]}<\/script>\n<!-- \/ Yoast SEO plugin. -->","yoast_head_json":{"title":"Az\u0259rbaycan m\u0259tbuat\u0131 148 ya\u015f\u0131n\u0131 nec\u0259 ke\u00e7irib? - MEYDAN.TV","robots":{"index":"index","follow":"follow","max-snippet":"max-snippet:-1","max-image-preview":"max-image-preview:large","max-video-preview":"max-video-preview:-1"},"canonical":"https:\/\/www.meydan.tv\/az\/article\/azerbaycan-metbuati-148-yasini-nece-kecirib\/","og_locale":"az_AZ","og_type":"article","og_title":"Az\u0259rbaycan m\u0259tbuat\u0131 148 ya\u015f\u0131n\u0131 nec\u0259 ke\u00e7irib? - MEYDAN.TV","og_description":"H\u0259bsl\u0259r, polis basq\u0131s\u0131, yeni q\u0259bul edil\u0259n qanunun t\u0259tbiqi, media reyestrinin ... Davam\u0131","og_url":"https:\/\/www.meydan.tv\/az\/article\/azerbaycan-metbuati-148-yasini-nece-kecirib\/","og_site_name":"MEYDAN.TV","article_published_time":"2023-12-30T19:14:42+00:00","article_modified_time":"2023-12-30T19:17:32+00:00","og_image":[{"width":1200,"height":800,"url":"https:\/\/www.meydan.tv\/wp-content\/uploads\/img_9577__1_.jpg","type":"image\/jpeg"}],"author":"elli","twitter_card":"summary_large_image","twitter_creator":"@elli","schema":{"@context":"https:\/\/schema.org","@graph":[{"@type":"Article","@id":"https:\/\/www.meydan.tv\/az\/article\/azerbaycan-metbuati-148-yasini-nece-kecirib\/#article","isPartOf":{"@id":"https:\/\/www.meydan.tv\/az\/article\/azerbaycan-metbuati-148-yasini-nece-kecirib\/"},"author":{"name":"elli","@id":"https:\/\/www.meydan.tv\/az\/#\/schema\/person\/9cdbecf90d17180ce1dfbd95b08dcf47"},"headline":"Az\u0259rbaycan m\u0259tbuat\u0131 148 ya\u015f\u0131n\u0131 nec\u0259 ke\u00e7irib?","datePublished":"2023-12-30T19:14:42+00:00","dateModified":"2023-12-30T19:17:32+00:00","mainEntityOfPage":{"@id":"https:\/\/www.meydan.tv\/az\/article\/azerbaycan-metbuati-148-yasini-nece-kecirib\/"},"wordCount":4779,"publisher":{"@id":"https:\/\/www.meydan.tv\/az\/#organization"},"image":{"@id":"https:\/\/www.meydan.tv\/az\/article\/azerbaycan-metbuati-148-yasini-nece-kecirib\/#primaryimage"},"thumbnailUrl":"https:\/\/www.meydan.tv\/wp-content\/uploads\/img_9577__1_.jpg","articleSection":["Siyas\u0259t","T\u00f6vsiy\u0259","X\u0259b\u0259rl\u0259r"],"inLanguage":"az"},{"@type":"WebPage","@id":"https:\/\/www.meydan.tv\/az\/article\/azerbaycan-metbuati-148-yasini-nece-kecirib\/","url":"https:\/\/www.meydan.tv\/az\/article\/azerbaycan-metbuati-148-yasini-nece-kecirib\/","name":"Az\u0259rbaycan m\u0259tbuat\u0131 148 ya\u015f\u0131n\u0131 nec\u0259 ke\u00e7irib? - MEYDAN.TV","isPartOf":{"@id":"https:\/\/www.meydan.tv\/az\/#website"},"primaryImageOfPage":{"@id":"https:\/\/www.meydan.tv\/az\/article\/azerbaycan-metbuati-148-yasini-nece-kecirib\/#primaryimage"},"image":{"@id":"https:\/\/www.meydan.tv\/az\/article\/azerbaycan-metbuati-148-yasini-nece-kecirib\/#primaryimage"},"thumbnailUrl":"https:\/\/www.meydan.tv\/wp-content\/uploads\/img_9577__1_.jpg","datePublished":"2023-12-30T19:14:42+00:00","dateModified":"2023-12-30T19:17:32+00:00","breadcrumb":{"@id":"https:\/\/www.meydan.tv\/az\/article\/azerbaycan-metbuati-148-yasini-nece-kecirib\/#breadcrumb"},"inLanguage":"az","potentialAction":[{"@type":"ReadAction","target":["https:\/\/www.meydan.tv\/az\/article\/azerbaycan-metbuati-148-yasini-nece-kecirib\/"]}]},{"@type":"ImageObject","inLanguage":"az","@id":"https:\/\/www.meydan.tv\/az\/article\/azerbaycan-metbuati-148-yasini-nece-kecirib\/#primaryimage","url":"https:\/\/www.meydan.tv\/wp-content\/uploads\/img_9577__1_.jpg","contentUrl":"https:\/\/www.meydan.tv\/wp-content\/uploads\/img_9577__1_.jpg","width":1200,"height":800,"caption":"Media. Foto: \u00dclviyy\u0259 \u018fli."},{"@type":"BreadcrumbList","@id":"https:\/\/www.meydan.tv\/az\/article\/azerbaycan-metbuati-148-yasini-nece-kecirib\/#breadcrumb","itemListElement":[{"@type":"ListItem","position":1,"name":"Ana s\u0259hif\u0259","item":"https:\/\/www.meydan.tv\/az\/"},{"@type":"ListItem","position":2,"name":"Siyas\u0259t","item":"https:\/\/www.meydan.tv\/az\/section\/siyaset\/"},{"@type":"ListItem","position":3,"name":"Az\u0259rbaycan m\u0259tbuat\u0131 148 ya\u015f\u0131n\u0131 nec\u0259 ke\u00e7irib?"}]},{"@type":"WebSite","@id":"https:\/\/www.meydan.tv\/az\/#website","url":"https:\/\/www.meydan.tv\/az\/","name":"MEYDAN.TV","description":"Meydan TV Az\u0259rbaycan\u0131n media m\u0259kan\u0131ndak\u0131 alternativ s\u0259sidir","publisher":{"@id":"https:\/\/www.meydan.tv\/az\/#organization"},"potentialAction":[{"@type":"SearchAction","target":{"@type":"EntryPoint","urlTemplate":"https:\/\/www.meydan.tv\/az\/?s={search_term_string}"},"query-input":{"@type":"PropertyValueSpecification","valueRequired":true,"valueName":"search_term_string"}}],"inLanguage":"az"},{"@type":"Organization","@id":"https:\/\/www.meydan.tv\/az\/#organization","name":"Meydan TV","url":"https:\/\/www.meydan.tv\/az\/","logo":{"@type":"ImageObject","inLanguage":"az","@id":"https:\/\/www.meydan.tv\/az\/#\/schema\/logo\/image\/","url":"https:\/\/www.meydan.tv\/wp-content\/uploads\/2021\/07\/meydan-logo.svg","contentUrl":"https:\/\/www.meydan.tv\/wp-content\/uploads\/2021\/07\/meydan-logo.svg","width":195,"height":46,"caption":"Meydan TV"},"image":{"@id":"https:\/\/www.meydan.tv\/az\/#\/schema\/logo\/image\/"}},{"@type":"Person","@id":"https:\/\/www.meydan.tv\/az\/#\/schema\/person\/9cdbecf90d17180ce1dfbd95b08dcf47","name":"elli","sameAs":["https:\/\/x.com\/elli"]}]}},"_links":{"self":[{"href":"https:\/\/www.meydan.tv\/az\/wp-json\/wp\/v2\/posts\/294539","targetHints":{"allow":["GET"]}}],"collection":[{"href":"https:\/\/www.meydan.tv\/az\/wp-json\/wp\/v2\/posts"}],"about":[{"href":"https:\/\/www.meydan.tv\/az\/wp-json\/wp\/v2\/types\/post"}],"author":[{"embeddable":true,"href":"https:\/\/www.meydan.tv\/az\/wp-json\/wp\/v2\/users\/8"}],"replies":[{"embeddable":true,"href":"https:\/\/www.meydan.tv\/az\/wp-json\/wp\/v2\/comments?post=294539"}],"version-history":[{"count":3,"href":"https:\/\/www.meydan.tv\/az\/wp-json\/wp\/v2\/posts\/294539\/revisions"}],"predecessor-version":[{"id":294542,"href":"https:\/\/www.meydan.tv\/az\/wp-json\/wp\/v2\/posts\/294539\/revisions\/294542"}],"wp:featuredmedia":[{"embeddable":true,"href":"https:\/\/www.meydan.tv\/az\/wp-json\/wp\/v2\/media\/292764"}],"wp:attachment":[{"href":"https:\/\/www.meydan.tv\/az\/wp-json\/wp\/v2\/media?parent=294539"}],"wp:term":[{"taxonomy":"category","embeddable":true,"href":"https:\/\/www.meydan.tv\/az\/wp-json\/wp\/v2\/categories?post=294539"},{"taxonomy":"post_tag","embeddable":true,"href":"https:\/\/www.meydan.tv\/az\/wp-json\/wp\/v2\/tags?post=294539"}],"curies":[{"name":"wp","href":"https:\/\/api.w.org\/{rel}","templated":true}]}}