{"id":294534,"date":"2023-12-30T20:40:01","date_gmt":"2023-12-30T16:40:01","guid":{"rendered":"https:\/\/www.meydan.tv\/?p=294534"},"modified":"2023-12-30T22:44:31","modified_gmt":"2023-12-30T18:44:31","slug":"msk-ilham-eliyevin-prezidentliye-namizedliyi-qeyde-alinib","status":"publish","type":"post","link":"https:\/\/www.meydan.tv\/az\/article\/msk-ilham-eliyevin-prezidentliye-namizedliyi-qeyde-alinib\/","title":{"rendered":"MSK: \u0130lham \u018fliyevin prezidentliy\u0259 namiz\u0259dliyi qeyd\u0259 al\u0131n\u0131b"},"content":{"rendered":"\n<p><\/p>\n\n\n\n<p><strong><em>Namiz\u0259d S\u0259f\u0259rovun namiz\u0259dliyinin ir\u0259li s\u00fcr\u00fclm\u0259si d\u0259 t\u0259sdiq olunub<\/em><\/strong><\/p>\n\n\n\n<p>M\u0259rk\u0259zi Se\u00e7ki Komissiyas\u0131n\u0131n (MSK) hakim Yeni Az\u0259rbaycan Partiyas\u0131n\u0131n (YAP) namiz\u0259di, haz\u0131rk\u0131 d\u00f6vl\u0259t ba\u015f\u00e7\u0131s\u0131 \u0130lham \u018fliyevin namiz\u0259dliyini qeyd\u0259 ald\u0131\u011f\u0131 bildirilir.<\/p>\n\n\n\n<p>Bu bar\u0259d\u0259 dekabr\u0131n 30-da komissiyan\u0131n iclas\u0131nda q\u0259rar q\u0259bul edilib. <\/p>\n\n\n\n<p>Eyni zamanda, komissiyan\u0131n iclas\u0131nda m\u00fcst\u0259qil \u015f\u0259kild\u0259 se\u00e7ki prosesin\u0259 qat\u0131lan Namiz\u0259d S\u0259f\u0259rovun namiz\u0259dliyinin ir\u0259li s\u00fcr\u00fclm\u0259si d\u0259 t\u0259sdiq olunub.<\/p>\n\n\n\n<p>2024-c\u00fc ilin fevral\u0131n 7-d\u0259 Az\u0259rbaycanda n\u00f6vb\u0259d\u0259nk\u0259nar Prezident se\u00e7kil\u0259ri ke\u00e7iril\u0259c\u0259k. \u0130lham \u018fliyev dekabr\u0131n 7-d\u0259 bununla ba\u011fl\u0131 s\u0259r\u0259ncam imzalay\u0131b. <\/p>\n\n\n\n<p>Bu g\u00fcn\u0259 q\u0259d\u0259r \u00f6lk\u0259 ba\u015f\u00e7\u0131s\u0131 <a href=\"https:\/\/storage.googleapis.com\/qurium\/www.meydan.tv\/az-article-yap-namizedini-resmen-aciqladi.html\">\u0130lham \u018fliyev<\/a>, deputatlar <a href=\"https:\/\/storage.googleapis.com\/qurium\/www.meydan.tv\/az-article-fazil-mustafa-da-prezidentliye-namized-olacaq.html\">Fazil Mustafa,<\/a> <a href=\"https:\/\/storage.googleapis.com\/qurium\/www.meydan.tv\/az-article-zahid-oruc-da-prezidentliye-namized-olacaq.html\">Zahid Oruc<\/a>, <a href=\"https:\/\/d9mc3ts4czbpr.cloudfront.net\/az\/article\/qudret-hesenquliyev-yene-namized-olacaq\/\">Q\u00fcdr\u0259t H\u0259s\u0259nquliyev,<\/a> <a href=\"https:\/\/storage.googleapis.com\/qurium\/www.meydan.tv\/az-article-razi-nurullayev-de-namizedliyini-ireli-surub.html\">Razi Nurullayev<\/a>, B\u00f6y\u00fck Az\u0259rbaycan Partiyas\u0131n\u0131n s\u0259dri <a href=\"https:\/\/storage.googleapis.com\/qurium\/www.meydan.tv\/az-article-elsad-musayev-de-prezident-olmaq-isteyir.html\">El\u015fad Musayev<\/a>, <a href=\"https:\/\/d9mc3ts4czbpr.cloudfront.net\/az\/article\/fealiyyetini-dayandiran-partiyanin-sedri-prezidentliye-namized-olacaq\/\">Fuad \u018fliyev, <\/a>S\u0259rvan K\u0259rimov, M\u0259tl\u0259b M\u00fct\u0259llimli, Abutal\u0131b S\u0259m\u0259dov, Fikr\u0259t Yusifov, Yusif Ba\u011f\u0131rzad\u0259, Arzuman Abdulk\u0259rimov, <a href=\"https:\/\/storage.googleapis.com\/qurium\/www.meydan.tv\/az-article-yunus-oguz-bu-seckide-de-namizedliyini-ireli-surur.html\">Yunus O\u011fuz, <\/a>Qulamh\u00fcseyn \u018flib\u0259yli namiz\u0259dlikl\u0259rini ir\u0259li <a href=\"https:\/\/www.meydan.tv\/az\/article\/daha-8-neferin-namizedliyinin-ireli-surulmesi-tesdiqlenib\/\">s\u00fcr\u00fcbl\u0259r. <\/a><\/p>\n\n\n\n<p>Prezidentliy\u0259 namiz\u0259dliyini ver\u0259n deputatlar\u0131n h\u0259r biri hakimiyy\u0259ty\u00f6n\u00fcml\u00fc partiyan\u0131n s\u0259dridir. <\/p>\n\n\n\n<p>Dig\u0259r namiz\u0259dl\u0259r d\u0259 hakimiyy\u0259t\u0259 yax\u0131nl\u0131\u011f\u0131 il\u0259 tan\u0131n\u0131r. <\/p>\n\n\n\n<p><a href=\"https:\/\/storage.googleapis.com\/qurium\/www.meydan.tv\/az-article-axcp-de-seckide-istirak-etmeyecek.html\">AXCP,<\/a> <a href=\"https:\/\/storage.googleapis.com\/qurium\/www.meydan.tv\/az-article-musavat-novbedenkenar-seckide-istirakdan-imtina-edib.html\">M\u00fcsavat<\/a> v\u0259 <a href=\"https:\/\/storage.googleapis.com\/qurium\/www.meydan.tv\/az-article-kxcp-de-seckide-istirak-etmeyecek.html\">Klassik Xalq C\u0259bh\u0259si <\/a>partiyalar\u0131 is\u0259 se\u00e7kini boykot ed\u0259c\u0259kl\u0259rini a\u00e7\u0131qlay\u0131blar. <\/p>\n\n\n\n<p>Az\u0259rbaycanda sonuncu d\u0259f\u0259 Prezident se\u00e7kil\u0259ri 2018-ci il aprelin 11-d\u0259 ke\u00e7irilib. H\u0259min se\u00e7kil\u0259r d\u0259 n\u00f6vb\u0259d\u0259nk\u0259nar olub. <\/p>\n\n\n\n<p>\u0130lham \u018fliyev 20 ildir ki, Prezident v\u0259zif\u0259sini icra edir.<\/p>\n","protected":false},"excerpt":{"rendered":"<p>Namiz\u0259d S\u0259f\u0259rovun namiz\u0259dliyinin ir\u0259li s\u00fcr\u00fclm\u0259si d\u0259 t\u0259sdiq olunub M\u0259rk\u0259zi Se\u00e7ki &#8230; <\/p>\n<p class=\"read-more-container\"><a title=\"MSK: \u0130lham \u018fliyevin prezidentliy\u0259 namiz\u0259dliyi qeyd\u0259 al\u0131n\u0131b\" class=\"read-more button\" href=\"https:\/\/www.meydan.tv\/az\/article\/msk-ilham-eliyevin-prezidentliye-namizedliyi-qeyde-alinib\/#more-294534\" aria-label=\"Read more about MSK: \u0130lham \u018fliyevin prezidentliy\u0259 namiz\u0259dliyi qeyd\u0259 al\u0131n\u0131b\">Davam\u0131<\/a><\/p>\n","protected":false},"author":8,"featured_media":293282,"comment_status":"closed","ping_status":"closed","sticky":false,"template":"","format":"standard","meta":{"_acf_changed":false,"_sitemap_exclude":false,"_sitemap_priority":"","_sitemap_frequency":"","footnotes":""},"categories":[129,59,56],"tags":[],"class_list":["post-294534","post","type-post","status-publish","format-standard","has-post-thumbnail","hentry","category-sechki-2024","category-siyaset","category-xeberler","infinite-scroll-item","generate-columns","tablet-grid-50","mobile-grid-100","grid-parent","grid-33","no-featured-image-padding"],"acf":[],"yoast_head":"<!-- This site is optimized with the Yoast SEO plugin v27.4 - https:\/\/yoast.com\/product\/yoast-seo-wordpress\/ -->\n<title>MSK: \u0130lham \u018fliyevin prezidentliy\u0259 namiz\u0259dliyi qeyd\u0259 al\u0131n\u0131b - MEYDAN.TV<\/title>\n<meta name=\"robots\" content=\"index, follow, max-snippet:-1, max-image-preview:large, max-video-preview:-1\" \/>\n<link rel=\"canonical\" href=\"https:\/\/www.meydan.tv\/az\/article\/msk-ilham-eliyevin-prezidentliye-namizedliyi-qeyde-alinib\/\" \/>\n<meta property=\"og:locale\" content=\"az_AZ\" \/>\n<meta property=\"og:type\" content=\"article\" \/>\n<meta property=\"og:title\" content=\"MSK: \u0130lham \u018fliyevin prezidentliy\u0259 namiz\u0259dliyi qeyd\u0259 al\u0131n\u0131b - MEYDAN.TV\" \/>\n<meta property=\"og:description\" content=\"Namiz\u0259d S\u0259f\u0259rovun namiz\u0259dliyinin ir\u0259li s\u00fcr\u00fclm\u0259si d\u0259 t\u0259sdiq olunub M\u0259rk\u0259zi Se\u00e7ki ... Davam\u0131\" \/>\n<meta property=\"og:url\" content=\"https:\/\/www.meydan.tv\/az\/article\/msk-ilham-eliyevin-prezidentliye-namizedliyi-qeyde-alinib\/\" \/>\n<meta property=\"og:site_name\" content=\"MEYDAN.TV\" \/>\n<meta property=\"article:published_time\" content=\"2023-12-30T16:40:01+00:00\" \/>\n<meta property=\"article:modified_time\" content=\"2023-12-30T18:44:31+00:00\" \/>\n<meta property=\"og:image\" content=\"https:\/\/www.meydan.tv\/wp-content\/uploads\/jpgl7146.jpg\" \/>\n\t<meta property=\"og:image:width\" content=\"1200\" \/>\n\t<meta property=\"og:image:height\" content=\"800\" \/>\n\t<meta property=\"og:image:type\" content=\"image\/jpeg\" \/>\n<meta name=\"author\" content=\"elli\" \/>\n<meta name=\"twitter:card\" content=\"summary_large_image\" \/>\n<meta name=\"twitter:creator\" content=\"@elli\" \/>\n<script type=\"application\/ld+json\" class=\"yoast-schema-graph\">{\"@context\":\"https:\\\/\\\/schema.org\",\"@graph\":[{\"@type\":\"Article\",\"@id\":\"https:\\\/\\\/www.meydan.tv\\\/az\\\/article\\\/msk-ilham-eliyevin-prezidentliye-namizedliyi-qeyde-alinib\\\/#article\",\"isPartOf\":{\"@id\":\"https:\\\/\\\/www.meydan.tv\\\/az\\\/article\\\/msk-ilham-eliyevin-prezidentliye-namizedliyi-qeyde-alinib\\\/\"},\"author\":{\"name\":\"elli\",\"@id\":\"https:\\\/\\\/www.meydan.tv\\\/az\\\/#\\\/schema\\\/person\\\/9cdbecf90d17180ce1dfbd95b08dcf47\"},\"headline\":\"MSK: \u0130lham \u018fliyevin prezidentliy\u0259 namiz\u0259dliyi qeyd\u0259 al\u0131n\u0131b\",\"datePublished\":\"2023-12-30T16:40:01+00:00\",\"dateModified\":\"2023-12-30T18:44:31+00:00\",\"mainEntityOfPage\":{\"@id\":\"https:\\\/\\\/www.meydan.tv\\\/az\\\/article\\\/msk-ilham-eliyevin-prezidentliye-namizedliyi-qeyde-alinib\\\/\"},\"wordCount\":309,\"publisher\":{\"@id\":\"https:\\\/\\\/www.meydan.tv\\\/az\\\/#organization\"},\"image\":{\"@id\":\"https:\\\/\\\/www.meydan.tv\\\/az\\\/article\\\/msk-ilham-eliyevin-prezidentliye-namizedliyi-qeyde-alinib\\\/#primaryimage\"},\"thumbnailUrl\":\"https:\\\/\\\/www.meydan.tv\\\/wp-content\\\/uploads\\\/jpgl7146.jpg\",\"articleSection\":[\"Se\u00e7ki 2024\",\"Siyas\u0259t\",\"X\u0259b\u0259rl\u0259r\"],\"inLanguage\":\"az\"},{\"@type\":\"WebPage\",\"@id\":\"https:\\\/\\\/www.meydan.tv\\\/az\\\/article\\\/msk-ilham-eliyevin-prezidentliye-namizedliyi-qeyde-alinib\\\/\",\"url\":\"https:\\\/\\\/www.meydan.tv\\\/az\\\/article\\\/msk-ilham-eliyevin-prezidentliye-namizedliyi-qeyde-alinib\\\/\",\"name\":\"MSK: \u0130lham \u018fliyevin prezidentliy\u0259 namiz\u0259dliyi qeyd\u0259 al\u0131n\u0131b - MEYDAN.TV\",\"isPartOf\":{\"@id\":\"https:\\\/\\\/www.meydan.tv\\\/az\\\/#website\"},\"primaryImageOfPage\":{\"@id\":\"https:\\\/\\\/www.meydan.tv\\\/az\\\/article\\\/msk-ilham-eliyevin-prezidentliye-namizedliyi-qeyde-alinib\\\/#primaryimage\"},\"image\":{\"@id\":\"https:\\\/\\\/www.meydan.tv\\\/az\\\/article\\\/msk-ilham-eliyevin-prezidentliye-namizedliyi-qeyde-alinib\\\/#primaryimage\"},\"thumbnailUrl\":\"https:\\\/\\\/www.meydan.tv\\\/wp-content\\\/uploads\\\/jpgl7146.jpg\",\"datePublished\":\"2023-12-30T16:40:01+00:00\",\"dateModified\":\"2023-12-30T18:44:31+00:00\",\"breadcrumb\":{\"@id\":\"https:\\\/\\\/www.meydan.tv\\\/az\\\/article\\\/msk-ilham-eliyevin-prezidentliye-namizedliyi-qeyde-alinib\\\/#breadcrumb\"},\"inLanguage\":\"az\",\"potentialAction\":[{\"@type\":\"ReadAction\",\"target\":[\"https:\\\/\\\/www.meydan.tv\\\/az\\\/article\\\/msk-ilham-eliyevin-prezidentliye-namizedliyi-qeyde-alinib\\\/\"]}]},{\"@type\":\"ImageObject\",\"inLanguage\":\"az\",\"@id\":\"https:\\\/\\\/www.meydan.tv\\\/az\\\/article\\\/msk-ilham-eliyevin-prezidentliye-namizedliyi-qeyde-alinib\\\/#primaryimage\",\"url\":\"https:\\\/\\\/www.meydan.tv\\\/wp-content\\\/uploads\\\/jpgl7146.jpg\",\"contentUrl\":\"https:\\\/\\\/www.meydan.tv\\\/wp-content\\\/uploads\\\/jpgl7146.jpg\",\"width\":1200,\"height\":800,\"caption\":\"M\u0259rk\u0259zi Se\u00e7ki Komissiyas\u0131 (MSK). Foto: Az\u0259rtac\"},{\"@type\":\"BreadcrumbList\",\"@id\":\"https:\\\/\\\/www.meydan.tv\\\/az\\\/article\\\/msk-ilham-eliyevin-prezidentliye-namizedliyi-qeyde-alinib\\\/#breadcrumb\",\"itemListElement\":[{\"@type\":\"ListItem\",\"position\":1,\"name\":\"Ana s\u0259hif\u0259\",\"item\":\"https:\\\/\\\/www.meydan.tv\\\/az\\\/\"},{\"@type\":\"ListItem\",\"position\":2,\"name\":\"Siyas\u0259t\",\"item\":\"https:\\\/\\\/www.meydan.tv\\\/az\\\/section\\\/siyaset\\\/\"},{\"@type\":\"ListItem\",\"position\":3,\"name\":\"MSK: \u0130lham \u018fliyevin prezidentliy\u0259 namiz\u0259dliyi qeyd\u0259 al\u0131n\u0131b\"}]},{\"@type\":\"WebSite\",\"@id\":\"https:\\\/\\\/www.meydan.tv\\\/az\\\/#website\",\"url\":\"https:\\\/\\\/www.meydan.tv\\\/az\\\/\",\"name\":\"MEYDAN.TV\",\"description\":\"Meydan TV Az\u0259rbaycan\u0131n media m\u0259kan\u0131ndak\u0131 alternativ s\u0259sidir\",\"publisher\":{\"@id\":\"https:\\\/\\\/www.meydan.tv\\\/az\\\/#organization\"},\"potentialAction\":[{\"@type\":\"SearchAction\",\"target\":{\"@type\":\"EntryPoint\",\"urlTemplate\":\"https:\\\/\\\/www.meydan.tv\\\/az\\\/?s={search_term_string}\"},\"query-input\":{\"@type\":\"PropertyValueSpecification\",\"valueRequired\":true,\"valueName\":\"search_term_string\"}}],\"inLanguage\":\"az\"},{\"@type\":\"Organization\",\"@id\":\"https:\\\/\\\/www.meydan.tv\\\/az\\\/#organization\",\"name\":\"Meydan TV\",\"url\":\"https:\\\/\\\/www.meydan.tv\\\/az\\\/\",\"logo\":{\"@type\":\"ImageObject\",\"inLanguage\":\"az\",\"@id\":\"https:\\\/\\\/www.meydan.tv\\\/az\\\/#\\\/schema\\\/logo\\\/image\\\/\",\"url\":\"https:\\\/\\\/www.meydan.tv\\\/wp-content\\\/uploads\\\/2021\\\/07\\\/meydan-logo.svg\",\"contentUrl\":\"https:\\\/\\\/www.meydan.tv\\\/wp-content\\\/uploads\\\/2021\\\/07\\\/meydan-logo.svg\",\"width\":195,\"height\":46,\"caption\":\"Meydan TV\"},\"image\":{\"@id\":\"https:\\\/\\\/www.meydan.tv\\\/az\\\/#\\\/schema\\\/logo\\\/image\\\/\"}},{\"@type\":\"Person\",\"@id\":\"https:\\\/\\\/www.meydan.tv\\\/az\\\/#\\\/schema\\\/person\\\/9cdbecf90d17180ce1dfbd95b08dcf47\",\"name\":\"elli\",\"sameAs\":[\"https:\\\/\\\/x.com\\\/elli\"]}]}<\/script>\n<!-- \/ Yoast SEO plugin. -->","yoast_head_json":{"title":"MSK: \u0130lham \u018fliyevin prezidentliy\u0259 namiz\u0259dliyi qeyd\u0259 al\u0131n\u0131b - MEYDAN.TV","robots":{"index":"index","follow":"follow","max-snippet":"max-snippet:-1","max-image-preview":"max-image-preview:large","max-video-preview":"max-video-preview:-1"},"canonical":"https:\/\/www.meydan.tv\/az\/article\/msk-ilham-eliyevin-prezidentliye-namizedliyi-qeyde-alinib\/","og_locale":"az_AZ","og_type":"article","og_title":"MSK: \u0130lham \u018fliyevin prezidentliy\u0259 namiz\u0259dliyi qeyd\u0259 al\u0131n\u0131b - MEYDAN.TV","og_description":"Namiz\u0259d S\u0259f\u0259rovun namiz\u0259dliyinin ir\u0259li s\u00fcr\u00fclm\u0259si d\u0259 t\u0259sdiq olunub M\u0259rk\u0259zi Se\u00e7ki ... Davam\u0131","og_url":"https:\/\/www.meydan.tv\/az\/article\/msk-ilham-eliyevin-prezidentliye-namizedliyi-qeyde-alinib\/","og_site_name":"MEYDAN.TV","article_published_time":"2023-12-30T16:40:01+00:00","article_modified_time":"2023-12-30T18:44:31+00:00","og_image":[{"width":1200,"height":800,"url":"https:\/\/www.meydan.tv\/wp-content\/uploads\/jpgl7146.jpg","type":"image\/jpeg"}],"author":"elli","twitter_card":"summary_large_image","twitter_creator":"@elli","schema":{"@context":"https:\/\/schema.org","@graph":[{"@type":"Article","@id":"https:\/\/www.meydan.tv\/az\/article\/msk-ilham-eliyevin-prezidentliye-namizedliyi-qeyde-alinib\/#article","isPartOf":{"@id":"https:\/\/www.meydan.tv\/az\/article\/msk-ilham-eliyevin-prezidentliye-namizedliyi-qeyde-alinib\/"},"author":{"name":"elli","@id":"https:\/\/www.meydan.tv\/az\/#\/schema\/person\/9cdbecf90d17180ce1dfbd95b08dcf47"},"headline":"MSK: \u0130lham \u018fliyevin prezidentliy\u0259 namiz\u0259dliyi qeyd\u0259 al\u0131n\u0131b","datePublished":"2023-12-30T16:40:01+00:00","dateModified":"2023-12-30T18:44:31+00:00","mainEntityOfPage":{"@id":"https:\/\/www.meydan.tv\/az\/article\/msk-ilham-eliyevin-prezidentliye-namizedliyi-qeyde-alinib\/"},"wordCount":309,"publisher":{"@id":"https:\/\/www.meydan.tv\/az\/#organization"},"image":{"@id":"https:\/\/www.meydan.tv\/az\/article\/msk-ilham-eliyevin-prezidentliye-namizedliyi-qeyde-alinib\/#primaryimage"},"thumbnailUrl":"https:\/\/www.meydan.tv\/wp-content\/uploads\/jpgl7146.jpg","articleSection":["Se\u00e7ki 2024","Siyas\u0259t","X\u0259b\u0259rl\u0259r"],"inLanguage":"az"},{"@type":"WebPage","@id":"https:\/\/www.meydan.tv\/az\/article\/msk-ilham-eliyevin-prezidentliye-namizedliyi-qeyde-alinib\/","url":"https:\/\/www.meydan.tv\/az\/article\/msk-ilham-eliyevin-prezidentliye-namizedliyi-qeyde-alinib\/","name":"MSK: \u0130lham \u018fliyevin prezidentliy\u0259 namiz\u0259dliyi qeyd\u0259 al\u0131n\u0131b - MEYDAN.TV","isPartOf":{"@id":"https:\/\/www.meydan.tv\/az\/#website"},"primaryImageOfPage":{"@id":"https:\/\/www.meydan.tv\/az\/article\/msk-ilham-eliyevin-prezidentliye-namizedliyi-qeyde-alinib\/#primaryimage"},"image":{"@id":"https:\/\/www.meydan.tv\/az\/article\/msk-ilham-eliyevin-prezidentliye-namizedliyi-qeyde-alinib\/#primaryimage"},"thumbnailUrl":"https:\/\/www.meydan.tv\/wp-content\/uploads\/jpgl7146.jpg","datePublished":"2023-12-30T16:40:01+00:00","dateModified":"2023-12-30T18:44:31+00:00","breadcrumb":{"@id":"https:\/\/www.meydan.tv\/az\/article\/msk-ilham-eliyevin-prezidentliye-namizedliyi-qeyde-alinib\/#breadcrumb"},"inLanguage":"az","potentialAction":[{"@type":"ReadAction","target":["https:\/\/www.meydan.tv\/az\/article\/msk-ilham-eliyevin-prezidentliye-namizedliyi-qeyde-alinib\/"]}]},{"@type":"ImageObject","inLanguage":"az","@id":"https:\/\/www.meydan.tv\/az\/article\/msk-ilham-eliyevin-prezidentliye-namizedliyi-qeyde-alinib\/#primaryimage","url":"https:\/\/www.meydan.tv\/wp-content\/uploads\/jpgl7146.jpg","contentUrl":"https:\/\/www.meydan.tv\/wp-content\/uploads\/jpgl7146.jpg","width":1200,"height":800,"caption":"M\u0259rk\u0259zi Se\u00e7ki Komissiyas\u0131 (MSK). Foto: Az\u0259rtac"},{"@type":"BreadcrumbList","@id":"https:\/\/www.meydan.tv\/az\/article\/msk-ilham-eliyevin-prezidentliye-namizedliyi-qeyde-alinib\/#breadcrumb","itemListElement":[{"@type":"ListItem","position":1,"name":"Ana s\u0259hif\u0259","item":"https:\/\/www.meydan.tv\/az\/"},{"@type":"ListItem","position":2,"name":"Siyas\u0259t","item":"https:\/\/www.meydan.tv\/az\/section\/siyaset\/"},{"@type":"ListItem","position":3,"name":"MSK: \u0130lham \u018fliyevin prezidentliy\u0259 namiz\u0259dliyi qeyd\u0259 al\u0131n\u0131b"}]},{"@type":"WebSite","@id":"https:\/\/www.meydan.tv\/az\/#website","url":"https:\/\/www.meydan.tv\/az\/","name":"MEYDAN.TV","description":"Meydan TV Az\u0259rbaycan\u0131n media m\u0259kan\u0131ndak\u0131 alternativ s\u0259sidir","publisher":{"@id":"https:\/\/www.meydan.tv\/az\/#organization"},"potentialAction":[{"@type":"SearchAction","target":{"@type":"EntryPoint","urlTemplate":"https:\/\/www.meydan.tv\/az\/?s={search_term_string}"},"query-input":{"@type":"PropertyValueSpecification","valueRequired":true,"valueName":"search_term_string"}}],"inLanguage":"az"},{"@type":"Organization","@id":"https:\/\/www.meydan.tv\/az\/#organization","name":"Meydan TV","url":"https:\/\/www.meydan.tv\/az\/","logo":{"@type":"ImageObject","inLanguage":"az","@id":"https:\/\/www.meydan.tv\/az\/#\/schema\/logo\/image\/","url":"https:\/\/www.meydan.tv\/wp-content\/uploads\/2021\/07\/meydan-logo.svg","contentUrl":"https:\/\/www.meydan.tv\/wp-content\/uploads\/2021\/07\/meydan-logo.svg","width":195,"height":46,"caption":"Meydan TV"},"image":{"@id":"https:\/\/www.meydan.tv\/az\/#\/schema\/logo\/image\/"}},{"@type":"Person","@id":"https:\/\/www.meydan.tv\/az\/#\/schema\/person\/9cdbecf90d17180ce1dfbd95b08dcf47","name":"elli","sameAs":["https:\/\/x.com\/elli"]}]}},"_links":{"self":[{"href":"https:\/\/www.meydan.tv\/az\/wp-json\/wp\/v2\/posts\/294534","targetHints":{"allow":["GET"]}}],"collection":[{"href":"https:\/\/www.meydan.tv\/az\/wp-json\/wp\/v2\/posts"}],"about":[{"href":"https:\/\/www.meydan.tv\/az\/wp-json\/wp\/v2\/types\/post"}],"author":[{"embeddable":true,"href":"https:\/\/www.meydan.tv\/az\/wp-json\/wp\/v2\/users\/8"}],"replies":[{"embeddable":true,"href":"https:\/\/www.meydan.tv\/az\/wp-json\/wp\/v2\/comments?post=294534"}],"version-history":[{"count":2,"href":"https:\/\/www.meydan.tv\/az\/wp-json\/wp\/v2\/posts\/294534\/revisions"}],"predecessor-version":[{"id":294536,"href":"https:\/\/www.meydan.tv\/az\/wp-json\/wp\/v2\/posts\/294534\/revisions\/294536"}],"wp:featuredmedia":[{"embeddable":true,"href":"https:\/\/www.meydan.tv\/az\/wp-json\/wp\/v2\/media\/293282"}],"wp:attachment":[{"href":"https:\/\/www.meydan.tv\/az\/wp-json\/wp\/v2\/media?parent=294534"}],"wp:term":[{"taxonomy":"category","embeddable":true,"href":"https:\/\/www.meydan.tv\/az\/wp-json\/wp\/v2\/categories?post=294534"},{"taxonomy":"post_tag","embeddable":true,"href":"https:\/\/www.meydan.tv\/az\/wp-json\/wp\/v2\/tags?post=294534"}],"curies":[{"name":"wp","href":"https:\/\/api.w.org\/{rel}","templated":true}]}}