{"id":294521,"date":"2023-12-30T16:26:02","date_gmt":"2023-12-30T12:26:02","guid":{"rendered":"https:\/\/www.meydan.tv\/?p=294521"},"modified":"2023-12-30T16:26:05","modified_gmt":"2023-12-30T12:26:05","slug":"hebsdeki-jurnalistin-qardasi-ustune-qaynar-su-tokub-ozune-qesd-eleyib","status":"publish","type":"post","link":"https:\/\/www.meydan.tv\/az\/article\/hebsdeki-jurnalistin-qardasi-ustune-qaynar-su-tokub-ozune-qesd-eleyib\/","title":{"rendered":"H\u0259bsd\u0259ki jurnalistin qarda\u015f\u0131: \u201c\u00dcst\u00fcn\u0259 qaynar su t\u00f6k\u00fcb, \u00f6z\u00fcn\u0259 q\u0259sd el\u0259yib\u201d"},"content":{"rendered":"\n<p><\/p>\n\n\n\n<p><strong><em>Elm\u0259ddin Q\u0259mb\u0259rov: \u201cD\u0259rhal t\u0259cridxanada tibbi-sanitar m\u0259nt\u0259q\u0259y\u0259 apar\u0131blar, h\u0259kiml\u0259r ikinci d\u0259r\u0259c\u0259li yan\u0131q diaqnozu qoyublar\u201d<\/em><\/strong><\/p>\n\n\n\n<p>G\u0259nc\u0259d\u0259ki 2 sayl\u0131 istintaq t\u0259cridxanas\u0131nda jurnalist Zaur Q\u0259mb\u0259rovun intihara c\u0259hd etdiyi bildirilir. <\/p>\n\n\n\n<p>Bu bar\u0259d\u0259 Meydan TV-y\u0259 dan\u0131\u015fan G\u0259d\u0259b\u0259y rayonunun Ar\u0131q\u0131ran k\u0259nd sakini Elm\u0259ddin Q\u0259mb\u0259rov deyir ki, qarda\u015f\u0131 saxland\u0131\u011f\u0131 kamerada \u00fcst\u00fcn\u0259 qaynar su t\u00f6k\u00fcb.<\/p>\n\n\n\n<p>\u201c<strong>Kamera yolda\u015flar\u0131 mane olma\u011fa \u00e7al\u0131\u015f\u0131b, amma&#8230;\u201d<\/strong><\/p>\n\n\n\n<p>Qarda\u015f\u0131n\u0131n s\u00f6zl\u0259rin\u0259 g\u00f6r\u0259, n\u0259tic\u0259d\u0259 Zaur Q\u0259mb\u0259rovun sin\u0259si, k\u00fcr\u0259yi, beli, \u00e7iyni v\u0259 qolu yan\u0131b:<\/p>\n\n\n\n<p>\u201c<em>M\u0259n x\u0259b\u0259r tutanda d\u0259h\u015f\u0259t\u0259 g\u0259ldim. Qaynar suyu ba\u015f\u0131ndan t\u00f6km\u0259k ist\u0259yib. Kamera yolda\u015flar\u0131 g\u00f6r\u0259n kimi mane olma\u011fa \u00e7al\u0131\u015f\u0131b. Amma \u0259lind\u0259n ala bilm\u0259yibl\u0259r. \u00c7iyin hiss\u0259sind\u0259n t\u00f6k\u00fcl\u00fcb. D\u0259rhal t\u0259cridxanada tibbi-sanitar m\u0259nt\u0259q\u0259y\u0259 apar\u0131blar. Orada yard\u0131m g\u00f6st\u0259ribl\u0259r. H\u0259kiml\u0259r ikinci d\u0259r\u0259c\u0259li yan\u0131q diaqnozu qoyublar\u201d.<\/em><\/p>\n\n\n\n<p>Elm\u0259ddin Q\u0259mb\u0259rovun s\u00f6zl\u0259rin\u0259 g\u00f6r\u0259, qarda\u015f\u0131n\u0131n istintaq t\u0259cridxanas\u0131ndak\u0131 \u015f\u0259raitd\u0259n, \u0259m\u0259kda\u015flar\u0131n ona qar\u015f\u0131 r\u0259ftar\u0131ndan naraz\u0131l\u0131\u011f\u0131 yoxdur. O, sifari\u015fl\u0259 h\u0259bs edilm\u0259sin\u0259, \u015f\u0259rl\u0259n\u0259r\u0259k 5 ayd\u0131r h\u0259bsd\u0259 saxlanmas\u0131na etiraz olaraq, bu add\u0131m\u0131 at\u0131b.<\/p>\n\n\n\n<p>\u201cSarkazm.az\u201d sayt\u0131n\u0131n redaktoru Zaur Q\u0259mb\u0259rov 2023-c\u00fc il avqustun 1-d\u0259n h\u0259bsd\u0259dir. Ona Cinay\u0259t M\u0259c\u0259ll\u0259sinin 221.3 (silah v\u0259 ya silah qismind\u0259 \u0259\u015fyadan istifad\u0259 etm\u0259kl\u0259 xuliqanl\u0131q) madd\u0259sil\u0259 ittiham verilib. \u0130ddia olunur ki, G\u0259nc\u0259d\u0259 yol q\u0259zas\u0131 ba\u015f verib, qar\u015f\u0131 t\u0259r\u0259fl\u0259 m\u00fcbahis\u0259 zaman\u0131 Zaur Q\u0259mb\u0259rov iki n\u0259f\u0259r\u0259 &#8211; Arzu Mirzoyev v\u0259 Tofiq H\u0259s\u0259nova x\u0259sar\u0259t yetirib.<\/p>\n\n\n\n<p><strong>\u201cYan\u0131qlara g\u00f6r\u0259 m\u0259hk\u0259m\u0259y\u0259 d\u0259 bir hiss\u0259si k\u0259silmi\u015f k\u00f6yn\u0259kl\u0259 g\u0259tirilmi\u015fdi\u201d<\/strong><\/p>\n\n\n\n<p>33 ya\u015fl\u0131 jurnalistin i\u015fin\u0259 haz\u0131rda G\u0259nc\u0259 \u015e\u0259h\u0259r M\u0259hk\u0259m\u0259sind\u0259 bax\u0131l\u0131r. \u0130\u015f hakim Orxan C\u0259f\u0259rlinin icraat\u0131ndad\u0131r.<\/p>\n\n\n\n<p>Elm\u0259ddin Q\u0259mb\u0259rov deyir ki, istintaq t\u0259cridxanas\u0131n\u0131n r\u0259hb\u0259rliyil\u0259 yana\u015f\u0131, m\u0259hk\u0259m\u0259d\u0259 onun i\u015fin\u0259 baxan hakim, prokuror da qarda\u015f\u0131n\u0131n \u00f6z\u00fcn\u0259 q\u0259sd etm\u0259sind\u0259n x\u0259b\u0259rdard\u0131r.<\/p>\n\n\n\n<p>\u201c<em>Hadis\u0259d\u0259n sonra m\u0259hk\u0259m\u0259y\u0259 g\u0259l\u0259nd\u0259 yan\u0131q x\u0259sar\u0259tl\u0259rin\u0259 g\u00f6r\u0259 k\u00f6yn\u0259yin bir hiss\u0259si k\u0259silmi\u015f v\u0259ziyy\u0259td\u0259 idi. T\u0259bii ki, hakim maraqland\u0131, Zaur da dan\u0131\u015fd\u0131. Dedi ki, \u015f\u0259rl\u0259nib h\u0259bs olunmas\u0131na, \u0259dal\u0259tsizliy\u0259 etiraz olaraq bu add\u0131m\u0131 at\u0131b. Hakim yax\u0131ndan da g\u00f6rd\u00fc yan\u0131qlar\u0131. D\u00fczd\u00fcr, s\u00f6z verdi ki, i\u015f\u0259 \u0259dal\u0259tli bax\u0131b q\u0259rar ver\u0259c\u0259k. Amma bilmirik ki, dediyin\u0259 \u0259m\u0259l el\u0259y\u0259c\u0259k, yoxsa yox\u201d.<\/em><\/p>\n\n\n\n<p>\u201c<strong>H\u0259qiq\u0259ti gizl\u0259tm\u0259k \u00fc\u00e7\u00fcn s\u0259s yaz\u0131s\u0131n\u0131 polis idar\u0259sind\u0259 m\u0259hv el\u0259dil\u0259r\u201d<\/strong><\/p>\n\n\n\n<p>Zaur Q\u0259mb\u0259rov iddia edir ki, h\u0259bs olunmas\u0131n\u0131n s\u0259b\u0259bi \u0130smay\u0131ll\u0131 Rayon \u0130cra Hakimiyy\u0259ti ba\u015f\u00e7\u0131s\u0131n\u0131n m\u00fcavini Mahmud S\u00fcleymanov haqq\u0131nda korrupsiya ara\u015fd\u0131rmalar\u0131d\u0131r. Onun s\u00f6zl\u0259rin\u0259 g\u00f6r\u0259, saxlan\u0131l\u0131b G\u0259nc\u0259 \u015e\u0259h\u0259r Ba\u015f Polis \u0130dar\u0259sin\u0259 g\u0259tiril\u0259nd\u0259n sonra idar\u0259d\u0259 d\u0259 ona c\u0259zaland\u0131r\u0131lmas\u0131n\u0131n \u0259sl s\u0259b\u0259bini deyibl\u0259r.<\/p>\n\n\n\n<p><em>\u201cOnu himay\u0259 el\u0259y\u0259n m\u0259mur G\u0259nc\u0259d\u0259 d\u0259 s\u00f6z sahibidir. M\u0259n d\u0259 G\u0259d\u0259b\u0259yd\u0259 ya\u015fad\u0131\u011f\u0131ma, G\u0259nc\u0259y\u0259 tez-tez gedib-g\u0259ldiyim\u0259 g\u00f6r\u0259 burada \u015f\u0259rl\u0259tdirib h\u0259bs el\u0259m\u0259k daha rahat idi. Ona g\u00f6r\u0259 G\u0259nc\u0259d\u0259 bel\u0259 bir t\u0259xribat qurdular m\u0259n\u0259 qar\u015f\u0131. Ma\u015f\u0131nda \u00f6z yolumla getdiyim yerd\u0259 q\u0259fild\u0259n qar\u015f\u0131ma bir avtomobil \u00e7\u0131xd\u0131. Birinci d\u0259f\u0259 o q\u0259zadan yay\u0131nd\u0131m. Sonra \u00f6z\u00fc g\u0259lib m\u0259ni arxadan vurdu v\u0259 i\u00e7ind\u0259ki iki n\u0259f\u0259r d\u0259 d\u00fc\u015f\u00fcb t\u0259hqir el\u0259m\u0259y\u0259 ba\u015flad\u0131. T\u0259xribat oldu\u011funu d\u0259rhal ba\u015fa d\u00fc\u015fd\u00fcm, telefonun diktofonu il\u0259 s\u0259sl\u0259ri yazd\u0131m. O s\u0259si d\u0259 polis idar\u0259sind\u0259 t\u0259qdim el\u0259dim. H\u0259qiq\u0259ti gizl\u0259tm\u0259k \u00fc\u00e7\u00fcn o s\u0259s yaz\u0131s\u0131n\u0131 G\u0259nc\u0259 \u015f\u0259h\u0259r Ba\u015f Polis \u0130dar\u0259sind\u0259 m\u0259hv el\u0259dil\u0259r&#8230;\u201d<\/em> \u2013 Zaur Q\u0259mb\u0259rovun s\u00f6zl\u0259ridir.<\/p>\n\n\n\n<p><strong>Penitensiar Xidm\u0259t sor\u011funu cavabland\u0131rmad\u0131, D\u0130N is\u0259 deyir ki&#8230;<\/strong><\/p>\n\n\n\n<p>Jurnalistin G\u0259nc\u0259d\u0259ki 2 sayl\u0131 \u0130stintaq T\u0259cridxanas\u0131nda intihara c\u0259hd etm\u0259si haqda qarda\u015f\u0131n\u0131n dedikl\u0259ril\u0259 \u0259laq\u0259dar Meydan TV Penitensiar Xidm\u0259t\u0259 sor\u011fu vers\u0259 d\u0259, bu qurumdan m\u0259s\u0259l\u0259y\u0259 m\u00fcnasib\u0259t bildirilm\u0259yib.<\/p>\n\n\n\n<p>Daxili \u0130\u015fl\u0259r Nazirliyinin M\u0259tbuat Xidm\u0259tinin G\u0259nc\u0259 regional qrupunun ba\u015f inspektoru E\u015fqin Qas\u0131mov bildirib ki, avqustun 1-d\u0259 ax\u015fam saatlar\u0131nda Post Patrul Xidm\u0259tinin \u0259m\u0259kda\u015flar\u0131 G\u0259nc\u0259-\u015e\u0259mkir avtomobil yolunun 1-ci kilometrliyind\u0259 yol n\u0259qliyyat hadis\u0259sinin ba\u015f verdiyini, s\u00fcr\u00fcc\u00fcl\u0259rd\u0259n birinin dig\u0259rin\u0259 k\u00fct al\u0259tl\u0259 x\u0259sar\u0259t yetirdiyini a\u015fkar edibl\u0259r:<\/p>\n\n\n\n<p>\u201c<em>G\u0259d\u0259b\u0259y rayon sakini Zaur Q\u0259mb\u0259rov idar\u0259 etdiyi \u201cHyundai\u201d markal\u0131 avtomobill\u0259 \u201cChevrolet\u201d markal\u0131 avtomobilin onu \u00f6tm\u0259sin\u0259 \u0259s\u0259bl\u0259\u015f\u0259r\u0259k, yol h\u0259r\u0259k\u0259ti qaydalar\u0131n\u0131 kobud sur\u0259td\u0259 pozub. O, s\u00f6z\u00fcged\u0259n avtomobili \u00f6t\u0259r\u0259k qar\u015f\u0131s\u0131na ke\u00e7ib v\u0259 q\u0259fil \u0259yl\u0259cl\u0259m\u0259 edib. \u201cChevrolet\u201d markal\u0131 avtomobilin s\u00fcr\u00fcc\u00fcs\u00fc yaranm\u0131\u015f q\u0259za \u015f\u0259raitind\u0259 idar\u0259etm\u0259ni itirib, Zaur Q\u0259mb\u0259rovun avtomobili il\u0259 toqqu\u015fub. Zaur Q\u0259mb\u0259rov avtomobild\u0259n d\u00fc\u015f\u00fcb, qar\u015f\u0131 t\u0259r\u0259fi t\u0259hqir edib, ona m\u00fcxt\u0259lif b\u0259d\u0259n x\u0259sar\u0259tl\u0259ri yetirib\u201d.<\/em><\/p>\n\n\n\n<p>Zaur Q\u0259mb\u0259rovun ittiham olundu\u011fu Cinay\u0259t M\u0259c\u0259ll\u0259sinin 221.3 madd\u0259sind\u0259 2 ild\u0259n 5 il\u0259 q\u0259d\u0259r azadl\u0131qdan m\u0259hrumetm\u0259 c\u0259zas\u0131 n\u0259z\u0259rd\u0259 tutulub.<\/p>\n","protected":false},"excerpt":{"rendered":"<p>Elm\u0259ddin Q\u0259mb\u0259rov: \u201cD\u0259rhal t\u0259cridxanada tibbi-sanitar m\u0259nt\u0259q\u0259y\u0259 apar\u0131blar, h\u0259kiml\u0259r ikinci d\u0259r\u0259c\u0259li &#8230; <\/p>\n<p class=\"read-more-container\"><a title=\"H\u0259bsd\u0259ki jurnalistin qarda\u015f\u0131: \u201c\u00dcst\u00fcn\u0259 qaynar su t\u00f6k\u00fcb, \u00f6z\u00fcn\u0259 q\u0259sd el\u0259yib\u201d\" class=\"read-more button\" href=\"https:\/\/www.meydan.tv\/az\/article\/hebsdeki-jurnalistin-qardasi-ustune-qaynar-su-tokub-ozune-qesd-eleyib\/#more-294521\" aria-label=\"Read more about H\u0259bsd\u0259ki jurnalistin qarda\u015f\u0131: \u201c\u00dcst\u00fcn\u0259 qaynar su t\u00f6k\u00fcb, \u00f6z\u00fcn\u0259 q\u0259sd el\u0259yib\u201d\">Davam\u0131<\/a><\/p>\n","protected":false},"author":8,"featured_media":294523,"comment_status":"closed","ping_status":"closed","sticky":false,"template":"","format":"standard","meta":{"_acf_changed":false,"_sitemap_exclude":false,"_sitemap_priority":"","_sitemap_frequency":"","footnotes":""},"categories":[60,56],"tags":[],"class_list":["post-294521","post","type-post","status-publish","format-standard","has-post-thumbnail","hentry","category-bolge","category-xeberler","infinite-scroll-item","generate-columns","tablet-grid-50","mobile-grid-100","grid-parent","grid-33","no-featured-image-padding"],"acf":[],"yoast_head":"<!-- This site is optimized with the Yoast SEO plugin v27.4 - https:\/\/yoast.com\/product\/yoast-seo-wordpress\/ -->\n<title>H\u0259bsd\u0259ki jurnalistin qarda\u015f\u0131: \u201c\u00dcst\u00fcn\u0259 qaynar su t\u00f6k\u00fcb, \u00f6z\u00fcn\u0259 q\u0259sd el\u0259yib\u201d - MEYDAN.TV<\/title>\n<meta name=\"robots\" content=\"index, follow, max-snippet:-1, max-image-preview:large, max-video-preview:-1\" \/>\n<link rel=\"canonical\" href=\"https:\/\/www.meydan.tv\/az\/article\/hebsdeki-jurnalistin-qardasi-ustune-qaynar-su-tokub-ozune-qesd-eleyib\/\" \/>\n<meta property=\"og:locale\" content=\"az_AZ\" \/>\n<meta property=\"og:type\" content=\"article\" \/>\n<meta property=\"og:title\" content=\"H\u0259bsd\u0259ki jurnalistin qarda\u015f\u0131: \u201c\u00dcst\u00fcn\u0259 qaynar su t\u00f6k\u00fcb, \u00f6z\u00fcn\u0259 q\u0259sd el\u0259yib\u201d - MEYDAN.TV\" \/>\n<meta property=\"og:description\" content=\"Elm\u0259ddin Q\u0259mb\u0259rov: \u201cD\u0259rhal t\u0259cridxanada tibbi-sanitar m\u0259nt\u0259q\u0259y\u0259 apar\u0131blar, h\u0259kiml\u0259r ikinci d\u0259r\u0259c\u0259li ... Davam\u0131\" \/>\n<meta property=\"og:url\" content=\"https:\/\/www.meydan.tv\/az\/article\/hebsdeki-jurnalistin-qardasi-ustune-qaynar-su-tokub-ozune-qesd-eleyib\/\" \/>\n<meta property=\"og:site_name\" content=\"MEYDAN.TV\" \/>\n<meta property=\"article:published_time\" content=\"2023-12-30T12:26:02+00:00\" \/>\n<meta property=\"article:modified_time\" content=\"2023-12-30T12:26:05+00:00\" \/>\n<meta property=\"og:image\" content=\"https:\/\/www.meydan.tv\/wp-content\/uploads\/zaur-qembero-e1703938528505.jpg\" \/>\n\t<meta property=\"og:image:width\" content=\"1500\" \/>\n\t<meta property=\"og:image:height\" content=\"607\" \/>\n\t<meta property=\"og:image:type\" content=\"image\/jpeg\" \/>\n<meta name=\"author\" content=\"elli\" \/>\n<meta name=\"twitter:card\" content=\"summary_large_image\" \/>\n<meta name=\"twitter:creator\" content=\"@elli\" \/>\n<script type=\"application\/ld+json\" class=\"yoast-schema-graph\">{\"@context\":\"https:\\\/\\\/schema.org\",\"@graph\":[{\"@type\":\"Article\",\"@id\":\"https:\\\/\\\/www.meydan.tv\\\/az\\\/article\\\/hebsdeki-jurnalistin-qardasi-ustune-qaynar-su-tokub-ozune-qesd-eleyib\\\/#article\",\"isPartOf\":{\"@id\":\"https:\\\/\\\/www.meydan.tv\\\/az\\\/article\\\/hebsdeki-jurnalistin-qardasi-ustune-qaynar-su-tokub-ozune-qesd-eleyib\\\/\"},\"author\":{\"name\":\"elli\",\"@id\":\"https:\\\/\\\/www.meydan.tv\\\/az\\\/#\\\/schema\\\/person\\\/9cdbecf90d17180ce1dfbd95b08dcf47\"},\"headline\":\"H\u0259bsd\u0259ki jurnalistin qarda\u015f\u0131: \u201c\u00dcst\u00fcn\u0259 qaynar su t\u00f6k\u00fcb, \u00f6z\u00fcn\u0259 q\u0259sd el\u0259yib\u201d\",\"datePublished\":\"2023-12-30T12:26:02+00:00\",\"dateModified\":\"2023-12-30T12:26:05+00:00\",\"mainEntityOfPage\":{\"@id\":\"https:\\\/\\\/www.meydan.tv\\\/az\\\/article\\\/hebsdeki-jurnalistin-qardasi-ustune-qaynar-su-tokub-ozune-qesd-eleyib\\\/\"},\"wordCount\":1053,\"publisher\":{\"@id\":\"https:\\\/\\\/www.meydan.tv\\\/az\\\/#organization\"},\"image\":{\"@id\":\"https:\\\/\\\/www.meydan.tv\\\/az\\\/article\\\/hebsdeki-jurnalistin-qardasi-ustune-qaynar-su-tokub-ozune-qesd-eleyib\\\/#primaryimage\"},\"thumbnailUrl\":\"https:\\\/\\\/www.meydan.tv\\\/wp-content\\\/uploads\\\/zaur-qembero-e1703938528505.jpg\",\"articleSection\":[\"B\u00f6lg\u0259\",\"X\u0259b\u0259rl\u0259r\"],\"inLanguage\":\"az\"},{\"@type\":\"WebPage\",\"@id\":\"https:\\\/\\\/www.meydan.tv\\\/az\\\/article\\\/hebsdeki-jurnalistin-qardasi-ustune-qaynar-su-tokub-ozune-qesd-eleyib\\\/\",\"url\":\"https:\\\/\\\/www.meydan.tv\\\/az\\\/article\\\/hebsdeki-jurnalistin-qardasi-ustune-qaynar-su-tokub-ozune-qesd-eleyib\\\/\",\"name\":\"H\u0259bsd\u0259ki jurnalistin qarda\u015f\u0131: \u201c\u00dcst\u00fcn\u0259 qaynar su t\u00f6k\u00fcb, \u00f6z\u00fcn\u0259 q\u0259sd el\u0259yib\u201d - MEYDAN.TV\",\"isPartOf\":{\"@id\":\"https:\\\/\\\/www.meydan.tv\\\/az\\\/#website\"},\"primaryImageOfPage\":{\"@id\":\"https:\\\/\\\/www.meydan.tv\\\/az\\\/article\\\/hebsdeki-jurnalistin-qardasi-ustune-qaynar-su-tokub-ozune-qesd-eleyib\\\/#primaryimage\"},\"image\":{\"@id\":\"https:\\\/\\\/www.meydan.tv\\\/az\\\/article\\\/hebsdeki-jurnalistin-qardasi-ustune-qaynar-su-tokub-ozune-qesd-eleyib\\\/#primaryimage\"},\"thumbnailUrl\":\"https:\\\/\\\/www.meydan.tv\\\/wp-content\\\/uploads\\\/zaur-qembero-e1703938528505.jpg\",\"datePublished\":\"2023-12-30T12:26:02+00:00\",\"dateModified\":\"2023-12-30T12:26:05+00:00\",\"breadcrumb\":{\"@id\":\"https:\\\/\\\/www.meydan.tv\\\/az\\\/article\\\/hebsdeki-jurnalistin-qardasi-ustune-qaynar-su-tokub-ozune-qesd-eleyib\\\/#breadcrumb\"},\"inLanguage\":\"az\",\"potentialAction\":[{\"@type\":\"ReadAction\",\"target\":[\"https:\\\/\\\/www.meydan.tv\\\/az\\\/article\\\/hebsdeki-jurnalistin-qardasi-ustune-qaynar-su-tokub-ozune-qesd-eleyib\\\/\"]}]},{\"@type\":\"ImageObject\",\"inLanguage\":\"az\",\"@id\":\"https:\\\/\\\/www.meydan.tv\\\/az\\\/article\\\/hebsdeki-jurnalistin-qardasi-ustune-qaynar-su-tokub-ozune-qesd-eleyib\\\/#primaryimage\",\"url\":\"https:\\\/\\\/www.meydan.tv\\\/wp-content\\\/uploads\\\/zaur-qembero-e1703938528505.jpg\",\"contentUrl\":\"https:\\\/\\\/www.meydan.tv\\\/wp-content\\\/uploads\\\/zaur-qembero-e1703938528505.jpg\",\"width\":1500,\"height\":607,\"caption\":\"Foto: Zaur Q\u0259mb\u0259rovun \u015f\u0259xsi arxivind\u0259n\"},{\"@type\":\"BreadcrumbList\",\"@id\":\"https:\\\/\\\/www.meydan.tv\\\/az\\\/article\\\/hebsdeki-jurnalistin-qardasi-ustune-qaynar-su-tokub-ozune-qesd-eleyib\\\/#breadcrumb\",\"itemListElement\":[{\"@type\":\"ListItem\",\"position\":1,\"name\":\"Ana s\u0259hif\u0259\",\"item\":\"https:\\\/\\\/www.meydan.tv\\\/az\\\/\"},{\"@type\":\"ListItem\",\"position\":2,\"name\":\"B\u00f6lg\u0259\",\"item\":\"https:\\\/\\\/www.meydan.tv\\\/az\\\/section\\\/bolge\\\/\"},{\"@type\":\"ListItem\",\"position\":3,\"name\":\"H\u0259bsd\u0259ki jurnalistin qarda\u015f\u0131: \u201c\u00dcst\u00fcn\u0259 qaynar su t\u00f6k\u00fcb, \u00f6z\u00fcn\u0259 q\u0259sd el\u0259yib\u201d\"}]},{\"@type\":\"WebSite\",\"@id\":\"https:\\\/\\\/www.meydan.tv\\\/az\\\/#website\",\"url\":\"https:\\\/\\\/www.meydan.tv\\\/az\\\/\",\"name\":\"MEYDAN.TV\",\"description\":\"Meydan TV Az\u0259rbaycan\u0131n media m\u0259kan\u0131ndak\u0131 alternativ s\u0259sidir\",\"publisher\":{\"@id\":\"https:\\\/\\\/www.meydan.tv\\\/az\\\/#organization\"},\"potentialAction\":[{\"@type\":\"SearchAction\",\"target\":{\"@type\":\"EntryPoint\",\"urlTemplate\":\"https:\\\/\\\/www.meydan.tv\\\/az\\\/?s={search_term_string}\"},\"query-input\":{\"@type\":\"PropertyValueSpecification\",\"valueRequired\":true,\"valueName\":\"search_term_string\"}}],\"inLanguage\":\"az\"},{\"@type\":\"Organization\",\"@id\":\"https:\\\/\\\/www.meydan.tv\\\/az\\\/#organization\",\"name\":\"Meydan TV\",\"url\":\"https:\\\/\\\/www.meydan.tv\\\/az\\\/\",\"logo\":{\"@type\":\"ImageObject\",\"inLanguage\":\"az\",\"@id\":\"https:\\\/\\\/www.meydan.tv\\\/az\\\/#\\\/schema\\\/logo\\\/image\\\/\",\"url\":\"https:\\\/\\\/www.meydan.tv\\\/wp-content\\\/uploads\\\/2021\\\/07\\\/meydan-logo.svg\",\"contentUrl\":\"https:\\\/\\\/www.meydan.tv\\\/wp-content\\\/uploads\\\/2021\\\/07\\\/meydan-logo.svg\",\"width\":195,\"height\":46,\"caption\":\"Meydan TV\"},\"image\":{\"@id\":\"https:\\\/\\\/www.meydan.tv\\\/az\\\/#\\\/schema\\\/logo\\\/image\\\/\"}},{\"@type\":\"Person\",\"@id\":\"https:\\\/\\\/www.meydan.tv\\\/az\\\/#\\\/schema\\\/person\\\/9cdbecf90d17180ce1dfbd95b08dcf47\",\"name\":\"elli\",\"sameAs\":[\"https:\\\/\\\/x.com\\\/elli\"]}]}<\/script>\n<!-- \/ Yoast SEO plugin. -->","yoast_head_json":{"title":"H\u0259bsd\u0259ki jurnalistin qarda\u015f\u0131: \u201c\u00dcst\u00fcn\u0259 qaynar su t\u00f6k\u00fcb, \u00f6z\u00fcn\u0259 q\u0259sd el\u0259yib\u201d - MEYDAN.TV","robots":{"index":"index","follow":"follow","max-snippet":"max-snippet:-1","max-image-preview":"max-image-preview:large","max-video-preview":"max-video-preview:-1"},"canonical":"https:\/\/www.meydan.tv\/az\/article\/hebsdeki-jurnalistin-qardasi-ustune-qaynar-su-tokub-ozune-qesd-eleyib\/","og_locale":"az_AZ","og_type":"article","og_title":"H\u0259bsd\u0259ki jurnalistin qarda\u015f\u0131: \u201c\u00dcst\u00fcn\u0259 qaynar su t\u00f6k\u00fcb, \u00f6z\u00fcn\u0259 q\u0259sd el\u0259yib\u201d - MEYDAN.TV","og_description":"Elm\u0259ddin Q\u0259mb\u0259rov: \u201cD\u0259rhal t\u0259cridxanada tibbi-sanitar m\u0259nt\u0259q\u0259y\u0259 apar\u0131blar, h\u0259kiml\u0259r ikinci d\u0259r\u0259c\u0259li ... Davam\u0131","og_url":"https:\/\/www.meydan.tv\/az\/article\/hebsdeki-jurnalistin-qardasi-ustune-qaynar-su-tokub-ozune-qesd-eleyib\/","og_site_name":"MEYDAN.TV","article_published_time":"2023-12-30T12:26:02+00:00","article_modified_time":"2023-12-30T12:26:05+00:00","og_image":[{"width":1500,"height":607,"url":"https:\/\/www.meydan.tv\/wp-content\/uploads\/zaur-qembero-e1703938528505.jpg","type":"image\/jpeg"}],"author":"elli","twitter_card":"summary_large_image","twitter_creator":"@elli","schema":{"@context":"https:\/\/schema.org","@graph":[{"@type":"Article","@id":"https:\/\/www.meydan.tv\/az\/article\/hebsdeki-jurnalistin-qardasi-ustune-qaynar-su-tokub-ozune-qesd-eleyib\/#article","isPartOf":{"@id":"https:\/\/www.meydan.tv\/az\/article\/hebsdeki-jurnalistin-qardasi-ustune-qaynar-su-tokub-ozune-qesd-eleyib\/"},"author":{"name":"elli","@id":"https:\/\/www.meydan.tv\/az\/#\/schema\/person\/9cdbecf90d17180ce1dfbd95b08dcf47"},"headline":"H\u0259bsd\u0259ki jurnalistin qarda\u015f\u0131: \u201c\u00dcst\u00fcn\u0259 qaynar su t\u00f6k\u00fcb, \u00f6z\u00fcn\u0259 q\u0259sd el\u0259yib\u201d","datePublished":"2023-12-30T12:26:02+00:00","dateModified":"2023-12-30T12:26:05+00:00","mainEntityOfPage":{"@id":"https:\/\/www.meydan.tv\/az\/article\/hebsdeki-jurnalistin-qardasi-ustune-qaynar-su-tokub-ozune-qesd-eleyib\/"},"wordCount":1053,"publisher":{"@id":"https:\/\/www.meydan.tv\/az\/#organization"},"image":{"@id":"https:\/\/www.meydan.tv\/az\/article\/hebsdeki-jurnalistin-qardasi-ustune-qaynar-su-tokub-ozune-qesd-eleyib\/#primaryimage"},"thumbnailUrl":"https:\/\/www.meydan.tv\/wp-content\/uploads\/zaur-qembero-e1703938528505.jpg","articleSection":["B\u00f6lg\u0259","X\u0259b\u0259rl\u0259r"],"inLanguage":"az"},{"@type":"WebPage","@id":"https:\/\/www.meydan.tv\/az\/article\/hebsdeki-jurnalistin-qardasi-ustune-qaynar-su-tokub-ozune-qesd-eleyib\/","url":"https:\/\/www.meydan.tv\/az\/article\/hebsdeki-jurnalistin-qardasi-ustune-qaynar-su-tokub-ozune-qesd-eleyib\/","name":"H\u0259bsd\u0259ki jurnalistin qarda\u015f\u0131: \u201c\u00dcst\u00fcn\u0259 qaynar su t\u00f6k\u00fcb, \u00f6z\u00fcn\u0259 q\u0259sd el\u0259yib\u201d - MEYDAN.TV","isPartOf":{"@id":"https:\/\/www.meydan.tv\/az\/#website"},"primaryImageOfPage":{"@id":"https:\/\/www.meydan.tv\/az\/article\/hebsdeki-jurnalistin-qardasi-ustune-qaynar-su-tokub-ozune-qesd-eleyib\/#primaryimage"},"image":{"@id":"https:\/\/www.meydan.tv\/az\/article\/hebsdeki-jurnalistin-qardasi-ustune-qaynar-su-tokub-ozune-qesd-eleyib\/#primaryimage"},"thumbnailUrl":"https:\/\/www.meydan.tv\/wp-content\/uploads\/zaur-qembero-e1703938528505.jpg","datePublished":"2023-12-30T12:26:02+00:00","dateModified":"2023-12-30T12:26:05+00:00","breadcrumb":{"@id":"https:\/\/www.meydan.tv\/az\/article\/hebsdeki-jurnalistin-qardasi-ustune-qaynar-su-tokub-ozune-qesd-eleyib\/#breadcrumb"},"inLanguage":"az","potentialAction":[{"@type":"ReadAction","target":["https:\/\/www.meydan.tv\/az\/article\/hebsdeki-jurnalistin-qardasi-ustune-qaynar-su-tokub-ozune-qesd-eleyib\/"]}]},{"@type":"ImageObject","inLanguage":"az","@id":"https:\/\/www.meydan.tv\/az\/article\/hebsdeki-jurnalistin-qardasi-ustune-qaynar-su-tokub-ozune-qesd-eleyib\/#primaryimage","url":"https:\/\/www.meydan.tv\/wp-content\/uploads\/zaur-qembero-e1703938528505.jpg","contentUrl":"https:\/\/www.meydan.tv\/wp-content\/uploads\/zaur-qembero-e1703938528505.jpg","width":1500,"height":607,"caption":"Foto: Zaur Q\u0259mb\u0259rovun \u015f\u0259xsi arxivind\u0259n"},{"@type":"BreadcrumbList","@id":"https:\/\/www.meydan.tv\/az\/article\/hebsdeki-jurnalistin-qardasi-ustune-qaynar-su-tokub-ozune-qesd-eleyib\/#breadcrumb","itemListElement":[{"@type":"ListItem","position":1,"name":"Ana s\u0259hif\u0259","item":"https:\/\/www.meydan.tv\/az\/"},{"@type":"ListItem","position":2,"name":"B\u00f6lg\u0259","item":"https:\/\/www.meydan.tv\/az\/section\/bolge\/"},{"@type":"ListItem","position":3,"name":"H\u0259bsd\u0259ki jurnalistin qarda\u015f\u0131: \u201c\u00dcst\u00fcn\u0259 qaynar su t\u00f6k\u00fcb, \u00f6z\u00fcn\u0259 q\u0259sd el\u0259yib\u201d"}]},{"@type":"WebSite","@id":"https:\/\/www.meydan.tv\/az\/#website","url":"https:\/\/www.meydan.tv\/az\/","name":"MEYDAN.TV","description":"Meydan TV Az\u0259rbaycan\u0131n media m\u0259kan\u0131ndak\u0131 alternativ s\u0259sidir","publisher":{"@id":"https:\/\/www.meydan.tv\/az\/#organization"},"potentialAction":[{"@type":"SearchAction","target":{"@type":"EntryPoint","urlTemplate":"https:\/\/www.meydan.tv\/az\/?s={search_term_string}"},"query-input":{"@type":"PropertyValueSpecification","valueRequired":true,"valueName":"search_term_string"}}],"inLanguage":"az"},{"@type":"Organization","@id":"https:\/\/www.meydan.tv\/az\/#organization","name":"Meydan TV","url":"https:\/\/www.meydan.tv\/az\/","logo":{"@type":"ImageObject","inLanguage":"az","@id":"https:\/\/www.meydan.tv\/az\/#\/schema\/logo\/image\/","url":"https:\/\/www.meydan.tv\/wp-content\/uploads\/2021\/07\/meydan-logo.svg","contentUrl":"https:\/\/www.meydan.tv\/wp-content\/uploads\/2021\/07\/meydan-logo.svg","width":195,"height":46,"caption":"Meydan TV"},"image":{"@id":"https:\/\/www.meydan.tv\/az\/#\/schema\/logo\/image\/"}},{"@type":"Person","@id":"https:\/\/www.meydan.tv\/az\/#\/schema\/person\/9cdbecf90d17180ce1dfbd95b08dcf47","name":"elli","sameAs":["https:\/\/x.com\/elli"]}]}},"_links":{"self":[{"href":"https:\/\/www.meydan.tv\/az\/wp-json\/wp\/v2\/posts\/294521","targetHints":{"allow":["GET"]}}],"collection":[{"href":"https:\/\/www.meydan.tv\/az\/wp-json\/wp\/v2\/posts"}],"about":[{"href":"https:\/\/www.meydan.tv\/az\/wp-json\/wp\/v2\/types\/post"}],"author":[{"embeddable":true,"href":"https:\/\/www.meydan.tv\/az\/wp-json\/wp\/v2\/users\/8"}],"replies":[{"embeddable":true,"href":"https:\/\/www.meydan.tv\/az\/wp-json\/wp\/v2\/comments?post=294521"}],"version-history":[{"count":3,"href":"https:\/\/www.meydan.tv\/az\/wp-json\/wp\/v2\/posts\/294521\/revisions"}],"predecessor-version":[{"id":294529,"href":"https:\/\/www.meydan.tv\/az\/wp-json\/wp\/v2\/posts\/294521\/revisions\/294529"}],"wp:featuredmedia":[{"embeddable":true,"href":"https:\/\/www.meydan.tv\/az\/wp-json\/wp\/v2\/media\/294523"}],"wp:attachment":[{"href":"https:\/\/www.meydan.tv\/az\/wp-json\/wp\/v2\/media?parent=294521"}],"wp:term":[{"taxonomy":"category","embeddable":true,"href":"https:\/\/www.meydan.tv\/az\/wp-json\/wp\/v2\/categories?post=294521"},{"taxonomy":"post_tag","embeddable":true,"href":"https:\/\/www.meydan.tv\/az\/wp-json\/wp\/v2\/tags?post=294521"}],"curies":[{"name":"wp","href":"https:\/\/api.w.org\/{rel}","templated":true}]}}