{"id":294514,"date":"2023-12-30T16:02:23","date_gmt":"2023-12-30T12:02:23","guid":{"rendered":"https:\/\/www.meydan.tv\/?p=294514"},"modified":"2023-12-30T16:07:05","modified_gmt":"2023-12-30T12:07:05","slug":"beynelxalq-teskilatlarin-gozunde-azerbaycan","status":"publish","type":"post","link":"https:\/\/www.meydan.tv\/az\/article\/beynelxalq-teskilatlarin-gozunde-azerbaycan\/","title":{"rendered":"Beyn\u0259lxalq t\u0259\u015fkilatlar\u0131n g\u00f6z\u00fcnd\u0259 Az\u0259rbaycan"},"content":{"rendered":"\n<p><\/p>\n\n\n\n<p><strong><em>Korrupsiya indeksind\u0259 \u00f6n, m\u0259tbuat azadl\u0131\u011f\u0131, demokratiya g\u00f6st\u0259ricil\u0259rin\u0259 g\u00f6r\u0259 sonuncu\u2026<\/em><\/strong><\/p>\n\n\n\n<p>Avropa \u015euras\u0131n\u0131n \u0130\u015fg\u0259nc\u0259l\u0259r \u018fleyhin\u0259 Komit\u0259si (CPT) Az\u0259rbaycana x\u00fcsusi s\u0259f\u0259r edib.<br>S\u0259f\u0259rin m\u0259qs\u0259di Komit\u0259nin 2020-ci ild\u0259 etdiyi s\u0259f\u0259rd\u0259n sonra yayd\u0131\u011f\u0131 hesabatlardak\u0131 t\u00f6vsiy\u0259l\u0259rin yerin\u0259 yetirilib-yetirilm\u0259m\u0259sini \u00f6yr\u0259nm\u0259k olub.<\/p>\n\n\n\n<p>Ara\u015fd\u0131r\u0131lan m\u0259s\u0259l\u0259l\u0259rd\u0259n biri d\u0259 saxlan\u0131lan \u015f\u0259xsl\u0259r\u0259 polisin r\u0259ftar\u0131 il\u0259 ba\u011fl\u0131 olub. Bel\u0259likl\u0259, n\u00fcmay\u0259nd\u0259 hey\u0259ti Bak\u0131n\u0131n bir s\u0131ra polis m\u00fc\u0259ssis\u0259l\u0259rind\u0259 olub.<\/p>\n\n\n<div class=\"wp-block-image\">\n<figure class=\"aligncenter size-large\"><img decoding=\"async\" width=\"1200\" height=\"711\" data-src=\"https:\/\/www.meydan.tv\/wp-content\/uploads\/image_from_ios_3_5srselk-scaled-e1661965039947-1200x711.jpg\" alt=\"\u018f.Salayev i\u015fg\u0259nc\u0259y\u0259 m\u0259ruz qald\u0131\u011f\u0131 zaman\" class=\"wp-image-136914 lazyload\" src=\"data:image\/svg+xml;base64,PHN2ZyB3aWR0aD0iMSIgaGVpZ2h0PSIxIiB4bWxucz0iaHR0cDovL3d3dy53My5vcmcvMjAwMC9zdmciPjwvc3ZnPg==\" style=\"--smush-placeholder-width: 1200px; --smush-placeholder-aspect-ratio: 1200\/711;\" \/><figcaption class=\"wp-element-caption\">Foto: Meydan TV<\/figcaption><\/figure>\n<\/div>\n\n\n<p>A\u00e7\u0131qlanan m\u0259lumatda Az\u0259rbaycanda i\u015fg\u0259nc\u0259, dig\u0259r pis r\u0259ftar iddialar\u0131n\u0131n ara\u015fd\u0131r\u0131lmas\u0131 prosesind\u0259 ciddi probleml\u0259r oldu\u011fu bildirilib. Qeyd edilib ki, bu c\u00fcr h\u0259r\u0259k\u0259tl\u0259rd\u0259 m\u0259suliyy\u0259t da\u015f\u0131yan \u015f\u0259xsl\u0259r c\u0259zas\u0131z qal\u0131r.<br><br><strong>\u201cB\u00fct\u00fcn siyasi m\u0259hbuslar d\u0259rhal v\u0259 qeyd-\u015f\u0259rtsiz azad edilm\u0259lidir\u201d<\/strong><\/p>\n\n\n\n<p>Yanvarda 11-d\u0259 Bayden administrasiyas\u0131 siyasi m\u0259hbuslar\u0131n, o c\u00fcml\u0259d\u0259n az\u0259rbaycanl\u0131 El\u00e7in M\u0259mm\u0259din azadl\u0131\u011fa burax\u0131lmas\u0131 \u00fc\u00e7\u00fcn t\u0259\u015f\u0259bb\u00fcs ir\u0259li s\u00fcrd\u00fcy\u00fcn\u00fc elan edib.<\/p>\n\n\n\n<p>Bu bar\u0259d\u0259 yay\u0131lan b\u0259yanatda deyilir ki, t\u0259\u015f\u0259bb\u00fcs g\u00fcnahs\u0131z yer\u0259 h\u0259bs olunan siyasi m\u0259hbuslar\u0131 azad etm\u0259k m\u0259qs\u0259di da\u015f\u0131y\u0131r.<\/p>\n\n\n\n<p><strong>\u0130nsan h\u00fcquqlar\u0131 il\u0259 ba\u011fl\u0131 durum<\/strong><\/p>\n\n\n\n<p>Az\u0259rbaycanda insan h\u00fcquqlar\u0131 il\u0259 ba\u011fl\u0131 v\u0259ziyy\u0259t yax\u015f\u0131la\u015fmay\u0131b.<\/p>\n\n\n\n<p>Mayda hakimiyy\u0259t siyasi motivli v\u0259 saxta ittihamlarla h\u0259bs edil\u0259n 20-d\u0259n \u00e7ox \u015f\u0259xsi azad edib, lakin h\u0259l\u0259 d\u0259 az\u0131 30 n\u0259f\u0259r haqs\u0131z olaraq h\u0259bsd\u0259 saxlan\u0131l\u0131r.<\/p>\n\n\n\n<p>Hakimiyy\u0259t \u00f6z t\u0259nqid\u00e7il\u0259rini v\u0259 m\u00fcxalifl\u0259ri h\u0259d\u0259f alma\u011fa davam edir.<\/p>\n\n\n<div class=\"wp-block-image\">\n<figure class=\"alignleft size-full is-resized\"><img decoding=\"async\" width=\"1200\" height=\"800\" data-src=\"https:\/\/www.meydan.tv\/wp-content\/uploads\/shutterstock_1168994233.jpg\" alt=\"\" class=\"wp-image-228457 lazyload\" style=\"--smush-placeholder-width: 1200px; --smush-placeholder-aspect-ratio: 1200\/800;width:373px;height:auto\" src=\"data:image\/svg+xml;base64,PHN2ZyB3aWR0aD0iMSIgaGVpZ2h0PSIxIiB4bWxucz0iaHR0cDovL3d3dy53My5vcmcvMjAwMC9zdmciPjwvc3ZnPg==\" \/><figcaption class=\"wp-element-caption\">Human Rights Watch, Foto: By Casimiro PT\/Shutterstock<\/figcaption><\/figure>\n<\/div>\n\n\n<p>\u201cHuman Rights Watch\u201d insan haqlar\u0131 t\u0259\u015fkilat\u0131 yanvar\u0131n 12-d\u0259 a\u00e7\u0131qlad\u0131\u011f\u0131 illik hesabat\u0131nda bel\u0259 deyilir.<\/p>\n\n\n\n<p>Hesabatda qeyd edilir ki, 2022-ci ild\u0259 d\u0259 m\u0259hdudla\u015fd\u0131r\u0131c\u0131 qanunlar qeyri-h\u00f6kum\u0259t t\u0259\u015fkilatlar\u0131n\u0131n (QHT-l\u0259r) m\u00fcst\u0259qil f\u0259aliyy\u0259t g\u00f6st\u0259rm\u0259sin\u0259 mane olma\u011fa davam edib:<\/p>\n\n\n\n<p>\u201c<em>H\u0259m\u00e7inin h\u0259l\u0259 d\u0259 Az\u0259rbaycanda insan h\u00fcquqlar\u0131 il\u0259 ba\u011fl\u0131 probleml\u0259r var. Bunlar\u0131n i\u00e7ind\u0259 saxlanma yerl\u0259rind\u0259 sistemli i\u015fg\u0259nc\u0259 v\u0259 pis r\u0259ftar, el\u0259c\u0259 d\u0259 media azadl\u0131qlar\u0131n\u0131n s\u0131x\u0131\u015fd\u0131r\u0131lmas\u0131 da var\u201d.<\/em><br><\/p>\n\n\n\n<p><strong>\u0130raq v\u0259 Zimbabve il\u0259 eyni s\u0131rada<\/strong><\/p>\n\n\n\n<p>D\u00fcnyadak\u0131 xeyli \u00f6lk\u0259 korrupsiyan\u0131 dayand\u0131ra bilmir.<\/p>\n\n\n\n<p>\u201cTransparency International\u201d \u2013 Beyn\u0259lxalq \u015e\u0259ffafl\u0131q t\u0259\u015fkilat\u0131n\u0131n yanvar\u0131n 31-d\u0259 a\u00e7\u0131qlad\u0131\u011f\u0131 Korrupsiyan\u0131 Qavrama \u0130ndeksind\u0259 (Corruption Perception Index-CPI) bel\u0259 deyilir.<\/p>\n\n\n\n<p>CPI d\u00fcnya \u00fczr\u0259 180 \u00f6lk\u0259 v\u0259 \u0259razinin d\u00f6vl\u0259t sektorundak\u0131 korrupsiyan\u0131n s\u0259viyy\u0259sini 0 (y\u00fcks\u0259k korrupsiya) il\u0259 100 (\u00e7ox t\u0259miz) aras\u0131nda qiym\u0259tl\u0259ndirib v\u0259 s\u0131ralay\u0131b.<\/p>\n\n\n\n<p>100 bal g\u00f6st\u0259ricisi d\u00f6vl\u0259t sektorunda korrupsiyan\u0131n olmad\u0131\u011f\u0131n\u0131, 0 bal is\u0259 korrupsya s\u0259viyy\u0259sinin \u00e7ox y\u00fcks\u0259k oldu\u011funu g\u00f6st\u0259rir.<\/p>\n\n\n<div class=\"wp-block-image\">\n<figure class=\"alignright size-full is-resized\"><img decoding=\"async\" width=\"1200\" height=\"800\" data-src=\"https:\/\/www.meydan.tv\/wp-content\/uploads\/shutterstock_1168992658.jpg\" alt=\"\" class=\"wp-image-232635 lazyload\" style=\"--smush-placeholder-width: 1200px; --smush-placeholder-aspect-ratio: 1200\/800;width:460px;height:auto\" src=\"data:image\/svg+xml;base64,PHN2ZyB3aWR0aD0iMSIgaGVpZ2h0PSIxIiB4bWxucz0iaHR0cDovL3d3dy53My5vcmcvMjAwMC9zdmciPjwvc3ZnPg==\" \/><figcaption class=\"wp-element-caption\">Foto: &#8220;Transparency International&#8221;<\/figcaption><\/figure>\n<\/div>\n\n\n<p>Az\u0259rbaycan s\u0131ralamada 23 balla 180 \u00f6lk\u0259 i\u00e7ind\u0259 157-ci yerd\u0259 q\u0259rarla\u015f\u0131b.<br>\u00d6t\u0259n il 30 balla 128-ci olmu\u015fdu.<br>G\u00fcrc\u00fcstan 100 baldan 56, Erm\u0259nistan is\u0259 46-n\u0131 toplay\u0131b.<\/p>\n\n\n\n<p>H\u0259r iki \u00f6lk\u0259 Az\u0259rbaycana baxanda yax\u015f\u0131 yerd\u0259 q\u0259rarla\u015f\u0131b. G\u00fcrc\u00fcstan 41, Erm\u0259nistan 63-c\u00fc s\u0131ralamadad\u0131r.<br>Az\u0259rbaycanla eyni s\u0131rada Honduras Respublikas\u0131, \u0130raq, Burma, Zimbabve d\u0259 var.<br><br><\/p>\n\n\n\n<p><strong>\u00d6lk\u0259 demokratiya indeksind\u0259 134-c\u00fc yerd\u0259dir<\/strong><\/p>\n\n\n\n<p>Az\u0259rbaycan demokratiya indeksind\u0259 d\u00fcnyada 134-c\u00fc s\u0131radad\u0131r. \u00d6lk\u0259nin 2.87 balla \u201cavtoritar\u201d idar\u0259\u00e7ilikd\u0259 oldu\u011fu a\u00e7\u0131qlan\u0131b.<\/p>\n\n\n\n<p>\u201cEconomist Intelligence Unit\u201d (E\u0130U) d\u00fcnyada \u00f6t\u0259n ilin yekunlar\u0131 \u00fczr\u0259 demokratiya hesabat\u0131n\u0131 d\u0259rc edib.<\/p>\n\n\n<div class=\"wp-block-image\">\n<figure class=\"alignleft size-large is-resized\"><img decoding=\"async\" width=\"1200\" height=\"675\" data-src=\"https:\/\/www.meydan.tv\/wp-content\/uploads\/maxresdefault-22-1200x675.jpg\" alt=\"\" class=\"wp-image-294504 lazyload\" style=\"--smush-placeholder-width: 1200px; --smush-placeholder-aspect-ratio: 1200\/675;width:416px;height:auto\" src=\"data:image\/svg+xml;base64,PHN2ZyB3aWR0aD0iMSIgaGVpZ2h0PSIxIiB4bWxucz0iaHR0cDovL3d3dy53My5vcmcvMjAwMC9zdmciPjwvc3ZnPg==\" \/><figcaption class=\"wp-element-caption\">\u201cEconomist Intelligence Unit\u201d (E\u0130U)<\/figcaption><\/figure>\n<\/div>\n\n\n<p>Qon\u015fulara g\u0259linc\u0259, Erm\u0259nistan 5,63 balla 82-ci, G\u00fcrc\u00fcstan 5.20 balla 90-c\u0131 yerd\u0259dir. H\u0259r ikisind\u0259 rejimin n\u00f6v\u00fc \u201chibrit\u201d s\u0131ralamas\u0131ndad\u0131r.<\/p>\n\n\n\n<p>Hesabatda qeyd edilir ki, \u015e\u0259rqi Avropada h\u0259l\u0259 d\u0259 \u201ctam demokratiya\u201d olan \u00f6lk\u0259 yoxdur. Az\u0259rbaycan da daxil oldu\u011fu b\u00f6lg\u0259nin 28 \u00f6lk\u0259sind\u0259n 16-s\u0131 \u201cq\u00fcsurlu\u201d demokratik, 4-\u00fc \u201chibrid rejiml\u0259r\u201d (Erm\u0259nistan, Bosniya v\u0259 Herseqovina, G\u00fcrc\u00fcstan v\u0259 Ukrayna) v\u0259 8-i \u201cavtoritar rejim\u201ddir (Az\u0259rbaycan, Belarus, Rusiya v\u0259 M\u00fcst\u0259qil D\u00f6vl\u0259tl\u0259r Birliyin\u0259 \u00fczv olan b\u00fct\u00fcn Orta Asiya \u00f6lk\u0259l\u0259ri).<\/p>\n\n\n\n<p><strong>Media haqq\u0131nda qanunla ba\u011fl\u0131<\/strong><\/p>\n\n\n\n<p>2022-ci ilin sonu Az\u0259rbaycanda \u201cMedia haqq\u0131nda\u201d yeni qanun q\u00fcvv\u0259y\u0259 minib.<\/p>\n\n\n\n<p>\u201cS\u0259rh\u0259dsiz Reportyorlar\u201d T\u0259\u015fkilat\u0131 (RSF) bunu \u201cAz\u0259rbaycan \u00fc\u00e7\u00fcn k\u0259d\u0259rli yubiley\u201d adland\u0131r\u0131b.<\/p>\n\n\n<div class=\"wp-block-image\">\n<figure class=\"alignright size-large is-resized\"><img decoding=\"async\" width=\"1026\" height=\"821\" data-src=\"https:\/\/www.meydan.tv\/wp-content\/uploads\/shutterstock_1170038254-1026x821.jpg\" alt=\"\" class=\"wp-image-229529 lazyload\" style=\"--smush-placeholder-width: 1026px; --smush-placeholder-aspect-ratio: 1026\/821;width:793px;height:auto\" src=\"data:image\/svg+xml;base64,PHN2ZyB3aWR0aD0iMSIgaGVpZ2h0PSIxIiB4bWxucz0iaHR0cDovL3d3dy53My5vcmcvMjAwMC9zdmciPjwvc3ZnPg==\" \/><figcaption class=\"wp-element-caption\">S\u0259rh\u0259dsiz Reportyorlar T\u0259\u015fkilat\u0131, Foto: By Casimiro PT\/Shutterstock<\/figcaption><\/figure>\n<\/div>\n\n\n<p>T\u0259\u015fkilat \u00f6z\u00fcn\u00fcn \u201cTwitter\u201d (&#8220;X&#8221;) hesab\u0131nda qeyd edir ki, media sektoruna n\u0259zar\u0259ti g\u00fccl\u0259ndir\u0259n v\u0259 jurnalistl\u0259r\u0259 qar\u015f\u0131 pozuntular\u0131 legitiml\u0259\u015fdir\u0259n yeni qanunun q\u0259bulundan bir il \u00f6t\u00fcr.<\/p>\n\n\n\n<p>RSF Az\u0259rbaycan h\u00f6kum\u0259tind\u0259n qanuna yenid\u0259n bax\u0131lmas\u0131n\u0131 t\u0259l\u0259b edib.<\/p>\n\n\n\n<p><strong>Az\u0259rbaycanda media orqanlar\u0131 v\u0259 jurnalistl\u0259r\u0259 \u0259lav\u0259 m\u0259hdudiyy\u0259tl\u0259r t\u0259tbiq edilir\u201d<\/strong><\/p>\n\n\n\n<p>\u201cD\u00fcnyada qlobal azadl\u0131qlar art\u0131q 17-ci ildir ki, geril\u0259yir\u201d.<\/p>\n\n\n\n<p>\u201cFreedom House\u201d beyn\u0259lxalq insan h\u00fcquqlar\u0131 t\u0259\u015fkilat\u0131n\u0131n mart\u0131n 9-da a\u00e7\u0131qlad\u0131\u011f\u0131 \u201cd\u00fcnyada azadl\u0131qlar\u201d bar\u0259d\u0259 illik hesabat\u0131nda bel\u0259 deyilir.<\/p>\n\n\n<div class=\"wp-block-image\">\n<figure class=\"aligncenter size-full\"><img decoding=\"async\" width=\"1200\" height=\"800\" data-src=\"https:\/\/www.meydan.tv\/wp-content\/uploads\/img_9579__1_.jpg\" alt=\"\" class=\"wp-image-292761 lazyload\" src=\"data:image\/svg+xml;base64,PHN2ZyB3aWR0aD0iMSIgaGVpZ2h0PSIxIiB4bWxucz0iaHR0cDovL3d3dy53My5vcmcvMjAwMC9zdmciPjwvc3ZnPg==\" style=\"--smush-placeholder-width: 1200px; --smush-placeholder-aspect-ratio: 1200\/800;\" \/><figcaption class=\"wp-element-caption\">Media. Foto: \u00dclviyy\u0259 \u018fli.<\/figcaption><\/figure>\n<\/div>\n\n\n<p>Ke\u00e7mi\u015f sovet \u00f6lk\u0259l\u0259rind\u0259n yaln\u0131z \u00fc\u00e7 Baltik \u00f6lk\u0259si \u2013 Estoniya, Litva v\u0259 Latviya \u201cazad\u201d say\u0131l\u0131b. Bu \u00f6lk\u0259l\u0259r Avropa \u0130ttifaq\u0131 v\u0259 NATO \u00fczvl\u0259ridir.<\/p>\n\n\n\n<p>Az\u0259rbaycan is\u0259 9 balla \u00c7in, Myanma, Y\u0259m\u0259nl\u0259 eyni s\u0131ralar\u0131 b\u00f6l\u00fc\u015f\u00fcr.<\/p>\n\n\n\n<p>G\u00fcrc\u00fcstan 58, Erm\u0259nistan 54 balla qism\u0259n azad say\u0131l\u0131b.<\/p>\n\n\n\n<p><strong>A\u015e NK-da Az\u0259rbaycanla ba\u011fl\u0131 q\u0259tnam\u0259<\/strong><\/p>\n\n\n\n<p>Avropa \u015euras\u0131 Nazirl\u0259r Komit\u0259sinin (A\u015eNK) 7-9 mart tarixl\u0259rind\u0259 Strasburqda ke\u00e7iril\u0259n 1459-cu toplant\u0131s\u0131nda Az\u0259rbaycanla ba\u011fl\u0131 2 q\u0259tnam\u0259 q\u0259bul edib.<\/p>\n\n\n\n<p>A\u0130HM-in Az\u0259rbaycanla ba\u011fl\u0131 \u00fcmumilikd\u0259 35 q\u0259rar\u0131n\u0131n icra durumu m\u00fczakir\u0259 g\u00fcnd\u0259liyin\u0259 daxil edilib.<\/p>\n\n\n\n<p>S\u0259n\u0259dd\u0259 Az\u0259rbaycan h\u00f6kum\u0259ti inzibati h\u0259bsl\u0259rin, saxlan\u0131lmalar\u0131n qanuniliyi v\u0259 inzibati icraat\u0131n \u0259dal\u0259tliliyi il\u0259 ba\u011fl\u0131 milli qanunvericiliyin v\u0259 t\u0259cr\u00fcb\u0259nin t\u0259kmill\u0259\u015fdirilm\u0259sin\u0259 y\u00f6n\u0259lmi\u015f t\u0259dbirl\u0259r g\u00f6rm\u0259y\u0259 \u00e7a\u011f\u0131r\u0131l\u0131r.<\/p>\n\n\n\n<p>A\u015eNK-n\u0131n toplant\u0131s\u0131nda m\u00fczakir\u0259 olunan \u201cAnar M\u0259mm\u0259dli qrupu\u201dnda A\u0130HM-in Az\u0259rbaycanla ba\u011fl\u0131 q\u0259bul etdiyi 5 q\u0259rar\u0131n icras\u0131na n\u0259zar\u0259t edilir.<\/p>\n\n\n\n<p>Bu qrupda daha \u00f6nc\u0259 \u0130lqar M\u0259mm\u0259dov, R\u0259sul C\u0259f\u0259rov, Natiq C\u0259f\u0259rli, \u018fzizov v\u0259 Novruzlu i\u015fl\u0259ri \u00fczr\u0259 A\u0130HM-in q\u0259rarlar\u0131n\u0131n icras\u0131na da n\u0259zar\u0259t edilirdi.<\/p>\n\n\n<div class=\"wp-block-image\">\n<figure class=\"aligncenter size-full\"><img decoding=\"async\" width=\"1200\" height=\"672\" data-src=\"https:\/\/www.meydan.tv\/wp-content\/uploads\/031100024672.jpg\" alt=\"\" class=\"wp-image-248090 lazyload\" src=\"data:image\/svg+xml;base64,PHN2ZyB3aWR0aD0iMSIgaGVpZ2h0PSIxIiB4bWxucz0iaHR0cDovL3d3dy53My5vcmcvMjAwMC9zdmciPjwvc3ZnPg==\" style=\"--smush-placeholder-width: 1200px; --smush-placeholder-aspect-ratio: 1200\/672;\" \/><figcaption class=\"wp-element-caption\">Avropa \u015euras\u0131 Nazirl\u0259r Komit\u0259si. M\u0259nb\u0259: &#8220;Turan&#8221; <\/figcaption><\/figure>\n<\/div>\n\n\n<p>A\u015e NK h\u0259min q\u0259rarlar\u0131n icras\u0131na n\u0259zar\u0259ti art\u0131q qapad\u0131b.<\/p>\n\n\n\n<p>Haz\u0131rda Anar M\u0259mm\u0259dli, \u0130ntiqam \u018fliyev, \u0130brahimov v\u0259 M\u0259mm\u0259dov, X\u0259dic\u0259 \u0130smay\u0131lova (2), Arif v\u0259 Leyla Yunuslar\u0131n \u015fikay\u0259tl\u0259ri \u00fczr\u0259 \u00e7\u0131xar\u0131lan q\u0259rarlar n\u0259zar\u0259t alt\u0131ndad\u0131r.<\/p>\n\n\n\n<p>H\u0259min q\u0259rarlar \u0259riz\u0259\u00e7il\u0259rin aktiv siyasi v\u0259 sosial i\u015ftirak\u00e7\u0131l\u0131qlar\u0131na, h\u00f6kum\u0259ti t\u0259nqid\u0259, insan h\u00fcquqlar\u0131 v\u0259 se\u00e7kil\u0259ri izl\u0259m\u0259 sah\u0259sind\u0259 f\u0259aliyy\u0259tl\u0259rin\u0259 g\u00f6r\u0259 Konvensiyan\u0131n 18-ci madd\u0259sin\u0259 zidd olaraq m\u0259hk\u0259m\u0259y\u0259 q\u0259d\u0259r h\u0259bs edilm\u0259l\u0259ri v\u0259 azadl\u0131qdan m\u0259hrum olunmalar\u0131 il\u0259 ba\u011fl\u0131d\u0131r.<\/p>\n\n\n\n<p>Bu q\u0259rarlar\u0131n icra durumu problemlidir, q\u0259rarlar\u0131n ortaya \u00e7\u0131xard\u0131\u011f\u0131 probleml\u0259rin aradan qald\u0131rlmas\u0131 \u00fc\u00e7\u00fcn t\u0259l\u0259b olunan f\u0259rdi v\u0259 \u00fcmumi t\u0259dbirl\u0259r h\u0259yata ke\u00e7irilm\u0259mi\u015f qal\u0131r.<\/p>\n\n\n\n<p>Komit\u0259 bu qrup i\u015fi \u00fczr\u0259 q\u0259tnam\u0259sind\u0259 qeyd edir ki, adlar\u0131 yuxar\u0131da qeyd edil\u0259n \u0259riz\u0259\u00e7il\u0259rin m\u0259hkumluqlar\u0131n\u0131n l\u0259\u011fv edilm\u0259si, onlara qar\u015f\u0131 ir\u0259li s\u00fcr\u00fclm\u00fc\u015f cinay\u0259t ittihamlar\u0131n\u0131n b\u00fct\u00fcn n\u0259tic\u0259l\u0259rinin aradan qald\u0131rlmas\u0131 \u00fc\u00e7\u00fcn h\u00f6kum\u0259t b\u00fct\u00fcn add\u0131mlar\u0131 atmal\u0131d\u0131r.<\/p>\n\n\n\n<p>Komit\u0259 qalan \u0259riz\u0259\u00e7il\u0259rin m\u0259hkumluqlar\u0131n\u0131n Ali M\u0259hk\u0259m\u0259 t\u0259r\u0259find\u0259n l\u0259\u011fv edilm\u0259sinin, qisas\u00e7\u0131 v\u0259 sui-istifad\u0259 xarakterli h\u0259bsl\u0259r\u0259 v\u0259 t\u0259qibl\u0259r\u0259 qar\u015f\u0131 sa\u011flam milli m\u0259hk\u0259m\u0259 t\u0259cr\u00fcb\u0259sini formala\u015fd\u0131racaq \u0259sas \u00fcmumi t\u0259dbir olaraq qald\u0131\u011f\u0131n\u0131 bir daha vur\u011fulay\u0131r.<\/p>\n\n\n\n<p><strong>\u201cS\u0259rb\u0259st topla\u015fmaq, ifad\u0259 azadl\u0131qlar\u0131 m\u0259hdudla\u015fd\u0131r\u0131l\u0131b, dinc aksiyaya \u00e7\u0131xanlar d\u00f6y\u00fcl\u00fcb\u2026\u201d<\/strong><\/p>\n\n\n\n<p>\u00d6t\u0259n il Az\u0259rbaycanda yen\u0259 ifad\u0259, s\u0259rb\u0259st topla\u015fma v\u0259 birl\u0259\u015fm\u0259 azadl\u0131qlar\u0131 s\u0259rt m\u0259hdudla\u015fd\u0131r\u0131l\u0131b.<\/p>\n\n\n\n<p>Hakimiyy\u0259t v\u0259t\u0259nda\u015f c\u0259miyy\u0259ti f\u0259allar\u0131n\u0131n qanunsuz h\u0259bsl\u0259rini, siyasi motivli m\u00fchakim\u0259l\u0259rini h\u0259yata ke\u00e7irib, dinc etirazlar\u0131 da\u011f\u0131d\u0131b v\u0259 m\u00fcst\u0259qil t\u0259\u015fkilatlar\u0131n v\u0259 media qurumlar\u0131n\u0131n i\u015fin\u0259 \u0259ng\u0259ll\u0259r yarad\u0131b.<\/p>\n\n\n<div class=\"wp-block-image\">\n<figure class=\"aligncenter size-large\"><img decoding=\"async\" width=\"1200\" height=\"692\" data-src=\"https:\/\/www.meydan.tv\/wp-content\/uploads\/aksiya33333-1200x692.jpg\" alt=\"\" class=\"wp-image-229341 lazyload\" src=\"data:image\/svg+xml;base64,PHN2ZyB3aWR0aD0iMSIgaGVpZ2h0PSIxIiB4bWxucz0iaHR0cDovL3d3dy53My5vcmcvMjAwMC9zdmciPjwvc3ZnPg==\" style=\"--smush-placeholder-width: 1200px; --smush-placeholder-aspect-ratio: 1200\/692;\" \/><figcaption class=\"wp-element-caption\">15 dekabr aksiyas\u0131, Foto: Meydan TV<\/figcaption><\/figure>\n<\/div>\n\n\n<p>Qad\u0131nlar\u0131n ayr\u0131se\u00e7kilikl\u0259 \u00fczl\u0259\u015fm\u0259si davam edib. Da\u011fl\u0131q Qaraba\u011f m\u00fcnaqi\u015f\u0259sind\u0259 t\u00f6r\u0259dil\u0259n m\u00fcharib\u0259 cinay\u0259tl\u0259rinin istintaq\u0131nda ciddi ir\u0259lil\u0259yi\u015f olmay\u0131b.<\/p>\n\n\n\n<p>\u201cAmnesty International\u201d insan h\u00fcquqlar\u0131 t\u0259\u015fkilat\u0131n\u0131n yayd\u0131\u011f\u0131 illik hesabatda bel\u0259 deyilir.<\/p>\n\n\n<div class=\"wp-block-image\">\n<figure class=\"alignleft size-full is-resized\"><img decoding=\"async\" width=\"1200\" height=\"579\" data-src=\"https:\/\/www.meydan.tv\/wp-content\/uploads\/shutterstock_1219934308.jpg\" alt=\"\" class=\"wp-image-271503 lazyload\" style=\"--smush-placeholder-width: 1200px; --smush-placeholder-aspect-ratio: 1200\/579;width:379px;height:auto\" src=\"data:image\/svg+xml;base64,PHN2ZyB3aWR0aD0iMSIgaGVpZ2h0PSIxIiB4bWxucz0iaHR0cDovL3d3dy53My5vcmcvMjAwMC9zdmciPjwvc3ZnPg==\" \/><figcaption class=\"wp-element-caption\">&#8220;Amnesty International&#8221;.\nFoto: Derick P. Hudson\/shutterstock<\/figcaption><\/figure>\n<\/div>\n\n\n<p>Bildirilir ki, Az\u0259rbaycanda beyn\u0259lxalq humanitar h\u00fcquq pozuntular\u0131 olsa da, \u00f6lk\u0259nin enerji t\u0259chizat\u0131nda v\u0259 tranzitind\u0259 rolu art\u0131b.<\/p>\n\n\n\n<p>Hesabatda qeyd edilir ki, yeni qanun b\u00fct\u00fcn jurnalistl\u0259rd\u0259n r\u0259smi qeydiyyatdan ke\u00e7m\u0259l\u0259rini v\u0259 m\u0259lumatlar\u0131 \u201cobyektiv\u201d olaraq \u00e7atd\u0131rma\u011f\u0131 t\u0259l\u0259b etm\u0259kl\u0259, lakin qanunun bu t\u0259l\u0259bini ayd\u0131n izah etm\u0259m\u0259kl\u0259, Az\u0259rbaycan medias\u0131 \u00fcz\u0259rind\u0259 d\u00f6vl\u0259tin n\u0259zar\u0259tini art\u0131r\u0131b.<\/p>\n\n\n\n<p><strong>\u201cS\u0259rh\u0259dsiz Reportyorlar T\u0259\u015fkilat\u0131\u201d (RSF) 21-ci D\u00fcnya M\u0259tbuat Azadl\u0131\u011f\u0131 \u0130ndeksini a\u00e7\u0131qlay\u0131b<\/strong><\/p>\n\n\n\n<p>T\u0259\u015fkilat qeyd edir ki, yeni hesabat d\u00fcnyada siyasi, sosial v\u0259 texnoloji sars\u0131nt\u0131larla \u0259laq\u0259li \u0259sas d\u0259yi\u015fiklikl\u0259r\u0259 i\u015f\u0131q sal\u0131r.<\/p>\n\n\n\n<p>Hesabatda 180 \u00f6lk\u0259d\u0259ki m\u0259tbuatla ba\u011fl\u0131 v\u0259ziyy\u0259t qiym\u0259tl\u0259ndirilib.<\/p>\n\n\n\n<p>Az\u0259rbaycan s\u0131ralamada 180 \u00f6lk\u0259 aras\u0131nda 151-ci yerd\u0259dir.<\/p>\n\n\n\n<p>Bu g\u00f6st\u0259rici il\u0259 \u00f6lk\u0259 Pakistan v\u0259 \u018ffqan\u0131stan aras\u0131nda q\u0259rarla\u015f\u0131b.<\/p>\n\n\n\n<p>Az\u0259rbaycan\u0131n qon\u015fular\u0131na g\u0259linc\u0259, Erm\u0259nistan indeksd\u0259 49, G\u00fcrc\u00fcstan 77, Rusiya 164-c\u00fc yerd\u0259dir.<\/p>\n\n\n\n<p><strong>Erm\u0259nistan v\u0259 G\u00fcrc\u00fcstan hibrid, Az\u0259rbaycan avtoritar rejiml\u0259r siyah\u0131s\u0131ndad\u0131r<\/strong><\/p>\n\n\n\n<p>Ard\u0131c\u0131l on doqquz ildir ki, M\u0259rk\u0259zi Avropadan Orta Asiyayad\u0259k uzanan regionda demokratik idar\u0259etm\u0259 t\u0259n\u0259zz\u00fcl\u0259 u\u011fray\u0131b.<\/p>\n\n\n\n<p>Rusiyan\u0131n Ukraynan\u0131 geni\u015fmiqyasl\u0131 i\u015f\u011fal\u0131 d\u00f6n\u0259mind\u0259 v\u0259ziyy\u0259t pis\u0259 do\u011fru getm\u0259kd\u0259 davam edib.<\/p>\n\n\n\n<p>\u201cFreedom House\u201d insan h\u00fcquqlar\u0131 t\u0259\u015fkilat\u0131n\u0131n may\u0131n 24-d\u0259 a\u00e7\u0131qlad\u0131\u011f\u0131 \u201cKe\u00e7id \u00f6lk\u0259l\u0259ri \u2013 2023&#8243; hesabat\u0131nda bel\u0259 deyilir.<\/p>\n\n\n\n<p>Hesabatda yer alan 29 \u00f6lk\u0259d\u0259n 11-d\u0259 demokratiya bal\u0131 azal\u0131b, c\u0259mi 7 \u00f6lk\u0259d\u0259 ir\u0259lil\u0259yi\u015f qeyd\u0259 al\u0131n\u0131b.<\/p>\n\n\n<div class=\"wp-block-image\">\n<figure class=\"alignright size-large is-resized\"><img decoding=\"async\" width=\"1200\" height=\"639\" data-src=\"https:\/\/www.meydan.tv\/wp-content\/uploads\/2461334-1200x639.jpg\" alt=\"Freedom House\" class=\"wp-image-129916 lazyload\" style=\"--smush-placeholder-width: 1200px; --smush-placeholder-aspect-ratio: 1200\/639;width:426px;height:auto\" src=\"data:image\/svg+xml;base64,PHN2ZyB3aWR0aD0iMSIgaGVpZ2h0PSIxIiB4bWxucz0iaHR0cDovL3d3dy53My5vcmcvMjAwMC9zdmciPjwvc3ZnPg==\" \/><figcaption class=\"wp-element-caption\">Foto: Meydan TV<\/figcaption><\/figure>\n<\/div>\n\n\n<p>\u201cFreedom House\u201d bildirir ki, T\u00fcrkm\u0259nistan v\u0259 Az\u0259rbaycan v\u0259t\u0259nda\u015flar\u0131 hakim elitan\u0131n qohumbazl\u0131\u011f\u0131na d\u00f6zm\u0259kd\u0259 davam edib:<\/p>\n\n\n\n<p>\u201c<em>G\u00fcrc\u00fcstanda, Serbiyada v\u0259 Macar\u0131standa hakim partiyalar \u00f6z se\u00e7icil\u0259rini manipulyasiya edib\u201d.<\/em><\/p>\n\n\n\n<p>Az\u0259rbaycan hesabatda sondan 3-c\u00fc yerd\u0259 q\u0259rarla\u015f\u0131b.<\/p>\n\n\n\n<p>\u00d6lk\u0259 bu m\u00f6vqeyi il\u0259 yaln\u0131z T\u00fcrkm\u0259nistan v\u0259 Tacikistandan \u00f6n\u0259 ke\u00e7\u0259 bilib.<\/p>\n\n\n\n<p>Bu \u00fc\u00e7 \u00f6lk\u0259nin d\u0259 daxil oldu\u011fu, \u00fcmumilikd\u0259 s\u0259kkiz \u00f6lk\u0259 \u201cm\u00f6hk\u0259ml\u0259nmi\u015f avtoritar rejiml\u0259r\u201d siyah\u0131s\u0131ndad\u0131r.<\/p>\n\n\n\n<p>T\u0259\u015fkilat \u0259vv\u0259lki ill\u0259rd\u0259 d\u0259 Az\u0259rbaycan\u0131 \u201cm\u00f6hk\u0259ml\u0259nmi\u015f avtokratik rejim\u201d siyah\u0131s\u0131na daxil etmi\u015fdi:<\/p>\n\n\n\n<p>\u201c<em>Dem\u0259k olar ki, T\u00fcrkm\u0259nistan v\u0259 Az\u0259rbaycan\u0131n d\u00f6vl\u0259t qurumlar\u0131 demokratik keyfiyy\u0259tl\u0259rd\u0259n m\u0259hrum qal\u0131b. H\u0259r iki \u00f6lk\u0259d\u0259 v\u0259t\u0259nda\u015flar\u0131n hakim elitan\u0131n qohumbazl\u0131\u011f\u0131ndan \u0259ziyy\u0259t \u00e7\u0259kir\u201d.<\/em><br>Qon\u015fu Erm\u0259nistan v\u0259 G\u00fcrc\u00fcstan, h\u0259m\u00e7inin Ukrayna, Moldova birlikd\u0259 \u201chibrid rejiml\u0259r\u201d siyah\u0131s\u0131ndad\u0131r.<\/p>\n\n\n\n<p>Hesabat\u0131n Az\u0259rbaycanla ba\u011fl\u0131 hiss\u0259sind\u0259 Qaraba\u011f m\u00fcnaqi\u015f\u0259sin\u0259 d\u0259 toxunulub.<\/p>\n\n\n\n<p>Bildirilib ki, Az\u0259rbaycan Prezidenti\u00a0<em>\u201c\u0259razi ambisiyalar\u0131n\u0131 h\u0259rbi yolla davam etdirir, bununla yana\u015f\u0131 \u00f6lk\u0259 daxilind\u0259 m\u00fcxalif\u0259ti s\u0131x\u0131\u015fd\u0131r\u0131r, Qaraba\u011fda ya\u015fayan \u0259halinin azadl\u0131qlar\u0131n\u0131 t\u0259hdid edir\u201d.<\/em><\/p>\n\n\n\n<p><em>\u201cRusiyan\u0131n Ukraynaya t\u0259cav\u00fcz\u00fc, Az\u0259rbaycan\u0131n Erm\u0259nistana h\u00fccumu v\u0259 Orta Asiyada etirazlar\u0131n zorak\u0131l\u0131qla yat\u0131r\u0131lmas\u0131 pis avtoritar idar\u0259\u00e7iliyin \u00f6l\u00fcmc\u00fcl n\u0259tic\u0259l\u0259rini ortaya qoyub\u201d,&nbsp;<\/em>\u2013 hesabatda bel\u0259 deyilir.<\/p>\n\n\n\n<p><strong>M\u0259hbuslara ayr\u0131lan v\u0259sait<\/strong><\/p>\n\n\n\n<p>\u018fn son hesablamalara g\u00f6r\u0259, haz\u0131rda Avropa \u015euras\u0131na \u00fczv \u00f6lk\u0259l\u0259rin h\u0259bsxanalar\u0131nda 981 min 575 m\u0259hbus c\u0259za \u00e7\u0259kir.<\/p>\n\n\n\n<p>Az\u0259rbaycan A\u015e-da m\u0259hbus say\u0131na g\u00f6r\u0259 \u00fc\u00e7\u00fcnc\u00fc yerd\u0259dir.<\/p>\n\n\n\n<p>Avropa \u015euras\u0131n\u0131n \u201cPrison Populations 2022\u201d hesabat\u0131nda bel\u0259 deyilir. H\u0259min hesabat Lozanna Universiteti t\u0259r\u0259find\u0259n haz\u0131rlan\u0131b.<\/p>\n\n\n\n<figure class=\"wp-block-image size-full\"><img decoding=\"async\" width=\"1200\" height=\"530\" data-src=\"https:\/\/www.meydan.tv\/wp-content\/uploads\/shutterstock_1071698609.jpg\" alt=\"\" class=\"wp-image-237899 lazyload\" src=\"data:image\/svg+xml;base64,PHN2ZyB3aWR0aD0iMSIgaGVpZ2h0PSIxIiB4bWxucz0iaHR0cDovL3d3dy53My5vcmcvMjAwMC9zdmciPjwvc3ZnPg==\" style=\"--smush-placeholder-width: 1200px; --smush-placeholder-aspect-ratio: 1200\/530;\" \/><figcaption class=\"wp-element-caption\">Avropa \u015euras\u0131 Parlament Assambleyas\u0131. Foto: Leonid Andronov\/shutterstock<\/figcaption><\/figure>\n\n\n\n<p>Avropa \u015euras\u0131 \u00f6lk\u0259l\u0259ri aras\u0131nda m\u0259hbus say\u0131na g\u00f6r\u0259 lider \u00f6lk\u0259 is\u0259 T\u00fcrkiy\u0259dir.<\/p>\n\n\n\n<p>2022-ci ilin sonuna olan g\u00f6st\u0259ricil\u0259r\u0259 g\u00f6r\u0259, burada 303 min 945 m\u0259hbus c\u0259za \u00e7\u0259kir.<\/p>\n\n\n\n<p>\u00d6lk\u0259 \u0259halisinin say\u0131 il\u0259 m\u00fcqayis\u0259 edils\u0259, T\u00fcrkiy\u0259d\u0259 h\u0259r 100 min \u0259haliy\u0259 355 n\u0259f\u0259r m\u0259hbus d\u00fc\u015f\u00fcr.<\/p>\n\n\n\n<p>T\u00fcrkiy\u0259d\u0259n sonra m\u0259hbus say\u0131 \u00e7ox olan n\u00f6vb\u0259ti \u00f6lk\u0259 G\u00fcrc\u00fcstand\u0131r. Burada h\u0259r 100 min n\u0259f\u0259r\u0259 237 m\u0259hbus d\u00fc\u015f\u00fcr.<\/p>\n\n\n<div class=\"wp-block-image\">\n<figure class=\"aligncenter size-full\"><img decoding=\"async\" width=\"1200\" height=\"800\" data-src=\"https:\/\/www.meydan.tv\/wp-content\/uploads\/untitled-design-3-99.jpg\" alt=\"\" class=\"wp-image-278974 lazyload\" src=\"data:image\/svg+xml;base64,PHN2ZyB3aWR0aD0iMSIgaGVpZ2h0PSIxIiB4bWxucz0iaHR0cDovL3d3dy53My5vcmcvMjAwMC9zdmciPjwvc3ZnPg==\" style=\"--smush-placeholder-width: 1200px; --smush-placeholder-aspect-ratio: 1200\/800;\" \/><figcaption class=\"wp-element-caption\">H\u0259bsxana. Foto: arxiv<\/figcaption><\/figure>\n<\/div>\n\n\n<p>M\u0259hbus say\u0131na g\u00f6r\u0259 \u00fc\u00e7\u00fcnc\u00fc yerd\u0259 olan \u00f6lk\u0259 Az\u0259rbaycand\u0131r. H\u0259r 100 min n\u0259f\u0259r\u0259 217 m\u0259hbus (\u00fcmumi m\u0259hbus say\u0131, t\u0259xmin\u0259n 22 334) d\u00fc\u015f\u00fcr.<\/p>\n\n\n\n<p>\u00d6nc\u0259ki ill\u0259rd\u0259 \u2013 2020-ci ild\u0259 Az\u0259rbaycanda h\u0259r 100 min \u0259haliy\u0259 208, 2021-ci ild\u0259 215 m\u0259hbus olub.<\/p>\n\n\n\n<p>Az\u0259rbaycanda m\u0259hbuslar\u0131n illik x\u0259rci 2021-ci ild\u0259 64,8 milyon avro t\u0259\u015fkil edib. H\u0259r m\u0259hbusun g\u00fcnl\u00fck x\u0259rci 7,97 avro olub.<\/p>\n\n\n\n<p>Bu g\u00f6st\u0259rici Ukrayna istisna olmaqla A\u015e m\u0259kan\u0131nda \u0259n a\u015fa\u011f\u0131 g\u00f6st\u0259ricidir. Az\u0259rbaycandan sonra h\u0259r m\u0259hbusa g\u00fcnl\u00fck \u0259n az v\u0259saiti T\u00fcrkiy\u0259 x\u0259rcl\u0259yib \u2013 9,81 avro. Daha sonra G\u00fcrc\u00fcstan (10,55), Moldova (12,7) v\u0259 Bolqar\u0131stan (13) g\u0259lir.<\/p>\n\n\n\n<p><strong>Qiym\u0259tl\u0259ndirm\u0259y\u0259 yaln\u0131z paytaxt m\u0259kt\u0259bl\u0259rind\u0259n qat\u0131l\u0131blar<\/strong><\/p>\n\n\n\n<p>PISA (Beyn\u0259lxalq \u015eagird Qiym\u0259tl\u0259ndirm\u0259 Proqram\u0131) 2022-ci ild\u0259ki qiym\u0259tl\u0259ndirm\u0259sinin n\u0259tic\u0259l\u0259rini a\u00e7\u0131qlay\u0131b.<\/p>\n\n\n\n<p>H\u0259min qiym\u0259tl\u0259ndirm\u0259 \u00f6lk\u0259l\u0259rin t\u0259hsil sistemini m\u00fcqayis\u0259 etm\u0259k \u00fc\u00e7\u00fcn istifad\u0259 edil\u0259n n\u00fcfuzlu mexanizml\u0259rd\u0259n biridir.<\/p>\n\n\n\n<p>N\u0259tic\u0259l\u0259rd\u0259 Az\u0259rbaycanla ba\u011fl\u0131 hiss\u0259 d\u0259 yer al\u0131b. M\u0259lum olub ki, Az\u0259rbaycandan qiym\u0259tl\u0259ndirm\u0259y\u0259 qat\u0131lan \u015fagirdl\u0259r b\u00fct\u00fcn \u00f6lk\u0259d\u0259n yox, sad\u0259c\u0259 paytaxtdan se\u00e7ilib.<\/p>\n\n\n<div class=\"wp-block-image\">\n<figure class=\"aligncenter size-full\"><img decoding=\"async\" width=\"1200\" height=\"800\" data-src=\"https:\/\/www.meydan.tv\/wp-content\/uploads\/pisa.jpg\" alt=\"\" class=\"wp-image-294510 lazyload\" src=\"data:image\/svg+xml;base64,PHN2ZyB3aWR0aD0iMSIgaGVpZ2h0PSIxIiB4bWxucz0iaHR0cDovL3d3dy53My5vcmcvMjAwMC9zdmciPjwvc3ZnPg==\" style=\"--smush-placeholder-width: 1200px; --smush-placeholder-aspect-ratio: 1200\/800;\" \/><figcaption class=\"wp-element-caption\">PISA (Beyn\u0259lxalq \u015eagird Qiym\u0259tl\u0259ndirm\u0259 Proqram\u0131<\/figcaption><\/figure>\n<\/div>\n\n\n<p>Bel\u0259likl\u0259, Az\u0259rbaycan m\u0259kt\u0259blil\u0259ri 2022-ci ild\u0259 81 \u00f6lk\u0259 aras\u0131nda oxu bacar\u0131qlar\u0131 \u00fczr\u0259 \u2013 69-cu yer, t\u0259bi\u0259t elml\u0259ri \u00fczr\u0259 \u2013 68-ci yer, riyaziyyat \u00fczr\u0259 \u2013 56-c\u0131 yeri tutublar.<\/p>\n\n\n\n<p>Az\u0259rbaycan m\u0259kt\u0259blil\u0259ri PISA qiym\u0259tl\u0259ndirm\u0259sind\u0259, \u0259n yax\u015f\u0131 n\u0259tic\u0259ni riyaziyyat \u00fczr\u0259 g\u00f6st\u0259ribl\u0259r.<\/p>\n\n\n\n<p>Qiym\u0259tl\u0259ndirm\u0259 15 ya\u015fl\u0131 \u015fagirdl\u0259r aras\u0131nda ke\u00e7irilir. Onlar\u0131n oxu, riyaziyyat, t\u0259bi\u0259t elml\u0259ri v\u0259 yarad\u0131c\u0131 d\u00fc\u015f\u00fcnm\u0259 \u00fczr\u0259 bilik v\u0259 bacar\u0131qlar\u0131 qiym\u0259tl\u0259ndirilir. \u018fsas m\u0259qs\u0259d \u015fagirdl\u0259rin ald\u0131\u011f\u0131 bilik v\u0259 yiy\u0259l\u0259ndikl\u0259ri bacar\u0131qlar\u0131 real h\u0259yatda istifad\u0259 etm\u0259k qabiliyy\u0259tl\u0259rini m\u00fc\u0259yy\u0259nl\u0259\u015fdirm\u0259kdir.<\/p>\n\n\n\n<p><strong>Az\u0259rbaycan\u0131n d\u0259yi\u015fm\u0259y\u0259n cavab\u0131<\/strong><\/p>\n\n\n\n<p>Az\u0259rbaycan r\u0259smil\u0259ri, hakimiyy\u0259t orqanlar\u0131 beyn\u0259lxalq t\u0259\u015fkilatlar\u0131n \u00f6lk\u0259 il\u0259 ba\u011fl\u0131 media azadl\u0131\u011f\u0131, korrupsiya, azad iqtisadiyyat v\u0259 s. kimi hesabatlar\u0131 il\u0259 raz\u0131 deyil. Bu kimi hesabatlar\u0131 t\u0259xribat adland\u0131r\u0131r, h\u0259qiq\u0259t\u0259uy\u011fun olmad\u0131\u011f\u0131n\u0131 s\u00f6yl\u0259yirl\u0259r.<\/p>\n\n\n<div class=\"wp-block-image\">\n<figure class=\"alignright size-large is-resized\"><img decoding=\"async\" width=\"1200\" height=\"800\" data-src=\"https:\/\/www.meydan.tv\/wp-content\/uploads\/image_from_ios_2_frfjs9p-1200x800.jpg\" alt=\"\u0130lham \u018fliyev\" class=\"wp-image-149697 lazyload\" style=\"--smush-placeholder-width: 1200px; --smush-placeholder-aspect-ratio: 1200\/800;width:352px;height:auto\" src=\"data:image\/svg+xml;base64,PHN2ZyB3aWR0aD0iMSIgaGVpZ2h0PSIxIiB4bWxucz0iaHR0cDovL3d3dy53My5vcmcvMjAwMC9zdmciPjwvc3ZnPg==\" \/><figcaption class=\"wp-element-caption\">Foto: Meydan TV<\/figcaption><\/figure>\n<\/div>\n\n\n<p>H\u00f6kum\u0259t t\u0259msil\u00e7il\u0259ri, el\u0259c\u0259 d\u0259 Prezident \u0130lham \u018fliyev Q\u0259rb t\u0259\u015fkilatlar\u0131n\u0131n yayd\u0131\u011f\u0131 hesabatlarda Az\u0259rbaycanla ba\u011fl\u0131 yaz\u0131lanlarla raz\u0131 olmur, \u00f6lk\u0259d\u0259 s\u00f6z azadl\u0131\u011f\u0131, demokratik m\u00fchit oldu\u011funu bildirirl\u0259r.<\/p>\n\n\n\n<p>Eyni zamanda, deyirl\u0259r ki, \u00f6lk\u0259d\u0259 kims\u0259 fikirl\u0259rin\u0259 g\u00f6r\u0259 h\u0259bs edilmir, kims\u0259 bu s\u0259b\u0259bd\u0259n incidilmir.<\/p>\n\n\n\n<p>Prezident \u0130lham \u018fliyev h\u0259m\u00e7inin ill\u0259r \u00f6nc\u0259 \u201cFreedom House\u201d T\u0259\u015fkilat\u0131n\u0131n Az\u0259rbaycanla ba\u011fl\u0131 hesabat\u0131ndan sonra onlar\u0131 erm\u0259nip\u0259r\u0259st m\u00f6vqed\u0259 ittiham edib, bu qurumun hesabatlar\u0131n\u0131n Az\u0259rbaycan \u00fc\u00e7\u00fcn&nbsp;<em>\u201che\u00e7 bir \u0259sas\u0131 olmad\u0131\u011f\u0131n\u0131\u201d<\/em>&nbsp;demi\u015fdi.<\/p>\n","protected":false},"excerpt":{"rendered":"<p>Korrupsiya indeksind\u0259 \u00f6n, m\u0259tbuat azadl\u0131\u011f\u0131, demokratiya g\u00f6st\u0259ricil\u0259rin\u0259 g\u00f6r\u0259 sonuncu\u2026 Avropa &#8230; <\/p>\n<p class=\"read-more-container\"><a title=\"Beyn\u0259lxalq t\u0259\u015fkilatlar\u0131n g\u00f6z\u00fcnd\u0259 Az\u0259rbaycan\" class=\"read-more button\" href=\"https:\/\/www.meydan.tv\/az\/article\/beynelxalq-teskilatlarin-gozunde-azerbaycan\/#more-294514\" aria-label=\"Read more about Beyn\u0259lxalq t\u0259\u015fkilatlar\u0131n g\u00f6z\u00fcnd\u0259 Az\u0259rbaycan\">Davam\u0131<\/a><\/p>\n","protected":false},"author":8,"featured_media":294518,"comment_status":"closed","ping_status":"closed","sticky":false,"template":"","format":"standard","meta":{"_acf_changed":false,"_sitemap_exclude":false,"_sitemap_priority":"","_sitemap_frequency":"","footnotes":""},"categories":[59,79,56],"tags":[],"class_list":["post-294514","post","type-post","status-publish","format-standard","has-post-thumbnail","hentry","category-siyaset","category-featured","category-xeberler","infinite-scroll-item","generate-columns","tablet-grid-50","mobile-grid-100","grid-parent","grid-33","no-featured-image-padding"],"acf":[],"yoast_head":"<!-- This site is optimized with the Yoast SEO plugin v27.4 - https:\/\/yoast.com\/product\/yoast-seo-wordpress\/ -->\n<title>Beyn\u0259lxalq t\u0259\u015fkilatlar\u0131n g\u00f6z\u00fcnd\u0259 Az\u0259rbaycan - MEYDAN.TV<\/title>\n<meta name=\"robots\" content=\"index, follow, max-snippet:-1, max-image-preview:large, max-video-preview:-1\" \/>\n<link rel=\"canonical\" href=\"https:\/\/www.meydan.tv\/az\/article\/beynelxalq-teskilatlarin-gozunde-azerbaycan\/\" \/>\n<meta property=\"og:locale\" content=\"az_AZ\" \/>\n<meta property=\"og:type\" content=\"article\" \/>\n<meta property=\"og:title\" content=\"Beyn\u0259lxalq t\u0259\u015fkilatlar\u0131n g\u00f6z\u00fcnd\u0259 Az\u0259rbaycan - MEYDAN.TV\" \/>\n<meta property=\"og:description\" content=\"Korrupsiya indeksind\u0259 \u00f6n, m\u0259tbuat azadl\u0131\u011f\u0131, demokratiya g\u00f6st\u0259ricil\u0259rin\u0259 g\u00f6r\u0259 sonuncu\u2026 Avropa ... Davam\u0131\" \/>\n<meta property=\"og:url\" content=\"https:\/\/www.meydan.tv\/az\/article\/beynelxalq-teskilatlarin-gozunde-azerbaycan\/\" \/>\n<meta property=\"og:site_name\" content=\"MEYDAN.TV\" \/>\n<meta property=\"article:published_time\" content=\"2023-12-30T12:02:23+00:00\" \/>\n<meta property=\"article:modified_time\" content=\"2023-12-30T12:07:05+00:00\" \/>\n<meta property=\"og:image\" content=\"https:\/\/www.meydan.tv\/wp-content\/uploads\/insan-haqlari-azerb.jpg\" \/>\n\t<meta property=\"og:image:width\" content=\"1500\" \/>\n\t<meta property=\"og:image:height\" content=\"844\" \/>\n\t<meta property=\"og:image:type\" content=\"image\/jpeg\" \/>\n<meta name=\"author\" content=\"elli\" \/>\n<meta name=\"twitter:card\" content=\"summary_large_image\" \/>\n<meta name=\"twitter:creator\" content=\"@elli\" \/>\n<script type=\"application\/ld+json\" class=\"yoast-schema-graph\">{\"@context\":\"https:\\\/\\\/schema.org\",\"@graph\":[{\"@type\":\"Article\",\"@id\":\"https:\\\/\\\/www.meydan.tv\\\/az\\\/article\\\/beynelxalq-teskilatlarin-gozunde-azerbaycan\\\/#article\",\"isPartOf\":{\"@id\":\"https:\\\/\\\/www.meydan.tv\\\/az\\\/article\\\/beynelxalq-teskilatlarin-gozunde-azerbaycan\\\/\"},\"author\":{\"name\":\"elli\",\"@id\":\"https:\\\/\\\/www.meydan.tv\\\/az\\\/#\\\/schema\\\/person\\\/9cdbecf90d17180ce1dfbd95b08dcf47\"},\"headline\":\"Beyn\u0259lxalq t\u0259\u015fkilatlar\u0131n g\u00f6z\u00fcnd\u0259 Az\u0259rbaycan\",\"datePublished\":\"2023-12-30T12:02:23+00:00\",\"dateModified\":\"2023-12-30T12:07:05+00:00\",\"mainEntityOfPage\":{\"@id\":\"https:\\\/\\\/www.meydan.tv\\\/az\\\/article\\\/beynelxalq-teskilatlarin-gozunde-azerbaycan\\\/\"},\"wordCount\":2813,\"publisher\":{\"@id\":\"https:\\\/\\\/www.meydan.tv\\\/az\\\/#organization\"},\"image\":{\"@id\":\"https:\\\/\\\/www.meydan.tv\\\/az\\\/article\\\/beynelxalq-teskilatlarin-gozunde-azerbaycan\\\/#primaryimage\"},\"thumbnailUrl\":\"https:\\\/\\\/www.meydan.tv\\\/wp-content\\\/uploads\\\/insan-haqlari-azerb.jpg\",\"articleSection\":[\"Siyas\u0259t\",\"T\u00f6vsiy\u0259\",\"X\u0259b\u0259rl\u0259r\"],\"inLanguage\":\"az\"},{\"@type\":\"WebPage\",\"@id\":\"https:\\\/\\\/www.meydan.tv\\\/az\\\/article\\\/beynelxalq-teskilatlarin-gozunde-azerbaycan\\\/\",\"url\":\"https:\\\/\\\/www.meydan.tv\\\/az\\\/article\\\/beynelxalq-teskilatlarin-gozunde-azerbaycan\\\/\",\"name\":\"Beyn\u0259lxalq t\u0259\u015fkilatlar\u0131n g\u00f6z\u00fcnd\u0259 Az\u0259rbaycan - MEYDAN.TV\",\"isPartOf\":{\"@id\":\"https:\\\/\\\/www.meydan.tv\\\/az\\\/#website\"},\"primaryImageOfPage\":{\"@id\":\"https:\\\/\\\/www.meydan.tv\\\/az\\\/article\\\/beynelxalq-teskilatlarin-gozunde-azerbaycan\\\/#primaryimage\"},\"image\":{\"@id\":\"https:\\\/\\\/www.meydan.tv\\\/az\\\/article\\\/beynelxalq-teskilatlarin-gozunde-azerbaycan\\\/#primaryimage\"},\"thumbnailUrl\":\"https:\\\/\\\/www.meydan.tv\\\/wp-content\\\/uploads\\\/insan-haqlari-azerb.jpg\",\"datePublished\":\"2023-12-30T12:02:23+00:00\",\"dateModified\":\"2023-12-30T12:07:05+00:00\",\"breadcrumb\":{\"@id\":\"https:\\\/\\\/www.meydan.tv\\\/az\\\/article\\\/beynelxalq-teskilatlarin-gozunde-azerbaycan\\\/#breadcrumb\"},\"inLanguage\":\"az\",\"potentialAction\":[{\"@type\":\"ReadAction\",\"target\":[\"https:\\\/\\\/www.meydan.tv\\\/az\\\/article\\\/beynelxalq-teskilatlarin-gozunde-azerbaycan\\\/\"]}]},{\"@type\":\"ImageObject\",\"inLanguage\":\"az\",\"@id\":\"https:\\\/\\\/www.meydan.tv\\\/az\\\/article\\\/beynelxalq-teskilatlarin-gozunde-azerbaycan\\\/#primaryimage\",\"url\":\"https:\\\/\\\/www.meydan.tv\\\/wp-content\\\/uploads\\\/insan-haqlari-azerb.jpg\",\"contentUrl\":\"https:\\\/\\\/www.meydan.tv\\\/wp-content\\\/uploads\\\/insan-haqlari-azerb.jpg\",\"width\":1500,\"height\":844,\"caption\":\"Az\u0259rbaycan beyn\u0259lxalq t\u0259\u015fkilatlarda. Foto: Jean-Marc Billod\\\/shutterstock\"},{\"@type\":\"BreadcrumbList\",\"@id\":\"https:\\\/\\\/www.meydan.tv\\\/az\\\/article\\\/beynelxalq-teskilatlarin-gozunde-azerbaycan\\\/#breadcrumb\",\"itemListElement\":[{\"@type\":\"ListItem\",\"position\":1,\"name\":\"Ana s\u0259hif\u0259\",\"item\":\"https:\\\/\\\/www.meydan.tv\\\/az\\\/\"},{\"@type\":\"ListItem\",\"position\":2,\"name\":\"Siyas\u0259t\",\"item\":\"https:\\\/\\\/www.meydan.tv\\\/az\\\/section\\\/siyaset\\\/\"},{\"@type\":\"ListItem\",\"position\":3,\"name\":\"Beyn\u0259lxalq t\u0259\u015fkilatlar\u0131n g\u00f6z\u00fcnd\u0259 Az\u0259rbaycan\"}]},{\"@type\":\"WebSite\",\"@id\":\"https:\\\/\\\/www.meydan.tv\\\/az\\\/#website\",\"url\":\"https:\\\/\\\/www.meydan.tv\\\/az\\\/\",\"name\":\"MEYDAN.TV\",\"description\":\"Meydan TV Az\u0259rbaycan\u0131n media m\u0259kan\u0131ndak\u0131 alternativ s\u0259sidir\",\"publisher\":{\"@id\":\"https:\\\/\\\/www.meydan.tv\\\/az\\\/#organization\"},\"potentialAction\":[{\"@type\":\"SearchAction\",\"target\":{\"@type\":\"EntryPoint\",\"urlTemplate\":\"https:\\\/\\\/www.meydan.tv\\\/az\\\/?s={search_term_string}\"},\"query-input\":{\"@type\":\"PropertyValueSpecification\",\"valueRequired\":true,\"valueName\":\"search_term_string\"}}],\"inLanguage\":\"az\"},{\"@type\":\"Organization\",\"@id\":\"https:\\\/\\\/www.meydan.tv\\\/az\\\/#organization\",\"name\":\"Meydan TV\",\"url\":\"https:\\\/\\\/www.meydan.tv\\\/az\\\/\",\"logo\":{\"@type\":\"ImageObject\",\"inLanguage\":\"az\",\"@id\":\"https:\\\/\\\/www.meydan.tv\\\/az\\\/#\\\/schema\\\/logo\\\/image\\\/\",\"url\":\"https:\\\/\\\/www.meydan.tv\\\/wp-content\\\/uploads\\\/2021\\\/07\\\/meydan-logo.svg\",\"contentUrl\":\"https:\\\/\\\/www.meydan.tv\\\/wp-content\\\/uploads\\\/2021\\\/07\\\/meydan-logo.svg\",\"width\":195,\"height\":46,\"caption\":\"Meydan TV\"},\"image\":{\"@id\":\"https:\\\/\\\/www.meydan.tv\\\/az\\\/#\\\/schema\\\/logo\\\/image\\\/\"}},{\"@type\":\"Person\",\"@id\":\"https:\\\/\\\/www.meydan.tv\\\/az\\\/#\\\/schema\\\/person\\\/9cdbecf90d17180ce1dfbd95b08dcf47\",\"name\":\"elli\",\"sameAs\":[\"https:\\\/\\\/x.com\\\/elli\"]}]}<\/script>\n<!-- \/ Yoast SEO plugin. -->","yoast_head_json":{"title":"Beyn\u0259lxalq t\u0259\u015fkilatlar\u0131n g\u00f6z\u00fcnd\u0259 Az\u0259rbaycan - MEYDAN.TV","robots":{"index":"index","follow":"follow","max-snippet":"max-snippet:-1","max-image-preview":"max-image-preview:large","max-video-preview":"max-video-preview:-1"},"canonical":"https:\/\/www.meydan.tv\/az\/article\/beynelxalq-teskilatlarin-gozunde-azerbaycan\/","og_locale":"az_AZ","og_type":"article","og_title":"Beyn\u0259lxalq t\u0259\u015fkilatlar\u0131n g\u00f6z\u00fcnd\u0259 Az\u0259rbaycan - MEYDAN.TV","og_description":"Korrupsiya indeksind\u0259 \u00f6n, m\u0259tbuat azadl\u0131\u011f\u0131, demokratiya g\u00f6st\u0259ricil\u0259rin\u0259 g\u00f6r\u0259 sonuncu\u2026 Avropa ... Davam\u0131","og_url":"https:\/\/www.meydan.tv\/az\/article\/beynelxalq-teskilatlarin-gozunde-azerbaycan\/","og_site_name":"MEYDAN.TV","article_published_time":"2023-12-30T12:02:23+00:00","article_modified_time":"2023-12-30T12:07:05+00:00","og_image":[{"width":1500,"height":844,"url":"https:\/\/www.meydan.tv\/wp-content\/uploads\/insan-haqlari-azerb.jpg","type":"image\/jpeg"}],"author":"elli","twitter_card":"summary_large_image","twitter_creator":"@elli","schema":{"@context":"https:\/\/schema.org","@graph":[{"@type":"Article","@id":"https:\/\/www.meydan.tv\/az\/article\/beynelxalq-teskilatlarin-gozunde-azerbaycan\/#article","isPartOf":{"@id":"https:\/\/www.meydan.tv\/az\/article\/beynelxalq-teskilatlarin-gozunde-azerbaycan\/"},"author":{"name":"elli","@id":"https:\/\/www.meydan.tv\/az\/#\/schema\/person\/9cdbecf90d17180ce1dfbd95b08dcf47"},"headline":"Beyn\u0259lxalq t\u0259\u015fkilatlar\u0131n g\u00f6z\u00fcnd\u0259 Az\u0259rbaycan","datePublished":"2023-12-30T12:02:23+00:00","dateModified":"2023-12-30T12:07:05+00:00","mainEntityOfPage":{"@id":"https:\/\/www.meydan.tv\/az\/article\/beynelxalq-teskilatlarin-gozunde-azerbaycan\/"},"wordCount":2813,"publisher":{"@id":"https:\/\/www.meydan.tv\/az\/#organization"},"image":{"@id":"https:\/\/www.meydan.tv\/az\/article\/beynelxalq-teskilatlarin-gozunde-azerbaycan\/#primaryimage"},"thumbnailUrl":"https:\/\/www.meydan.tv\/wp-content\/uploads\/insan-haqlari-azerb.jpg","articleSection":["Siyas\u0259t","T\u00f6vsiy\u0259","X\u0259b\u0259rl\u0259r"],"inLanguage":"az"},{"@type":"WebPage","@id":"https:\/\/www.meydan.tv\/az\/article\/beynelxalq-teskilatlarin-gozunde-azerbaycan\/","url":"https:\/\/www.meydan.tv\/az\/article\/beynelxalq-teskilatlarin-gozunde-azerbaycan\/","name":"Beyn\u0259lxalq t\u0259\u015fkilatlar\u0131n g\u00f6z\u00fcnd\u0259 Az\u0259rbaycan - MEYDAN.TV","isPartOf":{"@id":"https:\/\/www.meydan.tv\/az\/#website"},"primaryImageOfPage":{"@id":"https:\/\/www.meydan.tv\/az\/article\/beynelxalq-teskilatlarin-gozunde-azerbaycan\/#primaryimage"},"image":{"@id":"https:\/\/www.meydan.tv\/az\/article\/beynelxalq-teskilatlarin-gozunde-azerbaycan\/#primaryimage"},"thumbnailUrl":"https:\/\/www.meydan.tv\/wp-content\/uploads\/insan-haqlari-azerb.jpg","datePublished":"2023-12-30T12:02:23+00:00","dateModified":"2023-12-30T12:07:05+00:00","breadcrumb":{"@id":"https:\/\/www.meydan.tv\/az\/article\/beynelxalq-teskilatlarin-gozunde-azerbaycan\/#breadcrumb"},"inLanguage":"az","potentialAction":[{"@type":"ReadAction","target":["https:\/\/www.meydan.tv\/az\/article\/beynelxalq-teskilatlarin-gozunde-azerbaycan\/"]}]},{"@type":"ImageObject","inLanguage":"az","@id":"https:\/\/www.meydan.tv\/az\/article\/beynelxalq-teskilatlarin-gozunde-azerbaycan\/#primaryimage","url":"https:\/\/www.meydan.tv\/wp-content\/uploads\/insan-haqlari-azerb.jpg","contentUrl":"https:\/\/www.meydan.tv\/wp-content\/uploads\/insan-haqlari-azerb.jpg","width":1500,"height":844,"caption":"Az\u0259rbaycan beyn\u0259lxalq t\u0259\u015fkilatlarda. Foto: Jean-Marc Billod\/shutterstock"},{"@type":"BreadcrumbList","@id":"https:\/\/www.meydan.tv\/az\/article\/beynelxalq-teskilatlarin-gozunde-azerbaycan\/#breadcrumb","itemListElement":[{"@type":"ListItem","position":1,"name":"Ana s\u0259hif\u0259","item":"https:\/\/www.meydan.tv\/az\/"},{"@type":"ListItem","position":2,"name":"Siyas\u0259t","item":"https:\/\/www.meydan.tv\/az\/section\/siyaset\/"},{"@type":"ListItem","position":3,"name":"Beyn\u0259lxalq t\u0259\u015fkilatlar\u0131n g\u00f6z\u00fcnd\u0259 Az\u0259rbaycan"}]},{"@type":"WebSite","@id":"https:\/\/www.meydan.tv\/az\/#website","url":"https:\/\/www.meydan.tv\/az\/","name":"MEYDAN.TV","description":"Meydan TV Az\u0259rbaycan\u0131n media m\u0259kan\u0131ndak\u0131 alternativ s\u0259sidir","publisher":{"@id":"https:\/\/www.meydan.tv\/az\/#organization"},"potentialAction":[{"@type":"SearchAction","target":{"@type":"EntryPoint","urlTemplate":"https:\/\/www.meydan.tv\/az\/?s={search_term_string}"},"query-input":{"@type":"PropertyValueSpecification","valueRequired":true,"valueName":"search_term_string"}}],"inLanguage":"az"},{"@type":"Organization","@id":"https:\/\/www.meydan.tv\/az\/#organization","name":"Meydan TV","url":"https:\/\/www.meydan.tv\/az\/","logo":{"@type":"ImageObject","inLanguage":"az","@id":"https:\/\/www.meydan.tv\/az\/#\/schema\/logo\/image\/","url":"https:\/\/www.meydan.tv\/wp-content\/uploads\/2021\/07\/meydan-logo.svg","contentUrl":"https:\/\/www.meydan.tv\/wp-content\/uploads\/2021\/07\/meydan-logo.svg","width":195,"height":46,"caption":"Meydan TV"},"image":{"@id":"https:\/\/www.meydan.tv\/az\/#\/schema\/logo\/image\/"}},{"@type":"Person","@id":"https:\/\/www.meydan.tv\/az\/#\/schema\/person\/9cdbecf90d17180ce1dfbd95b08dcf47","name":"elli","sameAs":["https:\/\/x.com\/elli"]}]}},"_links":{"self":[{"href":"https:\/\/www.meydan.tv\/az\/wp-json\/wp\/v2\/posts\/294514","targetHints":{"allow":["GET"]}}],"collection":[{"href":"https:\/\/www.meydan.tv\/az\/wp-json\/wp\/v2\/posts"}],"about":[{"href":"https:\/\/www.meydan.tv\/az\/wp-json\/wp\/v2\/types\/post"}],"author":[{"embeddable":true,"href":"https:\/\/www.meydan.tv\/az\/wp-json\/wp\/v2\/users\/8"}],"replies":[{"embeddable":true,"href":"https:\/\/www.meydan.tv\/az\/wp-json\/wp\/v2\/comments?post=294514"}],"version-history":[{"count":3,"href":"https:\/\/www.meydan.tv\/az\/wp-json\/wp\/v2\/posts\/294514\/revisions"}],"predecessor-version":[{"id":294517,"href":"https:\/\/www.meydan.tv\/az\/wp-json\/wp\/v2\/posts\/294514\/revisions\/294517"}],"wp:featuredmedia":[{"embeddable":true,"href":"https:\/\/www.meydan.tv\/az\/wp-json\/wp\/v2\/media\/294518"}],"wp:attachment":[{"href":"https:\/\/www.meydan.tv\/az\/wp-json\/wp\/v2\/media?parent=294514"}],"wp:term":[{"taxonomy":"category","embeddable":true,"href":"https:\/\/www.meydan.tv\/az\/wp-json\/wp\/v2\/categories?post=294514"},{"taxonomy":"post_tag","embeddable":true,"href":"https:\/\/www.meydan.tv\/az\/wp-json\/wp\/v2\/tags?post=294514"}],"curies":[{"name":"wp","href":"https:\/\/api.w.org\/{rel}","templated":true}]}}