{"id":294485,"date":"2023-12-30T14:36:48","date_gmt":"2023-12-30T10:36:48","guid":{"rendered":"https:\/\/www.meydan.tv\/?p=294485"},"modified":"2023-12-30T14:36:52","modified_gmt":"2023-12-30T10:36:52","slug":"senetci-cilpaq-geceye-gore-xalq-artisti-titulundan-mehrum-edilmeyecek","status":"publish","type":"post","link":"https:\/\/www.meydan.tv\/az\/article\/senetci-cilpaq-geceye-gore-xalq-artisti-titulundan-mehrum-edilmeyecek\/","title":{"rendered":"S\u0259n\u0259t\u00e7i \u201c\u00c7\u0131lpaq gec\u0259&#8221;y\u0259 g\u00f6r\u0259 Xalq artisti titulundan m\u0259hrum edilm\u0259y\u0259c\u0259k"},"content":{"rendered":"\n<p><\/p>\n\n\n\n<p><strong><em>Filipp Kirkorovla ba\u011fl\u0131 M\u0259d\u0259niyy\u0259t Nazirliyi a\u00e7\u0131qlama yay\u0131b<\/em><\/strong><\/p>\n\n\n\n<p>M\u00fc\u011f\u0259nni Filipp Kirkorov aktrisa v\u0259 bloger Anastasiya \u0130vleyevan\u0131n \u201c\u00c7\u0131lpaq gec\u0259&#8221;sind\u0259 i\u015ftirak etdiyin\u0259 g\u00f6r\u0259 Rusiyan\u0131n Xalq artisti titulundan m\u0259hrum edilm\u0259y\u0259c\u0259k.<\/p>\n\n\n\n<p>Bu bar\u0259d\u0259 TASS-a Rusiya M\u0259d\u0259niyy\u0259t Nazirliyind\u0259n m\u0259lumat<a href=\"https:\/\/tass.ru\/kultura\/19651751\"> verilib.<\/a><\/p>\n\n\n\n<p><em>\u201cS\u0259n\u0259t\u00e7i d\u00f6vl\u0259t t\u0259ltifind\u0259n yaln\u0131z a\u011f\u0131r v\u0259 ya x\u00fcsusil\u0259 a\u011f\u0131r cinay\u0259t t\u00f6r\u0259tm\u0259y\u0259 g\u00f6r\u0259 m\u0259hkum edilmi\u015f qanuni q\u00fcvv\u0259y\u0259 minmi\u015f m\u0259hk\u0259m\u0259 h\u00f6km\u00fcnd\u0259n sonra m\u0259hrum edil\u0259 bil\u0259r\u201d, &#8211; <\/em>m\u0259lumatda bildirilir.<\/p>\n\n\n\n<p>Dekabr\u0131n 21-d\u0259 Moskvan\u0131n \u201cMutabor\u201d klubunda aktrisa Anastasiya \u0130vleyevan\u0131n t\u0259\u015fkil etdiyi \u201c\u00c7\u0131lpaq ziyaf\u0259t\u201dd\u0259 s\u0259n\u0259t\u00e7il\u0259r Filipp Kirkorov, Lolita Milyavskaya, Dima Bilan, \u201cQlyukoza\u201d, Anna Asti v\u0259 jurnalist Kseniya Sob\u00e7ak da i\u015ftirak edibl\u0259r.<\/p>\n\n\n\n<p>T\u0259dbird\u0259n yay\u0131lan foto v\u0259 video g\u00f6r\u00fcnt\u00fcl\u0259r naraz\u0131l\u0131qla qar\u015f\u0131lan\u0131b.<\/p>\n\n\n\n<p>D\u00f6vl\u0259t Dumas\u0131n\u0131n deputat\u0131 Mariya Butina partiy\u0259 h\u00fcquqi qiym\u0259t verm\u0259k m\u0259qs\u0259dil\u0259 Rusiya Daxili \u0130\u015fl\u0259r Nazirliyi, mediaya n\u0259zar\u0259t orqan\u0131 \u201cRoskomnadzor\u201d v\u0259 M\u0259d\u0259niyy\u0259t Nazirliyi il\u0259 \u0259laq\u0259 saxlay\u0131b.<\/p>\n\n\n\n<p>Duman\u0131n \u0130nformasiya Siyas\u0259ti Komit\u0259sinin r\u0259hb\u0259ri Aleksandr Xin\u015fteyn bildirib ki, \u201cRoskomnadzor\u201d\u00a0 \u0130vleyevan\u0131n \u201c\u00c7\u0131lpaq ziyaf\u0259t\u201dinin internetd\u0259 yerl\u0259\u015fdirdiyi bir ne\u00e7\u0259 materialda LGBT t\u0259bli\u011fat\u0131n\u0131n \u0259lam\u0259tl\u0259rini g\u00f6r\u00fcr.<\/p>\n\n\n\n<p>Deputat onu da qeyd edib ki, t\u0259nziml\u0259yici art\u0131q bel\u0259 m\u0259zmunu silib bloklama\u011fa ba\u015flay\u0131b.<\/p>\n\n\n\n<p>Departament bu m\u0259lumat\u0131 t\u0259sdiql\u0259yib.<\/p>\n\n\n\n<p>Anastasiya \u0130vleyeva, Filipp Kirkorov, Dima Bilan, Lolita ictimaiyy\u0259td\u0259n \u00fczr ist\u0259yibl\u0259r.<\/p>\n\n\n\n<p>Rusiya T\u0259hl\u00fck\u0259sizlik v\u0259 Korrupsiyaya Qar\u015f\u0131 M\u00fcbariz\u0259 \u00fczr\u0259 Federal Layih\u0259nin (FPBC) r\u0259hb\u0259ri Vitali Borodin \u00f6lk\u0259nin M\u0259d\u0259niyy\u0259t Nazirliyin\u0259 m\u00fcvafiq b\u0259yanat t\u0259qdim edib.<\/p>\n\n\n\n<p>B\u0259yanat\u0131nda bildirib ki, \u0130vleyevan\u0131n m\u0259clisind\u0259 xalq artistl\u0259rinin i\u015ftirak\u0131 f\u0259xri ada x\u0259l\u0259l g\u0259tirir.<\/p>\n","protected":false},"excerpt":{"rendered":"<p>Filipp Kirkorovla ba\u011fl\u0131 M\u0259d\u0259niyy\u0259t Nazirliyi a\u00e7\u0131qlama yay\u0131b M\u00fc\u011f\u0259nni Filipp Kirkorov &#8230; <\/p>\n<p class=\"read-more-container\"><a title=\"S\u0259n\u0259t\u00e7i \u201c\u00c7\u0131lpaq gec\u0259&#8221;y\u0259 g\u00f6r\u0259 Xalq artisti titulundan m\u0259hrum edilm\u0259y\u0259c\u0259k\" class=\"read-more button\" href=\"https:\/\/www.meydan.tv\/az\/article\/senetci-cilpaq-geceye-gore-xalq-artisti-titulundan-mehrum-edilmeyecek\/#more-294485\" aria-label=\"Read more about S\u0259n\u0259t\u00e7i \u201c\u00c7\u0131lpaq gec\u0259&#8221;y\u0259 g\u00f6r\u0259 Xalq artisti titulundan m\u0259hrum edilm\u0259y\u0259c\u0259k\">Davam\u0131<\/a><\/p>\n","protected":false},"author":8,"featured_media":294489,"comment_status":"closed","ping_status":"closed","sticky":false,"template":"","format":"standard","meta":{"_acf_changed":false,"_sitemap_exclude":false,"_sitemap_priority":"","_sitemap_frequency":"","footnotes":""},"categories":[52,56],"tags":[],"class_list":["post-294485","post","type-post","status-publish","format-standard","has-post-thumbnail","hentry","category-medeniyyet","category-xeberler","infinite-scroll-item","generate-columns","tablet-grid-50","mobile-grid-100","grid-parent","grid-33","no-featured-image-padding"],"acf":[],"yoast_head":"<!-- This site is optimized with the Yoast SEO plugin v27.4 - https:\/\/yoast.com\/product\/yoast-seo-wordpress\/ -->\n<title>S\u0259n\u0259t\u00e7i \u201c\u00c7\u0131lpaq gec\u0259&quot;y\u0259 g\u00f6r\u0259 Xalq artisti titulundan m\u0259hrum edilm\u0259y\u0259c\u0259k - MEYDAN.TV<\/title>\n<meta name=\"robots\" content=\"index, follow, max-snippet:-1, max-image-preview:large, max-video-preview:-1\" \/>\n<link rel=\"canonical\" href=\"https:\/\/www.meydan.tv\/az\/article\/senetci-cilpaq-geceye-gore-xalq-artisti-titulundan-mehrum-edilmeyecek\/\" \/>\n<meta property=\"og:locale\" content=\"az_AZ\" \/>\n<meta property=\"og:type\" content=\"article\" \/>\n<meta property=\"og:title\" content=\"S\u0259n\u0259t\u00e7i \u201c\u00c7\u0131lpaq gec\u0259&quot;y\u0259 g\u00f6r\u0259 Xalq artisti titulundan m\u0259hrum edilm\u0259y\u0259c\u0259k - MEYDAN.TV\" \/>\n<meta property=\"og:description\" content=\"Filipp Kirkorovla ba\u011fl\u0131 M\u0259d\u0259niyy\u0259t Nazirliyi a\u00e7\u0131qlama yay\u0131b M\u00fc\u011f\u0259nni Filipp Kirkorov ... Davam\u0131\" \/>\n<meta property=\"og:url\" content=\"https:\/\/www.meydan.tv\/az\/article\/senetci-cilpaq-geceye-gore-xalq-artisti-titulundan-mehrum-edilmeyecek\/\" \/>\n<meta property=\"og:site_name\" content=\"MEYDAN.TV\" \/>\n<meta property=\"article:published_time\" content=\"2023-12-30T10:36:48+00:00\" \/>\n<meta property=\"article:modified_time\" content=\"2023-12-30T10:36:52+00:00\" \/>\n<meta property=\"og:image\" content=\"https:\/\/www.meydan.tv\/wp-content\/uploads\/1-37.jpg\" \/>\n\t<meta property=\"og:image:width\" content=\"1500\" \/>\n\t<meta property=\"og:image:height\" content=\"844\" \/>\n\t<meta property=\"og:image:type\" content=\"image\/jpeg\" \/>\n<meta name=\"author\" content=\"elli\" \/>\n<meta name=\"twitter:card\" content=\"summary_large_image\" \/>\n<meta name=\"twitter:creator\" content=\"@elli\" \/>\n<script type=\"application\/ld+json\" class=\"yoast-schema-graph\">{\"@context\":\"https:\\\/\\\/schema.org\",\"@graph\":[{\"@type\":\"Article\",\"@id\":\"https:\\\/\\\/www.meydan.tv\\\/az\\\/article\\\/senetci-cilpaq-geceye-gore-xalq-artisti-titulundan-mehrum-edilmeyecek\\\/#article\",\"isPartOf\":{\"@id\":\"https:\\\/\\\/www.meydan.tv\\\/az\\\/article\\\/senetci-cilpaq-geceye-gore-xalq-artisti-titulundan-mehrum-edilmeyecek\\\/\"},\"author\":{\"name\":\"elli\",\"@id\":\"https:\\\/\\\/www.meydan.tv\\\/az\\\/#\\\/schema\\\/person\\\/9cdbecf90d17180ce1dfbd95b08dcf47\"},\"headline\":\"S\u0259n\u0259t\u00e7i \u201c\u00c7\u0131lpaq gec\u0259&#8221;y\u0259 g\u00f6r\u0259 Xalq artisti titulundan m\u0259hrum edilm\u0259y\u0259c\u0259k\",\"datePublished\":\"2023-12-30T10:36:48+00:00\",\"dateModified\":\"2023-12-30T10:36:52+00:00\",\"mainEntityOfPage\":{\"@id\":\"https:\\\/\\\/www.meydan.tv\\\/az\\\/article\\\/senetci-cilpaq-geceye-gore-xalq-artisti-titulundan-mehrum-edilmeyecek\\\/\"},\"wordCount\":365,\"publisher\":{\"@id\":\"https:\\\/\\\/www.meydan.tv\\\/az\\\/#organization\"},\"image\":{\"@id\":\"https:\\\/\\\/www.meydan.tv\\\/az\\\/article\\\/senetci-cilpaq-geceye-gore-xalq-artisti-titulundan-mehrum-edilmeyecek\\\/#primaryimage\"},\"thumbnailUrl\":\"https:\\\/\\\/www.meydan.tv\\\/wp-content\\\/uploads\\\/1-37.jpg\",\"articleSection\":[\"M\u0259d\u0259niyy\u0259t\",\"X\u0259b\u0259rl\u0259r\"],\"inLanguage\":\"az\"},{\"@type\":\"WebPage\",\"@id\":\"https:\\\/\\\/www.meydan.tv\\\/az\\\/article\\\/senetci-cilpaq-geceye-gore-xalq-artisti-titulundan-mehrum-edilmeyecek\\\/\",\"url\":\"https:\\\/\\\/www.meydan.tv\\\/az\\\/article\\\/senetci-cilpaq-geceye-gore-xalq-artisti-titulundan-mehrum-edilmeyecek\\\/\",\"name\":\"S\u0259n\u0259t\u00e7i \u201c\u00c7\u0131lpaq gec\u0259\\\"y\u0259 g\u00f6r\u0259 Xalq artisti titulundan m\u0259hrum edilm\u0259y\u0259c\u0259k - MEYDAN.TV\",\"isPartOf\":{\"@id\":\"https:\\\/\\\/www.meydan.tv\\\/az\\\/#website\"},\"primaryImageOfPage\":{\"@id\":\"https:\\\/\\\/www.meydan.tv\\\/az\\\/article\\\/senetci-cilpaq-geceye-gore-xalq-artisti-titulundan-mehrum-edilmeyecek\\\/#primaryimage\"},\"image\":{\"@id\":\"https:\\\/\\\/www.meydan.tv\\\/az\\\/article\\\/senetci-cilpaq-geceye-gore-xalq-artisti-titulundan-mehrum-edilmeyecek\\\/#primaryimage\"},\"thumbnailUrl\":\"https:\\\/\\\/www.meydan.tv\\\/wp-content\\\/uploads\\\/1-37.jpg\",\"datePublished\":\"2023-12-30T10:36:48+00:00\",\"dateModified\":\"2023-12-30T10:36:52+00:00\",\"breadcrumb\":{\"@id\":\"https:\\\/\\\/www.meydan.tv\\\/az\\\/article\\\/senetci-cilpaq-geceye-gore-xalq-artisti-titulundan-mehrum-edilmeyecek\\\/#breadcrumb\"},\"inLanguage\":\"az\",\"potentialAction\":[{\"@type\":\"ReadAction\",\"target\":[\"https:\\\/\\\/www.meydan.tv\\\/az\\\/article\\\/senetci-cilpaq-geceye-gore-xalq-artisti-titulundan-mehrum-edilmeyecek\\\/\"]}]},{\"@type\":\"ImageObject\",\"inLanguage\":\"az\",\"@id\":\"https:\\\/\\\/www.meydan.tv\\\/az\\\/article\\\/senetci-cilpaq-geceye-gore-xalq-artisti-titulundan-mehrum-edilmeyecek\\\/#primaryimage\",\"url\":\"https:\\\/\\\/www.meydan.tv\\\/wp-content\\\/uploads\\\/1-37.jpg\",\"contentUrl\":\"https:\\\/\\\/www.meydan.tv\\\/wp-content\\\/uploads\\\/1-37.jpg\",\"width\":1500,\"height\":844,\"caption\":\"Filipp Kirkorov. Foto: screenshot\"},{\"@type\":\"BreadcrumbList\",\"@id\":\"https:\\\/\\\/www.meydan.tv\\\/az\\\/article\\\/senetci-cilpaq-geceye-gore-xalq-artisti-titulundan-mehrum-edilmeyecek\\\/#breadcrumb\",\"itemListElement\":[{\"@type\":\"ListItem\",\"position\":1,\"name\":\"Ana s\u0259hif\u0259\",\"item\":\"https:\\\/\\\/www.meydan.tv\\\/az\\\/\"},{\"@type\":\"ListItem\",\"position\":2,\"name\":\"M\u0259d\u0259niyy\u0259t\",\"item\":\"https:\\\/\\\/www.meydan.tv\\\/az\\\/section\\\/medeniyyet\\\/\"},{\"@type\":\"ListItem\",\"position\":3,\"name\":\"S\u0259n\u0259t\u00e7i \u201c\u00c7\u0131lpaq gec\u0259&#8221;y\u0259 g\u00f6r\u0259 Xalq artisti titulundan m\u0259hrum edilm\u0259y\u0259c\u0259k\"}]},{\"@type\":\"WebSite\",\"@id\":\"https:\\\/\\\/www.meydan.tv\\\/az\\\/#website\",\"url\":\"https:\\\/\\\/www.meydan.tv\\\/az\\\/\",\"name\":\"MEYDAN.TV\",\"description\":\"Meydan TV Az\u0259rbaycan\u0131n media m\u0259kan\u0131ndak\u0131 alternativ s\u0259sidir\",\"publisher\":{\"@id\":\"https:\\\/\\\/www.meydan.tv\\\/az\\\/#organization\"},\"potentialAction\":[{\"@type\":\"SearchAction\",\"target\":{\"@type\":\"EntryPoint\",\"urlTemplate\":\"https:\\\/\\\/www.meydan.tv\\\/az\\\/?s={search_term_string}\"},\"query-input\":{\"@type\":\"PropertyValueSpecification\",\"valueRequired\":true,\"valueName\":\"search_term_string\"}}],\"inLanguage\":\"az\"},{\"@type\":\"Organization\",\"@id\":\"https:\\\/\\\/www.meydan.tv\\\/az\\\/#organization\",\"name\":\"Meydan TV\",\"url\":\"https:\\\/\\\/www.meydan.tv\\\/az\\\/\",\"logo\":{\"@type\":\"ImageObject\",\"inLanguage\":\"az\",\"@id\":\"https:\\\/\\\/www.meydan.tv\\\/az\\\/#\\\/schema\\\/logo\\\/image\\\/\",\"url\":\"https:\\\/\\\/www.meydan.tv\\\/wp-content\\\/uploads\\\/2021\\\/07\\\/meydan-logo.svg\",\"contentUrl\":\"https:\\\/\\\/www.meydan.tv\\\/wp-content\\\/uploads\\\/2021\\\/07\\\/meydan-logo.svg\",\"width\":195,\"height\":46,\"caption\":\"Meydan TV\"},\"image\":{\"@id\":\"https:\\\/\\\/www.meydan.tv\\\/az\\\/#\\\/schema\\\/logo\\\/image\\\/\"}},{\"@type\":\"Person\",\"@id\":\"https:\\\/\\\/www.meydan.tv\\\/az\\\/#\\\/schema\\\/person\\\/9cdbecf90d17180ce1dfbd95b08dcf47\",\"name\":\"elli\",\"sameAs\":[\"https:\\\/\\\/x.com\\\/elli\"]}]}<\/script>\n<!-- \/ Yoast SEO plugin. -->","yoast_head_json":{"title":"S\u0259n\u0259t\u00e7i \u201c\u00c7\u0131lpaq gec\u0259\"y\u0259 g\u00f6r\u0259 Xalq artisti titulundan m\u0259hrum edilm\u0259y\u0259c\u0259k - MEYDAN.TV","robots":{"index":"index","follow":"follow","max-snippet":"max-snippet:-1","max-image-preview":"max-image-preview:large","max-video-preview":"max-video-preview:-1"},"canonical":"https:\/\/www.meydan.tv\/az\/article\/senetci-cilpaq-geceye-gore-xalq-artisti-titulundan-mehrum-edilmeyecek\/","og_locale":"az_AZ","og_type":"article","og_title":"S\u0259n\u0259t\u00e7i \u201c\u00c7\u0131lpaq gec\u0259\"y\u0259 g\u00f6r\u0259 Xalq artisti titulundan m\u0259hrum edilm\u0259y\u0259c\u0259k - MEYDAN.TV","og_description":"Filipp Kirkorovla ba\u011fl\u0131 M\u0259d\u0259niyy\u0259t Nazirliyi a\u00e7\u0131qlama yay\u0131b M\u00fc\u011f\u0259nni Filipp Kirkorov ... Davam\u0131","og_url":"https:\/\/www.meydan.tv\/az\/article\/senetci-cilpaq-geceye-gore-xalq-artisti-titulundan-mehrum-edilmeyecek\/","og_site_name":"MEYDAN.TV","article_published_time":"2023-12-30T10:36:48+00:00","article_modified_time":"2023-12-30T10:36:52+00:00","og_image":[{"width":1500,"height":844,"url":"https:\/\/www.meydan.tv\/wp-content\/uploads\/1-37.jpg","type":"image\/jpeg"}],"author":"elli","twitter_card":"summary_large_image","twitter_creator":"@elli","schema":{"@context":"https:\/\/schema.org","@graph":[{"@type":"Article","@id":"https:\/\/www.meydan.tv\/az\/article\/senetci-cilpaq-geceye-gore-xalq-artisti-titulundan-mehrum-edilmeyecek\/#article","isPartOf":{"@id":"https:\/\/www.meydan.tv\/az\/article\/senetci-cilpaq-geceye-gore-xalq-artisti-titulundan-mehrum-edilmeyecek\/"},"author":{"name":"elli","@id":"https:\/\/www.meydan.tv\/az\/#\/schema\/person\/9cdbecf90d17180ce1dfbd95b08dcf47"},"headline":"S\u0259n\u0259t\u00e7i \u201c\u00c7\u0131lpaq gec\u0259&#8221;y\u0259 g\u00f6r\u0259 Xalq artisti titulundan m\u0259hrum edilm\u0259y\u0259c\u0259k","datePublished":"2023-12-30T10:36:48+00:00","dateModified":"2023-12-30T10:36:52+00:00","mainEntityOfPage":{"@id":"https:\/\/www.meydan.tv\/az\/article\/senetci-cilpaq-geceye-gore-xalq-artisti-titulundan-mehrum-edilmeyecek\/"},"wordCount":365,"publisher":{"@id":"https:\/\/www.meydan.tv\/az\/#organization"},"image":{"@id":"https:\/\/www.meydan.tv\/az\/article\/senetci-cilpaq-geceye-gore-xalq-artisti-titulundan-mehrum-edilmeyecek\/#primaryimage"},"thumbnailUrl":"https:\/\/www.meydan.tv\/wp-content\/uploads\/1-37.jpg","articleSection":["M\u0259d\u0259niyy\u0259t","X\u0259b\u0259rl\u0259r"],"inLanguage":"az"},{"@type":"WebPage","@id":"https:\/\/www.meydan.tv\/az\/article\/senetci-cilpaq-geceye-gore-xalq-artisti-titulundan-mehrum-edilmeyecek\/","url":"https:\/\/www.meydan.tv\/az\/article\/senetci-cilpaq-geceye-gore-xalq-artisti-titulundan-mehrum-edilmeyecek\/","name":"S\u0259n\u0259t\u00e7i \u201c\u00c7\u0131lpaq gec\u0259\"y\u0259 g\u00f6r\u0259 Xalq artisti titulundan m\u0259hrum edilm\u0259y\u0259c\u0259k - MEYDAN.TV","isPartOf":{"@id":"https:\/\/www.meydan.tv\/az\/#website"},"primaryImageOfPage":{"@id":"https:\/\/www.meydan.tv\/az\/article\/senetci-cilpaq-geceye-gore-xalq-artisti-titulundan-mehrum-edilmeyecek\/#primaryimage"},"image":{"@id":"https:\/\/www.meydan.tv\/az\/article\/senetci-cilpaq-geceye-gore-xalq-artisti-titulundan-mehrum-edilmeyecek\/#primaryimage"},"thumbnailUrl":"https:\/\/www.meydan.tv\/wp-content\/uploads\/1-37.jpg","datePublished":"2023-12-30T10:36:48+00:00","dateModified":"2023-12-30T10:36:52+00:00","breadcrumb":{"@id":"https:\/\/www.meydan.tv\/az\/article\/senetci-cilpaq-geceye-gore-xalq-artisti-titulundan-mehrum-edilmeyecek\/#breadcrumb"},"inLanguage":"az","potentialAction":[{"@type":"ReadAction","target":["https:\/\/www.meydan.tv\/az\/article\/senetci-cilpaq-geceye-gore-xalq-artisti-titulundan-mehrum-edilmeyecek\/"]}]},{"@type":"ImageObject","inLanguage":"az","@id":"https:\/\/www.meydan.tv\/az\/article\/senetci-cilpaq-geceye-gore-xalq-artisti-titulundan-mehrum-edilmeyecek\/#primaryimage","url":"https:\/\/www.meydan.tv\/wp-content\/uploads\/1-37.jpg","contentUrl":"https:\/\/www.meydan.tv\/wp-content\/uploads\/1-37.jpg","width":1500,"height":844,"caption":"Filipp Kirkorov. Foto: screenshot"},{"@type":"BreadcrumbList","@id":"https:\/\/www.meydan.tv\/az\/article\/senetci-cilpaq-geceye-gore-xalq-artisti-titulundan-mehrum-edilmeyecek\/#breadcrumb","itemListElement":[{"@type":"ListItem","position":1,"name":"Ana s\u0259hif\u0259","item":"https:\/\/www.meydan.tv\/az\/"},{"@type":"ListItem","position":2,"name":"M\u0259d\u0259niyy\u0259t","item":"https:\/\/www.meydan.tv\/az\/section\/medeniyyet\/"},{"@type":"ListItem","position":3,"name":"S\u0259n\u0259t\u00e7i \u201c\u00c7\u0131lpaq gec\u0259&#8221;y\u0259 g\u00f6r\u0259 Xalq artisti titulundan m\u0259hrum edilm\u0259y\u0259c\u0259k"}]},{"@type":"WebSite","@id":"https:\/\/www.meydan.tv\/az\/#website","url":"https:\/\/www.meydan.tv\/az\/","name":"MEYDAN.TV","description":"Meydan TV Az\u0259rbaycan\u0131n media m\u0259kan\u0131ndak\u0131 alternativ s\u0259sidir","publisher":{"@id":"https:\/\/www.meydan.tv\/az\/#organization"},"potentialAction":[{"@type":"SearchAction","target":{"@type":"EntryPoint","urlTemplate":"https:\/\/www.meydan.tv\/az\/?s={search_term_string}"},"query-input":{"@type":"PropertyValueSpecification","valueRequired":true,"valueName":"search_term_string"}}],"inLanguage":"az"},{"@type":"Organization","@id":"https:\/\/www.meydan.tv\/az\/#organization","name":"Meydan TV","url":"https:\/\/www.meydan.tv\/az\/","logo":{"@type":"ImageObject","inLanguage":"az","@id":"https:\/\/www.meydan.tv\/az\/#\/schema\/logo\/image\/","url":"https:\/\/www.meydan.tv\/wp-content\/uploads\/2021\/07\/meydan-logo.svg","contentUrl":"https:\/\/www.meydan.tv\/wp-content\/uploads\/2021\/07\/meydan-logo.svg","width":195,"height":46,"caption":"Meydan TV"},"image":{"@id":"https:\/\/www.meydan.tv\/az\/#\/schema\/logo\/image\/"}},{"@type":"Person","@id":"https:\/\/www.meydan.tv\/az\/#\/schema\/person\/9cdbecf90d17180ce1dfbd95b08dcf47","name":"elli","sameAs":["https:\/\/x.com\/elli"]}]}},"_links":{"self":[{"href":"https:\/\/www.meydan.tv\/az\/wp-json\/wp\/v2\/posts\/294485","targetHints":{"allow":["GET"]}}],"collection":[{"href":"https:\/\/www.meydan.tv\/az\/wp-json\/wp\/v2\/posts"}],"about":[{"href":"https:\/\/www.meydan.tv\/az\/wp-json\/wp\/v2\/types\/post"}],"author":[{"embeddable":true,"href":"https:\/\/www.meydan.tv\/az\/wp-json\/wp\/v2\/users\/8"}],"replies":[{"embeddable":true,"href":"https:\/\/www.meydan.tv\/az\/wp-json\/wp\/v2\/comments?post=294485"}],"version-history":[{"count":3,"href":"https:\/\/www.meydan.tv\/az\/wp-json\/wp\/v2\/posts\/294485\/revisions"}],"predecessor-version":[{"id":294499,"href":"https:\/\/www.meydan.tv\/az\/wp-json\/wp\/v2\/posts\/294485\/revisions\/294499"}],"wp:featuredmedia":[{"embeddable":true,"href":"https:\/\/www.meydan.tv\/az\/wp-json\/wp\/v2\/media\/294489"}],"wp:attachment":[{"href":"https:\/\/www.meydan.tv\/az\/wp-json\/wp\/v2\/media?parent=294485"}],"wp:term":[{"taxonomy":"category","embeddable":true,"href":"https:\/\/www.meydan.tv\/az\/wp-json\/wp\/v2\/categories?post=294485"},{"taxonomy":"post_tag","embeddable":true,"href":"https:\/\/www.meydan.tv\/az\/wp-json\/wp\/v2\/tags?post=294485"}],"curies":[{"name":"wp","href":"https:\/\/api.w.org\/{rel}","templated":true}]}}