{"id":294479,"date":"2023-12-30T14:20:31","date_gmt":"2023-12-30T10:20:31","guid":{"rendered":"https:\/\/www.meydan.tv\/?p=294479"},"modified":"2023-12-30T14:20:36","modified_gmt":"2023-12-30T10:20:36","slug":"salyan-sakini-heyat-yoldasim-hekim-sehvi-neticesinde-gorme-qabiliyyetini-itirib","status":"publish","type":"post","link":"https:\/\/www.meydan.tv\/az\/article\/salyan-sakini-heyat-yoldasim-hekim-sehvi-neticesinde-gorme-qabiliyyetini-itirib\/","title":{"rendered":"Salyan sakini: \u201cH\u0259yat yolda\u015f\u0131m h\u0259kim s\u0259hvi n\u0259tic\u0259sind\u0259 g\u00f6rm\u0259 qabiliyy\u0259tini itirib\u201d"},"content":{"rendered":"\n<p><\/p>\n\n\n\n<p><strong><em>H\u0259kimin k\u00f6m\u0259k\u00e7isi: \u201cPasiyent h\u0259kimin t\u00f6vsiy\u0259l\u0259rin\u0259 \u0259m\u0259l etm\u0259yib, indi h\u0259kimin n\u0259 g\u00fcnah\u0131 var?!\u201d<\/em><\/strong><\/p>\n\n\n\n<p>Salyan rayonunun \u015eorsulu k\u0259nd sakini Fikr\u0259t Ad\u0131\u015firinov h\u0259yat yolda\u015f\u0131n\u0131n h\u0259kim s\u0259hvi n\u0259tic\u0259sind\u0259 g\u00f6rm\u0259 qabiliyy\u0259tini itirdiyini iddia edir. Onun s\u00f6zl\u0259rin\u0259 g\u00f6r\u0259, \u0259m\u0259liyyat zaman\u0131 49 ya\u015fl\u0131 G\u00fcl\u015f\u0259n Ad\u0131\u015firinovan\u0131n g\u00f6z\u00fcnd\u0259 buynuz qi\u015fa z\u0259d\u0259l\u0259nib.<\/p>\n\n\n\n<p>\u201c<em>ARB kanal\u0131nda g\u00f6rd\u00fck o h\u0259kimi, hardan bil\u0259ydik ki, ba\u015f\u0131m\u0131za bel\u0259 i\u015f g\u0259l\u0259c\u0259k?!\u201d<\/em><\/p>\n\n\n\n<p>Fikr\u0259t Ad\u0131\u015firinov deyir ki, h\u0259yat yolda\u015f\u0131 2023-c\u00fc ilin iyununda \u201cK\u0259p\u0259z Hospital\u201dda \u0259m\u0259liyyat olunub. Onun s\u00f6zl\u0259rin\u0259 g\u00f6r\u0259, \u0259m\u0259liyyat\u0131 h\u0259yata ke\u00e7ir\u0259n h\u0259kim-oftalmoloq Az\u0259r K\u0259rimovu telekanallardan birind\u0259 g\u00f6r\u00fcb, onun yan\u0131na getm\u0259k q\u0259rar\u0131na g\u0259libl\u0259r:<\/p>\n\n\n\n<p><em>\u201cAz\u0259r h\u0259kim m\u00fcxt\u0259lif kanallarda verili\u015fl\u0259r\u0259 \u00e7\u0131x\u0131r, reklam olunur. Biz onu ARB kanal\u0131nda \u201cElgizl\u0259 izl\u0259\u201d verili\u015find\u0259 g\u00f6rm\u00fc\u015fd\u00fck. Haradan bil\u0259ydik ki, ba\u015f\u0131m\u0131za bel\u0259 bir i\u015f g\u0259l\u0259c\u0259k?\u201d<\/em><\/p>\n\n\n\n<p>G\u00fcl\u015f\u0259n Ad\u0131\u015firinova bir g\u00f6z\u00fcnd\u0259 katarakta problemil\u0259 \u0259laq\u0259dar Az\u0259r K\u0259rimovun yan\u0131na gedib. H\u0259yat yolda\u015f\u0131 deyir ki, h\u0259kim q\u0131sa m\u00fcdd\u0259t \u0259rzind\u0259 onu 5 d\u0259f\u0259 \u0259m\u0259liyyat edib:<\/p>\n\n\n\n<p><em>\u201cBirinci \u0259m\u0259liyyatdan sonra g\u00f6z\u00fcnd\u0259 d\u00f6z\u00fclm\u0259z a\u011fr\u0131lar oldu. Apard\u0131q h\u0259kimin yan\u0131na, dedi ki, t\u0259zyiq v\u0259 tiki\u015fl\u0259rl\u0259 ba\u011fl\u0131d\u0131r. \u0130kinci \u0259m\u0259liyyat\u0131 el\u0259di. Yen\u0259 problem aradan qalxmad\u0131, \u015fidd\u0259tli a\u011fr\u0131 olurdu, d\u00f6z\u0259 bilmirdi. Bir ne\u00e7\u0259 g\u00fcn sonra yen\u0259 apard\u0131q, dedi ki, g\u00f6z b\u0259b\u0259yi yerind\u0259n oynay\u0131b. Yen\u0259 \u0259m\u0259liyyat&#8230; Bel\u0259c\u0259, h\u0259r d\u0259f\u0259 m\u00fcxt\u0259lif b\u0259han\u0259l\u0259rl\u0259 5 d\u0259f\u0259 \u0259m\u0259liyyat el\u0259di. S\u0259n dem\u0259, el\u0259 birinci \u0259m\u0259liyyatda buynuz qi\u015fa z\u0259d\u0259l\u0259nibmi\u015f. Evd\u0259 adam\u0131n g\u00f6z\u00fcnd\u0259n qan g\u0259lirdi, bu n\u0259 dem\u0259kdir?!\u201d.<\/em><\/p>\n\n\n\n<p><strong>\u201c\u0130ndi hardan tap\u0131m bu pulu, kas\u0131b adamam\u201d<\/strong><\/p>\n\n\n\n<p>Fikr\u0259t Ad\u0131\u015firinovun s\u00f6zl\u0259rin\u0259 g\u00f6r\u0259, bir m\u00fcdd\u0259t sonra onlara m\u0259lum olub ki, g\u00f6zd\u0259 buynuz qi\u015fa z\u0259d\u0259l\u0259nib. Hesab edir ki, bunu \u0259m\u0259liyyat zaman\u0131 h\u0259kim edib.<\/p>\n\n\n\n<p>Dedikl\u0259rini s\u00fcbut etm\u0259k \u00fc\u00e7\u00fcn \u0259lind\u0259 \u00e7oxsayl\u0131 faktlar, s\u0259s yaz\u0131lar\u0131 oldu\u011funu vur\u011fulayan Fikr\u0259t Ad\u0131\u015firinovun s\u00f6zl\u0259rin\u0259 g\u00f6r\u0259, h\u0259yat yolda\u015f\u0131n\u0131n g\u00f6z\u00fcnd\u0259 buynuz qi\u015fan\u0131n z\u0259d\u0259l\u0259ndiyini Z\u0259rif\u0259 \u018fliyeva ad\u0131na Milli Oftalmologiya M\u0259rk\u0259zinin r\u0259yi d\u0259 t\u0259sdiql\u0259yir:<\/p>\n\n\n\n<p>\u201c<em>Amma r\u0259yd\u0259 yaz\u0131rlar ki, x\u0259st\u0259ni \u0259m\u0259liyyatdan \u0259vv\u0259l g\u00f6rm\u0259dikl\u0259rin\u0259 g\u00f6r\u0259 z\u0259d\u0259l\u0259nm\u0259nin hans\u0131 \u015f\u0259raitd\u0259 ba\u015f verdiyini m\u00fc\u0259yy\u0259nl\u0259\u015fdirm\u0259k m\u00fcmk\u00fcn olmay\u0131b. H\u0259yat yolda\u015f\u0131m haz\u0131rda birinci qrup \u0259lildir. Onun g\u00f6z\u00fcn\u00fcn a\u00e7\u0131lmas\u0131 \u00fc\u00e7\u00fcn \u0259m\u0259liyyat laz\u0131md\u0131r. \u201cD\u00fcnyag\u00f6z\u201d x\u0259st\u0259xanas\u0131nda bildirdil\u0259r ki, bu \u0259m\u0259liyyat\u0131n qiym\u0259ti 24 min manatd\u0131r. \u0130ndi hardan tap\u0131m bu pulu, kas\u0131b adamam. O\u011flum 44 g\u00fcnl\u00fck m\u00fcharib\u0259nin i\u015ftirak\u00e7\u0131s\u0131d\u0131r, qarda\u015f\u0131m \u015f\u0259hid olub. M\u0259ni a\u011fr\u0131dan h\u0259m d\u0259 odur ki, h\u0259kim s\u0259hvi n\u0259tic\u0259sind\u0259 bir qad\u0131n, bir ana kor olub, s\u0259lahiyy\u0259t sahibl\u0259ri buna g\u00f6z yumur\u201d.<\/em><\/p>\n\n\n\n<p><strong>\u201cX\u0259st\u0259nin iki o\u011flu v\u0259 h\u0259yat yolda\u015f\u0131 g\u0259lib dava sal\u0131r, pul t\u0259l\u0259b el\u0259yirl\u0259r\u201d<\/strong><\/p>\n\n\n\n<p>Salyan sakini h\u00fcquq-m\u00fchafiz\u0259 orqanlar\u0131na da \u015fikay\u0259t edib. N\u0259simi Rayon Prokurorlu\u011funda ara\u015fd\u0131rmalardan sonra bu m\u0259s\u0259l\u0259 il\u0259 ba\u011fl\u0131 cinay\u0259t i\u015fi ba\u015flanmas\u0131 r\u0259dd edilib. Prokurorluq bel\u0259 n\u0259tic\u0259y\u0259 g\u0259lib ki, G\u00fcl\u015f\u0259n Ad\u0131\u015firinovan\u0131n g\u00f6rm\u0259 qabiliyy\u0259tini itirm\u0259sind\u0259 h\u0259kimin t\u0259qsiri yoxdur.<\/p>\n\n\n<div class=\"wp-block-image\">\n<figure class=\"alignright size-large is-resized\"><img decoding=\"async\" width=\"657\" height=\"821\" data-src=\"https:\/\/www.meydan.tv\/wp-content\/uploads\/408753874_753265493508825_287596817109249621_n-657x821.jpg\" alt=\"\" class=\"wp-image-294480 lazyload\" style=\"--smush-placeholder-width: 657px; --smush-placeholder-aspect-ratio: 657\/821;width:351px;height:auto\" src=\"data:image\/svg+xml;base64,PHN2ZyB3aWR0aD0iMSIgaGVpZ2h0PSIxIiB4bWxucz0iaHR0cDovL3d3dy53My5vcmcvMjAwMC9zdmciPjwvc3ZnPg==\" \/><figcaption class=\"wp-element-caption\">Foto: Az\u0259r K\u0259rimovun \u015f\u0259xsi arxivind\u0259n <\/figcaption><\/figure>\n<\/div>\n\n\n<p>\u201cK\u0259p\u0259z Hospital\u201d\u0131n h\u0259kim-oftalmoloqu Az\u0259r K\u0259rimov is\u0259 Salyan sakininin iddialar\u0131n\u0131n h\u0259qiq\u0259t\u0259 uy\u011fun olmad\u0131\u011f\u0131n\u0131 deyir. H\u0259kimin k\u00f6m\u0259k\u00e7isi Meydan TV-y\u0259 bildirib ki, 5 d\u0259f\u0259 \u0259m\u0259liyyat olunmas\u0131ndan tutmu\u015f, m\u0259hz katarakta \u0259m\u0259liyyat\u0131 zaman\u0131 buynuz qi\u015fan\u0131n z\u0259d\u0259l\u0259nm\u0259sin\u0259 q\u0259d\u0259r iddialar do\u011fru deyil:<\/p>\n\n\n\n<p><em>\u201cH\u0259kimin \u00fcnvan\u0131na s\u0259sl\u0259ndiril\u0259n ittihamlar\u0131n ham\u0131s\u0131 \u0259sass\u0131zd\u0131r. Bu pasiyent \u0259m\u0259liyyatdan \u00f6nc\u0259 d\u0259 \u015f\u0259k\u0259rli diabet x\u0259st\u0259si idi. Bu s\u0259b\u0259bd\u0259n h\u0259kimin ona x\u00fcsusi t\u00f6vsiy\u0259l\u0259ri vard\u0131 ki, onlara \u0259m\u0259l olunmal\u0131yd\u0131, qorunmal\u0131yd\u0131. Pasiyent h\u0259kimin t\u00f6vsiy\u0259l\u0259rin\u0259 \u0259m\u0259l etm\u0259yib. \u0130ndi h\u0259kimin n\u0259 g\u00fcnah\u0131 var?!\u201d.<\/em><\/p>\n\n\n\n<p>K\u00f6m\u0259k\u00e7isi iddia edir ki, Ad\u0131\u015firinovlar ail\u0259si h\u0259kimi \u015fantaj edir, pul t\u0259l\u0259b edir. Onun s\u00f6zl\u0259rin\u0259 g\u00f6r\u0259, bunu t\u0259sdiql\u0259y\u0259n videog\u00f6r\u00fcnt\u00fcl\u0259r d\u0259 var:<\/p>\n\n\n\n<p><em>\u201cX\u0259st\u0259nin iki o\u011flu, bir yolda\u015f\u0131 g\u0259lib h\u0259kimi h\u0259d\u0259l\u0259yirl\u0259r. G\u0259lib dava sal\u0131r, pul t\u0259l\u0259b el\u0259yirl\u0259r\u201d<\/em>.<\/p>\n","protected":false},"excerpt":{"rendered":"<p>H\u0259kimin k\u00f6m\u0259k\u00e7isi: \u201cPasiyent h\u0259kimin t\u00f6vsiy\u0259l\u0259rin\u0259 \u0259m\u0259l etm\u0259yib, indi h\u0259kimin n\u0259 &#8230; <\/p>\n<p class=\"read-more-container\"><a title=\"Salyan sakini: \u201cH\u0259yat yolda\u015f\u0131m h\u0259kim s\u0259hvi n\u0259tic\u0259sind\u0259 g\u00f6rm\u0259 qabiliyy\u0259tini itirib\u201d\" class=\"read-more button\" href=\"https:\/\/www.meydan.tv\/az\/article\/salyan-sakini-heyat-yoldasim-hekim-sehvi-neticesinde-gorme-qabiliyyetini-itirib\/#more-294479\" aria-label=\"Read more about Salyan sakini: \u201cH\u0259yat yolda\u015f\u0131m h\u0259kim s\u0259hvi n\u0259tic\u0259sind\u0259 g\u00f6rm\u0259 qabiliyy\u0259tini itirib\u201d\">Davam\u0131<\/a><\/p>\n","protected":false},"author":8,"featured_media":294476,"comment_status":"closed","ping_status":"closed","sticky":false,"template":"","format":"standard","meta":{"_acf_changed":false,"_sitemap_exclude":false,"_sitemap_priority":"","_sitemap_frequency":"","footnotes":""},"categories":[54,56],"tags":[],"class_list":["post-294479","post","type-post","status-publish","format-standard","has-post-thumbnail","hentry","category-sagliq","category-xeberler","infinite-scroll-item","generate-columns","tablet-grid-50","mobile-grid-100","grid-parent","grid-33","no-featured-image-padding"],"acf":[],"yoast_head":"<!-- This site is optimized with the Yoast SEO plugin v27.4 - https:\/\/yoast.com\/product\/yoast-seo-wordpress\/ -->\n<title>Salyan sakini: \u201cH\u0259yat yolda\u015f\u0131m h\u0259kim s\u0259hvi n\u0259tic\u0259sind\u0259 g\u00f6rm\u0259 qabiliyy\u0259tini itirib\u201d - MEYDAN.TV<\/title>\n<meta name=\"robots\" content=\"index, follow, max-snippet:-1, max-image-preview:large, max-video-preview:-1\" \/>\n<link rel=\"canonical\" href=\"https:\/\/www.meydan.tv\/az\/article\/salyan-sakini-heyat-yoldasim-hekim-sehvi-neticesinde-gorme-qabiliyyetini-itirib\/\" \/>\n<meta property=\"og:locale\" content=\"az_AZ\" \/>\n<meta property=\"og:type\" content=\"article\" \/>\n<meta property=\"og:title\" content=\"Salyan sakini: \u201cH\u0259yat yolda\u015f\u0131m h\u0259kim s\u0259hvi n\u0259tic\u0259sind\u0259 g\u00f6rm\u0259 qabiliyy\u0259tini itirib\u201d - MEYDAN.TV\" \/>\n<meta property=\"og:description\" content=\"H\u0259kimin k\u00f6m\u0259k\u00e7isi: \u201cPasiyent h\u0259kimin t\u00f6vsiy\u0259l\u0259rin\u0259 \u0259m\u0259l etm\u0259yib, indi h\u0259kimin n\u0259 ... Davam\u0131\" \/>\n<meta property=\"og:url\" content=\"https:\/\/www.meydan.tv\/az\/article\/salyan-sakini-heyat-yoldasim-hekim-sehvi-neticesinde-gorme-qabiliyyetini-itirib\/\" \/>\n<meta property=\"og:site_name\" content=\"MEYDAN.TV\" \/>\n<meta property=\"article:published_time\" content=\"2023-12-30T10:20:31+00:00\" \/>\n<meta property=\"article:modified_time\" content=\"2023-12-30T10:20:36+00:00\" \/>\n<meta property=\"og:image\" content=\"https:\/\/www.meydan.tv\/wp-content\/uploads\/photo-2023-12-30-12-59-28-e1703930706106.jpg\" \/>\n\t<meta property=\"og:image:width\" content=\"1200\" \/>\n\t<meta property=\"og:image:height\" content=\"498\" \/>\n\t<meta property=\"og:image:type\" content=\"image\/jpeg\" \/>\n<meta name=\"author\" content=\"elli\" \/>\n<meta name=\"twitter:card\" content=\"summary_large_image\" \/>\n<meta name=\"twitter:creator\" content=\"@elli\" \/>\n<script type=\"application\/ld+json\" class=\"yoast-schema-graph\">{\"@context\":\"https:\\\/\\\/schema.org\",\"@graph\":[{\"@type\":\"Article\",\"@id\":\"https:\\\/\\\/www.meydan.tv\\\/az\\\/article\\\/salyan-sakini-heyat-yoldasim-hekim-sehvi-neticesinde-gorme-qabiliyyetini-itirib\\\/#article\",\"isPartOf\":{\"@id\":\"https:\\\/\\\/www.meydan.tv\\\/az\\\/article\\\/salyan-sakini-heyat-yoldasim-hekim-sehvi-neticesinde-gorme-qabiliyyetini-itirib\\\/\"},\"author\":{\"name\":\"elli\",\"@id\":\"https:\\\/\\\/www.meydan.tv\\\/az\\\/#\\\/schema\\\/person\\\/9cdbecf90d17180ce1dfbd95b08dcf47\"},\"headline\":\"Salyan sakini: \u201cH\u0259yat yolda\u015f\u0131m h\u0259kim s\u0259hvi n\u0259tic\u0259sind\u0259 g\u00f6rm\u0259 qabiliyy\u0259tini itirib\u201d\",\"datePublished\":\"2023-12-30T10:20:31+00:00\",\"dateModified\":\"2023-12-30T10:20:36+00:00\",\"mainEntityOfPage\":{\"@id\":\"https:\\\/\\\/www.meydan.tv\\\/az\\\/article\\\/salyan-sakini-heyat-yoldasim-hekim-sehvi-neticesinde-gorme-qabiliyyetini-itirib\\\/\"},\"wordCount\":910,\"publisher\":{\"@id\":\"https:\\\/\\\/www.meydan.tv\\\/az\\\/#organization\"},\"image\":{\"@id\":\"https:\\\/\\\/www.meydan.tv\\\/az\\\/article\\\/salyan-sakini-heyat-yoldasim-hekim-sehvi-neticesinde-gorme-qabiliyyetini-itirib\\\/#primaryimage\"},\"thumbnailUrl\":\"https:\\\/\\\/www.meydan.tv\\\/wp-content\\\/uploads\\\/photo-2023-12-30-12-59-28-e1703930706106.jpg\",\"articleSection\":[\"Sa\u011fl\u0131q\",\"X\u0259b\u0259rl\u0259r\"],\"inLanguage\":\"az\"},{\"@type\":\"WebPage\",\"@id\":\"https:\\\/\\\/www.meydan.tv\\\/az\\\/article\\\/salyan-sakini-heyat-yoldasim-hekim-sehvi-neticesinde-gorme-qabiliyyetini-itirib\\\/\",\"url\":\"https:\\\/\\\/www.meydan.tv\\\/az\\\/article\\\/salyan-sakini-heyat-yoldasim-hekim-sehvi-neticesinde-gorme-qabiliyyetini-itirib\\\/\",\"name\":\"Salyan sakini: \u201cH\u0259yat yolda\u015f\u0131m h\u0259kim s\u0259hvi n\u0259tic\u0259sind\u0259 g\u00f6rm\u0259 qabiliyy\u0259tini itirib\u201d - MEYDAN.TV\",\"isPartOf\":{\"@id\":\"https:\\\/\\\/www.meydan.tv\\\/az\\\/#website\"},\"primaryImageOfPage\":{\"@id\":\"https:\\\/\\\/www.meydan.tv\\\/az\\\/article\\\/salyan-sakini-heyat-yoldasim-hekim-sehvi-neticesinde-gorme-qabiliyyetini-itirib\\\/#primaryimage\"},\"image\":{\"@id\":\"https:\\\/\\\/www.meydan.tv\\\/az\\\/article\\\/salyan-sakini-heyat-yoldasim-hekim-sehvi-neticesinde-gorme-qabiliyyetini-itirib\\\/#primaryimage\"},\"thumbnailUrl\":\"https:\\\/\\\/www.meydan.tv\\\/wp-content\\\/uploads\\\/photo-2023-12-30-12-59-28-e1703930706106.jpg\",\"datePublished\":\"2023-12-30T10:20:31+00:00\",\"dateModified\":\"2023-12-30T10:20:36+00:00\",\"breadcrumb\":{\"@id\":\"https:\\\/\\\/www.meydan.tv\\\/az\\\/article\\\/salyan-sakini-heyat-yoldasim-hekim-sehvi-neticesinde-gorme-qabiliyyetini-itirib\\\/#breadcrumb\"},\"inLanguage\":\"az\",\"potentialAction\":[{\"@type\":\"ReadAction\",\"target\":[\"https:\\\/\\\/www.meydan.tv\\\/az\\\/article\\\/salyan-sakini-heyat-yoldasim-hekim-sehvi-neticesinde-gorme-qabiliyyetini-itirib\\\/\"]}]},{\"@type\":\"ImageObject\",\"inLanguage\":\"az\",\"@id\":\"https:\\\/\\\/www.meydan.tv\\\/az\\\/article\\\/salyan-sakini-heyat-yoldasim-hekim-sehvi-neticesinde-gorme-qabiliyyetini-itirib\\\/#primaryimage\",\"url\":\"https:\\\/\\\/www.meydan.tv\\\/wp-content\\\/uploads\\\/photo-2023-12-30-12-59-28-e1703930706106.jpg\",\"contentUrl\":\"https:\\\/\\\/www.meydan.tv\\\/wp-content\\\/uploads\\\/photo-2023-12-30-12-59-28-e1703930706106.jpg\",\"width\":1200,\"height\":498,\"caption\":\"Fikr\u0259t Ad\u0131\u015firinov. Foto: Meydan TV\"},{\"@type\":\"BreadcrumbList\",\"@id\":\"https:\\\/\\\/www.meydan.tv\\\/az\\\/article\\\/salyan-sakini-heyat-yoldasim-hekim-sehvi-neticesinde-gorme-qabiliyyetini-itirib\\\/#breadcrumb\",\"itemListElement\":[{\"@type\":\"ListItem\",\"position\":1,\"name\":\"Ana s\u0259hif\u0259\",\"item\":\"https:\\\/\\\/www.meydan.tv\\\/az\\\/\"},{\"@type\":\"ListItem\",\"position\":2,\"name\":\"Sa\u011fl\u0131q\",\"item\":\"https:\\\/\\\/www.meydan.tv\\\/az\\\/section\\\/sagliq\\\/\"},{\"@type\":\"ListItem\",\"position\":3,\"name\":\"Salyan sakini: \u201cH\u0259yat yolda\u015f\u0131m h\u0259kim s\u0259hvi n\u0259tic\u0259sind\u0259 g\u00f6rm\u0259 qabiliyy\u0259tini itirib\u201d\"}]},{\"@type\":\"WebSite\",\"@id\":\"https:\\\/\\\/www.meydan.tv\\\/az\\\/#website\",\"url\":\"https:\\\/\\\/www.meydan.tv\\\/az\\\/\",\"name\":\"MEYDAN.TV\",\"description\":\"Meydan TV Az\u0259rbaycan\u0131n media m\u0259kan\u0131ndak\u0131 alternativ s\u0259sidir\",\"publisher\":{\"@id\":\"https:\\\/\\\/www.meydan.tv\\\/az\\\/#organization\"},\"potentialAction\":[{\"@type\":\"SearchAction\",\"target\":{\"@type\":\"EntryPoint\",\"urlTemplate\":\"https:\\\/\\\/www.meydan.tv\\\/az\\\/?s={search_term_string}\"},\"query-input\":{\"@type\":\"PropertyValueSpecification\",\"valueRequired\":true,\"valueName\":\"search_term_string\"}}],\"inLanguage\":\"az\"},{\"@type\":\"Organization\",\"@id\":\"https:\\\/\\\/www.meydan.tv\\\/az\\\/#organization\",\"name\":\"Meydan TV\",\"url\":\"https:\\\/\\\/www.meydan.tv\\\/az\\\/\",\"logo\":{\"@type\":\"ImageObject\",\"inLanguage\":\"az\",\"@id\":\"https:\\\/\\\/www.meydan.tv\\\/az\\\/#\\\/schema\\\/logo\\\/image\\\/\",\"url\":\"https:\\\/\\\/www.meydan.tv\\\/wp-content\\\/uploads\\\/2021\\\/07\\\/meydan-logo.svg\",\"contentUrl\":\"https:\\\/\\\/www.meydan.tv\\\/wp-content\\\/uploads\\\/2021\\\/07\\\/meydan-logo.svg\",\"width\":195,\"height\":46,\"caption\":\"Meydan TV\"},\"image\":{\"@id\":\"https:\\\/\\\/www.meydan.tv\\\/az\\\/#\\\/schema\\\/logo\\\/image\\\/\"}},{\"@type\":\"Person\",\"@id\":\"https:\\\/\\\/www.meydan.tv\\\/az\\\/#\\\/schema\\\/person\\\/9cdbecf90d17180ce1dfbd95b08dcf47\",\"name\":\"elli\",\"sameAs\":[\"https:\\\/\\\/x.com\\\/elli\"]}]}<\/script>\n<!-- \/ Yoast SEO plugin. -->","yoast_head_json":{"title":"Salyan sakini: \u201cH\u0259yat yolda\u015f\u0131m h\u0259kim s\u0259hvi n\u0259tic\u0259sind\u0259 g\u00f6rm\u0259 qabiliyy\u0259tini itirib\u201d - MEYDAN.TV","robots":{"index":"index","follow":"follow","max-snippet":"max-snippet:-1","max-image-preview":"max-image-preview:large","max-video-preview":"max-video-preview:-1"},"canonical":"https:\/\/www.meydan.tv\/az\/article\/salyan-sakini-heyat-yoldasim-hekim-sehvi-neticesinde-gorme-qabiliyyetini-itirib\/","og_locale":"az_AZ","og_type":"article","og_title":"Salyan sakini: \u201cH\u0259yat yolda\u015f\u0131m h\u0259kim s\u0259hvi n\u0259tic\u0259sind\u0259 g\u00f6rm\u0259 qabiliyy\u0259tini itirib\u201d - MEYDAN.TV","og_description":"H\u0259kimin k\u00f6m\u0259k\u00e7isi: \u201cPasiyent h\u0259kimin t\u00f6vsiy\u0259l\u0259rin\u0259 \u0259m\u0259l etm\u0259yib, indi h\u0259kimin n\u0259 ... Davam\u0131","og_url":"https:\/\/www.meydan.tv\/az\/article\/salyan-sakini-heyat-yoldasim-hekim-sehvi-neticesinde-gorme-qabiliyyetini-itirib\/","og_site_name":"MEYDAN.TV","article_published_time":"2023-12-30T10:20:31+00:00","article_modified_time":"2023-12-30T10:20:36+00:00","og_image":[{"width":1200,"height":498,"url":"https:\/\/www.meydan.tv\/wp-content\/uploads\/photo-2023-12-30-12-59-28-e1703930706106.jpg","type":"image\/jpeg"}],"author":"elli","twitter_card":"summary_large_image","twitter_creator":"@elli","schema":{"@context":"https:\/\/schema.org","@graph":[{"@type":"Article","@id":"https:\/\/www.meydan.tv\/az\/article\/salyan-sakini-heyat-yoldasim-hekim-sehvi-neticesinde-gorme-qabiliyyetini-itirib\/#article","isPartOf":{"@id":"https:\/\/www.meydan.tv\/az\/article\/salyan-sakini-heyat-yoldasim-hekim-sehvi-neticesinde-gorme-qabiliyyetini-itirib\/"},"author":{"name":"elli","@id":"https:\/\/www.meydan.tv\/az\/#\/schema\/person\/9cdbecf90d17180ce1dfbd95b08dcf47"},"headline":"Salyan sakini: \u201cH\u0259yat yolda\u015f\u0131m h\u0259kim s\u0259hvi n\u0259tic\u0259sind\u0259 g\u00f6rm\u0259 qabiliyy\u0259tini itirib\u201d","datePublished":"2023-12-30T10:20:31+00:00","dateModified":"2023-12-30T10:20:36+00:00","mainEntityOfPage":{"@id":"https:\/\/www.meydan.tv\/az\/article\/salyan-sakini-heyat-yoldasim-hekim-sehvi-neticesinde-gorme-qabiliyyetini-itirib\/"},"wordCount":910,"publisher":{"@id":"https:\/\/www.meydan.tv\/az\/#organization"},"image":{"@id":"https:\/\/www.meydan.tv\/az\/article\/salyan-sakini-heyat-yoldasim-hekim-sehvi-neticesinde-gorme-qabiliyyetini-itirib\/#primaryimage"},"thumbnailUrl":"https:\/\/www.meydan.tv\/wp-content\/uploads\/photo-2023-12-30-12-59-28-e1703930706106.jpg","articleSection":["Sa\u011fl\u0131q","X\u0259b\u0259rl\u0259r"],"inLanguage":"az"},{"@type":"WebPage","@id":"https:\/\/www.meydan.tv\/az\/article\/salyan-sakini-heyat-yoldasim-hekim-sehvi-neticesinde-gorme-qabiliyyetini-itirib\/","url":"https:\/\/www.meydan.tv\/az\/article\/salyan-sakini-heyat-yoldasim-hekim-sehvi-neticesinde-gorme-qabiliyyetini-itirib\/","name":"Salyan sakini: \u201cH\u0259yat yolda\u015f\u0131m h\u0259kim s\u0259hvi n\u0259tic\u0259sind\u0259 g\u00f6rm\u0259 qabiliyy\u0259tini itirib\u201d - MEYDAN.TV","isPartOf":{"@id":"https:\/\/www.meydan.tv\/az\/#website"},"primaryImageOfPage":{"@id":"https:\/\/www.meydan.tv\/az\/article\/salyan-sakini-heyat-yoldasim-hekim-sehvi-neticesinde-gorme-qabiliyyetini-itirib\/#primaryimage"},"image":{"@id":"https:\/\/www.meydan.tv\/az\/article\/salyan-sakini-heyat-yoldasim-hekim-sehvi-neticesinde-gorme-qabiliyyetini-itirib\/#primaryimage"},"thumbnailUrl":"https:\/\/www.meydan.tv\/wp-content\/uploads\/photo-2023-12-30-12-59-28-e1703930706106.jpg","datePublished":"2023-12-30T10:20:31+00:00","dateModified":"2023-12-30T10:20:36+00:00","breadcrumb":{"@id":"https:\/\/www.meydan.tv\/az\/article\/salyan-sakini-heyat-yoldasim-hekim-sehvi-neticesinde-gorme-qabiliyyetini-itirib\/#breadcrumb"},"inLanguage":"az","potentialAction":[{"@type":"ReadAction","target":["https:\/\/www.meydan.tv\/az\/article\/salyan-sakini-heyat-yoldasim-hekim-sehvi-neticesinde-gorme-qabiliyyetini-itirib\/"]}]},{"@type":"ImageObject","inLanguage":"az","@id":"https:\/\/www.meydan.tv\/az\/article\/salyan-sakini-heyat-yoldasim-hekim-sehvi-neticesinde-gorme-qabiliyyetini-itirib\/#primaryimage","url":"https:\/\/www.meydan.tv\/wp-content\/uploads\/photo-2023-12-30-12-59-28-e1703930706106.jpg","contentUrl":"https:\/\/www.meydan.tv\/wp-content\/uploads\/photo-2023-12-30-12-59-28-e1703930706106.jpg","width":1200,"height":498,"caption":"Fikr\u0259t Ad\u0131\u015firinov. Foto: Meydan TV"},{"@type":"BreadcrumbList","@id":"https:\/\/www.meydan.tv\/az\/article\/salyan-sakini-heyat-yoldasim-hekim-sehvi-neticesinde-gorme-qabiliyyetini-itirib\/#breadcrumb","itemListElement":[{"@type":"ListItem","position":1,"name":"Ana s\u0259hif\u0259","item":"https:\/\/www.meydan.tv\/az\/"},{"@type":"ListItem","position":2,"name":"Sa\u011fl\u0131q","item":"https:\/\/www.meydan.tv\/az\/section\/sagliq\/"},{"@type":"ListItem","position":3,"name":"Salyan sakini: \u201cH\u0259yat yolda\u015f\u0131m h\u0259kim s\u0259hvi n\u0259tic\u0259sind\u0259 g\u00f6rm\u0259 qabiliyy\u0259tini itirib\u201d"}]},{"@type":"WebSite","@id":"https:\/\/www.meydan.tv\/az\/#website","url":"https:\/\/www.meydan.tv\/az\/","name":"MEYDAN.TV","description":"Meydan TV Az\u0259rbaycan\u0131n media m\u0259kan\u0131ndak\u0131 alternativ s\u0259sidir","publisher":{"@id":"https:\/\/www.meydan.tv\/az\/#organization"},"potentialAction":[{"@type":"SearchAction","target":{"@type":"EntryPoint","urlTemplate":"https:\/\/www.meydan.tv\/az\/?s={search_term_string}"},"query-input":{"@type":"PropertyValueSpecification","valueRequired":true,"valueName":"search_term_string"}}],"inLanguage":"az"},{"@type":"Organization","@id":"https:\/\/www.meydan.tv\/az\/#organization","name":"Meydan TV","url":"https:\/\/www.meydan.tv\/az\/","logo":{"@type":"ImageObject","inLanguage":"az","@id":"https:\/\/www.meydan.tv\/az\/#\/schema\/logo\/image\/","url":"https:\/\/www.meydan.tv\/wp-content\/uploads\/2021\/07\/meydan-logo.svg","contentUrl":"https:\/\/www.meydan.tv\/wp-content\/uploads\/2021\/07\/meydan-logo.svg","width":195,"height":46,"caption":"Meydan TV"},"image":{"@id":"https:\/\/www.meydan.tv\/az\/#\/schema\/logo\/image\/"}},{"@type":"Person","@id":"https:\/\/www.meydan.tv\/az\/#\/schema\/person\/9cdbecf90d17180ce1dfbd95b08dcf47","name":"elli","sameAs":["https:\/\/x.com\/elli"]}]}},"_links":{"self":[{"href":"https:\/\/www.meydan.tv\/az\/wp-json\/wp\/v2\/posts\/294479","targetHints":{"allow":["GET"]}}],"collection":[{"href":"https:\/\/www.meydan.tv\/az\/wp-json\/wp\/v2\/posts"}],"about":[{"href":"https:\/\/www.meydan.tv\/az\/wp-json\/wp\/v2\/types\/post"}],"author":[{"embeddable":true,"href":"https:\/\/www.meydan.tv\/az\/wp-json\/wp\/v2\/users\/8"}],"replies":[{"embeddable":true,"href":"https:\/\/www.meydan.tv\/az\/wp-json\/wp\/v2\/comments?post=294479"}],"version-history":[{"count":3,"href":"https:\/\/www.meydan.tv\/az\/wp-json\/wp\/v2\/posts\/294479\/revisions"}],"predecessor-version":[{"id":294487,"href":"https:\/\/www.meydan.tv\/az\/wp-json\/wp\/v2\/posts\/294479\/revisions\/294487"}],"wp:featuredmedia":[{"embeddable":true,"href":"https:\/\/www.meydan.tv\/az\/wp-json\/wp\/v2\/media\/294476"}],"wp:attachment":[{"href":"https:\/\/www.meydan.tv\/az\/wp-json\/wp\/v2\/media?parent=294479"}],"wp:term":[{"taxonomy":"category","embeddable":true,"href":"https:\/\/www.meydan.tv\/az\/wp-json\/wp\/v2\/categories?post=294479"},{"taxonomy":"post_tag","embeddable":true,"href":"https:\/\/www.meydan.tv\/az\/wp-json\/wp\/v2\/tags?post=294479"}],"curies":[{"name":"wp","href":"https:\/\/api.w.org\/{rel}","templated":true}]}}