{"id":294446,"date":"2023-12-29T18:41:06","date_gmt":"2023-12-29T14:41:06","guid":{"rendered":"https:\/\/www.meydan.tv\/?p=294446"},"modified":"2023-12-29T18:41:09","modified_gmt":"2023-12-29T14:41:09","slug":"erestun-oruclu-senedlerini-msk-ya-teqdim-ede-bilmir","status":"publish","type":"post","link":"https:\/\/www.meydan.tv\/az\/article\/erestun-oruclu-senedlerini-msk-ya-teqdim-ede-bilmir\/","title":{"rendered":"\u018fr\u0259stun Oruclu s\u0259n\u0259dl\u0259rini MSK-ya t\u0259qdim ed\u0259 bilmir"},"content":{"rendered":"\n<p><\/p>\n\n\n\n<p><strong><em>&#8220;Plan odur ki, m\u00fcxalif m\u00f6vqeli namiz\u0259d se\u00e7kiy\u0259 qat\u0131la bilm\u0259sin&#8221;<\/em><\/strong><\/p>\n\n\n\n<p>Siyasi \u015f\u0259rh\u00e7i \u018fr\u0259stun Oruclu fevral\u0131n 7-d\u0259 ke\u00e7iril\u0259c\u0259k n\u00f6vb\u0259d\u0259nk\u0259nar Prezident se\u00e7kisind\u0259 namiz\u0259d olmaq \u00fc\u00e7\u00fcn s\u0259n\u0259dl\u0259rini bir ne\u00e7\u0259 g\u00fcnd\u00fcr ki, M\u0259rk\u0259zi Se\u00e7ki Komissiyas\u0131na (MSK) t\u0259qdim ed\u0259 bilmir.<\/p>\n\n\n\n<p>O deyir ki, s\u0259b\u0259b b\u00fcrokratik \u0259ng\u0259ll\u0259rdir.<\/p>\n\n\n\n<p>Bu bar\u0259d\u0259 \u018fr\u0259stun Oruclu \u00f6z\u00fc Meydan TV-y\u0259 dan\u0131\u015f\u0131b.<\/p>\n\n\n\n<p>\u018fr\u0259stun Oruclu \u00f6lk\u0259d\u0259n k\u0259narda oldu\u011fundan bir n\u0259f\u0259r\u0259 onlayn etibarnam\u0259 verm\u0259lidir.<\/p>\n\n\n\n<p>Onun s\u00f6zl\u0259rin\u0259 g\u00f6r\u0259, bu m\u0259s\u0259l\u0259ni \u00e7ox m\u00fcr\u0259kk\u0259bl\u0259\u015fdiribl\u0259r:<\/p>\n\n\n\n<p><em>&#8220;Notariusla \u0259laq\u0259 saxlay\u0131ram, amma o q\u0259d\u0259r b\u00fcrokratik \u0259ng\u0259ll\u0259r yarad\u0131blar ki, vaxt\u0131 uzad\u0131rlar. Ona g\u00f6r\u0259 xaricd\u0259n etibarnam\u0259 al\u0131b g\u00f6nd\u0259rdim, amma bu s\u0259n\u0259din Az\u0259rbaycanda i\u015fl\u0259yib-i\u015fl\u0259m\u0259m\u0259si ba\u015fqa suald\u0131r. Dekabr\u0131n 30-da is\u0259 d\u00f6vl\u0259t idar\u0259l\u0259ri g\u00fcnortaya q\u0259d\u0259r i\u015fl\u0259y\u0259c\u0259k. Etibarnam\u0259mi verdiyim \u015f\u0259xs bu g\u00fcn s\u0259n\u0259dl\u0259rimi MSK-ya verm\u0259lidir, yax\u0131n 1 saatda bilin\u0259c\u0259k. \u018fg\u0259r q\u0259bul ets\u0259l\u0259r, 5 g\u00fcn \u0259rzind\u0259 m\u0259n\u0259 imza v\u0259r\u0259q\u0259l\u0259ri verm\u0259lidirl\u0259r&#8221;<\/em>.<\/p>\n\n\n\n<p><em>&#8220;N\u0259z\u0259r\u0259 al\u0131n ki, imza v\u0259r\u0259q\u0259l\u0259rini yanvar\u0131n 3-d\u0259 verm\u0259lidirl\u0259r, \u00f6z\u00fc d\u0259 q\u0259sd\u0259n ax\u015fam verirl\u0259r. 7 yanvarda imza v\u0259r\u0259q\u0259l\u0259ri MSK-ya t\u0259hvil verilm\u0259lidir. \u0130ndi sual edir\u0259m, 4 g\u00fcn\u0259 40 min imza toplamaq reald\u0131rm\u0131? F\u0259rz ed\u0259k ki, g\u00fcn\u0259 1000 imza toplayan 40 n\u0259f\u0259rlik komandam\u0131z var, h\u0259tta toplad\u0131q da&#8230; B\u0259s imza v\u0259r\u0259q\u0259l\u0259rind\u0259 100, 200 imzan\u0131 etibars\u0131z \u00e7\u0131xaranda nec\u0259 olacaq?!&#8221;<\/em> &#8211; dey\u0259 o bildirib.<\/p>\n\n\n\n<p>Oruclunun dediyin\u0259 g\u00f6r\u0259, haz\u0131rda s\u0259n\u0259dl\u0259rin t\u0259qdimetm\u0259 m\u0259rh\u0259l\u0259sind\u0259 el\u0259 sistem formala\u015fd\u0131r\u0131l\u0131b ki, m\u00fcxalif m\u00f6vqeli namiz\u0259d se\u00e7kiy\u0259 qat\u0131la bilm\u0259sin:<\/p>\n\n\n\n<p><em>&#8220;G\u00f6r\u00fcn\u0259n prosesin bir hiss\u0259si d\u0259 o idi ki, m\u00fc\u0259yy\u0259n q\u0259d\u0259r idar\u0259 olunmayan, ya az idar\u0259 edil\u0259n, ya da polemikada hiss\u0259 qap\u0131lanlar\u0131 se\u00e7kiy\u0259 d\u0259v\u0259t etm\u0259yibl\u0259r. M\u0259n ad \u00e7\u0259km\u0259k ist\u0259mir\u0259m, amma ictimaiyy\u0259t onlar\u0131 yax\u015f\u0131 tan\u0131y\u0131r. Bel\u0259likl\u0259, bud\u0259f\u0259ki se\u00e7ki plan\u0131 ondan ibar\u0259tdir ki, m\u00fcxalif\u0259t se\u00e7kiy\u0259 getm\u0259sin, o c\u00fcml\u0259d\u0259n, impulsiv adamlar da&#8221;<\/em>.<\/p>\n\n\n\n<p>2024-c\u00fc ilin fevral\u0131n 7-d\u0259 Az\u0259rbaycanda n\u00f6vb\u0259d\u0259nk\u0259nar Prezident se\u00e7kil\u0259ri ke\u00e7iril\u0259c\u0259k.<\/p>\n\n\n\n<p>\u0130lham \u018fliyev dekabr\u0131n 7-d\u0259 bununla ba\u011fl\u0131 s\u0259r\u0259ncam imzalay\u0131b.<\/p>\n\n\n\n<p>Bu g\u00fcn\u0259 q\u0259d\u0259r \u00f6lk\u0259 ba\u015f\u00e7\u0131s\u0131 \u0130lham \u018fliyev, deputatlar Fazil Mustafa, Zahid Oruc, Q\u00fcdr\u0259t H\u0259s\u0259nquliyev, Razi Nurullayev, B\u00f6y\u00fck Az\u0259rbaycan Partiyas\u0131n\u0131n s\u0259dri El\u015fad Musayev, Fuad \u018fliyev, S\u0259rvan K\u0259rimov, M\u0259tl\u0259b M\u00fct\u0259llimli, Abutal\u0131b S\u0259m\u0259dov, Fikr\u0259t Yusifov, Yusif Ba\u011f\u0131rzad\u0259, Arzuman Abdulk\u0259rimov, Yunus O\u011fuz, Qulamh\u00fcseyn \u018flib\u0259yli namiz\u0259dlikl\u0259rini ir\u0259li s\u00fcr\u00fcbl\u0259r.<\/p>\n\n\n\n<p>Prezidentliy\u0259 namiz\u0259dliyini ver\u0259n deputatlar\u0131n h\u0259r biri hakimiyy\u0259ty\u00f6n\u00fcml\u00fc partiyan\u0131n s\u0259dridir.<\/p>\n\n\n\n<p>Dig\u0259r namiz\u0259dl\u0259r d\u0259 hakimiyy\u0259t\u0259 yax\u0131nl\u0131\u011f\u0131 il\u0259 tan\u0131n\u0131r.<\/p>\n\n\n\n<p>AXCP, M\u00fcsavat v\u0259 Klassik Xalq C\u0259bh\u0259si partiyalar\u0131 is\u0259 se\u00e7kini boykot ed\u0259c\u0259kl\u0259rini a\u00e7\u0131qlay\u0131blar.<\/p>\n\n\n\n<p>Az\u0259rbaycanda sonuncu d\u0259f\u0259 Prezident se\u00e7kil\u0259ri 2018-ci il aprelin 11-d\u0259 ke\u00e7irilib.<\/p>\n\n\n\n<p>H\u0259min se\u00e7kil\u0259r d\u0259 n\u00f6vb\u0259d\u0259nk\u0259nar olub.<\/p>\n\n\n\n<p>\u0130lham \u018fliyev 20 ildir ki, Prezident v\u0259zif\u0259sini icra edir.<\/p>\n","protected":false},"excerpt":{"rendered":"<p>&#8220;Plan odur ki, m\u00fcxalif m\u00f6vqeli namiz\u0259d se\u00e7kiy\u0259 qat\u0131la bilm\u0259sin&#8221; Siyasi &#8230; <\/p>\n<p class=\"read-more-container\"><a title=\"\u018fr\u0259stun Oruclu s\u0259n\u0259dl\u0259rini MSK-ya t\u0259qdim ed\u0259 bilmir\" class=\"read-more button\" href=\"https:\/\/www.meydan.tv\/az\/article\/erestun-oruclu-senedlerini-msk-ya-teqdim-ede-bilmir\/#more-294446\" aria-label=\"Read more about \u018fr\u0259stun Oruclu s\u0259n\u0259dl\u0259rini MSK-ya t\u0259qdim ed\u0259 bilmir\">Davam\u0131<\/a><\/p>\n","protected":false},"author":21,"featured_media":293902,"comment_status":"closed","ping_status":"closed","sticky":false,"template":"","format":"standard","meta":{"_acf_changed":false,"_sitemap_exclude":false,"_sitemap_priority":"","_sitemap_frequency":"","footnotes":""},"categories":[129,59,56],"tags":[],"class_list":["post-294446","post","type-post","status-publish","format-standard","has-post-thumbnail","hentry","category-sechki-2024","category-siyaset","category-xeberler","infinite-scroll-item","generate-columns","tablet-grid-50","mobile-grid-100","grid-parent","grid-33","no-featured-image-padding"],"acf":[],"yoast_head":"<!-- This site is optimized with the Yoast SEO plugin v27.4 - https:\/\/yoast.com\/product\/yoast-seo-wordpress\/ -->\n<title>\u018fr\u0259stun Oruclu s\u0259n\u0259dl\u0259rini MSK-ya t\u0259qdim ed\u0259 bilmir - MEYDAN.TV<\/title>\n<meta name=\"robots\" content=\"index, follow, max-snippet:-1, max-image-preview:large, max-video-preview:-1\" \/>\n<link rel=\"canonical\" href=\"https:\/\/www.meydan.tv\/az\/article\/erestun-oruclu-senedlerini-msk-ya-teqdim-ede-bilmir\/\" \/>\n<meta property=\"og:locale\" content=\"az_AZ\" \/>\n<meta property=\"og:type\" content=\"article\" \/>\n<meta property=\"og:title\" content=\"\u018fr\u0259stun Oruclu s\u0259n\u0259dl\u0259rini MSK-ya t\u0259qdim ed\u0259 bilmir - MEYDAN.TV\" \/>\n<meta property=\"og:description\" content=\"&#8220;Plan odur ki, m\u00fcxalif m\u00f6vqeli namiz\u0259d se\u00e7kiy\u0259 qat\u0131la bilm\u0259sin&#8221; Siyasi ... Davam\u0131\" \/>\n<meta property=\"og:url\" content=\"https:\/\/www.meydan.tv\/az\/article\/erestun-oruclu-senedlerini-msk-ya-teqdim-ede-bilmir\/\" \/>\n<meta property=\"og:site_name\" content=\"MEYDAN.TV\" \/>\n<meta property=\"article:published_time\" content=\"2023-12-29T14:41:06+00:00\" \/>\n<meta property=\"article:modified_time\" content=\"2023-12-29T14:41:09+00:00\" \/>\n<meta property=\"og:image\" content=\"https:\/\/www.meydan.tv\/wp-content\/uploads\/arastun.jpg\" \/>\n\t<meta property=\"og:image:width\" content=\"1500\" \/>\n\t<meta property=\"og:image:height\" content=\"844\" \/>\n\t<meta property=\"og:image:type\" content=\"image\/jpeg\" \/>\n<meta name=\"author\" content=\"mahmud\" \/>\n<meta name=\"twitter:card\" content=\"summary_large_image\" \/>\n<script type=\"application\/ld+json\" class=\"yoast-schema-graph\">{\"@context\":\"https:\\\/\\\/schema.org\",\"@graph\":[{\"@type\":\"Article\",\"@id\":\"https:\\\/\\\/www.meydan.tv\\\/az\\\/article\\\/erestun-oruclu-senedlerini-msk-ya-teqdim-ede-bilmir\\\/#article\",\"isPartOf\":{\"@id\":\"https:\\\/\\\/www.meydan.tv\\\/az\\\/article\\\/erestun-oruclu-senedlerini-msk-ya-teqdim-ede-bilmir\\\/\"},\"author\":{\"name\":\"mahmud\",\"@id\":\"https:\\\/\\\/www.meydan.tv\\\/az\\\/#\\\/schema\\\/person\\\/09863e516102a829e72bedcf3f84c6b0\"},\"headline\":\"\u018fr\u0259stun Oruclu s\u0259n\u0259dl\u0259rini MSK-ya t\u0259qdim ed\u0259 bilmir\",\"datePublished\":\"2023-12-29T14:41:06+00:00\",\"dateModified\":\"2023-12-29T14:41:09+00:00\",\"mainEntityOfPage\":{\"@id\":\"https:\\\/\\\/www.meydan.tv\\\/az\\\/article\\\/erestun-oruclu-senedlerini-msk-ya-teqdim-ede-bilmir\\\/\"},\"wordCount\":650,\"publisher\":{\"@id\":\"https:\\\/\\\/www.meydan.tv\\\/az\\\/#organization\"},\"image\":{\"@id\":\"https:\\\/\\\/www.meydan.tv\\\/az\\\/article\\\/erestun-oruclu-senedlerini-msk-ya-teqdim-ede-bilmir\\\/#primaryimage\"},\"thumbnailUrl\":\"https:\\\/\\\/www.meydan.tv\\\/wp-content\\\/uploads\\\/arastun.jpg\",\"articleSection\":[\"Se\u00e7ki 2024\",\"Siyas\u0259t\",\"X\u0259b\u0259rl\u0259r\"],\"inLanguage\":\"az\"},{\"@type\":\"WebPage\",\"@id\":\"https:\\\/\\\/www.meydan.tv\\\/az\\\/article\\\/erestun-oruclu-senedlerini-msk-ya-teqdim-ede-bilmir\\\/\",\"url\":\"https:\\\/\\\/www.meydan.tv\\\/az\\\/article\\\/erestun-oruclu-senedlerini-msk-ya-teqdim-ede-bilmir\\\/\",\"name\":\"\u018fr\u0259stun Oruclu s\u0259n\u0259dl\u0259rini MSK-ya t\u0259qdim ed\u0259 bilmir - MEYDAN.TV\",\"isPartOf\":{\"@id\":\"https:\\\/\\\/www.meydan.tv\\\/az\\\/#website\"},\"primaryImageOfPage\":{\"@id\":\"https:\\\/\\\/www.meydan.tv\\\/az\\\/article\\\/erestun-oruclu-senedlerini-msk-ya-teqdim-ede-bilmir\\\/#primaryimage\"},\"image\":{\"@id\":\"https:\\\/\\\/www.meydan.tv\\\/az\\\/article\\\/erestun-oruclu-senedlerini-msk-ya-teqdim-ede-bilmir\\\/#primaryimage\"},\"thumbnailUrl\":\"https:\\\/\\\/www.meydan.tv\\\/wp-content\\\/uploads\\\/arastun.jpg\",\"datePublished\":\"2023-12-29T14:41:06+00:00\",\"dateModified\":\"2023-12-29T14:41:09+00:00\",\"breadcrumb\":{\"@id\":\"https:\\\/\\\/www.meydan.tv\\\/az\\\/article\\\/erestun-oruclu-senedlerini-msk-ya-teqdim-ede-bilmir\\\/#breadcrumb\"},\"inLanguage\":\"az\",\"potentialAction\":[{\"@type\":\"ReadAction\",\"target\":[\"https:\\\/\\\/www.meydan.tv\\\/az\\\/article\\\/erestun-oruclu-senedlerini-msk-ya-teqdim-ede-bilmir\\\/\"]}]},{\"@type\":\"ImageObject\",\"inLanguage\":\"az\",\"@id\":\"https:\\\/\\\/www.meydan.tv\\\/az\\\/article\\\/erestun-oruclu-senedlerini-msk-ya-teqdim-ede-bilmir\\\/#primaryimage\",\"url\":\"https:\\\/\\\/www.meydan.tv\\\/wp-content\\\/uploads\\\/arastun.jpg\",\"contentUrl\":\"https:\\\/\\\/www.meydan.tv\\\/wp-content\\\/uploads\\\/arastun.jpg\",\"width\":1500,\"height\":844,\"caption\":\"\u018fr\u0259stun Oruclu. Foto: sosial \u015f\u0259b\u0259k\u0259\"},{\"@type\":\"BreadcrumbList\",\"@id\":\"https:\\\/\\\/www.meydan.tv\\\/az\\\/article\\\/erestun-oruclu-senedlerini-msk-ya-teqdim-ede-bilmir\\\/#breadcrumb\",\"itemListElement\":[{\"@type\":\"ListItem\",\"position\":1,\"name\":\"Ana s\u0259hif\u0259\",\"item\":\"https:\\\/\\\/www.meydan.tv\\\/az\\\/\"},{\"@type\":\"ListItem\",\"position\":2,\"name\":\"Se\u00e7ki 2024\",\"item\":\"https:\\\/\\\/www.meydan.tv\\\/az\\\/section\\\/sechki-2024\\\/\"},{\"@type\":\"ListItem\",\"position\":3,\"name\":\"\u018fr\u0259stun Oruclu s\u0259n\u0259dl\u0259rini MSK-ya t\u0259qdim ed\u0259 bilmir\"}]},{\"@type\":\"WebSite\",\"@id\":\"https:\\\/\\\/www.meydan.tv\\\/az\\\/#website\",\"url\":\"https:\\\/\\\/www.meydan.tv\\\/az\\\/\",\"name\":\"MEYDAN.TV\",\"description\":\"Meydan TV Az\u0259rbaycan\u0131n media m\u0259kan\u0131ndak\u0131 alternativ s\u0259sidir\",\"publisher\":{\"@id\":\"https:\\\/\\\/www.meydan.tv\\\/az\\\/#organization\"},\"potentialAction\":[{\"@type\":\"SearchAction\",\"target\":{\"@type\":\"EntryPoint\",\"urlTemplate\":\"https:\\\/\\\/www.meydan.tv\\\/az\\\/?s={search_term_string}\"},\"query-input\":{\"@type\":\"PropertyValueSpecification\",\"valueRequired\":true,\"valueName\":\"search_term_string\"}}],\"inLanguage\":\"az\"},{\"@type\":\"Organization\",\"@id\":\"https:\\\/\\\/www.meydan.tv\\\/az\\\/#organization\",\"name\":\"Meydan TV\",\"url\":\"https:\\\/\\\/www.meydan.tv\\\/az\\\/\",\"logo\":{\"@type\":\"ImageObject\",\"inLanguage\":\"az\",\"@id\":\"https:\\\/\\\/www.meydan.tv\\\/az\\\/#\\\/schema\\\/logo\\\/image\\\/\",\"url\":\"https:\\\/\\\/www.meydan.tv\\\/wp-content\\\/uploads\\\/2021\\\/07\\\/meydan-logo.svg\",\"contentUrl\":\"https:\\\/\\\/www.meydan.tv\\\/wp-content\\\/uploads\\\/2021\\\/07\\\/meydan-logo.svg\",\"width\":195,\"height\":46,\"caption\":\"Meydan TV\"},\"image\":{\"@id\":\"https:\\\/\\\/www.meydan.tv\\\/az\\\/#\\\/schema\\\/logo\\\/image\\\/\"}},{\"@type\":\"Person\",\"@id\":\"https:\\\/\\\/www.meydan.tv\\\/az\\\/#\\\/schema\\\/person\\\/09863e516102a829e72bedcf3f84c6b0\",\"name\":\"mahmud\"}]}<\/script>\n<!-- \/ Yoast SEO plugin. -->","yoast_head_json":{"title":"\u018fr\u0259stun Oruclu s\u0259n\u0259dl\u0259rini MSK-ya t\u0259qdim ed\u0259 bilmir - MEYDAN.TV","robots":{"index":"index","follow":"follow","max-snippet":"max-snippet:-1","max-image-preview":"max-image-preview:large","max-video-preview":"max-video-preview:-1"},"canonical":"https:\/\/www.meydan.tv\/az\/article\/erestun-oruclu-senedlerini-msk-ya-teqdim-ede-bilmir\/","og_locale":"az_AZ","og_type":"article","og_title":"\u018fr\u0259stun Oruclu s\u0259n\u0259dl\u0259rini MSK-ya t\u0259qdim ed\u0259 bilmir - MEYDAN.TV","og_description":"&#8220;Plan odur ki, m\u00fcxalif m\u00f6vqeli namiz\u0259d se\u00e7kiy\u0259 qat\u0131la bilm\u0259sin&#8221; Siyasi ... Davam\u0131","og_url":"https:\/\/www.meydan.tv\/az\/article\/erestun-oruclu-senedlerini-msk-ya-teqdim-ede-bilmir\/","og_site_name":"MEYDAN.TV","article_published_time":"2023-12-29T14:41:06+00:00","article_modified_time":"2023-12-29T14:41:09+00:00","og_image":[{"width":1500,"height":844,"url":"https:\/\/www.meydan.tv\/wp-content\/uploads\/arastun.jpg","type":"image\/jpeg"}],"author":"mahmud","twitter_card":"summary_large_image","schema":{"@context":"https:\/\/schema.org","@graph":[{"@type":"Article","@id":"https:\/\/www.meydan.tv\/az\/article\/erestun-oruclu-senedlerini-msk-ya-teqdim-ede-bilmir\/#article","isPartOf":{"@id":"https:\/\/www.meydan.tv\/az\/article\/erestun-oruclu-senedlerini-msk-ya-teqdim-ede-bilmir\/"},"author":{"name":"mahmud","@id":"https:\/\/www.meydan.tv\/az\/#\/schema\/person\/09863e516102a829e72bedcf3f84c6b0"},"headline":"\u018fr\u0259stun Oruclu s\u0259n\u0259dl\u0259rini MSK-ya t\u0259qdim ed\u0259 bilmir","datePublished":"2023-12-29T14:41:06+00:00","dateModified":"2023-12-29T14:41:09+00:00","mainEntityOfPage":{"@id":"https:\/\/www.meydan.tv\/az\/article\/erestun-oruclu-senedlerini-msk-ya-teqdim-ede-bilmir\/"},"wordCount":650,"publisher":{"@id":"https:\/\/www.meydan.tv\/az\/#organization"},"image":{"@id":"https:\/\/www.meydan.tv\/az\/article\/erestun-oruclu-senedlerini-msk-ya-teqdim-ede-bilmir\/#primaryimage"},"thumbnailUrl":"https:\/\/www.meydan.tv\/wp-content\/uploads\/arastun.jpg","articleSection":["Se\u00e7ki 2024","Siyas\u0259t","X\u0259b\u0259rl\u0259r"],"inLanguage":"az"},{"@type":"WebPage","@id":"https:\/\/www.meydan.tv\/az\/article\/erestun-oruclu-senedlerini-msk-ya-teqdim-ede-bilmir\/","url":"https:\/\/www.meydan.tv\/az\/article\/erestun-oruclu-senedlerini-msk-ya-teqdim-ede-bilmir\/","name":"\u018fr\u0259stun Oruclu s\u0259n\u0259dl\u0259rini MSK-ya t\u0259qdim ed\u0259 bilmir - MEYDAN.TV","isPartOf":{"@id":"https:\/\/www.meydan.tv\/az\/#website"},"primaryImageOfPage":{"@id":"https:\/\/www.meydan.tv\/az\/article\/erestun-oruclu-senedlerini-msk-ya-teqdim-ede-bilmir\/#primaryimage"},"image":{"@id":"https:\/\/www.meydan.tv\/az\/article\/erestun-oruclu-senedlerini-msk-ya-teqdim-ede-bilmir\/#primaryimage"},"thumbnailUrl":"https:\/\/www.meydan.tv\/wp-content\/uploads\/arastun.jpg","datePublished":"2023-12-29T14:41:06+00:00","dateModified":"2023-12-29T14:41:09+00:00","breadcrumb":{"@id":"https:\/\/www.meydan.tv\/az\/article\/erestun-oruclu-senedlerini-msk-ya-teqdim-ede-bilmir\/#breadcrumb"},"inLanguage":"az","potentialAction":[{"@type":"ReadAction","target":["https:\/\/www.meydan.tv\/az\/article\/erestun-oruclu-senedlerini-msk-ya-teqdim-ede-bilmir\/"]}]},{"@type":"ImageObject","inLanguage":"az","@id":"https:\/\/www.meydan.tv\/az\/article\/erestun-oruclu-senedlerini-msk-ya-teqdim-ede-bilmir\/#primaryimage","url":"https:\/\/www.meydan.tv\/wp-content\/uploads\/arastun.jpg","contentUrl":"https:\/\/www.meydan.tv\/wp-content\/uploads\/arastun.jpg","width":1500,"height":844,"caption":"\u018fr\u0259stun Oruclu. Foto: sosial \u015f\u0259b\u0259k\u0259"},{"@type":"BreadcrumbList","@id":"https:\/\/www.meydan.tv\/az\/article\/erestun-oruclu-senedlerini-msk-ya-teqdim-ede-bilmir\/#breadcrumb","itemListElement":[{"@type":"ListItem","position":1,"name":"Ana s\u0259hif\u0259","item":"https:\/\/www.meydan.tv\/az\/"},{"@type":"ListItem","position":2,"name":"Se\u00e7ki 2024","item":"https:\/\/www.meydan.tv\/az\/section\/sechki-2024\/"},{"@type":"ListItem","position":3,"name":"\u018fr\u0259stun Oruclu s\u0259n\u0259dl\u0259rini MSK-ya t\u0259qdim ed\u0259 bilmir"}]},{"@type":"WebSite","@id":"https:\/\/www.meydan.tv\/az\/#website","url":"https:\/\/www.meydan.tv\/az\/","name":"MEYDAN.TV","description":"Meydan TV Az\u0259rbaycan\u0131n media m\u0259kan\u0131ndak\u0131 alternativ s\u0259sidir","publisher":{"@id":"https:\/\/www.meydan.tv\/az\/#organization"},"potentialAction":[{"@type":"SearchAction","target":{"@type":"EntryPoint","urlTemplate":"https:\/\/www.meydan.tv\/az\/?s={search_term_string}"},"query-input":{"@type":"PropertyValueSpecification","valueRequired":true,"valueName":"search_term_string"}}],"inLanguage":"az"},{"@type":"Organization","@id":"https:\/\/www.meydan.tv\/az\/#organization","name":"Meydan TV","url":"https:\/\/www.meydan.tv\/az\/","logo":{"@type":"ImageObject","inLanguage":"az","@id":"https:\/\/www.meydan.tv\/az\/#\/schema\/logo\/image\/","url":"https:\/\/www.meydan.tv\/wp-content\/uploads\/2021\/07\/meydan-logo.svg","contentUrl":"https:\/\/www.meydan.tv\/wp-content\/uploads\/2021\/07\/meydan-logo.svg","width":195,"height":46,"caption":"Meydan TV"},"image":{"@id":"https:\/\/www.meydan.tv\/az\/#\/schema\/logo\/image\/"}},{"@type":"Person","@id":"https:\/\/www.meydan.tv\/az\/#\/schema\/person\/09863e516102a829e72bedcf3f84c6b0","name":"mahmud"}]}},"_links":{"self":[{"href":"https:\/\/www.meydan.tv\/az\/wp-json\/wp\/v2\/posts\/294446","targetHints":{"allow":["GET"]}}],"collection":[{"href":"https:\/\/www.meydan.tv\/az\/wp-json\/wp\/v2\/posts"}],"about":[{"href":"https:\/\/www.meydan.tv\/az\/wp-json\/wp\/v2\/types\/post"}],"author":[{"embeddable":true,"href":"https:\/\/www.meydan.tv\/az\/wp-json\/wp\/v2\/users\/21"}],"replies":[{"embeddable":true,"href":"https:\/\/www.meydan.tv\/az\/wp-json\/wp\/v2\/comments?post=294446"}],"version-history":[{"count":1,"href":"https:\/\/www.meydan.tv\/az\/wp-json\/wp\/v2\/posts\/294446\/revisions"}],"predecessor-version":[{"id":294447,"href":"https:\/\/www.meydan.tv\/az\/wp-json\/wp\/v2\/posts\/294446\/revisions\/294447"}],"wp:featuredmedia":[{"embeddable":true,"href":"https:\/\/www.meydan.tv\/az\/wp-json\/wp\/v2\/media\/293902"}],"wp:attachment":[{"href":"https:\/\/www.meydan.tv\/az\/wp-json\/wp\/v2\/media?parent=294446"}],"wp:term":[{"taxonomy":"category","embeddable":true,"href":"https:\/\/www.meydan.tv\/az\/wp-json\/wp\/v2\/categories?post=294446"},{"taxonomy":"post_tag","embeddable":true,"href":"https:\/\/www.meydan.tv\/az\/wp-json\/wp\/v2\/tags?post=294446"}],"curies":[{"name":"wp","href":"https:\/\/api.w.org\/{rel}","templated":true}]}}