{"id":294431,"date":"2023-12-29T16:56:39","date_gmt":"2023-12-29T12:56:39","guid":{"rendered":"https:\/\/www.meydan.tv\/?p=294431"},"modified":"2023-12-29T17:29:17","modified_gmt":"2023-12-29T13:29:17","slug":"prezidentliye-namized-olmaq-isteyen-sexs-problemle-uzlesib","status":"publish","type":"post","link":"https:\/\/www.meydan.tv\/az\/article\/prezidentliye-namized-olmaq-isteyen-sexs-problemle-uzlesib\/","title":{"rendered":"Prezidentliy\u0259 namiz\u0259d olmaq ist\u0259y\u0259n \u015f\u0259xs probleml\u0259 \u00fczl\u0259\u015fib"},"content":{"rendered":"\n<p><\/p>\n\n\n\n<p><strong><em>&#8220;MSK-n\u0131n qar\u015f\u0131s\u0131nda aksiya ke\u00e7ir\u0259c\u0259y\u0259m&#8230;&#8221;<\/em><\/strong><\/p>\n\n\n\n<p>Se\u00e7kid\u0259 namiz\u0259dliyini ir\u0259li s\u00fcrm\u0259k ist\u0259y\u0259n R\u0259\u015fad Dada\u015fov probleml\u0259 \u00fczl\u0259\u015fdiyini deyir.<\/p>\n\n\n\n<p>O iddia edir ki, M\u0259rk\u0259zi Se\u00e7ki Komissiyas\u0131 (MSK) onun s\u0259n\u0259dl\u0259rini q\u0259bul etm\u0259yib.<\/p>\n\n\n\n<p>Bu bar\u0259d\u0259 R\u0259\u015fad Dada\u015fov dekabr\u0131n 29-da Meydan TV-y\u0259 dan\u0131\u015f\u0131b.<\/p>\n\n\n\n<p>Onun s\u00f6zl\u0259rin\u0259 g\u00f6r\u0259, d\u0259f\u0259l\u0259rl\u0259 MSK-n\u0131n qar\u015f\u0131s\u0131na gets\u0259, komissiyan\u0131n m\u00fcvafiq qurumlar\u0131na m\u00fcraci\u0259t ets\u0259 d\u0259, onu yax\u0131na buraxm\u0131rlar:<\/p>\n\n\n\n<p>&#8220;<em>Dekabr\u0131n 22-d\u0259n m\u00fchafiz\u0259\u00e7il\u0259r h\u0259r d\u0259f\u0259 iclas\u0131n oldu\u011funu b\u0259han\u0259 edib m\u0259ni yola verirl\u0259r. T\u0259s\u0259vv\u00fcr edin ki, MSK-n\u0131n qar\u015f\u0131s\u0131na ayaq d\u00f6y\u00fcr\u0259m, h\u0259r g\u00fcn d\u0259 deyirl\u0259r ki, iclas gedir, q\u0259bul ed\u0259 bilmirik. &#8220;Qaynar x\u0259tt&#8221;\u0259 d\u0259 m\u00fcraci\u0259t etmi\u015f\u0259m, h\u0259l\u0259 d\u0259 g\u00f6r\u00fc\u015f \u00fc\u00e7\u00fcn cavab ala bilmir\u0259m. M\u0259g\u0259r iclas olan g\u00fcnl\u0259ri namiz\u0259d olmaq \u00fc\u00e7\u00fcn s\u0259n\u0259dl\u0259ri q\u0259bul etmirl\u0259r&#8221;.<\/em><\/p>\n\n\n\n<p>R\u0259\u015fad Dada\u015fov deyib ki, ondan sonra s\u0259n\u0259dl\u0259rini t\u0259qdim ed\u0259nl\u0259r h\u0259r hans\u0131 probleml\u0259 \u00fczl\u0259\u015fm\u0259yibl\u0259r:<\/p>\n\n\n\n<p><em>&#8220;H\u0259tta M\u0259zahir P\u0259nahova teleqram da g\u00f6nd\u0259rdim, amma cavab verm\u0259yib. Dekabr\u0131n 30-da MSK-n\u0131n qar\u015f\u0131s\u0131nda aksiya ke\u00e7ir\u0259c\u0259y\u0259m ki, namiz\u0259dlik s\u0259n\u0259dl\u0259rimi q\u0259bul etmirl\u0259r. M\u0259nd\u0259n sonra \u018fv\u0259z Temirxan v\u0259 Namiz\u0259d S\u0259f\u0259rov g\u0259lmi\u015fdil\u0259r, \u0259vv\u0259l problem yaratd\u0131lar, amma onlar mediaya \u00e7\u0131xd\u0131lar, bundan sonra s\u0259n\u0259dl\u0259rini q\u0259bul etdil\u0259r. Ancaq tarix\u00e7i Ulduz Quliyeva v\u0259 m\u0259nim s\u0259n\u0259dl\u0259rimi g\u00f6t\u00fcrm\u00fcrl\u0259r. Bizi adam yerin\u0259 qoyub qar\u015f\u0131m\u0131za da \u00e7\u0131xm\u0131rlar. Bir ne\u00e7\u0259 g\u00fcnd\u0259 g\u00f6rd\u00fckl\u0259rim m\u0259nd\u0259 bel\u0259 q\u0259na\u0259t yaratd\u0131 ki, Prezident Administrasiyas\u0131ndan g\u0259l\u0259nl\u0259ri qar\u015f\u0131lay\u0131rlar. G\u00fcman ki, m\u0259n v\u0259 Ulduz Quliyeva komissiyan\u0131n meyarlar\u0131na uy\u011fun g\u0259lmirik&#8221;.<\/em><\/p>\n\n\n\n<p>1983-c\u00fc ild\u0259 Bak\u0131da do\u011fulan R\u0259\u015fad Dada\u015fov ali t\u0259hsillidir.<\/p>\n\n\n\n<p>R.Dada\u015fovun \u015fikay\u0259ti il\u0259 ba\u011fl\u0131 MSK-n\u0131n m\u0259tbuat xidm\u0259tinin r\u0259hb\u0259ri \u015eahin \u018fs\u0259dli Meydan TV-nin sor\u011fusuna cavab verib.<\/p>\n\n\n\n<p>\u015eahin \u018fs\u0259dli bildirib ki, m\u0259s\u0259l\u0259ni ara\u015fd\u0131randan sonra m\u00fcnasib\u0259t bildir\u0259c\u0259kl\u0259r.<\/p>\n\n\n\n<p>2024-c\u00fc ilin fevral\u0131n 7-d\u0259 Az\u0259rbaycanda n\u00f6vb\u0259d\u0259nk\u0259nar Prezident se\u00e7kil\u0259ri ke\u00e7iril\u0259c\u0259k.<\/p>\n\n\n\n<p>\u0130lham \u018fliyev dekabr\u0131n 7-d\u0259 bununla ba\u011fl\u0131 s\u0259r\u0259ncam imzalay\u0131b.<\/p>\n\n\n\n<p>Bu g\u00fcn\u0259 q\u0259d\u0259r \u00f6lk\u0259 ba\u015f\u00e7\u0131s\u0131<a href=\"https:\/\/storage.googleapis.com\/qurium\/www.meydan.tv\/az-article-yap-namizedini-resmen-aciqladi.html\"> \u0130lham \u018fliyev,<\/a> B\u00f6y\u00fck Qurulu\u015f Partiyas\u0131n\u0131n ba\u015fqan\u0131 <a href=\"https:\/\/storage.googleapis.com\/qurium\/www.meydan.tv\/az-article-fazil-mustafa-da-prezidentliye-namized-olacaq.html\">Fazil Mustafa<\/a>, Sosial T\u0259dqiqatlar M\u0259rk\u0259zinin (STM) s\u0259dri, deputat <a href=\"https:\/\/storage.googleapis.com\/qurium\/www.meydan.tv\/az-article-zahid-oruc-da-prezidentliye-namized-olacaq.html\">Zahid Oruc<\/a>, B\u00f6y\u00fck Az\u0259rbaycan Partiyas\u0131n\u0131n s\u0259dri <a href=\"https:\/\/storage.googleapis.com\/qurium\/www.meydan.tv\/az-article-elsad-musayev-de-prezident-olmaq-isteyir.html\">El\u015fad Musayev, <\/a>B\u00fct\u00f6v Az\u0259rbaycan Xalq C\u0259bh\u0259si Partiyas\u0131n\u0131n s\u0259dri (BAXCP), deputat <a href=\"https:\/\/d9mc3ts4czbpr.cloudfront.net\/az\/article\/qudret-hesenquliyev-yene-namized-olacaq\/\">Q\u00fcdr\u0259t H\u0259s\u0259nquliyev<\/a>, Milli C\u0259bh\u0259 Partiyas\u0131n\u0131n s\u0259dri, deputat <a href=\"https:\/\/storage.googleapis.com\/qurium\/www.meydan.tv\/az-article-razi-nurullayev-de-namizedliyini-ireli-surub.html\">Razi Nurullayev<\/a>, <a href=\"https:\/\/d9mc3ts4czbpr.cloudfront.net\/az\/article\/fealiyyetini-dayandiran-partiyanin-sedri-prezidentliye-namized-olacaq\/\">Fuad \u018fliyev,<\/a> <a href=\"https:\/\/storage.googleapis.com\/qurium\/www.meydan.tv\/az-article-yunus-oguz-bu-seckide-de-namizedliyini-ireli-surur.html\">Yunus O\u011fuz<\/a>, S\u0259rvan K\u0259rimov, M\u0259tl\u0259b M\u00fct\u0259llimli, Abutal\u0131b S\u0259m\u0259dov, Fikr\u0259t Yusifov, Yusif Ba\u011f\u0131rzad\u0259, <a href=\"https:\/\/www.meydan.tv\/az\/article\/daha-8-neferin-namizedliyinin-ireli-surulmesi-tesdiqlenib\/\">Arzuman Abdulk\u0259rimov<\/a>, Qulamh\u00fcseyn \u018flib\u0259yli namiz\u0259dlikl\u0259rini ir\u0259li s\u00fcr\u00fcbl\u0259r.<\/p>\n\n\n\n<p><a href=\"https:\/\/storage.googleapis.com\/qurium\/www.meydan.tv\/az-article-axcp-de-seckide-istirak-etmeyecek.html\">AXCP, <\/a><a href=\"https:\/\/storage.googleapis.com\/qurium\/www.meydan.tv\/az-article-musavat-novbedenkenar-seckide-istirakdan-imtina-edib.html\">M\u00fcsavat<\/a> v\u0259 <a href=\"https:\/\/storage.googleapis.com\/qurium\/www.meydan.tv\/az-article-kxcp-de-seckide-istirak-etmeyecek.html\">Klassik Xalq C\u0259bh\u0259si<\/a> partiyalar\u0131 is\u0259 se\u00e7kini boykot ed\u0259c\u0259kl\u0259rini a\u00e7\u0131qlay\u0131blar.<\/p>\n\n\n\n<p>Az\u0259rbaycanda sonuncu d\u0259f\u0259 Prezident se\u00e7kil\u0259ri 2018-ci il aprelin 11-d\u0259 ke\u00e7irilib. H\u0259min se\u00e7kil\u0259r d\u0259 n\u00f6vb\u0259d\u0259nk\u0259nar olub.<\/p>\n\n\n\n<p>\u0130lham \u018fliyev 20 ildir ki, Prezident v\u0259zif\u0259sini icra edir.<\/p>\n","protected":false},"excerpt":{"rendered":"<p>&#8220;MSK-n\u0131n qar\u015f\u0131s\u0131nda aksiya ke\u00e7ir\u0259c\u0259y\u0259m&#8230;&#8221; Se\u00e7kid\u0259 namiz\u0259dliyini ir\u0259li s\u00fcrm\u0259k ist\u0259y\u0259n R\u0259\u015fad &#8230; <\/p>\n<p class=\"read-more-container\"><a title=\"Prezidentliy\u0259 namiz\u0259d olmaq ist\u0259y\u0259n \u015f\u0259xs probleml\u0259 \u00fczl\u0259\u015fib\" class=\"read-more button\" href=\"https:\/\/www.meydan.tv\/az\/article\/prezidentliye-namized-olmaq-isteyen-sexs-problemle-uzlesib\/#more-294431\" aria-label=\"Read more about Prezidentliy\u0259 namiz\u0259d olmaq ist\u0259y\u0259n \u015f\u0259xs probleml\u0259 \u00fczl\u0259\u015fib\">Davam\u0131<\/a><\/p>\n","protected":false},"author":8,"featured_media":294375,"comment_status":"closed","ping_status":"closed","sticky":false,"template":"","format":"standard","meta":{"_acf_changed":false,"_sitemap_exclude":false,"_sitemap_priority":"","_sitemap_frequency":"","footnotes":""},"categories":[129,59,56],"tags":[],"class_list":["post-294431","post","type-post","status-publish","format-standard","has-post-thumbnail","hentry","category-sechki-2024","category-siyaset","category-xeberler","infinite-scroll-item","generate-columns","tablet-grid-50","mobile-grid-100","grid-parent","grid-33","no-featured-image-padding"],"acf":[],"yoast_head":"<!-- This site is optimized with the Yoast SEO plugin v27.4 - https:\/\/yoast.com\/product\/yoast-seo-wordpress\/ -->\n<title>Prezidentliy\u0259 namiz\u0259d olmaq ist\u0259y\u0259n \u015f\u0259xs probleml\u0259 \u00fczl\u0259\u015fib - MEYDAN.TV<\/title>\n<meta name=\"robots\" content=\"index, follow, max-snippet:-1, max-image-preview:large, max-video-preview:-1\" \/>\n<link rel=\"canonical\" href=\"https:\/\/www.meydan.tv\/az\/article\/prezidentliye-namized-olmaq-isteyen-sexs-problemle-uzlesib\/\" \/>\n<meta property=\"og:locale\" content=\"az_AZ\" \/>\n<meta property=\"og:type\" content=\"article\" \/>\n<meta property=\"og:title\" content=\"Prezidentliy\u0259 namiz\u0259d olmaq ist\u0259y\u0259n \u015f\u0259xs probleml\u0259 \u00fczl\u0259\u015fib - MEYDAN.TV\" \/>\n<meta property=\"og:description\" content=\"&#8220;MSK-n\u0131n qar\u015f\u0131s\u0131nda aksiya ke\u00e7ir\u0259c\u0259y\u0259m&#8230;&#8221; Se\u00e7kid\u0259 namiz\u0259dliyini ir\u0259li s\u00fcrm\u0259k ist\u0259y\u0259n R\u0259\u015fad ... Davam\u0131\" \/>\n<meta property=\"og:url\" content=\"https:\/\/www.meydan.tv\/az\/article\/prezidentliye-namized-olmaq-isteyen-sexs-problemle-uzlesib\/\" \/>\n<meta property=\"og:site_name\" content=\"MEYDAN.TV\" \/>\n<meta property=\"article:published_time\" content=\"2023-12-29T12:56:39+00:00\" \/>\n<meta property=\"article:modified_time\" content=\"2023-12-29T13:29:17+00:00\" \/>\n<meta property=\"og:image\" content=\"https:\/\/www.meydan.tv\/wp-content\/uploads\/namized-e1703853526963.jpg\" \/>\n\t<meta property=\"og:image:width\" content=\"1920\" \/>\n\t<meta property=\"og:image:height\" content=\"736\" \/>\n\t<meta property=\"og:image:type\" content=\"image\/jpeg\" \/>\n<meta name=\"author\" content=\"elli\" \/>\n<meta name=\"twitter:card\" content=\"summary_large_image\" \/>\n<meta name=\"twitter:creator\" content=\"@elli\" \/>\n<script type=\"application\/ld+json\" class=\"yoast-schema-graph\">{\"@context\":\"https:\\\/\\\/schema.org\",\"@graph\":[{\"@type\":\"Article\",\"@id\":\"https:\\\/\\\/www.meydan.tv\\\/az\\\/article\\\/prezidentliye-namized-olmaq-isteyen-sexs-problemle-uzlesib\\\/#article\",\"isPartOf\":{\"@id\":\"https:\\\/\\\/www.meydan.tv\\\/az\\\/article\\\/prezidentliye-namized-olmaq-isteyen-sexs-problemle-uzlesib\\\/\"},\"author\":{\"name\":\"elli\",\"@id\":\"https:\\\/\\\/www.meydan.tv\\\/az\\\/#\\\/schema\\\/person\\\/9cdbecf90d17180ce1dfbd95b08dcf47\"},\"headline\":\"Prezidentliy\u0259 namiz\u0259d olmaq ist\u0259y\u0259n \u015f\u0259xs probleml\u0259 \u00fczl\u0259\u015fib\",\"datePublished\":\"2023-12-29T12:56:39+00:00\",\"dateModified\":\"2023-12-29T13:29:17+00:00\",\"mainEntityOfPage\":{\"@id\":\"https:\\\/\\\/www.meydan.tv\\\/az\\\/article\\\/prezidentliye-namized-olmaq-isteyen-sexs-problemle-uzlesib\\\/\"},\"wordCount\":644,\"publisher\":{\"@id\":\"https:\\\/\\\/www.meydan.tv\\\/az\\\/#organization\"},\"image\":{\"@id\":\"https:\\\/\\\/www.meydan.tv\\\/az\\\/article\\\/prezidentliye-namized-olmaq-isteyen-sexs-problemle-uzlesib\\\/#primaryimage\"},\"thumbnailUrl\":\"https:\\\/\\\/www.meydan.tv\\\/wp-content\\\/uploads\\\/namized-e1703853526963.jpg\",\"articleSection\":[\"Se\u00e7ki 2024\",\"Siyas\u0259t\",\"X\u0259b\u0259rl\u0259r\"],\"inLanguage\":\"az\"},{\"@type\":\"WebPage\",\"@id\":\"https:\\\/\\\/www.meydan.tv\\\/az\\\/article\\\/prezidentliye-namized-olmaq-isteyen-sexs-problemle-uzlesib\\\/\",\"url\":\"https:\\\/\\\/www.meydan.tv\\\/az\\\/article\\\/prezidentliye-namized-olmaq-isteyen-sexs-problemle-uzlesib\\\/\",\"name\":\"Prezidentliy\u0259 namiz\u0259d olmaq ist\u0259y\u0259n \u015f\u0259xs probleml\u0259 \u00fczl\u0259\u015fib - MEYDAN.TV\",\"isPartOf\":{\"@id\":\"https:\\\/\\\/www.meydan.tv\\\/az\\\/#website\"},\"primaryImageOfPage\":{\"@id\":\"https:\\\/\\\/www.meydan.tv\\\/az\\\/article\\\/prezidentliye-namized-olmaq-isteyen-sexs-problemle-uzlesib\\\/#primaryimage\"},\"image\":{\"@id\":\"https:\\\/\\\/www.meydan.tv\\\/az\\\/article\\\/prezidentliye-namized-olmaq-isteyen-sexs-problemle-uzlesib\\\/#primaryimage\"},\"thumbnailUrl\":\"https:\\\/\\\/www.meydan.tv\\\/wp-content\\\/uploads\\\/namized-e1703853526963.jpg\",\"datePublished\":\"2023-12-29T12:56:39+00:00\",\"dateModified\":\"2023-12-29T13:29:17+00:00\",\"breadcrumb\":{\"@id\":\"https:\\\/\\\/www.meydan.tv\\\/az\\\/article\\\/prezidentliye-namized-olmaq-isteyen-sexs-problemle-uzlesib\\\/#breadcrumb\"},\"inLanguage\":\"az\",\"potentialAction\":[{\"@type\":\"ReadAction\",\"target\":[\"https:\\\/\\\/www.meydan.tv\\\/az\\\/article\\\/prezidentliye-namized-olmaq-isteyen-sexs-problemle-uzlesib\\\/\"]}]},{\"@type\":\"ImageObject\",\"inLanguage\":\"az\",\"@id\":\"https:\\\/\\\/www.meydan.tv\\\/az\\\/article\\\/prezidentliye-namized-olmaq-isteyen-sexs-problemle-uzlesib\\\/#primaryimage\",\"url\":\"https:\\\/\\\/www.meydan.tv\\\/wp-content\\\/uploads\\\/namized-e1703853526963.jpg\",\"contentUrl\":\"https:\\\/\\\/www.meydan.tv\\\/wp-content\\\/uploads\\\/namized-e1703853526963.jpg\",\"width\":1920,\"height\":736,\"caption\":\"Foto: R\u0259\u015fad Dadaovun \u015f\u0259xsi arxivind\u0259n\"},{\"@type\":\"BreadcrumbList\",\"@id\":\"https:\\\/\\\/www.meydan.tv\\\/az\\\/article\\\/prezidentliye-namized-olmaq-isteyen-sexs-problemle-uzlesib\\\/#breadcrumb\",\"itemListElement\":[{\"@type\":\"ListItem\",\"position\":1,\"name\":\"Ana s\u0259hif\u0259\",\"item\":\"https:\\\/\\\/www.meydan.tv\\\/az\\\/\"},{\"@type\":\"ListItem\",\"position\":2,\"name\":\"Siyas\u0259t\",\"item\":\"https:\\\/\\\/www.meydan.tv\\\/az\\\/section\\\/siyaset\\\/\"},{\"@type\":\"ListItem\",\"position\":3,\"name\":\"Prezidentliy\u0259 namiz\u0259d olmaq ist\u0259y\u0259n \u015f\u0259xs probleml\u0259 \u00fczl\u0259\u015fib\"}]},{\"@type\":\"WebSite\",\"@id\":\"https:\\\/\\\/www.meydan.tv\\\/az\\\/#website\",\"url\":\"https:\\\/\\\/www.meydan.tv\\\/az\\\/\",\"name\":\"MEYDAN.TV\",\"description\":\"Meydan TV Az\u0259rbaycan\u0131n media m\u0259kan\u0131ndak\u0131 alternativ s\u0259sidir\",\"publisher\":{\"@id\":\"https:\\\/\\\/www.meydan.tv\\\/az\\\/#organization\"},\"potentialAction\":[{\"@type\":\"SearchAction\",\"target\":{\"@type\":\"EntryPoint\",\"urlTemplate\":\"https:\\\/\\\/www.meydan.tv\\\/az\\\/?s={search_term_string}\"},\"query-input\":{\"@type\":\"PropertyValueSpecification\",\"valueRequired\":true,\"valueName\":\"search_term_string\"}}],\"inLanguage\":\"az\"},{\"@type\":\"Organization\",\"@id\":\"https:\\\/\\\/www.meydan.tv\\\/az\\\/#organization\",\"name\":\"Meydan TV\",\"url\":\"https:\\\/\\\/www.meydan.tv\\\/az\\\/\",\"logo\":{\"@type\":\"ImageObject\",\"inLanguage\":\"az\",\"@id\":\"https:\\\/\\\/www.meydan.tv\\\/az\\\/#\\\/schema\\\/logo\\\/image\\\/\",\"url\":\"https:\\\/\\\/www.meydan.tv\\\/wp-content\\\/uploads\\\/2021\\\/07\\\/meydan-logo.svg\",\"contentUrl\":\"https:\\\/\\\/www.meydan.tv\\\/wp-content\\\/uploads\\\/2021\\\/07\\\/meydan-logo.svg\",\"width\":195,\"height\":46,\"caption\":\"Meydan TV\"},\"image\":{\"@id\":\"https:\\\/\\\/www.meydan.tv\\\/az\\\/#\\\/schema\\\/logo\\\/image\\\/\"}},{\"@type\":\"Person\",\"@id\":\"https:\\\/\\\/www.meydan.tv\\\/az\\\/#\\\/schema\\\/person\\\/9cdbecf90d17180ce1dfbd95b08dcf47\",\"name\":\"elli\",\"sameAs\":[\"https:\\\/\\\/x.com\\\/elli\"]}]}<\/script>\n<!-- \/ Yoast SEO plugin. -->","yoast_head_json":{"title":"Prezidentliy\u0259 namiz\u0259d olmaq ist\u0259y\u0259n \u015f\u0259xs probleml\u0259 \u00fczl\u0259\u015fib - MEYDAN.TV","robots":{"index":"index","follow":"follow","max-snippet":"max-snippet:-1","max-image-preview":"max-image-preview:large","max-video-preview":"max-video-preview:-1"},"canonical":"https:\/\/www.meydan.tv\/az\/article\/prezidentliye-namized-olmaq-isteyen-sexs-problemle-uzlesib\/","og_locale":"az_AZ","og_type":"article","og_title":"Prezidentliy\u0259 namiz\u0259d olmaq ist\u0259y\u0259n \u015f\u0259xs probleml\u0259 \u00fczl\u0259\u015fib - MEYDAN.TV","og_description":"&#8220;MSK-n\u0131n qar\u015f\u0131s\u0131nda aksiya ke\u00e7ir\u0259c\u0259y\u0259m&#8230;&#8221; Se\u00e7kid\u0259 namiz\u0259dliyini ir\u0259li s\u00fcrm\u0259k ist\u0259y\u0259n R\u0259\u015fad ... Davam\u0131","og_url":"https:\/\/www.meydan.tv\/az\/article\/prezidentliye-namized-olmaq-isteyen-sexs-problemle-uzlesib\/","og_site_name":"MEYDAN.TV","article_published_time":"2023-12-29T12:56:39+00:00","article_modified_time":"2023-12-29T13:29:17+00:00","og_image":[{"width":1920,"height":736,"url":"https:\/\/www.meydan.tv\/wp-content\/uploads\/namized-e1703853526963.jpg","type":"image\/jpeg"}],"author":"elli","twitter_card":"summary_large_image","twitter_creator":"@elli","schema":{"@context":"https:\/\/schema.org","@graph":[{"@type":"Article","@id":"https:\/\/www.meydan.tv\/az\/article\/prezidentliye-namized-olmaq-isteyen-sexs-problemle-uzlesib\/#article","isPartOf":{"@id":"https:\/\/www.meydan.tv\/az\/article\/prezidentliye-namized-olmaq-isteyen-sexs-problemle-uzlesib\/"},"author":{"name":"elli","@id":"https:\/\/www.meydan.tv\/az\/#\/schema\/person\/9cdbecf90d17180ce1dfbd95b08dcf47"},"headline":"Prezidentliy\u0259 namiz\u0259d olmaq ist\u0259y\u0259n \u015f\u0259xs probleml\u0259 \u00fczl\u0259\u015fib","datePublished":"2023-12-29T12:56:39+00:00","dateModified":"2023-12-29T13:29:17+00:00","mainEntityOfPage":{"@id":"https:\/\/www.meydan.tv\/az\/article\/prezidentliye-namized-olmaq-isteyen-sexs-problemle-uzlesib\/"},"wordCount":644,"publisher":{"@id":"https:\/\/www.meydan.tv\/az\/#organization"},"image":{"@id":"https:\/\/www.meydan.tv\/az\/article\/prezidentliye-namized-olmaq-isteyen-sexs-problemle-uzlesib\/#primaryimage"},"thumbnailUrl":"https:\/\/www.meydan.tv\/wp-content\/uploads\/namized-e1703853526963.jpg","articleSection":["Se\u00e7ki 2024","Siyas\u0259t","X\u0259b\u0259rl\u0259r"],"inLanguage":"az"},{"@type":"WebPage","@id":"https:\/\/www.meydan.tv\/az\/article\/prezidentliye-namized-olmaq-isteyen-sexs-problemle-uzlesib\/","url":"https:\/\/www.meydan.tv\/az\/article\/prezidentliye-namized-olmaq-isteyen-sexs-problemle-uzlesib\/","name":"Prezidentliy\u0259 namiz\u0259d olmaq ist\u0259y\u0259n \u015f\u0259xs probleml\u0259 \u00fczl\u0259\u015fib - MEYDAN.TV","isPartOf":{"@id":"https:\/\/www.meydan.tv\/az\/#website"},"primaryImageOfPage":{"@id":"https:\/\/www.meydan.tv\/az\/article\/prezidentliye-namized-olmaq-isteyen-sexs-problemle-uzlesib\/#primaryimage"},"image":{"@id":"https:\/\/www.meydan.tv\/az\/article\/prezidentliye-namized-olmaq-isteyen-sexs-problemle-uzlesib\/#primaryimage"},"thumbnailUrl":"https:\/\/www.meydan.tv\/wp-content\/uploads\/namized-e1703853526963.jpg","datePublished":"2023-12-29T12:56:39+00:00","dateModified":"2023-12-29T13:29:17+00:00","breadcrumb":{"@id":"https:\/\/www.meydan.tv\/az\/article\/prezidentliye-namized-olmaq-isteyen-sexs-problemle-uzlesib\/#breadcrumb"},"inLanguage":"az","potentialAction":[{"@type":"ReadAction","target":["https:\/\/www.meydan.tv\/az\/article\/prezidentliye-namized-olmaq-isteyen-sexs-problemle-uzlesib\/"]}]},{"@type":"ImageObject","inLanguage":"az","@id":"https:\/\/www.meydan.tv\/az\/article\/prezidentliye-namized-olmaq-isteyen-sexs-problemle-uzlesib\/#primaryimage","url":"https:\/\/www.meydan.tv\/wp-content\/uploads\/namized-e1703853526963.jpg","contentUrl":"https:\/\/www.meydan.tv\/wp-content\/uploads\/namized-e1703853526963.jpg","width":1920,"height":736,"caption":"Foto: R\u0259\u015fad Dadaovun \u015f\u0259xsi arxivind\u0259n"},{"@type":"BreadcrumbList","@id":"https:\/\/www.meydan.tv\/az\/article\/prezidentliye-namized-olmaq-isteyen-sexs-problemle-uzlesib\/#breadcrumb","itemListElement":[{"@type":"ListItem","position":1,"name":"Ana s\u0259hif\u0259","item":"https:\/\/www.meydan.tv\/az\/"},{"@type":"ListItem","position":2,"name":"Siyas\u0259t","item":"https:\/\/www.meydan.tv\/az\/section\/siyaset\/"},{"@type":"ListItem","position":3,"name":"Prezidentliy\u0259 namiz\u0259d olmaq ist\u0259y\u0259n \u015f\u0259xs probleml\u0259 \u00fczl\u0259\u015fib"}]},{"@type":"WebSite","@id":"https:\/\/www.meydan.tv\/az\/#website","url":"https:\/\/www.meydan.tv\/az\/","name":"MEYDAN.TV","description":"Meydan TV Az\u0259rbaycan\u0131n media m\u0259kan\u0131ndak\u0131 alternativ s\u0259sidir","publisher":{"@id":"https:\/\/www.meydan.tv\/az\/#organization"},"potentialAction":[{"@type":"SearchAction","target":{"@type":"EntryPoint","urlTemplate":"https:\/\/www.meydan.tv\/az\/?s={search_term_string}"},"query-input":{"@type":"PropertyValueSpecification","valueRequired":true,"valueName":"search_term_string"}}],"inLanguage":"az"},{"@type":"Organization","@id":"https:\/\/www.meydan.tv\/az\/#organization","name":"Meydan TV","url":"https:\/\/www.meydan.tv\/az\/","logo":{"@type":"ImageObject","inLanguage":"az","@id":"https:\/\/www.meydan.tv\/az\/#\/schema\/logo\/image\/","url":"https:\/\/www.meydan.tv\/wp-content\/uploads\/2021\/07\/meydan-logo.svg","contentUrl":"https:\/\/www.meydan.tv\/wp-content\/uploads\/2021\/07\/meydan-logo.svg","width":195,"height":46,"caption":"Meydan TV"},"image":{"@id":"https:\/\/www.meydan.tv\/az\/#\/schema\/logo\/image\/"}},{"@type":"Person","@id":"https:\/\/www.meydan.tv\/az\/#\/schema\/person\/9cdbecf90d17180ce1dfbd95b08dcf47","name":"elli","sameAs":["https:\/\/x.com\/elli"]}]}},"_links":{"self":[{"href":"https:\/\/www.meydan.tv\/az\/wp-json\/wp\/v2\/posts\/294431","targetHints":{"allow":["GET"]}}],"collection":[{"href":"https:\/\/www.meydan.tv\/az\/wp-json\/wp\/v2\/posts"}],"about":[{"href":"https:\/\/www.meydan.tv\/az\/wp-json\/wp\/v2\/types\/post"}],"author":[{"embeddable":true,"href":"https:\/\/www.meydan.tv\/az\/wp-json\/wp\/v2\/users\/8"}],"replies":[{"embeddable":true,"href":"https:\/\/www.meydan.tv\/az\/wp-json\/wp\/v2\/comments?post=294431"}],"version-history":[{"count":4,"href":"https:\/\/www.meydan.tv\/az\/wp-json\/wp\/v2\/posts\/294431\/revisions"}],"predecessor-version":[{"id":294438,"href":"https:\/\/www.meydan.tv\/az\/wp-json\/wp\/v2\/posts\/294431\/revisions\/294438"}],"wp:featuredmedia":[{"embeddable":true,"href":"https:\/\/www.meydan.tv\/az\/wp-json\/wp\/v2\/media\/294375"}],"wp:attachment":[{"href":"https:\/\/www.meydan.tv\/az\/wp-json\/wp\/v2\/media?parent=294431"}],"wp:term":[{"taxonomy":"category","embeddable":true,"href":"https:\/\/www.meydan.tv\/az\/wp-json\/wp\/v2\/categories?post=294431"},{"taxonomy":"post_tag","embeddable":true,"href":"https:\/\/www.meydan.tv\/az\/wp-json\/wp\/v2\/tags?post=294431"}],"curies":[{"name":"wp","href":"https:\/\/api.w.org\/{rel}","templated":true}]}}