{"id":294429,"date":"2023-12-29T16:46:44","date_gmt":"2023-12-29T12:46:44","guid":{"rendered":"https:\/\/www.meydan.tv\/?p=294429"},"modified":"2023-12-29T17:37:27","modified_gmt":"2023-12-29T13:37:27","slug":"atet-iki-hefte-sonra-azerbaycandaki-seckilerle-bagli-araliq-hesabat-yayacaq","status":"publish","type":"post","link":"https:\/\/www.meydan.tv\/az\/article\/atet-iki-hefte-sonra-azerbaycandaki-seckilerle-bagli-araliq-hesabat-yayacaq\/","title":{"rendered":"AT\u018fT DT\u0130HB iki h\u0259ft\u0259 sonra Az\u0259rbaycandak\u0131 se\u00e7kil\u0259rl\u0259 ba\u011fl\u0131 aral\u0131q hesabat yayacaq"},"content":{"rendered":"\n<figure class=\"wp-block-embed is-type-video is-provider-youtube wp-block-embed-youtube wp-embed-aspect-4-3 wp-has-aspect-ratio\"><div class=\"wp-block-embed__wrapper\">\n<iframe title=\"AT\u018fT t\u0259msil\u00e7isi Meydan TV-nin sual\u0131n\u0131 cavablad\u0131\" width=\"1200\" height=\"900\" data-src=\"https:\/\/www.youtube.com\/embed\/YlpwD9wMQPs?feature=oembed\" frameborder=\"0\" allow=\"accelerometer; autoplay; clipboard-write; encrypted-media; gyroscope; picture-in-picture; web-share\" allowfullscreen src=\"data:image\/svg+xml;base64,PHN2ZyB3aWR0aD0iMSIgaGVpZ2h0PSIxIiB4bWxucz0iaHR0cDovL3d3dy53My5vcmcvMjAwMC9zdmciPjwvc3ZnPg==\" class=\"lazyload\" data-load-mode=\"1\"><\/iframe>\n<\/div><\/figure>\n\n\n\n<p><strong><em>M\u00fc\u015fahid\u0259 Missiyas\u0131n\u0131n r\u0259hb\u0259ri maraql\u0131 t\u0259r\u0259fl\u0259rl\u0259 g\u00f6r\u00fc\u015f\u0259c\u0259kl\u0259rini deyib<\/em><\/strong><\/p>\n\n\n\n<p>AT\u018fT-in Demokratik T\u0259sisatlar v\u0259 \u0130nsan H\u00fcquqlar\u0131 B\u00fcrosu fevral\u0131n 7-d\u0259 n\u00f6vb\u0259d\u0259nk\u0259nar Prezident se\u00e7kil\u0259rind\u0259 m\u00fc\u015fahid\u0259\u00e7i missiyas\u0131n\u0131n f\u0259aliyy\u0259t\u0259 ba\u015flad\u0131\u011f\u0131n\u0131 elan edib.<\/p>\n\n\n\n<p>Bu bar\u0259d\u0259 dekabr\u0131n 29-da M\u00fc\u015fahid\u0259 Missiyas\u0131n\u0131n r\u0259hb\u0259ri Ouen M\u00f6rfi (\u0130rlandiya) ke\u00e7irdiyi m\u0259tbuat konfrans\u0131nda m\u0259lumat verib.<\/p>\n\n\n\n<p>O bildirib ki, 8 h\u0259ft\u0259 \u0259rzind\u0259 se\u00e7ki kampaniyas\u0131n\u0131n, s\u0259sverm\u0259nin v\u0259 se\u00e7kil\u0259rin yekunla\u015fd\u0131r\u0131lmas\u0131 prosesinin monitorinqini aparacaqlar.<\/p>\n\n\n\n<p>&#8220;<em>Missiya 11 beyn\u0259lxalq ekspertd\u0259n ibar\u0259tdir. Bundan \u0259lav\u0259, se\u00e7ki kampaniyas\u0131 v\u0259 se\u00e7kil\u0259rin monitorinqini 26 uzunm\u00fcdd\u0259tli m\u00fc\u015fahid\u0259\u00e7i h\u0259yata ke\u00e7ir\u0259c\u0259k. H\u0259min qrup yanvar\u0131n 3-d\u0259 g\u0259l\u0259c\u0259k, paytaxt da daxil olmaqla, Az\u0259rbaycan\u0131n b\u00fct\u00fcn regionlar\u0131n\u0131 \u0259hat\u0259 ed\u0259c\u0259kl\u0259r. Regionlara 2 uzunm\u00fcdd\u0259tli m\u00fc\u015fahid\u0259\u00e7i g\u00f6nd\u0259ril\u0259c\u0259k&#8221;, &#8211;<\/em> dey\u0259 M\u00f6rfi \u0259lav\u0259 edib.<\/p>\n\n\n\n<p>Missiyan\u0131n r\u0259hb\u0259ri deyib ki, Demokratik T\u0259sisatlar v\u0259 \u0130nsan H\u00fcquqlar\u0131 B\u00fcrosu AT\u018fT-\u0259 \u00fczv \u00f6lk\u0259l\u0259r\u0259 birba\u015fa se\u00e7ki g\u00fcn\u00fc monitorinq \u00fc\u00e7\u00fcn daha 280 q\u0131sam\u00fcdd\u0259tli m\u00fc\u015fahid\u0259\u00e7inin g\u00f6nd\u0259rilm\u0259si \u00fc\u00e7\u00fcn m\u00fcraci\u0259t edib:<\/p>\n\n\n\n<p>&#8220;<em>Missiya se\u00e7ki qanunvericiliyinin praktikada t\u0259tbiqi, se\u00e7ki administrasiyalar\u0131 \u00fczvl\u0259rinin haz\u0131rlanmas\u0131 v\u0259 t\u0259limi, namiz\u0259dl\u0259rin qeydiyyat\u0131, se\u00e7ki kampaniyas\u0131n\u0131n gedi\u015fi, media m\u00fchiti, se\u00e7kil\u0259rin K\u0130V-d\u0259 i\u015f\u0131qland\u0131r\u0131lmas\u0131, qad\u0131nlar\u0131n se\u00e7kil\u0259rd\u0259 i\u015ftirak\u0131n\u0131n monitorinqini aparacaq. Aral\u0131q hesabat se\u00e7kid\u0259n iki h\u0259ft\u0259 \u0259vv\u0259l a\u00e7\u0131qlanacaq. S\u0259sverm\u0259nin s\u0259h\u0259risi g\u00fcn\u00fc ilkin hesabat\u0131 a\u00e7\u0131qlayaca\u011f\u0131q. T\u00f6vsiy\u0259l\u0259rin yer ald\u0131\u011f\u0131 yekun hesabat is\u0259 se\u00e7kid\u0259n bir ne\u00e7\u0259 ay sonra yay\u0131lacaq&#8221;.<\/em><\/p>\n\n\n\n<p><em>&#8220;Bizi se\u00e7kil\u0259rin n\u0259tic\u0259l\u0259ri&nbsp; maraqland\u0131rm\u0131r, biz se\u00e7ki prosesini AT\u018fT standartlar\u0131na v\u0259 beyn\u0259lxalq \u00f6hd\u0259likl\u0259r\u0259 uy\u011funlu\u011fu bax\u0131m\u0131ndan qiym\u0259tl\u0259ndiririk&#8221;<\/em>, &#8211; Ouen bel\u0259 deyib.<\/p>\n\n\n\n<p>O, Meydan TV-in &#8220;<em>\u0130ndiki repressiyalar, 10 jurnalistin h\u0259bsi \u015f\u0259raitind\u0259 demokratik se\u00e7kil\u0259rin ke\u00e7irilm\u0259sinin m\u00fcmk\u00fcnl\u00fcy\u00fcn\u00fc nec\u0259 g\u00f6r\u00fcr\u00fcs\u00fcn\u00fcz? M\u0259s\u0259l\u0259n, AXCP s\u0259dri \u018fli K\u0259rimli 254 siyasi m\u0259hbusun oldu\u011funu bildirib&#8230;&#8221; <\/em>sual\u0131na konkret cavab verm\u0259yib:<\/p>\n\n\n\n<p>&#8220;<em>M\u00fc\u015fahid\u0259 missiyam\u0131za d\u00fcn\u0259n ba\u015flam\u0131\u015f\u0131q v\u0259 bu prosesd\u0259 b\u00fct\u00fcn maraql\u0131 t\u0259r\u0259fl\u0259rl\u0259 g\u00f6r\u00fc\u015f\u0259c\u0259yik. O c\u00fcml\u0259d\u0259n, potensial namiz\u0259dl\u0259rl\u0259, media t\u0259\u015fkilatlar\u0131 il\u0259 d\u0259. Bir ne\u00e7\u0259 h\u0259ft\u0259 d\u0259rc olunan Ehtiyaclar\u0131n Qiym\u0259tl\u0259ndirilm\u0259si Hesabat\u0131nda m\u00f6vcud v\u0259ziyy\u0259tin m\u0259nz\u0259r\u0259si \u00f6z \u0259ksini tap\u0131b. Bundan \u0259lav\u0259, media monitorinq f\u0259aliyy\u0259timiz i\u015f\u0259 ba\u015flayacaq, onlar da \u00f6z q\u0259na\u0259tl\u0259rini b\u00f6l\u00fc\u015f\u0259c\u0259kl\u0259r. Haz\u0131rda q\u0259ti n\u0259s\u0259 s\u00f6yl\u0259m\u0259k \u00e7\u0259tindir&#8221;.<\/em><\/p>\n\n\n\n<p>&#8220;Turan&#8221;\u0131n \u201c<em>\u018fvv\u0259lki prezident se\u00e7kil\u0259rind\u0259n sonra AT\u018fT Demokratik T\u0259sisatlar v\u0259 \u0130nsan H\u00fcquqlar\u0131 B\u00fcrosu&nbsp; missiyas\u0131n\u0131n t\u00f6vsiy\u0259l\u0259rinin yerin\u0259 yetirilm\u0259sind\u0259 ir\u0259lil\u0259yi\u015f varm\u0131 v\u0259 bu, haz\u0131rk\u0131 kampaniyan\u0131n qiym\u0259tl\u0259ndirilm\u0259sind\u0259 n\u0259 d\u0259r\u0259c\u0259d\u0259 n\u0259z\u0259r\u0259 al\u0131nacaq?\u201d<\/em> sual\u0131n\u0131n cavab\u0131nda Ouen deyib ki, aral\u0131q hesabatda t\u00f6vsiy\u0259l\u0259rin icras\u0131 il\u0259 ba\u011fl\u0131 qiym\u0259tl\u0259ndirm\u0259 d\u0259 olacaq.<\/p>\n\n\n\n<p>2018-ci il n\u00f6vb\u0259d\u0259nk\u0259nar Prezident se\u00e7kil\u0259rinin yekun hesabat\u0131nda qeyd olunub ki, se\u00e7ki komissiyalar\u0131n\u0131n t\u0259yin edilm\u0259si formulu praktikada se\u00e7kil\u0259rin q\u0259r\u0259zsiz idar\u0259 olunmas\u0131n\u0131 n\u0259z\u0259rd\u0259 tutmur.<\/p>\n\n\n\n<p>Bununla \u0259laq\u0259dar, se\u00e7ki komissiyalar\u0131n\u0131n q\u0259r\u0259zsizliyini v\u0259 ictimaiyy\u0259tin onlar\u0131n i\u015fin\u0259 inam\u0131n\u0131 art\u0131rmaq \u00fc\u00e7\u00fcn onlar\u0131n t\u0259rkibin\u0259 yenid\u0259n bax\u0131lmas\u0131 t\u00f6vsiy\u0259 edilib.<\/p>\n\n\n\n<p>Prioritet t\u00f6vsiy\u0259l\u0259r aras\u0131nda diffamasiya v\u0259 b\u00f6htan\u0131n, o c\u00fcml\u0259d\u0259n onlayn-kontentd\u0259, dekriminalla\u015fd\u0131r\u0131lmas\u0131 t\u0259klif edilib.<\/p>\n\n\n\n<p>2024-c\u00fc ilin fevral\u0131n 7-d\u0259 Az\u0259rbaycanda n\u00f6vb\u0259d\u0259nk\u0259nar Prezident se\u00e7kil\u0259ri ke\u00e7iril\u0259c\u0259k.<\/p>\n\n\n\n<p>\u0130lham \u018fliyev dekabr\u0131n 7-d\u0259 bununla ba\u011fl\u0131 s\u0259r\u0259ncam imzalay\u0131b.<\/p>\n\n\n\n<p>Bu g\u00fcn\u0259 q\u0259d\u0259r \u00f6lk\u0259 ba\u015f\u00e7\u0131s\u0131 <a href=\"https:\/\/storage.googleapis.com\/qurium\/www.meydan.tv\/az-article-yap-namizedini-resmen-aciqladi.html\">\u0130lham \u018fliyev<\/a>, B\u00f6y\u00fck Qurulu\u015f Partiyas\u0131n\u0131n ba\u015fqan\u0131<a href=\"https:\/\/storage.googleapis.com\/qurium\/www.meydan.tv\/az-article-fazil-mustafa-da-prezidentliye-namized-olacaq.html\"> Fazil Mustafa,<\/a> Sosial T\u0259dqiqatlar M\u0259rk\u0259zinin (STM) s\u0259dri, deputat <a href=\"https:\/\/storage.googleapis.com\/qurium\/www.meydan.tv\/az-article-zahid-oruc-da-prezidentliye-namized-olacaq.html\">Zahid Oruc<\/a>, B\u00f6y\u00fck Az\u0259rbaycan Partiyas\u0131n\u0131n s\u0259dri <a href=\"https:\/\/storage.googleapis.com\/qurium\/www.meydan.tv\/az-article-elsad-musayev-de-prezident-olmaq-isteyir.html\">El\u015fad Musayev,<\/a> B\u00fct\u00f6v Az\u0259rbaycan Xalq C\u0259bh\u0259si Partiyas\u0131n\u0131n s\u0259dri (BAXCP), deputat <a href=\"https:\/\/d9mc3ts4czbpr.cloudfront.net\/az\/article\/qudret-hesenquliyev-yene-namized-olacaq\/\">Q\u00fcdr\u0259t H\u0259s\u0259nquliyev,<\/a> Milli C\u0259bh\u0259 Partiyas\u0131n\u0131n s\u0259dri, deputat <a href=\"https:\/\/storage.googleapis.com\/qurium\/www.meydan.tv\/az-article-razi-nurullayev-de-namizedliyini-ireli-surub.html\">Razi Nurullayev<\/a>, <a href=\"https:\/\/d9mc3ts4czbpr.cloudfront.net\/az\/article\/fealiyyetini-dayandiran-partiyanin-sedri-prezidentliye-namized-olacaq\/\">Fuad \u018fliyev,<\/a> S\u0259rvan K\u0259rimov, M\u0259tl\u0259b M\u00fct\u0259llimli, Abutal\u0131b S\u0259m\u0259dov, Fikr\u0259t Yusifov, Yusif Ba\u011f\u0131rzad\u0259, <a href=\"https:\/\/www.meydan.tv\/az\/article\/daha-8-neferin-namizedliyinin-ireli-surulmesi-tesdiqlenib\/\">Arzuman Abdulk\u0259rimov<\/a>, <a href=\"https:\/\/storage.googleapis.com\/qurium\/www.meydan.tv\/az-article-yunus-oguz-bu-seckide-de-namizedliyini-ireli-surur.html\">Yunus O\u011fuz<\/a>, Qulamh\u00fcseyn \u018flib\u0259yli namiz\u0259dlikl\u0259rini ir\u0259li s\u00fcr\u00fcbl\u0259r.<\/p>\n\n\n\n<p><a href=\"https:\/\/storage.googleapis.com\/qurium\/www.meydan.tv\/az-article-axcp-de-seckide-istirak-etmeyecek.html\">AXCP,<\/a> <a href=\"https:\/\/storage.googleapis.com\/qurium\/www.meydan.tv\/az-article-musavat-novbedenkenar-seckide-istirakdan-imtina-edib.html\">M\u00fcsavat<\/a> v\u0259 <a href=\"https:\/\/storage.googleapis.com\/qurium\/www.meydan.tv\/az-article-kxcp-de-seckide-istirak-etmeyecek.html\">Klassik Xalq C\u0259bh\u0259si<\/a> partiyalar\u0131 is\u0259 se\u00e7kini boykot ed\u0259c\u0259kl\u0259rini a\u00e7\u0131qlay\u0131blar.<\/p>\n\n\n\n<p>Az\u0259rbaycanda sonuncu d\u0259f\u0259 Prezident se\u00e7kil\u0259ri 2018-ci il aprelin 11-d\u0259 ke\u00e7irilib. H\u0259min se\u00e7kil\u0259r d\u0259 n\u00f6vb\u0259d\u0259nk\u0259nar olub.<\/p>\n\n\n\n<p>\u0130lham \u018fliyev 20 ildir ki, Prezident v\u0259zif\u0259sini icra edir.<\/p>\n","protected":false},"excerpt":{"rendered":"<p>M\u00fc\u015fahid\u0259 Missiyas\u0131n\u0131n r\u0259hb\u0259ri maraql\u0131 t\u0259r\u0259fl\u0259rl\u0259 g\u00f6r\u00fc\u015f\u0259c\u0259kl\u0259rini deyib AT\u018fT-in Demokratik T\u0259sisatlar &#8230; <\/p>\n<p class=\"read-more-container\"><a title=\"AT\u018fT DT\u0130HB iki h\u0259ft\u0259 sonra Az\u0259rbaycandak\u0131 se\u00e7kil\u0259rl\u0259 ba\u011fl\u0131 aral\u0131q hesabat yayacaq\" class=\"read-more button\" href=\"https:\/\/www.meydan.tv\/az\/article\/atet-iki-hefte-sonra-azerbaycandaki-seckilerle-bagli-araliq-hesabat-yayacaq\/#more-294429\" aria-label=\"Read more about AT\u018fT DT\u0130HB iki h\u0259ft\u0259 sonra Az\u0259rbaycandak\u0131 se\u00e7kil\u0259rl\u0259 ba\u011fl\u0131 aral\u0131q hesabat yayacaq\">Davam\u0131<\/a><\/p>\n","protected":false},"author":8,"featured_media":294372,"comment_status":"closed","ping_status":"closed","sticky":false,"template":"","format":"standard","meta":{"_acf_changed":false,"_sitemap_exclude":false,"_sitemap_priority":"","_sitemap_frequency":"","footnotes":""},"categories":[129,59,63,56],"tags":[],"class_list":["post-294429","post","type-post","status-publish","format-standard","has-post-thumbnail","hentry","category-sechki-2024","category-siyaset","category-video-2","category-xeberler","infinite-scroll-item","generate-columns","tablet-grid-50","mobile-grid-100","grid-parent","grid-33","no-featured-image-padding"],"acf":[],"yoast_head":"<!-- This site is optimized with the Yoast SEO plugin v27.4 - https:\/\/yoast.com\/product\/yoast-seo-wordpress\/ -->\n<title>AT\u018fT DT\u0130HB iki h\u0259ft\u0259 sonra Az\u0259rbaycandak\u0131 se\u00e7kil\u0259rl\u0259 ba\u011fl\u0131 aral\u0131q hesabat yayacaq - MEYDAN.TV<\/title>\n<meta name=\"robots\" content=\"index, follow, max-snippet:-1, max-image-preview:large, max-video-preview:-1\" \/>\n<link rel=\"canonical\" href=\"https:\/\/www.meydan.tv\/az\/article\/atet-iki-hefte-sonra-azerbaycandaki-seckilerle-bagli-araliq-hesabat-yayacaq\/\" \/>\n<meta property=\"og:locale\" content=\"az_AZ\" \/>\n<meta property=\"og:type\" content=\"article\" \/>\n<meta property=\"og:title\" content=\"AT\u018fT DT\u0130HB iki h\u0259ft\u0259 sonra Az\u0259rbaycandak\u0131 se\u00e7kil\u0259rl\u0259 ba\u011fl\u0131 aral\u0131q hesabat yayacaq - MEYDAN.TV\" \/>\n<meta property=\"og:description\" content=\"M\u00fc\u015fahid\u0259 Missiyas\u0131n\u0131n r\u0259hb\u0259ri maraql\u0131 t\u0259r\u0259fl\u0259rl\u0259 g\u00f6r\u00fc\u015f\u0259c\u0259kl\u0259rini deyib AT\u018fT-in Demokratik T\u0259sisatlar ... Davam\u0131\" \/>\n<meta property=\"og:url\" content=\"https:\/\/www.meydan.tv\/az\/article\/atet-iki-hefte-sonra-azerbaycandaki-seckilerle-bagli-araliq-hesabat-yayacaq\/\" \/>\n<meta property=\"og:site_name\" content=\"MEYDAN.TV\" \/>\n<meta property=\"article:published_time\" content=\"2023-12-29T12:46:44+00:00\" \/>\n<meta property=\"article:modified_time\" content=\"2023-12-29T13:37:27+00:00\" \/>\n<meta property=\"og:image\" content=\"https:\/\/www.meydan.tv\/wp-content\/uploads\/img_3173.jpg\" \/>\n\t<meta property=\"og:image:width\" content=\"1200\" \/>\n\t<meta property=\"og:image:height\" content=\"900\" \/>\n\t<meta property=\"og:image:type\" content=\"image\/jpeg\" \/>\n<meta name=\"author\" content=\"elli\" \/>\n<meta name=\"twitter:card\" content=\"summary_large_image\" \/>\n<meta name=\"twitter:creator\" content=\"@elli\" \/>\n<script type=\"application\/ld+json\" class=\"yoast-schema-graph\">{\"@context\":\"https:\\\/\\\/schema.org\",\"@graph\":[{\"@type\":\"Article\",\"@id\":\"https:\\\/\\\/www.meydan.tv\\\/az\\\/article\\\/atet-iki-hefte-sonra-azerbaycandaki-seckilerle-bagli-araliq-hesabat-yayacaq\\\/#article\",\"isPartOf\":{\"@id\":\"https:\\\/\\\/www.meydan.tv\\\/az\\\/article\\\/atet-iki-hefte-sonra-azerbaycandaki-seckilerle-bagli-araliq-hesabat-yayacaq\\\/\"},\"author\":{\"name\":\"elli\",\"@id\":\"https:\\\/\\\/www.meydan.tv\\\/az\\\/#\\\/schema\\\/person\\\/9cdbecf90d17180ce1dfbd95b08dcf47\"},\"headline\":\"AT\u018fT DT\u0130HB iki h\u0259ft\u0259 sonra Az\u0259rbaycandak\u0131 se\u00e7kil\u0259rl\u0259 ba\u011fl\u0131 aral\u0131q hesabat yayacaq\",\"datePublished\":\"2023-12-29T12:46:44+00:00\",\"dateModified\":\"2023-12-29T13:37:27+00:00\",\"mainEntityOfPage\":{\"@id\":\"https:\\\/\\\/www.meydan.tv\\\/az\\\/article\\\/atet-iki-hefte-sonra-azerbaycandaki-seckilerle-bagli-araliq-hesabat-yayacaq\\\/\"},\"wordCount\":931,\"publisher\":{\"@id\":\"https:\\\/\\\/www.meydan.tv\\\/az\\\/#organization\"},\"image\":{\"@id\":\"https:\\\/\\\/www.meydan.tv\\\/az\\\/article\\\/atet-iki-hefte-sonra-azerbaycandaki-seckilerle-bagli-araliq-hesabat-yayacaq\\\/#primaryimage\"},\"thumbnailUrl\":\"https:\\\/\\\/www.meydan.tv\\\/wp-content\\\/uploads\\\/img_3173.jpg\",\"articleSection\":[\"Se\u00e7ki 2024\",\"Siyas\u0259t\",\"Video\",\"X\u0259b\u0259rl\u0259r\"],\"inLanguage\":\"az\"},{\"@type\":\"WebPage\",\"@id\":\"https:\\\/\\\/www.meydan.tv\\\/az\\\/article\\\/atet-iki-hefte-sonra-azerbaycandaki-seckilerle-bagli-araliq-hesabat-yayacaq\\\/\",\"url\":\"https:\\\/\\\/www.meydan.tv\\\/az\\\/article\\\/atet-iki-hefte-sonra-azerbaycandaki-seckilerle-bagli-araliq-hesabat-yayacaq\\\/\",\"name\":\"AT\u018fT DT\u0130HB iki h\u0259ft\u0259 sonra Az\u0259rbaycandak\u0131 se\u00e7kil\u0259rl\u0259 ba\u011fl\u0131 aral\u0131q hesabat yayacaq - MEYDAN.TV\",\"isPartOf\":{\"@id\":\"https:\\\/\\\/www.meydan.tv\\\/az\\\/#website\"},\"primaryImageOfPage\":{\"@id\":\"https:\\\/\\\/www.meydan.tv\\\/az\\\/article\\\/atet-iki-hefte-sonra-azerbaycandaki-seckilerle-bagli-araliq-hesabat-yayacaq\\\/#primaryimage\"},\"image\":{\"@id\":\"https:\\\/\\\/www.meydan.tv\\\/az\\\/article\\\/atet-iki-hefte-sonra-azerbaycandaki-seckilerle-bagli-araliq-hesabat-yayacaq\\\/#primaryimage\"},\"thumbnailUrl\":\"https:\\\/\\\/www.meydan.tv\\\/wp-content\\\/uploads\\\/img_3173.jpg\",\"datePublished\":\"2023-12-29T12:46:44+00:00\",\"dateModified\":\"2023-12-29T13:37:27+00:00\",\"breadcrumb\":{\"@id\":\"https:\\\/\\\/www.meydan.tv\\\/az\\\/article\\\/atet-iki-hefte-sonra-azerbaycandaki-seckilerle-bagli-araliq-hesabat-yayacaq\\\/#breadcrumb\"},\"inLanguage\":\"az\",\"potentialAction\":[{\"@type\":\"ReadAction\",\"target\":[\"https:\\\/\\\/www.meydan.tv\\\/az\\\/article\\\/atet-iki-hefte-sonra-azerbaycandaki-seckilerle-bagli-araliq-hesabat-yayacaq\\\/\"]}]},{\"@type\":\"ImageObject\",\"inLanguage\":\"az\",\"@id\":\"https:\\\/\\\/www.meydan.tv\\\/az\\\/article\\\/atet-iki-hefte-sonra-azerbaycandaki-seckilerle-bagli-araliq-hesabat-yayacaq\\\/#primaryimage\",\"url\":\"https:\\\/\\\/www.meydan.tv\\\/wp-content\\\/uploads\\\/img_3173.jpg\",\"contentUrl\":\"https:\\\/\\\/www.meydan.tv\\\/wp-content\\\/uploads\\\/img_3173.jpg\",\"width\":1200,\"height\":900,\"caption\":\"AT\u018fT-in Demokratik T\u0259sisatlar v\u0259 \u0130nsan H\u00fcquqlar\u0131 B\u00fcrosunun M\u00fc\u015fahid\u0259 Missiyas\u0131. Foto: Meydan TV\"},{\"@type\":\"BreadcrumbList\",\"@id\":\"https:\\\/\\\/www.meydan.tv\\\/az\\\/article\\\/atet-iki-hefte-sonra-azerbaycandaki-seckilerle-bagli-araliq-hesabat-yayacaq\\\/#breadcrumb\",\"itemListElement\":[{\"@type\":\"ListItem\",\"position\":1,\"name\":\"Ana s\u0259hif\u0259\",\"item\":\"https:\\\/\\\/www.meydan.tv\\\/az\\\/\"},{\"@type\":\"ListItem\",\"position\":2,\"name\":\"Siyas\u0259t\",\"item\":\"https:\\\/\\\/www.meydan.tv\\\/az\\\/section\\\/siyaset\\\/\"},{\"@type\":\"ListItem\",\"position\":3,\"name\":\"AT\u018fT DT\u0130HB iki h\u0259ft\u0259 sonra Az\u0259rbaycandak\u0131 se\u00e7kil\u0259rl\u0259 ba\u011fl\u0131 aral\u0131q hesabat yayacaq\"}]},{\"@type\":\"WebSite\",\"@id\":\"https:\\\/\\\/www.meydan.tv\\\/az\\\/#website\",\"url\":\"https:\\\/\\\/www.meydan.tv\\\/az\\\/\",\"name\":\"MEYDAN.TV\",\"description\":\"Meydan TV Az\u0259rbaycan\u0131n media m\u0259kan\u0131ndak\u0131 alternativ s\u0259sidir\",\"publisher\":{\"@id\":\"https:\\\/\\\/www.meydan.tv\\\/az\\\/#organization\"},\"potentialAction\":[{\"@type\":\"SearchAction\",\"target\":{\"@type\":\"EntryPoint\",\"urlTemplate\":\"https:\\\/\\\/www.meydan.tv\\\/az\\\/?s={search_term_string}\"},\"query-input\":{\"@type\":\"PropertyValueSpecification\",\"valueRequired\":true,\"valueName\":\"search_term_string\"}}],\"inLanguage\":\"az\"},{\"@type\":\"Organization\",\"@id\":\"https:\\\/\\\/www.meydan.tv\\\/az\\\/#organization\",\"name\":\"Meydan TV\",\"url\":\"https:\\\/\\\/www.meydan.tv\\\/az\\\/\",\"logo\":{\"@type\":\"ImageObject\",\"inLanguage\":\"az\",\"@id\":\"https:\\\/\\\/www.meydan.tv\\\/az\\\/#\\\/schema\\\/logo\\\/image\\\/\",\"url\":\"https:\\\/\\\/www.meydan.tv\\\/wp-content\\\/uploads\\\/2021\\\/07\\\/meydan-logo.svg\",\"contentUrl\":\"https:\\\/\\\/www.meydan.tv\\\/wp-content\\\/uploads\\\/2021\\\/07\\\/meydan-logo.svg\",\"width\":195,\"height\":46,\"caption\":\"Meydan TV\"},\"image\":{\"@id\":\"https:\\\/\\\/www.meydan.tv\\\/az\\\/#\\\/schema\\\/logo\\\/image\\\/\"}},{\"@type\":\"Person\",\"@id\":\"https:\\\/\\\/www.meydan.tv\\\/az\\\/#\\\/schema\\\/person\\\/9cdbecf90d17180ce1dfbd95b08dcf47\",\"name\":\"elli\",\"sameAs\":[\"https:\\\/\\\/x.com\\\/elli\"]}]}<\/script>\n<!-- \/ Yoast SEO plugin. -->","yoast_head_json":{"title":"AT\u018fT DT\u0130HB iki h\u0259ft\u0259 sonra Az\u0259rbaycandak\u0131 se\u00e7kil\u0259rl\u0259 ba\u011fl\u0131 aral\u0131q hesabat yayacaq - MEYDAN.TV","robots":{"index":"index","follow":"follow","max-snippet":"max-snippet:-1","max-image-preview":"max-image-preview:large","max-video-preview":"max-video-preview:-1"},"canonical":"https:\/\/www.meydan.tv\/az\/article\/atet-iki-hefte-sonra-azerbaycandaki-seckilerle-bagli-araliq-hesabat-yayacaq\/","og_locale":"az_AZ","og_type":"article","og_title":"AT\u018fT DT\u0130HB iki h\u0259ft\u0259 sonra Az\u0259rbaycandak\u0131 se\u00e7kil\u0259rl\u0259 ba\u011fl\u0131 aral\u0131q hesabat yayacaq - MEYDAN.TV","og_description":"M\u00fc\u015fahid\u0259 Missiyas\u0131n\u0131n r\u0259hb\u0259ri maraql\u0131 t\u0259r\u0259fl\u0259rl\u0259 g\u00f6r\u00fc\u015f\u0259c\u0259kl\u0259rini deyib AT\u018fT-in Demokratik T\u0259sisatlar ... Davam\u0131","og_url":"https:\/\/www.meydan.tv\/az\/article\/atet-iki-hefte-sonra-azerbaycandaki-seckilerle-bagli-araliq-hesabat-yayacaq\/","og_site_name":"MEYDAN.TV","article_published_time":"2023-12-29T12:46:44+00:00","article_modified_time":"2023-12-29T13:37:27+00:00","og_image":[{"width":1200,"height":900,"url":"https:\/\/www.meydan.tv\/wp-content\/uploads\/img_3173.jpg","type":"image\/jpeg"}],"author":"elli","twitter_card":"summary_large_image","twitter_creator":"@elli","schema":{"@context":"https:\/\/schema.org","@graph":[{"@type":"Article","@id":"https:\/\/www.meydan.tv\/az\/article\/atet-iki-hefte-sonra-azerbaycandaki-seckilerle-bagli-araliq-hesabat-yayacaq\/#article","isPartOf":{"@id":"https:\/\/www.meydan.tv\/az\/article\/atet-iki-hefte-sonra-azerbaycandaki-seckilerle-bagli-araliq-hesabat-yayacaq\/"},"author":{"name":"elli","@id":"https:\/\/www.meydan.tv\/az\/#\/schema\/person\/9cdbecf90d17180ce1dfbd95b08dcf47"},"headline":"AT\u018fT DT\u0130HB iki h\u0259ft\u0259 sonra Az\u0259rbaycandak\u0131 se\u00e7kil\u0259rl\u0259 ba\u011fl\u0131 aral\u0131q hesabat yayacaq","datePublished":"2023-12-29T12:46:44+00:00","dateModified":"2023-12-29T13:37:27+00:00","mainEntityOfPage":{"@id":"https:\/\/www.meydan.tv\/az\/article\/atet-iki-hefte-sonra-azerbaycandaki-seckilerle-bagli-araliq-hesabat-yayacaq\/"},"wordCount":931,"publisher":{"@id":"https:\/\/www.meydan.tv\/az\/#organization"},"image":{"@id":"https:\/\/www.meydan.tv\/az\/article\/atet-iki-hefte-sonra-azerbaycandaki-seckilerle-bagli-araliq-hesabat-yayacaq\/#primaryimage"},"thumbnailUrl":"https:\/\/www.meydan.tv\/wp-content\/uploads\/img_3173.jpg","articleSection":["Se\u00e7ki 2024","Siyas\u0259t","Video","X\u0259b\u0259rl\u0259r"],"inLanguage":"az"},{"@type":"WebPage","@id":"https:\/\/www.meydan.tv\/az\/article\/atet-iki-hefte-sonra-azerbaycandaki-seckilerle-bagli-araliq-hesabat-yayacaq\/","url":"https:\/\/www.meydan.tv\/az\/article\/atet-iki-hefte-sonra-azerbaycandaki-seckilerle-bagli-araliq-hesabat-yayacaq\/","name":"AT\u018fT DT\u0130HB iki h\u0259ft\u0259 sonra Az\u0259rbaycandak\u0131 se\u00e7kil\u0259rl\u0259 ba\u011fl\u0131 aral\u0131q hesabat yayacaq - MEYDAN.TV","isPartOf":{"@id":"https:\/\/www.meydan.tv\/az\/#website"},"primaryImageOfPage":{"@id":"https:\/\/www.meydan.tv\/az\/article\/atet-iki-hefte-sonra-azerbaycandaki-seckilerle-bagli-araliq-hesabat-yayacaq\/#primaryimage"},"image":{"@id":"https:\/\/www.meydan.tv\/az\/article\/atet-iki-hefte-sonra-azerbaycandaki-seckilerle-bagli-araliq-hesabat-yayacaq\/#primaryimage"},"thumbnailUrl":"https:\/\/www.meydan.tv\/wp-content\/uploads\/img_3173.jpg","datePublished":"2023-12-29T12:46:44+00:00","dateModified":"2023-12-29T13:37:27+00:00","breadcrumb":{"@id":"https:\/\/www.meydan.tv\/az\/article\/atet-iki-hefte-sonra-azerbaycandaki-seckilerle-bagli-araliq-hesabat-yayacaq\/#breadcrumb"},"inLanguage":"az","potentialAction":[{"@type":"ReadAction","target":["https:\/\/www.meydan.tv\/az\/article\/atet-iki-hefte-sonra-azerbaycandaki-seckilerle-bagli-araliq-hesabat-yayacaq\/"]}]},{"@type":"ImageObject","inLanguage":"az","@id":"https:\/\/www.meydan.tv\/az\/article\/atet-iki-hefte-sonra-azerbaycandaki-seckilerle-bagli-araliq-hesabat-yayacaq\/#primaryimage","url":"https:\/\/www.meydan.tv\/wp-content\/uploads\/img_3173.jpg","contentUrl":"https:\/\/www.meydan.tv\/wp-content\/uploads\/img_3173.jpg","width":1200,"height":900,"caption":"AT\u018fT-in Demokratik T\u0259sisatlar v\u0259 \u0130nsan H\u00fcquqlar\u0131 B\u00fcrosunun M\u00fc\u015fahid\u0259 Missiyas\u0131. Foto: Meydan TV"},{"@type":"BreadcrumbList","@id":"https:\/\/www.meydan.tv\/az\/article\/atet-iki-hefte-sonra-azerbaycandaki-seckilerle-bagli-araliq-hesabat-yayacaq\/#breadcrumb","itemListElement":[{"@type":"ListItem","position":1,"name":"Ana s\u0259hif\u0259","item":"https:\/\/www.meydan.tv\/az\/"},{"@type":"ListItem","position":2,"name":"Siyas\u0259t","item":"https:\/\/www.meydan.tv\/az\/section\/siyaset\/"},{"@type":"ListItem","position":3,"name":"AT\u018fT DT\u0130HB iki h\u0259ft\u0259 sonra Az\u0259rbaycandak\u0131 se\u00e7kil\u0259rl\u0259 ba\u011fl\u0131 aral\u0131q hesabat yayacaq"}]},{"@type":"WebSite","@id":"https:\/\/www.meydan.tv\/az\/#website","url":"https:\/\/www.meydan.tv\/az\/","name":"MEYDAN.TV","description":"Meydan TV Az\u0259rbaycan\u0131n media m\u0259kan\u0131ndak\u0131 alternativ s\u0259sidir","publisher":{"@id":"https:\/\/www.meydan.tv\/az\/#organization"},"potentialAction":[{"@type":"SearchAction","target":{"@type":"EntryPoint","urlTemplate":"https:\/\/www.meydan.tv\/az\/?s={search_term_string}"},"query-input":{"@type":"PropertyValueSpecification","valueRequired":true,"valueName":"search_term_string"}}],"inLanguage":"az"},{"@type":"Organization","@id":"https:\/\/www.meydan.tv\/az\/#organization","name":"Meydan TV","url":"https:\/\/www.meydan.tv\/az\/","logo":{"@type":"ImageObject","inLanguage":"az","@id":"https:\/\/www.meydan.tv\/az\/#\/schema\/logo\/image\/","url":"https:\/\/www.meydan.tv\/wp-content\/uploads\/2021\/07\/meydan-logo.svg","contentUrl":"https:\/\/www.meydan.tv\/wp-content\/uploads\/2021\/07\/meydan-logo.svg","width":195,"height":46,"caption":"Meydan TV"},"image":{"@id":"https:\/\/www.meydan.tv\/az\/#\/schema\/logo\/image\/"}},{"@type":"Person","@id":"https:\/\/www.meydan.tv\/az\/#\/schema\/person\/9cdbecf90d17180ce1dfbd95b08dcf47","name":"elli","sameAs":["https:\/\/x.com\/elli"]}]}},"_links":{"self":[{"href":"https:\/\/www.meydan.tv\/az\/wp-json\/wp\/v2\/posts\/294429","targetHints":{"allow":["GET"]}}],"collection":[{"href":"https:\/\/www.meydan.tv\/az\/wp-json\/wp\/v2\/posts"}],"about":[{"href":"https:\/\/www.meydan.tv\/az\/wp-json\/wp\/v2\/types\/post"}],"author":[{"embeddable":true,"href":"https:\/\/www.meydan.tv\/az\/wp-json\/wp\/v2\/users\/8"}],"replies":[{"embeddable":true,"href":"https:\/\/www.meydan.tv\/az\/wp-json\/wp\/v2\/comments?post=294429"}],"version-history":[{"count":6,"href":"https:\/\/www.meydan.tv\/az\/wp-json\/wp\/v2\/posts\/294429\/revisions"}],"predecessor-version":[{"id":294440,"href":"https:\/\/www.meydan.tv\/az\/wp-json\/wp\/v2\/posts\/294429\/revisions\/294440"}],"wp:featuredmedia":[{"embeddable":true,"href":"https:\/\/www.meydan.tv\/az\/wp-json\/wp\/v2\/media\/294372"}],"wp:attachment":[{"href":"https:\/\/www.meydan.tv\/az\/wp-json\/wp\/v2\/media?parent=294429"}],"wp:term":[{"taxonomy":"category","embeddable":true,"href":"https:\/\/www.meydan.tv\/az\/wp-json\/wp\/v2\/categories?post=294429"},{"taxonomy":"post_tag","embeddable":true,"href":"https:\/\/www.meydan.tv\/az\/wp-json\/wp\/v2\/tags?post=294429"}],"curies":[{"name":"wp","href":"https:\/\/api.w.org\/{rel}","templated":true}]}}