{"id":294396,"date":"2023-12-29T16:23:05","date_gmt":"2023-12-29T12:23:05","guid":{"rendered":"https:\/\/www.meydan.tv\/?p=294396"},"modified":"2023-12-29T16:23:15","modified_gmt":"2023-12-29T12:23:15","slug":"bayramqabagi-bahalasma-saticilar-da-narazidir-alicilar-da","status":"publish","type":"post","link":"https:\/\/www.meydan.tv\/az\/article\/bayramqabagi-bahalasma-saticilar-da-narazidir-alicilar-da\/","title":{"rendered":"Bayramqaba\u011f\u0131 bahala\u015fma: sat\u0131c\u0131lar da naraz\u0131d\u0131r, al\u0131c\u0131lar da&#8230;"},"content":{"rendered":"\n<p><\/p>\n\n\n\n<p><strong><em>G\u00f6y\u00e7ay sakinl\u0259ri a\u011f\u0131r g\u00fcz\u0259randan gileyl\u0259nirl\u0259r<\/em><\/strong><\/p>\n\n\n\n<p>Yeni il \u00f6nc\u0259si \u00f6lk\u0259d\u0259 qiym\u0259t art\u0131m\u0131 il\u0259 ba\u011fl\u0131 \u015fikay\u0259tl\u0259r\u0259 tez-tez rast g\u0259linir. H\u0259r bayramqaba\u011f\u0131 qiym\u0259t art\u0131m\u0131 Az\u0259rbaycanda art\u0131q \u0259n\u0259n\u0259y\u0259 \u00e7evrilib.<\/p>\n\n\n\n<p>Dig\u0259r b\u00f6lg\u0259d\u0259n olan sakinl\u0259r kimi, g\u00f6y\u00e7ayl\u0131lar da rayon bazar\u0131ndak\u0131 qiym\u0259t art\u0131m\u0131ndan naraz\u0131d\u0131rlar.<\/p>\n\n\n\n<p>Meydan TV-y\u0259 dan\u0131\u015fan Hicran Abdullayeva da bayram \u00f6nc\u0259si G\u00f6y\u00e7ay bazar\u0131na \u00fcz tutan al\u0131c\u0131lardand\u0131r.<\/p>\n\n\n<div class=\"wp-block-image\">\n<figure class=\"aligncenter size-large\"><img decoding=\"async\" width=\"1200\" height=\"675\" data-src=\"https:\/\/www.meydan.tv\/wp-content\/uploads\/img-20231228-wa0060-1200x675.jpg\" alt=\"\" class=\"wp-image-294381 lazyload\" src=\"data:image\/svg+xml;base64,PHN2ZyB3aWR0aD0iMSIgaGVpZ2h0PSIxIiB4bWxucz0iaHR0cDovL3d3dy53My5vcmcvMjAwMC9zdmciPjwvc3ZnPg==\" style=\"--smush-placeholder-width: 1200px; --smush-placeholder-aspect-ratio: 1200\/675;\" \/><\/figure>\n<\/div>\n\n\n<p>O da dig\u0259r al\u0131c\u0131lar kimi qiym\u0259t art\u0131m\u0131ndan gileyl\u0259nir:<\/p>\n\n\n\n<p><em>&#8220;N\u0259 yax\u015f\u0131 ki, bir ay \u00f6nc\u0259 qoz, \u015fabal\u0131d, ya\u011f, d\u00fcy\u00fc alm\u0131\u015fd\u0131m, yoxsa indi 200 manatdan \u00e7ox x\u0259rci \u00e7\u0131xacaqd\u0131. O\u011flum dedi ki, ay ana, n\u0259 yax\u015f\u0131 ucuz vaxt\u0131 ald\u0131n. Bayram siyah\u0131s\u0131na 350 manat b\u0259s el\u0259mir. Yax\u015f\u0131 bazarl\u0131\u011f\u0131 edir m\u0259murlar, polisl\u0259r, bir d\u0259 h\u0259kiml\u0259r&#8221;.<\/em><\/p>\n\n\n\n<p><strong>&#8220;Mill\u0259tin q\u0259sdin\u0259 durublar&#8221;<\/strong><\/p>\n\n\n\n<p>G\u00f6y\u00e7ay sakini Etibar N\u0259z\u0259rov is\u0259 deyir ki, neft-qaz \u00f6lk\u0259sind\u0259 bel\u0259 bahala\u015fma insanl\u0131\u011fa q\u0259sddir:<\/p>\n\n\n<div class=\"wp-block-image\">\n<figure class=\"aligncenter size-large\"><img decoding=\"async\" width=\"1200\" height=\"675\" data-src=\"https:\/\/www.meydan.tv\/wp-content\/uploads\/img-20231228-wa0075-1200x675.jpg\" alt=\"\" class=\"wp-image-294406 lazyload\" src=\"data:image\/svg+xml;base64,PHN2ZyB3aWR0aD0iMSIgaGVpZ2h0PSIxIiB4bWxucz0iaHR0cDovL3d3dy53My5vcmcvMjAwMC9zdmciPjwvc3ZnPg==\" style=\"--smush-placeholder-width: 1200px; --smush-placeholder-aspect-ratio: 1200\/675;\" \/><\/figure>\n<\/div>\n\n\n<p><em>&#8220;Neft, qaz \u00f6lk\u0259sind\u0259 h\u0259dsiz \u00e7\u0259tinlik i\u00e7ind\u0259 ya\u015fay\u0131r\u0131q. \u00d6z ba\u011f\u0131m\u0131n m\u0259hsulunu g\u0259tirmi\u015f\u0259m ki, sat\u0131m, bazarl\u0131q edim. Sata bilmir\u0259m. \u00d6t\u0259n il yax\u015f\u0131 sort nar\u0131 15-20 manata sat\u0131rd\u0131m. \u0130ndi 10-15 manata sat\u0131ram. H\u0259tta 7-8 manata q\u0259d\u0259r a\u015fa\u011f\u0131 sal\u0131b sat\u0131ram ki, m\u00f6vs\u00fcm meyv\u0259sidir, yesinl\u0259r. Xurman\u0131 \u00f6t\u0259n il \u00fc\u00e7 manata, bu il iki manata sat\u0131ram. G\u00fcn \u0259rzind\u0259 bir n\u0259f\u0259r nar al\u0131b, o da daimi al\u0131c\u0131d\u0131r. 30 manat pulum var, evd\u0259 deyibl\u0259r ki, lampa, d\u00f6rd \u00e7\u00f6r\u0259k, meyv\u0259 al. Dedim ay bala, gedim \u0259rza\u011f\u0131 al\u0131m birinci, meyv\u0259 yem\u0259s\u0259n d\u0259, olar. Bazarda alver edib gedib marketd\u0259n \u0259rzaq alanda el\u0259 bilir\u0259m pulu itirdim. \u00c7\u00fcnki \u0259rzaq \u00e7ox bahad\u0131r. Un, q\u0259nd, \u00e7ay, d\u00fcy\u00fc, \u015f\u0259k\u0259r tozu, ya\u011f i\u015f\u0131q s\u00fcr\u0259til\u0259 art\u0131r. \u018ft, qu\u015f \u0259ti d\u0259 bahad\u0131r. Mill\u0259tin q\u0259sdin\u0259 durublar, qiym\u0259tl\u0259ri ayda yox g\u00fcnd\u0259 qald\u0131r\u0131rlar. Bununla nec\u0259 bayram ed\u0259k?&#8221;.<\/em><\/p>\n\n\n\n<p><strong>&#8220;\u00c7oxu g\u0259lib nisy\u0259 al\u0131r&#8221;<\/strong><\/p>\n\n\n\n<p>Rayonun k\u00f6hn\u0259 bazar\u0131nda meyv\u0259-t\u0259r\u0259v\u0259z v\u0259 \u00e7\u0259r\u0259zd\u0259 1-2 manat bahala\u015fma m\u00fc\u015fahid\u0259 olunur, ancaq al\u0131c\u0131 azd\u0131r.<\/p>\n\n\n\n<p>Ya\u015fl\u0131 sat\u0131c\u0131 Rafiq \u018fhm\u0259dov deyir ki, yoxsulluq \u00fcz\u00fcnd\u0259n bayram bazarl\u0131\u011f\u0131 art\u0131q nisy\u0259 edilir:<\/p>\n\n\n<div class=\"wp-block-image\">\n<figure class=\"aligncenter size-full\"><img decoding=\"async\" width=\"1200\" height=\"675\" data-src=\"https:\/\/www.meydan.tv\/wp-content\/uploads\/goycay-1.jpg\" alt=\"\" class=\"wp-image-294423 lazyload\" src=\"data:image\/svg+xml;base64,PHN2ZyB3aWR0aD0iMSIgaGVpZ2h0PSIxIiB4bWxucz0iaHR0cDovL3d3dy53My5vcmcvMjAwMC9zdmciPjwvc3ZnPg==\" style=\"--smush-placeholder-width: 1200px; --smush-placeholder-aspect-ratio: 1200\/675;\" \/><\/figure>\n<\/div>\n\n\n<p>&#8220;<em>M\u0259hsullar\u0131 nisy\u0259 al\u0131b pi\u015ftaxtaya qoymu\u015fuq, indi d\u0259 al\u0131c\u0131 g\u00f6zl\u0259yirik. Al\u0131c\u0131m\u0131z\u0131n da \u00e7oxu pensiya\u00e7\u0131lard\u0131r. Onlar\u0131n da pensiyas\u0131, sosial m\u00fcavin\u0259ti verilm\u0259yib. \u00c7oxu g\u0259lib nisy\u0259 al\u0131r. Sata bilm\u0259s\u0259m, qaytar\u0131b m\u0259hsul sahibin\u0259 ver\u0259c\u0259y\u0259m. D\u00f6vl\u0259td\u0259n evim\u0259 1 manat pul girmir. \u00dc\u00e7 n\u0259v\u0259m var, &#8220;baba&#8221; deyib durur. Bu il lap a\u011f\u0131rd\u0131r, bazar \u00f6l\u00fcb. \u018fvv\u0259ll\u0259r ild\u0259 1-2 ton m\u0259hsul sat\u0131rd\u0131m, son vaxtlar 70 kiloqram m\u0259hsul sata bilm\u0259mi\u015f\u0259m. Yax\u015f\u0131 Q\u0259b\u0259l\u0259 \u015fabal\u0131d\u0131 9 manatad\u0131r. \u0130ran\u0131n yolu ba\u011fl\u0131d\u0131r dey\u0259 ki\u015fmi\u015fl\u0259r bahad\u0131r. \u018fvv\u0259l torbas\u0131n\u0131 35 manata al\u0131rd\u0131m, indi 55 manata al\u0131ram. \u00dcst\u00fcn\u0259 qoyub satanda da al\u0131c\u0131 qa\u00e7\u0131r. Qozu 15 manata al\u0131b, 16 manata sat\u0131ram. Yer f\u0131nd\u0131\u011f\u0131n\u0131 5 manata al\u0131b 6 manata sat\u0131ram. Badam 16-17 manatd\u0131r. Deputat 5-6 min manat maa\u015f al\u0131r, 40 ilin m\u00fc\u0259llimi 350 manat pensiya. \u00c7oxunun da g\u0259liri yox. G\u0259l indi dolan&#8221;.<\/em><\/p>\n\n\n\n<p><strong>&#8220;Bel\u0259 dolan\u0131\u015f\u0131q olmaz&#8230;&#8221;<\/strong><\/p>\n\n\n\n<p>T\u0259z\u0259 bazarda da sat\u0131c\u0131 \u00e7ox, al\u0131c\u0131 azd\u0131r. Deyil\u0259n\u0259 g\u00f6r\u0259, al\u0131c\u0131 azl\u0131\u011f\u0131 is\u0259 maa\u015f v\u0259 sosial m\u00fcavin\u0259t \u00f6d\u0259ni\u015fl\u0259rinin gecikm\u0259si il\u0259 ba\u011fl\u0131d\u0131r.<\/p>\n\n\n\n<p>Sat\u0131c\u0131 R\u00f6v\u015f\u0259n \u0130smay\u0131lov deyir ki, b\u00fct\u00fcn meyv\u0259 v\u0259 \u00e7\u0259r\u0259zl\u0259rd\u0259 qiym\u0259t art\u0131m\u0131 var:<\/p>\n\n\n<div class=\"wp-block-image\">\n<figure class=\"aligncenter size-large\"><img decoding=\"async\" width=\"1200\" height=\"675\" data-src=\"https:\/\/www.meydan.tv\/wp-content\/uploads\/img-20231228-wa0084-1200x675.jpg\" alt=\"\" class=\"wp-image-294410 lazyload\" src=\"data:image\/svg+xml;base64,PHN2ZyB3aWR0aD0iMSIgaGVpZ2h0PSIxIiB4bWxucz0iaHR0cDovL3d3dy53My5vcmcvMjAwMC9zdmciPjwvc3ZnPg==\" style=\"--smush-placeholder-width: 1200px; --smush-placeholder-aspect-ratio: 1200\/675;\" \/><\/figure>\n<\/div>\n\n\n<p><em>&#8220;Al\u0131b oradan \u00fcst\u00fcn\u0259 30-50 q\u0259pik, b\u0259z\u0259n bir manat qoyub sat\u0131r\u0131q. Kivi, banan, pomidor, xiyar 3-5 manatad\u0131r. \u018fn bahal\u0131s\u0131 bunlard\u0131r. Al\u0131c\u0131l\u0131q \u00e7ox a\u015fa\u011f\u0131d\u0131r. H\u0259mi\u015f\u0259 ay\u0131n 25-d\u0259 bazar canlan\u0131rd\u0131. \u0130ndi gecikib dey\u0259 al\u0131c\u0131 yoxa \u00e7\u0131x\u0131b. \u0130nsanlar pensiyaya, maa\u015fa, sosial m\u00fcavin\u0259t\u0259 g\u00f6z dikib. M\u0259qs\u0259dli \u015f\u0259kild\u0259 edirl\u0259r ki, al\u0131b bazara qa\u00e7s\u0131nlar, onu da, orda qoyub getsinl\u0259r. Sabahdan qiym\u0259tl\u0259r daha da baha olacaq. Yoxsulla\u015f\u0131b, pul yoxdur camaatda. Pul olsa adamlar\u0131n y\u00fcz\u00fc soru\u015fub be\u015fi almaz, pul olsa adamlar 2-3 kiloqram alar, daha 200-500 qramla yox. Deyir ki, ondan yar\u0131m kilo, bundan \u00fc\u00e7 d\u0259n\u0259 qoy. Adamlar var qramla al\u0131r ki, s\u00fcfr\u0259si bayram s\u00fcfr\u0259sin\u0259 ox\u015fas\u0131n. U\u015fa\u011f\u0131n\u0131n g\u00f6z\u00fcn\u00fc y\u0131\u011fs\u0131n. Bel\u0259 dolan\u0131\u015f\u0131q olmaz. \u018fs\u0259b, stress d\u0259 d\u00f6zm\u00fcr art\u0131q&#8221;.<\/em><\/p>\n\n\n\n<p><strong>&#8220;\u00c7ox ail\u0259d\u0259 g\u0259lir yox, pensiya yox&#8221;<\/strong><\/p>\n\n\n\n<p>M\u0259hsullar\u0131n \u00fcst\u00fcnd\u0259ki qiym\u0259tl\u0259rd\u0259n g\u00f6r\u00fcn\u00fcr ki, meyv\u0259 t\u0259r\u0259v\u0259z \u0259sas\u0259n, 1-2 manata, \u00e7\u0259r\u0259z m\u0259hsullar\u0131 10-15 manata, \u015fabal\u0131d is\u0259 7-10 manata sat\u0131l\u0131r. Al\u0131c\u0131lar is\u0259 deyirl\u0259r ki, bir ne\u00e7\u0259 g\u00fcn \u00f6nc\u0259 m\u0259hsullar 1-2 manat ucuz olub.<\/p>\n\n\n\n<p>Al\u0131c\u0131 G\u00fclg\u0259z R\u0259himova deyir ki, bayram s\u00fcfr\u0259si \u00fc\u00e7\u00fcn bazara \u00fc\u00e7\u00fcnc\u00fc g\u0259li\u015fidir, amma n\u0259 qiym\u0259tl\u0259r \u0259l\u00e7atand\u0131r, n\u0259 x\u0259rcl\u0259diyi siyah\u0131ya yetir:<\/p>\n\n\n<div class=\"wp-block-image\">\n<figure class=\"aligncenter size-large\"><img decoding=\"async\" width=\"1200\" height=\"675\" data-src=\"https:\/\/www.meydan.tv\/wp-content\/uploads\/img-20231228-wa0099-1200x675.jpg\" alt=\"\" class=\"wp-image-294390 lazyload\" src=\"data:image\/svg+xml;base64,PHN2ZyB3aWR0aD0iMSIgaGVpZ2h0PSIxIiB4bWxucz0iaHR0cDovL3d3dy53My5vcmcvMjAwMC9zdmciPjwvc3ZnPg==\" style=\"--smush-placeholder-width: 1200px; --smush-placeholder-aspect-ratio: 1200\/675;\" \/><\/figure>\n<\/div>\n\n\n<p><em>&#8220;H\u0259r \u015fey od qiym\u0259tin\u0259dir. \u00c7ox ail\u0259d\u0259 g\u0259lir yox, pensiya yox, bilmirs\u0259n ki, evd\u0259 u\u015faqlara n\u0259 dey\u0259s\u0259n. 70 manatla g\u0259ldim, d\u00fcy\u00fc, \u015fabal\u0131d, bir meyv\u0259 g\u00fccl\u0259 ald\u0131m. Art\u0131q bu h\u0259ft\u0259 i\u00e7ind\u0259 \u00fc\u00e7\u00fcnc\u00fc g\u0259li\u015fimdir. 250 manat x\u0259rcl\u0259nib, ancaq h\u0259l\u0259 bayraml\u0131q azuq\u0259 tam al\u0131nmay\u0131b. 2-3 g\u00fcn \u00f6nc\u0259ki g\u00fcnl\u0259 m\u00fcqayis\u0259d\u0259 qiym\u0259tl\u0259rd\u0259 1 manat, b\u0259zil\u0259rind\u0259 30-50 q\u0259pik art\u0131m var. Badam\u0131 \u00fc\u00e7 g\u00fcn \u0259vv\u0259l 3 manata, bu g\u00fcn 4 manata sat\u0131\u015fa qoyublar. Qoz, \u015fabal\u0131d 5 manat idi, indi olub 8-10 manat aras\u0131. Ad olur ki, guya yerli m\u0259hsuldur. Eyni m\u0259hsuldur amma&#8230;&#8221;.<\/em><\/p>\n\n\n\n<p><strong>&#8220;T\u0259qvimd\u0259 il d\u0259yi\u015fikliyi insanlara he\u00e7 n\u0259 vermir&#8221;<\/strong><\/p>\n\n\n\n<p>Al\u0131c\u0131 X\u0259yal\u0259 \u0130smay\u0131lova is\u0259 bayram\u0131 il d\u0259yi\u015fikliyind\u0259 deyil, sosial-iqtisadi t\u0259minat\u0131nda m\u00fcsb\u0259t\u0259 do\u011fru d\u0259yi\u015filikd\u0259 g\u00f6rm\u0259k ist\u0259diyini deyir.<\/p>\n\n\n<div class=\"wp-block-image\">\n<figure class=\"aligncenter size-large\"><img decoding=\"async\" width=\"1200\" height=\"675\" data-src=\"https:\/\/www.meydan.tv\/wp-content\/uploads\/img-20231228-wa0088-1200x675.jpg\" alt=\"\" class=\"wp-image-294397 lazyload\" src=\"data:image\/svg+xml;base64,PHN2ZyB3aWR0aD0iMSIgaGVpZ2h0PSIxIiB4bWxucz0iaHR0cDovL3d3dy53My5vcmcvMjAwMC9zdmciPjwvc3ZnPg==\" style=\"--smush-placeholder-width: 1200px; --smush-placeholder-aspect-ratio: 1200\/675;\" \/><\/figure>\n<\/div>\n\n\n<p><em>&#8220;Bu minvalla t\u0259qvimd\u0259 il d\u0259yi\u015fikliyi insanlara he\u00e7 n\u0259 vermir. \u0130l yeniliyi xalq\u0131n dolan\u0131\u015f\u0131q v\u0259 g\u00fcz\u0259ran\u0131nda m\u00fcsb\u0259t sosial-iqtisadi d\u0259yi\u015fiklikl\u0259rl\u0259 t\u0259zah\u00fcr etm\u0259lidir, \u0259ks halda n\u0259 bayram, n\u0259 xo\u015f \u0259hval ruhiyy\u0259 biz\u0259 yax\u0131n d\u00fc\u015f\u0259r&#8221;.<\/em><\/p>\n\n\n\n<p>Bayramqaba\u011f\u0131 G\u00f6y\u00e7ay bazar\u0131nda m\u00fc\u015fahid\u0259 etdiyimiz m\u0259nz\u0259r\u0259 budur: al\u0131c\u0131lar da naraz\u0131d\u0131r, sat\u0131c\u0131lar da&#8230; \u00c7oxunu is\u0259 bayram deyil, g\u00fcnd\u0259lik \u0259rzaq t\u0259minat\u0131 d\u00fc\u015f\u00fcnd\u00fcr\u00fcr.<\/p>\n","protected":false},"excerpt":{"rendered":"<p>G\u00f6y\u00e7ay sakinl\u0259ri a\u011f\u0131r g\u00fcz\u0259randan gileyl\u0259nirl\u0259r Yeni il \u00f6nc\u0259si \u00f6lk\u0259d\u0259 qiym\u0259t &#8230; <\/p>\n<p class=\"read-more-container\"><a title=\"Bayramqaba\u011f\u0131 bahala\u015fma: sat\u0131c\u0131lar da naraz\u0131d\u0131r, al\u0131c\u0131lar da&#8230;\" class=\"read-more button\" href=\"https:\/\/www.meydan.tv\/az\/article\/bayramqabagi-bahalasma-saticilar-da-narazidir-alicilar-da\/#more-294396\" aria-label=\"Read more about Bayramqaba\u011f\u0131 bahala\u015fma: sat\u0131c\u0131lar da naraz\u0131d\u0131r, al\u0131c\u0131lar da&#8230;\">Davam\u0131<\/a><\/p>\n","protected":false},"author":8,"featured_media":294420,"comment_status":"closed","ping_status":"closed","sticky":false,"template":"","format":"standard","meta":{"_acf_changed":false,"_sitemap_exclude":false,"_sitemap_priority":"","_sitemap_frequency":"","footnotes":""},"categories":[60,79,56],"tags":[],"class_list":["post-294396","post","type-post","status-publish","format-standard","has-post-thumbnail","hentry","category-bolge","category-featured","category-xeberler","infinite-scroll-item","generate-columns","tablet-grid-50","mobile-grid-100","grid-parent","grid-33","no-featured-image-padding"],"acf":[],"yoast_head":"<!-- This site is optimized with the Yoast SEO plugin v27.4 - https:\/\/yoast.com\/product\/yoast-seo-wordpress\/ -->\n<title>Bayramqaba\u011f\u0131 bahala\u015fma: sat\u0131c\u0131lar da naraz\u0131d\u0131r, al\u0131c\u0131lar da... - MEYDAN.TV<\/title>\n<meta name=\"robots\" content=\"index, follow, max-snippet:-1, max-image-preview:large, max-video-preview:-1\" \/>\n<link rel=\"canonical\" href=\"https:\/\/www.meydan.tv\/az\/article\/bayramqabagi-bahalasma-saticilar-da-narazidir-alicilar-da\/\" \/>\n<meta property=\"og:locale\" content=\"az_AZ\" \/>\n<meta property=\"og:type\" content=\"article\" \/>\n<meta property=\"og:title\" content=\"Bayramqaba\u011f\u0131 bahala\u015fma: sat\u0131c\u0131lar da naraz\u0131d\u0131r, al\u0131c\u0131lar da... - MEYDAN.TV\" \/>\n<meta property=\"og:description\" content=\"G\u00f6y\u00e7ay sakinl\u0259ri a\u011f\u0131r g\u00fcz\u0259randan gileyl\u0259nirl\u0259r Yeni il \u00f6nc\u0259si \u00f6lk\u0259d\u0259 qiym\u0259t ... Davam\u0131\" \/>\n<meta property=\"og:url\" content=\"https:\/\/www.meydan.tv\/az\/article\/bayramqabagi-bahalasma-saticilar-da-narazidir-alicilar-da\/\" \/>\n<meta property=\"og:site_name\" content=\"MEYDAN.TV\" \/>\n<meta property=\"article:published_time\" content=\"2023-12-29T12:23:05+00:00\" \/>\n<meta property=\"article:modified_time\" content=\"2023-12-29T12:23:15+00:00\" \/>\n<meta property=\"og:image\" content=\"https:\/\/www.meydan.tv\/wp-content\/uploads\/bazar2.jpg\" \/>\n\t<meta property=\"og:image:width\" content=\"1200\" \/>\n\t<meta property=\"og:image:height\" content=\"675\" \/>\n\t<meta property=\"og:image:type\" content=\"image\/jpeg\" \/>\n<meta name=\"author\" content=\"elli\" \/>\n<meta name=\"twitter:card\" content=\"summary_large_image\" \/>\n<meta name=\"twitter:creator\" content=\"@elli\" \/>\n<script type=\"application\/ld+json\" class=\"yoast-schema-graph\">{\"@context\":\"https:\\\/\\\/schema.org\",\"@graph\":[{\"@type\":\"Article\",\"@id\":\"https:\\\/\\\/www.meydan.tv\\\/az\\\/article\\\/bayramqabagi-bahalasma-saticilar-da-narazidir-alicilar-da\\\/#article\",\"isPartOf\":{\"@id\":\"https:\\\/\\\/www.meydan.tv\\\/az\\\/article\\\/bayramqabagi-bahalasma-saticilar-da-narazidir-alicilar-da\\\/\"},\"author\":{\"name\":\"elli\",\"@id\":\"https:\\\/\\\/www.meydan.tv\\\/az\\\/#\\\/schema\\\/person\\\/9cdbecf90d17180ce1dfbd95b08dcf47\"},\"headline\":\"Bayramqaba\u011f\u0131 bahala\u015fma: sat\u0131c\u0131lar da naraz\u0131d\u0131r, al\u0131c\u0131lar da&#8230;\",\"datePublished\":\"2023-12-29T12:23:05+00:00\",\"dateModified\":\"2023-12-29T12:23:15+00:00\",\"mainEntityOfPage\":{\"@id\":\"https:\\\/\\\/www.meydan.tv\\\/az\\\/article\\\/bayramqabagi-bahalasma-saticilar-da-narazidir-alicilar-da\\\/\"},\"wordCount\":1199,\"publisher\":{\"@id\":\"https:\\\/\\\/www.meydan.tv\\\/az\\\/#organization\"},\"image\":{\"@id\":\"https:\\\/\\\/www.meydan.tv\\\/az\\\/article\\\/bayramqabagi-bahalasma-saticilar-da-narazidir-alicilar-da\\\/#primaryimage\"},\"thumbnailUrl\":\"https:\\\/\\\/www.meydan.tv\\\/wp-content\\\/uploads\\\/bazar2.jpg\",\"articleSection\":[\"B\u00f6lg\u0259\",\"T\u00f6vsiy\u0259\",\"X\u0259b\u0259rl\u0259r\"],\"inLanguage\":\"az\"},{\"@type\":\"WebPage\",\"@id\":\"https:\\\/\\\/www.meydan.tv\\\/az\\\/article\\\/bayramqabagi-bahalasma-saticilar-da-narazidir-alicilar-da\\\/\",\"url\":\"https:\\\/\\\/www.meydan.tv\\\/az\\\/article\\\/bayramqabagi-bahalasma-saticilar-da-narazidir-alicilar-da\\\/\",\"name\":\"Bayramqaba\u011f\u0131 bahala\u015fma: sat\u0131c\u0131lar da naraz\u0131d\u0131r, al\u0131c\u0131lar da... - MEYDAN.TV\",\"isPartOf\":{\"@id\":\"https:\\\/\\\/www.meydan.tv\\\/az\\\/#website\"},\"primaryImageOfPage\":{\"@id\":\"https:\\\/\\\/www.meydan.tv\\\/az\\\/article\\\/bayramqabagi-bahalasma-saticilar-da-narazidir-alicilar-da\\\/#primaryimage\"},\"image\":{\"@id\":\"https:\\\/\\\/www.meydan.tv\\\/az\\\/article\\\/bayramqabagi-bahalasma-saticilar-da-narazidir-alicilar-da\\\/#primaryimage\"},\"thumbnailUrl\":\"https:\\\/\\\/www.meydan.tv\\\/wp-content\\\/uploads\\\/bazar2.jpg\",\"datePublished\":\"2023-12-29T12:23:05+00:00\",\"dateModified\":\"2023-12-29T12:23:15+00:00\",\"breadcrumb\":{\"@id\":\"https:\\\/\\\/www.meydan.tv\\\/az\\\/article\\\/bayramqabagi-bahalasma-saticilar-da-narazidir-alicilar-da\\\/#breadcrumb\"},\"inLanguage\":\"az\",\"potentialAction\":[{\"@type\":\"ReadAction\",\"target\":[\"https:\\\/\\\/www.meydan.tv\\\/az\\\/article\\\/bayramqabagi-bahalasma-saticilar-da-narazidir-alicilar-da\\\/\"]}]},{\"@type\":\"ImageObject\",\"inLanguage\":\"az\",\"@id\":\"https:\\\/\\\/www.meydan.tv\\\/az\\\/article\\\/bayramqabagi-bahalasma-saticilar-da-narazidir-alicilar-da\\\/#primaryimage\",\"url\":\"https:\\\/\\\/www.meydan.tv\\\/wp-content\\\/uploads\\\/bazar2.jpg\",\"contentUrl\":\"https:\\\/\\\/www.meydan.tv\\\/wp-content\\\/uploads\\\/bazar2.jpg\",\"width\":1200,\"height\":675,\"caption\":\"Fotolar: Meydan TV\"},{\"@type\":\"BreadcrumbList\",\"@id\":\"https:\\\/\\\/www.meydan.tv\\\/az\\\/article\\\/bayramqabagi-bahalasma-saticilar-da-narazidir-alicilar-da\\\/#breadcrumb\",\"itemListElement\":[{\"@type\":\"ListItem\",\"position\":1,\"name\":\"Ana s\u0259hif\u0259\",\"item\":\"https:\\\/\\\/www.meydan.tv\\\/az\\\/\"},{\"@type\":\"ListItem\",\"position\":2,\"name\":\"B\u00f6lg\u0259\",\"item\":\"https:\\\/\\\/www.meydan.tv\\\/az\\\/section\\\/bolge\\\/\"},{\"@type\":\"ListItem\",\"position\":3,\"name\":\"Bayramqaba\u011f\u0131 bahala\u015fma: sat\u0131c\u0131lar da naraz\u0131d\u0131r, al\u0131c\u0131lar da&#8230;\"}]},{\"@type\":\"WebSite\",\"@id\":\"https:\\\/\\\/www.meydan.tv\\\/az\\\/#website\",\"url\":\"https:\\\/\\\/www.meydan.tv\\\/az\\\/\",\"name\":\"MEYDAN.TV\",\"description\":\"Meydan TV Az\u0259rbaycan\u0131n media m\u0259kan\u0131ndak\u0131 alternativ s\u0259sidir\",\"publisher\":{\"@id\":\"https:\\\/\\\/www.meydan.tv\\\/az\\\/#organization\"},\"potentialAction\":[{\"@type\":\"SearchAction\",\"target\":{\"@type\":\"EntryPoint\",\"urlTemplate\":\"https:\\\/\\\/www.meydan.tv\\\/az\\\/?s={search_term_string}\"},\"query-input\":{\"@type\":\"PropertyValueSpecification\",\"valueRequired\":true,\"valueName\":\"search_term_string\"}}],\"inLanguage\":\"az\"},{\"@type\":\"Organization\",\"@id\":\"https:\\\/\\\/www.meydan.tv\\\/az\\\/#organization\",\"name\":\"Meydan TV\",\"url\":\"https:\\\/\\\/www.meydan.tv\\\/az\\\/\",\"logo\":{\"@type\":\"ImageObject\",\"inLanguage\":\"az\",\"@id\":\"https:\\\/\\\/www.meydan.tv\\\/az\\\/#\\\/schema\\\/logo\\\/image\\\/\",\"url\":\"https:\\\/\\\/www.meydan.tv\\\/wp-content\\\/uploads\\\/2021\\\/07\\\/meydan-logo.svg\",\"contentUrl\":\"https:\\\/\\\/www.meydan.tv\\\/wp-content\\\/uploads\\\/2021\\\/07\\\/meydan-logo.svg\",\"width\":195,\"height\":46,\"caption\":\"Meydan TV\"},\"image\":{\"@id\":\"https:\\\/\\\/www.meydan.tv\\\/az\\\/#\\\/schema\\\/logo\\\/image\\\/\"}},{\"@type\":\"Person\",\"@id\":\"https:\\\/\\\/www.meydan.tv\\\/az\\\/#\\\/schema\\\/person\\\/9cdbecf90d17180ce1dfbd95b08dcf47\",\"name\":\"elli\",\"sameAs\":[\"https:\\\/\\\/x.com\\\/elli\"]}]}<\/script>\n<!-- \/ Yoast SEO plugin. -->","yoast_head_json":{"title":"Bayramqaba\u011f\u0131 bahala\u015fma: sat\u0131c\u0131lar da naraz\u0131d\u0131r, al\u0131c\u0131lar da... - MEYDAN.TV","robots":{"index":"index","follow":"follow","max-snippet":"max-snippet:-1","max-image-preview":"max-image-preview:large","max-video-preview":"max-video-preview:-1"},"canonical":"https:\/\/www.meydan.tv\/az\/article\/bayramqabagi-bahalasma-saticilar-da-narazidir-alicilar-da\/","og_locale":"az_AZ","og_type":"article","og_title":"Bayramqaba\u011f\u0131 bahala\u015fma: sat\u0131c\u0131lar da naraz\u0131d\u0131r, al\u0131c\u0131lar da... - MEYDAN.TV","og_description":"G\u00f6y\u00e7ay sakinl\u0259ri a\u011f\u0131r g\u00fcz\u0259randan gileyl\u0259nirl\u0259r Yeni il \u00f6nc\u0259si \u00f6lk\u0259d\u0259 qiym\u0259t ... Davam\u0131","og_url":"https:\/\/www.meydan.tv\/az\/article\/bayramqabagi-bahalasma-saticilar-da-narazidir-alicilar-da\/","og_site_name":"MEYDAN.TV","article_published_time":"2023-12-29T12:23:05+00:00","article_modified_time":"2023-12-29T12:23:15+00:00","og_image":[{"width":1200,"height":675,"url":"https:\/\/www.meydan.tv\/wp-content\/uploads\/bazar2.jpg","type":"image\/jpeg"}],"author":"elli","twitter_card":"summary_large_image","twitter_creator":"@elli","schema":{"@context":"https:\/\/schema.org","@graph":[{"@type":"Article","@id":"https:\/\/www.meydan.tv\/az\/article\/bayramqabagi-bahalasma-saticilar-da-narazidir-alicilar-da\/#article","isPartOf":{"@id":"https:\/\/www.meydan.tv\/az\/article\/bayramqabagi-bahalasma-saticilar-da-narazidir-alicilar-da\/"},"author":{"name":"elli","@id":"https:\/\/www.meydan.tv\/az\/#\/schema\/person\/9cdbecf90d17180ce1dfbd95b08dcf47"},"headline":"Bayramqaba\u011f\u0131 bahala\u015fma: sat\u0131c\u0131lar da naraz\u0131d\u0131r, al\u0131c\u0131lar da&#8230;","datePublished":"2023-12-29T12:23:05+00:00","dateModified":"2023-12-29T12:23:15+00:00","mainEntityOfPage":{"@id":"https:\/\/www.meydan.tv\/az\/article\/bayramqabagi-bahalasma-saticilar-da-narazidir-alicilar-da\/"},"wordCount":1199,"publisher":{"@id":"https:\/\/www.meydan.tv\/az\/#organization"},"image":{"@id":"https:\/\/www.meydan.tv\/az\/article\/bayramqabagi-bahalasma-saticilar-da-narazidir-alicilar-da\/#primaryimage"},"thumbnailUrl":"https:\/\/www.meydan.tv\/wp-content\/uploads\/bazar2.jpg","articleSection":["B\u00f6lg\u0259","T\u00f6vsiy\u0259","X\u0259b\u0259rl\u0259r"],"inLanguage":"az"},{"@type":"WebPage","@id":"https:\/\/www.meydan.tv\/az\/article\/bayramqabagi-bahalasma-saticilar-da-narazidir-alicilar-da\/","url":"https:\/\/www.meydan.tv\/az\/article\/bayramqabagi-bahalasma-saticilar-da-narazidir-alicilar-da\/","name":"Bayramqaba\u011f\u0131 bahala\u015fma: sat\u0131c\u0131lar da naraz\u0131d\u0131r, al\u0131c\u0131lar da... - MEYDAN.TV","isPartOf":{"@id":"https:\/\/www.meydan.tv\/az\/#website"},"primaryImageOfPage":{"@id":"https:\/\/www.meydan.tv\/az\/article\/bayramqabagi-bahalasma-saticilar-da-narazidir-alicilar-da\/#primaryimage"},"image":{"@id":"https:\/\/www.meydan.tv\/az\/article\/bayramqabagi-bahalasma-saticilar-da-narazidir-alicilar-da\/#primaryimage"},"thumbnailUrl":"https:\/\/www.meydan.tv\/wp-content\/uploads\/bazar2.jpg","datePublished":"2023-12-29T12:23:05+00:00","dateModified":"2023-12-29T12:23:15+00:00","breadcrumb":{"@id":"https:\/\/www.meydan.tv\/az\/article\/bayramqabagi-bahalasma-saticilar-da-narazidir-alicilar-da\/#breadcrumb"},"inLanguage":"az","potentialAction":[{"@type":"ReadAction","target":["https:\/\/www.meydan.tv\/az\/article\/bayramqabagi-bahalasma-saticilar-da-narazidir-alicilar-da\/"]}]},{"@type":"ImageObject","inLanguage":"az","@id":"https:\/\/www.meydan.tv\/az\/article\/bayramqabagi-bahalasma-saticilar-da-narazidir-alicilar-da\/#primaryimage","url":"https:\/\/www.meydan.tv\/wp-content\/uploads\/bazar2.jpg","contentUrl":"https:\/\/www.meydan.tv\/wp-content\/uploads\/bazar2.jpg","width":1200,"height":675,"caption":"Fotolar: Meydan TV"},{"@type":"BreadcrumbList","@id":"https:\/\/www.meydan.tv\/az\/article\/bayramqabagi-bahalasma-saticilar-da-narazidir-alicilar-da\/#breadcrumb","itemListElement":[{"@type":"ListItem","position":1,"name":"Ana s\u0259hif\u0259","item":"https:\/\/www.meydan.tv\/az\/"},{"@type":"ListItem","position":2,"name":"B\u00f6lg\u0259","item":"https:\/\/www.meydan.tv\/az\/section\/bolge\/"},{"@type":"ListItem","position":3,"name":"Bayramqaba\u011f\u0131 bahala\u015fma: sat\u0131c\u0131lar da naraz\u0131d\u0131r, al\u0131c\u0131lar da&#8230;"}]},{"@type":"WebSite","@id":"https:\/\/www.meydan.tv\/az\/#website","url":"https:\/\/www.meydan.tv\/az\/","name":"MEYDAN.TV","description":"Meydan TV Az\u0259rbaycan\u0131n media m\u0259kan\u0131ndak\u0131 alternativ s\u0259sidir","publisher":{"@id":"https:\/\/www.meydan.tv\/az\/#organization"},"potentialAction":[{"@type":"SearchAction","target":{"@type":"EntryPoint","urlTemplate":"https:\/\/www.meydan.tv\/az\/?s={search_term_string}"},"query-input":{"@type":"PropertyValueSpecification","valueRequired":true,"valueName":"search_term_string"}}],"inLanguage":"az"},{"@type":"Organization","@id":"https:\/\/www.meydan.tv\/az\/#organization","name":"Meydan TV","url":"https:\/\/www.meydan.tv\/az\/","logo":{"@type":"ImageObject","inLanguage":"az","@id":"https:\/\/www.meydan.tv\/az\/#\/schema\/logo\/image\/","url":"https:\/\/www.meydan.tv\/wp-content\/uploads\/2021\/07\/meydan-logo.svg","contentUrl":"https:\/\/www.meydan.tv\/wp-content\/uploads\/2021\/07\/meydan-logo.svg","width":195,"height":46,"caption":"Meydan TV"},"image":{"@id":"https:\/\/www.meydan.tv\/az\/#\/schema\/logo\/image\/"}},{"@type":"Person","@id":"https:\/\/www.meydan.tv\/az\/#\/schema\/person\/9cdbecf90d17180ce1dfbd95b08dcf47","name":"elli","sameAs":["https:\/\/x.com\/elli"]}]}},"_links":{"self":[{"href":"https:\/\/www.meydan.tv\/az\/wp-json\/wp\/v2\/posts\/294396","targetHints":{"allow":["GET"]}}],"collection":[{"href":"https:\/\/www.meydan.tv\/az\/wp-json\/wp\/v2\/posts"}],"about":[{"href":"https:\/\/www.meydan.tv\/az\/wp-json\/wp\/v2\/types\/post"}],"author":[{"embeddable":true,"href":"https:\/\/www.meydan.tv\/az\/wp-json\/wp\/v2\/users\/8"}],"replies":[{"embeddable":true,"href":"https:\/\/www.meydan.tv\/az\/wp-json\/wp\/v2\/comments?post=294396"}],"version-history":[{"count":3,"href":"https:\/\/www.meydan.tv\/az\/wp-json\/wp\/v2\/posts\/294396\/revisions"}],"predecessor-version":[{"id":294428,"href":"https:\/\/www.meydan.tv\/az\/wp-json\/wp\/v2\/posts\/294396\/revisions\/294428"}],"wp:featuredmedia":[{"embeddable":true,"href":"https:\/\/www.meydan.tv\/az\/wp-json\/wp\/v2\/media\/294420"}],"wp:attachment":[{"href":"https:\/\/www.meydan.tv\/az\/wp-json\/wp\/v2\/media?parent=294396"}],"wp:term":[{"taxonomy":"category","embeddable":true,"href":"https:\/\/www.meydan.tv\/az\/wp-json\/wp\/v2\/categories?post=294396"},{"taxonomy":"post_tag","embeddable":true,"href":"https:\/\/www.meydan.tv\/az\/wp-json\/wp\/v2\/tags?post=294396"}],"curies":[{"name":"wp","href":"https:\/\/api.w.org\/{rel}","templated":true}]}}