{"id":294348,"date":"2023-12-29T14:12:02","date_gmt":"2023-12-29T10:12:02","guid":{"rendered":"https:\/\/www.meydan.tv\/?p=294348"},"modified":"2023-12-29T14:12:05","modified_gmt":"2023-12-29T10:12:05","slug":"12-yasli-qizini-nisanlayan-aile-qizin-oz-isteyi-olub-deyir","status":"publish","type":"post","link":"https:\/\/www.meydan.tv\/az\/article\/12-yasli-qizini-nisanlayan-aile-qizin-oz-isteyi-olub-deyir\/","title":{"rendered":"12 ya\u015fl\u0131 q\u0131z\u0131n\u0131 ni\u015fanlayan ail\u0259 \u201cq\u0131z\u0131n \u00f6z ist\u0259yi olub\u201d deyir"},"content":{"rendered":"\n<p><\/p>\n\n\n\n<p><strong><em>D\u00f6vl\u0259t qurumlar\u0131n\u0131n m\u00fcdaxil\u0259sind\u0259n sonra toy planlar\u0131n\u0131n t\u0259xir\u0259 sal\u0131nd\u0131\u011f\u0131 bildirilir<\/em><\/strong><\/p>\n\n\n\n<p>Sabirabad\u0131n M\u0259mi\u015fli k\u0259ndind\u0259 12 ya\u015fl\u0131 q\u0131z \u00f6z\u00fcnd\u0259n 20 ya\u015f b\u00f6y\u00fck ki\u015fi il\u0259 ni\u015fanland\u0131r\u0131l\u0131b. K\u0259nd sakinl\u0259ri bildiribl\u0259r ki, ail\u0259l\u0259r aras\u0131nda raz\u0131l\u0131q olub, ni\u015fan m\u0259rasimi ke\u00e7irilib. Lakin d\u00f6vl\u0259t qurumlar\u0131 i\u015f\u0259 qar\u0131\u015fandan sonra toy dayand\u0131r\u0131l\u0131b. Halbuki yax\u0131n bir-iki il\u0259 toyla ba\u011fl\u0131 planlar olub.<\/p>\n\n\n\n<p>Ail\u0259, Qad\u0131n v\u0259 U\u015faq Probleml\u0259ri \u00fczr\u0259 D\u00f6vl\u0259t Komit\u0259sinin M\u0259tbuat Xidm\u0259tinin r\u0259hb\u0259ri Teymur M\u0259rdano\u011flu bildirib ki, faktla ba\u011fl\u0131 daxil olan m\u0259lumat \u0259sas\u0131nda ail\u0259 il\u0259 dan\u0131\u015f\u0131qlar apar\u0131l\u0131b v\u0259 fakt \u00f6z t\u0259sdiqini tap\u0131b.<\/p>\n\n\n\n<p><em>\u201cM\u0259lumat daxil olan kimi Komit\u0259nin Sabirabad Rayon U\u015faq v\u0259 Ail\u0259l\u0259r\u0259 D\u0259st\u0259k M\u0259rk\u0259zinin, Sabirabad Rayon \u0130cra Hakimiyy\u0259ti ba\u015f\u00e7\u0131s\u0131 yan\u0131nda Yetkinlik Ya\u015f\u0131na \u00e7atmayanlar\u0131n i\u015fl\u0259ri v\u0259 h\u00fcquqlar\u0131n\u0131n m\u00fcdafi\u0259si \u00fczr\u0259 Komissiyan\u0131n v\u0259 polis \u0259m\u0259kda\u015flar\u0131 ail\u0259 il\u0259 g\u00f6r\u00fc\u015f\u00fcbl\u0259r\u201d<\/em>,-M\u0259rdano\u011flu deyib.<\/p>\n\n\n\n<p>Komit\u0259 s\u00f6z\u00e7\u00fcs\u00fcn\u00fcn s\u00f6zl\u0259rin\u0259 g\u00f6r\u0259, ail\u0259 ba\u015f\u00e7\u0131lar\u0131n\u0131n izahatlar\u0131 al\u0131n\u0131b, qanunla erk\u0259n ya\u015fda nikaha t\u0259hrik etm\u0259nin m\u0259suliyy\u0259t yaratd\u0131\u011f\u0131 onlara izah edilib. Ail\u0259 ba\u015f\u00e7\u0131lar\u0131 bildiribl\u0259r ki, q\u0131z 18 ya\u015f\u0131na \u00e7atandan sonra toy m\u0259rasimi ba\u015f tutacaq. Ail\u0259l\u0259r m\u0259cburetm\u0259 olmad\u0131\u011f\u0131n\u0131, q\u0131z\u0131n \u00f6z ist\u0259yi il\u0259 ni\u015fanland\u0131\u011f\u0131n\u0131 deyibl\u0259r.<\/p>\n\n\n\n<p><em>\u201cAil\u0259 aidiyyat\u0131 orqanlar t\u0259r\u0259find\u0259n n\u0259zar\u0259td\u0259 saxlan\u0131lacaq, azya\u015fl\u0131 t\u0259hsilini davam etdirir. Q\u0131zla psixoloji s\u00f6hb\u0259tl\u0259r apar\u0131lacaq\u201d<\/em>.<\/p>\n\n\n\n<p>D\u0130N M\u0259tbuat Xidm\u0259tinin \u015eirvan Regional Qrupundan is\u0259 bildiribl\u0259r ki, faktla ba\u011fl\u0131 Sabirabad Rayon Polis \u015e\u00f6b\u0259sinin \u0259m\u0259kda\u015flar\u0131 t\u0259r\u0259find\u0259n b\u00fct\u00fcn t\u0259dbirl\u0259r icra olunur. Ara\u015fd\u0131rmalar zaman\u0131 q\u0131z\u0131n 12 ya\u015fl\u0131 oldu\u011fu m\u0259lum olub:<\/p>\n\n\n\n<p><em>\u201cPolis \u0259m\u0259kda\u015flar\u0131 yeniyetm\u0259nin valideynl\u0259ri il\u0259 izahedici s\u00f6hb\u0259tl\u0259r apar\u0131blar, qeyd olunan hal\u0131n h\u00fcquqazidd olmas\u0131 onlar\u0131n diqq\u0259tin\u0259 \u00e7atd\u0131r\u0131l\u0131b. Bundan \u0259lav\u0259, yeniyetm\u0259nin qanunvericiliy\u0259 uy\u011fun olaraq t\u0259hsil\u0259 davam etm\u0259sin\u0259, d\u0259rs\u0259 davamiyy\u0259tin\u0259 m\u00fct\u0259madi n\u0259zar\u0259t olunacaq\u201d<\/em>.<\/p>\n","protected":false},"excerpt":{"rendered":"<p>D\u00f6vl\u0259t qurumlar\u0131n\u0131n m\u00fcdaxil\u0259sind\u0259n sonra toy planlar\u0131n\u0131n t\u0259xir\u0259 sal\u0131nd\u0131\u011f\u0131 bildirilir Sabirabad\u0131n &#8230; <\/p>\n<p class=\"read-more-container\"><a title=\"12 ya\u015fl\u0131 q\u0131z\u0131n\u0131 ni\u015fanlayan ail\u0259 \u201cq\u0131z\u0131n \u00f6z ist\u0259yi olub\u201d deyir\" class=\"read-more button\" href=\"https:\/\/www.meydan.tv\/az\/article\/12-yasli-qizini-nisanlayan-aile-qizin-oz-isteyi-olub-deyir\/#more-294348\" aria-label=\"Read more about 12 ya\u015fl\u0131 q\u0131z\u0131n\u0131 ni\u015fanlayan ail\u0259 \u201cq\u0131z\u0131n \u00f6z ist\u0259yi olub\u201d deyir\">Davam\u0131<\/a><\/p>\n","protected":false},"author":21,"featured_media":255401,"comment_status":"closed","ping_status":"closed","sticky":false,"template":"","format":"standard","meta":{"_acf_changed":false,"_sitemap_exclude":false,"_sitemap_priority":"","_sitemap_frequency":"","footnotes":""},"categories":[62,79,56],"tags":[],"class_list":["post-294348","post","type-post","status-publish","format-standard","has-post-thumbnail","hentry","category-sosial","category-featured","category-xeberler","infinite-scroll-item","generate-columns","tablet-grid-50","mobile-grid-100","grid-parent","grid-33","no-featured-image-padding"],"acf":[],"yoast_head":"<!-- This site is optimized with the Yoast SEO plugin v27.5 - https:\/\/yoast.com\/product\/yoast-seo-wordpress\/ -->\n<title>12 ya\u015fl\u0131 q\u0131z\u0131n\u0131 ni\u015fanlayan ail\u0259 \u201cq\u0131z\u0131n \u00f6z ist\u0259yi olub\u201d deyir - MEYDAN.TV<\/title>\n<meta name=\"robots\" content=\"index, follow, max-snippet:-1, max-image-preview:large, max-video-preview:-1\" \/>\n<link rel=\"canonical\" href=\"https:\/\/www.meydan.tv\/az\/article\/12-yasli-qizini-nisanlayan-aile-qizin-oz-isteyi-olub-deyir\/\" \/>\n<meta property=\"og:locale\" content=\"az_AZ\" \/>\n<meta property=\"og:type\" content=\"article\" \/>\n<meta property=\"og:title\" content=\"12 ya\u015fl\u0131 q\u0131z\u0131n\u0131 ni\u015fanlayan ail\u0259 \u201cq\u0131z\u0131n \u00f6z ist\u0259yi olub\u201d deyir - MEYDAN.TV\" \/>\n<meta property=\"og:description\" content=\"D\u00f6vl\u0259t qurumlar\u0131n\u0131n m\u00fcdaxil\u0259sind\u0259n sonra toy planlar\u0131n\u0131n t\u0259xir\u0259 sal\u0131nd\u0131\u011f\u0131 bildirilir Sabirabad\u0131n ... Davam\u0131\" \/>\n<meta property=\"og:url\" content=\"https:\/\/www.meydan.tv\/az\/article\/12-yasli-qizini-nisanlayan-aile-qizin-oz-isteyi-olub-deyir\/\" \/>\n<meta property=\"og:site_name\" content=\"MEYDAN.TV\" \/>\n<meta property=\"article:published_time\" content=\"2023-12-29T10:12:02+00:00\" \/>\n<meta property=\"article:modified_time\" content=\"2023-12-29T10:12:05+00:00\" \/>\n<meta property=\"og:image\" content=\"https:\/\/www.meydan.tv\/wp-content\/uploads\/384a996a-e7c4-4f66-8ba3-9022a127e48e-e1703844676834.jpeg\" \/>\n\t<meta property=\"og:image:width\" content=\"1200\" \/>\n\t<meta property=\"og:image:height\" content=\"650\" \/>\n\t<meta property=\"og:image:type\" content=\"image\/jpeg\" \/>\n<meta name=\"author\" content=\"mahmud\" \/>\n<meta name=\"twitter:card\" content=\"summary_large_image\" \/>\n<script type=\"application\/ld+json\" class=\"yoast-schema-graph\">{\"@context\":\"https:\\\/\\\/schema.org\",\"@graph\":[{\"@type\":\"Article\",\"@id\":\"https:\\\/\\\/www.meydan.tv\\\/az\\\/article\\\/12-yasli-qizini-nisanlayan-aile-qizin-oz-isteyi-olub-deyir\\\/#article\",\"isPartOf\":{\"@id\":\"https:\\\/\\\/www.meydan.tv\\\/az\\\/article\\\/12-yasli-qizini-nisanlayan-aile-qizin-oz-isteyi-olub-deyir\\\/\"},\"author\":{\"name\":\"mahmud\",\"@id\":\"https:\\\/\\\/www.meydan.tv\\\/az\\\/#\\\/schema\\\/person\\\/09863e516102a829e72bedcf3f84c6b0\"},\"headline\":\"12 ya\u015fl\u0131 q\u0131z\u0131n\u0131 ni\u015fanlayan ail\u0259 \u201cq\u0131z\u0131n \u00f6z ist\u0259yi olub\u201d deyir\",\"datePublished\":\"2023-12-29T10:12:02+00:00\",\"dateModified\":\"2023-12-29T10:12:05+00:00\",\"mainEntityOfPage\":{\"@id\":\"https:\\\/\\\/www.meydan.tv\\\/az\\\/article\\\/12-yasli-qizini-nisanlayan-aile-qizin-oz-isteyi-olub-deyir\\\/\"},\"wordCount\":427,\"publisher\":{\"@id\":\"https:\\\/\\\/www.meydan.tv\\\/az\\\/#organization\"},\"image\":{\"@id\":\"https:\\\/\\\/www.meydan.tv\\\/az\\\/article\\\/12-yasli-qizini-nisanlayan-aile-qizin-oz-isteyi-olub-deyir\\\/#primaryimage\"},\"thumbnailUrl\":\"https:\\\/\\\/www.meydan.tv\\\/wp-content\\\/uploads\\\/384a996a-e7c4-4f66-8ba3-9022a127e48e-e1703844676834.jpeg\",\"articleSection\":[\"Sosial\",\"T\u00f6vsiy\u0259\",\"X\u0259b\u0259rl\u0259r\"],\"inLanguage\":\"az\"},{\"@type\":\"WebPage\",\"@id\":\"https:\\\/\\\/www.meydan.tv\\\/az\\\/article\\\/12-yasli-qizini-nisanlayan-aile-qizin-oz-isteyi-olub-deyir\\\/\",\"url\":\"https:\\\/\\\/www.meydan.tv\\\/az\\\/article\\\/12-yasli-qizini-nisanlayan-aile-qizin-oz-isteyi-olub-deyir\\\/\",\"name\":\"12 ya\u015fl\u0131 q\u0131z\u0131n\u0131 ni\u015fanlayan ail\u0259 \u201cq\u0131z\u0131n \u00f6z ist\u0259yi olub\u201d deyir - MEYDAN.TV\",\"isPartOf\":{\"@id\":\"https:\\\/\\\/www.meydan.tv\\\/az\\\/#website\"},\"primaryImageOfPage\":{\"@id\":\"https:\\\/\\\/www.meydan.tv\\\/az\\\/article\\\/12-yasli-qizini-nisanlayan-aile-qizin-oz-isteyi-olub-deyir\\\/#primaryimage\"},\"image\":{\"@id\":\"https:\\\/\\\/www.meydan.tv\\\/az\\\/article\\\/12-yasli-qizini-nisanlayan-aile-qizin-oz-isteyi-olub-deyir\\\/#primaryimage\"},\"thumbnailUrl\":\"https:\\\/\\\/www.meydan.tv\\\/wp-content\\\/uploads\\\/384a996a-e7c4-4f66-8ba3-9022a127e48e-e1703844676834.jpeg\",\"datePublished\":\"2023-12-29T10:12:02+00:00\",\"dateModified\":\"2023-12-29T10:12:05+00:00\",\"breadcrumb\":{\"@id\":\"https:\\\/\\\/www.meydan.tv\\\/az\\\/article\\\/12-yasli-qizini-nisanlayan-aile-qizin-oz-isteyi-olub-deyir\\\/#breadcrumb\"},\"inLanguage\":\"az\",\"potentialAction\":[{\"@type\":\"ReadAction\",\"target\":[\"https:\\\/\\\/www.meydan.tv\\\/az\\\/article\\\/12-yasli-qizini-nisanlayan-aile-qizin-oz-isteyi-olub-deyir\\\/\"]}]},{\"@type\":\"ImageObject\",\"inLanguage\":\"az\",\"@id\":\"https:\\\/\\\/www.meydan.tv\\\/az\\\/article\\\/12-yasli-qizini-nisanlayan-aile-qizin-oz-isteyi-olub-deyir\\\/#primaryimage\",\"url\":\"https:\\\/\\\/www.meydan.tv\\\/wp-content\\\/uploads\\\/384a996a-e7c4-4f66-8ba3-9022a127e48e-e1703844676834.jpeg\",\"contentUrl\":\"https:\\\/\\\/www.meydan.tv\\\/wp-content\\\/uploads\\\/384a996a-e7c4-4f66-8ba3-9022a127e48e-e1703844676834.jpeg\",\"width\":1200,\"height\":650,\"caption\":\"Azya\u015fl\u0131lar\u0131n evl\u0259nm\u0259si. Foto: Meydan TV\"},{\"@type\":\"BreadcrumbList\",\"@id\":\"https:\\\/\\\/www.meydan.tv\\\/az\\\/article\\\/12-yasli-qizini-nisanlayan-aile-qizin-oz-isteyi-olub-deyir\\\/#breadcrumb\",\"itemListElement\":[{\"@type\":\"ListItem\",\"position\":1,\"name\":\"Ana s\u0259hif\u0259\",\"item\":\"https:\\\/\\\/www.meydan.tv\\\/az\\\/\"},{\"@type\":\"ListItem\",\"position\":2,\"name\":\"Sosial\",\"item\":\"https:\\\/\\\/www.meydan.tv\\\/az\\\/section\\\/sosial\\\/\"},{\"@type\":\"ListItem\",\"position\":3,\"name\":\"12 ya\u015fl\u0131 q\u0131z\u0131n\u0131 ni\u015fanlayan ail\u0259 \u201cq\u0131z\u0131n \u00f6z ist\u0259yi olub\u201d deyir\"}]},{\"@type\":\"WebSite\",\"@id\":\"https:\\\/\\\/www.meydan.tv\\\/az\\\/#website\",\"url\":\"https:\\\/\\\/www.meydan.tv\\\/az\\\/\",\"name\":\"MEYDAN.TV\",\"description\":\"Meydan TV Az\u0259rbaycan\u0131n media m\u0259kan\u0131ndak\u0131 alternativ s\u0259sidir\",\"publisher\":{\"@id\":\"https:\\\/\\\/www.meydan.tv\\\/az\\\/#organization\"},\"potentialAction\":[{\"@type\":\"SearchAction\",\"target\":{\"@type\":\"EntryPoint\",\"urlTemplate\":\"https:\\\/\\\/www.meydan.tv\\\/az\\\/?s={search_term_string}\"},\"query-input\":{\"@type\":\"PropertyValueSpecification\",\"valueRequired\":true,\"valueName\":\"search_term_string\"}}],\"inLanguage\":\"az\"},{\"@type\":\"Organization\",\"@id\":\"https:\\\/\\\/www.meydan.tv\\\/az\\\/#organization\",\"name\":\"Meydan TV\",\"url\":\"https:\\\/\\\/www.meydan.tv\\\/az\\\/\",\"logo\":{\"@type\":\"ImageObject\",\"inLanguage\":\"az\",\"@id\":\"https:\\\/\\\/www.meydan.tv\\\/az\\\/#\\\/schema\\\/logo\\\/image\\\/\",\"url\":\"https:\\\/\\\/www.meydan.tv\\\/wp-content\\\/uploads\\\/2021\\\/07\\\/meydan-logo.svg\",\"contentUrl\":\"https:\\\/\\\/www.meydan.tv\\\/wp-content\\\/uploads\\\/2021\\\/07\\\/meydan-logo.svg\",\"width\":195,\"height\":46,\"caption\":\"Meydan TV\"},\"image\":{\"@id\":\"https:\\\/\\\/www.meydan.tv\\\/az\\\/#\\\/schema\\\/logo\\\/image\\\/\"}},{\"@type\":\"Person\",\"@id\":\"https:\\\/\\\/www.meydan.tv\\\/az\\\/#\\\/schema\\\/person\\\/09863e516102a829e72bedcf3f84c6b0\",\"name\":\"mahmud\"}]}<\/script>\n<!-- \/ Yoast SEO plugin. -->","yoast_head_json":{"title":"12 ya\u015fl\u0131 q\u0131z\u0131n\u0131 ni\u015fanlayan ail\u0259 \u201cq\u0131z\u0131n \u00f6z ist\u0259yi olub\u201d deyir - MEYDAN.TV","robots":{"index":"index","follow":"follow","max-snippet":"max-snippet:-1","max-image-preview":"max-image-preview:large","max-video-preview":"max-video-preview:-1"},"canonical":"https:\/\/www.meydan.tv\/az\/article\/12-yasli-qizini-nisanlayan-aile-qizin-oz-isteyi-olub-deyir\/","og_locale":"az_AZ","og_type":"article","og_title":"12 ya\u015fl\u0131 q\u0131z\u0131n\u0131 ni\u015fanlayan ail\u0259 \u201cq\u0131z\u0131n \u00f6z ist\u0259yi olub\u201d deyir - MEYDAN.TV","og_description":"D\u00f6vl\u0259t qurumlar\u0131n\u0131n m\u00fcdaxil\u0259sind\u0259n sonra toy planlar\u0131n\u0131n t\u0259xir\u0259 sal\u0131nd\u0131\u011f\u0131 bildirilir Sabirabad\u0131n ... Davam\u0131","og_url":"https:\/\/www.meydan.tv\/az\/article\/12-yasli-qizini-nisanlayan-aile-qizin-oz-isteyi-olub-deyir\/","og_site_name":"MEYDAN.TV","article_published_time":"2023-12-29T10:12:02+00:00","article_modified_time":"2023-12-29T10:12:05+00:00","og_image":[{"width":1200,"height":650,"url":"https:\/\/www.meydan.tv\/wp-content\/uploads\/384a996a-e7c4-4f66-8ba3-9022a127e48e-e1703844676834.jpeg","type":"image\/jpeg"}],"author":"mahmud","twitter_card":"summary_large_image","schema":{"@context":"https:\/\/schema.org","@graph":[{"@type":"Article","@id":"https:\/\/www.meydan.tv\/az\/article\/12-yasli-qizini-nisanlayan-aile-qizin-oz-isteyi-olub-deyir\/#article","isPartOf":{"@id":"https:\/\/www.meydan.tv\/az\/article\/12-yasli-qizini-nisanlayan-aile-qizin-oz-isteyi-olub-deyir\/"},"author":{"name":"mahmud","@id":"https:\/\/www.meydan.tv\/az\/#\/schema\/person\/09863e516102a829e72bedcf3f84c6b0"},"headline":"12 ya\u015fl\u0131 q\u0131z\u0131n\u0131 ni\u015fanlayan ail\u0259 \u201cq\u0131z\u0131n \u00f6z ist\u0259yi olub\u201d deyir","datePublished":"2023-12-29T10:12:02+00:00","dateModified":"2023-12-29T10:12:05+00:00","mainEntityOfPage":{"@id":"https:\/\/www.meydan.tv\/az\/article\/12-yasli-qizini-nisanlayan-aile-qizin-oz-isteyi-olub-deyir\/"},"wordCount":427,"publisher":{"@id":"https:\/\/www.meydan.tv\/az\/#organization"},"image":{"@id":"https:\/\/www.meydan.tv\/az\/article\/12-yasli-qizini-nisanlayan-aile-qizin-oz-isteyi-olub-deyir\/#primaryimage"},"thumbnailUrl":"https:\/\/www.meydan.tv\/wp-content\/uploads\/384a996a-e7c4-4f66-8ba3-9022a127e48e-e1703844676834.jpeg","articleSection":["Sosial","T\u00f6vsiy\u0259","X\u0259b\u0259rl\u0259r"],"inLanguage":"az"},{"@type":"WebPage","@id":"https:\/\/www.meydan.tv\/az\/article\/12-yasli-qizini-nisanlayan-aile-qizin-oz-isteyi-olub-deyir\/","url":"https:\/\/www.meydan.tv\/az\/article\/12-yasli-qizini-nisanlayan-aile-qizin-oz-isteyi-olub-deyir\/","name":"12 ya\u015fl\u0131 q\u0131z\u0131n\u0131 ni\u015fanlayan ail\u0259 \u201cq\u0131z\u0131n \u00f6z ist\u0259yi olub\u201d deyir - MEYDAN.TV","isPartOf":{"@id":"https:\/\/www.meydan.tv\/az\/#website"},"primaryImageOfPage":{"@id":"https:\/\/www.meydan.tv\/az\/article\/12-yasli-qizini-nisanlayan-aile-qizin-oz-isteyi-olub-deyir\/#primaryimage"},"image":{"@id":"https:\/\/www.meydan.tv\/az\/article\/12-yasli-qizini-nisanlayan-aile-qizin-oz-isteyi-olub-deyir\/#primaryimage"},"thumbnailUrl":"https:\/\/www.meydan.tv\/wp-content\/uploads\/384a996a-e7c4-4f66-8ba3-9022a127e48e-e1703844676834.jpeg","datePublished":"2023-12-29T10:12:02+00:00","dateModified":"2023-12-29T10:12:05+00:00","breadcrumb":{"@id":"https:\/\/www.meydan.tv\/az\/article\/12-yasli-qizini-nisanlayan-aile-qizin-oz-isteyi-olub-deyir\/#breadcrumb"},"inLanguage":"az","potentialAction":[{"@type":"ReadAction","target":["https:\/\/www.meydan.tv\/az\/article\/12-yasli-qizini-nisanlayan-aile-qizin-oz-isteyi-olub-deyir\/"]}]},{"@type":"ImageObject","inLanguage":"az","@id":"https:\/\/www.meydan.tv\/az\/article\/12-yasli-qizini-nisanlayan-aile-qizin-oz-isteyi-olub-deyir\/#primaryimage","url":"https:\/\/www.meydan.tv\/wp-content\/uploads\/384a996a-e7c4-4f66-8ba3-9022a127e48e-e1703844676834.jpeg","contentUrl":"https:\/\/www.meydan.tv\/wp-content\/uploads\/384a996a-e7c4-4f66-8ba3-9022a127e48e-e1703844676834.jpeg","width":1200,"height":650,"caption":"Azya\u015fl\u0131lar\u0131n evl\u0259nm\u0259si. Foto: Meydan TV"},{"@type":"BreadcrumbList","@id":"https:\/\/www.meydan.tv\/az\/article\/12-yasli-qizini-nisanlayan-aile-qizin-oz-isteyi-olub-deyir\/#breadcrumb","itemListElement":[{"@type":"ListItem","position":1,"name":"Ana s\u0259hif\u0259","item":"https:\/\/www.meydan.tv\/az\/"},{"@type":"ListItem","position":2,"name":"Sosial","item":"https:\/\/www.meydan.tv\/az\/section\/sosial\/"},{"@type":"ListItem","position":3,"name":"12 ya\u015fl\u0131 q\u0131z\u0131n\u0131 ni\u015fanlayan ail\u0259 \u201cq\u0131z\u0131n \u00f6z ist\u0259yi olub\u201d deyir"}]},{"@type":"WebSite","@id":"https:\/\/www.meydan.tv\/az\/#website","url":"https:\/\/www.meydan.tv\/az\/","name":"MEYDAN.TV","description":"Meydan TV Az\u0259rbaycan\u0131n media m\u0259kan\u0131ndak\u0131 alternativ s\u0259sidir","publisher":{"@id":"https:\/\/www.meydan.tv\/az\/#organization"},"potentialAction":[{"@type":"SearchAction","target":{"@type":"EntryPoint","urlTemplate":"https:\/\/www.meydan.tv\/az\/?s={search_term_string}"},"query-input":{"@type":"PropertyValueSpecification","valueRequired":true,"valueName":"search_term_string"}}],"inLanguage":"az"},{"@type":"Organization","@id":"https:\/\/www.meydan.tv\/az\/#organization","name":"Meydan TV","url":"https:\/\/www.meydan.tv\/az\/","logo":{"@type":"ImageObject","inLanguage":"az","@id":"https:\/\/www.meydan.tv\/az\/#\/schema\/logo\/image\/","url":"https:\/\/www.meydan.tv\/wp-content\/uploads\/2021\/07\/meydan-logo.svg","contentUrl":"https:\/\/www.meydan.tv\/wp-content\/uploads\/2021\/07\/meydan-logo.svg","width":195,"height":46,"caption":"Meydan TV"},"image":{"@id":"https:\/\/www.meydan.tv\/az\/#\/schema\/logo\/image\/"}},{"@type":"Person","@id":"https:\/\/www.meydan.tv\/az\/#\/schema\/person\/09863e516102a829e72bedcf3f84c6b0","name":"mahmud"}]}},"_links":{"self":[{"href":"https:\/\/www.meydan.tv\/az\/wp-json\/wp\/v2\/posts\/294348","targetHints":{"allow":["GET"]}}],"collection":[{"href":"https:\/\/www.meydan.tv\/az\/wp-json\/wp\/v2\/posts"}],"about":[{"href":"https:\/\/www.meydan.tv\/az\/wp-json\/wp\/v2\/types\/post"}],"author":[{"embeddable":true,"href":"https:\/\/www.meydan.tv\/az\/wp-json\/wp\/v2\/users\/21"}],"replies":[{"embeddable":true,"href":"https:\/\/www.meydan.tv\/az\/wp-json\/wp\/v2\/comments?post=294348"}],"version-history":[{"count":1,"href":"https:\/\/www.meydan.tv\/az\/wp-json\/wp\/v2\/posts\/294348\/revisions"}],"predecessor-version":[{"id":294350,"href":"https:\/\/www.meydan.tv\/az\/wp-json\/wp\/v2\/posts\/294348\/revisions\/294350"}],"wp:featuredmedia":[{"embeddable":true,"href":"https:\/\/www.meydan.tv\/az\/wp-json\/wp\/v2\/media\/255401"}],"wp:attachment":[{"href":"https:\/\/www.meydan.tv\/az\/wp-json\/wp\/v2\/media?parent=294348"}],"wp:term":[{"taxonomy":"category","embeddable":true,"href":"https:\/\/www.meydan.tv\/az\/wp-json\/wp\/v2\/categories?post=294348"},{"taxonomy":"post_tag","embeddable":true,"href":"https:\/\/www.meydan.tv\/az\/wp-json\/wp\/v2\/tags?post=294348"}],"curies":[{"name":"wp","href":"https:\/\/api.w.org\/{rel}","templated":true}]}}