{"id":294342,"date":"2023-12-29T13:53:44","date_gmt":"2023-12-29T09:53:44","guid":{"rendered":"https:\/\/www.meydan.tv\/?p=294342"},"modified":"2023-12-29T14:15:59","modified_gmt":"2023-12-29T10:15:59","slug":"fermerler-qiymet-artimini-telebatla-elaqelendirirler","status":"publish","type":"post","link":"https:\/\/www.meydan.tv\/az\/article\/fermerler-qiymet-artimini-telebatla-elaqelendirirler\/","title":{"rendered":"Fermerl\u0259r qiym\u0259t art\u0131m\u0131n\u0131 t\u0259l\u0259batla \u0259laq\u0259l\u0259ndirirl\u0259r"},"content":{"rendered":"\n<p><em><strong>\u201cK\u0259ndl\u0259rd\u0259 \u00f6r\u00fc\u015f yerl\u0259ri azal\u0131b, yem baha ba\u015fa g\u0259ldiyind\u0259n iri t\u0259s\u0259rr\u00fcfatlar saxlamaq s\u0259rf\u0259li deyil\u201d<\/strong><\/em><\/p>\n\n\n\n<p><em>\u201cBayram \u0259r\u0259f\u0259si qoyun \u0259ti, hindu\u015fka bahala\u015f\u0131b. \u00d6t\u0259n h\u0259ft\u0259y\u0259d\u0259k kiloqram\u0131 15 manatdan sat\u0131lan hindu\u015fka 19-20, quzu \u0259ti 18 manata y\u00fcks\u0259lib\u201d<\/em>.<\/p>\n\n\n\n<p>A\u011fda\u015fl\u0131 fermer Hikm\u0259t \u0130smay\u0131lov Meydan TV-y\u0259 dan\u0131\u015f\u0131b ki, daha \u00e7ox quzu v\u0259 hindu\u015fkaya t\u0259l\u0259bat oldu\u011fundan qiym\u0259ti art\u0131r\u0131blar.<\/p>\n\n\n\n<p><em>\u201c\u00d6t\u0259n h\u0259ft\u0259 hindu\u015fka \u0259tinin kiloqram\u0131n\u0131 15 manata verirdik, haz\u0131rda 17 manatad\u0131r. Quzu \u0259ti is\u0259 16-17 manatdan sat\u0131l\u0131r\u201d<\/em>,-fermer deyib.<\/p>\n\n\n\n<p>Onun s\u00f6zl\u0259rin\u0259 g\u00f6r\u0259, hind toyu\u011funa t\u0259l\u0259bat yaln\u0131z bayram \u0259r\u0259f\u0259si olur. Buna g\u00f6r\u0259 d\u0259 bayramdan bir ne\u00e7\u0259 g\u00fcn sonra qiym\u0259t en\u0259c\u0259k. Quzu \u0259ti is\u0259 \u0259ksin\u0259 20 manatad\u0259k bahala\u015fa bil\u0259r.<\/p>\n\n\n\n<p>A\u011fda\u015fl\u0131 fermerl\u0259r deyirl\u0259r ki, heyvandarl\u0131q t\u0259s\u0259rr\u00fcfatlar\u0131nda m\u0259hsuldarl\u0131q birba\u015fa yemd\u0259n as\u0131l\u0131d\u0131r. Bu il A\u011fda\u015fda x\u00fcsusil\u0259 yoncan\u0131n m\u0259hsuldarl\u0131\u011f\u0131 a\u015fa\u011f\u0131 olub. Su \u00e7at\u0131\u015fmazl\u0131\u011f\u0131, bir yandan da hava \u015f\u0259raiti m\u0259hsuldarl\u0131\u011fa ciddi t\u0259sir edib. Fermerl\u0259rd\u0259n biri dan\u0131\u015f\u0131b ki, k\u0259ndl\u0259rd\u0259 \u00f6r\u00fc\u015f yerl\u0259ri azal\u0131b, yem baha ba\u015fa g\u0259ldiyind\u0259n iri t\u0259s\u0259rr\u00fcfatlar saxlamaq s\u0259rf\u0259li deyil.<\/p>\n\n\n\n<p>Beyl\u0259qanda da \u0259tin c\u00fczi bahala\u015fmas\u0131 m\u00fc\u015fahid\u0259 edilir. Fermerl\u0259r bildiribl\u0259r ki, x\u0259rcl\u0259ri art\u0131b, buna g\u00f6r\u0259 d\u0259 bala ver\u0259c\u0259k heyvanlar vaxt\u0131ndan \u0259vv\u0259l k\u0259sim\u0259 gedir.<\/p>\n\n\n\n<p><em>\u201cQ\u0131\u015flaqlarda ot \u00f6rt\u00fcy\u00fc ciddi seyr\u0259lib, x\u0131rdabuynuzli heyvan saxlamaq s\u0259rf\u0259li deyil\u201d,<\/em> &#8211; ad\u0131n\u0131n a\u00e7\u0131qlanmas\u0131n\u0131 ist\u0259m\u0259y\u0259n fermer deyib.<\/p>\n\n\n\n<p>K\u0259nd t\u0259s\u0259rr\u00fcfat\u0131 \u00fczr\u0259 ekspert Vahid M\u0259h\u0259rr\u0259mli bildirib ki, quzu \u0259ti istehsal\u0131 a\u015fa\u011f\u0131 d\u00fc\u015f\u00fcb. Son 1 ild\u0259 x\u0131rdabuynuzlu heyvanlar\u0131n say\u0131nda 770 min ba\u015fdan \u00e7ox azalma var. Art\u0131q heyvandarl\u0131qla m\u0259\u015f\u011ful olanlar\u0131n say\u0131 da azal\u0131b. Bu is\u0259 \u00f6r\u00fc\u015f sah\u0259l\u0259rinin azalmas\u0131 il\u0259 ba\u011fl\u0131d\u0131r.<\/p>\n\n\n\n<p>M\u0259h\u0259rr\u0259mli hesab edir ki, Az\u0259rbaycan idxaldan as\u0131l\u0131 v\u0259ziyy\u0259t\u0259 d\u00fc\u015f\u00fcb. Buna g\u00f6r\u0259 d\u0259 bazarda qiym\u0259tl\u0259rin k\u0259skin d\u0259yi\u015fm\u0259si bir m\u00fcdd\u0259t davam ed\u0259c\u0259k:<\/p>\n\n\n\n<p><em>\u201cRusiyada dana \u0259ti 8 manatad\u0131r, Az\u0259rbaycanda is\u0259 20 manatd\u0131r. Buna g\u00f6r\u0259 d\u0259 h\u00f6k\u00fcm\u0259t \u00e7al\u0131\u015f\u0131b daxili bazara fikir verm\u0259lidir\u201d<\/em>.<\/p>\n\n\n\n<p>R\u0259smi statistikaya \u0259sas\u0259n, bu ilin oktyabr\u0131n 1-d\u0259k \u00f6t\u0259n il\u0259 nisb\u0259td\u0259 iribuynuzlu heyvanlar\u0131n say\u0131nda 4.3, x\u0131rdabuynuzlu heyvanlar\u0131n say\u0131nda is\u0259 8.9 faiz azalma qeyd\u0259 al\u0131n\u0131b. Bu is\u0259 son on ilin \u0259n a\u015fa\u011f\u0131 h\u0259ddi hesab olunur.<\/p>\n\n\n\n<p><\/p>\n\n\n\n<p><\/p>\n\n\n\n<p><\/p>\n\n\n\n<p><\/p>\n\n\n\n<p><\/p>\n\n\n\n<p><\/p>\n","protected":false},"excerpt":{"rendered":"<p>\u201cK\u0259ndl\u0259rd\u0259 \u00f6r\u00fc\u015f yerl\u0259ri azal\u0131b, yem baha ba\u015fa g\u0259ldiyind\u0259n iri t\u0259s\u0259rr\u00fcfatlar &#8230; <\/p>\n<p class=\"read-more-container\"><a title=\"Fermerl\u0259r qiym\u0259t art\u0131m\u0131n\u0131 t\u0259l\u0259batla \u0259laq\u0259l\u0259ndirirl\u0259r\" class=\"read-more button\" href=\"https:\/\/www.meydan.tv\/az\/article\/fermerler-qiymet-artimini-telebatla-elaqelendirirler\/#more-294342\" aria-label=\"Read more about Fermerl\u0259r qiym\u0259t art\u0131m\u0131n\u0131 t\u0259l\u0259batla \u0259laq\u0259l\u0259ndirirl\u0259r\">Davam\u0131<\/a><\/p>\n","protected":false},"author":21,"featured_media":106814,"comment_status":"closed","ping_status":"closed","sticky":false,"template":"","format":"standard","meta":{"_acf_changed":false,"_sitemap_exclude":false,"_sitemap_priority":"","_sitemap_frequency":"","footnotes":""},"categories":[60,62,56],"tags":[],"class_list":["post-294342","post","type-post","status-publish","format-standard","has-post-thumbnail","hentry","category-bolge","category-sosial","category-xeberler","infinite-scroll-item","generate-columns","tablet-grid-50","mobile-grid-100","grid-parent","grid-33","no-featured-image-padding"],"acf":[],"yoast_head":"<!-- This site is optimized with the Yoast SEO plugin v27.4 - https:\/\/yoast.com\/product\/yoast-seo-wordpress\/ -->\n<title>Fermerl\u0259r qiym\u0259t art\u0131m\u0131n\u0131 t\u0259l\u0259batla \u0259laq\u0259l\u0259ndirirl\u0259r - MEYDAN.TV<\/title>\n<meta name=\"robots\" content=\"index, follow, max-snippet:-1, max-image-preview:large, max-video-preview:-1\" \/>\n<link rel=\"canonical\" href=\"https:\/\/www.meydan.tv\/az\/article\/fermerler-qiymet-artimini-telebatla-elaqelendirirler\/\" \/>\n<meta property=\"og:locale\" content=\"az_AZ\" \/>\n<meta property=\"og:type\" content=\"article\" \/>\n<meta property=\"og:title\" content=\"Fermerl\u0259r qiym\u0259t art\u0131m\u0131n\u0131 t\u0259l\u0259batla \u0259laq\u0259l\u0259ndirirl\u0259r - MEYDAN.TV\" \/>\n<meta property=\"og:description\" content=\"\u201cK\u0259ndl\u0259rd\u0259 \u00f6r\u00fc\u015f yerl\u0259ri azal\u0131b, yem baha ba\u015fa g\u0259ldiyind\u0259n iri t\u0259s\u0259rr\u00fcfatlar ... Davam\u0131\" \/>\n<meta property=\"og:url\" content=\"https:\/\/www.meydan.tv\/az\/article\/fermerler-qiymet-artimini-telebatla-elaqelendirirler\/\" \/>\n<meta property=\"og:site_name\" content=\"MEYDAN.TV\" \/>\n<meta property=\"article:published_time\" content=\"2023-12-29T09:53:44+00:00\" \/>\n<meta property=\"article:modified_time\" content=\"2023-12-29T10:15:59+00:00\" \/>\n<meta property=\"og:image\" content=\"https:\/\/www.meydan.tv\/wp-content\/uploads\/42425.jpg\" \/>\n\t<meta property=\"og:image:width\" content=\"700\" \/>\n\t<meta property=\"og:image:height\" content=\"440\" \/>\n\t<meta property=\"og:image:type\" content=\"image\/jpeg\" \/>\n<meta name=\"author\" content=\"mahmud\" \/>\n<meta name=\"twitter:card\" content=\"summary_large_image\" \/>\n<script type=\"application\/ld+json\" class=\"yoast-schema-graph\">{\"@context\":\"https:\\\/\\\/schema.org\",\"@graph\":[{\"@type\":\"Article\",\"@id\":\"https:\\\/\\\/www.meydan.tv\\\/az\\\/article\\\/fermerler-qiymet-artimini-telebatla-elaqelendirirler\\\/#article\",\"isPartOf\":{\"@id\":\"https:\\\/\\\/www.meydan.tv\\\/az\\\/article\\\/fermerler-qiymet-artimini-telebatla-elaqelendirirler\\\/\"},\"author\":{\"name\":\"mahmud\",\"@id\":\"https:\\\/\\\/www.meydan.tv\\\/az\\\/#\\\/schema\\\/person\\\/09863e516102a829e72bedcf3f84c6b0\"},\"headline\":\"Fermerl\u0259r qiym\u0259t art\u0131m\u0131n\u0131 t\u0259l\u0259batla \u0259laq\u0259l\u0259ndirirl\u0259r\",\"datePublished\":\"2023-12-29T09:53:44+00:00\",\"dateModified\":\"2023-12-29T10:15:59+00:00\",\"mainEntityOfPage\":{\"@id\":\"https:\\\/\\\/www.meydan.tv\\\/az\\\/article\\\/fermerler-qiymet-artimini-telebatla-elaqelendirirler\\\/\"},\"wordCount\":490,\"publisher\":{\"@id\":\"https:\\\/\\\/www.meydan.tv\\\/az\\\/#organization\"},\"image\":{\"@id\":\"https:\\\/\\\/www.meydan.tv\\\/az\\\/article\\\/fermerler-qiymet-artimini-telebatla-elaqelendirirler\\\/#primaryimage\"},\"thumbnailUrl\":\"https:\\\/\\\/www.meydan.tv\\\/wp-content\\\/uploads\\\/42425.jpg\",\"articleSection\":[\"B\u00f6lg\u0259\",\"Sosial\",\"X\u0259b\u0259rl\u0259r\"],\"inLanguage\":\"az\"},{\"@type\":\"WebPage\",\"@id\":\"https:\\\/\\\/www.meydan.tv\\\/az\\\/article\\\/fermerler-qiymet-artimini-telebatla-elaqelendirirler\\\/\",\"url\":\"https:\\\/\\\/www.meydan.tv\\\/az\\\/article\\\/fermerler-qiymet-artimini-telebatla-elaqelendirirler\\\/\",\"name\":\"Fermerl\u0259r qiym\u0259t art\u0131m\u0131n\u0131 t\u0259l\u0259batla \u0259laq\u0259l\u0259ndirirl\u0259r - MEYDAN.TV\",\"isPartOf\":{\"@id\":\"https:\\\/\\\/www.meydan.tv\\\/az\\\/#website\"},\"primaryImageOfPage\":{\"@id\":\"https:\\\/\\\/www.meydan.tv\\\/az\\\/article\\\/fermerler-qiymet-artimini-telebatla-elaqelendirirler\\\/#primaryimage\"},\"image\":{\"@id\":\"https:\\\/\\\/www.meydan.tv\\\/az\\\/article\\\/fermerler-qiymet-artimini-telebatla-elaqelendirirler\\\/#primaryimage\"},\"thumbnailUrl\":\"https:\\\/\\\/www.meydan.tv\\\/wp-content\\\/uploads\\\/42425.jpg\",\"datePublished\":\"2023-12-29T09:53:44+00:00\",\"dateModified\":\"2023-12-29T10:15:59+00:00\",\"breadcrumb\":{\"@id\":\"https:\\\/\\\/www.meydan.tv\\\/az\\\/article\\\/fermerler-qiymet-artimini-telebatla-elaqelendirirler\\\/#breadcrumb\"},\"inLanguage\":\"az\",\"potentialAction\":[{\"@type\":\"ReadAction\",\"target\":[\"https:\\\/\\\/www.meydan.tv\\\/az\\\/article\\\/fermerler-qiymet-artimini-telebatla-elaqelendirirler\\\/\"]}]},{\"@type\":\"ImageObject\",\"inLanguage\":\"az\",\"@id\":\"https:\\\/\\\/www.meydan.tv\\\/az\\\/article\\\/fermerler-qiymet-artimini-telebatla-elaqelendirirler\\\/#primaryimage\",\"url\":\"https:\\\/\\\/www.meydan.tv\\\/wp-content\\\/uploads\\\/42425.jpg\",\"contentUrl\":\"https:\\\/\\\/www.meydan.tv\\\/wp-content\\\/uploads\\\/42425.jpg\",\"width\":700,\"height\":440,\"caption\":\"Source: arxiv\"},{\"@type\":\"BreadcrumbList\",\"@id\":\"https:\\\/\\\/www.meydan.tv\\\/az\\\/article\\\/fermerler-qiymet-artimini-telebatla-elaqelendirirler\\\/#breadcrumb\",\"itemListElement\":[{\"@type\":\"ListItem\",\"position\":1,\"name\":\"Ana s\u0259hif\u0259\",\"item\":\"https:\\\/\\\/www.meydan.tv\\\/az\\\/\"},{\"@type\":\"ListItem\",\"position\":2,\"name\":\"B\u00f6lg\u0259\",\"item\":\"https:\\\/\\\/www.meydan.tv\\\/az\\\/section\\\/bolge\\\/\"},{\"@type\":\"ListItem\",\"position\":3,\"name\":\"Fermerl\u0259r qiym\u0259t art\u0131m\u0131n\u0131 t\u0259l\u0259batla \u0259laq\u0259l\u0259ndirirl\u0259r\"}]},{\"@type\":\"WebSite\",\"@id\":\"https:\\\/\\\/www.meydan.tv\\\/az\\\/#website\",\"url\":\"https:\\\/\\\/www.meydan.tv\\\/az\\\/\",\"name\":\"MEYDAN.TV\",\"description\":\"Meydan TV Az\u0259rbaycan\u0131n media m\u0259kan\u0131ndak\u0131 alternativ s\u0259sidir\",\"publisher\":{\"@id\":\"https:\\\/\\\/www.meydan.tv\\\/az\\\/#organization\"},\"potentialAction\":[{\"@type\":\"SearchAction\",\"target\":{\"@type\":\"EntryPoint\",\"urlTemplate\":\"https:\\\/\\\/www.meydan.tv\\\/az\\\/?s={search_term_string}\"},\"query-input\":{\"@type\":\"PropertyValueSpecification\",\"valueRequired\":true,\"valueName\":\"search_term_string\"}}],\"inLanguage\":\"az\"},{\"@type\":\"Organization\",\"@id\":\"https:\\\/\\\/www.meydan.tv\\\/az\\\/#organization\",\"name\":\"Meydan TV\",\"url\":\"https:\\\/\\\/www.meydan.tv\\\/az\\\/\",\"logo\":{\"@type\":\"ImageObject\",\"inLanguage\":\"az\",\"@id\":\"https:\\\/\\\/www.meydan.tv\\\/az\\\/#\\\/schema\\\/logo\\\/image\\\/\",\"url\":\"https:\\\/\\\/www.meydan.tv\\\/wp-content\\\/uploads\\\/2021\\\/07\\\/meydan-logo.svg\",\"contentUrl\":\"https:\\\/\\\/www.meydan.tv\\\/wp-content\\\/uploads\\\/2021\\\/07\\\/meydan-logo.svg\",\"width\":195,\"height\":46,\"caption\":\"Meydan TV\"},\"image\":{\"@id\":\"https:\\\/\\\/www.meydan.tv\\\/az\\\/#\\\/schema\\\/logo\\\/image\\\/\"}},{\"@type\":\"Person\",\"@id\":\"https:\\\/\\\/www.meydan.tv\\\/az\\\/#\\\/schema\\\/person\\\/09863e516102a829e72bedcf3f84c6b0\",\"name\":\"mahmud\"}]}<\/script>\n<!-- \/ Yoast SEO plugin. -->","yoast_head_json":{"title":"Fermerl\u0259r qiym\u0259t art\u0131m\u0131n\u0131 t\u0259l\u0259batla \u0259laq\u0259l\u0259ndirirl\u0259r - MEYDAN.TV","robots":{"index":"index","follow":"follow","max-snippet":"max-snippet:-1","max-image-preview":"max-image-preview:large","max-video-preview":"max-video-preview:-1"},"canonical":"https:\/\/www.meydan.tv\/az\/article\/fermerler-qiymet-artimini-telebatla-elaqelendirirler\/","og_locale":"az_AZ","og_type":"article","og_title":"Fermerl\u0259r qiym\u0259t art\u0131m\u0131n\u0131 t\u0259l\u0259batla \u0259laq\u0259l\u0259ndirirl\u0259r - MEYDAN.TV","og_description":"\u201cK\u0259ndl\u0259rd\u0259 \u00f6r\u00fc\u015f yerl\u0259ri azal\u0131b, yem baha ba\u015fa g\u0259ldiyind\u0259n iri t\u0259s\u0259rr\u00fcfatlar ... Davam\u0131","og_url":"https:\/\/www.meydan.tv\/az\/article\/fermerler-qiymet-artimini-telebatla-elaqelendirirler\/","og_site_name":"MEYDAN.TV","article_published_time":"2023-12-29T09:53:44+00:00","article_modified_time":"2023-12-29T10:15:59+00:00","og_image":[{"width":700,"height":440,"url":"https:\/\/www.meydan.tv\/wp-content\/uploads\/42425.jpg","type":"image\/jpeg"}],"author":"mahmud","twitter_card":"summary_large_image","schema":{"@context":"https:\/\/schema.org","@graph":[{"@type":"Article","@id":"https:\/\/www.meydan.tv\/az\/article\/fermerler-qiymet-artimini-telebatla-elaqelendirirler\/#article","isPartOf":{"@id":"https:\/\/www.meydan.tv\/az\/article\/fermerler-qiymet-artimini-telebatla-elaqelendirirler\/"},"author":{"name":"mahmud","@id":"https:\/\/www.meydan.tv\/az\/#\/schema\/person\/09863e516102a829e72bedcf3f84c6b0"},"headline":"Fermerl\u0259r qiym\u0259t art\u0131m\u0131n\u0131 t\u0259l\u0259batla \u0259laq\u0259l\u0259ndirirl\u0259r","datePublished":"2023-12-29T09:53:44+00:00","dateModified":"2023-12-29T10:15:59+00:00","mainEntityOfPage":{"@id":"https:\/\/www.meydan.tv\/az\/article\/fermerler-qiymet-artimini-telebatla-elaqelendirirler\/"},"wordCount":490,"publisher":{"@id":"https:\/\/www.meydan.tv\/az\/#organization"},"image":{"@id":"https:\/\/www.meydan.tv\/az\/article\/fermerler-qiymet-artimini-telebatla-elaqelendirirler\/#primaryimage"},"thumbnailUrl":"https:\/\/www.meydan.tv\/wp-content\/uploads\/42425.jpg","articleSection":["B\u00f6lg\u0259","Sosial","X\u0259b\u0259rl\u0259r"],"inLanguage":"az"},{"@type":"WebPage","@id":"https:\/\/www.meydan.tv\/az\/article\/fermerler-qiymet-artimini-telebatla-elaqelendirirler\/","url":"https:\/\/www.meydan.tv\/az\/article\/fermerler-qiymet-artimini-telebatla-elaqelendirirler\/","name":"Fermerl\u0259r qiym\u0259t art\u0131m\u0131n\u0131 t\u0259l\u0259batla \u0259laq\u0259l\u0259ndirirl\u0259r - MEYDAN.TV","isPartOf":{"@id":"https:\/\/www.meydan.tv\/az\/#website"},"primaryImageOfPage":{"@id":"https:\/\/www.meydan.tv\/az\/article\/fermerler-qiymet-artimini-telebatla-elaqelendirirler\/#primaryimage"},"image":{"@id":"https:\/\/www.meydan.tv\/az\/article\/fermerler-qiymet-artimini-telebatla-elaqelendirirler\/#primaryimage"},"thumbnailUrl":"https:\/\/www.meydan.tv\/wp-content\/uploads\/42425.jpg","datePublished":"2023-12-29T09:53:44+00:00","dateModified":"2023-12-29T10:15:59+00:00","breadcrumb":{"@id":"https:\/\/www.meydan.tv\/az\/article\/fermerler-qiymet-artimini-telebatla-elaqelendirirler\/#breadcrumb"},"inLanguage":"az","potentialAction":[{"@type":"ReadAction","target":["https:\/\/www.meydan.tv\/az\/article\/fermerler-qiymet-artimini-telebatla-elaqelendirirler\/"]}]},{"@type":"ImageObject","inLanguage":"az","@id":"https:\/\/www.meydan.tv\/az\/article\/fermerler-qiymet-artimini-telebatla-elaqelendirirler\/#primaryimage","url":"https:\/\/www.meydan.tv\/wp-content\/uploads\/42425.jpg","contentUrl":"https:\/\/www.meydan.tv\/wp-content\/uploads\/42425.jpg","width":700,"height":440,"caption":"Source: arxiv"},{"@type":"BreadcrumbList","@id":"https:\/\/www.meydan.tv\/az\/article\/fermerler-qiymet-artimini-telebatla-elaqelendirirler\/#breadcrumb","itemListElement":[{"@type":"ListItem","position":1,"name":"Ana s\u0259hif\u0259","item":"https:\/\/www.meydan.tv\/az\/"},{"@type":"ListItem","position":2,"name":"B\u00f6lg\u0259","item":"https:\/\/www.meydan.tv\/az\/section\/bolge\/"},{"@type":"ListItem","position":3,"name":"Fermerl\u0259r qiym\u0259t art\u0131m\u0131n\u0131 t\u0259l\u0259batla \u0259laq\u0259l\u0259ndirirl\u0259r"}]},{"@type":"WebSite","@id":"https:\/\/www.meydan.tv\/az\/#website","url":"https:\/\/www.meydan.tv\/az\/","name":"MEYDAN.TV","description":"Meydan TV Az\u0259rbaycan\u0131n media m\u0259kan\u0131ndak\u0131 alternativ s\u0259sidir","publisher":{"@id":"https:\/\/www.meydan.tv\/az\/#organization"},"potentialAction":[{"@type":"SearchAction","target":{"@type":"EntryPoint","urlTemplate":"https:\/\/www.meydan.tv\/az\/?s={search_term_string}"},"query-input":{"@type":"PropertyValueSpecification","valueRequired":true,"valueName":"search_term_string"}}],"inLanguage":"az"},{"@type":"Organization","@id":"https:\/\/www.meydan.tv\/az\/#organization","name":"Meydan TV","url":"https:\/\/www.meydan.tv\/az\/","logo":{"@type":"ImageObject","inLanguage":"az","@id":"https:\/\/www.meydan.tv\/az\/#\/schema\/logo\/image\/","url":"https:\/\/www.meydan.tv\/wp-content\/uploads\/2021\/07\/meydan-logo.svg","contentUrl":"https:\/\/www.meydan.tv\/wp-content\/uploads\/2021\/07\/meydan-logo.svg","width":195,"height":46,"caption":"Meydan TV"},"image":{"@id":"https:\/\/www.meydan.tv\/az\/#\/schema\/logo\/image\/"}},{"@type":"Person","@id":"https:\/\/www.meydan.tv\/az\/#\/schema\/person\/09863e516102a829e72bedcf3f84c6b0","name":"mahmud"}]}},"_links":{"self":[{"href":"https:\/\/www.meydan.tv\/az\/wp-json\/wp\/v2\/posts\/294342","targetHints":{"allow":["GET"]}}],"collection":[{"href":"https:\/\/www.meydan.tv\/az\/wp-json\/wp\/v2\/posts"}],"about":[{"href":"https:\/\/www.meydan.tv\/az\/wp-json\/wp\/v2\/types\/post"}],"author":[{"embeddable":true,"href":"https:\/\/www.meydan.tv\/az\/wp-json\/wp\/v2\/users\/21"}],"replies":[{"embeddable":true,"href":"https:\/\/www.meydan.tv\/az\/wp-json\/wp\/v2\/comments?post=294342"}],"version-history":[{"count":3,"href":"https:\/\/www.meydan.tv\/az\/wp-json\/wp\/v2\/posts\/294342\/revisions"}],"predecessor-version":[{"id":294356,"href":"https:\/\/www.meydan.tv\/az\/wp-json\/wp\/v2\/posts\/294342\/revisions\/294356"}],"wp:featuredmedia":[{"embeddable":true,"href":"https:\/\/www.meydan.tv\/az\/wp-json\/wp\/v2\/media\/106814"}],"wp:attachment":[{"href":"https:\/\/www.meydan.tv\/az\/wp-json\/wp\/v2\/media?parent=294342"}],"wp:term":[{"taxonomy":"category","embeddable":true,"href":"https:\/\/www.meydan.tv\/az\/wp-json\/wp\/v2\/categories?post=294342"},{"taxonomy":"post_tag","embeddable":true,"href":"https:\/\/www.meydan.tv\/az\/wp-json\/wp\/v2\/tags?post=294342"}],"curies":[{"name":"wp","href":"https:\/\/api.w.org\/{rel}","templated":true}]}}