{"id":294331,"date":"2023-12-28T19:09:16","date_gmt":"2023-12-28T15:09:16","guid":{"rendered":"https:\/\/www.meydan.tv\/?p=294331"},"modified":"2023-12-28T19:09:19","modified_gmt":"2023-12-28T15:09:19","slug":"beyleqanda-herbcilere-qarsi-isgencelere-gore-generala-hokm-oxundu","status":"publish","type":"post","link":"https:\/\/www.meydan.tv\/az\/article\/beyleqanda-herbcilere-qarsi-isgencelere-gore-generala-hokm-oxundu\/","title":{"rendered":"Beyl\u0259qanda h\u0259rb\u00e7il\u0259r\u0259 qar\u015f\u0131 i\u015fg\u0259nc\u0259l\u0259r\u0259 g\u00f6r\u0259 generala h\u00f6km oxundu"},"content":{"rendered":"\n<p><\/p>\n\n\n\n<p><strong><em>B\u0259kir Orucovla yana\u015f\u0131, daha 4 zabit c\u0259zaland\u0131r\u0131ld\u0131<\/em><\/strong><\/p>\n\n\n\n<p>2017-ci ilin may\u0131nda T\u0259rt\u0259rd\u0259 y\u00fczl\u0259rl\u0259 h\u0259rb\u00e7iy\u0259 qar\u015f\u0131 k\u00fctl\u0259vi \u015f\u0259kild\u0259 i\u015fg\u0259nc\u0259l\u0259r ba\u015f ver\u0259rk\u0259n b\u0259nz\u0259r hadis\u0259l\u0259r h\u0259min vaxt Beyl\u0259qanda da ya\u015fan\u0131b. Beyl\u0259qan i\u015fg\u0259nc\u0259l\u0259rin\u0259 g\u00f6r\u0259 biri general olmaqla, cinay\u0259t m\u0259suliyy\u0259tin\u0259 c\u0259lb edilmi\u015f 5 n\u0259f\u0259r\u0259 dekabr\u0131n 28-d\u0259 h\u00f6km oxunub.<\/p>\n\n\n\n<p>H\u00f6km\u0259 \u0259sas\u0259n, M\u00fcdafi\u0259 Nazirliyinin \u015e\u0259xsi Hey\u0259t Ba\u015f \u0130dar\u0259sinin \u0130deoloji \u0130\u015f v\u0259 M\u0259n\u0259vi-Psixoloji T\u0259minat \u0130dar\u0259sinin ke\u00e7mi\u015f r\u0259isi, 2017-ci ild\u0259 Beyl\u0259qan korpusunda q\u0259rargah r\u0259isi i\u015fl\u0259mi\u015f general-mayor B\u0259kir Orucov 9 il 6 ay azadl\u0131qdan m\u0259hrum edilib.<\/p>\n\n\n\n<p>Qalan d\u00f6rd n\u0259f\u0259r\u0259 g\u0259linc\u0259, M\u00fcdafi\u0259 Nazirliyinin H\u00fcquq \u0130dar\u0259sinin t\u0259hqiqat\u00e7\u0131s\u0131 olmu\u015f, hadis\u0259l\u0259r ba\u015f ver\u0259nd\u0259 Beyl\u0259qana ezam olunan \u0130ntiqam M\u0259mm\u0259dov v\u0259 Beyl\u0259qan korpusunun t\u0259hqiqat b\u00f6lm\u0259sinin r\u0259is m\u00fcavini v\u0259zif\u0259sind\u0259 i\u015fl\u0259mi\u015f Rahib M\u0259mm\u0259dovun h\u0259r biri 6 il 6 ay, snayper b\u00f6l\u00fcy\u00fcn\u00fcn ke\u00e7mi\u015f komandiri, polkovnik-leytenant Ziya Kaz\u0131mov 8 il 6 ay, korpusun t\u0259limat\u00e7\u0131s\u0131 \u00dclvi R\u0259\u015fidov is\u0259 9 il 6 ay azadl\u0131qdan m\u0259hrum olunub.<\/p>\n\n\n\n<p>Ziya Kaz\u0131mov v\u0259 \u00dclvi R\u0259\u015fidov istintaq v\u0259 m\u0259hk\u0259m\u0259 d\u00f6vr\u00fcnd\u0259 azadl\u0131qda olduqlar\u0131na g\u00f6r\u0259 h\u00f6km oxunandan sonra m\u0259hk\u0259m\u0259 zal\u0131nda h\u0259bs edilibl\u0259r.<\/p>\n\n\n\n<p>Beyl\u0259qan i\u015fg\u0259nc\u0259l\u0259ril\u0259 ba\u011fl\u0131 m\u0259hk\u0259m\u0259 ara\u015fd\u0131rmalar\u0131 10 aya yax\u0131nd\u0131r ki, Sumqay\u0131t M\u0259hk\u0259m\u0259 Kompleksind\u0259 ke\u00e7irilir. Cinay\u0259t i\u015fin\u0259 Bak\u0131 H\u0259rbi M\u0259hk\u0259m\u0259sinin s\u0259dri Zeynal A\u011fayev v\u0259 Camal Ramazanovla Rafiq Abbasovdan ibar\u0259t hey\u0259t bax\u0131r.<\/p>\n\n\n\n<p>T\u0259qsirl\u0259ndiril\u0259n \u015f\u0259xsl\u0259rd\u0259n d\u00f6rd\u00fc \u0259vv\u0259lki m\u0259hk\u0259m\u0259 iclas\u0131nda son s\u00f6zl\u0259rini demi\u015fdil\u0259r. Yaln\u0131z Ziya Kaz\u0131mov qalm\u0131\u015fd\u0131. \u00c7\u00fcnki \u00f6t\u0259n m\u0259hk\u0259m\u0259 iclas\u0131nda onun v\u0259ziyy\u0259ti pisl\u0259\u015fmi\u015f, m\u0259hk\u0259m\u0259y\u0259 t\u0259cili yard\u0131m \u00e7a\u011f\u0131r\u0131lm\u0131\u015fd\u0131.<\/p>\n\n\n\n<p>Dekabr\u0131n 28-d\u0259 g\u00fcn\u00fcn birinci yar\u0131s\u0131nda m\u0259hk\u0259m\u0259d\u0259 Ziya Kaz\u0131mov da son s\u00f6z\u00fcn\u00fc deyib. O bildirib ki, h\u0259qiq\u0259t\u0259n s\u0259hh\u0259tind\u0259 ciddi probleml\u0259r var. Bir m\u00fcdd\u0259t buna g\u00f6r\u0259 x\u0259st\u0259xanada da yat\u0131b:<\/p>\n\n\n\n<p><em>&#8220;Hospitalda dedil\u0259r ki, &#8220;s\u0259ni tez-tez soru\u015furlar&#8221;, ona g\u00f6r\u0259 m\u00fcalic\u0259 ba\u015fa \u00e7atmadan m\u0259cburi \u00e7\u0131xard\u0131lar. V\u0259kilim d\u0259 ona g\u00f6r\u0259 vaxt ist\u0259yirdi ki, m\u00fcayin\u0259 v\u0259 m\u00fcalic\u0259mi davam etdirim. Sonuncu yoxlamada m\u0259lum oldu ki, ancaq \u00fcr\u0259yim v\u0259 dala\u011f\u0131m sa\u011flamd\u0131r&#8221;<\/em>.<\/p>\n\n\n\n<p>H\u0259m 2020-ci ild\u0259 44 g\u00fcnl\u00fck m\u00fcharib\u0259d\u0259, h\u0259m d\u0259 2023-c\u00fc il sentyabr\u0131n 19-da anti-terror \u0259m\u0259liyyat\u0131ndak\u0131 xidm\u0259tl\u0259rind\u0259n dan\u0131\u015fan Ziya Kaz\u0131movun s\u00f6zl\u0259rin\u0259 g\u00f6r\u0259, d\u0259f\u0259l\u0259rl\u0259 yaralan\u0131b:<\/p>\n\n\n\n<p><em>&#8220;Yaralanma\u011f\u0131ma baxmayaraq, qal\u0131b d\u00f6y\u00fc\u015fm\u0259y\u0259 davam el\u0259mi\u015f\u0259m. M\u0259ni iki d\u0259f\u0259 hospitala yerl\u0259\u015fdiribl\u0259r. Onda da hu\u015fumu itirmi\u015f\u0259m, bilm\u0259mi\u015f\u0259m. Ay\u0131lan kimi hospitaldan \u00e7\u0131x\u0131b, d\u00f6y\u00fc\u015f\u0259 qay\u0131tm\u0131\u015fam. M\u0259n \u00f6l\u00fcmd\u0259n qorxmayan adamam, indi burada da n\u0259d\u0259ns\u0259 qorxan deyil\u0259m. Anti-terror \u0259m\u0259liyyat\u0131 n\u0259tic\u0259sind\u0259 \u00f6lk\u0259min suverenliyi tam b\u0259rpa olundu, ba\u015fqa arzum yoxdur&#8221;<\/em>.<\/p>\n\n\n\n<p>He\u00e7 kim\u0259 i\u015fg\u0259nc\u0259 verm\u0259diyini, \u00fcmumiyy\u0259tl\u0259, i\u015fg\u0259nc\u0259l\u0259rd\u0259 i\u015ftirak etm\u0259diyini dey\u0259n Ziya Kaz\u0131mov s\u00fcbut kimi z\u0259r\u0259r\u00e7\u0259kmi\u015fl\u0259rin m\u0259hk\u0259m\u0259d\u0259ki ifad\u0259l\u0259rini g\u00f6st\u0259rib:<\/p>\n\n\n\n<p><em>&#8220;60 n\u0259f\u0259r z\u0259r\u0259r\u00e7\u0259kmi\u015fin he\u00e7 biri burada m\u0259nd\u0259n \u015fikay\u0259t el\u0259m\u0259di, i\u015fg\u0259nc\u0259l\u0259rd\u0259 i\u015ftirak etdiyimi dem\u0259di. \u018fksin\u0259, haqq\u0131mda m\u00fcsb\u0259t fikirl\u0259r s\u0259sl\u0259ndirdil\u0259r. H\u0259tta el\u0259si oldu ki, m\u0259n\u0259 g\u00f6r\u0259 prokurorun dedikl\u0259rin\u0259 etiraz el\u0259di. Dedi ki, m\u0259nd\u0259n \u015fikay\u0259t\u00e7i olmad\u0131qlar\u0131 halda, prokuror onun ad\u0131ndan istifad\u0259 edir&#8221;<\/em>.<\/p>\n\n\n\n<p>T\u0259qsirl\u0259ndiril\u0259n polkovnik deyir ki, onlara m\u00fct\u0259\u015f\u0259kkil d\u0259st\u0259 ittiham\u0131 verilib. Amma d\u0259st\u0259nin \u00fczv\u00fc kimi t\u0259qdim edil\u0259n \u015f\u0259xsl\u0259rd\u0259n bir ne\u00e7\u0259sini m\u0259hk\u0259m\u0259y\u0259 q\u0259d\u0259r \u00fcmumiyy\u0259tl\u0259 tan\u0131may\u0131b:<\/p>\n\n\n\n<p><em>&#8220;Hans\u0131 m\u00fct\u0259\u015f\u0259kkil d\u0259st\u0259d\u0259n s\u00f6hb\u0259t ged\u0259 bil\u0259r ki, m\u0259s\u0259l\u0259n, m\u0259n \u0130ntiqam M\u0259mm\u0259dovu burada tan\u0131m\u0131\u015fam. M\u0259n indi polkovnik leytenantam, o vaxt m\u0259n x\u00fcsusi t\u0259yinatl\u0131lara \u0259mr ver\u0259 bil\u0259rdim? H\u0259r \u015fey ortadad\u0131r, deyil\u0259c\u0259k ba\u015fqa s\u00f6z yoxdur&#8221;<\/em>.<\/p>\n\n\n\n<p>Ziya Kaz\u0131movun v\u0259kili B\u0259hruz Bayramov m\u0259hk\u0259m\u0259y\u0259 \u0259riz\u0259 t\u0259qdim ed\u0259r\u0259k, h\u00fcquqlar\u0131n\u0131 m\u00fcdafi\u0259 etdiyi \u015f\u0259xs haqq\u0131nda cinay\u0259t i\u015finin ayr\u0131lmas\u0131n\u0131 ist\u0259yib. O, m\u00fcv\u0259kkilinin s\u0259hh\u0259tind\u0259 ciddi probleml\u0259r oldu\u011funu v\u0259 davaml\u0131 m\u00fcalic\u0259y\u0259 ehtiyac duydu\u011funu vur\u011fulay\u0131b.<\/p>\n\n\n\n<p>Lakin onun \u0259riz\u0259si t\u0259min olunmay\u0131b.<\/p>\n\n\n\n<p>M\u00fc\u015favir\u0259y\u0259 ged\u0259n hakiml\u0259r g\u00fcnortadan sonra h\u00f6km\u00fc elan edibl\u0259r.<\/p>\n\n\n\n<p>T\u0259qsirl\u0259ndiril\u0259n \u015f\u0259xsl\u0259rin he\u00e7 biri ittihamlar\u0131 q\u0259bul etmir, onlar apelyasiya \u015fikay\u0259ti ver\u0259c\u0259kl\u0259rini bildiribl\u0259r.<\/p>\n\n\n\n<p>T\u0259qsirl\u0259ndiril\u0259n general B\u0259kir Orucov deyir ki, \u0259sl g\u00fcnahkarlar m\u0259suliyy\u0259td\u0259n k\u0259narda qal\u0131b. \u018fv\u0259zind\u0259 c\u0259miyy\u0259tin g\u00f6z\u00fcnd\u0259n p\u0259rd\u0259 asmaq \u00fc\u00e7\u00fcn onlar\u0131 qurbanl\u0131q se\u00e7ibl\u0259r.<\/p>\n\n\n\n<p>&#8220;<em>T\u0259hqiqat\u00e7\u0131 kim idi ki, korpus komandirinin g\u00f6st\u0259ri\u015fi, icaz\u0259si olmadan o korpusa girsin? He\u00e7 nazirliyin H\u00fcquq \u0130dar\u0259sinin r\u0259isi Rauf Ki\u015fiyev icaz\u0259 olmadan g\u0259lib orada kimis\u0259 h\u0259bs el\u0259y\u0259 bilm\u0259zdi. B\u0259rxudarov bel\u0259 z\u0259if idi ki, m\u0259n ona tabe ola-ola onu idar\u0259 el\u0259mi\u015f\u0259m? M\u00fcdafi\u0259 nazirinin, Ba\u015f Q\u0259rargah r\u0259isinin, korpus komandirinin s\u0259hvl\u0259rin\u0259 g\u00f6r\u0259 m\u0259n niy\u0259 c\u0259zalanmal\u0131yam?<br>M\u00fcdafi\u0259 Nazirliyind\u0259 140 milyonluq yeyinti ortaya \u00e7\u0131x\u0131r, nazir deyir ki, x\u0259b\u0259rim yoxdur. Sat\u0131nalmalardak\u0131 qanunsuzluqlardan x\u0259b\u0259ri yoxdur. T\u0259rt\u0259r hadis\u0259l\u0259rind\u0259n x\u0259b\u0259ri yoxdur. Bu adam\u0131n n\u0259d\u0259n x\u0259b\u0259ri var? Ba\u015fqalar\u0131ndan f\u0259rqli olaraq, biz el\u0259-bel\u0259 general olmam\u0131\u015f\u0131q. M\u0259n \u0259sg\u0259rl\u0259riml\u0259 s\u0259ng\u0259rl\u0259rd\u0259 yatm\u0131\u015fam\u201d<\/em>.<\/p>\n","protected":false},"excerpt":{"rendered":"<p>B\u0259kir Orucovla yana\u015f\u0131, daha 4 zabit c\u0259zaland\u0131r\u0131ld\u0131 2017-ci ilin may\u0131nda &#8230; <\/p>\n<p class=\"read-more-container\"><a title=\"Beyl\u0259qanda h\u0259rb\u00e7il\u0259r\u0259 qar\u015f\u0131 i\u015fg\u0259nc\u0259l\u0259r\u0259 g\u00f6r\u0259 generala h\u00f6km oxundu\" class=\"read-more button\" href=\"https:\/\/www.meydan.tv\/az\/article\/beyleqanda-herbcilere-qarsi-isgencelere-gore-generala-hokm-oxundu\/#more-294331\" aria-label=\"Read more about Beyl\u0259qanda h\u0259rb\u00e7il\u0259r\u0259 qar\u015f\u0131 i\u015fg\u0259nc\u0259l\u0259r\u0259 g\u00f6r\u0259 generala h\u00f6km oxundu\">Davam\u0131<\/a><\/p>\n","protected":false},"author":21,"featured_media":254763,"comment_status":"closed","ping_status":"closed","sticky":false,"template":"","format":"standard","meta":{"_acf_changed":false,"_sitemap_exclude":false,"_sitemap_priority":"","_sitemap_frequency":"","footnotes":""},"categories":[62,79,56],"tags":[],"class_list":["post-294331","post","type-post","status-publish","format-standard","has-post-thumbnail","hentry","category-sosial","category-featured","category-xeberler","infinite-scroll-item","generate-columns","tablet-grid-50","mobile-grid-100","grid-parent","grid-33","no-featured-image-padding"],"acf":[],"yoast_head":"<!-- This site is optimized with the Yoast SEO plugin v27.5 - https:\/\/yoast.com\/product\/yoast-seo-wordpress\/ -->\n<title>Beyl\u0259qanda h\u0259rb\u00e7il\u0259r\u0259 qar\u015f\u0131 i\u015fg\u0259nc\u0259l\u0259r\u0259 g\u00f6r\u0259 generala h\u00f6km oxundu - MEYDAN.TV<\/title>\n<meta name=\"robots\" content=\"index, follow, max-snippet:-1, max-image-preview:large, max-video-preview:-1\" \/>\n<link rel=\"canonical\" href=\"https:\/\/www.meydan.tv\/az\/article\/beyleqanda-herbcilere-qarsi-isgencelere-gore-generala-hokm-oxundu\/\" \/>\n<meta property=\"og:locale\" content=\"az_AZ\" \/>\n<meta property=\"og:type\" content=\"article\" \/>\n<meta property=\"og:title\" content=\"Beyl\u0259qanda h\u0259rb\u00e7il\u0259r\u0259 qar\u015f\u0131 i\u015fg\u0259nc\u0259l\u0259r\u0259 g\u00f6r\u0259 generala h\u00f6km oxundu - MEYDAN.TV\" \/>\n<meta property=\"og:description\" content=\"B\u0259kir Orucovla yana\u015f\u0131, daha 4 zabit c\u0259zaland\u0131r\u0131ld\u0131 2017-ci ilin may\u0131nda ... Davam\u0131\" \/>\n<meta property=\"og:url\" content=\"https:\/\/www.meydan.tv\/az\/article\/beyleqanda-herbcilere-qarsi-isgencelere-gore-generala-hokm-oxundu\/\" \/>\n<meta property=\"og:site_name\" content=\"MEYDAN.TV\" \/>\n<meta property=\"article:published_time\" content=\"2023-12-28T15:09:16+00:00\" \/>\n<meta property=\"article:modified_time\" content=\"2023-12-28T15:09:19+00:00\" \/>\n<meta property=\"og:image\" content=\"https:\/\/www.meydan.tv\/wp-content\/uploads\/1662099277_63119d80e0cc063119d80e0cc1166209881663119d80e0cbe63119d80e0cbf.jpg\" \/>\n\t<meta property=\"og:image:width\" content=\"1200\" \/>\n\t<meta property=\"og:image:height\" content=\"800\" \/>\n\t<meta property=\"og:image:type\" content=\"image\/jpeg\" \/>\n<meta name=\"author\" content=\"mahmud\" \/>\n<meta name=\"twitter:card\" content=\"summary_large_image\" \/>\n<script type=\"application\/ld+json\" class=\"yoast-schema-graph\">{\"@context\":\"https:\\\/\\\/schema.org\",\"@graph\":[{\"@type\":\"Article\",\"@id\":\"https:\\\/\\\/www.meydan.tv\\\/az\\\/article\\\/beyleqanda-herbcilere-qarsi-isgencelere-gore-generala-hokm-oxundu\\\/#article\",\"isPartOf\":{\"@id\":\"https:\\\/\\\/www.meydan.tv\\\/az\\\/article\\\/beyleqanda-herbcilere-qarsi-isgencelere-gore-generala-hokm-oxundu\\\/\"},\"author\":{\"name\":\"mahmud\",\"@id\":\"https:\\\/\\\/www.meydan.tv\\\/az\\\/#\\\/schema\\\/person\\\/09863e516102a829e72bedcf3f84c6b0\"},\"headline\":\"Beyl\u0259qanda h\u0259rb\u00e7il\u0259r\u0259 qar\u015f\u0131 i\u015fg\u0259nc\u0259l\u0259r\u0259 g\u00f6r\u0259 generala h\u00f6km oxundu\",\"datePublished\":\"2023-12-28T15:09:16+00:00\",\"dateModified\":\"2023-12-28T15:09:19+00:00\",\"mainEntityOfPage\":{\"@id\":\"https:\\\/\\\/www.meydan.tv\\\/az\\\/article\\\/beyleqanda-herbcilere-qarsi-isgencelere-gore-generala-hokm-oxundu\\\/\"},\"wordCount\":1113,\"publisher\":{\"@id\":\"https:\\\/\\\/www.meydan.tv\\\/az\\\/#organization\"},\"image\":{\"@id\":\"https:\\\/\\\/www.meydan.tv\\\/az\\\/article\\\/beyleqanda-herbcilere-qarsi-isgencelere-gore-generala-hokm-oxundu\\\/#primaryimage\"},\"thumbnailUrl\":\"https:\\\/\\\/www.meydan.tv\\\/wp-content\\\/uploads\\\/1662099277_63119d80e0cc063119d80e0cc1166209881663119d80e0cbe63119d80e0cbf-e1715975586273.jpg\",\"articleSection\":[\"Sosial\",\"T\u00f6vsiy\u0259\",\"X\u0259b\u0259rl\u0259r\"],\"inLanguage\":\"az\"},{\"@type\":\"WebPage\",\"@id\":\"https:\\\/\\\/www.meydan.tv\\\/az\\\/article\\\/beyleqanda-herbcilere-qarsi-isgencelere-gore-generala-hokm-oxundu\\\/\",\"url\":\"https:\\\/\\\/www.meydan.tv\\\/az\\\/article\\\/beyleqanda-herbcilere-qarsi-isgencelere-gore-generala-hokm-oxundu\\\/\",\"name\":\"Beyl\u0259qanda h\u0259rb\u00e7il\u0259r\u0259 qar\u015f\u0131 i\u015fg\u0259nc\u0259l\u0259r\u0259 g\u00f6r\u0259 generala h\u00f6km oxundu - MEYDAN.TV\",\"isPartOf\":{\"@id\":\"https:\\\/\\\/www.meydan.tv\\\/az\\\/#website\"},\"primaryImageOfPage\":{\"@id\":\"https:\\\/\\\/www.meydan.tv\\\/az\\\/article\\\/beyleqanda-herbcilere-qarsi-isgencelere-gore-generala-hokm-oxundu\\\/#primaryimage\"},\"image\":{\"@id\":\"https:\\\/\\\/www.meydan.tv\\\/az\\\/article\\\/beyleqanda-herbcilere-qarsi-isgencelere-gore-generala-hokm-oxundu\\\/#primaryimage\"},\"thumbnailUrl\":\"https:\\\/\\\/www.meydan.tv\\\/wp-content\\\/uploads\\\/1662099277_63119d80e0cc063119d80e0cc1166209881663119d80e0cbe63119d80e0cbf-e1715975586273.jpg\",\"datePublished\":\"2023-12-28T15:09:16+00:00\",\"dateModified\":\"2023-12-28T15:09:19+00:00\",\"breadcrumb\":{\"@id\":\"https:\\\/\\\/www.meydan.tv\\\/az\\\/article\\\/beyleqanda-herbcilere-qarsi-isgencelere-gore-generala-hokm-oxundu\\\/#breadcrumb\"},\"inLanguage\":\"az\",\"potentialAction\":[{\"@type\":\"ReadAction\",\"target\":[\"https:\\\/\\\/www.meydan.tv\\\/az\\\/article\\\/beyleqanda-herbcilere-qarsi-isgencelere-gore-generala-hokm-oxundu\\\/\"]}]},{\"@type\":\"ImageObject\",\"inLanguage\":\"az\",\"@id\":\"https:\\\/\\\/www.meydan.tv\\\/az\\\/article\\\/beyleqanda-herbcilere-qarsi-isgencelere-gore-generala-hokm-oxundu\\\/#primaryimage\",\"url\":\"https:\\\/\\\/www.meydan.tv\\\/wp-content\\\/uploads\\\/1662099277_63119d80e0cc063119d80e0cc1166209881663119d80e0cbe63119d80e0cbf-e1715975586273.jpg\",\"contentUrl\":\"https:\\\/\\\/www.meydan.tv\\\/wp-content\\\/uploads\\\/1662099277_63119d80e0cc063119d80e0cc1166209881663119d80e0cbe63119d80e0cbf-e1715975586273.jpg\",\"width\":1200,\"height\":642,\"caption\":\"B\u0259kir Orucov. M\u0259nb\u0259: MN\"},{\"@type\":\"BreadcrumbList\",\"@id\":\"https:\\\/\\\/www.meydan.tv\\\/az\\\/article\\\/beyleqanda-herbcilere-qarsi-isgencelere-gore-generala-hokm-oxundu\\\/#breadcrumb\",\"itemListElement\":[{\"@type\":\"ListItem\",\"position\":1,\"name\":\"Ana s\u0259hif\u0259\",\"item\":\"https:\\\/\\\/www.meydan.tv\\\/az\\\/\"},{\"@type\":\"ListItem\",\"position\":2,\"name\":\"T\u00f6vsiy\u0259\",\"item\":\"https:\\\/\\\/www.meydan.tv\\\/az\\\/section\\\/featured\\\/\"},{\"@type\":\"ListItem\",\"position\":3,\"name\":\"Beyl\u0259qanda h\u0259rb\u00e7il\u0259r\u0259 qar\u015f\u0131 i\u015fg\u0259nc\u0259l\u0259r\u0259 g\u00f6r\u0259 generala h\u00f6km oxundu\"}]},{\"@type\":\"WebSite\",\"@id\":\"https:\\\/\\\/www.meydan.tv\\\/az\\\/#website\",\"url\":\"https:\\\/\\\/www.meydan.tv\\\/az\\\/\",\"name\":\"MEYDAN.TV\",\"description\":\"Meydan TV Az\u0259rbaycan\u0131n media m\u0259kan\u0131ndak\u0131 alternativ s\u0259sidir\",\"publisher\":{\"@id\":\"https:\\\/\\\/www.meydan.tv\\\/az\\\/#organization\"},\"potentialAction\":[{\"@type\":\"SearchAction\",\"target\":{\"@type\":\"EntryPoint\",\"urlTemplate\":\"https:\\\/\\\/www.meydan.tv\\\/az\\\/?s={search_term_string}\"},\"query-input\":{\"@type\":\"PropertyValueSpecification\",\"valueRequired\":true,\"valueName\":\"search_term_string\"}}],\"inLanguage\":\"az\"},{\"@type\":\"Organization\",\"@id\":\"https:\\\/\\\/www.meydan.tv\\\/az\\\/#organization\",\"name\":\"Meydan TV\",\"url\":\"https:\\\/\\\/www.meydan.tv\\\/az\\\/\",\"logo\":{\"@type\":\"ImageObject\",\"inLanguage\":\"az\",\"@id\":\"https:\\\/\\\/www.meydan.tv\\\/az\\\/#\\\/schema\\\/logo\\\/image\\\/\",\"url\":\"https:\\\/\\\/www.meydan.tv\\\/wp-content\\\/uploads\\\/2021\\\/07\\\/meydan-logo.svg\",\"contentUrl\":\"https:\\\/\\\/www.meydan.tv\\\/wp-content\\\/uploads\\\/2021\\\/07\\\/meydan-logo.svg\",\"width\":195,\"height\":46,\"caption\":\"Meydan TV\"},\"image\":{\"@id\":\"https:\\\/\\\/www.meydan.tv\\\/az\\\/#\\\/schema\\\/logo\\\/image\\\/\"}},{\"@type\":\"Person\",\"@id\":\"https:\\\/\\\/www.meydan.tv\\\/az\\\/#\\\/schema\\\/person\\\/09863e516102a829e72bedcf3f84c6b0\",\"name\":\"mahmud\"}]}<\/script>\n<!-- \/ Yoast SEO plugin. -->","yoast_head_json":{"title":"Beyl\u0259qanda h\u0259rb\u00e7il\u0259r\u0259 qar\u015f\u0131 i\u015fg\u0259nc\u0259l\u0259r\u0259 g\u00f6r\u0259 generala h\u00f6km oxundu - MEYDAN.TV","robots":{"index":"index","follow":"follow","max-snippet":"max-snippet:-1","max-image-preview":"max-image-preview:large","max-video-preview":"max-video-preview:-1"},"canonical":"https:\/\/www.meydan.tv\/az\/article\/beyleqanda-herbcilere-qarsi-isgencelere-gore-generala-hokm-oxundu\/","og_locale":"az_AZ","og_type":"article","og_title":"Beyl\u0259qanda h\u0259rb\u00e7il\u0259r\u0259 qar\u015f\u0131 i\u015fg\u0259nc\u0259l\u0259r\u0259 g\u00f6r\u0259 generala h\u00f6km oxundu - MEYDAN.TV","og_description":"B\u0259kir Orucovla yana\u015f\u0131, daha 4 zabit c\u0259zaland\u0131r\u0131ld\u0131 2017-ci ilin may\u0131nda ... Davam\u0131","og_url":"https:\/\/www.meydan.tv\/az\/article\/beyleqanda-herbcilere-qarsi-isgencelere-gore-generala-hokm-oxundu\/","og_site_name":"MEYDAN.TV","article_published_time":"2023-12-28T15:09:16+00:00","article_modified_time":"2023-12-28T15:09:19+00:00","og_image":[{"width":1200,"height":800,"url":"https:\/\/www.meydan.tv\/wp-content\/uploads\/1662099277_63119d80e0cc063119d80e0cc1166209881663119d80e0cbe63119d80e0cbf.jpg","type":"image\/jpeg"}],"author":"mahmud","twitter_card":"summary_large_image","schema":{"@context":"https:\/\/schema.org","@graph":[{"@type":"Article","@id":"https:\/\/www.meydan.tv\/az\/article\/beyleqanda-herbcilere-qarsi-isgencelere-gore-generala-hokm-oxundu\/#article","isPartOf":{"@id":"https:\/\/www.meydan.tv\/az\/article\/beyleqanda-herbcilere-qarsi-isgencelere-gore-generala-hokm-oxundu\/"},"author":{"name":"mahmud","@id":"https:\/\/www.meydan.tv\/az\/#\/schema\/person\/09863e516102a829e72bedcf3f84c6b0"},"headline":"Beyl\u0259qanda h\u0259rb\u00e7il\u0259r\u0259 qar\u015f\u0131 i\u015fg\u0259nc\u0259l\u0259r\u0259 g\u00f6r\u0259 generala h\u00f6km oxundu","datePublished":"2023-12-28T15:09:16+00:00","dateModified":"2023-12-28T15:09:19+00:00","mainEntityOfPage":{"@id":"https:\/\/www.meydan.tv\/az\/article\/beyleqanda-herbcilere-qarsi-isgencelere-gore-generala-hokm-oxundu\/"},"wordCount":1113,"publisher":{"@id":"https:\/\/www.meydan.tv\/az\/#organization"},"image":{"@id":"https:\/\/www.meydan.tv\/az\/article\/beyleqanda-herbcilere-qarsi-isgencelere-gore-generala-hokm-oxundu\/#primaryimage"},"thumbnailUrl":"https:\/\/www.meydan.tv\/wp-content\/uploads\/1662099277_63119d80e0cc063119d80e0cc1166209881663119d80e0cbe63119d80e0cbf-e1715975586273.jpg","articleSection":["Sosial","T\u00f6vsiy\u0259","X\u0259b\u0259rl\u0259r"],"inLanguage":"az"},{"@type":"WebPage","@id":"https:\/\/www.meydan.tv\/az\/article\/beyleqanda-herbcilere-qarsi-isgencelere-gore-generala-hokm-oxundu\/","url":"https:\/\/www.meydan.tv\/az\/article\/beyleqanda-herbcilere-qarsi-isgencelere-gore-generala-hokm-oxundu\/","name":"Beyl\u0259qanda h\u0259rb\u00e7il\u0259r\u0259 qar\u015f\u0131 i\u015fg\u0259nc\u0259l\u0259r\u0259 g\u00f6r\u0259 generala h\u00f6km oxundu - MEYDAN.TV","isPartOf":{"@id":"https:\/\/www.meydan.tv\/az\/#website"},"primaryImageOfPage":{"@id":"https:\/\/www.meydan.tv\/az\/article\/beyleqanda-herbcilere-qarsi-isgencelere-gore-generala-hokm-oxundu\/#primaryimage"},"image":{"@id":"https:\/\/www.meydan.tv\/az\/article\/beyleqanda-herbcilere-qarsi-isgencelere-gore-generala-hokm-oxundu\/#primaryimage"},"thumbnailUrl":"https:\/\/www.meydan.tv\/wp-content\/uploads\/1662099277_63119d80e0cc063119d80e0cc1166209881663119d80e0cbe63119d80e0cbf-e1715975586273.jpg","datePublished":"2023-12-28T15:09:16+00:00","dateModified":"2023-12-28T15:09:19+00:00","breadcrumb":{"@id":"https:\/\/www.meydan.tv\/az\/article\/beyleqanda-herbcilere-qarsi-isgencelere-gore-generala-hokm-oxundu\/#breadcrumb"},"inLanguage":"az","potentialAction":[{"@type":"ReadAction","target":["https:\/\/www.meydan.tv\/az\/article\/beyleqanda-herbcilere-qarsi-isgencelere-gore-generala-hokm-oxundu\/"]}]},{"@type":"ImageObject","inLanguage":"az","@id":"https:\/\/www.meydan.tv\/az\/article\/beyleqanda-herbcilere-qarsi-isgencelere-gore-generala-hokm-oxundu\/#primaryimage","url":"https:\/\/www.meydan.tv\/wp-content\/uploads\/1662099277_63119d80e0cc063119d80e0cc1166209881663119d80e0cbe63119d80e0cbf-e1715975586273.jpg","contentUrl":"https:\/\/www.meydan.tv\/wp-content\/uploads\/1662099277_63119d80e0cc063119d80e0cc1166209881663119d80e0cbe63119d80e0cbf-e1715975586273.jpg","width":1200,"height":642,"caption":"B\u0259kir Orucov. M\u0259nb\u0259: MN"},{"@type":"BreadcrumbList","@id":"https:\/\/www.meydan.tv\/az\/article\/beyleqanda-herbcilere-qarsi-isgencelere-gore-generala-hokm-oxundu\/#breadcrumb","itemListElement":[{"@type":"ListItem","position":1,"name":"Ana s\u0259hif\u0259","item":"https:\/\/www.meydan.tv\/az\/"},{"@type":"ListItem","position":2,"name":"T\u00f6vsiy\u0259","item":"https:\/\/www.meydan.tv\/az\/section\/featured\/"},{"@type":"ListItem","position":3,"name":"Beyl\u0259qanda h\u0259rb\u00e7il\u0259r\u0259 qar\u015f\u0131 i\u015fg\u0259nc\u0259l\u0259r\u0259 g\u00f6r\u0259 generala h\u00f6km oxundu"}]},{"@type":"WebSite","@id":"https:\/\/www.meydan.tv\/az\/#website","url":"https:\/\/www.meydan.tv\/az\/","name":"MEYDAN.TV","description":"Meydan TV Az\u0259rbaycan\u0131n media m\u0259kan\u0131ndak\u0131 alternativ s\u0259sidir","publisher":{"@id":"https:\/\/www.meydan.tv\/az\/#organization"},"potentialAction":[{"@type":"SearchAction","target":{"@type":"EntryPoint","urlTemplate":"https:\/\/www.meydan.tv\/az\/?s={search_term_string}"},"query-input":{"@type":"PropertyValueSpecification","valueRequired":true,"valueName":"search_term_string"}}],"inLanguage":"az"},{"@type":"Organization","@id":"https:\/\/www.meydan.tv\/az\/#organization","name":"Meydan TV","url":"https:\/\/www.meydan.tv\/az\/","logo":{"@type":"ImageObject","inLanguage":"az","@id":"https:\/\/www.meydan.tv\/az\/#\/schema\/logo\/image\/","url":"https:\/\/www.meydan.tv\/wp-content\/uploads\/2021\/07\/meydan-logo.svg","contentUrl":"https:\/\/www.meydan.tv\/wp-content\/uploads\/2021\/07\/meydan-logo.svg","width":195,"height":46,"caption":"Meydan TV"},"image":{"@id":"https:\/\/www.meydan.tv\/az\/#\/schema\/logo\/image\/"}},{"@type":"Person","@id":"https:\/\/www.meydan.tv\/az\/#\/schema\/person\/09863e516102a829e72bedcf3f84c6b0","name":"mahmud"}]}},"_links":{"self":[{"href":"https:\/\/www.meydan.tv\/az\/wp-json\/wp\/v2\/posts\/294331","targetHints":{"allow":["GET"]}}],"collection":[{"href":"https:\/\/www.meydan.tv\/az\/wp-json\/wp\/v2\/posts"}],"about":[{"href":"https:\/\/www.meydan.tv\/az\/wp-json\/wp\/v2\/types\/post"}],"author":[{"embeddable":true,"href":"https:\/\/www.meydan.tv\/az\/wp-json\/wp\/v2\/users\/21"}],"replies":[{"embeddable":true,"href":"https:\/\/www.meydan.tv\/az\/wp-json\/wp\/v2\/comments?post=294331"}],"version-history":[{"count":1,"href":"https:\/\/www.meydan.tv\/az\/wp-json\/wp\/v2\/posts\/294331\/revisions"}],"predecessor-version":[{"id":294332,"href":"https:\/\/www.meydan.tv\/az\/wp-json\/wp\/v2\/posts\/294331\/revisions\/294332"}],"wp:featuredmedia":[{"embeddable":true,"href":"https:\/\/www.meydan.tv\/az\/wp-json\/wp\/v2\/media\/254763"}],"wp:attachment":[{"href":"https:\/\/www.meydan.tv\/az\/wp-json\/wp\/v2\/media?parent=294331"}],"wp:term":[{"taxonomy":"category","embeddable":true,"href":"https:\/\/www.meydan.tv\/az\/wp-json\/wp\/v2\/categories?post=294331"},{"taxonomy":"post_tag","embeddable":true,"href":"https:\/\/www.meydan.tv\/az\/wp-json\/wp\/v2\/tags?post=294331"}],"curies":[{"name":"wp","href":"https:\/\/api.w.org\/{rel}","templated":true}]}}