{"id":294299,"date":"2023-12-28T15:43:42","date_gmt":"2023-12-28T11:43:42","guid":{"rendered":"https:\/\/www.meydan.tv\/?p=294299"},"modified":"2023-12-28T15:43:46","modified_gmt":"2023-12-28T11:43:46","slug":"yalcin-adigozelova-vezife-verilib","status":"publish","type":"post","link":"https:\/\/www.meydan.tv\/az\/article\/yalcin-adigozelova-vezife-verilib\/","title":{"rendered":"Yal\u00e7\u0131n Ad\u0131g\u00f6z\u0259lova v\u0259zif\u0259 verilib"},"content":{"rendered":"\n<p><\/p>\n\n\n\n<p><strong><em>O, \u201cNiyazi\u201d ad\u0131na D\u00f6vl\u0259t Simfonik Orkestrinin b\u0259dii r\u0259hb\u0259ri t\u0259yin edilib<\/em><\/strong><\/p>\n\n\n\n<p>Xalq artisti Yal\u00e7\u0131n Ad\u0131g\u00f6z\u0259lov Heyd\u0259r \u018fliyev Saray\u0131n\u0131n tabeliyind\u0259 f\u0259aliyy\u0259t g\u00f6st\u0259r\u0259n \u201cNiyazi\u201d ad\u0131na D\u00f6vl\u0259t Simfonik Orkestrinin b\u0259dii r\u0259hb\u0259r-ba\u015f dirijoru v\u0259zif\u0259sin\u0259 t\u0259yin olunub.<\/p>\n\n\n\n<p>M\u0259d\u0259niyy\u0259t naziri Adil K\u0259rimli bununla ba\u011fl\u0131 m\u00fcvafiq s\u0259n\u0259d imzalay\u0131b.<\/p>\n\n\n\n<p>Yal\u00e7\u0131n Ad\u0131g\u00f6z\u0259lov 1959-cu ild\u0259 Bak\u0131da, b\u0259st\u0259kar, Xalq artisti Vasif Ad\u0131g\u00f6z\u0259lovun ail\u0259sind\u0259 do\u011fulub.<\/p>\n\n\n\n<p>1982-ci ild\u0259 Az\u0259rbaycan D\u00f6vl\u0259t Konservatoriyas\u0131n\u0131 (indiki Bak\u0131 Musiqi Akademiyas\u0131) piano ixtisas\u0131 \u00fczr\u0259 (professor R.Ataki\u015fiyevin sinfi) bitirib.<\/p>\n\n\n\n<p>1984\u20131989-cu ill\u0259rd\u0259 Rimski-Korsakov ad\u0131na Leninqrad (Sankt-Peterburq) Konservatoriyas\u0131nda professor \u0130lya Musinin sinfind\u0259 opera v\u0259 simfonik orkestr dirijorlu\u011fu ixtisas\u0131 \u00fczr\u0259 t\u0259hsil al\u0131b.<\/p>\n\n\n\n<p>1990-1992 ill\u0259rd\u0259 Vyana Musiqi Akademiyas\u0131nln aspiranturas\u0131n bitirib, 1989-cu ild\u0259n \u00dczeyir Hac\u0131b\u0259yli ad\u0131na Az\u0259rbaycan D\u00f6vl\u0259t Simfonik Orkestrinin dirijoru, 1991 \u2013 1998-ci ill\u0259rd\u0259 b\u0259dii r\u0259hb\u0259r v\u0259 ba\u015f dirijoru v\u0259zif\u0259sind\u0259 \u00e7al\u0131\u015f\u0131b.<\/p>\n\n\n\n<p>2000-ci ild\u0259n Az\u0259rbaycan D\u00f6vl\u0259t Akademik Opera v\u0259 Balet Teatr\u0131n\u0131n dirijorudur.<\/p>\n\n\n\n<p>O, eyni zamanda uzun ill\u0259rdir \u00dczeyir Hac\u0131b\u0259yli ad\u0131na Bak\u0131 Musiqi Akademiyas\u0131nda pedaqoji f\u0259aliyy\u0259tl\u0259 m\u0259\u015f\u011ful olur.<\/p>\n\n\n\n<p>Dirijorluq kafedras\u0131n\u0131n professorudur.<\/p>\n\n\n\n<p>2007 -ci ild\u0259 \u018fm\u0259kdar inc\u0259s\u0259n\u0259t xadimi, 2012-ci ild\u0259 Xalq artisti ad\u0131na layiq g\u00f6r\u00fcl\u00fcb.<\/p>\n","protected":false},"excerpt":{"rendered":"<p>O, \u201cNiyazi\u201d ad\u0131na D\u00f6vl\u0259t Simfonik Orkestrinin b\u0259dii r\u0259hb\u0259ri t\u0259yin edilib &#8230; <\/p>\n<p class=\"read-more-container\"><a title=\"Yal\u00e7\u0131n Ad\u0131g\u00f6z\u0259lova v\u0259zif\u0259 verilib\" class=\"read-more button\" href=\"https:\/\/www.meydan.tv\/az\/article\/yalcin-adigozelova-vezife-verilib\/#more-294299\" aria-label=\"Read more about Yal\u00e7\u0131n Ad\u0131g\u00f6z\u0259lova v\u0259zif\u0259 verilib\">Davam\u0131<\/a><\/p>\n","protected":false},"author":8,"featured_media":294300,"comment_status":"closed","ping_status":"closed","sticky":false,"template":"","format":"standard","meta":{"_acf_changed":false,"_sitemap_exclude":false,"_sitemap_priority":"","_sitemap_frequency":"","footnotes":""},"categories":[52,56],"tags":[],"class_list":["post-294299","post","type-post","status-publish","format-standard","has-post-thumbnail","hentry","category-medeniyyet","category-xeberler","infinite-scroll-item","generate-columns","tablet-grid-50","mobile-grid-100","grid-parent","grid-33","no-featured-image-padding"],"acf":[],"yoast_head":"<!-- This site is optimized with the Yoast SEO plugin v27.4 - https:\/\/yoast.com\/product\/yoast-seo-wordpress\/ -->\n<title>Yal\u00e7\u0131n Ad\u0131g\u00f6z\u0259lova v\u0259zif\u0259 verilib - MEYDAN.TV<\/title>\n<meta name=\"robots\" content=\"index, follow, max-snippet:-1, max-image-preview:large, max-video-preview:-1\" \/>\n<link rel=\"canonical\" href=\"https:\/\/www.meydan.tv\/az\/article\/yalcin-adigozelova-vezife-verilib\/\" \/>\n<meta property=\"og:locale\" content=\"az_AZ\" \/>\n<meta property=\"og:type\" content=\"article\" \/>\n<meta property=\"og:title\" content=\"Yal\u00e7\u0131n Ad\u0131g\u00f6z\u0259lova v\u0259zif\u0259 verilib - MEYDAN.TV\" \/>\n<meta property=\"og:description\" content=\"O, \u201cNiyazi\u201d ad\u0131na D\u00f6vl\u0259t Simfonik Orkestrinin b\u0259dii r\u0259hb\u0259ri t\u0259yin edilib ... Davam\u0131\" \/>\n<meta property=\"og:url\" content=\"https:\/\/www.meydan.tv\/az\/article\/yalcin-adigozelova-vezife-verilib\/\" \/>\n<meta property=\"og:site_name\" content=\"MEYDAN.TV\" \/>\n<meta property=\"article:published_time\" content=\"2023-12-28T11:43:42+00:00\" \/>\n<meta property=\"article:modified_time\" content=\"2023-12-28T11:43:46+00:00\" \/>\n<meta property=\"og:image\" content=\"https:\/\/www.meydan.tv\/wp-content\/uploads\/fotojet-16-e1703763260675.jpg\" \/>\n\t<meta property=\"og:image:width\" content=\"1200\" \/>\n\t<meta property=\"og:image:height\" content=\"394\" \/>\n\t<meta property=\"og:image:type\" content=\"image\/jpeg\" \/>\n<meta name=\"author\" content=\"elli\" \/>\n<meta name=\"twitter:card\" content=\"summary_large_image\" \/>\n<meta name=\"twitter:creator\" content=\"@elli\" \/>\n<script type=\"application\/ld+json\" class=\"yoast-schema-graph\">{\"@context\":\"https:\\\/\\\/schema.org\",\"@graph\":[{\"@type\":\"Article\",\"@id\":\"https:\\\/\\\/www.meydan.tv\\\/az\\\/article\\\/yalcin-adigozelova-vezife-verilib\\\/#article\",\"isPartOf\":{\"@id\":\"https:\\\/\\\/www.meydan.tv\\\/az\\\/article\\\/yalcin-adigozelova-vezife-verilib\\\/\"},\"author\":{\"name\":\"elli\",\"@id\":\"https:\\\/\\\/www.meydan.tv\\\/az\\\/#\\\/schema\\\/person\\\/9cdbecf90d17180ce1dfbd95b08dcf47\"},\"headline\":\"Yal\u00e7\u0131n Ad\u0131g\u00f6z\u0259lova v\u0259zif\u0259 verilib\",\"datePublished\":\"2023-12-28T11:43:42+00:00\",\"dateModified\":\"2023-12-28T11:43:46+00:00\",\"mainEntityOfPage\":{\"@id\":\"https:\\\/\\\/www.meydan.tv\\\/az\\\/article\\\/yalcin-adigozelova-vezife-verilib\\\/\"},\"wordCount\":265,\"publisher\":{\"@id\":\"https:\\\/\\\/www.meydan.tv\\\/az\\\/#organization\"},\"image\":{\"@id\":\"https:\\\/\\\/www.meydan.tv\\\/az\\\/article\\\/yalcin-adigozelova-vezife-verilib\\\/#primaryimage\"},\"thumbnailUrl\":\"https:\\\/\\\/www.meydan.tv\\\/wp-content\\\/uploads\\\/fotojet-16-e1703763260675.jpg\",\"articleSection\":[\"M\u0259d\u0259niyy\u0259t\",\"X\u0259b\u0259rl\u0259r\"],\"inLanguage\":\"az\"},{\"@type\":\"WebPage\",\"@id\":\"https:\\\/\\\/www.meydan.tv\\\/az\\\/article\\\/yalcin-adigozelova-vezife-verilib\\\/\",\"url\":\"https:\\\/\\\/www.meydan.tv\\\/az\\\/article\\\/yalcin-adigozelova-vezife-verilib\\\/\",\"name\":\"Yal\u00e7\u0131n Ad\u0131g\u00f6z\u0259lova v\u0259zif\u0259 verilib - MEYDAN.TV\",\"isPartOf\":{\"@id\":\"https:\\\/\\\/www.meydan.tv\\\/az\\\/#website\"},\"primaryImageOfPage\":{\"@id\":\"https:\\\/\\\/www.meydan.tv\\\/az\\\/article\\\/yalcin-adigozelova-vezife-verilib\\\/#primaryimage\"},\"image\":{\"@id\":\"https:\\\/\\\/www.meydan.tv\\\/az\\\/article\\\/yalcin-adigozelova-vezife-verilib\\\/#primaryimage\"},\"thumbnailUrl\":\"https:\\\/\\\/www.meydan.tv\\\/wp-content\\\/uploads\\\/fotojet-16-e1703763260675.jpg\",\"datePublished\":\"2023-12-28T11:43:42+00:00\",\"dateModified\":\"2023-12-28T11:43:46+00:00\",\"breadcrumb\":{\"@id\":\"https:\\\/\\\/www.meydan.tv\\\/az\\\/article\\\/yalcin-adigozelova-vezife-verilib\\\/#breadcrumb\"},\"inLanguage\":\"az\",\"potentialAction\":[{\"@type\":\"ReadAction\",\"target\":[\"https:\\\/\\\/www.meydan.tv\\\/az\\\/article\\\/yalcin-adigozelova-vezife-verilib\\\/\"]}]},{\"@type\":\"ImageObject\",\"inLanguage\":\"az\",\"@id\":\"https:\\\/\\\/www.meydan.tv\\\/az\\\/article\\\/yalcin-adigozelova-vezife-verilib\\\/#primaryimage\",\"url\":\"https:\\\/\\\/www.meydan.tv\\\/wp-content\\\/uploads\\\/fotojet-16-e1703763260675.jpg\",\"contentUrl\":\"https:\\\/\\\/www.meydan.tv\\\/wp-content\\\/uploads\\\/fotojet-16-e1703763260675.jpg\",\"width\":1200,\"height\":394,\"caption\":\"Yal\u00e7\u0131n Ad\u0131g\u00f6z\u0259lov. Foto: sosial \u015f\u0259b\u0259k\u0259\"},{\"@type\":\"BreadcrumbList\",\"@id\":\"https:\\\/\\\/www.meydan.tv\\\/az\\\/article\\\/yalcin-adigozelova-vezife-verilib\\\/#breadcrumb\",\"itemListElement\":[{\"@type\":\"ListItem\",\"position\":1,\"name\":\"Ana s\u0259hif\u0259\",\"item\":\"https:\\\/\\\/www.meydan.tv\\\/az\\\/\"},{\"@type\":\"ListItem\",\"position\":2,\"name\":\"M\u0259d\u0259niyy\u0259t\",\"item\":\"https:\\\/\\\/www.meydan.tv\\\/az\\\/section\\\/medeniyyet\\\/\"},{\"@type\":\"ListItem\",\"position\":3,\"name\":\"Yal\u00e7\u0131n Ad\u0131g\u00f6z\u0259lova v\u0259zif\u0259 verilib\"}]},{\"@type\":\"WebSite\",\"@id\":\"https:\\\/\\\/www.meydan.tv\\\/az\\\/#website\",\"url\":\"https:\\\/\\\/www.meydan.tv\\\/az\\\/\",\"name\":\"MEYDAN.TV\",\"description\":\"Meydan TV Az\u0259rbaycan\u0131n media m\u0259kan\u0131ndak\u0131 alternativ s\u0259sidir\",\"publisher\":{\"@id\":\"https:\\\/\\\/www.meydan.tv\\\/az\\\/#organization\"},\"potentialAction\":[{\"@type\":\"SearchAction\",\"target\":{\"@type\":\"EntryPoint\",\"urlTemplate\":\"https:\\\/\\\/www.meydan.tv\\\/az\\\/?s={search_term_string}\"},\"query-input\":{\"@type\":\"PropertyValueSpecification\",\"valueRequired\":true,\"valueName\":\"search_term_string\"}}],\"inLanguage\":\"az\"},{\"@type\":\"Organization\",\"@id\":\"https:\\\/\\\/www.meydan.tv\\\/az\\\/#organization\",\"name\":\"Meydan TV\",\"url\":\"https:\\\/\\\/www.meydan.tv\\\/az\\\/\",\"logo\":{\"@type\":\"ImageObject\",\"inLanguage\":\"az\",\"@id\":\"https:\\\/\\\/www.meydan.tv\\\/az\\\/#\\\/schema\\\/logo\\\/image\\\/\",\"url\":\"https:\\\/\\\/www.meydan.tv\\\/wp-content\\\/uploads\\\/2021\\\/07\\\/meydan-logo.svg\",\"contentUrl\":\"https:\\\/\\\/www.meydan.tv\\\/wp-content\\\/uploads\\\/2021\\\/07\\\/meydan-logo.svg\",\"width\":195,\"height\":46,\"caption\":\"Meydan TV\"},\"image\":{\"@id\":\"https:\\\/\\\/www.meydan.tv\\\/az\\\/#\\\/schema\\\/logo\\\/image\\\/\"}},{\"@type\":\"Person\",\"@id\":\"https:\\\/\\\/www.meydan.tv\\\/az\\\/#\\\/schema\\\/person\\\/9cdbecf90d17180ce1dfbd95b08dcf47\",\"name\":\"elli\",\"sameAs\":[\"https:\\\/\\\/x.com\\\/elli\"]}]}<\/script>\n<!-- \/ Yoast SEO plugin. -->","yoast_head_json":{"title":"Yal\u00e7\u0131n Ad\u0131g\u00f6z\u0259lova v\u0259zif\u0259 verilib - MEYDAN.TV","robots":{"index":"index","follow":"follow","max-snippet":"max-snippet:-1","max-image-preview":"max-image-preview:large","max-video-preview":"max-video-preview:-1"},"canonical":"https:\/\/www.meydan.tv\/az\/article\/yalcin-adigozelova-vezife-verilib\/","og_locale":"az_AZ","og_type":"article","og_title":"Yal\u00e7\u0131n Ad\u0131g\u00f6z\u0259lova v\u0259zif\u0259 verilib - MEYDAN.TV","og_description":"O, \u201cNiyazi\u201d ad\u0131na D\u00f6vl\u0259t Simfonik Orkestrinin b\u0259dii r\u0259hb\u0259ri t\u0259yin edilib ... Davam\u0131","og_url":"https:\/\/www.meydan.tv\/az\/article\/yalcin-adigozelova-vezife-verilib\/","og_site_name":"MEYDAN.TV","article_published_time":"2023-12-28T11:43:42+00:00","article_modified_time":"2023-12-28T11:43:46+00:00","og_image":[{"width":1200,"height":394,"url":"https:\/\/www.meydan.tv\/wp-content\/uploads\/fotojet-16-e1703763260675.jpg","type":"image\/jpeg"}],"author":"elli","twitter_card":"summary_large_image","twitter_creator":"@elli","schema":{"@context":"https:\/\/schema.org","@graph":[{"@type":"Article","@id":"https:\/\/www.meydan.tv\/az\/article\/yalcin-adigozelova-vezife-verilib\/#article","isPartOf":{"@id":"https:\/\/www.meydan.tv\/az\/article\/yalcin-adigozelova-vezife-verilib\/"},"author":{"name":"elli","@id":"https:\/\/www.meydan.tv\/az\/#\/schema\/person\/9cdbecf90d17180ce1dfbd95b08dcf47"},"headline":"Yal\u00e7\u0131n Ad\u0131g\u00f6z\u0259lova v\u0259zif\u0259 verilib","datePublished":"2023-12-28T11:43:42+00:00","dateModified":"2023-12-28T11:43:46+00:00","mainEntityOfPage":{"@id":"https:\/\/www.meydan.tv\/az\/article\/yalcin-adigozelova-vezife-verilib\/"},"wordCount":265,"publisher":{"@id":"https:\/\/www.meydan.tv\/az\/#organization"},"image":{"@id":"https:\/\/www.meydan.tv\/az\/article\/yalcin-adigozelova-vezife-verilib\/#primaryimage"},"thumbnailUrl":"https:\/\/www.meydan.tv\/wp-content\/uploads\/fotojet-16-e1703763260675.jpg","articleSection":["M\u0259d\u0259niyy\u0259t","X\u0259b\u0259rl\u0259r"],"inLanguage":"az"},{"@type":"WebPage","@id":"https:\/\/www.meydan.tv\/az\/article\/yalcin-adigozelova-vezife-verilib\/","url":"https:\/\/www.meydan.tv\/az\/article\/yalcin-adigozelova-vezife-verilib\/","name":"Yal\u00e7\u0131n Ad\u0131g\u00f6z\u0259lova v\u0259zif\u0259 verilib - MEYDAN.TV","isPartOf":{"@id":"https:\/\/www.meydan.tv\/az\/#website"},"primaryImageOfPage":{"@id":"https:\/\/www.meydan.tv\/az\/article\/yalcin-adigozelova-vezife-verilib\/#primaryimage"},"image":{"@id":"https:\/\/www.meydan.tv\/az\/article\/yalcin-adigozelova-vezife-verilib\/#primaryimage"},"thumbnailUrl":"https:\/\/www.meydan.tv\/wp-content\/uploads\/fotojet-16-e1703763260675.jpg","datePublished":"2023-12-28T11:43:42+00:00","dateModified":"2023-12-28T11:43:46+00:00","breadcrumb":{"@id":"https:\/\/www.meydan.tv\/az\/article\/yalcin-adigozelova-vezife-verilib\/#breadcrumb"},"inLanguage":"az","potentialAction":[{"@type":"ReadAction","target":["https:\/\/www.meydan.tv\/az\/article\/yalcin-adigozelova-vezife-verilib\/"]}]},{"@type":"ImageObject","inLanguage":"az","@id":"https:\/\/www.meydan.tv\/az\/article\/yalcin-adigozelova-vezife-verilib\/#primaryimage","url":"https:\/\/www.meydan.tv\/wp-content\/uploads\/fotojet-16-e1703763260675.jpg","contentUrl":"https:\/\/www.meydan.tv\/wp-content\/uploads\/fotojet-16-e1703763260675.jpg","width":1200,"height":394,"caption":"Yal\u00e7\u0131n Ad\u0131g\u00f6z\u0259lov. Foto: sosial \u015f\u0259b\u0259k\u0259"},{"@type":"BreadcrumbList","@id":"https:\/\/www.meydan.tv\/az\/article\/yalcin-adigozelova-vezife-verilib\/#breadcrumb","itemListElement":[{"@type":"ListItem","position":1,"name":"Ana s\u0259hif\u0259","item":"https:\/\/www.meydan.tv\/az\/"},{"@type":"ListItem","position":2,"name":"M\u0259d\u0259niyy\u0259t","item":"https:\/\/www.meydan.tv\/az\/section\/medeniyyet\/"},{"@type":"ListItem","position":3,"name":"Yal\u00e7\u0131n Ad\u0131g\u00f6z\u0259lova v\u0259zif\u0259 verilib"}]},{"@type":"WebSite","@id":"https:\/\/www.meydan.tv\/az\/#website","url":"https:\/\/www.meydan.tv\/az\/","name":"MEYDAN.TV","description":"Meydan TV Az\u0259rbaycan\u0131n media m\u0259kan\u0131ndak\u0131 alternativ s\u0259sidir","publisher":{"@id":"https:\/\/www.meydan.tv\/az\/#organization"},"potentialAction":[{"@type":"SearchAction","target":{"@type":"EntryPoint","urlTemplate":"https:\/\/www.meydan.tv\/az\/?s={search_term_string}"},"query-input":{"@type":"PropertyValueSpecification","valueRequired":true,"valueName":"search_term_string"}}],"inLanguage":"az"},{"@type":"Organization","@id":"https:\/\/www.meydan.tv\/az\/#organization","name":"Meydan TV","url":"https:\/\/www.meydan.tv\/az\/","logo":{"@type":"ImageObject","inLanguage":"az","@id":"https:\/\/www.meydan.tv\/az\/#\/schema\/logo\/image\/","url":"https:\/\/www.meydan.tv\/wp-content\/uploads\/2021\/07\/meydan-logo.svg","contentUrl":"https:\/\/www.meydan.tv\/wp-content\/uploads\/2021\/07\/meydan-logo.svg","width":195,"height":46,"caption":"Meydan TV"},"image":{"@id":"https:\/\/www.meydan.tv\/az\/#\/schema\/logo\/image\/"}},{"@type":"Person","@id":"https:\/\/www.meydan.tv\/az\/#\/schema\/person\/9cdbecf90d17180ce1dfbd95b08dcf47","name":"elli","sameAs":["https:\/\/x.com\/elli"]}]}},"_links":{"self":[{"href":"https:\/\/www.meydan.tv\/az\/wp-json\/wp\/v2\/posts\/294299","targetHints":{"allow":["GET"]}}],"collection":[{"href":"https:\/\/www.meydan.tv\/az\/wp-json\/wp\/v2\/posts"}],"about":[{"href":"https:\/\/www.meydan.tv\/az\/wp-json\/wp\/v2\/types\/post"}],"author":[{"embeddable":true,"href":"https:\/\/www.meydan.tv\/az\/wp-json\/wp\/v2\/users\/8"}],"replies":[{"embeddable":true,"href":"https:\/\/www.meydan.tv\/az\/wp-json\/wp\/v2\/comments?post=294299"}],"version-history":[{"count":1,"href":"https:\/\/www.meydan.tv\/az\/wp-json\/wp\/v2\/posts\/294299\/revisions"}],"predecessor-version":[{"id":294303,"href":"https:\/\/www.meydan.tv\/az\/wp-json\/wp\/v2\/posts\/294299\/revisions\/294303"}],"wp:featuredmedia":[{"embeddable":true,"href":"https:\/\/www.meydan.tv\/az\/wp-json\/wp\/v2\/media\/294300"}],"wp:attachment":[{"href":"https:\/\/www.meydan.tv\/az\/wp-json\/wp\/v2\/media?parent=294299"}],"wp:term":[{"taxonomy":"category","embeddable":true,"href":"https:\/\/www.meydan.tv\/az\/wp-json\/wp\/v2\/categories?post=294299"},{"taxonomy":"post_tag","embeddable":true,"href":"https:\/\/www.meydan.tv\/az\/wp-json\/wp\/v2\/tags?post=294299"}],"curies":[{"name":"wp","href":"https:\/\/api.w.org\/{rel}","templated":true}]}}