{"id":294285,"date":"2023-12-28T15:41:27","date_gmt":"2023-12-28T11:41:27","guid":{"rendered":"https:\/\/www.meydan.tv\/?p=294285"},"modified":"2023-12-28T15:41:32","modified_gmt":"2023-12-28T11:41:32","slug":"fransa-azerbaycan-munasibetleri-paris-eliyevlerin-mulklerini-arasdirir","status":"publish","type":"post","link":"https:\/\/www.meydan.tv\/az\/article\/fransa-azerbaycan-munasibetleri-paris-eliyevlerin-mulklerini-arasdirir\/","title":{"rendered":"Fransa-Az\u0259rbaycan m\u00fcnasib\u0259tl\u0259ri: \u201c\u2026Paris \u018fliyevl\u0259rin m\u00fclkl\u0259rini ara\u015fd\u0131r\u0131r\u201d"},"content":{"rendered":"\n<p><\/p>\n\n\n\n<p><em><strong>F\u0259rid \u015e\u0259fiyev is\u0259 deyir ki, Fransa Az\u0259rbaycana qar\u015f\u0131 diplomatik m\u00fcharib\u0259 apar\u0131r<\/strong><\/em><\/p>\n\n\n\n<p>\u0130smay\u0131ll\u0131 \u015f\u0259h\u0259ri il\u0259 Fransan\u0131n Evian-Le Ba \u015f\u0259h\u0259ri aras\u0131nda imzalanm\u0131\u015f Dostluq v\u0259 \u018fm\u0259kda\u015fl\u0131q Xartiyas\u0131n\u0131n q\u00fcvv\u0259d\u0259n d\u00fc\u015fd\u00fcy\u00fc bildirilir.<\/p>\n\n\n\n<p>Bu bar\u0259d\u0259 dekabr\u0131n 28-d\u0259 \u0130smay\u0131ll\u0131 Rayon \u0130cra Hakimiyy\u0259tinin yayd\u0131\u011f\u0131 b\u0259yanatda qeyd olunub.<\/p>\n\n\n\n<p>B\u0259yanatda vur\u011fulan\u0131r ki, 2015-ci ilin may ay\u0131nda \u0130smay\u0131ll\u0131da Fransan\u0131n Evian-Le Ba \u015f\u0259h\u0259ri il\u0259 Dostluq v\u0259 \u018fm\u0259kda\u015fl\u0131q Xartiyas\u0131 imzalan\u0131b:<\/p>\n\n\n\n<p>&#8220;<em>H\u0259min d\u00f6vrd\u0259 xartiyan\u0131n imzalanmas\u0131n\u0131n m\u0259qs\u0259di iki \u015f\u0259h\u0259r aras\u0131nda dostluq \u0259laq\u0259l\u0259rini inki\u015faf etdirm\u0259k, m\u0259d\u0259niyy\u0259t, turizm v\u0259 iqtisadiyyat sah\u0259l\u0259rind\u0259 ikit\u0259r\u0259fli \u0259laq\u0259l\u0259r\u0259 t\u00f6hf\u0259l\u0259r verm\u0259kd\u0259n ibar\u0259t olub. H\u0259tta bu istiqam\u0259td\u0259 praktiki add\u0131mlar at\u0131l\u0131b, t\u0259r\u0259fl\u0259r aras\u0131nda qar\u015f\u0131l\u0131ql\u0131 s\u0259f\u0259rl\u0259r ba\u015f tutub\u201d.<\/em><\/p>\n\n\n<div class=\"wp-block-image\">\n<figure class=\"aligncenter size-full is-resized\"><img decoding=\"async\" width=\"1200\" height=\"801\" data-src=\"https:\/\/www.meydan.tv\/wp-content\/uploads\/isma-ic.jpg\" alt=\"\" class=\"wp-image-294289 lazyload\" style=\"--smush-placeholder-width: 1200px; --smush-placeholder-aspect-ratio: 1200\/801;width:798px;height:auto\" src=\"data:image\/svg+xml;base64,PHN2ZyB3aWR0aD0iMSIgaGVpZ2h0PSIxIiB4bWxucz0iaHR0cDovL3d3dy53My5vcmcvMjAwMC9zdmciPjwvc3ZnPg==\" \/><figcaption class=\"wp-element-caption\">Foto: \u0130smay\u0131ll\u0131 \u0130H. <\/figcaption><\/figure>\n<\/div>\n\n\n<p>\u201c<em>\u018fm\u0259kda\u015fl\u0131\u011f\u0131n davam\u0131 kimi 2017-ci ild\u0259 Evian \u015f\u0259h\u0259rind\u0259 \u201cAz\u0259rbaycan ba\u011f\u0131\u201dn\u0131n v\u0259 parkda \u201cDostluq\u201d bula\u011f\u0131n\u0131n, el\u0259c\u0259 d\u0259 g\u00f6rk\u0259mli Az\u0259rbaycan \u015fairi Xur\u015fidbanu Nat\u0259van\u0131n heyk\u0259linin a\u00e7\u0131l\u0131\u015f m\u0259rasimi ke\u00e7irilib. Eyni zamanda, \u0130smay\u0131ll\u0131 \u015f\u0259h\u0259r m\u0259rk\u0259zi park\u0131nda \u201cAz\u0259rbaycan-Fransa dostluq park\u0131\u201d l\u00f6vh\u0259si yerl\u0259\u015fdirilib&#8221;,<\/em> &#8211; dey\u0259 b\u0259yanatda vur\u011fulan\u0131r.<\/p>\n\n\n\n<p>\u0130cra Hakimiyy\u0259ti bildirir ki, \u201cQarda\u015fla\u015fm\u0131\u015f \u015f\u0259h\u0259rl\u0259r\u201d ideyas\u0131n\u0131n f\u0259rqli xalqlar\u0131n m\u0259d\u0259niyy\u0259tin\u0259 xidm\u0259t etm\u0259si v\u0259 m\u00fcxt\u0259lif mill\u0259tl\u0259rd\u0259n olan insanlar aras\u0131nda k\u00f6rp\u00fcl\u0259r yaratmas\u0131, o c\u00fcml\u0259d\u0259n bu konsepsiyan\u0131n siyas\u0259td\u0259n k\u0259nar olmas\u0131na baxmayaraq, Fransa bu m\u0259s\u0259l\u0259ni siyasil\u0259\u015fdirib.<\/p>\n\n\n\n<p>S\u0259n\u0259dd\u0259 qeyd olunur ki, Fransa II Qaraba\u011f m\u00fcharib\u0259sind\u0259 Erm\u0259nistan\u0131 d\u0259st\u0259kl\u0259yib:<\/p>\n\n\n\n<p>\u201c<em>2023-c\u00fc il dekabr\u0131n 18-d\u0259 Evian \u015f\u0259h\u0259r b\u0259l\u0259diyy\u0259 \u015furas\u0131n\u0131n iclas\u0131nda \u00f6lk\u0259miz\u0259 qar\u015f\u0131 \u0259sass\u0131z ittihamlar s\u0259sl\u0259ndirilib, Erm\u0259nistana d\u0259st\u0259k ifad\u0259 olunub. H\u0259m\u00e7inin \u015f\u0259h\u0259r meri \u201cAz\u0259rbaycan Ba\u011f\u0131\u201d qeyd edil\u0259n yaz\u0131lar\u0131n ham\u0131s\u0131n\u0131n silindiyini elan <\/em><a href=\"https:\/\/azertag.az\/xeber\/ismayilli_ile_fransanin_evian_le_ba_seheri_arasinda_imzalanmis_dostluq_ve_emekdasliq_xartiyasi_quvveden_dusub___beyanat-2868511\"><em>edib&#8221;<\/em>.<\/a><\/p>\n\n\n\n<p>Son iki g\u00fcnd\u0259 Bak\u0131-Paris m\u00fcnasib\u0259tl\u0259rind\u0259 g\u0259rginlik pik h\u0259dd\u0259nd\u0259dir.<\/p>\n\n\n\n<p>Dekabr\u0131n 26-da Az\u0259rbaycan Xarici \u0130\u015fl\u0259r Nazirliyi Fransa s\u0259firliyinin 2 \u0259m\u0259kda\u015f\u0131n\u0131 persona-non-grata\u201d (arzuolunmaz \u015f\u0259xs) elan edib.<\/p>\n\n\n\n<p>D\u00fcn\u0259n is\u0259 Fransa Xarici \u0130\u015fl\u0259r Nazirliyi adekvat add\u0131m <a href=\"https:\/\/storage.googleapis.com\/qurium\/www.meydan.tv\/az-article-fransadan-azerbaycana-cavab-2-diplomat-persona-non-grata-elan-olundu.html\">at\u0131b.<\/a><\/p>\n\n\n\n<p>Ke\u00e7mi\u015f diplomat v\u0259 s\u0259fir Arif M\u0259mm\u0259dov Meydan TV-y\u0259 deyib ki, Paris Bak\u0131n\u0131n bir g\u00fcn \u0259vv\u0259lki add\u0131m\u0131n\u0131 cavabs\u0131z buraxa bilm\u0259zdi v\u0259 qar\u015fl\u0131ql\u0131 add\u0131m at\u0131l\u0131b.<\/p>\n\n\n\n<p>Arif M\u0259mm\u0259dov deyir ki, indiki situasiya diplomatik m\u00fcnasib\u0259tl\u0259rin \u0259n g\u0259rgin h\u0259dd\u0259 \u00e7atmas\u0131 kimi qiym\u0259tl\u0259ndiril\u0259 bil\u0259r:<\/p>\n\n\n\n<p>&#8220;<em>\u018fg\u0259r bel\u0259 davam ed\u0259rs\u0259, diplomatik m\u00fcnasib\u0259tl\u0259r tamamil\u0259 k\u0259sil\u0259 bil\u0259r. H\u00f6kum\u0259tin n\u0259zar\u0259tind\u0259ki media bunu Fransan\u0131n erm\u0259nip\u0259r\u0259st m\u00f6vqeyi il\u0259 \u0259laq\u0259l\u0259ndirm\u0259y\u0259 \u00e7al\u0131\u015f\u0131r. Amma m\u0259nd\u0259 olan m\u0259lumata g\u00f6r\u0259, Bak\u0131n\u0131n son add\u0131mlar\u0131 Parisin \u018fliyevl\u0259rin Fransadak\u0131 m\u00fclkl\u0259ri il\u0259 ba\u011fl\u0131 ciddi ara\u015fd\u0131rmas\u0131ndan ir\u0259li g\u0259lir. Eyni zamanda, bununla \u0259laq\u0259dar film&nbsp; \u00e7\u0259kilir ki, &#8220;\u00e7irkli pullar\u0131n yuyulmas\u0131&#8221;, i\u015fg\u0259nc\u0259l\u0259r, &#8220;T\u0259rt\u0259r i\u015fi&#8221; \u00f6z \u0259ksini tapacaq. H\u0259m\u00e7inin Fransa h\u00f6kum\u0259tinin m\u0259d\u0259niyy\u0259t m\u0259rk\u0259zi kimi qeyd\u0259 ald\u0131\u011f\u0131 Heyd\u0259r \u018fliyev Fondu il\u0259 ba\u011fl\u0131 ara\u015fd\u0131rma aparacaqlar\u0131 g\u00f6zl\u0259nilir&#8221;.<\/em><\/p>\n\n\n<div class=\"wp-block-image\">\n<figure class=\"alignleft size-full is-resized\"><img decoding=\"async\" width=\"800\" height=\"511\" data-src=\"https:\/\/www.meydan.tv\/wp-content\/uploads\/resize-1.jpeg\" alt=\"\" class=\"wp-image-294292 lazyload\" style=\"--smush-placeholder-width: 800px; --smush-placeholder-aspect-ratio: 800\/511;width:407px;height:auto\" src=\"data:image\/svg+xml;base64,PHN2ZyB3aWR0aD0iMSIgaGVpZ2h0PSIxIiB4bWxucz0iaHR0cDovL3d3dy53My5vcmcvMjAwMC9zdmciPjwvc3ZnPg==\" \/><figcaption class=\"wp-element-caption\">Foto: Arif M\u0259mm\u0259dovun \u015f\u0259xsi arxivind\u0259n<\/figcaption><\/figure>\n<\/div>\n\n\n<p>Sabiq s\u0259firin s\u00f6zl\u0259rin\u0259 g\u00f6r\u0259, Paris-Bak\u0131 m\u00fcnasib\u0259tl\u0259rind\u0259 g\u0259rginlik davam ed\u0259c\u0259k:<\/p>\n\n\n\n<p>&#8220;<em>Fransa ciddi \u00f6lk\u0259dir v\u0259 diplomatik \u0259n\u0259n\u0259l\u0259ri var. Emosional yox, sakit diplomatik add\u0131mlar atma\u011fa \u00fcst\u00fcnl\u00fck verir. Amma n\u0259tic\u0259l\u0259ri \u00e7ox a\u011f\u0131r olur. D\u00fc\u015f\u00fcn\u00fcr\u0259m ki, Fransa \u00f6lk\u0259 kimi deyil, Avropa \u0130ttifaq\u0131 s\u0259viyy\u0259sind\u0259 d\u0259 Az\u0259rbaycana qar\u015f\u0131 add\u0131mlar ata bil\u0259r, bura sanksiyalar da, hans\u0131sa hesablara h\u0259bsl\u0259rin qoyulmas\u0131 da m\u00fcmk\u00fcnd\u00fcr&#8221;.<\/em><\/p>\n\n\n\n<p>Beyn\u0259lxalq M\u00fcnasib\u0259tl\u0259rin T\u0259hlili M\u0259rk\u0259zinin \u0130dar\u0259 Hey\u0259tinin (BMTM) s\u0259dri F\u0259rid \u015e\u0259fiyev bu g\u00fcn ilin yekunlar\u0131na dair ke\u00e7irdiyi m\u0259tbuat konfrans\u0131nda s\u00f6yl\u0259yib ki,\u00a0 Az\u0259rbaycana qar\u015f\u0131 m\u0259nfi davran\u0131\u015f Fransa Prezidentinin v\u0259 Xarici i\u015fl\u0259r nazirinin t\u0259\u015f\u0259bb\u00fcs\u00fcd\u00fcr:<\/p>\n\n\n\n<p>O bildirib ki, sentyabr hadis\u0259l\u0259rind\u0259n sonra Q\u0259rb \u00f6lk\u0259l\u0259ri, x\u00fcsus\u0259n Fransa Az\u0259rbaycana m\u00fcnasib\u0259td\u0259 ikili standartlarla yana\u015f\u0131r:<\/p>\n\n\n<div class=\"wp-block-image\">\n<figure class=\"alignright size-full is-resized\"><img decoding=\"async\" width=\"750\" height=\"500\" data-src=\"https:\/\/www.meydan.tv\/wp-content\/uploads\/photo_380126.jpg\" alt=\"F\u0259rid \u015e\u0259fiyev\" class=\"wp-image-132924 lazyload\" style=\"--smush-placeholder-width: 750px; --smush-placeholder-aspect-ratio: 750\/500;width:356px;height:auto\" src=\"data:image\/svg+xml;base64,PHN2ZyB3aWR0aD0iMSIgaGVpZ2h0PSIxIiB4bWxucz0iaHR0cDovL3d3dy53My5vcmcvMjAwMC9zdmciPjwvc3ZnPg==\" \/><figcaption class=\"wp-element-caption\">Foto: arxiv<\/figcaption><\/figure>\n<\/div>\n\n\n<p>&#8220;<em>Fransa a\u00e7\u0131q-a\u015fkar Az\u0259rbaycana qar\u015f\u0131 diplomatik m\u00fcharib\u0259 apar\u0131r. Fransa t\u0259r\u0259find\u0259n Az\u0259rbaycana qar\u015f\u0131 BMT T\u0259hl\u00fck\u0259sizlik \u015euras\u0131nda 3 d\u0259f\u0259 s\u0259n\u0259d ir\u0259li s\u00fcr\u00fcl\u00fcb v\u0259 u\u011fursuz olub. Son d\u0259f\u0259 iyul ay\u0131nda ir\u0259li s\u00fcrm\u00fc\u015fd\u00fcl\u0259r. Bu g\u0259rginliyi biz yaratmam\u0131\u015f\u0131q, onlar yarad\u0131b. Burada t\u0259kc\u0259 erm\u0259ni diasporu m\u0259s\u0259l\u0259si deyil, ba\u015fqa m\u0259s\u0259l\u0259l\u0259r, T\u00fcrkiy\u0259 il\u0259 m\u00fcnasib\u0259tl\u0259r d\u0259 rol oynay\u0131r. M\u0259nd\u0259 olan m\u0259lumata g\u00f6r\u0259, b\u0259zi frans\u0131z diplomatlar\u0131 bu siyas\u0259ti d\u0259st\u0259kl\u0259mirl\u0259r. Bu, Fransa siyasi r\u0259hb\u0259rliyinin se\u00e7imidir\u201d.<\/em><\/p>\n\n\n\n<p>Ancaq ke\u00e7mi\u015f diplomat, siyasi f\u0259al Emin \u015eaiq hadis\u0259l\u0259r\u0259 Q\u0259rb-Rusiya m\u00fcnasib\u0259tl\u0259rinin g\u0259rginl\u0259\u015fm\u0259si kontekstind\u0259 yana\u015f\u0131b.<\/p>\n\n\n\n<p>Onun fikrinc\u0259, m\u00f6vcud r\u0259qab\u0259t ir\u0259lil\u0259dikc\u0259 Az\u0259rbaycan iqtidar\u0131 \u00f6z\u00fcn\u00fc qorumaq \u00fc\u00e7\u00fcn Rusiyaya s\u0131\u011f\u0131nma\u011fa v\u0259 anti-Q\u0259rb ritorikas\u0131na ke\u00e7m\u0259y\u0259 m\u0259cburdur:<\/p>\n\n\n\n<p><em>&#8220;Bel\u0259 v\u0259ziyy\u0259tl\u0259rd\u0259 Az\u0259rbaycan hakimiyy\u0259ti \u00fc\u00e7\u00fcn s\u00f6z davas\u0131na \u00e7\u0131xma\u011fa \u0259n rahat v\u0259 m\u00fcnasib h\u0259d\u0259f Fransa olub. \u00c7\u00fcnki Fransan\u0131n Az\u0259rbaycan c\u0259miyy\u0259tind\u0259 erm\u0259nip\u0259r\u0259st imici m\u0259lumdur, b\u0259li, bunun da \u00f6z haql\u0131 t\u0259r\u0259fl\u0259ri var. Amma praktikada bel\u0259 olur, \u0259g\u0259r bir \u00f6lk\u0259 2 diplomat\u0131 \u00e7\u0131xar\u0131rsa, onlar da ikisini \u00e7\u0131xar\u0131r, y\u0259ni proporsional qaydada h\u0259yata ke\u00e7irilir&#8221;.<\/em><\/p>\n\n\n<div class=\"wp-block-image\">\n<figure class=\"alignleft size-full is-resized\"><img decoding=\"async\" width=\"800\" height=\"547\" data-src=\"https:\/\/www.meydan.tv\/wp-content\/uploads\/emin-saiq-ibrahimov.png\" alt=\"\" class=\"wp-image-294295 lazyload\" style=\"--smush-placeholder-width: 800px; --smush-placeholder-aspect-ratio: 800\/547;width:377px;height:auto\" src=\"data:image\/svg+xml;base64,PHN2ZyB3aWR0aD0iMSIgaGVpZ2h0PSIxIiB4bWxucz0iaHR0cDovL3d3dy53My5vcmcvMjAwMC9zdmciPjwvc3ZnPg==\" \/><figcaption class=\"wp-element-caption\">Foto: Emin \u015eaiqin \u015f\u0259xsi arxivind\u0259n<\/figcaption><\/figure>\n<\/div>\n\n\n<p><em>&#8220;AB\u015e d\u00f6vl\u0259t katibinin k\u00f6m\u0259k\u00e7isi O&#8217;Brayn da g\u0259ldi-getdi, amma anti-Q\u0259rb t\u0259bli\u011fat\u0131 dayanmad\u0131. Bu gedi\u015fat \u00e7ox pis g\u00f6r\u00fcn\u00fcr, Az\u0259rbaycan\u0131n Q\u0259rbl\u0259 m\u00fcnasib\u0259tl\u0259ri n\u0259 q\u0259d\u0259r pisl\u0259\u015f\u0259c\u0259ks\u0259, o q\u0259d\u0259r Rusiyadan as\u0131l\u0131l\u0131\u011f\u0131 artacaq v\u0259 \u00f6lk\u0259 avtoritarzim bataql\u0131\u011f\u0131na gir\u0259c\u0259k. Prosesl\u0259r indiki istiqam\u0259td\u0259 getm\u0259y\u0259 bil\u0259rdi, amma r\u0259smi Bak\u0131n\u0131n x\u0259tti bel\u0259dir. Ukraynadak\u0131 hadis\u0259l\u0259rd\u0259 Q\u0259rb, yoxsa Rusiya \u00fcst\u00fcnl\u00fck t\u0259\u015fkil ed\u0259c\u0259ks\u0259, proses d\u0259 o y\u00f6nd\u0259 ged\u0259c\u0259k. M\u0259s\u0259l\u0259 ondad\u0131r ki, Bak\u0131 Moskvaya burada d\u0259st\u0259k olur. \u00c7\u00fcnki bilir ki, Rusiya regiondan \u00e7\u0131xsa, demokratikl\u0259\u015fm\u0259nin \u00f6n\u00fc a\u00e7\u0131lacaq. Sad\u0259c\u0259, b\u00fct\u00fcn bunlara Qaraba\u011f vasit\u0259sil\u0259 don geyindirilir&#8221;, <\/em>&#8211; dey\u0259 o qeyd edib.<\/p>\n\n\n\n<p>Fransa Az\u0259rbaycan\u0131n m\u00fcst\u0259qilliyini 1992-ci ilin yanvar\u0131nda tan\u0131y\u0131b, fevralda is\u0259 diplomatik \u0259laq\u0259l\u0259r qurulub.<\/p>\n\n\n\n<p>16 mart 1992-ci ild\u0259 Fransan\u0131n Az\u0259rbaycanda, el\u0259 h\u0259min il 20 oktyabrda is\u0259 Az\u0259rbaycan\u0131n Fransada s\u0259firliyi a\u00e7\u0131l\u0131b.<\/p>\n","protected":false},"excerpt":{"rendered":"<p>F\u0259rid \u015e\u0259fiyev is\u0259 deyir ki, Fransa Az\u0259rbaycana qar\u015f\u0131 diplomatik m\u00fcharib\u0259 &#8230; <\/p>\n<p class=\"read-more-container\"><a title=\"Fransa-Az\u0259rbaycan m\u00fcnasib\u0259tl\u0259ri: \u201c\u2026Paris \u018fliyevl\u0259rin m\u00fclkl\u0259rini ara\u015fd\u0131r\u0131r\u201d\" class=\"read-more button\" href=\"https:\/\/www.meydan.tv\/az\/article\/fransa-azerbaycan-munasibetleri-paris-eliyevlerin-mulklerini-arasdirir\/#more-294285\" aria-label=\"Read more about Fransa-Az\u0259rbaycan m\u00fcnasib\u0259tl\u0259ri: \u201c\u2026Paris \u018fliyevl\u0259rin m\u00fclkl\u0259rini ara\u015fd\u0131r\u0131r\u201d\">Davam\u0131<\/a><\/p>\n","protected":false},"author":8,"featured_media":261060,"comment_status":"closed","ping_status":"closed","sticky":false,"template":"","format":"standard","meta":{"_acf_changed":false,"_sitemap_exclude":false,"_sitemap_priority":"","_sitemap_frequency":"","footnotes":""},"categories":[59,79,56],"tags":[],"class_list":["post-294285","post","type-post","status-publish","format-standard","has-post-thumbnail","hentry","category-siyaset","category-featured","category-xeberler","infinite-scroll-item","generate-columns","tablet-grid-50","mobile-grid-100","grid-parent","grid-33","no-featured-image-padding"],"acf":[],"yoast_head":"<!-- This site is optimized with the Yoast SEO plugin v27.4 - https:\/\/yoast.com\/product\/yoast-seo-wordpress\/ -->\n<title>Fransa-Az\u0259rbaycan m\u00fcnasib\u0259tl\u0259ri: \u201c\u2026Paris \u018fliyevl\u0259rin m\u00fclkl\u0259rini ara\u015fd\u0131r\u0131r\u201d - MEYDAN.TV<\/title>\n<meta name=\"robots\" content=\"index, follow, max-snippet:-1, max-image-preview:large, max-video-preview:-1\" \/>\n<link rel=\"canonical\" href=\"https:\/\/www.meydan.tv\/az\/article\/fransa-azerbaycan-munasibetleri-paris-eliyevlerin-mulklerini-arasdirir\/\" \/>\n<meta property=\"og:locale\" content=\"az_AZ\" \/>\n<meta property=\"og:type\" content=\"article\" \/>\n<meta property=\"og:title\" content=\"Fransa-Az\u0259rbaycan m\u00fcnasib\u0259tl\u0259ri: \u201c\u2026Paris \u018fliyevl\u0259rin m\u00fclkl\u0259rini ara\u015fd\u0131r\u0131r\u201d - MEYDAN.TV\" \/>\n<meta property=\"og:description\" content=\"F\u0259rid \u015e\u0259fiyev is\u0259 deyir ki, Fransa Az\u0259rbaycana qar\u015f\u0131 diplomatik m\u00fcharib\u0259 ... Davam\u0131\" \/>\n<meta property=\"og:url\" content=\"https:\/\/www.meydan.tv\/az\/article\/fransa-azerbaycan-munasibetleri-paris-eliyevlerin-mulklerini-arasdirir\/\" \/>\n<meta property=\"og:site_name\" content=\"MEYDAN.TV\" \/>\n<meta property=\"article:published_time\" content=\"2023-12-28T11:41:27+00:00\" \/>\n<meta property=\"article:modified_time\" content=\"2023-12-28T11:41:32+00:00\" \/>\n<meta property=\"og:image\" content=\"https:\/\/www.meydan.tv\/wp-content\/uploads\/shutterstock_1476399065.jpg\" \/>\n\t<meta property=\"og:image:width\" content=\"1200\" \/>\n\t<meta property=\"og:image:height\" content=\"399\" \/>\n\t<meta property=\"og:image:type\" content=\"image\/jpeg\" \/>\n<meta name=\"author\" content=\"elli\" \/>\n<meta name=\"twitter:card\" content=\"summary_large_image\" \/>\n<meta name=\"twitter:creator\" content=\"@elli\" \/>\n<script type=\"application\/ld+json\" class=\"yoast-schema-graph\">{\"@context\":\"https:\\\/\\\/schema.org\",\"@graph\":[{\"@type\":\"Article\",\"@id\":\"https:\\\/\\\/www.meydan.tv\\\/az\\\/article\\\/fransa-azerbaycan-munasibetleri-paris-eliyevlerin-mulklerini-arasdirir\\\/#article\",\"isPartOf\":{\"@id\":\"https:\\\/\\\/www.meydan.tv\\\/az\\\/article\\\/fransa-azerbaycan-munasibetleri-paris-eliyevlerin-mulklerini-arasdirir\\\/\"},\"author\":{\"name\":\"elli\",\"@id\":\"https:\\\/\\\/www.meydan.tv\\\/az\\\/#\\\/schema\\\/person\\\/9cdbecf90d17180ce1dfbd95b08dcf47\"},\"headline\":\"Fransa-Az\u0259rbaycan m\u00fcnasib\u0259tl\u0259ri: \u201c\u2026Paris \u018fliyevl\u0259rin m\u00fclkl\u0259rini ara\u015fd\u0131r\u0131r\u201d\",\"datePublished\":\"2023-12-28T11:41:27+00:00\",\"dateModified\":\"2023-12-28T11:41:32+00:00\",\"mainEntityOfPage\":{\"@id\":\"https:\\\/\\\/www.meydan.tv\\\/az\\\/article\\\/fransa-azerbaycan-munasibetleri-paris-eliyevlerin-mulklerini-arasdirir\\\/\"},\"wordCount\":1277,\"publisher\":{\"@id\":\"https:\\\/\\\/www.meydan.tv\\\/az\\\/#organization\"},\"image\":{\"@id\":\"https:\\\/\\\/www.meydan.tv\\\/az\\\/article\\\/fransa-azerbaycan-munasibetleri-paris-eliyevlerin-mulklerini-arasdirir\\\/#primaryimage\"},\"thumbnailUrl\":\"https:\\\/\\\/www.meydan.tv\\\/wp-content\\\/uploads\\\/shutterstock_1476399065.jpg\",\"articleSection\":[\"Siyas\u0259t\",\"T\u00f6vsiy\u0259\",\"X\u0259b\u0259rl\u0259r\"],\"inLanguage\":\"az\"},{\"@type\":\"WebPage\",\"@id\":\"https:\\\/\\\/www.meydan.tv\\\/az\\\/article\\\/fransa-azerbaycan-munasibetleri-paris-eliyevlerin-mulklerini-arasdirir\\\/\",\"url\":\"https:\\\/\\\/www.meydan.tv\\\/az\\\/article\\\/fransa-azerbaycan-munasibetleri-paris-eliyevlerin-mulklerini-arasdirir\\\/\",\"name\":\"Fransa-Az\u0259rbaycan m\u00fcnasib\u0259tl\u0259ri: \u201c\u2026Paris \u018fliyevl\u0259rin m\u00fclkl\u0259rini ara\u015fd\u0131r\u0131r\u201d - MEYDAN.TV\",\"isPartOf\":{\"@id\":\"https:\\\/\\\/www.meydan.tv\\\/az\\\/#website\"},\"primaryImageOfPage\":{\"@id\":\"https:\\\/\\\/www.meydan.tv\\\/az\\\/article\\\/fransa-azerbaycan-munasibetleri-paris-eliyevlerin-mulklerini-arasdirir\\\/#primaryimage\"},\"image\":{\"@id\":\"https:\\\/\\\/www.meydan.tv\\\/az\\\/article\\\/fransa-azerbaycan-munasibetleri-paris-eliyevlerin-mulklerini-arasdirir\\\/#primaryimage\"},\"thumbnailUrl\":\"https:\\\/\\\/www.meydan.tv\\\/wp-content\\\/uploads\\\/shutterstock_1476399065.jpg\",\"datePublished\":\"2023-12-28T11:41:27+00:00\",\"dateModified\":\"2023-12-28T11:41:32+00:00\",\"breadcrumb\":{\"@id\":\"https:\\\/\\\/www.meydan.tv\\\/az\\\/article\\\/fransa-azerbaycan-munasibetleri-paris-eliyevlerin-mulklerini-arasdirir\\\/#breadcrumb\"},\"inLanguage\":\"az\",\"potentialAction\":[{\"@type\":\"ReadAction\",\"target\":[\"https:\\\/\\\/www.meydan.tv\\\/az\\\/article\\\/fransa-azerbaycan-munasibetleri-paris-eliyevlerin-mulklerini-arasdirir\\\/\"]}]},{\"@type\":\"ImageObject\",\"inLanguage\":\"az\",\"@id\":\"https:\\\/\\\/www.meydan.tv\\\/az\\\/article\\\/fransa-azerbaycan-munasibetleri-paris-eliyevlerin-mulklerini-arasdirir\\\/#primaryimage\",\"url\":\"https:\\\/\\\/www.meydan.tv\\\/wp-content\\\/uploads\\\/shutterstock_1476399065.jpg\",\"contentUrl\":\"https:\\\/\\\/www.meydan.tv\\\/wp-content\\\/uploads\\\/shutterstock_1476399065.jpg\",\"width\":1200,\"height\":399,\"caption\":\"Fransa-Az\u0259rbaycan. M\u0259nb\u0259: vladm\\\/shutterstock\"},{\"@type\":\"BreadcrumbList\",\"@id\":\"https:\\\/\\\/www.meydan.tv\\\/az\\\/article\\\/fransa-azerbaycan-munasibetleri-paris-eliyevlerin-mulklerini-arasdirir\\\/#breadcrumb\",\"itemListElement\":[{\"@type\":\"ListItem\",\"position\":1,\"name\":\"Ana s\u0259hif\u0259\",\"item\":\"https:\\\/\\\/www.meydan.tv\\\/az\\\/\"},{\"@type\":\"ListItem\",\"position\":2,\"name\":\"Siyas\u0259t\",\"item\":\"https:\\\/\\\/www.meydan.tv\\\/az\\\/section\\\/siyaset\\\/\"},{\"@type\":\"ListItem\",\"position\":3,\"name\":\"Fransa-Az\u0259rbaycan m\u00fcnasib\u0259tl\u0259ri: \u201c\u2026Paris \u018fliyevl\u0259rin m\u00fclkl\u0259rini ara\u015fd\u0131r\u0131r\u201d\"}]},{\"@type\":\"WebSite\",\"@id\":\"https:\\\/\\\/www.meydan.tv\\\/az\\\/#website\",\"url\":\"https:\\\/\\\/www.meydan.tv\\\/az\\\/\",\"name\":\"MEYDAN.TV\",\"description\":\"Meydan TV Az\u0259rbaycan\u0131n media m\u0259kan\u0131ndak\u0131 alternativ s\u0259sidir\",\"publisher\":{\"@id\":\"https:\\\/\\\/www.meydan.tv\\\/az\\\/#organization\"},\"potentialAction\":[{\"@type\":\"SearchAction\",\"target\":{\"@type\":\"EntryPoint\",\"urlTemplate\":\"https:\\\/\\\/www.meydan.tv\\\/az\\\/?s={search_term_string}\"},\"query-input\":{\"@type\":\"PropertyValueSpecification\",\"valueRequired\":true,\"valueName\":\"search_term_string\"}}],\"inLanguage\":\"az\"},{\"@type\":\"Organization\",\"@id\":\"https:\\\/\\\/www.meydan.tv\\\/az\\\/#organization\",\"name\":\"Meydan TV\",\"url\":\"https:\\\/\\\/www.meydan.tv\\\/az\\\/\",\"logo\":{\"@type\":\"ImageObject\",\"inLanguage\":\"az\",\"@id\":\"https:\\\/\\\/www.meydan.tv\\\/az\\\/#\\\/schema\\\/logo\\\/image\\\/\",\"url\":\"https:\\\/\\\/www.meydan.tv\\\/wp-content\\\/uploads\\\/2021\\\/07\\\/meydan-logo.svg\",\"contentUrl\":\"https:\\\/\\\/www.meydan.tv\\\/wp-content\\\/uploads\\\/2021\\\/07\\\/meydan-logo.svg\",\"width\":195,\"height\":46,\"caption\":\"Meydan TV\"},\"image\":{\"@id\":\"https:\\\/\\\/www.meydan.tv\\\/az\\\/#\\\/schema\\\/logo\\\/image\\\/\"}},{\"@type\":\"Person\",\"@id\":\"https:\\\/\\\/www.meydan.tv\\\/az\\\/#\\\/schema\\\/person\\\/9cdbecf90d17180ce1dfbd95b08dcf47\",\"name\":\"elli\",\"sameAs\":[\"https:\\\/\\\/x.com\\\/elli\"]}]}<\/script>\n<!-- \/ Yoast SEO plugin. -->","yoast_head_json":{"title":"Fransa-Az\u0259rbaycan m\u00fcnasib\u0259tl\u0259ri: \u201c\u2026Paris \u018fliyevl\u0259rin m\u00fclkl\u0259rini ara\u015fd\u0131r\u0131r\u201d - MEYDAN.TV","robots":{"index":"index","follow":"follow","max-snippet":"max-snippet:-1","max-image-preview":"max-image-preview:large","max-video-preview":"max-video-preview:-1"},"canonical":"https:\/\/www.meydan.tv\/az\/article\/fransa-azerbaycan-munasibetleri-paris-eliyevlerin-mulklerini-arasdirir\/","og_locale":"az_AZ","og_type":"article","og_title":"Fransa-Az\u0259rbaycan m\u00fcnasib\u0259tl\u0259ri: \u201c\u2026Paris \u018fliyevl\u0259rin m\u00fclkl\u0259rini ara\u015fd\u0131r\u0131r\u201d - MEYDAN.TV","og_description":"F\u0259rid \u015e\u0259fiyev is\u0259 deyir ki, Fransa Az\u0259rbaycana qar\u015f\u0131 diplomatik m\u00fcharib\u0259 ... Davam\u0131","og_url":"https:\/\/www.meydan.tv\/az\/article\/fransa-azerbaycan-munasibetleri-paris-eliyevlerin-mulklerini-arasdirir\/","og_site_name":"MEYDAN.TV","article_published_time":"2023-12-28T11:41:27+00:00","article_modified_time":"2023-12-28T11:41:32+00:00","og_image":[{"width":1200,"height":399,"url":"https:\/\/www.meydan.tv\/wp-content\/uploads\/shutterstock_1476399065.jpg","type":"image\/jpeg"}],"author":"elli","twitter_card":"summary_large_image","twitter_creator":"@elli","schema":{"@context":"https:\/\/schema.org","@graph":[{"@type":"Article","@id":"https:\/\/www.meydan.tv\/az\/article\/fransa-azerbaycan-munasibetleri-paris-eliyevlerin-mulklerini-arasdirir\/#article","isPartOf":{"@id":"https:\/\/www.meydan.tv\/az\/article\/fransa-azerbaycan-munasibetleri-paris-eliyevlerin-mulklerini-arasdirir\/"},"author":{"name":"elli","@id":"https:\/\/www.meydan.tv\/az\/#\/schema\/person\/9cdbecf90d17180ce1dfbd95b08dcf47"},"headline":"Fransa-Az\u0259rbaycan m\u00fcnasib\u0259tl\u0259ri: \u201c\u2026Paris \u018fliyevl\u0259rin m\u00fclkl\u0259rini ara\u015fd\u0131r\u0131r\u201d","datePublished":"2023-12-28T11:41:27+00:00","dateModified":"2023-12-28T11:41:32+00:00","mainEntityOfPage":{"@id":"https:\/\/www.meydan.tv\/az\/article\/fransa-azerbaycan-munasibetleri-paris-eliyevlerin-mulklerini-arasdirir\/"},"wordCount":1277,"publisher":{"@id":"https:\/\/www.meydan.tv\/az\/#organization"},"image":{"@id":"https:\/\/www.meydan.tv\/az\/article\/fransa-azerbaycan-munasibetleri-paris-eliyevlerin-mulklerini-arasdirir\/#primaryimage"},"thumbnailUrl":"https:\/\/www.meydan.tv\/wp-content\/uploads\/shutterstock_1476399065.jpg","articleSection":["Siyas\u0259t","T\u00f6vsiy\u0259","X\u0259b\u0259rl\u0259r"],"inLanguage":"az"},{"@type":"WebPage","@id":"https:\/\/www.meydan.tv\/az\/article\/fransa-azerbaycan-munasibetleri-paris-eliyevlerin-mulklerini-arasdirir\/","url":"https:\/\/www.meydan.tv\/az\/article\/fransa-azerbaycan-munasibetleri-paris-eliyevlerin-mulklerini-arasdirir\/","name":"Fransa-Az\u0259rbaycan m\u00fcnasib\u0259tl\u0259ri: \u201c\u2026Paris \u018fliyevl\u0259rin m\u00fclkl\u0259rini ara\u015fd\u0131r\u0131r\u201d - MEYDAN.TV","isPartOf":{"@id":"https:\/\/www.meydan.tv\/az\/#website"},"primaryImageOfPage":{"@id":"https:\/\/www.meydan.tv\/az\/article\/fransa-azerbaycan-munasibetleri-paris-eliyevlerin-mulklerini-arasdirir\/#primaryimage"},"image":{"@id":"https:\/\/www.meydan.tv\/az\/article\/fransa-azerbaycan-munasibetleri-paris-eliyevlerin-mulklerini-arasdirir\/#primaryimage"},"thumbnailUrl":"https:\/\/www.meydan.tv\/wp-content\/uploads\/shutterstock_1476399065.jpg","datePublished":"2023-12-28T11:41:27+00:00","dateModified":"2023-12-28T11:41:32+00:00","breadcrumb":{"@id":"https:\/\/www.meydan.tv\/az\/article\/fransa-azerbaycan-munasibetleri-paris-eliyevlerin-mulklerini-arasdirir\/#breadcrumb"},"inLanguage":"az","potentialAction":[{"@type":"ReadAction","target":["https:\/\/www.meydan.tv\/az\/article\/fransa-azerbaycan-munasibetleri-paris-eliyevlerin-mulklerini-arasdirir\/"]}]},{"@type":"ImageObject","inLanguage":"az","@id":"https:\/\/www.meydan.tv\/az\/article\/fransa-azerbaycan-munasibetleri-paris-eliyevlerin-mulklerini-arasdirir\/#primaryimage","url":"https:\/\/www.meydan.tv\/wp-content\/uploads\/shutterstock_1476399065.jpg","contentUrl":"https:\/\/www.meydan.tv\/wp-content\/uploads\/shutterstock_1476399065.jpg","width":1200,"height":399,"caption":"Fransa-Az\u0259rbaycan. M\u0259nb\u0259: vladm\/shutterstock"},{"@type":"BreadcrumbList","@id":"https:\/\/www.meydan.tv\/az\/article\/fransa-azerbaycan-munasibetleri-paris-eliyevlerin-mulklerini-arasdirir\/#breadcrumb","itemListElement":[{"@type":"ListItem","position":1,"name":"Ana s\u0259hif\u0259","item":"https:\/\/www.meydan.tv\/az\/"},{"@type":"ListItem","position":2,"name":"Siyas\u0259t","item":"https:\/\/www.meydan.tv\/az\/section\/siyaset\/"},{"@type":"ListItem","position":3,"name":"Fransa-Az\u0259rbaycan m\u00fcnasib\u0259tl\u0259ri: \u201c\u2026Paris \u018fliyevl\u0259rin m\u00fclkl\u0259rini ara\u015fd\u0131r\u0131r\u201d"}]},{"@type":"WebSite","@id":"https:\/\/www.meydan.tv\/az\/#website","url":"https:\/\/www.meydan.tv\/az\/","name":"MEYDAN.TV","description":"Meydan TV Az\u0259rbaycan\u0131n media m\u0259kan\u0131ndak\u0131 alternativ s\u0259sidir","publisher":{"@id":"https:\/\/www.meydan.tv\/az\/#organization"},"potentialAction":[{"@type":"SearchAction","target":{"@type":"EntryPoint","urlTemplate":"https:\/\/www.meydan.tv\/az\/?s={search_term_string}"},"query-input":{"@type":"PropertyValueSpecification","valueRequired":true,"valueName":"search_term_string"}}],"inLanguage":"az"},{"@type":"Organization","@id":"https:\/\/www.meydan.tv\/az\/#organization","name":"Meydan TV","url":"https:\/\/www.meydan.tv\/az\/","logo":{"@type":"ImageObject","inLanguage":"az","@id":"https:\/\/www.meydan.tv\/az\/#\/schema\/logo\/image\/","url":"https:\/\/www.meydan.tv\/wp-content\/uploads\/2021\/07\/meydan-logo.svg","contentUrl":"https:\/\/www.meydan.tv\/wp-content\/uploads\/2021\/07\/meydan-logo.svg","width":195,"height":46,"caption":"Meydan TV"},"image":{"@id":"https:\/\/www.meydan.tv\/az\/#\/schema\/logo\/image\/"}},{"@type":"Person","@id":"https:\/\/www.meydan.tv\/az\/#\/schema\/person\/9cdbecf90d17180ce1dfbd95b08dcf47","name":"elli","sameAs":["https:\/\/x.com\/elli"]}]}},"_links":{"self":[{"href":"https:\/\/www.meydan.tv\/az\/wp-json\/wp\/v2\/posts\/294285","targetHints":{"allow":["GET"]}}],"collection":[{"href":"https:\/\/www.meydan.tv\/az\/wp-json\/wp\/v2\/posts"}],"about":[{"href":"https:\/\/www.meydan.tv\/az\/wp-json\/wp\/v2\/types\/post"}],"author":[{"embeddable":true,"href":"https:\/\/www.meydan.tv\/az\/wp-json\/wp\/v2\/users\/8"}],"replies":[{"embeddable":true,"href":"https:\/\/www.meydan.tv\/az\/wp-json\/wp\/v2\/comments?post=294285"}],"version-history":[{"count":3,"href":"https:\/\/www.meydan.tv\/az\/wp-json\/wp\/v2\/posts\/294285\/revisions"}],"predecessor-version":[{"id":294307,"href":"https:\/\/www.meydan.tv\/az\/wp-json\/wp\/v2\/posts\/294285\/revisions\/294307"}],"wp:featuredmedia":[{"embeddable":true,"href":"https:\/\/www.meydan.tv\/az\/wp-json\/wp\/v2\/media\/261060"}],"wp:attachment":[{"href":"https:\/\/www.meydan.tv\/az\/wp-json\/wp\/v2\/media?parent=294285"}],"wp:term":[{"taxonomy":"category","embeddable":true,"href":"https:\/\/www.meydan.tv\/az\/wp-json\/wp\/v2\/categories?post=294285"},{"taxonomy":"post_tag","embeddable":true,"href":"https:\/\/www.meydan.tv\/az\/wp-json\/wp\/v2\/tags?post=294285"}],"curies":[{"name":"wp","href":"https:\/\/api.w.org\/{rel}","templated":true}]}}