{"id":294266,"date":"2023-12-28T13:02:58","date_gmt":"2023-12-28T09:02:58","guid":{"rendered":"https:\/\/www.meydan.tv\/?p=294266"},"modified":"2023-12-28T13:04:08","modified_gmt":"2023-12-28T09:04:08","slug":"kulek-bakida-fesadlar-toredib-27-agac-asib-3-nefer-xesaret-alib","status":"publish","type":"post","link":"https:\/\/www.meydan.tv\/az\/article\/kulek-bakida-fesadlar-toredib-27-agac-asib-3-nefer-xesaret-alib\/","title":{"rendered":"K\u00fcl\u0259k Bak\u0131da f\u0259sadlar t\u00f6r\u0259dib: 27 a\u011fac a\u015f\u0131b, 3 n\u0259f\u0259r x\u0259sar\u0259t al\u0131b"},"content":{"rendered":"\n<p><\/p>\n\n\n\n<p><strong><em>T\u018fB\u0130B x\u0259sar\u0259t alanlardan birinin v\u0259ziyy\u0259tinin a\u011f\u0131r oldu\u011funu deyir<\/em><\/strong><\/p>\n\n\n\n<p>D\u00fcn\u0259n gec\u0259d\u0259n ba\u015flayan g\u00fccl\u00fc k\u00fcl\u0259k Bak\u0131da bir s\u0131ra f\u0259sadlara s\u0259b\u0259b olub. A\u011faclar q\u0131r\u0131laraq avtomobill\u0259rin \u00fcz\u0259rin\u0259 a\u015f\u0131b.<\/p>\n\n\n\n<p>Bak\u0131 \u015e\u0259h\u0259r Ya\u015f\u0131lla\u015fd\u0131rma T\u0259s\u0259rr\u00fcfat\u0131 Birliyind\u0259n bildirilib ki, gec\u0259 saatlar\u0131ndan bu d\u0259qiq\u0259l\u0259r\u0259 q\u0259d\u0259r g\u00fccl\u00fc k\u00fcl\u0259k s\u0259b\u0259bind\u0259n 27 a\u011fac\u0131n a\u015fmas\u0131 fakt\u0131 a\u015fkarlan\u0131b. A\u015fan a\u011faclar\u0131n yaratd\u0131\u011f\u0131 f\u0259sadlar Bak\u0131 \u015e\u0259h\u0259r Ya\u015f\u0131lla\u015fd\u0131rma T\u0259s\u0259rr\u00fcfat\u0131 Birliyinin \u0259m\u0259kda\u015flar\u0131 t\u0259r\u0259find\u0259n d\u0259rhal aradan qald\u0131r\u0131l\u0131b.<\/p>\n\n\n\n<p>T\u018fB\u0130B-d\u0259n is\u0259 bildirilib ki, g\u00fccl\u00fc k\u00fcl\u0259k s\u0259b\u0259bind\u0259n 3 n\u0259f\u0259r x\u0259sar\u0259t al\u0131b, birinin v\u0259ziyy\u0259ti a\u011f\u0131rd\u0131r, \u0259m\u0259liyyata al\u0131n\u0131b.<\/p>\n\n\n\n<p>Qurumun yayd\u0131\u011f\u0131 m\u0259lumatda deyilir ki, g\u00fccl\u00fc k\u00fcl\u0259kli hava \u015f\u0259raiti il\u0259 \u0259laq\u0259dar Respublika T\u0259cili v\u0259 T\u0259xir\u0259sal\u0131nmaz Tibbi Yard\u0131m M\u0259rk\u0259zin\u0259 3 \u00e7a\u011f\u0131r\u0131\u015f daxil olub. <\/p>\n\n\n<div class=\"wp-block-image\">\n<figure class=\"alignleft size-large is-resized\"><img decoding=\"async\" width=\"1200\" height=\"724\" data-src=\"https:\/\/www.meydan.tv\/wp-content\/uploads\/tabib-1200x724.png\" alt=\"\" class=\"wp-image-246999 lazyload\" style=\"--smush-placeholder-width: 1200px; --smush-placeholder-aspect-ratio: 1200\/724;width:333px;height:auto\" src=\"data:image\/svg+xml;base64,PHN2ZyB3aWR0aD0iMSIgaGVpZ2h0PSIxIiB4bWxucz0iaHR0cDovL3d3dy53My5vcmcvMjAwMC9zdmciPjwvc3ZnPg==\" \/><figcaption class=\"wp-element-caption\">Foto: &#8220;Azertag&#8221;<\/figcaption><\/figure>\n<\/div>\n\n\n<p>T\u0259cili tibbi yard\u0131m briqadalar\u0131 d\u0259rhal hadis\u0259 yerl\u0259rin\u0259 c\u0259lb edilibl\u0259r. X\u0259sar\u0259t alan 3 n\u0259f\u0259r m\u00fcvafiq tibb m\u00fc\u0259ssis\u0259l\u0259rin\u0259 t\u0259xliy\u0259 olunublar.<\/p>\n\n\n\n<p>Sabun\u00e7u Tibb M\u0259rk\u0259zin\u0259 t\u0259xliy\u0259 olunan 1974-c\u00fc il t\u0259v\u0259ll\u00fcdl\u00fc qad\u0131na z\u0259ruri tibbi xidm\u0259tl\u0259r g\u00f6st\u0259rildikd\u0259n sonra ambulator m\u00fcalic\u0259 \u00fc\u00e7\u00fcn ev\u0259 burax\u0131l\u0131b. 1980-ci il t\u0259v\u0259ll\u00fcdl\u00fc ki\u015fi is\u0259 ald\u0131\u011f\u0131 x\u0259sar\u0259tl\u0259rd\u0259n \u0259m\u0259liyyata al\u0131n\u0131b. Haz\u0131rda v\u0259ziyy\u0259ti a\u011f\u0131r qiym\u0259tl\u0259ndirilir.<\/p>\n\n\n\n<p>X\u0259sar\u0259t alan 1967-ci il t\u0259v\u0259ll\u00fcdl\u00fc ki\u015fi is\u0259 \u00f6z ist\u0259yil\u0259 \u00f6z\u0259l tibb m\u00fc\u0259ssis\u0259sin\u0259 t\u0259xliy\u0259 olunub.<br>Ekologiya v\u0259 T\u0259bii S\u0259rv\u0259tl\u0259r Nazirliyi g\u00fcn \u0259rzind\u0259 k\u00fcl\u0259yin daha da g\u00fccl\u0259n\u0259c\u0259yini n\u0259z\u0259r\u0259 alaraq ehtiyatl\u0131 davranma\u011f\u0131 t\u00f6vsiy\u0259 edib.<\/p>\n\n\n\n<p>&#8220;<em>Sinoptikl\u0259r Bak\u0131 v\u0259 Ab\u015feron yar\u0131madas\u0131nda gec\u0259 saatlar\u0131ndan ba\u015flanan k\u00fcl\u0259yin s\u00fcr\u0259tinin daha da artaca\u011f\u0131n\u0131 proqnozla\u015fd\u0131r\u0131r. \u0130ndiki saatlarda da g\u00fccl\u00fc k\u00fcl\u0259k \u0259sdiyind\u0259n v\u0259t\u0259nda\u015flardan xahi\u015f edirik ki, evd\u0259n \u00e7\u0131xark\u0259n ehtiyat t\u0259dbirl\u0259rini unutmas\u0131nlar&#8221;, <\/em>&#8211; Ekologiya v\u0259 T\u0259bii S\u0259rv\u0259tl\u0259r Bunu Ekologiya v\u0259 T\u0259bii S\u0259rv\u0259tl\u0259r Nazirliyinin m\u0259tbuat katibi \u0130rad\u0259 \u0130brahimova deyib.<\/p>\n\n\n\n<p><em>&#8220;Milli Hidrometerologiya Xidm\u0259tinin m\u0259lumat\u0131na g\u00f6r\u0259, g\u00fcn \u0259rzind\u0259 k\u00fcl\u0259yin s\u00fcr\u0259ti saniy\u0259d\u0259 33-38 metr aras\u0131nda d\u0259yi\u015f\u0259c\u0259k. Bizim d\u0259yi\u015fm\u0259z t\u00f6vsiy\u0259miz is\u0259 odur ki, \u0259hali ehtiyatl\u0131 olsun. Tikinti i\u015fl\u0259ri ged\u0259n obyektl\u0259rin, y\u00fcng\u00fcl konstruksiyalar\u0131n, reklam l\u00f6vh\u0259l\u0259rinin, h\u00fcnd\u00fcr a\u011faclar\u0131n, elektrik dir\u0259kl\u0259ri v\u0259 naqill\u0259rin alt\u0131nda dayanmaq t\u0259hl\u00fck\u0259lidir.<br>N\u0259qliyyat vasit\u0259l\u0259rinin d\u0259 t\u0259hl\u00fck\u0259siz yerl\u0259rd\u0259 saxlanmas\u0131na diqq\u0259t etm\u0259k g\u0259r\u0259kdir.<br>Qabaqcadan t\u0259dbirli olaq ki, g\u00fccl\u00fc k\u00fcl\u0259yin yarada bil\u0259c\u0259yi f\u0259sadlardan qoruna bil\u0259k&#8221;\u201d, &#8211; <\/em>nazirlik s\u00f6z\u00e7\u00fcs\u00fc vur\u011fulay\u0131b.<\/p>\n","protected":false},"excerpt":{"rendered":"<p>T\u018fB\u0130B x\u0259sar\u0259t alanlardan birinin v\u0259ziyy\u0259tinin a\u011f\u0131r oldu\u011funu deyir D\u00fcn\u0259n gec\u0259d\u0259n &#8230; <\/p>\n<p class=\"read-more-container\"><a title=\"K\u00fcl\u0259k Bak\u0131da f\u0259sadlar t\u00f6r\u0259dib: 27 a\u011fac a\u015f\u0131b, 3 n\u0259f\u0259r x\u0259sar\u0259t al\u0131b\" class=\"read-more button\" href=\"https:\/\/www.meydan.tv\/az\/article\/kulek-bakida-fesadlar-toredib-27-agac-asib-3-nefer-xesaret-alib\/#more-294266\" aria-label=\"Read more about K\u00fcl\u0259k Bak\u0131da f\u0259sadlar t\u00f6r\u0259dib: 27 a\u011fac a\u015f\u0131b, 3 n\u0259f\u0259r x\u0259sar\u0259t al\u0131b\">Davam\u0131<\/a><\/p>\n","protected":false},"author":8,"featured_media":294267,"comment_status":"closed","ping_status":"closed","sticky":false,"template":"","format":"standard","meta":{"_acf_changed":false,"_sitemap_exclude":false,"_sitemap_priority":"","_sitemap_frequency":"","footnotes":""},"categories":[62,56],"tags":[],"class_list":["post-294266","post","type-post","status-publish","format-standard","has-post-thumbnail","hentry","category-sosial","category-xeberler","infinite-scroll-item","generate-columns","tablet-grid-50","mobile-grid-100","grid-parent","grid-33","no-featured-image-padding"],"acf":[],"yoast_head":"<!-- This site is optimized with the Yoast SEO plugin v27.5 - https:\/\/yoast.com\/product\/yoast-seo-wordpress\/ -->\n<title>K\u00fcl\u0259k Bak\u0131da f\u0259sadlar t\u00f6r\u0259dib: 27 a\u011fac a\u015f\u0131b, 3 n\u0259f\u0259r x\u0259sar\u0259t al\u0131b - MEYDAN.TV<\/title>\n<meta name=\"robots\" content=\"index, follow, max-snippet:-1, max-image-preview:large, max-video-preview:-1\" \/>\n<link rel=\"canonical\" href=\"https:\/\/www.meydan.tv\/az\/article\/kulek-bakida-fesadlar-toredib-27-agac-asib-3-nefer-xesaret-alib\/\" \/>\n<meta property=\"og:locale\" content=\"az_AZ\" \/>\n<meta property=\"og:type\" content=\"article\" \/>\n<meta property=\"og:title\" content=\"K\u00fcl\u0259k Bak\u0131da f\u0259sadlar t\u00f6r\u0259dib: 27 a\u011fac a\u015f\u0131b, 3 n\u0259f\u0259r x\u0259sar\u0259t al\u0131b - MEYDAN.TV\" \/>\n<meta property=\"og:description\" content=\"T\u018fB\u0130B x\u0259sar\u0259t alanlardan birinin v\u0259ziyy\u0259tinin a\u011f\u0131r oldu\u011funu deyir D\u00fcn\u0259n gec\u0259d\u0259n ... Davam\u0131\" \/>\n<meta property=\"og:url\" content=\"https:\/\/www.meydan.tv\/az\/article\/kulek-bakida-fesadlar-toredib-27-agac-asib-3-nefer-xesaret-alib\/\" \/>\n<meta property=\"og:site_name\" content=\"MEYDAN.TV\" \/>\n<meta property=\"article:published_time\" content=\"2023-12-28T09:02:58+00:00\" \/>\n<meta property=\"article:modified_time\" content=\"2023-12-28T09:04:08+00:00\" \/>\n<meta property=\"og:image\" content=\"https:\/\/www.meydan.tv\/wp-content\/uploads\/1569134384_1.jpg\" \/>\n\t<meta property=\"og:image:width\" content=\"1200\" \/>\n\t<meta property=\"og:image:height\" content=\"848\" \/>\n\t<meta property=\"og:image:type\" content=\"image\/jpeg\" \/>\n<meta name=\"author\" content=\"elli\" \/>\n<meta name=\"twitter:card\" content=\"summary_large_image\" \/>\n<meta name=\"twitter:creator\" content=\"@elli\" \/>\n<script type=\"application\/ld+json\" class=\"yoast-schema-graph\">{\"@context\":\"https:\\\/\\\/schema.org\",\"@graph\":[{\"@type\":\"Article\",\"@id\":\"https:\\\/\\\/www.meydan.tv\\\/az\\\/article\\\/kulek-bakida-fesadlar-toredib-27-agac-asib-3-nefer-xesaret-alib\\\/#article\",\"isPartOf\":{\"@id\":\"https:\\\/\\\/www.meydan.tv\\\/az\\\/article\\\/kulek-bakida-fesadlar-toredib-27-agac-asib-3-nefer-xesaret-alib\\\/\"},\"author\":{\"name\":\"elli\",\"@id\":\"https:\\\/\\\/www.meydan.tv\\\/az\\\/#\\\/schema\\\/person\\\/9cdbecf90d17180ce1dfbd95b08dcf47\"},\"headline\":\"K\u00fcl\u0259k Bak\u0131da f\u0259sadlar t\u00f6r\u0259dib: 27 a\u011fac a\u015f\u0131b, 3 n\u0259f\u0259r x\u0259sar\u0259t al\u0131b\",\"datePublished\":\"2023-12-28T09:02:58+00:00\",\"dateModified\":\"2023-12-28T09:04:08+00:00\",\"mainEntityOfPage\":{\"@id\":\"https:\\\/\\\/www.meydan.tv\\\/az\\\/article\\\/kulek-bakida-fesadlar-toredib-27-agac-asib-3-nefer-xesaret-alib\\\/\"},\"wordCount\":585,\"publisher\":{\"@id\":\"https:\\\/\\\/www.meydan.tv\\\/az\\\/#organization\"},\"image\":{\"@id\":\"https:\\\/\\\/www.meydan.tv\\\/az\\\/article\\\/kulek-bakida-fesadlar-toredib-27-agac-asib-3-nefer-xesaret-alib\\\/#primaryimage\"},\"thumbnailUrl\":\"https:\\\/\\\/www.meydan.tv\\\/wp-content\\\/uploads\\\/1569134384_1.jpg\",\"articleSection\":[\"Sosial\",\"X\u0259b\u0259rl\u0259r\"],\"inLanguage\":\"az\"},{\"@type\":\"WebPage\",\"@id\":\"https:\\\/\\\/www.meydan.tv\\\/az\\\/article\\\/kulek-bakida-fesadlar-toredib-27-agac-asib-3-nefer-xesaret-alib\\\/\",\"url\":\"https:\\\/\\\/www.meydan.tv\\\/az\\\/article\\\/kulek-bakida-fesadlar-toredib-27-agac-asib-3-nefer-xesaret-alib\\\/\",\"name\":\"K\u00fcl\u0259k Bak\u0131da f\u0259sadlar t\u00f6r\u0259dib: 27 a\u011fac a\u015f\u0131b, 3 n\u0259f\u0259r x\u0259sar\u0259t al\u0131b - MEYDAN.TV\",\"isPartOf\":{\"@id\":\"https:\\\/\\\/www.meydan.tv\\\/az\\\/#website\"},\"primaryImageOfPage\":{\"@id\":\"https:\\\/\\\/www.meydan.tv\\\/az\\\/article\\\/kulek-bakida-fesadlar-toredib-27-agac-asib-3-nefer-xesaret-alib\\\/#primaryimage\"},\"image\":{\"@id\":\"https:\\\/\\\/www.meydan.tv\\\/az\\\/article\\\/kulek-bakida-fesadlar-toredib-27-agac-asib-3-nefer-xesaret-alib\\\/#primaryimage\"},\"thumbnailUrl\":\"https:\\\/\\\/www.meydan.tv\\\/wp-content\\\/uploads\\\/1569134384_1.jpg\",\"datePublished\":\"2023-12-28T09:02:58+00:00\",\"dateModified\":\"2023-12-28T09:04:08+00:00\",\"breadcrumb\":{\"@id\":\"https:\\\/\\\/www.meydan.tv\\\/az\\\/article\\\/kulek-bakida-fesadlar-toredib-27-agac-asib-3-nefer-xesaret-alib\\\/#breadcrumb\"},\"inLanguage\":\"az\",\"potentialAction\":[{\"@type\":\"ReadAction\",\"target\":[\"https:\\\/\\\/www.meydan.tv\\\/az\\\/article\\\/kulek-bakida-fesadlar-toredib-27-agac-asib-3-nefer-xesaret-alib\\\/\"]}]},{\"@type\":\"ImageObject\",\"inLanguage\":\"az\",\"@id\":\"https:\\\/\\\/www.meydan.tv\\\/az\\\/article\\\/kulek-bakida-fesadlar-toredib-27-agac-asib-3-nefer-xesaret-alib\\\/#primaryimage\",\"url\":\"https:\\\/\\\/www.meydan.tv\\\/wp-content\\\/uploads\\\/1569134384_1.jpg\",\"contentUrl\":\"https:\\\/\\\/www.meydan.tv\\\/wp-content\\\/uploads\\\/1569134384_1.jpg\",\"width\":1200,\"height\":848,\"caption\":\"G\u00fccl\u00fc k\u00fcl\u0259yin yaratd\u0131\u011f\u0131 f\u0259sadlar. Foto: arxiv\"},{\"@type\":\"BreadcrumbList\",\"@id\":\"https:\\\/\\\/www.meydan.tv\\\/az\\\/article\\\/kulek-bakida-fesadlar-toredib-27-agac-asib-3-nefer-xesaret-alib\\\/#breadcrumb\",\"itemListElement\":[{\"@type\":\"ListItem\",\"position\":1,\"name\":\"Ana s\u0259hif\u0259\",\"item\":\"https:\\\/\\\/www.meydan.tv\\\/az\\\/\"},{\"@type\":\"ListItem\",\"position\":2,\"name\":\"X\u0259b\u0259rl\u0259r\",\"item\":\"https:\\\/\\\/www.meydan.tv\\\/az\\\/section\\\/xeberler\\\/\"},{\"@type\":\"ListItem\",\"position\":3,\"name\":\"K\u00fcl\u0259k Bak\u0131da f\u0259sadlar t\u00f6r\u0259dib: 27 a\u011fac a\u015f\u0131b, 3 n\u0259f\u0259r x\u0259sar\u0259t al\u0131b\"}]},{\"@type\":\"WebSite\",\"@id\":\"https:\\\/\\\/www.meydan.tv\\\/az\\\/#website\",\"url\":\"https:\\\/\\\/www.meydan.tv\\\/az\\\/\",\"name\":\"MEYDAN.TV\",\"description\":\"Meydan TV Az\u0259rbaycan\u0131n media m\u0259kan\u0131ndak\u0131 alternativ s\u0259sidir\",\"publisher\":{\"@id\":\"https:\\\/\\\/www.meydan.tv\\\/az\\\/#organization\"},\"potentialAction\":[{\"@type\":\"SearchAction\",\"target\":{\"@type\":\"EntryPoint\",\"urlTemplate\":\"https:\\\/\\\/www.meydan.tv\\\/az\\\/?s={search_term_string}\"},\"query-input\":{\"@type\":\"PropertyValueSpecification\",\"valueRequired\":true,\"valueName\":\"search_term_string\"}}],\"inLanguage\":\"az\"},{\"@type\":\"Organization\",\"@id\":\"https:\\\/\\\/www.meydan.tv\\\/az\\\/#organization\",\"name\":\"Meydan TV\",\"url\":\"https:\\\/\\\/www.meydan.tv\\\/az\\\/\",\"logo\":{\"@type\":\"ImageObject\",\"inLanguage\":\"az\",\"@id\":\"https:\\\/\\\/www.meydan.tv\\\/az\\\/#\\\/schema\\\/logo\\\/image\\\/\",\"url\":\"https:\\\/\\\/www.meydan.tv\\\/wp-content\\\/uploads\\\/2021\\\/07\\\/meydan-logo.svg\",\"contentUrl\":\"https:\\\/\\\/www.meydan.tv\\\/wp-content\\\/uploads\\\/2021\\\/07\\\/meydan-logo.svg\",\"width\":195,\"height\":46,\"caption\":\"Meydan TV\"},\"image\":{\"@id\":\"https:\\\/\\\/www.meydan.tv\\\/az\\\/#\\\/schema\\\/logo\\\/image\\\/\"}},{\"@type\":\"Person\",\"@id\":\"https:\\\/\\\/www.meydan.tv\\\/az\\\/#\\\/schema\\\/person\\\/9cdbecf90d17180ce1dfbd95b08dcf47\",\"name\":\"elli\",\"sameAs\":[\"https:\\\/\\\/x.com\\\/elli\"]}]}<\/script>\n<!-- \/ Yoast SEO plugin. -->","yoast_head_json":{"title":"K\u00fcl\u0259k Bak\u0131da f\u0259sadlar t\u00f6r\u0259dib: 27 a\u011fac a\u015f\u0131b, 3 n\u0259f\u0259r x\u0259sar\u0259t al\u0131b - MEYDAN.TV","robots":{"index":"index","follow":"follow","max-snippet":"max-snippet:-1","max-image-preview":"max-image-preview:large","max-video-preview":"max-video-preview:-1"},"canonical":"https:\/\/www.meydan.tv\/az\/article\/kulek-bakida-fesadlar-toredib-27-agac-asib-3-nefer-xesaret-alib\/","og_locale":"az_AZ","og_type":"article","og_title":"K\u00fcl\u0259k Bak\u0131da f\u0259sadlar t\u00f6r\u0259dib: 27 a\u011fac a\u015f\u0131b, 3 n\u0259f\u0259r x\u0259sar\u0259t al\u0131b - MEYDAN.TV","og_description":"T\u018fB\u0130B x\u0259sar\u0259t alanlardan birinin v\u0259ziyy\u0259tinin a\u011f\u0131r oldu\u011funu deyir D\u00fcn\u0259n gec\u0259d\u0259n ... Davam\u0131","og_url":"https:\/\/www.meydan.tv\/az\/article\/kulek-bakida-fesadlar-toredib-27-agac-asib-3-nefer-xesaret-alib\/","og_site_name":"MEYDAN.TV","article_published_time":"2023-12-28T09:02:58+00:00","article_modified_time":"2023-12-28T09:04:08+00:00","og_image":[{"width":1200,"height":848,"url":"https:\/\/www.meydan.tv\/wp-content\/uploads\/1569134384_1.jpg","type":"image\/jpeg"}],"author":"elli","twitter_card":"summary_large_image","twitter_creator":"@elli","schema":{"@context":"https:\/\/schema.org","@graph":[{"@type":"Article","@id":"https:\/\/www.meydan.tv\/az\/article\/kulek-bakida-fesadlar-toredib-27-agac-asib-3-nefer-xesaret-alib\/#article","isPartOf":{"@id":"https:\/\/www.meydan.tv\/az\/article\/kulek-bakida-fesadlar-toredib-27-agac-asib-3-nefer-xesaret-alib\/"},"author":{"name":"elli","@id":"https:\/\/www.meydan.tv\/az\/#\/schema\/person\/9cdbecf90d17180ce1dfbd95b08dcf47"},"headline":"K\u00fcl\u0259k Bak\u0131da f\u0259sadlar t\u00f6r\u0259dib: 27 a\u011fac a\u015f\u0131b, 3 n\u0259f\u0259r x\u0259sar\u0259t al\u0131b","datePublished":"2023-12-28T09:02:58+00:00","dateModified":"2023-12-28T09:04:08+00:00","mainEntityOfPage":{"@id":"https:\/\/www.meydan.tv\/az\/article\/kulek-bakida-fesadlar-toredib-27-agac-asib-3-nefer-xesaret-alib\/"},"wordCount":585,"publisher":{"@id":"https:\/\/www.meydan.tv\/az\/#organization"},"image":{"@id":"https:\/\/www.meydan.tv\/az\/article\/kulek-bakida-fesadlar-toredib-27-agac-asib-3-nefer-xesaret-alib\/#primaryimage"},"thumbnailUrl":"https:\/\/www.meydan.tv\/wp-content\/uploads\/1569134384_1.jpg","articleSection":["Sosial","X\u0259b\u0259rl\u0259r"],"inLanguage":"az"},{"@type":"WebPage","@id":"https:\/\/www.meydan.tv\/az\/article\/kulek-bakida-fesadlar-toredib-27-agac-asib-3-nefer-xesaret-alib\/","url":"https:\/\/www.meydan.tv\/az\/article\/kulek-bakida-fesadlar-toredib-27-agac-asib-3-nefer-xesaret-alib\/","name":"K\u00fcl\u0259k Bak\u0131da f\u0259sadlar t\u00f6r\u0259dib: 27 a\u011fac a\u015f\u0131b, 3 n\u0259f\u0259r x\u0259sar\u0259t al\u0131b - MEYDAN.TV","isPartOf":{"@id":"https:\/\/www.meydan.tv\/az\/#website"},"primaryImageOfPage":{"@id":"https:\/\/www.meydan.tv\/az\/article\/kulek-bakida-fesadlar-toredib-27-agac-asib-3-nefer-xesaret-alib\/#primaryimage"},"image":{"@id":"https:\/\/www.meydan.tv\/az\/article\/kulek-bakida-fesadlar-toredib-27-agac-asib-3-nefer-xesaret-alib\/#primaryimage"},"thumbnailUrl":"https:\/\/www.meydan.tv\/wp-content\/uploads\/1569134384_1.jpg","datePublished":"2023-12-28T09:02:58+00:00","dateModified":"2023-12-28T09:04:08+00:00","breadcrumb":{"@id":"https:\/\/www.meydan.tv\/az\/article\/kulek-bakida-fesadlar-toredib-27-agac-asib-3-nefer-xesaret-alib\/#breadcrumb"},"inLanguage":"az","potentialAction":[{"@type":"ReadAction","target":["https:\/\/www.meydan.tv\/az\/article\/kulek-bakida-fesadlar-toredib-27-agac-asib-3-nefer-xesaret-alib\/"]}]},{"@type":"ImageObject","inLanguage":"az","@id":"https:\/\/www.meydan.tv\/az\/article\/kulek-bakida-fesadlar-toredib-27-agac-asib-3-nefer-xesaret-alib\/#primaryimage","url":"https:\/\/www.meydan.tv\/wp-content\/uploads\/1569134384_1.jpg","contentUrl":"https:\/\/www.meydan.tv\/wp-content\/uploads\/1569134384_1.jpg","width":1200,"height":848,"caption":"G\u00fccl\u00fc k\u00fcl\u0259yin yaratd\u0131\u011f\u0131 f\u0259sadlar. Foto: arxiv"},{"@type":"BreadcrumbList","@id":"https:\/\/www.meydan.tv\/az\/article\/kulek-bakida-fesadlar-toredib-27-agac-asib-3-nefer-xesaret-alib\/#breadcrumb","itemListElement":[{"@type":"ListItem","position":1,"name":"Ana s\u0259hif\u0259","item":"https:\/\/www.meydan.tv\/az\/"},{"@type":"ListItem","position":2,"name":"X\u0259b\u0259rl\u0259r","item":"https:\/\/www.meydan.tv\/az\/section\/xeberler\/"},{"@type":"ListItem","position":3,"name":"K\u00fcl\u0259k Bak\u0131da f\u0259sadlar t\u00f6r\u0259dib: 27 a\u011fac a\u015f\u0131b, 3 n\u0259f\u0259r x\u0259sar\u0259t al\u0131b"}]},{"@type":"WebSite","@id":"https:\/\/www.meydan.tv\/az\/#website","url":"https:\/\/www.meydan.tv\/az\/","name":"MEYDAN.TV","description":"Meydan TV Az\u0259rbaycan\u0131n media m\u0259kan\u0131ndak\u0131 alternativ s\u0259sidir","publisher":{"@id":"https:\/\/www.meydan.tv\/az\/#organization"},"potentialAction":[{"@type":"SearchAction","target":{"@type":"EntryPoint","urlTemplate":"https:\/\/www.meydan.tv\/az\/?s={search_term_string}"},"query-input":{"@type":"PropertyValueSpecification","valueRequired":true,"valueName":"search_term_string"}}],"inLanguage":"az"},{"@type":"Organization","@id":"https:\/\/www.meydan.tv\/az\/#organization","name":"Meydan TV","url":"https:\/\/www.meydan.tv\/az\/","logo":{"@type":"ImageObject","inLanguage":"az","@id":"https:\/\/www.meydan.tv\/az\/#\/schema\/logo\/image\/","url":"https:\/\/www.meydan.tv\/wp-content\/uploads\/2021\/07\/meydan-logo.svg","contentUrl":"https:\/\/www.meydan.tv\/wp-content\/uploads\/2021\/07\/meydan-logo.svg","width":195,"height":46,"caption":"Meydan TV"},"image":{"@id":"https:\/\/www.meydan.tv\/az\/#\/schema\/logo\/image\/"}},{"@type":"Person","@id":"https:\/\/www.meydan.tv\/az\/#\/schema\/person\/9cdbecf90d17180ce1dfbd95b08dcf47","name":"elli","sameAs":["https:\/\/x.com\/elli"]}]}},"_links":{"self":[{"href":"https:\/\/www.meydan.tv\/az\/wp-json\/wp\/v2\/posts\/294266","targetHints":{"allow":["GET"]}}],"collection":[{"href":"https:\/\/www.meydan.tv\/az\/wp-json\/wp\/v2\/posts"}],"about":[{"href":"https:\/\/www.meydan.tv\/az\/wp-json\/wp\/v2\/types\/post"}],"author":[{"embeddable":true,"href":"https:\/\/www.meydan.tv\/az\/wp-json\/wp\/v2\/users\/8"}],"replies":[{"embeddable":true,"href":"https:\/\/www.meydan.tv\/az\/wp-json\/wp\/v2\/comments?post=294266"}],"version-history":[{"count":3,"href":"https:\/\/www.meydan.tv\/az\/wp-json\/wp\/v2\/posts\/294266\/revisions"}],"predecessor-version":[{"id":294272,"href":"https:\/\/www.meydan.tv\/az\/wp-json\/wp\/v2\/posts\/294266\/revisions\/294272"}],"wp:featuredmedia":[{"embeddable":true,"href":"https:\/\/www.meydan.tv\/az\/wp-json\/wp\/v2\/media\/294267"}],"wp:attachment":[{"href":"https:\/\/www.meydan.tv\/az\/wp-json\/wp\/v2\/media?parent=294266"}],"wp:term":[{"taxonomy":"category","embeddable":true,"href":"https:\/\/www.meydan.tv\/az\/wp-json\/wp\/v2\/categories?post=294266"},{"taxonomy":"post_tag","embeddable":true,"href":"https:\/\/www.meydan.tv\/az\/wp-json\/wp\/v2\/tags?post=294266"}],"curies":[{"name":"wp","href":"https:\/\/api.w.org\/{rel}","templated":true}]}}