{"id":294249,"date":"2023-12-28T11:36:14","date_gmt":"2023-12-28T07:36:14","guid":{"rendered":"https:\/\/www.meydan.tv\/?p=294249"},"modified":"2023-12-28T11:36:17","modified_gmt":"2023-12-28T07:36:17","slug":"qesden-adam-oldurmede-ittiham-olunan-sexs-beraet-aldi","status":"publish","type":"post","link":"https:\/\/www.meydan.tv\/az\/article\/qesden-adam-oldurmede-ittiham-olunan-sexs-beraet-aldi\/","title":{"rendered":"Q\u0259sd\u0259n adam \u00f6ld\u00fcrm\u0259d\u0259 ittiham olunan \u015f\u0259xs b\u0259ra\u0259t ald\u0131"},"content":{"rendered":"\n<p><\/p>\n\n\n\n<p><strong><em>Polad \u0130smay\u0131lovun g\u00fcnahs\u0131zl\u0131\u011f\u0131 4 il h\u0259bs yatandan sonra s\u00fcbut olundu<\/em><\/strong><\/p>\n\n\n\n<p>Q\u0259sd\u0259n adam \u00f6ld\u00fcrm\u0259 ittiham\u0131yla 11 il azadl\u0131qdan m\u0259hrumetm\u0259 c\u0259zas\u0131 alm\u0131\u015f v\u0259 4 ildir h\u0259bsd\u0259 olan Polad \u0130smay\u0131lov dekabr\u0131n 28-d\u0259 b\u0259ra\u0259t alaraq, azadl\u0131\u011fa \u00e7\u0131x\u0131b. Onun haqq\u0131nda b\u0259ra\u0259t h\u00f6km\u00fcn\u00fc \u015e\u0259ki Apelyasiya M\u0259hk\u0259m\u0259sind\u0259 R\u00f6v\u015f\u0259n R\u0259fiyevin s\u0259drlik etdiyi hakiml\u0259r kollegiyas\u0131 \u00e7\u0131xar\u0131b. <\/p>\n\n\n\n<p>M\u0259hk\u0259m\u0259 onun t\u0259qsirsiz oldu\u011fu q\u0259na\u0259tin\u0259 g\u0259lib v\u0259 m\u0259hk\u0259m\u0259 zal\u0131ndan azadl\u0131\u011fa burax\u0131lmas\u0131na q\u0259rar verilib. M\u0259hk\u0259m\u0259 eyni zamanda, bu i\u015f \u00fczr\u0259 istintaq\u0131 aparm\u0131\u015f \u015f\u0259xsl\u0259r haqq\u0131nda da x\u00fcsusi q\u0259rar \u00e7\u0131xar\u0131b.<\/p>\n\n\n\n<p>2020-ci ilin fevral\u0131ndan h\u0259bsd\u0259 olan Polad \u0130smay\u0131lov \u015e\u0259ki A\u011f\u0131r Cinay\u0259tl\u0259r M\u0259hk\u0259m\u0259sinin h\u00f6km\u00fcyl\u0259 11 il azadl\u0131qdan m\u0259hrum edilmi\u015fdi. \u0130\u015f gedib Ali M\u0259hk\u0259m\u0259y\u0259 \u00e7\u0131xanda bu instansiyan\u0131n hakiml\u0259ri bel\u0259 n\u0259tic\u0259y\u0259 g\u0259lib ki, onun i\u015fin\u0259 d\u00fczg\u00fcn bax\u0131lmay\u0131b. \u0130\u015fi geri &#8211; \u015e\u0259ki Apellyasiya M\u0259hk\u0259m\u0259sin\u0259 qaytar\u0131b ki, yenid\u0259n ara\u015fd\u0131r\u0131ls\u0131n. Sentyabr\u0131n 18-d\u0259 t\u0259krar ara\u015fd\u0131rmalar ba\u015flay\u0131b v\u0259 dekabr\u0131n 28-d\u0259 m\u0259hk\u0259m\u0259 istintaq\u0131 yekunla\u015f\u0131b. G\u0259nc\u0259 sakini olan 50-ya\u015fl\u0131 Polad \u0130smay\u0131lov 2011-ci ilin fevral\u0131nda Zaqatalada 61 ya\u015fl\u0131 Seyran \u018fyyubovan\u0131 q\u0259tl\u0259 yetirm\u0259kd\u0259 ittiham olunurdu. Polad \u0130smay\u0131lov t\u0259qsirsiz oldu\u011funu, 9 il ba\u011fl\u0131 qalm\u0131\u015f cinay\u0259tin \u00fcst\u00fcn\u00fcn a\u00e7\u0131lmas\u0131 g\u00f6r\u00fcnt\u00fcs\u00fcn\u00fc yaratmaq \u00fc\u00e7\u00fcn qurban se\u00e7ildiyini bildirirdi. O deyir ki, bu cinay\u0259ti i\u015fg\u0259nc\u0259, t\u0259hdid yoluyla onun \u00fcz\u0259rin\u0259 qoyublar.<\/p>\n","protected":false},"excerpt":{"rendered":"<p>Polad \u0130smay\u0131lovun g\u00fcnahs\u0131zl\u0131\u011f\u0131 4 il h\u0259bs yatandan sonra s\u00fcbut olundu &#8230; <\/p>\n<p class=\"read-more-container\"><a title=\"Q\u0259sd\u0259n adam \u00f6ld\u00fcrm\u0259d\u0259 ittiham olunan \u015f\u0259xs b\u0259ra\u0259t ald\u0131\" class=\"read-more button\" href=\"https:\/\/www.meydan.tv\/az\/article\/qesden-adam-oldurmede-ittiham-olunan-sexs-beraet-aldi\/#more-294249\" aria-label=\"Read more about Q\u0259sd\u0259n adam \u00f6ld\u00fcrm\u0259d\u0259 ittiham olunan \u015f\u0259xs b\u0259ra\u0259t ald\u0131\">Davam\u0131<\/a><\/p>\n","protected":false},"author":8,"featured_media":294250,"comment_status":"closed","ping_status":"closed","sticky":false,"template":"","format":"standard","meta":{"_acf_changed":false,"_sitemap_exclude":false,"_sitemap_priority":"","_sitemap_frequency":"","footnotes":""},"categories":[62,56],"tags":[],"class_list":["post-294249","post","type-post","status-publish","format-standard","has-post-thumbnail","hentry","category-sosial","category-xeberler","infinite-scroll-item","generate-columns","tablet-grid-50","mobile-grid-100","grid-parent","grid-33","no-featured-image-padding"],"acf":[],"yoast_head":"<!-- This site is optimized with the Yoast SEO plugin v27.5 - https:\/\/yoast.com\/product\/yoast-seo-wordpress\/ -->\n<title>Q\u0259sd\u0259n adam \u00f6ld\u00fcrm\u0259d\u0259 ittiham olunan \u015f\u0259xs b\u0259ra\u0259t ald\u0131 - MEYDAN.TV<\/title>\n<meta name=\"robots\" content=\"index, follow, max-snippet:-1, max-image-preview:large, max-video-preview:-1\" \/>\n<link rel=\"canonical\" href=\"https:\/\/www.meydan.tv\/az\/article\/qesden-adam-oldurmede-ittiham-olunan-sexs-beraet-aldi\/\" \/>\n<meta property=\"og:locale\" content=\"az_AZ\" \/>\n<meta property=\"og:type\" content=\"article\" \/>\n<meta property=\"og:title\" content=\"Q\u0259sd\u0259n adam \u00f6ld\u00fcrm\u0259d\u0259 ittiham olunan \u015f\u0259xs b\u0259ra\u0259t ald\u0131 - MEYDAN.TV\" \/>\n<meta property=\"og:description\" content=\"Polad \u0130smay\u0131lovun g\u00fcnahs\u0131zl\u0131\u011f\u0131 4 il h\u0259bs yatandan sonra s\u00fcbut olundu ... Davam\u0131\" \/>\n<meta property=\"og:url\" content=\"https:\/\/www.meydan.tv\/az\/article\/qesden-adam-oldurmede-ittiham-olunan-sexs-beraet-aldi\/\" \/>\n<meta property=\"og:site_name\" content=\"MEYDAN.TV\" \/>\n<meta property=\"article:published_time\" content=\"2023-12-28T07:36:14+00:00\" \/>\n<meta property=\"article:modified_time\" content=\"2023-12-28T07:36:17+00:00\" \/>\n<meta property=\"og:image\" content=\"https:\/\/www.meydan.tv\/wp-content\/uploads\/photo-2023-12-28-11-15-09-e1703748786600.jpg\" \/>\n\t<meta property=\"og:image:width\" content=\"1500\" \/>\n\t<meta property=\"og:image:height\" content=\"477\" \/>\n\t<meta property=\"og:image:type\" content=\"image\/jpeg\" \/>\n<meta name=\"author\" content=\"elli\" \/>\n<meta name=\"twitter:card\" content=\"summary_large_image\" \/>\n<meta name=\"twitter:creator\" content=\"@elli\" \/>\n<script type=\"application\/ld+json\" class=\"yoast-schema-graph\">{\"@context\":\"https:\\\/\\\/schema.org\",\"@graph\":[{\"@type\":\"Article\",\"@id\":\"https:\\\/\\\/www.meydan.tv\\\/az\\\/article\\\/qesden-adam-oldurmede-ittiham-olunan-sexs-beraet-aldi\\\/#article\",\"isPartOf\":{\"@id\":\"https:\\\/\\\/www.meydan.tv\\\/az\\\/article\\\/qesden-adam-oldurmede-ittiham-olunan-sexs-beraet-aldi\\\/\"},\"author\":{\"name\":\"elli\",\"@id\":\"https:\\\/\\\/www.meydan.tv\\\/az\\\/#\\\/schema\\\/person\\\/9cdbecf90d17180ce1dfbd95b08dcf47\"},\"headline\":\"Q\u0259sd\u0259n adam \u00f6ld\u00fcrm\u0259d\u0259 ittiham olunan \u015f\u0259xs b\u0259ra\u0259t ald\u0131\",\"datePublished\":\"2023-12-28T07:36:14+00:00\",\"dateModified\":\"2023-12-28T07:36:17+00:00\",\"mainEntityOfPage\":{\"@id\":\"https:\\\/\\\/www.meydan.tv\\\/az\\\/article\\\/qesden-adam-oldurmede-ittiham-olunan-sexs-beraet-aldi\\\/\"},\"wordCount\":306,\"publisher\":{\"@id\":\"https:\\\/\\\/www.meydan.tv\\\/az\\\/#organization\"},\"image\":{\"@id\":\"https:\\\/\\\/www.meydan.tv\\\/az\\\/article\\\/qesden-adam-oldurmede-ittiham-olunan-sexs-beraet-aldi\\\/#primaryimage\"},\"thumbnailUrl\":\"https:\\\/\\\/www.meydan.tv\\\/wp-content\\\/uploads\\\/photo-2023-12-28-11-15-09-e1703748786600.jpg\",\"articleSection\":[\"Sosial\",\"X\u0259b\u0259rl\u0259r\"],\"inLanguage\":\"az\"},{\"@type\":\"WebPage\",\"@id\":\"https:\\\/\\\/www.meydan.tv\\\/az\\\/article\\\/qesden-adam-oldurmede-ittiham-olunan-sexs-beraet-aldi\\\/\",\"url\":\"https:\\\/\\\/www.meydan.tv\\\/az\\\/article\\\/qesden-adam-oldurmede-ittiham-olunan-sexs-beraet-aldi\\\/\",\"name\":\"Q\u0259sd\u0259n adam \u00f6ld\u00fcrm\u0259d\u0259 ittiham olunan \u015f\u0259xs b\u0259ra\u0259t ald\u0131 - MEYDAN.TV\",\"isPartOf\":{\"@id\":\"https:\\\/\\\/www.meydan.tv\\\/az\\\/#website\"},\"primaryImageOfPage\":{\"@id\":\"https:\\\/\\\/www.meydan.tv\\\/az\\\/article\\\/qesden-adam-oldurmede-ittiham-olunan-sexs-beraet-aldi\\\/#primaryimage\"},\"image\":{\"@id\":\"https:\\\/\\\/www.meydan.tv\\\/az\\\/article\\\/qesden-adam-oldurmede-ittiham-olunan-sexs-beraet-aldi\\\/#primaryimage\"},\"thumbnailUrl\":\"https:\\\/\\\/www.meydan.tv\\\/wp-content\\\/uploads\\\/photo-2023-12-28-11-15-09-e1703748786600.jpg\",\"datePublished\":\"2023-12-28T07:36:14+00:00\",\"dateModified\":\"2023-12-28T07:36:17+00:00\",\"breadcrumb\":{\"@id\":\"https:\\\/\\\/www.meydan.tv\\\/az\\\/article\\\/qesden-adam-oldurmede-ittiham-olunan-sexs-beraet-aldi\\\/#breadcrumb\"},\"inLanguage\":\"az\",\"potentialAction\":[{\"@type\":\"ReadAction\",\"target\":[\"https:\\\/\\\/www.meydan.tv\\\/az\\\/article\\\/qesden-adam-oldurmede-ittiham-olunan-sexs-beraet-aldi\\\/\"]}]},{\"@type\":\"ImageObject\",\"inLanguage\":\"az\",\"@id\":\"https:\\\/\\\/www.meydan.tv\\\/az\\\/article\\\/qesden-adam-oldurmede-ittiham-olunan-sexs-beraet-aldi\\\/#primaryimage\",\"url\":\"https:\\\/\\\/www.meydan.tv\\\/wp-content\\\/uploads\\\/photo-2023-12-28-11-15-09-e1703748786600.jpg\",\"contentUrl\":\"https:\\\/\\\/www.meydan.tv\\\/wp-content\\\/uploads\\\/photo-2023-12-28-11-15-09-e1703748786600.jpg\",\"width\":1500,\"height\":477,\"caption\":\"Polad \u0130smay\u0131lov v\u0259kili Zabil Q\u0259hr\u0259manovla. Foto: Meydan TV\"},{\"@type\":\"BreadcrumbList\",\"@id\":\"https:\\\/\\\/www.meydan.tv\\\/az\\\/article\\\/qesden-adam-oldurmede-ittiham-olunan-sexs-beraet-aldi\\\/#breadcrumb\",\"itemListElement\":[{\"@type\":\"ListItem\",\"position\":1,\"name\":\"Ana s\u0259hif\u0259\",\"item\":\"https:\\\/\\\/www.meydan.tv\\\/az\\\/\"},{\"@type\":\"ListItem\",\"position\":2,\"name\":\"Sosial\",\"item\":\"https:\\\/\\\/www.meydan.tv\\\/az\\\/section\\\/sosial\\\/\"},{\"@type\":\"ListItem\",\"position\":3,\"name\":\"Q\u0259sd\u0259n adam \u00f6ld\u00fcrm\u0259d\u0259 ittiham olunan \u015f\u0259xs b\u0259ra\u0259t ald\u0131\"}]},{\"@type\":\"WebSite\",\"@id\":\"https:\\\/\\\/www.meydan.tv\\\/az\\\/#website\",\"url\":\"https:\\\/\\\/www.meydan.tv\\\/az\\\/\",\"name\":\"MEYDAN.TV\",\"description\":\"Meydan TV Az\u0259rbaycan\u0131n media m\u0259kan\u0131ndak\u0131 alternativ s\u0259sidir\",\"publisher\":{\"@id\":\"https:\\\/\\\/www.meydan.tv\\\/az\\\/#organization\"},\"potentialAction\":[{\"@type\":\"SearchAction\",\"target\":{\"@type\":\"EntryPoint\",\"urlTemplate\":\"https:\\\/\\\/www.meydan.tv\\\/az\\\/?s={search_term_string}\"},\"query-input\":{\"@type\":\"PropertyValueSpecification\",\"valueRequired\":true,\"valueName\":\"search_term_string\"}}],\"inLanguage\":\"az\"},{\"@type\":\"Organization\",\"@id\":\"https:\\\/\\\/www.meydan.tv\\\/az\\\/#organization\",\"name\":\"Meydan TV\",\"url\":\"https:\\\/\\\/www.meydan.tv\\\/az\\\/\",\"logo\":{\"@type\":\"ImageObject\",\"inLanguage\":\"az\",\"@id\":\"https:\\\/\\\/www.meydan.tv\\\/az\\\/#\\\/schema\\\/logo\\\/image\\\/\",\"url\":\"https:\\\/\\\/www.meydan.tv\\\/wp-content\\\/uploads\\\/2021\\\/07\\\/meydan-logo.svg\",\"contentUrl\":\"https:\\\/\\\/www.meydan.tv\\\/wp-content\\\/uploads\\\/2021\\\/07\\\/meydan-logo.svg\",\"width\":195,\"height\":46,\"caption\":\"Meydan TV\"},\"image\":{\"@id\":\"https:\\\/\\\/www.meydan.tv\\\/az\\\/#\\\/schema\\\/logo\\\/image\\\/\"}},{\"@type\":\"Person\",\"@id\":\"https:\\\/\\\/www.meydan.tv\\\/az\\\/#\\\/schema\\\/person\\\/9cdbecf90d17180ce1dfbd95b08dcf47\",\"name\":\"elli\",\"sameAs\":[\"https:\\\/\\\/x.com\\\/elli\"]}]}<\/script>\n<!-- \/ Yoast SEO plugin. -->","yoast_head_json":{"title":"Q\u0259sd\u0259n adam \u00f6ld\u00fcrm\u0259d\u0259 ittiham olunan \u015f\u0259xs b\u0259ra\u0259t ald\u0131 - MEYDAN.TV","robots":{"index":"index","follow":"follow","max-snippet":"max-snippet:-1","max-image-preview":"max-image-preview:large","max-video-preview":"max-video-preview:-1"},"canonical":"https:\/\/www.meydan.tv\/az\/article\/qesden-adam-oldurmede-ittiham-olunan-sexs-beraet-aldi\/","og_locale":"az_AZ","og_type":"article","og_title":"Q\u0259sd\u0259n adam \u00f6ld\u00fcrm\u0259d\u0259 ittiham olunan \u015f\u0259xs b\u0259ra\u0259t ald\u0131 - MEYDAN.TV","og_description":"Polad \u0130smay\u0131lovun g\u00fcnahs\u0131zl\u0131\u011f\u0131 4 il h\u0259bs yatandan sonra s\u00fcbut olundu ... Davam\u0131","og_url":"https:\/\/www.meydan.tv\/az\/article\/qesden-adam-oldurmede-ittiham-olunan-sexs-beraet-aldi\/","og_site_name":"MEYDAN.TV","article_published_time":"2023-12-28T07:36:14+00:00","article_modified_time":"2023-12-28T07:36:17+00:00","og_image":[{"width":1500,"height":477,"url":"https:\/\/www.meydan.tv\/wp-content\/uploads\/photo-2023-12-28-11-15-09-e1703748786600.jpg","type":"image\/jpeg"}],"author":"elli","twitter_card":"summary_large_image","twitter_creator":"@elli","schema":{"@context":"https:\/\/schema.org","@graph":[{"@type":"Article","@id":"https:\/\/www.meydan.tv\/az\/article\/qesden-adam-oldurmede-ittiham-olunan-sexs-beraet-aldi\/#article","isPartOf":{"@id":"https:\/\/www.meydan.tv\/az\/article\/qesden-adam-oldurmede-ittiham-olunan-sexs-beraet-aldi\/"},"author":{"name":"elli","@id":"https:\/\/www.meydan.tv\/az\/#\/schema\/person\/9cdbecf90d17180ce1dfbd95b08dcf47"},"headline":"Q\u0259sd\u0259n adam \u00f6ld\u00fcrm\u0259d\u0259 ittiham olunan \u015f\u0259xs b\u0259ra\u0259t ald\u0131","datePublished":"2023-12-28T07:36:14+00:00","dateModified":"2023-12-28T07:36:17+00:00","mainEntityOfPage":{"@id":"https:\/\/www.meydan.tv\/az\/article\/qesden-adam-oldurmede-ittiham-olunan-sexs-beraet-aldi\/"},"wordCount":306,"publisher":{"@id":"https:\/\/www.meydan.tv\/az\/#organization"},"image":{"@id":"https:\/\/www.meydan.tv\/az\/article\/qesden-adam-oldurmede-ittiham-olunan-sexs-beraet-aldi\/#primaryimage"},"thumbnailUrl":"https:\/\/www.meydan.tv\/wp-content\/uploads\/photo-2023-12-28-11-15-09-e1703748786600.jpg","articleSection":["Sosial","X\u0259b\u0259rl\u0259r"],"inLanguage":"az"},{"@type":"WebPage","@id":"https:\/\/www.meydan.tv\/az\/article\/qesden-adam-oldurmede-ittiham-olunan-sexs-beraet-aldi\/","url":"https:\/\/www.meydan.tv\/az\/article\/qesden-adam-oldurmede-ittiham-olunan-sexs-beraet-aldi\/","name":"Q\u0259sd\u0259n adam \u00f6ld\u00fcrm\u0259d\u0259 ittiham olunan \u015f\u0259xs b\u0259ra\u0259t ald\u0131 - MEYDAN.TV","isPartOf":{"@id":"https:\/\/www.meydan.tv\/az\/#website"},"primaryImageOfPage":{"@id":"https:\/\/www.meydan.tv\/az\/article\/qesden-adam-oldurmede-ittiham-olunan-sexs-beraet-aldi\/#primaryimage"},"image":{"@id":"https:\/\/www.meydan.tv\/az\/article\/qesden-adam-oldurmede-ittiham-olunan-sexs-beraet-aldi\/#primaryimage"},"thumbnailUrl":"https:\/\/www.meydan.tv\/wp-content\/uploads\/photo-2023-12-28-11-15-09-e1703748786600.jpg","datePublished":"2023-12-28T07:36:14+00:00","dateModified":"2023-12-28T07:36:17+00:00","breadcrumb":{"@id":"https:\/\/www.meydan.tv\/az\/article\/qesden-adam-oldurmede-ittiham-olunan-sexs-beraet-aldi\/#breadcrumb"},"inLanguage":"az","potentialAction":[{"@type":"ReadAction","target":["https:\/\/www.meydan.tv\/az\/article\/qesden-adam-oldurmede-ittiham-olunan-sexs-beraet-aldi\/"]}]},{"@type":"ImageObject","inLanguage":"az","@id":"https:\/\/www.meydan.tv\/az\/article\/qesden-adam-oldurmede-ittiham-olunan-sexs-beraet-aldi\/#primaryimage","url":"https:\/\/www.meydan.tv\/wp-content\/uploads\/photo-2023-12-28-11-15-09-e1703748786600.jpg","contentUrl":"https:\/\/www.meydan.tv\/wp-content\/uploads\/photo-2023-12-28-11-15-09-e1703748786600.jpg","width":1500,"height":477,"caption":"Polad \u0130smay\u0131lov v\u0259kili Zabil Q\u0259hr\u0259manovla. Foto: Meydan TV"},{"@type":"BreadcrumbList","@id":"https:\/\/www.meydan.tv\/az\/article\/qesden-adam-oldurmede-ittiham-olunan-sexs-beraet-aldi\/#breadcrumb","itemListElement":[{"@type":"ListItem","position":1,"name":"Ana s\u0259hif\u0259","item":"https:\/\/www.meydan.tv\/az\/"},{"@type":"ListItem","position":2,"name":"Sosial","item":"https:\/\/www.meydan.tv\/az\/section\/sosial\/"},{"@type":"ListItem","position":3,"name":"Q\u0259sd\u0259n adam \u00f6ld\u00fcrm\u0259d\u0259 ittiham olunan \u015f\u0259xs b\u0259ra\u0259t ald\u0131"}]},{"@type":"WebSite","@id":"https:\/\/www.meydan.tv\/az\/#website","url":"https:\/\/www.meydan.tv\/az\/","name":"MEYDAN.TV","description":"Meydan TV Az\u0259rbaycan\u0131n media m\u0259kan\u0131ndak\u0131 alternativ s\u0259sidir","publisher":{"@id":"https:\/\/www.meydan.tv\/az\/#organization"},"potentialAction":[{"@type":"SearchAction","target":{"@type":"EntryPoint","urlTemplate":"https:\/\/www.meydan.tv\/az\/?s={search_term_string}"},"query-input":{"@type":"PropertyValueSpecification","valueRequired":true,"valueName":"search_term_string"}}],"inLanguage":"az"},{"@type":"Organization","@id":"https:\/\/www.meydan.tv\/az\/#organization","name":"Meydan TV","url":"https:\/\/www.meydan.tv\/az\/","logo":{"@type":"ImageObject","inLanguage":"az","@id":"https:\/\/www.meydan.tv\/az\/#\/schema\/logo\/image\/","url":"https:\/\/www.meydan.tv\/wp-content\/uploads\/2021\/07\/meydan-logo.svg","contentUrl":"https:\/\/www.meydan.tv\/wp-content\/uploads\/2021\/07\/meydan-logo.svg","width":195,"height":46,"caption":"Meydan TV"},"image":{"@id":"https:\/\/www.meydan.tv\/az\/#\/schema\/logo\/image\/"}},{"@type":"Person","@id":"https:\/\/www.meydan.tv\/az\/#\/schema\/person\/9cdbecf90d17180ce1dfbd95b08dcf47","name":"elli","sameAs":["https:\/\/x.com\/elli"]}]}},"_links":{"self":[{"href":"https:\/\/www.meydan.tv\/az\/wp-json\/wp\/v2\/posts\/294249","targetHints":{"allow":["GET"]}}],"collection":[{"href":"https:\/\/www.meydan.tv\/az\/wp-json\/wp\/v2\/posts"}],"about":[{"href":"https:\/\/www.meydan.tv\/az\/wp-json\/wp\/v2\/types\/post"}],"author":[{"embeddable":true,"href":"https:\/\/www.meydan.tv\/az\/wp-json\/wp\/v2\/users\/8"}],"replies":[{"embeddable":true,"href":"https:\/\/www.meydan.tv\/az\/wp-json\/wp\/v2\/comments?post=294249"}],"version-history":[{"count":1,"href":"https:\/\/www.meydan.tv\/az\/wp-json\/wp\/v2\/posts\/294249\/revisions"}],"predecessor-version":[{"id":294253,"href":"https:\/\/www.meydan.tv\/az\/wp-json\/wp\/v2\/posts\/294249\/revisions\/294253"}],"wp:featuredmedia":[{"embeddable":true,"href":"https:\/\/www.meydan.tv\/az\/wp-json\/wp\/v2\/media\/294250"}],"wp:attachment":[{"href":"https:\/\/www.meydan.tv\/az\/wp-json\/wp\/v2\/media?parent=294249"}],"wp:term":[{"taxonomy":"category","embeddable":true,"href":"https:\/\/www.meydan.tv\/az\/wp-json\/wp\/v2\/categories?post=294249"},{"taxonomy":"post_tag","embeddable":true,"href":"https:\/\/www.meydan.tv\/az\/wp-json\/wp\/v2\/tags?post=294249"}],"curies":[{"name":"wp","href":"https:\/\/api.w.org\/{rel}","templated":true}]}}