{"id":294233,"date":"2023-12-27T22:42:50","date_gmt":"2023-12-27T18:42:50","guid":{"rendered":"https:\/\/www.meydan.tv\/?p=294233"},"modified":"2023-12-27T22:42:53","modified_gmt":"2023-12-27T18:42:53","slug":"fransadan-azerbaycana-cavab-2-diplomat-persona-non-grata-elan-olundu","status":"publish","type":"post","link":"https:\/\/www.meydan.tv\/az\/article\/fransadan-azerbaycana-cavab-2-diplomat-persona-non-grata-elan-olundu\/","title":{"rendered":"Fransadan Az\u0259rbaycana cavab: 2 diplomat &#8220;persona-non-grata&#8221; elan olundu"},"content":{"rendered":"\n<p><\/p>\n\n\n\n<p><strong><em>R\u0259smi Paris Az\u0259rbaycan s\u0259firliyinin \u0259m\u0259kda\u015flar\u0131n\u0131n adlar\u0131n\u0131 a\u00e7\u0131qlamay\u0131b<\/em><\/strong><\/p>\n\n\n\n<p>Az\u0259rbaycan\u0131n Fransadak\u0131 s\u0259firliyinin iki \u0259m\u0259kda\u015f\u0131n\u0131n \u201cpersona-non-grata\u201d (arzuolunmaz \u015f\u0259xs) elan edildiyi bildirilir.<\/p>\n\n\n\n<p>Bu bar\u0259d\u0259 dekabr\u0131n 27-d\u0259 Fransa Xarici \u0130\u015fl\u0259r Nazirliyi m\u0259lumat <a href=\"https:\/\/turan.az\/az\/siyaset\/fransa-azerbaycan-sefirliyinin-iki-emekdasini-olkeden-cixarir-775794\">yay\u0131b.<\/a><\/p>\n\n\n\n<p>\u201c<em>R\u0259smi Paris Az\u0259rbaycan\u0131n Fransan\u0131n Az\u0259rbaycandak\u0131 s\u0259firliyinin diplomatik hey\u0259tinin iki \u0259m\u0259kda\u015f\u0131n\u0131 \u201cpersona-non-grata\u201d (arzuolunmaz \u015f\u0259xs) elan etm\u0259si il\u0259 ba\u011fl\u0131 q\u0259rar\u0131n\u0131 n\u0259z\u0259r\u0259 al\u0131b. O, Az\u0259rbaycan\u0131n \u00f6z q\u0259rar\u0131n\u0131 \u0259sasland\u0131rd\u0131\u011f\u0131 il\u0259 ba\u011fl\u0131 iddialar\u0131n\u0131 q\u0259ti \u015f\u0259kild\u0259 r\u0259dd edir. Fransa cavab t\u0259dbiri olaraq Az\u0259rbaycan\u0131n Fransadak\u0131 s\u0259firliyinin iki \u0259m\u0259kda\u015f\u0131n\u0131 \u201cpersona-non-grata\u201d (arzuolunmaz \u015f\u0259xs) elan edib\u201d,<\/em> &#8211; dey\u0259 nazirlik \u0259lav\u0259 edib.<\/p>\n\n\n<div class=\"wp-block-image\">\n<figure class=\"alignright size-full is-resized\"><img decoding=\"async\" width=\"1200\" height=\"770\" data-src=\"https:\/\/www.meydan.tv\/wp-content\/uploads\/shutterstock_725613790.jpg\" alt=\"\" class=\"wp-image-246172 lazyload\" style=\"--smush-placeholder-width: 1200px; --smush-placeholder-aspect-ratio: 1200\/770;width:353px;height:auto\" src=\"data:image\/svg+xml;base64,PHN2ZyB3aWR0aD0iMSIgaGVpZ2h0PSIxIiB4bWxucz0iaHR0cDovL3d3dy53My5vcmcvMjAwMC9zdmciPjwvc3ZnPg==\" \/><figcaption class=\"wp-element-caption\">Fransa Xarici \u0130\u015fl\u0259r Nazirliyi. M\u0259nb\u0259: Petr Kovalenkov\/shutterstock<\/figcaption><\/figure>\n<\/div>\n\n\n<p>Ancaq r\u0259smi Paris Az\u0259rbaycan s\u0259firliyinin \u201cpersona-non-grata\u201d (arzuolunmaz \u015f\u0259xs) elan olunan \u0259m\u0259kda\u015flar\u0131n\u0131n adlar\u0131n\u0131 a\u00e7\u0131qlamay\u0131b.<\/p>\n\n\n\n<p>Dekabr\u0131n 26-da Fransan\u0131n Az\u0259rbaycandak\u0131 s\u0259firi Ann Buayon Xarici \u0130\u015fl\u0259r Nazirliyin\u0259 \u00e7a\u011f\u0131r\u0131l\u0131b.<\/p>\n\n\n\n<p>Ona Fransa s\u0259firliyinin iki \u0259m\u0259kda\u015f\u0131n\u0131n diplomatik statuslar\u0131na uy\u011fun olmayan v\u0259 \u201cDiplomatik \u0259laq\u0259l\u0259r haqq\u0131nda\u201d 1961-ci il Vyana Konvensiyas\u0131 il\u0259 ziddiyy\u0259t t\u0259\u015fkil ed\u0259n f\u0259aliyy\u0259t g\u00f6st\u0259rdikl\u0259ri bildirilib.<\/p>\n\n\n\n<p>Eyni zamanda, onlar\u0131n Az\u0259rbaycan h\u00f6kum\u0259ti t\u0259r\u0259find\u0259n \u201cpersona-non-grata\u201d (arzuolunmaz \u015f\u0259xs) elan olundu\u011fu Fransa s\u0259firinin diqq\u0259tin\u0259 <a href=\"https:\/\/storage.googleapis.com\/qurium\/www.meydan.tv\/az-article-azerbaycan-xin-fransa-sefirliyinin-iki-emekdasinipersona-non-grata-elan-etdi.html\">\u00e7atd\u0131r\u0131l\u0131b<\/a>.<\/p>\n","protected":false},"excerpt":{"rendered":"<p>R\u0259smi Paris Az\u0259rbaycan s\u0259firliyinin \u0259m\u0259kda\u015flar\u0131n\u0131n adlar\u0131n\u0131 a\u00e7\u0131qlamay\u0131b Az\u0259rbaycan\u0131n Fransadak\u0131 s\u0259firliyinin &#8230; <\/p>\n<p class=\"read-more-container\"><a title=\"Fransadan Az\u0259rbaycana cavab: 2 diplomat &#8220;persona-non-grata&#8221; elan olundu\" class=\"read-more button\" href=\"https:\/\/www.meydan.tv\/az\/article\/fransadan-azerbaycana-cavab-2-diplomat-persona-non-grata-elan-olundu\/#more-294233\" aria-label=\"Read more about Fransadan Az\u0259rbaycana cavab: 2 diplomat &#8220;persona-non-grata&#8221; elan olundu\">Davam\u0131<\/a><\/p>\n","protected":false},"author":8,"featured_media":261033,"comment_status":"closed","ping_status":"closed","sticky":false,"template":"","format":"standard","meta":{"_acf_changed":false,"_sitemap_exclude":false,"_sitemap_priority":"","_sitemap_frequency":"","footnotes":""},"categories":[59,79,56],"tags":[],"class_list":["post-294233","post","type-post","status-publish","format-standard","has-post-thumbnail","hentry","category-siyaset","category-featured","category-xeberler","infinite-scroll-item","generate-columns","tablet-grid-50","mobile-grid-100","grid-parent","grid-33","no-featured-image-padding"],"acf":[],"yoast_head":"<!-- This site is optimized with the Yoast SEO plugin v27.4 - https:\/\/yoast.com\/product\/yoast-seo-wordpress\/ -->\n<title>Fransadan Az\u0259rbaycana cavab: 2 diplomat &quot;persona-non-grata&quot; elan olundu - MEYDAN.TV<\/title>\n<meta name=\"robots\" content=\"index, follow, max-snippet:-1, max-image-preview:large, max-video-preview:-1\" \/>\n<link rel=\"canonical\" href=\"https:\/\/www.meydan.tv\/az\/article\/fransadan-azerbaycana-cavab-2-diplomat-persona-non-grata-elan-olundu\/\" \/>\n<meta property=\"og:locale\" content=\"az_AZ\" \/>\n<meta property=\"og:type\" content=\"article\" \/>\n<meta property=\"og:title\" content=\"Fransadan Az\u0259rbaycana cavab: 2 diplomat &quot;persona-non-grata&quot; elan olundu - MEYDAN.TV\" \/>\n<meta property=\"og:description\" content=\"R\u0259smi Paris Az\u0259rbaycan s\u0259firliyinin \u0259m\u0259kda\u015flar\u0131n\u0131n adlar\u0131n\u0131 a\u00e7\u0131qlamay\u0131b Az\u0259rbaycan\u0131n Fransadak\u0131 s\u0259firliyinin ... Davam\u0131\" \/>\n<meta property=\"og:url\" content=\"https:\/\/www.meydan.tv\/az\/article\/fransadan-azerbaycana-cavab-2-diplomat-persona-non-grata-elan-olundu\/\" \/>\n<meta property=\"og:site_name\" content=\"MEYDAN.TV\" \/>\n<meta property=\"article:published_time\" content=\"2023-12-27T18:42:50+00:00\" \/>\n<meta property=\"article:modified_time\" content=\"2023-12-27T18:42:53+00:00\" \/>\n<meta property=\"og:image\" content=\"https:\/\/www.meydan.tv\/wp-content\/uploads\/shutterstock_2204407711.jpg\" \/>\n\t<meta property=\"og:image:width\" content=\"1200\" \/>\n\t<meta property=\"og:image:height\" content=\"750\" \/>\n\t<meta property=\"og:image:type\" content=\"image\/jpeg\" \/>\n<meta name=\"author\" content=\"elli\" \/>\n<meta name=\"twitter:card\" content=\"summary_large_image\" \/>\n<meta name=\"twitter:creator\" content=\"@elli\" \/>\n<script type=\"application\/ld+json\" class=\"yoast-schema-graph\">{\"@context\":\"https:\\\/\\\/schema.org\",\"@graph\":[{\"@type\":\"Article\",\"@id\":\"https:\\\/\\\/www.meydan.tv\\\/az\\\/article\\\/fransadan-azerbaycana-cavab-2-diplomat-persona-non-grata-elan-olundu\\\/#article\",\"isPartOf\":{\"@id\":\"https:\\\/\\\/www.meydan.tv\\\/az\\\/article\\\/fransadan-azerbaycana-cavab-2-diplomat-persona-non-grata-elan-olundu\\\/\"},\"author\":{\"name\":\"elli\",\"@id\":\"https:\\\/\\\/www.meydan.tv\\\/az\\\/#\\\/schema\\\/person\\\/9cdbecf90d17180ce1dfbd95b08dcf47\"},\"headline\":\"Fransadan Az\u0259rbaycana cavab: 2 diplomat &#8220;persona-non-grata&#8221; elan olundu\",\"datePublished\":\"2023-12-27T18:42:50+00:00\",\"dateModified\":\"2023-12-27T18:42:53+00:00\",\"mainEntityOfPage\":{\"@id\":\"https:\\\/\\\/www.meydan.tv\\\/az\\\/article\\\/fransadan-azerbaycana-cavab-2-diplomat-persona-non-grata-elan-olundu\\\/\"},\"wordCount\":260,\"publisher\":{\"@id\":\"https:\\\/\\\/www.meydan.tv\\\/az\\\/#organization\"},\"image\":{\"@id\":\"https:\\\/\\\/www.meydan.tv\\\/az\\\/article\\\/fransadan-azerbaycana-cavab-2-diplomat-persona-non-grata-elan-olundu\\\/#primaryimage\"},\"thumbnailUrl\":\"https:\\\/\\\/www.meydan.tv\\\/wp-content\\\/uploads\\\/shutterstock_2204407711.jpg\",\"articleSection\":[\"Siyas\u0259t\",\"T\u00f6vsiy\u0259\",\"X\u0259b\u0259rl\u0259r\"],\"inLanguage\":\"az\"},{\"@type\":\"WebPage\",\"@id\":\"https:\\\/\\\/www.meydan.tv\\\/az\\\/article\\\/fransadan-azerbaycana-cavab-2-diplomat-persona-non-grata-elan-olundu\\\/\",\"url\":\"https:\\\/\\\/www.meydan.tv\\\/az\\\/article\\\/fransadan-azerbaycana-cavab-2-diplomat-persona-non-grata-elan-olundu\\\/\",\"name\":\"Fransadan Az\u0259rbaycana cavab: 2 diplomat \\\"persona-non-grata\\\" elan olundu - MEYDAN.TV\",\"isPartOf\":{\"@id\":\"https:\\\/\\\/www.meydan.tv\\\/az\\\/#website\"},\"primaryImageOfPage\":{\"@id\":\"https:\\\/\\\/www.meydan.tv\\\/az\\\/article\\\/fransadan-azerbaycana-cavab-2-diplomat-persona-non-grata-elan-olundu\\\/#primaryimage\"},\"image\":{\"@id\":\"https:\\\/\\\/www.meydan.tv\\\/az\\\/article\\\/fransadan-azerbaycana-cavab-2-diplomat-persona-non-grata-elan-olundu\\\/#primaryimage\"},\"thumbnailUrl\":\"https:\\\/\\\/www.meydan.tv\\\/wp-content\\\/uploads\\\/shutterstock_2204407711.jpg\",\"datePublished\":\"2023-12-27T18:42:50+00:00\",\"dateModified\":\"2023-12-27T18:42:53+00:00\",\"breadcrumb\":{\"@id\":\"https:\\\/\\\/www.meydan.tv\\\/az\\\/article\\\/fransadan-azerbaycana-cavab-2-diplomat-persona-non-grata-elan-olundu\\\/#breadcrumb\"},\"inLanguage\":\"az\",\"potentialAction\":[{\"@type\":\"ReadAction\",\"target\":[\"https:\\\/\\\/www.meydan.tv\\\/az\\\/article\\\/fransadan-azerbaycana-cavab-2-diplomat-persona-non-grata-elan-olundu\\\/\"]}]},{\"@type\":\"ImageObject\",\"inLanguage\":\"az\",\"@id\":\"https:\\\/\\\/www.meydan.tv\\\/az\\\/article\\\/fransadan-azerbaycana-cavab-2-diplomat-persona-non-grata-elan-olundu\\\/#primaryimage\",\"url\":\"https:\\\/\\\/www.meydan.tv\\\/wp-content\\\/uploads\\\/shutterstock_2204407711.jpg\",\"contentUrl\":\"https:\\\/\\\/www.meydan.tv\\\/wp-content\\\/uploads\\\/shutterstock_2204407711.jpg\",\"width\":1200,\"height\":750,\"caption\":\"Az\u0259rbaycan-Fransa. M\u0259nb\u0259: MMES Studio\\\/shutterstock\"},{\"@type\":\"BreadcrumbList\",\"@id\":\"https:\\\/\\\/www.meydan.tv\\\/az\\\/article\\\/fransadan-azerbaycana-cavab-2-diplomat-persona-non-grata-elan-olundu\\\/#breadcrumb\",\"itemListElement\":[{\"@type\":\"ListItem\",\"position\":1,\"name\":\"Ana s\u0259hif\u0259\",\"item\":\"https:\\\/\\\/www.meydan.tv\\\/az\\\/\"},{\"@type\":\"ListItem\",\"position\":2,\"name\":\"Siyas\u0259t\",\"item\":\"https:\\\/\\\/www.meydan.tv\\\/az\\\/section\\\/siyaset\\\/\"},{\"@type\":\"ListItem\",\"position\":3,\"name\":\"Fransadan Az\u0259rbaycana cavab: 2 diplomat &#8220;persona-non-grata&#8221; elan olundu\"}]},{\"@type\":\"WebSite\",\"@id\":\"https:\\\/\\\/www.meydan.tv\\\/az\\\/#website\",\"url\":\"https:\\\/\\\/www.meydan.tv\\\/az\\\/\",\"name\":\"MEYDAN.TV\",\"description\":\"Meydan TV Az\u0259rbaycan\u0131n media m\u0259kan\u0131ndak\u0131 alternativ s\u0259sidir\",\"publisher\":{\"@id\":\"https:\\\/\\\/www.meydan.tv\\\/az\\\/#organization\"},\"potentialAction\":[{\"@type\":\"SearchAction\",\"target\":{\"@type\":\"EntryPoint\",\"urlTemplate\":\"https:\\\/\\\/www.meydan.tv\\\/az\\\/?s={search_term_string}\"},\"query-input\":{\"@type\":\"PropertyValueSpecification\",\"valueRequired\":true,\"valueName\":\"search_term_string\"}}],\"inLanguage\":\"az\"},{\"@type\":\"Organization\",\"@id\":\"https:\\\/\\\/www.meydan.tv\\\/az\\\/#organization\",\"name\":\"Meydan TV\",\"url\":\"https:\\\/\\\/www.meydan.tv\\\/az\\\/\",\"logo\":{\"@type\":\"ImageObject\",\"inLanguage\":\"az\",\"@id\":\"https:\\\/\\\/www.meydan.tv\\\/az\\\/#\\\/schema\\\/logo\\\/image\\\/\",\"url\":\"https:\\\/\\\/www.meydan.tv\\\/wp-content\\\/uploads\\\/2021\\\/07\\\/meydan-logo.svg\",\"contentUrl\":\"https:\\\/\\\/www.meydan.tv\\\/wp-content\\\/uploads\\\/2021\\\/07\\\/meydan-logo.svg\",\"width\":195,\"height\":46,\"caption\":\"Meydan TV\"},\"image\":{\"@id\":\"https:\\\/\\\/www.meydan.tv\\\/az\\\/#\\\/schema\\\/logo\\\/image\\\/\"}},{\"@type\":\"Person\",\"@id\":\"https:\\\/\\\/www.meydan.tv\\\/az\\\/#\\\/schema\\\/person\\\/9cdbecf90d17180ce1dfbd95b08dcf47\",\"name\":\"elli\",\"sameAs\":[\"https:\\\/\\\/x.com\\\/elli\"]}]}<\/script>\n<!-- \/ Yoast SEO plugin. -->","yoast_head_json":{"title":"Fransadan Az\u0259rbaycana cavab: 2 diplomat \"persona-non-grata\" elan olundu - MEYDAN.TV","robots":{"index":"index","follow":"follow","max-snippet":"max-snippet:-1","max-image-preview":"max-image-preview:large","max-video-preview":"max-video-preview:-1"},"canonical":"https:\/\/www.meydan.tv\/az\/article\/fransadan-azerbaycana-cavab-2-diplomat-persona-non-grata-elan-olundu\/","og_locale":"az_AZ","og_type":"article","og_title":"Fransadan Az\u0259rbaycana cavab: 2 diplomat \"persona-non-grata\" elan olundu - MEYDAN.TV","og_description":"R\u0259smi Paris Az\u0259rbaycan s\u0259firliyinin \u0259m\u0259kda\u015flar\u0131n\u0131n adlar\u0131n\u0131 a\u00e7\u0131qlamay\u0131b Az\u0259rbaycan\u0131n Fransadak\u0131 s\u0259firliyinin ... Davam\u0131","og_url":"https:\/\/www.meydan.tv\/az\/article\/fransadan-azerbaycana-cavab-2-diplomat-persona-non-grata-elan-olundu\/","og_site_name":"MEYDAN.TV","article_published_time":"2023-12-27T18:42:50+00:00","article_modified_time":"2023-12-27T18:42:53+00:00","og_image":[{"width":1200,"height":750,"url":"https:\/\/www.meydan.tv\/wp-content\/uploads\/shutterstock_2204407711.jpg","type":"image\/jpeg"}],"author":"elli","twitter_card":"summary_large_image","twitter_creator":"@elli","schema":{"@context":"https:\/\/schema.org","@graph":[{"@type":"Article","@id":"https:\/\/www.meydan.tv\/az\/article\/fransadan-azerbaycana-cavab-2-diplomat-persona-non-grata-elan-olundu\/#article","isPartOf":{"@id":"https:\/\/www.meydan.tv\/az\/article\/fransadan-azerbaycana-cavab-2-diplomat-persona-non-grata-elan-olundu\/"},"author":{"name":"elli","@id":"https:\/\/www.meydan.tv\/az\/#\/schema\/person\/9cdbecf90d17180ce1dfbd95b08dcf47"},"headline":"Fransadan Az\u0259rbaycana cavab: 2 diplomat &#8220;persona-non-grata&#8221; elan olundu","datePublished":"2023-12-27T18:42:50+00:00","dateModified":"2023-12-27T18:42:53+00:00","mainEntityOfPage":{"@id":"https:\/\/www.meydan.tv\/az\/article\/fransadan-azerbaycana-cavab-2-diplomat-persona-non-grata-elan-olundu\/"},"wordCount":260,"publisher":{"@id":"https:\/\/www.meydan.tv\/az\/#organization"},"image":{"@id":"https:\/\/www.meydan.tv\/az\/article\/fransadan-azerbaycana-cavab-2-diplomat-persona-non-grata-elan-olundu\/#primaryimage"},"thumbnailUrl":"https:\/\/www.meydan.tv\/wp-content\/uploads\/shutterstock_2204407711.jpg","articleSection":["Siyas\u0259t","T\u00f6vsiy\u0259","X\u0259b\u0259rl\u0259r"],"inLanguage":"az"},{"@type":"WebPage","@id":"https:\/\/www.meydan.tv\/az\/article\/fransadan-azerbaycana-cavab-2-diplomat-persona-non-grata-elan-olundu\/","url":"https:\/\/www.meydan.tv\/az\/article\/fransadan-azerbaycana-cavab-2-diplomat-persona-non-grata-elan-olundu\/","name":"Fransadan Az\u0259rbaycana cavab: 2 diplomat \"persona-non-grata\" elan olundu - MEYDAN.TV","isPartOf":{"@id":"https:\/\/www.meydan.tv\/az\/#website"},"primaryImageOfPage":{"@id":"https:\/\/www.meydan.tv\/az\/article\/fransadan-azerbaycana-cavab-2-diplomat-persona-non-grata-elan-olundu\/#primaryimage"},"image":{"@id":"https:\/\/www.meydan.tv\/az\/article\/fransadan-azerbaycana-cavab-2-diplomat-persona-non-grata-elan-olundu\/#primaryimage"},"thumbnailUrl":"https:\/\/www.meydan.tv\/wp-content\/uploads\/shutterstock_2204407711.jpg","datePublished":"2023-12-27T18:42:50+00:00","dateModified":"2023-12-27T18:42:53+00:00","breadcrumb":{"@id":"https:\/\/www.meydan.tv\/az\/article\/fransadan-azerbaycana-cavab-2-diplomat-persona-non-grata-elan-olundu\/#breadcrumb"},"inLanguage":"az","potentialAction":[{"@type":"ReadAction","target":["https:\/\/www.meydan.tv\/az\/article\/fransadan-azerbaycana-cavab-2-diplomat-persona-non-grata-elan-olundu\/"]}]},{"@type":"ImageObject","inLanguage":"az","@id":"https:\/\/www.meydan.tv\/az\/article\/fransadan-azerbaycana-cavab-2-diplomat-persona-non-grata-elan-olundu\/#primaryimage","url":"https:\/\/www.meydan.tv\/wp-content\/uploads\/shutterstock_2204407711.jpg","contentUrl":"https:\/\/www.meydan.tv\/wp-content\/uploads\/shutterstock_2204407711.jpg","width":1200,"height":750,"caption":"Az\u0259rbaycan-Fransa. M\u0259nb\u0259: MMES Studio\/shutterstock"},{"@type":"BreadcrumbList","@id":"https:\/\/www.meydan.tv\/az\/article\/fransadan-azerbaycana-cavab-2-diplomat-persona-non-grata-elan-olundu\/#breadcrumb","itemListElement":[{"@type":"ListItem","position":1,"name":"Ana s\u0259hif\u0259","item":"https:\/\/www.meydan.tv\/az\/"},{"@type":"ListItem","position":2,"name":"Siyas\u0259t","item":"https:\/\/www.meydan.tv\/az\/section\/siyaset\/"},{"@type":"ListItem","position":3,"name":"Fransadan Az\u0259rbaycana cavab: 2 diplomat &#8220;persona-non-grata&#8221; elan olundu"}]},{"@type":"WebSite","@id":"https:\/\/www.meydan.tv\/az\/#website","url":"https:\/\/www.meydan.tv\/az\/","name":"MEYDAN.TV","description":"Meydan TV Az\u0259rbaycan\u0131n media m\u0259kan\u0131ndak\u0131 alternativ s\u0259sidir","publisher":{"@id":"https:\/\/www.meydan.tv\/az\/#organization"},"potentialAction":[{"@type":"SearchAction","target":{"@type":"EntryPoint","urlTemplate":"https:\/\/www.meydan.tv\/az\/?s={search_term_string}"},"query-input":{"@type":"PropertyValueSpecification","valueRequired":true,"valueName":"search_term_string"}}],"inLanguage":"az"},{"@type":"Organization","@id":"https:\/\/www.meydan.tv\/az\/#organization","name":"Meydan TV","url":"https:\/\/www.meydan.tv\/az\/","logo":{"@type":"ImageObject","inLanguage":"az","@id":"https:\/\/www.meydan.tv\/az\/#\/schema\/logo\/image\/","url":"https:\/\/www.meydan.tv\/wp-content\/uploads\/2021\/07\/meydan-logo.svg","contentUrl":"https:\/\/www.meydan.tv\/wp-content\/uploads\/2021\/07\/meydan-logo.svg","width":195,"height":46,"caption":"Meydan TV"},"image":{"@id":"https:\/\/www.meydan.tv\/az\/#\/schema\/logo\/image\/"}},{"@type":"Person","@id":"https:\/\/www.meydan.tv\/az\/#\/schema\/person\/9cdbecf90d17180ce1dfbd95b08dcf47","name":"elli","sameAs":["https:\/\/x.com\/elli"]}]}},"_links":{"self":[{"href":"https:\/\/www.meydan.tv\/az\/wp-json\/wp\/v2\/posts\/294233","targetHints":{"allow":["GET"]}}],"collection":[{"href":"https:\/\/www.meydan.tv\/az\/wp-json\/wp\/v2\/posts"}],"about":[{"href":"https:\/\/www.meydan.tv\/az\/wp-json\/wp\/v2\/types\/post"}],"author":[{"embeddable":true,"href":"https:\/\/www.meydan.tv\/az\/wp-json\/wp\/v2\/users\/8"}],"replies":[{"embeddable":true,"href":"https:\/\/www.meydan.tv\/az\/wp-json\/wp\/v2\/comments?post=294233"}],"version-history":[{"count":1,"href":"https:\/\/www.meydan.tv\/az\/wp-json\/wp\/v2\/posts\/294233\/revisions"}],"predecessor-version":[{"id":294234,"href":"https:\/\/www.meydan.tv\/az\/wp-json\/wp\/v2\/posts\/294233\/revisions\/294234"}],"wp:featuredmedia":[{"embeddable":true,"href":"https:\/\/www.meydan.tv\/az\/wp-json\/wp\/v2\/media\/261033"}],"wp:attachment":[{"href":"https:\/\/www.meydan.tv\/az\/wp-json\/wp\/v2\/media?parent=294233"}],"wp:term":[{"taxonomy":"category","embeddable":true,"href":"https:\/\/www.meydan.tv\/az\/wp-json\/wp\/v2\/categories?post=294233"},{"taxonomy":"post_tag","embeddable":true,"href":"https:\/\/www.meydan.tv\/az\/wp-json\/wp\/v2\/tags?post=294233"}],"curies":[{"name":"wp","href":"https:\/\/api.w.org\/{rel}","templated":true}]}}