{"id":294191,"date":"2023-12-27T16:30:23","date_gmt":"2023-12-27T12:30:23","guid":{"rendered":"https:\/\/www.meydan.tv\/?p=294191"},"modified":"2023-12-27T16:30:28","modified_gmt":"2023-12-27T12:30:28","slug":"azerbaycan-tehsili-pisa-qiymetlendirilmesinde-gerileyib-56-ci-yer","status":"publish","type":"post","link":"https:\/\/www.meydan.tv\/az\/article\/azerbaycan-tehsili-pisa-qiymetlendirilmesinde-gerileyib-56-ci-yer\/","title":{"rendered":"Az\u0259rbaycan t\u0259hsili PISA qiym\u0259tl\u0259ndirilm\u0259sind\u0259 geril\u0259yib: 56-c\u0131 yer"},"content":{"rendered":"\n<p><\/p>\n\n\n\n<p><strong><em>Ekspert: \u201cAz\u0259rbaycan\u0131n t\u0259hsil sistemi PISA standartlar\u0131na uy\u011fun deyil\u201d&nbsp;<\/em><\/strong><\/p>\n\n\n\n<p>\u0130qtisadi \u018fm\u0259kda\u015fl\u0131q v\u0259 \u0130nki\u015faf T\u0259\u015fkilat\u0131n\u0131n (Organisation for Economic Co-operation and Development, OECD) 2022-ci ild\u0259 ke\u00e7irdiyi Beyn\u0259lxalq T\u0259l\u0259b\u0259 D\u0259y\u0259rl\u0259ndirm\u0259si Proqram\u0131n\u0131n (Programme for International Student Assessment, PISA) n\u0259tic\u0259l\u0259ri <a href=\"https:\/\/www.oecd.org\/pisa\/\">a\u00e7\u0131qlan\u0131b.<\/a><\/p>\n\n\n\n<p>PISA 15 ya\u015fl\u0131 \u015fagirdl\u0259rin riyaziyyat, t\u0259bi\u0259t elml\u0259ri v\u0259 oxu \u00fczr\u0259 bilik, bacar\u0131q v\u0259 s\u0259ri\u015ft\u0259l\u0259rini \u00f6l\u00e7\u00fcr.<\/p>\n\n\n\n<p>Monitorinq qiym\u0259tl\u0259ndirm\u0259 \u00f6lk\u0259l\u0259rin t\u0259hsil sistemini m\u00fcqayis\u0259 etm\u0259k \u00fc\u00e7\u00fcn istifad\u0259 edil\u0259n mexanizml\u0259rd\u0259n biridir v\u0259 \u00fc\u00e7 ild\u0259n bir ke\u00e7irilir.<\/p>\n\n\n\n<p>Pandemiya s\u0259b\u0259bind\u0259n 2020-ci ild\u0259 deyil, 2022-ci ild\u0259 ke\u00e7iril\u0259n PISA t\u0259dqiqat\u0131nda \u0259sas sah\u0259 riyaziyyat olub.<\/p>\n\n\n\n<p>Qiym\u0259tl\u0259ndirm\u0259d\u0259 81 \u00f6lk\u0259d\u0259n \u00fcmumilikd\u0259 700 min\u0259 yax\u0131n \u015fagird i\u015ftirak edib.<\/p>\n\n\n\n<p>Riyaziyyat \u00fczr\u0259 n\u0259tic\u0259l\u0259r\u0259 g\u00f6r\u0259, ilk be\u015flikd\u0259 Sinqapur, Makau (\u00c7in), \u00c7in Taypeyi, Honkonq (\u00c7in) v\u0259 Yaponiya q\u0259rarla\u015f\u0131b.<\/p>\n\n\n\n<p>\u0130qtisadi \u018fm\u0259kda\u015fl\u0131q v\u0259 \u0130nki\u015faf T\u0259\u015fkilat\u0131n\u0131n hesabat\u0131nda bildirilir ki, PISA-2022 t\u0259dqiqat\u0131 \u00fczr\u0259 i\u015ftirak\u00e7\u0131 \u00f6lk\u0259l\u0259rin orta g\u00f6st\u0259ricil\u0259rind\u0259 \u0259vv\u0259lki d\u00f6vrl\u0259 m\u00fcqayis\u0259d\u0259 \u00f6n\u0259mli azalmalar g\u00f6z\u0259 \u00e7arp\u0131b.<\/p>\n\n\n\n<p>\u018fsas da riyaziyyat v\u0259 oxu sah\u0259l\u0259ri \u00fczr\u0259 orta g\u00f6st\u0259ricil\u0259rd\u0259 son 10 ilin \u0259n b\u00f6y\u00fck geril\u0259m\u0259si qeyd\u0259 al\u0131n\u0131b.<\/p>\n\n\n<div class=\"wp-block-image\">\n<figure class=\"aligncenter size-large\"><img decoding=\"async\" width=\"1095\" height=\"821\" data-src=\"https:\/\/www.meydan.tv\/wp-content\/uploads\/164363164261f7d41a7880f1.24251964-1095x821.jpg\" alt=\"\" class=\"wp-image-294195 lazyload\" src=\"data:image\/svg+xml;base64,PHN2ZyB3aWR0aD0iMSIgaGVpZ2h0PSIxIiB4bWxucz0iaHR0cDovL3d3dy53My5vcmcvMjAwMC9zdmciPjwvc3ZnPg==\" style=\"--smush-placeholder-width: 1095px; --smush-placeholder-aspect-ratio: 1095\/821;\" \/><figcaption class=\"wp-element-caption\">M\u0259kt\u0259b. Foto: &#8220;bakimektebleri.edu.az&#8221;<\/figcaption><\/figure>\n<\/div>\n\n\n<p>Riyaziyyat \u00fczr\u0259 toplam 57, oxu \u00fczr\u0259 is\u0259 54 \u00f6lk\u0259d\u0259 geril\u0259m\u0259 qeyd\u0259 al\u0131n\u0131b.<\/p>\n\n\n\n<p>Hesabata \u0259sas\u0259n, geril\u0259m\u0259nin \u0259sas s\u0259b\u0259bi koronavirus (COVID-19) pandemiyas\u0131d\u0131r.<\/p>\n\n\n\n<p>Pandemiya d\u00f6vr\u00fcnd\u0259 \u0259ks\u0259r \u00f6lk\u0259l\u0259rd\u0259 m\u0259kt\u0259bl\u0259rin uzun m\u00fcdd\u0259t qapal\u0131 qalmas\u0131 \u015fagirdl\u0259rin n\u0259tic\u0259l\u0259rinin a\u015fa\u011f\u0131 d\u00fc\u015fm\u0259sin\u0259 ciddi t\u0259sir edib.<\/p>\n\n\n\n<p>PISA qiym\u0259tl\u0259ndirm\u0259sind\u0259 Bak\u0131 m\u0259kt\u0259bl\u0259ri il\u0259 t\u0259msil olunan Az\u0259rbaycan 56-c\u0131 yerd\u0259dir.<\/p>\n\n\n\n<p>Qiym\u0259tl\u0259ndirm\u0259d\u0259 Bak\u0131n\u0131n 178 m\u0259kt\u0259bind\u0259 t\u0259hsil alan \u00fcmumilikd\u0259 7 min 912 \u015fagird i\u015ftirak edib.<\/p>\n\n\n\n<p>H\u0259m Az\u0259rbaycan, h\u0259m d\u0259 rus b\u00f6lm\u0259sind\u0259n olan i\u015ftirak\u00e7\u0131lar\u0131n 47 faizi q\u0131z, 53 faizi o\u011flan olub.<\/p>\n\n\n\n<p>\u0130mtahana qat\u0131lanlar\u0131n 95 faizi 9-cu v\u0259 10-cu sinif \u015fagirdl\u0259ri olub.<\/p>\n\n\n\n<p>\u018fvv\u0259lki ill\u0259rl\u0259 m\u00fcqayis\u0259d\u0259 h\u0259r \u00fc\u00e7 istiqam\u0259td\u0259 orta ballarda azalma var.<\/p>\n\n\n\n<p>2022-ci ild\u0259ki qiym\u0259tl\u0259ndirm\u0259d\u0259 az\u0259rbaycanl\u0131 \u015fagirdl\u0259rin riyaziyyat \u00fczr\u0259 toplad\u0131\u011f\u0131 bal 2018-ci ild\u0259ki n\u0259tic\u0259 il\u0259 m\u00fcqayis\u0259d\u0259 daha a\u015fa\u011f\u0131 olub.<\/p>\n\n\n\n<p>4 il \u00f6nc\u0259 il\u0259 m\u00fcqayis\u0259d\u0259 az\u0259rbaycanl\u0131 \u015fagirdl\u0259rin riyaziyyat \u00fczr\u0259 orta bal\u0131 420-d\u0259n 397-y\u0259 enib.<\/p>\n\n\n\n<p>Oxu bacar\u0131qlar\u0131 \u00fczr\u0259 d\u0259 Az\u0259rbaycan\u0131n n\u0259tic\u0259si 2018-ci ill\u0259 m\u00fcqayis\u0259d\u0259 a\u015fa\u011f\u0131 d\u00fc\u015f\u00fcb.<\/p>\n\n\n\n<p>Az\u0259rbaycanl\u0131 m\u0259kt\u0259blil\u0259r 2018-ci ild\u0259 389 bal toplad\u0131qlar\u0131 halda, 2022-ci ild\u0259 eyni g\u00f6st\u0259rici 365 bal olub.<\/p>\n\n\n<div class=\"wp-block-image\">\n<figure class=\"aligncenter size-full\"><img decoding=\"async\" width=\"1200\" height=\"674\" data-src=\"https:\/\/www.meydan.tv\/wp-content\/uploads\/inkedoecd-iexpats_li.jpg\" alt=\"\" class=\"wp-image-294192 lazyload\" src=\"data:image\/svg+xml;base64,PHN2ZyB3aWR0aD0iMSIgaGVpZ2h0PSIxIiB4bWxucz0iaHR0cDovL3d3dy53My5vcmcvMjAwMC9zdmciPjwvc3ZnPg==\" style=\"--smush-placeholder-width: 1200px; --smush-placeholder-aspect-ratio: 1200\/674;\" \/><figcaption class=\"wp-element-caption\">\u0130qtisadi \u018fm\u0259kda\u015fl\u0131q v\u0259 \u0130nki\u015faf T\u0259\u015fkilat\u0131<\/figcaption><\/figure>\n<\/div>\n\n\n<p>Qiym\u0259tl\u0259ndirm\u0259y\u0259 qat\u0131lan az\u0259rbaycanl\u0131 \u015fagirdl\u0259rin 69%-nin ana dilind\u0259 oxudu\u011funu tam anlamad\u0131\u011f\u0131 da \u00f6t\u0259nilki g\u00f6st\u0259ricil\u0259rl\u0259 m\u00fcqayis\u0259 zaman\u0131 ortaya \u00e7\u0131x\u0131b.<\/p>\n\n\n\n<p>Riyaziyyat v\u0259 oxu bacar\u0131qlar\u0131 il\u0259 yana\u015f\u0131, t\u0259bi\u0259t elml\u0259ri istiqam\u0259ti \u00fczr\u0259 d\u0259, az\u0259rbaycanl\u0131 \u015fagirdl\u0259rin orta bal\u0131 2018-ci ill\u0259 m\u00fcqayis\u0259d\u0259 a\u015fa\u011f\u0131 d\u00fc\u015f\u00fcb.<\/p>\n\n\n\n<p>\u018fg\u0259r 2018-ci ild\u0259 az\u0259rbaycanl\u0131 \u015fagirdl\u0259r t\u0259bi\u0259t elml\u0259ri \u00fczr\u0259 398 ball\u0131q n\u0259tic\u0259 g\u00f6st\u0259rmi\u015fdis\u0259, 2022-ci ild\u0259 bu n\u0259tic\u0259 380 bala b\u0259rab\u0259r olub.<\/p>\n\n\n\n<p>Az\u0259rbaycan d\u00f6rd d\u0259f\u0259 (2006, 2009, 2018 v\u0259 2022) bu qiym\u0259tl\u0259ndirm\u0259d\u0259 i\u015ftirak edib.<\/p>\n\n\n\n<p>2006-c\u0131 ild\u0259ki qiym\u0259tl\u0259ndirm\u0259d\u0259 Az\u0259rbaycan 57 \u00f6lk\u0259 aras\u0131nda 33-c\u00fc, 2009-cu ild\u0259 65 \u00f6lk\u0259 aras\u0131nda 45-ci olmu\u015fdu.<\/p>\n\n\n\n<p>T\u0259bi\u0259t elml\u0259ri \u00fczr\u0259 qiym\u0259tl\u0259ndirm\u0259d\u0259 Az\u0259rbaycan m\u0259kt\u0259blil\u0259ri 2006-c\u0131 ild\u0259 57 \u00f6lk\u0259 aras\u0131nda 55-ci, 2009-cu ild\u0259 is\u0259 65 \u00f6lk\u0259 aras\u0131nda 63-c\u00fc olmu\u015fdular.<\/p>\n\n\n\n<p>G\u00f6st\u0259ril\u0259n a\u015fa\u011f\u0131 n\u0259tic\u0259l\u0259rd\u0259n sonra Az\u0259rbaycan 2012 v\u0259 2015-ci ill\u0259rd\u0259 ke\u00e7iril\u0259n PISA qiym\u0259tl\u0259ndirm\u0259sin\u0259 qat\u0131lmam\u0131\u015fd\u0131.<\/p>\n\n\n\n<p>Doqquz illik fasil\u0259d\u0259n sonra Az\u0259rbaycan 2018-ci ild\u0259 yenid\u0259n PISA qiym\u0259tl\u0259ndirm\u0259sind\u0259 i\u015ftirak etmi\u015fdi.<\/p>\n\n\n\n<p>T\u0259hsil eksperti Nabat\u0259li Qulamo\u011flu Meydan TV-y\u0259 deyir ki, n\u0259tic\u0259l\u0259rin a\u015fa\u011f\u0131 d\u00fc\u015fm\u0259sinin ba\u015fl\u0131ca s\u0259b\u0259bi Az\u0259rbaycan t\u0259hsilinin P\u0130SA standartlar\u0131n uy\u011fun olmamas\u0131 il\u0259 \u0259laq\u0259dard\u0131r:<\/p>\n\n\n\n<p><em>\u201c\u018fvv\u0259l onlara standartlar\u0131m\u0131z\u0131 uy\u011funla\u015fd\u0131rmal\u0131y\u0131q. Daha sonra da qiym\u0259tl\u0259ndirm\u0259d\u0259 i\u015ftirak etm\u0259liyik. H\u0259m\u00e7inin regionlarda t\u0259hsilin s\u0259viyy\u0259si art\u0131r\u0131lmal\u0131d\u0131r. Bu hakimiyy\u0259t regionlara, rayon v\u0259 k\u0259ndl\u0259r\u0259 h\u0259mi\u015f\u0259 kor g\u00f6z\u00fc il\u0259 bax\u0131b. N\u0259tic\u0259si d\u0259 bel\u0259dir. D\u00f6vl\u0259t camaat\u0131n pulundan, b\u00fcdc\u0259d\u0259n camaat\u0131n u\u015fa\u011f\u0131 \u00fc\u00e7\u00fcn istifad\u0259 etmir. Y\u00fczl\u0259rl\u0259 \u201cyedi-\u00e7apd\u0131\u201d t\u0259\u015fkilat\u0131 d\u00fcz\u0259ldibl\u0259r. Halbuki h\u0259min pullarla rayonlarda repetitor m\u0259rk\u0259zl\u0259ri yaratmaq olar\u201d<\/em>.<\/p>\n\n\n<div class=\"wp-block-image\">\n<figure class=\"alignright size-full is-resized\"><img decoding=\"async\" width=\"1200\" height=\"800\" data-src=\"https:\/\/www.meydan.tv\/wp-content\/uploads\/untitled-design-116.jpg\" alt=\"\" class=\"wp-image-273102 lazyload\" style=\"--smush-placeholder-width: 1200px; --smush-placeholder-aspect-ratio: 1200\/800;width:406px;height:auto\" src=\"data:image\/svg+xml;base64,PHN2ZyB3aWR0aD0iMSIgaGVpZ2h0PSIxIiB4bWxucz0iaHR0cDovL3d3dy53My5vcmcvMjAwMC9zdmciPjwvc3ZnPg==\" \/><figcaption class=\"wp-element-caption\">Nabat\u0259li Qulamo\u011flu. Foto: sosial \u015f\u0259b\u0259k\u0259<\/figcaption><\/figure>\n<\/div>\n\n\n<p><em>\u201cRayonda ya\u015fayan u\u015faqlar h\u0259m havas\u0131na, h\u0259m i\u00e7diyi suyuna g\u00f6r\u0259 daha z\u0259kal\u0131d\u0131rlar. Regionlarda t\u0259hsil b\u0259rpa olunsa, qiym\u0259tl\u0259ndirm\u0259 b\u00fct\u00fcn \u00f6lk\u0259ni \u0259hat\u0259 ed\u0259r\u201d, <\/em>&#8211; dey\u0259 ekspert \u0259lav\u0259 edib.<\/p>\n\n\n\n<p>T\u0259hsil eksperti El\u00e7in \u018ff\u0259ndi hesab edir ki, t\u0259hsild\u0259 geril\u0259m\u0259ni pandemiyan\u0131n, distant t\u0259hsilin \u00fcz\u0259rin\u0259 atmaq do\u011fru deyil:<\/p>\n\n\n\n<p>\u201c<em>M\u00fc\u0259yy\u0259n istiqam\u0259t \u00fczr\u0259 daha ciddi add\u0131mlar at\u0131lmal\u0131d\u0131r ki, bu probleml\u0259r d\u0259 aradan qalxs\u0131n. Qiym\u0259tl\u0259ndirm\u0259nin yaln\u0131z Bak\u0131 m\u0259kt\u0259bl\u0259rini \u0259hat\u0259 etm\u0259sin\u0259 g\u0259linc\u0259, Az\u0259rbaycanda el\u0259 regionlar var ki, orada t\u0259hsilin \u0259l\u00e7atanl\u0131\u011f\u0131 h\u0259l\u0259 d\u0259 t\u0259min olunmay\u0131b. H\u0259l\u0259 d\u0259 b\u0259zi yerl\u0259rd\u0259 komp\u00fcterl\u0259\u015fm\u0259 m\u00f6vcud deyil. D\u00fc\u015f\u00fcn\u00fcr\u0259m ki, qiym\u0259tl\u0259ndirm\u0259 t\u0259k Bak\u0131 deyil, b\u00fct\u00fcn respublika \u00fczr\u0259 apar\u0131lsayd\u0131, biz 56-c\u0131 yer yox, daha da a\u015fa\u011f\u0131 yuvarlana bil\u0259rdik. B\u0259lk\u0259 d\u0259, 75-ci yerl\u0259r\u0259 gedib, \u00e7\u0131xard\u0131q\u201d.<\/em><\/p>\n\n\n<div class=\"wp-block-image\">\n<figure class=\"alignleft size-full is-resized\"><img decoding=\"async\" width=\"1200\" height=\"675\" data-src=\"https:\/\/www.meydan.tv\/wp-content\/uploads\/tia_c9425c799333d526be75eab5f9955ab5_47xuk5p9oshq3c0fj2ew.jpg\" alt=\"\" class=\"wp-image-261578 lazyload\" style=\"--smush-placeholder-width: 1200px; --smush-placeholder-aspect-ratio: 1200\/675;width:366px;height:auto\" src=\"data:image\/svg+xml;base64,PHN2ZyB3aWR0aD0iMSIgaGVpZ2h0PSIxIiB4bWxucz0iaHR0cDovL3d3dy53My5vcmcvMjAwMC9zdmciPjwvc3ZnPg==\" \/><figcaption class=\"wp-element-caption\">T\u0259hsil ekspert El\u00e7in \u018ff\u0259ndi <\/figcaption><\/figure>\n<\/div>\n\n\n<p>P\u0130SA qiym\u0259tl\u0259ndirm\u0259si Az\u0259rbaycan Elm v\u0259 T\u0259hsil Nazirliyi il\u0259 T\u0259hsil \u0130nstitutu t\u0259r\u0259find\u0259n realla\u015fd\u0131r\u0131l\u0131r.<\/p>\n\n\n\n<p>Elm v\u0259 T\u0259hsil Nazirliyind\u0259n P\u0130SA n\u0259tic\u0259l\u0259ri il\u0259 ba\u011fl\u0131 sor\u011fumuz cavabland\u0131rlmay\u0131b.<\/p>\n\n\n\n<p>T\u0259hsil \u0130nstitutunun yayd\u0131\u011f\u0131 m\u0259lumatda bildirilir ki, son qiym\u0259tl\u0259ndirm\u0259 il\u0259 \u0259laq\u0259dar d\u0259yirmi masa <a href=\"https:\/\/arti.edu.az\/2023\/12\/11\/pisa-2022-ci-il-n%C9%99tic%C9%99l%C9%99rinin-muzakir%C9%99sin%C9%99-dair-d%C9%99yirmi-masa-kecirilib\/\">ke\u00e7irilib.<\/a><\/p>\n\n\n\n<p>M\u0259lumatda \u00fcmumi olaraq bildirilib ki, PISA t\u0259dqiqatlar\u0131n\u0131n n\u0259tic\u0259l\u0259rinin yax\u015f\u0131la\u015fd\u0131r\u0131lmas\u0131 istiqam\u0259tind\u0259 add\u0131mlar at\u0131lacaq.<\/p>\n","protected":false},"excerpt":{"rendered":"<p>Ekspert: \u201cAz\u0259rbaycan\u0131n t\u0259hsil sistemi PISA standartlar\u0131na uy\u011fun deyil\u201d&nbsp; \u0130qtisadi \u018fm\u0259kda\u015fl\u0131q &#8230; <\/p>\n<p class=\"read-more-container\"><a title=\"Az\u0259rbaycan t\u0259hsili PISA qiym\u0259tl\u0259ndirilm\u0259sind\u0259 geril\u0259yib: 56-c\u0131 yer\" class=\"read-more button\" href=\"https:\/\/www.meydan.tv\/az\/article\/azerbaycan-tehsili-pisa-qiymetlendirilmesinde-gerileyib-56-ci-yer\/#more-294191\" aria-label=\"Read more about Az\u0259rbaycan t\u0259hsili PISA qiym\u0259tl\u0259ndirilm\u0259sind\u0259 geril\u0259yib: 56-c\u0131 yer\">Davam\u0131<\/a><\/p>\n","protected":false},"author":8,"featured_media":294198,"comment_status":"closed","ping_status":"closed","sticky":false,"template":"","format":"standard","meta":{"_acf_changed":false,"_sitemap_exclude":false,"_sitemap_priority":"","_sitemap_frequency":"","footnotes":""},"categories":[62,79,56],"tags":[],"class_list":["post-294191","post","type-post","status-publish","format-standard","has-post-thumbnail","hentry","category-sosial","category-featured","category-xeberler","infinite-scroll-item","generate-columns","tablet-grid-50","mobile-grid-100","grid-parent","grid-33","no-featured-image-padding"],"acf":[],"yoast_head":"<!-- This site is optimized with the Yoast SEO plugin v27.5 - https:\/\/yoast.com\/product\/yoast-seo-wordpress\/ -->\n<title>Az\u0259rbaycan t\u0259hsili PISA qiym\u0259tl\u0259ndirilm\u0259sind\u0259 geril\u0259yib: 56-c\u0131 yer - MEYDAN.TV<\/title>\n<meta name=\"robots\" content=\"index, follow, max-snippet:-1, max-image-preview:large, max-video-preview:-1\" \/>\n<link rel=\"canonical\" href=\"https:\/\/www.meydan.tv\/az\/article\/azerbaycan-tehsili-pisa-qiymetlendirilmesinde-gerileyib-56-ci-yer\/\" \/>\n<meta property=\"og:locale\" content=\"az_AZ\" \/>\n<meta property=\"og:type\" content=\"article\" \/>\n<meta property=\"og:title\" content=\"Az\u0259rbaycan t\u0259hsili PISA qiym\u0259tl\u0259ndirilm\u0259sind\u0259 geril\u0259yib: 56-c\u0131 yer - MEYDAN.TV\" \/>\n<meta property=\"og:description\" content=\"Ekspert: \u201cAz\u0259rbaycan\u0131n t\u0259hsil sistemi PISA standartlar\u0131na uy\u011fun deyil\u201d&nbsp; \u0130qtisadi \u018fm\u0259kda\u015fl\u0131q ... Davam\u0131\" \/>\n<meta property=\"og:url\" content=\"https:\/\/www.meydan.tv\/az\/article\/azerbaycan-tehsili-pisa-qiymetlendirilmesinde-gerileyib-56-ci-yer\/\" \/>\n<meta property=\"og:site_name\" content=\"MEYDAN.TV\" \/>\n<meta property=\"article:published_time\" content=\"2023-12-27T12:30:23+00:00\" \/>\n<meta property=\"article:modified_time\" content=\"2023-12-27T12:30:28+00:00\" \/>\n<meta property=\"og:image\" content=\"https:\/\/www.meydan.tv\/wp-content\/uploads\/mekteb-2.jpg\" \/>\n\t<meta property=\"og:image:width\" content=\"1500\" \/>\n\t<meta property=\"og:image:height\" content=\"844\" \/>\n\t<meta property=\"og:image:type\" content=\"image\/jpeg\" \/>\n<meta name=\"author\" content=\"elli\" \/>\n<meta name=\"twitter:card\" content=\"summary_large_image\" \/>\n<meta name=\"twitter:creator\" content=\"@elli\" \/>\n<script type=\"application\/ld+json\" class=\"yoast-schema-graph\">{\"@context\":\"https:\\\/\\\/schema.org\",\"@graph\":[{\"@type\":\"Article\",\"@id\":\"https:\\\/\\\/www.meydan.tv\\\/az\\\/article\\\/azerbaycan-tehsili-pisa-qiymetlendirilmesinde-gerileyib-56-ci-yer\\\/#article\",\"isPartOf\":{\"@id\":\"https:\\\/\\\/www.meydan.tv\\\/az\\\/article\\\/azerbaycan-tehsili-pisa-qiymetlendirilmesinde-gerileyib-56-ci-yer\\\/\"},\"author\":{\"name\":\"elli\",\"@id\":\"https:\\\/\\\/www.meydan.tv\\\/az\\\/#\\\/schema\\\/person\\\/9cdbecf90d17180ce1dfbd95b08dcf47\"},\"headline\":\"Az\u0259rbaycan t\u0259hsili PISA qiym\u0259tl\u0259ndirilm\u0259sind\u0259 geril\u0259yib: 56-c\u0131 yer\",\"datePublished\":\"2023-12-27T12:30:23+00:00\",\"dateModified\":\"2023-12-27T12:30:28+00:00\",\"mainEntityOfPage\":{\"@id\":\"https:\\\/\\\/www.meydan.tv\\\/az\\\/article\\\/azerbaycan-tehsili-pisa-qiymetlendirilmesinde-gerileyib-56-ci-yer\\\/\"},\"wordCount\":1149,\"publisher\":{\"@id\":\"https:\\\/\\\/www.meydan.tv\\\/az\\\/#organization\"},\"image\":{\"@id\":\"https:\\\/\\\/www.meydan.tv\\\/az\\\/article\\\/azerbaycan-tehsili-pisa-qiymetlendirilmesinde-gerileyib-56-ci-yer\\\/#primaryimage\"},\"thumbnailUrl\":\"https:\\\/\\\/www.meydan.tv\\\/wp-content\\\/uploads\\\/mekteb-2.jpg\",\"articleSection\":[\"Sosial\",\"T\u00f6vsiy\u0259\",\"X\u0259b\u0259rl\u0259r\"],\"inLanguage\":\"az\"},{\"@type\":\"WebPage\",\"@id\":\"https:\\\/\\\/www.meydan.tv\\\/az\\\/article\\\/azerbaycan-tehsili-pisa-qiymetlendirilmesinde-gerileyib-56-ci-yer\\\/\",\"url\":\"https:\\\/\\\/www.meydan.tv\\\/az\\\/article\\\/azerbaycan-tehsili-pisa-qiymetlendirilmesinde-gerileyib-56-ci-yer\\\/\",\"name\":\"Az\u0259rbaycan t\u0259hsili PISA qiym\u0259tl\u0259ndirilm\u0259sind\u0259 geril\u0259yib: 56-c\u0131 yer - MEYDAN.TV\",\"isPartOf\":{\"@id\":\"https:\\\/\\\/www.meydan.tv\\\/az\\\/#website\"},\"primaryImageOfPage\":{\"@id\":\"https:\\\/\\\/www.meydan.tv\\\/az\\\/article\\\/azerbaycan-tehsili-pisa-qiymetlendirilmesinde-gerileyib-56-ci-yer\\\/#primaryimage\"},\"image\":{\"@id\":\"https:\\\/\\\/www.meydan.tv\\\/az\\\/article\\\/azerbaycan-tehsili-pisa-qiymetlendirilmesinde-gerileyib-56-ci-yer\\\/#primaryimage\"},\"thumbnailUrl\":\"https:\\\/\\\/www.meydan.tv\\\/wp-content\\\/uploads\\\/mekteb-2.jpg\",\"datePublished\":\"2023-12-27T12:30:23+00:00\",\"dateModified\":\"2023-12-27T12:30:28+00:00\",\"breadcrumb\":{\"@id\":\"https:\\\/\\\/www.meydan.tv\\\/az\\\/article\\\/azerbaycan-tehsili-pisa-qiymetlendirilmesinde-gerileyib-56-ci-yer\\\/#breadcrumb\"},\"inLanguage\":\"az\",\"potentialAction\":[{\"@type\":\"ReadAction\",\"target\":[\"https:\\\/\\\/www.meydan.tv\\\/az\\\/article\\\/azerbaycan-tehsili-pisa-qiymetlendirilmesinde-gerileyib-56-ci-yer\\\/\"]}]},{\"@type\":\"ImageObject\",\"inLanguage\":\"az\",\"@id\":\"https:\\\/\\\/www.meydan.tv\\\/az\\\/article\\\/azerbaycan-tehsili-pisa-qiymetlendirilmesinde-gerileyib-56-ci-yer\\\/#primaryimage\",\"url\":\"https:\\\/\\\/www.meydan.tv\\\/wp-content\\\/uploads\\\/mekteb-2.jpg\",\"contentUrl\":\"https:\\\/\\\/www.meydan.tv\\\/wp-content\\\/uploads\\\/mekteb-2.jpg\",\"width\":1500,\"height\":844,\"caption\":\"M\u0259kt\u0259b. Foto: \\\"bakimektebleri.edu.az\\\"\"},{\"@type\":\"BreadcrumbList\",\"@id\":\"https:\\\/\\\/www.meydan.tv\\\/az\\\/article\\\/azerbaycan-tehsili-pisa-qiymetlendirilmesinde-gerileyib-56-ci-yer\\\/#breadcrumb\",\"itemListElement\":[{\"@type\":\"ListItem\",\"position\":1,\"name\":\"Ana s\u0259hif\u0259\",\"item\":\"https:\\\/\\\/www.meydan.tv\\\/az\\\/\"},{\"@type\":\"ListItem\",\"position\":2,\"name\":\"Sosial\",\"item\":\"https:\\\/\\\/www.meydan.tv\\\/az\\\/section\\\/sosial\\\/\"},{\"@type\":\"ListItem\",\"position\":3,\"name\":\"Az\u0259rbaycan t\u0259hsili PISA qiym\u0259tl\u0259ndirilm\u0259sind\u0259 geril\u0259yib: 56-c\u0131 yer\"}]},{\"@type\":\"WebSite\",\"@id\":\"https:\\\/\\\/www.meydan.tv\\\/az\\\/#website\",\"url\":\"https:\\\/\\\/www.meydan.tv\\\/az\\\/\",\"name\":\"MEYDAN.TV\",\"description\":\"Meydan TV Az\u0259rbaycan\u0131n media m\u0259kan\u0131ndak\u0131 alternativ s\u0259sidir\",\"publisher\":{\"@id\":\"https:\\\/\\\/www.meydan.tv\\\/az\\\/#organization\"},\"potentialAction\":[{\"@type\":\"SearchAction\",\"target\":{\"@type\":\"EntryPoint\",\"urlTemplate\":\"https:\\\/\\\/www.meydan.tv\\\/az\\\/?s={search_term_string}\"},\"query-input\":{\"@type\":\"PropertyValueSpecification\",\"valueRequired\":true,\"valueName\":\"search_term_string\"}}],\"inLanguage\":\"az\"},{\"@type\":\"Organization\",\"@id\":\"https:\\\/\\\/www.meydan.tv\\\/az\\\/#organization\",\"name\":\"Meydan TV\",\"url\":\"https:\\\/\\\/www.meydan.tv\\\/az\\\/\",\"logo\":{\"@type\":\"ImageObject\",\"inLanguage\":\"az\",\"@id\":\"https:\\\/\\\/www.meydan.tv\\\/az\\\/#\\\/schema\\\/logo\\\/image\\\/\",\"url\":\"https:\\\/\\\/www.meydan.tv\\\/wp-content\\\/uploads\\\/2021\\\/07\\\/meydan-logo.svg\",\"contentUrl\":\"https:\\\/\\\/www.meydan.tv\\\/wp-content\\\/uploads\\\/2021\\\/07\\\/meydan-logo.svg\",\"width\":195,\"height\":46,\"caption\":\"Meydan TV\"},\"image\":{\"@id\":\"https:\\\/\\\/www.meydan.tv\\\/az\\\/#\\\/schema\\\/logo\\\/image\\\/\"}},{\"@type\":\"Person\",\"@id\":\"https:\\\/\\\/www.meydan.tv\\\/az\\\/#\\\/schema\\\/person\\\/9cdbecf90d17180ce1dfbd95b08dcf47\",\"name\":\"elli\",\"sameAs\":[\"https:\\\/\\\/x.com\\\/elli\"]}]}<\/script>\n<!-- \/ Yoast SEO plugin. -->","yoast_head_json":{"title":"Az\u0259rbaycan t\u0259hsili PISA qiym\u0259tl\u0259ndirilm\u0259sind\u0259 geril\u0259yib: 56-c\u0131 yer - MEYDAN.TV","robots":{"index":"index","follow":"follow","max-snippet":"max-snippet:-1","max-image-preview":"max-image-preview:large","max-video-preview":"max-video-preview:-1"},"canonical":"https:\/\/www.meydan.tv\/az\/article\/azerbaycan-tehsili-pisa-qiymetlendirilmesinde-gerileyib-56-ci-yer\/","og_locale":"az_AZ","og_type":"article","og_title":"Az\u0259rbaycan t\u0259hsili PISA qiym\u0259tl\u0259ndirilm\u0259sind\u0259 geril\u0259yib: 56-c\u0131 yer - MEYDAN.TV","og_description":"Ekspert: \u201cAz\u0259rbaycan\u0131n t\u0259hsil sistemi PISA standartlar\u0131na uy\u011fun deyil\u201d&nbsp; \u0130qtisadi \u018fm\u0259kda\u015fl\u0131q ... Davam\u0131","og_url":"https:\/\/www.meydan.tv\/az\/article\/azerbaycan-tehsili-pisa-qiymetlendirilmesinde-gerileyib-56-ci-yer\/","og_site_name":"MEYDAN.TV","article_published_time":"2023-12-27T12:30:23+00:00","article_modified_time":"2023-12-27T12:30:28+00:00","og_image":[{"width":1500,"height":844,"url":"https:\/\/www.meydan.tv\/wp-content\/uploads\/mekteb-2.jpg","type":"image\/jpeg"}],"author":"elli","twitter_card":"summary_large_image","twitter_creator":"@elli","schema":{"@context":"https:\/\/schema.org","@graph":[{"@type":"Article","@id":"https:\/\/www.meydan.tv\/az\/article\/azerbaycan-tehsili-pisa-qiymetlendirilmesinde-gerileyib-56-ci-yer\/#article","isPartOf":{"@id":"https:\/\/www.meydan.tv\/az\/article\/azerbaycan-tehsili-pisa-qiymetlendirilmesinde-gerileyib-56-ci-yer\/"},"author":{"name":"elli","@id":"https:\/\/www.meydan.tv\/az\/#\/schema\/person\/9cdbecf90d17180ce1dfbd95b08dcf47"},"headline":"Az\u0259rbaycan t\u0259hsili PISA qiym\u0259tl\u0259ndirilm\u0259sind\u0259 geril\u0259yib: 56-c\u0131 yer","datePublished":"2023-12-27T12:30:23+00:00","dateModified":"2023-12-27T12:30:28+00:00","mainEntityOfPage":{"@id":"https:\/\/www.meydan.tv\/az\/article\/azerbaycan-tehsili-pisa-qiymetlendirilmesinde-gerileyib-56-ci-yer\/"},"wordCount":1149,"publisher":{"@id":"https:\/\/www.meydan.tv\/az\/#organization"},"image":{"@id":"https:\/\/www.meydan.tv\/az\/article\/azerbaycan-tehsili-pisa-qiymetlendirilmesinde-gerileyib-56-ci-yer\/#primaryimage"},"thumbnailUrl":"https:\/\/www.meydan.tv\/wp-content\/uploads\/mekteb-2.jpg","articleSection":["Sosial","T\u00f6vsiy\u0259","X\u0259b\u0259rl\u0259r"],"inLanguage":"az"},{"@type":"WebPage","@id":"https:\/\/www.meydan.tv\/az\/article\/azerbaycan-tehsili-pisa-qiymetlendirilmesinde-gerileyib-56-ci-yer\/","url":"https:\/\/www.meydan.tv\/az\/article\/azerbaycan-tehsili-pisa-qiymetlendirilmesinde-gerileyib-56-ci-yer\/","name":"Az\u0259rbaycan t\u0259hsili PISA qiym\u0259tl\u0259ndirilm\u0259sind\u0259 geril\u0259yib: 56-c\u0131 yer - MEYDAN.TV","isPartOf":{"@id":"https:\/\/www.meydan.tv\/az\/#website"},"primaryImageOfPage":{"@id":"https:\/\/www.meydan.tv\/az\/article\/azerbaycan-tehsili-pisa-qiymetlendirilmesinde-gerileyib-56-ci-yer\/#primaryimage"},"image":{"@id":"https:\/\/www.meydan.tv\/az\/article\/azerbaycan-tehsili-pisa-qiymetlendirilmesinde-gerileyib-56-ci-yer\/#primaryimage"},"thumbnailUrl":"https:\/\/www.meydan.tv\/wp-content\/uploads\/mekteb-2.jpg","datePublished":"2023-12-27T12:30:23+00:00","dateModified":"2023-12-27T12:30:28+00:00","breadcrumb":{"@id":"https:\/\/www.meydan.tv\/az\/article\/azerbaycan-tehsili-pisa-qiymetlendirilmesinde-gerileyib-56-ci-yer\/#breadcrumb"},"inLanguage":"az","potentialAction":[{"@type":"ReadAction","target":["https:\/\/www.meydan.tv\/az\/article\/azerbaycan-tehsili-pisa-qiymetlendirilmesinde-gerileyib-56-ci-yer\/"]}]},{"@type":"ImageObject","inLanguage":"az","@id":"https:\/\/www.meydan.tv\/az\/article\/azerbaycan-tehsili-pisa-qiymetlendirilmesinde-gerileyib-56-ci-yer\/#primaryimage","url":"https:\/\/www.meydan.tv\/wp-content\/uploads\/mekteb-2.jpg","contentUrl":"https:\/\/www.meydan.tv\/wp-content\/uploads\/mekteb-2.jpg","width":1500,"height":844,"caption":"M\u0259kt\u0259b. Foto: \"bakimektebleri.edu.az\""},{"@type":"BreadcrumbList","@id":"https:\/\/www.meydan.tv\/az\/article\/azerbaycan-tehsili-pisa-qiymetlendirilmesinde-gerileyib-56-ci-yer\/#breadcrumb","itemListElement":[{"@type":"ListItem","position":1,"name":"Ana s\u0259hif\u0259","item":"https:\/\/www.meydan.tv\/az\/"},{"@type":"ListItem","position":2,"name":"Sosial","item":"https:\/\/www.meydan.tv\/az\/section\/sosial\/"},{"@type":"ListItem","position":3,"name":"Az\u0259rbaycan t\u0259hsili PISA qiym\u0259tl\u0259ndirilm\u0259sind\u0259 geril\u0259yib: 56-c\u0131 yer"}]},{"@type":"WebSite","@id":"https:\/\/www.meydan.tv\/az\/#website","url":"https:\/\/www.meydan.tv\/az\/","name":"MEYDAN.TV","description":"Meydan TV Az\u0259rbaycan\u0131n media m\u0259kan\u0131ndak\u0131 alternativ s\u0259sidir","publisher":{"@id":"https:\/\/www.meydan.tv\/az\/#organization"},"potentialAction":[{"@type":"SearchAction","target":{"@type":"EntryPoint","urlTemplate":"https:\/\/www.meydan.tv\/az\/?s={search_term_string}"},"query-input":{"@type":"PropertyValueSpecification","valueRequired":true,"valueName":"search_term_string"}}],"inLanguage":"az"},{"@type":"Organization","@id":"https:\/\/www.meydan.tv\/az\/#organization","name":"Meydan TV","url":"https:\/\/www.meydan.tv\/az\/","logo":{"@type":"ImageObject","inLanguage":"az","@id":"https:\/\/www.meydan.tv\/az\/#\/schema\/logo\/image\/","url":"https:\/\/www.meydan.tv\/wp-content\/uploads\/2021\/07\/meydan-logo.svg","contentUrl":"https:\/\/www.meydan.tv\/wp-content\/uploads\/2021\/07\/meydan-logo.svg","width":195,"height":46,"caption":"Meydan TV"},"image":{"@id":"https:\/\/www.meydan.tv\/az\/#\/schema\/logo\/image\/"}},{"@type":"Person","@id":"https:\/\/www.meydan.tv\/az\/#\/schema\/person\/9cdbecf90d17180ce1dfbd95b08dcf47","name":"elli","sameAs":["https:\/\/x.com\/elli"]}]}},"_links":{"self":[{"href":"https:\/\/www.meydan.tv\/az\/wp-json\/wp\/v2\/posts\/294191","targetHints":{"allow":["GET"]}}],"collection":[{"href":"https:\/\/www.meydan.tv\/az\/wp-json\/wp\/v2\/posts"}],"about":[{"href":"https:\/\/www.meydan.tv\/az\/wp-json\/wp\/v2\/types\/post"}],"author":[{"embeddable":true,"href":"https:\/\/www.meydan.tv\/az\/wp-json\/wp\/v2\/users\/8"}],"replies":[{"embeddable":true,"href":"https:\/\/www.meydan.tv\/az\/wp-json\/wp\/v2\/comments?post=294191"}],"version-history":[{"count":3,"href":"https:\/\/www.meydan.tv\/az\/wp-json\/wp\/v2\/posts\/294191\/revisions"}],"predecessor-version":[{"id":294205,"href":"https:\/\/www.meydan.tv\/az\/wp-json\/wp\/v2\/posts\/294191\/revisions\/294205"}],"wp:featuredmedia":[{"embeddable":true,"href":"https:\/\/www.meydan.tv\/az\/wp-json\/wp\/v2\/media\/294198"}],"wp:attachment":[{"href":"https:\/\/www.meydan.tv\/az\/wp-json\/wp\/v2\/media?parent=294191"}],"wp:term":[{"taxonomy":"category","embeddable":true,"href":"https:\/\/www.meydan.tv\/az\/wp-json\/wp\/v2\/categories?post=294191"},{"taxonomy":"post_tag","embeddable":true,"href":"https:\/\/www.meydan.tv\/az\/wp-json\/wp\/v2\/tags?post=294191"}],"curies":[{"name":"wp","href":"https:\/\/api.w.org\/{rel}","templated":true}]}}