{"id":294134,"date":"2023-12-27T12:13:36","date_gmt":"2023-12-27T08:13:36","guid":{"rendered":"https:\/\/www.meydan.tv\/?p=294134"},"modified":"2023-12-27T13:07:29","modified_gmt":"2023-12-27T09:07:29","slug":"kanal-13un-daha-iki-emekdasina-qacaqmalciliq-itihami-verilib","status":"publish","type":"post","link":"https:\/\/www.meydan.tv\/az\/article\/kanal-13un-daha-iki-emekdasina-qacaqmalciliq-itihami-verilib\/","title":{"rendered":"\u201cKanal 13\u201d\u00fcn daha iki \u0259m\u0259kda\u015f\u0131na qa\u00e7aqmal\u00e7\u0131l\u0131q ittiham\u0131 verilib"},"content":{"rendered":"\n<p><\/p>\n\n\n\n<p><strong><em>Anar Orucov: \u201cH\u0259tta qohumlar\u0131m\u0131z aras\u0131nda da h\u0259bsl\u0259r olaca\u011f\u0131 bar\u0259d\u0259 x\u0259b\u0259rl\u0259r alm\u0131\u015fam&#8221;<\/em><\/strong><\/p>\n\n\n\n<p>\u201cKanal 13\u201d internet televiziyas\u0131n\u0131n h\u0259bsd\u0259 olan icra\u00e7\u0131 direktoru \u018fziz Orucov haqq\u0131nda cinay\u0259t i\u015fi \u00fczr\u0259 kanal\u0131n \u0259m\u0259kda\u015flar\u0131na da qa\u00e7aqmal\u00e7\u0131l\u0131q ittiham\u0131 verilib. <\/p>\n\n\n\n<p>Bu bar\u0259d\u0259 \u201cKanal 13\u201d\u00fcn t\u0259sis\u00e7isi Anar Orucov m\u0259lumat ver\u0259r\u0259k bildirib ki, kanalla \u0259m\u0259kda\u015fl\u0131q ed\u0259n \u015eamo Eminov eyni cinay\u0259t i\u015fi \u00fczr\u0259 dekabr\u0131n 22-d\u0259 tutulub. Onun evind\u0259 axtar\u0131\u015f apar\u0131l\u0131b. Ard\u0131nca Cinay\u0259t M\u0259c\u0259ll\u0259sinin 206.3.2 (qa\u00e7aqmal\u00e7\u0131l\u0131q &#8211; qabaqcadan \u0259lbir olan bir qrup \u015f\u0259xs t\u0259r\u0259find\u0259n t\u00f6r\u0259dildikd\u0259) madd\u0259sil\u0259 ittiham ir\u0259li s\u00fcr\u00fcl\u00fcb. S\u0259bail Rayon M\u0259hk\u0259m\u0259sinin q\u0259rar\u0131yla onun bar\u0259sind\u0259 ilkin istintaq d\u00f6vr\u00fc \u00fc\u00e7\u00fcn 3 ayl\u0131q h\u0259bs q\u0259timkan t\u0259dbiri se\u00e7ilib.<\/p>\n\n\n\n<p>Anar Orucov deyir ki, \u015eamo Eminova m\u00fcnasib\u0259td\u0259 qanunun bir \u00e7ox t\u0259l\u0259bi pozulub: onun h\u0259bs olunmas\u0131 haqda ail\u0259sin\u0259 m\u0259lumat verilm\u0259yib, \u00f6z\u00fcn\u00fcn v\u0259 ya yax\u0131nlar\u0131n\u0131n se\u00e7diyi v\u0259kil vasit\u0259sil\u0259 m\u00fcdafi\u0259 olunmas\u0131na \u015f\u0259rait yarad\u0131lmay\u0131b.<\/p>\n\n\n<div class=\"wp-block-image\">\n<figure class=\"aligncenter size-large\"><img decoding=\"async\" data-src=\"https:\/\/www.meydan.tv\/wp-content\/uploads\/shamo-1200x675.jpg\" alt=\"\" class=\"wp-image-294136 lazyload\" src=\"data:image\/svg+xml;base64,PHN2ZyB3aWR0aD0iMSIgaGVpZ2h0PSIxIiB4bWxucz0iaHR0cDovL3d3dy53My5vcmcvMjAwMC9zdmciPjwvc3ZnPg==\" style=\"--smush-placeholder-width: 1200px; --smush-placeholder-aspect-ratio: 1200\/675;\" \/><figcaption class=\"wp-element-caption\">\u015eamo Eminov. Foto: sosial \u015f\u0259b\u0259k\u0259<\/figcaption><\/figure>\n<\/div>\n\n\n<p><em>&#8220;S\u0259bail Rayon Polis \u0130dar\u0259sinin istintaq \u015f\u00f6b\u0259sinin ba\u015f m\u00fcst\u0259ntiqi El\u015f\u0259n B\u0259d\u0259lzad\u0259 qanunlar\u0131, h\u00fcquqlar\u0131, qaydalar\u0131 pozub. \u015eamo Eminovun ail\u0259si onun h\u0259bsind\u0259n 4 g\u00fcn sonra &#8211; K\u00fcrd\u0259xan\u0131dak\u0131 Bak\u0131 \u0130stintaq T\u0259cridxanas\u0131na k\u00f6\u00e7\u00fcr\u00fcl\u0259nd\u0259n sonra x\u0259b\u0259r tutub. O, t\u0259cridxanadan ail\u0259sil\u0259 \u0259laq\u0259 saxlay\u0131b, v\u0259kil ist\u0259yib. \u015eamo dindirm\u0259 zaman\u0131 h\u0259d\u0259-qorxuya m\u0259ruz qal\u0131b, v\u0259kill\u0259 t\u0259min olunmay\u0131b&#8221;, &#8211;<\/em> Anar Orucovun s\u00f6zl\u0259ridir.<\/p>\n\n\n\n<p>\u0130ddia olunur ki, \u015eamo Eminov G\u00fcrc\u00fcstana gedib-g\u0259l\u0259r\u0259k, &#8220;Kanal 13&#8221; \u00fc\u00e7\u00fcn oradan pul g\u0259tirib.<br>Anar Orucov is\u0259 bildirir ki, \u015eamo Eminov \u0259sl\u0259n G\u00fcrc\u00fcstandand\u0131r, onun valideynl\u0259ri orada ya\u015fay\u0131r. O, G\u00fcrc\u00fcstana ata-anas\u0131n\u0131 g\u00f6rm\u0259y\u0259 gedib.<\/p>\n\n\n\n<p>\u015eamo Eminovla yana\u015f\u0131, &#8220;Kanal 13&#8243;\u00fcn haz\u0131rda inzibati h\u0259bsd\u0259 olan daha bir \u0259m\u0259kda\u015f\u0131 R\u00fcf\u0259t Muradl\u0131n\u0131n da eyni cinay\u0259t i\u015fi \u00fczr\u0259 istintaqa c\u0259lb olundu\u011fu v\u0259 dindirildiyi bildirilir.<\/p>\n\n\n<div class=\"wp-block-image\">\n<figure class=\"alignleft size-large is-resized\"><img decoding=\"async\" width=\"1200\" height=\"675\" data-src=\"https:\/\/www.meydan.tv\/wp-content\/uploads\/anar-orucov-1200x675.jpg\" alt=\"\" class=\"wp-image-294152 lazyload\" style=\"--smush-placeholder-width: 1200px; --smush-placeholder-aspect-ratio: 1200\/675;width:404px;height:auto\" src=\"data:image\/svg+xml;base64,PHN2ZyB3aWR0aD0iMSIgaGVpZ2h0PSIxIiB4bWxucz0iaHR0cDovL3d3dy53My5vcmcvMjAwMC9zdmciPjwvc3ZnPg==\" \/><figcaption class=\"wp-element-caption\">Foto: Anar Orucovun \u015f\u0259xsi arxivind\u0259n<\/figcaption><\/figure>\n<\/div>\n\n\n<p>&#8220;<em>Yax\u0131n g\u00fcnl\u0259rd\u0259 \u018fziz Orucovun \u0259leyhin\u0259 ifad\u0259 verm\u0259l\u0259ri \u00fc\u00e7\u00fcn dig\u0259r \u0259m\u0259kda\u015flar\u0131m\u0131z\u0131n da istintaqa c\u0259lb&nbsp; olunaca\u011f\u0131, h\u0259tta qohumlar\u0131m\u0131z aras\u0131nda da h\u0259bsl\u0259r olaca\u011f\u0131 bar\u0259d\u0259 x\u0259b\u0259rl\u0259r alm\u0131\u015fam&#8221;,<\/em> &#8211; Anar Orucov bel\u0259 deyir.<\/p>\n\n\n\n<p>Onun s\u00f6zl\u0259rin\u0259 g\u00f6r\u0259, m\u0259qs\u0259d &#8220;Kanal 13&#8243;\u00fcn f\u0259aliyy\u0259tinin dayand\u0131r\u0131lmas\u0131d\u0131r:<\/p>\n\n\n\n<p><em>&#8220;T\u0259l\u0259b edirl\u0259r ki, kanal\u0131 ba\u011flay\u0131m. Lakin b\u00fct\u00fcn \u00e7\u0259tinlikl\u0259r\u0259 baxmayaraq, davam ed\u0259c\u0259m&#8230;&#8221;.<\/em><\/p>\n\n\n\n<p>Bak\u0131 \u0130stintaq T\u0259cridxanas\u0131ndak\u0131 m\u0259nb\u0259 d\u0259 \u015eamo Eminovun h\u0259bs olundu\u011funu v\u0259 orada oldu\u011funu t\u0259sdiql\u0259yib.<\/p>\n\n\n\n<p>\u018fziz Orucov noyabr\u0131n 27-d\u0259 saxlan\u0131l\u0131b, ert\u0259si g\u00fcn S\u0259bail Rayon M\u0259hk\u0259m\u0259sind\u0259 onun bar\u0259sind\u0259 ilkin istintaq d\u00f6vr\u00fc \u00fc\u00e7\u00fcn 3 ayl\u0131q h\u0259bs q\u0259timkan t\u0259dbiri se\u00e7ilib. Onun evind\u0259 v\u0259 kanal\u0131n ofisind\u0259 axtar\u0131\u015f apar\u0131l\u0131b.<\/p>\n\n\n\n<p>\u201cKanal 13\u201d r\u0259hb\u0259rin\u0259 qar\u015f\u0131 \u0259vv\u0259l Cinay\u0259t M\u0259c\u0259ll\u0259sinin 188.2 (M\u00fclkiyy\u0259t, istifad\u0259 v\u0259 ya icar\u0259 h\u00fcququ olmadan torpaq sah\u0259si \u00fcz\u0259rind\u0259 \u00f6zba\u015f\u0131na tikinti v\u0259 ya qura\u015fd\u0131rma i\u015fl\u0259ri aparma) madd\u0259sil\u0259 ittiham ir\u0259li s\u00fcr\u00fcl\u00fcb. \u0130ttihamda g\u00f6st\u0259rilib ki, o, S\u0259bail rayonu \u0259razisind\u0259 tikinti \u00fc\u00e7\u00fcn d\u00f6vl\u0259t orqanlar\u0131n\u0131n icaz\u0259si olmadan ev in\u015fa etdirib.<\/p>\n\n\n<div class=\"wp-block-image\">\n<figure class=\"alignright size-large is-resized\"><img decoding=\"async\" width=\"1200\" height=\"514\" data-src=\"https:\/\/www.meydan.tv\/wp-content\/uploads\/img_0647-scaled-e1702980164171-1200x514.jpg\" alt=\"\u018fziz Orucov, foto: Meydan Tv\" class=\"wp-image-291585 lazyload\" style=\"--smush-placeholder-width: 1200px; --smush-placeholder-aspect-ratio: 1200\/514;width:398px;height:auto\" src=\"data:image\/svg+xml;base64,PHN2ZyB3aWR0aD0iMSIgaGVpZ2h0PSIxIiB4bWxucz0iaHR0cDovL3d3dy53My5vcmcvMjAwMC9zdmciPjwvc3ZnPg==\" \/><figcaption class=\"wp-element-caption\">\u018fziz Orucov, foto: Meydan Tv<\/figcaption><\/figure>\n<\/div>\n\n\n<p>Dekabr\u0131n 19-da \u018fziz Orucova Cinay\u0259t M\u0259c\u0259ll\u0259sinin 206.3.2 (qa\u00e7aqmal\u00e7\u0131l\u0131q &#8211; qabaqcadan \u0259lbir olan bir qrup \u015f\u0259xs t\u0259r\u0259find\u0259n t\u00f6r\u0259dildikd\u0259) madd\u0259sil\u0259 \u0259lav\u0259 ittiham verilib.<\/p>\n\n\n\n<p>\u018fziz Orucov is\u0259 bu ittihamlar\u0131n absurd oldu\u011funu bildirib, h\u0259bsini r\u0259hb\u0259rlik etdiyi kanal\u0131n f\u0259aliyy\u0259til\u0259 \u0259laq\u0259l\u0259ndirib. O vur\u011fulay\u0131b ki, jurnalist f\u0259aliyy\u0259tin\u0259 g\u00f6r\u0259 c\u0259zaland\u0131r\u0131l\u0131b.<\/p>\n\n\n\n<p>Son bir ay \u0259rzind\u0259 Az\u0259rbaycanda \u00e7oxsayl\u0131 jurnalistl\u0259r h\u0259bs olunub. Onlar\u0131n aras\u0131nda korrupsiya ara\u015fd\u0131rmalar\u0131yla tan\u0131nan \u201cAbzasMedia\u201d n\u0259\u015frinin direktoru \u00dclvi H\u0259s\u0259nli v\u0259 ba\u015f redaktoru Sevinc Vaqifq\u0131z\u0131, sayt\u0131n layih\u0259 r\u0259hb\u0259ri M\u0259h\u0259mm\u0259d Kekalov, ara\u015fd\u0131rma\u00e7\u0131 jurnalist Hafiz Babal\u0131, jurnalist N\u0259rgiz Absalamova, bir s\u0131ra internet televiziyas\u0131n\u0131n \u0259m\u0259kda\u015f\u0131 olan reportyor Teymur K\u0259rimov, \u201cKanal 13\u201d\u00fcn apar\u0131c\u0131s\u0131 R\u00fcf\u0259t Muradl\u0131 da var. R\u00fcf\u0259t Muradl\u0131 dekabr\u0131n 2-d\u0259 g\u00fcnorta saatlar\u0131nda saxlan\u0131l\u0131b. Ona \u0130nzibati X\u0259talar M\u0259c\u0259ll\u0259sinin 510 (x\u0131rda xuliqanl\u0131q) v\u0259 535.1 (polisin qanuni t\u0259l\u0259bin\u0259 tabe olmama) madd\u0259l\u0259ril\u0259 30 sutka inzibati h\u0259bs c\u0259zas\u0131 verilib.<\/p>\n","protected":false},"excerpt":{"rendered":"<p>Anar Orucov: \u201cH\u0259tta qohumlar\u0131m\u0131z aras\u0131nda da h\u0259bsl\u0259r olaca\u011f\u0131 bar\u0259d\u0259 x\u0259b\u0259rl\u0259r &#8230; <\/p>\n<p class=\"read-more-container\"><a title=\"\u201cKanal 13\u201d\u00fcn daha iki \u0259m\u0259kda\u015f\u0131na qa\u00e7aqmal\u00e7\u0131l\u0131q ittiham\u0131 verilib\" class=\"read-more button\" href=\"https:\/\/www.meydan.tv\/az\/article\/kanal-13un-daha-iki-emekdasina-qacaqmalciliq-itihami-verilib\/#more-294134\" aria-label=\"Read more about \u201cKanal 13\u201d\u00fcn daha iki \u0259m\u0259kda\u015f\u0131na qa\u00e7aqmal\u00e7\u0131l\u0131q ittiham\u0131 verilib\">Davam\u0131<\/a><\/p>\n","protected":false},"author":8,"featured_media":294169,"comment_status":"closed","ping_status":"closed","sticky":false,"template":"","format":"standard","meta":{"_acf_changed":false,"_sitemap_exclude":false,"_sitemap_priority":"","_sitemap_frequency":"","footnotes":""},"categories":[59,79,56],"tags":[],"class_list":["post-294134","post","type-post","status-publish","format-standard","has-post-thumbnail","hentry","category-siyaset","category-featured","category-xeberler","infinite-scroll-item","generate-columns","tablet-grid-50","mobile-grid-100","grid-parent","grid-33","no-featured-image-padding"],"acf":[],"yoast_head":"<!-- This site is optimized with the Yoast SEO plugin v27.4 - https:\/\/yoast.com\/product\/yoast-seo-wordpress\/ -->\n<title>\u201cKanal 13\u201d\u00fcn daha iki \u0259m\u0259kda\u015f\u0131na qa\u00e7aqmal\u00e7\u0131l\u0131q ittiham\u0131 verilib - MEYDAN.TV<\/title>\n<meta name=\"robots\" content=\"index, follow, max-snippet:-1, max-image-preview:large, max-video-preview:-1\" \/>\n<link rel=\"canonical\" href=\"https:\/\/www.meydan.tv\/az\/article\/kanal-13un-daha-iki-emekdasina-qacaqmalciliq-itihami-verilib\/\" \/>\n<meta property=\"og:locale\" content=\"az_AZ\" \/>\n<meta property=\"og:type\" content=\"article\" \/>\n<meta property=\"og:title\" content=\"\u201cKanal 13\u201d\u00fcn daha iki \u0259m\u0259kda\u015f\u0131na qa\u00e7aqmal\u00e7\u0131l\u0131q ittiham\u0131 verilib - MEYDAN.TV\" \/>\n<meta property=\"og:description\" content=\"Anar Orucov: \u201cH\u0259tta qohumlar\u0131m\u0131z aras\u0131nda da h\u0259bsl\u0259r olaca\u011f\u0131 bar\u0259d\u0259 x\u0259b\u0259rl\u0259r ... Davam\u0131\" \/>\n<meta property=\"og:url\" content=\"https:\/\/www.meydan.tv\/az\/article\/kanal-13un-daha-iki-emekdasina-qacaqmalciliq-itihami-verilib\/\" \/>\n<meta property=\"og:site_name\" content=\"MEYDAN.TV\" \/>\n<meta property=\"article:published_time\" content=\"2023-12-27T08:13:36+00:00\" \/>\n<meta property=\"article:modified_time\" content=\"2023-12-27T09:07:29+00:00\" \/>\n<meta property=\"og:image\" content=\"https:\/\/www.meydan.tv\/wp-content\/uploads\/img_8328-e1703667912830.jpg\" \/>\n\t<meta property=\"og:image:width\" content=\"1200\" \/>\n\t<meta property=\"og:image:height\" content=\"374\" \/>\n\t<meta property=\"og:image:type\" content=\"image\/jpeg\" \/>\n<meta name=\"author\" content=\"elli\" \/>\n<meta name=\"twitter:card\" content=\"summary_large_image\" \/>\n<meta name=\"twitter:creator\" content=\"@elli\" \/>\n<script type=\"application\/ld+json\" class=\"yoast-schema-graph\">{\"@context\":\"https:\\\/\\\/schema.org\",\"@graph\":[{\"@type\":\"Article\",\"@id\":\"https:\\\/\\\/www.meydan.tv\\\/az\\\/article\\\/kanal-13un-daha-iki-emekdasina-qacaqmalciliq-itihami-verilib\\\/#article\",\"isPartOf\":{\"@id\":\"https:\\\/\\\/www.meydan.tv\\\/az\\\/article\\\/kanal-13un-daha-iki-emekdasina-qacaqmalciliq-itihami-verilib\\\/\"},\"author\":{\"name\":\"elli\",\"@id\":\"https:\\\/\\\/www.meydan.tv\\\/az\\\/#\\\/schema\\\/person\\\/9cdbecf90d17180ce1dfbd95b08dcf47\"},\"headline\":\"\u201cKanal 13\u201d\u00fcn daha iki \u0259m\u0259kda\u015f\u0131na qa\u00e7aqmal\u00e7\u0131l\u0131q ittiham\u0131 verilib\",\"datePublished\":\"2023-12-27T08:13:36+00:00\",\"dateModified\":\"2023-12-27T09:07:29+00:00\",\"mainEntityOfPage\":{\"@id\":\"https:\\\/\\\/www.meydan.tv\\\/az\\\/article\\\/kanal-13un-daha-iki-emekdasina-qacaqmalciliq-itihami-verilib\\\/\"},\"wordCount\":846,\"publisher\":{\"@id\":\"https:\\\/\\\/www.meydan.tv\\\/az\\\/#organization\"},\"image\":{\"@id\":\"https:\\\/\\\/www.meydan.tv\\\/az\\\/article\\\/kanal-13un-daha-iki-emekdasina-qacaqmalciliq-itihami-verilib\\\/#primaryimage\"},\"thumbnailUrl\":\"https:\\\/\\\/www.meydan.tv\\\/wp-content\\\/uploads\\\/img_8328-e1703667912830.jpg\",\"articleSection\":[\"Siyas\u0259t\",\"T\u00f6vsiy\u0259\",\"X\u0259b\u0259rl\u0259r\"],\"inLanguage\":\"az\"},{\"@type\":\"WebPage\",\"@id\":\"https:\\\/\\\/www.meydan.tv\\\/az\\\/article\\\/kanal-13un-daha-iki-emekdasina-qacaqmalciliq-itihami-verilib\\\/\",\"url\":\"https:\\\/\\\/www.meydan.tv\\\/az\\\/article\\\/kanal-13un-daha-iki-emekdasina-qacaqmalciliq-itihami-verilib\\\/\",\"name\":\"\u201cKanal 13\u201d\u00fcn daha iki \u0259m\u0259kda\u015f\u0131na qa\u00e7aqmal\u00e7\u0131l\u0131q ittiham\u0131 verilib - MEYDAN.TV\",\"isPartOf\":{\"@id\":\"https:\\\/\\\/www.meydan.tv\\\/az\\\/#website\"},\"primaryImageOfPage\":{\"@id\":\"https:\\\/\\\/www.meydan.tv\\\/az\\\/article\\\/kanal-13un-daha-iki-emekdasina-qacaqmalciliq-itihami-verilib\\\/#primaryimage\"},\"image\":{\"@id\":\"https:\\\/\\\/www.meydan.tv\\\/az\\\/article\\\/kanal-13un-daha-iki-emekdasina-qacaqmalciliq-itihami-verilib\\\/#primaryimage\"},\"thumbnailUrl\":\"https:\\\/\\\/www.meydan.tv\\\/wp-content\\\/uploads\\\/img_8328-e1703667912830.jpg\",\"datePublished\":\"2023-12-27T08:13:36+00:00\",\"dateModified\":\"2023-12-27T09:07:29+00:00\",\"breadcrumb\":{\"@id\":\"https:\\\/\\\/www.meydan.tv\\\/az\\\/article\\\/kanal-13un-daha-iki-emekdasina-qacaqmalciliq-itihami-verilib\\\/#breadcrumb\"},\"inLanguage\":\"az\",\"potentialAction\":[{\"@type\":\"ReadAction\",\"target\":[\"https:\\\/\\\/www.meydan.tv\\\/az\\\/article\\\/kanal-13un-daha-iki-emekdasina-qacaqmalciliq-itihami-verilib\\\/\"]}]},{\"@type\":\"ImageObject\",\"inLanguage\":\"az\",\"@id\":\"https:\\\/\\\/www.meydan.tv\\\/az\\\/article\\\/kanal-13un-daha-iki-emekdasina-qacaqmalciliq-itihami-verilib\\\/#primaryimage\",\"url\":\"https:\\\/\\\/www.meydan.tv\\\/wp-content\\\/uploads\\\/img_8328-e1703667912830.jpg\",\"contentUrl\":\"https:\\\/\\\/www.meydan.tv\\\/wp-content\\\/uploads\\\/img_8328-e1703667912830.jpg\",\"width\":1200,\"height\":374,\"caption\":\"R\u00fcf\u0259t Muradl\u0131 v\u0259 \u015eamo Eminov. Foto: Meydan TV\"},{\"@type\":\"BreadcrumbList\",\"@id\":\"https:\\\/\\\/www.meydan.tv\\\/az\\\/article\\\/kanal-13un-daha-iki-emekdasina-qacaqmalciliq-itihami-verilib\\\/#breadcrumb\",\"itemListElement\":[{\"@type\":\"ListItem\",\"position\":1,\"name\":\"Ana s\u0259hif\u0259\",\"item\":\"https:\\\/\\\/www.meydan.tv\\\/az\\\/\"},{\"@type\":\"ListItem\",\"position\":2,\"name\":\"Siyas\u0259t\",\"item\":\"https:\\\/\\\/www.meydan.tv\\\/az\\\/section\\\/siyaset\\\/\"},{\"@type\":\"ListItem\",\"position\":3,\"name\":\"\u201cKanal 13\u201d\u00fcn daha iki \u0259m\u0259kda\u015f\u0131na qa\u00e7aqmal\u00e7\u0131l\u0131q ittiham\u0131 verilib\"}]},{\"@type\":\"WebSite\",\"@id\":\"https:\\\/\\\/www.meydan.tv\\\/az\\\/#website\",\"url\":\"https:\\\/\\\/www.meydan.tv\\\/az\\\/\",\"name\":\"MEYDAN.TV\",\"description\":\"Meydan TV Az\u0259rbaycan\u0131n media m\u0259kan\u0131ndak\u0131 alternativ s\u0259sidir\",\"publisher\":{\"@id\":\"https:\\\/\\\/www.meydan.tv\\\/az\\\/#organization\"},\"potentialAction\":[{\"@type\":\"SearchAction\",\"target\":{\"@type\":\"EntryPoint\",\"urlTemplate\":\"https:\\\/\\\/www.meydan.tv\\\/az\\\/?s={search_term_string}\"},\"query-input\":{\"@type\":\"PropertyValueSpecification\",\"valueRequired\":true,\"valueName\":\"search_term_string\"}}],\"inLanguage\":\"az\"},{\"@type\":\"Organization\",\"@id\":\"https:\\\/\\\/www.meydan.tv\\\/az\\\/#organization\",\"name\":\"Meydan TV\",\"url\":\"https:\\\/\\\/www.meydan.tv\\\/az\\\/\",\"logo\":{\"@type\":\"ImageObject\",\"inLanguage\":\"az\",\"@id\":\"https:\\\/\\\/www.meydan.tv\\\/az\\\/#\\\/schema\\\/logo\\\/image\\\/\",\"url\":\"https:\\\/\\\/www.meydan.tv\\\/wp-content\\\/uploads\\\/2021\\\/07\\\/meydan-logo.svg\",\"contentUrl\":\"https:\\\/\\\/www.meydan.tv\\\/wp-content\\\/uploads\\\/2021\\\/07\\\/meydan-logo.svg\",\"width\":195,\"height\":46,\"caption\":\"Meydan TV\"},\"image\":{\"@id\":\"https:\\\/\\\/www.meydan.tv\\\/az\\\/#\\\/schema\\\/logo\\\/image\\\/\"}},{\"@type\":\"Person\",\"@id\":\"https:\\\/\\\/www.meydan.tv\\\/az\\\/#\\\/schema\\\/person\\\/9cdbecf90d17180ce1dfbd95b08dcf47\",\"name\":\"elli\",\"sameAs\":[\"https:\\\/\\\/x.com\\\/elli\"]}]}<\/script>\n<!-- \/ Yoast SEO plugin. -->","yoast_head_json":{"title":"\u201cKanal 13\u201d\u00fcn daha iki \u0259m\u0259kda\u015f\u0131na qa\u00e7aqmal\u00e7\u0131l\u0131q ittiham\u0131 verilib - MEYDAN.TV","robots":{"index":"index","follow":"follow","max-snippet":"max-snippet:-1","max-image-preview":"max-image-preview:large","max-video-preview":"max-video-preview:-1"},"canonical":"https:\/\/www.meydan.tv\/az\/article\/kanal-13un-daha-iki-emekdasina-qacaqmalciliq-itihami-verilib\/","og_locale":"az_AZ","og_type":"article","og_title":"\u201cKanal 13\u201d\u00fcn daha iki \u0259m\u0259kda\u015f\u0131na qa\u00e7aqmal\u00e7\u0131l\u0131q ittiham\u0131 verilib - MEYDAN.TV","og_description":"Anar Orucov: \u201cH\u0259tta qohumlar\u0131m\u0131z aras\u0131nda da h\u0259bsl\u0259r olaca\u011f\u0131 bar\u0259d\u0259 x\u0259b\u0259rl\u0259r ... Davam\u0131","og_url":"https:\/\/www.meydan.tv\/az\/article\/kanal-13un-daha-iki-emekdasina-qacaqmalciliq-itihami-verilib\/","og_site_name":"MEYDAN.TV","article_published_time":"2023-12-27T08:13:36+00:00","article_modified_time":"2023-12-27T09:07:29+00:00","og_image":[{"width":1200,"height":374,"url":"https:\/\/www.meydan.tv\/wp-content\/uploads\/img_8328-e1703667912830.jpg","type":"image\/jpeg"}],"author":"elli","twitter_card":"summary_large_image","twitter_creator":"@elli","schema":{"@context":"https:\/\/schema.org","@graph":[{"@type":"Article","@id":"https:\/\/www.meydan.tv\/az\/article\/kanal-13un-daha-iki-emekdasina-qacaqmalciliq-itihami-verilib\/#article","isPartOf":{"@id":"https:\/\/www.meydan.tv\/az\/article\/kanal-13un-daha-iki-emekdasina-qacaqmalciliq-itihami-verilib\/"},"author":{"name":"elli","@id":"https:\/\/www.meydan.tv\/az\/#\/schema\/person\/9cdbecf90d17180ce1dfbd95b08dcf47"},"headline":"\u201cKanal 13\u201d\u00fcn daha iki \u0259m\u0259kda\u015f\u0131na qa\u00e7aqmal\u00e7\u0131l\u0131q ittiham\u0131 verilib","datePublished":"2023-12-27T08:13:36+00:00","dateModified":"2023-12-27T09:07:29+00:00","mainEntityOfPage":{"@id":"https:\/\/www.meydan.tv\/az\/article\/kanal-13un-daha-iki-emekdasina-qacaqmalciliq-itihami-verilib\/"},"wordCount":846,"publisher":{"@id":"https:\/\/www.meydan.tv\/az\/#organization"},"image":{"@id":"https:\/\/www.meydan.tv\/az\/article\/kanal-13un-daha-iki-emekdasina-qacaqmalciliq-itihami-verilib\/#primaryimage"},"thumbnailUrl":"https:\/\/www.meydan.tv\/wp-content\/uploads\/img_8328-e1703667912830.jpg","articleSection":["Siyas\u0259t","T\u00f6vsiy\u0259","X\u0259b\u0259rl\u0259r"],"inLanguage":"az"},{"@type":"WebPage","@id":"https:\/\/www.meydan.tv\/az\/article\/kanal-13un-daha-iki-emekdasina-qacaqmalciliq-itihami-verilib\/","url":"https:\/\/www.meydan.tv\/az\/article\/kanal-13un-daha-iki-emekdasina-qacaqmalciliq-itihami-verilib\/","name":"\u201cKanal 13\u201d\u00fcn daha iki \u0259m\u0259kda\u015f\u0131na qa\u00e7aqmal\u00e7\u0131l\u0131q ittiham\u0131 verilib - MEYDAN.TV","isPartOf":{"@id":"https:\/\/www.meydan.tv\/az\/#website"},"primaryImageOfPage":{"@id":"https:\/\/www.meydan.tv\/az\/article\/kanal-13un-daha-iki-emekdasina-qacaqmalciliq-itihami-verilib\/#primaryimage"},"image":{"@id":"https:\/\/www.meydan.tv\/az\/article\/kanal-13un-daha-iki-emekdasina-qacaqmalciliq-itihami-verilib\/#primaryimage"},"thumbnailUrl":"https:\/\/www.meydan.tv\/wp-content\/uploads\/img_8328-e1703667912830.jpg","datePublished":"2023-12-27T08:13:36+00:00","dateModified":"2023-12-27T09:07:29+00:00","breadcrumb":{"@id":"https:\/\/www.meydan.tv\/az\/article\/kanal-13un-daha-iki-emekdasina-qacaqmalciliq-itihami-verilib\/#breadcrumb"},"inLanguage":"az","potentialAction":[{"@type":"ReadAction","target":["https:\/\/www.meydan.tv\/az\/article\/kanal-13un-daha-iki-emekdasina-qacaqmalciliq-itihami-verilib\/"]}]},{"@type":"ImageObject","inLanguage":"az","@id":"https:\/\/www.meydan.tv\/az\/article\/kanal-13un-daha-iki-emekdasina-qacaqmalciliq-itihami-verilib\/#primaryimage","url":"https:\/\/www.meydan.tv\/wp-content\/uploads\/img_8328-e1703667912830.jpg","contentUrl":"https:\/\/www.meydan.tv\/wp-content\/uploads\/img_8328-e1703667912830.jpg","width":1200,"height":374,"caption":"R\u00fcf\u0259t Muradl\u0131 v\u0259 \u015eamo Eminov. Foto: Meydan TV"},{"@type":"BreadcrumbList","@id":"https:\/\/www.meydan.tv\/az\/article\/kanal-13un-daha-iki-emekdasina-qacaqmalciliq-itihami-verilib\/#breadcrumb","itemListElement":[{"@type":"ListItem","position":1,"name":"Ana s\u0259hif\u0259","item":"https:\/\/www.meydan.tv\/az\/"},{"@type":"ListItem","position":2,"name":"Siyas\u0259t","item":"https:\/\/www.meydan.tv\/az\/section\/siyaset\/"},{"@type":"ListItem","position":3,"name":"\u201cKanal 13\u201d\u00fcn daha iki \u0259m\u0259kda\u015f\u0131na qa\u00e7aqmal\u00e7\u0131l\u0131q ittiham\u0131 verilib"}]},{"@type":"WebSite","@id":"https:\/\/www.meydan.tv\/az\/#website","url":"https:\/\/www.meydan.tv\/az\/","name":"MEYDAN.TV","description":"Meydan TV Az\u0259rbaycan\u0131n media m\u0259kan\u0131ndak\u0131 alternativ s\u0259sidir","publisher":{"@id":"https:\/\/www.meydan.tv\/az\/#organization"},"potentialAction":[{"@type":"SearchAction","target":{"@type":"EntryPoint","urlTemplate":"https:\/\/www.meydan.tv\/az\/?s={search_term_string}"},"query-input":{"@type":"PropertyValueSpecification","valueRequired":true,"valueName":"search_term_string"}}],"inLanguage":"az"},{"@type":"Organization","@id":"https:\/\/www.meydan.tv\/az\/#organization","name":"Meydan TV","url":"https:\/\/www.meydan.tv\/az\/","logo":{"@type":"ImageObject","inLanguage":"az","@id":"https:\/\/www.meydan.tv\/az\/#\/schema\/logo\/image\/","url":"https:\/\/www.meydan.tv\/wp-content\/uploads\/2021\/07\/meydan-logo.svg","contentUrl":"https:\/\/www.meydan.tv\/wp-content\/uploads\/2021\/07\/meydan-logo.svg","width":195,"height":46,"caption":"Meydan TV"},"image":{"@id":"https:\/\/www.meydan.tv\/az\/#\/schema\/logo\/image\/"}},{"@type":"Person","@id":"https:\/\/www.meydan.tv\/az\/#\/schema\/person\/9cdbecf90d17180ce1dfbd95b08dcf47","name":"elli","sameAs":["https:\/\/x.com\/elli"]}]}},"_links":{"self":[{"href":"https:\/\/www.meydan.tv\/az\/wp-json\/wp\/v2\/posts\/294134","targetHints":{"allow":["GET"]}}],"collection":[{"href":"https:\/\/www.meydan.tv\/az\/wp-json\/wp\/v2\/posts"}],"about":[{"href":"https:\/\/www.meydan.tv\/az\/wp-json\/wp\/v2\/types\/post"}],"author":[{"embeddable":true,"href":"https:\/\/www.meydan.tv\/az\/wp-json\/wp\/v2\/users\/8"}],"replies":[{"embeddable":true,"href":"https:\/\/www.meydan.tv\/az\/wp-json\/wp\/v2\/comments?post=294134"}],"version-history":[{"count":6,"href":"https:\/\/www.meydan.tv\/az\/wp-json\/wp\/v2\/posts\/294134\/revisions"}],"predecessor-version":[{"id":294156,"href":"https:\/\/www.meydan.tv\/az\/wp-json\/wp\/v2\/posts\/294134\/revisions\/294156"}],"wp:featuredmedia":[{"embeddable":true,"href":"https:\/\/www.meydan.tv\/az\/wp-json\/wp\/v2\/media\/294169"}],"wp:attachment":[{"href":"https:\/\/www.meydan.tv\/az\/wp-json\/wp\/v2\/media?parent=294134"}],"wp:term":[{"taxonomy":"category","embeddable":true,"href":"https:\/\/www.meydan.tv\/az\/wp-json\/wp\/v2\/categories?post=294134"},{"taxonomy":"post_tag","embeddable":true,"href":"https:\/\/www.meydan.tv\/az\/wp-json\/wp\/v2\/tags?post=294134"}],"curies":[{"name":"wp","href":"https:\/\/api.w.org\/{rel}","templated":true}]}}