{"id":294103,"date":"2023-12-26T22:30:38","date_gmt":"2023-12-26T18:30:38","guid":{"rendered":"https:\/\/www.meydan.tv\/?p=294103"},"modified":"2023-12-27T11:07:04","modified_gmt":"2023-12-27T07:07:04","slug":"mudafie-nazirinin-3-il-once-vefat-eden-muavini-10-milyonluq-menimseme-ittihamiyla-muhakime-olunur","status":"publish","type":"post","link":"https:\/\/www.meydan.tv\/az\/article\/mudafie-nazirinin-3-il-once-vefat-eden-muavini-10-milyonluq-menimseme-ittihamiyla-muhakime-olunur\/","title":{"rendered":"M\u00fcdafi\u0259 nazirinin 3 il \u00f6nc\u0259 v\u0259fat ed\u0259n m\u00fcavini 10 milyonluq m\u0259nims\u0259m\u0259 ittiham\u0131yla m\u00fchakim\u0259 olunur"},"content":{"rendered":"\n<p><em><strong>M\u0259rhum general da daxil olmaqla, 3 n\u0259f\u0259r\u0259 x\u00fcsusil\u0259 k\u00fclli miqdarda m\u0259nims\u0259m\u0259 v\u0259 ba\u015fqa madd\u0259l\u0259ril\u0259 ittiham verilib<\/strong><\/em><\/p>\n\n\n\n<p>M\u00fcdafi\u0259 nazirinin maddi-texniki t\u0259minat \u00fczr\u0259 ke\u00e7mi\u015f m\u00fcavini, 3 il \u0259vv\u0259l v\u0259fat etmi\u015f general-leytenant Fuad M\u0259mm\u0259dovun m\u0259hk\u0259m\u0259si ba\u015flay\u0131b. V\u0259fat etm\u0259sin\u0259 baxmayaraq, sonradan ba\u015flanm\u0131\u015f M\u00fcdafi\u0259 Nazirliyi sistemind\u0259 143 milyonluq yeyinti il\u0259 ba\u011fl\u0131 cinay\u0259t i\u015fi \u00fczr\u0259 o da t\u0259qsirl\u0259ndiril\u0259n \u015f\u0259xs qismind\u0259 tan\u0131n\u0131b. O, 10 milyondan \u00e7ox m\u0259nims\u0259m\u0259d\u0259 ittiham olunur.<\/p>\n\n\n\n<p>\u00dcmumilikd\u0259 143 milyonluq korrupsiya il\u0259 \u0259laq\u0259dar cinay\u0259t m\u0259suliyy\u0259tin\u0259 c\u0259lb olunmu\u015f \u015f\u0259xsl\u0259rin i\u015fl\u0259ri qruplar \u015f\u0259klind\u0259, hiss\u0259-hiss\u0259 bax\u0131lmas\u0131 \u00fc\u00e7\u00fcn m\u0259hk\u0259m\u0259y\u0259 g\u00f6nd\u0259rilir. \u00dcmumi cinay\u0259t i\u015find\u0259n m\u0259rhum Fuad M\u0259mm\u0259dovla ba\u011fl\u0131 ayr\u0131lm\u0131\u015f i\u015fd\u0259 onunla yana\u015f\u0131, daha iki n\u0259f\u0259r &#8211; Fuad \u015eeydab\u0259yov v\u0259 Az\u0259r X\u0259lilov da t\u0259qsirl\u0259ndiril\u0259n \u015f\u0259xs qismind\u0259dir. Onlar M\u00fcdafi\u0259 Nazirliyil\u0259 \u0259m\u0259kda\u015fl\u0131q ed\u0259n \u015firk\u0259tl\u0259rin r\u0259hb\u0259rl\u0259ridir.<\/p>\n\n\n\n<p>M\u0259rhum general da daxil olmaqla, adlar\u0131 \u00e7\u0259kil\u0259n 3 n\u0259f\u0259r\u0259 Cinay\u0259t M\u0259c\u0259ll\u0259sinin 179.4 (x\u00fcsusil\u0259 k\u00fclli miqdarda m\u0259nims\u0259m\u0259) v\u0259 ba\u015fqa madd\u0259l\u0259ril\u0259 ittiham verilib. Bu ittihamla 14 il\u0259 q\u0259d\u0259r azadl\u0131qdan m\u0259hrumetm\u0259 c\u0259zas\u0131 n\u0259z\u0259rd\u0259 tutulub.<\/p>\n\n\n\n<p>Onlar\u0131n i\u015fin\u0259 1 aya yax\u0131nd\u0131r ki, Bak\u0131 H\u0259rbi M\u0259hk\u0259m\u0259sind\u0259 Fikr\u0259t \u018fliyevin s\u0259drliyil\u0259, Camal Ramazanov v\u0259 Rafiq Abbasovdan ibar\u0259t hakiml\u0259r kollegiyas\u0131 bax\u0131r. M\u0259hk\u0259m\u0259nin haz\u0131rl\u0131q iclas\u0131 bir ne\u00e7\u0259 d\u0259f\u0259 ke\u00e7irils\u0259 d\u0259, dekabr\u0131n 26-da yekunla\u015f\u0131b. Bu cinay\u0259t i\u015finin mahiyy\u0259ti \u00fczr\u0259 ara\u015fd\u0131r\u0131lmas\u0131 \u00fc\u00e7\u00fcn m\u0259hk\u0259m\u0259 bax\u0131\u015f\u0131na verilm\u0259si bar\u0259d\u0259 q\u0259rar \u00e7\u0131xar\u0131l\u0131b. M\u0259hk\u0259m\u0259 bax\u0131\u015f\u0131 yanvar\u0131n 7-n\u0259 t\u0259yin olunub.<\/p>\n\n\n\n<p>N\u00f6vb\u0259ti m\u0259hk\u0259m\u0259 iclas\u0131nda prokuror ittiham akt\u0131n\u0131 elan ed\u0259c\u0259k, daha sonra ifad\u0259l\u0259rin verilm\u0259si m\u0259rh\u0259l\u0259si ba\u015flayacaq.<\/p>\n\n\n\n<p>1968-ci il t\u0259v\u0259ll\u00fcdl\u00fc m\u0259rhum Fuad M\u0259mm\u0259dov 2018-2020-ci ill\u0259rd\u0259 M\u00fcdafi\u0259 nazirinin m\u00fcavini olmaqla yana\u015f\u0131, h\u0259m d\u0259 Maddi-Texniki T\u0259minat Ba\u015f \u0130dar\u0259sinin r\u0259isi idi. O, 2020-ci il iyulun 9-da v\u0259zif\u0259sind\u0259n azad edilib. Bir ay sonra \u2013 avqustun 10-da \u00fcr\u0259k \u00e7at\u0131\u015fmazl\u0131\u011f\u0131ndan v\u0259fat edib.<\/p>\n\n\n\n<p>Haz\u0131rda Bak\u0131 H\u0259rbi M\u0259hk\u0259m\u0259sind\u0259 M\u00fcdafi\u0259 Nazirliyind\u0259 y\u00fcks\u0259k v\u0259zif\u0259 tutmu\u015f bir s\u0131ra sabiq m\u0259murlar\u0131n m\u0259hk\u0259m\u0259l\u0259ri gedir. Onlar\u0131n aras\u0131nda Maliyy\u0259 v\u0259 B\u00fcdc\u0259 Ba\u015f \u0130dar\u0259sinin r\u0259isi olmu\u015f general Nizami M\u0259mm\u0259dov, H\u0259rbi Hava Q\u00fcvv\u0259l\u0259rinin maliyy\u0259 xidm\u0259tinin sabiq r\u0259isi C\u0259lal Kaz\u0131mov, Quru Qo\u015funlar\u0131n\u0131n maliyy\u0259 idar\u0259sinin ke\u00e7mi\u015f r\u0259isi Bayram Bayramov, Sat\u0131nalmalar v\u0259 T\u0259chizat \u0130dar\u0259sinin ke\u00e7mi\u015f r\u0259isi M\u0259likm\u0259mm\u0259d Qurbanov, T\u0259lim v\u0259 T\u0259dris M\u0259rk\u0259zinin maliyy\u0259 xidm\u0259tinin ke\u00e7mi\u015f r\u0259isi R\u0259\u015fad M\u0259likzad\u0259 v\u0259 ba\u015fqalar\u0131 var.<\/p>\n","protected":false},"excerpt":{"rendered":"<p>M\u0259rhum general da daxil olmaqla, 3 n\u0259f\u0259r\u0259 x\u00fcsusil\u0259 k\u00fclli miqdarda &#8230; <\/p>\n<p class=\"read-more-container\"><a title=\"M\u00fcdafi\u0259 nazirinin 3 il \u00f6nc\u0259 v\u0259fat ed\u0259n m\u00fcavini 10 milyonluq m\u0259nims\u0259m\u0259 ittiham\u0131yla m\u00fchakim\u0259 olunur\" class=\"read-more button\" href=\"https:\/\/www.meydan.tv\/az\/article\/mudafie-nazirinin-3-il-once-vefat-eden-muavini-10-milyonluq-menimseme-ittihamiyla-muhakime-olunur\/#more-294103\" aria-label=\"Read more about M\u00fcdafi\u0259 nazirinin 3 il \u00f6nc\u0259 v\u0259fat ed\u0259n m\u00fcavini 10 milyonluq m\u0259nims\u0259m\u0259 ittiham\u0131yla m\u00fchakim\u0259 olunur\">Davam\u0131<\/a><\/p>\n","protected":false},"author":12,"featured_media":152993,"comment_status":"closed","ping_status":"closed","sticky":false,"template":"","format":"standard","meta":{"_acf_changed":false,"_sitemap_exclude":false,"_sitemap_priority":"","_sitemap_frequency":"","footnotes":""},"categories":[62,56],"tags":[],"class_list":["post-294103","post","type-post","status-publish","format-standard","has-post-thumbnail","hentry","category-sosial","category-xeberler","infinite-scroll-item","generate-columns","tablet-grid-50","mobile-grid-100","grid-parent","grid-33","no-featured-image-padding"],"acf":[],"yoast_head":"<!-- This site is optimized with the Yoast SEO plugin v27.5 - https:\/\/yoast.com\/product\/yoast-seo-wordpress\/ -->\n<title>M\u00fcdafi\u0259 nazirinin 3 il \u00f6nc\u0259 v\u0259fat ed\u0259n m\u00fcavini 10 milyonluq m\u0259nims\u0259m\u0259 ittiham\u0131yla m\u00fchakim\u0259 olunur - MEYDAN.TV<\/title>\n<meta name=\"robots\" content=\"index, follow, max-snippet:-1, max-image-preview:large, max-video-preview:-1\" \/>\n<link rel=\"canonical\" href=\"https:\/\/www.meydan.tv\/az\/article\/mudafie-nazirinin-3-il-once-vefat-eden-muavini-10-milyonluq-menimseme-ittihamiyla-muhakime-olunur\/\" \/>\n<meta property=\"og:locale\" content=\"az_AZ\" \/>\n<meta property=\"og:type\" content=\"article\" \/>\n<meta property=\"og:title\" content=\"M\u00fcdafi\u0259 nazirinin 3 il \u00f6nc\u0259 v\u0259fat ed\u0259n m\u00fcavini 10 milyonluq m\u0259nims\u0259m\u0259 ittiham\u0131yla m\u00fchakim\u0259 olunur - MEYDAN.TV\" \/>\n<meta property=\"og:description\" content=\"M\u0259rhum general da daxil olmaqla, 3 n\u0259f\u0259r\u0259 x\u00fcsusil\u0259 k\u00fclli miqdarda ... Davam\u0131\" \/>\n<meta property=\"og:url\" content=\"https:\/\/www.meydan.tv\/az\/article\/mudafie-nazirinin-3-il-once-vefat-eden-muavini-10-milyonluq-menimseme-ittihamiyla-muhakime-olunur\/\" \/>\n<meta property=\"og:site_name\" content=\"MEYDAN.TV\" \/>\n<meta property=\"article:published_time\" content=\"2023-12-26T18:30:38+00:00\" \/>\n<meta property=\"article:modified_time\" content=\"2023-12-27T07:07:04+00:00\" \/>\n<meta property=\"og:image\" content=\"https:\/\/www.meydan.tv\/wp-content\/uploads\/ee5cf63a99c61928909b91aa8a7b12ad_dxaemdj.jpg\" \/>\n\t<meta property=\"og:image:width\" content=\"1000\" \/>\n\t<meta property=\"og:image:height\" content=\"705\" \/>\n\t<meta property=\"og:image:type\" content=\"image\/jpeg\" \/>\n<meta name=\"author\" content=\"aleks\" \/>\n<meta name=\"twitter:card\" content=\"summary_large_image\" \/>\n<script type=\"application\/ld+json\" class=\"yoast-schema-graph\">{\"@context\":\"https:\\\/\\\/schema.org\",\"@graph\":[{\"@type\":\"Article\",\"@id\":\"https:\\\/\\\/www.meydan.tv\\\/az\\\/article\\\/mudafie-nazirinin-3-il-once-vefat-eden-muavini-10-milyonluq-menimseme-ittihamiyla-muhakime-olunur\\\/#article\",\"isPartOf\":{\"@id\":\"https:\\\/\\\/www.meydan.tv\\\/az\\\/article\\\/mudafie-nazirinin-3-il-once-vefat-eden-muavini-10-milyonluq-menimseme-ittihamiyla-muhakime-olunur\\\/\"},\"author\":{\"name\":\"aleks\",\"@id\":\"https:\\\/\\\/www.meydan.tv\\\/az\\\/#\\\/schema\\\/person\\\/476e9360e593fa131d5d71d51866f8da\"},\"headline\":\"M\u00fcdafi\u0259 nazirinin 3 il \u00f6nc\u0259 v\u0259fat ed\u0259n m\u00fcavini 10 milyonluq m\u0259nims\u0259m\u0259 ittiham\u0131yla m\u00fchakim\u0259 olunur\",\"datePublished\":\"2023-12-26T18:30:38+00:00\",\"dateModified\":\"2023-12-27T07:07:04+00:00\",\"mainEntityOfPage\":{\"@id\":\"https:\\\/\\\/www.meydan.tv\\\/az\\\/article\\\/mudafie-nazirinin-3-il-once-vefat-eden-muavini-10-milyonluq-menimseme-ittihamiyla-muhakime-olunur\\\/\"},\"wordCount\":556,\"publisher\":{\"@id\":\"https:\\\/\\\/www.meydan.tv\\\/az\\\/#organization\"},\"image\":{\"@id\":\"https:\\\/\\\/www.meydan.tv\\\/az\\\/article\\\/mudafie-nazirinin-3-il-once-vefat-eden-muavini-10-milyonluq-menimseme-ittihamiyla-muhakime-olunur\\\/#primaryimage\"},\"thumbnailUrl\":\"https:\\\/\\\/www.meydan.tv\\\/wp-content\\\/uploads\\\/ee5cf63a99c61928909b91aa8a7b12ad_dxaemdj.jpg\",\"articleSection\":[\"Sosial\",\"X\u0259b\u0259rl\u0259r\"],\"inLanguage\":\"az\"},{\"@type\":\"WebPage\",\"@id\":\"https:\\\/\\\/www.meydan.tv\\\/az\\\/article\\\/mudafie-nazirinin-3-il-once-vefat-eden-muavini-10-milyonluq-menimseme-ittihamiyla-muhakime-olunur\\\/\",\"url\":\"https:\\\/\\\/www.meydan.tv\\\/az\\\/article\\\/mudafie-nazirinin-3-il-once-vefat-eden-muavini-10-milyonluq-menimseme-ittihamiyla-muhakime-olunur\\\/\",\"name\":\"M\u00fcdafi\u0259 nazirinin 3 il \u00f6nc\u0259 v\u0259fat ed\u0259n m\u00fcavini 10 milyonluq m\u0259nims\u0259m\u0259 ittiham\u0131yla m\u00fchakim\u0259 olunur - MEYDAN.TV\",\"isPartOf\":{\"@id\":\"https:\\\/\\\/www.meydan.tv\\\/az\\\/#website\"},\"primaryImageOfPage\":{\"@id\":\"https:\\\/\\\/www.meydan.tv\\\/az\\\/article\\\/mudafie-nazirinin-3-il-once-vefat-eden-muavini-10-milyonluq-menimseme-ittihamiyla-muhakime-olunur\\\/#primaryimage\"},\"image\":{\"@id\":\"https:\\\/\\\/www.meydan.tv\\\/az\\\/article\\\/mudafie-nazirinin-3-il-once-vefat-eden-muavini-10-milyonluq-menimseme-ittihamiyla-muhakime-olunur\\\/#primaryimage\"},\"thumbnailUrl\":\"https:\\\/\\\/www.meydan.tv\\\/wp-content\\\/uploads\\\/ee5cf63a99c61928909b91aa8a7b12ad_dxaemdj.jpg\",\"datePublished\":\"2023-12-26T18:30:38+00:00\",\"dateModified\":\"2023-12-27T07:07:04+00:00\",\"breadcrumb\":{\"@id\":\"https:\\\/\\\/www.meydan.tv\\\/az\\\/article\\\/mudafie-nazirinin-3-il-once-vefat-eden-muavini-10-milyonluq-menimseme-ittihamiyla-muhakime-olunur\\\/#breadcrumb\"},\"inLanguage\":\"az\",\"potentialAction\":[{\"@type\":\"ReadAction\",\"target\":[\"https:\\\/\\\/www.meydan.tv\\\/az\\\/article\\\/mudafie-nazirinin-3-il-once-vefat-eden-muavini-10-milyonluq-menimseme-ittihamiyla-muhakime-olunur\\\/\"]}]},{\"@type\":\"ImageObject\",\"inLanguage\":\"az\",\"@id\":\"https:\\\/\\\/www.meydan.tv\\\/az\\\/article\\\/mudafie-nazirinin-3-il-once-vefat-eden-muavini-10-milyonluq-menimseme-ittihamiyla-muhakime-olunur\\\/#primaryimage\",\"url\":\"https:\\\/\\\/www.meydan.tv\\\/wp-content\\\/uploads\\\/ee5cf63a99c61928909b91aa8a7b12ad_dxaemdj.jpg\",\"contentUrl\":\"https:\\\/\\\/www.meydan.tv\\\/wp-content\\\/uploads\\\/ee5cf63a99c61928909b91aa8a7b12ad_dxaemdj.jpg\",\"width\":1000,\"height\":705,\"caption\":\"Foto: M\u00fcdafi\u0259 Nazirliyi\"},{\"@type\":\"BreadcrumbList\",\"@id\":\"https:\\\/\\\/www.meydan.tv\\\/az\\\/article\\\/mudafie-nazirinin-3-il-once-vefat-eden-muavini-10-milyonluq-menimseme-ittihamiyla-muhakime-olunur\\\/#breadcrumb\",\"itemListElement\":[{\"@type\":\"ListItem\",\"position\":1,\"name\":\"Ana s\u0259hif\u0259\",\"item\":\"https:\\\/\\\/www.meydan.tv\\\/az\\\/\"},{\"@type\":\"ListItem\",\"position\":2,\"name\":\"X\u0259b\u0259rl\u0259r\",\"item\":\"https:\\\/\\\/www.meydan.tv\\\/az\\\/section\\\/xeberler\\\/\"},{\"@type\":\"ListItem\",\"position\":3,\"name\":\"M\u00fcdafi\u0259 nazirinin 3 il \u00f6nc\u0259 v\u0259fat ed\u0259n m\u00fcavini 10 milyonluq m\u0259nims\u0259m\u0259 ittiham\u0131yla m\u00fchakim\u0259 olunur\"}]},{\"@type\":\"WebSite\",\"@id\":\"https:\\\/\\\/www.meydan.tv\\\/az\\\/#website\",\"url\":\"https:\\\/\\\/www.meydan.tv\\\/az\\\/\",\"name\":\"MEYDAN.TV\",\"description\":\"Meydan TV Az\u0259rbaycan\u0131n media m\u0259kan\u0131ndak\u0131 alternativ s\u0259sidir\",\"publisher\":{\"@id\":\"https:\\\/\\\/www.meydan.tv\\\/az\\\/#organization\"},\"potentialAction\":[{\"@type\":\"SearchAction\",\"target\":{\"@type\":\"EntryPoint\",\"urlTemplate\":\"https:\\\/\\\/www.meydan.tv\\\/az\\\/?s={search_term_string}\"},\"query-input\":{\"@type\":\"PropertyValueSpecification\",\"valueRequired\":true,\"valueName\":\"search_term_string\"}}],\"inLanguage\":\"az\"},{\"@type\":\"Organization\",\"@id\":\"https:\\\/\\\/www.meydan.tv\\\/az\\\/#organization\",\"name\":\"Meydan TV\",\"url\":\"https:\\\/\\\/www.meydan.tv\\\/az\\\/\",\"logo\":{\"@type\":\"ImageObject\",\"inLanguage\":\"az\",\"@id\":\"https:\\\/\\\/www.meydan.tv\\\/az\\\/#\\\/schema\\\/logo\\\/image\\\/\",\"url\":\"https:\\\/\\\/www.meydan.tv\\\/wp-content\\\/uploads\\\/2021\\\/07\\\/meydan-logo.svg\",\"contentUrl\":\"https:\\\/\\\/www.meydan.tv\\\/wp-content\\\/uploads\\\/2021\\\/07\\\/meydan-logo.svg\",\"width\":195,\"height\":46,\"caption\":\"Meydan TV\"},\"image\":{\"@id\":\"https:\\\/\\\/www.meydan.tv\\\/az\\\/#\\\/schema\\\/logo\\\/image\\\/\"}},{\"@type\":\"Person\",\"@id\":\"https:\\\/\\\/www.meydan.tv\\\/az\\\/#\\\/schema\\\/person\\\/476e9360e593fa131d5d71d51866f8da\",\"name\":\"aleks\"}]}<\/script>\n<!-- \/ Yoast SEO plugin. -->","yoast_head_json":{"title":"M\u00fcdafi\u0259 nazirinin 3 il \u00f6nc\u0259 v\u0259fat ed\u0259n m\u00fcavini 10 milyonluq m\u0259nims\u0259m\u0259 ittiham\u0131yla m\u00fchakim\u0259 olunur - MEYDAN.TV","robots":{"index":"index","follow":"follow","max-snippet":"max-snippet:-1","max-image-preview":"max-image-preview:large","max-video-preview":"max-video-preview:-1"},"canonical":"https:\/\/www.meydan.tv\/az\/article\/mudafie-nazirinin-3-il-once-vefat-eden-muavini-10-milyonluq-menimseme-ittihamiyla-muhakime-olunur\/","og_locale":"az_AZ","og_type":"article","og_title":"M\u00fcdafi\u0259 nazirinin 3 il \u00f6nc\u0259 v\u0259fat ed\u0259n m\u00fcavini 10 milyonluq m\u0259nims\u0259m\u0259 ittiham\u0131yla m\u00fchakim\u0259 olunur - MEYDAN.TV","og_description":"M\u0259rhum general da daxil olmaqla, 3 n\u0259f\u0259r\u0259 x\u00fcsusil\u0259 k\u00fclli miqdarda ... Davam\u0131","og_url":"https:\/\/www.meydan.tv\/az\/article\/mudafie-nazirinin-3-il-once-vefat-eden-muavini-10-milyonluq-menimseme-ittihamiyla-muhakime-olunur\/","og_site_name":"MEYDAN.TV","article_published_time":"2023-12-26T18:30:38+00:00","article_modified_time":"2023-12-27T07:07:04+00:00","og_image":[{"width":1000,"height":705,"url":"https:\/\/www.meydan.tv\/wp-content\/uploads\/ee5cf63a99c61928909b91aa8a7b12ad_dxaemdj.jpg","type":"image\/jpeg"}],"author":"aleks","twitter_card":"summary_large_image","schema":{"@context":"https:\/\/schema.org","@graph":[{"@type":"Article","@id":"https:\/\/www.meydan.tv\/az\/article\/mudafie-nazirinin-3-il-once-vefat-eden-muavini-10-milyonluq-menimseme-ittihamiyla-muhakime-olunur\/#article","isPartOf":{"@id":"https:\/\/www.meydan.tv\/az\/article\/mudafie-nazirinin-3-il-once-vefat-eden-muavini-10-milyonluq-menimseme-ittihamiyla-muhakime-olunur\/"},"author":{"name":"aleks","@id":"https:\/\/www.meydan.tv\/az\/#\/schema\/person\/476e9360e593fa131d5d71d51866f8da"},"headline":"M\u00fcdafi\u0259 nazirinin 3 il \u00f6nc\u0259 v\u0259fat ed\u0259n m\u00fcavini 10 milyonluq m\u0259nims\u0259m\u0259 ittiham\u0131yla m\u00fchakim\u0259 olunur","datePublished":"2023-12-26T18:30:38+00:00","dateModified":"2023-12-27T07:07:04+00:00","mainEntityOfPage":{"@id":"https:\/\/www.meydan.tv\/az\/article\/mudafie-nazirinin-3-il-once-vefat-eden-muavini-10-milyonluq-menimseme-ittihamiyla-muhakime-olunur\/"},"wordCount":556,"publisher":{"@id":"https:\/\/www.meydan.tv\/az\/#organization"},"image":{"@id":"https:\/\/www.meydan.tv\/az\/article\/mudafie-nazirinin-3-il-once-vefat-eden-muavini-10-milyonluq-menimseme-ittihamiyla-muhakime-olunur\/#primaryimage"},"thumbnailUrl":"https:\/\/www.meydan.tv\/wp-content\/uploads\/ee5cf63a99c61928909b91aa8a7b12ad_dxaemdj.jpg","articleSection":["Sosial","X\u0259b\u0259rl\u0259r"],"inLanguage":"az"},{"@type":"WebPage","@id":"https:\/\/www.meydan.tv\/az\/article\/mudafie-nazirinin-3-il-once-vefat-eden-muavini-10-milyonluq-menimseme-ittihamiyla-muhakime-olunur\/","url":"https:\/\/www.meydan.tv\/az\/article\/mudafie-nazirinin-3-il-once-vefat-eden-muavini-10-milyonluq-menimseme-ittihamiyla-muhakime-olunur\/","name":"M\u00fcdafi\u0259 nazirinin 3 il \u00f6nc\u0259 v\u0259fat ed\u0259n m\u00fcavini 10 milyonluq m\u0259nims\u0259m\u0259 ittiham\u0131yla m\u00fchakim\u0259 olunur - MEYDAN.TV","isPartOf":{"@id":"https:\/\/www.meydan.tv\/az\/#website"},"primaryImageOfPage":{"@id":"https:\/\/www.meydan.tv\/az\/article\/mudafie-nazirinin-3-il-once-vefat-eden-muavini-10-milyonluq-menimseme-ittihamiyla-muhakime-olunur\/#primaryimage"},"image":{"@id":"https:\/\/www.meydan.tv\/az\/article\/mudafie-nazirinin-3-il-once-vefat-eden-muavini-10-milyonluq-menimseme-ittihamiyla-muhakime-olunur\/#primaryimage"},"thumbnailUrl":"https:\/\/www.meydan.tv\/wp-content\/uploads\/ee5cf63a99c61928909b91aa8a7b12ad_dxaemdj.jpg","datePublished":"2023-12-26T18:30:38+00:00","dateModified":"2023-12-27T07:07:04+00:00","breadcrumb":{"@id":"https:\/\/www.meydan.tv\/az\/article\/mudafie-nazirinin-3-il-once-vefat-eden-muavini-10-milyonluq-menimseme-ittihamiyla-muhakime-olunur\/#breadcrumb"},"inLanguage":"az","potentialAction":[{"@type":"ReadAction","target":["https:\/\/www.meydan.tv\/az\/article\/mudafie-nazirinin-3-il-once-vefat-eden-muavini-10-milyonluq-menimseme-ittihamiyla-muhakime-olunur\/"]}]},{"@type":"ImageObject","inLanguage":"az","@id":"https:\/\/www.meydan.tv\/az\/article\/mudafie-nazirinin-3-il-once-vefat-eden-muavini-10-milyonluq-menimseme-ittihamiyla-muhakime-olunur\/#primaryimage","url":"https:\/\/www.meydan.tv\/wp-content\/uploads\/ee5cf63a99c61928909b91aa8a7b12ad_dxaemdj.jpg","contentUrl":"https:\/\/www.meydan.tv\/wp-content\/uploads\/ee5cf63a99c61928909b91aa8a7b12ad_dxaemdj.jpg","width":1000,"height":705,"caption":"Foto: M\u00fcdafi\u0259 Nazirliyi"},{"@type":"BreadcrumbList","@id":"https:\/\/www.meydan.tv\/az\/article\/mudafie-nazirinin-3-il-once-vefat-eden-muavini-10-milyonluq-menimseme-ittihamiyla-muhakime-olunur\/#breadcrumb","itemListElement":[{"@type":"ListItem","position":1,"name":"Ana s\u0259hif\u0259","item":"https:\/\/www.meydan.tv\/az\/"},{"@type":"ListItem","position":2,"name":"X\u0259b\u0259rl\u0259r","item":"https:\/\/www.meydan.tv\/az\/section\/xeberler\/"},{"@type":"ListItem","position":3,"name":"M\u00fcdafi\u0259 nazirinin 3 il \u00f6nc\u0259 v\u0259fat ed\u0259n m\u00fcavini 10 milyonluq m\u0259nims\u0259m\u0259 ittiham\u0131yla m\u00fchakim\u0259 olunur"}]},{"@type":"WebSite","@id":"https:\/\/www.meydan.tv\/az\/#website","url":"https:\/\/www.meydan.tv\/az\/","name":"MEYDAN.TV","description":"Meydan TV Az\u0259rbaycan\u0131n media m\u0259kan\u0131ndak\u0131 alternativ s\u0259sidir","publisher":{"@id":"https:\/\/www.meydan.tv\/az\/#organization"},"potentialAction":[{"@type":"SearchAction","target":{"@type":"EntryPoint","urlTemplate":"https:\/\/www.meydan.tv\/az\/?s={search_term_string}"},"query-input":{"@type":"PropertyValueSpecification","valueRequired":true,"valueName":"search_term_string"}}],"inLanguage":"az"},{"@type":"Organization","@id":"https:\/\/www.meydan.tv\/az\/#organization","name":"Meydan TV","url":"https:\/\/www.meydan.tv\/az\/","logo":{"@type":"ImageObject","inLanguage":"az","@id":"https:\/\/www.meydan.tv\/az\/#\/schema\/logo\/image\/","url":"https:\/\/www.meydan.tv\/wp-content\/uploads\/2021\/07\/meydan-logo.svg","contentUrl":"https:\/\/www.meydan.tv\/wp-content\/uploads\/2021\/07\/meydan-logo.svg","width":195,"height":46,"caption":"Meydan TV"},"image":{"@id":"https:\/\/www.meydan.tv\/az\/#\/schema\/logo\/image\/"}},{"@type":"Person","@id":"https:\/\/www.meydan.tv\/az\/#\/schema\/person\/476e9360e593fa131d5d71d51866f8da","name":"aleks"}]}},"_links":{"self":[{"href":"https:\/\/www.meydan.tv\/az\/wp-json\/wp\/v2\/posts\/294103","targetHints":{"allow":["GET"]}}],"collection":[{"href":"https:\/\/www.meydan.tv\/az\/wp-json\/wp\/v2\/posts"}],"about":[{"href":"https:\/\/www.meydan.tv\/az\/wp-json\/wp\/v2\/types\/post"}],"author":[{"embeddable":true,"href":"https:\/\/www.meydan.tv\/az\/wp-json\/wp\/v2\/users\/12"}],"replies":[{"embeddable":true,"href":"https:\/\/www.meydan.tv\/az\/wp-json\/wp\/v2\/comments?post=294103"}],"version-history":[{"count":3,"href":"https:\/\/www.meydan.tv\/az\/wp-json\/wp\/v2\/posts\/294103\/revisions"}],"predecessor-version":[{"id":294131,"href":"https:\/\/www.meydan.tv\/az\/wp-json\/wp\/v2\/posts\/294103\/revisions\/294131"}],"wp:featuredmedia":[{"embeddable":true,"href":"https:\/\/www.meydan.tv\/az\/wp-json\/wp\/v2\/media\/152993"}],"wp:attachment":[{"href":"https:\/\/www.meydan.tv\/az\/wp-json\/wp\/v2\/media?parent=294103"}],"wp:term":[{"taxonomy":"category","embeddable":true,"href":"https:\/\/www.meydan.tv\/az\/wp-json\/wp\/v2\/categories?post=294103"},{"taxonomy":"post_tag","embeddable":true,"href":"https:\/\/www.meydan.tv\/az\/wp-json\/wp\/v2\/tags?post=294103"}],"curies":[{"name":"wp","href":"https:\/\/api.w.org\/{rel}","templated":true}]}}