{"id":294053,"date":"2023-12-26T15:28:06","date_gmt":"2023-12-26T11:28:06","guid":{"rendered":"https:\/\/www.meydan.tv\/?p=294053"},"modified":"2023-12-26T15:28:15","modified_gmt":"2023-12-26T11:28:15","slug":"vetendas-hemreyliyi-partiyasi-hazirki-olke-bascisini-seckinin-esas-favorit-namizedi-hesab-edir","status":"publish","type":"post","link":"https:\/\/www.meydan.tv\/az\/article\/vetendas-hemreyliyi-partiyasi-hazirki-olke-bascisini-seckinin-esas-favorit-namizedi-hesab-edir\/","title":{"rendered":"V\u0259t\u0259nda\u015f H\u0259mr\u0259yliyi Partiyas\u0131 haz\u0131rk\u0131 \u00f6lk\u0259 ba\u015f\u00e7\u0131s\u0131n\u0131 se\u00e7kinin \u0259sas favorit namiz\u0259di hesab edir"},"content":{"rendered":"\n<p><\/p>\n\n\n\n<p><strong><em>Partiyan\u0131n se\u00e7kid\u0259 \u00f6z namiz\u0259di olmayacaq<\/em><\/strong><\/p>\n\n\n\n<p>V\u0259t\u0259nda\u015f H\u0259mr\u0259yliyi Partiyas\u0131 (VHP) fevral\u0131n 7-d\u0259 ke\u00e7iril\u0259c\u0259k n\u00f6vb\u0259d\u0259nk\u0259nar Prezident se\u00e7kil\u0259rin\u0259 \u00f6z namiz\u0259di il\u0259 qat\u0131lmayaca\u011f\u0131n\u0131 b\u0259yan edib. <\/p>\n\n\n\n<p>Dekabr\u0131n 26-da partiyan\u0131n Siyasi \u015euras\u0131n\u0131n yayd\u0131\u011f\u0131 b\u0259yanatda h\u0259m\u00e7inin deyilir ki, 7 fevral se\u00e7kisi anonsu veril\u0259n siyasi v\u0259 iqtisadi islahatlar\u0131n ger\u00e7\u0259kl\u0259\u015fm\u0259sin\u0259 yol a\u00e7acaq:<\/p>\n\n\n\n<p><em>&#8220;M\u00f6vcud reall\u0131qlar\u0131, durumu n\u0259z\u0259r\u0259 alaraq VHP se\u00e7kil\u0259r\u0259 \u00f6z namiz\u0259di il\u0259 qat\u0131lm\u0131r. Ancaq partiya haz\u0131rk\u0131 \u00f6lk\u0259 ba\u015f\u00e7\u0131s\u0131n\u0131 se\u00e7kinin \u0259sas favorit namiz\u0259di hesab edir&#8221;.<\/em><\/p>\n\n\n\n<p><em>&#8220;VHP \u00fczvl\u0259ri se\u00e7kil\u0259rd\u0259 \u00f6z se\u00e7imini azad \u015f\u0259kild\u0259 ifad\u0259 ed\u0259c\u0259k. Partiya \u0259mindir ki, \u015f\u0259ffaf \u015f\u0259raitd\u0259 ke\u00e7iril\u0259c\u0259k azad v\u0259 \u0259dal\u0259tli Prezident se\u00e7kil\u0259ri \u00f6lk\u0259mizd\u0259 demokratiyan\u0131n, milli h\u0259mr\u0259yliyin t\u0259nt\u0259n\u0259sin\u0259 \u00e7evril\u0259c\u0259k v\u0259 b\u00fct\u00fcn d\u00fcnya buna \u015fahid olacaq&#8221;,<\/em>-dey\u0259 b\u0259yanatda qeyd olunub. <\/p>\n\n\n\n<p>Partiya hesab edir ki, n\u00f6vb\u0259d\u0259nk\u0259nar se\u00e7kini z\u0259ruri ed\u0259n bir s\u0131ra beyn\u0259lxalq faktorlar da n\u0259z\u0259r\u0259 al\u0131nmal\u0131d\u0131r:<\/p>\n\n\n\n<p><em>&#8220;Se\u00e7kil\u0259r regionda v\u0259 d\u00fcnyada ba\u015f ver\u0259n geosiyasi g\u0259rginlikd\u0259n, m\u00fcmk\u00fcn v\u0259 ehtimal olunan t\u0259hl\u00fck\u0259l\u0259rd\u0259n Az\u0259rbaycan\u0131 qoruma\u011fa xidm\u0259t ed\u0259n bir siyasi hadis\u0259 kimi q\u0259bul edilm\u0259lidir. N\u00f6vb\u0259d\u0259nk\u0259nar Prezident se\u00e7kil\u0259ri g\u0259l\u0259c\u0259k siyasi y\u00f6n\u0259timin, \u00f6lk\u0259mizin maraqlar\u0131n\u0131 t\u0259min ed\u0259c\u0259k regional xarici siyas\u0259tin inaml\u0131 ifad\u0259sinin legitimliyini yaratm\u0131\u015f olacaq&#8221;<\/em>.<\/p>\n\n\n\n<p>2024-c\u00fc ilin fevral\u0131n 7-d\u0259 Az\u0259rbaycanda n\u00f6vb\u0259d\u0259nk\u0259nar Prezident se\u00e7kil\u0259ri ke\u00e7iril\u0259c\u0259k. \u0130lham \u018fliyev dekabr\u0131n 7-d\u0259 bununla ba\u011fl\u0131 s\u0259r\u0259ncam imzalay\u0131b.<\/p>\n\n\n\n<p>Bu g\u00fcn\u0259 q\u0259d\u0259r \u00f6lk\u0259 ba\u015f\u00e7\u0131s\u0131 <a href=\"https:\/\/storage.googleapis.com\/qurium\/www.meydan.tv\/az-article-yap-namizedini-resmen-aciqladi.html\">\u0130lham \u018fliyev<\/a>, B\u00f6y\u00fck Qurulu\u015f Partiyas\u0131n\u0131n ba\u015fqan\u0131 <a href=\"https:\/\/storage.googleapis.com\/qurium\/www.meydan.tv\/az-article-fazil-mustafa-da-prezidentliye-namized-olacaq.html\">Fazil Mustafa<\/a>, Sosial T\u0259dqiqatlar M\u0259rk\u0259zinin (STM) s\u0259dri, deputat <a href=\"https:\/\/storage.googleapis.com\/qurium\/www.meydan.tv\/az-article-zahid-oruc-da-prezidentliye-namized-olacaq.html\">Zahid Oruc,<\/a> B\u00f6y\u00fck Az\u0259rbaycan Partiyas\u0131n\u0131n s\u0259dri <a href=\"https:\/\/storage.googleapis.com\/qurium\/www.meydan.tv\/az-article-elsad-musayev-de-prezident-olmaq-isteyir.html\">El\u015fad Musayev<\/a>, B\u00fct\u00f6v Az\u0259rbaycan Xalq C\u0259bh\u0259si Partiyas\u0131n\u0131n s\u0259dri (BAXCP), deputat <a href=\"https:\/\/d9mc3ts4czbpr.cloudfront.net\/az\/article\/qudret-hesenquliyev-yene-namized-olacaq\/\">Q\u00fcdr\u0259t H\u0259s\u0259nquliyev,<\/a> Milli C\u0259bh\u0259 Partiyas\u0131n\u0131n s\u0259dri, deputat <a href=\"https:\/\/storage.googleapis.com\/qurium\/www.meydan.tv\/az-article-razi-nurullayev-de-namizedliyini-ireli-surub.html\">Razi Nurullayev<\/a>, <a href=\"https:\/\/d9mc3ts4czbpr.cloudfront.net\/az\/article\/fealiyyetini-dayandiran-partiyanin-sedri-prezidentliye-namized-olacaq\/\">Fuad \u018fliyev,<\/a> <a href=\"https:\/\/storage.googleapis.com\/qurium\/www.meydan.tv\/az-article-yunus-oguz-bu-seckide-de-namizedliyini-ireli-surur.html\">Yunus O\u011fuz<\/a> v\u0259 <a href=\"https:\/\/storage.googleapis.com\/qurium\/www.meydan.tv\/az-article-erestun-oruclu-prezidentliye-namized-olmaga-qerar-verdi.html\">\u018fr\u0259stun Oruclu <\/a>namiz\u0259dlikl\u0259rini ir\u0259li s\u00fcr\u00fcbl\u0259r.<\/p>\n\n\n\n<p>\u00dcmid v\u0259 Haqq \u018fdal\u0259t partiyalar\u0131 se\u00e7kid\u0259 \u0130lham \u018fliyevi d\u0259st\u0259kl\u0259y\u0259c\u0259kl\u0259rini <a href=\"https:\/\/storage.googleapis.com\/qurium\/www.meydan.tv\/az-article-umid-ve-haqq-edalet-partiyalari-ilham-eliyevi-destekleyecek.html\">bildiribl\u0259r.<\/a><\/p>\n\n\n\n<p><a href=\"https:\/\/storage.googleapis.com\/qurium\/www.meydan.tv\/az-article-axcp-de-seckide-istirak-etmeyecek.html\">AXCP<\/a>, <a href=\"https:\/\/storage.googleapis.com\/qurium\/www.meydan.tv\/az-article-musavat-novbedenkenar-seckide-istirakdan-imtina-edib.html\">M\u00fcsavat<\/a> v\u0259 <a href=\"https:\/\/storage.googleapis.com\/qurium\/www.meydan.tv\/az-article-kxcp-de-seckide-istirak-etmeyecek.html\">Klassik Xalq C\u0259bh\u0259si <\/a>partiyalar\u0131 is\u0259 se\u00e7kini boykot ed\u0259c\u0259kl\u0259rini a\u00e7\u0131qlay\u0131blar.<\/p>\n\n\n\n<p>Az\u0259rbaycanda sonuncu d\u0259f\u0259 Prezident se\u00e7kil\u0259ri 2018-ci il aprelin 11-d\u0259 ke\u00e7irilib. H\u0259min se\u00e7kil\u0259r d\u0259 n\u00f6vb\u0259d\u0259nk\u0259nar olub.<\/p>\n\n\n\n<p>\u0130lham \u018fliyev 20 ildir ki, Prezident v\u0259zif\u0259sini icra edir.<\/p>\n","protected":false},"excerpt":{"rendered":"<p>Partiyan\u0131n se\u00e7kid\u0259 \u00f6z namiz\u0259di olmayacaq V\u0259t\u0259nda\u015f H\u0259mr\u0259yliyi Partiyas\u0131 (VHP) fevral\u0131n &#8230; <\/p>\n<p class=\"read-more-container\"><a title=\"V\u0259t\u0259nda\u015f H\u0259mr\u0259yliyi Partiyas\u0131 haz\u0131rk\u0131 \u00f6lk\u0259 ba\u015f\u00e7\u0131s\u0131n\u0131 se\u00e7kinin \u0259sas favorit namiz\u0259di hesab edir\" class=\"read-more button\" href=\"https:\/\/www.meydan.tv\/az\/article\/vetendas-hemreyliyi-partiyasi-hazirki-olke-bascisini-seckinin-esas-favorit-namizedi-hesab-edir\/#more-294053\" aria-label=\"Read more about V\u0259t\u0259nda\u015f H\u0259mr\u0259yliyi Partiyas\u0131 haz\u0131rk\u0131 \u00f6lk\u0259 ba\u015f\u00e7\u0131s\u0131n\u0131 se\u00e7kinin \u0259sas favorit namiz\u0259di hesab edir\">Davam\u0131<\/a><\/p>\n","protected":false},"author":8,"featured_media":294055,"comment_status":"closed","ping_status":"closed","sticky":false,"template":"","format":"standard","meta":{"_acf_changed":false,"_sitemap_exclude":false,"_sitemap_priority":"","_sitemap_frequency":"","footnotes":""},"categories":[129,59,56],"tags":[],"class_list":["post-294053","post","type-post","status-publish","format-standard","has-post-thumbnail","hentry","category-sechki-2024","category-siyaset","category-xeberler","infinite-scroll-item","generate-columns","tablet-grid-50","mobile-grid-100","grid-parent","grid-33","no-featured-image-padding"],"acf":[],"yoast_head":"<!-- This site is optimized with the Yoast SEO plugin v27.4 - https:\/\/yoast.com\/product\/yoast-seo-wordpress\/ -->\n<title>V\u0259t\u0259nda\u015f H\u0259mr\u0259yliyi Partiyas\u0131 haz\u0131rk\u0131 \u00f6lk\u0259 ba\u015f\u00e7\u0131s\u0131n\u0131 se\u00e7kinin \u0259sas favorit namiz\u0259di hesab edir - MEYDAN.TV<\/title>\n<meta name=\"robots\" content=\"index, follow, max-snippet:-1, max-image-preview:large, max-video-preview:-1\" \/>\n<link rel=\"canonical\" href=\"https:\/\/www.meydan.tv\/az\/article\/vetendas-hemreyliyi-partiyasi-hazirki-olke-bascisini-seckinin-esas-favorit-namizedi-hesab-edir\/\" \/>\n<meta property=\"og:locale\" content=\"az_AZ\" \/>\n<meta property=\"og:type\" content=\"article\" \/>\n<meta property=\"og:title\" content=\"V\u0259t\u0259nda\u015f H\u0259mr\u0259yliyi Partiyas\u0131 haz\u0131rk\u0131 \u00f6lk\u0259 ba\u015f\u00e7\u0131s\u0131n\u0131 se\u00e7kinin \u0259sas favorit namiz\u0259di hesab edir - MEYDAN.TV\" \/>\n<meta property=\"og:description\" content=\"Partiyan\u0131n se\u00e7kid\u0259 \u00f6z namiz\u0259di olmayacaq V\u0259t\u0259nda\u015f H\u0259mr\u0259yliyi Partiyas\u0131 (VHP) fevral\u0131n ... Davam\u0131\" \/>\n<meta property=\"og:url\" content=\"https:\/\/www.meydan.tv\/az\/article\/vetendas-hemreyliyi-partiyasi-hazirki-olke-bascisini-seckinin-esas-favorit-namizedi-hesab-edir\/\" \/>\n<meta property=\"og:site_name\" content=\"MEYDAN.TV\" \/>\n<meta property=\"article:published_time\" content=\"2023-12-26T11:28:06+00:00\" \/>\n<meta property=\"article:modified_time\" content=\"2023-12-26T11:28:15+00:00\" \/>\n<meta property=\"og:image\" content=\"https:\/\/www.meydan.tv\/wp-content\/uploads\/download-21.png\" \/>\n\t<meta property=\"og:image:width\" content=\"1000\" \/>\n\t<meta property=\"og:image:height\" content=\"379\" \/>\n\t<meta property=\"og:image:type\" content=\"image\/png\" \/>\n<meta name=\"author\" content=\"elli\" \/>\n<meta name=\"twitter:card\" content=\"summary_large_image\" \/>\n<meta name=\"twitter:creator\" content=\"@elli\" \/>\n<script type=\"application\/ld+json\" class=\"yoast-schema-graph\">{\"@context\":\"https:\\\/\\\/schema.org\",\"@graph\":[{\"@type\":\"Article\",\"@id\":\"https:\\\/\\\/www.meydan.tv\\\/az\\\/article\\\/vetendas-hemreyliyi-partiyasi-hazirki-olke-bascisini-seckinin-esas-favorit-namizedi-hesab-edir\\\/#article\",\"isPartOf\":{\"@id\":\"https:\\\/\\\/www.meydan.tv\\\/az\\\/article\\\/vetendas-hemreyliyi-partiyasi-hazirki-olke-bascisini-seckinin-esas-favorit-namizedi-hesab-edir\\\/\"},\"author\":{\"name\":\"elli\",\"@id\":\"https:\\\/\\\/www.meydan.tv\\\/az\\\/#\\\/schema\\\/person\\\/9cdbecf90d17180ce1dfbd95b08dcf47\"},\"headline\":\"V\u0259t\u0259nda\u015f H\u0259mr\u0259yliyi Partiyas\u0131 haz\u0131rk\u0131 \u00f6lk\u0259 ba\u015f\u00e7\u0131s\u0131n\u0131 se\u00e7kinin \u0259sas favorit namiz\u0259di hesab edir\",\"datePublished\":\"2023-12-26T11:28:06+00:00\",\"dateModified\":\"2023-12-26T11:28:15+00:00\",\"mainEntityOfPage\":{\"@id\":\"https:\\\/\\\/www.meydan.tv\\\/az\\\/article\\\/vetendas-hemreyliyi-partiyasi-hazirki-olke-bascisini-seckinin-esas-favorit-namizedi-hesab-edir\\\/\"},\"wordCount\":510,\"publisher\":{\"@id\":\"https:\\\/\\\/www.meydan.tv\\\/az\\\/#organization\"},\"image\":{\"@id\":\"https:\\\/\\\/www.meydan.tv\\\/az\\\/article\\\/vetendas-hemreyliyi-partiyasi-hazirki-olke-bascisini-seckinin-esas-favorit-namizedi-hesab-edir\\\/#primaryimage\"},\"thumbnailUrl\":\"https:\\\/\\\/www.meydan.tv\\\/wp-content\\\/uploads\\\/download-21.png\",\"articleSection\":[\"Se\u00e7ki 2024\",\"Siyas\u0259t\",\"X\u0259b\u0259rl\u0259r\"],\"inLanguage\":\"az\"},{\"@type\":\"WebPage\",\"@id\":\"https:\\\/\\\/www.meydan.tv\\\/az\\\/article\\\/vetendas-hemreyliyi-partiyasi-hazirki-olke-bascisini-seckinin-esas-favorit-namizedi-hesab-edir\\\/\",\"url\":\"https:\\\/\\\/www.meydan.tv\\\/az\\\/article\\\/vetendas-hemreyliyi-partiyasi-hazirki-olke-bascisini-seckinin-esas-favorit-namizedi-hesab-edir\\\/\",\"name\":\"V\u0259t\u0259nda\u015f H\u0259mr\u0259yliyi Partiyas\u0131 haz\u0131rk\u0131 \u00f6lk\u0259 ba\u015f\u00e7\u0131s\u0131n\u0131 se\u00e7kinin \u0259sas favorit namiz\u0259di hesab edir - MEYDAN.TV\",\"isPartOf\":{\"@id\":\"https:\\\/\\\/www.meydan.tv\\\/az\\\/#website\"},\"primaryImageOfPage\":{\"@id\":\"https:\\\/\\\/www.meydan.tv\\\/az\\\/article\\\/vetendas-hemreyliyi-partiyasi-hazirki-olke-bascisini-seckinin-esas-favorit-namizedi-hesab-edir\\\/#primaryimage\"},\"image\":{\"@id\":\"https:\\\/\\\/www.meydan.tv\\\/az\\\/article\\\/vetendas-hemreyliyi-partiyasi-hazirki-olke-bascisini-seckinin-esas-favorit-namizedi-hesab-edir\\\/#primaryimage\"},\"thumbnailUrl\":\"https:\\\/\\\/www.meydan.tv\\\/wp-content\\\/uploads\\\/download-21.png\",\"datePublished\":\"2023-12-26T11:28:06+00:00\",\"dateModified\":\"2023-12-26T11:28:15+00:00\",\"breadcrumb\":{\"@id\":\"https:\\\/\\\/www.meydan.tv\\\/az\\\/article\\\/vetendas-hemreyliyi-partiyasi-hazirki-olke-bascisini-seckinin-esas-favorit-namizedi-hesab-edir\\\/#breadcrumb\"},\"inLanguage\":\"az\",\"potentialAction\":[{\"@type\":\"ReadAction\",\"target\":[\"https:\\\/\\\/www.meydan.tv\\\/az\\\/article\\\/vetendas-hemreyliyi-partiyasi-hazirki-olke-bascisini-seckinin-esas-favorit-namizedi-hesab-edir\\\/\"]}]},{\"@type\":\"ImageObject\",\"inLanguage\":\"az\",\"@id\":\"https:\\\/\\\/www.meydan.tv\\\/az\\\/article\\\/vetendas-hemreyliyi-partiyasi-hazirki-olke-bascisini-seckinin-esas-favorit-namizedi-hesab-edir\\\/#primaryimage\",\"url\":\"https:\\\/\\\/www.meydan.tv\\\/wp-content\\\/uploads\\\/download-21.png\",\"contentUrl\":\"https:\\\/\\\/www.meydan.tv\\\/wp-content\\\/uploads\\\/download-21.png\",\"width\":1000,\"height\":379,\"caption\":\"V\u0259t\u0259nda\u015f H\u0259mr\u0259yliyi Partiyas\u0131\"},{\"@type\":\"BreadcrumbList\",\"@id\":\"https:\\\/\\\/www.meydan.tv\\\/az\\\/article\\\/vetendas-hemreyliyi-partiyasi-hazirki-olke-bascisini-seckinin-esas-favorit-namizedi-hesab-edir\\\/#breadcrumb\",\"itemListElement\":[{\"@type\":\"ListItem\",\"position\":1,\"name\":\"Ana s\u0259hif\u0259\",\"item\":\"https:\\\/\\\/www.meydan.tv\\\/az\\\/\"},{\"@type\":\"ListItem\",\"position\":2,\"name\":\"Siyas\u0259t\",\"item\":\"https:\\\/\\\/www.meydan.tv\\\/az\\\/section\\\/siyaset\\\/\"},{\"@type\":\"ListItem\",\"position\":3,\"name\":\"V\u0259t\u0259nda\u015f H\u0259mr\u0259yliyi Partiyas\u0131 haz\u0131rk\u0131 \u00f6lk\u0259 ba\u015f\u00e7\u0131s\u0131n\u0131 se\u00e7kinin \u0259sas favorit namiz\u0259di hesab edir\"}]},{\"@type\":\"WebSite\",\"@id\":\"https:\\\/\\\/www.meydan.tv\\\/az\\\/#website\",\"url\":\"https:\\\/\\\/www.meydan.tv\\\/az\\\/\",\"name\":\"MEYDAN.TV\",\"description\":\"Meydan TV Az\u0259rbaycan\u0131n media m\u0259kan\u0131ndak\u0131 alternativ s\u0259sidir\",\"publisher\":{\"@id\":\"https:\\\/\\\/www.meydan.tv\\\/az\\\/#organization\"},\"potentialAction\":[{\"@type\":\"SearchAction\",\"target\":{\"@type\":\"EntryPoint\",\"urlTemplate\":\"https:\\\/\\\/www.meydan.tv\\\/az\\\/?s={search_term_string}\"},\"query-input\":{\"@type\":\"PropertyValueSpecification\",\"valueRequired\":true,\"valueName\":\"search_term_string\"}}],\"inLanguage\":\"az\"},{\"@type\":\"Organization\",\"@id\":\"https:\\\/\\\/www.meydan.tv\\\/az\\\/#organization\",\"name\":\"Meydan TV\",\"url\":\"https:\\\/\\\/www.meydan.tv\\\/az\\\/\",\"logo\":{\"@type\":\"ImageObject\",\"inLanguage\":\"az\",\"@id\":\"https:\\\/\\\/www.meydan.tv\\\/az\\\/#\\\/schema\\\/logo\\\/image\\\/\",\"url\":\"https:\\\/\\\/www.meydan.tv\\\/wp-content\\\/uploads\\\/2021\\\/07\\\/meydan-logo.svg\",\"contentUrl\":\"https:\\\/\\\/www.meydan.tv\\\/wp-content\\\/uploads\\\/2021\\\/07\\\/meydan-logo.svg\",\"width\":195,\"height\":46,\"caption\":\"Meydan TV\"},\"image\":{\"@id\":\"https:\\\/\\\/www.meydan.tv\\\/az\\\/#\\\/schema\\\/logo\\\/image\\\/\"}},{\"@type\":\"Person\",\"@id\":\"https:\\\/\\\/www.meydan.tv\\\/az\\\/#\\\/schema\\\/person\\\/9cdbecf90d17180ce1dfbd95b08dcf47\",\"name\":\"elli\",\"sameAs\":[\"https:\\\/\\\/x.com\\\/elli\"]}]}<\/script>\n<!-- \/ Yoast SEO plugin. -->","yoast_head_json":{"title":"V\u0259t\u0259nda\u015f H\u0259mr\u0259yliyi Partiyas\u0131 haz\u0131rk\u0131 \u00f6lk\u0259 ba\u015f\u00e7\u0131s\u0131n\u0131 se\u00e7kinin \u0259sas favorit namiz\u0259di hesab edir - MEYDAN.TV","robots":{"index":"index","follow":"follow","max-snippet":"max-snippet:-1","max-image-preview":"max-image-preview:large","max-video-preview":"max-video-preview:-1"},"canonical":"https:\/\/www.meydan.tv\/az\/article\/vetendas-hemreyliyi-partiyasi-hazirki-olke-bascisini-seckinin-esas-favorit-namizedi-hesab-edir\/","og_locale":"az_AZ","og_type":"article","og_title":"V\u0259t\u0259nda\u015f H\u0259mr\u0259yliyi Partiyas\u0131 haz\u0131rk\u0131 \u00f6lk\u0259 ba\u015f\u00e7\u0131s\u0131n\u0131 se\u00e7kinin \u0259sas favorit namiz\u0259di hesab edir - MEYDAN.TV","og_description":"Partiyan\u0131n se\u00e7kid\u0259 \u00f6z namiz\u0259di olmayacaq V\u0259t\u0259nda\u015f H\u0259mr\u0259yliyi Partiyas\u0131 (VHP) fevral\u0131n ... Davam\u0131","og_url":"https:\/\/www.meydan.tv\/az\/article\/vetendas-hemreyliyi-partiyasi-hazirki-olke-bascisini-seckinin-esas-favorit-namizedi-hesab-edir\/","og_site_name":"MEYDAN.TV","article_published_time":"2023-12-26T11:28:06+00:00","article_modified_time":"2023-12-26T11:28:15+00:00","og_image":[{"width":1000,"height":379,"url":"https:\/\/www.meydan.tv\/wp-content\/uploads\/download-21.png","type":"image\/png"}],"author":"elli","twitter_card":"summary_large_image","twitter_creator":"@elli","schema":{"@context":"https:\/\/schema.org","@graph":[{"@type":"Article","@id":"https:\/\/www.meydan.tv\/az\/article\/vetendas-hemreyliyi-partiyasi-hazirki-olke-bascisini-seckinin-esas-favorit-namizedi-hesab-edir\/#article","isPartOf":{"@id":"https:\/\/www.meydan.tv\/az\/article\/vetendas-hemreyliyi-partiyasi-hazirki-olke-bascisini-seckinin-esas-favorit-namizedi-hesab-edir\/"},"author":{"name":"elli","@id":"https:\/\/www.meydan.tv\/az\/#\/schema\/person\/9cdbecf90d17180ce1dfbd95b08dcf47"},"headline":"V\u0259t\u0259nda\u015f H\u0259mr\u0259yliyi Partiyas\u0131 haz\u0131rk\u0131 \u00f6lk\u0259 ba\u015f\u00e7\u0131s\u0131n\u0131 se\u00e7kinin \u0259sas favorit namiz\u0259di hesab edir","datePublished":"2023-12-26T11:28:06+00:00","dateModified":"2023-12-26T11:28:15+00:00","mainEntityOfPage":{"@id":"https:\/\/www.meydan.tv\/az\/article\/vetendas-hemreyliyi-partiyasi-hazirki-olke-bascisini-seckinin-esas-favorit-namizedi-hesab-edir\/"},"wordCount":510,"publisher":{"@id":"https:\/\/www.meydan.tv\/az\/#organization"},"image":{"@id":"https:\/\/www.meydan.tv\/az\/article\/vetendas-hemreyliyi-partiyasi-hazirki-olke-bascisini-seckinin-esas-favorit-namizedi-hesab-edir\/#primaryimage"},"thumbnailUrl":"https:\/\/www.meydan.tv\/wp-content\/uploads\/download-21.png","articleSection":["Se\u00e7ki 2024","Siyas\u0259t","X\u0259b\u0259rl\u0259r"],"inLanguage":"az"},{"@type":"WebPage","@id":"https:\/\/www.meydan.tv\/az\/article\/vetendas-hemreyliyi-partiyasi-hazirki-olke-bascisini-seckinin-esas-favorit-namizedi-hesab-edir\/","url":"https:\/\/www.meydan.tv\/az\/article\/vetendas-hemreyliyi-partiyasi-hazirki-olke-bascisini-seckinin-esas-favorit-namizedi-hesab-edir\/","name":"V\u0259t\u0259nda\u015f H\u0259mr\u0259yliyi Partiyas\u0131 haz\u0131rk\u0131 \u00f6lk\u0259 ba\u015f\u00e7\u0131s\u0131n\u0131 se\u00e7kinin \u0259sas favorit namiz\u0259di hesab edir - MEYDAN.TV","isPartOf":{"@id":"https:\/\/www.meydan.tv\/az\/#website"},"primaryImageOfPage":{"@id":"https:\/\/www.meydan.tv\/az\/article\/vetendas-hemreyliyi-partiyasi-hazirki-olke-bascisini-seckinin-esas-favorit-namizedi-hesab-edir\/#primaryimage"},"image":{"@id":"https:\/\/www.meydan.tv\/az\/article\/vetendas-hemreyliyi-partiyasi-hazirki-olke-bascisini-seckinin-esas-favorit-namizedi-hesab-edir\/#primaryimage"},"thumbnailUrl":"https:\/\/www.meydan.tv\/wp-content\/uploads\/download-21.png","datePublished":"2023-12-26T11:28:06+00:00","dateModified":"2023-12-26T11:28:15+00:00","breadcrumb":{"@id":"https:\/\/www.meydan.tv\/az\/article\/vetendas-hemreyliyi-partiyasi-hazirki-olke-bascisini-seckinin-esas-favorit-namizedi-hesab-edir\/#breadcrumb"},"inLanguage":"az","potentialAction":[{"@type":"ReadAction","target":["https:\/\/www.meydan.tv\/az\/article\/vetendas-hemreyliyi-partiyasi-hazirki-olke-bascisini-seckinin-esas-favorit-namizedi-hesab-edir\/"]}]},{"@type":"ImageObject","inLanguage":"az","@id":"https:\/\/www.meydan.tv\/az\/article\/vetendas-hemreyliyi-partiyasi-hazirki-olke-bascisini-seckinin-esas-favorit-namizedi-hesab-edir\/#primaryimage","url":"https:\/\/www.meydan.tv\/wp-content\/uploads\/download-21.png","contentUrl":"https:\/\/www.meydan.tv\/wp-content\/uploads\/download-21.png","width":1000,"height":379,"caption":"V\u0259t\u0259nda\u015f H\u0259mr\u0259yliyi Partiyas\u0131"},{"@type":"BreadcrumbList","@id":"https:\/\/www.meydan.tv\/az\/article\/vetendas-hemreyliyi-partiyasi-hazirki-olke-bascisini-seckinin-esas-favorit-namizedi-hesab-edir\/#breadcrumb","itemListElement":[{"@type":"ListItem","position":1,"name":"Ana s\u0259hif\u0259","item":"https:\/\/www.meydan.tv\/az\/"},{"@type":"ListItem","position":2,"name":"Siyas\u0259t","item":"https:\/\/www.meydan.tv\/az\/section\/siyaset\/"},{"@type":"ListItem","position":3,"name":"V\u0259t\u0259nda\u015f H\u0259mr\u0259yliyi Partiyas\u0131 haz\u0131rk\u0131 \u00f6lk\u0259 ba\u015f\u00e7\u0131s\u0131n\u0131 se\u00e7kinin \u0259sas favorit namiz\u0259di hesab edir"}]},{"@type":"WebSite","@id":"https:\/\/www.meydan.tv\/az\/#website","url":"https:\/\/www.meydan.tv\/az\/","name":"MEYDAN.TV","description":"Meydan TV Az\u0259rbaycan\u0131n media m\u0259kan\u0131ndak\u0131 alternativ s\u0259sidir","publisher":{"@id":"https:\/\/www.meydan.tv\/az\/#organization"},"potentialAction":[{"@type":"SearchAction","target":{"@type":"EntryPoint","urlTemplate":"https:\/\/www.meydan.tv\/az\/?s={search_term_string}"},"query-input":{"@type":"PropertyValueSpecification","valueRequired":true,"valueName":"search_term_string"}}],"inLanguage":"az"},{"@type":"Organization","@id":"https:\/\/www.meydan.tv\/az\/#organization","name":"Meydan TV","url":"https:\/\/www.meydan.tv\/az\/","logo":{"@type":"ImageObject","inLanguage":"az","@id":"https:\/\/www.meydan.tv\/az\/#\/schema\/logo\/image\/","url":"https:\/\/www.meydan.tv\/wp-content\/uploads\/2021\/07\/meydan-logo.svg","contentUrl":"https:\/\/www.meydan.tv\/wp-content\/uploads\/2021\/07\/meydan-logo.svg","width":195,"height":46,"caption":"Meydan TV"},"image":{"@id":"https:\/\/www.meydan.tv\/az\/#\/schema\/logo\/image\/"}},{"@type":"Person","@id":"https:\/\/www.meydan.tv\/az\/#\/schema\/person\/9cdbecf90d17180ce1dfbd95b08dcf47","name":"elli","sameAs":["https:\/\/x.com\/elli"]}]}},"_links":{"self":[{"href":"https:\/\/www.meydan.tv\/az\/wp-json\/wp\/v2\/posts\/294053","targetHints":{"allow":["GET"]}}],"collection":[{"href":"https:\/\/www.meydan.tv\/az\/wp-json\/wp\/v2\/posts"}],"about":[{"href":"https:\/\/www.meydan.tv\/az\/wp-json\/wp\/v2\/types\/post"}],"author":[{"embeddable":true,"href":"https:\/\/www.meydan.tv\/az\/wp-json\/wp\/v2\/users\/8"}],"replies":[{"embeddable":true,"href":"https:\/\/www.meydan.tv\/az\/wp-json\/wp\/v2\/comments?post=294053"}],"version-history":[{"count":3,"href":"https:\/\/www.meydan.tv\/az\/wp-json\/wp\/v2\/posts\/294053\/revisions"}],"predecessor-version":[{"id":294062,"href":"https:\/\/www.meydan.tv\/az\/wp-json\/wp\/v2\/posts\/294053\/revisions\/294062"}],"wp:featuredmedia":[{"embeddable":true,"href":"https:\/\/www.meydan.tv\/az\/wp-json\/wp\/v2\/media\/294055"}],"wp:attachment":[{"href":"https:\/\/www.meydan.tv\/az\/wp-json\/wp\/v2\/media?parent=294053"}],"wp:term":[{"taxonomy":"category","embeddable":true,"href":"https:\/\/www.meydan.tv\/az\/wp-json\/wp\/v2\/categories?post=294053"},{"taxonomy":"post_tag","embeddable":true,"href":"https:\/\/www.meydan.tv\/az\/wp-json\/wp\/v2\/tags?post=294053"}],"curies":[{"name":"wp","href":"https:\/\/api.w.org\/{rel}","templated":true}]}}