{"id":294045,"date":"2023-12-26T14:49:35","date_gmt":"2023-12-26T10:49:35","guid":{"rendered":"https:\/\/www.meydan.tv\/?p=294045"},"modified":"2023-12-26T14:50:25","modified_gmt":"2023-12-26T10:50:25","slug":"iii-respublika-platformasi-prezident-seckisine-namized-ireli-surmeyecek","status":"publish","type":"post","link":"https:\/\/www.meydan.tv\/az\/article\/iii-respublika-platformasi-prezident-seckisine-namized-ireli-surmeyecek\/","title":{"rendered":"III Respublika Platformas\u0131 Prezident se\u00e7kisin\u0259 namiz\u0259d ir\u0259li s\u00fcrm\u0259y\u0259c\u0259k"},"content":{"rendered":"\n<p><\/p>\n\n\n\n<p><strong><em>Platforma he\u00e7 bir namiz\u0259di d\u0259st\u0259kl\u0259m\u0259y\u0259c\u0259yini d\u0259 b\u0259yan edib<\/em><\/strong><\/p>\n\n\n\n<p>III Respublika Platformas\u0131 fevral\u0131n 7-d\u0259 ke\u00e7iril\u0259c\u0259k n\u00f6vb\u0259d\u0259nk\u0259nar Prezident se\u00e7kisind\u0259 namiz\u0259d ir\u0259li s\u00fcrm\u0259y\u0259c\u0259k. T\u0259\u015fkilat h\u0259r hans\u0131 prezidentliy\u0259 namiz\u0259di d\u0259st\u0259kl\u0259m\u0259y\u0259c\u0259yini a\u00e7\u0131qlay\u0131b.<\/p>\n\n\n\n<p>Bu bar\u0259d\u0259 dekabr\u0131n 26-da III Respublika Platformas\u0131n\u0131n se\u00e7kil\u0259rl\u0259 ba\u011fl\u0131 m\u00f6vqe s\u0259n\u0259dind\u0259 qeyd edilib. <\/p>\n\n\n\n<p>Platforman\u0131n se\u00e7kid\u0259 i\u015ftirak ed\u0259 bilm\u0259m\u0259sinin ba\u015fl\u0131ca s\u0259b\u0259bl\u0259ri s\u0131ras\u0131nda qurumun yeni t\u0259sis edilm\u0259si, maliyy\u0259 v\u0259 kadr resurslar\u0131na malik olmamas\u0131 g\u00f6st\u0259rilib:<\/p>\n\n\n\n<p><em>&#8220;Bel\u0259 olan halda III Respublika Platformas\u0131n\u0131n m\u0259hz formal olaraq se\u00e7kil\u0259rd\u0259 i\u015ftirak etm\u0259sinin m\u0259nas\u0131n\u0131 g\u00f6rm\u00fcr\u00fck. Bununla yana\u015f\u0131, m\u00f6vcud prezidentliy\u0259 namiz\u0259dl\u0259ri platformam\u0131z\u0131n d\u0259y\u0259rl\u0259rini t\u0259msil ed\u0259 bil\u0259c\u0259k, el\u0259c\u0259 d\u0259 siyasi d\u0259yi\u015fikliyi t\u0259\u015fviq ed\u0259 bil\u0259c\u0259k \u015f\u0259xsl\u0259r hesab etmirik. Buna g\u00f6r\u0259 onlar\u0131 da d\u0259st\u0259kl\u0259mirik&#8221;<\/em>. <\/p>\n\n\n\n<p>Haz\u0131rk\u0131 se\u00e7ki m\u00fchitin\u0259 g\u0259linc\u0259, III Respublika Platformas\u0131 v\u0259t\u0259nda\u015flar\u0131n se\u00e7ki t\u0259sisat\u0131na etimad\u0131n\u0131n olmad\u0131\u011f\u0131n\u0131 hesab edir:<\/p>\n\n\n\n<p><em>&#8220;Bunun s\u0259b\u0259bi haz\u0131rk\u0131 h\u00f6kum\u0259tin insanlar\u0131n siyasi proses\u0259 inam\u0131n\u0131 q\u0131rmaq \u00fc\u00e7\u00fcn uzunm\u00fcdd\u0259tli i\u015f aparmas\u0131d\u0131r. M\u00f6vcud h\u00f6kum\u0259t bunu se\u00e7kil\u0259ri davaml\u0131 saxtala\u015fd\u0131rmaqla v\u0259 siyas\u0259t pe\u015f\u0259sini etibars\u0131zla\u015fd\u0131rmaqla h\u0259yata ke\u00e7irib. B\u00fct\u00fcn bunlara g\u00f6r\u0259 indiki \u015f\u0259raitd\u0259 ciddi siyasi apatiya m\u00f6vcuddur. Platformam\u0131z bu siyasi apatiyan\u0131 iki ay kimi q\u0131sa m\u00fcdd\u0259td\u0259 aradan qald\u0131raca\u011f\u0131 v\u0259 se\u00e7ki i\u015ftirak\u00e7\u0131l\u0131\u011f\u0131n\u0131 t\u0259\u015fviq ed\u0259 bil\u0259c\u0259yi q\u0259na\u0259tind\u0259 deyil&#8221;.<\/em><\/p>\n\n\n\n<p>Amma Platforma se\u00e7kiyl\u0259 ba\u011fl\u0131 b\u00fct\u00fcn add\u0131mlar\u0131 r\u0259dd etm\u0259diyini d\u0259 bildirib:<\/p>\n\n\n\n<p><em>&#8220;S\u0259sverm\u0259d\u0259 i\u015ftirak v\u0259t\u0259nda\u015flar\u0131m\u0131z\u0131n se\u00e7ki v\u0259rdi\u015finin qorunub saxlan\u0131lmas\u0131 \u00fc\u00e7\u00fcn m\u00fch\u00fcmd\u00fcr. S\u0259b\u0259bi n\u0259 olursa olsun, se\u00e7ki \u0259n\u0259n\u0259l\u0259ri itm\u0259m\u0259lidir v\u0259 g\u0259l\u0259c\u0259kd\u0259 m\u00fcnbit \u015f\u0259rait \u00fc\u00e7\u00fcn qorunub saxlan\u0131lmal\u0131d\u0131r. Buna g\u00f6r\u0259 d\u0259 platformam\u0131z se\u00e7ki \u0259n\u0259n\u0259sinin vacib elementi olan s\u0259sverm\u0259 v\u0259rdi\u015finin saxlan\u0131lmas\u0131 \u00fc\u00e7\u00fcn s\u0259sverm\u0259d\u0259 f\u0259rdi qaydada i\u015ftirak\u0131 d\u0259st\u0259kl\u0259yir&#8221;<\/em>. <\/p>\n\n\n\n<p><em>&#8220;Biz se\u00e7ki d\u00f6vr\u00fc daxil olmaqla passiv dayanmayaca\u011f\u0131q. Ona g\u00f6r\u0259 d\u0259 platformam\u0131z \u00f6z alternativ g\u00fcnd\u0259liyini h\u0259m se\u00e7ki d\u00f6vr\u00fc v\u0259 h\u0259m d\u0259 se\u00e7kid\u0259n sonra aktiv t\u0259\u015fviq ed\u0259c\u0259k. Bu m\u0259qs\u0259dl\u0259 v\u0259t\u0259nda\u015flar\u0131m\u0131z\u0131 \u00f6lk\u0259mizin g\u0259l\u0259c\u0259yin\u0259 dair bug\u00fcnl\u0259rd\u0259 ictimail\u0259\u015fdirdiyimiz konseptual s\u0259n\u0259dl\u0259rin v\u0259 yax\u0131n d\u00f6vrd\u0259 a\u00e7\u0131qlayaca\u011f\u0131m\u0131z f\u0259aliyy\u0259t plan\u0131, el\u0259c\u0259 d\u0259 bu \u00e7\u0259r\u00e7iv\u0259d\u0259 g\u00f6r\u0259c\u0259yimiz i\u015fl\u0259r v\u0259 t\u0259qdim ed\u0259c\u0259yimiz n\u00f6vb\u0259ti s\u0259n\u0259dl\u0259rin m\u00fczakir\u0259sind\u0259 f\u0259al i\u015ftirak etm\u0259y\u0259 d\u0259v\u0259t edirik&#8221;<\/em>,-dey\u0259 a\u00e7\u0131qlama bu fikirl\u0259rl\u0259 <a href=\"https:\/\/www.facebook.com\/IIIRespublika\/posts\/pfbid02uCFg6pbtKMLXfNkn6TFVy8V5mGAed5UR8ishn7SS3gDZ8tPiyKkmdjKFEtAvUizql\">yekunla\u015f\u0131r.<\/a><\/p>\n\n\n\n<p>Dekabr\u0131n 7-d\u0259 bir qrup ictimai-siyasi f\u0259al III Respublika Platformas\u0131 adl\u0131 siyasi t\u0259\u015fkilat yaratd\u0131qlar\u0131n\u0131 elan edib. H\u0259min g\u00fcn Az\u0259rbaycanda parlamentarizmin t\u0259sis olunmas\u0131n\u0131n 105-ci ili tamam olurdu.<\/p>\n\n\n\n<p>Platforman\u0131n Qurucu Hey\u0259t \u00fczvl\u0259ri aras\u0131nda Akif Qurbanov v\u0259 Araz \u018fliyevl\u0259 yana\u015f\u0131, iqtisad\u00e7\u0131 R\u00f6v\u015f\u0259n A\u011fayev, h\u00fcquq\u015f\u00fcnas S\u0259m\u0259d R\u0259himli, siyas\u0259t\u00e7il\u0259r Yadigar Sad\u0131ql\u0131, Elman F\u0259ttah, Ruslan \u0130zz\u0259tli d\u0259 var. <\/p>\n\n\n\n<p>Platforman\u0131n \u015f\u00fcar\u0131 bel\u0259dir: \u201cT\u0259k adama deyil, h\u00fcquqa ita\u0259t edirik!\u201d.<\/p>\n\n\n\n<p>2024-c\u00fc ilin fevral\u0131n 7-d\u0259 Az\u0259rbaycanda n\u00f6vb\u0259d\u0259nk\u0259nar Prezident se\u00e7kil\u0259ri ke\u00e7iril\u0259c\u0259k. \u0130lham \u018fliyev dekabr\u0131n 7-d\u0259 bununla ba\u011fl\u0131 s\u0259r\u0259ncam imzalay\u0131b.<\/p>\n\n\n\n<p>Bu g\u00fcn\u0259 q\u0259d\u0259r \u00f6lk\u0259 ba\u015f\u00e7\u0131s\u0131<a href=\"https:\/\/storage.googleapis.com\/qurium\/www.meydan.tv\/az-article-yap-namizedini-resmen-aciqladi.html\"> \u0130lham \u018fliyev<\/a>, B\u00f6y\u00fck Qurulu\u015f Partiyas\u0131n\u0131n ba\u015fqan\u0131 <a href=\"https:\/\/storage.googleapis.com\/qurium\/www.meydan.tv\/az-article-fazil-mustafa-da-prezidentliye-namized-olacaq.html\">Fazil Mustafa<\/a>, Sosial T\u0259dqiqatlar M\u0259rk\u0259zinin (STM) s\u0259dri, deputat <a href=\"https:\/\/storage.googleapis.com\/qurium\/www.meydan.tv\/az-article-zahid-oruc-da-prezidentliye-namized-olacaq.html\">Zahid Oruc<\/a>, B\u00f6y\u00fck Az\u0259rbaycan Partiyas\u0131n\u0131n s\u0259dri <a href=\"https:\/\/storage.googleapis.com\/qurium\/www.meydan.tv\/az-article-elsad-musayev-de-prezident-olmaq-isteyir.html\">El\u015fad Musayev<\/a>, B\u00fct\u00f6v Az\u0259rbaycan Xalq C\u0259bh\u0259si Partiyas\u0131n\u0131n s\u0259dri (BAXCP), deputat <a href=\"https:\/\/d9mc3ts4czbpr.cloudfront.net\/az\/article\/qudret-hesenquliyev-yene-namized-olacaq\/\">Q\u00fcdr\u0259t H\u0259s\u0259nquliyev<\/a>, Milli C\u0259bh\u0259 Partiyas\u0131n\u0131n s\u0259dri, deputat <a href=\"https:\/\/storage.googleapis.com\/qurium\/www.meydan.tv\/az-article-razi-nurullayev-de-namizedliyini-ireli-surub.html\">Razi Nurullayev<\/a>, <a href=\"https:\/\/d9mc3ts4czbpr.cloudfront.net\/az\/article\/fealiyyetini-dayandiran-partiyanin-sedri-prezidentliye-namized-olacaq\/\">Fuad \u018fliyev<\/a>, <a href=\"https:\/\/storage.googleapis.com\/qurium\/www.meydan.tv\/az-article-yunus-oguz-bu-seckide-de-namizedliyini-ireli-surur.html\">Yunus O\u011fuz <\/a>v\u0259 <a href=\"https:\/\/storage.googleapis.com\/qurium\/www.meydan.tv\/az-article-erestun-oruclu-prezidentliye-namized-olmaga-qerar-verdi.html\">\u018fr\u0259stun Oruclu<\/a> namiz\u0259dlikl\u0259rini ir\u0259li s\u00fcr\u00fcbl\u0259r.<\/p>\n\n\n\n<p>\u00dcmid v\u0259 Haqq \u018fdal\u0259t partiyalar\u0131 se\u00e7kid\u0259 \u0130lham \u018fliyevi d\u0259st\u0259kl\u0259y\u0259c\u0259kl\u0259rini <a href=\"https:\/\/storage.googleapis.com\/qurium\/www.meydan.tv\/az-article-umid-ve-haqq-edalet-partiyalari-ilham-eliyevi-destekleyecek.html\">bildiribl\u0259r.<\/a><\/p>\n\n\n\n<p><a href=\"https:\/\/storage.googleapis.com\/qurium\/www.meydan.tv\/az-article-axcp-de-seckide-istirak-etmeyecek.html\">AXCP,<\/a> <a href=\"https:\/\/storage.googleapis.com\/qurium\/www.meydan.tv\/az-article-musavat-novbedenkenar-seckide-istirakdan-imtina-edib.html\">M\u00fcsavat<\/a> v\u0259<a href=\"https:\/\/storage.googleapis.com\/qurium\/www.meydan.tv\/az-article-kxcp-de-seckide-istirak-etmeyecek.html\"> Klassik Xalq C\u0259bh\u0259si<\/a> partiyalar\u0131 is\u0259 se\u00e7kini boykot ed\u0259c\u0259kl\u0259rini a\u00e7\u0131qlay\u0131blar.<\/p>\n\n\n\n<p>Az\u0259rbaycanda sonuncu d\u0259f\u0259 Prezident se\u00e7kil\u0259ri 2018-ci il aprelin 11-d\u0259 ke\u00e7irilib. H\u0259min se\u00e7kil\u0259r d\u0259 n\u00f6vb\u0259d\u0259nk\u0259nar olub.<\/p>\n\n\n\n<p>\u0130lham \u018fliyev 20 ildir ki, Prezident v\u0259zif\u0259sini icra edir.<\/p>\n","protected":false},"excerpt":{"rendered":"<p>Platforma he\u00e7 bir namiz\u0259di d\u0259st\u0259kl\u0259m\u0259y\u0259c\u0259yini d\u0259 b\u0259yan edib III Respublika &#8230; <\/p>\n<p class=\"read-more-container\"><a title=\"III Respublika Platformas\u0131 Prezident se\u00e7kisin\u0259 namiz\u0259d ir\u0259li s\u00fcrm\u0259y\u0259c\u0259k\" class=\"read-more button\" href=\"https:\/\/www.meydan.tv\/az\/article\/iii-respublika-platformasi-prezident-seckisine-namized-ireli-surmeyecek\/#more-294045\" aria-label=\"Read more about III Respublika Platformas\u0131 Prezident se\u00e7kisin\u0259 namiz\u0259d ir\u0259li s\u00fcrm\u0259y\u0259c\u0259k\">Davam\u0131<\/a><\/p>\n","protected":false},"author":8,"featured_media":292407,"comment_status":"closed","ping_status":"closed","sticky":false,"template":"","format":"standard","meta":{"_acf_changed":false,"_sitemap_exclude":false,"_sitemap_priority":"","_sitemap_frequency":"","footnotes":""},"categories":[129,59,56],"tags":[],"class_list":["post-294045","post","type-post","status-publish","format-standard","has-post-thumbnail","hentry","category-sechki-2024","category-siyaset","category-xeberler","infinite-scroll-item","generate-columns","tablet-grid-50","mobile-grid-100","grid-parent","grid-33","no-featured-image-padding"],"acf":[],"yoast_head":"<!-- This site is optimized with the Yoast SEO plugin v27.4 - https:\/\/yoast.com\/product\/yoast-seo-wordpress\/ -->\n<title>III Respublika Platformas\u0131 Prezident se\u00e7kisin\u0259 namiz\u0259d ir\u0259li s\u00fcrm\u0259y\u0259c\u0259k - MEYDAN.TV<\/title>\n<meta name=\"robots\" content=\"index, follow, max-snippet:-1, max-image-preview:large, max-video-preview:-1\" \/>\n<link rel=\"canonical\" href=\"https:\/\/www.meydan.tv\/az\/article\/iii-respublika-platformasi-prezident-seckisine-namized-ireli-surmeyecek\/\" \/>\n<meta property=\"og:locale\" content=\"az_AZ\" \/>\n<meta property=\"og:type\" content=\"article\" \/>\n<meta property=\"og:title\" content=\"III Respublika Platformas\u0131 Prezident se\u00e7kisin\u0259 namiz\u0259d ir\u0259li s\u00fcrm\u0259y\u0259c\u0259k - MEYDAN.TV\" \/>\n<meta property=\"og:description\" content=\"Platforma he\u00e7 bir namiz\u0259di d\u0259st\u0259kl\u0259m\u0259y\u0259c\u0259yini d\u0259 b\u0259yan edib III Respublika ... Davam\u0131\" \/>\n<meta property=\"og:url\" content=\"https:\/\/www.meydan.tv\/az\/article\/iii-respublika-platformasi-prezident-seckisine-namized-ireli-surmeyecek\/\" \/>\n<meta property=\"og:site_name\" content=\"MEYDAN.TV\" \/>\n<meta property=\"article:published_time\" content=\"2023-12-26T10:49:35+00:00\" \/>\n<meta property=\"article:modified_time\" content=\"2023-12-26T10:50:25+00:00\" \/>\n<meta property=\"og:image\" content=\"https:\/\/www.meydan.tv\/wp-content\/uploads\/photo1701899648-e1702025555841.jpg\" \/>\n\t<meta property=\"og:image:width\" content=\"1500\" \/>\n\t<meta property=\"og:image:height\" content=\"497\" \/>\n\t<meta property=\"og:image:type\" content=\"image\/jpeg\" \/>\n<meta name=\"author\" content=\"elli\" \/>\n<meta name=\"twitter:card\" content=\"summary_large_image\" \/>\n<meta name=\"twitter:creator\" content=\"@elli\" \/>\n<script type=\"application\/ld+json\" class=\"yoast-schema-graph\">{\"@context\":\"https:\\\/\\\/schema.org\",\"@graph\":[{\"@type\":\"Article\",\"@id\":\"https:\\\/\\\/www.meydan.tv\\\/az\\\/article\\\/iii-respublika-platformasi-prezident-seckisine-namized-ireli-surmeyecek\\\/#article\",\"isPartOf\":{\"@id\":\"https:\\\/\\\/www.meydan.tv\\\/az\\\/article\\\/iii-respublika-platformasi-prezident-seckisine-namized-ireli-surmeyecek\\\/\"},\"author\":{\"name\":\"elli\",\"@id\":\"https:\\\/\\\/www.meydan.tv\\\/az\\\/#\\\/schema\\\/person\\\/9cdbecf90d17180ce1dfbd95b08dcf47\"},\"headline\":\"III Respublika Platformas\u0131 Prezident se\u00e7kisin\u0259 namiz\u0259d ir\u0259li s\u00fcrm\u0259y\u0259c\u0259k\",\"datePublished\":\"2023-12-26T10:49:35+00:00\",\"dateModified\":\"2023-12-26T10:50:25+00:00\",\"mainEntityOfPage\":{\"@id\":\"https:\\\/\\\/www.meydan.tv\\\/az\\\/article\\\/iii-respublika-platformasi-prezident-seckisine-namized-ireli-surmeyecek\\\/\"},\"wordCount\":869,\"publisher\":{\"@id\":\"https:\\\/\\\/www.meydan.tv\\\/az\\\/#organization\"},\"image\":{\"@id\":\"https:\\\/\\\/www.meydan.tv\\\/az\\\/article\\\/iii-respublika-platformasi-prezident-seckisine-namized-ireli-surmeyecek\\\/#primaryimage\"},\"thumbnailUrl\":\"https:\\\/\\\/www.meydan.tv\\\/wp-content\\\/uploads\\\/photo1701899648-e1702025555841.jpg\",\"articleSection\":[\"Se\u00e7ki 2024\",\"Siyas\u0259t\",\"X\u0259b\u0259rl\u0259r\"],\"inLanguage\":\"az\"},{\"@type\":\"WebPage\",\"@id\":\"https:\\\/\\\/www.meydan.tv\\\/az\\\/article\\\/iii-respublika-platformasi-prezident-seckisine-namized-ireli-surmeyecek\\\/\",\"url\":\"https:\\\/\\\/www.meydan.tv\\\/az\\\/article\\\/iii-respublika-platformasi-prezident-seckisine-namized-ireli-surmeyecek\\\/\",\"name\":\"III Respublika Platformas\u0131 Prezident se\u00e7kisin\u0259 namiz\u0259d ir\u0259li s\u00fcrm\u0259y\u0259c\u0259k - MEYDAN.TV\",\"isPartOf\":{\"@id\":\"https:\\\/\\\/www.meydan.tv\\\/az\\\/#website\"},\"primaryImageOfPage\":{\"@id\":\"https:\\\/\\\/www.meydan.tv\\\/az\\\/article\\\/iii-respublika-platformasi-prezident-seckisine-namized-ireli-surmeyecek\\\/#primaryimage\"},\"image\":{\"@id\":\"https:\\\/\\\/www.meydan.tv\\\/az\\\/article\\\/iii-respublika-platformasi-prezident-seckisine-namized-ireli-surmeyecek\\\/#primaryimage\"},\"thumbnailUrl\":\"https:\\\/\\\/www.meydan.tv\\\/wp-content\\\/uploads\\\/photo1701899648-e1702025555841.jpg\",\"datePublished\":\"2023-12-26T10:49:35+00:00\",\"dateModified\":\"2023-12-26T10:50:25+00:00\",\"breadcrumb\":{\"@id\":\"https:\\\/\\\/www.meydan.tv\\\/az\\\/article\\\/iii-respublika-platformasi-prezident-seckisine-namized-ireli-surmeyecek\\\/#breadcrumb\"},\"inLanguage\":\"az\",\"potentialAction\":[{\"@type\":\"ReadAction\",\"target\":[\"https:\\\/\\\/www.meydan.tv\\\/az\\\/article\\\/iii-respublika-platformasi-prezident-seckisine-namized-ireli-surmeyecek\\\/\"]}]},{\"@type\":\"ImageObject\",\"inLanguage\":\"az\",\"@id\":\"https:\\\/\\\/www.meydan.tv\\\/az\\\/article\\\/iii-respublika-platformasi-prezident-seckisine-namized-ireli-surmeyecek\\\/#primaryimage\",\"url\":\"https:\\\/\\\/www.meydan.tv\\\/wp-content\\\/uploads\\\/photo1701899648-e1702025555841.jpg\",\"contentUrl\":\"https:\\\/\\\/www.meydan.tv\\\/wp-content\\\/uploads\\\/photo1701899648-e1702025555841.jpg\",\"width\":1500,\"height\":497},{\"@type\":\"BreadcrumbList\",\"@id\":\"https:\\\/\\\/www.meydan.tv\\\/az\\\/article\\\/iii-respublika-platformasi-prezident-seckisine-namized-ireli-surmeyecek\\\/#breadcrumb\",\"itemListElement\":[{\"@type\":\"ListItem\",\"position\":1,\"name\":\"Ana s\u0259hif\u0259\",\"item\":\"https:\\\/\\\/www.meydan.tv\\\/az\\\/\"},{\"@type\":\"ListItem\",\"position\":2,\"name\":\"Siyas\u0259t\",\"item\":\"https:\\\/\\\/www.meydan.tv\\\/az\\\/section\\\/siyaset\\\/\"},{\"@type\":\"ListItem\",\"position\":3,\"name\":\"III Respublika Platformas\u0131 Prezident se\u00e7kisin\u0259 namiz\u0259d ir\u0259li s\u00fcrm\u0259y\u0259c\u0259k\"}]},{\"@type\":\"WebSite\",\"@id\":\"https:\\\/\\\/www.meydan.tv\\\/az\\\/#website\",\"url\":\"https:\\\/\\\/www.meydan.tv\\\/az\\\/\",\"name\":\"MEYDAN.TV\",\"description\":\"Meydan TV Az\u0259rbaycan\u0131n media m\u0259kan\u0131ndak\u0131 alternativ s\u0259sidir\",\"publisher\":{\"@id\":\"https:\\\/\\\/www.meydan.tv\\\/az\\\/#organization\"},\"potentialAction\":[{\"@type\":\"SearchAction\",\"target\":{\"@type\":\"EntryPoint\",\"urlTemplate\":\"https:\\\/\\\/www.meydan.tv\\\/az\\\/?s={search_term_string}\"},\"query-input\":{\"@type\":\"PropertyValueSpecification\",\"valueRequired\":true,\"valueName\":\"search_term_string\"}}],\"inLanguage\":\"az\"},{\"@type\":\"Organization\",\"@id\":\"https:\\\/\\\/www.meydan.tv\\\/az\\\/#organization\",\"name\":\"Meydan TV\",\"url\":\"https:\\\/\\\/www.meydan.tv\\\/az\\\/\",\"logo\":{\"@type\":\"ImageObject\",\"inLanguage\":\"az\",\"@id\":\"https:\\\/\\\/www.meydan.tv\\\/az\\\/#\\\/schema\\\/logo\\\/image\\\/\",\"url\":\"https:\\\/\\\/www.meydan.tv\\\/wp-content\\\/uploads\\\/2021\\\/07\\\/meydan-logo.svg\",\"contentUrl\":\"https:\\\/\\\/www.meydan.tv\\\/wp-content\\\/uploads\\\/2021\\\/07\\\/meydan-logo.svg\",\"width\":195,\"height\":46,\"caption\":\"Meydan TV\"},\"image\":{\"@id\":\"https:\\\/\\\/www.meydan.tv\\\/az\\\/#\\\/schema\\\/logo\\\/image\\\/\"}},{\"@type\":\"Person\",\"@id\":\"https:\\\/\\\/www.meydan.tv\\\/az\\\/#\\\/schema\\\/person\\\/9cdbecf90d17180ce1dfbd95b08dcf47\",\"name\":\"elli\",\"sameAs\":[\"https:\\\/\\\/x.com\\\/elli\"]}]}<\/script>\n<!-- \/ Yoast SEO plugin. -->","yoast_head_json":{"title":"III Respublika Platformas\u0131 Prezident se\u00e7kisin\u0259 namiz\u0259d ir\u0259li s\u00fcrm\u0259y\u0259c\u0259k - MEYDAN.TV","robots":{"index":"index","follow":"follow","max-snippet":"max-snippet:-1","max-image-preview":"max-image-preview:large","max-video-preview":"max-video-preview:-1"},"canonical":"https:\/\/www.meydan.tv\/az\/article\/iii-respublika-platformasi-prezident-seckisine-namized-ireli-surmeyecek\/","og_locale":"az_AZ","og_type":"article","og_title":"III Respublika Platformas\u0131 Prezident se\u00e7kisin\u0259 namiz\u0259d ir\u0259li s\u00fcrm\u0259y\u0259c\u0259k - MEYDAN.TV","og_description":"Platforma he\u00e7 bir namiz\u0259di d\u0259st\u0259kl\u0259m\u0259y\u0259c\u0259yini d\u0259 b\u0259yan edib III Respublika ... Davam\u0131","og_url":"https:\/\/www.meydan.tv\/az\/article\/iii-respublika-platformasi-prezident-seckisine-namized-ireli-surmeyecek\/","og_site_name":"MEYDAN.TV","article_published_time":"2023-12-26T10:49:35+00:00","article_modified_time":"2023-12-26T10:50:25+00:00","og_image":[{"width":1500,"height":497,"url":"https:\/\/www.meydan.tv\/wp-content\/uploads\/photo1701899648-e1702025555841.jpg","type":"image\/jpeg"}],"author":"elli","twitter_card":"summary_large_image","twitter_creator":"@elli","schema":{"@context":"https:\/\/schema.org","@graph":[{"@type":"Article","@id":"https:\/\/www.meydan.tv\/az\/article\/iii-respublika-platformasi-prezident-seckisine-namized-ireli-surmeyecek\/#article","isPartOf":{"@id":"https:\/\/www.meydan.tv\/az\/article\/iii-respublika-platformasi-prezident-seckisine-namized-ireli-surmeyecek\/"},"author":{"name":"elli","@id":"https:\/\/www.meydan.tv\/az\/#\/schema\/person\/9cdbecf90d17180ce1dfbd95b08dcf47"},"headline":"III Respublika Platformas\u0131 Prezident se\u00e7kisin\u0259 namiz\u0259d ir\u0259li s\u00fcrm\u0259y\u0259c\u0259k","datePublished":"2023-12-26T10:49:35+00:00","dateModified":"2023-12-26T10:50:25+00:00","mainEntityOfPage":{"@id":"https:\/\/www.meydan.tv\/az\/article\/iii-respublika-platformasi-prezident-seckisine-namized-ireli-surmeyecek\/"},"wordCount":869,"publisher":{"@id":"https:\/\/www.meydan.tv\/az\/#organization"},"image":{"@id":"https:\/\/www.meydan.tv\/az\/article\/iii-respublika-platformasi-prezident-seckisine-namized-ireli-surmeyecek\/#primaryimage"},"thumbnailUrl":"https:\/\/www.meydan.tv\/wp-content\/uploads\/photo1701899648-e1702025555841.jpg","articleSection":["Se\u00e7ki 2024","Siyas\u0259t","X\u0259b\u0259rl\u0259r"],"inLanguage":"az"},{"@type":"WebPage","@id":"https:\/\/www.meydan.tv\/az\/article\/iii-respublika-platformasi-prezident-seckisine-namized-ireli-surmeyecek\/","url":"https:\/\/www.meydan.tv\/az\/article\/iii-respublika-platformasi-prezident-seckisine-namized-ireli-surmeyecek\/","name":"III Respublika Platformas\u0131 Prezident se\u00e7kisin\u0259 namiz\u0259d ir\u0259li s\u00fcrm\u0259y\u0259c\u0259k - MEYDAN.TV","isPartOf":{"@id":"https:\/\/www.meydan.tv\/az\/#website"},"primaryImageOfPage":{"@id":"https:\/\/www.meydan.tv\/az\/article\/iii-respublika-platformasi-prezident-seckisine-namized-ireli-surmeyecek\/#primaryimage"},"image":{"@id":"https:\/\/www.meydan.tv\/az\/article\/iii-respublika-platformasi-prezident-seckisine-namized-ireli-surmeyecek\/#primaryimage"},"thumbnailUrl":"https:\/\/www.meydan.tv\/wp-content\/uploads\/photo1701899648-e1702025555841.jpg","datePublished":"2023-12-26T10:49:35+00:00","dateModified":"2023-12-26T10:50:25+00:00","breadcrumb":{"@id":"https:\/\/www.meydan.tv\/az\/article\/iii-respublika-platformasi-prezident-seckisine-namized-ireli-surmeyecek\/#breadcrumb"},"inLanguage":"az","potentialAction":[{"@type":"ReadAction","target":["https:\/\/www.meydan.tv\/az\/article\/iii-respublika-platformasi-prezident-seckisine-namized-ireli-surmeyecek\/"]}]},{"@type":"ImageObject","inLanguage":"az","@id":"https:\/\/www.meydan.tv\/az\/article\/iii-respublika-platformasi-prezident-seckisine-namized-ireli-surmeyecek\/#primaryimage","url":"https:\/\/www.meydan.tv\/wp-content\/uploads\/photo1701899648-e1702025555841.jpg","contentUrl":"https:\/\/www.meydan.tv\/wp-content\/uploads\/photo1701899648-e1702025555841.jpg","width":1500,"height":497},{"@type":"BreadcrumbList","@id":"https:\/\/www.meydan.tv\/az\/article\/iii-respublika-platformasi-prezident-seckisine-namized-ireli-surmeyecek\/#breadcrumb","itemListElement":[{"@type":"ListItem","position":1,"name":"Ana s\u0259hif\u0259","item":"https:\/\/www.meydan.tv\/az\/"},{"@type":"ListItem","position":2,"name":"Siyas\u0259t","item":"https:\/\/www.meydan.tv\/az\/section\/siyaset\/"},{"@type":"ListItem","position":3,"name":"III Respublika Platformas\u0131 Prezident se\u00e7kisin\u0259 namiz\u0259d ir\u0259li s\u00fcrm\u0259y\u0259c\u0259k"}]},{"@type":"WebSite","@id":"https:\/\/www.meydan.tv\/az\/#website","url":"https:\/\/www.meydan.tv\/az\/","name":"MEYDAN.TV","description":"Meydan TV Az\u0259rbaycan\u0131n media m\u0259kan\u0131ndak\u0131 alternativ s\u0259sidir","publisher":{"@id":"https:\/\/www.meydan.tv\/az\/#organization"},"potentialAction":[{"@type":"SearchAction","target":{"@type":"EntryPoint","urlTemplate":"https:\/\/www.meydan.tv\/az\/?s={search_term_string}"},"query-input":{"@type":"PropertyValueSpecification","valueRequired":true,"valueName":"search_term_string"}}],"inLanguage":"az"},{"@type":"Organization","@id":"https:\/\/www.meydan.tv\/az\/#organization","name":"Meydan TV","url":"https:\/\/www.meydan.tv\/az\/","logo":{"@type":"ImageObject","inLanguage":"az","@id":"https:\/\/www.meydan.tv\/az\/#\/schema\/logo\/image\/","url":"https:\/\/www.meydan.tv\/wp-content\/uploads\/2021\/07\/meydan-logo.svg","contentUrl":"https:\/\/www.meydan.tv\/wp-content\/uploads\/2021\/07\/meydan-logo.svg","width":195,"height":46,"caption":"Meydan TV"},"image":{"@id":"https:\/\/www.meydan.tv\/az\/#\/schema\/logo\/image\/"}},{"@type":"Person","@id":"https:\/\/www.meydan.tv\/az\/#\/schema\/person\/9cdbecf90d17180ce1dfbd95b08dcf47","name":"elli","sameAs":["https:\/\/x.com\/elli"]}]}},"_links":{"self":[{"href":"https:\/\/www.meydan.tv\/az\/wp-json\/wp\/v2\/posts\/294045","targetHints":{"allow":["GET"]}}],"collection":[{"href":"https:\/\/www.meydan.tv\/az\/wp-json\/wp\/v2\/posts"}],"about":[{"href":"https:\/\/www.meydan.tv\/az\/wp-json\/wp\/v2\/types\/post"}],"author":[{"embeddable":true,"href":"https:\/\/www.meydan.tv\/az\/wp-json\/wp\/v2\/users\/8"}],"replies":[{"embeddable":true,"href":"https:\/\/www.meydan.tv\/az\/wp-json\/wp\/v2\/comments?post=294045"}],"version-history":[{"count":4,"href":"https:\/\/www.meydan.tv\/az\/wp-json\/wp\/v2\/posts\/294045\/revisions"}],"predecessor-version":[{"id":294051,"href":"https:\/\/www.meydan.tv\/az\/wp-json\/wp\/v2\/posts\/294045\/revisions\/294051"}],"wp:featuredmedia":[{"embeddable":true,"href":"https:\/\/www.meydan.tv\/az\/wp-json\/wp\/v2\/media\/292407"}],"wp:attachment":[{"href":"https:\/\/www.meydan.tv\/az\/wp-json\/wp\/v2\/media?parent=294045"}],"wp:term":[{"taxonomy":"category","embeddable":true,"href":"https:\/\/www.meydan.tv\/az\/wp-json\/wp\/v2\/categories?post=294045"},{"taxonomy":"post_tag","embeddable":true,"href":"https:\/\/www.meydan.tv\/az\/wp-json\/wp\/v2\/tags?post=294045"}],"curies":[{"name":"wp","href":"https:\/\/api.w.org\/{rel}","templated":true}]}}