{"id":293993,"date":"2023-12-26T11:42:10","date_gmt":"2023-12-26T07:42:10","guid":{"rendered":"https:\/\/www.meydan.tv\/?p=293993"},"modified":"2023-12-26T11:42:12","modified_gmt":"2023-12-26T07:42:12","slug":"hasara-alinmis-yasilliq-sahesinde-prokurorluq-ucun-bina-tikildiyi-deyilir","status":"publish","type":"post","link":"https:\/\/www.meydan.tv\/az\/article\/hasara-alinmis-yasilliq-sahesinde-prokurorluq-ucun-bina-tikildiyi-deyilir\/","title":{"rendered":"Hasara al\u0131nm\u0131\u015f ya\u015f\u0131ll\u0131q sah\u0259sind\u0259 prokurorluq \u00fc\u00e7\u00fcn bina tikildiyi deyilir"},"content":{"rendered":"\n<p><\/p>\n\n\n\n<p><strong><em>D\u00f6vl\u0259t \u015e\u0259h\u0259rsalma v\u0259 Arxitektura Komit\u0259si ara\u015fd\u0131rma \u00fc\u00e7\u00fcn tikintinin dayand\u0131r\u0131ld\u0131\u011f\u0131n\u0131 bildirir<\/em><\/strong><\/p>\n\n\n\n<p>Paytaxtda daha bir ya\u015f\u0131ll\u0131q sah\u0259si hasarlanaraq, \u0259razid\u0259 tikinti i\u015fl\u0259rin\u0259 ba\u015flan\u0131l\u0131b. Metronun \u201cD\u0259rn\u0259g\u00fcl\u201d stansiyas\u0131n\u0131n yax\u0131nl\u0131\u011f\u0131nda, S\u00fcleyman Sani Axundov k\u00fc\u00e7\u0259sind\u0259 \u015fam a\u011faclar\u0131ndan ibar\u0259t ya\u015f\u0131ll\u0131q sah\u0259si hasara al\u0131n\u0131b, i\u00e7\u0259risin\u0259 tikinti materiallar\u0131 y\u0131\u011f\u0131l\u0131b v\u0259 art\u0131q tikintiy\u0259 ba\u015flan\u0131l\u0131b.<\/p>\n\n\n\n<p>Bu bar\u0259d\u0259 Meydan TV-y\u0259 yax\u0131nl\u0131qda ya\u015fayan sakinl\u0259r m\u0259lumat veribl\u0259r. Onlar\u0131n s\u00f6zl\u0259rin\u0259 g\u00f6r\u0259, \u0259razid\u0259 tikinti aparan ustalar m\u0259lumat verm\u0259kd\u0259n imtina ets\u0259l\u0259r d\u0259, hans\u0131sa obyektin tikildiyini g\u00fcman edirl\u0259r. \u00c7\u00fcnki yax\u0131n ke\u00e7mi\u015fd\u0259 ya\u015f\u0131ll\u0131qlar\u0131n m\u0259hv edilm\u0259si hesab\u0131na kafel\u0259r, ma\u011fazalar tikilib. Bin\u0259q\u0259did\u0259 h\u0259r k\u00fc\u00e7\u0259n il ya\u015f\u0131ll\u0131q sah\u0259sinin say\u0131 bir az daha azal\u0131r.<\/p>\n\n\n\n<p><em>\u201c\u018frazid\u0259 onlarla a\u011fac var v\u0259 qurumay\u0131b. Bir m\u00fcdd\u0259t \u0259vv\u0259l a\u011faclar\u0131n bir qismi budan\u0131b. Tikinti i\u015fi s\u00fcr\u0259tl\u0259 davam edir, a\u011faclar\u0131n k\u0259sil\u0259c\u0259yind\u0259n, ya\u015f\u0131ll\u0131qlar\u0131n m\u0259hv edil\u0259c\u0259yind\u0259n narahat\u0131q. Amma \u0259razi polis n\u0259zar\u0259tind\u0259dir, he\u00e7 kim c\u0259sar\u0259t edib etiraz etmir\u201d,<\/em>&#8211; ad\u0131n\u0131n a\u00e7\u0131qlanmas\u0131n\u0131 ist\u0259m\u0259y\u0259n sakinl\u0259rd\u0259n biri deyib.<\/p>\n\n\n\n<p>\u018flav\u0259 edib ki, \u00e7oxu onun kimi ba\u015f ver\u0259 bil\u0259c\u0259kl\u0259ri n\u0259z\u0259r\u0259 al\u0131b etiraz etmir, narahatl\u0131qlar\u0131n\u0131 dil\u0259 g\u0259tirm\u0259kd\u0259n \u00e7\u0259kinir.<\/p>\n\n\n\n<p>Sosial \u015f\u0259b\u0259k\u0259l\u0259rd\u0259 \u0259razinin Ba\u015f Prokurorlu\u011fa aid oldu\u011funu, prokurorluq \u00fc\u00e7\u00fcn bina tikildiyini \u0259ks etdir\u0259n m\u0259lumat l\u00f6vh\u0259sinin \u015f\u0259kli payla\u015f\u0131l\u0131b.<\/p>\n\n\n\n<p>Lakin Ba\u015f Prokurorlu\u011fun m\u0259tbuat xidm\u0259tind\u0259n bununla ba\u011fl\u0131 sor\u011fuya cavab almaq m\u00fcmk\u00fcn olmay\u0131b.<\/p>\n\n\n\n<p>D\u00f6vl\u0259t \u015e\u0259h\u0259rsalma v\u0259 Arxitektura Komit\u0259sinin a\u00e7\u0131qlamas\u0131nda is\u0259 qeyd edilir ki, komit\u0259 yan\u0131nda Bak\u0131 \u015e\u0259h\u0259r Memarl\u0131q v\u0259 \u015e\u0259h\u0259rsalma Ba\u015f \u0130dar\u0259sinin \u0259m\u0259kda\u015flar\u0131 t\u0259r\u0259find\u0259n Bin\u0259q\u0259di rayonu, S\u00fcleyman Sani Axundov k\u00fc\u00e7\u0259si 114 \u00fcnvan\u0131nda tikinti i\u015fl\u0259ri ara\u015fd\u0131rma aparmaq m\u0259qs\u0259dil\u0259 dayand\u0131r\u0131l\u0131b. Haz\u0131rda h\u0259min \u00fcnvanla \u0259laq\u0259dar tikintiy\u0259 icaz\u0259 icraat\u0131 prosesi davam edir. Ba\u015f Prokurorlu\u011fun balans\u0131nda olan 0,9 hektar \u0259razinin \u0259sas sah\u0259sind\u0259 park yarad\u0131lmaqla rayon prokurorlu\u011funun yeni inzibati binan\u0131n tikintisi n\u0259z\u0259rd\u0259 tutulub.<\/p>\n\n\n\n<p>Bin\u0259q\u0259di Rayon \u0130cra Hakimiyy\u0259tinin xan\u0131m \u0259m\u0259kda\u015f\u0131 is\u0259 bildirib ki, tikinti i\u015fl\u0259rind\u0259n x\u0259b\u0259rdar deyil. Bununla bel\u0259, deyib ki, hans\u0131sa a\u011fac\u0131n q\u0131r\u0131lmas\u0131ndan s\u00f6hb\u0259t ged\u0259 bilm\u0259z: <\/p>\n\n\n\n<p><em>\u201cTikinti apar\u0131lark\u0259n m\u00fcvafiq qurumlarla, o c\u00fcml\u0259d\u0259n Ekologiya v\u0259 T\u0259bii S\u0259rv\u0259tl\u0259r Nazirliyi, Bak\u0131 \u015e\u0259h\u0259r \u0130cra Hakimiyy\u0259ti, icra Hakimiyy\u0259tinin Ya\u015f\u0131lla\u015fd\u0131rma Departamenti il\u0259 raz\u0131la\u015fd\u0131r\u0131l\u0131r\u201d.<\/em><\/p>\n","protected":false},"excerpt":{"rendered":"<p>D\u00f6vl\u0259t \u015e\u0259h\u0259rsalma v\u0259 Arxitektura Komit\u0259si ara\u015fd\u0131rma \u00fc\u00e7\u00fcn tikintinin dayand\u0131r\u0131ld\u0131\u011f\u0131n\u0131 bildirir &#8230; <\/p>\n<p class=\"read-more-container\"><a title=\"Hasara al\u0131nm\u0131\u015f ya\u015f\u0131ll\u0131q sah\u0259sind\u0259 prokurorluq \u00fc\u00e7\u00fcn bina tikildiyi deyilir\" class=\"read-more button\" href=\"https:\/\/www.meydan.tv\/az\/article\/hasara-alinmis-yasilliq-sahesinde-prokurorluq-ucun-bina-tikildiyi-deyilir\/#more-293993\" aria-label=\"Read more about Hasara al\u0131nm\u0131\u015f ya\u015f\u0131ll\u0131q sah\u0259sind\u0259 prokurorluq \u00fc\u00e7\u00fcn bina tikildiyi deyilir\">Davam\u0131<\/a><\/p>\n","protected":false},"author":8,"featured_media":293977,"comment_status":"closed","ping_status":"closed","sticky":false,"template":"","format":"standard","meta":{"_acf_changed":false,"_sitemap_exclude":false,"_sitemap_priority":"","_sitemap_frequency":"","footnotes":""},"categories":[62,79,56],"tags":[],"class_list":["post-293993","post","type-post","status-publish","format-standard","has-post-thumbnail","hentry","category-sosial","category-featured","category-xeberler","infinite-scroll-item","generate-columns","tablet-grid-50","mobile-grid-100","grid-parent","grid-33","no-featured-image-padding"],"acf":[],"yoast_head":"<!-- This site is optimized with the Yoast SEO plugin v27.5 - https:\/\/yoast.com\/product\/yoast-seo-wordpress\/ -->\n<title>Hasara al\u0131nm\u0131\u015f ya\u015f\u0131ll\u0131q sah\u0259sind\u0259 prokurorluq \u00fc\u00e7\u00fcn bina tikildiyi deyilir - MEYDAN.TV<\/title>\n<meta name=\"robots\" content=\"index, follow, max-snippet:-1, max-image-preview:large, max-video-preview:-1\" \/>\n<link rel=\"canonical\" href=\"https:\/\/www.meydan.tv\/az\/article\/hasara-alinmis-yasilliq-sahesinde-prokurorluq-ucun-bina-tikildiyi-deyilir\/\" \/>\n<meta property=\"og:locale\" content=\"az_AZ\" \/>\n<meta property=\"og:type\" content=\"article\" \/>\n<meta property=\"og:title\" content=\"Hasara al\u0131nm\u0131\u015f ya\u015f\u0131ll\u0131q sah\u0259sind\u0259 prokurorluq \u00fc\u00e7\u00fcn bina tikildiyi deyilir - MEYDAN.TV\" \/>\n<meta property=\"og:description\" content=\"D\u00f6vl\u0259t \u015e\u0259h\u0259rsalma v\u0259 Arxitektura Komit\u0259si ara\u015fd\u0131rma \u00fc\u00e7\u00fcn tikintinin dayand\u0131r\u0131ld\u0131\u011f\u0131n\u0131 bildirir ... Davam\u0131\" \/>\n<meta property=\"og:url\" content=\"https:\/\/www.meydan.tv\/az\/article\/hasara-alinmis-yasilliq-sahesinde-prokurorluq-ucun-bina-tikildiyi-deyilir\/\" \/>\n<meta property=\"og:site_name\" content=\"MEYDAN.TV\" \/>\n<meta property=\"article:published_time\" content=\"2023-12-26T07:42:10+00:00\" \/>\n<meta property=\"article:modified_time\" content=\"2023-12-26T07:42:12+00:00\" \/>\n<meta property=\"og:image\" content=\"https:\/\/www.meydan.tv\/wp-content\/uploads\/413830000_10232573908149836_5643956734983045341_n.jpg\" \/>\n\t<meta property=\"og:image:width\" content=\"1200\" \/>\n\t<meta property=\"og:image:height\" content=\"900\" \/>\n\t<meta property=\"og:image:type\" content=\"image\/jpeg\" \/>\n<meta name=\"author\" content=\"elli\" \/>\n<meta name=\"twitter:card\" content=\"summary_large_image\" \/>\n<meta name=\"twitter:creator\" content=\"@elli\" \/>\n<script type=\"application\/ld+json\" class=\"yoast-schema-graph\">{\"@context\":\"https:\\\/\\\/schema.org\",\"@graph\":[{\"@type\":\"Article\",\"@id\":\"https:\\\/\\\/www.meydan.tv\\\/az\\\/article\\\/hasara-alinmis-yasilliq-sahesinde-prokurorluq-ucun-bina-tikildiyi-deyilir\\\/#article\",\"isPartOf\":{\"@id\":\"https:\\\/\\\/www.meydan.tv\\\/az\\\/article\\\/hasara-alinmis-yasilliq-sahesinde-prokurorluq-ucun-bina-tikildiyi-deyilir\\\/\"},\"author\":{\"name\":\"elli\",\"@id\":\"https:\\\/\\\/www.meydan.tv\\\/az\\\/#\\\/schema\\\/person\\\/9cdbecf90d17180ce1dfbd95b08dcf47\"},\"headline\":\"Hasara al\u0131nm\u0131\u015f ya\u015f\u0131ll\u0131q sah\u0259sind\u0259 prokurorluq \u00fc\u00e7\u00fcn bina tikildiyi deyilir\",\"datePublished\":\"2023-12-26T07:42:10+00:00\",\"dateModified\":\"2023-12-26T07:42:12+00:00\",\"mainEntityOfPage\":{\"@id\":\"https:\\\/\\\/www.meydan.tv\\\/az\\\/article\\\/hasara-alinmis-yasilliq-sahesinde-prokurorluq-ucun-bina-tikildiyi-deyilir\\\/\"},\"wordCount\":526,\"publisher\":{\"@id\":\"https:\\\/\\\/www.meydan.tv\\\/az\\\/#organization\"},\"image\":{\"@id\":\"https:\\\/\\\/www.meydan.tv\\\/az\\\/article\\\/hasara-alinmis-yasilliq-sahesinde-prokurorluq-ucun-bina-tikildiyi-deyilir\\\/#primaryimage\"},\"thumbnailUrl\":\"https:\\\/\\\/www.meydan.tv\\\/wp-content\\\/uploads\\\/413830000_10232573908149836_5643956734983045341_n.jpg\",\"articleSection\":[\"Sosial\",\"T\u00f6vsiy\u0259\",\"X\u0259b\u0259rl\u0259r\"],\"inLanguage\":\"az\"},{\"@type\":\"WebPage\",\"@id\":\"https:\\\/\\\/www.meydan.tv\\\/az\\\/article\\\/hasara-alinmis-yasilliq-sahesinde-prokurorluq-ucun-bina-tikildiyi-deyilir\\\/\",\"url\":\"https:\\\/\\\/www.meydan.tv\\\/az\\\/article\\\/hasara-alinmis-yasilliq-sahesinde-prokurorluq-ucun-bina-tikildiyi-deyilir\\\/\",\"name\":\"Hasara al\u0131nm\u0131\u015f ya\u015f\u0131ll\u0131q sah\u0259sind\u0259 prokurorluq \u00fc\u00e7\u00fcn bina tikildiyi deyilir - MEYDAN.TV\",\"isPartOf\":{\"@id\":\"https:\\\/\\\/www.meydan.tv\\\/az\\\/#website\"},\"primaryImageOfPage\":{\"@id\":\"https:\\\/\\\/www.meydan.tv\\\/az\\\/article\\\/hasara-alinmis-yasilliq-sahesinde-prokurorluq-ucun-bina-tikildiyi-deyilir\\\/#primaryimage\"},\"image\":{\"@id\":\"https:\\\/\\\/www.meydan.tv\\\/az\\\/article\\\/hasara-alinmis-yasilliq-sahesinde-prokurorluq-ucun-bina-tikildiyi-deyilir\\\/#primaryimage\"},\"thumbnailUrl\":\"https:\\\/\\\/www.meydan.tv\\\/wp-content\\\/uploads\\\/413830000_10232573908149836_5643956734983045341_n.jpg\",\"datePublished\":\"2023-12-26T07:42:10+00:00\",\"dateModified\":\"2023-12-26T07:42:12+00:00\",\"breadcrumb\":{\"@id\":\"https:\\\/\\\/www.meydan.tv\\\/az\\\/article\\\/hasara-alinmis-yasilliq-sahesinde-prokurorluq-ucun-bina-tikildiyi-deyilir\\\/#breadcrumb\"},\"inLanguage\":\"az\",\"potentialAction\":[{\"@type\":\"ReadAction\",\"target\":[\"https:\\\/\\\/www.meydan.tv\\\/az\\\/article\\\/hasara-alinmis-yasilliq-sahesinde-prokurorluq-ucun-bina-tikildiyi-deyilir\\\/\"]}]},{\"@type\":\"ImageObject\",\"inLanguage\":\"az\",\"@id\":\"https:\\\/\\\/www.meydan.tv\\\/az\\\/article\\\/hasara-alinmis-yasilliq-sahesinde-prokurorluq-ucun-bina-tikildiyi-deyilir\\\/#primaryimage\",\"url\":\"https:\\\/\\\/www.meydan.tv\\\/wp-content\\\/uploads\\\/413830000_10232573908149836_5643956734983045341_n.jpg\",\"contentUrl\":\"https:\\\/\\\/www.meydan.tv\\\/wp-content\\\/uploads\\\/413830000_10232573908149836_5643956734983045341_n.jpg\",\"width\":1200,\"height\":900,\"caption\":\"Foto: Meydan TV\"},{\"@type\":\"BreadcrumbList\",\"@id\":\"https:\\\/\\\/www.meydan.tv\\\/az\\\/article\\\/hasara-alinmis-yasilliq-sahesinde-prokurorluq-ucun-bina-tikildiyi-deyilir\\\/#breadcrumb\",\"itemListElement\":[{\"@type\":\"ListItem\",\"position\":1,\"name\":\"Ana s\u0259hif\u0259\",\"item\":\"https:\\\/\\\/www.meydan.tv\\\/az\\\/\"},{\"@type\":\"ListItem\",\"position\":2,\"name\":\"Sosial\",\"item\":\"https:\\\/\\\/www.meydan.tv\\\/az\\\/section\\\/sosial\\\/\"},{\"@type\":\"ListItem\",\"position\":3,\"name\":\"Hasara al\u0131nm\u0131\u015f ya\u015f\u0131ll\u0131q sah\u0259sind\u0259 prokurorluq \u00fc\u00e7\u00fcn bina tikildiyi deyilir\"}]},{\"@type\":\"WebSite\",\"@id\":\"https:\\\/\\\/www.meydan.tv\\\/az\\\/#website\",\"url\":\"https:\\\/\\\/www.meydan.tv\\\/az\\\/\",\"name\":\"MEYDAN.TV\",\"description\":\"Meydan TV Az\u0259rbaycan\u0131n media m\u0259kan\u0131ndak\u0131 alternativ s\u0259sidir\",\"publisher\":{\"@id\":\"https:\\\/\\\/www.meydan.tv\\\/az\\\/#organization\"},\"potentialAction\":[{\"@type\":\"SearchAction\",\"target\":{\"@type\":\"EntryPoint\",\"urlTemplate\":\"https:\\\/\\\/www.meydan.tv\\\/az\\\/?s={search_term_string}\"},\"query-input\":{\"@type\":\"PropertyValueSpecification\",\"valueRequired\":true,\"valueName\":\"search_term_string\"}}],\"inLanguage\":\"az\"},{\"@type\":\"Organization\",\"@id\":\"https:\\\/\\\/www.meydan.tv\\\/az\\\/#organization\",\"name\":\"Meydan TV\",\"url\":\"https:\\\/\\\/www.meydan.tv\\\/az\\\/\",\"logo\":{\"@type\":\"ImageObject\",\"inLanguage\":\"az\",\"@id\":\"https:\\\/\\\/www.meydan.tv\\\/az\\\/#\\\/schema\\\/logo\\\/image\\\/\",\"url\":\"https:\\\/\\\/www.meydan.tv\\\/wp-content\\\/uploads\\\/2021\\\/07\\\/meydan-logo.svg\",\"contentUrl\":\"https:\\\/\\\/www.meydan.tv\\\/wp-content\\\/uploads\\\/2021\\\/07\\\/meydan-logo.svg\",\"width\":195,\"height\":46,\"caption\":\"Meydan TV\"},\"image\":{\"@id\":\"https:\\\/\\\/www.meydan.tv\\\/az\\\/#\\\/schema\\\/logo\\\/image\\\/\"}},{\"@type\":\"Person\",\"@id\":\"https:\\\/\\\/www.meydan.tv\\\/az\\\/#\\\/schema\\\/person\\\/9cdbecf90d17180ce1dfbd95b08dcf47\",\"name\":\"elli\",\"sameAs\":[\"https:\\\/\\\/x.com\\\/elli\"]}]}<\/script>\n<!-- \/ Yoast SEO plugin. -->","yoast_head_json":{"title":"Hasara al\u0131nm\u0131\u015f ya\u015f\u0131ll\u0131q sah\u0259sind\u0259 prokurorluq \u00fc\u00e7\u00fcn bina tikildiyi deyilir - MEYDAN.TV","robots":{"index":"index","follow":"follow","max-snippet":"max-snippet:-1","max-image-preview":"max-image-preview:large","max-video-preview":"max-video-preview:-1"},"canonical":"https:\/\/www.meydan.tv\/az\/article\/hasara-alinmis-yasilliq-sahesinde-prokurorluq-ucun-bina-tikildiyi-deyilir\/","og_locale":"az_AZ","og_type":"article","og_title":"Hasara al\u0131nm\u0131\u015f ya\u015f\u0131ll\u0131q sah\u0259sind\u0259 prokurorluq \u00fc\u00e7\u00fcn bina tikildiyi deyilir - MEYDAN.TV","og_description":"D\u00f6vl\u0259t \u015e\u0259h\u0259rsalma v\u0259 Arxitektura Komit\u0259si ara\u015fd\u0131rma \u00fc\u00e7\u00fcn tikintinin dayand\u0131r\u0131ld\u0131\u011f\u0131n\u0131 bildirir ... Davam\u0131","og_url":"https:\/\/www.meydan.tv\/az\/article\/hasara-alinmis-yasilliq-sahesinde-prokurorluq-ucun-bina-tikildiyi-deyilir\/","og_site_name":"MEYDAN.TV","article_published_time":"2023-12-26T07:42:10+00:00","article_modified_time":"2023-12-26T07:42:12+00:00","og_image":[{"width":1200,"height":900,"url":"https:\/\/www.meydan.tv\/wp-content\/uploads\/413830000_10232573908149836_5643956734983045341_n.jpg","type":"image\/jpeg"}],"author":"elli","twitter_card":"summary_large_image","twitter_creator":"@elli","schema":{"@context":"https:\/\/schema.org","@graph":[{"@type":"Article","@id":"https:\/\/www.meydan.tv\/az\/article\/hasara-alinmis-yasilliq-sahesinde-prokurorluq-ucun-bina-tikildiyi-deyilir\/#article","isPartOf":{"@id":"https:\/\/www.meydan.tv\/az\/article\/hasara-alinmis-yasilliq-sahesinde-prokurorluq-ucun-bina-tikildiyi-deyilir\/"},"author":{"name":"elli","@id":"https:\/\/www.meydan.tv\/az\/#\/schema\/person\/9cdbecf90d17180ce1dfbd95b08dcf47"},"headline":"Hasara al\u0131nm\u0131\u015f ya\u015f\u0131ll\u0131q sah\u0259sind\u0259 prokurorluq \u00fc\u00e7\u00fcn bina tikildiyi deyilir","datePublished":"2023-12-26T07:42:10+00:00","dateModified":"2023-12-26T07:42:12+00:00","mainEntityOfPage":{"@id":"https:\/\/www.meydan.tv\/az\/article\/hasara-alinmis-yasilliq-sahesinde-prokurorluq-ucun-bina-tikildiyi-deyilir\/"},"wordCount":526,"publisher":{"@id":"https:\/\/www.meydan.tv\/az\/#organization"},"image":{"@id":"https:\/\/www.meydan.tv\/az\/article\/hasara-alinmis-yasilliq-sahesinde-prokurorluq-ucun-bina-tikildiyi-deyilir\/#primaryimage"},"thumbnailUrl":"https:\/\/www.meydan.tv\/wp-content\/uploads\/413830000_10232573908149836_5643956734983045341_n.jpg","articleSection":["Sosial","T\u00f6vsiy\u0259","X\u0259b\u0259rl\u0259r"],"inLanguage":"az"},{"@type":"WebPage","@id":"https:\/\/www.meydan.tv\/az\/article\/hasara-alinmis-yasilliq-sahesinde-prokurorluq-ucun-bina-tikildiyi-deyilir\/","url":"https:\/\/www.meydan.tv\/az\/article\/hasara-alinmis-yasilliq-sahesinde-prokurorluq-ucun-bina-tikildiyi-deyilir\/","name":"Hasara al\u0131nm\u0131\u015f ya\u015f\u0131ll\u0131q sah\u0259sind\u0259 prokurorluq \u00fc\u00e7\u00fcn bina tikildiyi deyilir - MEYDAN.TV","isPartOf":{"@id":"https:\/\/www.meydan.tv\/az\/#website"},"primaryImageOfPage":{"@id":"https:\/\/www.meydan.tv\/az\/article\/hasara-alinmis-yasilliq-sahesinde-prokurorluq-ucun-bina-tikildiyi-deyilir\/#primaryimage"},"image":{"@id":"https:\/\/www.meydan.tv\/az\/article\/hasara-alinmis-yasilliq-sahesinde-prokurorluq-ucun-bina-tikildiyi-deyilir\/#primaryimage"},"thumbnailUrl":"https:\/\/www.meydan.tv\/wp-content\/uploads\/413830000_10232573908149836_5643956734983045341_n.jpg","datePublished":"2023-12-26T07:42:10+00:00","dateModified":"2023-12-26T07:42:12+00:00","breadcrumb":{"@id":"https:\/\/www.meydan.tv\/az\/article\/hasara-alinmis-yasilliq-sahesinde-prokurorluq-ucun-bina-tikildiyi-deyilir\/#breadcrumb"},"inLanguage":"az","potentialAction":[{"@type":"ReadAction","target":["https:\/\/www.meydan.tv\/az\/article\/hasara-alinmis-yasilliq-sahesinde-prokurorluq-ucun-bina-tikildiyi-deyilir\/"]}]},{"@type":"ImageObject","inLanguage":"az","@id":"https:\/\/www.meydan.tv\/az\/article\/hasara-alinmis-yasilliq-sahesinde-prokurorluq-ucun-bina-tikildiyi-deyilir\/#primaryimage","url":"https:\/\/www.meydan.tv\/wp-content\/uploads\/413830000_10232573908149836_5643956734983045341_n.jpg","contentUrl":"https:\/\/www.meydan.tv\/wp-content\/uploads\/413830000_10232573908149836_5643956734983045341_n.jpg","width":1200,"height":900,"caption":"Foto: Meydan TV"},{"@type":"BreadcrumbList","@id":"https:\/\/www.meydan.tv\/az\/article\/hasara-alinmis-yasilliq-sahesinde-prokurorluq-ucun-bina-tikildiyi-deyilir\/#breadcrumb","itemListElement":[{"@type":"ListItem","position":1,"name":"Ana s\u0259hif\u0259","item":"https:\/\/www.meydan.tv\/az\/"},{"@type":"ListItem","position":2,"name":"Sosial","item":"https:\/\/www.meydan.tv\/az\/section\/sosial\/"},{"@type":"ListItem","position":3,"name":"Hasara al\u0131nm\u0131\u015f ya\u015f\u0131ll\u0131q sah\u0259sind\u0259 prokurorluq \u00fc\u00e7\u00fcn bina tikildiyi deyilir"}]},{"@type":"WebSite","@id":"https:\/\/www.meydan.tv\/az\/#website","url":"https:\/\/www.meydan.tv\/az\/","name":"MEYDAN.TV","description":"Meydan TV Az\u0259rbaycan\u0131n media m\u0259kan\u0131ndak\u0131 alternativ s\u0259sidir","publisher":{"@id":"https:\/\/www.meydan.tv\/az\/#organization"},"potentialAction":[{"@type":"SearchAction","target":{"@type":"EntryPoint","urlTemplate":"https:\/\/www.meydan.tv\/az\/?s={search_term_string}"},"query-input":{"@type":"PropertyValueSpecification","valueRequired":true,"valueName":"search_term_string"}}],"inLanguage":"az"},{"@type":"Organization","@id":"https:\/\/www.meydan.tv\/az\/#organization","name":"Meydan TV","url":"https:\/\/www.meydan.tv\/az\/","logo":{"@type":"ImageObject","inLanguage":"az","@id":"https:\/\/www.meydan.tv\/az\/#\/schema\/logo\/image\/","url":"https:\/\/www.meydan.tv\/wp-content\/uploads\/2021\/07\/meydan-logo.svg","contentUrl":"https:\/\/www.meydan.tv\/wp-content\/uploads\/2021\/07\/meydan-logo.svg","width":195,"height":46,"caption":"Meydan TV"},"image":{"@id":"https:\/\/www.meydan.tv\/az\/#\/schema\/logo\/image\/"}},{"@type":"Person","@id":"https:\/\/www.meydan.tv\/az\/#\/schema\/person\/9cdbecf90d17180ce1dfbd95b08dcf47","name":"elli","sameAs":["https:\/\/x.com\/elli"]}]}},"_links":{"self":[{"href":"https:\/\/www.meydan.tv\/az\/wp-json\/wp\/v2\/posts\/293993","targetHints":{"allow":["GET"]}}],"collection":[{"href":"https:\/\/www.meydan.tv\/az\/wp-json\/wp\/v2\/posts"}],"about":[{"href":"https:\/\/www.meydan.tv\/az\/wp-json\/wp\/v2\/types\/post"}],"author":[{"embeddable":true,"href":"https:\/\/www.meydan.tv\/az\/wp-json\/wp\/v2\/users\/8"}],"replies":[{"embeddable":true,"href":"https:\/\/www.meydan.tv\/az\/wp-json\/wp\/v2\/comments?post=293993"}],"version-history":[{"count":2,"href":"https:\/\/www.meydan.tv\/az\/wp-json\/wp\/v2\/posts\/293993\/revisions"}],"predecessor-version":[{"id":294001,"href":"https:\/\/www.meydan.tv\/az\/wp-json\/wp\/v2\/posts\/293993\/revisions\/294001"}],"wp:featuredmedia":[{"embeddable":true,"href":"https:\/\/www.meydan.tv\/az\/wp-json\/wp\/v2\/media\/293977"}],"wp:attachment":[{"href":"https:\/\/www.meydan.tv\/az\/wp-json\/wp\/v2\/media?parent=293993"}],"wp:term":[{"taxonomy":"category","embeddable":true,"href":"https:\/\/www.meydan.tv\/az\/wp-json\/wp\/v2\/categories?post=293993"},{"taxonomy":"post_tag","embeddable":true,"href":"https:\/\/www.meydan.tv\/az\/wp-json\/wp\/v2\/tags?post=293993"}],"curies":[{"name":"wp","href":"https:\/\/api.w.org\/{rel}","templated":true}]}}