{"id":293991,"date":"2023-12-26T11:39:14","date_gmt":"2023-12-26T07:39:14","guid":{"rendered":"https:\/\/www.meydan.tv\/?p=293991"},"modified":"2023-12-26T11:39:18","modified_gmt":"2023-12-26T07:39:18","slug":"miki-kendinde-vaxtile-150-200-usagin-tehsil-aldigi-mekteb-hazirda-bes-on-sagirdin-umidine-qalib","status":"publish","type":"post","link":"https:\/\/www.meydan.tv\/az\/article\/miki-kendinde-vaxtile-150-200-usagin-tehsil-aldigi-mekteb-hazirda-bes-on-sagirdin-umidine-qalib\/","title":{"rendered":"\u201cMiki k\u0259ndind\u0259 vaxtil\u0259 150-200 u\u015fa\u011f\u0131n t\u0259hsil ald\u0131\u011f\u0131 m\u0259kt\u0259b haz\u0131rda be\u015f-on \u015fagirdin \u00fcmidin\u0259 qal\u0131b\u201d"},"content":{"rendered":"\n<p><\/p>\n\n\n\n<p><strong><em>Sakinl\u0259r deyirl\u0259r ki, Astaran\u0131n bu da\u011f k\u0259ndini imkans\u0131zl\u0131qdan t\u0259rk ed\u0259nl\u0259r \u00e7oxal\u0131r<\/em><\/strong><\/p>\n\n\n\n<p>Astaran\u0131n bir ne\u00e7\u0259 da\u011f k\u0259ndi, o c\u00fcml\u0259d\u0259n Mikid\u0259 \u0259halinin say\u0131 get-ged\u0259 azal\u0131r. X\u00fcsusil\u0259 g\u0259ncl\u0259r rayon m\u0259k\u0259zin\u0259, paytaxta \u00fcz tuturlar. K\u0259nd m\u0259kt\u0259bin\u0259 ged\u0259n u\u015faqlar\u0131n say\u0131 xeyli azald\u0131\u011f\u0131ndan q\u0259zal\u0131 v\u0259ziyy\u0259t\u0259 d\u00fc\u015f\u0259n bina t\u0259mir edilm\u0259yib, yax\u0131n vaxtlarda m\u0259kt\u0259bin f\u0259aliyy\u0259tinin dayand\u0131r\u0131laca\u011f\u0131 g\u00f6zl\u0259nilir.<\/p>\n\n\n\n<p>Bu bar\u0259d\u0259 Meydan TV-y\u0259 k\u0259nd sakinl\u0259ri m\u0259lumat veribl\u0259r. Sakinl\u0259rd\u0259n Fikr\u0259t N\u0259sirov bildirib ki, dolan\u0131\u015f\u0131q \u00fc\u00e7\u00fcn k\u0259ndi t\u0259rk etm\u0259y\u0259 m\u0259cbur qalanlardand\u0131r, lakin do\u011fmalar\u0131 h\u0259min k\u0259ndd\u0259 qal\u0131b. Deyir ki, vaxtil\u0259 150-200 u\u015fa\u011f\u0131n t\u0259hsil ald\u0131\u011f\u0131 m\u0259kt\u0259b haz\u0131rda be\u015f-on \u015fagirdin \u00fcmidin\u0259 qal\u0131b. \u015eagird say\u0131 azald\u0131\u011f\u0131ndan m\u0259kt\u0259blil\u0259r Rin\u0259 k\u0259nd tam orta m\u0259kt\u0259bin\u0259 k\u00f6\u00e7\u00fcr\u00fcl\u00fcrl\u0259r, art\u0131q bu il 11-cil\u0259r t\u0259hsill\u0259rini Rin\u0259 k\u0259nd m\u0259kt\u0259bind\u0259 davam etdirirl\u0259r.<\/p>\n\n\n<div class=\"wp-block-image\">\n<figure class=\"aligncenter size-full\"><img decoding=\"async\" width=\"1000\" height=\"539\" data-src=\"https:\/\/www.meydan.tv\/wp-content\/uploads\/f7322f33-5c7e-4b01-b591-10d20f45239f_720.jpg\" alt=\"\" class=\"wp-image-293980 lazyload\" src=\"data:image\/svg+xml;base64,PHN2ZyB3aWR0aD0iMSIgaGVpZ2h0PSIxIiB4bWxucz0iaHR0cDovL3d3dy53My5vcmcvMjAwMC9zdmciPjwvc3ZnPg==\" style=\"--smush-placeholder-width: 1000px; --smush-placeholder-aspect-ratio: 1000\/539;\" \/><\/figure>\n<\/div>\n\n\n<p><em>\u201cMiki da\u011f k\u0259ndidir, k\u0259ndin a\u015fa\u011f\u0131 yollar\u0131 s\u00fcr\u00fc\u015fm\u0259y\u0259 meyillidir. Ya\u011f\u0131\u015flardan sonra sel k\u0259ndi rayon m\u0259rk\u0259zi il\u0259 birl\u0259\u015fdir\u0259n Pens\u0259r \u00e7ay\u0131n \u00fcz\u0259rind\u0259ki k\u00f6rp\u00fcn\u00fc d\u0259 da\u011f\u0131d\u0131b. U\u015faqlar h\u0259r g\u00fcn kilometrl\u0259rl\u0259 yolu piyada getm\u0259k m\u0259cburiyy\u0259tind\u0259 qal\u0131rlar. Qarl\u0131 havalarda yollarda h\u0259r\u0259k\u0259t \u00e7\u0259tinl\u0259\u015fir\u201d,<\/em>-N\u0259sirov s\u00f6yl\u0259yib.<\/p>\n\n\n\n<p>Rayon m\u0259rk\u0259zind\u0259n 45 kilomert uzaqda yerl\u0259\u015f\u0259n Miki k\u0259ndi sovet d\u00f6vr\u00fcnd\u0259 ar\u0131\u00e7\u0131l\u0131q v\u0259 heyvandarl\u0131qla m\u0259\u015f\u011ful olub. Miki bal\u0131 indi d\u0259 m\u0259\u015fhurdur. Astara bal\u00e7\u0131lar\u0131n\u0131n bir qismi bu k\u0259ndd\u0259ndir.<\/p>\n\n\n\n<p>Ya\u015fl\u0131 sakinl\u0259r deyirl\u0259r ki, sitrus\u00e7uluqla da m\u0259\u015f\u011ful olurlar, lakin son bir-iki ildir sitrus meyv\u0259l\u0259rinin qiym\u0259ti k\u0259skin d\u00fc\u015f\u00fcb, ilboyu \u00e7\u0259kdikl\u0259ri \u0259ziyy\u0259ti, x\u0259rcl\u0259rini qar\u015f\u0131lam\u0131r. <\/p>\n\n\n<div class=\"wp-block-image\">\n<figure class=\"aligncenter size-large\"><img decoding=\"async\" width=\"1200\" height=\"509\" data-src=\"https:\/\/www.meydan.tv\/wp-content\/uploads\/036802b7-d7a6-48b1-8770-8f0661670676-1200x509.jpg\" alt=\"\" class=\"wp-image-293983 lazyload\" src=\"data:image\/svg+xml;base64,PHN2ZyB3aWR0aD0iMSIgaGVpZ2h0PSIxIiB4bWxucz0iaHR0cDovL3d3dy53My5vcmcvMjAwMC9zdmciPjwvc3ZnPg==\" style=\"--smush-placeholder-width: 1200px; --smush-placeholder-aspect-ratio: 1200\/509;\" \/><\/figure>\n<\/div>\n\n\n<p>Heyvandarl\u0131q v\u0259 sitrus\u00e7uluqdan qazanc get-ged\u0259 azald\u0131\u011f\u0131ndan k\u0259ndlil\u0259r dolan\u0131\u015f\u0131q \u00fc\u00e7\u00fcn ba\u015fqa \u0259razil\u0259rd\u0259 i\u015f axtar\u0131rlar. Halbuki, k\u0259ndin t\u0259bi\u0259ti o q\u0259d\u0259r g\u00f6z\u0259ldir ki, t\u0259k turizml\u0259 ham\u0131 dolana bil\u0259r.<\/p>\n\n\n\n<p>K\u0259ndlil\u0259r deyirl\u0259r ki, sosial probleml\u0259r s\u0259b\u0259bind\u0259n k\u0259ndi t\u0259rk etm\u0259y\u0259 m\u0259cbur qal\u0131rlar. \u018fks\u0259riyy\u0259t yayda geri d\u00f6n\u00fcr.<\/p>\n\n\n\n<p>Fikr\u0259t N\u0259sirov qeyd edib ki, q\u0131\u015fda dig\u0259r k\u0259nd\u0259, rayon m\u0259rk\u0259zin\u0259 gedib-g\u0259lm\u0259k \u00e7\u0259tindir, qarl\u0131 yollar\u0131 avtomobill\u0259r g\u00fccl\u0259 ke\u00e7ir.<\/p>\n\n\n\n<p>Astara Rayon \u0130cra Hakimiyy\u0259tind\u0259n is\u0259 bildiribl\u0259r ki, k\u0259ndd\u0259n k\u00f6\u00e7\u0259nl\u0259rl\u0259 yana\u015f\u0131, k\u0259nd\u0259 k\u00f6\u00e7m\u0259k ist\u0259y\u0259nl\u0259r d\u0259 olur. Buna g\u00f6r\u0259 d\u0259 k\u0259ndl\u0259rin tam bo\u015falmas\u0131 iddias\u0131 do\u011fru deyil. U\u00e7mu\u015f k\u00f6rp\u00fc is\u0259 b\u0259rpa edilir. Lakin m\u0259kt\u0259b tikintisi Elm v\u0259 T\u0259hsil Nazirliyinin s\u0259lahiyy\u0259tind\u0259dir.<br>L\u0259nk\u0259ran-Astara Regional T\u0259hsil \u0130dr\u0259sind\u0259n is\u0259 suallar\u0131 cavabland\u0131rmay\u0131blar.<\/p>\n","protected":false},"excerpt":{"rendered":"<p>Sakinl\u0259r deyirl\u0259r ki, Astaran\u0131n bu da\u011f k\u0259ndini imkans\u0131zl\u0131qdan t\u0259rk ed\u0259nl\u0259r &#8230; <\/p>\n<p class=\"read-more-container\"><a title=\"\u201cMiki k\u0259ndind\u0259 vaxtil\u0259 150-200 u\u015fa\u011f\u0131n t\u0259hsil ald\u0131\u011f\u0131 m\u0259kt\u0259b haz\u0131rda be\u015f-on \u015fagirdin \u00fcmidin\u0259 qal\u0131b\u201d\" class=\"read-more button\" href=\"https:\/\/www.meydan.tv\/az\/article\/miki-kendinde-vaxtile-150-200-usagin-tehsil-aldigi-mekteb-hazirda-bes-on-sagirdin-umidine-qalib\/#more-293991\" aria-label=\"Read more about \u201cMiki k\u0259ndind\u0259 vaxtil\u0259 150-200 u\u015fa\u011f\u0131n t\u0259hsil ald\u0131\u011f\u0131 m\u0259kt\u0259b haz\u0131rda be\u015f-on \u015fagirdin \u00fcmidin\u0259 qal\u0131b\u201d\">Davam\u0131<\/a><\/p>\n","protected":false},"author":8,"featured_media":293986,"comment_status":"closed","ping_status":"closed","sticky":false,"template":"","format":"standard","meta":{"_acf_changed":false,"_sitemap_exclude":false,"_sitemap_priority":"","_sitemap_frequency":"","footnotes":""},"categories":[60,56],"tags":[],"class_list":["post-293991","post","type-post","status-publish","format-standard","has-post-thumbnail","hentry","category-bolge","category-xeberler","infinite-scroll-item","generate-columns","tablet-grid-50","mobile-grid-100","grid-parent","grid-33","no-featured-image-padding"],"acf":[],"yoast_head":"<!-- This site is optimized with the Yoast SEO plugin v27.4 - https:\/\/yoast.com\/product\/yoast-seo-wordpress\/ -->\n<title>\u201cMiki k\u0259ndind\u0259 vaxtil\u0259 150-200 u\u015fa\u011f\u0131n t\u0259hsil ald\u0131\u011f\u0131 m\u0259kt\u0259b haz\u0131rda be\u015f-on \u015fagirdin \u00fcmidin\u0259 qal\u0131b\u201d - MEYDAN.TV<\/title>\n<meta name=\"robots\" content=\"index, follow, max-snippet:-1, max-image-preview:large, max-video-preview:-1\" \/>\n<link rel=\"canonical\" href=\"https:\/\/www.meydan.tv\/az\/article\/miki-kendinde-vaxtile-150-200-usagin-tehsil-aldigi-mekteb-hazirda-bes-on-sagirdin-umidine-qalib\/\" \/>\n<meta property=\"og:locale\" content=\"az_AZ\" \/>\n<meta property=\"og:type\" content=\"article\" \/>\n<meta property=\"og:title\" content=\"\u201cMiki k\u0259ndind\u0259 vaxtil\u0259 150-200 u\u015fa\u011f\u0131n t\u0259hsil ald\u0131\u011f\u0131 m\u0259kt\u0259b haz\u0131rda be\u015f-on \u015fagirdin \u00fcmidin\u0259 qal\u0131b\u201d - MEYDAN.TV\" \/>\n<meta property=\"og:description\" content=\"Sakinl\u0259r deyirl\u0259r ki, Astaran\u0131n bu da\u011f k\u0259ndini imkans\u0131zl\u0131qdan t\u0259rk ed\u0259nl\u0259r ... Davam\u0131\" \/>\n<meta property=\"og:url\" content=\"https:\/\/www.meydan.tv\/az\/article\/miki-kendinde-vaxtile-150-200-usagin-tehsil-aldigi-mekteb-hazirda-bes-on-sagirdin-umidine-qalib\/\" \/>\n<meta property=\"og:site_name\" content=\"MEYDAN.TV\" \/>\n<meta property=\"article:published_time\" content=\"2023-12-26T07:39:14+00:00\" \/>\n<meta property=\"article:modified_time\" content=\"2023-12-26T07:39:18+00:00\" \/>\n<meta property=\"og:image\" content=\"https:\/\/www.meydan.tv\/wp-content\/uploads\/545f932d-351a-4e83-8978-83c648084b41.jpg\" \/>\n\t<meta property=\"og:image:width\" content=\"1568\" \/>\n\t<meta property=\"og:image:height\" content=\"812\" \/>\n\t<meta property=\"og:image:type\" content=\"image\/jpeg\" \/>\n<meta name=\"author\" content=\"elli\" \/>\n<meta name=\"twitter:card\" content=\"summary_large_image\" \/>\n<meta name=\"twitter:creator\" content=\"@elli\" \/>\n<script type=\"application\/ld+json\" class=\"yoast-schema-graph\">{\"@context\":\"https:\\\/\\\/schema.org\",\"@graph\":[{\"@type\":\"Article\",\"@id\":\"https:\\\/\\\/www.meydan.tv\\\/az\\\/article\\\/miki-kendinde-vaxtile-150-200-usagin-tehsil-aldigi-mekteb-hazirda-bes-on-sagirdin-umidine-qalib\\\/#article\",\"isPartOf\":{\"@id\":\"https:\\\/\\\/www.meydan.tv\\\/az\\\/article\\\/miki-kendinde-vaxtile-150-200-usagin-tehsil-aldigi-mekteb-hazirda-bes-on-sagirdin-umidine-qalib\\\/\"},\"author\":{\"name\":\"elli\",\"@id\":\"https:\\\/\\\/www.meydan.tv\\\/az\\\/#\\\/schema\\\/person\\\/9cdbecf90d17180ce1dfbd95b08dcf47\"},\"headline\":\"\u201cMiki k\u0259ndind\u0259 vaxtil\u0259 150-200 u\u015fa\u011f\u0131n t\u0259hsil ald\u0131\u011f\u0131 m\u0259kt\u0259b haz\u0131rda be\u015f-on \u015fagirdin \u00fcmidin\u0259 qal\u0131b\u201d\",\"datePublished\":\"2023-12-26T07:39:14+00:00\",\"dateModified\":\"2023-12-26T07:39:18+00:00\",\"mainEntityOfPage\":{\"@id\":\"https:\\\/\\\/www.meydan.tv\\\/az\\\/article\\\/miki-kendinde-vaxtile-150-200-usagin-tehsil-aldigi-mekteb-hazirda-bes-on-sagirdin-umidine-qalib\\\/\"},\"wordCount\":552,\"publisher\":{\"@id\":\"https:\\\/\\\/www.meydan.tv\\\/az\\\/#organization\"},\"image\":{\"@id\":\"https:\\\/\\\/www.meydan.tv\\\/az\\\/article\\\/miki-kendinde-vaxtile-150-200-usagin-tehsil-aldigi-mekteb-hazirda-bes-on-sagirdin-umidine-qalib\\\/#primaryimage\"},\"thumbnailUrl\":\"https:\\\/\\\/www.meydan.tv\\\/wp-content\\\/uploads\\\/545f932d-351a-4e83-8978-83c648084b41.jpg\",\"articleSection\":[\"B\u00f6lg\u0259\",\"X\u0259b\u0259rl\u0259r\"],\"inLanguage\":\"az\"},{\"@type\":\"WebPage\",\"@id\":\"https:\\\/\\\/www.meydan.tv\\\/az\\\/article\\\/miki-kendinde-vaxtile-150-200-usagin-tehsil-aldigi-mekteb-hazirda-bes-on-sagirdin-umidine-qalib\\\/\",\"url\":\"https:\\\/\\\/www.meydan.tv\\\/az\\\/article\\\/miki-kendinde-vaxtile-150-200-usagin-tehsil-aldigi-mekteb-hazirda-bes-on-sagirdin-umidine-qalib\\\/\",\"name\":\"\u201cMiki k\u0259ndind\u0259 vaxtil\u0259 150-200 u\u015fa\u011f\u0131n t\u0259hsil ald\u0131\u011f\u0131 m\u0259kt\u0259b haz\u0131rda be\u015f-on \u015fagirdin \u00fcmidin\u0259 qal\u0131b\u201d - MEYDAN.TV\",\"isPartOf\":{\"@id\":\"https:\\\/\\\/www.meydan.tv\\\/az\\\/#website\"},\"primaryImageOfPage\":{\"@id\":\"https:\\\/\\\/www.meydan.tv\\\/az\\\/article\\\/miki-kendinde-vaxtile-150-200-usagin-tehsil-aldigi-mekteb-hazirda-bes-on-sagirdin-umidine-qalib\\\/#primaryimage\"},\"image\":{\"@id\":\"https:\\\/\\\/www.meydan.tv\\\/az\\\/article\\\/miki-kendinde-vaxtile-150-200-usagin-tehsil-aldigi-mekteb-hazirda-bes-on-sagirdin-umidine-qalib\\\/#primaryimage\"},\"thumbnailUrl\":\"https:\\\/\\\/www.meydan.tv\\\/wp-content\\\/uploads\\\/545f932d-351a-4e83-8978-83c648084b41.jpg\",\"datePublished\":\"2023-12-26T07:39:14+00:00\",\"dateModified\":\"2023-12-26T07:39:18+00:00\",\"breadcrumb\":{\"@id\":\"https:\\\/\\\/www.meydan.tv\\\/az\\\/article\\\/miki-kendinde-vaxtile-150-200-usagin-tehsil-aldigi-mekteb-hazirda-bes-on-sagirdin-umidine-qalib\\\/#breadcrumb\"},\"inLanguage\":\"az\",\"potentialAction\":[{\"@type\":\"ReadAction\",\"target\":[\"https:\\\/\\\/www.meydan.tv\\\/az\\\/article\\\/miki-kendinde-vaxtile-150-200-usagin-tehsil-aldigi-mekteb-hazirda-bes-on-sagirdin-umidine-qalib\\\/\"]}]},{\"@type\":\"ImageObject\",\"inLanguage\":\"az\",\"@id\":\"https:\\\/\\\/www.meydan.tv\\\/az\\\/article\\\/miki-kendinde-vaxtile-150-200-usagin-tehsil-aldigi-mekteb-hazirda-bes-on-sagirdin-umidine-qalib\\\/#primaryimage\",\"url\":\"https:\\\/\\\/www.meydan.tv\\\/wp-content\\\/uploads\\\/545f932d-351a-4e83-8978-83c648084b41.jpg\",\"contentUrl\":\"https:\\\/\\\/www.meydan.tv\\\/wp-content\\\/uploads\\\/545f932d-351a-4e83-8978-83c648084b41.jpg\",\"width\":1568,\"height\":812,\"caption\":\"Fotolar: Meydan TV\"},{\"@type\":\"BreadcrumbList\",\"@id\":\"https:\\\/\\\/www.meydan.tv\\\/az\\\/article\\\/miki-kendinde-vaxtile-150-200-usagin-tehsil-aldigi-mekteb-hazirda-bes-on-sagirdin-umidine-qalib\\\/#breadcrumb\",\"itemListElement\":[{\"@type\":\"ListItem\",\"position\":1,\"name\":\"Ana s\u0259hif\u0259\",\"item\":\"https:\\\/\\\/www.meydan.tv\\\/az\\\/\"},{\"@type\":\"ListItem\",\"position\":2,\"name\":\"B\u00f6lg\u0259\",\"item\":\"https:\\\/\\\/www.meydan.tv\\\/az\\\/section\\\/bolge\\\/\"},{\"@type\":\"ListItem\",\"position\":3,\"name\":\"\u201cMiki k\u0259ndind\u0259 vaxtil\u0259 150-200 u\u015fa\u011f\u0131n t\u0259hsil ald\u0131\u011f\u0131 m\u0259kt\u0259b haz\u0131rda be\u015f-on \u015fagirdin \u00fcmidin\u0259 qal\u0131b\u201d\"}]},{\"@type\":\"WebSite\",\"@id\":\"https:\\\/\\\/www.meydan.tv\\\/az\\\/#website\",\"url\":\"https:\\\/\\\/www.meydan.tv\\\/az\\\/\",\"name\":\"MEYDAN.TV\",\"description\":\"Meydan TV Az\u0259rbaycan\u0131n media m\u0259kan\u0131ndak\u0131 alternativ s\u0259sidir\",\"publisher\":{\"@id\":\"https:\\\/\\\/www.meydan.tv\\\/az\\\/#organization\"},\"potentialAction\":[{\"@type\":\"SearchAction\",\"target\":{\"@type\":\"EntryPoint\",\"urlTemplate\":\"https:\\\/\\\/www.meydan.tv\\\/az\\\/?s={search_term_string}\"},\"query-input\":{\"@type\":\"PropertyValueSpecification\",\"valueRequired\":true,\"valueName\":\"search_term_string\"}}],\"inLanguage\":\"az\"},{\"@type\":\"Organization\",\"@id\":\"https:\\\/\\\/www.meydan.tv\\\/az\\\/#organization\",\"name\":\"Meydan TV\",\"url\":\"https:\\\/\\\/www.meydan.tv\\\/az\\\/\",\"logo\":{\"@type\":\"ImageObject\",\"inLanguage\":\"az\",\"@id\":\"https:\\\/\\\/www.meydan.tv\\\/az\\\/#\\\/schema\\\/logo\\\/image\\\/\",\"url\":\"https:\\\/\\\/www.meydan.tv\\\/wp-content\\\/uploads\\\/2021\\\/07\\\/meydan-logo.svg\",\"contentUrl\":\"https:\\\/\\\/www.meydan.tv\\\/wp-content\\\/uploads\\\/2021\\\/07\\\/meydan-logo.svg\",\"width\":195,\"height\":46,\"caption\":\"Meydan TV\"},\"image\":{\"@id\":\"https:\\\/\\\/www.meydan.tv\\\/az\\\/#\\\/schema\\\/logo\\\/image\\\/\"}},{\"@type\":\"Person\",\"@id\":\"https:\\\/\\\/www.meydan.tv\\\/az\\\/#\\\/schema\\\/person\\\/9cdbecf90d17180ce1dfbd95b08dcf47\",\"name\":\"elli\",\"sameAs\":[\"https:\\\/\\\/x.com\\\/elli\"]}]}<\/script>\n<!-- \/ Yoast SEO plugin. -->","yoast_head_json":{"title":"\u201cMiki k\u0259ndind\u0259 vaxtil\u0259 150-200 u\u015fa\u011f\u0131n t\u0259hsil ald\u0131\u011f\u0131 m\u0259kt\u0259b haz\u0131rda be\u015f-on \u015fagirdin \u00fcmidin\u0259 qal\u0131b\u201d - MEYDAN.TV","robots":{"index":"index","follow":"follow","max-snippet":"max-snippet:-1","max-image-preview":"max-image-preview:large","max-video-preview":"max-video-preview:-1"},"canonical":"https:\/\/www.meydan.tv\/az\/article\/miki-kendinde-vaxtile-150-200-usagin-tehsil-aldigi-mekteb-hazirda-bes-on-sagirdin-umidine-qalib\/","og_locale":"az_AZ","og_type":"article","og_title":"\u201cMiki k\u0259ndind\u0259 vaxtil\u0259 150-200 u\u015fa\u011f\u0131n t\u0259hsil ald\u0131\u011f\u0131 m\u0259kt\u0259b haz\u0131rda be\u015f-on \u015fagirdin \u00fcmidin\u0259 qal\u0131b\u201d - MEYDAN.TV","og_description":"Sakinl\u0259r deyirl\u0259r ki, Astaran\u0131n bu da\u011f k\u0259ndini imkans\u0131zl\u0131qdan t\u0259rk ed\u0259nl\u0259r ... Davam\u0131","og_url":"https:\/\/www.meydan.tv\/az\/article\/miki-kendinde-vaxtile-150-200-usagin-tehsil-aldigi-mekteb-hazirda-bes-on-sagirdin-umidine-qalib\/","og_site_name":"MEYDAN.TV","article_published_time":"2023-12-26T07:39:14+00:00","article_modified_time":"2023-12-26T07:39:18+00:00","og_image":[{"width":1568,"height":812,"url":"https:\/\/www.meydan.tv\/wp-content\/uploads\/545f932d-351a-4e83-8978-83c648084b41.jpg","type":"image\/jpeg"}],"author":"elli","twitter_card":"summary_large_image","twitter_creator":"@elli","schema":{"@context":"https:\/\/schema.org","@graph":[{"@type":"Article","@id":"https:\/\/www.meydan.tv\/az\/article\/miki-kendinde-vaxtile-150-200-usagin-tehsil-aldigi-mekteb-hazirda-bes-on-sagirdin-umidine-qalib\/#article","isPartOf":{"@id":"https:\/\/www.meydan.tv\/az\/article\/miki-kendinde-vaxtile-150-200-usagin-tehsil-aldigi-mekteb-hazirda-bes-on-sagirdin-umidine-qalib\/"},"author":{"name":"elli","@id":"https:\/\/www.meydan.tv\/az\/#\/schema\/person\/9cdbecf90d17180ce1dfbd95b08dcf47"},"headline":"\u201cMiki k\u0259ndind\u0259 vaxtil\u0259 150-200 u\u015fa\u011f\u0131n t\u0259hsil ald\u0131\u011f\u0131 m\u0259kt\u0259b haz\u0131rda be\u015f-on \u015fagirdin \u00fcmidin\u0259 qal\u0131b\u201d","datePublished":"2023-12-26T07:39:14+00:00","dateModified":"2023-12-26T07:39:18+00:00","mainEntityOfPage":{"@id":"https:\/\/www.meydan.tv\/az\/article\/miki-kendinde-vaxtile-150-200-usagin-tehsil-aldigi-mekteb-hazirda-bes-on-sagirdin-umidine-qalib\/"},"wordCount":552,"publisher":{"@id":"https:\/\/www.meydan.tv\/az\/#organization"},"image":{"@id":"https:\/\/www.meydan.tv\/az\/article\/miki-kendinde-vaxtile-150-200-usagin-tehsil-aldigi-mekteb-hazirda-bes-on-sagirdin-umidine-qalib\/#primaryimage"},"thumbnailUrl":"https:\/\/www.meydan.tv\/wp-content\/uploads\/545f932d-351a-4e83-8978-83c648084b41.jpg","articleSection":["B\u00f6lg\u0259","X\u0259b\u0259rl\u0259r"],"inLanguage":"az"},{"@type":"WebPage","@id":"https:\/\/www.meydan.tv\/az\/article\/miki-kendinde-vaxtile-150-200-usagin-tehsil-aldigi-mekteb-hazirda-bes-on-sagirdin-umidine-qalib\/","url":"https:\/\/www.meydan.tv\/az\/article\/miki-kendinde-vaxtile-150-200-usagin-tehsil-aldigi-mekteb-hazirda-bes-on-sagirdin-umidine-qalib\/","name":"\u201cMiki k\u0259ndind\u0259 vaxtil\u0259 150-200 u\u015fa\u011f\u0131n t\u0259hsil ald\u0131\u011f\u0131 m\u0259kt\u0259b haz\u0131rda be\u015f-on \u015fagirdin \u00fcmidin\u0259 qal\u0131b\u201d - MEYDAN.TV","isPartOf":{"@id":"https:\/\/www.meydan.tv\/az\/#website"},"primaryImageOfPage":{"@id":"https:\/\/www.meydan.tv\/az\/article\/miki-kendinde-vaxtile-150-200-usagin-tehsil-aldigi-mekteb-hazirda-bes-on-sagirdin-umidine-qalib\/#primaryimage"},"image":{"@id":"https:\/\/www.meydan.tv\/az\/article\/miki-kendinde-vaxtile-150-200-usagin-tehsil-aldigi-mekteb-hazirda-bes-on-sagirdin-umidine-qalib\/#primaryimage"},"thumbnailUrl":"https:\/\/www.meydan.tv\/wp-content\/uploads\/545f932d-351a-4e83-8978-83c648084b41.jpg","datePublished":"2023-12-26T07:39:14+00:00","dateModified":"2023-12-26T07:39:18+00:00","breadcrumb":{"@id":"https:\/\/www.meydan.tv\/az\/article\/miki-kendinde-vaxtile-150-200-usagin-tehsil-aldigi-mekteb-hazirda-bes-on-sagirdin-umidine-qalib\/#breadcrumb"},"inLanguage":"az","potentialAction":[{"@type":"ReadAction","target":["https:\/\/www.meydan.tv\/az\/article\/miki-kendinde-vaxtile-150-200-usagin-tehsil-aldigi-mekteb-hazirda-bes-on-sagirdin-umidine-qalib\/"]}]},{"@type":"ImageObject","inLanguage":"az","@id":"https:\/\/www.meydan.tv\/az\/article\/miki-kendinde-vaxtile-150-200-usagin-tehsil-aldigi-mekteb-hazirda-bes-on-sagirdin-umidine-qalib\/#primaryimage","url":"https:\/\/www.meydan.tv\/wp-content\/uploads\/545f932d-351a-4e83-8978-83c648084b41.jpg","contentUrl":"https:\/\/www.meydan.tv\/wp-content\/uploads\/545f932d-351a-4e83-8978-83c648084b41.jpg","width":1568,"height":812,"caption":"Fotolar: Meydan TV"},{"@type":"BreadcrumbList","@id":"https:\/\/www.meydan.tv\/az\/article\/miki-kendinde-vaxtile-150-200-usagin-tehsil-aldigi-mekteb-hazirda-bes-on-sagirdin-umidine-qalib\/#breadcrumb","itemListElement":[{"@type":"ListItem","position":1,"name":"Ana s\u0259hif\u0259","item":"https:\/\/www.meydan.tv\/az\/"},{"@type":"ListItem","position":2,"name":"B\u00f6lg\u0259","item":"https:\/\/www.meydan.tv\/az\/section\/bolge\/"},{"@type":"ListItem","position":3,"name":"\u201cMiki k\u0259ndind\u0259 vaxtil\u0259 150-200 u\u015fa\u011f\u0131n t\u0259hsil ald\u0131\u011f\u0131 m\u0259kt\u0259b haz\u0131rda be\u015f-on \u015fagirdin \u00fcmidin\u0259 qal\u0131b\u201d"}]},{"@type":"WebSite","@id":"https:\/\/www.meydan.tv\/az\/#website","url":"https:\/\/www.meydan.tv\/az\/","name":"MEYDAN.TV","description":"Meydan TV Az\u0259rbaycan\u0131n media m\u0259kan\u0131ndak\u0131 alternativ s\u0259sidir","publisher":{"@id":"https:\/\/www.meydan.tv\/az\/#organization"},"potentialAction":[{"@type":"SearchAction","target":{"@type":"EntryPoint","urlTemplate":"https:\/\/www.meydan.tv\/az\/?s={search_term_string}"},"query-input":{"@type":"PropertyValueSpecification","valueRequired":true,"valueName":"search_term_string"}}],"inLanguage":"az"},{"@type":"Organization","@id":"https:\/\/www.meydan.tv\/az\/#organization","name":"Meydan TV","url":"https:\/\/www.meydan.tv\/az\/","logo":{"@type":"ImageObject","inLanguage":"az","@id":"https:\/\/www.meydan.tv\/az\/#\/schema\/logo\/image\/","url":"https:\/\/www.meydan.tv\/wp-content\/uploads\/2021\/07\/meydan-logo.svg","contentUrl":"https:\/\/www.meydan.tv\/wp-content\/uploads\/2021\/07\/meydan-logo.svg","width":195,"height":46,"caption":"Meydan TV"},"image":{"@id":"https:\/\/www.meydan.tv\/az\/#\/schema\/logo\/image\/"}},{"@type":"Person","@id":"https:\/\/www.meydan.tv\/az\/#\/schema\/person\/9cdbecf90d17180ce1dfbd95b08dcf47","name":"elli","sameAs":["https:\/\/x.com\/elli"]}]}},"_links":{"self":[{"href":"https:\/\/www.meydan.tv\/az\/wp-json\/wp\/v2\/posts\/293991","targetHints":{"allow":["GET"]}}],"collection":[{"href":"https:\/\/www.meydan.tv\/az\/wp-json\/wp\/v2\/posts"}],"about":[{"href":"https:\/\/www.meydan.tv\/az\/wp-json\/wp\/v2\/types\/post"}],"author":[{"embeddable":true,"href":"https:\/\/www.meydan.tv\/az\/wp-json\/wp\/v2\/users\/8"}],"replies":[{"embeddable":true,"href":"https:\/\/www.meydan.tv\/az\/wp-json\/wp\/v2\/comments?post=293991"}],"version-history":[{"count":3,"href":"https:\/\/www.meydan.tv\/az\/wp-json\/wp\/v2\/posts\/293991\/revisions"}],"predecessor-version":[{"id":294000,"href":"https:\/\/www.meydan.tv\/az\/wp-json\/wp\/v2\/posts\/293991\/revisions\/294000"}],"wp:featuredmedia":[{"embeddable":true,"href":"https:\/\/www.meydan.tv\/az\/wp-json\/wp\/v2\/media\/293986"}],"wp:attachment":[{"href":"https:\/\/www.meydan.tv\/az\/wp-json\/wp\/v2\/media?parent=293991"}],"wp:term":[{"taxonomy":"category","embeddable":true,"href":"https:\/\/www.meydan.tv\/az\/wp-json\/wp\/v2\/categories?post=293991"},{"taxonomy":"post_tag","embeddable":true,"href":"https:\/\/www.meydan.tv\/az\/wp-json\/wp\/v2\/tags?post=293991"}],"curies":[{"name":"wp","href":"https:\/\/api.w.org\/{rel}","templated":true}]}}