{"id":293948,"date":"2023-12-25T17:12:15","date_gmt":"2023-12-25T13:12:15","guid":{"rendered":"https:\/\/www.meydan.tv\/?p=293948"},"modified":"2023-12-25T17:12:23","modified_gmt":"2023-12-25T13:12:23","slug":"2023-cu-il-azerbaycanin-edebi-muhitinde-hansi-hadiselerle-yadda-qaldi","status":"publish","type":"post","link":"https:\/\/www.meydan.tv\/az\/article\/2023-cu-il-azerbaycanin-edebi-muhitinde-hansi-hadiselerle-yadda-qaldi\/","title":{"rendered":"2023-c\u00fc il Az\u0259rbaycan\u0131n \u0259d\u0259bi m\u00fchitind\u0259 hans\u0131 hadis\u0259l\u0259rl\u0259 yadda qald\u0131?"},"content":{"rendered":"\n<p><\/p>\n\n\n\n<p><strong><em>\u018fd\u0259bi q\u0259biristanl\u0131q, \u00e7i\u00e7\u0259kl\u0259nm\u0259 d\u00f6vr\u00fc, yaddaqalan \u0259s\u0259rl\u0259r&#8230;<\/em><\/strong><\/p>\n\n\n\n<p>2023-c\u00fc il yekunla\u015fmaq \u00fczr\u0259dir. Bu il Az\u0259rbaycan \u0259d\u0259biyyat\u0131nda hans\u0131 \u0259lam\u0259tdar hadis\u0259l\u0259rl\u0259 yadda qald\u0131, n\u0259l\u0259r ya\u015fand\u0131?<\/p>\n\n\n\n<p>\u018fd\u0259bi cami\u0259nin n\u00fcmay\u0259nd\u0259l\u0259ri ilin yekunu il\u0259 \u0259laq\u0259dar fikir v\u0259 \u015f\u0259rhl\u0259rini Meydan TV il\u0259 b\u00f6l\u00fc\u015f\u00fcbl\u0259r.<\/p>\n\n\n\n<p>\u015eair Elnur Astanb\u0259yli hesab edir ki, son ill\u0259r, x\u00fcsusil\u0259 d\u0259 2023-c\u00fc ild\u0259 \u0259d\u0259bi m\u00fchitd\u0259 dur\u011funluq, s\u00fcstl\u00fck h\u00f6km s\u00fcr\u00fcr:<\/p>\n\n\n\n<p><em>\u201c\u018fvv\u0259lki ill\u0259rd\u0259 oldu\u011fu kimi Az\u0259rbaycan \u0259d\u0259bi m\u00fchitind\u0259 q\u0259biristan s\u0259ssizliyi, q\u0259biristan s\u00fck\u00fctu var. \u0130lin sonuna yax\u0131n yegan\u0259 \u00fcmidverici x\u0259b\u0259r Azad Yazarlar Oca\u011f\u0131n\u0131n (AYO) yenid\u0259n aktivl\u0259\u015fm\u0259 q\u0259rar\u0131 verm\u0259si oldu. Bununla da Az\u0259rbaycan Yaz\u0131\u00e7\u0131lar Birliyind\u0259n (AYB), hakimiyy\u0259tin n\u0259zar\u0259tind\u0259n k\u0259narda \u0259d\u0259bi m\u00fchitin yenid\u0259n canlanmas\u0131 \u00fc\u00e7\u00fcn yenid\u0259n \u00fcmid do\u011fdu\u201d.<\/em><\/p>\n\n\n\n<p>Elnur Astanb\u0259yli deyir ki, 2000-ci ill\u0259rd\u0259n ba\u015flayaraq, Az\u0259rbaycanda alternativ \u0259d\u0259biyyat\u0131n inki\u015faf\u0131na imkan verilmir:<\/p>\n\n\n<div class=\"wp-block-image\">\n<figure class=\"alignright size-large is-resized\"><img decoding=\"async\" width=\"1200\" height=\"800\" data-src=\"https:\/\/www.meydan.tv\/wp-content\/uploads\/elnur_astanbey-1200x800.jpg\" alt=\"Elnur Astanb\u0259yli\" class=\"wp-image-125824 lazyload\" style=\"--smush-placeholder-width: 1200px; --smush-placeholder-aspect-ratio: 1200\/800;width:344px;height:auto\" src=\"data:image\/svg+xml;base64,PHN2ZyB3aWR0aD0iMSIgaGVpZ2h0PSIxIiB4bWxucz0iaHR0cDovL3d3dy53My5vcmcvMjAwMC9zdmciPjwvc3ZnPg==\" \/><figcaption class=\"wp-element-caption\">Foto: Meydan TV<\/figcaption><\/figure>\n<\/div>\n\n\n<p>\u201c<em>Az\u0259rbaycanda \u0259d\u0259bi m\u00fchit siyasi m\u00fchitd\u0259n f\u0259rql\u0259nmir. Siyasi m\u00fchitd\u0259 b\u00fct\u00fcn prosesl\u0259r hakimiyy\u0259tin n\u0259zar\u0259tind\u0259 oldu\u011fu kimi, \u0259d\u0259bi m\u00fchitd\u0259 d\u0259 bunlar AYB-nin \u0259li il\u0259 t\u0259min olunur. Hakimiyy\u0259tin \u0259d\u0259biyyat siyas\u0259tini m\u00fc\u0259yy\u0259nl\u0259\u015fdir\u0259n AYB faktiki olaraq \u0259d\u0259biyyat nazirliyi funksiyas\u0131n\u0131 yerin\u0259 yetirir\u201d.<\/em><\/p>\n\n\n\n<p>\u015eair t\u0259\u0259ss\u00fcfl\u0259 qeyd edir ki, iyirmi ildir Az\u0259rbaycanda \u0259d\u0259biyyat sah\u0259sind\u0259 alternativ t\u0259\u015fkilatlar\u0131n f\u0259aliyy\u0259tin\u0259 imkan verilmir. H\u0259m\u00e7inin alternativ \u0259d\u0259bi fikri, \u0259d\u0259bi d\u00fc\u015f\u00fcnc\u0259ni ifad\u0259 ed\u0259 bil\u0259c\u0259k d\u0259rgil\u0259r, q\u0259zetl\u0259r, internet resurslar\u0131 da dem\u0259k olar ki, yoxdur:<\/p>\n\n\n\n<p><em>\u201cAz\u0259rbaycan \u0259d\u0259biyyat\u0131 v\u0259 \u0259d\u0259bi fikri ad\u0131na \u00e7ox utancverici bir m\u0259nz\u0259r\u0259dir. Bu m\u0259nz\u0259r\u0259 ill\u0259rdir davam edir. 2000-ci ill\u0259rin sonlar\u0131ndan etibar\u0259n Az\u0259rbaycanda \u0259d\u0259bi m\u00fchitin tamamil\u0259 siyas\u0259tin, siyasi hakimiyy\u0259tin n\u0259zar\u0259tin\u0259 ke\u00e7irm\u0259k c\u0259hdl\u0259ri b\u0259hr\u0259 verm\u0259y\u0259 ba\u015flad\u0131. Alternativ d\u0259rgi v\u0259 saytlar n\u0259\u015frini dayandr\u0131mal\u0131 oldu. O d\u00f6vrd\u0259n b\u0259ri g\u0259l\u0259n proses, \u00e7ox t\u0259\u0259ss\u00fcf ki, 2023-c\u00fc ild\u0259 d\u0259 davam etdi. Bu v\u0259ziyy\u0259t\u0259 son qoyulmas\u0131 \u00fc\u00e7\u00fcn m\u00fcst\u0259qil, azad \u0259d\u0259bi proses \u015f\u0259rtdir. \u018fks halda 2024-c\u00fc ild\u0259 d\u0259 h\u0259yat\u0131n dig\u0259r sah\u0259l\u0259rind\u0259 oldu\u011fu kimi \u0259d\u0259biyyat m\u00fcst\u0259visind\u0259 d\u0259 pessimist, a\u011fr\u0131l\u0131 dan\u0131\u015fma\u011fa davam ed\u0259c\u0259yik\u201d.<\/em><\/p>\n\n\n\n<p>AYB-nin s\u0259dri, Xalq yaz\u0131\u00e7\u0131s\u0131 Anar Rzayev is\u0259 2023-c\u00fc ili \u0259d\u0259biyyat sah\u0259sind\u0259 u\u011furlu hesab edir.<\/p>\n\n\n<div class=\"wp-block-image\">\n<figure class=\"alignleft size-large is-resized\"><img decoding=\"async\" width=\"1200\" height=\"546\" data-src=\"https:\/\/www.meydan.tv\/wp-content\/uploads\/anaryazici-e1701771656577-1200x546.jpg\" alt=\"\" class=\"wp-image-292101 lazyload\" style=\"--smush-placeholder-width: 1200px; --smush-placeholder-aspect-ratio: 1200\/546;width:367px;height:auto\" src=\"data:image\/svg+xml;base64,PHN2ZyB3aWR0aD0iMSIgaGVpZ2h0PSIxIiB4bWxucz0iaHR0cDovL3d3dy53My5vcmcvMjAwMC9zdmciPjwvc3ZnPg==\" \/><figcaption class=\"wp-element-caption\">Anar Rzayev. Foto: screenshot<\/figcaption><\/figure>\n<\/div>\n\n\n<p><em>\u201cBu ild\u0259n \u00e7ox raz\u0131 qald\u0131m. Bu ilin \u0259n b\u00f6y\u00fck hadis\u0259si &#8211; 23 saat \u0259rzind\u0259 torpaqlar\u0131m\u0131z azad olundu. H\u0259m\u00e7inin yax\u015f\u0131 \u0259s\u0259rl\u0259r \u00e7\u0131xd\u0131, romanlar povestl\u0259r, hekay\u0259l\u0259r n\u0259\u015fr olundu\u201d,<\/em> &#8211; yaz\u0131\u00e7\u0131 deyir.<\/p>\n\n\n\n<p>Yaz\u0131\u00e7\u0131 Rasim Qaraca is\u0259 hesab edir ki, haz\u0131rda \u0259d\u0259bi yarad\u0131c\u0131l\u0131q bax\u0131m\u0131ndan Az\u0259rbaycan \u0259d\u0259biyyat\u0131 \u00e7i\u00e7\u0259kl\u0259nm\u0259 d\u00f6vr\u00fcn\u00fc ya\u015fay\u0131r:<\/p>\n\n\n\n<p><em>\u201cYazmaq h\u0259r k\u0259sin haqq\u0131d\u0131r v\u0259 h\u0259r k\u0259s d\u0259 yaz\u0131r. \u015eair xalq indi d\u0259 yazar xalq olub dey\u0259 bil\u0259rik. Bunlar yax\u015f\u0131d\u0131r. Lakin k\u0259miyy\u0259t y\u00fcks\u0259k olsa da, bunu yaz\u0131lan \u0259s\u0259rl\u0259rin keyfiyy\u0259ti haqq\u0131nda dem\u0259k olmur\u201d.<\/em><\/p>\n\n\n\n<p>Yaz\u0131\u00e7\u0131n\u0131n s\u00f6zl\u0259rin\u0259 g\u00f6r\u0259, bu ilin \u0259d\u0259bi hadis\u0259l\u0259ri s\u0131ras\u0131nda iki m\u00fc\u0259llifin \u0259s\u0259ri x\u00fcsusi yer turur:<\/p>\n\n\n<div class=\"wp-block-image\">\n<figure class=\"alignright size-full is-resized\"><img decoding=\"async\" width=\"853\" height=\"480\" data-src=\"https:\/\/www.meydan.tv\/wp-content\/uploads\/rasim_pm653gm.jpg\" alt=\"Rasim Qaraca\" class=\"wp-image-121087 lazyload\" style=\"--smush-placeholder-width: 853px; --smush-placeholder-aspect-ratio: 853\/480;width:414px;height:auto\" src=\"data:image\/svg+xml;base64,PHN2ZyB3aWR0aD0iMSIgaGVpZ2h0PSIxIiB4bWxucz0iaHR0cDovL3d3dy53My5vcmcvMjAwMC9zdmciPjwvc3ZnPg==\" \/><\/figure>\n<\/div>\n\n\n<p><em>\u201cBunlardan biri R\u0259him \u018fliyevin \u201cTa\u011f ev\u201d roman\u0131d\u0131r. \u018fs\u0259rd\u0259 bir ail\u0259nin dram\u0131 fonunda Az\u0259rbaycan tarixinin t\u0259qrib\u0259n 100 ili \u0259hat\u0259 ed\u0259n bir d\u00f6vr\u00fc \u00f6z \u0259ksini tap\u0131b. \u0130kincisi C\u0259mil H\u0259s\u0259nlinin avtobioqrafik o\u00e7erkl\u0259rd\u0259n ibar\u0259t \u201cZaman\u0131n s\u0131na\u011f\u0131nda\u201d \u0259s\u0259ridir. \u018fs\u0259ri h\u0259l\u0259 tamamlamam\u0131\u015fam, lakin oxudu\u011fum hiss\u0259y\u0259 \u0259sas\u0259n dey\u0259 bil\u0259r\u0259m ki, m\u00fc\u0259llif \u00f6z \u015f\u0259xsi h\u0259yat hekay\u0259si fonunda Sovet d\u00f6vr\u00fcn\u00fcn koloritini \u00e7ox inc\u0259likl\u0259 oxucuya \u00e7atd\u0131rma\u011f\u0131 bacar\u0131b. H\u0259r iki \u0259s\u0259rd\u0259 Az\u0259rbaycan h\u0259yat\u0131n\u0131n bilinm\u0259y\u0259n t\u0259r\u0259fl\u0259rin\u0259 i\u015f\u0131q tutulub. Bu ger\u00e7\u0259kl\u0259rin t\u0259svirin\u0259 biz n\u0259 sovet d\u00f6vr\u00fc \u0259d\u0259biyyat\u0131nda, n\u0259 d\u0259 m\u00fcst\u0259qillik d\u00f6vr\u00fc \u0259d\u0259biyyat\u0131m\u0131zda rast g\u0259l\u0259 bilirik. Ad\u0131n\u0131 \u00e7\u0259kdiyim h\u0259r iki \u0259s\u0259ri \u0259d\u0259biyyat\u0131m\u0131zda hadis\u0259 say\u0131ram\u201d.<\/em><\/p>\n\n\n\n<p>AYB-nin s\u0259dr m\u00fcavini, yaz\u0131\u00e7\u0131 R\u0259\u015fad M\u0259cid \u00fc\u00e7\u00fcn is\u0259 bu il bir s\u0131ra \u0259lam\u0259tdar \u0259d\u0259bi t\u0259dbirl\u0259rl\u0259 yadda qal\u0131b:<\/p>\n\n\n<div class=\"wp-block-image\">\n<figure class=\"alignleft size-full is-resized\"><img decoding=\"async\" width=\"600\" height=\"400\" data-src=\"https:\/\/www.meydan.tv\/wp-content\/uploads\/19239.jpg\" alt=\"R\u0259\u015fad M\u0259cid\" class=\"wp-image-51067 lazyload\" style=\"--smush-placeholder-width: 600px; --smush-placeholder-aspect-ratio: 600\/400;width:379px;height:auto\" src=\"data:image\/svg+xml;base64,PHN2ZyB3aWR0aD0iMSIgaGVpZ2h0PSIxIiB4bWxucz0iaHR0cDovL3d3dy53My5vcmcvMjAwMC9zdmciPjwvc3ZnPg==\" \/><\/figure>\n<\/div>\n\n\n<p><em>\u201cVaqif Poeziya G\u00fcnl\u0259ri, \u018fd\u0259biyyat Forumu, 9-cu Bak\u0131 Beyn\u0259lxalq Kitab S\u0259rgisi, \u201cT\u00fcrksoy\u201dun 30 illiyi d\u0259 bu ilin \u0259lam\u0259tdar hadis\u0259l\u0259rind\u0259n biridir. Az\u0259rbaycan yazarlar\u0131ndan ibar\u0259t n\u00fcmay\u0259nd\u0259 hey\u0259ti bu ilin noyabr\u0131nda Ankarada ke\u00e7iril\u0259n 5-ci T\u00fcrk D\u00fcnyas\u0131 Yazarlar\u0131 Qurultay\u0131nda i\u015ftirak etdil\u0259r. El\u0259 bilir\u0259m ki, 2023-c\u00fc il Az\u0259rbaycan \u0259d\u0259biyyat\u0131, yazarlar\u0131 \u00fc\u00e7\u00fcn \u00e7ox dol\u011fun bir il olub. Yaz\u0131\u00e7\u0131lar\u0131m\u0131z h\u0259m Qaraba\u011fla, h\u0259m dig\u0259r m\u00f6vzularda m\u00fcxt\u0259lif sanball\u0131 \u0259s\u0259rl\u0259r yarad\u0131blar\u201d.<\/em><\/p>\n","protected":false},"excerpt":{"rendered":"<p>\u018fd\u0259bi q\u0259biristanl\u0131q, \u00e7i\u00e7\u0259kl\u0259nm\u0259 d\u00f6vr\u00fc, yaddaqalan \u0259s\u0259rl\u0259r&#8230; 2023-c\u00fc il yekunla\u015fmaq \u00fczr\u0259dir. &#8230; <\/p>\n<p class=\"read-more-container\"><a title=\"2023-c\u00fc il Az\u0259rbaycan\u0131n \u0259d\u0259bi m\u00fchitind\u0259 hans\u0131 hadis\u0259l\u0259rl\u0259 yadda qald\u0131?\" class=\"read-more button\" href=\"https:\/\/www.meydan.tv\/az\/article\/2023-cu-il-azerbaycanin-edebi-muhitinde-hansi-hadiselerle-yadda-qaldi\/#more-293948\" aria-label=\"Read more about 2023-c\u00fc il Az\u0259rbaycan\u0131n \u0259d\u0259bi m\u00fchitind\u0259 hans\u0131 hadis\u0259l\u0259rl\u0259 yadda qald\u0131?\">Davam\u0131<\/a><\/p>\n","protected":false},"author":8,"featured_media":264445,"comment_status":"closed","ping_status":"closed","sticky":false,"template":"","format":"standard","meta":{"_acf_changed":false,"_sitemap_exclude":false,"_sitemap_priority":"","_sitemap_frequency":"","footnotes":""},"categories":[52,56],"tags":[],"class_list":["post-293948","post","type-post","status-publish","format-standard","has-post-thumbnail","hentry","category-medeniyyet","category-xeberler","infinite-scroll-item","generate-columns","tablet-grid-50","mobile-grid-100","grid-parent","grid-33","no-featured-image-padding"],"acf":[],"yoast_head":"<!-- This site is optimized with the Yoast SEO plugin v27.4 - https:\/\/yoast.com\/product\/yoast-seo-wordpress\/ -->\n<title>2023-c\u00fc il Az\u0259rbaycan\u0131n \u0259d\u0259bi m\u00fchitind\u0259 hans\u0131 hadis\u0259l\u0259rl\u0259 yadda qald\u0131? - MEYDAN.TV<\/title>\n<meta name=\"robots\" content=\"index, follow, max-snippet:-1, max-image-preview:large, max-video-preview:-1\" \/>\n<link rel=\"canonical\" href=\"https:\/\/www.meydan.tv\/az\/article\/2023-cu-il-azerbaycanin-edebi-muhitinde-hansi-hadiselerle-yadda-qaldi\/\" \/>\n<meta property=\"og:locale\" content=\"az_AZ\" \/>\n<meta property=\"og:type\" content=\"article\" \/>\n<meta property=\"og:title\" content=\"2023-c\u00fc il Az\u0259rbaycan\u0131n \u0259d\u0259bi m\u00fchitind\u0259 hans\u0131 hadis\u0259l\u0259rl\u0259 yadda qald\u0131? - MEYDAN.TV\" \/>\n<meta property=\"og:description\" content=\"\u018fd\u0259bi q\u0259biristanl\u0131q, \u00e7i\u00e7\u0259kl\u0259nm\u0259 d\u00f6vr\u00fc, yaddaqalan \u0259s\u0259rl\u0259r&#8230; 2023-c\u00fc il yekunla\u015fmaq \u00fczr\u0259dir. ... Davam\u0131\" \/>\n<meta property=\"og:url\" content=\"https:\/\/www.meydan.tv\/az\/article\/2023-cu-il-azerbaycanin-edebi-muhitinde-hansi-hadiselerle-yadda-qaldi\/\" \/>\n<meta property=\"og:site_name\" content=\"MEYDAN.TV\" \/>\n<meta property=\"article:published_time\" content=\"2023-12-25T13:12:15+00:00\" \/>\n<meta property=\"article:modified_time\" content=\"2023-12-25T13:12:23+00:00\" \/>\n<meta property=\"og:image\" content=\"https:\/\/www.meydan.tv\/wp-content\/uploads\/untitled-design-4-53.jpg\" \/>\n\t<meta property=\"og:image:width\" content=\"1200\" \/>\n\t<meta property=\"og:image:height\" content=\"800\" \/>\n\t<meta property=\"og:image:type\" content=\"image\/jpeg\" \/>\n<meta name=\"author\" content=\"elli\" \/>\n<meta name=\"twitter:card\" content=\"summary_large_image\" \/>\n<meta name=\"twitter:creator\" content=\"@elli\" \/>\n<script type=\"application\/ld+json\" class=\"yoast-schema-graph\">{\"@context\":\"https:\\\/\\\/schema.org\",\"@graph\":[{\"@type\":\"Article\",\"@id\":\"https:\\\/\\\/www.meydan.tv\\\/az\\\/article\\\/2023-cu-il-azerbaycanin-edebi-muhitinde-hansi-hadiselerle-yadda-qaldi\\\/#article\",\"isPartOf\":{\"@id\":\"https:\\\/\\\/www.meydan.tv\\\/az\\\/article\\\/2023-cu-il-azerbaycanin-edebi-muhitinde-hansi-hadiselerle-yadda-qaldi\\\/\"},\"author\":{\"name\":\"elli\",\"@id\":\"https:\\\/\\\/www.meydan.tv\\\/az\\\/#\\\/schema\\\/person\\\/9cdbecf90d17180ce1dfbd95b08dcf47\"},\"headline\":\"2023-c\u00fc il Az\u0259rbaycan\u0131n \u0259d\u0259bi m\u00fchitind\u0259 hans\u0131 hadis\u0259l\u0259rl\u0259 yadda qald\u0131?\",\"datePublished\":\"2023-12-25T13:12:15+00:00\",\"dateModified\":\"2023-12-25T13:12:23+00:00\",\"mainEntityOfPage\":{\"@id\":\"https:\\\/\\\/www.meydan.tv\\\/az\\\/article\\\/2023-cu-il-azerbaycanin-edebi-muhitinde-hansi-hadiselerle-yadda-qaldi\\\/\"},\"wordCount\":929,\"publisher\":{\"@id\":\"https:\\\/\\\/www.meydan.tv\\\/az\\\/#organization\"},\"image\":{\"@id\":\"https:\\\/\\\/www.meydan.tv\\\/az\\\/article\\\/2023-cu-il-azerbaycanin-edebi-muhitinde-hansi-hadiselerle-yadda-qaldi\\\/#primaryimage\"},\"thumbnailUrl\":\"https:\\\/\\\/www.meydan.tv\\\/wp-content\\\/uploads\\\/untitled-design-4-53.jpg\",\"articleSection\":[\"M\u0259d\u0259niyy\u0259t\",\"X\u0259b\u0259rl\u0259r\"],\"inLanguage\":\"az\"},{\"@type\":\"WebPage\",\"@id\":\"https:\\\/\\\/www.meydan.tv\\\/az\\\/article\\\/2023-cu-il-azerbaycanin-edebi-muhitinde-hansi-hadiselerle-yadda-qaldi\\\/\",\"url\":\"https:\\\/\\\/www.meydan.tv\\\/az\\\/article\\\/2023-cu-il-azerbaycanin-edebi-muhitinde-hansi-hadiselerle-yadda-qaldi\\\/\",\"name\":\"2023-c\u00fc il Az\u0259rbaycan\u0131n \u0259d\u0259bi m\u00fchitind\u0259 hans\u0131 hadis\u0259l\u0259rl\u0259 yadda qald\u0131? - MEYDAN.TV\",\"isPartOf\":{\"@id\":\"https:\\\/\\\/www.meydan.tv\\\/az\\\/#website\"},\"primaryImageOfPage\":{\"@id\":\"https:\\\/\\\/www.meydan.tv\\\/az\\\/article\\\/2023-cu-il-azerbaycanin-edebi-muhitinde-hansi-hadiselerle-yadda-qaldi\\\/#primaryimage\"},\"image\":{\"@id\":\"https:\\\/\\\/www.meydan.tv\\\/az\\\/article\\\/2023-cu-il-azerbaycanin-edebi-muhitinde-hansi-hadiselerle-yadda-qaldi\\\/#primaryimage\"},\"thumbnailUrl\":\"https:\\\/\\\/www.meydan.tv\\\/wp-content\\\/uploads\\\/untitled-design-4-53.jpg\",\"datePublished\":\"2023-12-25T13:12:15+00:00\",\"dateModified\":\"2023-12-25T13:12:23+00:00\",\"breadcrumb\":{\"@id\":\"https:\\\/\\\/www.meydan.tv\\\/az\\\/article\\\/2023-cu-il-azerbaycanin-edebi-muhitinde-hansi-hadiselerle-yadda-qaldi\\\/#breadcrumb\"},\"inLanguage\":\"az\",\"potentialAction\":[{\"@type\":\"ReadAction\",\"target\":[\"https:\\\/\\\/www.meydan.tv\\\/az\\\/article\\\/2023-cu-il-azerbaycanin-edebi-muhitinde-hansi-hadiselerle-yadda-qaldi\\\/\"]}]},{\"@type\":\"ImageObject\",\"inLanguage\":\"az\",\"@id\":\"https:\\\/\\\/www.meydan.tv\\\/az\\\/article\\\/2023-cu-il-azerbaycanin-edebi-muhitinde-hansi-hadiselerle-yadda-qaldi\\\/#primaryimage\",\"url\":\"https:\\\/\\\/www.meydan.tv\\\/wp-content\\\/uploads\\\/untitled-design-4-53.jpg\",\"contentUrl\":\"https:\\\/\\\/www.meydan.tv\\\/wp-content\\\/uploads\\\/untitled-design-4-53.jpg\",\"width\":1200,\"height\":800,\"caption\":\"Az\u0259rbaycanda \u0259d\u0259biyyat. Foto: Aleksandar Mijatovic\\\/shutterstock\"},{\"@type\":\"BreadcrumbList\",\"@id\":\"https:\\\/\\\/www.meydan.tv\\\/az\\\/article\\\/2023-cu-il-azerbaycanin-edebi-muhitinde-hansi-hadiselerle-yadda-qaldi\\\/#breadcrumb\",\"itemListElement\":[{\"@type\":\"ListItem\",\"position\":1,\"name\":\"Ana s\u0259hif\u0259\",\"item\":\"https:\\\/\\\/www.meydan.tv\\\/az\\\/\"},{\"@type\":\"ListItem\",\"position\":2,\"name\":\"M\u0259d\u0259niyy\u0259t\",\"item\":\"https:\\\/\\\/www.meydan.tv\\\/az\\\/section\\\/medeniyyet\\\/\"},{\"@type\":\"ListItem\",\"position\":3,\"name\":\"2023-c\u00fc il Az\u0259rbaycan\u0131n \u0259d\u0259bi m\u00fchitind\u0259 hans\u0131 hadis\u0259l\u0259rl\u0259 yadda qald\u0131?\"}]},{\"@type\":\"WebSite\",\"@id\":\"https:\\\/\\\/www.meydan.tv\\\/az\\\/#website\",\"url\":\"https:\\\/\\\/www.meydan.tv\\\/az\\\/\",\"name\":\"MEYDAN.TV\",\"description\":\"Meydan TV Az\u0259rbaycan\u0131n media m\u0259kan\u0131ndak\u0131 alternativ s\u0259sidir\",\"publisher\":{\"@id\":\"https:\\\/\\\/www.meydan.tv\\\/az\\\/#organization\"},\"potentialAction\":[{\"@type\":\"SearchAction\",\"target\":{\"@type\":\"EntryPoint\",\"urlTemplate\":\"https:\\\/\\\/www.meydan.tv\\\/az\\\/?s={search_term_string}\"},\"query-input\":{\"@type\":\"PropertyValueSpecification\",\"valueRequired\":true,\"valueName\":\"search_term_string\"}}],\"inLanguage\":\"az\"},{\"@type\":\"Organization\",\"@id\":\"https:\\\/\\\/www.meydan.tv\\\/az\\\/#organization\",\"name\":\"Meydan TV\",\"url\":\"https:\\\/\\\/www.meydan.tv\\\/az\\\/\",\"logo\":{\"@type\":\"ImageObject\",\"inLanguage\":\"az\",\"@id\":\"https:\\\/\\\/www.meydan.tv\\\/az\\\/#\\\/schema\\\/logo\\\/image\\\/\",\"url\":\"https:\\\/\\\/www.meydan.tv\\\/wp-content\\\/uploads\\\/2021\\\/07\\\/meydan-logo.svg\",\"contentUrl\":\"https:\\\/\\\/www.meydan.tv\\\/wp-content\\\/uploads\\\/2021\\\/07\\\/meydan-logo.svg\",\"width\":195,\"height\":46,\"caption\":\"Meydan TV\"},\"image\":{\"@id\":\"https:\\\/\\\/www.meydan.tv\\\/az\\\/#\\\/schema\\\/logo\\\/image\\\/\"}},{\"@type\":\"Person\",\"@id\":\"https:\\\/\\\/www.meydan.tv\\\/az\\\/#\\\/schema\\\/person\\\/9cdbecf90d17180ce1dfbd95b08dcf47\",\"name\":\"elli\",\"sameAs\":[\"https:\\\/\\\/x.com\\\/elli\"]}]}<\/script>\n<!-- \/ Yoast SEO plugin. -->","yoast_head_json":{"title":"2023-c\u00fc il Az\u0259rbaycan\u0131n \u0259d\u0259bi m\u00fchitind\u0259 hans\u0131 hadis\u0259l\u0259rl\u0259 yadda qald\u0131? - MEYDAN.TV","robots":{"index":"index","follow":"follow","max-snippet":"max-snippet:-1","max-image-preview":"max-image-preview:large","max-video-preview":"max-video-preview:-1"},"canonical":"https:\/\/www.meydan.tv\/az\/article\/2023-cu-il-azerbaycanin-edebi-muhitinde-hansi-hadiselerle-yadda-qaldi\/","og_locale":"az_AZ","og_type":"article","og_title":"2023-c\u00fc il Az\u0259rbaycan\u0131n \u0259d\u0259bi m\u00fchitind\u0259 hans\u0131 hadis\u0259l\u0259rl\u0259 yadda qald\u0131? - MEYDAN.TV","og_description":"\u018fd\u0259bi q\u0259biristanl\u0131q, \u00e7i\u00e7\u0259kl\u0259nm\u0259 d\u00f6vr\u00fc, yaddaqalan \u0259s\u0259rl\u0259r&#8230; 2023-c\u00fc il yekunla\u015fmaq \u00fczr\u0259dir. ... Davam\u0131","og_url":"https:\/\/www.meydan.tv\/az\/article\/2023-cu-il-azerbaycanin-edebi-muhitinde-hansi-hadiselerle-yadda-qaldi\/","og_site_name":"MEYDAN.TV","article_published_time":"2023-12-25T13:12:15+00:00","article_modified_time":"2023-12-25T13:12:23+00:00","og_image":[{"width":1200,"height":800,"url":"https:\/\/www.meydan.tv\/wp-content\/uploads\/untitled-design-4-53.jpg","type":"image\/jpeg"}],"author":"elli","twitter_card":"summary_large_image","twitter_creator":"@elli","schema":{"@context":"https:\/\/schema.org","@graph":[{"@type":"Article","@id":"https:\/\/www.meydan.tv\/az\/article\/2023-cu-il-azerbaycanin-edebi-muhitinde-hansi-hadiselerle-yadda-qaldi\/#article","isPartOf":{"@id":"https:\/\/www.meydan.tv\/az\/article\/2023-cu-il-azerbaycanin-edebi-muhitinde-hansi-hadiselerle-yadda-qaldi\/"},"author":{"name":"elli","@id":"https:\/\/www.meydan.tv\/az\/#\/schema\/person\/9cdbecf90d17180ce1dfbd95b08dcf47"},"headline":"2023-c\u00fc il Az\u0259rbaycan\u0131n \u0259d\u0259bi m\u00fchitind\u0259 hans\u0131 hadis\u0259l\u0259rl\u0259 yadda qald\u0131?","datePublished":"2023-12-25T13:12:15+00:00","dateModified":"2023-12-25T13:12:23+00:00","mainEntityOfPage":{"@id":"https:\/\/www.meydan.tv\/az\/article\/2023-cu-il-azerbaycanin-edebi-muhitinde-hansi-hadiselerle-yadda-qaldi\/"},"wordCount":929,"publisher":{"@id":"https:\/\/www.meydan.tv\/az\/#organization"},"image":{"@id":"https:\/\/www.meydan.tv\/az\/article\/2023-cu-il-azerbaycanin-edebi-muhitinde-hansi-hadiselerle-yadda-qaldi\/#primaryimage"},"thumbnailUrl":"https:\/\/www.meydan.tv\/wp-content\/uploads\/untitled-design-4-53.jpg","articleSection":["M\u0259d\u0259niyy\u0259t","X\u0259b\u0259rl\u0259r"],"inLanguage":"az"},{"@type":"WebPage","@id":"https:\/\/www.meydan.tv\/az\/article\/2023-cu-il-azerbaycanin-edebi-muhitinde-hansi-hadiselerle-yadda-qaldi\/","url":"https:\/\/www.meydan.tv\/az\/article\/2023-cu-il-azerbaycanin-edebi-muhitinde-hansi-hadiselerle-yadda-qaldi\/","name":"2023-c\u00fc il Az\u0259rbaycan\u0131n \u0259d\u0259bi m\u00fchitind\u0259 hans\u0131 hadis\u0259l\u0259rl\u0259 yadda qald\u0131? - MEYDAN.TV","isPartOf":{"@id":"https:\/\/www.meydan.tv\/az\/#website"},"primaryImageOfPage":{"@id":"https:\/\/www.meydan.tv\/az\/article\/2023-cu-il-azerbaycanin-edebi-muhitinde-hansi-hadiselerle-yadda-qaldi\/#primaryimage"},"image":{"@id":"https:\/\/www.meydan.tv\/az\/article\/2023-cu-il-azerbaycanin-edebi-muhitinde-hansi-hadiselerle-yadda-qaldi\/#primaryimage"},"thumbnailUrl":"https:\/\/www.meydan.tv\/wp-content\/uploads\/untitled-design-4-53.jpg","datePublished":"2023-12-25T13:12:15+00:00","dateModified":"2023-12-25T13:12:23+00:00","breadcrumb":{"@id":"https:\/\/www.meydan.tv\/az\/article\/2023-cu-il-azerbaycanin-edebi-muhitinde-hansi-hadiselerle-yadda-qaldi\/#breadcrumb"},"inLanguage":"az","potentialAction":[{"@type":"ReadAction","target":["https:\/\/www.meydan.tv\/az\/article\/2023-cu-il-azerbaycanin-edebi-muhitinde-hansi-hadiselerle-yadda-qaldi\/"]}]},{"@type":"ImageObject","inLanguage":"az","@id":"https:\/\/www.meydan.tv\/az\/article\/2023-cu-il-azerbaycanin-edebi-muhitinde-hansi-hadiselerle-yadda-qaldi\/#primaryimage","url":"https:\/\/www.meydan.tv\/wp-content\/uploads\/untitled-design-4-53.jpg","contentUrl":"https:\/\/www.meydan.tv\/wp-content\/uploads\/untitled-design-4-53.jpg","width":1200,"height":800,"caption":"Az\u0259rbaycanda \u0259d\u0259biyyat. Foto: Aleksandar Mijatovic\/shutterstock"},{"@type":"BreadcrumbList","@id":"https:\/\/www.meydan.tv\/az\/article\/2023-cu-il-azerbaycanin-edebi-muhitinde-hansi-hadiselerle-yadda-qaldi\/#breadcrumb","itemListElement":[{"@type":"ListItem","position":1,"name":"Ana s\u0259hif\u0259","item":"https:\/\/www.meydan.tv\/az\/"},{"@type":"ListItem","position":2,"name":"M\u0259d\u0259niyy\u0259t","item":"https:\/\/www.meydan.tv\/az\/section\/medeniyyet\/"},{"@type":"ListItem","position":3,"name":"2023-c\u00fc il Az\u0259rbaycan\u0131n \u0259d\u0259bi m\u00fchitind\u0259 hans\u0131 hadis\u0259l\u0259rl\u0259 yadda qald\u0131?"}]},{"@type":"WebSite","@id":"https:\/\/www.meydan.tv\/az\/#website","url":"https:\/\/www.meydan.tv\/az\/","name":"MEYDAN.TV","description":"Meydan TV Az\u0259rbaycan\u0131n media m\u0259kan\u0131ndak\u0131 alternativ s\u0259sidir","publisher":{"@id":"https:\/\/www.meydan.tv\/az\/#organization"},"potentialAction":[{"@type":"SearchAction","target":{"@type":"EntryPoint","urlTemplate":"https:\/\/www.meydan.tv\/az\/?s={search_term_string}"},"query-input":{"@type":"PropertyValueSpecification","valueRequired":true,"valueName":"search_term_string"}}],"inLanguage":"az"},{"@type":"Organization","@id":"https:\/\/www.meydan.tv\/az\/#organization","name":"Meydan TV","url":"https:\/\/www.meydan.tv\/az\/","logo":{"@type":"ImageObject","inLanguage":"az","@id":"https:\/\/www.meydan.tv\/az\/#\/schema\/logo\/image\/","url":"https:\/\/www.meydan.tv\/wp-content\/uploads\/2021\/07\/meydan-logo.svg","contentUrl":"https:\/\/www.meydan.tv\/wp-content\/uploads\/2021\/07\/meydan-logo.svg","width":195,"height":46,"caption":"Meydan TV"},"image":{"@id":"https:\/\/www.meydan.tv\/az\/#\/schema\/logo\/image\/"}},{"@type":"Person","@id":"https:\/\/www.meydan.tv\/az\/#\/schema\/person\/9cdbecf90d17180ce1dfbd95b08dcf47","name":"elli","sameAs":["https:\/\/x.com\/elli"]}]}},"_links":{"self":[{"href":"https:\/\/www.meydan.tv\/az\/wp-json\/wp\/v2\/posts\/293948","targetHints":{"allow":["GET"]}}],"collection":[{"href":"https:\/\/www.meydan.tv\/az\/wp-json\/wp\/v2\/posts"}],"about":[{"href":"https:\/\/www.meydan.tv\/az\/wp-json\/wp\/v2\/types\/post"}],"author":[{"embeddable":true,"href":"https:\/\/www.meydan.tv\/az\/wp-json\/wp\/v2\/users\/8"}],"replies":[{"embeddable":true,"href":"https:\/\/www.meydan.tv\/az\/wp-json\/wp\/v2\/comments?post=293948"}],"version-history":[{"count":3,"href":"https:\/\/www.meydan.tv\/az\/wp-json\/wp\/v2\/posts\/293948\/revisions"}],"predecessor-version":[{"id":293953,"href":"https:\/\/www.meydan.tv\/az\/wp-json\/wp\/v2\/posts\/293948\/revisions\/293953"}],"wp:featuredmedia":[{"embeddable":true,"href":"https:\/\/www.meydan.tv\/az\/wp-json\/wp\/v2\/media\/264445"}],"wp:attachment":[{"href":"https:\/\/www.meydan.tv\/az\/wp-json\/wp\/v2\/media?parent=293948"}],"wp:term":[{"taxonomy":"category","embeddable":true,"href":"https:\/\/www.meydan.tv\/az\/wp-json\/wp\/v2\/categories?post=293948"},{"taxonomy":"post_tag","embeddable":true,"href":"https:\/\/www.meydan.tv\/az\/wp-json\/wp\/v2\/tags?post=293948"}],"curies":[{"name":"wp","href":"https:\/\/api.w.org\/{rel}","templated":true}]}}