{"id":293938,"date":"2023-12-25T19:54:24","date_gmt":"2023-12-25T15:54:24","guid":{"rendered":"https:\/\/www.meydan.tv\/?p=293938"},"modified":"2023-12-25T19:54:27","modified_gmt":"2023-12-25T15:54:27","slug":"eli-kerimli-secki-ile-bagli-geriye-donus-yoxdur","status":"publish","type":"post","link":"https:\/\/www.meydan.tv\/az\/article\/eli-kerimli-secki-ile-bagli-geriye-donus-yoxdur\/","title":{"rendered":"\u018fli K\u0259rimli: \u201cSe\u00e7ki il\u0259 ba\u011fl\u0131 geriy\u0259 d\u00f6n\u00fc\u015f yoxdur\u201d"},"content":{"rendered":"\n<figure class=\"wp-block-embed is-type-video is-provider-youtube wp-block-embed-youtube wp-embed-aspect-16-9 wp-has-aspect-ratio\"><div class=\"wp-block-embed__wrapper\">\n<iframe title=\"\u018fli K\u0259rimli: \u201cSe\u00e7ki il\u0259 ba\u011fl\u0131 geriy\u0259 d\u00f6n\u00fc\u015f yoxdur\u201d\" width=\"1200\" height=\"675\" data-src=\"https:\/\/www.youtube.com\/embed\/ZNM0tc-If6w?feature=oembed\" frameborder=\"0\" allow=\"accelerometer; autoplay; clipboard-write; encrypted-media; gyroscope; picture-in-picture; web-share\" allowfullscreen src=\"data:image\/svg+xml;base64,PHN2ZyB3aWR0aD0iMSIgaGVpZ2h0PSIxIiB4bWxucz0iaHR0cDovL3d3dy53My5vcmcvMjAwMC9zdmciPjwvc3ZnPg==\" class=\"lazyload\" data-load-mode=\"1\"><\/iframe>\n<\/div><\/figure>\n\n\n\n<p><strong><em>\u201cNe\u00e7\u0259 ill\u0259rdir m\u00fcxalif\u0259t\u0259 m\u00fcxalif\u0259t\u00e7ilik fenomeni il\u0259 m\u00fcbariz\u0259 apar\u0131r\u0131q\u201d<\/em><\/strong><\/p>\n\n\n\n<p><strong>Az\u0259rbaycan Xalq C\u0259bh\u0259si Partiyas\u0131n\u0131n s\u0259dri \u018fli K\u0259rimli il\u0259 s\u00f6hb\u0259timizd\u0259 2024-c\u00fc ilin 7 fevral\u0131nda n\u00f6vb\u0259d\u0259nk\u0259nar Prezident se\u00e7kil\u0259rinin yaratd\u0131\u011f\u0131 siyasi v\u0259ziyy\u0259tl\u0259 ba\u011fl\u0131 suallara cavab tapma\u011fa \u00e7al\u0131\u015fd\u0131q.<\/strong><br><br><em>&#8211; \u018fli b\u0259y, se\u00e7kini boykot edirsiniz. Bu \u00e7a\u011f\u0131r\u0131\u015f yaln\u0131z partiya \u00fczvl\u0259rin\u0259dir, yoxsa c\u0259miyy\u0259t\u0259 v\u0259 xalqa da \u00fcnvanlan\u0131b?<\/em><\/p>\n\n\n\n<p>&#8211; B\u0259yanatda partiya \u00fczvl\u0259rin\u0259 yox, xalqa da \u00e7a\u011f\u0131r\u0131\u015f var. Deyilir ki, indiki \u015f\u0259rtl\u0259r daxilind\u0259, y\u0259ni \u00f6lk\u0259d\u0259 bir ne\u00e7\u0259 ayda siyasi m\u0259hbuslar\u0131n say\u0131n\u0131n 2 d\u0259f\u0259 artd\u0131\u011f\u0131, son 5 ild\u0259 s\u0259rb\u0259st topla\u015fmaq azadl\u0131\u011f\u0131n\u0131n tam qada\u011fan olundu\u011fu, m\u0259tbuat\u0131n son qal\u0131qlar\u0131n\u0131n m\u0259hv edildiyi, m\u00fcxalif\u0259t\u0259 qar\u015f\u0131 az qala d\u00fc\u015fm\u0259n m\u00fcnasib\u0259tinin ya\u015fand\u0131\u011f\u0131, h\u0259bsxanalarda i\u015fg\u0259nc\u0259nin adi hala \u00e7evrildiyi, se\u00e7ki komissiyalar\u0131n\u0131n hakimiyy\u0259tin n\u0259zar\u0259tind\u0259 oldu\u011fu \u015f\u0259raitd\u0259, s\u0259sl\u0259rin normal hesablanmad\u0131\u011f\u0131 prosesd\u0259 se\u00e7ki ke\u00e7iril\u0259 bilm\u0259z. Bu bax\u0131mdan 7 fevralda se\u00e7ki yox, se\u00e7ki tama\u015fas\u0131 ke\u00e7iril\u0259c\u0259k. Xalq C\u0259bh\u0259si d\u0259 se\u00e7ki tama\u015fas\u0131n\u0131 boykot edir v\u0259 \u00fcmid edir ki, xalq da bu tama\u015fada rol almas\u0131n. \u00d6zl\u0259ri tama\u015fan\u0131 qurduqlar\u0131 kimi t\u0259k aktyor kimi oynas\u0131nlar. H\u0259m se\u00e7ici, h\u0259m d\u0259 se\u00e7il\u0259n, xalq\u0131n i\u015ftirak\u0131 olmadan bu proses ke\u00e7sin, h\u0259r k\u0259s g\u00f6rs\u00fcn ki, Az\u0259rbaycanda se\u00e7ki tama\u015fas\u0131 al\u0131nmad\u0131, iflas etdi. Onsuz da m\u00fcxalif\u0259tin boykot etdiyi son se\u00e7kil\u0259r\u0259 10 faizd\u0259n \u00e7ox se\u00e7ici g\u0259lmir. N\u0259 q\u0259d\u0259r \u00e7al\u0131\u015f\u0131rlar, b\u00fcdc\u0259 t\u0259\u015fkilatlar\u0131n\u0131, m\u00fc\u0259lliml\u0259ri, h\u0259tta sinif r\u0259hb\u0259rl\u0259rini c\u0259lb edirl\u0259r, amma bizim m\u00fc\u015fahid\u0259miz\u0259 g\u00f6r\u0259 Bak\u0131da 8-10 faiz se\u00e7ici f\u0259all\u0131\u011f\u0131 olur. \u018fg\u0259r bir m\u0259nt\u0259q\u0259y\u0259 1500 se\u00e7ici g\u0259lm\u0259lidirs\u0259, 120-130 adam g\u0259lir.<\/p>\n\n\n\n<p><em>&#8211; Siz\u0259 el\u0259 g\u0259lmirmi m\u00fcxalif\u0259t art\u0131q boykotu siyasi bir \u0259n\u0259n\u0259y\u0259 \u00e7evirib, h\u0259tta bir az da s\u0259rt dey\u0259r\u0259m ki, xroniki hal al\u0131b? Ayd\u0131nd\u0131r ki, avtoritar idar\u0259etm\u0259l\u0259r onsuz da normal se\u00e7ki m\u00fchiti yaratm\u0131r, bel\u0259 olanda m\u00fcxalif\u0259t boykot siyas\u0259ti il\u0259 hakimiyy\u0259tin \u00f6mr\u00fcn\u00fc uzatm\u0131rm\u0131?<\/em><\/p>\n\n\n\n<p>&#8211; Hakimiyy\u0259t \u00f6mr\u00fcn\u00fc zorla v\u0259 Az\u0259rbaycan xalq\u0131n\u0131 \u0259sir almaqla uzad\u0131r. B\u00fct\u00fcn azadl\u0131qlar xalqdan al\u0131n\u0131b. Bunu t\u0259kc\u0259 m\u0259n demir\u0259m, d\u00fcnyan\u0131n n\u00fcfuzlu beyn\u0259lxalq qurumlar\u0131 bildirir ki, Az\u0259rbaycandak\u0131 siyasi hakimiyy\u0259t Rusiya, Belarus, T\u00fcrkm\u0259nistan, Misir, Venesuala, Eritreya kimi klassik avtoritarizm, h\u0259tta diktaturan\u0131n h\u00f6km s\u00fcrd\u00fcy\u00fc \u00f6lk\u0259l\u0259rl\u0259 bir s\u0131radad\u0131r. Sual edir\u0259m, sadalad\u0131\u011f\u0131m \u00f6lk\u0259l\u0259rd\u0259 se\u00e7kil\u0259rl\u0259 d\u0259yi\u015fiklik ola bil\u0259r? F\u0259rqi yoxdur, m\u00fcxalif\u0259t se\u00e7kid\u0259 i\u015ftirak etsin, ya etm\u0259sin\u2026<\/p>\n\n\n\n<p><em>&#8211; Rusiyan\u0131 g\u00f6t\u00fcr\u0259k, Navaln\u0131 xalqa m\u00fcraci\u0259t etdi ki, se\u00e7kiy\u0259 gedin, onsuz da se\u00e7ki Putinin xeyrin\u0259 saxtala\u015fd\u0131r\u0131lacaq. Amma t\u0259\u015fviqat se\u00e7kid\u0259n daha vacibdir. He\u00e7 olmasa xalqa izah edin ki, Putin \u00f6lk\u0259ni f\u0259lak\u0259t\u0259 apar\u0131r. Olmazm\u0131, siz d\u0259 se\u00e7kiy\u0259 qat\u0131l\u0131b xalqla birba\u015fa t\u0259masa gir\u0259siniz, onsuz da rayonlara buraxm\u0131rlar. Bir qisim insan d\u00fc\u015f\u00fcn\u00fcr ki, hakimiyy\u0259t Rusiyayla \u00e7ox yax\u0131nla\u015f\u0131b, \u00f6lk\u0259ni \u015fimala do\u011fru apar\u0131r, Rus ordusu s\u00fclhm\u0259raml\u0131lar ad\u0131 alt\u0131nda Az\u0259rbaycandad\u0131r. Bu t\u0259hl\u00fck\u0259l\u0259ri dem\u0259k olmazm\u0131, yoxsa boykotdan ba\u015fqa B plan\u0131n\u0131z yoxdurmu?<\/em><\/p>\n\n\n\n<p>&#8211; Do\u011frusu, Navaln\u0131dan 2 h\u0259ft\u0259dir m\u0259lumat yoxdur, haz\u0131rda situasiyadan k\u0259nardad\u0131r, hans\u0131 motivl\u0259 bel\u0259 a\u00e7\u0131qlama verib, m\u0259n\u0259 ayd\u0131n deyil. Amma Navaln\u0131 azadl\u0131qda olanda, h\u0259l\u0259 o zaman Rusiya indikind\u0259n daha normal v\u0259ziyy\u0259td\u0259ydi. Bildiyim\u0259 g\u00f6r\u0259 Navaln\u0131 2018-ci ilin Prezident, 2021-ci ilin parlament se\u00e7kil\u0259rini d\u0259 boykot edib, \u015f\u0259rait olmad\u0131\u011f\u0131na g\u00f6r\u0259. \u0130ndi Navaln\u0131n\u0131n motivi m\u0259n\u0259 tam ayd\u0131n deyil, ancaq bilir\u0259m ki, Rusiya m\u00fcxalif\u0259ti d\u0259 t\u0259k Navaln\u0131dan ibar\u0259t deyil, m\u00fctl\u0259q \u0259ks\u0259riyy\u0259t se\u00e7kini boykot ed\u0259c\u0259k. Onsuz da real m\u00fcxalif\u0259tin 17 mart Prezident se\u00e7kil\u0259rind\u0259 i\u015ftirak\u0131ndan s\u00f6hb\u0259t getmir. \u0130kincisi, biz el\u0259-bel\u0259 g\u0259lm\u0259mi\u015fik, t\u0259vaz\u00f6karl\u0131qdan uzaq olsa da deyim, Az\u0259rbaycanda \u0259n yax\u015f\u0131 se\u00e7ki kampaniyalar\u0131n\u0131 biz aparm\u0131\u015f\u0131q, 2000, 2003, 2005, 2013-c\u00fc ild\u0259 indiki il\u0259 m\u00fcqayis\u0259d\u0259 kampaniya imkanlar\u0131 vard\u0131. Haz\u0131rda m\u00fcxalif\u0259t\u0259 qurulan tama\u015fada \u00e7ox x\u0131rda epizodik rol verilib, s\u0259n bu rolda i\u015ftirak edirs\u0259n, r\u0259smi v\u0259 qeyri-r\u0259smi prezidentliy\u0259 namiz\u0259dl\u0259rin s\u0131ras\u0131na qo\u015fulub yar\u0131\u015f imitasiyas\u0131 edirs\u0259n. Bel\u0259likl\u0259, \u018fliyevin t\u0259kc\u0259 \u201er\u0259qib\u201dl\u0259rin\u0259 yox, s\u0259n\u0259 d\u0259 qalib g\u0259ldiyini xalqa n\u00fcmayi\u015f etdirirs\u0259n.<\/p>\n\n\n\n<p><em>&#8211; Siz\u0259 h\u0259min rolu partiyalar\u0131n reyestrd\u0259n ke\u00e7ir\u0259nd\u0259 d\u0259 verm\u0259mi\u015fdil\u0259rmi?<\/em><\/p>\n\n\n\n<p>&#8211; Xeyr, o ba\u015fqa \u015feydir.<\/p>\n\n\n\n<p>&#8211;<em>\u00a0Bu suala cavab verin\u2026<\/em><\/p>\n\n\n\n<p><em>&#8211;<\/em>\u00a0Cavab ver\u0259c\u0259m, amma sual\u0131n\u0131za cavab\u0131m h\u0259l\u0259 bitm\u0259yib. Deyirl\u0259r ki, bu epizodik rolla gedin dan\u0131\u015f\u0131n, m\u0259g\u0259r, dan\u0131\u015fmaq imkan\u0131 var?! 2018-ci il n\u00f6vb\u0259d\u0259nk\u0259nar se\u00e7kil\u0259rd\u0259 dan\u0131\u015fmaq imkan\u0131 oldumu? Biz h\u0259r g\u00fcn internet televiziyalar\u0131 vasit\u0259sil\u0259 dan\u0131\u015f\u0131r\u0131q. Bilirisiniz ki, Az\u0259rbaycan televiziyalar\u0131n\u0131n auditoriyalar\u0131 internet televeziyalar\u0131n\u0131n auditoriyalar\u0131ndan m\u0259hduddur. Camaat\u0131n yad\u0131nda C\u0259mil m\u00fc\u0259llimin 2013-c\u00fc ild\u0259ki \u00e7\u0131x\u0131\u015flar\u0131 qal\u0131b, ancaq indi 2013-c\u00fc il deyil. Auditoriya internet televiziyalar\u0131ndad\u0131r.<\/p>\n\n\n\n<p><em>&#8211; Amma C\u0259mil m\u00fc\u0259llimin se\u00e7ki kampaniyas\u0131 \u00e7ox yax\u015f\u0131 idi, el\u0259 h\u0259min kampaniyan\u0131 qurmaq olmazm\u0131?<\/em><\/p>\n\n\n\n<p>&#8211; Televiziya kampaniyas\u0131 idi, ondan sonra g\u00f6rd\u00fck ki, b\u00fct\u00fcn imkanlar nec\u0259 m\u0259hdud idi. Adi bir misal, h\u0259min 2013-c\u00fc il se\u00e7ki kampaniyas\u0131 zaman\u0131 q\u0259rb b\u00f6lg\u0259sind\u0259n g\u0259lirdik, b\u00fct\u00fcn yolboyu kafe v\u0259 \u00e7ayxanalar ba\u011fl\u0131yd\u0131, biri elektrikin olmad\u0131\u011f\u0131n\u0131 deyirdi, ba\u015fqa birisi qaz\u0131n olmad\u0131\u011f\u0131n\u0131 v\u0259 s. \u015eamax\u0131da bir yerd\u0259 g\u00f6rd\u00fck ki, i\u015fl\u0259yirl\u0259r, oturduq, \u00e7\u0131xanda \u00e7ay\u0131n pulu verm\u0259k ist\u0259y\u0259nd\u0259, adam tapmad\u0131q, sonra m\u0259lum oldu ki, bu sahibkara \u00f6nc\u0259d\u0259n x\u0259b\u0259rdar etm\u0259yibl\u0259r. Bil\u0259nd\u0259 biz g\u0259lmi\u015fik, onlara nec\u0259 t\u0259pinibl\u0259rs\u0259, yaz\u0131qlar ofisiant qar\u0131\u015f\u0131q \u0259razini t\u0259rk edibl\u0259r, hesab\u0131 \u00e7aynikin alt\u0131na qoyub \u00e7\u0131x\u0131b getdik. Y\u0259ni C\u0259mil m\u00fc\u0259llimin d\u0259 se\u00e7ki kampaniyas\u0131 bu \u015f\u0259kild\u0259 gedib. Amma o zaman internet televiziyalar\u0131, \u201cYoutube\u201d kanallar\u0131 auditoriyaya gir\u0259 bilm\u0259dikl\u0259rind\u0259n insanlar \u00fcmid kimi yerli televiziyalara bax\u0131rd\u0131lar. Hakimiyy\u0259t d\u0259 se\u00e7kid\u0259n sonra h\u0259min p\u0259nc\u0259r\u0259ni qapad\u0131. \u00dcst\u0259lik, bizim internet televiziyalar vasit\u0259sil\u0259 s\u00f6z\u00fcm\u00fcz\u00fc dem\u0259y\u0259 imkan\u0131m\u0131z var, m\u0259s\u0259l\u0259n, Q\u0259nim\u0259d Zahidl\u0259 \u201cAz\u0259rbaycan saat\u0131\u201dnda Rusiyayla ba\u011fl\u0131 s\u0259sl\u0259ndirdiyiniz m\u0259s\u0259l\u0259y\u0259 200 mind\u0259n art\u0131q bax\u0131\u015f var. \u0130ndi oturub hesablamal\u0131y\u0131q, se\u00e7kiy\u0259 gedib 4-5 d\u0259qiq\u0259 dan\u0131\u015fmaq imkan\u0131 olacaqm\u0131, h\u0259l\u0259 qeyri-m\u00fc\u0259yy\u0259ndir. B\u0259li, h\u0259min AzTV v\u0259 \u0130ctimai Televiziyada 4-5 d\u0259qiq\u0259lik \u00e7\u0131x\u0131\u015flar m\u00fc\u0259yy\u0259n \u00fcst\u00fcnl\u00fck yarada bil\u0259r. \u0130kincisi, b\u0259zi t\u0259dbirl\u0259rimiz\u0259 imkan vers\u0259l\u0259r d\u0259, verm\u0259s\u0259l\u0259r d\u0259, canlanma yarada bil\u0259rik. Bir qayda olaraq sad\u0259 v\u0259t\u0259nda\u015f bu hiss\u0259sini d\u00fc\u015f\u00fcn\u00fcr. Biz d\u0259 \u00e7\u0131x\u0131\u015flar\u0131m\u0131z\u0131 geni\u015f auditoriyaya \u00e7atd\u0131rma\u011f\u0131 f\u00fcrs\u0259t kimi g\u00f6r\u0259 bil\u0259rik v\u0259 b\u0259zi x\u0131rda h\u0259r\u0259k\u0259tlilik g\u00f6st\u0259rm\u0259k d\u0259 olar. Amma \u0259v\u0259zind\u0259 n\u0259 itir\u0259c\u0259yik? Daha d\u0259rin d\u00fc\u015f\u00fcn\u0259nl\u0259r dey\u0259c\u0259k ki, ne\u00e7\u0259 ilin siyas\u0259t\u00e7il\u0259ri bu oyunun n\u0259tic\u0259l\u0259rinin \u00f6nc\u0259d\u0259n bilindiyini, protokolun, r\u0259q\u0259ml\u0259rin haz\u0131r oldu\u011funu ba\u015fa d\u00fc\u015fm\u00fcrl\u0259rmi. Bu saat Prezident Administrasiyas\u0131nda qorxa-qorxa \u0130lham \u018fliyevl\u0259 onu m\u0259sl\u0259h\u0259tl\u0259\u015firl\u0259r ki, 90 faizd\u0259n a\u015fa\u011f\u0131, yoxsa yuxar\u0131 olsun\u2026<\/p>\n\n\n\n<p>&#8211;<em>\u00a0Bu, informasiyad\u0131r, yoxsa ehtimal\u0131n\u0131zd\u0131r?<\/em><\/p>\n\n\n\n<p>&#8211; 90 faiz ehtimal edir\u0259m, \u00e7\u00fcnki ne\u00e7\u0259 m\u00fcdd\u0259tdir hakimiyy\u0259ti tan\u0131y\u0131ram, t\u0259f\u0259kk\u00fcr\u00fcn\u00fc d\u0259, idar\u0259etm\u0259 formas\u0131n\u0131 da bilir\u0259m. Se\u00e7ki prosesini izl\u0259y\u0259nl\u0259r \u015fahiddirl\u0259r, h\u0259tta se\u00e7ki g\u00fcn\u00fcn\u00fcn sonunda qutudan \u00e7\u0131xan b\u00fclletenl\u0259ri d\u0259 saym\u0131rlar, onu bir t\u0259r\u0259f\u0259 qoyub gedib DSK-da protokolu s\u0131f\u0131rdan yaz\u0131rlar. \u018fvv\u0259l nec\u0259ydi, m\u00fc\u015fahid\u0259\u00e7il\u0259r\u0259 h\u00fccum \u00e7\u0259kib qutuya b\u00fclletenl\u0259ri at\u0131rd\u0131lar ki, ax\u015fam da \u00e7\u0131xar\u0131b says\u0131nlar. \u0130ndi daha bu \u0259ziyy\u0259tl\u0259ri \u00e7\u0259kmirl\u0259r, n\u0259 q\u0259d\u0259r \u00e7\u0131xar, \u00e7\u0131xar, maraql\u0131 deyil. Dem\u0259li, se\u00e7kiy\u0259 getm\u0259kl\u0259 hakimiyy\u0259tin bu tama\u015fas\u0131na inand\u0131r\u0131c\u0131l\u0131q qat\u0131r\u0131q. Y\u0259ni biz\u0259 verilmi\u015f \u201cg\u0259lib m\u0259n\u0259 m\u0259\u011flub olacaqsan\u201d rolunu yerin\u0259 yetirmi\u015f oluruq. \u0130nsanlar aras\u0131nda da \u015f\u00fcbh\u0259 toxumu s\u0259pirik, onlar da deyir: n\u0259yl\u0259 t\u0259sir etdil\u0259r ki, \u00f6nc\u0259d\u0259n bilin\u0259n oyuna girdil\u0259r. Bel\u0259 klassik avtoritarizm d\u00f6vr\u00fcnd\u0259 m\u00fcxalif\u0259t\u00e7ilik ed\u0259n q\u00fcvv\u0259l\u0259r \u00fc\u00e7\u00fcn xalq\u0131n etimad\u0131 \u0259n b\u00f6y\u00fck resursdur. Bizim ba\u015fqa resursumuz yoxdur.<\/p>\n\n\n\n<p><em>&#8211; Dem\u0259li, geriy\u0259 d\u00f6n\u00fc\u015f yoxdur?<\/em><\/p>\n\n\n\n<p>&#8211; \u018flb\u0259tt\u0259, se\u00e7kiyl\u0259 ba\u011fl\u0131 yoxdur. Amma m\u0259n onu vur\u011fulamaq ist\u0259yir\u0259m ki, biz bunlar\u0131n ham\u0131s\u0131n\u0131 hesablam\u0131\u015f\u0131q. H\u0259tta m\u0259ni xo\u015f motivl\u0259 prezidentliy\u0259 namiz\u0259d g\u00f6r\u00fcb d\u0259st\u0259kl\u0259m\u0259y\u0259 haz\u0131r olan b\u0259zi adamlar da t\u0259\u0259ss\u00fcf hissi ke\u00e7irirl\u0259r ki, ka\u015f bu olard\u0131, g\u0259lib h\u0259r\u0259k\u0259t edib \u00e7al\u0131\u015fard\u0131q. Amma \u018fliyevin bu tama\u015fas\u0131nda rol alman\u0131n neqativl\u0259rini, inand\u0131r\u0131c\u0131l\u0131q elementi qatma\u011f\u0131 v\u0259 sonra ya\u015fanacaq m\u0259suliyy\u0259tsizliyi, bunlar\u0131n ham\u0131s\u0131n\u0131 t\u0259r\u0259zinin g\u00f6z\u00fcn\u0259 qoydu\u011fumuza g\u00f6r\u0259 bilirik ki, biz\u0259 bu tama\u015fada rol almaq uy\u011fun deyil.<\/p>\n\n\n\n<p><em>&#8211; O zaman g\u0259l\u0259k reyestrl\u0259 ba\u011fl\u0131 suala&#8230;<\/em><\/p>\n\n\n\n<p>&#8211; \u018fslind\u0259, normalda bu c\u00fcr \u00f6lk\u0259d\u0259 iqtidar\u0131n \u00e7oxlu t\u0259nqid\u00e7il\u0259ri olur. Amma Az\u0259rbaycanda m\u00fcxalif\u0259tin m\u00fcxalif\u0259ti var, \u00e7ox g\u00fcman ki, bu fenomen h\u00f6kum\u0259td\u0259n qidalan\u0131r. Yoxsa niy\u0259 ki, m\u00fcxalif\u0259tin m\u00fcxalif\u0259ti olsun, bu q\u0259d\u0259r a\u011f\u0131r \u015f\u0259raitd\u0259 m\u00fcbariz\u0259 aparan siyasi q\u00fcvv\u0259yik. Kims\u0259 b\u0259y\u0259nmir, gedib yax\u015f\u0131s\u0131n\u0131 \u00f6z\u00fc etsin, daha bizd\u0259n n\u0259 ist\u0259yir ki? Ancaq ne\u00e7\u0259 ill\u0259rdir m\u00fcxalif\u0259t\u0259 m\u00fcxalif\u0259t\u00e7ilik fenomeni il\u0259 m\u00fcbariz\u0259 apar\u0131r\u0131q. Ona g\u00f6r\u0259 h\u0259r c\u00fcr absurd ittihamlar g\u00f6rm\u00fc\u015f\u0259m, amma son vaxtlar rastla\u015fd\u0131\u011f\u0131m iki ittiham, t\u0259nqid \u0259n absurdudur. Birincisi, qurultayda demi\u015f\u0259m ki, Az\u0259rbaycan\u0131n milli maraqlar\u0131 b\u00fct\u00fcn beyn\u0259lxalq t\u0259\u015fkilatlar\u0131n maraqlar\u0131ndan \u00fcst\u00fcnd\u00fcr, biz Az\u0259rbaycan sevdal\u0131s\u0131y\u0131q. Buna g\u00f6r\u0259 bir az\u0259rbaycanl\u0131 m\u0259ni niy\u0259 t\u0259nqid etsin ax\u0131? M\u0259n Az\u0259rbaycan\u0131n \u00f6vlad\u0131yam da, siyas\u0259t\u00e7i olmaqdan \u0259lav\u0259 Az\u0259rbaycan\u0131n \u0259sg\u0259riy\u0259m, m\u0259nim \u00fc\u00e7\u00fcn \u00f6lk\u0259min mara\u011f\u0131ndan hans\u0131 maraq \u00fcst\u00fcn ola bil\u0259r?! O beyn\u0259lxalq t\u0259\u015fkilatlar\u0131n mara\u011f\u0131 \u00f6lk\u0259min mara\u011f\u0131na uy\u011fundur, onu onsuz da q\u0259bul ed\u0259c\u0259yik. \u0130kinci absurd is\u0259 reyestrl\u0259 ba\u011fl\u0131d\u0131r. Ne\u00e7\u0259 ill\u0259rdir \u00e7al\u0131\u015f\u0131r\u0131q ki, h\u00f6kum\u0259t ham\u0131n\u0131 ram etm\u0259sin. T\u0259kc\u0259 4-5 ild\u0259 AXCP-d\u0259n onlarla adam h\u0259bs olunub. Son vaxtlar 7-8 jurnalist h\u0259bs edilib, media sektorunda bunun a\u011f\u0131r oldu\u011funu nec\u0259 hiss edirsiniz?<\/p>\n\n\n\n<p>&#8211;<em>\u00a0Onsuz da az\u0131q&#8230;<\/em><\/p>\n\n\n\n<p>&#8211; 50 partiya funksioneri h\u0259bs edilib, 10 n\u0259f\u0259r d\u0259 i\u00e7\u0259rid\u0259dir. M\u0259n\u0259, \u0259traf\u0131ma v\u0259 qohumlar\u0131ma qar\u015f\u0131 olanlar\u0131 bilirsiniz, t\u0259krarlamaq ist\u0259mir\u0259m. Biz bu \u015f\u0259raitd\u0259 m\u00fcbariz\u0259ni n\u0259y\u0259 g\u00f6r\u0259 israrla davam etdiririk? M\u0259qs\u0259dimiz \u00f6lk\u0259d\u0259 legitim alternativin olmas\u0131d\u0131r ki, ist\u0259nil\u0259n zaman geopolitik v\u0259ziyy\u0259t v\u0259 xalq\u0131n ovqat\u0131 d\u0259yi\u015f\u0259nd\u0259 art\u0131q s\u0131f\u0131rdan ba\u015flamaq laz\u0131m g\u0259lm\u0259sin. Biri var T\u00fcrkm\u0259nistanda demokratiya \u00fc\u00e7\u00fcn \u00e7al\u0131\u015fasan, biri d\u0259 var Az\u0259rbaycanda, f\u0259rq var da. M\u0259s\u0259l\u0259n, \u00d6zb\u0259kistanda Mirzoyev yeni g\u0259l\u0259nd\u0259 siyasi m\u0259hbuslar\u0131 azad etdi, orada Az\u0259rbaycan q\u0259d\u0259r siyasi m\u0259hbus yoxdur. Amma bel\u0259 m\u00fcxalif\u0259t d\u0259 yoxdur. Dem\u0259li, m\u00fcxalif\u0259t, \u0259n\u0259n\u0259 v\u0259 struktur yaratmaq asan deyil. 90-c\u0131 ill\u0259rd\u0259 m\u00fcxalif\u0259t d\u00fc\u015f\u0259rg\u0259sind\u0259 nec\u0259 bir basabas vard\u0131, nec\u0259 oldu h\u0259min partiyalar?<\/p>\n\n\n\n<p><em>&#8211; \u0130ndi deyirl\u0259r ki, \u201cavtobusa\u201d minibl\u0259r&#8230;<\/em><\/p>\n\n\n\n<p>&#8211; Ay sa\u011f ol, biz ona g\u00f6r\u0259 t\u0259\u015fkilat\u0131 saxlay\u0131r\u0131q ki, h\u0259lledici m\u0259qamda mill\u0259tin \u00fcz tutma\u011fa \u00fcnvan\u0131 olsun, dinc ke\u00e7idin modeli qals\u0131n. T\u0259s\u0259vv\u00fcr edin ki, \u018fliyev yar\u0131mazad se\u00e7ki \u015f\u0259raiti yarats\u0131n, s\u0259rb\u0259st topla\u015fmaq azadl\u0131\u011f\u0131, regionlara s\u0259f\u0259r imkan\u0131 versin, h\u0259bsl\u0259r\u0259 ara verilsin, mediada m\u00fcxt\u0259lifliy\u0259 mane\u00e7ilik t\u00f6r\u0259tm\u0259sinl\u0259r, biz 3 aydan sonra hakimiyy\u0259ti se\u00e7ki qutusunda m\u0259\u011flub edirik. Bel\u0259 bir g\u00fcc\u00fc saxlam\u0131\u015fam. \u0130ndi ortaya layih\u0259 qoymam\u0131\u015f 3-5 n\u0259f\u0259rin a\u011fl\u0131na g\u0259lib ki, siz d\u0259 reyestrd\u0259n ke\u00e7m\u0259yin, qal\u0131n qanundan k\u0259narda. Dem\u0259li, bu q\u0259d\u0259r \u0259ziyy\u0259t bahas\u0131na-50 n\u0259f\u0259rin m\u0259hbus, 300 n\u0259f\u0259rin inzibati h\u0259bsi, minl\u0259rl\u0259 insan\u0131n ac ya\u015famas\u0131 v\u0259 i\u015fini itirm\u0259si hesab\u0131na qorunmu\u015f alternativ strukturdan k\u00f6n\u00fcll\u00fc \u015f\u0259kild\u0259 imtina edim ki, art\u0131q bu qanunu saym\u0131ram, qeydiyyatdan ke\u00e7mir\u0259m, qald\u0131m qanundan k\u0259narda. N\u0259 \u0259ld\u0259 edir\u0259m?!<\/p>\n\n\n\n<p><em>&#8211; Siz \u018fliyevin yar\u0131mdemokratik se\u00e7ki v\u0259 \u015f\u0259rait yaradaca\u011f\u0131na inan\u0131rs\u0131n\u0131zm\u0131, bu q\u0259d\u0259r sad\u0259l\u00f6vhs\u00fcn\u00fcz?<\/em><\/p>\n\n\n\n<p>&#8211; Siz m\u0259nim sad\u0259l\u00f6vh oldu\u011fumu g\u00f6rm\u00fcs\u00fcn\u00fcz?<\/p>\n\n\n\n<p>&#8211;\u00a0<em>Yox, o bar\u0259d\u0259 dan\u0131\u015fd\u0131n\u0131z dey\u0259 soru\u015furam&#8230;<\/em><\/p>\n\n\n\n<p><em>&#8211;<\/em>\u00a0\u018fvv\u0259la, m\u0259n onu s\u00f6zg\u0259li\u015fi dedim, strukturumuzun g\u00fcc\u00fcn\u00fc n\u00fcmayi\u015f etdirm\u0259k \u00fc\u00e7\u00fcn. Amma arxas\u0131 da var v\u0259 prinsipc\u0259, istisna da etmir\u0259m. S\u00f6zg\u0259li\u015fi olmadan da bu m\u00fcmk\u00fcnd\u00fcr.<\/p>\n\n\n\n<p>&#8211;\u00a0<em>N\u0259y\u0259 \u0259sas\u0259n istisna etmirsiniz?<\/em><\/p>\n\n\n\n<p><em>&#8211;\u00a0<\/em>Klassik avtoritarizm olan \u00f6lk\u0259l\u0259rd\u0259 d\u0259yi\u015fiklikl\u0259r n\u0259 n\u00f6vb\u0259ti, n\u0259 d\u0259 n\u00f6vb\u0259siz se\u00e7kil\u0259rl\u0259 olur. N\u0259 se\u00e7kini boykotla, n\u0259 d\u0259 se\u00e7kid\u0259 i\u015ftirakla hakimiyy\u0259t d\u0259yi\u015fir. D\u0259yi\u015fikliyin iki variant\u0131 qal\u0131r: Ya geopolitik \u015f\u0259rtl\u0259r d\u0259yi\u015fir, h\u0259min avtoritar liderl\u0259r sanksiyalar\u0131n, t\u0259cridin g\u00fcc\u00fcyl\u0259 g\u00fcz\u0259\u015ft\u0259 gedirl\u0259r. Ne\u00e7\u0259 m\u00fcdd\u0259tdir Venesuelan\u0131n neftinin sat\u0131\u015f\u0131na qada\u011fa qoymu\u015fdular, indi Madura raz\u0131la\u015f\u0131b ki, yax\u015f\u0131, neftd\u0259n bir az sat\u0131m, g\u0259l\u0259n il d\u0259 m\u00fcxalif\u0259tin i\u015ftirak\u0131 v\u0259 beyn\u0259lxalq t\u0259\u015fkilatlar\u0131n m\u00fc\u015fahid\u0259si il\u0259 se\u00e7ki ke\u00e7irim. Madura Az\u0259rbaycan hakimiyy\u0259tind\u0259n \u00e7ox-\u00e7ox s\u0259rt i\u015fl\u0259r g\u00f6r\u00fcb, y\u00fczl\u0259rl\u0259 insan t\u0259zyiq v\u0259 i\u015fg\u0259nc\u0259l\u0259r n\u0259tic\u0259sind\u0259 h\u0259yat\u0131n\u0131 itirib. \u0130ndi m\u00fcxalif\u0259tl\u0259 se\u00e7ki yar\u0131\u015f\u0131na getm\u0259y\u0259 raz\u0131la\u015f\u0131b, dem\u0259li, beyn\u0259lxalq \u015f\u0259rtl\u0259r d\u0259yi\u015fib. 2020-ci ild\u0259 Belarusdak\u0131 parlament se\u00e7kil\u0259ri ham\u0131m\u0131z\u0131 nec\u0259 ruhland\u0131rm\u0131\u015fd\u0131, Svetlana Tixanovskaya az qala se\u00e7ilmi\u015fdi, \u00e7ox sayda s\u0259s d\u0259 alm\u0131\u015fd\u0131. Ondan \u0259vv\u0259l Belarusa qar\u015f\u0131 b\u00f6y\u00fck t\u0259crid vard\u0131, 2010-cu ild\u0259 Luka\u015fenkonu Avropan\u0131n sonuncu diktatoru elan etmi\u015fdil\u0259r, q\u0259rb \u00f6lk\u0259l\u0259ri s\u0259firl\u0259rini \u00e7\u0131xar\u0131b diplomatik \u0259laq\u0259l\u0259rini d\u0259 k\u0259smi\u015fdil\u0259r. Belarusun 2020-ci ild\u0259n \u0259vv\u0259l Rusiyayla m\u00fcnasib\u0259tl\u0259ri g\u0259rginl\u0259\u015fdi v\u0259 Q\u0259rb\u0259 do\u011fru add\u0131m atd\u0131, b\u00fct\u00fcn siyasi m\u0259hbuslar\u0131 azad etdi, son se\u00e7kid\u0259 Tixanovskaya se\u00e7ki m\u00fccadil\u0259si ed\u0259nd\u0259 orada \u00e7ox az siyasi m\u0259hbus qalm\u0131\u015fd\u0131. H\u0259min vaxt m\u00fcxalif\u0259t regionarda b\u00f6y\u00fck mitinql\u0259r ke\u00e7irirdi, o \u015f\u0259rait d\u0259 geopolitik basq\u0131lar\u0131n n\u0259tic\u0259sind\u0259 yaranm\u0131\u015fd\u0131. \u018fg\u0259r Putini \u00e7\u00f6kd\u00fcrm\u0259k m\u00fcmk\u00fcn olacaqsa, \u0259min\u0259m ki, bu, \u00e7ox \u00e7\u0259km\u0259y\u0259c\u0259k, m\u0259nz\u0259r\u0259 d\u0259yi\u015f\u0259c\u0259k. Putin postsovet regionunda yar\u0131md\u00fcnya yarad\u0131b, haz\u0131rda mini \u201csoyuq m\u00fcharib\u0259\u201d gedir. Q\u0259rb \u00f6lk\u0259l\u0259ri bunun ad\u0131n\u0131 qoymurdular, ke\u00e7mi\u015fd\u0259 SSR\u0130 d\u00fcnyan\u0131n yar\u0131s\u0131na sahib idi, indi Putin d\u0259 8 faizini g\u00f6t\u00fcr\u00fcb al\u0131b qanad\u0131n\u0131n alt\u0131na-Az\u0259rbaycandan Orta Asiyaya, Belarusdan Suriyaya q\u0259d\u0259r. Rusiyam\u0259rk\u0259zli avtoritarzim \u00e7\u00f6k\u0259nd\u0259n sonra adlar\u0131n\u0131 \u00e7\u0259kdiyim \u00f6lk\u0259l\u0259rd\u0259 domino effektiyl\u0259 \u00e7\u00f6k\u00fc\u015f ba\u015flayacaq. Nec\u0259 ki, Maduro kimi q\u0259ddar adam demokratik se\u00e7kiy\u0259 raz\u0131la\u015f\u0131r, nec\u0259 ki, Belarus lideri 2020-ci ild\u0259 raz\u0131la\u015fm\u0131\u015fd\u0131, bir daha da ona g\u0259l\u0259c\u0259k, el\u0259c\u0259 d\u0259 \u018fliyev onu g\u00f6r\u0259nd\u0259n sonra o da raz\u0131la\u015facaq. \u018flb\u0259tt\u0259, dediyim ill\u00fcziya deyil, beyn\u0259lxalq \u015f\u0259rtl\u0259r\u0259 ba\u011fl\u0131d\u0131r. D\u0259yi\u015fikliyin ikinci yolu is\u0259 xalqd\u0131r.<\/p>\n\n\n\n<p><em>&#8211; O bar\u0259d\u0259 biz\u0259 \u0259vv\u0259lki m\u00fcsahib\u0259l\u0259rinizd\u0259 demisiniz&#8230;<\/em><\/p>\n\n\n\n<p>&#8211; B\u0259li, ona g\u00f6r\u0259 q\u0131saca bildirir\u0259m ki, art\u0131q he\u00e7 bir geopolitik d\u0259yi\u015fiklik g\u00f6zl\u0259m\u0259d\u0259n xalq ist\u0259nil\u0259n vaxt meydanlara \u00e7\u0131x\u0131b situasiyan\u0131 d\u0259yi\u015f\u0259 bil\u0259r. Vaxtil\u0259 Misir xalq\u0131 T\u0259hrir meydan\u0131na \u00e7\u0131x\u0131b H\u00fcsn\u00fc M\u00fcbar\u0259kin b\u00fct\u00fcn g\u00fcc\u00fcn\u00fc da\u011f\u0131td\u0131, demokratiyan\u0131 b\u0259rq\u0259rar etdi, arxas\u0131nda dayana bilm\u0259di, o ba\u015fqa s\u00f6hb\u0259tdir. Amma xalq\u0131n bel\u0259 bir g\u00fcc\u00fc var. Bir daha deyir\u0259m, m\u0259nim s\u00f6yl\u0259dikl\u0259rim \u00e7ox da fantastika janr\u0131nda deyil. \u0130ki il \u0259vv\u0259l bizim \u00fc\u00e7\u00fcn d\u0259 t\u0259s\u0259vv\u00fcr etm\u0259k \u00e7\u0259tin idi ki, \u0130lham \u018fliyev Erm\u0259nistanla indiki s\u00fclh raz\u0131la\u015fmas\u0131na ged\u0259c\u0259k. Putin demi\u015fdi ki, 2020-ci ild\u0259 centlemen raz\u0131la\u015fmam\u0131z vard\u0131 ki, Qaraba\u011f m\u0259s\u0259l\u0259si uzaq g\u0259l\u0259c\u0259y\u0259 qal\u0131r.<\/p>\n\n\n\n<p><em>&#8211; Sonra \u015f\u0259rtl\u0259r d\u0259yi\u015fdi&#8230;<\/em><\/p>\n\n\n\n<p>&#8211; B\u0259li, \u015f\u0259rtl\u0259r d\u0259yi\u015fdi. Sonra \u018fliyev d\u00fc\u015f\u00fcnd\u00fc ki, \u015f\u0259rtl\u0259r d\u0259yi\u015fibs\u0259, bundan istifad\u0259 edib, Qaraba\u011fda yar\u0131m\u00e7\u0131q i\u015fl\u0259ri ba\u015fa \u00e7atd\u0131r\u0131m, amma yen\u0259 d\u0259 Q\u0259rbi regiona buraxmay\u0131m v\u0259 Z\u0259ng\u0259zurla s\u00f6hb\u0259ti uzad\u0131m. Uzada bildi s\u00f6hb\u0259ti? Bug\u00fcnl\u0259rd\u0259 Hikm\u0259t Hac\u0131yev dedi ki, he\u00e7 bir h\u0259rbi m\u0259qs\u0259dimiz olmay\u0131b, s\u00fclhl\u0259 d\u00fcnyan\u0131 t\u0259\u0259cc\u00fcbl\u0259ndir\u0259c\u0259yik. Y\u0259ni beyn\u0259lxalq al\u0259m s\u00fclh \u00fc\u00e7\u00fcn Bak\u0131 v\u0259 Yerevana t\u0259zyiq edir v\u0259 nail olacaqlar, h\u0259min t\u0259zyiq bir g\u00fcn demokratiya \u00fc\u00e7\u00fcn edil\u0259nd\u0259, o zaman prosesin \u00f6n\u00fc a\u00e7\u0131lacaq.<\/p>\n\n\n\n<p><em>&#8211; M\u0259s\u0259l\u0259 ondad\u0131r ki, II Qaraba\u011f sava\u015f\u0131ndan sonra Az\u0259rbaycan xalq\u0131 \u201cD\u0259mir yumru\u011fu\u201d d\u0259st\u0259kl\u0259yir. H\u0259tta vaxtil\u0259 m\u00fcxalif\u0259td\u0259 olan s\u0259n\u0259t adamlar\u0131 se\u00e7kid\u0259 \u018fliyev\u0259 s\u0259s ver\u0259c\u0259kl\u0259rini a\u00e7\u0131q deyirl\u0259r. 44 g\u00fcnl\u00fck sava\u015f Az\u0259rbaycanda \u00e7ox \u015feyi d\u0259yi\u015fdi. Bu m\u0259nada tutal\u0131m, dediyiniz 3 ay \u0259rzind\u0259 geopolitik m\u0259nz\u0259r\u0259 d\u0259yi\u015fs\u0259, sizin se\u00e7ki komissiyalar\u0131ndaa kadrlar\u0131n\u0131z varm\u0131? Yaxud O&#8217;Brayn Bak\u0131ya g\u0259ldi, amma h\u0259bsl\u0259r dayanmad\u0131, Tofiq Yaqublu da h\u0259bs edildi. Siz\u0259 dey\u0259s\u0259n asan g\u0259lir&#8230;?<\/em><\/p>\n\n\n\n<p>&#8211; Yox, asan g\u0259lmir. Sad\u0259c\u0259, m\u0259n n\u0259 ist\u0259diyimi v\u0259 nec\u0259 ed\u0259c\u0259yimi bil\u0259n adamam. Bilir\u0259m \u00e7\u0259tin olacaq, amma sonda bizim ist\u0259diyimiz olacaq. Nikbin\u0259m, ona g\u00f6r\u0259 yox ki, ill\u00fcziyayla ya\u015fay\u0131ram.<\/p>\n\n\n\n<p>&#8211;\u00a0<em>Siz\u0259 el\u0259 g\u0259lmirmi \u018fliyev h\u0259tta 40-60 faizlik demokratik se\u00e7ki ke\u00e7irs\u0259 d\u0259, qalib g\u0259l\u0259 bil\u0259r. \u00c7\u00fcnki Qaraba\u011f sava\u015f\u0131 \u00e7ox \u015feyi d\u0259yi\u015fdi&#8230;<\/em><\/p>\n\n\n\n<p>&#8211; Xeyr, o m\u0259s\u0259l\u0259y\u0259 g\u0259l\u0259c\u0259m. M\u0259nim nikbin olma\u011f\u0131m ill\u00fcziyayla ba\u011fl\u0131 deyil, d\u00fcnyadak\u0131 inki\u015faf qanunlar\u0131n\u0131 v\u0259 xalq\u0131m\u0131z\u0131n hakimiyy\u0259t\u0259 real m\u00fcnasib\u0259tini bilir\u0259m. Onu da yax\u015f\u0131 bilir\u0259m ki, \u00f6z\u00fcn\u00fcz d\u0259 inanm\u0131rs\u0131n\u0131z Az\u0259rbaycan xalq\u0131n\u0131n \u201cD\u0259mir yumru\u011fu&#8221; sevdiyini. Az\u0259rbaycan xalq\u0131 \u201cD\u0259mir yumru\u011fa&#8221; ironiya edir.<\/p>\n\n\n\n<p><em>&#8211; Siz partiyadaxilind\u0259n g\u0259l\u0259n informasiya \u0259sas\u0131nda bel\u0259 deyirsiniz, \u0259trafdan x\u0259b\u0259riniz yoxdur&#8230;<\/em><\/p>\n\n\n\n<p>&#8211; O abid\u0259ni niy\u0259 g\u00f6t\u00fcrd\u00fcl\u0259r?<\/p>\n\n\n\n<p>&#8211;\u00a0<em>Hadrut q\u0259s\u0259b\u0259sind\u0259 qal\u0131r&#8230;<\/em><\/p>\n\n\n\n<p>&#8211; Yox, Bak\u0131da da qoymu\u015fdular, dem\u0259li, xalq\u0131n sui-istifad\u0259y\u0259 ironiyas\u0131 var. \u018fg\u0259r \u201cD\u0259mir yumruq\u201d Az\u0259rbaycan \u0259sg\u0259rinin, \u015eu\u015faya d\u0131rmanan \u0259sg\u0259rin, y\u0259ni \u0259sg\u0259rin obraz\u0131 kimi olsayd\u0131, xalq onu h\u0259mi\u015f\u0259 sev\u0259rdi. Amma onu \u00e7ox ucuzla\u015fd\u0131rd\u0131lar, \u0130lham \u018fliyevin piar kampaniyas\u0131na \u00e7evirdil\u0259r. Az\u0259rbaycan xalq\u0131 onu d\u0259st\u0259kl\u0259mir. Adamlar bilirsiniz n\u0259 v\u0259ziyy\u0259td\u0259dir, adamlar qorxudan \u00f6z\u00fcn\u00fc inanm\u0131\u015f kimi g\u00f6st\u0259rir. \u0130nsanlar nec\u0259 qorxmas\u0131nlar ki, ki\u00e7ik bir \u00f6lk\u0259d\u0259 254 siyasi m\u0259hbus var. Rusiya \u0259halisi Az\u0259rbaycandan 15 d\u0259f\u0259 \u00e7oxdur, b\u00fct\u00fcn d\u00fcnyan\u0131n diktator dediyi Putin Rusiyas\u0131nda 600 siyasi m\u0259hbus var. Onun da \u00e7oxu s\u0131rf siyasi deyil, m\u00fcharib\u0259 \u0259leyhin\u0259 yaz\u0131lar\u0131na g\u00f6r\u0259 h\u0259bs edil\u0259nl\u0259rdir. Y\u0259ni \u0259halisi bizd\u0259n 15 d\u0259f\u0259 art\u0131q Rusiyada siyasi m\u0259hbusun say\u0131 2 d\u0259f\u0259 \u00e7oxdur. Az\u0259rbaycan \u00fc\u00e7\u00fcn 254 siyasi m\u0259hbus \u00e7oxdur. \u0130nsanlar \u00f6zl\u0259rini aldad\u0131r, desin ki, getdi Qaraba\u011fda top vurdu, yoxsa filan q\u0259d\u0259r siyasi m\u0259hbus var?<\/p>\n\n\n\n<p><em>&#8211; G\u0259lin psixoloji m\u0259qama diqq\u0259t ed\u0259k, Az\u0259rbaycan xalq\u0131 qorxur, yoxsa m\u00fcxalif\u0259t\u0259 inams\u0131zd\u0131r?<\/em><\/p>\n\n\n\n<p>&#8211; M\u00fcxalif\u0259tin \u00f6z\u00fcn\u00fc ifad\u0259 imkan\u0131 varm\u0131 ki, ona inans\u0131n, ya inanmas\u0131n? \u201cM\u00fcxalif\u0259t\u0259 inanm\u0131r\u201d s\u00f6z\u00fc normal politoloji diskurs olmal\u0131 deyil. M\u00fcxalif\u0259t bir adamdan ibar\u0259t deyil, m\u0259n\u0259 inanm\u0131r, \u018fhm\u0259d\u0259, V\u0259liy\u0259 inans\u0131n. \u00dcmumiyy\u0259tl\u0259, bu diskurs m\u00fcasir politologiyan\u0131 m\u0259hv etm\u0259kdir. D\u00fcnyan\u0131n haras\u0131nda m\u00fcxalif\u0259t yoxdur? Azac\u0131q demokratik \u00f6lk\u0259 olsun, super d\u00f6vl\u0259t olan AB\u015e-da Bayden geni\u015f \u0259hat\u0259li i\u015fl\u0259r g\u00f6r\u00fcr, d\u00fcnyan\u0131 Putin\u0259 qar\u015f\u0131 birl\u0259\u015fdirib, ordusu d\u0259 d\u00fcnyan\u0131n \u0259n q\u00fcdr\u0259tli ordusudur, amma onun n\u0259 boyda m\u00fcxalif\u0259ti var?! \u018fg\u0259r Az\u0259rbaycan xalq\u0131 bu g\u00fcn m\u00fcxalif\u0259ti g\u00f6r\u0259 bilmirs\u0259, dem\u0259li, \u00f6lk\u0259 avtoritarizmd\u0259n totalitarizm\u0259 ke\u00e7ir. SSR\u0130-d\u0259 m\u00fcxalif\u0259t vard\u0131?<\/p>\n\n\n\n<p><em>&#8211; Orda birpartiyal\u0131 sistem idi, tamam ba\u015fqa \u015fey idi&#8230;<\/em><\/p>\n\n\n\n<p>&#8211; Belarusda, Suriyada m\u00fcxalif\u0259t ola bil\u0259r? Yox. Biz art\u0131q ona do\u011fru gedirik, n\u0259 qal\u0131b ki&#8230; Onsuz da bu d\u00f6vr bir az uzun \u00e7\u0259ks\u0259 d\u0259, m\u0259n v\u0259ziyy\u0259ti bel\u0259 g\u00f6r\u00fcr\u0259m: \u018fliyev n\u0259 q\u0259d\u0259r bacar\u0131rsa, h\u0259l\u0259 t\u0259zyiql\u0259ri art\u0131racaq. Ola bilsin, h\u0259bsl\u0259ri d\u0259, m\u00fcxalif\u0259t\u0259 t\u0259zyiql\u0259ri d\u0259 davam etdirsin. Onun \u00fc\u00e7\u00fcn komfortdur ki, m\u00fcxalif\u0259ti d\u0259, azad m\u0259tbuat\u0131 da minimuma endirsin. O&#8217;Brayn da g\u0259lir, dayanm\u0131r, \u00e7\u00fcnki d\u00fcnyan\u0131n \u00f6nc\u0259liyi bu g\u00fcn Rusiyad\u0131r. \u018fliyev d\u0259 bunu \u00f6z\u00fcn\u0259 f\u00fcrs\u0259t bilir, n\u0259y\u0259 g\u00f6r\u0259 se\u00e7kini t\u0259l\u0259sik ke\u00e7irir? Bilir ki, Rusiyada v\u0259ziyy\u0259t d\u0259yi\u015f\u0259nd\u0259n sonra g\u00fcnd\u0259likd\u0259ki ikinci, \u00fc\u00e7\u00fcnc\u00fc m\u0259s\u0259l\u0259l\u0259r ortaya \u00e7\u0131xacaq. Ona g\u00f6r\u0259 2025-ci ili g\u00f6zl\u0259m\u0259d\u0259n, d\u00fcnyan\u0131n diqq\u0259ti m\u0259\u015f\u011fulk\u0259n bunu edir, amma bu d\u0259yi\u015f\u0259c\u0259k, s\u0131ra Az\u0259rbaycana da \u00e7atacaq.<\/p>\n\n\n\n<p><em>&#8211; Beyn\u0259lxalq t\u0259\u015fkilatlar\u0131n m\u00fcnasib\u0259tin\u0259 g\u0259l\u0259k, \u0259g\u0259r onlar 90-c\u0131 ill\u0259rin se\u00e7kil\u0259rin\u0259 \u201cir\u0259liy\u0259 do\u011fru bir add\u0131m at\u0131ld\u0131\u201d dey\u0259 qiym\u0259t verirdil\u0259rs\u0259, sonradan se\u00e7ki institutu da m\u0259hv edildi, bunu yerli ekspertl\u0259r d\u0259 gizl\u0259tmirl\u0259r, m\u0259s\u0259l\u0259n, Anar M\u0259mm\u0259dli. Y\u0259qin ki, s\u0259firlikl\u0259rl\u0259 qapal\u0131 t\u0259maslar\u0131n\u0131zda ritorikan\u0131z s\u0259rt olur&#8230;?<\/em><\/p>\n\n\n\n<p>&#8211; \u00c7ox s\u0259rt olur.<\/p>\n\n\n\n<p><em>&#8211; Ancaq ictimaiyy\u0259t\u0259 a\u00e7\u0131qlamalarda bel\u0259 dan\u0131\u015fm\u0131rs\u0131n\u0131z&#8230;<\/em><\/p>\n\n\n\n<p>&#8211; Bilirsiniz, 90-c\u0131 ill\u0259rin sonunda, 2000-ci ill\u0259rin \u0259vv\u0259ll\u0259rind\u0259 h\u0259r se\u00e7ki saxtala\u015fd\u0131r\u0131landa deyirdil\u0259r ki, demokratiyaya do\u011fru bir add\u0131m da at\u0131ld\u0131, buna publik m\u00fcnasib\u0259tim d\u0259 \u00e7ox s\u0259rtdir.<\/p>\n\n\n\n<p>&#8211;\u00a0<em>O vaxt da s\u0259rt idi?<\/em><\/p>\n\n\n\n<p>&#8211; B\u0259li, s\u0259rt idi. 2005-ci il se\u00e7kil\u0259rind\u0259n sonra AB\u015e-\u0131n s\u0259firi Harni\u015fl\u0259 \u00e7ox s\u0259rt s\u00f6hb\u0259timiz oldu. Bir g\u00fcn \u201cWikiLeaks\u201d a\u00e7\u0131qlasa, o da \u00fcz\u0259 \u00e7\u0131xacaq.<\/p>\n\n\n\n<p>&#8211;\u00a0<em>Amma mediaya dan\u0131\u015fanda bunlar\u0131 demirsiniz, n\u0259d\u0259ns\u0259 ehtiyatlan\u0131rs\u0131n\u0131z, b\u0259lk\u0259 g\u00f6r\u00fc\u015fl\u0259r\u0259 \u00e7a\u011f\u0131r\u0131rmayacaqlar dey\u0259?<\/em><\/p>\n\n\n\n<p>&#8211; Yox, m\u0259ni o s\u0259viyy\u0259d\u0259 adam saymay\u0131n, l\u00fctf\u0259n. M\u0259n, AB\u015e d\u00f6vl\u0259t katibinin k\u00f6m\u0259k\u00e7isi Armita\u00e7 vard\u0131&#8230;<\/p>\n\n\n\n<p>&#8211;\u00a0<em>2003-c\u00fc il se\u00e7kisi ba\u015fa \u00e7atmam\u0131\u015f \u018fliyevi t\u0259brik etmi\u015fdi.<\/em><\/p>\n\n\n\n<p>&#8211; O, h\u0259m d\u0259 AB\u015e-Az\u0259rbaycan Ticar\u0259t Palatas\u0131n\u0131n h\u0259ms\u0259dri idi, onu h\u0259min ill\u0259rd\u0259n t\u0259nqid edirdim. El\u0259-bel\u0259 deyildi, t\u0259mannas\u0131 vard\u0131. Dem\u0259li, Q\u0259rb d\u0259y\u0259rl\u0259rini, demokratiyan\u0131, insan h\u00fcquqlar\u0131n\u0131 satan, saxta se\u00e7kil\u0259r\u0259 haqq qazand\u0131ran b\u00fct\u00fcn Avropa siyas\u0259t\u00e7il\u0259rini h\u0259r yerd\u0259 t\u0259nqid edir\u0259m. Sonradan bir \u00e7oxunun m\u0259nas\u0131 a\u00e7\u0131ld\u0131, \u201cK\u00fcr\u00fc diplomatiyas\u0131\u201d s\u0259n\u0259di t\u0259kc\u0259 Avropa \u015euras\u0131na aid deyildi, h\u0259m\u00e7inin, Avropa Birliyin\u0259 v\u0259 AB\u015e Konqresin\u0259 d\u0259 girirdi. F\u0259tulla G\u00fcl\u0259nin adam\u0131 vard\u0131 &#8211; Kamal \u00d6ys\u00fcz, sonra Erm\u0259nistanda tutuldu, onunla Az\u0259rbaycan h\u00f6kum\u0259ti i\u015fl\u0259yirdi, yoxsa yox? SOCAR-la Kamal \u00d6ys\u00fcz birlikd\u0259 Az\u0259rbaycana 8 konqressmen g\u0259tirmi\u015fdil\u0259r, yoxsa yox? G\u0259tirmi\u015fdil\u0259r, b\u0259lk\u0259 unutmusunuz. AB\u015e Konqresind\u0259 ara\u015fd\u0131rmalar getdi, onlar\u0131n Az\u0259rbaycandan ald\u0131\u011f\u0131 h\u0259diyy\u0259l\u0259ri geri qaytartd\u0131lar. Y\u0259ni Az\u0259rbaycan h\u00f6kum\u0259ti \u201cK\u00fcr\u00fc diplomatiyas\u0131\u201d il\u0259 \u00e7oxunu \u0259l\u0259 alm\u0131\u015fd\u0131. Onlar t\u0259kc\u0259 Az\u0259rbaycan\u0131n maraqlar\u0131n\u0131 satm\u0131rd\u0131, Q\u0259rbin demokratiyas\u0131n\u0131 da sat\u0131rd\u0131lar. B\u0259li, Q\u0259rbd\u0259 d\u0259y\u0259rl\u0259ri satanlar varm\u0131? Var. Erm\u0259nip\u0259r\u0259stl\u0259r varm\u0131? Var. Biz\u0259 m\u00fcnasib\u0259td\u0259 \u0259dal\u0259tsizlik ed\u0259nl\u0259r varm\u0131? Var. Amma Q\u0259rbin idar\u0259etm\u0259si Az\u0259rbaycan \u00fc\u00e7\u00fcn \u0259n m\u0259qbuludur. Ona g\u00f6r\u0259 biz Avroatlantik inteqrasiyadan yanay\u0131q. \u0130qtisadiyyatda \u0130sve\u00e7 modelini t\u0259klif edirik, Avropa Birliyind\u0259ki idar\u0259etm\u0259ni g\u0259tirm\u0259k ist\u0259yirik. Bunu ona g\u00f6r\u0259 etmirik ki, onlar q\u00fcsursuzdur, onlar\u0131n da q\u00fcsuru var. Lakin bu g\u00fcn Az\u0259rbaycan \u00fc\u00e7\u00fcn m\u00f6vcud olan alternativl\u0259rin i\u00e7ind\u0259 \u0259n yax\u015f\u0131s\u0131 Avropadak\u0131 idar\u0259etm\u0259dir. Avropa siyas\u0259t\u00e7il\u0259rinin ham\u0131s\u0131 el\u0259 deyil, amma idar\u0259etm\u0259 yax\u015f\u0131d\u0131r. \u018fslind\u0259, indiki v\u0259ziyy\u0259td\u0259 yax\u015f\u0131 populizm qazanmaq olar, \u018fliyev el\u0259 v\u0259ziyy\u0259t yarad\u0131b ki, sad\u0259l\u00f6vh \u00fc\u00e7\u00fcn anti-Q\u0259rb ritorikas\u0131 alq\u0131\u015f g\u0259tirir. H\u00f6kum\u0259tin ciddi u\u011furlar\u0131ndan biri budur. Uzun zaman Az\u0259rbaycan \u0259halisinin b\u00f6y\u00fck hiss\u0259si \u00f6lk\u0259nin g\u0259l\u0259c\u0259yini Avropada g\u00f6rm\u0259k ist\u0259yib. Amma Q\u0259rbin d\u0259 b\u0259zi s\u0259hvl\u0259ri olub, T\u00fcrkiy\u0259d\u0259n, Rusiyadan, \u0130randan g\u0259l\u0259n bir s\u0131ra \u00e7a\u011f\u0131r\u0131\u015flar n\u0259tic\u0259sind\u0259 Az\u0259rbaycanda Q\u0259rbin populyarl\u0131\u011f\u0131 d\u00fc\u015f\u00fcb. M\u0259n oraya \u0259lav\u0259 benzin t\u00f6km\u0259k ist\u0259mir\u0259m, \u00e7\u00fcnki Az\u0259rbaycan\u0131n m\u0259hz m\u00fct\u0259r\u0259qqi d\u00fcnyan\u0131n bir par\u00e7as\u0131 olmas\u0131n\u0131 ist\u0259yir\u0259m.<\/p>\n\n\n\n<p><em>&#8211; \u0130lham \u018fliyev son \u00e7\u0131x\u0131\u015flar\u0131n\u0131n birind\u0259 dedi ki, Az\u0259rbaycan\u0131n xarici siyas\u0259ti Avropa \u0130ttifaq\u0131n\u0131 h\u0259d\u0259fl\u0259mir, \u00e7\u00fcnki bizi orada g\u00f6zl\u0259mirl\u0259r. Siz\u0259 el\u0259 g\u0259lmirmi G\u00fcrc\u00fcstan v\u0259 Ukraynan\u0131n ya\u015fad\u0131qlar\u0131ndan, yaxud Q\u0259rbin Az\u0259rbaycan\u0131n \u00f6z \u0259razi b\u00fct\u00f6vl\u00fcy\u00fcn\u00fc b\u0259rpa etm\u0259sin\u0259 m\u00fcnasib\u0259tind\u0259n sonra bu fikirl\u0259r ortaya \u00e7\u0131xd\u0131? Yeri g\u0259lmi\u015fk\u0259n, Az\u0259rbaycan Avropaya getm\u0259yi h\u0259d\u0259fl\u0259mirs\u0259, sizc\u0259, hara gedir?<\/em><\/p>\n\n\n\n<p>&#8211; \u018fliyev onu da deyib ki, biz M\u0259rk\u0259zi Asiya il\u0259 eyni siyasi-iqtisadi geopolitik m\u00fcst\u0259vid\u0259yik.<\/p>\n\n\n\n<p>&#8211;<em>\u00a0H\u0259min geopolitik m\u00fcst\u0259vinin sabah\u0131 varm\u0131?<\/em><\/p>\n\n\n\n<p>&#8211; \u018fliyev maksimum \u00e7al\u0131\u015f\u0131r ki, bizi s\u00fcr\u00fc\u015fd\u00fcrs\u00fcn X\u0259z\u0259rin o t\u0259r\u0259fin\u0259. Az\u0259rbaycan demokratikl\u0259\u015fm\u0259sin dey\u0259 co\u011frafiyan\u0131 bel\u0259 d\u0259yi\u015fm\u0259k ist\u0259yir. Yax\u015f\u0131 ki, Allah vaxtil\u0259 X\u0259z\u0259r d\u0259nizini buradan sal\u0131b, dem\u0259li, bizi M\u0259rk\u0259zi Asiyaya yamaq etm\u0259k m\u00fcmk\u00fcn olmayacaq. Amma \u0130lham \u018fliyev gizl\u0259tm\u0259k ist\u0259mir ki, bizi orada g\u00f6rm\u0259k ist\u0259yir. H\u0259min M\u0259rk\u0259zi Asiya T\u0259\u015fkilat\u0131nda t\u0259kc\u0259 Orta Asiya \u00f6lk\u0259l\u0259ri yox, \u018ffqan\u0131stan da var. Y\u0259ni bizi yaln\u0131z T\u00fcrkm\u0259nistan, Tacikistan standart\u0131na aparmaq ist\u0259mir, orada \u018ffqan\u0131stan da var. Ona g\u00f6r\u0259 Az\u0259rbaycan xalq\u0131 bunlar\u0131 bilm\u0259lidir. \u0130ndi Makron orda n\u0259s\u0259 deyib, Avropa Parlamentind\u0259 kiml\u0259rs\u0259 n\u0259s\u0259 dan\u0131\u015f\u0131b, izah ed\u0259rik. Ancaq biz \u018fliyevin t\u0259klif etdiyi T\u00fcrkm\u0259nistan, \u018ffqan\u0131stan v\u0259 Tacikistan standart\u0131na ke\u00e7m\u0259liyik, ya da \u0130sve\u00e7, \u00c7exiya, Niderland, Pol\u015fa, Litva kimi normal h\u00fcquqi d\u00f6vl\u0259t qurmal\u0131y\u0131q. Burda bizim taleyimizd\u0259n s\u00f6hb\u0259t gedir. \u0130ndi \u018fliyev niy\u0259 bu fikri s\u0259sl\u0259ndirdi, guya Az\u0259rbaycana \u0259dal\u0259tsiz m\u00f6vqeyl\u0259 ba\u011fl\u0131d\u0131r. Bu m\u0259s\u0259l\u0259l\u0259rd\u0259 Q\u0259rbin Az\u0259rbaycana qar\u015f\u0131 q\u0259r\u0259zli m\u00f6vqe s\u0259rgil\u0259y\u0259n siyas\u0259t\u00e7il\u0259rinin \u00f6lk\u0259miz\u0259 vurdu\u011fu z\u0259rb\u0259 t\u0259kc\u0259 Xocal\u0131 v\u0259 20 Yanvar faci\u0259l\u0259rinin y\u00fczd\u0259 biri deyil. N\u0259 edibl\u0259r, m\u00fc\u0259yy\u0259n sayda adamlar m\u0259yus olublar erm\u0259nil\u0259rin Qaraba\u011fdan getm\u0259sin\u0259. Birinci m\u0259n burdan s\u0259simi qald\u0131rm\u0131\u015fam ki, he\u00e7 bir etnik t\u0259mizl\u0259m\u0259 yoxdur. Bu h\u00f6kum\u0259td\u0259n g\u00f6rm\u0259diyim \u0259dal\u0259tsizlik yoxdur, h\u0259r g\u00fcn h\u0259bs t\u0259hl\u00fck\u0259si alt\u0131nda ya\u015fay\u0131ram, b\u00fct\u00fcn \u0259traf\u0131m h\u0259bsxanadan ke\u00e7ib, hakimiyy\u0259tin \u0259n a\u011f\u0131r i\u015fg\u0259nc\u0259l\u0259rini g\u00f6rm\u00fc\u015f\u0259m, amma m\u0259n d\u0259 deyir\u0259m ki, biz erm\u0259nil\u0259ri etnik t\u0259mizl\u0259m\u0259y\u0259 m\u0259ruz qoymam\u0131\u015f\u0131q. Minibl\u0259r ma\u015f\u0131nlar\u0131na, ist\u0259dikl\u0259ri ev \u0259\u015fyalar\u0131n\u0131 y\u0131\u011f\u0131blar ora, \u00e7al\u0131b, oynaya-oynaya gedibl\u0259r. H\u0259tta h\u00f6kum\u0259t onlar\u0131 saxlamaq ist\u0259yirdi. Bax\u0131n, 100 illik erm\u0259ni t\u0259bli\u011fat\u0131n\u0131n t\u0259siri var, bu, biz\u0259 qar\u015f\u0131 \u0259dal\u0259tsizliyin bir amilidir. \u0130kincisi, \u018fliyevl\u0259rin avtoritar rejimi bizi h\u0259r zaman haqs\u0131z \u00e7\u0131xar\u0131b dey\u0259 b\u0259zi adamlar vicdanl\u0131 yan\u0131l\u0131rlar. Ax\u0131 hakimiyy\u0259t h\u0259mi\u015f\u0259 yalan dan\u0131\u015f\u0131b. Tofiq Yaqublunu o \u015f\u0259kild\u0259 d\u00f6y\u0259nd\u0259, h\u00fcquq-m\u00fchafiz\u0259 orqanlar\u0131 deyib ki, \u00f6z\u00fc-\u00f6z\u00fcn\u00fc d\u00f6y\u00fcb. \u201eReuters\u201c \u018fli K\u0259rimlini 8 polisin nec\u0259 apard\u0131\u011f\u0131n\u0131 \u00e7\u0259kib yayanda, Ba\u015f prokuror bildirib ki, ba\u015f\u0131n\u0131 avtobusa vurub. \u0130ndi bu avropal\u0131n\u0131n vicdanl\u0131 yan\u0131lma imkan\u0131 da var. Bunlar g\u00f6zl\u0259rini a\u00e7\u0131blar ki, h\u00f6kum\u0259t yalan dan\u0131\u015f\u0131r, se\u00e7kini saxtala\u015fd\u0131r\u0131r, \u00e7ox obyektiv olmal\u0131san ki, bu q\u0259d\u0259r m\u00f6vzunun i\u00e7ind\u0259 birini do\u011fru deyir. Yaln\u0131z erm\u0259nil\u0259r\u0259 qar\u015f\u0131 etnik t\u0259mizl\u0259m\u0259 olmay\u0131b a\u00e7\u0131qlamas\u0131n\u0131 d\u00fcz deyibl\u0259r. BMT n\u00fcmay\u0259nd\u0259ri d\u0259 dey\u0259nd\u0259n sonra m\u0259s\u0259l\u0259 bitdi, ona g\u00f6r\u0259 biz\u0259 sanksiya yoxdur. <\/p>\n\n\n\n<p>T\u0259kc\u0259 907-ci d\u00fcz\u0259li\u015fdir ki, ild\u0259 20 milyon dollar \u00f6z pullar\u0131n\u0131 biz\u0259 verm\u0259kd\u0259n imtina edirl\u0259r. \u0130ndi bunu qoyaq t\u0259r\u0259ziy\u0259, Rusiya 30 ild\u0259 Erm\u0259nistan ordusunu silahland\u0131r\u0131b, iqtisadiyyat\u0131n\u0131 d\u0259stl\u0259kl\u0259yib, i\u015f\u011fal\u0131n arxas\u0131nda dayan\u0131b v\u0259 s\u0259n 20 Yanvar, Xocal\u0131 faci\u0259sini t\u00f6r\u0259d\u0259nin \u00e7\u0259tirinin alt\u0131ndan \u00e7\u0131xm\u0131rsan. Az\u0259rbaycan t\u0259\u0259ss\u00fcbke\u015fi olmusan, kims\u0259 haqq\u0131m\u0131zda nahaq s\u00f6z deyib ad\u0131yla Avropadan uzaqla\u015f\u0131rsan. \u018fslind\u0259, demokratiyadan qorxursan, demokratiya olmas\u0131n dey\u0259, bunu edirs\u0259n. Sad\u0259c\u0259, xalq\u0131m\u0131z\u0131 sad\u0259l\u00f6vh say\u0131rlar ki, asan aldadar\u0131q. Allah C\u0259f\u0259r Cabbarl\u0131ya r\u0259hm\u0259t etsin, \u201eAlmaz\u201c \u0259s\u0259rind\u0259 deyir: \u201em\u0259scidi q\u0131\u015fq\u0131r, m\u0259scidi\u201c. \u018fslind\u0259, xalq\u0131 t\u0259rp\u0259tm\u0259kd\u0259n \u00f6tr\u00fc deyir ba\u015fqa s\u00f6z s\u00f6yl\u0259, y\u0259ni m\u0259scidi q\u0131\u015fq\u0131r ki, camaat s\u0259n\u0259 d\u0259st\u0259k versin. \u0130ndi bunlar Q\u0259rbi regiona buraxmaq ist\u0259mirl\u0259r ki, demokratiya g\u0259lsin. B\u00fct\u00fcn \u201cAlt\u0131l\u0131q\u201d format\u0131n\u0131n da, Avropa Birliyin\u0259 getmirik b\u0259yanat\u0131n\u0131n da m\u0259qs\u0259di regiona demokratiyan\u0131n g\u0259lm\u0259m\u0259sidir. Amma sad\u0259 insanlar\u0131 aldatma\u011fa \u00e7al\u0131\u015f\u0131rlar ki, guya bunlar d\u0259h\u015f\u0259t Az\u0259rbaycan\u0131n maraqlar\u0131n\u0131 g\u00fcd\u0259n olublar. Az\u0259rbaycana olmaz\u0131n pisliyini etmi\u015f Putinin is\u0259 bu g\u00fcn d\u0259 cavab\u0131n\u0131 verm\u0259y\u0259 c\u0259sar\u0259t etmirl\u0259r. Sonuncu d\u0259f\u0259 n\u0259 dedi: \u201cPa\u015finyan bizsiz Qaraba\u011f\u0131 Az\u0259rbaycan\u0131n \u0259razisi kimi tan\u0131y\u0131b\u201d, h\u00f6kum\u0259td\u0259n birinin s\u0259si \u00e7\u0131xd\u0131m\u0131?! \u0130ndi bu adamlar \u00f6zl\u0259rini v\u0259t\u0259np\u0259rv\u0259r kimi t\u0259qdim etm\u0259sinl\u0259r, onlar\u0131n Q\u0259rb\u0259 qar\u015f\u0131 m\u00f6vqe qoyma\u011f\u0131 buran\u0131 qapatmaq v\u0259 \u00f6lk\u0259d\u0259 \u00f6z ail\u0259 hakimiyy\u0259tl\u0259rini sonsuza q\u0259d\u0259r davam etdirm\u0259k iddias\u0131 il\u0259 ba\u011fl\u0131d\u0131r. Al\u0131nmayacaq!<\/p>\n","protected":false},"excerpt":{"rendered":"<p>\u201cNe\u00e7\u0259 ill\u0259rdir m\u00fcxalif\u0259t\u0259 m\u00fcxalif\u0259t\u00e7ilik fenomeni il\u0259 m\u00fcbariz\u0259 apar\u0131r\u0131q\u201d Az\u0259rbaycan Xalq &#8230; <\/p>\n<p class=\"read-more-container\"><a title=\"\u018fli K\u0259rimli: \u201cSe\u00e7ki il\u0259 ba\u011fl\u0131 geriy\u0259 d\u00f6n\u00fc\u015f yoxdur\u201d\" class=\"read-more button\" href=\"https:\/\/www.meydan.tv\/az\/article\/eli-kerimli-secki-ile-bagli-geriye-donus-yoxdur\/#more-293938\" aria-label=\"Read more about \u018fli K\u0259rimli: \u201cSe\u00e7ki il\u0259 ba\u011fl\u0131 geriy\u0259 d\u00f6n\u00fc\u015f yoxdur\u201d\">Davam\u0131<\/a><\/p>\n","protected":false},"author":12,"featured_media":293940,"comment_status":"closed","ping_status":"closed","sticky":false,"template":"","format":"standard","meta":{"_acf_changed":false,"_sitemap_exclude":false,"_sitemap_priority":"","_sitemap_frequency":"","footnotes":""},"categories":[59,79,63],"tags":[],"class_list":["post-293938","post","type-post","status-publish","format-standard","has-post-thumbnail","hentry","category-siyaset","category-featured","category-video-2","infinite-scroll-item","generate-columns","tablet-grid-50","mobile-grid-100","grid-parent","grid-33","no-featured-image-padding"],"acf":[],"yoast_head":"<!-- This site is optimized with the Yoast SEO plugin v27.4 - https:\/\/yoast.com\/product\/yoast-seo-wordpress\/ -->\n<title>\u018fli K\u0259rimli: \u201cSe\u00e7ki il\u0259 ba\u011fl\u0131 geriy\u0259 d\u00f6n\u00fc\u015f yoxdur\u201d - MEYDAN.TV<\/title>\n<meta name=\"robots\" content=\"index, follow, max-snippet:-1, max-image-preview:large, max-video-preview:-1\" \/>\n<link rel=\"canonical\" href=\"https:\/\/www.meydan.tv\/az\/article\/eli-kerimli-secki-ile-bagli-geriye-donus-yoxdur\/\" \/>\n<meta property=\"og:locale\" content=\"az_AZ\" \/>\n<meta property=\"og:type\" content=\"article\" \/>\n<meta property=\"og:title\" content=\"\u018fli K\u0259rimli: \u201cSe\u00e7ki il\u0259 ba\u011fl\u0131 geriy\u0259 d\u00f6n\u00fc\u015f yoxdur\u201d - MEYDAN.TV\" \/>\n<meta property=\"og:description\" content=\"\u201cNe\u00e7\u0259 ill\u0259rdir m\u00fcxalif\u0259t\u0259 m\u00fcxalif\u0259t\u00e7ilik fenomeni il\u0259 m\u00fcbariz\u0259 apar\u0131r\u0131q\u201d Az\u0259rbaycan Xalq ... Davam\u0131\" \/>\n<meta property=\"og:url\" content=\"https:\/\/www.meydan.tv\/az\/article\/eli-kerimli-secki-ile-bagli-geriye-donus-yoxdur\/\" \/>\n<meta property=\"og:site_name\" content=\"MEYDAN.TV\" \/>\n<meta property=\"article:published_time\" content=\"2023-12-25T15:54:24+00:00\" \/>\n<meta property=\"article:modified_time\" content=\"2023-12-25T15:54:27+00:00\" \/>\n<meta property=\"og:image\" content=\"https:\/\/www.meydan.tv\/wp-content\/uploads\/screenshot-2023-12-25-at-12.35.16.png\" \/>\n\t<meta property=\"og:image:width\" content=\"1544\" \/>\n\t<meta property=\"og:image:height\" content=\"832\" \/>\n\t<meta property=\"og:image:type\" content=\"image\/png\" \/>\n<meta name=\"author\" content=\"aleks\" \/>\n<meta name=\"twitter:card\" content=\"summary_large_image\" \/>\n<script type=\"application\/ld+json\" class=\"yoast-schema-graph\">{\"@context\":\"https:\\\/\\\/schema.org\",\"@graph\":[{\"@type\":\"Article\",\"@id\":\"https:\\\/\\\/www.meydan.tv\\\/az\\\/article\\\/eli-kerimli-secki-ile-bagli-geriye-donus-yoxdur\\\/#article\",\"isPartOf\":{\"@id\":\"https:\\\/\\\/www.meydan.tv\\\/az\\\/article\\\/eli-kerimli-secki-ile-bagli-geriye-donus-yoxdur\\\/\"},\"author\":{\"name\":\"aleks\",\"@id\":\"https:\\\/\\\/www.meydan.tv\\\/az\\\/#\\\/schema\\\/person\\\/476e9360e593fa131d5d71d51866f8da\"},\"headline\":\"\u018fli K\u0259rimli: \u201cSe\u00e7ki il\u0259 ba\u011fl\u0131 geriy\u0259 d\u00f6n\u00fc\u015f yoxdur\u201d\",\"datePublished\":\"2023-12-25T15:54:24+00:00\",\"dateModified\":\"2023-12-25T15:54:27+00:00\",\"mainEntityOfPage\":{\"@id\":\"https:\\\/\\\/www.meydan.tv\\\/az\\\/article\\\/eli-kerimli-secki-ile-bagli-geriye-donus-yoxdur\\\/\"},\"wordCount\":5774,\"publisher\":{\"@id\":\"https:\\\/\\\/www.meydan.tv\\\/az\\\/#organization\"},\"image\":{\"@id\":\"https:\\\/\\\/www.meydan.tv\\\/az\\\/article\\\/eli-kerimli-secki-ile-bagli-geriye-donus-yoxdur\\\/#primaryimage\"},\"thumbnailUrl\":\"https:\\\/\\\/www.meydan.tv\\\/wp-content\\\/uploads\\\/screenshot-2023-12-25-at-12.35.16.png\",\"articleSection\":[\"Siyas\u0259t\",\"T\u00f6vsiy\u0259\",\"Video\"],\"inLanguage\":\"az\"},{\"@type\":\"WebPage\",\"@id\":\"https:\\\/\\\/www.meydan.tv\\\/az\\\/article\\\/eli-kerimli-secki-ile-bagli-geriye-donus-yoxdur\\\/\",\"url\":\"https:\\\/\\\/www.meydan.tv\\\/az\\\/article\\\/eli-kerimli-secki-ile-bagli-geriye-donus-yoxdur\\\/\",\"name\":\"\u018fli K\u0259rimli: \u201cSe\u00e7ki il\u0259 ba\u011fl\u0131 geriy\u0259 d\u00f6n\u00fc\u015f yoxdur\u201d - MEYDAN.TV\",\"isPartOf\":{\"@id\":\"https:\\\/\\\/www.meydan.tv\\\/az\\\/#website\"},\"primaryImageOfPage\":{\"@id\":\"https:\\\/\\\/www.meydan.tv\\\/az\\\/article\\\/eli-kerimli-secki-ile-bagli-geriye-donus-yoxdur\\\/#primaryimage\"},\"image\":{\"@id\":\"https:\\\/\\\/www.meydan.tv\\\/az\\\/article\\\/eli-kerimli-secki-ile-bagli-geriye-donus-yoxdur\\\/#primaryimage\"},\"thumbnailUrl\":\"https:\\\/\\\/www.meydan.tv\\\/wp-content\\\/uploads\\\/screenshot-2023-12-25-at-12.35.16.png\",\"datePublished\":\"2023-12-25T15:54:24+00:00\",\"dateModified\":\"2023-12-25T15:54:27+00:00\",\"breadcrumb\":{\"@id\":\"https:\\\/\\\/www.meydan.tv\\\/az\\\/article\\\/eli-kerimli-secki-ile-bagli-geriye-donus-yoxdur\\\/#breadcrumb\"},\"inLanguage\":\"az\",\"potentialAction\":[{\"@type\":\"ReadAction\",\"target\":[\"https:\\\/\\\/www.meydan.tv\\\/az\\\/article\\\/eli-kerimli-secki-ile-bagli-geriye-donus-yoxdur\\\/\"]}]},{\"@type\":\"ImageObject\",\"inLanguage\":\"az\",\"@id\":\"https:\\\/\\\/www.meydan.tv\\\/az\\\/article\\\/eli-kerimli-secki-ile-bagli-geriye-donus-yoxdur\\\/#primaryimage\",\"url\":\"https:\\\/\\\/www.meydan.tv\\\/wp-content\\\/uploads\\\/screenshot-2023-12-25-at-12.35.16.png\",\"contentUrl\":\"https:\\\/\\\/www.meydan.tv\\\/wp-content\\\/uploads\\\/screenshot-2023-12-25-at-12.35.16.png\",\"width\":1544,\"height\":832},{\"@type\":\"BreadcrumbList\",\"@id\":\"https:\\\/\\\/www.meydan.tv\\\/az\\\/article\\\/eli-kerimli-secki-ile-bagli-geriye-donus-yoxdur\\\/#breadcrumb\",\"itemListElement\":[{\"@type\":\"ListItem\",\"position\":1,\"name\":\"Ana s\u0259hif\u0259\",\"item\":\"https:\\\/\\\/www.meydan.tv\\\/az\\\/\"},{\"@type\":\"ListItem\",\"position\":2,\"name\":\"Siyas\u0259t\",\"item\":\"https:\\\/\\\/www.meydan.tv\\\/az\\\/section\\\/siyaset\\\/\"},{\"@type\":\"ListItem\",\"position\":3,\"name\":\"\u018fli K\u0259rimli: \u201cSe\u00e7ki il\u0259 ba\u011fl\u0131 geriy\u0259 d\u00f6n\u00fc\u015f yoxdur\u201d\"}]},{\"@type\":\"WebSite\",\"@id\":\"https:\\\/\\\/www.meydan.tv\\\/az\\\/#website\",\"url\":\"https:\\\/\\\/www.meydan.tv\\\/az\\\/\",\"name\":\"MEYDAN.TV\",\"description\":\"Meydan TV Az\u0259rbaycan\u0131n media m\u0259kan\u0131ndak\u0131 alternativ s\u0259sidir\",\"publisher\":{\"@id\":\"https:\\\/\\\/www.meydan.tv\\\/az\\\/#organization\"},\"potentialAction\":[{\"@type\":\"SearchAction\",\"target\":{\"@type\":\"EntryPoint\",\"urlTemplate\":\"https:\\\/\\\/www.meydan.tv\\\/az\\\/?s={search_term_string}\"},\"query-input\":{\"@type\":\"PropertyValueSpecification\",\"valueRequired\":true,\"valueName\":\"search_term_string\"}}],\"inLanguage\":\"az\"},{\"@type\":\"Organization\",\"@id\":\"https:\\\/\\\/www.meydan.tv\\\/az\\\/#organization\",\"name\":\"Meydan TV\",\"url\":\"https:\\\/\\\/www.meydan.tv\\\/az\\\/\",\"logo\":{\"@type\":\"ImageObject\",\"inLanguage\":\"az\",\"@id\":\"https:\\\/\\\/www.meydan.tv\\\/az\\\/#\\\/schema\\\/logo\\\/image\\\/\",\"url\":\"https:\\\/\\\/www.meydan.tv\\\/wp-content\\\/uploads\\\/2021\\\/07\\\/meydan-logo.svg\",\"contentUrl\":\"https:\\\/\\\/www.meydan.tv\\\/wp-content\\\/uploads\\\/2021\\\/07\\\/meydan-logo.svg\",\"width\":195,\"height\":46,\"caption\":\"Meydan TV\"},\"image\":{\"@id\":\"https:\\\/\\\/www.meydan.tv\\\/az\\\/#\\\/schema\\\/logo\\\/image\\\/\"}},{\"@type\":\"Person\",\"@id\":\"https:\\\/\\\/www.meydan.tv\\\/az\\\/#\\\/schema\\\/person\\\/476e9360e593fa131d5d71d51866f8da\",\"name\":\"aleks\"}]}<\/script>\n<!-- \/ Yoast SEO plugin. -->","yoast_head_json":{"title":"\u018fli K\u0259rimli: \u201cSe\u00e7ki il\u0259 ba\u011fl\u0131 geriy\u0259 d\u00f6n\u00fc\u015f yoxdur\u201d - MEYDAN.TV","robots":{"index":"index","follow":"follow","max-snippet":"max-snippet:-1","max-image-preview":"max-image-preview:large","max-video-preview":"max-video-preview:-1"},"canonical":"https:\/\/www.meydan.tv\/az\/article\/eli-kerimli-secki-ile-bagli-geriye-donus-yoxdur\/","og_locale":"az_AZ","og_type":"article","og_title":"\u018fli K\u0259rimli: \u201cSe\u00e7ki il\u0259 ba\u011fl\u0131 geriy\u0259 d\u00f6n\u00fc\u015f yoxdur\u201d - MEYDAN.TV","og_description":"\u201cNe\u00e7\u0259 ill\u0259rdir m\u00fcxalif\u0259t\u0259 m\u00fcxalif\u0259t\u00e7ilik fenomeni il\u0259 m\u00fcbariz\u0259 apar\u0131r\u0131q\u201d Az\u0259rbaycan Xalq ... Davam\u0131","og_url":"https:\/\/www.meydan.tv\/az\/article\/eli-kerimli-secki-ile-bagli-geriye-donus-yoxdur\/","og_site_name":"MEYDAN.TV","article_published_time":"2023-12-25T15:54:24+00:00","article_modified_time":"2023-12-25T15:54:27+00:00","og_image":[{"width":1544,"height":832,"url":"https:\/\/www.meydan.tv\/wp-content\/uploads\/screenshot-2023-12-25-at-12.35.16.png","type":"image\/png"}],"author":"aleks","twitter_card":"summary_large_image","schema":{"@context":"https:\/\/schema.org","@graph":[{"@type":"Article","@id":"https:\/\/www.meydan.tv\/az\/article\/eli-kerimli-secki-ile-bagli-geriye-donus-yoxdur\/#article","isPartOf":{"@id":"https:\/\/www.meydan.tv\/az\/article\/eli-kerimli-secki-ile-bagli-geriye-donus-yoxdur\/"},"author":{"name":"aleks","@id":"https:\/\/www.meydan.tv\/az\/#\/schema\/person\/476e9360e593fa131d5d71d51866f8da"},"headline":"\u018fli K\u0259rimli: \u201cSe\u00e7ki il\u0259 ba\u011fl\u0131 geriy\u0259 d\u00f6n\u00fc\u015f yoxdur\u201d","datePublished":"2023-12-25T15:54:24+00:00","dateModified":"2023-12-25T15:54:27+00:00","mainEntityOfPage":{"@id":"https:\/\/www.meydan.tv\/az\/article\/eli-kerimli-secki-ile-bagli-geriye-donus-yoxdur\/"},"wordCount":5774,"publisher":{"@id":"https:\/\/www.meydan.tv\/az\/#organization"},"image":{"@id":"https:\/\/www.meydan.tv\/az\/article\/eli-kerimli-secki-ile-bagli-geriye-donus-yoxdur\/#primaryimage"},"thumbnailUrl":"https:\/\/www.meydan.tv\/wp-content\/uploads\/screenshot-2023-12-25-at-12.35.16.png","articleSection":["Siyas\u0259t","T\u00f6vsiy\u0259","Video"],"inLanguage":"az"},{"@type":"WebPage","@id":"https:\/\/www.meydan.tv\/az\/article\/eli-kerimli-secki-ile-bagli-geriye-donus-yoxdur\/","url":"https:\/\/www.meydan.tv\/az\/article\/eli-kerimli-secki-ile-bagli-geriye-donus-yoxdur\/","name":"\u018fli K\u0259rimli: \u201cSe\u00e7ki il\u0259 ba\u011fl\u0131 geriy\u0259 d\u00f6n\u00fc\u015f yoxdur\u201d - MEYDAN.TV","isPartOf":{"@id":"https:\/\/www.meydan.tv\/az\/#website"},"primaryImageOfPage":{"@id":"https:\/\/www.meydan.tv\/az\/article\/eli-kerimli-secki-ile-bagli-geriye-donus-yoxdur\/#primaryimage"},"image":{"@id":"https:\/\/www.meydan.tv\/az\/article\/eli-kerimli-secki-ile-bagli-geriye-donus-yoxdur\/#primaryimage"},"thumbnailUrl":"https:\/\/www.meydan.tv\/wp-content\/uploads\/screenshot-2023-12-25-at-12.35.16.png","datePublished":"2023-12-25T15:54:24+00:00","dateModified":"2023-12-25T15:54:27+00:00","breadcrumb":{"@id":"https:\/\/www.meydan.tv\/az\/article\/eli-kerimli-secki-ile-bagli-geriye-donus-yoxdur\/#breadcrumb"},"inLanguage":"az","potentialAction":[{"@type":"ReadAction","target":["https:\/\/www.meydan.tv\/az\/article\/eli-kerimli-secki-ile-bagli-geriye-donus-yoxdur\/"]}]},{"@type":"ImageObject","inLanguage":"az","@id":"https:\/\/www.meydan.tv\/az\/article\/eli-kerimli-secki-ile-bagli-geriye-donus-yoxdur\/#primaryimage","url":"https:\/\/www.meydan.tv\/wp-content\/uploads\/screenshot-2023-12-25-at-12.35.16.png","contentUrl":"https:\/\/www.meydan.tv\/wp-content\/uploads\/screenshot-2023-12-25-at-12.35.16.png","width":1544,"height":832},{"@type":"BreadcrumbList","@id":"https:\/\/www.meydan.tv\/az\/article\/eli-kerimli-secki-ile-bagli-geriye-donus-yoxdur\/#breadcrumb","itemListElement":[{"@type":"ListItem","position":1,"name":"Ana s\u0259hif\u0259","item":"https:\/\/www.meydan.tv\/az\/"},{"@type":"ListItem","position":2,"name":"Siyas\u0259t","item":"https:\/\/www.meydan.tv\/az\/section\/siyaset\/"},{"@type":"ListItem","position":3,"name":"\u018fli K\u0259rimli: \u201cSe\u00e7ki il\u0259 ba\u011fl\u0131 geriy\u0259 d\u00f6n\u00fc\u015f yoxdur\u201d"}]},{"@type":"WebSite","@id":"https:\/\/www.meydan.tv\/az\/#website","url":"https:\/\/www.meydan.tv\/az\/","name":"MEYDAN.TV","description":"Meydan TV Az\u0259rbaycan\u0131n media m\u0259kan\u0131ndak\u0131 alternativ s\u0259sidir","publisher":{"@id":"https:\/\/www.meydan.tv\/az\/#organization"},"potentialAction":[{"@type":"SearchAction","target":{"@type":"EntryPoint","urlTemplate":"https:\/\/www.meydan.tv\/az\/?s={search_term_string}"},"query-input":{"@type":"PropertyValueSpecification","valueRequired":true,"valueName":"search_term_string"}}],"inLanguage":"az"},{"@type":"Organization","@id":"https:\/\/www.meydan.tv\/az\/#organization","name":"Meydan TV","url":"https:\/\/www.meydan.tv\/az\/","logo":{"@type":"ImageObject","inLanguage":"az","@id":"https:\/\/www.meydan.tv\/az\/#\/schema\/logo\/image\/","url":"https:\/\/www.meydan.tv\/wp-content\/uploads\/2021\/07\/meydan-logo.svg","contentUrl":"https:\/\/www.meydan.tv\/wp-content\/uploads\/2021\/07\/meydan-logo.svg","width":195,"height":46,"caption":"Meydan TV"},"image":{"@id":"https:\/\/www.meydan.tv\/az\/#\/schema\/logo\/image\/"}},{"@type":"Person","@id":"https:\/\/www.meydan.tv\/az\/#\/schema\/person\/476e9360e593fa131d5d71d51866f8da","name":"aleks"}]}},"_links":{"self":[{"href":"https:\/\/www.meydan.tv\/az\/wp-json\/wp\/v2\/posts\/293938","targetHints":{"allow":["GET"]}}],"collection":[{"href":"https:\/\/www.meydan.tv\/az\/wp-json\/wp\/v2\/posts"}],"about":[{"href":"https:\/\/www.meydan.tv\/az\/wp-json\/wp\/v2\/types\/post"}],"author":[{"embeddable":true,"href":"https:\/\/www.meydan.tv\/az\/wp-json\/wp\/v2\/users\/12"}],"replies":[{"embeddable":true,"href":"https:\/\/www.meydan.tv\/az\/wp-json\/wp\/v2\/comments?post=293938"}],"version-history":[{"count":4,"href":"https:\/\/www.meydan.tv\/az\/wp-json\/wp\/v2\/posts\/293938\/revisions"}],"predecessor-version":[{"id":293947,"href":"https:\/\/www.meydan.tv\/az\/wp-json\/wp\/v2\/posts\/293938\/revisions\/293947"}],"wp:featuredmedia":[{"embeddable":true,"href":"https:\/\/www.meydan.tv\/az\/wp-json\/wp\/v2\/media\/293940"}],"wp:attachment":[{"href":"https:\/\/www.meydan.tv\/az\/wp-json\/wp\/v2\/media?parent=293938"}],"wp:term":[{"taxonomy":"category","embeddable":true,"href":"https:\/\/www.meydan.tv\/az\/wp-json\/wp\/v2\/categories?post=293938"},{"taxonomy":"post_tag","embeddable":true,"href":"https:\/\/www.meydan.tv\/az\/wp-json\/wp\/v2\/tags?post=293938"}],"curies":[{"name":"wp","href":"https:\/\/api.w.org\/{rel}","templated":true}]}}