{"id":293932,"date":"2023-12-25T15:07:32","date_gmt":"2023-12-25T11:07:32","guid":{"rendered":"https:\/\/www.meydan.tv\/?p=293932"},"modified":"2023-12-25T15:07:35","modified_gmt":"2023-12-25T11:07:35","slug":"guclu-kuleyin-bir-sira-bagca-ve-mekteblere-ziyan-vurdugu-bildirilir","status":"publish","type":"post","link":"https:\/\/www.meydan.tv\/az\/article\/guclu-kuleyin-bir-sira-bagca-ve-mekteblere-ziyan-vurdugu-bildirilir\/","title":{"rendered":"G\u00fccl\u00fc k\u00fcl\u0259yin bir s\u0131ra ba\u011f\u00e7a v\u0259 m\u0259kt\u0259bl\u0259r\u0259 ziyan vurdu\u011fu bildirilir"},"content":{"rendered":"\n<p><\/p>\n\n\n\n<p><strong><em>Agentlik ziyan g\u00f6rm\u00fc\u015f m\u0259kt\u0259bl\u0259rin siyah\u0131s\u0131n\u0131 a\u00e7\u0131qlamay\u0131b<\/em><\/strong><\/p>\n\n\n\n<p>Dekabr\u0131n 23-24-d\u0259 \u00f6lk\u0259nin b\u0259zi \u0259razil\u0259rind\u0259 m\u00fc\u015fahid\u0259 olunan g\u00fccl\u00fc k\u00fcl\u0259yin bir s\u0131ra rayon v\u0259 k\u0259nd t\u0259hsil m\u00fc\u0259ssis\u0259l\u0259rin\u0259 ziyan vurdu\u011fu bildirilir.<\/p>\n\n\n\n<p>Elm v\u0259 T\u0259hsil Nazirliyinin M\u0259kt\u0259b\u0259q\u0259d\u0259r v\u0259 \u00dcmumi t\u0259hsil \u00fczr\u0259 D\u00f6vl\u0259t Agentliyinin yayd\u0131\u011f\u0131 m\u0259lumatda deyilir ki, g\u00fccl\u00fc k\u00fcl\u0259k bir s\u0131ra ba\u011f\u00e7a v\u0259 m\u0259kt\u0259bl\u0259rin dam \u00f6rt\u00fcy\u00fcn\u00fcn bir qismini s\u0131radan \u00e7\u0131xar\u0131b, a\u011faclar a\u015f\u0131b, b\u0259zi binalarda p\u0259nc\u0259r\u0259l\u0259rin \u015f\u00fc\u015f\u0259l\u0259ri s\u0131n\u0131b.<\/p>\n\n\n\n<p><em>\u201cZiyan d\u0259ymi\u015f ba\u011f\u00e7a v\u0259 m\u0259kt\u0259bl\u0259r\u0259 bax\u0131\u015f ke\u00e7irilib, t\u0259mir-b\u0259rpa i\u015fl\u0259rinin apar\u0131lmas\u0131 \u00fc\u00e7\u00fcn laz\u0131mi t\u0259dbirl\u0259r g\u00f6r\u00fcl\u00fcb\u201d,<\/em> &#8211; agentliyin a\u00e7\u0131qlamas\u0131nda deyilir.<\/p>\n\n\n\n<p>Agentlik konkret ne\u00e7\u0259 m\u0259kt\u0259b\u0259 ziyan d\u0259ydiyini a\u00e7\u0131qlamay\u0131b. Meydan TV-nin bu bar\u0259d\u0259 sor\u011fusu cavabs\u0131z qal\u0131b.<\/p>\n\n\n\n<p>\u018flav\u0259 olunur ki, Ab\u015feron rayonu v\u0259 Bak\u0131 \u015f\u0259h\u0259ri \u00fczr\u0259 f\u0259aliyy\u0259t g\u00f6st\u0259r\u0259n t\u0259hsil m\u00fc\u0259ssis\u0259l\u0259rind\u0259 k\u00fcl\u0259k n\u0259tic\u0259sind\u0259 h\u0259r hans\u0131 bir f\u0259sad m\u00fc\u015fahid\u0259 edilm\u0259yib.<\/p>\n\n\n\n<p>Yaranm\u0131\u015f v\u0259ziyy\u0259t t\u0259dris prosesinin davaml\u0131l\u0131\u011f\u0131na t\u0259sir etm\u0259yib, haz\u0131rda t\u0259hsil m\u00fc\u0259ssis\u0259l\u0259ri \u00f6z f\u0259aliyy\u0259tini davam etdirir.<\/p>\n","protected":false},"excerpt":{"rendered":"<p>Agentlik ziyan g\u00f6rm\u00fc\u015f m\u0259kt\u0259bl\u0259rin siyah\u0131s\u0131n\u0131 a\u00e7\u0131qlamay\u0131b Dekabr\u0131n 23-24-d\u0259 \u00f6lk\u0259nin b\u0259zi &#8230; <\/p>\n<p class=\"read-more-container\"><a title=\"G\u00fccl\u00fc k\u00fcl\u0259yin bir s\u0131ra ba\u011f\u00e7a v\u0259 m\u0259kt\u0259bl\u0259r\u0259 ziyan vurdu\u011fu bildirilir\" class=\"read-more button\" href=\"https:\/\/www.meydan.tv\/az\/article\/guclu-kuleyin-bir-sira-bagca-ve-mekteblere-ziyan-vurdugu-bildirilir\/#more-293932\" aria-label=\"Read more about G\u00fccl\u00fc k\u00fcl\u0259yin bir s\u0131ra ba\u011f\u00e7a v\u0259 m\u0259kt\u0259bl\u0259r\u0259 ziyan vurdu\u011fu bildirilir\">Davam\u0131<\/a><\/p>\n","protected":false},"author":8,"featured_media":134093,"comment_status":"closed","ping_status":"closed","sticky":false,"template":"","format":"standard","meta":{"_acf_changed":false,"_sitemap_exclude":false,"_sitemap_priority":"","_sitemap_frequency":"","footnotes":""},"categories":[62,56],"tags":[],"class_list":["post-293932","post","type-post","status-publish","format-standard","has-post-thumbnail","hentry","category-sosial","category-xeberler","infinite-scroll-item","generate-columns","tablet-grid-50","mobile-grid-100","grid-parent","grid-33","no-featured-image-padding"],"acf":[],"yoast_head":"<!-- This site is optimized with the Yoast SEO plugin v27.5 - https:\/\/yoast.com\/product\/yoast-seo-wordpress\/ -->\n<title>G\u00fccl\u00fc k\u00fcl\u0259yin bir s\u0131ra ba\u011f\u00e7a v\u0259 m\u0259kt\u0259bl\u0259r\u0259 ziyan vurdu\u011fu bildirilir - MEYDAN.TV<\/title>\n<meta name=\"robots\" content=\"index, follow, max-snippet:-1, max-image-preview:large, max-video-preview:-1\" \/>\n<link rel=\"canonical\" href=\"https:\/\/www.meydan.tv\/az\/article\/guclu-kuleyin-bir-sira-bagca-ve-mekteblere-ziyan-vurdugu-bildirilir\/\" \/>\n<meta property=\"og:locale\" content=\"az_AZ\" \/>\n<meta property=\"og:type\" content=\"article\" \/>\n<meta property=\"og:title\" content=\"G\u00fccl\u00fc k\u00fcl\u0259yin bir s\u0131ra ba\u011f\u00e7a v\u0259 m\u0259kt\u0259bl\u0259r\u0259 ziyan vurdu\u011fu bildirilir - MEYDAN.TV\" \/>\n<meta property=\"og:description\" content=\"Agentlik ziyan g\u00f6rm\u00fc\u015f m\u0259kt\u0259bl\u0259rin siyah\u0131s\u0131n\u0131 a\u00e7\u0131qlamay\u0131b Dekabr\u0131n 23-24-d\u0259 \u00f6lk\u0259nin b\u0259zi ... Davam\u0131\" \/>\n<meta property=\"og:url\" content=\"https:\/\/www.meydan.tv\/az\/article\/guclu-kuleyin-bir-sira-bagca-ve-mekteblere-ziyan-vurdugu-bildirilir\/\" \/>\n<meta property=\"og:site_name\" content=\"MEYDAN.TV\" \/>\n<meta property=\"article:published_time\" content=\"2023-12-25T11:07:32+00:00\" \/>\n<meta property=\"article:modified_time\" content=\"2023-12-25T11:07:35+00:00\" \/>\n<meta property=\"og:image\" content=\"https:\/\/www.meydan.tv\/wp-content\/uploads\/reg_quba_gedik_ev_1.jpg\" \/>\n\t<meta property=\"og:image:width\" content=\"1024\" \/>\n\t<meta property=\"og:image:height\" content=\"576\" \/>\n\t<meta property=\"og:image:type\" content=\"image\/jpeg\" \/>\n<meta name=\"author\" content=\"elli\" \/>\n<meta name=\"twitter:card\" content=\"summary_large_image\" \/>\n<meta name=\"twitter:creator\" content=\"@elli\" \/>\n<script type=\"application\/ld+json\" class=\"yoast-schema-graph\">{\"@context\":\"https:\\\/\\\/schema.org\",\"@graph\":[{\"@type\":\"Article\",\"@id\":\"https:\\\/\\\/www.meydan.tv\\\/az\\\/article\\\/guclu-kuleyin-bir-sira-bagca-ve-mekteblere-ziyan-vurdugu-bildirilir\\\/#article\",\"isPartOf\":{\"@id\":\"https:\\\/\\\/www.meydan.tv\\\/az\\\/article\\\/guclu-kuleyin-bir-sira-bagca-ve-mekteblere-ziyan-vurdugu-bildirilir\\\/\"},\"author\":{\"name\":\"elli\",\"@id\":\"https:\\\/\\\/www.meydan.tv\\\/az\\\/#\\\/schema\\\/person\\\/9cdbecf90d17180ce1dfbd95b08dcf47\"},\"headline\":\"G\u00fccl\u00fc k\u00fcl\u0259yin bir s\u0131ra ba\u011f\u00e7a v\u0259 m\u0259kt\u0259bl\u0259r\u0259 ziyan vurdu\u011fu bildirilir\",\"datePublished\":\"2023-12-25T11:07:32+00:00\",\"dateModified\":\"2023-12-25T11:07:35+00:00\",\"mainEntityOfPage\":{\"@id\":\"https:\\\/\\\/www.meydan.tv\\\/az\\\/article\\\/guclu-kuleyin-bir-sira-bagca-ve-mekteblere-ziyan-vurdugu-bildirilir\\\/\"},\"wordCount\":264,\"publisher\":{\"@id\":\"https:\\\/\\\/www.meydan.tv\\\/az\\\/#organization\"},\"image\":{\"@id\":\"https:\\\/\\\/www.meydan.tv\\\/az\\\/article\\\/guclu-kuleyin-bir-sira-bagca-ve-mekteblere-ziyan-vurdugu-bildirilir\\\/#primaryimage\"},\"thumbnailUrl\":\"https:\\\/\\\/www.meydan.tv\\\/wp-content\\\/uploads\\\/reg_quba_gedik_ev_1.jpg\",\"articleSection\":[\"Sosial\",\"X\u0259b\u0259rl\u0259r\"],\"inLanguage\":\"az\"},{\"@type\":\"WebPage\",\"@id\":\"https:\\\/\\\/www.meydan.tv\\\/az\\\/article\\\/guclu-kuleyin-bir-sira-bagca-ve-mekteblere-ziyan-vurdugu-bildirilir\\\/\",\"url\":\"https:\\\/\\\/www.meydan.tv\\\/az\\\/article\\\/guclu-kuleyin-bir-sira-bagca-ve-mekteblere-ziyan-vurdugu-bildirilir\\\/\",\"name\":\"G\u00fccl\u00fc k\u00fcl\u0259yin bir s\u0131ra ba\u011f\u00e7a v\u0259 m\u0259kt\u0259bl\u0259r\u0259 ziyan vurdu\u011fu bildirilir - MEYDAN.TV\",\"isPartOf\":{\"@id\":\"https:\\\/\\\/www.meydan.tv\\\/az\\\/#website\"},\"primaryImageOfPage\":{\"@id\":\"https:\\\/\\\/www.meydan.tv\\\/az\\\/article\\\/guclu-kuleyin-bir-sira-bagca-ve-mekteblere-ziyan-vurdugu-bildirilir\\\/#primaryimage\"},\"image\":{\"@id\":\"https:\\\/\\\/www.meydan.tv\\\/az\\\/article\\\/guclu-kuleyin-bir-sira-bagca-ve-mekteblere-ziyan-vurdugu-bildirilir\\\/#primaryimage\"},\"thumbnailUrl\":\"https:\\\/\\\/www.meydan.tv\\\/wp-content\\\/uploads\\\/reg_quba_gedik_ev_1.jpg\",\"datePublished\":\"2023-12-25T11:07:32+00:00\",\"dateModified\":\"2023-12-25T11:07:35+00:00\",\"breadcrumb\":{\"@id\":\"https:\\\/\\\/www.meydan.tv\\\/az\\\/article\\\/guclu-kuleyin-bir-sira-bagca-ve-mekteblere-ziyan-vurdugu-bildirilir\\\/#breadcrumb\"},\"inLanguage\":\"az\",\"potentialAction\":[{\"@type\":\"ReadAction\",\"target\":[\"https:\\\/\\\/www.meydan.tv\\\/az\\\/article\\\/guclu-kuleyin-bir-sira-bagca-ve-mekteblere-ziyan-vurdugu-bildirilir\\\/\"]}]},{\"@type\":\"ImageObject\",\"inLanguage\":\"az\",\"@id\":\"https:\\\/\\\/www.meydan.tv\\\/az\\\/article\\\/guclu-kuleyin-bir-sira-bagca-ve-mekteblere-ziyan-vurdugu-bildirilir\\\/#primaryimage\",\"url\":\"https:\\\/\\\/www.meydan.tv\\\/wp-content\\\/uploads\\\/reg_quba_gedik_ev_1.jpg\",\"contentUrl\":\"https:\\\/\\\/www.meydan.tv\\\/wp-content\\\/uploads\\\/reg_quba_gedik_ev_1.jpg\",\"width\":1024,\"height\":576,\"caption\":\"Foto: Meydan TV\"},{\"@type\":\"BreadcrumbList\",\"@id\":\"https:\\\/\\\/www.meydan.tv\\\/az\\\/article\\\/guclu-kuleyin-bir-sira-bagca-ve-mekteblere-ziyan-vurdugu-bildirilir\\\/#breadcrumb\",\"itemListElement\":[{\"@type\":\"ListItem\",\"position\":1,\"name\":\"Ana s\u0259hif\u0259\",\"item\":\"https:\\\/\\\/www.meydan.tv\\\/az\\\/\"},{\"@type\":\"ListItem\",\"position\":2,\"name\":\"Sosial\",\"item\":\"https:\\\/\\\/www.meydan.tv\\\/az\\\/section\\\/sosial\\\/\"},{\"@type\":\"ListItem\",\"position\":3,\"name\":\"G\u00fccl\u00fc k\u00fcl\u0259yin bir s\u0131ra ba\u011f\u00e7a v\u0259 m\u0259kt\u0259bl\u0259r\u0259 ziyan vurdu\u011fu bildirilir\"}]},{\"@type\":\"WebSite\",\"@id\":\"https:\\\/\\\/www.meydan.tv\\\/az\\\/#website\",\"url\":\"https:\\\/\\\/www.meydan.tv\\\/az\\\/\",\"name\":\"MEYDAN.TV\",\"description\":\"Meydan TV Az\u0259rbaycan\u0131n media m\u0259kan\u0131ndak\u0131 alternativ s\u0259sidir\",\"publisher\":{\"@id\":\"https:\\\/\\\/www.meydan.tv\\\/az\\\/#organization\"},\"potentialAction\":[{\"@type\":\"SearchAction\",\"target\":{\"@type\":\"EntryPoint\",\"urlTemplate\":\"https:\\\/\\\/www.meydan.tv\\\/az\\\/?s={search_term_string}\"},\"query-input\":{\"@type\":\"PropertyValueSpecification\",\"valueRequired\":true,\"valueName\":\"search_term_string\"}}],\"inLanguage\":\"az\"},{\"@type\":\"Organization\",\"@id\":\"https:\\\/\\\/www.meydan.tv\\\/az\\\/#organization\",\"name\":\"Meydan TV\",\"url\":\"https:\\\/\\\/www.meydan.tv\\\/az\\\/\",\"logo\":{\"@type\":\"ImageObject\",\"inLanguage\":\"az\",\"@id\":\"https:\\\/\\\/www.meydan.tv\\\/az\\\/#\\\/schema\\\/logo\\\/image\\\/\",\"url\":\"https:\\\/\\\/www.meydan.tv\\\/wp-content\\\/uploads\\\/2021\\\/07\\\/meydan-logo.svg\",\"contentUrl\":\"https:\\\/\\\/www.meydan.tv\\\/wp-content\\\/uploads\\\/2021\\\/07\\\/meydan-logo.svg\",\"width\":195,\"height\":46,\"caption\":\"Meydan TV\"},\"image\":{\"@id\":\"https:\\\/\\\/www.meydan.tv\\\/az\\\/#\\\/schema\\\/logo\\\/image\\\/\"}},{\"@type\":\"Person\",\"@id\":\"https:\\\/\\\/www.meydan.tv\\\/az\\\/#\\\/schema\\\/person\\\/9cdbecf90d17180ce1dfbd95b08dcf47\",\"name\":\"elli\",\"sameAs\":[\"https:\\\/\\\/x.com\\\/elli\"]}]}<\/script>\n<!-- \/ Yoast SEO plugin. -->","yoast_head_json":{"title":"G\u00fccl\u00fc k\u00fcl\u0259yin bir s\u0131ra ba\u011f\u00e7a v\u0259 m\u0259kt\u0259bl\u0259r\u0259 ziyan vurdu\u011fu bildirilir - MEYDAN.TV","robots":{"index":"index","follow":"follow","max-snippet":"max-snippet:-1","max-image-preview":"max-image-preview:large","max-video-preview":"max-video-preview:-1"},"canonical":"https:\/\/www.meydan.tv\/az\/article\/guclu-kuleyin-bir-sira-bagca-ve-mekteblere-ziyan-vurdugu-bildirilir\/","og_locale":"az_AZ","og_type":"article","og_title":"G\u00fccl\u00fc k\u00fcl\u0259yin bir s\u0131ra ba\u011f\u00e7a v\u0259 m\u0259kt\u0259bl\u0259r\u0259 ziyan vurdu\u011fu bildirilir - MEYDAN.TV","og_description":"Agentlik ziyan g\u00f6rm\u00fc\u015f m\u0259kt\u0259bl\u0259rin siyah\u0131s\u0131n\u0131 a\u00e7\u0131qlamay\u0131b Dekabr\u0131n 23-24-d\u0259 \u00f6lk\u0259nin b\u0259zi ... Davam\u0131","og_url":"https:\/\/www.meydan.tv\/az\/article\/guclu-kuleyin-bir-sira-bagca-ve-mekteblere-ziyan-vurdugu-bildirilir\/","og_site_name":"MEYDAN.TV","article_published_time":"2023-12-25T11:07:32+00:00","article_modified_time":"2023-12-25T11:07:35+00:00","og_image":[{"width":1024,"height":576,"url":"https:\/\/www.meydan.tv\/wp-content\/uploads\/reg_quba_gedik_ev_1.jpg","type":"image\/jpeg"}],"author":"elli","twitter_card":"summary_large_image","twitter_creator":"@elli","schema":{"@context":"https:\/\/schema.org","@graph":[{"@type":"Article","@id":"https:\/\/www.meydan.tv\/az\/article\/guclu-kuleyin-bir-sira-bagca-ve-mekteblere-ziyan-vurdugu-bildirilir\/#article","isPartOf":{"@id":"https:\/\/www.meydan.tv\/az\/article\/guclu-kuleyin-bir-sira-bagca-ve-mekteblere-ziyan-vurdugu-bildirilir\/"},"author":{"name":"elli","@id":"https:\/\/www.meydan.tv\/az\/#\/schema\/person\/9cdbecf90d17180ce1dfbd95b08dcf47"},"headline":"G\u00fccl\u00fc k\u00fcl\u0259yin bir s\u0131ra ba\u011f\u00e7a v\u0259 m\u0259kt\u0259bl\u0259r\u0259 ziyan vurdu\u011fu bildirilir","datePublished":"2023-12-25T11:07:32+00:00","dateModified":"2023-12-25T11:07:35+00:00","mainEntityOfPage":{"@id":"https:\/\/www.meydan.tv\/az\/article\/guclu-kuleyin-bir-sira-bagca-ve-mekteblere-ziyan-vurdugu-bildirilir\/"},"wordCount":264,"publisher":{"@id":"https:\/\/www.meydan.tv\/az\/#organization"},"image":{"@id":"https:\/\/www.meydan.tv\/az\/article\/guclu-kuleyin-bir-sira-bagca-ve-mekteblere-ziyan-vurdugu-bildirilir\/#primaryimage"},"thumbnailUrl":"https:\/\/www.meydan.tv\/wp-content\/uploads\/reg_quba_gedik_ev_1.jpg","articleSection":["Sosial","X\u0259b\u0259rl\u0259r"],"inLanguage":"az"},{"@type":"WebPage","@id":"https:\/\/www.meydan.tv\/az\/article\/guclu-kuleyin-bir-sira-bagca-ve-mekteblere-ziyan-vurdugu-bildirilir\/","url":"https:\/\/www.meydan.tv\/az\/article\/guclu-kuleyin-bir-sira-bagca-ve-mekteblere-ziyan-vurdugu-bildirilir\/","name":"G\u00fccl\u00fc k\u00fcl\u0259yin bir s\u0131ra ba\u011f\u00e7a v\u0259 m\u0259kt\u0259bl\u0259r\u0259 ziyan vurdu\u011fu bildirilir - MEYDAN.TV","isPartOf":{"@id":"https:\/\/www.meydan.tv\/az\/#website"},"primaryImageOfPage":{"@id":"https:\/\/www.meydan.tv\/az\/article\/guclu-kuleyin-bir-sira-bagca-ve-mekteblere-ziyan-vurdugu-bildirilir\/#primaryimage"},"image":{"@id":"https:\/\/www.meydan.tv\/az\/article\/guclu-kuleyin-bir-sira-bagca-ve-mekteblere-ziyan-vurdugu-bildirilir\/#primaryimage"},"thumbnailUrl":"https:\/\/www.meydan.tv\/wp-content\/uploads\/reg_quba_gedik_ev_1.jpg","datePublished":"2023-12-25T11:07:32+00:00","dateModified":"2023-12-25T11:07:35+00:00","breadcrumb":{"@id":"https:\/\/www.meydan.tv\/az\/article\/guclu-kuleyin-bir-sira-bagca-ve-mekteblere-ziyan-vurdugu-bildirilir\/#breadcrumb"},"inLanguage":"az","potentialAction":[{"@type":"ReadAction","target":["https:\/\/www.meydan.tv\/az\/article\/guclu-kuleyin-bir-sira-bagca-ve-mekteblere-ziyan-vurdugu-bildirilir\/"]}]},{"@type":"ImageObject","inLanguage":"az","@id":"https:\/\/www.meydan.tv\/az\/article\/guclu-kuleyin-bir-sira-bagca-ve-mekteblere-ziyan-vurdugu-bildirilir\/#primaryimage","url":"https:\/\/www.meydan.tv\/wp-content\/uploads\/reg_quba_gedik_ev_1.jpg","contentUrl":"https:\/\/www.meydan.tv\/wp-content\/uploads\/reg_quba_gedik_ev_1.jpg","width":1024,"height":576,"caption":"Foto: Meydan TV"},{"@type":"BreadcrumbList","@id":"https:\/\/www.meydan.tv\/az\/article\/guclu-kuleyin-bir-sira-bagca-ve-mekteblere-ziyan-vurdugu-bildirilir\/#breadcrumb","itemListElement":[{"@type":"ListItem","position":1,"name":"Ana s\u0259hif\u0259","item":"https:\/\/www.meydan.tv\/az\/"},{"@type":"ListItem","position":2,"name":"Sosial","item":"https:\/\/www.meydan.tv\/az\/section\/sosial\/"},{"@type":"ListItem","position":3,"name":"G\u00fccl\u00fc k\u00fcl\u0259yin bir s\u0131ra ba\u011f\u00e7a v\u0259 m\u0259kt\u0259bl\u0259r\u0259 ziyan vurdu\u011fu bildirilir"}]},{"@type":"WebSite","@id":"https:\/\/www.meydan.tv\/az\/#website","url":"https:\/\/www.meydan.tv\/az\/","name":"MEYDAN.TV","description":"Meydan TV Az\u0259rbaycan\u0131n media m\u0259kan\u0131ndak\u0131 alternativ s\u0259sidir","publisher":{"@id":"https:\/\/www.meydan.tv\/az\/#organization"},"potentialAction":[{"@type":"SearchAction","target":{"@type":"EntryPoint","urlTemplate":"https:\/\/www.meydan.tv\/az\/?s={search_term_string}"},"query-input":{"@type":"PropertyValueSpecification","valueRequired":true,"valueName":"search_term_string"}}],"inLanguage":"az"},{"@type":"Organization","@id":"https:\/\/www.meydan.tv\/az\/#organization","name":"Meydan TV","url":"https:\/\/www.meydan.tv\/az\/","logo":{"@type":"ImageObject","inLanguage":"az","@id":"https:\/\/www.meydan.tv\/az\/#\/schema\/logo\/image\/","url":"https:\/\/www.meydan.tv\/wp-content\/uploads\/2021\/07\/meydan-logo.svg","contentUrl":"https:\/\/www.meydan.tv\/wp-content\/uploads\/2021\/07\/meydan-logo.svg","width":195,"height":46,"caption":"Meydan TV"},"image":{"@id":"https:\/\/www.meydan.tv\/az\/#\/schema\/logo\/image\/"}},{"@type":"Person","@id":"https:\/\/www.meydan.tv\/az\/#\/schema\/person\/9cdbecf90d17180ce1dfbd95b08dcf47","name":"elli","sameAs":["https:\/\/x.com\/elli"]}]}},"_links":{"self":[{"href":"https:\/\/www.meydan.tv\/az\/wp-json\/wp\/v2\/posts\/293932","targetHints":{"allow":["GET"]}}],"collection":[{"href":"https:\/\/www.meydan.tv\/az\/wp-json\/wp\/v2\/posts"}],"about":[{"href":"https:\/\/www.meydan.tv\/az\/wp-json\/wp\/v2\/types\/post"}],"author":[{"embeddable":true,"href":"https:\/\/www.meydan.tv\/az\/wp-json\/wp\/v2\/users\/8"}],"replies":[{"embeddable":true,"href":"https:\/\/www.meydan.tv\/az\/wp-json\/wp\/v2\/comments?post=293932"}],"version-history":[{"count":1,"href":"https:\/\/www.meydan.tv\/az\/wp-json\/wp\/v2\/posts\/293932\/revisions"}],"predecessor-version":[{"id":293933,"href":"https:\/\/www.meydan.tv\/az\/wp-json\/wp\/v2\/posts\/293932\/revisions\/293933"}],"wp:featuredmedia":[{"embeddable":true,"href":"https:\/\/www.meydan.tv\/az\/wp-json\/wp\/v2\/media\/134093"}],"wp:attachment":[{"href":"https:\/\/www.meydan.tv\/az\/wp-json\/wp\/v2\/media?parent=293932"}],"wp:term":[{"taxonomy":"category","embeddable":true,"href":"https:\/\/www.meydan.tv\/az\/wp-json\/wp\/v2\/categories?post=293932"},{"taxonomy":"post_tag","embeddable":true,"href":"https:\/\/www.meydan.tv\/az\/wp-json\/wp\/v2\/tags?post=293932"}],"curies":[{"name":"wp","href":"https:\/\/api.w.org\/{rel}","templated":true}]}}