{"id":293930,"date":"2023-12-25T15:05:07","date_gmt":"2023-12-25T11:05:07","guid":{"rendered":"https:\/\/www.meydan.tv\/?p=293930"},"modified":"2023-12-25T15:05:12","modified_gmt":"2023-12-25T11:05:12","slug":"amankendliler-yolsuzluqdan-belediyye-onlarin-vergi-odememesinden-narazidir","status":"publish","type":"post","link":"https:\/\/www.meydan.tv\/az\/article\/amankendliler-yolsuzluqdan-belediyye-onlarin-vergi-odememesinden-narazidir\/","title":{"rendered":"Amank\u0259ndlil\u0259r yolsuzluqdan, b\u0259l\u0259diyy\u0259 is\u0259 onlar\u0131n vergi \u00f6d\u0259m\u0259m\u0259sind\u0259n naraz\u0131d\u0131r"},"content":{"rendered":"\n<p><\/p>\n\n\n\n<p><strong><em>\u201cB\u0259z\u0259n v\u0259ziyy\u0259t o h\u0259dd\u0259 \u00e7at\u0131r ki, yollara g\u00f6r\u0259 u\u015faqlar\u0131 m\u0259kt\u0259b\u0259 g\u00f6nd\u0259r\u0259 bilmirik\u201d<\/em><\/strong><\/p>\n\n\n\n<p>Bil\u0259suvar rayonunun Amank\u0259nd k\u0259ndinin sakinl\u0259ri yollar\u0131n b\u0259rbad v\u0259ziyy\u0259td\u0259 olmas\u0131ndan \u015fikay\u0259t\u00e7idirl\u0259r. Sakinl\u0259r deyirl\u0259r ki, yollar t\u0259mirsiz oldu\u011fundan yayda toz-torpaqdan, pay\u0131zda-q\u0131\u015fda pal\u00e7\u0131qdan ke\u00e7ilm\u0259z olur.<\/p>\n\n\n\n<p>Amank\u0259nd k\u0259ndi rayon m\u0259rk\u0259zind\u0259n 12 kilometr aral\u0131da yerl\u0259\u015fir. K\u0259ndlil\u0259r \u0259sas\u0259n \u0259kin-bi\u00e7inl\u0259 dolan\u0131r. \u018fkin\u00e7ilikl\u0259 dolan\u0131\u015f\u0131\u011f\u0131n\u0131 ke\u00e7indir\u0259 bilm\u0259y\u0259nl\u0259r is\u0259 rayon m\u0259rk\u0259zind\u0259, yax\u0131n k\u0259ndl\u0259rd\u0259 i\u015fl\u0259yirl\u0259r.<\/p>\n\n\n\n<p>Sakinl\u0259rd\u0259n Araz M\u0259mm\u0259dov deyir ki, yolsuzluq s\u0259b\u0259bind\u0259n gedi\u015f-g\u0259li\u015fl\u0259ri \u00e7\u0259tinl\u0259\u015fir.<\/p>\n\n\n\n<p><em>&#8220;Ya\u011f\u0131\u015f ya\u011fan kimi yollarda g\u00f6lm\u0259\u00e7\u0259l\u0259r yaran\u0131r. B\u0259z\u0259n v\u0259ziyy\u0259t o h\u0259dd\u0259 \u00e7at\u0131r ki, yollara g\u00f6r\u0259 u\u015faqlar\u0131 m\u0259kt\u0259b\u0259 g\u00f6nd\u0259r\u0259 bilmirik\u201d.<\/em><\/p>\n\n\n\n<p>Sakinl\u0259rin s\u00f6zl\u0259rin\u0259 g\u00f6r\u0259, k\u0259nd yollar\u0131 \u0259sasl\u0131 t\u0259mir edilm\u0259lidir, x\u00fcsusil\u0259 m\u0259kt\u0259b\u0259 ged\u0259n yollara asfalt d\u00f6\u015f\u0259nm\u0259lidir. Bir-iki istiqam\u0259td\u0259 yola da\u015f d\u00f6\u015f\u0259nm\u0259si, yaxud bir-iki kilometr yola asfalt t\u00f6k\u00fclm\u0259si il\u0259 problem h\u0259llini tapm\u0131r.<\/p>\n\n\n\n<p><em>\u201cBura b\u00f6y\u00fck k\u0259nddir, \u0259halinin dolan\u0131\u015f\u0131\u011f\u0131 birba\u015fa yoldan as\u0131l\u0131d\u0131r. K\u00f6hn\u0259 d\u0259 olsa borc-x\u0259rcl\u0259 avtomobil al\u0131r\u0131q, sonra da qazand\u0131\u011f\u0131m\u0131z\u0131n yar\u0131s\u0131n\u0131 t\u0259mir\u0259 x\u0259rcl\u0259yirik\u201d,<\/em>-M\u0259mm\u0259dov bildirib.<\/p>\n\n\n\n<p>Sakinl\u0259r deyirl\u0259r ki, yol t\u0259mir olunarsa, k\u0259ndlil\u0259r m\u0259hsullar\u0131n\u0131 rayon bazar\u0131na, qon\u015fu k\u0259ndl\u0259r\u0259 \u00e7\u0131xara bil\u0259rl\u0259r.<\/p>\n\n\n<div class=\"wp-block-image\">\n<figure class=\"aligncenter size-large\"><img decoding=\"async\" width=\"1200\" height=\"678\" data-src=\"https:\/\/www.meydan.tv\/wp-content\/uploads\/a5170cb4-306d-4371-9fe5-35dbdc655a59-1200x678.jpg\" alt=\"\" class=\"wp-image-293924 lazyload\" src=\"data:image\/svg+xml;base64,PHN2ZyB3aWR0aD0iMSIgaGVpZ2h0PSIxIiB4bWxucz0iaHR0cDovL3d3dy53My5vcmcvMjAwMC9zdmciPjwvc3ZnPg==\" style=\"--smush-placeholder-width: 1200px; --smush-placeholder-aspect-ratio: 1200\/678;\" \/><\/figure>\n<\/div>\n\n\n<p>\u015eikay\u0259t\u00e7il\u0259r bildiribl\u0259r ki, \u0259vv\u0259ll\u0259r heyvandarl\u0131qdan qazanc g\u00f6t\u00fcr\u0259 bilibl\u0259r, son d\u00f6vrl\u0259r yem bahala\u015fd\u0131\u011f\u0131ndan heyvandarl\u0131q o q\u0259d\u0259r d\u0259 s\u0259rf\u0259li deyil. \u018fkin-bi\u00e7in d\u0259 hava \u015f\u0259raitind\u0259n as\u0131l\u0131 oldu\u011fundan dolan\u0131\u015f\u0131\u011fa b\u0259s etmir. Yollara g\u00f6r\u0259 d\u0259 rayon m\u0259rk\u0259zin\u0259 gedib-g\u0259lm\u0259k h\u0259m vaxt itkisidir, h\u0259m d\u0259 baha ba\u015fa g\u0259lir.<\/p>\n\n\n\n<p>Amank\u0259nd k\u0259nd b\u0259l\u0259diyy\u0259sinin s\u0259dri F\u00fczuli M\u0259mm\u0259ov Meydan TV-y\u0259 bildirib ki, se\u00e7ki ili oldu\u011fundan k\u0259ndin probleml\u0259ri, o c\u00fcml\u0259d\u0259n yollar t\u0259mir edilir. Art\u0131q sakinl\u0259rin daimi istifad\u0259 etdikl\u0259ri bir ne\u00e7\u0259 yol t\u0259mir edilib, yolla ba\u011fl\u0131 \u0259vv\u0259lki kimi probleml\u0259r qalmay\u0131b.<\/p>\n\n\n\n<p>B\u0259l\u0259diyy\u0259 s\u0259dri deyib ki, k\u0259ndin 4600-\u0259 yax\u0131n sakini var. B\u0259l\u0259diyy\u0259nin b\u00fcdc\u0259si vergil\u0259r hesab\u0131na formala\u015f\u0131r, amma k\u0259ndlil\u0259r vergi \u00f6d\u0259mirl\u0259r. Sakinl\u0259rin vergi borcu 100 min manat\u0131 \u00f6t\u00fcb:<\/p>\n\n\n\n<p><em>\u201cB\u0259l\u0259diyy\u0259nin i\u015f g\u00f6rm\u0259si \u00fc\u00e7\u00fcn v\u0259saiti olmal\u0131d\u0131r, sakinl\u0259r \u0259kin-bi\u00e7inl\u0259 m\u0259\u015f\u011ful olurlar, amma c\u0259mi 5 manat vergini \u00f6d\u0259mirl\u0259r\u201d.<\/em><\/p>\n\n\n\n<p>F.M\u0259mm\u0259dov deyib ki, buna baxmayaraq, dig\u0259r yollar da t\u0259mir edil\u0259c\u0259k.<\/p>\n","protected":false},"excerpt":{"rendered":"<p>\u201cB\u0259z\u0259n v\u0259ziyy\u0259t o h\u0259dd\u0259 \u00e7at\u0131r ki, yollara g\u00f6r\u0259 u\u015faqlar\u0131 m\u0259kt\u0259b\u0259 &#8230; <\/p>\n<p class=\"read-more-container\"><a title=\"Amank\u0259ndlil\u0259r yolsuzluqdan, b\u0259l\u0259diyy\u0259 is\u0259 onlar\u0131n vergi \u00f6d\u0259m\u0259m\u0259sind\u0259n naraz\u0131d\u0131r\" class=\"read-more button\" href=\"https:\/\/www.meydan.tv\/az\/article\/amankendliler-yolsuzluqdan-belediyye-onlarin-vergi-odememesinden-narazidir\/#more-293930\" aria-label=\"Read more about Amank\u0259ndlil\u0259r yolsuzluqdan, b\u0259l\u0259diyy\u0259 is\u0259 onlar\u0131n vergi \u00f6d\u0259m\u0259m\u0259sind\u0259n naraz\u0131d\u0131r\">Davam\u0131<\/a><\/p>\n","protected":false},"author":8,"featured_media":293927,"comment_status":"closed","ping_status":"closed","sticky":false,"template":"","format":"standard","meta":{"_acf_changed":false,"_sitemap_exclude":false,"_sitemap_priority":"","_sitemap_frequency":"","footnotes":""},"categories":[60,56],"tags":[],"class_list":["post-293930","post","type-post","status-publish","format-standard","has-post-thumbnail","hentry","category-bolge","category-xeberler","infinite-scroll-item","generate-columns","tablet-grid-50","mobile-grid-100","grid-parent","grid-33","no-featured-image-padding"],"acf":[],"yoast_head":"<!-- This site is optimized with the Yoast SEO plugin v27.4 - https:\/\/yoast.com\/product\/yoast-seo-wordpress\/ -->\n<title>Amank\u0259ndlil\u0259r yolsuzluqdan, b\u0259l\u0259diyy\u0259 is\u0259 onlar\u0131n vergi \u00f6d\u0259m\u0259m\u0259sind\u0259n naraz\u0131d\u0131r - MEYDAN.TV<\/title>\n<meta name=\"robots\" content=\"index, follow, max-snippet:-1, max-image-preview:large, max-video-preview:-1\" \/>\n<link rel=\"canonical\" href=\"https:\/\/www.meydan.tv\/az\/article\/amankendliler-yolsuzluqdan-belediyye-onlarin-vergi-odememesinden-narazidir\/\" \/>\n<meta property=\"og:locale\" content=\"az_AZ\" \/>\n<meta property=\"og:type\" content=\"article\" \/>\n<meta property=\"og:title\" content=\"Amank\u0259ndlil\u0259r yolsuzluqdan, b\u0259l\u0259diyy\u0259 is\u0259 onlar\u0131n vergi \u00f6d\u0259m\u0259m\u0259sind\u0259n naraz\u0131d\u0131r - MEYDAN.TV\" \/>\n<meta property=\"og:description\" content=\"\u201cB\u0259z\u0259n v\u0259ziyy\u0259t o h\u0259dd\u0259 \u00e7at\u0131r ki, yollara g\u00f6r\u0259 u\u015faqlar\u0131 m\u0259kt\u0259b\u0259 ... Davam\u0131\" \/>\n<meta property=\"og:url\" content=\"https:\/\/www.meydan.tv\/az\/article\/amankendliler-yolsuzluqdan-belediyye-onlarin-vergi-odememesinden-narazidir\/\" \/>\n<meta property=\"og:site_name\" content=\"MEYDAN.TV\" \/>\n<meta property=\"article:published_time\" content=\"2023-12-25T11:05:07+00:00\" \/>\n<meta property=\"article:modified_time\" content=\"2023-12-25T11:05:12+00:00\" \/>\n<meta property=\"og:image\" content=\"https:\/\/www.meydan.tv\/wp-content\/uploads\/1148c72c-2aa2-4c3b-8292-8b57ab0b371e.jpg\" \/>\n\t<meta property=\"og:image:width\" content=\"1500\" \/>\n\t<meta property=\"og:image:height\" content=\"844\" \/>\n\t<meta property=\"og:image:type\" content=\"image\/jpeg\" \/>\n<meta name=\"author\" content=\"elli\" \/>\n<meta name=\"twitter:card\" content=\"summary_large_image\" \/>\n<meta name=\"twitter:creator\" content=\"@elli\" \/>\n<script type=\"application\/ld+json\" class=\"yoast-schema-graph\">{\"@context\":\"https:\\\/\\\/schema.org\",\"@graph\":[{\"@type\":\"Article\",\"@id\":\"https:\\\/\\\/www.meydan.tv\\\/az\\\/article\\\/amankendliler-yolsuzluqdan-belediyye-onlarin-vergi-odememesinden-narazidir\\\/#article\",\"isPartOf\":{\"@id\":\"https:\\\/\\\/www.meydan.tv\\\/az\\\/article\\\/amankendliler-yolsuzluqdan-belediyye-onlarin-vergi-odememesinden-narazidir\\\/\"},\"author\":{\"name\":\"elli\",\"@id\":\"https:\\\/\\\/www.meydan.tv\\\/az\\\/#\\\/schema\\\/person\\\/9cdbecf90d17180ce1dfbd95b08dcf47\"},\"headline\":\"Amank\u0259ndlil\u0259r yolsuzluqdan, b\u0259l\u0259diyy\u0259 is\u0259 onlar\u0131n vergi \u00f6d\u0259m\u0259m\u0259sind\u0259n naraz\u0131d\u0131r\",\"datePublished\":\"2023-12-25T11:05:07+00:00\",\"dateModified\":\"2023-12-25T11:05:12+00:00\",\"mainEntityOfPage\":{\"@id\":\"https:\\\/\\\/www.meydan.tv\\\/az\\\/article\\\/amankendliler-yolsuzluqdan-belediyye-onlarin-vergi-odememesinden-narazidir\\\/\"},\"wordCount\":534,\"publisher\":{\"@id\":\"https:\\\/\\\/www.meydan.tv\\\/az\\\/#organization\"},\"image\":{\"@id\":\"https:\\\/\\\/www.meydan.tv\\\/az\\\/article\\\/amankendliler-yolsuzluqdan-belediyye-onlarin-vergi-odememesinden-narazidir\\\/#primaryimage\"},\"thumbnailUrl\":\"https:\\\/\\\/www.meydan.tv\\\/wp-content\\\/uploads\\\/1148c72c-2aa2-4c3b-8292-8b57ab0b371e.jpg\",\"articleSection\":[\"B\u00f6lg\u0259\",\"X\u0259b\u0259rl\u0259r\"],\"inLanguage\":\"az\"},{\"@type\":\"WebPage\",\"@id\":\"https:\\\/\\\/www.meydan.tv\\\/az\\\/article\\\/amankendliler-yolsuzluqdan-belediyye-onlarin-vergi-odememesinden-narazidir\\\/\",\"url\":\"https:\\\/\\\/www.meydan.tv\\\/az\\\/article\\\/amankendliler-yolsuzluqdan-belediyye-onlarin-vergi-odememesinden-narazidir\\\/\",\"name\":\"Amank\u0259ndlil\u0259r yolsuzluqdan, b\u0259l\u0259diyy\u0259 is\u0259 onlar\u0131n vergi \u00f6d\u0259m\u0259m\u0259sind\u0259n naraz\u0131d\u0131r - MEYDAN.TV\",\"isPartOf\":{\"@id\":\"https:\\\/\\\/www.meydan.tv\\\/az\\\/#website\"},\"primaryImageOfPage\":{\"@id\":\"https:\\\/\\\/www.meydan.tv\\\/az\\\/article\\\/amankendliler-yolsuzluqdan-belediyye-onlarin-vergi-odememesinden-narazidir\\\/#primaryimage\"},\"image\":{\"@id\":\"https:\\\/\\\/www.meydan.tv\\\/az\\\/article\\\/amankendliler-yolsuzluqdan-belediyye-onlarin-vergi-odememesinden-narazidir\\\/#primaryimage\"},\"thumbnailUrl\":\"https:\\\/\\\/www.meydan.tv\\\/wp-content\\\/uploads\\\/1148c72c-2aa2-4c3b-8292-8b57ab0b371e.jpg\",\"datePublished\":\"2023-12-25T11:05:07+00:00\",\"dateModified\":\"2023-12-25T11:05:12+00:00\",\"breadcrumb\":{\"@id\":\"https:\\\/\\\/www.meydan.tv\\\/az\\\/article\\\/amankendliler-yolsuzluqdan-belediyye-onlarin-vergi-odememesinden-narazidir\\\/#breadcrumb\"},\"inLanguage\":\"az\",\"potentialAction\":[{\"@type\":\"ReadAction\",\"target\":[\"https:\\\/\\\/www.meydan.tv\\\/az\\\/article\\\/amankendliler-yolsuzluqdan-belediyye-onlarin-vergi-odememesinden-narazidir\\\/\"]}]},{\"@type\":\"ImageObject\",\"inLanguage\":\"az\",\"@id\":\"https:\\\/\\\/www.meydan.tv\\\/az\\\/article\\\/amankendliler-yolsuzluqdan-belediyye-onlarin-vergi-odememesinden-narazidir\\\/#primaryimage\",\"url\":\"https:\\\/\\\/www.meydan.tv\\\/wp-content\\\/uploads\\\/1148c72c-2aa2-4c3b-8292-8b57ab0b371e.jpg\",\"contentUrl\":\"https:\\\/\\\/www.meydan.tv\\\/wp-content\\\/uploads\\\/1148c72c-2aa2-4c3b-8292-8b57ab0b371e.jpg\",\"width\":1500,\"height\":844,\"caption\":\"Fotolar: Meydan TV\"},{\"@type\":\"BreadcrumbList\",\"@id\":\"https:\\\/\\\/www.meydan.tv\\\/az\\\/article\\\/amankendliler-yolsuzluqdan-belediyye-onlarin-vergi-odememesinden-narazidir\\\/#breadcrumb\",\"itemListElement\":[{\"@type\":\"ListItem\",\"position\":1,\"name\":\"Ana s\u0259hif\u0259\",\"item\":\"https:\\\/\\\/www.meydan.tv\\\/az\\\/\"},{\"@type\":\"ListItem\",\"position\":2,\"name\":\"B\u00f6lg\u0259\",\"item\":\"https:\\\/\\\/www.meydan.tv\\\/az\\\/section\\\/bolge\\\/\"},{\"@type\":\"ListItem\",\"position\":3,\"name\":\"Amank\u0259ndlil\u0259r yolsuzluqdan, b\u0259l\u0259diyy\u0259 is\u0259 onlar\u0131n vergi \u00f6d\u0259m\u0259m\u0259sind\u0259n naraz\u0131d\u0131r\"}]},{\"@type\":\"WebSite\",\"@id\":\"https:\\\/\\\/www.meydan.tv\\\/az\\\/#website\",\"url\":\"https:\\\/\\\/www.meydan.tv\\\/az\\\/\",\"name\":\"MEYDAN.TV\",\"description\":\"Meydan TV Az\u0259rbaycan\u0131n media m\u0259kan\u0131ndak\u0131 alternativ s\u0259sidir\",\"publisher\":{\"@id\":\"https:\\\/\\\/www.meydan.tv\\\/az\\\/#organization\"},\"potentialAction\":[{\"@type\":\"SearchAction\",\"target\":{\"@type\":\"EntryPoint\",\"urlTemplate\":\"https:\\\/\\\/www.meydan.tv\\\/az\\\/?s={search_term_string}\"},\"query-input\":{\"@type\":\"PropertyValueSpecification\",\"valueRequired\":true,\"valueName\":\"search_term_string\"}}],\"inLanguage\":\"az\"},{\"@type\":\"Organization\",\"@id\":\"https:\\\/\\\/www.meydan.tv\\\/az\\\/#organization\",\"name\":\"Meydan TV\",\"url\":\"https:\\\/\\\/www.meydan.tv\\\/az\\\/\",\"logo\":{\"@type\":\"ImageObject\",\"inLanguage\":\"az\",\"@id\":\"https:\\\/\\\/www.meydan.tv\\\/az\\\/#\\\/schema\\\/logo\\\/image\\\/\",\"url\":\"https:\\\/\\\/www.meydan.tv\\\/wp-content\\\/uploads\\\/2021\\\/07\\\/meydan-logo.svg\",\"contentUrl\":\"https:\\\/\\\/www.meydan.tv\\\/wp-content\\\/uploads\\\/2021\\\/07\\\/meydan-logo.svg\",\"width\":195,\"height\":46,\"caption\":\"Meydan TV\"},\"image\":{\"@id\":\"https:\\\/\\\/www.meydan.tv\\\/az\\\/#\\\/schema\\\/logo\\\/image\\\/\"}},{\"@type\":\"Person\",\"@id\":\"https:\\\/\\\/www.meydan.tv\\\/az\\\/#\\\/schema\\\/person\\\/9cdbecf90d17180ce1dfbd95b08dcf47\",\"name\":\"elli\",\"sameAs\":[\"https:\\\/\\\/x.com\\\/elli\"]}]}<\/script>\n<!-- \/ Yoast SEO plugin. -->","yoast_head_json":{"title":"Amank\u0259ndlil\u0259r yolsuzluqdan, b\u0259l\u0259diyy\u0259 is\u0259 onlar\u0131n vergi \u00f6d\u0259m\u0259m\u0259sind\u0259n naraz\u0131d\u0131r - MEYDAN.TV","robots":{"index":"index","follow":"follow","max-snippet":"max-snippet:-1","max-image-preview":"max-image-preview:large","max-video-preview":"max-video-preview:-1"},"canonical":"https:\/\/www.meydan.tv\/az\/article\/amankendliler-yolsuzluqdan-belediyye-onlarin-vergi-odememesinden-narazidir\/","og_locale":"az_AZ","og_type":"article","og_title":"Amank\u0259ndlil\u0259r yolsuzluqdan, b\u0259l\u0259diyy\u0259 is\u0259 onlar\u0131n vergi \u00f6d\u0259m\u0259m\u0259sind\u0259n naraz\u0131d\u0131r - MEYDAN.TV","og_description":"\u201cB\u0259z\u0259n v\u0259ziyy\u0259t o h\u0259dd\u0259 \u00e7at\u0131r ki, yollara g\u00f6r\u0259 u\u015faqlar\u0131 m\u0259kt\u0259b\u0259 ... Davam\u0131","og_url":"https:\/\/www.meydan.tv\/az\/article\/amankendliler-yolsuzluqdan-belediyye-onlarin-vergi-odememesinden-narazidir\/","og_site_name":"MEYDAN.TV","article_published_time":"2023-12-25T11:05:07+00:00","article_modified_time":"2023-12-25T11:05:12+00:00","og_image":[{"width":1500,"height":844,"url":"https:\/\/www.meydan.tv\/wp-content\/uploads\/1148c72c-2aa2-4c3b-8292-8b57ab0b371e.jpg","type":"image\/jpeg"}],"author":"elli","twitter_card":"summary_large_image","twitter_creator":"@elli","schema":{"@context":"https:\/\/schema.org","@graph":[{"@type":"Article","@id":"https:\/\/www.meydan.tv\/az\/article\/amankendliler-yolsuzluqdan-belediyye-onlarin-vergi-odememesinden-narazidir\/#article","isPartOf":{"@id":"https:\/\/www.meydan.tv\/az\/article\/amankendliler-yolsuzluqdan-belediyye-onlarin-vergi-odememesinden-narazidir\/"},"author":{"name":"elli","@id":"https:\/\/www.meydan.tv\/az\/#\/schema\/person\/9cdbecf90d17180ce1dfbd95b08dcf47"},"headline":"Amank\u0259ndlil\u0259r yolsuzluqdan, b\u0259l\u0259diyy\u0259 is\u0259 onlar\u0131n vergi \u00f6d\u0259m\u0259m\u0259sind\u0259n naraz\u0131d\u0131r","datePublished":"2023-12-25T11:05:07+00:00","dateModified":"2023-12-25T11:05:12+00:00","mainEntityOfPage":{"@id":"https:\/\/www.meydan.tv\/az\/article\/amankendliler-yolsuzluqdan-belediyye-onlarin-vergi-odememesinden-narazidir\/"},"wordCount":534,"publisher":{"@id":"https:\/\/www.meydan.tv\/az\/#organization"},"image":{"@id":"https:\/\/www.meydan.tv\/az\/article\/amankendliler-yolsuzluqdan-belediyye-onlarin-vergi-odememesinden-narazidir\/#primaryimage"},"thumbnailUrl":"https:\/\/www.meydan.tv\/wp-content\/uploads\/1148c72c-2aa2-4c3b-8292-8b57ab0b371e.jpg","articleSection":["B\u00f6lg\u0259","X\u0259b\u0259rl\u0259r"],"inLanguage":"az"},{"@type":"WebPage","@id":"https:\/\/www.meydan.tv\/az\/article\/amankendliler-yolsuzluqdan-belediyye-onlarin-vergi-odememesinden-narazidir\/","url":"https:\/\/www.meydan.tv\/az\/article\/amankendliler-yolsuzluqdan-belediyye-onlarin-vergi-odememesinden-narazidir\/","name":"Amank\u0259ndlil\u0259r yolsuzluqdan, b\u0259l\u0259diyy\u0259 is\u0259 onlar\u0131n vergi \u00f6d\u0259m\u0259m\u0259sind\u0259n naraz\u0131d\u0131r - MEYDAN.TV","isPartOf":{"@id":"https:\/\/www.meydan.tv\/az\/#website"},"primaryImageOfPage":{"@id":"https:\/\/www.meydan.tv\/az\/article\/amankendliler-yolsuzluqdan-belediyye-onlarin-vergi-odememesinden-narazidir\/#primaryimage"},"image":{"@id":"https:\/\/www.meydan.tv\/az\/article\/amankendliler-yolsuzluqdan-belediyye-onlarin-vergi-odememesinden-narazidir\/#primaryimage"},"thumbnailUrl":"https:\/\/www.meydan.tv\/wp-content\/uploads\/1148c72c-2aa2-4c3b-8292-8b57ab0b371e.jpg","datePublished":"2023-12-25T11:05:07+00:00","dateModified":"2023-12-25T11:05:12+00:00","breadcrumb":{"@id":"https:\/\/www.meydan.tv\/az\/article\/amankendliler-yolsuzluqdan-belediyye-onlarin-vergi-odememesinden-narazidir\/#breadcrumb"},"inLanguage":"az","potentialAction":[{"@type":"ReadAction","target":["https:\/\/www.meydan.tv\/az\/article\/amankendliler-yolsuzluqdan-belediyye-onlarin-vergi-odememesinden-narazidir\/"]}]},{"@type":"ImageObject","inLanguage":"az","@id":"https:\/\/www.meydan.tv\/az\/article\/amankendliler-yolsuzluqdan-belediyye-onlarin-vergi-odememesinden-narazidir\/#primaryimage","url":"https:\/\/www.meydan.tv\/wp-content\/uploads\/1148c72c-2aa2-4c3b-8292-8b57ab0b371e.jpg","contentUrl":"https:\/\/www.meydan.tv\/wp-content\/uploads\/1148c72c-2aa2-4c3b-8292-8b57ab0b371e.jpg","width":1500,"height":844,"caption":"Fotolar: Meydan TV"},{"@type":"BreadcrumbList","@id":"https:\/\/www.meydan.tv\/az\/article\/amankendliler-yolsuzluqdan-belediyye-onlarin-vergi-odememesinden-narazidir\/#breadcrumb","itemListElement":[{"@type":"ListItem","position":1,"name":"Ana s\u0259hif\u0259","item":"https:\/\/www.meydan.tv\/az\/"},{"@type":"ListItem","position":2,"name":"B\u00f6lg\u0259","item":"https:\/\/www.meydan.tv\/az\/section\/bolge\/"},{"@type":"ListItem","position":3,"name":"Amank\u0259ndlil\u0259r yolsuzluqdan, b\u0259l\u0259diyy\u0259 is\u0259 onlar\u0131n vergi \u00f6d\u0259m\u0259m\u0259sind\u0259n naraz\u0131d\u0131r"}]},{"@type":"WebSite","@id":"https:\/\/www.meydan.tv\/az\/#website","url":"https:\/\/www.meydan.tv\/az\/","name":"MEYDAN.TV","description":"Meydan TV Az\u0259rbaycan\u0131n media m\u0259kan\u0131ndak\u0131 alternativ s\u0259sidir","publisher":{"@id":"https:\/\/www.meydan.tv\/az\/#organization"},"potentialAction":[{"@type":"SearchAction","target":{"@type":"EntryPoint","urlTemplate":"https:\/\/www.meydan.tv\/az\/?s={search_term_string}"},"query-input":{"@type":"PropertyValueSpecification","valueRequired":true,"valueName":"search_term_string"}}],"inLanguage":"az"},{"@type":"Organization","@id":"https:\/\/www.meydan.tv\/az\/#organization","name":"Meydan TV","url":"https:\/\/www.meydan.tv\/az\/","logo":{"@type":"ImageObject","inLanguage":"az","@id":"https:\/\/www.meydan.tv\/az\/#\/schema\/logo\/image\/","url":"https:\/\/www.meydan.tv\/wp-content\/uploads\/2021\/07\/meydan-logo.svg","contentUrl":"https:\/\/www.meydan.tv\/wp-content\/uploads\/2021\/07\/meydan-logo.svg","width":195,"height":46,"caption":"Meydan TV"},"image":{"@id":"https:\/\/www.meydan.tv\/az\/#\/schema\/logo\/image\/"}},{"@type":"Person","@id":"https:\/\/www.meydan.tv\/az\/#\/schema\/person\/9cdbecf90d17180ce1dfbd95b08dcf47","name":"elli","sameAs":["https:\/\/x.com\/elli"]}]}},"_links":{"self":[{"href":"https:\/\/www.meydan.tv\/az\/wp-json\/wp\/v2\/posts\/293930","targetHints":{"allow":["GET"]}}],"collection":[{"href":"https:\/\/www.meydan.tv\/az\/wp-json\/wp\/v2\/posts"}],"about":[{"href":"https:\/\/www.meydan.tv\/az\/wp-json\/wp\/v2\/types\/post"}],"author":[{"embeddable":true,"href":"https:\/\/www.meydan.tv\/az\/wp-json\/wp\/v2\/users\/8"}],"replies":[{"embeddable":true,"href":"https:\/\/www.meydan.tv\/az\/wp-json\/wp\/v2\/comments?post=293930"}],"version-history":[{"count":3,"href":"https:\/\/www.meydan.tv\/az\/wp-json\/wp\/v2\/posts\/293930\/revisions"}],"predecessor-version":[{"id":293935,"href":"https:\/\/www.meydan.tv\/az\/wp-json\/wp\/v2\/posts\/293930\/revisions\/293935"}],"wp:featuredmedia":[{"embeddable":true,"href":"https:\/\/www.meydan.tv\/az\/wp-json\/wp\/v2\/media\/293927"}],"wp:attachment":[{"href":"https:\/\/www.meydan.tv\/az\/wp-json\/wp\/v2\/media?parent=293930"}],"wp:term":[{"taxonomy":"category","embeddable":true,"href":"https:\/\/www.meydan.tv\/az\/wp-json\/wp\/v2\/categories?post=293930"},{"taxonomy":"post_tag","embeddable":true,"href":"https:\/\/www.meydan.tv\/az\/wp-json\/wp\/v2\/tags?post=293930"}],"curies":[{"name":"wp","href":"https:\/\/api.w.org\/{rel}","templated":true}]}}