{"id":293922,"date":"2023-12-25T14:13:33","date_gmt":"2023-12-25T10:13:33","guid":{"rendered":"https:\/\/www.meydan.tv\/?p=293922"},"modified":"2023-12-25T14:13:40","modified_gmt":"2023-12-25T10:13:40","slug":"lenkeranda-valideynler-usaqlarinin-qezali-mektebde-oxumasindan-narahatdir","status":"publish","type":"post","link":"https:\/\/www.meydan.tv\/az\/article\/lenkeranda-valideynler-usaqlarinin-qezali-mektebde-oxumasindan-narahatdir\/","title":{"rendered":"L\u0259nk\u0259randa valideynl\u0259r u\u015faqlar\u0131n\u0131n q\u0259zal\u0131 m\u0259kt\u0259bd\u0259 oxumas\u0131ndan narahatd\u0131r"},"content":{"rendered":"\n<p><\/p>\n\n\n\n<p><strong><em>\u201cBirc\u0259 d\u0259f\u0259 m\u0259kt\u0259b\u0259 ba\u015f \u00e7\u0259kib, soyuq otaqlarda otursunlar, baxaq g\u00f6r\u0259k ne\u00e7\u0259 d\u0259qiq\u0259 d\u00f6z\u0259 bil\u0259rl\u0259r\u201d<\/em><\/strong><\/p>\n\n\n\n<p>\u201cH\u0259l\u0259 havalar el\u0259 s\u0259rtl\u0259\u015fm\u0259yib, amma u\u015faqlar sinif otaqlar\u0131nda soyuqdan donurlar. Ya\u011fan ya\u011f\u0131\u015f sinif otaqlar\u0131na, d\u0259hliz\u0259 dolur\u201d.<\/p>\n\n\n\n<p>Bunu Meydan TV-y\u0259 L\u0259nk\u0259ran \u015f\u0259h\u0259r 9 sayl\u0131 m\u0259kt\u0259bin valideynl\u0259ri bildiribl\u0259r.<\/p>\n\n\n\n<p>M\u0259kt\u0259b binas\u0131 q\u0259zal\u0131 v\u0259ziyy\u0259td\u0259dir, h\u0259r an u\u00e7ma ehtimal\u0131n\u0131n oldu\u011fu deyilir.<\/p>\n\n\n\n<p>Valideynl\u0259rd\u0259n T\u0259ran\u0259 \u018fliyeva s\u00f6yl\u0259yib ki, m\u0259kt\u0259bin dam\u0131 s\u0131radan \u00e7\u0131x\u0131b, p\u0259nc\u0259r\u0259l\u0259rin \u015f\u00fc\u015f\u0259l\u0259ri q\u0131r\u0131l\u0131b, divarlarda \u00e7atlar yaran\u0131b. H\u0259tta d\u00f6\u015f\u0259m\u0259 d\u0259 da\u011f\u0131l\u0131b, u\u015faqlar\u0131n aya\u011f\u0131 \u00e7alaya d\u00fc\u015f\u00fcr.<\/p>\n\n\n<div class=\"wp-block-image\">\n<figure class=\"aligncenter size-large\"><img decoding=\"async\" width=\"1148\" height=\"821\" data-src=\"https:\/\/www.meydan.tv\/wp-content\/uploads\/deca6982-0131-45e8-a3e5-e49f2a0e0909_720-1148x821.jpg\" alt=\"\" class=\"wp-image-293916 lazyload\" src=\"data:image\/svg+xml;base64,PHN2ZyB3aWR0aD0iMSIgaGVpZ2h0PSIxIiB4bWxucz0iaHR0cDovL3d3dy53My5vcmcvMjAwMC9zdmciPjwvc3ZnPg==\" style=\"--smush-placeholder-width: 1148px; --smush-placeholder-aspect-ratio: 1148\/821;\" \/><\/figure>\n<\/div>\n\n\n<p><em>\u201cM\u0259kt\u0259bd\u0259 t\u0259hsilin s\u0259viyy\u0259sind\u0259n, m\u00fc\u0259lliml\u0259rd\u0259n naraz\u0131 deyilik. Amma u\u015faq soyuqdan yaz\u0131 yaza, oxuya bilmirs\u0259, hans\u0131 t\u0259hsild\u0259n dan\u0131\u015fmaq olar? Bina s\u00f6k\u00fcl\u00fcb yerind\u0259 yenisi tikilm\u0259lidir\u201d,-<\/em>naraz\u0131 valideyn deyib.<\/p>\n\n\n\n<p>Valideynl\u0259r bildiribl\u0259r ki, \u00f6vladlar\u0131n\u0131n q\u0259zal\u0131 m\u0259kt\u0259bd\u0259 oxumas\u0131n\u0131 arzulam\u0131rlar, amma yol v\u0259 vaxt itkisi s\u0259b\u0259bind\u0259n m\u0259kt\u0259bi d\u0259yi\u015f\u0259 d\u0259 bilmirl\u0259r.<\/p>\n\n\n\n<p>Valideynl\u0259rd\u0259n biri dan\u0131\u015f\u0131b ki, d\u0259f\u0259l\u0259rl\u0259 Elm v\u0259 T\u0259hsil Nazirliyin\u0259 m\u00fcraci\u0259t edibl\u0259r, bir ne\u00e7\u0259 ildir ara-s\u0131ra \u00f6lk\u0259 m\u0259tbuat\u0131na da \u015fikay\u0259tl\u0259nirl\u0259r. H\u0259r \u015fikay\u0259td\u0259n sonra m\u0259kt\u0259bin t\u0259mirinin siyah\u0131ya sal\u0131nd\u0131\u011f\u0131n\u0131, il \u0259rzind\u0259 h\u0259yata ke\u00e7iril\u0259c\u0259yini e\u015fidirl\u0259r. \u0130ll\u0259r bir-birini \u0259v\u0259z edir, amma m\u0259kt\u0259b t\u0259mir olunmur:<\/p>\n\n\n<div class=\"wp-block-image\">\n<figure class=\"aligncenter size-large\"><img decoding=\"async\" width=\"1095\" height=\"821\" data-src=\"https:\/\/www.meydan.tv\/wp-content\/uploads\/413838878_988276383094944_6372682850924845706_n-1095x821.jpg\" alt=\"\" class=\"wp-image-293919 lazyload\" src=\"data:image\/svg+xml;base64,PHN2ZyB3aWR0aD0iMSIgaGVpZ2h0PSIxIiB4bWxucz0iaHR0cDovL3d3dy53My5vcmcvMjAwMC9zdmciPjwvc3ZnPg==\" style=\"--smush-placeholder-width: 1095px; --smush-placeholder-aspect-ratio: 1095\/821;\" \/><\/figure>\n<\/div>\n\n\n<p><em>\u201cBirc\u0259 d\u0259f\u0259 m\u0259kt\u0259b\u0259 ba\u015f \u00e7\u0259kib, soyuq otaqlarda otursunlar, baxaq g\u00f6r\u0259k ne\u00e7\u0259 d\u0259qiq\u0259 d\u00f6z\u0259 bil\u0259rl\u0259r. Biz u\u015faqlar\u0131m\u0131z\u0131 t\u0259hsil \u00fc\u00e7\u00fcn m\u0259kt\u0259b\u0259 g\u00f6nd\u0259ririk, amma h\u0259yatlar\u0131 \u00fc\u00e7\u00fcn nigaran\u0131q. P\u0259nc\u0259r\u0259l\u0259r sellofan torbalarla \u00f6rt\u00fcl\u00fcb, d\u00f6\u015f\u0259m\u0259nin taxtas\u0131 \u00e7\u00fcr\u00fcy\u00fcb. Bu v\u0259ziyy\u0259ti u\u015faqlara nec\u0259 r\u0259va bilirl\u0259r?\u201d.<\/em><\/p>\n\n\n\n<p>L\u0259nk\u0259ran-Astara Regional T\u0259hsil \u0130dar\u0259sind\u0259n bildiribl\u0259r ki, m\u0259kt\u0259bin t\u0259miri n\u0259z\u0259rd\u0259 tutulub. <\/p>\n\n\n\n<p>Lakin konkret vaxt a\u00e7\u0131qlanmay\u0131b. \u0130dar\u0259nin \u0259m\u0259kda\u015f\u0131 bir az sonra m\u00fcraci\u0259t etm\u0259yi t\u00f6vsiy\u0259 ets\u0259 d\u0259, sonradan telefonlara cavab verilm\u0259yib. L\u0259nk\u0259ran Rayon \u0130cra Hakimiyy\u0259tind\u0259n is\u0259 m\u0259kt\u0259bin t\u0259miri \u00fc\u00e7\u00fcn aidiyyat\u0131 qurumlara m\u00fcraci\u0259t edildiyini deyibl\u0259r.<\/p>\n","protected":false},"excerpt":{"rendered":"<p>\u201cBirc\u0259 d\u0259f\u0259 m\u0259kt\u0259b\u0259 ba\u015f \u00e7\u0259kib, soyuq otaqlarda otursunlar, baxaq g\u00f6r\u0259k &#8230; <\/p>\n<p class=\"read-more-container\"><a title=\"L\u0259nk\u0259randa valideynl\u0259r u\u015faqlar\u0131n\u0131n q\u0259zal\u0131 m\u0259kt\u0259bd\u0259 oxumas\u0131ndan narahatd\u0131r\" class=\"read-more button\" href=\"https:\/\/www.meydan.tv\/az\/article\/lenkeranda-valideynler-usaqlarinin-qezali-mektebde-oxumasindan-narahatdir\/#more-293922\" aria-label=\"Read more about L\u0259nk\u0259randa valideynl\u0259r u\u015faqlar\u0131n\u0131n q\u0259zal\u0131 m\u0259kt\u0259bd\u0259 oxumas\u0131ndan narahatd\u0131r\">Davam\u0131<\/a><\/p>\n","protected":false},"author":8,"featured_media":293913,"comment_status":"closed","ping_status":"closed","sticky":false,"template":"","format":"standard","meta":{"_acf_changed":false,"_sitemap_exclude":false,"_sitemap_priority":"","_sitemap_frequency":"","footnotes":""},"categories":[60,79,56],"tags":[],"class_list":["post-293922","post","type-post","status-publish","format-standard","has-post-thumbnail","hentry","category-bolge","category-featured","category-xeberler","infinite-scroll-item","generate-columns","tablet-grid-50","mobile-grid-100","grid-parent","grid-33","no-featured-image-padding"],"acf":[],"yoast_head":"<!-- This site is optimized with the Yoast SEO plugin v27.4 - https:\/\/yoast.com\/product\/yoast-seo-wordpress\/ -->\n<title>L\u0259nk\u0259randa valideynl\u0259r u\u015faqlar\u0131n\u0131n q\u0259zal\u0131 m\u0259kt\u0259bd\u0259 oxumas\u0131ndan narahatd\u0131r - MEYDAN.TV<\/title>\n<meta name=\"robots\" content=\"index, follow, max-snippet:-1, max-image-preview:large, max-video-preview:-1\" \/>\n<link rel=\"canonical\" href=\"https:\/\/www.meydan.tv\/az\/article\/lenkeranda-valideynler-usaqlarinin-qezali-mektebde-oxumasindan-narahatdir\/\" \/>\n<meta property=\"og:locale\" content=\"az_AZ\" \/>\n<meta property=\"og:type\" content=\"article\" \/>\n<meta property=\"og:title\" content=\"L\u0259nk\u0259randa valideynl\u0259r u\u015faqlar\u0131n\u0131n q\u0259zal\u0131 m\u0259kt\u0259bd\u0259 oxumas\u0131ndan narahatd\u0131r - MEYDAN.TV\" \/>\n<meta property=\"og:description\" content=\"\u201cBirc\u0259 d\u0259f\u0259 m\u0259kt\u0259b\u0259 ba\u015f \u00e7\u0259kib, soyuq otaqlarda otursunlar, baxaq g\u00f6r\u0259k ... Davam\u0131\" \/>\n<meta property=\"og:url\" content=\"https:\/\/www.meydan.tv\/az\/article\/lenkeranda-valideynler-usaqlarinin-qezali-mektebde-oxumasindan-narahatdir\/\" \/>\n<meta property=\"og:site_name\" content=\"MEYDAN.TV\" \/>\n<meta property=\"article:published_time\" content=\"2023-12-25T10:13:33+00:00\" \/>\n<meta property=\"article:modified_time\" content=\"2023-12-25T10:13:40+00:00\" \/>\n<meta property=\"og:image\" content=\"https:\/\/www.meydan.tv\/wp-content\/uploads\/67c1b27d-182e-4540-bc63-cb84828e9744.jpg\" \/>\n\t<meta property=\"og:image:width\" content=\"1200\" \/>\n\t<meta property=\"og:image:height\" content=\"885\" \/>\n\t<meta property=\"og:image:type\" content=\"image\/jpeg\" \/>\n<meta name=\"author\" content=\"elli\" \/>\n<meta name=\"twitter:card\" content=\"summary_large_image\" \/>\n<meta name=\"twitter:creator\" content=\"@elli\" \/>\n<script type=\"application\/ld+json\" class=\"yoast-schema-graph\">{\"@context\":\"https:\\\/\\\/schema.org\",\"@graph\":[{\"@type\":\"Article\",\"@id\":\"https:\\\/\\\/www.meydan.tv\\\/az\\\/article\\\/lenkeranda-valideynler-usaqlarinin-qezali-mektebde-oxumasindan-narahatdir\\\/#article\",\"isPartOf\":{\"@id\":\"https:\\\/\\\/www.meydan.tv\\\/az\\\/article\\\/lenkeranda-valideynler-usaqlarinin-qezali-mektebde-oxumasindan-narahatdir\\\/\"},\"author\":{\"name\":\"elli\",\"@id\":\"https:\\\/\\\/www.meydan.tv\\\/az\\\/#\\\/schema\\\/person\\\/9cdbecf90d17180ce1dfbd95b08dcf47\"},\"headline\":\"L\u0259nk\u0259randa valideynl\u0259r u\u015faqlar\u0131n\u0131n q\u0259zal\u0131 m\u0259kt\u0259bd\u0259 oxumas\u0131ndan narahatd\u0131r\",\"datePublished\":\"2023-12-25T10:13:33+00:00\",\"dateModified\":\"2023-12-25T10:13:40+00:00\",\"mainEntityOfPage\":{\"@id\":\"https:\\\/\\\/www.meydan.tv\\\/az\\\/article\\\/lenkeranda-valideynler-usaqlarinin-qezali-mektebde-oxumasindan-narahatdir\\\/\"},\"wordCount\":444,\"publisher\":{\"@id\":\"https:\\\/\\\/www.meydan.tv\\\/az\\\/#organization\"},\"image\":{\"@id\":\"https:\\\/\\\/www.meydan.tv\\\/az\\\/article\\\/lenkeranda-valideynler-usaqlarinin-qezali-mektebde-oxumasindan-narahatdir\\\/#primaryimage\"},\"thumbnailUrl\":\"https:\\\/\\\/www.meydan.tv\\\/wp-content\\\/uploads\\\/67c1b27d-182e-4540-bc63-cb84828e9744.jpg\",\"articleSection\":[\"B\u00f6lg\u0259\",\"T\u00f6vsiy\u0259\",\"X\u0259b\u0259rl\u0259r\"],\"inLanguage\":\"az\"},{\"@type\":\"WebPage\",\"@id\":\"https:\\\/\\\/www.meydan.tv\\\/az\\\/article\\\/lenkeranda-valideynler-usaqlarinin-qezali-mektebde-oxumasindan-narahatdir\\\/\",\"url\":\"https:\\\/\\\/www.meydan.tv\\\/az\\\/article\\\/lenkeranda-valideynler-usaqlarinin-qezali-mektebde-oxumasindan-narahatdir\\\/\",\"name\":\"L\u0259nk\u0259randa valideynl\u0259r u\u015faqlar\u0131n\u0131n q\u0259zal\u0131 m\u0259kt\u0259bd\u0259 oxumas\u0131ndan narahatd\u0131r - MEYDAN.TV\",\"isPartOf\":{\"@id\":\"https:\\\/\\\/www.meydan.tv\\\/az\\\/#website\"},\"primaryImageOfPage\":{\"@id\":\"https:\\\/\\\/www.meydan.tv\\\/az\\\/article\\\/lenkeranda-valideynler-usaqlarinin-qezali-mektebde-oxumasindan-narahatdir\\\/#primaryimage\"},\"image\":{\"@id\":\"https:\\\/\\\/www.meydan.tv\\\/az\\\/article\\\/lenkeranda-valideynler-usaqlarinin-qezali-mektebde-oxumasindan-narahatdir\\\/#primaryimage\"},\"thumbnailUrl\":\"https:\\\/\\\/www.meydan.tv\\\/wp-content\\\/uploads\\\/67c1b27d-182e-4540-bc63-cb84828e9744.jpg\",\"datePublished\":\"2023-12-25T10:13:33+00:00\",\"dateModified\":\"2023-12-25T10:13:40+00:00\",\"breadcrumb\":{\"@id\":\"https:\\\/\\\/www.meydan.tv\\\/az\\\/article\\\/lenkeranda-valideynler-usaqlarinin-qezali-mektebde-oxumasindan-narahatdir\\\/#breadcrumb\"},\"inLanguage\":\"az\",\"potentialAction\":[{\"@type\":\"ReadAction\",\"target\":[\"https:\\\/\\\/www.meydan.tv\\\/az\\\/article\\\/lenkeranda-valideynler-usaqlarinin-qezali-mektebde-oxumasindan-narahatdir\\\/\"]}]},{\"@type\":\"ImageObject\",\"inLanguage\":\"az\",\"@id\":\"https:\\\/\\\/www.meydan.tv\\\/az\\\/article\\\/lenkeranda-valideynler-usaqlarinin-qezali-mektebde-oxumasindan-narahatdir\\\/#primaryimage\",\"url\":\"https:\\\/\\\/www.meydan.tv\\\/wp-content\\\/uploads\\\/67c1b27d-182e-4540-bc63-cb84828e9744.jpg\",\"contentUrl\":\"https:\\\/\\\/www.meydan.tv\\\/wp-content\\\/uploads\\\/67c1b27d-182e-4540-bc63-cb84828e9744.jpg\",\"width\":1200,\"height\":885,\"caption\":\"Fotolar: Meydan TV\"},{\"@type\":\"BreadcrumbList\",\"@id\":\"https:\\\/\\\/www.meydan.tv\\\/az\\\/article\\\/lenkeranda-valideynler-usaqlarinin-qezali-mektebde-oxumasindan-narahatdir\\\/#breadcrumb\",\"itemListElement\":[{\"@type\":\"ListItem\",\"position\":1,\"name\":\"Ana s\u0259hif\u0259\",\"item\":\"https:\\\/\\\/www.meydan.tv\\\/az\\\/\"},{\"@type\":\"ListItem\",\"position\":2,\"name\":\"B\u00f6lg\u0259\",\"item\":\"https:\\\/\\\/www.meydan.tv\\\/az\\\/section\\\/bolge\\\/\"},{\"@type\":\"ListItem\",\"position\":3,\"name\":\"L\u0259nk\u0259randa valideynl\u0259r u\u015faqlar\u0131n\u0131n q\u0259zal\u0131 m\u0259kt\u0259bd\u0259 oxumas\u0131ndan narahatd\u0131r\"}]},{\"@type\":\"WebSite\",\"@id\":\"https:\\\/\\\/www.meydan.tv\\\/az\\\/#website\",\"url\":\"https:\\\/\\\/www.meydan.tv\\\/az\\\/\",\"name\":\"MEYDAN.TV\",\"description\":\"Meydan TV Az\u0259rbaycan\u0131n media m\u0259kan\u0131ndak\u0131 alternativ s\u0259sidir\",\"publisher\":{\"@id\":\"https:\\\/\\\/www.meydan.tv\\\/az\\\/#organization\"},\"potentialAction\":[{\"@type\":\"SearchAction\",\"target\":{\"@type\":\"EntryPoint\",\"urlTemplate\":\"https:\\\/\\\/www.meydan.tv\\\/az\\\/?s={search_term_string}\"},\"query-input\":{\"@type\":\"PropertyValueSpecification\",\"valueRequired\":true,\"valueName\":\"search_term_string\"}}],\"inLanguage\":\"az\"},{\"@type\":\"Organization\",\"@id\":\"https:\\\/\\\/www.meydan.tv\\\/az\\\/#organization\",\"name\":\"Meydan TV\",\"url\":\"https:\\\/\\\/www.meydan.tv\\\/az\\\/\",\"logo\":{\"@type\":\"ImageObject\",\"inLanguage\":\"az\",\"@id\":\"https:\\\/\\\/www.meydan.tv\\\/az\\\/#\\\/schema\\\/logo\\\/image\\\/\",\"url\":\"https:\\\/\\\/www.meydan.tv\\\/wp-content\\\/uploads\\\/2021\\\/07\\\/meydan-logo.svg\",\"contentUrl\":\"https:\\\/\\\/www.meydan.tv\\\/wp-content\\\/uploads\\\/2021\\\/07\\\/meydan-logo.svg\",\"width\":195,\"height\":46,\"caption\":\"Meydan TV\"},\"image\":{\"@id\":\"https:\\\/\\\/www.meydan.tv\\\/az\\\/#\\\/schema\\\/logo\\\/image\\\/\"}},{\"@type\":\"Person\",\"@id\":\"https:\\\/\\\/www.meydan.tv\\\/az\\\/#\\\/schema\\\/person\\\/9cdbecf90d17180ce1dfbd95b08dcf47\",\"name\":\"elli\",\"sameAs\":[\"https:\\\/\\\/x.com\\\/elli\"]}]}<\/script>\n<!-- \/ Yoast SEO plugin. -->","yoast_head_json":{"title":"L\u0259nk\u0259randa valideynl\u0259r u\u015faqlar\u0131n\u0131n q\u0259zal\u0131 m\u0259kt\u0259bd\u0259 oxumas\u0131ndan narahatd\u0131r - MEYDAN.TV","robots":{"index":"index","follow":"follow","max-snippet":"max-snippet:-1","max-image-preview":"max-image-preview:large","max-video-preview":"max-video-preview:-1"},"canonical":"https:\/\/www.meydan.tv\/az\/article\/lenkeranda-valideynler-usaqlarinin-qezali-mektebde-oxumasindan-narahatdir\/","og_locale":"az_AZ","og_type":"article","og_title":"L\u0259nk\u0259randa valideynl\u0259r u\u015faqlar\u0131n\u0131n q\u0259zal\u0131 m\u0259kt\u0259bd\u0259 oxumas\u0131ndan narahatd\u0131r - MEYDAN.TV","og_description":"\u201cBirc\u0259 d\u0259f\u0259 m\u0259kt\u0259b\u0259 ba\u015f \u00e7\u0259kib, soyuq otaqlarda otursunlar, baxaq g\u00f6r\u0259k ... Davam\u0131","og_url":"https:\/\/www.meydan.tv\/az\/article\/lenkeranda-valideynler-usaqlarinin-qezali-mektebde-oxumasindan-narahatdir\/","og_site_name":"MEYDAN.TV","article_published_time":"2023-12-25T10:13:33+00:00","article_modified_time":"2023-12-25T10:13:40+00:00","og_image":[{"width":1200,"height":885,"url":"https:\/\/www.meydan.tv\/wp-content\/uploads\/67c1b27d-182e-4540-bc63-cb84828e9744.jpg","type":"image\/jpeg"}],"author":"elli","twitter_card":"summary_large_image","twitter_creator":"@elli","schema":{"@context":"https:\/\/schema.org","@graph":[{"@type":"Article","@id":"https:\/\/www.meydan.tv\/az\/article\/lenkeranda-valideynler-usaqlarinin-qezali-mektebde-oxumasindan-narahatdir\/#article","isPartOf":{"@id":"https:\/\/www.meydan.tv\/az\/article\/lenkeranda-valideynler-usaqlarinin-qezali-mektebde-oxumasindan-narahatdir\/"},"author":{"name":"elli","@id":"https:\/\/www.meydan.tv\/az\/#\/schema\/person\/9cdbecf90d17180ce1dfbd95b08dcf47"},"headline":"L\u0259nk\u0259randa valideynl\u0259r u\u015faqlar\u0131n\u0131n q\u0259zal\u0131 m\u0259kt\u0259bd\u0259 oxumas\u0131ndan narahatd\u0131r","datePublished":"2023-12-25T10:13:33+00:00","dateModified":"2023-12-25T10:13:40+00:00","mainEntityOfPage":{"@id":"https:\/\/www.meydan.tv\/az\/article\/lenkeranda-valideynler-usaqlarinin-qezali-mektebde-oxumasindan-narahatdir\/"},"wordCount":444,"publisher":{"@id":"https:\/\/www.meydan.tv\/az\/#organization"},"image":{"@id":"https:\/\/www.meydan.tv\/az\/article\/lenkeranda-valideynler-usaqlarinin-qezali-mektebde-oxumasindan-narahatdir\/#primaryimage"},"thumbnailUrl":"https:\/\/www.meydan.tv\/wp-content\/uploads\/67c1b27d-182e-4540-bc63-cb84828e9744.jpg","articleSection":["B\u00f6lg\u0259","T\u00f6vsiy\u0259","X\u0259b\u0259rl\u0259r"],"inLanguage":"az"},{"@type":"WebPage","@id":"https:\/\/www.meydan.tv\/az\/article\/lenkeranda-valideynler-usaqlarinin-qezali-mektebde-oxumasindan-narahatdir\/","url":"https:\/\/www.meydan.tv\/az\/article\/lenkeranda-valideynler-usaqlarinin-qezali-mektebde-oxumasindan-narahatdir\/","name":"L\u0259nk\u0259randa valideynl\u0259r u\u015faqlar\u0131n\u0131n q\u0259zal\u0131 m\u0259kt\u0259bd\u0259 oxumas\u0131ndan narahatd\u0131r - MEYDAN.TV","isPartOf":{"@id":"https:\/\/www.meydan.tv\/az\/#website"},"primaryImageOfPage":{"@id":"https:\/\/www.meydan.tv\/az\/article\/lenkeranda-valideynler-usaqlarinin-qezali-mektebde-oxumasindan-narahatdir\/#primaryimage"},"image":{"@id":"https:\/\/www.meydan.tv\/az\/article\/lenkeranda-valideynler-usaqlarinin-qezali-mektebde-oxumasindan-narahatdir\/#primaryimage"},"thumbnailUrl":"https:\/\/www.meydan.tv\/wp-content\/uploads\/67c1b27d-182e-4540-bc63-cb84828e9744.jpg","datePublished":"2023-12-25T10:13:33+00:00","dateModified":"2023-12-25T10:13:40+00:00","breadcrumb":{"@id":"https:\/\/www.meydan.tv\/az\/article\/lenkeranda-valideynler-usaqlarinin-qezali-mektebde-oxumasindan-narahatdir\/#breadcrumb"},"inLanguage":"az","potentialAction":[{"@type":"ReadAction","target":["https:\/\/www.meydan.tv\/az\/article\/lenkeranda-valideynler-usaqlarinin-qezali-mektebde-oxumasindan-narahatdir\/"]}]},{"@type":"ImageObject","inLanguage":"az","@id":"https:\/\/www.meydan.tv\/az\/article\/lenkeranda-valideynler-usaqlarinin-qezali-mektebde-oxumasindan-narahatdir\/#primaryimage","url":"https:\/\/www.meydan.tv\/wp-content\/uploads\/67c1b27d-182e-4540-bc63-cb84828e9744.jpg","contentUrl":"https:\/\/www.meydan.tv\/wp-content\/uploads\/67c1b27d-182e-4540-bc63-cb84828e9744.jpg","width":1200,"height":885,"caption":"Fotolar: Meydan TV"},{"@type":"BreadcrumbList","@id":"https:\/\/www.meydan.tv\/az\/article\/lenkeranda-valideynler-usaqlarinin-qezali-mektebde-oxumasindan-narahatdir\/#breadcrumb","itemListElement":[{"@type":"ListItem","position":1,"name":"Ana s\u0259hif\u0259","item":"https:\/\/www.meydan.tv\/az\/"},{"@type":"ListItem","position":2,"name":"B\u00f6lg\u0259","item":"https:\/\/www.meydan.tv\/az\/section\/bolge\/"},{"@type":"ListItem","position":3,"name":"L\u0259nk\u0259randa valideynl\u0259r u\u015faqlar\u0131n\u0131n q\u0259zal\u0131 m\u0259kt\u0259bd\u0259 oxumas\u0131ndan narahatd\u0131r"}]},{"@type":"WebSite","@id":"https:\/\/www.meydan.tv\/az\/#website","url":"https:\/\/www.meydan.tv\/az\/","name":"MEYDAN.TV","description":"Meydan TV Az\u0259rbaycan\u0131n media m\u0259kan\u0131ndak\u0131 alternativ s\u0259sidir","publisher":{"@id":"https:\/\/www.meydan.tv\/az\/#organization"},"potentialAction":[{"@type":"SearchAction","target":{"@type":"EntryPoint","urlTemplate":"https:\/\/www.meydan.tv\/az\/?s={search_term_string}"},"query-input":{"@type":"PropertyValueSpecification","valueRequired":true,"valueName":"search_term_string"}}],"inLanguage":"az"},{"@type":"Organization","@id":"https:\/\/www.meydan.tv\/az\/#organization","name":"Meydan TV","url":"https:\/\/www.meydan.tv\/az\/","logo":{"@type":"ImageObject","inLanguage":"az","@id":"https:\/\/www.meydan.tv\/az\/#\/schema\/logo\/image\/","url":"https:\/\/www.meydan.tv\/wp-content\/uploads\/2021\/07\/meydan-logo.svg","contentUrl":"https:\/\/www.meydan.tv\/wp-content\/uploads\/2021\/07\/meydan-logo.svg","width":195,"height":46,"caption":"Meydan TV"},"image":{"@id":"https:\/\/www.meydan.tv\/az\/#\/schema\/logo\/image\/"}},{"@type":"Person","@id":"https:\/\/www.meydan.tv\/az\/#\/schema\/person\/9cdbecf90d17180ce1dfbd95b08dcf47","name":"elli","sameAs":["https:\/\/x.com\/elli"]}]}},"_links":{"self":[{"href":"https:\/\/www.meydan.tv\/az\/wp-json\/wp\/v2\/posts\/293922","targetHints":{"allow":["GET"]}}],"collection":[{"href":"https:\/\/www.meydan.tv\/az\/wp-json\/wp\/v2\/posts"}],"about":[{"href":"https:\/\/www.meydan.tv\/az\/wp-json\/wp\/v2\/types\/post"}],"author":[{"embeddable":true,"href":"https:\/\/www.meydan.tv\/az\/wp-json\/wp\/v2\/users\/8"}],"replies":[{"embeddable":true,"href":"https:\/\/www.meydan.tv\/az\/wp-json\/wp\/v2\/comments?post=293922"}],"version-history":[{"count":1,"href":"https:\/\/www.meydan.tv\/az\/wp-json\/wp\/v2\/posts\/293922\/revisions"}],"predecessor-version":[{"id":293923,"href":"https:\/\/www.meydan.tv\/az\/wp-json\/wp\/v2\/posts\/293922\/revisions\/293923"}],"wp:featuredmedia":[{"embeddable":true,"href":"https:\/\/www.meydan.tv\/az\/wp-json\/wp\/v2\/media\/293913"}],"wp:attachment":[{"href":"https:\/\/www.meydan.tv\/az\/wp-json\/wp\/v2\/media?parent=293922"}],"wp:term":[{"taxonomy":"category","embeddable":true,"href":"https:\/\/www.meydan.tv\/az\/wp-json\/wp\/v2\/categories?post=293922"},{"taxonomy":"post_tag","embeddable":true,"href":"https:\/\/www.meydan.tv\/az\/wp-json\/wp\/v2\/tags?post=293922"}],"curies":[{"name":"wp","href":"https:\/\/api.w.org\/{rel}","templated":true}]}}