{"id":293897,"date":"2023-12-25T12:55:50","date_gmt":"2023-12-25T08:55:50","guid":{"rendered":"https:\/\/www.meydan.tv\/?p=293897"},"modified":"2023-12-25T12:55:53","modified_gmt":"2023-12-25T08:55:53","slug":"erestun-oruclu-prezidentliye-namized-olmaga-qerar-verdi","status":"publish","type":"post","link":"https:\/\/www.meydan.tv\/az\/article\/erestun-oruclu-prezidentliye-namized-olmaga-qerar-verdi\/","title":{"rendered":"\u018fr\u0259stun Oruclu prezidentliy\u0259 namiz\u0259d olma\u011fa q\u0259rar verdi"},"content":{"rendered":"\n<p><\/p>\n\n\n\n<p><strong><em>\u201c\u0130nsanlarda &#8220;se\u00e7kiy\u0259 getdin-getm\u0259din, n\u0259tic\u0259si b\u0259llidir&#8221; \u0259hval\u0131n\u0131 yaratmaq do\u011fru deyil\u201d<\/em><\/strong><\/p>\n\n\n\n<p>Siyasi ekspert \u018fr\u0259stun Oruclu 7 fevral n\u00f6vb\u0259d\u0259nk\u0259nar Prezident se\u00e7kil\u0259rind\u0259 i\u015ftirak ed\u0259c\u0259k. Bu bar\u0259d\u0259 \u018fr\u0259stun Oruclu \u00f6z\u00fc Meydan TV-y\u0259 dan\u0131\u015f\u0131b. <\/p>\n\n\n\n<p>O, boykotun \u0259leyhin\u0259 oldu\u011funu deyir v\u0259 se\u00e7icini, xalq\u0131 m\u00f6vcud hakimiyy\u0259tl\u0259 meydanda t\u0259k buraxma\u011f\u0131 q\u0259buledilm\u0259z say\u0131r:<\/p>\n\n\n\n<p>&#8220;<em>\u00dcmumiyy\u0259tl\u0259, insanlarda &#8220;se\u00e7kiy\u0259 getdin-getm\u0259din, n\u0259tic\u0259si b\u0259llidir&#8221; \u0259hval\u0131n\u0131 yaratmaq do\u011fru deyil. Bu c\u00fcr yana\u015fma se\u00e7ki \u015f\u00fcuruni insanlar\u0131n a\u011fl\u0131ndan silir. H\u0259m\u00e7inin, c\u0259miyy\u0259tin passionar hiss\u0259sini h\u0259r\u0259k\u0259t\u0259 g\u0259tirm\u0259k laz\u0131md\u0131r. \u0130ndiki namiz\u0259dl\u0259r format\u0131 c\u0259miyy\u0259ti h\u0259r\u0259k\u0259t\u0259 g\u0259tirm\u0259k g\u00fcc\u00fcnd\u0259 deyil, bir s\u0131ra hallarda da b\u0259zi namiz\u0259dl\u0259rin qar\u015f\u0131s\u0131nda el\u0259 v\u0259zif\u0259 d\u0259 dayanmay\u0131b. M\u0259hz h\u0259min bo\u015flu\u011fu aradan qald\u0131rmaq m\u0259qs\u0259di il\u0259 se\u00e7kil\u0259r\u0259 qat\u0131lmaq q\u0259rar\u0131 verdim&#8221;.<\/em>\u00a0<\/p>\n\n\n\n<p>O, 2013-c\u00fc il se\u00e7kil\u0259rind\u0259 d\u0259 namiz\u0259dliyi ir\u0259li s\u00fcrd\u00fcy\u00fcn\u00fc yada salaraq \u0259lav\u0259 edib ki, o zaman imza toplamaqla ba\u011fl\u0131 \u00e7\u0259tinlikl\u0259r oldu:<\/p>\n\n\n\n<p><em>&#8220;Bilirsiniz ki, Az\u0259rbaycan se\u00e7icil\u0259ri imza verm\u0259y\u0259 h\u0259v\u0259sli deyill\u0259r. Amma indiki \u015f\u0259raitd\u0259 i\u015fl\u0259k komanda var, o insanlar ki, m\u0259ni proses\u0259 qat\u0131lma\u011fa ruhland\u0131r\u0131blar, onlar texniki i\u015fl\u0259rin g\u00f6r\u00fclm\u0259sini d\u0259 \u00fcz\u0259rl\u0259rin\u0259 g\u00f6t\u00fcr\u00fcbl\u0259r. Al\u0131nacaqm\u0131, onu zaman g\u00f6st\u0259r\u0259c\u0259k, birm\u0259nal\u0131 \u015f\u0259kild\u0259 onu dey\u0259 bilm\u0259r\u0259m. \u0130ndid\u0259n qeydiyyata al\u0131nacaq, al\u0131nmayacaq, bu bar\u0259d\u0259 dan\u0131\u015fmaq ist\u0259mir\u0259m, n\u0259 olacaqsa, m\u0259tbuata a\u00e7\u0131qlama veril\u0259c\u0259k&#8221;.<\/em>\u00a0<\/p>\n\n\n\n<p>\u018f.Oruclu qeyd edib ki, o, &#8220;T\u0259rt\u0259r i\u015fi&#8221;nin if\u015fas\u0131nda rol oynad\u0131\u011f\u0131ndan bu m\u0259s\u0259l\u0259nin ictimai m\u00fczakir\u0259sind\u0259 b\u00f6y\u00fck k\u0259sim formala\u015f\u0131b:<\/p>\n\n\n\n<p><em>&#8220;T\u0259klif d\u0259 onlardan g\u0259ldi v\u0259 s\u00f6z verdil\u0259r ki, d\u0259st\u0259k olacaqlar. T\u0259bii ki, 2013-c\u00fc ill\u0259 m\u00fcqayis\u0259 olunmayacaq d\u0259r\u0259c\u0259d\u0259 g\u00fccl\u00fc komanda var, \u00fcmid edir\u0259m imza toplama\u011f\u0131n \u00f6hd\u0259sind\u0259n g\u0259l\u0259c\u0259yik&#8221;.<\/em><\/p>\n\n\n\n<p>2024-c\u00fc ilin fevral\u0131n 7-d\u0259 Az\u0259rbaycanda n\u00f6vb\u0259d\u0259nk\u0259nar Prezident se\u00e7kil\u0259ri ke\u00e7iril\u0259c\u0259k. \u0130lham \u018fliyev dekabr\u0131n 7-d\u0259 bununla ba\u011fl\u0131 s\u0259r\u0259ncam imzalay\u0131b.<\/p>\n\n\n\n<p>Bu g\u00fcn\u0259 q\u0259d\u0259r \u00f6lk\u0259 ba\u015f\u00e7\u0131s\u0131 <a href=\"https:\/\/storage.googleapis.com\/qurium\/www.meydan.tv\/az-article-yap-namizedini-resmen-aciqladi.html\">\u0130lham \u018fliyev<\/a>, B\u00f6y\u00fck Qurulu\u015f Partiyas\u0131n\u0131n ba\u015fqan\u0131 <a href=\"https:\/\/storage.googleapis.com\/qurium\/www.meydan.tv\/az-article-fazil-mustafa-da-prezidentliye-namized-olacaq.html\">Fazil Mustafa<\/a>, Sosial T\u0259dqiqatlar M\u0259rk\u0259zinin (STM) s\u0259dri, deputat <a href=\"https:\/\/storage.googleapis.com\/qurium\/www.meydan.tv\/az-article-zahid-oruc-da-prezidentliye-namized-olacaq.html\">Zahid Oruc,<\/a> B\u00f6y\u00fck Az\u0259rbaycan Partiyas\u0131n\u0131n s\u0259dri <a href=\"https:\/\/storage.googleapis.com\/qurium\/www.meydan.tv\/az-article-elsad-musayev-de-prezident-olmaq-isteyir.html\">El\u015fad Musayev<\/a>, B\u00fct\u00f6v Az\u0259rbaycan Xalq C\u0259bh\u0259si Partiyas\u0131n\u0131n s\u0259dri (BAXCP), deputat <a href=\"https:\/\/d9mc3ts4czbpr.cloudfront.net\/az\/article\/qudret-hesenquliyev-yene-namized-olacaq\/\">Q\u00fcdr\u0259t H\u0259s\u0259nquliyev<\/a>, Milli C\u0259bh\u0259 Partiyas\u0131n\u0131n s\u0259dri, deputat <a href=\"https:\/\/storage.googleapis.com\/qurium\/www.meydan.tv\/az-article-razi-nurullayev-de-namizedliyini-ireli-surub.html\">Razi Nurullayev<\/a>, <a href=\"https:\/\/d9mc3ts4czbpr.cloudfront.net\/az\/article\/fealiyyetini-dayandiran-partiyanin-sedri-prezidentliye-namized-olacaq\/\">Fuad \u018fliyev<\/a> v\u0259 <a href=\"https:\/\/storage.googleapis.com\/qurium\/www.meydan.tv\/az-article-yunus-oguz-bu-seckide-de-namizedliyini-ireli-surur.html\">Yunus O\u011fuz<\/a> namiz\u0259dlikl\u0259rini ir\u0259li s\u00fcr\u00fcbl\u0259r.<\/p>\n\n\n\n<p>\u00dcmid v\u0259 Haqq \u018fdal\u0259t partiyalar\u0131 se\u00e7kid\u0259 \u0130lham \u018fliyevi d\u0259st\u0259kl\u0259y\u0259c\u0259kl\u0259rini <a href=\"https:\/\/storage.googleapis.com\/qurium\/www.meydan.tv\/az-article-umid-ve-haqq-edalet-partiyalari-ilham-eliyevi-destekleyecek.html\">bildiribl\u0259r.<\/a><\/p>\n\n\n\n<p><a href=\"https:\/\/storage.googleapis.com\/qurium\/www.meydan.tv\/az-article-axcp-de-seckide-istirak-etmeyecek.html\">AXCP<\/a>, <a href=\"https:\/\/storage.googleapis.com\/qurium\/www.meydan.tv\/az-article-musavat-novbedenkenar-seckide-istirakdan-imtina-edib.html\">M\u00fcsavat<\/a> v\u0259 <a href=\"https:\/\/storage.googleapis.com\/qurium\/www.meydan.tv\/az-article-kxcp-de-seckide-istirak-etmeyecek.html\">Klassik Xalq C\u0259bh\u0259si<\/a> partiyalar\u0131 is\u0259 se\u00e7kini boykot ed\u0259c\u0259kl\u0259rini a\u00e7\u0131qlay\u0131blar.  <\/p>\n\n\n\n<p>Az\u0259rbaycanda sonuncu d\u0259f\u0259 Prezident se\u00e7kil\u0259ri 2018-ci il aprelin 11-d\u0259 ke\u00e7irilib. H\u0259min se\u00e7kil\u0259r d\u0259 n\u00f6vb\u0259d\u0259nk\u0259nar olub.<\/p>\n\n\n\n<p>\u0130lham \u018fliyev 20 ildir ki, Prezident v\u0259zif\u0259sini icra edir.<\/p>\n","protected":false},"excerpt":{"rendered":"<p>\u201c\u0130nsanlarda &#8220;se\u00e7kiy\u0259 getdin-getm\u0259din, n\u0259tic\u0259si b\u0259llidir&#8221; \u0259hval\u0131n\u0131 yaratmaq do\u011fru deyil\u201d Siyasi &#8230; <\/p>\n<p class=\"read-more-container\"><a title=\"\u018fr\u0259stun Oruclu prezidentliy\u0259 namiz\u0259d olma\u011fa q\u0259rar verdi\" class=\"read-more button\" href=\"https:\/\/www.meydan.tv\/az\/article\/erestun-oruclu-prezidentliye-namized-olmaga-qerar-verdi\/#more-293897\" aria-label=\"Read more about \u018fr\u0259stun Oruclu prezidentliy\u0259 namiz\u0259d olma\u011fa q\u0259rar verdi\">Davam\u0131<\/a><\/p>\n","protected":false},"author":8,"featured_media":293902,"comment_status":"closed","ping_status":"closed","sticky":false,"template":"","format":"standard","meta":{"_acf_changed":false,"_sitemap_exclude":false,"_sitemap_priority":"","_sitemap_frequency":"","footnotes":""},"categories":[129,59,56],"tags":[],"class_list":["post-293897","post","type-post","status-publish","format-standard","has-post-thumbnail","hentry","category-sechki-2024","category-siyaset","category-xeberler","infinite-scroll-item","generate-columns","tablet-grid-50","mobile-grid-100","grid-parent","grid-33","no-featured-image-padding"],"acf":[],"yoast_head":"<!-- This site is optimized with the Yoast SEO plugin v27.4 - https:\/\/yoast.com\/product\/yoast-seo-wordpress\/ -->\n<title>\u018fr\u0259stun Oruclu prezidentliy\u0259 namiz\u0259d olma\u011fa q\u0259rar verdi - MEYDAN.TV<\/title>\n<meta name=\"robots\" content=\"index, follow, max-snippet:-1, max-image-preview:large, max-video-preview:-1\" \/>\n<link rel=\"canonical\" href=\"https:\/\/www.meydan.tv\/az\/article\/erestun-oruclu-prezidentliye-namized-olmaga-qerar-verdi\/\" \/>\n<meta property=\"og:locale\" content=\"az_AZ\" \/>\n<meta property=\"og:type\" content=\"article\" \/>\n<meta property=\"og:title\" content=\"\u018fr\u0259stun Oruclu prezidentliy\u0259 namiz\u0259d olma\u011fa q\u0259rar verdi - MEYDAN.TV\" \/>\n<meta property=\"og:description\" content=\"\u201c\u0130nsanlarda &#8220;se\u00e7kiy\u0259 getdin-getm\u0259din, n\u0259tic\u0259si b\u0259llidir&#8221; \u0259hval\u0131n\u0131 yaratmaq do\u011fru deyil\u201d Siyasi ... Davam\u0131\" \/>\n<meta property=\"og:url\" content=\"https:\/\/www.meydan.tv\/az\/article\/erestun-oruclu-prezidentliye-namized-olmaga-qerar-verdi\/\" \/>\n<meta property=\"og:site_name\" content=\"MEYDAN.TV\" \/>\n<meta property=\"article:published_time\" content=\"2023-12-25T08:55:50+00:00\" \/>\n<meta property=\"article:modified_time\" content=\"2023-12-25T08:55:53+00:00\" \/>\n<meta property=\"og:image\" content=\"https:\/\/www.meydan.tv\/wp-content\/uploads\/arastun.jpg\" \/>\n\t<meta property=\"og:image:width\" content=\"1500\" \/>\n\t<meta property=\"og:image:height\" content=\"844\" \/>\n\t<meta property=\"og:image:type\" content=\"image\/jpeg\" \/>\n<meta name=\"author\" content=\"elli\" \/>\n<meta name=\"twitter:card\" content=\"summary_large_image\" \/>\n<meta name=\"twitter:creator\" content=\"@elli\" \/>\n<script type=\"application\/ld+json\" class=\"yoast-schema-graph\">{\"@context\":\"https:\\\/\\\/schema.org\",\"@graph\":[{\"@type\":\"Article\",\"@id\":\"https:\\\/\\\/www.meydan.tv\\\/az\\\/article\\\/erestun-oruclu-prezidentliye-namized-olmaga-qerar-verdi\\\/#article\",\"isPartOf\":{\"@id\":\"https:\\\/\\\/www.meydan.tv\\\/az\\\/article\\\/erestun-oruclu-prezidentliye-namized-olmaga-qerar-verdi\\\/\"},\"author\":{\"name\":\"elli\",\"@id\":\"https:\\\/\\\/www.meydan.tv\\\/az\\\/#\\\/schema\\\/person\\\/9cdbecf90d17180ce1dfbd95b08dcf47\"},\"headline\":\"\u018fr\u0259stun Oruclu prezidentliy\u0259 namiz\u0259d olma\u011fa q\u0259rar verdi\",\"datePublished\":\"2023-12-25T08:55:50+00:00\",\"dateModified\":\"2023-12-25T08:55:53+00:00\",\"mainEntityOfPage\":{\"@id\":\"https:\\\/\\\/www.meydan.tv\\\/az\\\/article\\\/erestun-oruclu-prezidentliye-namized-olmaga-qerar-verdi\\\/\"},\"wordCount\":598,\"publisher\":{\"@id\":\"https:\\\/\\\/www.meydan.tv\\\/az\\\/#organization\"},\"image\":{\"@id\":\"https:\\\/\\\/www.meydan.tv\\\/az\\\/article\\\/erestun-oruclu-prezidentliye-namized-olmaga-qerar-verdi\\\/#primaryimage\"},\"thumbnailUrl\":\"https:\\\/\\\/www.meydan.tv\\\/wp-content\\\/uploads\\\/arastun.jpg\",\"articleSection\":[\"Se\u00e7ki 2024\",\"Siyas\u0259t\",\"X\u0259b\u0259rl\u0259r\"],\"inLanguage\":\"az\"},{\"@type\":\"WebPage\",\"@id\":\"https:\\\/\\\/www.meydan.tv\\\/az\\\/article\\\/erestun-oruclu-prezidentliye-namized-olmaga-qerar-verdi\\\/\",\"url\":\"https:\\\/\\\/www.meydan.tv\\\/az\\\/article\\\/erestun-oruclu-prezidentliye-namized-olmaga-qerar-verdi\\\/\",\"name\":\"\u018fr\u0259stun Oruclu prezidentliy\u0259 namiz\u0259d olma\u011fa q\u0259rar verdi - MEYDAN.TV\",\"isPartOf\":{\"@id\":\"https:\\\/\\\/www.meydan.tv\\\/az\\\/#website\"},\"primaryImageOfPage\":{\"@id\":\"https:\\\/\\\/www.meydan.tv\\\/az\\\/article\\\/erestun-oruclu-prezidentliye-namized-olmaga-qerar-verdi\\\/#primaryimage\"},\"image\":{\"@id\":\"https:\\\/\\\/www.meydan.tv\\\/az\\\/article\\\/erestun-oruclu-prezidentliye-namized-olmaga-qerar-verdi\\\/#primaryimage\"},\"thumbnailUrl\":\"https:\\\/\\\/www.meydan.tv\\\/wp-content\\\/uploads\\\/arastun.jpg\",\"datePublished\":\"2023-12-25T08:55:50+00:00\",\"dateModified\":\"2023-12-25T08:55:53+00:00\",\"breadcrumb\":{\"@id\":\"https:\\\/\\\/www.meydan.tv\\\/az\\\/article\\\/erestun-oruclu-prezidentliye-namized-olmaga-qerar-verdi\\\/#breadcrumb\"},\"inLanguage\":\"az\",\"potentialAction\":[{\"@type\":\"ReadAction\",\"target\":[\"https:\\\/\\\/www.meydan.tv\\\/az\\\/article\\\/erestun-oruclu-prezidentliye-namized-olmaga-qerar-verdi\\\/\"]}]},{\"@type\":\"ImageObject\",\"inLanguage\":\"az\",\"@id\":\"https:\\\/\\\/www.meydan.tv\\\/az\\\/article\\\/erestun-oruclu-prezidentliye-namized-olmaga-qerar-verdi\\\/#primaryimage\",\"url\":\"https:\\\/\\\/www.meydan.tv\\\/wp-content\\\/uploads\\\/arastun.jpg\",\"contentUrl\":\"https:\\\/\\\/www.meydan.tv\\\/wp-content\\\/uploads\\\/arastun.jpg\",\"width\":1500,\"height\":844,\"caption\":\"\u018fr\u0259stun Oruclu. Foto: sosial \u015f\u0259b\u0259k\u0259\"},{\"@type\":\"BreadcrumbList\",\"@id\":\"https:\\\/\\\/www.meydan.tv\\\/az\\\/article\\\/erestun-oruclu-prezidentliye-namized-olmaga-qerar-verdi\\\/#breadcrumb\",\"itemListElement\":[{\"@type\":\"ListItem\",\"position\":1,\"name\":\"Ana s\u0259hif\u0259\",\"item\":\"https:\\\/\\\/www.meydan.tv\\\/az\\\/\"},{\"@type\":\"ListItem\",\"position\":2,\"name\":\"Siyas\u0259t\",\"item\":\"https:\\\/\\\/www.meydan.tv\\\/az\\\/section\\\/siyaset\\\/\"},{\"@type\":\"ListItem\",\"position\":3,\"name\":\"\u018fr\u0259stun Oruclu prezidentliy\u0259 namiz\u0259d olma\u011fa q\u0259rar verdi\"}]},{\"@type\":\"WebSite\",\"@id\":\"https:\\\/\\\/www.meydan.tv\\\/az\\\/#website\",\"url\":\"https:\\\/\\\/www.meydan.tv\\\/az\\\/\",\"name\":\"MEYDAN.TV\",\"description\":\"Meydan TV Az\u0259rbaycan\u0131n media m\u0259kan\u0131ndak\u0131 alternativ s\u0259sidir\",\"publisher\":{\"@id\":\"https:\\\/\\\/www.meydan.tv\\\/az\\\/#organization\"},\"potentialAction\":[{\"@type\":\"SearchAction\",\"target\":{\"@type\":\"EntryPoint\",\"urlTemplate\":\"https:\\\/\\\/www.meydan.tv\\\/az\\\/?s={search_term_string}\"},\"query-input\":{\"@type\":\"PropertyValueSpecification\",\"valueRequired\":true,\"valueName\":\"search_term_string\"}}],\"inLanguage\":\"az\"},{\"@type\":\"Organization\",\"@id\":\"https:\\\/\\\/www.meydan.tv\\\/az\\\/#organization\",\"name\":\"Meydan TV\",\"url\":\"https:\\\/\\\/www.meydan.tv\\\/az\\\/\",\"logo\":{\"@type\":\"ImageObject\",\"inLanguage\":\"az\",\"@id\":\"https:\\\/\\\/www.meydan.tv\\\/az\\\/#\\\/schema\\\/logo\\\/image\\\/\",\"url\":\"https:\\\/\\\/www.meydan.tv\\\/wp-content\\\/uploads\\\/2021\\\/07\\\/meydan-logo.svg\",\"contentUrl\":\"https:\\\/\\\/www.meydan.tv\\\/wp-content\\\/uploads\\\/2021\\\/07\\\/meydan-logo.svg\",\"width\":195,\"height\":46,\"caption\":\"Meydan TV\"},\"image\":{\"@id\":\"https:\\\/\\\/www.meydan.tv\\\/az\\\/#\\\/schema\\\/logo\\\/image\\\/\"}},{\"@type\":\"Person\",\"@id\":\"https:\\\/\\\/www.meydan.tv\\\/az\\\/#\\\/schema\\\/person\\\/9cdbecf90d17180ce1dfbd95b08dcf47\",\"name\":\"elli\",\"sameAs\":[\"https:\\\/\\\/x.com\\\/elli\"]}]}<\/script>\n<!-- \/ Yoast SEO plugin. -->","yoast_head_json":{"title":"\u018fr\u0259stun Oruclu prezidentliy\u0259 namiz\u0259d olma\u011fa q\u0259rar verdi - MEYDAN.TV","robots":{"index":"index","follow":"follow","max-snippet":"max-snippet:-1","max-image-preview":"max-image-preview:large","max-video-preview":"max-video-preview:-1"},"canonical":"https:\/\/www.meydan.tv\/az\/article\/erestun-oruclu-prezidentliye-namized-olmaga-qerar-verdi\/","og_locale":"az_AZ","og_type":"article","og_title":"\u018fr\u0259stun Oruclu prezidentliy\u0259 namiz\u0259d olma\u011fa q\u0259rar verdi - MEYDAN.TV","og_description":"\u201c\u0130nsanlarda &#8220;se\u00e7kiy\u0259 getdin-getm\u0259din, n\u0259tic\u0259si b\u0259llidir&#8221; \u0259hval\u0131n\u0131 yaratmaq do\u011fru deyil\u201d Siyasi ... Davam\u0131","og_url":"https:\/\/www.meydan.tv\/az\/article\/erestun-oruclu-prezidentliye-namized-olmaga-qerar-verdi\/","og_site_name":"MEYDAN.TV","article_published_time":"2023-12-25T08:55:50+00:00","article_modified_time":"2023-12-25T08:55:53+00:00","og_image":[{"width":1500,"height":844,"url":"https:\/\/www.meydan.tv\/wp-content\/uploads\/arastun.jpg","type":"image\/jpeg"}],"author":"elli","twitter_card":"summary_large_image","twitter_creator":"@elli","schema":{"@context":"https:\/\/schema.org","@graph":[{"@type":"Article","@id":"https:\/\/www.meydan.tv\/az\/article\/erestun-oruclu-prezidentliye-namized-olmaga-qerar-verdi\/#article","isPartOf":{"@id":"https:\/\/www.meydan.tv\/az\/article\/erestun-oruclu-prezidentliye-namized-olmaga-qerar-verdi\/"},"author":{"name":"elli","@id":"https:\/\/www.meydan.tv\/az\/#\/schema\/person\/9cdbecf90d17180ce1dfbd95b08dcf47"},"headline":"\u018fr\u0259stun Oruclu prezidentliy\u0259 namiz\u0259d olma\u011fa q\u0259rar verdi","datePublished":"2023-12-25T08:55:50+00:00","dateModified":"2023-12-25T08:55:53+00:00","mainEntityOfPage":{"@id":"https:\/\/www.meydan.tv\/az\/article\/erestun-oruclu-prezidentliye-namized-olmaga-qerar-verdi\/"},"wordCount":598,"publisher":{"@id":"https:\/\/www.meydan.tv\/az\/#organization"},"image":{"@id":"https:\/\/www.meydan.tv\/az\/article\/erestun-oruclu-prezidentliye-namized-olmaga-qerar-verdi\/#primaryimage"},"thumbnailUrl":"https:\/\/www.meydan.tv\/wp-content\/uploads\/arastun.jpg","articleSection":["Se\u00e7ki 2024","Siyas\u0259t","X\u0259b\u0259rl\u0259r"],"inLanguage":"az"},{"@type":"WebPage","@id":"https:\/\/www.meydan.tv\/az\/article\/erestun-oruclu-prezidentliye-namized-olmaga-qerar-verdi\/","url":"https:\/\/www.meydan.tv\/az\/article\/erestun-oruclu-prezidentliye-namized-olmaga-qerar-verdi\/","name":"\u018fr\u0259stun Oruclu prezidentliy\u0259 namiz\u0259d olma\u011fa q\u0259rar verdi - MEYDAN.TV","isPartOf":{"@id":"https:\/\/www.meydan.tv\/az\/#website"},"primaryImageOfPage":{"@id":"https:\/\/www.meydan.tv\/az\/article\/erestun-oruclu-prezidentliye-namized-olmaga-qerar-verdi\/#primaryimage"},"image":{"@id":"https:\/\/www.meydan.tv\/az\/article\/erestun-oruclu-prezidentliye-namized-olmaga-qerar-verdi\/#primaryimage"},"thumbnailUrl":"https:\/\/www.meydan.tv\/wp-content\/uploads\/arastun.jpg","datePublished":"2023-12-25T08:55:50+00:00","dateModified":"2023-12-25T08:55:53+00:00","breadcrumb":{"@id":"https:\/\/www.meydan.tv\/az\/article\/erestun-oruclu-prezidentliye-namized-olmaga-qerar-verdi\/#breadcrumb"},"inLanguage":"az","potentialAction":[{"@type":"ReadAction","target":["https:\/\/www.meydan.tv\/az\/article\/erestun-oruclu-prezidentliye-namized-olmaga-qerar-verdi\/"]}]},{"@type":"ImageObject","inLanguage":"az","@id":"https:\/\/www.meydan.tv\/az\/article\/erestun-oruclu-prezidentliye-namized-olmaga-qerar-verdi\/#primaryimage","url":"https:\/\/www.meydan.tv\/wp-content\/uploads\/arastun.jpg","contentUrl":"https:\/\/www.meydan.tv\/wp-content\/uploads\/arastun.jpg","width":1500,"height":844,"caption":"\u018fr\u0259stun Oruclu. Foto: sosial \u015f\u0259b\u0259k\u0259"},{"@type":"BreadcrumbList","@id":"https:\/\/www.meydan.tv\/az\/article\/erestun-oruclu-prezidentliye-namized-olmaga-qerar-verdi\/#breadcrumb","itemListElement":[{"@type":"ListItem","position":1,"name":"Ana s\u0259hif\u0259","item":"https:\/\/www.meydan.tv\/az\/"},{"@type":"ListItem","position":2,"name":"Siyas\u0259t","item":"https:\/\/www.meydan.tv\/az\/section\/siyaset\/"},{"@type":"ListItem","position":3,"name":"\u018fr\u0259stun Oruclu prezidentliy\u0259 namiz\u0259d olma\u011fa q\u0259rar verdi"}]},{"@type":"WebSite","@id":"https:\/\/www.meydan.tv\/az\/#website","url":"https:\/\/www.meydan.tv\/az\/","name":"MEYDAN.TV","description":"Meydan TV Az\u0259rbaycan\u0131n media m\u0259kan\u0131ndak\u0131 alternativ s\u0259sidir","publisher":{"@id":"https:\/\/www.meydan.tv\/az\/#organization"},"potentialAction":[{"@type":"SearchAction","target":{"@type":"EntryPoint","urlTemplate":"https:\/\/www.meydan.tv\/az\/?s={search_term_string}"},"query-input":{"@type":"PropertyValueSpecification","valueRequired":true,"valueName":"search_term_string"}}],"inLanguage":"az"},{"@type":"Organization","@id":"https:\/\/www.meydan.tv\/az\/#organization","name":"Meydan TV","url":"https:\/\/www.meydan.tv\/az\/","logo":{"@type":"ImageObject","inLanguage":"az","@id":"https:\/\/www.meydan.tv\/az\/#\/schema\/logo\/image\/","url":"https:\/\/www.meydan.tv\/wp-content\/uploads\/2021\/07\/meydan-logo.svg","contentUrl":"https:\/\/www.meydan.tv\/wp-content\/uploads\/2021\/07\/meydan-logo.svg","width":195,"height":46,"caption":"Meydan TV"},"image":{"@id":"https:\/\/www.meydan.tv\/az\/#\/schema\/logo\/image\/"}},{"@type":"Person","@id":"https:\/\/www.meydan.tv\/az\/#\/schema\/person\/9cdbecf90d17180ce1dfbd95b08dcf47","name":"elli","sameAs":["https:\/\/x.com\/elli"]}]}},"_links":{"self":[{"href":"https:\/\/www.meydan.tv\/az\/wp-json\/wp\/v2\/posts\/293897","targetHints":{"allow":["GET"]}}],"collection":[{"href":"https:\/\/www.meydan.tv\/az\/wp-json\/wp\/v2\/posts"}],"about":[{"href":"https:\/\/www.meydan.tv\/az\/wp-json\/wp\/v2\/types\/post"}],"author":[{"embeddable":true,"href":"https:\/\/www.meydan.tv\/az\/wp-json\/wp\/v2\/users\/8"}],"replies":[{"embeddable":true,"href":"https:\/\/www.meydan.tv\/az\/wp-json\/wp\/v2\/comments?post=293897"}],"version-history":[{"count":1,"href":"https:\/\/www.meydan.tv\/az\/wp-json\/wp\/v2\/posts\/293897\/revisions"}],"predecessor-version":[{"id":293905,"href":"https:\/\/www.meydan.tv\/az\/wp-json\/wp\/v2\/posts\/293897\/revisions\/293905"}],"wp:featuredmedia":[{"embeddable":true,"href":"https:\/\/www.meydan.tv\/az\/wp-json\/wp\/v2\/media\/293902"}],"wp:attachment":[{"href":"https:\/\/www.meydan.tv\/az\/wp-json\/wp\/v2\/media?parent=293897"}],"wp:term":[{"taxonomy":"category","embeddable":true,"href":"https:\/\/www.meydan.tv\/az\/wp-json\/wp\/v2\/categories?post=293897"},{"taxonomy":"post_tag","embeddable":true,"href":"https:\/\/www.meydan.tv\/az\/wp-json\/wp\/v2\/tags?post=293897"}],"curies":[{"name":"wp","href":"https:\/\/api.w.org\/{rel}","templated":true}]}}