{"id":293878,"date":"2023-12-24T19:09:58","date_gmt":"2023-12-24T15:09:58","guid":{"rendered":"https:\/\/www.meydan.tv\/?p=293878"},"modified":"2023-12-24T19:10:01","modified_gmt":"2023-12-24T15:10:01","slug":"gence-sakinler-su-qaz-ve-binanin-yararsiz-veziyyetde-olmasindan-sikayetcidirler","status":"publish","type":"post","link":"https:\/\/www.meydan.tv\/az\/article\/gence-sakinler-su-qaz-ve-binanin-yararsiz-veziyyetde-olmasindan-sikayetcidirler\/","title":{"rendered":"G\u0259nc\u0259: Sakinl\u0259r su, qaz v\u0259 binan\u0131n yarars\u0131z v\u0259ziyy\u0259td\u0259 olmas\u0131ndan \u015fikay\u0259t\u00e7idirl\u0259r"},"content":{"rendered":"\n<figure class=\"wp-block-embed is-type-video is-provider-youtube wp-block-embed-youtube wp-embed-aspect-16-9 wp-has-aspect-ratio\"><div class=\"wp-block-embed__wrapper\">\n<iframe title=\"G\u0259nc\u0259: Sakinl\u0259r su, qaz v\u0259 binan\u0131n yarars\u0131z v\u0259ziyy\u0259td\u0259 olmas\u0131ndan \u015fikay\u0259t\u00e7idirl\u0259r\" width=\"1200\" height=\"675\" data-src=\"https:\/\/www.youtube.com\/embed\/x05z4zEBWbU?feature=oembed\" frameborder=\"0\" allow=\"accelerometer; autoplay; clipboard-write; encrypted-media; gyroscope; picture-in-picture; web-share\" allowfullscreen src=\"data:image\/svg+xml;base64,PHN2ZyB3aWR0aD0iMSIgaGVpZ2h0PSIxIiB4bWxucz0iaHR0cDovL3d3dy53My5vcmcvMjAwMC9zdmciPjwvc3ZnPg==\" class=\"lazyload\" data-load-mode=\"1\"><\/iframe>\n<\/div><\/figure>\n\n\n\n<p>G\u0259nc\u0259 \u015f\u0259h\u0259ri Aida \u0130manquliyeva k\u00fc\u00e7\u0259si 3a \u00fcnvan\u0131nda yerl\u0259\u015f\u0259n bina sakinl\u0259ri su, qaz v\u0259 binan\u0131n yarars\u0131z v\u0259ziyy\u0259td\u0259 olmas\u0131ndan \u015fikay\u0259t\u00e7idirl\u0259r. Sakinl\u0259rin s\u00f6zl\u0259rin\u0259 g\u00f6r\u0259, bu bina G\u0259nc\u0259 Xal\u00e7a Kombinat\u0131n\u0131n i\u015f\u00e7il\u0259ri \u00fc\u00e7\u00fcn in\u015fa edilib. <\/p>\n\n\n\n<p>Yataqxana sakinl\u0259ri d\u0259f\u0259l\u0259rl\u0259 d\u00f6vl\u0259t qurumlar\u0131na m\u00fcraci\u0259tl\u0259r ets\u0259l\u0259r d\u0259, he\u00e7 bir t\u0259dbir g\u00f6r\u00fclm\u0259yib. Sakinl\u0259r veril\u0259n v\u0259dl\u0259rin yerin\u0259 yetirilm\u0259diyini bildirirl\u0259r. \u00dcmidl\u0259 \u015f\u0259raitl\u0259rinin yax\u015f\u0131la\u015fd\u0131r\u0131laca\u011f\u0131n\u0131 g\u00f6zl\u0259yirl\u0259r. <\/p>\n\n\n\n<p>G\u0259nc\u0259 \u015e\u0259h\u0259r \u0130cra Hakimiyy\u0259ti sor\u011fumuza cavab olaraq bildirdi ki, M\u0259nzil Kommunal T\u0259s\u0259rr\u00fcfat\u0131 \u0130stehsalat Birliyinin balans\u0131nda haz\u0131rda 18 yataqxana var. Bu yataqxanalar\u0131n bir \u00e7ox q\u0259zal\u0131 v\u0259ziyy\u0259td\u0259 oldu\u011fundan, h\u0259min binalarda, o c\u00fcml\u0259d\u0259n Aida \u0130manquliyeva, 3A \u00fcnvan\u0131nda yerl\u0259\u015f\u0259n yataqxana binas\u0131nda ya\u015fayan sakinl\u0259rin k\u00f6\u00e7\u00fcr\u00fclm\u0259si istiqam\u0259tind\u0259 i\u015fl\u0259r apar\u0131l\u0131r, sakinl\u0259rin siyah\u0131ya al\u0131nmas\u0131 h\u0259yata ke\u00e7irilir. <\/p>\n\n\n\n<p>\u201cS\u00f6z\u00fcged\u0259n \u0259razid\u0259 su x\u0259tl\u0259ri k\u00f6hn\u0259 oldu\u011fundan, m\u00fc\u0259yy\u0259n vaxtlarda q\u0259zalar ba\u015f verir ki, onlar da q\u0131sa m\u00fcdd\u0259td\u0259 aradan qald\u0131r\u0131l\u0131r\u201d,- dey\u0259 qurumdan bildiribl\u0259r.<a href=\"https:\/\/www.youtube.com\/@MeydanTelevision\"><\/a><\/p>\n","protected":false},"excerpt":{"rendered":"<p>G\u0259nc\u0259 \u015f\u0259h\u0259ri Aida \u0130manquliyeva k\u00fc\u00e7\u0259si 3a \u00fcnvan\u0131nda yerl\u0259\u015f\u0259n bina sakinl\u0259ri &#8230; <\/p>\n<p class=\"read-more-container\"><a title=\"G\u0259nc\u0259: Sakinl\u0259r su, qaz v\u0259 binan\u0131n yarars\u0131z v\u0259ziyy\u0259td\u0259 olmas\u0131ndan \u015fikay\u0259t\u00e7idirl\u0259r\" class=\"read-more button\" href=\"https:\/\/www.meydan.tv\/az\/article\/gence-sakinler-su-qaz-ve-binanin-yararsiz-veziyyetde-olmasindan-sikayetcidirler\/#more-293878\" aria-label=\"Read more about G\u0259nc\u0259: Sakinl\u0259r su, qaz v\u0259 binan\u0131n yarars\u0131z v\u0259ziyy\u0259td\u0259 olmas\u0131ndan \u015fikay\u0259t\u00e7idirl\u0259r\">Davam\u0131<\/a><\/p>\n","protected":false},"author":12,"featured_media":293879,"comment_status":"closed","ping_status":"closed","sticky":false,"template":"","format":"standard","meta":{"_acf_changed":false,"_sitemap_exclude":false,"_sitemap_priority":"","_sitemap_frequency":"","footnotes":""},"categories":[60,63],"tags":[],"class_list":["post-293878","post","type-post","status-publish","format-standard","has-post-thumbnail","hentry","category-bolge","category-video-2","infinite-scroll-item","generate-columns","tablet-grid-50","mobile-grid-100","grid-parent","grid-33","no-featured-image-padding"],"acf":[],"yoast_head":"<!-- This site is optimized with the Yoast SEO plugin v27.4 - https:\/\/yoast.com\/product\/yoast-seo-wordpress\/ -->\n<title>G\u0259nc\u0259: Sakinl\u0259r su, qaz v\u0259 binan\u0131n yarars\u0131z v\u0259ziyy\u0259td\u0259 olmas\u0131ndan \u015fikay\u0259t\u00e7idirl\u0259r - MEYDAN.TV<\/title>\n<meta name=\"robots\" content=\"index, follow, max-snippet:-1, max-image-preview:large, max-video-preview:-1\" \/>\n<link rel=\"canonical\" href=\"https:\/\/www.meydan.tv\/az\/article\/gence-sakinler-su-qaz-ve-binanin-yararsiz-veziyyetde-olmasindan-sikayetcidirler\/\" \/>\n<meta property=\"og:locale\" content=\"az_AZ\" \/>\n<meta property=\"og:type\" content=\"article\" \/>\n<meta property=\"og:title\" content=\"G\u0259nc\u0259: Sakinl\u0259r su, qaz v\u0259 binan\u0131n yarars\u0131z v\u0259ziyy\u0259td\u0259 olmas\u0131ndan \u015fikay\u0259t\u00e7idirl\u0259r - MEYDAN.TV\" \/>\n<meta property=\"og:description\" content=\"G\u0259nc\u0259 \u015f\u0259h\u0259ri Aida \u0130manquliyeva k\u00fc\u00e7\u0259si 3a \u00fcnvan\u0131nda yerl\u0259\u015f\u0259n bina sakinl\u0259ri ... Davam\u0131\" \/>\n<meta property=\"og:url\" content=\"https:\/\/www.meydan.tv\/az\/article\/gence-sakinler-su-qaz-ve-binanin-yararsiz-veziyyetde-olmasindan-sikayetcidirler\/\" \/>\n<meta property=\"og:site_name\" content=\"MEYDAN.TV\" \/>\n<meta property=\"article:published_time\" content=\"2023-12-24T15:09:58+00:00\" \/>\n<meta property=\"article:modified_time\" content=\"2023-12-24T15:10:01+00:00\" \/>\n<meta property=\"og:image\" content=\"https:\/\/www.meydan.tv\/wp-content\/uploads\/reportaj-cover-3-5.png\" \/>\n\t<meta property=\"og:image:width\" content=\"1280\" \/>\n\t<meta property=\"og:image:height\" content=\"720\" \/>\n\t<meta property=\"og:image:type\" content=\"image\/png\" \/>\n<meta name=\"author\" content=\"aleks\" \/>\n<meta name=\"twitter:card\" content=\"summary_large_image\" \/>\n<script type=\"application\/ld+json\" class=\"yoast-schema-graph\">{\"@context\":\"https:\\\/\\\/schema.org\",\"@graph\":[{\"@type\":\"Article\",\"@id\":\"https:\\\/\\\/www.meydan.tv\\\/az\\\/article\\\/gence-sakinler-su-qaz-ve-binanin-yararsiz-veziyyetde-olmasindan-sikayetcidirler\\\/#article\",\"isPartOf\":{\"@id\":\"https:\\\/\\\/www.meydan.tv\\\/az\\\/article\\\/gence-sakinler-su-qaz-ve-binanin-yararsiz-veziyyetde-olmasindan-sikayetcidirler\\\/\"},\"author\":{\"name\":\"aleks\",\"@id\":\"https:\\\/\\\/www.meydan.tv\\\/az\\\/#\\\/schema\\\/person\\\/476e9360e593fa131d5d71d51866f8da\"},\"headline\":\"G\u0259nc\u0259: Sakinl\u0259r su, qaz v\u0259 binan\u0131n yarars\u0131z v\u0259ziyy\u0259td\u0259 olmas\u0131ndan \u015fikay\u0259t\u00e7idirl\u0259r\",\"datePublished\":\"2023-12-24T15:09:58+00:00\",\"dateModified\":\"2023-12-24T15:10:01+00:00\",\"mainEntityOfPage\":{\"@id\":\"https:\\\/\\\/www.meydan.tv\\\/az\\\/article\\\/gence-sakinler-su-qaz-ve-binanin-yararsiz-veziyyetde-olmasindan-sikayetcidirler\\\/\"},\"wordCount\":262,\"publisher\":{\"@id\":\"https:\\\/\\\/www.meydan.tv\\\/az\\\/#organization\"},\"image\":{\"@id\":\"https:\\\/\\\/www.meydan.tv\\\/az\\\/article\\\/gence-sakinler-su-qaz-ve-binanin-yararsiz-veziyyetde-olmasindan-sikayetcidirler\\\/#primaryimage\"},\"thumbnailUrl\":\"https:\\\/\\\/www.meydan.tv\\\/wp-content\\\/uploads\\\/reportaj-cover-3-5.png\",\"articleSection\":[\"B\u00f6lg\u0259\",\"Video\"],\"inLanguage\":\"az\"},{\"@type\":\"WebPage\",\"@id\":\"https:\\\/\\\/www.meydan.tv\\\/az\\\/article\\\/gence-sakinler-su-qaz-ve-binanin-yararsiz-veziyyetde-olmasindan-sikayetcidirler\\\/\",\"url\":\"https:\\\/\\\/www.meydan.tv\\\/az\\\/article\\\/gence-sakinler-su-qaz-ve-binanin-yararsiz-veziyyetde-olmasindan-sikayetcidirler\\\/\",\"name\":\"G\u0259nc\u0259: Sakinl\u0259r su, qaz v\u0259 binan\u0131n yarars\u0131z v\u0259ziyy\u0259td\u0259 olmas\u0131ndan \u015fikay\u0259t\u00e7idirl\u0259r - MEYDAN.TV\",\"isPartOf\":{\"@id\":\"https:\\\/\\\/www.meydan.tv\\\/az\\\/#website\"},\"primaryImageOfPage\":{\"@id\":\"https:\\\/\\\/www.meydan.tv\\\/az\\\/article\\\/gence-sakinler-su-qaz-ve-binanin-yararsiz-veziyyetde-olmasindan-sikayetcidirler\\\/#primaryimage\"},\"image\":{\"@id\":\"https:\\\/\\\/www.meydan.tv\\\/az\\\/article\\\/gence-sakinler-su-qaz-ve-binanin-yararsiz-veziyyetde-olmasindan-sikayetcidirler\\\/#primaryimage\"},\"thumbnailUrl\":\"https:\\\/\\\/www.meydan.tv\\\/wp-content\\\/uploads\\\/reportaj-cover-3-5.png\",\"datePublished\":\"2023-12-24T15:09:58+00:00\",\"dateModified\":\"2023-12-24T15:10:01+00:00\",\"breadcrumb\":{\"@id\":\"https:\\\/\\\/www.meydan.tv\\\/az\\\/article\\\/gence-sakinler-su-qaz-ve-binanin-yararsiz-veziyyetde-olmasindan-sikayetcidirler\\\/#breadcrumb\"},\"inLanguage\":\"az\",\"potentialAction\":[{\"@type\":\"ReadAction\",\"target\":[\"https:\\\/\\\/www.meydan.tv\\\/az\\\/article\\\/gence-sakinler-su-qaz-ve-binanin-yararsiz-veziyyetde-olmasindan-sikayetcidirler\\\/\"]}]},{\"@type\":\"ImageObject\",\"inLanguage\":\"az\",\"@id\":\"https:\\\/\\\/www.meydan.tv\\\/az\\\/article\\\/gence-sakinler-su-qaz-ve-binanin-yararsiz-veziyyetde-olmasindan-sikayetcidirler\\\/#primaryimage\",\"url\":\"https:\\\/\\\/www.meydan.tv\\\/wp-content\\\/uploads\\\/reportaj-cover-3-5.png\",\"contentUrl\":\"https:\\\/\\\/www.meydan.tv\\\/wp-content\\\/uploads\\\/reportaj-cover-3-5.png\",\"width\":1280,\"height\":720},{\"@type\":\"BreadcrumbList\",\"@id\":\"https:\\\/\\\/www.meydan.tv\\\/az\\\/article\\\/gence-sakinler-su-qaz-ve-binanin-yararsiz-veziyyetde-olmasindan-sikayetcidirler\\\/#breadcrumb\",\"itemListElement\":[{\"@type\":\"ListItem\",\"position\":1,\"name\":\"Ana s\u0259hif\u0259\",\"item\":\"https:\\\/\\\/www.meydan.tv\\\/az\\\/\"},{\"@type\":\"ListItem\",\"position\":2,\"name\":\"Video\",\"item\":\"https:\\\/\\\/www.meydan.tv\\\/az\\\/section\\\/video-2\\\/\"},{\"@type\":\"ListItem\",\"position\":3,\"name\":\"G\u0259nc\u0259: Sakinl\u0259r su, qaz v\u0259 binan\u0131n yarars\u0131z v\u0259ziyy\u0259td\u0259 olmas\u0131ndan \u015fikay\u0259t\u00e7idirl\u0259r\"}]},{\"@type\":\"WebSite\",\"@id\":\"https:\\\/\\\/www.meydan.tv\\\/az\\\/#website\",\"url\":\"https:\\\/\\\/www.meydan.tv\\\/az\\\/\",\"name\":\"MEYDAN.TV\",\"description\":\"Meydan TV Az\u0259rbaycan\u0131n media m\u0259kan\u0131ndak\u0131 alternativ s\u0259sidir\",\"publisher\":{\"@id\":\"https:\\\/\\\/www.meydan.tv\\\/az\\\/#organization\"},\"potentialAction\":[{\"@type\":\"SearchAction\",\"target\":{\"@type\":\"EntryPoint\",\"urlTemplate\":\"https:\\\/\\\/www.meydan.tv\\\/az\\\/?s={search_term_string}\"},\"query-input\":{\"@type\":\"PropertyValueSpecification\",\"valueRequired\":true,\"valueName\":\"search_term_string\"}}],\"inLanguage\":\"az\"},{\"@type\":\"Organization\",\"@id\":\"https:\\\/\\\/www.meydan.tv\\\/az\\\/#organization\",\"name\":\"Meydan TV\",\"url\":\"https:\\\/\\\/www.meydan.tv\\\/az\\\/\",\"logo\":{\"@type\":\"ImageObject\",\"inLanguage\":\"az\",\"@id\":\"https:\\\/\\\/www.meydan.tv\\\/az\\\/#\\\/schema\\\/logo\\\/image\\\/\",\"url\":\"https:\\\/\\\/www.meydan.tv\\\/wp-content\\\/uploads\\\/2021\\\/07\\\/meydan-logo.svg\",\"contentUrl\":\"https:\\\/\\\/www.meydan.tv\\\/wp-content\\\/uploads\\\/2021\\\/07\\\/meydan-logo.svg\",\"width\":195,\"height\":46,\"caption\":\"Meydan TV\"},\"image\":{\"@id\":\"https:\\\/\\\/www.meydan.tv\\\/az\\\/#\\\/schema\\\/logo\\\/image\\\/\"}},{\"@type\":\"Person\",\"@id\":\"https:\\\/\\\/www.meydan.tv\\\/az\\\/#\\\/schema\\\/person\\\/476e9360e593fa131d5d71d51866f8da\",\"name\":\"aleks\"}]}<\/script>\n<!-- \/ Yoast SEO plugin. -->","yoast_head_json":{"title":"G\u0259nc\u0259: Sakinl\u0259r su, qaz v\u0259 binan\u0131n yarars\u0131z v\u0259ziyy\u0259td\u0259 olmas\u0131ndan \u015fikay\u0259t\u00e7idirl\u0259r - MEYDAN.TV","robots":{"index":"index","follow":"follow","max-snippet":"max-snippet:-1","max-image-preview":"max-image-preview:large","max-video-preview":"max-video-preview:-1"},"canonical":"https:\/\/www.meydan.tv\/az\/article\/gence-sakinler-su-qaz-ve-binanin-yararsiz-veziyyetde-olmasindan-sikayetcidirler\/","og_locale":"az_AZ","og_type":"article","og_title":"G\u0259nc\u0259: Sakinl\u0259r su, qaz v\u0259 binan\u0131n yarars\u0131z v\u0259ziyy\u0259td\u0259 olmas\u0131ndan \u015fikay\u0259t\u00e7idirl\u0259r - MEYDAN.TV","og_description":"G\u0259nc\u0259 \u015f\u0259h\u0259ri Aida \u0130manquliyeva k\u00fc\u00e7\u0259si 3a \u00fcnvan\u0131nda yerl\u0259\u015f\u0259n bina sakinl\u0259ri ... Davam\u0131","og_url":"https:\/\/www.meydan.tv\/az\/article\/gence-sakinler-su-qaz-ve-binanin-yararsiz-veziyyetde-olmasindan-sikayetcidirler\/","og_site_name":"MEYDAN.TV","article_published_time":"2023-12-24T15:09:58+00:00","article_modified_time":"2023-12-24T15:10:01+00:00","og_image":[{"width":1280,"height":720,"url":"https:\/\/www.meydan.tv\/wp-content\/uploads\/reportaj-cover-3-5.png","type":"image\/png"}],"author":"aleks","twitter_card":"summary_large_image","schema":{"@context":"https:\/\/schema.org","@graph":[{"@type":"Article","@id":"https:\/\/www.meydan.tv\/az\/article\/gence-sakinler-su-qaz-ve-binanin-yararsiz-veziyyetde-olmasindan-sikayetcidirler\/#article","isPartOf":{"@id":"https:\/\/www.meydan.tv\/az\/article\/gence-sakinler-su-qaz-ve-binanin-yararsiz-veziyyetde-olmasindan-sikayetcidirler\/"},"author":{"name":"aleks","@id":"https:\/\/www.meydan.tv\/az\/#\/schema\/person\/476e9360e593fa131d5d71d51866f8da"},"headline":"G\u0259nc\u0259: Sakinl\u0259r su, qaz v\u0259 binan\u0131n yarars\u0131z v\u0259ziyy\u0259td\u0259 olmas\u0131ndan \u015fikay\u0259t\u00e7idirl\u0259r","datePublished":"2023-12-24T15:09:58+00:00","dateModified":"2023-12-24T15:10:01+00:00","mainEntityOfPage":{"@id":"https:\/\/www.meydan.tv\/az\/article\/gence-sakinler-su-qaz-ve-binanin-yararsiz-veziyyetde-olmasindan-sikayetcidirler\/"},"wordCount":262,"publisher":{"@id":"https:\/\/www.meydan.tv\/az\/#organization"},"image":{"@id":"https:\/\/www.meydan.tv\/az\/article\/gence-sakinler-su-qaz-ve-binanin-yararsiz-veziyyetde-olmasindan-sikayetcidirler\/#primaryimage"},"thumbnailUrl":"https:\/\/www.meydan.tv\/wp-content\/uploads\/reportaj-cover-3-5.png","articleSection":["B\u00f6lg\u0259","Video"],"inLanguage":"az"},{"@type":"WebPage","@id":"https:\/\/www.meydan.tv\/az\/article\/gence-sakinler-su-qaz-ve-binanin-yararsiz-veziyyetde-olmasindan-sikayetcidirler\/","url":"https:\/\/www.meydan.tv\/az\/article\/gence-sakinler-su-qaz-ve-binanin-yararsiz-veziyyetde-olmasindan-sikayetcidirler\/","name":"G\u0259nc\u0259: Sakinl\u0259r su, qaz v\u0259 binan\u0131n yarars\u0131z v\u0259ziyy\u0259td\u0259 olmas\u0131ndan \u015fikay\u0259t\u00e7idirl\u0259r - MEYDAN.TV","isPartOf":{"@id":"https:\/\/www.meydan.tv\/az\/#website"},"primaryImageOfPage":{"@id":"https:\/\/www.meydan.tv\/az\/article\/gence-sakinler-su-qaz-ve-binanin-yararsiz-veziyyetde-olmasindan-sikayetcidirler\/#primaryimage"},"image":{"@id":"https:\/\/www.meydan.tv\/az\/article\/gence-sakinler-su-qaz-ve-binanin-yararsiz-veziyyetde-olmasindan-sikayetcidirler\/#primaryimage"},"thumbnailUrl":"https:\/\/www.meydan.tv\/wp-content\/uploads\/reportaj-cover-3-5.png","datePublished":"2023-12-24T15:09:58+00:00","dateModified":"2023-12-24T15:10:01+00:00","breadcrumb":{"@id":"https:\/\/www.meydan.tv\/az\/article\/gence-sakinler-su-qaz-ve-binanin-yararsiz-veziyyetde-olmasindan-sikayetcidirler\/#breadcrumb"},"inLanguage":"az","potentialAction":[{"@type":"ReadAction","target":["https:\/\/www.meydan.tv\/az\/article\/gence-sakinler-su-qaz-ve-binanin-yararsiz-veziyyetde-olmasindan-sikayetcidirler\/"]}]},{"@type":"ImageObject","inLanguage":"az","@id":"https:\/\/www.meydan.tv\/az\/article\/gence-sakinler-su-qaz-ve-binanin-yararsiz-veziyyetde-olmasindan-sikayetcidirler\/#primaryimage","url":"https:\/\/www.meydan.tv\/wp-content\/uploads\/reportaj-cover-3-5.png","contentUrl":"https:\/\/www.meydan.tv\/wp-content\/uploads\/reportaj-cover-3-5.png","width":1280,"height":720},{"@type":"BreadcrumbList","@id":"https:\/\/www.meydan.tv\/az\/article\/gence-sakinler-su-qaz-ve-binanin-yararsiz-veziyyetde-olmasindan-sikayetcidirler\/#breadcrumb","itemListElement":[{"@type":"ListItem","position":1,"name":"Ana s\u0259hif\u0259","item":"https:\/\/www.meydan.tv\/az\/"},{"@type":"ListItem","position":2,"name":"Video","item":"https:\/\/www.meydan.tv\/az\/section\/video-2\/"},{"@type":"ListItem","position":3,"name":"G\u0259nc\u0259: Sakinl\u0259r su, qaz v\u0259 binan\u0131n yarars\u0131z v\u0259ziyy\u0259td\u0259 olmas\u0131ndan \u015fikay\u0259t\u00e7idirl\u0259r"}]},{"@type":"WebSite","@id":"https:\/\/www.meydan.tv\/az\/#website","url":"https:\/\/www.meydan.tv\/az\/","name":"MEYDAN.TV","description":"Meydan TV Az\u0259rbaycan\u0131n media m\u0259kan\u0131ndak\u0131 alternativ s\u0259sidir","publisher":{"@id":"https:\/\/www.meydan.tv\/az\/#organization"},"potentialAction":[{"@type":"SearchAction","target":{"@type":"EntryPoint","urlTemplate":"https:\/\/www.meydan.tv\/az\/?s={search_term_string}"},"query-input":{"@type":"PropertyValueSpecification","valueRequired":true,"valueName":"search_term_string"}}],"inLanguage":"az"},{"@type":"Organization","@id":"https:\/\/www.meydan.tv\/az\/#organization","name":"Meydan TV","url":"https:\/\/www.meydan.tv\/az\/","logo":{"@type":"ImageObject","inLanguage":"az","@id":"https:\/\/www.meydan.tv\/az\/#\/schema\/logo\/image\/","url":"https:\/\/www.meydan.tv\/wp-content\/uploads\/2021\/07\/meydan-logo.svg","contentUrl":"https:\/\/www.meydan.tv\/wp-content\/uploads\/2021\/07\/meydan-logo.svg","width":195,"height":46,"caption":"Meydan TV"},"image":{"@id":"https:\/\/www.meydan.tv\/az\/#\/schema\/logo\/image\/"}},{"@type":"Person","@id":"https:\/\/www.meydan.tv\/az\/#\/schema\/person\/476e9360e593fa131d5d71d51866f8da","name":"aleks"}]}},"_links":{"self":[{"href":"https:\/\/www.meydan.tv\/az\/wp-json\/wp\/v2\/posts\/293878","targetHints":{"allow":["GET"]}}],"collection":[{"href":"https:\/\/www.meydan.tv\/az\/wp-json\/wp\/v2\/posts"}],"about":[{"href":"https:\/\/www.meydan.tv\/az\/wp-json\/wp\/v2\/types\/post"}],"author":[{"embeddable":true,"href":"https:\/\/www.meydan.tv\/az\/wp-json\/wp\/v2\/users\/12"}],"replies":[{"embeddable":true,"href":"https:\/\/www.meydan.tv\/az\/wp-json\/wp\/v2\/comments?post=293878"}],"version-history":[{"count":1,"href":"https:\/\/www.meydan.tv\/az\/wp-json\/wp\/v2\/posts\/293878\/revisions"}],"predecessor-version":[{"id":293882,"href":"https:\/\/www.meydan.tv\/az\/wp-json\/wp\/v2\/posts\/293878\/revisions\/293882"}],"wp:featuredmedia":[{"embeddable":true,"href":"https:\/\/www.meydan.tv\/az\/wp-json\/wp\/v2\/media\/293879"}],"wp:attachment":[{"href":"https:\/\/www.meydan.tv\/az\/wp-json\/wp\/v2\/media?parent=293878"}],"wp:term":[{"taxonomy":"category","embeddable":true,"href":"https:\/\/www.meydan.tv\/az\/wp-json\/wp\/v2\/categories?post=293878"},{"taxonomy":"post_tag","embeddable":true,"href":"https:\/\/www.meydan.tv\/az\/wp-json\/wp\/v2\/tags?post=293878"}],"curies":[{"name":"wp","href":"https:\/\/api.w.org\/{rel}","templated":true}]}}