{"id":293872,"date":"2023-12-24T14:31:21","date_gmt":"2023-12-24T10:31:21","guid":{"rendered":"https:\/\/www.meydan.tv\/?p=293872"},"modified":"2023-12-24T20:13:54","modified_gmt":"2023-12-24T16:13:54","slug":"vekil-araz-eliyevin-yerini-tapa-bilmir","status":"publish","type":"post","link":"https:\/\/www.meydan.tv\/az\/article\/vekil-araz-eliyevin-yerini-tapa-bilmir\/","title":{"rendered":"Araz \u018fliyev 25 sutka h\u0259bs c\u0259zas\u0131 al\u0131b (Yenil\u0259nib)"},"content":{"rendered":"\n<figure class=\"wp-block-embed is-type-video is-provider-youtube wp-block-embed-youtube wp-embed-aspect-4-3 wp-has-aspect-ratio\"><div class=\"wp-block-embed__wrapper\">\n<iframe title=\"D\u0130N qar\u015f\u0131s\u0131nda aksiyadan sonra g\u0259nc f\u0259al\u0131n yeri m\u0259lum oldu\" width=\"1200\" height=\"900\" data-src=\"https:\/\/www.youtube.com\/embed\/hprmbDHDXgw?feature=oembed\" frameborder=\"0\" allow=\"accelerometer; autoplay; clipboard-write; encrypted-media; gyroscope; picture-in-picture; web-share\" allowfullscreen src=\"data:image\/svg+xml;base64,PHN2ZyB3aWR0aD0iMSIgaGVpZ2h0PSIxIiB4bWxucz0iaHR0cDovL3d3dy53My5vcmcvMjAwMC9zdmciPjwvc3ZnPg==\" class=\"lazyload\" data-load-mode=\"1\"><\/iframe>\n<\/div><\/figure>\n\n\n\n<p><strong><em>Onun polisin t\u0259l\u0259bin\u0259 tabe olmamas\u0131 s\u0259b\u0259b g\u00f6st\u0259rilir<\/em><\/strong><\/p>\n\n\n\n<p><strong>Yeni yaranan \u201cIII Respublika\u201d Platformas\u0131n\u0131n Qurucu Hey\u0259t \u00fczv\u00fc, eyni zamanda, N\u0130DA V\u0259t\u0259nda\u015f H\u0259r\u0259kat\u0131n\u0131n \u00fczv\u00fc olan \u00fcniversitet m\u00fc\u0259llimi Araz \u018fliyev\u0259 25 sutka inzibati h\u0259bs c\u0259zas\u0131 verildiyi bildirilir. Araz \u018fliyevin v\u0259kili Nem\u0259t K\u0259rimli Meydan TV-y\u0259 deyib ki, m\u00fcv\u0259kkilin\u0259 25 sutka c\u0259za verilm\u0259si haqda ona m\u0259lumat verils\u0259 d\u0259, m\u00fcv\u0259kkilinin n\u0259d\u0259 ittiham edildiyi, q\u0259rar\u0131n hans\u0131 m\u0259hk\u0259m\u0259d\u0259 \u00e7\u0131xar\u0131ld\u0131\u011f\u0131 m\u0259lum deyil:<\/strong><\/p>\n\n\n\n<p>&nbsp;\u201c<em>Yaln\u0131z 25 sutka verildiyi deyildi. Detallar\u0131n\u0131 m\u00fc\u0259yy\u0259nl\u0259\u015fdirm\u0259y\u0259 \u00e7al\u0131\u015f\u0131ram\u201d<\/em>.<\/p>\n\n\n\n<p><strong>Meydan TV-nin \u0259ld\u0259 etdiyi m\u0259lumata g\u00f6r\u0259, Araz \u018fliyev haqq\u0131nda 25 sutka inzibati h\u0259bs q\u0259rar\u0131 dekabr\u0131n 24-d\u0259 Nizami Rayon M\u0259hk\u0259m\u0259sind\u0259 \u00e7\u0131xar\u0131l\u0131b:<\/strong><\/p>\n\n\n\n<p>\u201c<em>Araz \u018fliyev \u0130nzibati X\u0259talar M\u0259c\u0259ll\u0259sinin 510 (x\u0131rda xuliqanl\u0131q) v\u0259 535.1 (polisin qanuni t\u0259l\u0259bin\u0259 tabe olmama) madd\u0259l\u0259ril\u0259 c\u0259zaland\u0131r\u0131l\u0131b. Q\u0259rar\u0131 hakim Qumru \u018fliyeva verib\u201d.<\/em><\/p>\n\n\n\n<p><strong>\u0130ddia olunur ki, Araz \u018fliyev k\u00fc\u00e7\u0259d\u0259 ged\u0259rk\u0259n s\u00f6y\u00fc\u015f s\u00f6y\u00fcb, ondan intizaml\u0131 olma\u011f\u0131 t\u0259l\u0259b ed\u0259n polisl\u0259r\u0259 tabe olmay\u0131b.<\/strong><\/p>\n\n\n\n<p><strong>Nem\u0259t K\u0259rimli bildirib ki, q\u0259rar\u0131 \u0259ld\u0259 ed\u0259nd\u0259n sonra q\u0131sa m\u00fcdd\u0259td\u0259 apelyasiya \u015fikay\u0259ti ver\u0259c\u0259k: <\/strong>&#8220;<em>Bir sutkaya yax\u0131nd\u0131r onun yeri bar\u0259d\u0259 ail\u0259sin\u0259 m\u0259lumat verilm\u0259yib. V\u0259kili oldu\u011fum halda, m\u0259n\u0259 d\u0259 n\u0259d\u0259 ittiham olundu\u011fu, m\u0259hk\u0259m\u0259nin vaxt\u0131, yerini x\u0259b\u0259r verm\u0259yibl\u0259r&#8221;.<\/em><\/p>\n\n\n\n<p><\/p>\n\n\n\n<p><\/p>\n\n\n\n<p><\/p>\n\n\n\n<p><\/p>\n\n\n\n<p><\/p>\n\n\n\n<p><\/p>\n\n\n\n<p><\/p>\n\n\n\n<hr class=\"wp-block-separator has-alpha-channel-opacity\"\/>\n\n\n\n<p><strong><em>Daxili \u0130\u015fl\u0259r Nazirliyinin 102 xidm\u0259tin\u0259, Ombudsman Aparat\u0131na m\u0259lumat verilib<\/em><\/strong><br><\/p>\n\n\n\n<p>Yeni yaranan \u201cIII Respublika\u201d Platformas\u0131n\u0131n Qurucu Hey\u0259t \u00fczv\u00fc, eyni zamanda N\u0130DA V\u0259t\u0259nda\u015f H\u0259r\u0259kat\u0131n\u0131n \u00fczv\u00fc Araz \u018fliyevd\u0259n bir sutkaya yax\u0131nd\u0131r ki, x\u0259b\u0259r yoxdur. <\/p>\n\n\n\n<p>Onun yax\u0131nlar\u0131n\u0131n Meydan TV-y\u0259 bildirdiyin\u0259 g\u00f6r\u0259, sonuncu d\u0259f\u0259 Araz \u018fliyevl\u0259 dekabr\u0131n 23-d\u0259 ax\u015fam saat 18 rad\u0259l\u0259rind\u0259 \u0259laq\u0259 olub. O vaxtdan ondan he\u00e7 bir x\u0259b\u0259r almaq m\u00fcmk\u00fcn olmay\u0131b:<\/p>\n\n\n\n<p><em>\u201cN\u0259 telefonuna z\u0259ng \u00e7at\u0131r, n\u0259 d\u0259 harada olmas\u0131yla ba\u011fl\u0131 d\u00f6vl\u0259t orqanlar\u0131na edil\u0259n m\u00fcraci\u0259tl\u0259r\u0259 konkret cavab verilir\u201d.<\/em><\/p>\n\n\n\n<p>Araz \u018fliyevin ail\u0259si onun h\u00fcquqlar\u0131n\u0131 qorumaq \u00fc\u00e7\u00fcn v\u0259kil Nem\u0259t K\u0259rimli il\u0259 m\u00fcqavil\u0259 ba\u011flay\u0131b. <\/p>\n\n\n<div class=\"wp-block-image\">\n<figure class=\"alignleft size-large is-resized\"><img decoding=\"async\" data-src=\"https:\/\/www.meydan.tv\/wp-content\/uploads\/untitled_design_1_jfqjl0m-1200x675.png\" alt=\"V\u0259kil Nem\u0259t K\u0259rimli\" class=\"wp-image-129994 lazyload\" style=\"--smush-placeholder-width: 1200px; --smush-placeholder-aspect-ratio: 1200\/675;width:342px;height:auto\" src=\"data:image\/svg+xml;base64,PHN2ZyB3aWR0aD0iMSIgaGVpZ2h0PSIxIiB4bWxucz0iaHR0cDovL3d3dy53My5vcmcvMjAwMC9zdmciPjwvc3ZnPg==\" \/><figcaption class=\"wp-element-caption\">Foto: Nem\u0259t K\u0259rimlinin \u015f\u0259xsi arxivind\u0259n<\/figcaption><\/figure>\n<\/div>\n\n\n<p>V\u0259kil Meydan TV-y\u0259 bildirib ki, h\u00fcquqlar\u0131n\u0131 m\u00fcdafi\u0259 etdiyi \u015f\u0259xsin yerini tapmaq \u00fc\u00e7\u00fcn Daxili \u0130\u015fl\u0259r Nazirliyinin 102 xidm\u0259tin\u0259, Ombudsman Aparat\u0131na m\u0259lumat verilib:<\/p>\n\n\n\n<p><em>\u201cLakin h\u0259l\u0259 ortada n\u0259tic\u0259 yoxdur. N\u0259simi rayonu, 22-ci polis b\u00f6lm\u0259sind\u0259n z\u0259ng el\u0259yib maraqland\u0131lar. Araz \u018fliyevi tan\u0131\u015flar\u0131 sonuncu d\u0259f\u0259 N\u0259simi rayonu \u0259razisind\u0259 g\u00f6r\u00fcb. Ke\u00e7mi\u015f \u201cN\u0259simi bazar\u0131\u201d adlanan \u0259razid\u0259 g\u00f6r\u00fc\u015f\u00fc olub. Ondan sonra x\u0259b\u0259r yoxdur\u201d.<\/em><\/p>\n\n\n\n<p>V\u0259kil \u0259lav\u0259 edib ki, \u015f\u0259xs saxlan\u0131l\u0131bsa, qanuna g\u00f6r\u0259, bu bar\u0259d\u0259 d\u0259rhal yax\u0131nlar\u0131na m\u0259lumat verilm\u0259li, ail\u0259sinin m\u00fcqavim\u0259 ba\u011flad\u0131\u011f\u0131 m\u00fcdafi\u0259\u00e7i i\u015f\u0259 burax\u0131lmal\u0131d\u0131r.<\/p>\n\n\n\n<p>\u201cIII Respublika\u201d Platdormas\u0131n\u0131n spikeri Akif Qurbanov Araz \u018fliyevin tutuldu\u011funu v\u0259 bunun yeni yarad\u0131lan t\u0259\u015fkilatla \u0259laq\u0259li oldu\u011funu ehtimal edir.<\/p>\n\n\n\n<p><em>\u201cBuradan hakimiyy\u0259t\u0259 m\u00fcraci\u0259t edir\u0259m. N\u0259 iddian\u0131z varsa, buyurun, r\u0259smi ir\u0259li s\u00fcr\u00fcn, g\u0259lib b\u00fct\u00fcn suallar\u0131n\u0131za cavab verim. N\u0259 zaman hans\u0131 h\u00fcquq-m\u00fchafiz\u0259 orqan\u0131na \u00e7a\u011f\u0131rsan\u0131z, ora da g\u0259lm\u0259y\u0259 haz\u0131ram. Araz \u018fliyevi burax\u0131n. III Respublika Platformas\u0131 Qurucu Hey\u0259ti t\u0259\u015fkilat\u0131n f\u0259aliyy\u0259tini koordinasiya etm\u0259k s\u0259lahiyy\u0259tini spiker olaraq 1 illik m\u0259n\u0259 h\u0259val\u0259 edib. Ona g\u00f6r\u0259 d\u0259 n\u0259 iddian\u0131z varsa, m\u0259n\u0259 \u00fcnvanlay\u0131n. B\u00fct\u00fcn m\u0259suliyy\u0259ti da\u015f\u0131ma\u011fa haz\u0131ram. Araz \u018fliyevi rahat burax\u0131n\u201d<\/em>, &#8211; Akif Qurbanov sosial \u015f\u0259b\u0259k\u0259 hesab\u0131nda yaz\u0131b.<\/p>\n\n\n<div class=\"wp-block-image\">\n<figure class=\"alignright size-large is-resized\"><img decoding=\"async\" width=\"1200\" height=\"675\" data-src=\"https:\/\/www.meydan.tv\/wp-content\/uploads\/whatsapp-image-2023-12-16-at-14.44.30_59ef27e8-1200x675.jpg\" alt=\"\" class=\"wp-image-293106 lazyload\" style=\"--smush-placeholder-width: 1200px; --smush-placeholder-aspect-ratio: 1200\/675;width:399px;height:auto\" src=\"data:image\/svg+xml;base64,PHN2ZyB3aWR0aD0iMSIgaGVpZ2h0PSIxIiB4bWxucz0iaHR0cDovL3d3dy53My5vcmcvMjAwMC9zdmciPjwvc3ZnPg==\" \/><figcaption class=\"wp-element-caption\">Akif Qurbanov. Foto: Meydan TV<\/figcaption><\/figure>\n<\/div>\n\n\n<p>O, \u00f6z\u00fcn\u00fcn d\u0259 t\u0259qib alt\u0131nda oldu\u011funu bildirib. Onun s\u00f6zl\u0259rin\u0259 g\u00f6r\u0259, dekabr\u0131n 23-d\u0259 ax\u015fam saatlar\u0131ndan izl\u0259nilir:<\/p>\n\n\n\n<p><em>\u201cOturdu\u011fum kafed\u0259n \u00e7\u0131xaraq v\u0259kilim, jurnalistl\u0259r v\u0259 ictimai f\u0259allar\u0131n m\u00fc\u015fayi\u0259til\u0259 ev\u0259 g\u0259l\u0259rk\u0259n izl\u0259ndiyimi h\u0259r k\u0259s g\u00f6rd\u00fc\u201d.<\/em><\/p>\n\n\n\n<p>Araz \u018fliyevin yerinin m\u0259lum olmamas\u0131 v\u0259 Akif Qurbanovun izl\u0259nm\u0259si bar\u0259d\u0259 deyil\u0259nl\u0259r\u0259 Daxili \u0130\u015fl\u0259r Nazirliyind\u0259n m\u00fcnasib\u0259t \u00f6yr\u0259nm\u0259k m\u00fcmk\u00fcn olmay\u0131b.<\/p>\n\n\n\n<p>Araz \u018fliyev h\u0259m d\u0259 Az\u0259rbaycan Dill\u0259r Universiteti v\u0259 Bak\u0131 Slavyan Universitetinin m\u00fc\u0259llimidir.<\/p>\n\n\n\n<p>Dekabr\u0131n 7-d\u0259 bir qrup ictimai-siyasi f\u0259al III Respublika Platformas\u0131 adl\u0131 siyasi t\u0259\u015fkilat yaratd\u0131qlar\u0131n\u0131 elan edib. H\u0259min g\u00fcn Az\u0259rbaycanda parlamentarizmin t\u0259sis olunmas\u0131n\u0131n 105-ci ili tamam olurdu.<\/p>\n\n\n\n<p>Platforman\u0131n Qurucu Hey\u0259t \u00fczvl\u0259ri aras\u0131nda Akif Qurbanov v\u0259 Araz \u018fliyevl\u0259 yana\u015f\u0131, iqtisad\u00e7\u0131 R\u00f6v\u015f\u0259n A\u011fayev, h\u00fcquq\u015f\u00fcnas S\u0259m\u0259d R\u0259himli, siyas\u0259t\u00e7il\u0259r Yadigar Sad\u0131ql\u0131, Elman F\u0259ttah, Ruslan \u0130zz\u0259tli d\u0259 var.<\/p>\n\n\n\n<p>Platforman\u0131n \u015f\u00fcar\u0131 bel\u0259dir: \u201cT\u0259k Adama deyil, H\u00fcquqa ita\u0259t edirik!\u201d<\/p>\n","protected":false},"excerpt":{"rendered":"<p>Onun polisin t\u0259l\u0259bin\u0259 tabe olmamas\u0131 s\u0259b\u0259b g\u00f6st\u0259rilir Yeni yaranan \u201cIII &#8230; <\/p>\n<p class=\"read-more-container\"><a title=\"Araz \u018fliyev 25 sutka h\u0259bs c\u0259zas\u0131 al\u0131b (Yenil\u0259nib)\" class=\"read-more button\" href=\"https:\/\/www.meydan.tv\/az\/article\/vekil-araz-eliyevin-yerini-tapa-bilmir\/#more-293872\" aria-label=\"Read more about Araz \u018fliyev 25 sutka h\u0259bs c\u0259zas\u0131 al\u0131b (Yenil\u0259nib)\">Davam\u0131<\/a><\/p>\n","protected":false},"author":8,"featured_media":288325,"comment_status":"closed","ping_status":"closed","sticky":false,"template":"","format":"standard","meta":{"_acf_changed":false,"_sitemap_exclude":false,"_sitemap_priority":"","_sitemap_frequency":"","footnotes":""},"categories":[59,79,63,56],"tags":[],"class_list":["post-293872","post","type-post","status-publish","format-standard","has-post-thumbnail","hentry","category-siyaset","category-featured","category-video-2","category-xeberler","infinite-scroll-item","generate-columns","tablet-grid-50","mobile-grid-100","grid-parent","grid-33","no-featured-image-padding"],"acf":[],"yoast_head":"<!-- This site is optimized with the Yoast SEO plugin v27.4 - https:\/\/yoast.com\/product\/yoast-seo-wordpress\/ -->\n<title>Araz \u018fliyev 25 sutka h\u0259bs c\u0259zas\u0131 al\u0131b (Yenil\u0259nib) - MEYDAN.TV<\/title>\n<meta name=\"robots\" content=\"index, follow, max-snippet:-1, max-image-preview:large, max-video-preview:-1\" \/>\n<link rel=\"canonical\" href=\"https:\/\/www.meydan.tv\/az\/article\/vekil-araz-eliyevin-yerini-tapa-bilmir\/\" \/>\n<meta property=\"og:locale\" content=\"az_AZ\" \/>\n<meta property=\"og:type\" content=\"article\" \/>\n<meta property=\"og:title\" content=\"Araz \u018fliyev 25 sutka h\u0259bs c\u0259zas\u0131 al\u0131b (Yenil\u0259nib) - MEYDAN.TV\" \/>\n<meta property=\"og:description\" content=\"Onun polisin t\u0259l\u0259bin\u0259 tabe olmamas\u0131 s\u0259b\u0259b g\u00f6st\u0259rilir Yeni yaranan \u201cIII ... Davam\u0131\" \/>\n<meta property=\"og:url\" content=\"https:\/\/www.meydan.tv\/az\/article\/vekil-araz-eliyevin-yerini-tapa-bilmir\/\" \/>\n<meta property=\"og:site_name\" content=\"MEYDAN.TV\" \/>\n<meta property=\"article:published_time\" content=\"2023-12-24T10:31:21+00:00\" \/>\n<meta property=\"article:modified_time\" content=\"2023-12-24T16:13:54+00:00\" \/>\n<meta property=\"og:image\" content=\"https:\/\/www.meydan.tv\/wp-content\/uploads\/untitled-design-213.jpg\" \/>\n\t<meta property=\"og:image:width\" content=\"1200\" \/>\n\t<meta property=\"og:image:height\" content=\"800\" \/>\n\t<meta property=\"og:image:type\" content=\"image\/jpeg\" \/>\n<meta name=\"author\" content=\"elli\" \/>\n<meta name=\"twitter:card\" content=\"summary_large_image\" \/>\n<meta name=\"twitter:creator\" content=\"@elli\" \/>\n<script type=\"application\/ld+json\" class=\"yoast-schema-graph\">{\"@context\":\"https:\\\/\\\/schema.org\",\"@graph\":[{\"@type\":\"Article\",\"@id\":\"https:\\\/\\\/www.meydan.tv\\\/az\\\/article\\\/vekil-araz-eliyevin-yerini-tapa-bilmir\\\/#article\",\"isPartOf\":{\"@id\":\"https:\\\/\\\/www.meydan.tv\\\/az\\\/article\\\/vekil-araz-eliyevin-yerini-tapa-bilmir\\\/\"},\"author\":{\"name\":\"elli\",\"@id\":\"https:\\\/\\\/www.meydan.tv\\\/az\\\/#\\\/schema\\\/person\\\/9cdbecf90d17180ce1dfbd95b08dcf47\"},\"headline\":\"Araz \u018fliyev 25 sutka h\u0259bs c\u0259zas\u0131 al\u0131b (Yenil\u0259nib)\",\"datePublished\":\"2023-12-24T10:31:21+00:00\",\"dateModified\":\"2023-12-24T16:13:54+00:00\",\"mainEntityOfPage\":{\"@id\":\"https:\\\/\\\/www.meydan.tv\\\/az\\\/article\\\/vekil-araz-eliyevin-yerini-tapa-bilmir\\\/\"},\"wordCount\":894,\"publisher\":{\"@id\":\"https:\\\/\\\/www.meydan.tv\\\/az\\\/#organization\"},\"image\":{\"@id\":\"https:\\\/\\\/www.meydan.tv\\\/az\\\/article\\\/vekil-araz-eliyevin-yerini-tapa-bilmir\\\/#primaryimage\"},\"thumbnailUrl\":\"https:\\\/\\\/www.meydan.tv\\\/wp-content\\\/uploads\\\/untitled-design-213.jpg\",\"articleSection\":[\"Siyas\u0259t\",\"T\u00f6vsiy\u0259\",\"Video\",\"X\u0259b\u0259rl\u0259r\"],\"inLanguage\":\"az\"},{\"@type\":\"WebPage\",\"@id\":\"https:\\\/\\\/www.meydan.tv\\\/az\\\/article\\\/vekil-araz-eliyevin-yerini-tapa-bilmir\\\/\",\"url\":\"https:\\\/\\\/www.meydan.tv\\\/az\\\/article\\\/vekil-araz-eliyevin-yerini-tapa-bilmir\\\/\",\"name\":\"Araz \u018fliyev 25 sutka h\u0259bs c\u0259zas\u0131 al\u0131b (Yenil\u0259nib) - MEYDAN.TV\",\"isPartOf\":{\"@id\":\"https:\\\/\\\/www.meydan.tv\\\/az\\\/#website\"},\"primaryImageOfPage\":{\"@id\":\"https:\\\/\\\/www.meydan.tv\\\/az\\\/article\\\/vekil-araz-eliyevin-yerini-tapa-bilmir\\\/#primaryimage\"},\"image\":{\"@id\":\"https:\\\/\\\/www.meydan.tv\\\/az\\\/article\\\/vekil-araz-eliyevin-yerini-tapa-bilmir\\\/#primaryimage\"},\"thumbnailUrl\":\"https:\\\/\\\/www.meydan.tv\\\/wp-content\\\/uploads\\\/untitled-design-213.jpg\",\"datePublished\":\"2023-12-24T10:31:21+00:00\",\"dateModified\":\"2023-12-24T16:13:54+00:00\",\"breadcrumb\":{\"@id\":\"https:\\\/\\\/www.meydan.tv\\\/az\\\/article\\\/vekil-araz-eliyevin-yerini-tapa-bilmir\\\/#breadcrumb\"},\"inLanguage\":\"az\",\"potentialAction\":[{\"@type\":\"ReadAction\",\"target\":[\"https:\\\/\\\/www.meydan.tv\\\/az\\\/article\\\/vekil-araz-eliyevin-yerini-tapa-bilmir\\\/\"]}]},{\"@type\":\"ImageObject\",\"inLanguage\":\"az\",\"@id\":\"https:\\\/\\\/www.meydan.tv\\\/az\\\/article\\\/vekil-araz-eliyevin-yerini-tapa-bilmir\\\/#primaryimage\",\"url\":\"https:\\\/\\\/www.meydan.tv\\\/wp-content\\\/uploads\\\/untitled-design-213.jpg\",\"contentUrl\":\"https:\\\/\\\/www.meydan.tv\\\/wp-content\\\/uploads\\\/untitled-design-213.jpg\",\"width\":1200,\"height\":800,\"caption\":\"Foto: Araz \u018fliyevin \u015f\u0259xsi arxivind\u0259n\"},{\"@type\":\"BreadcrumbList\",\"@id\":\"https:\\\/\\\/www.meydan.tv\\\/az\\\/article\\\/vekil-araz-eliyevin-yerini-tapa-bilmir\\\/#breadcrumb\",\"itemListElement\":[{\"@type\":\"ListItem\",\"position\":1,\"name\":\"Ana s\u0259hif\u0259\",\"item\":\"https:\\\/\\\/www.meydan.tv\\\/az\\\/\"},{\"@type\":\"ListItem\",\"position\":2,\"name\":\"Siyas\u0259t\",\"item\":\"https:\\\/\\\/www.meydan.tv\\\/az\\\/section\\\/siyaset\\\/\"},{\"@type\":\"ListItem\",\"position\":3,\"name\":\"Araz \u018fliyev 25 sutka h\u0259bs c\u0259zas\u0131 al\u0131b (Yenil\u0259nib)\"}]},{\"@type\":\"WebSite\",\"@id\":\"https:\\\/\\\/www.meydan.tv\\\/az\\\/#website\",\"url\":\"https:\\\/\\\/www.meydan.tv\\\/az\\\/\",\"name\":\"MEYDAN.TV\",\"description\":\"Meydan TV Az\u0259rbaycan\u0131n media m\u0259kan\u0131ndak\u0131 alternativ s\u0259sidir\",\"publisher\":{\"@id\":\"https:\\\/\\\/www.meydan.tv\\\/az\\\/#organization\"},\"potentialAction\":[{\"@type\":\"SearchAction\",\"target\":{\"@type\":\"EntryPoint\",\"urlTemplate\":\"https:\\\/\\\/www.meydan.tv\\\/az\\\/?s={search_term_string}\"},\"query-input\":{\"@type\":\"PropertyValueSpecification\",\"valueRequired\":true,\"valueName\":\"search_term_string\"}}],\"inLanguage\":\"az\"},{\"@type\":\"Organization\",\"@id\":\"https:\\\/\\\/www.meydan.tv\\\/az\\\/#organization\",\"name\":\"Meydan TV\",\"url\":\"https:\\\/\\\/www.meydan.tv\\\/az\\\/\",\"logo\":{\"@type\":\"ImageObject\",\"inLanguage\":\"az\",\"@id\":\"https:\\\/\\\/www.meydan.tv\\\/az\\\/#\\\/schema\\\/logo\\\/image\\\/\",\"url\":\"https:\\\/\\\/www.meydan.tv\\\/wp-content\\\/uploads\\\/2021\\\/07\\\/meydan-logo.svg\",\"contentUrl\":\"https:\\\/\\\/www.meydan.tv\\\/wp-content\\\/uploads\\\/2021\\\/07\\\/meydan-logo.svg\",\"width\":195,\"height\":46,\"caption\":\"Meydan TV\"},\"image\":{\"@id\":\"https:\\\/\\\/www.meydan.tv\\\/az\\\/#\\\/schema\\\/logo\\\/image\\\/\"}},{\"@type\":\"Person\",\"@id\":\"https:\\\/\\\/www.meydan.tv\\\/az\\\/#\\\/schema\\\/person\\\/9cdbecf90d17180ce1dfbd95b08dcf47\",\"name\":\"elli\",\"sameAs\":[\"https:\\\/\\\/x.com\\\/elli\"]}]}<\/script>\n<!-- \/ Yoast SEO plugin. -->","yoast_head_json":{"title":"Araz \u018fliyev 25 sutka h\u0259bs c\u0259zas\u0131 al\u0131b (Yenil\u0259nib) - MEYDAN.TV","robots":{"index":"index","follow":"follow","max-snippet":"max-snippet:-1","max-image-preview":"max-image-preview:large","max-video-preview":"max-video-preview:-1"},"canonical":"https:\/\/www.meydan.tv\/az\/article\/vekil-araz-eliyevin-yerini-tapa-bilmir\/","og_locale":"az_AZ","og_type":"article","og_title":"Araz \u018fliyev 25 sutka h\u0259bs c\u0259zas\u0131 al\u0131b (Yenil\u0259nib) - MEYDAN.TV","og_description":"Onun polisin t\u0259l\u0259bin\u0259 tabe olmamas\u0131 s\u0259b\u0259b g\u00f6st\u0259rilir Yeni yaranan \u201cIII ... Davam\u0131","og_url":"https:\/\/www.meydan.tv\/az\/article\/vekil-araz-eliyevin-yerini-tapa-bilmir\/","og_site_name":"MEYDAN.TV","article_published_time":"2023-12-24T10:31:21+00:00","article_modified_time":"2023-12-24T16:13:54+00:00","og_image":[{"width":1200,"height":800,"url":"https:\/\/www.meydan.tv\/wp-content\/uploads\/untitled-design-213.jpg","type":"image\/jpeg"}],"author":"elli","twitter_card":"summary_large_image","twitter_creator":"@elli","schema":{"@context":"https:\/\/schema.org","@graph":[{"@type":"Article","@id":"https:\/\/www.meydan.tv\/az\/article\/vekil-araz-eliyevin-yerini-tapa-bilmir\/#article","isPartOf":{"@id":"https:\/\/www.meydan.tv\/az\/article\/vekil-araz-eliyevin-yerini-tapa-bilmir\/"},"author":{"name":"elli","@id":"https:\/\/www.meydan.tv\/az\/#\/schema\/person\/9cdbecf90d17180ce1dfbd95b08dcf47"},"headline":"Araz \u018fliyev 25 sutka h\u0259bs c\u0259zas\u0131 al\u0131b (Yenil\u0259nib)","datePublished":"2023-12-24T10:31:21+00:00","dateModified":"2023-12-24T16:13:54+00:00","mainEntityOfPage":{"@id":"https:\/\/www.meydan.tv\/az\/article\/vekil-araz-eliyevin-yerini-tapa-bilmir\/"},"wordCount":894,"publisher":{"@id":"https:\/\/www.meydan.tv\/az\/#organization"},"image":{"@id":"https:\/\/www.meydan.tv\/az\/article\/vekil-araz-eliyevin-yerini-tapa-bilmir\/#primaryimage"},"thumbnailUrl":"https:\/\/www.meydan.tv\/wp-content\/uploads\/untitled-design-213.jpg","articleSection":["Siyas\u0259t","T\u00f6vsiy\u0259","Video","X\u0259b\u0259rl\u0259r"],"inLanguage":"az"},{"@type":"WebPage","@id":"https:\/\/www.meydan.tv\/az\/article\/vekil-araz-eliyevin-yerini-tapa-bilmir\/","url":"https:\/\/www.meydan.tv\/az\/article\/vekil-araz-eliyevin-yerini-tapa-bilmir\/","name":"Araz \u018fliyev 25 sutka h\u0259bs c\u0259zas\u0131 al\u0131b (Yenil\u0259nib) - MEYDAN.TV","isPartOf":{"@id":"https:\/\/www.meydan.tv\/az\/#website"},"primaryImageOfPage":{"@id":"https:\/\/www.meydan.tv\/az\/article\/vekil-araz-eliyevin-yerini-tapa-bilmir\/#primaryimage"},"image":{"@id":"https:\/\/www.meydan.tv\/az\/article\/vekil-araz-eliyevin-yerini-tapa-bilmir\/#primaryimage"},"thumbnailUrl":"https:\/\/www.meydan.tv\/wp-content\/uploads\/untitled-design-213.jpg","datePublished":"2023-12-24T10:31:21+00:00","dateModified":"2023-12-24T16:13:54+00:00","breadcrumb":{"@id":"https:\/\/www.meydan.tv\/az\/article\/vekil-araz-eliyevin-yerini-tapa-bilmir\/#breadcrumb"},"inLanguage":"az","potentialAction":[{"@type":"ReadAction","target":["https:\/\/www.meydan.tv\/az\/article\/vekil-araz-eliyevin-yerini-tapa-bilmir\/"]}]},{"@type":"ImageObject","inLanguage":"az","@id":"https:\/\/www.meydan.tv\/az\/article\/vekil-araz-eliyevin-yerini-tapa-bilmir\/#primaryimage","url":"https:\/\/www.meydan.tv\/wp-content\/uploads\/untitled-design-213.jpg","contentUrl":"https:\/\/www.meydan.tv\/wp-content\/uploads\/untitled-design-213.jpg","width":1200,"height":800,"caption":"Foto: Araz \u018fliyevin \u015f\u0259xsi arxivind\u0259n"},{"@type":"BreadcrumbList","@id":"https:\/\/www.meydan.tv\/az\/article\/vekil-araz-eliyevin-yerini-tapa-bilmir\/#breadcrumb","itemListElement":[{"@type":"ListItem","position":1,"name":"Ana s\u0259hif\u0259","item":"https:\/\/www.meydan.tv\/az\/"},{"@type":"ListItem","position":2,"name":"Siyas\u0259t","item":"https:\/\/www.meydan.tv\/az\/section\/siyaset\/"},{"@type":"ListItem","position":3,"name":"Araz \u018fliyev 25 sutka h\u0259bs c\u0259zas\u0131 al\u0131b (Yenil\u0259nib)"}]},{"@type":"WebSite","@id":"https:\/\/www.meydan.tv\/az\/#website","url":"https:\/\/www.meydan.tv\/az\/","name":"MEYDAN.TV","description":"Meydan TV Az\u0259rbaycan\u0131n media m\u0259kan\u0131ndak\u0131 alternativ s\u0259sidir","publisher":{"@id":"https:\/\/www.meydan.tv\/az\/#organization"},"potentialAction":[{"@type":"SearchAction","target":{"@type":"EntryPoint","urlTemplate":"https:\/\/www.meydan.tv\/az\/?s={search_term_string}"},"query-input":{"@type":"PropertyValueSpecification","valueRequired":true,"valueName":"search_term_string"}}],"inLanguage":"az"},{"@type":"Organization","@id":"https:\/\/www.meydan.tv\/az\/#organization","name":"Meydan TV","url":"https:\/\/www.meydan.tv\/az\/","logo":{"@type":"ImageObject","inLanguage":"az","@id":"https:\/\/www.meydan.tv\/az\/#\/schema\/logo\/image\/","url":"https:\/\/www.meydan.tv\/wp-content\/uploads\/2021\/07\/meydan-logo.svg","contentUrl":"https:\/\/www.meydan.tv\/wp-content\/uploads\/2021\/07\/meydan-logo.svg","width":195,"height":46,"caption":"Meydan TV"},"image":{"@id":"https:\/\/www.meydan.tv\/az\/#\/schema\/logo\/image\/"}},{"@type":"Person","@id":"https:\/\/www.meydan.tv\/az\/#\/schema\/person\/9cdbecf90d17180ce1dfbd95b08dcf47","name":"elli","sameAs":["https:\/\/x.com\/elli"]}]}},"_links":{"self":[{"href":"https:\/\/www.meydan.tv\/az\/wp-json\/wp\/v2\/posts\/293872","targetHints":{"allow":["GET"]}}],"collection":[{"href":"https:\/\/www.meydan.tv\/az\/wp-json\/wp\/v2\/posts"}],"about":[{"href":"https:\/\/www.meydan.tv\/az\/wp-json\/wp\/v2\/types\/post"}],"author":[{"embeddable":true,"href":"https:\/\/www.meydan.tv\/az\/wp-json\/wp\/v2\/users\/8"}],"replies":[{"embeddable":true,"href":"https:\/\/www.meydan.tv\/az\/wp-json\/wp\/v2\/comments?post=293872"}],"version-history":[{"count":5,"href":"https:\/\/www.meydan.tv\/az\/wp-json\/wp\/v2\/posts\/293872\/revisions"}],"predecessor-version":[{"id":293884,"href":"https:\/\/www.meydan.tv\/az\/wp-json\/wp\/v2\/posts\/293872\/revisions\/293884"}],"wp:featuredmedia":[{"embeddable":true,"href":"https:\/\/www.meydan.tv\/az\/wp-json\/wp\/v2\/media\/288325"}],"wp:attachment":[{"href":"https:\/\/www.meydan.tv\/az\/wp-json\/wp\/v2\/media?parent=293872"}],"wp:term":[{"taxonomy":"category","embeddable":true,"href":"https:\/\/www.meydan.tv\/az\/wp-json\/wp\/v2\/categories?post=293872"},{"taxonomy":"post_tag","embeddable":true,"href":"https:\/\/www.meydan.tv\/az\/wp-json\/wp\/v2\/tags?post=293872"}],"curies":[{"name":"wp","href":"https:\/\/api.w.org\/{rel}","templated":true}]}}