{"id":293863,"date":"2023-12-24T14:24:08","date_gmt":"2023-12-24T10:24:08","guid":{"rendered":"https:\/\/www.meydan.tv\/?p=293863"},"modified":"2023-12-24T14:24:11","modified_gmt":"2023-12-24T10:24:11","slug":"kxcp-de-seckide-istirak-etmeyecek","status":"publish","type":"post","link":"https:\/\/www.meydan.tv\/az\/article\/kxcp-de-seckide-istirak-etmeyecek\/","title":{"rendered":"KXCP d\u0259 se\u00e7kid\u0259 i\u015ftirak etm\u0259y\u0259c\u0259k"},"content":{"rendered":"\n<p><\/p>\n\n\n\n<p><strong><em>Ayt\u0259kin \u0130mranova: &#8220;Bu g\u00fcn Az\u0259rbaycanda se\u00e7ki komissiyalar\u0131 tamamil\u0259 hakimiyy\u0259tin n\u0259zar\u0259tind\u0259dir, azadl\u0131qlar bo\u011fulur, siyasi m\u0259hbuslar var, b\u00fct\u00fcn bunlar demokratik se\u00e7ki \u015f\u0259raitinin olmad\u0131\u011f\u0131n\u0131n g\u00f6st\u0259ricisidir&#8221;<\/em><\/strong><\/p>\n\n\n\n<p>Klassik Xalq C\u0259bh\u0259si Partiyas\u0131n\u0131n 2024-c\u00fc ilin 7 fevral\u0131nda ke\u00e7iril\u0259c\u0259k n\u00f6vb\u0259d\u0259nk\u0259nar Prezident se\u00e7kil\u0259rind\u0259 i\u015ftirak etm\u0259y\u0259c\u0259yi bildirilir.<\/p>\n\n\n\n<p>Dekabr\u0131n 23-d\u0259 partiyan\u0131n V n\u00f6vb\u0259d\u0259nk\u0259nar Qurultay\u0131nda bel\u0259 q\u0259rar q\u0259bul olunub.<\/p>\n\n\n\n<p>Bu bar\u0259d\u0259 Meydan TV-y\u0259 \u0130dar\u0259 Hey\u0259tinin \u00fczv\u00fc, M\u0259clis s\u0259drinin m\u00fcavini Ayt\u0259kin \u0130mranova m\u0259lumat verib.<\/p>\n\n\n\n<p>A.\u0130mranova deyib ki, partiya m\u0259clisi se\u00e7kid\u0259 i\u015ftirak etm\u0259m\u0259k bar\u0259d\u0259 q\u0259rar q\u0259bul edib v\u0259 qurultayda\u00a0 h\u0259min q\u0259rar\u0131 t\u0259sdiql\u0259nib. H\u0259m\u00e7inin \u018fdliyy\u0259 Nazirliyin\u0259 s\u0259n\u0259dl\u0259ri t\u0259qdim etm\u0259k \u00fc\u00e7\u00fcn nizamnam\u0259d\u0259 bir s\u0131ra d\u0259yi\u015fiklikl\u0259ri ger\u00e7\u0259kl\u0259\u015fdirib.<\/p>\n\n\n\n<p>A.\u0130mranovan\u0131n s\u00f6zl\u0259rin\u0259 g\u00f6r\u0259, se\u00e7kid\u0259 i\u015ftirak etm\u0259m\u0259k q\u0259rar\u0131 siyasi v\u0259ziyy\u0259td\u0259n ir\u0259li g\u0259lir:<\/p>\n\n\n\n<p><em>&#8220;Bu g\u00fcn Az\u0259rbaycanda se\u00e7ki komissiyalar\u0131 tamamil\u0259 hakimiyy\u0259tin n\u0259zar\u0259tind\u0259dir, azadl\u0131qlar bo\u011fulur, siyasi m\u0259hbuslar var, b\u00fct\u00fcn bunlar demokratik se\u00e7ki \u015f\u0259raitinin olmad\u0131\u011f\u0131n\u0131n g\u00f6st\u0259ricisidir&#8221;.<\/em><\/p>\n\n\n<div class=\"wp-block-image\">\n<figure class=\"aligncenter size-full\"><img decoding=\"async\" width=\"1000\" height=\"750\" data-src=\"https:\/\/www.meydan.tv\/wp-content\/uploads\/413907144_3488374738142557_1876905902446053539_n.jpg\" alt=\"\" class=\"wp-image-293864 lazyload\" src=\"data:image\/svg+xml;base64,PHN2ZyB3aWR0aD0iMSIgaGVpZ2h0PSIxIiB4bWxucz0iaHR0cDovL3d3dy53My5vcmcvMjAwMC9zdmciPjwvc3ZnPg==\" style=\"--smush-placeholder-width: 1000px; --smush-placeholder-aspect-ratio: 1000\/750;\" \/><\/figure>\n<\/div>\n\n\n<p>Bu g\u00fcn\u0259 q\u0259d\u0259r<a href=\"https:\/\/storage.googleapis.com\/qurium\/www.meydan.tv\/az-article-axcp-de-seckide-istirak-etmeyecek.html\"> AXCP<\/a> v\u0259<a href=\"https:\/\/storage.googleapis.com\/qurium\/www.meydan.tv\/az-article-musavat-novbedenkenar-seckide-istirakdan-imtina-edib.html\"> M\u00fcsavat <\/a>se\u00e7kil\u0259ri boykot edib.<\/p>\n\n\n\n<p>2024-c\u00fc ilin fevral\u0131n 7-d\u0259 Az\u0259rbaycanda n\u00f6vb\u0259d\u0259nk\u0259nar Prezident se\u00e7kil\u0259ri ke\u00e7iril\u0259c\u0259k. \u0130lham \u018fliyev dekabr\u0131n 7-d\u0259 bununla ba\u011fl\u0131 s\u0259r\u0259ncam imzalay\u0131b.<\/p>\n\n\n\n<p>Bu g\u00fcn\u0259 q\u0259d\u0259r \u00f6lk\u0259 ba\u015f\u00e7\u0131s\u0131 <a href=\"https:\/\/storage.googleapis.com\/qurium\/www.meydan.tv\/az-article-yap-namizedini-resmen-aciqladi.html\">\u0130lham \u018fliyev<\/a>, B\u00f6y\u00fck Qurulu\u015f Partiyas\u0131n\u0131n ba\u015fqan\u0131 <a href=\"https:\/\/storage.googleapis.com\/qurium\/www.meydan.tv\/az-article-fazil-mustafa-da-prezidentliye-namized-olacaq.html\">Fazil Mustafa<\/a>, Sosial T\u0259dqiqatlar M\u0259rk\u0259zinin (STM) s\u0259dri, deputat <a href=\"https:\/\/storage.googleapis.com\/qurium\/www.meydan.tv\/az-article-zahid-oruc-da-prezidentliye-namized-olacaq.html\">Zahid Oruc,<\/a> B\u00f6y\u00fck Az\u0259rbaycan Partiyas\u0131n\u0131n s\u0259dri <a href=\"https:\/\/storage.googleapis.com\/qurium\/www.meydan.tv\/az-article-elsad-musayev-de-prezident-olmaq-isteyir.html\">El\u015fad Musayev,<\/a> B\u00fct\u00f6v Az\u0259rbaycan Xalq C\u0259bh\u0259si Partiyas\u0131n\u0131n s\u0259dri (BAXCP), deputat <a href=\"https:\/\/d9mc3ts4czbpr.cloudfront.net\/az\/article\/qudret-hesenquliyev-yene-namized-olacaq\/\">Q\u00fcdr\u0259t H\u0259s\u0259nquliyev<\/a>, Milli C\u0259bh\u0259 Partiyas\u0131n\u0131n s\u0259dri, deputat <a href=\"https:\/\/storage.googleapis.com\/qurium\/www.meydan.tv\/az-article-razi-nurullayev-de-namizedliyini-ireli-surub.html\">Razi Nurullayev<\/a>, <a href=\"https:\/\/d9mc3ts4czbpr.cloudfront.net\/az\/article\/fealiyyetini-dayandiran-partiyanin-sedri-prezidentliye-namized-olacaq\/\">Fuad \u018fliyev<\/a> v\u0259 <a href=\"https:\/\/storage.googleapis.com\/qurium\/www.meydan.tv\/az-article-yunus-oguz-bu-seckide-de-namizedliyini-ireli-surur.html\">Yunus O\u011fuz <\/a>namiz\u0259dlikl\u0259rini ir\u0259li s\u00fcr\u00fcbl\u0259r.<\/p>\n\n\n\n<p>\u00dcmid v\u0259 Haqq \u018fdal\u0259t partiyalar\u0131 se\u00e7kid\u0259 \u0130lham \u018fliyevi d\u0259st\u0259kl\u0259y\u0259c\u0259kl\u0259rini <a href=\"https:\/\/storage.googleapis.com\/qurium\/www.meydan.tv\/az-article-umid-ve-haqq-edalet-partiyalari-ilham-eliyevi-destekleyecek.html\">bildiribl\u0259r.<\/a><\/p>\n\n\n\n<p>Az\u0259rbaycanda sonuncu d\u0259f\u0259 Prezident se\u00e7kil\u0259ri 2018-ci il aprelin 11-d\u0259 ke\u00e7irilib. H\u0259min se\u00e7kil\u0259r d\u0259 n\u00f6vb\u0259d\u0259nk\u0259nar olub.<\/p>\n\n\n\n<p>\u0130lham \u018fliyev 20 ildir ki, Prezident v\u0259zif\u0259sini icra edir.<\/p>\n","protected":false},"excerpt":{"rendered":"<p>Ayt\u0259kin \u0130mranova: &#8220;Bu g\u00fcn Az\u0259rbaycanda se\u00e7ki komissiyalar\u0131 tamamil\u0259 hakimiyy\u0259tin n\u0259zar\u0259tind\u0259dir, &#8230; <\/p>\n<p class=\"read-more-container\"><a title=\"KXCP d\u0259 se\u00e7kid\u0259 i\u015ftirak etm\u0259y\u0259c\u0259k\" class=\"read-more button\" href=\"https:\/\/www.meydan.tv\/az\/article\/kxcp-de-seckide-istirak-etmeyecek\/#more-293863\" aria-label=\"Read more about KXCP d\u0259 se\u00e7kid\u0259 i\u015ftirak etm\u0259y\u0259c\u0259k\">Davam\u0131<\/a><\/p>\n","protected":false},"author":8,"featured_media":293867,"comment_status":"closed","ping_status":"closed","sticky":false,"template":"","format":"standard","meta":{"_acf_changed":false,"_sitemap_exclude":false,"_sitemap_priority":"","_sitemap_frequency":"","footnotes":""},"categories":[129,59,56],"tags":[],"class_list":["post-293863","post","type-post","status-publish","format-standard","has-post-thumbnail","hentry","category-sechki-2024","category-siyaset","category-xeberler","infinite-scroll-item","generate-columns","tablet-grid-50","mobile-grid-100","grid-parent","grid-33","no-featured-image-padding"],"acf":[],"yoast_head":"<!-- This site is optimized with the Yoast SEO plugin v27.4 - https:\/\/yoast.com\/product\/yoast-seo-wordpress\/ -->\n<title>KXCP d\u0259 se\u00e7kid\u0259 i\u015ftirak etm\u0259y\u0259c\u0259k - MEYDAN.TV<\/title>\n<meta name=\"robots\" content=\"index, follow, max-snippet:-1, max-image-preview:large, max-video-preview:-1\" \/>\n<link rel=\"canonical\" href=\"https:\/\/www.meydan.tv\/az\/article\/kxcp-de-seckide-istirak-etmeyecek\/\" \/>\n<meta property=\"og:locale\" content=\"az_AZ\" \/>\n<meta property=\"og:type\" content=\"article\" \/>\n<meta property=\"og:title\" content=\"KXCP d\u0259 se\u00e7kid\u0259 i\u015ftirak etm\u0259y\u0259c\u0259k - MEYDAN.TV\" \/>\n<meta property=\"og:description\" content=\"Ayt\u0259kin \u0130mranova: &#8220;Bu g\u00fcn Az\u0259rbaycanda se\u00e7ki komissiyalar\u0131 tamamil\u0259 hakimiyy\u0259tin n\u0259zar\u0259tind\u0259dir, ... Davam\u0131\" \/>\n<meta property=\"og:url\" content=\"https:\/\/www.meydan.tv\/az\/article\/kxcp-de-seckide-istirak-etmeyecek\/\" \/>\n<meta property=\"og:site_name\" content=\"MEYDAN.TV\" \/>\n<meta property=\"article:published_time\" content=\"2023-12-24T10:24:08+00:00\" \/>\n<meta property=\"article:modified_time\" content=\"2023-12-24T10:24:11+00:00\" \/>\n<meta property=\"og:image\" content=\"https:\/\/www.meydan.tv\/wp-content\/uploads\/414439769_3488374538142577_3404253931195398248_n.jpg\" \/>\n\t<meta property=\"og:image:width\" content=\"1500\" \/>\n\t<meta property=\"og:image:height\" content=\"844\" \/>\n\t<meta property=\"og:image:type\" content=\"image\/jpeg\" \/>\n<meta name=\"author\" content=\"elli\" \/>\n<meta name=\"twitter:card\" content=\"summary_large_image\" \/>\n<meta name=\"twitter:creator\" content=\"@elli\" \/>\n<script type=\"application\/ld+json\" class=\"yoast-schema-graph\">{\"@context\":\"https:\\\/\\\/schema.org\",\"@graph\":[{\"@type\":\"Article\",\"@id\":\"https:\\\/\\\/www.meydan.tv\\\/az\\\/article\\\/kxcp-de-seckide-istirak-etmeyecek\\\/#article\",\"isPartOf\":{\"@id\":\"https:\\\/\\\/www.meydan.tv\\\/az\\\/article\\\/kxcp-de-seckide-istirak-etmeyecek\\\/\"},\"author\":{\"name\":\"elli\",\"@id\":\"https:\\\/\\\/www.meydan.tv\\\/az\\\/#\\\/schema\\\/person\\\/9cdbecf90d17180ce1dfbd95b08dcf47\"},\"headline\":\"KXCP d\u0259 se\u00e7kid\u0259 i\u015ftirak etm\u0259y\u0259c\u0259k\",\"datePublished\":\"2023-12-24T10:24:08+00:00\",\"dateModified\":\"2023-12-24T10:24:11+00:00\",\"mainEntityOfPage\":{\"@id\":\"https:\\\/\\\/www.meydan.tv\\\/az\\\/article\\\/kxcp-de-seckide-istirak-etmeyecek\\\/\"},\"wordCount\":440,\"publisher\":{\"@id\":\"https:\\\/\\\/www.meydan.tv\\\/az\\\/#organization\"},\"image\":{\"@id\":\"https:\\\/\\\/www.meydan.tv\\\/az\\\/article\\\/kxcp-de-seckide-istirak-etmeyecek\\\/#primaryimage\"},\"thumbnailUrl\":\"https:\\\/\\\/www.meydan.tv\\\/wp-content\\\/uploads\\\/414439769_3488374538142577_3404253931195398248_n.jpg\",\"articleSection\":[\"Se\u00e7ki 2024\",\"Siyas\u0259t\",\"X\u0259b\u0259rl\u0259r\"],\"inLanguage\":\"az\"},{\"@type\":\"WebPage\",\"@id\":\"https:\\\/\\\/www.meydan.tv\\\/az\\\/article\\\/kxcp-de-seckide-istirak-etmeyecek\\\/\",\"url\":\"https:\\\/\\\/www.meydan.tv\\\/az\\\/article\\\/kxcp-de-seckide-istirak-etmeyecek\\\/\",\"name\":\"KXCP d\u0259 se\u00e7kid\u0259 i\u015ftirak etm\u0259y\u0259c\u0259k - MEYDAN.TV\",\"isPartOf\":{\"@id\":\"https:\\\/\\\/www.meydan.tv\\\/az\\\/#website\"},\"primaryImageOfPage\":{\"@id\":\"https:\\\/\\\/www.meydan.tv\\\/az\\\/article\\\/kxcp-de-seckide-istirak-etmeyecek\\\/#primaryimage\"},\"image\":{\"@id\":\"https:\\\/\\\/www.meydan.tv\\\/az\\\/article\\\/kxcp-de-seckide-istirak-etmeyecek\\\/#primaryimage\"},\"thumbnailUrl\":\"https:\\\/\\\/www.meydan.tv\\\/wp-content\\\/uploads\\\/414439769_3488374538142577_3404253931195398248_n.jpg\",\"datePublished\":\"2023-12-24T10:24:08+00:00\",\"dateModified\":\"2023-12-24T10:24:11+00:00\",\"breadcrumb\":{\"@id\":\"https:\\\/\\\/www.meydan.tv\\\/az\\\/article\\\/kxcp-de-seckide-istirak-etmeyecek\\\/#breadcrumb\"},\"inLanguage\":\"az\",\"potentialAction\":[{\"@type\":\"ReadAction\",\"target\":[\"https:\\\/\\\/www.meydan.tv\\\/az\\\/article\\\/kxcp-de-seckide-istirak-etmeyecek\\\/\"]}]},{\"@type\":\"ImageObject\",\"inLanguage\":\"az\",\"@id\":\"https:\\\/\\\/www.meydan.tv\\\/az\\\/article\\\/kxcp-de-seckide-istirak-etmeyecek\\\/#primaryimage\",\"url\":\"https:\\\/\\\/www.meydan.tv\\\/wp-content\\\/uploads\\\/414439769_3488374538142577_3404253931195398248_n.jpg\",\"contentUrl\":\"https:\\\/\\\/www.meydan.tv\\\/wp-content\\\/uploads\\\/414439769_3488374538142577_3404253931195398248_n.jpg\",\"width\":1500,\"height\":844,\"caption\":\"Klassik Xalq C\u0259bh\u0259si Partiyas\u0131. Foto: sosial \u015f\u0259b\u0259k\u0259\"},{\"@type\":\"BreadcrumbList\",\"@id\":\"https:\\\/\\\/www.meydan.tv\\\/az\\\/article\\\/kxcp-de-seckide-istirak-etmeyecek\\\/#breadcrumb\",\"itemListElement\":[{\"@type\":\"ListItem\",\"position\":1,\"name\":\"Ana s\u0259hif\u0259\",\"item\":\"https:\\\/\\\/www.meydan.tv\\\/az\\\/\"},{\"@type\":\"ListItem\",\"position\":2,\"name\":\"Siyas\u0259t\",\"item\":\"https:\\\/\\\/www.meydan.tv\\\/az\\\/section\\\/siyaset\\\/\"},{\"@type\":\"ListItem\",\"position\":3,\"name\":\"KXCP d\u0259 se\u00e7kid\u0259 i\u015ftirak etm\u0259y\u0259c\u0259k\"}]},{\"@type\":\"WebSite\",\"@id\":\"https:\\\/\\\/www.meydan.tv\\\/az\\\/#website\",\"url\":\"https:\\\/\\\/www.meydan.tv\\\/az\\\/\",\"name\":\"MEYDAN.TV\",\"description\":\"Meydan TV Az\u0259rbaycan\u0131n media m\u0259kan\u0131ndak\u0131 alternativ s\u0259sidir\",\"publisher\":{\"@id\":\"https:\\\/\\\/www.meydan.tv\\\/az\\\/#organization\"},\"potentialAction\":[{\"@type\":\"SearchAction\",\"target\":{\"@type\":\"EntryPoint\",\"urlTemplate\":\"https:\\\/\\\/www.meydan.tv\\\/az\\\/?s={search_term_string}\"},\"query-input\":{\"@type\":\"PropertyValueSpecification\",\"valueRequired\":true,\"valueName\":\"search_term_string\"}}],\"inLanguage\":\"az\"},{\"@type\":\"Organization\",\"@id\":\"https:\\\/\\\/www.meydan.tv\\\/az\\\/#organization\",\"name\":\"Meydan TV\",\"url\":\"https:\\\/\\\/www.meydan.tv\\\/az\\\/\",\"logo\":{\"@type\":\"ImageObject\",\"inLanguage\":\"az\",\"@id\":\"https:\\\/\\\/www.meydan.tv\\\/az\\\/#\\\/schema\\\/logo\\\/image\\\/\",\"url\":\"https:\\\/\\\/www.meydan.tv\\\/wp-content\\\/uploads\\\/2021\\\/07\\\/meydan-logo.svg\",\"contentUrl\":\"https:\\\/\\\/www.meydan.tv\\\/wp-content\\\/uploads\\\/2021\\\/07\\\/meydan-logo.svg\",\"width\":195,\"height\":46,\"caption\":\"Meydan TV\"},\"image\":{\"@id\":\"https:\\\/\\\/www.meydan.tv\\\/az\\\/#\\\/schema\\\/logo\\\/image\\\/\"}},{\"@type\":\"Person\",\"@id\":\"https:\\\/\\\/www.meydan.tv\\\/az\\\/#\\\/schema\\\/person\\\/9cdbecf90d17180ce1dfbd95b08dcf47\",\"name\":\"elli\",\"sameAs\":[\"https:\\\/\\\/x.com\\\/elli\"]}]}<\/script>\n<!-- \/ Yoast SEO plugin. -->","yoast_head_json":{"title":"KXCP d\u0259 se\u00e7kid\u0259 i\u015ftirak etm\u0259y\u0259c\u0259k - MEYDAN.TV","robots":{"index":"index","follow":"follow","max-snippet":"max-snippet:-1","max-image-preview":"max-image-preview:large","max-video-preview":"max-video-preview:-1"},"canonical":"https:\/\/www.meydan.tv\/az\/article\/kxcp-de-seckide-istirak-etmeyecek\/","og_locale":"az_AZ","og_type":"article","og_title":"KXCP d\u0259 se\u00e7kid\u0259 i\u015ftirak etm\u0259y\u0259c\u0259k - MEYDAN.TV","og_description":"Ayt\u0259kin \u0130mranova: &#8220;Bu g\u00fcn Az\u0259rbaycanda se\u00e7ki komissiyalar\u0131 tamamil\u0259 hakimiyy\u0259tin n\u0259zar\u0259tind\u0259dir, ... Davam\u0131","og_url":"https:\/\/www.meydan.tv\/az\/article\/kxcp-de-seckide-istirak-etmeyecek\/","og_site_name":"MEYDAN.TV","article_published_time":"2023-12-24T10:24:08+00:00","article_modified_time":"2023-12-24T10:24:11+00:00","og_image":[{"width":1500,"height":844,"url":"https:\/\/www.meydan.tv\/wp-content\/uploads\/414439769_3488374538142577_3404253931195398248_n.jpg","type":"image\/jpeg"}],"author":"elli","twitter_card":"summary_large_image","twitter_creator":"@elli","schema":{"@context":"https:\/\/schema.org","@graph":[{"@type":"Article","@id":"https:\/\/www.meydan.tv\/az\/article\/kxcp-de-seckide-istirak-etmeyecek\/#article","isPartOf":{"@id":"https:\/\/www.meydan.tv\/az\/article\/kxcp-de-seckide-istirak-etmeyecek\/"},"author":{"name":"elli","@id":"https:\/\/www.meydan.tv\/az\/#\/schema\/person\/9cdbecf90d17180ce1dfbd95b08dcf47"},"headline":"KXCP d\u0259 se\u00e7kid\u0259 i\u015ftirak etm\u0259y\u0259c\u0259k","datePublished":"2023-12-24T10:24:08+00:00","dateModified":"2023-12-24T10:24:11+00:00","mainEntityOfPage":{"@id":"https:\/\/www.meydan.tv\/az\/article\/kxcp-de-seckide-istirak-etmeyecek\/"},"wordCount":440,"publisher":{"@id":"https:\/\/www.meydan.tv\/az\/#organization"},"image":{"@id":"https:\/\/www.meydan.tv\/az\/article\/kxcp-de-seckide-istirak-etmeyecek\/#primaryimage"},"thumbnailUrl":"https:\/\/www.meydan.tv\/wp-content\/uploads\/414439769_3488374538142577_3404253931195398248_n.jpg","articleSection":["Se\u00e7ki 2024","Siyas\u0259t","X\u0259b\u0259rl\u0259r"],"inLanguage":"az"},{"@type":"WebPage","@id":"https:\/\/www.meydan.tv\/az\/article\/kxcp-de-seckide-istirak-etmeyecek\/","url":"https:\/\/www.meydan.tv\/az\/article\/kxcp-de-seckide-istirak-etmeyecek\/","name":"KXCP d\u0259 se\u00e7kid\u0259 i\u015ftirak etm\u0259y\u0259c\u0259k - MEYDAN.TV","isPartOf":{"@id":"https:\/\/www.meydan.tv\/az\/#website"},"primaryImageOfPage":{"@id":"https:\/\/www.meydan.tv\/az\/article\/kxcp-de-seckide-istirak-etmeyecek\/#primaryimage"},"image":{"@id":"https:\/\/www.meydan.tv\/az\/article\/kxcp-de-seckide-istirak-etmeyecek\/#primaryimage"},"thumbnailUrl":"https:\/\/www.meydan.tv\/wp-content\/uploads\/414439769_3488374538142577_3404253931195398248_n.jpg","datePublished":"2023-12-24T10:24:08+00:00","dateModified":"2023-12-24T10:24:11+00:00","breadcrumb":{"@id":"https:\/\/www.meydan.tv\/az\/article\/kxcp-de-seckide-istirak-etmeyecek\/#breadcrumb"},"inLanguage":"az","potentialAction":[{"@type":"ReadAction","target":["https:\/\/www.meydan.tv\/az\/article\/kxcp-de-seckide-istirak-etmeyecek\/"]}]},{"@type":"ImageObject","inLanguage":"az","@id":"https:\/\/www.meydan.tv\/az\/article\/kxcp-de-seckide-istirak-etmeyecek\/#primaryimage","url":"https:\/\/www.meydan.tv\/wp-content\/uploads\/414439769_3488374538142577_3404253931195398248_n.jpg","contentUrl":"https:\/\/www.meydan.tv\/wp-content\/uploads\/414439769_3488374538142577_3404253931195398248_n.jpg","width":1500,"height":844,"caption":"Klassik Xalq C\u0259bh\u0259si Partiyas\u0131. Foto: sosial \u015f\u0259b\u0259k\u0259"},{"@type":"BreadcrumbList","@id":"https:\/\/www.meydan.tv\/az\/article\/kxcp-de-seckide-istirak-etmeyecek\/#breadcrumb","itemListElement":[{"@type":"ListItem","position":1,"name":"Ana s\u0259hif\u0259","item":"https:\/\/www.meydan.tv\/az\/"},{"@type":"ListItem","position":2,"name":"Siyas\u0259t","item":"https:\/\/www.meydan.tv\/az\/section\/siyaset\/"},{"@type":"ListItem","position":3,"name":"KXCP d\u0259 se\u00e7kid\u0259 i\u015ftirak etm\u0259y\u0259c\u0259k"}]},{"@type":"WebSite","@id":"https:\/\/www.meydan.tv\/az\/#website","url":"https:\/\/www.meydan.tv\/az\/","name":"MEYDAN.TV","description":"Meydan TV Az\u0259rbaycan\u0131n media m\u0259kan\u0131ndak\u0131 alternativ s\u0259sidir","publisher":{"@id":"https:\/\/www.meydan.tv\/az\/#organization"},"potentialAction":[{"@type":"SearchAction","target":{"@type":"EntryPoint","urlTemplate":"https:\/\/www.meydan.tv\/az\/?s={search_term_string}"},"query-input":{"@type":"PropertyValueSpecification","valueRequired":true,"valueName":"search_term_string"}}],"inLanguage":"az"},{"@type":"Organization","@id":"https:\/\/www.meydan.tv\/az\/#organization","name":"Meydan TV","url":"https:\/\/www.meydan.tv\/az\/","logo":{"@type":"ImageObject","inLanguage":"az","@id":"https:\/\/www.meydan.tv\/az\/#\/schema\/logo\/image\/","url":"https:\/\/www.meydan.tv\/wp-content\/uploads\/2021\/07\/meydan-logo.svg","contentUrl":"https:\/\/www.meydan.tv\/wp-content\/uploads\/2021\/07\/meydan-logo.svg","width":195,"height":46,"caption":"Meydan TV"},"image":{"@id":"https:\/\/www.meydan.tv\/az\/#\/schema\/logo\/image\/"}},{"@type":"Person","@id":"https:\/\/www.meydan.tv\/az\/#\/schema\/person\/9cdbecf90d17180ce1dfbd95b08dcf47","name":"elli","sameAs":["https:\/\/x.com\/elli"]}]}},"_links":{"self":[{"href":"https:\/\/www.meydan.tv\/az\/wp-json\/wp\/v2\/posts\/293863","targetHints":{"allow":["GET"]}}],"collection":[{"href":"https:\/\/www.meydan.tv\/az\/wp-json\/wp\/v2\/posts"}],"about":[{"href":"https:\/\/www.meydan.tv\/az\/wp-json\/wp\/v2\/types\/post"}],"author":[{"embeddable":true,"href":"https:\/\/www.meydan.tv\/az\/wp-json\/wp\/v2\/users\/8"}],"replies":[{"embeddable":true,"href":"https:\/\/www.meydan.tv\/az\/wp-json\/wp\/v2\/comments?post=293863"}],"version-history":[{"count":1,"href":"https:\/\/www.meydan.tv\/az\/wp-json\/wp\/v2\/posts\/293863\/revisions"}],"predecessor-version":[{"id":293870,"href":"https:\/\/www.meydan.tv\/az\/wp-json\/wp\/v2\/posts\/293863\/revisions\/293870"}],"wp:featuredmedia":[{"embeddable":true,"href":"https:\/\/www.meydan.tv\/az\/wp-json\/wp\/v2\/media\/293867"}],"wp:attachment":[{"href":"https:\/\/www.meydan.tv\/az\/wp-json\/wp\/v2\/media?parent=293863"}],"wp:term":[{"taxonomy":"category","embeddable":true,"href":"https:\/\/www.meydan.tv\/az\/wp-json\/wp\/v2\/categories?post=293863"},{"taxonomy":"post_tag","embeddable":true,"href":"https:\/\/www.meydan.tv\/az\/wp-json\/wp\/v2\/tags?post=293863"}],"curies":[{"name":"wp","href":"https:\/\/api.w.org\/{rel}","templated":true}]}}