{"id":293847,"date":"2023-12-24T10:58:39","date_gmt":"2023-12-24T06:58:39","guid":{"rendered":"https:\/\/www.meydan.tv\/?p=293847"},"modified":"2023-12-27T22:52:02","modified_gmt":"2023-12-27T18:52:02","slug":"tenha-ana-is-tapa-bilmir-icra-hakimiyyeti-ise-oqismetinden-narazi-ola-biler-bizden-yox-deyir","status":"publish","type":"post","link":"https:\/\/www.meydan.tv\/az\/article\/tenha-ana-is-tapa-bilmir-icra-hakimiyyeti-ise-oqismetinden-narazi-ola-biler-bizden-yox-deyir\/","title":{"rendered":"T\u0259nha ana i\u015f tapa bilmir, icra hakimiyy\u0259ti is\u0259 \u201co, qism\u0259tind\u0259n naraz\u0131 ola bil\u0259r, bizd\u0259n yox\u201d deyir"},"content":{"rendered":"\n<p><\/p>\n\n\n\n<p><strong><em>Ekpert: \u201cT\u0259kvalideynli ail\u0259l\u0259r\u0259 veril\u0259n m\u00fcavin\u0259tl\u0259r art\u0131r\u0131lmal\u0131, h\u0259min ail\u0259l\u0259r sosial h\u0259ssas qrup kimi d\u00f6vl\u0259t n\u0259zar\u0259tin\u0259 g\u00f6t\u00fcrm\u0259lidir\u201d<\/em><\/strong><\/p>\n\n\n\n<p><em>&#8220;Pul d\u0259rdind\u0259n he\u00e7 yer\u0259 ged\u0259 bilmirik, he\u00e7 n\u0259 ala bilmirik. \u00d6vlad\u0131m\u0131n paltosu, qal\u0131n \u00fcst geyimi yoxdur. D\u0259mir toplay\u0131b sat\u0131b, ona yun paltar ald\u0131m ki, he\u00e7 olmasa \u00fc\u015f\u00fcm\u0259sin. Soyuducuma aylarla \u0259t, \u0259rzaq girmir. He\u00e7 i\u015fl\u0259mir, xarab olub. Bir u\u015faq doyunca yem\u0259k yemir, geyinmir, k\u00f6hn\u0259 su ke\u00e7ir\u0259n ayaqqab\u0131 il\u0259 gedir m\u0259kt\u0259b\u0259. Deyir ki, ana \u0259t olsayd\u0131, dolma bi\u015fir\u0259rdin. H\u00f6nk\u00fcr-h\u00f6nk\u00fcr a\u011flay\u0131ram. Ev d\u0259 s\u00f6k\u00fcl\u00fcr, t\u00f6k\u00fcl\u00fcr bax\u0131ms\u0131zl\u0131qdan. T\u0259nha, x\u0259st\u0259 anayam, kims\u0259d\u0259n yard\u0131m yox, d\u00f6vl\u0259t d\u0259 k\u00f6m\u0259k etmir&#8221;.<\/em><\/p>\n\n\n\n<p>G\u00f6y\u00e7ay rayonunun L\u0259k\u00e7\u0131plaq k\u0259nd sakini Qumru Mahmudova bel\u0259 deyir.<\/p>\n\n\n\n<p><strong>&#8220;Get i\u015f tap, i\u015fl\u0259, s\u0259n\u0259 d\u00fc\u015fm\u00fcr&#8221;<\/strong><\/p>\n\n\n\n<p>Qumru Mahmudova t\u0259k o\u011ful \u00f6vlad\u0131 il\u0259 ac\u0131nacaql\u0131, k\u00f6m\u0259ksiz v\u0259ziyy\u0259td\u0259 ya\u015famas\u0131ndan \u015fikay\u0259t\u00e7idir. Yeddi il \u00f6nc\u0259 h\u0259yat yolda\u015f\u0131 a\u011f\u0131r x\u0259st\u0259likd\u0259n v\u0259fat edib, el\u0259 o vaxtdan da Mahmudovlar ail\u0259si \u00e7\u0131x\u0131lmaz v\u0259ziyy\u0259t\u0259 d\u00fc\u015f\u00fcb. 56 ya\u015fl\u0131 ana 12 ya\u015fl\u0131 o\u011fulu il\u0259 birg\u0259 ail\u0259 ba\u015f\u00e7\u0131s\u0131n\u0131 itirm\u0259y\u0259 g\u00f6r\u0259 veril\u0259n pensiya il\u0259 dolanmaq m\u0259cburiyy\u0259tind\u0259dir.<\/p>\n\n\n<div class=\"wp-block-image\">\n<figure class=\"aligncenter size-large\"><img decoding=\"async\" width=\"1200\" height=\"675\" data-src=\"https:\/\/www.meydan.tv\/wp-content\/uploads\/img-20231218-wa0040-1200x675.jpg\" alt=\"\" class=\"wp-image-293835 lazyload\" src=\"data:image\/svg+xml;base64,PHN2ZyB3aWR0aD0iMSIgaGVpZ2h0PSIxIiB4bWxucz0iaHR0cDovL3d3dy53My5vcmcvMjAwMC9zdmciPjwvc3ZnPg==\" style=\"--smush-placeholder-width: 1200px; --smush-placeholder-aspect-ratio: 1200\/675;\" \/><\/figure>\n<\/div>\n\n\n<p>T\u0259nha ana deyir ki, 120 manatl\u0131q pensiya da ail\u0259nin kommunal v\u0259 qism\u0259n \u0259rzaq ehtiyac\u0131n\u0131 \u00f6d\u0259yir. Susuzluq, x\u0259st\u0259lik v\u0259 maddi v\u0259sait yoxlu\u011fu \u00fcz\u00fcnd\u0259n \u0259kinl\u0259 m\u0259\u015f\u011ful ola bilmir. \u0130ll\u0259rdir ki, \u00fcnvanl\u0131 sosial yard\u0131m \u00fc\u00e7\u00fcn ayaq d\u00f6yd\u00fcy\u00fc aidiyy\u0259ti qurumlardan &#8220;xeyr, siz\u0259 d\u00fc\u015fm\u00fcr, get i\u015f tap, i\u015fl\u0259&#8221; cavab\u0131n\u0131 al\u0131r. \u00c7ar\u0259siz v\u0259ziyy\u0259td\u0259 qald\u0131\u011f\u0131n\u0131 dey\u0259n ana ya\u015fa g\u00f6r\u0259 sosial m\u00fcavin\u0259t \u00fc\u00e7\u00fcn etdiyi m\u00fcraci\u0259t\u0259 d\u0259 &#8220;siz\u0259 sosial m\u00fcavin\u0259t d\u0259 d\u00fc\u015fm\u00fcr&#8221; cavab\u0131n\u0131 al\u0131b.<\/p>\n\n\n\n<p>Qad\u0131n deyir ki, \u00f6z\u00fc d\u0259 qeydiyyatda olan \u015f\u0259k\u0259r x\u0259st\u0259sidir:<\/p>\n\n\n\n<p><em>&#8220;H\u0259yat yolda\u015f\u0131m sa\u011f olanda onun pensiyas\u0131 v\u0259 \u0259kin-bi\u00e7inl\u0259 dolan\u0131rd\u0131q. Qarda\u015f\u0131m da k\u00f6m\u0259k edirdi. O da art\u0131q a\u011f\u0131r yataq x\u0259st\u0259sidir, k\u00f6m\u0259k ed\u0259 bilmir. H\u0259yat yolda\u015f\u0131m \u00f6l\u0259nd\u0259n sonra c\u0259mi \u00fc\u00e7 d\u0259f\u0259 \u0259rzaq yard\u0131m\u0131 etdil\u0259r, onu da \u015fikay\u0259tl\u0259 k\u0259sdil\u0259r ki, b\u0259sindir. Bir d\u0259 \u00f6vlad\u0131m\u0131n be\u015f ya\u015f\u0131ndan s\u0259kkiz ya\u015f\u0131na q\u0259d\u0259r 80 manat bax\u0131m pulu verilib. Sonra k\u0259silib\u201d.<\/em><\/p>\n\n\n<div class=\"wp-block-image\">\n<figure class=\"aligncenter size-large\"><img decoding=\"async\" width=\"1200\" height=\"675\" data-src=\"https:\/\/www.meydan.tv\/wp-content\/uploads\/download-20-1200x675.png\" alt=\"\" class=\"wp-image-293823 lazyload\" src=\"data:image\/svg+xml;base64,PHN2ZyB3aWR0aD0iMSIgaGVpZ2h0PSIxIiB4bWxucz0iaHR0cDovL3d3dy53My5vcmcvMjAwMC9zdmciPjwvc3ZnPg==\" style=\"--smush-placeholder-width: 1200px; --smush-placeholder-aspect-ratio: 1200\/675;\" \/><\/figure>\n<\/div>\n\n\n<p>\u201c<em>D\u00f6rd ildir ki, \u00fcnvanl\u0131 sosial yard\u0131m almaq \u00fc\u00e7\u00fcn quruma ayaq d\u00f6y\u00fcr\u0259m. H\u0259yat yolda\u015f\u0131m\u0131n sa\u011fl\u0131\u011f\u0131nda sosial m\u00fcavin\u0259t\u0259 g\u00f6r\u0259 m\u00fcraci\u0259timiz\u0259 m\u0259nfi cavab verdil\u0259r. \u0130ndi n\u0259 sosial m\u00fcavin\u0259t var, n\u0259 h\u0259yat yolda\u015f\u0131m. M\u0259ni s\u00fcr\u00fcnd\u00fcr\u00fcrl\u0259r yollarda. Deyirl\u0259r ki, &#8220;get i\u015f tap i\u015fl\u0259, s\u0259n\u0259 d\u00fc\u015fm\u00fcr&#8221;. \u0130\u015f tapa bilir\u0259ms\u0259, i\u015fl\u0259 t\u0259minat varsa, daha sosial yard\u0131m\u0131 neyl\u0259yir\u0259m? Kim \u015firinlik verir, kimin adam\u0131 var, sal\u0131rlar qaba\u011fa, \u00fcnvanl\u0131 sosial yard\u0131m\u0131 ona d\u00fcz\u0259ldirl\u0259r. 18 ya\u015f\u0131na q\u0259d\u0259r ac, soyuq \u015f\u0259raitd\u0259 m\u0259n b\u00f6y\u00fcd\u00fcm, sonra d\u00f6vl\u0259t \u0259sg\u0259r apars\u0131n. O qurumda h\u0259r d\u0259f\u0259 m\u0259ni a\u011flad\u0131rlar, t\u0259zyiqim, \u015f\u0259k\u0259rim qalx\u0131r. Deyirl\u0259r, get meyv\u0259 t\u0259r\u0259v\u0259z \u0259k, sat dolan. Bu pay\u0131z meyv\u0259d\u0259n 32 manat ald\u0131m, nec\u0259 dolan\u0131m o pulla? \u018fkin\u0259 fiziki, maddi g\u00fcc, su laz\u0131md\u0131r. B\u00fct\u00fcn \u0259kdiyim yayda yan\u0131b, m\u0259hv olur. H\u0259mi\u015f\u0259 \u0259kmi\u015f\u0259m, heyvan saxlam\u0131\u015fam. \u0130ndi n\u0259 heyvan var saxlama\u011fa, n\u0259 d\u0259 \u0259kin\u0259 pul, su. \u00d6z\u00fcm d\u0259 \u015f\u0259k\u0259r, t\u0259zyiq x\u0259st\u0259siy\u0259m, onur\u011fa s\u00fctunum z\u0259d\u0259li, s\u00fcm\u00fck \u0259rim\u0259si var. G\u00fcnl\u0259rl\u0259 olur yataqdan aya\u011fa qalxm\u0131ram, t\u0259zyiq qalx\u0131r, y\u0131x\u0131l\u0131ram yer\u0259. G\u0259lir yox, i\u015f yox, he\u00e7 olmasa \u00fcnvanl\u0131 sosial yard\u0131m verilsin&#8221;, &#8211;<\/em> Qumru Mahmudova \u015fikay\u0259tl\u0259nir.<\/p>\n\n\n\n<p><strong>&#8220;Yerimiz, doludur, s\u0259ni i\u015f\u0259 g\u00f6t\u00fcr\u0259 bilm\u0259rik&#8221;<\/strong><\/p>\n\n\n\n<p>T\u0259nha anan\u0131n \u015fikay\u0259ti h\u0259m d\u0259 D\u00f6vl\u0259t M\u0259\u015f\u011fulluq Agentliyind\u0259ndir. Deyir ki, ill\u0259rdir i\u015f v\u0259 \u00f6z\u00fcn\u00fcm\u0259\u015f\u011fulluq \u00fc\u00e7\u00fcn etdiyi \u00e7oxsayl\u0131 m\u00fcraci\u0259tl\u0259r d\u0259 n\u0259tic\u0259 verm\u0259yib. \u0130st\u0259yi d\u0259 L\u0259k\u00e7\u0131plaq k\u0259ndind\u0259ki h\u0259kim m\u0259nt\u0259q\u0259si v\u0259 ya orta t\u0259hsil m\u00fc\u0259ss\u0259sind\u0259 xadim\u0259 i\u015fidir. Rayon \u0130cra Hakimiyy\u0259tin\u0259 i\u015f \u00fc\u00e7\u00fcn etdiyi \u0259n son m\u00fcraci\u0259ti zaman\u0131 is\u0259 qovuldu\u011funu deyir. \u00dc\u00e7 ildir \u00f6z\u00fcn\u00fcm\u0259\u015f\u011fulluq proqram\u0131 \u00fczr\u0259 yaz\u0131lsa da, h\u0259r d\u0259f\u0259 onu &#8220;n\u00f6vb\u0259n \u00e7atmay\u0131b, i\u015f d\u0259 yoxdur&#8221;,- dey\u0259r\u0259k yola verdikl\u0259rini s\u00f6yl\u0259yi:<\/p>\n\n\n<div class=\"wp-block-image\">\n<figure class=\"aligncenter size-large\"><img decoding=\"async\" width=\"1200\" height=\"675\" data-src=\"https:\/\/www.meydan.tv\/wp-content\/uploads\/img-20231218-wa0042-1200x675.jpg\" alt=\"\" class=\"wp-image-293838 lazyload\" src=\"data:image\/svg+xml;base64,PHN2ZyB3aWR0aD0iMSIgaGVpZ2h0PSIxIiB4bWxucz0iaHR0cDovL3d3dy53My5vcmcvMjAwMC9zdmciPjwvc3ZnPg==\" style=\"--smush-placeholder-width: 1200px; --smush-placeholder-aspect-ratio: 1200\/675;\" \/><\/figure>\n<\/div>\n\n\n<p><em>&#8220;On ildir ki, xadim\u0259 i\u015fi ist\u0259yir\u0259m k\u0259nd m\u0259kt\u0259bind\u0259 v\u0259 ya tibb m\u0259nt\u0259q\u0259sind\u0259. Direktor Sevda V\u0259liyevadan ne\u00e7\u0259 d\u0259f\u0259 xahi\u015f ets\u0259m d\u0259, m\u0259ni deyil, \u00f6z tan\u0131\u015flar\u0131n\u0131, yax\u0131nlar\u0131n\u0131 i\u015f\u0259 al\u0131r. Aptek\u0259 bel\u0259 m\u00fcraci\u0259t etdim ki, g\u00f6t\u00fcr s\u00fcp\u00fcrg\u0259\u00e7i m\u0259ni. Dedi i\u015f yoxdur. M\u0259\u015f\u011fulluq \u0130dar\u0259sin\u0259 d\u0259f\u0259l\u0259rl\u0259 getmi\u015f\u0259m ki, ya\u015f\u0131lla\u015fd\u0131rma i\u015fl\u0259rin\u0259 c\u0259lb edin. Deyir ki &#8220;yerimiz, doludur, s\u0259ni i\u015f\u0259 g\u00f6t\u00fcr\u0259 bilm\u0259rik&#8221;. \u0130ki g\u00fcn \u00f6nc\u0259 icra hakimiyy\u0259tin\u0259 getdim, d\u0259rdimi dedim, m\u00fcavin Ziv\u0259r \u0130smay\u0131lova aqressiv \u015f\u0259kild\u0259 dedi ki, k\u0259ndli deyils\u0259n, get \u0259k-bi\u00e7 dolan. Bizlik deyil, i\u015fimiz yoxdur\u201d.<\/em><\/p>\n\n\n\n<p><em>\u201cT\u0259krar getdim M\u0259\u015f\u011fulluq \u0130dar\u0259sin\u0259, onlar da dedi ki, i\u015f yoxdur. Dedil\u0259r, \u00d6z\u00fcn\u00fcm\u0259\u015f\u011fulluq Proqram\u0131 \u00fczr\u0259 d\u0259 h\u0259l\u0259 75 bal\u0131n var, get n\u00f6vb\u0259ni g\u00f6zl\u0259. Dedim m\u0259nd\u0259n sonra qeydiyyata d\u00fc\u015f\u0259nl\u0259r nec\u0259 ald\u0131, nec\u0259 bal\u0131 \u00e7atd\u0131? \u0130zah etmirl\u0259r, yola verirl\u0259r. Deyir\u0259m, onda i\u015fl\u0259 t\u0259min edin, dolan\u0131m. Deyirl\u0259r ki, \u00f6z\u00fcn\u00fcm\u0259\u015f\u011fullu\u011fu dayand\u0131r\u0131r\u0131q onda, amma i\u015f n\u00f6vb\u0259sin\u0259 yaz\u0131l. Bir on il d\u0259 onu g\u00f6zl\u0259y\u0259k. N\u0259 i\u015f, n\u0259 \u00fcnvanl\u0131 sosial yard\u0131mla t\u0259min edirl\u0259r, n\u0259 d\u0259 \u00f6z\u00fcn\u00fcm\u0259\u015f\u011fulluqdan heyvan\u0131 verirl\u0259r. B\u0259s t\u0259nha ana nec\u0259 dolans\u0131n, nec\u0259 \u00e7\u0131x\u0131\u015f yolu taps\u0131n? Vallah, o soyuducu bo\u015fdur, 120 manat\u0131n yar\u0131s\u0131 kommunala gedir, bir hiss\u0259si \u0259rza\u011fa, bir az da d\u0259rmana. Neft, qaz \u00f6lk\u0259sind\u0259 bel\u0259 v\u0259t\u0259nda\u015f ya\u015fay\u0131\u015f\u0131 olar?&#8221;,<\/em> &#8211; ana deyir.<\/p>\n\n\n\n<p><strong>&#8220;Taleyind\u0259n, qism\u0259tind\u0259n naraz\u0131 olar, bizd\u0259n yox&#8221;<\/strong><\/p>\n\n\n\n<p>G\u00f6y\u00e7ay Rayon \u0130cra Hakimiyy\u0259tinin \u0259m\u0259kda\u015f\u0131 Musa M\u0259mm\u0259dov Meydan TV-y\u0259 deyib ki, indiy\u0259d\u0259k Qumru Mahmudovaya yeddi i\u015f t\u0259klifi edibl\u0259r. \u00dcst\u0259lik aqressiv \u015f\u0259kild\u0259 deyil, qurumdan raz\u0131 halda yola sal\u0131blar:<\/p>\n\n\n<div class=\"wp-block-image\">\n<figure class=\"aligncenter size-large\"><img decoding=\"async\" width=\"1200\" height=\"675\" data-src=\"https:\/\/www.meydan.tv\/wp-content\/uploads\/soyuduc-1200x675.jpg\" alt=\"\" class=\"wp-image-293826 lazyload\" src=\"data:image\/svg+xml;base64,PHN2ZyB3aWR0aD0iMSIgaGVpZ2h0PSIxIiB4bWxucz0iaHR0cDovL3d3dy53My5vcmcvMjAwMC9zdmciPjwvc3ZnPg==\" style=\"--smush-placeholder-width: 1200px; --smush-placeholder-aspect-ratio: 1200\/675;\" \/><\/figure>\n<\/div>\n\n\n<p><em>&#8220;V\u0259t\u0259nda\u015f q\u0259bulda oldu, m\u00fcraci\u0259tin dinl\u0259dik. Onun iki hektara yax\u0131n pay torpa\u011f\u0131, 28 sot h\u0259y\u0259tyan\u0131 sah\u0259si var. Pay torpa\u011f\u0131 haz\u0131rda istifad\u0259 oldu\u011fu \u00fc\u00e7\u00fcn ona \u00fcnvanl\u0131 sosial yard\u0131m d\u00fc\u015f\u00fcr. S\u0259n\u0259dl\u0259rini toplay\u0131b verm\u0259yi m\u0259sl\u0259h\u0259t g\u00f6rd\u00fck. Ona xadim\u0259, c\u00fcc\u0259 sexi v\u0259 sat\u0131c\u0131 kimi yeddi i\u015f siyah\u0131s\u0131 t\u0259klif etdik, ancaq q\u0259bul etm\u0259di. H\u0259m\u00e7inin dedik? icra n\u00fcmay\u0259nd\u0259liyin\u0259 g\u00f6st\u0259ri\u015f ver\u0259k \u0259kin\u0259 k\u00f6m\u0259k etsin, dedi ehtiyac yoxdur. O, a\u011f\u0131ll\u0131, ism\u0259tli xan\u0131md\u0131r, \u00fcnsiyy\u0259timiz yax\u015f\u0131 al\u0131nan v\u0259t\u0259nda\u015f oldu, aqressiv \u015f\u0259kild\u0259 onu yola salmam\u0131\u015f\u0131q. Taleyind\u0259n, qism\u0259tind\u0259n naraz\u0131 olar, bizd\u0259n yox. V\u0259t\u0259nda\u015f bizd\u0259n \u015fikay\u0259t\u00e7i olmaqdansa, getsin \u00f6z\u00fcn\u00fcm\u0259\u015f\u011fulluqda qeydiyyata dursun, n\u00f6vb\u0259sini g\u00f6zl\u0259sin. Bir daha \u0259laq\u0259 saxlay\u0131b, diqq\u0259t g\u00f6st\u0259r\u0259rik&#8221;.<\/em><\/p>\n\n\n\n<p><strong>&#8220;N\u0259 m\u0259n\u0259 yeddi i\u015f siyah\u0131s\u0131, n\u0259 xo\u015f r\u0259ftar g\u00f6st\u0259rilib&#8221;<\/strong><\/p>\n\n\n\n<p>Qumru Mahmudova is\u0259 deyil\u0259nl\u0259ri &#8220;a\u011f yalan&#8221; adland\u0131r\u0131r:<\/p>\n\n\n\n<p><em>&#8221; Q\u0259bulda olark\u0259n n\u0259 m\u0259n\u0259 yeddi i\u015f siyah\u0131s\u0131, n\u0259 xo\u015f r\u0259ftar g\u00f6st\u0259rilib, n\u0259 d\u0259 icra n\u00fcmay\u0259nd\u0259liyin\u0259 g\u00f6st\u0259ri\u015f veribl\u0259r. \u00d6zl\u0259rini t\u0259mizliy\u0259 \u00e7\u0131xarmaq \u00fc\u00e7\u00fcn uydurulmu\u015f a\u011f yaland\u0131r&#8221;<br><\/em><\/p>\n\n\n\n<p><strong>B\u0259s aidiyy\u0259ti qurumlar n\u0259 deyir?<\/strong><\/p>\n\n\n\n<p>\u018fm\u0259k v\u0259 \u018fhalinin Sosial M\u00fcdafi\u0259si Nazirliyinin tabeliyind\u0259 D\u00f6vl\u0259t Sosial M\u00fcdafi\u0259 Fondunun \u0130ctimaiyy\u0259tl\u0259 \u0259laq\u0259l\u0259r departamentinin m\u00fcdiri R\u0259\u015fad Mehdili Meydan TV-y\u0259 bildirib ki, v\u0259t\u0259nda\u015f ya\u015fa v\u0259 \u00f6vlad say\u0131na g\u00f6r\u0259 sosial m\u00fcavin\u0259t ala bilm\u0259z. \u00dcnvanl\u0131 sosial yard\u0131m\u0131 is\u0259 ya \u0259lliliyi, ya da m\u0259\u015f\u011fullu\u011fu t\u0259min olundu\u011fu halda almaq \u015fans\u0131 var. \u00dcst\u0259lik qurumun t\u0259kvalideynli ail\u0259l\u0259r\u0259 etdiyi t\u0259k imtiyaz ail\u0259 ba\u015f\u00e7\u0131s\u0131n\u0131 itirm\u0259y\u0259 g\u00f6r\u0259 veril\u0259n m\u00fcavin\u0259tdir:<\/p>\n\n\n<div class=\"wp-block-image\">\n<figure class=\"aligncenter size-full\"><img decoding=\"async\" width=\"1000\" height=\"566\" data-src=\"https:\/\/www.meydan.tv\/wp-content\/uploads\/resad_mehdili.jpg\" alt=\"\" class=\"wp-image-293848 lazyload\" src=\"data:image\/svg+xml;base64,PHN2ZyB3aWR0aD0iMSIgaGVpZ2h0PSIxIiB4bWxucz0iaHR0cDovL3d3dy53My5vcmcvMjAwMC9zdmciPjwvc3ZnPg==\" style=\"--smush-placeholder-width: 1000px; --smush-placeholder-aspect-ratio: 1000\/566;\" \/><figcaption class=\"wp-element-caption\">R\u0259\u015fad Mehdili. Foto: &#8220;vergiler.az<\/figcaption><\/figure>\n<\/div>\n\n\n<p>&#8220;<em>G\u00f6y\u00e7ay rayon sakini Mahmudova Qumru \u018flisa q\u0131z\u0131n\u0131n haz\u0131rda 56 ya\u015f\u0131 var v\u0259 1 \u00f6vlad anas\u0131d\u0131r. Qanunvericiliy\u0259 g\u00f6r\u0259 be\u015f v\u0259 daha \u00e7ox u\u015faq do\u011fub, onlar\u0131 s\u0259kkiz ya\u015f\u0131nad\u0259k t\u0259rbiy\u0259 etmi\u015f qad\u0131nlar\u0131n ya\u015f h\u0259ddi \u00fcmumilikd\u0259 5 il azald\u0131lmaqla onlara ya\u015fa g\u00f6r\u0259 \u0259m\u0259k pensiyas\u0131, yaxud ya\u015fa g\u00f6r\u0259 m\u00fcavin\u0259t t\u0259yin olunur.<\/em><\/p>\n\n\n\n<p><em>Ya\u015fa g\u00f6r\u0259 pensiya h\u00fcququ yaranmad\u0131qda &#8211; y\u0259ni t\u0259l\u0259b olunan staj v\u0259 pensiya kapital\u0131 olmad\u0131qda, ya\u015fa g\u00f6r\u0259 sosial m\u00fcavin\u0259t t\u0259yin edilir.<\/em><\/p>\n\n\n\n<p><em>\u00dcnvanl\u0131 sosial yard\u0131mla ba\u011fl\u0131 m\u0259s\u0259l\u0259y\u0259 g\u0259linc\u0259, Qumru Mahmudova 9 aprel 2023-c\u00fc il tarixind\u0259 elektron qaydada m\u00fcraci\u0259t edib. Lakin Qumru Mahmudova \u0259m\u0259k qabiliyy\u0259tli \u015f\u0259xs oldu\u011fu halda i\u015fl\u0259m\u0259diyin\u0259 g\u00f6r\u0259 onun m\u00fcraci\u0259tin\u0259 imtina verilib. Qumru Mahmudova \u0259lilliyi olan \u015f\u0259xs kimi qiym\u0259tl\u0259ndiril\u0259rs\u0259 v\u0259 ya m\u0259\u015f\u011fullu\u011fu t\u0259min olunarsa, yenid\u0259n m\u00fcraci\u0259t etdiyi halda \u00fcnvanl\u0131 sosial yard\u0131mla ba\u011fl\u0131 h\u00fcququna bax\u0131la bil\u0259r&#8221;.<\/em><\/p>\n\n\n<div class=\"wp-block-image\">\n<figure class=\"aligncenter size-large\"><img decoding=\"async\" width=\"1200\" height=\"675\" data-src=\"https:\/\/www.meydan.tv\/wp-content\/uploads\/img-20231218-wa0019-1200x675.jpg\" alt=\"\" class=\"wp-image-293829 lazyload\" src=\"data:image\/svg+xml;base64,PHN2ZyB3aWR0aD0iMSIgaGVpZ2h0PSIxIiB4bWxucz0iaHR0cDovL3d3dy53My5vcmcvMjAwMC9zdmciPjwvc3ZnPg==\" style=\"--smush-placeholder-width: 1200px; --smush-placeholder-aspect-ratio: 1200\/675;\" \/><\/figure>\n<\/div>\n\n\n<p>Ail\u0259, Qad\u0131n v\u0259 U\u015faq Probleml\u0259ri \u00fczr\u0259 D\u00f6vl\u0259t Komit\u0259sind\u0259n is\u0259 t\u0259nha anan\u0131n probleminin onlara aidiyyat\u0131 olmad\u0131\u011f\u0131n\u0131 dedil\u0259r, Sosial Xidm\u0259tl\u0259r Agentliyin\u0259 y\u00f6n\u0259ldilm\u0259sini m\u0259sl\u0259h\u0259t g\u00f6rd\u00fcl\u0259r.<\/p>\n\n\n\n<p>Sosial Xidm\u0259tl\u0259r Agentliyind\u0259n, el\u0259c\u0259 d\u0259 \u0130\u015f v\u0259 \u00d6z\u00fcn\u00fcm\u0259\u015f\u011fulluq Proqram\u0131 \u00fczr\u0259 D\u00f6vl\u0259t M\u0259\u015f\u011fulluq Agentliyind\u0259n m\u00fcraci\u0259ti ara\u015fd\u0131racaqlar\u0131n\u0131 qeyd etdil\u0259r.<\/p>\n\n\n\n<p><strong>&#8220;30 ildir deyir\u0259m, \u0259m\u0259l ed\u0259n yoxdur&#8221;<\/strong><\/p>\n\n\n\n<p>Ail\u0259, Qad\u0131n v\u0259 U\u015faq Probleml\u0259ri \u00fczr\u0259 D\u00f6vl\u0259t Komit\u0259si bildirir ki, \u00f6lk\u0259 \u00fczr\u0259 t\u0259kvalideynli ail\u0259l\u0259rin say\u0131n\u0131n statistikas\u0131 yoxdur. Yaln\u0131z ail\u0259 ba\u015f\u00e7\u0131s\u0131 itirm\u0259y\u0259 g\u00f6r\u0259 m\u00fcavin\u0259t v\u0259 pensiya alanlar\u0131n say\u0131 min ail\u0259 \u00fczr\u0259 33 ail\u0259, min n\u0259f\u0259r\u0259 is\u0259 56 n\u0259f\u0259r d\u00fc\u015f\u00fcr. T\u0259kvalideynli ail\u0259l\u0259ri ara\u015fd\u0131ran &#8220;S\u0259nsiz&#8221; c\u0259miyy\u0259tinin r\u0259hb\u0259ri Zemfira R\u0259himova Meydan TV-y\u0259 bildirib ki, 23 il \u00f6nc\u0259 apard\u0131\u011f\u0131 statistikaya \u0259sas\u0259n, \u00f6lk\u0259d\u0259 100 min t\u0259kvalideynli ail\u0259l\u0259r var idis\u0259, indi bu r\u0259q\u0259m artan bo\u015fanmalar v\u0259 \u00f6l\u00fcm fakt\u0131na g\u00f6r\u0259 150 min\u0259 yax\u0131nla\u015f\u0131b. Bu g\u00f6st\u0259ricinin 90 faizi t\u0259nha analar t\u0259\u015fkil edir. C\u0259miyy\u0259t r\u0259hb\u0259ri t\u0259kvalideynli ail\u0259l\u0259r\u0259, x\u00fcsusil\u0259 t\u0259nha analara ill\u0259rdir x\u00fcsusi imtiyazlar\u0131n tan\u0131nmad\u0131\u011f\u0131n\u0131, sosial &#8211; iqtisadi t\u0259minat\u0131n\u0131n \u00e7ox a\u015fa\u011f\u0131 s\u0259viyy\u0259d\u0259 oldu\u011funu bildirir.<\/p>\n\n\n<div class=\"wp-block-image\">\n<figure class=\"aligncenter size-full\"><img decoding=\"async\" width=\"1200\" height=\"800\" data-src=\"https:\/\/www.meydan.tv\/wp-content\/uploads\/untitled-design-5-70.jpg\" alt=\"\" class=\"wp-image-281028 lazyload\" src=\"data:image\/svg+xml;base64,PHN2ZyB3aWR0aD0iMSIgaGVpZ2h0PSIxIiB4bWxucz0iaHR0cDovL3d3dy53My5vcmcvMjAwMC9zdmciPjwvc3ZnPg==\" style=\"--smush-placeholder-width: 1200px; --smush-placeholder-aspect-ratio: 1200\/800;\" \/><figcaption class=\"wp-element-caption\">Ail\u0259, Qad\u0131n v\u0259 U\u015faq Probleml\u0259ri \u00fczr\u0259 D\u00f6vl\u0259t Komit\u0259si<\/figcaption><\/figure>\n<\/div>\n\n\n<p><em>&#8220;30 ildir deyir\u0259m, \u0259m\u0259l ed\u0259n yoxdur. \u0130ndiy\u0259 q\u0259d\u0259r m\u0259cburi k\u00f6\u00e7k\u00fcnl\u0259r \u00fc\u00e7\u00fcn edilirdi, onlar\u0131n sosial h\u0259yat\u0131na dair alt\u0131 b\u0259ndd\u0259n ibar\u0259t Nazirl\u0259r Kabinetinin proqram\u0131 var. \u0130ndi onlar \u00f6z yurdlar\u0131na k\u00f6\u00e7\u00fcr\u00fcl\u00fcr v\u0259 h\u0259min madd\u0259l\u0259r ist\u0259yir\u0259m t\u0259kvalideynli ail\u0259l\u0259r\u0259, t\u0259nha analara \u015famil edilsin. Art\u0131q t\u0259klifimi d\u0259 vermi\u015f\u0259m. 50 faiz d\u0259 olsa, t\u0259tbiq edilsin. D\u00f6vl\u0259t bu ail\u0259l\u0259r\u0259 yard\u0131m\u00e7\u0131 olsun. T\u0259nha analar bu c\u0259miyy\u0259td\u0259 daha \u00e7ox y\u00fckl\u0259nir. T\u0259nha atalara nisb\u0259t\u0259n t\u0259nha analar\u0131n \u00e7oxu yenid\u0259n ail\u0259 qura bilmir. T\u0259nha analar\u0131n i\u015f t\u0259minat\u0131, normal dolan\u0131\u015f\u0131\u011f\u0131 \u00fc\u00e7\u00fcn bir s\u0131ra proqramlar h\u0259yata ke\u00e7irilm\u0259li, qanunvericilikd\u0259 x\u00fcsusi imtiyazlar \u0259lav\u0259 edilm\u0259lidir. H\u0259min ail\u0259l\u0259rin u\u015faqlar\u0131na t\u0259hsild\u0259 \u00f6d\u0259ni\u015f\u0259 50 faiz g\u00fcz\u0259\u015ft edilm\u0259lidir. Ara\u015fd\u0131r\u0131lsa, m\u0259lum olacaq ki, z\u0259r\u0259rli v\u0259rdi\u015f\u0259 alud\u0259 olan insanlar\u0131n \u00e7oxu diqq\u0259td\u0259n k\u0259narda qalan t\u0259kvalideynli ail\u0259l\u0259rin pay\u0131na d\u00fc\u015f\u00fcr. O\u011flu h\u0259rbi xidm\u0259td\u0259 olark\u0259n d\u00f6vl\u0259t anan\u0131n dolan\u0131\u015f\u0131\u011f\u0131n\u0131 t\u0259min etm\u0259lidir. Ail\u0259, Qad\u0131n v\u0259 U\u015faq Probleml\u0259ri Komit\u0259sinin v\u0259 onun regional qurumlar\u0131n\u0131n \u00fcz\u0259rin\u0259 m\u0259suliyy\u0259t d\u00fc\u015f\u00fcr, ancaq \u0259m\u0259li f\u0259aliyy\u0259t ill\u0259rdir g\u00f6r\u00fcnm\u00fcr&#8221;.<\/em><\/p>\n\n\n\n<p><strong>&#8220;H\u00f6k\u00fcm\u0259t h\u0259m sosial mexanizml\u0259rini, h\u0259m d\u0259 biznes m\u00fch\u00fct\u00fcn\u00fc inki\u015faf etdirm\u0259lidir&#8221;<\/strong><\/p>\n\n\n\n<p>T\u0259kvalideynli ail\u0259l\u0259rl\u0259 ba\u011fl\u0131 \u0259m\u0259k qanunvericilikd\u0259 m\u00fc\u0259yy\u0259n imtiyazlar var ki, bunlar da r\u0259smi \u00e7al\u0131\u015fan t\u0259kvalideynli ail\u0259l\u0259r\u0259 t\u0259tbiq edilir, sosial iqtisadi rifaha t\u0259siri yoxdur.<\/p>\n\n\n\n<p>\u0130qtisad\u00e7\u0131 ekspert F\u0259rid Mehral\u0131zad\u0259 bildirir ki, h\u0259min ail\u0259l\u0259rin sosial-iqtisadi t\u0259minat\u0131 il\u0259 ba\u011fl\u0131 ciddi islahatlara ehtiyac var. Onun s\u00f6zl\u0259rin\u0259 g\u00f6r\u0259, h\u0259min ail\u0259l\u0259r\u0259 ilkin d\u0259st\u0259k kimi ail\u0259 ba\u015f\u00e7\u0131s\u0131n\u0131 itirm\u0259y\u0259 g\u00f6r\u0259 veril\u0259n sosial m\u00fcavin\u0259t v\u0259 pensiya \u00f6d\u0259ni\u015fi ya\u015fay\u0131\u015f minumumu s\u0259viyy\u0259sin\u0259 qald\u0131r\u0131lmal\u0131d\u0131r.<\/p>\n\n\n<div class=\"wp-block-image\">\n<figure class=\"aligncenter size-large\"><img decoding=\"async\" width=\"1200\" height=\"675\" data-src=\"https:\/\/www.meydan.tv\/wp-content\/uploads\/download-1-6-1200x675.png\" alt=\"\" class=\"wp-image-293844 lazyload\" src=\"data:image\/svg+xml;base64,PHN2ZyB3aWR0aD0iMSIgaGVpZ2h0PSIxIiB4bWxucz0iaHR0cDovL3d3dy53My5vcmcvMjAwMC9zdmciPjwvc3ZnPg==\" style=\"--smush-placeholder-width: 1200px; --smush-placeholder-aspect-ratio: 1200\/675;\" \/><\/figure>\n<\/div>\n\n\n<p><em>&#8220;Ail\u0259 ba\u015f\u00e7\u0131s\u0131 v\u0259fat etdiyi t\u0259qdird\u0259 pensiya al\u0131rsa, \u00f6vladlar\u0131na ail\u0259 ba\u015f\u00e7\u0131s\u0131 itirm\u0259sin\u0259 g\u00f6r\u0259 pensiya, pensiya h\u00fcququ yoxdursa, m\u00fcavin\u0259t verilir. Az\u0259rbaycanda \u0259ks\u0259r insanlar\u0131n pensiya h\u00fcququ yoxdur, g\u0259nc ya\u015fda v\u0259fat edibs\u0259, pensiya kapital\u0131, staj t\u0259l\u0259bi alma\u011fa b\u0259s etmir. Bel\u0259 t\u0259kvalideynli ail\u0259l\u0259r \u00e7ox vaxt 120 manatl\u0131q sosial m\u00fcavin\u0259t al\u0131r. Problem d\u0259 budur ki, ail\u0259 ba\u015f\u00e7\u0131s\u0131n\u0131 itirm\u0259y\u0259 g\u00f6r\u0259 t\u0259yin edil\u0259n m\u00fcavin\u0259tin m\u0259bl\u0259\u011fi ya\u015fay\u0131\u015f minumumundan iki d\u0259f\u0259d\u0259n azd\u0131r. D\u00fczd\u00fcr, ya\u015fay\u0131\u015f minumumun 270 manat olmas\u0131 \u00f6z\u00fc d\u0259 m\u00fcbahis\u0259li m\u0259s\u0259l\u0259dir, amma \u0259n az\u0131ndan o q\u0259d\u0259r olmal\u0131d\u0131r ki, insanlar minumum ehtiyaclar\u0131n\u0131 \u00f6d\u0259sinl\u0259r\u201d.<\/em><\/p>\n\n\n<div class=\"wp-block-image\">\n<figure class=\"alignleft size-large is-resized\"><img decoding=\"async\" data-src=\"https:\/\/www.meydan.tv\/wp-content\/uploads\/118784119_3295526013835916_6092828104091613031_n-e1640001508110-1059x821.jpg\" alt=\"\" class=\"wp-image-229778 lazyload\" style=\"--smush-placeholder-width: 1059px; --smush-placeholder-aspect-ratio: 1059\/821;width:375px;height:auto\" src=\"data:image\/svg+xml;base64,PHN2ZyB3aWR0aD0iMSIgaGVpZ2h0PSIxIiB4bWxucz0iaHR0cDovL3d3dy53My5vcmcvMjAwMC9zdmciPjwvc3ZnPg==\" \/><figcaption class=\"wp-element-caption\">F\u0259rid Mehral\u0131zad\u0259nin \u015f\u0259xsi arxivind\u0259n<\/figcaption><\/figure>\n<\/div>\n\n\n<p>\u201c<em>Dig\u0259r t\u0259r\u0259fd\u0259n \u00fcnvanl\u0131 sosial yard\u0131mla ba\u011fl\u0131 \u00e7oxlu \u0259lav\u0259 t\u0259l\u0259bl\u0259r var ki, problem yarad\u0131r. \u00dcnvanl\u0131 sosial yard\u0131m\u0131n m\u0259qs\u0259di azt\u0259minatl\u0131 ail\u0259l\u0259r\u0259 d\u0259st\u0259k olmaqd\u0131rsa, bu proses \u00e7evik, obyektiv v\u0259 effektiv olmal\u0131d\u0131r. Prosesin \u00f6z\u00fc d\u00fczg\u00fcn qurulmay\u0131b. Yoxsul \u0259halinin ham\u0131s\u0131na t\u0259tbiq olunmal\u0131d\u0131r. Dig\u0259r m\u0259s\u0259l\u0259 i\u015fsizlikd\u0259n s\u0131\u011forta m\u0259s\u0259l\u0259sidir. \u00c7ox az adam bundan s\u0131\u011fortalana bilir. \u00d6z\u00fcn\u00fcm\u0259\u015f\u011fulluq Proqram\u0131na da t\u0259l\u0259bat \u00e7oxdursa, h\u00f6kum\u0259t h\u0259m sosial mexanizml\u0259rini, h\u0259m d\u0259 biznes m\u00fchitini inki\u015faf etdirm\u0259lidir. \u0130\u015f yerl\u0259rinin say\u0131 \u00e7ox olsun. \u0130\u015f yerl\u0259ri \u00e7ox olarsa, h\u0259min insanlar\u0131n d\u00f6vl\u0259tin yard\u0131m\u0131na ehtiyac\u0131 olmaz. \u0130\u015f tap\u0131b i\u015fl\u0259y\u0259rl\u0259r. T\u0259\u0259ss\u00fcfl\u0259r ki, n\u0259 d\u00f6vl\u0259tin sosial siyas\u0259t mexanizml\u0259ri \u0259lveri\u015flidir, n\u0259 d\u0259 iqtisadiyyat\u0131 yet\u0259rli inki\u015faf etm\u0259yib dey\u0259 insanlar sosial probleml\u0259rl\u0259 \u00fczl\u0259\u015f\u0259nd\u0259 onlar \u00fc\u00e7\u00fcn a\u011f\u0131r perspektivl\u0259r yaran\u0131r\u201d, <\/em>&#8211; iqtisad\u00e7\u0131 vur\u011fulay\u0131b.<\/p>\n\n\n\n<p>F\u0259rid Mehral\u0131zad\u0259nin fikrinc\u0259, t\u0259kvalideynli ail\u0259l\u0259rin, t\u0259nha analar\u0131n sosial mexanizmi g\u00fccl\u0259ndirilm\u0259lidir:<\/p>\n\n\n\n<p>\u201cQeyd etdiyim pensiya yaxud m\u00fcavin\u0259tl\u0259rin m\u0259bl\u0259\u011fi minumum t\u0259l\u0259bat\u0131 \u00f6d\u0259y\u0259c\u0259k m\u0259bl\u0259\u011fd\u0259 olmal\u0131d\u0131r. Bu \u00f6d\u0259ni\u015fi sad\u0259c\u0259 u\u015fa\u011fa deyil, onlara baxan analar\u0131na, atalar\u0131na da sosial yard\u0131mlar edilm\u0259lidir. \u00dcnvanl\u0131 sosial yard\u0131m v\u0259 \u00d6z\u00fcn\u00fcm\u0259\u015f\u011fulluq Proqram\u0131 \u00e7evik, qiym\u0259tl\u0259ndirm\u0259 d\u00fczg\u00fcn \u015f\u0259kild\u0259 apar\u0131lmal\u0131d\u0131r. Bu q\u0259bild\u0259n olan h\u0259ssas qrup ail\u0259l\u0259rin m\u00fcraci\u0259tin\u0259 x\u00fcsusi prioritet verilm\u0259lidir&#8221;.<\/p>\n\n\n\n<p>&#8220;<strong>N\u0259 i\u015f var, n\u0259 yard\u0131m, n\u0259 d\u0259 el\u0259 s\u00f6z deyilib&#8221;<\/strong><\/p>\n\n\n\n<p>T\u0259nha ana Qumru Mahmudova is\u0259 deyir ki, yaz\u0131 haz\u0131rlanan m\u00fcdd\u0259td\u0259 aidiyy\u0259ti qurumlar t\u0259r\u0259find\u0259n n\u0259 onunla \u0259laq\u0259 saxlayan, n\u0259 d\u0259 k\u00f6m\u0259k etm\u0259y\u0259 \u00e7al\u0131\u015fan olub:<\/p>\n\n\n<div class=\"wp-block-image\">\n<figure class=\"aligncenter size-large\"><img decoding=\"async\" width=\"1200\" height=\"675\" data-src=\"https:\/\/www.meydan.tv\/wp-content\/uploads\/img-20231218-wa0045-1200x675.jpg\" alt=\"\" class=\"wp-image-293841 lazyload\" src=\"data:image\/svg+xml;base64,PHN2ZyB3aWR0aD0iMSIgaGVpZ2h0PSIxIiB4bWxucz0iaHR0cDovL3d3dy53My5vcmcvMjAwMC9zdmciPjwvc3ZnPg==\" style=\"--smush-placeholder-width: 1200px; --smush-placeholder-aspect-ratio: 1200\/675;\" \/><\/figure>\n<\/div>\n\n\n<p><em>&#8220;Icra hakimiyy\u0259tin\u0259 \u00f6z\u00fcm z\u0259ng edib? guya m\u0259n\u0259 t\u0259klif etdikl\u0259ri yeddi i\u015fl\u0259 maraqlanmaq ist\u0259dim, dedil\u0259r n\u0259 i\u015f var, n\u0259 yard\u0131m, n\u0259 d\u0259 el\u0259 s\u00f6z deyilib. Torpa\u011f\u0131n var, \u00f6z\u00fcn apar s\u0259n\u0259dl\u0259rini t\u0259qdim et, \u00fcnvanl\u0131 sosial yard\u0131m d\u00fc\u015f\u0259rs\u0259, al&#8221;.<\/em><\/p>\n","protected":false},"excerpt":{"rendered":"<p>Ekpert: \u201cT\u0259kvalideynli ail\u0259l\u0259r\u0259 veril\u0259n m\u00fcavin\u0259tl\u0259r art\u0131r\u0131lmal\u0131, h\u0259min ail\u0259l\u0259r sosial h\u0259ssas &#8230; <\/p>\n<p class=\"read-more-container\"><a title=\"T\u0259nha ana i\u015f tapa bilmir, icra hakimiyy\u0259ti is\u0259 \u201co, qism\u0259tind\u0259n naraz\u0131 ola bil\u0259r, bizd\u0259n yox\u201d deyir\" class=\"read-more button\" href=\"https:\/\/www.meydan.tv\/az\/article\/tenha-ana-is-tapa-bilmir-icra-hakimiyyeti-ise-oqismetinden-narazi-ola-biler-bizden-yox-deyir\/#more-293847\" aria-label=\"Read more about T\u0259nha ana i\u015f tapa bilmir, icra hakimiyy\u0259ti is\u0259 \u201co, qism\u0259tind\u0259n naraz\u0131 ola bil\u0259r, bizd\u0259n yox\u201d deyir\">Davam\u0131<\/a><\/p>\n","protected":false},"author":8,"featured_media":293832,"comment_status":"closed","ping_status":"closed","sticky":false,"template":"","format":"standard","meta":{"_acf_changed":false,"_sitemap_exclude":false,"_sitemap_priority":"","_sitemap_frequency":"","footnotes":""},"categories":[60,62,79,56],"tags":[],"class_list":["post-293847","post","type-post","status-publish","format-standard","has-post-thumbnail","hentry","category-bolge","category-sosial","category-featured","category-xeberler","infinite-scroll-item","generate-columns","tablet-grid-50","mobile-grid-100","grid-parent","grid-33","no-featured-image-padding"],"acf":[],"yoast_head":"<!-- This site is optimized with the Yoast SEO plugin v27.4 - https:\/\/yoast.com\/product\/yoast-seo-wordpress\/ -->\n<title>T\u0259nha ana i\u015f tapa bilmir, icra hakimiyy\u0259ti is\u0259 \u201co, qism\u0259tind\u0259n naraz\u0131 ola bil\u0259r, bizd\u0259n yox\u201d deyir - MEYDAN.TV<\/title>\n<meta name=\"robots\" content=\"index, follow, max-snippet:-1, max-image-preview:large, max-video-preview:-1\" \/>\n<link rel=\"canonical\" href=\"https:\/\/www.meydan.tv\/az\/article\/tenha-ana-is-tapa-bilmir-icra-hakimiyyeti-ise-oqismetinden-narazi-ola-biler-bizden-yox-deyir\/\" \/>\n<meta property=\"og:locale\" content=\"az_AZ\" \/>\n<meta property=\"og:type\" content=\"article\" \/>\n<meta property=\"og:title\" content=\"T\u0259nha ana i\u015f tapa bilmir, icra hakimiyy\u0259ti is\u0259 \u201co, qism\u0259tind\u0259n naraz\u0131 ola bil\u0259r, bizd\u0259n yox\u201d deyir - MEYDAN.TV\" \/>\n<meta property=\"og:description\" content=\"Ekpert: \u201cT\u0259kvalideynli ail\u0259l\u0259r\u0259 veril\u0259n m\u00fcavin\u0259tl\u0259r art\u0131r\u0131lmal\u0131, h\u0259min ail\u0259l\u0259r sosial h\u0259ssas ... Davam\u0131\" \/>\n<meta property=\"og:url\" content=\"https:\/\/www.meydan.tv\/az\/article\/tenha-ana-is-tapa-bilmir-icra-hakimiyyeti-ise-oqismetinden-narazi-ola-biler-bizden-yox-deyir\/\" \/>\n<meta property=\"og:site_name\" content=\"MEYDAN.TV\" \/>\n<meta property=\"article:published_time\" content=\"2023-12-24T06:58:39+00:00\" \/>\n<meta property=\"article:modified_time\" content=\"2023-12-27T18:52:02+00:00\" \/>\n<meta property=\"og:image\" content=\"https:\/\/www.meydan.tv\/wp-content\/uploads\/img-20231218-wa0049.jpg\" \/>\n\t<meta property=\"og:image:width\" content=\"1280\" \/>\n\t<meta property=\"og:image:height\" content=\"720\" \/>\n\t<meta property=\"og:image:type\" content=\"image\/jpeg\" \/>\n<meta name=\"author\" content=\"elli\" \/>\n<meta name=\"twitter:card\" content=\"summary_large_image\" \/>\n<meta name=\"twitter:creator\" content=\"@elli\" \/>\n<script type=\"application\/ld+json\" class=\"yoast-schema-graph\">{\"@context\":\"https:\\\/\\\/schema.org\",\"@graph\":[{\"@type\":\"Article\",\"@id\":\"https:\\\/\\\/www.meydan.tv\\\/az\\\/article\\\/tenha-ana-is-tapa-bilmir-icra-hakimiyyeti-ise-oqismetinden-narazi-ola-biler-bizden-yox-deyir\\\/#article\",\"isPartOf\":{\"@id\":\"https:\\\/\\\/www.meydan.tv\\\/az\\\/article\\\/tenha-ana-is-tapa-bilmir-icra-hakimiyyeti-ise-oqismetinden-narazi-ola-biler-bizden-yox-deyir\\\/\"},\"author\":{\"name\":\"elli\",\"@id\":\"https:\\\/\\\/www.meydan.tv\\\/az\\\/#\\\/schema\\\/person\\\/9cdbecf90d17180ce1dfbd95b08dcf47\"},\"headline\":\"T\u0259nha ana i\u015f tapa bilmir, icra hakimiyy\u0259ti is\u0259 \u201co, qism\u0259tind\u0259n naraz\u0131 ola bil\u0259r, bizd\u0259n yox\u201d deyir\",\"datePublished\":\"2023-12-24T06:58:39+00:00\",\"dateModified\":\"2023-12-27T18:52:02+00:00\",\"mainEntityOfPage\":{\"@id\":\"https:\\\/\\\/www.meydan.tv\\\/az\\\/article\\\/tenha-ana-is-tapa-bilmir-icra-hakimiyyeti-ise-oqismetinden-narazi-ola-biler-bizden-yox-deyir\\\/\"},\"wordCount\":2925,\"publisher\":{\"@id\":\"https:\\\/\\\/www.meydan.tv\\\/az\\\/#organization\"},\"image\":{\"@id\":\"https:\\\/\\\/www.meydan.tv\\\/az\\\/article\\\/tenha-ana-is-tapa-bilmir-icra-hakimiyyeti-ise-oqismetinden-narazi-ola-biler-bizden-yox-deyir\\\/#primaryimage\"},\"thumbnailUrl\":\"https:\\\/\\\/www.meydan.tv\\\/wp-content\\\/uploads\\\/img-20231218-wa0049.jpg\",\"articleSection\":[\"B\u00f6lg\u0259\",\"Sosial\",\"T\u00f6vsiy\u0259\",\"X\u0259b\u0259rl\u0259r\"],\"inLanguage\":\"az\"},{\"@type\":\"WebPage\",\"@id\":\"https:\\\/\\\/www.meydan.tv\\\/az\\\/article\\\/tenha-ana-is-tapa-bilmir-icra-hakimiyyeti-ise-oqismetinden-narazi-ola-biler-bizden-yox-deyir\\\/\",\"url\":\"https:\\\/\\\/www.meydan.tv\\\/az\\\/article\\\/tenha-ana-is-tapa-bilmir-icra-hakimiyyeti-ise-oqismetinden-narazi-ola-biler-bizden-yox-deyir\\\/\",\"name\":\"T\u0259nha ana i\u015f tapa bilmir, icra hakimiyy\u0259ti is\u0259 \u201co, qism\u0259tind\u0259n naraz\u0131 ola bil\u0259r, bizd\u0259n yox\u201d deyir - MEYDAN.TV\",\"isPartOf\":{\"@id\":\"https:\\\/\\\/www.meydan.tv\\\/az\\\/#website\"},\"primaryImageOfPage\":{\"@id\":\"https:\\\/\\\/www.meydan.tv\\\/az\\\/article\\\/tenha-ana-is-tapa-bilmir-icra-hakimiyyeti-ise-oqismetinden-narazi-ola-biler-bizden-yox-deyir\\\/#primaryimage\"},\"image\":{\"@id\":\"https:\\\/\\\/www.meydan.tv\\\/az\\\/article\\\/tenha-ana-is-tapa-bilmir-icra-hakimiyyeti-ise-oqismetinden-narazi-ola-biler-bizden-yox-deyir\\\/#primaryimage\"},\"thumbnailUrl\":\"https:\\\/\\\/www.meydan.tv\\\/wp-content\\\/uploads\\\/img-20231218-wa0049.jpg\",\"datePublished\":\"2023-12-24T06:58:39+00:00\",\"dateModified\":\"2023-12-27T18:52:02+00:00\",\"breadcrumb\":{\"@id\":\"https:\\\/\\\/www.meydan.tv\\\/az\\\/article\\\/tenha-ana-is-tapa-bilmir-icra-hakimiyyeti-ise-oqismetinden-narazi-ola-biler-bizden-yox-deyir\\\/#breadcrumb\"},\"inLanguage\":\"az\",\"potentialAction\":[{\"@type\":\"ReadAction\",\"target\":[\"https:\\\/\\\/www.meydan.tv\\\/az\\\/article\\\/tenha-ana-is-tapa-bilmir-icra-hakimiyyeti-ise-oqismetinden-narazi-ola-biler-bizden-yox-deyir\\\/\"]}]},{\"@type\":\"ImageObject\",\"inLanguage\":\"az\",\"@id\":\"https:\\\/\\\/www.meydan.tv\\\/az\\\/article\\\/tenha-ana-is-tapa-bilmir-icra-hakimiyyeti-ise-oqismetinden-narazi-ola-biler-bizden-yox-deyir\\\/#primaryimage\",\"url\":\"https:\\\/\\\/www.meydan.tv\\\/wp-content\\\/uploads\\\/img-20231218-wa0049.jpg\",\"contentUrl\":\"https:\\\/\\\/www.meydan.tv\\\/wp-content\\\/uploads\\\/img-20231218-wa0049.jpg\",\"width\":1280,\"height\":720,\"caption\":\"Qumru Mahmudova. Fotolar: Meydan TV\"},{\"@type\":\"BreadcrumbList\",\"@id\":\"https:\\\/\\\/www.meydan.tv\\\/az\\\/article\\\/tenha-ana-is-tapa-bilmir-icra-hakimiyyeti-ise-oqismetinden-narazi-ola-biler-bizden-yox-deyir\\\/#breadcrumb\",\"itemListElement\":[{\"@type\":\"ListItem\",\"position\":1,\"name\":\"Ana s\u0259hif\u0259\",\"item\":\"https:\\\/\\\/www.meydan.tv\\\/az\\\/\"},{\"@type\":\"ListItem\",\"position\":2,\"name\":\"B\u00f6lg\u0259\",\"item\":\"https:\\\/\\\/www.meydan.tv\\\/az\\\/section\\\/bolge\\\/\"},{\"@type\":\"ListItem\",\"position\":3,\"name\":\"T\u0259nha ana i\u015f tapa bilmir, icra hakimiyy\u0259ti is\u0259 \u201co, qism\u0259tind\u0259n naraz\u0131 ola bil\u0259r, bizd\u0259n yox\u201d deyir\"}]},{\"@type\":\"WebSite\",\"@id\":\"https:\\\/\\\/www.meydan.tv\\\/az\\\/#website\",\"url\":\"https:\\\/\\\/www.meydan.tv\\\/az\\\/\",\"name\":\"MEYDAN.TV\",\"description\":\"Meydan TV Az\u0259rbaycan\u0131n media m\u0259kan\u0131ndak\u0131 alternativ s\u0259sidir\",\"publisher\":{\"@id\":\"https:\\\/\\\/www.meydan.tv\\\/az\\\/#organization\"},\"potentialAction\":[{\"@type\":\"SearchAction\",\"target\":{\"@type\":\"EntryPoint\",\"urlTemplate\":\"https:\\\/\\\/www.meydan.tv\\\/az\\\/?s={search_term_string}\"},\"query-input\":{\"@type\":\"PropertyValueSpecification\",\"valueRequired\":true,\"valueName\":\"search_term_string\"}}],\"inLanguage\":\"az\"},{\"@type\":\"Organization\",\"@id\":\"https:\\\/\\\/www.meydan.tv\\\/az\\\/#organization\",\"name\":\"Meydan TV\",\"url\":\"https:\\\/\\\/www.meydan.tv\\\/az\\\/\",\"logo\":{\"@type\":\"ImageObject\",\"inLanguage\":\"az\",\"@id\":\"https:\\\/\\\/www.meydan.tv\\\/az\\\/#\\\/schema\\\/logo\\\/image\\\/\",\"url\":\"https:\\\/\\\/www.meydan.tv\\\/wp-content\\\/uploads\\\/2021\\\/07\\\/meydan-logo.svg\",\"contentUrl\":\"https:\\\/\\\/www.meydan.tv\\\/wp-content\\\/uploads\\\/2021\\\/07\\\/meydan-logo.svg\",\"width\":195,\"height\":46,\"caption\":\"Meydan TV\"},\"image\":{\"@id\":\"https:\\\/\\\/www.meydan.tv\\\/az\\\/#\\\/schema\\\/logo\\\/image\\\/\"}},{\"@type\":\"Person\",\"@id\":\"https:\\\/\\\/www.meydan.tv\\\/az\\\/#\\\/schema\\\/person\\\/9cdbecf90d17180ce1dfbd95b08dcf47\",\"name\":\"elli\",\"sameAs\":[\"https:\\\/\\\/x.com\\\/elli\"]}]}<\/script>\n<!-- \/ Yoast SEO plugin. -->","yoast_head_json":{"title":"T\u0259nha ana i\u015f tapa bilmir, icra hakimiyy\u0259ti is\u0259 \u201co, qism\u0259tind\u0259n naraz\u0131 ola bil\u0259r, bizd\u0259n yox\u201d deyir - MEYDAN.TV","robots":{"index":"index","follow":"follow","max-snippet":"max-snippet:-1","max-image-preview":"max-image-preview:large","max-video-preview":"max-video-preview:-1"},"canonical":"https:\/\/www.meydan.tv\/az\/article\/tenha-ana-is-tapa-bilmir-icra-hakimiyyeti-ise-oqismetinden-narazi-ola-biler-bizden-yox-deyir\/","og_locale":"az_AZ","og_type":"article","og_title":"T\u0259nha ana i\u015f tapa bilmir, icra hakimiyy\u0259ti is\u0259 \u201co, qism\u0259tind\u0259n naraz\u0131 ola bil\u0259r, bizd\u0259n yox\u201d deyir - MEYDAN.TV","og_description":"Ekpert: \u201cT\u0259kvalideynli ail\u0259l\u0259r\u0259 veril\u0259n m\u00fcavin\u0259tl\u0259r art\u0131r\u0131lmal\u0131, h\u0259min ail\u0259l\u0259r sosial h\u0259ssas ... Davam\u0131","og_url":"https:\/\/www.meydan.tv\/az\/article\/tenha-ana-is-tapa-bilmir-icra-hakimiyyeti-ise-oqismetinden-narazi-ola-biler-bizden-yox-deyir\/","og_site_name":"MEYDAN.TV","article_published_time":"2023-12-24T06:58:39+00:00","article_modified_time":"2023-12-27T18:52:02+00:00","og_image":[{"width":1280,"height":720,"url":"https:\/\/www.meydan.tv\/wp-content\/uploads\/img-20231218-wa0049.jpg","type":"image\/jpeg"}],"author":"elli","twitter_card":"summary_large_image","twitter_creator":"@elli","schema":{"@context":"https:\/\/schema.org","@graph":[{"@type":"Article","@id":"https:\/\/www.meydan.tv\/az\/article\/tenha-ana-is-tapa-bilmir-icra-hakimiyyeti-ise-oqismetinden-narazi-ola-biler-bizden-yox-deyir\/#article","isPartOf":{"@id":"https:\/\/www.meydan.tv\/az\/article\/tenha-ana-is-tapa-bilmir-icra-hakimiyyeti-ise-oqismetinden-narazi-ola-biler-bizden-yox-deyir\/"},"author":{"name":"elli","@id":"https:\/\/www.meydan.tv\/az\/#\/schema\/person\/9cdbecf90d17180ce1dfbd95b08dcf47"},"headline":"T\u0259nha ana i\u015f tapa bilmir, icra hakimiyy\u0259ti is\u0259 \u201co, qism\u0259tind\u0259n naraz\u0131 ola bil\u0259r, bizd\u0259n yox\u201d deyir","datePublished":"2023-12-24T06:58:39+00:00","dateModified":"2023-12-27T18:52:02+00:00","mainEntityOfPage":{"@id":"https:\/\/www.meydan.tv\/az\/article\/tenha-ana-is-tapa-bilmir-icra-hakimiyyeti-ise-oqismetinden-narazi-ola-biler-bizden-yox-deyir\/"},"wordCount":2925,"publisher":{"@id":"https:\/\/www.meydan.tv\/az\/#organization"},"image":{"@id":"https:\/\/www.meydan.tv\/az\/article\/tenha-ana-is-tapa-bilmir-icra-hakimiyyeti-ise-oqismetinden-narazi-ola-biler-bizden-yox-deyir\/#primaryimage"},"thumbnailUrl":"https:\/\/www.meydan.tv\/wp-content\/uploads\/img-20231218-wa0049.jpg","articleSection":["B\u00f6lg\u0259","Sosial","T\u00f6vsiy\u0259","X\u0259b\u0259rl\u0259r"],"inLanguage":"az"},{"@type":"WebPage","@id":"https:\/\/www.meydan.tv\/az\/article\/tenha-ana-is-tapa-bilmir-icra-hakimiyyeti-ise-oqismetinden-narazi-ola-biler-bizden-yox-deyir\/","url":"https:\/\/www.meydan.tv\/az\/article\/tenha-ana-is-tapa-bilmir-icra-hakimiyyeti-ise-oqismetinden-narazi-ola-biler-bizden-yox-deyir\/","name":"T\u0259nha ana i\u015f tapa bilmir, icra hakimiyy\u0259ti is\u0259 \u201co, qism\u0259tind\u0259n naraz\u0131 ola bil\u0259r, bizd\u0259n yox\u201d deyir - MEYDAN.TV","isPartOf":{"@id":"https:\/\/www.meydan.tv\/az\/#website"},"primaryImageOfPage":{"@id":"https:\/\/www.meydan.tv\/az\/article\/tenha-ana-is-tapa-bilmir-icra-hakimiyyeti-ise-oqismetinden-narazi-ola-biler-bizden-yox-deyir\/#primaryimage"},"image":{"@id":"https:\/\/www.meydan.tv\/az\/article\/tenha-ana-is-tapa-bilmir-icra-hakimiyyeti-ise-oqismetinden-narazi-ola-biler-bizden-yox-deyir\/#primaryimage"},"thumbnailUrl":"https:\/\/www.meydan.tv\/wp-content\/uploads\/img-20231218-wa0049.jpg","datePublished":"2023-12-24T06:58:39+00:00","dateModified":"2023-12-27T18:52:02+00:00","breadcrumb":{"@id":"https:\/\/www.meydan.tv\/az\/article\/tenha-ana-is-tapa-bilmir-icra-hakimiyyeti-ise-oqismetinden-narazi-ola-biler-bizden-yox-deyir\/#breadcrumb"},"inLanguage":"az","potentialAction":[{"@type":"ReadAction","target":["https:\/\/www.meydan.tv\/az\/article\/tenha-ana-is-tapa-bilmir-icra-hakimiyyeti-ise-oqismetinden-narazi-ola-biler-bizden-yox-deyir\/"]}]},{"@type":"ImageObject","inLanguage":"az","@id":"https:\/\/www.meydan.tv\/az\/article\/tenha-ana-is-tapa-bilmir-icra-hakimiyyeti-ise-oqismetinden-narazi-ola-biler-bizden-yox-deyir\/#primaryimage","url":"https:\/\/www.meydan.tv\/wp-content\/uploads\/img-20231218-wa0049.jpg","contentUrl":"https:\/\/www.meydan.tv\/wp-content\/uploads\/img-20231218-wa0049.jpg","width":1280,"height":720,"caption":"Qumru Mahmudova. Fotolar: Meydan TV"},{"@type":"BreadcrumbList","@id":"https:\/\/www.meydan.tv\/az\/article\/tenha-ana-is-tapa-bilmir-icra-hakimiyyeti-ise-oqismetinden-narazi-ola-biler-bizden-yox-deyir\/#breadcrumb","itemListElement":[{"@type":"ListItem","position":1,"name":"Ana s\u0259hif\u0259","item":"https:\/\/www.meydan.tv\/az\/"},{"@type":"ListItem","position":2,"name":"B\u00f6lg\u0259","item":"https:\/\/www.meydan.tv\/az\/section\/bolge\/"},{"@type":"ListItem","position":3,"name":"T\u0259nha ana i\u015f tapa bilmir, icra hakimiyy\u0259ti is\u0259 \u201co, qism\u0259tind\u0259n naraz\u0131 ola bil\u0259r, bizd\u0259n yox\u201d deyir"}]},{"@type":"WebSite","@id":"https:\/\/www.meydan.tv\/az\/#website","url":"https:\/\/www.meydan.tv\/az\/","name":"MEYDAN.TV","description":"Meydan TV Az\u0259rbaycan\u0131n media m\u0259kan\u0131ndak\u0131 alternativ s\u0259sidir","publisher":{"@id":"https:\/\/www.meydan.tv\/az\/#organization"},"potentialAction":[{"@type":"SearchAction","target":{"@type":"EntryPoint","urlTemplate":"https:\/\/www.meydan.tv\/az\/?s={search_term_string}"},"query-input":{"@type":"PropertyValueSpecification","valueRequired":true,"valueName":"search_term_string"}}],"inLanguage":"az"},{"@type":"Organization","@id":"https:\/\/www.meydan.tv\/az\/#organization","name":"Meydan TV","url":"https:\/\/www.meydan.tv\/az\/","logo":{"@type":"ImageObject","inLanguage":"az","@id":"https:\/\/www.meydan.tv\/az\/#\/schema\/logo\/image\/","url":"https:\/\/www.meydan.tv\/wp-content\/uploads\/2021\/07\/meydan-logo.svg","contentUrl":"https:\/\/www.meydan.tv\/wp-content\/uploads\/2021\/07\/meydan-logo.svg","width":195,"height":46,"caption":"Meydan TV"},"image":{"@id":"https:\/\/www.meydan.tv\/az\/#\/schema\/logo\/image\/"}},{"@type":"Person","@id":"https:\/\/www.meydan.tv\/az\/#\/schema\/person\/9cdbecf90d17180ce1dfbd95b08dcf47","name":"elli","sameAs":["https:\/\/x.com\/elli"]}]}},"_links":{"self":[{"href":"https:\/\/www.meydan.tv\/az\/wp-json\/wp\/v2\/posts\/293847","targetHints":{"allow":["GET"]}}],"collection":[{"href":"https:\/\/www.meydan.tv\/az\/wp-json\/wp\/v2\/posts"}],"about":[{"href":"https:\/\/www.meydan.tv\/az\/wp-json\/wp\/v2\/types\/post"}],"author":[{"embeddable":true,"href":"https:\/\/www.meydan.tv\/az\/wp-json\/wp\/v2\/users\/8"}],"replies":[{"embeddable":true,"href":"https:\/\/www.meydan.tv\/az\/wp-json\/wp\/v2\/comments?post=293847"}],"version-history":[{"count":2,"href":"https:\/\/www.meydan.tv\/az\/wp-json\/wp\/v2\/posts\/293847\/revisions"}],"predecessor-version":[{"id":294235,"href":"https:\/\/www.meydan.tv\/az\/wp-json\/wp\/v2\/posts\/293847\/revisions\/294235"}],"wp:featuredmedia":[{"embeddable":true,"href":"https:\/\/www.meydan.tv\/az\/wp-json\/wp\/v2\/media\/293832"}],"wp:attachment":[{"href":"https:\/\/www.meydan.tv\/az\/wp-json\/wp\/v2\/media?parent=293847"}],"wp:term":[{"taxonomy":"category","embeddable":true,"href":"https:\/\/www.meydan.tv\/az\/wp-json\/wp\/v2\/categories?post=293847"},{"taxonomy":"post_tag","embeddable":true,"href":"https:\/\/www.meydan.tv\/az\/wp-json\/wp\/v2\/tags?post=293847"}],"curies":[{"name":"wp","href":"https:\/\/api.w.org\/{rel}","templated":true}]}}