{"id":293809,"date":"2023-12-23T18:07:36","date_gmt":"2023-12-23T14:07:36","guid":{"rendered":"https:\/\/www.meydan.tv\/?p=293809"},"modified":"2023-12-23T18:07:39","modified_gmt":"2023-12-23T14:07:39","slug":"yunus-oguz-bu-seckide-de-namizedliyini-ireli-surur","status":"publish","type":"post","link":"https:\/\/www.meydan.tv\/az\/article\/yunus-oguz-bu-seckide-de-namizedliyini-ireli-surur\/","title":{"rendered":"Yunus O\u011fuz bu se\u00e7kid\u0259 d\u0259 namiz\u0259dliyini ir\u0259li s\u00fcr\u00fcr"},"content":{"rendered":"\n<p><\/p>\n\n\n\n<p><strong><em>Ba\u015f redaktor bunun \u00f6z t\u0259\u015f\u0259bb\u00fcs\u00fc oldu\u011funu bildirib<\/em><\/strong><\/p>\n\n\n\n<p>\u201cOlaylar\u201d q\u0259zetinin ba\u015f redaktoru Yunus O\u011fuz prezidentliy\u0259 namiz\u0259dliyini ir\u0259li s\u00fcr\u00fcb. Y.O\u011fuz \u00f6z t\u0259\u015f\u0259bb\u00fcs\u00fc il\u0259 namiz\u0259d oldu\u011funu bildirib.<\/p>\n\n\n\n<p>\u018fdliyy\u0259 Nazirliyind\u0259 2002-ci ild\u0259 qeydiyyatdan ke\u00e7mi\u015f Milli V\u0259hd\u0259t Partiyas\u0131n\u0131n (MVP) s\u0259dri Yunus O\u011fuz bu il mart\u0131n 28-d\u0259 f\u0259aliyy\u0259tl\u0259rini dayand\u0131rd\u0131\u011f\u0131 haqda b\u0259yanat yay\u0131b.<\/p>\n\n\n\n<p>Y.O\u011fuz 2003-c\u00fc il se\u00e7kil\u0259rin\u0259 qat\u0131lsa da, se\u00e7ki marafonunun gedi\u015find\u0259 hakim partiyan\u0131n namiz\u0259di \u0130lham \u018fliyevin xeyrin\u0259 g\u00fcz\u0259\u015ft\u0259 gedib.<\/p>\n\n\n\n<p>2024-c\u00fc ilin fevral\u0131n 7-d\u0259 Az\u0259rbaycanda n\u00f6vb\u0259d\u0259nk\u0259nar Prezident se\u00e7kil\u0259ri ke\u00e7iril\u0259c\u0259k. <\/p>\n\n\n\n<p>\u0130lham \u018fliyev dekabr\u0131n 7-d\u0259 bununla ba\u011fl\u0131 s\u0259r\u0259ncam imzalay\u0131b. <\/p>\n\n\n\n<p>Bu g\u00fcn\u0259 q\u0259d\u0259r \u00f6lk\u0259 ba\u015f\u00e7\u0131s\u0131 <a href=\"https:\/\/storage.googleapis.com\/qurium\/www.meydan.tv\/az-article-yap-namizedini-resmen-aciqladi.html\">\u0130lham \u018fliyev<\/a>, B\u00f6y\u00fck Qurulu\u015f Partiyas\u0131n\u0131n ba\u015fqan\u0131<a href=\"https:\/\/storage.googleapis.com\/qurium\/www.meydan.tv\/az-article-fazil-mustafa-da-prezidentliye-namized-olacaq.html\"> Fazil Mustafa<\/a>, Sosial T\u0259dqiqatlar M\u0259rk\u0259zinin (STM) s\u0259dri, deputat <a href=\"https:\/\/storage.googleapis.com\/qurium\/www.meydan.tv\/az-article-zahid-oruc-da-prezidentliye-namized-olacaq.html\">Zahid Oruc,<\/a> B\u00f6y\u00fck Az\u0259rbaycan Partiyas\u0131n\u0131n s\u0259dri <a href=\"https:\/\/storage.googleapis.com\/qurium\/www.meydan.tv\/az-article-elsad-musayev-de-prezident-olmaq-isteyir.html\">El\u015fad Musayev,<\/a> B\u00fct\u00f6v Az\u0259rbaycan Xalq C\u0259bh\u0259si Partiyas\u0131n\u0131n s\u0259dri (BAXCP), deputat <a href=\"https:\/\/d9mc3ts4czbpr.cloudfront.net\/az\/article\/qudret-hesenquliyev-yene-namized-olacaq\/\">Q\u00fcdr\u0259t H\u0259s\u0259nquliyev,<\/a> Milli C\u0259bh\u0259 Partiyas\u0131n\u0131n s\u0259dri, deputat <a href=\"https:\/\/storage.googleapis.com\/qurium\/www.meydan.tv\/az-article-razi-nurullayev-de-namizedliyini-ireli-surub.html\">Razi Nurullayev<\/a> v\u0259 Fuad \u018fliyev namiz\u0259dlikl\u0259rini ir\u0259li <a href=\"https:\/\/d9mc3ts4czbpr.cloudfront.net\/az\/article\/fealiyyetini-dayandiran-partiyanin-sedri-prezidentliye-namized-olacaq\/\">s\u00fcr\u00fcbl\u0259r. <\/a><\/p>\n\n\n\n<p><a href=\"https:\/\/storage.googleapis.com\/qurium\/www.meydan.tv\/az-article-axcp-de-seckide-istirak-etmeyecek.html\">AXCP<\/a> v\u0259 <a href=\"https:\/\/storage.googleapis.com\/qurium\/www.meydan.tv\/az-article-musavat-novbedenkenar-seckide-istirakdan-imtina-edib.html\">M\u00fcsavat <\/a>is\u0259 se\u00e7kil\u0259ri boykot ed\u0259c\u0259kl\u0259rini a\u00e7\u0131qlay\u0131blar. <\/p>\n\n\n\n<p>\u00dcmid v\u0259 Haqq \u018fdal\u0259t partiyalar\u0131 se\u00e7kid\u0259 \u0130lham \u018fliyevi d\u0259st\u0259kl\u0259y\u0259c\u0259kl\u0259rini <a href=\"https:\/\/storage.googleapis.com\/qurium\/www.meydan.tv\/az-article-umid-ve-haqq-edalet-partiyalari-ilham-eliyevi-destekleyecek.html\">bildiribl\u0259r. <\/a><\/p>\n\n\n\n<p>Az\u0259rbaycanda sonuncu d\u0259f\u0259 Prezident se\u00e7kil\u0259ri 2018-ci il aprelin 11-d\u0259 ke\u00e7irilib. H\u0259min se\u00e7kil\u0259r d\u0259 n\u00f6vb\u0259d\u0259nk\u0259nar olub. <\/p>\n\n\n\n<p>\u0130lham \u018fliyev 20 ildir ki, Prezident v\u0259zif\u0259sini icra edir.<\/p>\n","protected":false},"excerpt":{"rendered":"<p>Ba\u015f redaktor bunun \u00f6z t\u0259\u015f\u0259bb\u00fcs\u00fc oldu\u011funu bildirib \u201cOlaylar\u201d q\u0259zetinin ba\u015f &#8230; <\/p>\n<p class=\"read-more-container\"><a title=\"Yunus O\u011fuz bu se\u00e7kid\u0259 d\u0259 namiz\u0259dliyini ir\u0259li s\u00fcr\u00fcr\" class=\"read-more button\" href=\"https:\/\/www.meydan.tv\/az\/article\/yunus-oguz-bu-seckide-de-namizedliyini-ireli-surur\/#more-293809\" aria-label=\"Read more about Yunus O\u011fuz bu se\u00e7kid\u0259 d\u0259 namiz\u0259dliyini ir\u0259li s\u00fcr\u00fcr\">Davam\u0131<\/a><\/p>\n","protected":false},"author":8,"featured_media":293810,"comment_status":"closed","ping_status":"closed","sticky":false,"template":"","format":"standard","meta":{"_acf_changed":false,"_sitemap_exclude":false,"_sitemap_priority":"","_sitemap_frequency":"","footnotes":""},"categories":[129,59,56],"tags":[],"class_list":["post-293809","post","type-post","status-publish","format-standard","has-post-thumbnail","hentry","category-sechki-2024","category-siyaset","category-xeberler","infinite-scroll-item","generate-columns","tablet-grid-50","mobile-grid-100","grid-parent","grid-33","no-featured-image-padding"],"acf":[],"yoast_head":"<!-- This site is optimized with the Yoast SEO plugin v27.4 - https:\/\/yoast.com\/product\/yoast-seo-wordpress\/ -->\n<title>Yunus O\u011fuz bu se\u00e7kid\u0259 d\u0259 namiz\u0259dliyini ir\u0259li s\u00fcr\u00fcr - MEYDAN.TV<\/title>\n<meta name=\"robots\" content=\"index, follow, max-snippet:-1, max-image-preview:large, max-video-preview:-1\" \/>\n<link rel=\"canonical\" href=\"https:\/\/www.meydan.tv\/az\/article\/yunus-oguz-bu-seckide-de-namizedliyini-ireli-surur\/\" \/>\n<meta property=\"og:locale\" content=\"az_AZ\" \/>\n<meta property=\"og:type\" content=\"article\" \/>\n<meta property=\"og:title\" content=\"Yunus O\u011fuz bu se\u00e7kid\u0259 d\u0259 namiz\u0259dliyini ir\u0259li s\u00fcr\u00fcr - MEYDAN.TV\" \/>\n<meta property=\"og:description\" content=\"Ba\u015f redaktor bunun \u00f6z t\u0259\u015f\u0259bb\u00fcs\u00fc oldu\u011funu bildirib \u201cOlaylar\u201d q\u0259zetinin ba\u015f ... Davam\u0131\" \/>\n<meta property=\"og:url\" content=\"https:\/\/www.meydan.tv\/az\/article\/yunus-oguz-bu-seckide-de-namizedliyini-ireli-surur\/\" \/>\n<meta property=\"og:site_name\" content=\"MEYDAN.TV\" \/>\n<meta property=\"article:published_time\" content=\"2023-12-23T14:07:36+00:00\" \/>\n<meta property=\"article:modified_time\" content=\"2023-12-23T14:07:39+00:00\" \/>\n<meta property=\"og:image\" content=\"https:\/\/www.meydan.tv\/wp-content\/uploads\/16239307236366854464_1200x630-e1703340426832.jpg\" \/>\n\t<meta property=\"og:image:width\" content=\"924\" \/>\n\t<meta property=\"og:image:height\" content=\"487\" \/>\n\t<meta property=\"og:image:type\" content=\"image\/jpeg\" \/>\n<meta name=\"author\" content=\"elli\" \/>\n<meta name=\"twitter:card\" content=\"summary_large_image\" \/>\n<meta name=\"twitter:creator\" content=\"@elli\" \/>\n<script type=\"application\/ld+json\" class=\"yoast-schema-graph\">{\"@context\":\"https:\\\/\\\/schema.org\",\"@graph\":[{\"@type\":\"Article\",\"@id\":\"https:\\\/\\\/www.meydan.tv\\\/az\\\/article\\\/yunus-oguz-bu-seckide-de-namizedliyini-ireli-surur\\\/#article\",\"isPartOf\":{\"@id\":\"https:\\\/\\\/www.meydan.tv\\\/az\\\/article\\\/yunus-oguz-bu-seckide-de-namizedliyini-ireli-surur\\\/\"},\"author\":{\"name\":\"elli\",\"@id\":\"https:\\\/\\\/www.meydan.tv\\\/az\\\/#\\\/schema\\\/person\\\/9cdbecf90d17180ce1dfbd95b08dcf47\"},\"headline\":\"Yunus O\u011fuz bu se\u00e7kid\u0259 d\u0259 namiz\u0259dliyini ir\u0259li s\u00fcr\u00fcr\",\"datePublished\":\"2023-12-23T14:07:36+00:00\",\"dateModified\":\"2023-12-23T14:07:39+00:00\",\"mainEntityOfPage\":{\"@id\":\"https:\\\/\\\/www.meydan.tv\\\/az\\\/article\\\/yunus-oguz-bu-seckide-de-namizedliyini-ireli-surur\\\/\"},\"wordCount\":314,\"publisher\":{\"@id\":\"https:\\\/\\\/www.meydan.tv\\\/az\\\/#organization\"},\"image\":{\"@id\":\"https:\\\/\\\/www.meydan.tv\\\/az\\\/article\\\/yunus-oguz-bu-seckide-de-namizedliyini-ireli-surur\\\/#primaryimage\"},\"thumbnailUrl\":\"https:\\\/\\\/www.meydan.tv\\\/wp-content\\\/uploads\\\/16239307236366854464_1200x630-e1703340426832.jpg\",\"articleSection\":[\"Se\u00e7ki 2024\",\"Siyas\u0259t\",\"X\u0259b\u0259rl\u0259r\"],\"inLanguage\":\"az\"},{\"@type\":\"WebPage\",\"@id\":\"https:\\\/\\\/www.meydan.tv\\\/az\\\/article\\\/yunus-oguz-bu-seckide-de-namizedliyini-ireli-surur\\\/\",\"url\":\"https:\\\/\\\/www.meydan.tv\\\/az\\\/article\\\/yunus-oguz-bu-seckide-de-namizedliyini-ireli-surur\\\/\",\"name\":\"Yunus O\u011fuz bu se\u00e7kid\u0259 d\u0259 namiz\u0259dliyini ir\u0259li s\u00fcr\u00fcr - MEYDAN.TV\",\"isPartOf\":{\"@id\":\"https:\\\/\\\/www.meydan.tv\\\/az\\\/#website\"},\"primaryImageOfPage\":{\"@id\":\"https:\\\/\\\/www.meydan.tv\\\/az\\\/article\\\/yunus-oguz-bu-seckide-de-namizedliyini-ireli-surur\\\/#primaryimage\"},\"image\":{\"@id\":\"https:\\\/\\\/www.meydan.tv\\\/az\\\/article\\\/yunus-oguz-bu-seckide-de-namizedliyini-ireli-surur\\\/#primaryimage\"},\"thumbnailUrl\":\"https:\\\/\\\/www.meydan.tv\\\/wp-content\\\/uploads\\\/16239307236366854464_1200x630-e1703340426832.jpg\",\"datePublished\":\"2023-12-23T14:07:36+00:00\",\"dateModified\":\"2023-12-23T14:07:39+00:00\",\"breadcrumb\":{\"@id\":\"https:\\\/\\\/www.meydan.tv\\\/az\\\/article\\\/yunus-oguz-bu-seckide-de-namizedliyini-ireli-surur\\\/#breadcrumb\"},\"inLanguage\":\"az\",\"potentialAction\":[{\"@type\":\"ReadAction\",\"target\":[\"https:\\\/\\\/www.meydan.tv\\\/az\\\/article\\\/yunus-oguz-bu-seckide-de-namizedliyini-ireli-surur\\\/\"]}]},{\"@type\":\"ImageObject\",\"inLanguage\":\"az\",\"@id\":\"https:\\\/\\\/www.meydan.tv\\\/az\\\/article\\\/yunus-oguz-bu-seckide-de-namizedliyini-ireli-surur\\\/#primaryimage\",\"url\":\"https:\\\/\\\/www.meydan.tv\\\/wp-content\\\/uploads\\\/16239307236366854464_1200x630-e1703340426832.jpg\",\"contentUrl\":\"https:\\\/\\\/www.meydan.tv\\\/wp-content\\\/uploads\\\/16239307236366854464_1200x630-e1703340426832.jpg\",\"width\":924,\"height\":487,\"caption\":\"Yunus O\u011fuz. Foto: \\\"Az\u0259rtac\\\"\"},{\"@type\":\"BreadcrumbList\",\"@id\":\"https:\\\/\\\/www.meydan.tv\\\/az\\\/article\\\/yunus-oguz-bu-seckide-de-namizedliyini-ireli-surur\\\/#breadcrumb\",\"itemListElement\":[{\"@type\":\"ListItem\",\"position\":1,\"name\":\"Ana s\u0259hif\u0259\",\"item\":\"https:\\\/\\\/www.meydan.tv\\\/az\\\/\"},{\"@type\":\"ListItem\",\"position\":2,\"name\":\"Siyas\u0259t\",\"item\":\"https:\\\/\\\/www.meydan.tv\\\/az\\\/section\\\/siyaset\\\/\"},{\"@type\":\"ListItem\",\"position\":3,\"name\":\"Yunus O\u011fuz bu se\u00e7kid\u0259 d\u0259 namiz\u0259dliyini ir\u0259li s\u00fcr\u00fcr\"}]},{\"@type\":\"WebSite\",\"@id\":\"https:\\\/\\\/www.meydan.tv\\\/az\\\/#website\",\"url\":\"https:\\\/\\\/www.meydan.tv\\\/az\\\/\",\"name\":\"MEYDAN.TV\",\"description\":\"Meydan TV Az\u0259rbaycan\u0131n media m\u0259kan\u0131ndak\u0131 alternativ s\u0259sidir\",\"publisher\":{\"@id\":\"https:\\\/\\\/www.meydan.tv\\\/az\\\/#organization\"},\"potentialAction\":[{\"@type\":\"SearchAction\",\"target\":{\"@type\":\"EntryPoint\",\"urlTemplate\":\"https:\\\/\\\/www.meydan.tv\\\/az\\\/?s={search_term_string}\"},\"query-input\":{\"@type\":\"PropertyValueSpecification\",\"valueRequired\":true,\"valueName\":\"search_term_string\"}}],\"inLanguage\":\"az\"},{\"@type\":\"Organization\",\"@id\":\"https:\\\/\\\/www.meydan.tv\\\/az\\\/#organization\",\"name\":\"Meydan TV\",\"url\":\"https:\\\/\\\/www.meydan.tv\\\/az\\\/\",\"logo\":{\"@type\":\"ImageObject\",\"inLanguage\":\"az\",\"@id\":\"https:\\\/\\\/www.meydan.tv\\\/az\\\/#\\\/schema\\\/logo\\\/image\\\/\",\"url\":\"https:\\\/\\\/www.meydan.tv\\\/wp-content\\\/uploads\\\/2021\\\/07\\\/meydan-logo.svg\",\"contentUrl\":\"https:\\\/\\\/www.meydan.tv\\\/wp-content\\\/uploads\\\/2021\\\/07\\\/meydan-logo.svg\",\"width\":195,\"height\":46,\"caption\":\"Meydan TV\"},\"image\":{\"@id\":\"https:\\\/\\\/www.meydan.tv\\\/az\\\/#\\\/schema\\\/logo\\\/image\\\/\"}},{\"@type\":\"Person\",\"@id\":\"https:\\\/\\\/www.meydan.tv\\\/az\\\/#\\\/schema\\\/person\\\/9cdbecf90d17180ce1dfbd95b08dcf47\",\"name\":\"elli\",\"sameAs\":[\"https:\\\/\\\/x.com\\\/elli\"]}]}<\/script>\n<!-- \/ Yoast SEO plugin. -->","yoast_head_json":{"title":"Yunus O\u011fuz bu se\u00e7kid\u0259 d\u0259 namiz\u0259dliyini ir\u0259li s\u00fcr\u00fcr - MEYDAN.TV","robots":{"index":"index","follow":"follow","max-snippet":"max-snippet:-1","max-image-preview":"max-image-preview:large","max-video-preview":"max-video-preview:-1"},"canonical":"https:\/\/www.meydan.tv\/az\/article\/yunus-oguz-bu-seckide-de-namizedliyini-ireli-surur\/","og_locale":"az_AZ","og_type":"article","og_title":"Yunus O\u011fuz bu se\u00e7kid\u0259 d\u0259 namiz\u0259dliyini ir\u0259li s\u00fcr\u00fcr - MEYDAN.TV","og_description":"Ba\u015f redaktor bunun \u00f6z t\u0259\u015f\u0259bb\u00fcs\u00fc oldu\u011funu bildirib \u201cOlaylar\u201d q\u0259zetinin ba\u015f ... Davam\u0131","og_url":"https:\/\/www.meydan.tv\/az\/article\/yunus-oguz-bu-seckide-de-namizedliyini-ireli-surur\/","og_site_name":"MEYDAN.TV","article_published_time":"2023-12-23T14:07:36+00:00","article_modified_time":"2023-12-23T14:07:39+00:00","og_image":[{"width":924,"height":487,"url":"https:\/\/www.meydan.tv\/wp-content\/uploads\/16239307236366854464_1200x630-e1703340426832.jpg","type":"image\/jpeg"}],"author":"elli","twitter_card":"summary_large_image","twitter_creator":"@elli","schema":{"@context":"https:\/\/schema.org","@graph":[{"@type":"Article","@id":"https:\/\/www.meydan.tv\/az\/article\/yunus-oguz-bu-seckide-de-namizedliyini-ireli-surur\/#article","isPartOf":{"@id":"https:\/\/www.meydan.tv\/az\/article\/yunus-oguz-bu-seckide-de-namizedliyini-ireli-surur\/"},"author":{"name":"elli","@id":"https:\/\/www.meydan.tv\/az\/#\/schema\/person\/9cdbecf90d17180ce1dfbd95b08dcf47"},"headline":"Yunus O\u011fuz bu se\u00e7kid\u0259 d\u0259 namiz\u0259dliyini ir\u0259li s\u00fcr\u00fcr","datePublished":"2023-12-23T14:07:36+00:00","dateModified":"2023-12-23T14:07:39+00:00","mainEntityOfPage":{"@id":"https:\/\/www.meydan.tv\/az\/article\/yunus-oguz-bu-seckide-de-namizedliyini-ireli-surur\/"},"wordCount":314,"publisher":{"@id":"https:\/\/www.meydan.tv\/az\/#organization"},"image":{"@id":"https:\/\/www.meydan.tv\/az\/article\/yunus-oguz-bu-seckide-de-namizedliyini-ireli-surur\/#primaryimage"},"thumbnailUrl":"https:\/\/www.meydan.tv\/wp-content\/uploads\/16239307236366854464_1200x630-e1703340426832.jpg","articleSection":["Se\u00e7ki 2024","Siyas\u0259t","X\u0259b\u0259rl\u0259r"],"inLanguage":"az"},{"@type":"WebPage","@id":"https:\/\/www.meydan.tv\/az\/article\/yunus-oguz-bu-seckide-de-namizedliyini-ireli-surur\/","url":"https:\/\/www.meydan.tv\/az\/article\/yunus-oguz-bu-seckide-de-namizedliyini-ireli-surur\/","name":"Yunus O\u011fuz bu se\u00e7kid\u0259 d\u0259 namiz\u0259dliyini ir\u0259li s\u00fcr\u00fcr - MEYDAN.TV","isPartOf":{"@id":"https:\/\/www.meydan.tv\/az\/#website"},"primaryImageOfPage":{"@id":"https:\/\/www.meydan.tv\/az\/article\/yunus-oguz-bu-seckide-de-namizedliyini-ireli-surur\/#primaryimage"},"image":{"@id":"https:\/\/www.meydan.tv\/az\/article\/yunus-oguz-bu-seckide-de-namizedliyini-ireli-surur\/#primaryimage"},"thumbnailUrl":"https:\/\/www.meydan.tv\/wp-content\/uploads\/16239307236366854464_1200x630-e1703340426832.jpg","datePublished":"2023-12-23T14:07:36+00:00","dateModified":"2023-12-23T14:07:39+00:00","breadcrumb":{"@id":"https:\/\/www.meydan.tv\/az\/article\/yunus-oguz-bu-seckide-de-namizedliyini-ireli-surur\/#breadcrumb"},"inLanguage":"az","potentialAction":[{"@type":"ReadAction","target":["https:\/\/www.meydan.tv\/az\/article\/yunus-oguz-bu-seckide-de-namizedliyini-ireli-surur\/"]}]},{"@type":"ImageObject","inLanguage":"az","@id":"https:\/\/www.meydan.tv\/az\/article\/yunus-oguz-bu-seckide-de-namizedliyini-ireli-surur\/#primaryimage","url":"https:\/\/www.meydan.tv\/wp-content\/uploads\/16239307236366854464_1200x630-e1703340426832.jpg","contentUrl":"https:\/\/www.meydan.tv\/wp-content\/uploads\/16239307236366854464_1200x630-e1703340426832.jpg","width":924,"height":487,"caption":"Yunus O\u011fuz. Foto: \"Az\u0259rtac\""},{"@type":"BreadcrumbList","@id":"https:\/\/www.meydan.tv\/az\/article\/yunus-oguz-bu-seckide-de-namizedliyini-ireli-surur\/#breadcrumb","itemListElement":[{"@type":"ListItem","position":1,"name":"Ana s\u0259hif\u0259","item":"https:\/\/www.meydan.tv\/az\/"},{"@type":"ListItem","position":2,"name":"Siyas\u0259t","item":"https:\/\/www.meydan.tv\/az\/section\/siyaset\/"},{"@type":"ListItem","position":3,"name":"Yunus O\u011fuz bu se\u00e7kid\u0259 d\u0259 namiz\u0259dliyini ir\u0259li s\u00fcr\u00fcr"}]},{"@type":"WebSite","@id":"https:\/\/www.meydan.tv\/az\/#website","url":"https:\/\/www.meydan.tv\/az\/","name":"MEYDAN.TV","description":"Meydan TV Az\u0259rbaycan\u0131n media m\u0259kan\u0131ndak\u0131 alternativ s\u0259sidir","publisher":{"@id":"https:\/\/www.meydan.tv\/az\/#organization"},"potentialAction":[{"@type":"SearchAction","target":{"@type":"EntryPoint","urlTemplate":"https:\/\/www.meydan.tv\/az\/?s={search_term_string}"},"query-input":{"@type":"PropertyValueSpecification","valueRequired":true,"valueName":"search_term_string"}}],"inLanguage":"az"},{"@type":"Organization","@id":"https:\/\/www.meydan.tv\/az\/#organization","name":"Meydan TV","url":"https:\/\/www.meydan.tv\/az\/","logo":{"@type":"ImageObject","inLanguage":"az","@id":"https:\/\/www.meydan.tv\/az\/#\/schema\/logo\/image\/","url":"https:\/\/www.meydan.tv\/wp-content\/uploads\/2021\/07\/meydan-logo.svg","contentUrl":"https:\/\/www.meydan.tv\/wp-content\/uploads\/2021\/07\/meydan-logo.svg","width":195,"height":46,"caption":"Meydan TV"},"image":{"@id":"https:\/\/www.meydan.tv\/az\/#\/schema\/logo\/image\/"}},{"@type":"Person","@id":"https:\/\/www.meydan.tv\/az\/#\/schema\/person\/9cdbecf90d17180ce1dfbd95b08dcf47","name":"elli","sameAs":["https:\/\/x.com\/elli"]}]}},"_links":{"self":[{"href":"https:\/\/www.meydan.tv\/az\/wp-json\/wp\/v2\/posts\/293809","targetHints":{"allow":["GET"]}}],"collection":[{"href":"https:\/\/www.meydan.tv\/az\/wp-json\/wp\/v2\/posts"}],"about":[{"href":"https:\/\/www.meydan.tv\/az\/wp-json\/wp\/v2\/types\/post"}],"author":[{"embeddable":true,"href":"https:\/\/www.meydan.tv\/az\/wp-json\/wp\/v2\/users\/8"}],"replies":[{"embeddable":true,"href":"https:\/\/www.meydan.tv\/az\/wp-json\/wp\/v2\/comments?post=293809"}],"version-history":[{"count":1,"href":"https:\/\/www.meydan.tv\/az\/wp-json\/wp\/v2\/posts\/293809\/revisions"}],"predecessor-version":[{"id":293813,"href":"https:\/\/www.meydan.tv\/az\/wp-json\/wp\/v2\/posts\/293809\/revisions\/293813"}],"wp:featuredmedia":[{"embeddable":true,"href":"https:\/\/www.meydan.tv\/az\/wp-json\/wp\/v2\/media\/293810"}],"wp:attachment":[{"href":"https:\/\/www.meydan.tv\/az\/wp-json\/wp\/v2\/media?parent=293809"}],"wp:term":[{"taxonomy":"category","embeddable":true,"href":"https:\/\/www.meydan.tv\/az\/wp-json\/wp\/v2\/categories?post=293809"},{"taxonomy":"post_tag","embeddable":true,"href":"https:\/\/www.meydan.tv\/az\/wp-json\/wp\/v2\/tags?post=293809"}],"curies":[{"name":"wp","href":"https:\/\/api.w.org\/{rel}","templated":true}]}}